{"id":6651,"date":"2024-11-05T08:15:13","date_gmt":"2024-11-05T07:15:13","guid":{"rendered":"https:\/\/rafaramirez.org\/blog\/?p=6651"},"modified":"2024-10-23T13:00:13","modified_gmt":"2024-10-23T11:00:13","slug":"dia-internacional-de-las-personas-cuidadoras","status":"publish","type":"post","link":"https:\/\/rafaramirez.org\/blog\/index.php\/2024\/11\/05\/dia-internacional-de-las-personas-cuidadoras\/","title":{"rendered":"D\u00eda Internacional de las Personas Cuidadoras: valorando el trabajo esencial que realizan."},"content":{"rendered":"<p>El\u00a0<strong>D\u00eda Internacional de las Personas Cuidadoras<\/strong>\u00a0se celebra el\u00a0<strong>5 de noviembre<\/strong>.\u00a0Esta fecha fue declarada por la Asamblea General de la ONU en 2014 para reconocer y sensibilizar sobre la labor crucial que realizan las personas cuidadoras, tanto familiares como profesionales.<\/p>\n<p>El objetivo de este d\u00eda es visibilizar el trabajo muchas veces invisible y lleno de sacrificio que realizan millones de personas al cuidar de otras con dependencia, discapacidad o enfermedad.\u00a0Las tareas de los cuidadores incluyen asistencia en actividades diarias, apoyo emocional y compa\u00f1\u00eda, enfrent\u00e1ndose a retos como la carga f\u00edsica y emocional y la falta de apoyo social.<\/p>\n<p>Para celebrar este d\u00eda, se pueden realizar acciones como:<\/p>\n<ul>\n<li><strong>Visibilizar su labor<\/strong>: Compartir informaci\u00f3n en redes sociales.<\/li>\n<li><strong>Agradecer a los cuidadores<\/strong>: Un simple \u201cgracias\u201d puede significar mucho.<\/li>\n<li><strong>Ofrecer ayuda<\/strong>: Si conoces a alguien que necesita cuidados, en la medida de tus posibilidades, ofrece tu apoyo.<\/li>\n<li><strong>Reclamar m\u00e1s apoyo a las autoridades<\/strong>: Mejorar las pol\u00edticas p\u00fablicas para apoyar a los cuidadores.<\/li>\n<\/ul>\n<figure id=\"attachment_6655\" aria-describedby=\"caption-attachment-6655\" style=\"width: 300px\" class=\"wp-caption aligncenter\"><a href=\"https:\/\/rafaramirez.org\/blog\/wp-content\/uploads\/2024\/11\/wheelchair-952183.jpg\" target=\"_blank\" rel=\"noopener\"><img loading=\"lazy\" decoding=\"async\" class=\"wp-image-6655 size-medium\" src=\"https:\/\/rafaramirez.org\/blog\/wp-content\/uploads\/2024\/11\/wheelchair-952183-300x200.jpg\" alt=\"D\u00eda Internacional de las Personas Cuidadoras. Blog de Rafael Ram\u00edrez.\" width=\"300\" height=\"200\" srcset=\"https:\/\/rafaramirez.org\/blog\/wp-content\/uploads\/2024\/11\/wheelchair-952183-300x200.jpg 300w, https:\/\/rafaramirez.org\/blog\/wp-content\/uploads\/2024\/11\/wheelchair-952183-1024x683.jpg 1024w, https:\/\/rafaramirez.org\/blog\/wp-content\/uploads\/2024\/11\/wheelchair-952183-768x512.jpg 768w, https:\/\/rafaramirez.org\/blog\/wp-content\/uploads\/2024\/11\/wheelchair-952183.jpg 1200w\" sizes=\"auto, (max-width: 300px) 100vw, 300px\" \/><\/a><figcaption id=\"caption-attachment-6655\" class=\"wp-caption-text\">D\u00eda Internacional de las Personas Cuidadoras. Blog de Rafael Ram\u00edrez.<\/figcaption><\/figure>\n<h3>Desaf\u00edos que enfrentan los cuidadores hoy en d\u00eda.<\/h3>\n<p>Los cuidadores enfrentan una variedad de desaf\u00edos significativos, tanto f\u00edsicos como emocionales. Aqu\u00ed te menciono algunos de los m\u00e1s comunes:<\/p>\n<ul>\n<li><strong>Carga f\u00edsica<\/strong>: Las tareas de cuidado pueden ser f\u00edsicamente demandantes, especialmente cuando se trata de mover o levantar a la persona cuidada.<\/li>\n<li><strong>Estr\u00e9s emocional<\/strong>: Ver a un ser querido en una situaci\u00f3n de dependencia o enfermedad puede ser emocionalmente agotador. Adem\u00e1s, los cuidadores a menudo experimentan sentimientos de culpa, ansiedad y tristeza.<\/li>\n<li><strong>Aislamiento social<\/strong>: El tiempo y la energ\u00eda dedicados al cuidado pueden limitar las oportunidades de socializaci\u00f3n, llevando al aislamiento y la soledad.<\/li>\n<li><strong>Impacto financiero<\/strong>: Muchos cuidadores reducen sus horas de trabajo o dejan sus empleos para dedicarse al cuidado, lo que puede afectar su estabilidad econ\u00f3mica.<\/li>\n<li><strong>Falta de apoyo<\/strong>: A menudo, los cuidadores no reciben suficiente apoyo de servicios sociales o de salud, lo que puede aumentar su carga.<\/li>\n<li><strong>Problemas de salud<\/strong>: El estr\u00e9s constante y la falta de tiempo para el autocuidado pueden llevar a problemas de salud f\u00edsica y mental, como agotamiento, depresi\u00f3n y enfermedades cr\u00f3nicas.<\/li>\n<\/ul>\n<p>Es importante reconocer estos desaf\u00edos y buscar formas de apoyar a los cuidadores, ya sea a trav\u00e9s de redes de apoyo, servicios de relevo o pol\u00edticas p\u00fablicas que reconozcan y valoren su labor.<\/p>\n<figure id=\"attachment_6656\" aria-describedby=\"caption-attachment-6656\" style=\"width: 300px\" class=\"wp-caption aligncenter\"><a href=\"https:\/\/rafaramirez.org\/blog\/wp-content\/uploads\/2024\/11\/hands-4344711.jpg\" target=\"_blank\" rel=\"noopener\"><img loading=\"lazy\" decoding=\"async\" class=\"wp-image-6656 size-medium\" src=\"https:\/\/rafaramirez.org\/blog\/wp-content\/uploads\/2024\/11\/hands-4344711-300x200.jpg\" alt=\"D\u00eda Internacional de las Personas Cuidadoras. Blog de Rafael Ram\u00edrez.\" width=\"300\" height=\"200\" srcset=\"https:\/\/rafaramirez.org\/blog\/wp-content\/uploads\/2024\/11\/hands-4344711-300x200.jpg 300w, https:\/\/rafaramirez.org\/blog\/wp-content\/uploads\/2024\/11\/hands-4344711-1024x683.jpg 1024w, https:\/\/rafaramirez.org\/blog\/wp-content\/uploads\/2024\/11\/hands-4344711-768x512.jpg 768w, https:\/\/rafaramirez.org\/blog\/wp-content\/uploads\/2024\/11\/hands-4344711.jpg 1200w\" sizes=\"auto, (max-width: 300px) 100vw, 300px\" \/><\/a><figcaption id=\"caption-attachment-6656\" class=\"wp-caption-text\">D\u00eda Internacional de las Personas Cuidadoras. Blog de Rafael Ram\u00edrez.<\/figcaption><\/figure>\n<h3>Apoyo a las personas cuidadoras no profesionales.<\/h3>\n<p>En Espa\u00f1a, el apoyo a las personas cuidadoras no profesionales ha mejorado en los \u00faltimos a\u00f1os, pero a\u00fan enfrenta desaf\u00edos significativos. Aqu\u00ed te detallo algunos aspectos clave:<\/p>\n<ul>\n<li><strong>Prestaciones econ\u00f3micas<\/strong>: Existe una prestaci\u00f3n econ\u00f3mica para cuidados en el entorno familiar, destinada a apoyar a los cuidadores no profesionales. Esta ayuda busca compensar el esfuerzo y tiempo dedicados al cuidado de personas dependientes, sin embargo es lenta y tarda mucho en llegar.<\/li>\n<li><strong>Convenio especial con la Seguridad Social<\/strong>: Asimismo, los cuidadores no profesionales pueden suscribir un convenio especial con la Seguridad Social, lo que les permite cotizar para la jubilaci\u00f3n. Este convenio asegura que los a\u00f1os dedicados al cuidado se sumen a su vida laboral.<\/li>\n<li><strong>Formaci\u00f3n y apoyo<\/strong>: Se promueven acciones formativas para los cuidadores no profesionales, aunque la disponibilidad y calidad de estos programas pueden variar seg\u00fan la comunidad aut\u00f3noma.<\/li>\n<li><strong>Cobertura y actualizaci\u00f3n<\/strong>: El gobierno ha mejorado la cobertura de los cuidadores no profesionales, permitiendo la actualizaci\u00f3n anual de la base de cotizaci\u00f3n para aquellos que reducen su jornada laboral para cuidar a una persona dependiente.<\/li>\n<\/ul>\n<p>A pesar de estos avances, muchos cuidadores a\u00fan sienten que el apoyo es insuficiente. Los desaf\u00edos incluyen la carga f\u00edsica y emocional, el aislamiento social y la falta de reconocimiento y apoyo continuo. Es crucial seguir mejorando las pol\u00edticas p\u00fablicas y los recursos disponibles para asegurar que los cuidadores no profesionales reciban el apoyo necesario para realizar su labor de manera sostenible y saludable.<\/p>\n<figure id=\"attachment_6657\" aria-describedby=\"caption-attachment-6657\" style=\"width: 300px\" class=\"wp-caption aligncenter\"><a href=\"https:\/\/rafaramirez.org\/blog\/wp-content\/uploads\/2024\/11\/woman-8945817.jpg\" target=\"_blank\" rel=\"noopener\"><img loading=\"lazy\" decoding=\"async\" class=\"wp-image-6657 size-medium\" src=\"https:\/\/rafaramirez.org\/blog\/wp-content\/uploads\/2024\/11\/woman-8945817-300x187.jpg\" alt=\"D\u00eda Internacional de las Personas Cuidadoras. Blog de Rafael Ram\u00edrez.\" width=\"300\" height=\"187\" srcset=\"https:\/\/rafaramirez.org\/blog\/wp-content\/uploads\/2024\/11\/woman-8945817-300x187.jpg 300w, https:\/\/rafaramirez.org\/blog\/wp-content\/uploads\/2024\/11\/woman-8945817-1024x637.jpg 1024w, https:\/\/rafaramirez.org\/blog\/wp-content\/uploads\/2024\/11\/woman-8945817-768x478.jpg 768w, https:\/\/rafaramirez.org\/blog\/wp-content\/uploads\/2024\/11\/woman-8945817.jpg 1200w\" sizes=\"auto, (max-width: 300px) 100vw, 300px\" \/><\/a><figcaption id=\"caption-attachment-6657\" class=\"wp-caption-text\">D\u00eda Internacional de las Personas Cuidadoras. Blog de Rafael Ram\u00edrez.<\/figcaption><\/figure>\n<p>Concluyendo, el <strong>D\u00eda de las Personas Cuidadoras<\/strong> es importante ya que agradece y valora el trabajo esencial de los cuidadores, que a menudo pasa desapercibido, destaca la necesidad de proporcionar recursos y apoyo emocional a estos, aumenta la visibilidad sobre los desaf\u00edos que enfrentan y promueve la creaci\u00f3n de pol\u00edticas y programas que beneficien a estas personas.<\/p>\n<p>M\u00e1s informaci\u00f3n:<\/p>\n<ul>\n<li><a href=\"https:\/\/imserso.es\/autonomia-personal-dependencia\/sistema-autonomia-atencion-dependencia-saad\/preguntas-frecuentes\/prestaciones-atencion-dependencia\/prestacion-cuidados-entorno-familiar\" target=\"_blank\" rel=\"noopener\">IMSERSO<\/a>.<\/li>\n<li><a href=\"https:\/\/revista.seg-social.es\/-\/el-gobierno-mejora-la-cobertura-de-los-cuidadores-no-profesionales-de-personas-dependientes\" target=\"_blank\" rel=\"noopener\">Revista de la Seguridad Social<\/a>.<\/li>\n<li><a href=\"https:\/\/rafaramirez.org\/blog\/index.php\/category\/social\/noticias-sociales\/\" target=\"_blank\" rel=\"noopener\">Otros informes sociales<\/a>.<\/li>\n<li><a href=\"https:\/\/rafaramirez.org\/blog\/index.php\/category\/arte\/efemerides\/\" target=\"_blank\" rel=\"noopener\">M\u00e1s efem\u00e9rides<\/a>.<\/li>\n<\/ul>\n","protected":false},"excerpt":{"rendered":"<p>El\u00a0D\u00eda Internacional de las Personas Cuidadoras\u00a0se celebra el\u00a05 de noviembre.\u00a0Esta fecha fue declarada por la Asamblea General de la ONU en 2014 para reconocer y sensibilizar sobre la labor crucial que realizan las personas cuidadoras, tanto familiares como profesionales. El objetivo de este d\u00eda es visibilizar el trabajo muchas veces invisible y lleno de sacrificio [&hellip;]<\/p>\n","protected":false},"author":1,"featured_media":6658,"comment_status":"open","ping_status":"closed","sticky":false,"template":"","format":"standard","meta":{"site-container-style":"default","site-container-layout":"default","site-sidebar-layout":"default","disable-article-header":"default","disable-site-header":"default","disable-site-footer":"default","disable-content-area-spacing":"default","_jetpack_newsletter_access":"","_jetpack_dont_email_post_to_subs":false,"_jetpack_newsletter_tier_id":0,"_jetpack_memberships_contains_paywalled_content":false,"_jetpack_feature_clip_id":0,"_jetpack_memberships_contains_paid_content":false,"footnotes":"","jetpack_publicize_message":"","jetpack_publicize_feature_enabled":true,"jetpack_social_post_already_shared":true,"jetpack_social_options":{"image_generator_settings":{"template":"highway","default_image_id":0,"font":"","enabled":false},"version":2},"jetpack_post_was_ever_published":false},"categories":[1291,15],"tags":[3721,68,3720,1323,3517,957,998],"class_list":["post-6651","post","type-post","status-publish","format-standard","has-post-thumbnail","hentry","category-efemerides","category-noticias-sociales","tag-5-de-noviembre","tag-blog-de-rafael-ramirez","tag-dia-internacional-de-las-personas-cuidadoras","tag-efemerides","tag-informe-social","tag-labor-social","tag-problema-social"],"yoast_head":"<!-- This site is optimized with the Yoast SEO plugin v28.3 - https:\/\/yoast.com\/product\/yoast-seo-wordpress\/ -->\n<title>D\u00eda Internacional de las Personas Cuidadoras: valorando el trabajo esencial que realizan. - Blog de Rafael Ram\u00edrez<\/title>\n<meta name=\"description\" content=\"El\u00a0D\u00eda Internacional de las Personas Cuidadoras\u00a0se celebra el\u00a05 de noviembre.\u00a0Esta fecha reconoce la labor crucial que realizan estas personas\" \/>\n<meta name=\"robots\" content=\"index, follow, max-snippet:-1, max-image-preview:large, max-video-preview:-1\" \/>\n<link rel=\"canonical\" href=\"https:\/\/rafaramirez.org\/blog\/index.php\/2024\/11\/05\/dia-internacional-de-las-personas-cuidadoras\/\" \/>\n<meta property=\"og:locale\" content=\"es_ES\" \/>\n<meta property=\"og:type\" content=\"article\" \/>\n<meta property=\"og:title\" content=\"D\u00eda Internacional de las Personas Cuidadoras: valorando el trabajo esencial que realizan. - Blog de Rafael Ram\u00edrez\" \/>\n<meta property=\"og:description\" content=\"El\u00a0D\u00eda Internacional de las Personas Cuidadoras\u00a0se celebra el\u00a05 de noviembre.\u00a0Esta fecha reconoce la labor crucial que realizan estas personas\" \/>\n<meta property=\"og:url\" content=\"https:\/\/rafaramirez.org\/blog\/index.php\/2024\/11\/05\/dia-internacional-de-las-personas-cuidadoras\/\" \/>\n<meta property=\"og:site_name\" content=\"Blog de Rafael Ram\u00edrez\" \/>\n<meta property=\"article:published_time\" content=\"2024-11-05T07:15:13+00:00\" \/>\n<meta property=\"og:image\" content=\"https:\/\/rafaramirez.org\/blog\/wp-content\/uploads\/2024\/11\/Dia_Internacional_de_las_personas_cuidadoras_banner.jpg\" \/>\n\t<meta property=\"og:image:width\" content=\"720\" \/>\n\t<meta property=\"og:image:height\" content=\"440\" \/>\n\t<meta property=\"og:image:type\" content=\"image\/jpeg\" \/>\n<meta name=\"author\" content=\"Rafael Ram\u00edrez\" \/>\n<meta name=\"twitter:card\" content=\"summary_large_image\" \/>\n<meta name=\"twitter:creator\" content=\"@rafaramirez_ok\" \/>\n<meta name=\"twitter:site\" content=\"@rafaramirez_ok\" \/>\n<meta name=\"twitter:label1\" content=\"Escrito por\" \/>\n\t<meta name=\"twitter:data1\" content=\"Rafael Ram\u00edrez\" \/>\n\t<meta name=\"twitter:label2\" content=\"Tiempo de lectura\" \/>\n\t<meta name=\"twitter:data2\" content=\"5 minutos\" \/>\n<script type=\"application\/ld+json\" class=\"yoast-schema-graph\">{\"@context\":\"https:\\\/\\\/schema.org\",\"@graph\":[{\"@type\":\"Article\",\"@id\":\"https:\\\/\\\/rafaramirez.org\\\/blog\\\/index.php\\\/2024\\\/11\\\/05\\\/dia-internacional-de-las-personas-cuidadoras\\\/#article\",\"isPartOf\":{\"@id\":\"https:\\\/\\\/rafaramirez.org\\\/blog\\\/index.php\\\/2024\\\/11\\\/05\\\/dia-internacional-de-las-personas-cuidadoras\\\/\"},\"author\":{\"name\":\"Rafael Ram\u00edrez\",\"@id\":\"https:\\\/\\\/rafaramirez.org\\\/blog\\\/#\\\/schema\\\/person\\\/50f43b6d60c578760d4c17bda54ab6a5\"},\"headline\":\"D\u00eda Internacional de las Personas Cuidadoras: valorando el trabajo esencial que realizan.\",\"datePublished\":\"2024-11-05T07:15:13+00:00\",\"mainEntityOfPage\":{\"@id\":\"https:\\\/\\\/rafaramirez.org\\\/blog\\\/index.php\\\/2024\\\/11\\\/05\\\/dia-internacional-de-las-personas-cuidadoras\\\/\"},\"wordCount\":816,\"commentCount\":0,\"publisher\":{\"@id\":\"https:\\\/\\\/rafaramirez.org\\\/blog\\\/#\\\/schema\\\/person\\\/50f43b6d60c578760d4c17bda54ab6a5\"},\"image\":{\"@id\":\"https:\\\/\\\/rafaramirez.org\\\/blog\\\/index.php\\\/2024\\\/11\\\/05\\\/dia-internacional-de-las-personas-cuidadoras\\\/#primaryimage\"},\"thumbnailUrl\":\"https:\\\/\\\/rafaramirez.org\\\/blog\\\/wp-content\\\/uploads\\\/2024\\\/11\\\/Dia_Internacional_de_las_personas_cuidadoras_banner.jpg\",\"keywords\":[\"5 de noviembre\",\"blog de Rafael Ram\u00edrez\",\"D\u00eda Internacional de las Personas Cuidadoras\",\"efem\u00e9rides\",\"informe social\",\"labor social\",\"problema social\"],\"articleSection\":[\"Efem\u00e9rides\",\"Informe social\"],\"inLanguage\":\"es\",\"potentialAction\":[{\"@type\":\"CommentAction\",\"name\":\"Comment\",\"target\":[\"https:\\\/\\\/rafaramirez.org\\\/blog\\\/index.php\\\/2024\\\/11\\\/05\\\/dia-internacional-de-las-personas-cuidadoras\\\/#respond\"]}]},{\"@type\":\"WebPage\",\"@id\":\"https:\\\/\\\/rafaramirez.org\\\/blog\\\/index.php\\\/2024\\\/11\\\/05\\\/dia-internacional-de-las-personas-cuidadoras\\\/\",\"url\":\"https:\\\/\\\/rafaramirez.org\\\/blog\\\/index.php\\\/2024\\\/11\\\/05\\\/dia-internacional-de-las-personas-cuidadoras\\\/\",\"name\":\"D\u00eda Internacional de las Personas Cuidadoras: valorando el trabajo esencial que realizan. - Blog de Rafael Ram\u00edrez\",\"isPartOf\":{\"@id\":\"https:\\\/\\\/rafaramirez.org\\\/blog\\\/#website\"},\"primaryImageOfPage\":{\"@id\":\"https:\\\/\\\/rafaramirez.org\\\/blog\\\/index.php\\\/2024\\\/11\\\/05\\\/dia-internacional-de-las-personas-cuidadoras\\\/#primaryimage\"},\"image\":{\"@id\":\"https:\\\/\\\/rafaramirez.org\\\/blog\\\/index.php\\\/2024\\\/11\\\/05\\\/dia-internacional-de-las-personas-cuidadoras\\\/#primaryimage\"},\"thumbnailUrl\":\"https:\\\/\\\/rafaramirez.org\\\/blog\\\/wp-content\\\/uploads\\\/2024\\\/11\\\/Dia_Internacional_de_las_personas_cuidadoras_banner.jpg\",\"datePublished\":\"2024-11-05T07:15:13+00:00\",\"description\":\"El\u00a0D\u00eda Internacional de las Personas Cuidadoras\u00a0se celebra el\u00a05 de noviembre.\u00a0Esta fecha reconoce la labor crucial que realizan estas personas\",\"breadcrumb\":{\"@id\":\"https:\\\/\\\/rafaramirez.org\\\/blog\\\/index.php\\\/2024\\\/11\\\/05\\\/dia-internacional-de-las-personas-cuidadoras\\\/#breadcrumb\"},\"inLanguage\":\"es\",\"potentialAction\":[{\"@type\":\"ReadAction\",\"target\":[\"https:\\\/\\\/rafaramirez.org\\\/blog\\\/index.php\\\/2024\\\/11\\\/05\\\/dia-internacional-de-las-personas-cuidadoras\\\/\"]}]},{\"@type\":\"ImageObject\",\"inLanguage\":\"es\",\"@id\":\"https:\\\/\\\/rafaramirez.org\\\/blog\\\/index.php\\\/2024\\\/11\\\/05\\\/dia-internacional-de-las-personas-cuidadoras\\\/#primaryimage\",\"url\":\"https:\\\/\\\/rafaramirez.org\\\/blog\\\/wp-content\\\/uploads\\\/2024\\\/11\\\/Dia_Internacional_de_las_personas_cuidadoras_banner.jpg\",\"contentUrl\":\"https:\\\/\\\/rafaramirez.org\\\/blog\\\/wp-content\\\/uploads\\\/2024\\\/11\\\/Dia_Internacional_de_las_personas_cuidadoras_banner.jpg\",\"width\":720,\"height\":440,\"caption\":\"D\u00eda Internacional de las Personas Cuidadoras. Blog de Rafael Ram\u00edrez.\"},{\"@type\":\"BreadcrumbList\",\"@id\":\"https:\\\/\\\/rafaramirez.org\\\/blog\\\/index.php\\\/2024\\\/11\\\/05\\\/dia-internacional-de-las-personas-cuidadoras\\\/#breadcrumb\",\"itemListElement\":[{\"@type\":\"ListItem\",\"position\":1,\"name\":\"Portada\",\"item\":\"https:\\\/\\\/rafaramirez.org\\\/blog\\\/\"},{\"@type\":\"ListItem\",\"position\":2,\"name\":\"D\u00eda Internacional de las Personas Cuidadoras: valorando el trabajo esencial que realizan.\"}]},{\"@type\":\"WebSite\",\"@id\":\"https:\\\/\\\/rafaramirez.org\\\/blog\\\/#website\",\"url\":\"https:\\\/\\\/rafaramirez.org\\\/blog\\\/\",\"name\":\"Blog de Rafael Ram\u00edrez\",\"description\":\"Un sitio social, de arte y cultura\",\"publisher\":{\"@id\":\"https:\\\/\\\/rafaramirez.org\\\/blog\\\/#\\\/schema\\\/person\\\/50f43b6d60c578760d4c17bda54ab6a5\"},\"potentialAction\":[{\"@type\":\"SearchAction\",\"target\":{\"@type\":\"EntryPoint\",\"urlTemplate\":\"https:\\\/\\\/rafaramirez.org\\\/blog\\\/?s={search_term_string}\"},\"query-input\":{\"@type\":\"PropertyValueSpecification\",\"valueRequired\":true,\"valueName\":\"search_term_string\"}}],\"inLanguage\":\"es\"},{\"@type\":[\"Person\",\"Organization\"],\"@id\":\"https:\\\/\\\/rafaramirez.org\\\/blog\\\/#\\\/schema\\\/person\\\/50f43b6d60c578760d4c17bda54ab6a5\",\"name\":\"Rafael Ram\u00edrez\",\"image\":{\"@type\":\"ImageObject\",\"inLanguage\":\"es\",\"@id\":\"https:\\\/\\\/rafaramirez.org\\\/blog\\\/wp-content\\\/uploads\\\/2024\\\/09\\\/RR_socialnetwork.jpg\",\"url\":\"https:\\\/\\\/rafaramirez.org\\\/blog\\\/wp-content\\\/uploads\\\/2024\\\/09\\\/RR_socialnetwork.jpg\",\"contentUrl\":\"https:\\\/\\\/rafaramirez.org\\\/blog\\\/wp-content\\\/uploads\\\/2024\\\/09\\\/RR_socialnetwork.jpg\",\"width\":600,\"height\":606,\"caption\":\"Rafael Ram\u00edrez\"},\"logo\":{\"@id\":\"https:\\\/\\\/rafaramirez.org\\\/blog\\\/wp-content\\\/uploads\\\/2024\\\/09\\\/RR_socialnetwork.jpg\"},\"sameAs\":[\"https:\\\/\\\/www.rafaramirez.org\\\/blog\",\"https:\\\/\\\/www.instagram.com\\\/rafaramirez_ok\\\/\",\"https:\\\/\\\/es.pinterest.com\\\/Ramirez_Rafa\\\/\",\"https:\\\/\\\/x.com\\\/rafaramirez_ok\"],\"url\":\"https:\\\/\\\/rafaramirez.org\\\/blog\\\/index.php\\\/author\\\/rafaell_qm6j97da\\\/\"}]}<\/script>\n<!-- \/ Yoast SEO plugin. -->","yoast_head_json":{"title":"D\u00eda Internacional de las Personas Cuidadoras: valorando el trabajo esencial que realizan. - Blog de Rafael Ram\u00edrez","description":"El\u00a0D\u00eda Internacional de las Personas Cuidadoras\u00a0se celebra el\u00a05 de noviembre.\u00a0Esta fecha reconoce la labor crucial que realizan estas personas","robots":{"index":"index","follow":"follow","max-snippet":"max-snippet:-1","max-image-preview":"max-image-preview:large","max-video-preview":"max-video-preview:-1"},"canonical":"https:\/\/rafaramirez.org\/blog\/index.php\/2024\/11\/05\/dia-internacional-de-las-personas-cuidadoras\/","og_locale":"es_ES","og_type":"article","og_title":"D\u00eda Internacional de las Personas Cuidadoras: valorando el trabajo esencial que realizan. - Blog de Rafael Ram\u00edrez","og_description":"El\u00a0D\u00eda Internacional de las Personas Cuidadoras\u00a0se celebra el\u00a05 de noviembre.\u00a0Esta fecha reconoce la labor crucial que realizan estas personas","og_url":"https:\/\/rafaramirez.org\/blog\/index.php\/2024\/11\/05\/dia-internacional-de-las-personas-cuidadoras\/","og_site_name":"Blog de Rafael Ram\u00edrez","article_published_time":"2024-11-05T07:15:13+00:00","og_image":[{"width":720,"height":440,"url":"https:\/\/rafaramirez.org\/blog\/wp-content\/uploads\/2024\/11\/Dia_Internacional_de_las_personas_cuidadoras_banner.jpg","type":"image\/jpeg"}],"author":"Rafael Ram\u00edrez","twitter_card":"summary_large_image","twitter_creator":"@rafaramirez_ok","twitter_site":"@rafaramirez_ok","twitter_misc":{"Escrito por":"Rafael Ram\u00edrez","Tiempo de lectura":"5 minutos"},"schema":{"@context":"https:\/\/schema.org","@graph":[{"@type":"Article","@id":"https:\/\/rafaramirez.org\/blog\/index.php\/2024\/11\/05\/dia-internacional-de-las-personas-cuidadoras\/#article","isPartOf":{"@id":"https:\/\/rafaramirez.org\/blog\/index.php\/2024\/11\/05\/dia-internacional-de-las-personas-cuidadoras\/"},"author":{"name":"Rafael Ram\u00edrez","@id":"https:\/\/rafaramirez.org\/blog\/#\/schema\/person\/50f43b6d60c578760d4c17bda54ab6a5"},"headline":"D\u00eda Internacional de las Personas Cuidadoras: valorando el trabajo esencial que realizan.","datePublished":"2024-11-05T07:15:13+00:00","mainEntityOfPage":{"@id":"https:\/\/rafaramirez.org\/blog\/index.php\/2024\/11\/05\/dia-internacional-de-las-personas-cuidadoras\/"},"wordCount":816,"commentCount":0,"publisher":{"@id":"https:\/\/rafaramirez.org\/blog\/#\/schema\/person\/50f43b6d60c578760d4c17bda54ab6a5"},"image":{"@id":"https:\/\/rafaramirez.org\/blog\/index.php\/2024\/11\/05\/dia-internacional-de-las-personas-cuidadoras\/#primaryimage"},"thumbnailUrl":"https:\/\/rafaramirez.org\/blog\/wp-content\/uploads\/2024\/11\/Dia_Internacional_de_las_personas_cuidadoras_banner.jpg","keywords":["5 de noviembre","blog de Rafael Ram\u00edrez","D\u00eda Internacional de las Personas Cuidadoras","efem\u00e9rides","informe social","labor social","problema social"],"articleSection":["Efem\u00e9rides","Informe social"],"inLanguage":"es","potentialAction":[{"@type":"CommentAction","name":"Comment","target":["https:\/\/rafaramirez.org\/blog\/index.php\/2024\/11\/05\/dia-internacional-de-las-personas-cuidadoras\/#respond"]}]},{"@type":"WebPage","@id":"https:\/\/rafaramirez.org\/blog\/index.php\/2024\/11\/05\/dia-internacional-de-las-personas-cuidadoras\/","url":"https:\/\/rafaramirez.org\/blog\/index.php\/2024\/11\/05\/dia-internacional-de-las-personas-cuidadoras\/","name":"D\u00eda Internacional de las Personas Cuidadoras: valorando el trabajo esencial que realizan. - Blog de Rafael Ram\u00edrez","isPartOf":{"@id":"https:\/\/rafaramirez.org\/blog\/#website"},"primaryImageOfPage":{"@id":"https:\/\/rafaramirez.org\/blog\/index.php\/2024\/11\/05\/dia-internacional-de-las-personas-cuidadoras\/#primaryimage"},"image":{"@id":"https:\/\/rafaramirez.org\/blog\/index.php\/2024\/11\/05\/dia-internacional-de-las-personas-cuidadoras\/#primaryimage"},"thumbnailUrl":"https:\/\/rafaramirez.org\/blog\/wp-content\/uploads\/2024\/11\/Dia_Internacional_de_las_personas_cuidadoras_banner.jpg","datePublished":"2024-11-05T07:15:13+00:00","description":"El\u00a0D\u00eda Internacional de las Personas Cuidadoras\u00a0se celebra el\u00a05 de noviembre.\u00a0Esta fecha reconoce la labor crucial que realizan estas personas","breadcrumb":{"@id":"https:\/\/rafaramirez.org\/blog\/index.php\/2024\/11\/05\/dia-internacional-de-las-personas-cuidadoras\/#breadcrumb"},"inLanguage":"es","potentialAction":[{"@type":"ReadAction","target":["https:\/\/rafaramirez.org\/blog\/index.php\/2024\/11\/05\/dia-internacional-de-las-personas-cuidadoras\/"]}]},{"@type":"ImageObject","inLanguage":"es","@id":"https:\/\/rafaramirez.org\/blog\/index.php\/2024\/11\/05\/dia-internacional-de-las-personas-cuidadoras\/#primaryimage","url":"https:\/\/rafaramirez.org\/blog\/wp-content\/uploads\/2024\/11\/Dia_Internacional_de_las_personas_cuidadoras_banner.jpg","contentUrl":"https:\/\/rafaramirez.org\/blog\/wp-content\/uploads\/2024\/11\/Dia_Internacional_de_las_personas_cuidadoras_banner.jpg","width":720,"height":440,"caption":"D\u00eda Internacional de las Personas Cuidadoras. Blog de Rafael Ram\u00edrez."},{"@type":"BreadcrumbList","@id":"https:\/\/rafaramirez.org\/blog\/index.php\/2024\/11\/05\/dia-internacional-de-las-personas-cuidadoras\/#breadcrumb","itemListElement":[{"@type":"ListItem","position":1,"name":"Portada","item":"https:\/\/rafaramirez.org\/blog\/"},{"@type":"ListItem","position":2,"name":"D\u00eda Internacional de las Personas Cuidadoras: valorando el trabajo esencial que realizan."}]},{"@type":"WebSite","@id":"https:\/\/rafaramirez.org\/blog\/#website","url":"https:\/\/rafaramirez.org\/blog\/","name":"Blog de Rafael Ram\u00edrez","description":"Un sitio social, de arte y cultura","publisher":{"@id":"https:\/\/rafaramirez.org\/blog\/#\/schema\/person\/50f43b6d60c578760d4c17bda54ab6a5"},"potentialAction":[{"@type":"SearchAction","target":{"@type":"EntryPoint","urlTemplate":"https:\/\/rafaramirez.org\/blog\/?s={search_term_string}"},"query-input":{"@type":"PropertyValueSpecification","valueRequired":true,"valueName":"search_term_string"}}],"inLanguage":"es"},{"@type":["Person","Organization"],"@id":"https:\/\/rafaramirez.org\/blog\/#\/schema\/person\/50f43b6d60c578760d4c17bda54ab6a5","name":"Rafael Ram\u00edrez","image":{"@type":"ImageObject","inLanguage":"es","@id":"https:\/\/rafaramirez.org\/blog\/wp-content\/uploads\/2024\/09\/RR_socialnetwork.jpg","url":"https:\/\/rafaramirez.org\/blog\/wp-content\/uploads\/2024\/09\/RR_socialnetwork.jpg","contentUrl":"https:\/\/rafaramirez.org\/blog\/wp-content\/uploads\/2024\/09\/RR_socialnetwork.jpg","width":600,"height":606,"caption":"Rafael Ram\u00edrez"},"logo":{"@id":"https:\/\/rafaramirez.org\/blog\/wp-content\/uploads\/2024\/09\/RR_socialnetwork.jpg"},"sameAs":["https:\/\/www.rafaramirez.org\/blog","https:\/\/www.instagram.com\/rafaramirez_ok\/","https:\/\/es.pinterest.com\/Ramirez_Rafa\/","https:\/\/x.com\/rafaramirez_ok"],"url":"https:\/\/rafaramirez.org\/blog\/index.php\/author\/rafaell_qm6j97da\/"}]}},"jetpack_publicize_connections":[],"jetpack_sharing_enabled":true,"jetpack_likes_enabled":true,"jetpack_featured_media_url":"https:\/\/rafaramirez.org\/blog\/wp-content\/uploads\/2024\/11\/Dia_Internacional_de_las_personas_cuidadoras_banner.jpg","_links":{"self":[{"href":"https:\/\/rafaramirez.org\/blog\/index.php\/wp-json\/wp\/v2\/posts\/6651","targetHints":{"allow":["GET"]}}],"collection":[{"href":"https:\/\/rafaramirez.org\/blog\/index.php\/wp-json\/wp\/v2\/posts"}],"about":[{"href":"https:\/\/rafaramirez.org\/blog\/index.php\/wp-json\/wp\/v2\/types\/post"}],"author":[{"embeddable":true,"href":"https:\/\/rafaramirez.org\/blog\/index.php\/wp-json\/wp\/v2\/users\/1"}],"replies":[{"embeddable":true,"href":"https:\/\/rafaramirez.org\/blog\/index.php\/wp-json\/wp\/v2\/comments?post=6651"}],"version-history":[{"count":11,"href":"https:\/\/rafaramirez.org\/blog\/index.php\/wp-json\/wp\/v2\/posts\/6651\/revisions"}],"predecessor-version":[{"id":6666,"href":"https:\/\/rafaramirez.org\/blog\/index.php\/wp-json\/wp\/v2\/posts\/6651\/revisions\/6666"}],"wp:featuredmedia":[{"embeddable":true,"href":"https:\/\/rafaramirez.org\/blog\/index.php\/wp-json\/wp\/v2\/media\/6658"}],"wp:attachment":[{"href":"https:\/\/rafaramirez.org\/blog\/index.php\/wp-json\/wp\/v2\/media?parent=6651"}],"wp:term":[{"taxonomy":"category","embeddable":true,"href":"https:\/\/rafaramirez.org\/blog\/index.php\/wp-json\/wp\/v2\/categories?post=6651"},{"taxonomy":"post_tag","embeddable":true,"href":"https:\/\/rafaramirez.org\/blog\/index.php\/wp-json\/wp\/v2\/tags?post=6651"}],"curies":[{"name":"wp","href":"https:\/\/api.w.org\/{rel}","templated":true}]}}