{"id":6626,"date":"2024-11-04T08:25:02","date_gmt":"2024-11-04T07:25:02","guid":{"rendered":"https:\/\/rafaramirez.org\/blog\/?p=6626"},"modified":"2024-11-04T12:34:47","modified_gmt":"2024-11-04T11:34:47","slug":"paisaje-ii-pintura-de-rafael-ramirez","status":"publish","type":"post","link":"https:\/\/rafaramirez.org\/blog\/index.php\/2024\/11\/04\/paisaje-ii-pintura-de-rafael-ramirez\/","title":{"rendered":"\u00abPaisaje II\u00bb pintura de Rafael Ram\u00edrez | \u00d3leo de 116 x 89 cm. | Atm\u00f3sfera acogedora y nost\u00e1lgica."},"content":{"rendered":"<p>La pintura al \u00f3leo <strong>\u201cPaisaje II\u201d<\/strong> de <strong>Rafael Ram\u00edrez<\/strong> es una obra vibrante que nos transporta al oto\u00f1o. En esta pintura, se destacan los tonos c\u00e1lidos de las hojas de los \u00e1rboles, con colores como el rojo, naranja y amarillo. El fondo sugiere un \u00e1rea boscosa con tonos m\u00e1s oscuros, lo que proporciona un contraste que hace que las hojas brillen a\u00fan m\u00e1s. La utilizaci\u00f3n de la luz y la sombra crea una profundidad que da vida a la escena, mostrando la habilidad del artista para representar la belleza natural a trav\u00e9s del \u00f3leo.<\/p>\n<style id=\"bwg-style-0\">      #bwg_container1_0 #bwg_container2_0 #bwg_mosaic_thumbnails_div_0 {        width: 100%;        position: relative;        background-color: rgba(255, 255, 255, 0.00);        text-align: center;        justify-content: center;                  margin-left: auto;          margin-right: auto;                    padding-left: 2px;          padding-top: 2px;                }          #bwg_container1_0 #bwg_container2_0 .bwg_mosaic_thumb_spun_0 {        display: block;        position: absolute;\t\t\t\tborder-radius: 0;\t\t\t\tborder: 0px none #CCCCCC;    \t\t    \t\tbackground-color:rgba(0,0,0, 0.30);        -moz-box-sizing: content-box !important;        -webkit-box-sizing: content-box !important;        box-sizing: content-box !important;      }\t\t\t#bwg_container1_0 #bwg_container2_0 .bwg_mosaic_thumb_0 {\t\t\t\tdisplay: block;\t\t\t\t-moz-box-sizing: content-box !important;\t\t\t\t-webkit-box-sizing: content-box !important;\t\t\t\tbox-sizing: content-box !important;\t\t\t\tmargin: 0;\t\t\t\topacity: 1.00;\t\t\t}      #bwg_container1_0 #bwg_container2_0 .bwg_mosaic_thumb_spun_0:hover {        opacity: 1;        backface-visibility: hidden;        -webkit-backface-visibility: hidden;        -moz-backface-visibility: hidden;        -ms-backface-visibility: hidden;        z-index: 102;      }\t     @media only screen and (min-width: 480px) {\t\t#bwg_container1_0 #bwg_container2_0 .bwg-container-0.bwg-mosaic-thumbnails .bwg-item0 img {\t\t\t-webkit-transition: -webkit-transform .3s; transition: transform .3s;\t\t}\t\t#bwg_container1_0 #bwg_container2_0 .bwg-container-0.bwg-mosaic-thumbnails .bwg-item0 img:hover {\t\t\t-ms-transform: scale(1.08);\t\t\t-webkit-transform: scale(1.08);\t\t\ttransform: scale(1.08);\t\t}\t\t      }\t      #bwg_container1_0 #bwg_container2_0 .bwg_mosaic_thumbnails_0 {        background-color: rgba(255, 255, 255, 0.00);        font-size: 0;        position: relative;        text-align: center;        display: inline-block;        visibility: hidden;              }\t  \/*image title styles*\/      #bwg_container1_0 #bwg_container2_0 .bwg_mosaic_title_spun1_0,      #bwg_container1_0 #bwg_container2_0 .bwg-mosaic-thumbnails .bwg_ecommerce_spun1_0 {        position: absolute;        display: block;        opacity: 0;        box-sizing: border-box;        text-align: center;\t\t\t\ttop: 50%;\t\t\t\tleft: 50%;\t\t\t\ttransform: translate(-50%, -50%);      }      #bwg_container1_0 #bwg_container2_0 .bwg-mosaic-thumbnails .bwg_mosaic_title_spun2_0,      #bwg_container1_0 #bwg_container2_0 .bwg-mosaic-thumbnails .bwg_ecommerce_spun2_0 {\t\t    color: #323A45;        font-family: Ubuntu;        font-size: 16px;        font-weight: bold;        text-shadow: ;        vertical-align: middle;        word-wrap: break-word;      }            .bwg_mosaic_play_icon_spun_0 {        display: table;        position: absolute;        left: -10000px;        top: 0px;        opacity: 0;      }      .bwg_mosaic_play_icon_0 {        color: #323A45;        font-size: 32px;        vertical-align: middle;        display: table-cell !important;        z-index: 1;        text-align: center;        margin: 0 auto;      }      #bwg_container1_0 #bwg_container2_0 .bwg_gal_title_0 {        background-color: rgba(0, 0, 0, 0);        color: #323A45;        display: block;        font-family: Ubuntu;        font-size: 16px;        font-weight: bold;        padding: 2px;        text-shadow: ;        text-align: center;      }            @media screen and (max-width: 350px) {      div[class^=\"bwg_mosaic_thumbnails_\"],      span[class^=\"bwg_mosaic_thumb_spun_\"] {      width: 100% !important;      }      img[class^=\"bwg_mosaic_thumb_\"] {      width: 100% !important;      height: auto !important;      margin: 0px auto !important;      }      }      <\/style>    <div id=\"bwg_container1_0\"         class=\"bwg_container bwg_thumbnail bwg_thumbnails_mosaic \"         data-right-click-protection=\"1\"         data-bwg=\"0\"         data-scroll=\"0\"         data-gallery-type=\"thumbnails_mosaic\"         data-gallery-view-type=\"thumbnails_mosaic\"         data-current-url=\"\/blog\/index.php\/wp-json\/wp\/v2\/posts\/6626\"         data-lightbox-url=\"https:\/\/rafaramirez.org\/blog\/wp-admin\/admin-ajax.php?action=GalleryBox&#038;current_view=0&#038;gallery_id=49&#038;tag=0&#038;theme_id=1&#038;shortcode_id=103&#038;sort_by=order&#038;order_by=asc&#038;current_url=%2Fblog%2Findex.php%2Fwp-json%2Fwp%2Fv2%2Fposts%2F6626\"         data-gallery-id=\"49\"         data-popup-width=\"800\"         data-popup-height=\"500\"         data-is-album=\"gallery\"         data-buttons-position=\"bottom\">      <div id=\"bwg_container2_0\">             <div id=\"ajax_loading_0\" class=\"bwg_loading_div_1\">      <div class=\"bwg_loading_div_2\">        <div class=\"bwg_loading_div_3\">          <div id=\"loading_div_0\" class=\"bwg_spider_ajax_loading\">          <\/div>        <\/div>      <\/div>    <\/div>            <form id=\"gal_front_form_0\"              class=\"bwg-hidden\"              method=\"post\"              action=\"#\"              data-current=\"0\"              data-shortcode-id=\"103\"              data-gallery-type=\"thumbnails_mosaic\"              data-gallery-id=\"49\"              data-tag=\"0\"              data-album-id=\"0\"              data-theme-id=\"1\"              data-ajax-url=\"https:\/\/rafaramirez.org\/blog\/wp-admin\/admin-ajax.php?action=bwg_frontend_data\">          <div id=\"bwg_container3_0\" class=\"bwg-background bwg-background-0\">                <div id=\"bwg_mosaic_thumbnails_div_0\"         class=\"bwg-container-0 bwg-container bwg-mosaic-thumbnails\"         data-bwg=\"0\"         data-mosaic-direction=\"vertical\"         data-resizable=\"0\"         data-width=\"250\"         data-height=\"250\"         data-total-width=\"100\"         data-block-id=\"bwg_thumbnails_mosaic_0\"         data-thumb-padding=\"2\"         data-thumb-border=\"0\"         data-title-margin=\"2px\"         data-image-title=\"none\"         data-play-icon=\"1\"         data-ecommerce-icon=\"none\"         data-gallery-id=\"49\"         data-lightbox-url=\"https:\/\/rafaramirez.org\/blog\/wp-admin\/admin-ajax.php?action=GalleryBox&#038;current_view=0&#038;gallery_id=49&#038;tag=0&#038;theme_id=1&#038;shortcode_id=103&#038;sort_by=order&#038;order_by=asc&#038;current_url=%2Fblog%2Findex.php%2Fwp-json%2Fwp%2Fv2%2Fposts%2F6626\"         data-mosaic-thumb-transition=\"1\"         style=\"visibility: hidden\" >      <div id=\"bwg_thumbnails_mosaic_0\" class=\"bwg_mosaic_thumbnails_0\">                  <a  class=\"bwg-a bwg_lightbox bwg_lightbox_0\" href=\"https:\/\/rafaramirez.org\/blog\/wp-content\/uploads\/photo-gallery\/imported_from_media_libray\/Paisaje-II.-Pintura-oleo-Rafael-Ramirez_logblog_2.jpg?bwg=1729596314\" data-image-id=\"482\" data-elementor-open-lightbox=\"no\">          <div class=\"bwg_mosaic_thumb_spun_0 bwg-item0 bwg-mosaic-thumb-span \">            <img decoding=\"async\" class=\"bwg_mosaic_thumb_0 skip-lazy bwg_img_clear bwg_img_custom \"                 id=\"482\"                 src=\"https:\/\/rafaramirez.org\/blog\/wp-content\/uploads\/photo-gallery\/imported_from_media_libray\/thumb\/Paisaje-II.-Pintura-oleo-Rafael-Ramirez_logblog_2.jpg?bwg=1729596314\"                 data-src=\"https:\/\/rafaramirez.org\/blog\/wp-content\/uploads\/photo-gallery\/imported_from_media_libray\/thumb\/Paisaje-II.-Pintura-oleo-Rafael-Ramirez_logblog_2.jpg?bwg=1729596314\"                 data-width=\"329.00\"                 data-height=\"500.00\"                 alt=\"Paisaje II. Pintura al \u00f3leo de Rafael Ram\u00edrez.\"                 title=\"Paisaje II. Pintura al \u00f3leo de Rafael Ram\u00edrez.\" \/>                      <\/div>        <\/a>                <a  class=\"bwg-a bwg_lightbox bwg_lightbox_0\" href=\"https:\/\/rafaramirez.org\/blog\/wp-content\/uploads\/photo-gallery\/imported_from_media_libray\/Paisaje-II.-Pintura-oleo-Rafael-Ramirez_logblog_3.jpg?bwg=1729596314\" data-image-id=\"483\" data-elementor-open-lightbox=\"no\">          <div class=\"bwg_mosaic_thumb_spun_0 bwg-item0 bwg-mosaic-thumb-span \">            <img decoding=\"async\" class=\"bwg_mosaic_thumb_0 skip-lazy bwg_img_clear bwg_img_custom \"                 id=\"483\"                 src=\"https:\/\/rafaramirez.org\/blog\/wp-content\/uploads\/photo-gallery\/imported_from_media_libray\/thumb\/Paisaje-II.-Pintura-oleo-Rafael-Ramirez_logblog_3.jpg?bwg=1729596314\"                 data-src=\"https:\/\/rafaramirez.org\/blog\/wp-content\/uploads\/photo-gallery\/imported_from_media_libray\/thumb\/Paisaje-II.-Pintura-oleo-Rafael-Ramirez_logblog_3.jpg?bwg=1729596314\"                 data-width=\"500.00\"                 data-height=\"375.00\"                 alt=\"Paisaje II. Pintura al \u00f3leo de Rafael Ram\u00edrez.\"                 title=\"Paisaje II. Pintura al \u00f3leo de Rafael Ram\u00edrez.\" \/>                      <\/div>        <\/a>                <a  class=\"bwg-a bwg_lightbox bwg_lightbox_0\" href=\"https:\/\/rafaramirez.org\/blog\/wp-content\/uploads\/photo-gallery\/imported_from_media_libray\/Paisaje-II.-Pintura-oleo-Rafael-Ramirez_logblog_4.jpg?bwg=1729596314\" data-image-id=\"484\" data-elementor-open-lightbox=\"no\">          <div class=\"bwg_mosaic_thumb_spun_0 bwg-item0 bwg-mosaic-thumb-span \">            <img decoding=\"async\" class=\"bwg_mosaic_thumb_0 skip-lazy bwg_img_clear bwg_img_custom \"                 id=\"484\"                 src=\"https:\/\/rafaramirez.org\/blog\/wp-content\/uploads\/photo-gallery\/imported_from_media_libray\/thumb\/Paisaje-II.-Pintura-oleo-Rafael-Ramirez_logblog_4.jpg?bwg=1729596314\"                 data-src=\"https:\/\/rafaramirez.org\/blog\/wp-content\/uploads\/photo-gallery\/imported_from_media_libray\/thumb\/Paisaje-II.-Pintura-oleo-Rafael-Ramirez_logblog_4.jpg?bwg=1729596314\"                 data-width=\"500.00\"                 data-height=\"300.00\"                 alt=\"Paisaje II. Pintura al \u00f3leo de Rafael Ram\u00edrez.\"                 title=\"Paisaje II. Pintura al \u00f3leo de Rafael Ram\u00edrez.\" \/>                      <\/div>        <\/a>                <a  class=\"bwg-a bwg_lightbox bwg_lightbox_0\" href=\"https:\/\/rafaramirez.org\/blog\/wp-content\/uploads\/photo-gallery\/imported_from_media_libray\/Paisaje-II.-Pintura-oleo-Rafael-Ramirez_logblog_5.jpg?bwg=1729596314\" data-image-id=\"485\" data-elementor-open-lightbox=\"no\">          <div class=\"bwg_mosaic_thumb_spun_0 bwg-item0 bwg-mosaic-thumb-span \">            <img decoding=\"async\" class=\"bwg_mosaic_thumb_0 skip-lazy bwg_img_clear bwg_img_custom \"                 id=\"485\"                 src=\"https:\/\/rafaramirez.org\/blog\/wp-content\/uploads\/photo-gallery\/imported_from_media_libray\/thumb\/Paisaje-II.-Pintura-oleo-Rafael-Ramirez_logblog_5.jpg?bwg=1729596314\"                 data-src=\"https:\/\/rafaramirez.org\/blog\/wp-content\/uploads\/photo-gallery\/imported_from_media_libray\/thumb\/Paisaje-II.-Pintura-oleo-Rafael-Ramirez_logblog_5.jpg?bwg=1729596314\"                 data-width=\"500.00\"                 data-height=\"375.00\"                 alt=\"Paisaje II. Pintura al \u00f3leo de Rafael Ram\u00edrez.\"                 title=\"Paisaje II. Pintura al \u00f3leo de Rafael Ram\u00edrez.\" \/>                      <\/div>        <\/a>                <a  class=\"bwg-a bwg_lightbox bwg_lightbox_0\" href=\"https:\/\/rafaramirez.org\/blog\/wp-content\/uploads\/photo-gallery\/imported_from_media_libray\/Paisaje-II.-Pintura-oleo-Rafael-Ramirez_logblog_6.jpg?bwg=1729596314\" data-image-id=\"486\" data-elementor-open-lightbox=\"no\">          <div class=\"bwg_mosaic_thumb_spun_0 bwg-item0 bwg-mosaic-thumb-span \">            <img decoding=\"async\" class=\"bwg_mosaic_thumb_0 skip-lazy bwg_img_clear bwg_img_custom \"                 id=\"486\"                 src=\"https:\/\/rafaramirez.org\/blog\/wp-content\/uploads\/photo-gallery\/imported_from_media_libray\/thumb\/Paisaje-II.-Pintura-oleo-Rafael-Ramirez_logblog_6.jpg?bwg=1729596314\"                 data-src=\"https:\/\/rafaramirez.org\/blog\/wp-content\/uploads\/photo-gallery\/imported_from_media_libray\/thumb\/Paisaje-II.-Pintura-oleo-Rafael-Ramirez_logblog_6.jpg?bwg=1729596314\"                 data-width=\"500.00\"                 data-height=\"333.00\"                 alt=\"Paisaje II. Pintura al \u00f3leo de Rafael Ram\u00edrez.\"                 title=\"Paisaje II. Pintura al \u00f3leo de Rafael Ram\u00edrez.\" \/>                      <\/div>        <\/a>                <a  class=\"bwg-a bwg_lightbox bwg_lightbox_0\" href=\"https:\/\/rafaramirez.org\/blog\/wp-content\/uploads\/photo-gallery\/imported_from_media_libray\/Paisaje-II.-Pintura-oleo-Rafael-Ramirez_logblog_7.jpg?bwg=1729596314\" data-image-id=\"487\" data-elementor-open-lightbox=\"no\">          <div class=\"bwg_mosaic_thumb_spun_0 bwg-item0 bwg-mosaic-thumb-span \">            <img decoding=\"async\" class=\"bwg_mosaic_thumb_0 skip-lazy bwg_img_clear bwg_img_custom \"                 id=\"487\"                 src=\"https:\/\/rafaramirez.org\/blog\/wp-content\/uploads\/photo-gallery\/imported_from_media_libray\/thumb\/Paisaje-II.-Pintura-oleo-Rafael-Ramirez_logblog_7.jpg?bwg=1729596314\"                 data-src=\"https:\/\/rafaramirez.org\/blog\/wp-content\/uploads\/photo-gallery\/imported_from_media_libray\/thumb\/Paisaje-II.-Pintura-oleo-Rafael-Ramirez_logblog_7.jpg?bwg=1729596314\"                 data-width=\"373.00\"                 data-height=\"500.00\"                 alt=\"Paisaje II. Pintura al \u00f3leo de Rafael Ram\u00edrez.\"                 title=\"Paisaje II. Pintura al \u00f3leo de Rafael Ram\u00edrez.\" \/>                      <\/div>        <\/a>                <a  class=\"bwg-a bwg_lightbox bwg_lightbox_0\" href=\"https:\/\/rafaramirez.org\/blog\/wp-content\/uploads\/photo-gallery\/imported_from_media_libray\/Paisaje-II.-Pintura-oleo-Rafael-Ramirez_logblog_9.jpg?bwg=1729596314\" data-image-id=\"488\" data-elementor-open-lightbox=\"no\">          <div class=\"bwg_mosaic_thumb_spun_0 bwg-item0 bwg-mosaic-thumb-span \">            <img decoding=\"async\" class=\"bwg_mosaic_thumb_0 skip-lazy bwg_img_clear bwg_img_custom \"                 id=\"488\"                 src=\"https:\/\/rafaramirez.org\/blog\/wp-content\/uploads\/photo-gallery\/imported_from_media_libray\/thumb\/Paisaje-II.-Pintura-oleo-Rafael-Ramirez_logblog_9.jpg?bwg=1729596314\"                 data-src=\"https:\/\/rafaramirez.org\/blog\/wp-content\/uploads\/photo-gallery\/imported_from_media_libray\/thumb\/Paisaje-II.-Pintura-oleo-Rafael-Ramirez_logblog_9.jpg?bwg=1729596314\"                 data-width=\"409.00\"                 data-height=\"500.00\"                 alt=\"Paisaje II. Pintura al \u00f3leo de Rafael Ram\u00edrez.\"                 title=\"Paisaje II. Pintura al \u00f3leo de Rafael Ram\u00edrez.\" \/>                      <\/div>        <\/a>                <a  class=\"bwg-a bwg_lightbox bwg_lightbox_0\" href=\"https:\/\/rafaramirez.org\/blog\/wp-content\/uploads\/photo-gallery\/imported_from_media_libray\/Paisaje-II.-Pintura-oleo-Rafael-Ramirez_logblog_10.jpg?bwg=1729596314\" data-image-id=\"489\" data-elementor-open-lightbox=\"no\">          <div class=\"bwg_mosaic_thumb_spun_0 bwg-item0 bwg-mosaic-thumb-span \">            <img decoding=\"async\" class=\"bwg_mosaic_thumb_0 skip-lazy bwg_img_clear bwg_img_custom \"                 id=\"489\"                 src=\"https:\/\/rafaramirez.org\/blog\/wp-content\/uploads\/photo-gallery\/imported_from_media_libray\/thumb\/Paisaje-II.-Pintura-oleo-Rafael-Ramirez_logblog_10.jpg?bwg=1729596314\"                 data-src=\"https:\/\/rafaramirez.org\/blog\/wp-content\/uploads\/photo-gallery\/imported_from_media_libray\/thumb\/Paisaje-II.-Pintura-oleo-Rafael-Ramirez_logblog_10.jpg?bwg=1729596314\"                 data-width=\"500.00\"                 data-height=\"333.00\"                 alt=\"Paisaje II. Pintura al \u00f3leo de Rafael Ram\u00edrez.\"                 title=\"Paisaje II. Pintura al \u00f3leo de Rafael Ram\u00edrez.\" \/>                      <\/div>        <\/a>                <a  class=\"bwg-a bwg_lightbox bwg_lightbox_0\" href=\"https:\/\/rafaramirez.org\/blog\/wp-content\/uploads\/photo-gallery\/imported_from_media_libray\/Paisaje-II.-Pintura-oleo-Rafael-Ramirez_logblog_11.jpg?bwg=1729596314\" data-image-id=\"490\" data-elementor-open-lightbox=\"no\">          <div class=\"bwg_mosaic_thumb_spun_0 bwg-item0 bwg-mosaic-thumb-span \">            <img decoding=\"async\" class=\"bwg_mosaic_thumb_0 skip-lazy bwg_img_clear bwg_img_custom \"                 id=\"490\"                 src=\"https:\/\/rafaramirez.org\/blog\/wp-content\/uploads\/photo-gallery\/imported_from_media_libray\/thumb\/Paisaje-II.-Pintura-oleo-Rafael-Ramirez_logblog_11.jpg?bwg=1729596314\"                 data-src=\"https:\/\/rafaramirez.org\/blog\/wp-content\/uploads\/photo-gallery\/imported_from_media_libray\/thumb\/Paisaje-II.-Pintura-oleo-Rafael-Ramirez_logblog_11.jpg?bwg=1729596314\"                 data-width=\"500.00\"                 data-height=\"375.00\"                 alt=\"Paisaje II. Pintura al \u00f3leo de Rafael Ram\u00edrez.\"                 title=\"Paisaje II. Pintura al \u00f3leo de Rafael Ram\u00edrez.\" \/>                      <\/div>        <\/a>                <a  class=\"bwg-a bwg_lightbox bwg_lightbox_0\" href=\"https:\/\/rafaramirez.org\/blog\/wp-content\/uploads\/photo-gallery\/imported_from_media_libray\/Paisaje-II.-Pintura-oleo-Rafael-Ramirez_logblog_12.jpg?bwg=1729596314\" data-image-id=\"491\" data-elementor-open-lightbox=\"no\">          <div class=\"bwg_mosaic_thumb_spun_0 bwg-item0 bwg-mosaic-thumb-span \">            <img decoding=\"async\" class=\"bwg_mosaic_thumb_0 skip-lazy bwg_img_clear bwg_img_custom \"                 id=\"491\"                 src=\"https:\/\/rafaramirez.org\/blog\/wp-content\/uploads\/photo-gallery\/imported_from_media_libray\/thumb\/Paisaje-II.-Pintura-oleo-Rafael-Ramirez_logblog_12.jpg?bwg=1729596314\"                 data-src=\"https:\/\/rafaramirez.org\/blog\/wp-content\/uploads\/photo-gallery\/imported_from_media_libray\/thumb\/Paisaje-II.-Pintura-oleo-Rafael-Ramirez_logblog_12.jpg?bwg=1729596314\"                 data-width=\"500.00\"                 data-height=\"333.00\"                 alt=\"Paisaje II. Pintura al \u00f3leo de Rafael Ram\u00edrez.\"                 title=\"Paisaje II. Pintura al \u00f3leo de Rafael Ram\u00edrez.\" \/>                      <\/div>        <\/a>                <a  class=\"bwg-a bwg_lightbox bwg_lightbox_0\" href=\"https:\/\/rafaramirez.org\/blog\/wp-content\/uploads\/photo-gallery\/imported_from_media_libray\/Paisaje-II.-Pintura-oleo-Rafael-Ramirez_logblog_13.jpg?bwg=1729596314\" data-image-id=\"492\" data-elementor-open-lightbox=\"no\">          <div class=\"bwg_mosaic_thumb_spun_0 bwg-item0 bwg-mosaic-thumb-span \">            <img decoding=\"async\" class=\"bwg_mosaic_thumb_0 skip-lazy bwg_img_clear bwg_img_custom \"                 id=\"492\"                 src=\"https:\/\/rafaramirez.org\/blog\/wp-content\/uploads\/photo-gallery\/imported_from_media_libray\/thumb\/Paisaje-II.-Pintura-oleo-Rafael-Ramirez_logblog_13.jpg?bwg=1729596314\"                 data-src=\"https:\/\/rafaramirez.org\/blog\/wp-content\/uploads\/photo-gallery\/imported_from_media_libray\/thumb\/Paisaje-II.-Pintura-oleo-Rafael-Ramirez_logblog_13.jpg?bwg=1729596314\"                 data-width=\"500.00\"                 data-height=\"333.00\"                 alt=\"Paisaje II. Pintura al \u00f3leo de Rafael Ram\u00edrez.\"                 title=\"Paisaje II. Pintura al \u00f3leo de Rafael Ram\u00edrez.\" \/>                      <\/div>        <\/a>            <\/div>    <\/div>    <style>      \/*pagination styles*\/      #bwg_container1_0 #bwg_container2_0 .tablenav-pages_0 {\t\t\t\ttext-align: center;\t\t\t\tfont-size: 12px;\t\t\t\tfont-family: Ubuntu;\t\t\t\tfont-weight: bold;\t\t\t\tcolor: #666666;\t\t\t\tmargin: 6px 0 4px;\t\t\t\tdisplay: block;      }      @media only screen and (max-width : 320px) {      #bwg_container1_0 #bwg_container2_0 .displaying-num_0 {     \t display: none;      }      }      #bwg_container1_0 #bwg_container2_0 .displaying-num_0 {\t\t\t\tfont-size: 12px;\t\t\t\tfont-family: Ubuntu;\t\t\t\tfont-weight: bold;\t\t\t\tcolor: #666666;\t\t\t\tmargin-right: 10px;\t\t\t\tvertical-align: middle;      }      #bwg_container1_0 #bwg_container2_0 .paging-input_0 {\t\t\t\tfont-size: 12px;\t\t\t\tfont-family: Ubuntu;\t\t\t\tfont-weight: bold;\t\t\t\tcolor: #666666;\t\t\t\tvertical-align: middle;      }      #bwg_container1_0 #bwg_container2_0 .tablenav-pages_0 a.disabled,      #bwg_container1_0 #bwg_container2_0 .tablenav-pages_0 a.disabled:hover,      #bwg_container1_0 #bwg_container2_0 .tablenav-pages_0 a.disabled:focus,\t\t\t#bwg_container1_0 #bwg_container2_0 .tablenav-pages_0 input.bwg_current_page {\t\t\t\tcursor: default;\t\t\t\tcolor: rgba(102, 102, 102, 0.5);      }      #bwg_container1_0 #bwg_container2_0 .tablenav-pages_0 a,      #bwg_container1_0 #bwg_container2_0 .tablenav-pages_0 input.bwg_current_page {\t\t\t\tcursor: pointer;\t\t\t\ttext-align: center;\t\t\t\tfont-size: 12px;\t\t\t\tfont-family: Ubuntu;\t\t\t\tfont-weight: bold;\t\t\t\tcolor: #666666;\t\t\t\ttext-decoration: none;\t\t\t\tpadding: 3px 6px;\t\t\t\tmargin: 0;\t\t\t\tborder-radius: 0;\t\t\t\tborder-style: solid;\t\t\t\tborder-width: 1px;\t\t\t\tborder-color: #E3E3E3;\t\t\t\t\t\t\t\tbackground-color: rgba(255, 255, 255, 1.00);\t\t\t\tbox-shadow: 0;\t\t\t\ttransition: all 0.3s ease 0s;-webkit-transition: all 0.3s ease 0s;      }      <\/style>      <span class=\"bwg_nav_cont_0\">              <div class=\"tablenav-pages_0\">                  <\/div>                <input type=\"hidden\" id=\"page_number_0\" name=\"page_number_0\" value=\"1\" \/>      <script type=\"text\/javascript\">        if( jQuery('.bwg_nav_cont_0').length > 1 ) {          jQuery('.bwg_nav_cont_0').first().remove()        }        function spider_page_0(cur, x, y, load_more) {          if (typeof load_more == \"undefined\") {            var load_more = false;          }          if (jQuery(cur).hasClass('disabled')) {            return false;          }          var items_county_0 = 1;          switch (y) {            case 1:              if (x >= items_county_0) {                document.getElementById('page_number_0').value = items_county_0;              }              else {                document.getElementById('page_number_0').value = x + 1;              }              break;            case 2:              document.getElementById('page_number_0').value = items_county_0;              break;            case -1:              if (x == 1) {                document.getElementById('page_number_0').value = 1;              }              else {                document.getElementById('page_number_0').value = x - 1;              }              break;            case -2:              document.getElementById('page_number_0').value = 1;              break;\t\t\t\t\t\tcase 0:              document.getElementById('page_number_0').value = x;              break;            default:              document.getElementById('page_number_0').value = 1;          }          bwg_ajax('gal_front_form_0', '0', 'bwg_thumbnails_mosaic_0', '0', '', 'gallery', 0, '', '', load_more, '', 1);        }                    jQuery('.first-page-0').on('click', function () {              spider_page_0(this, 1, -2, 'numeric');              return false;            });            jQuery('.prev-page-0').on('click', function () {              spider_page_0(this, 1, -1, 'numeric');              return false;            });            jQuery('.next-page-0').on('click', function () {              spider_page_0(this, 1, 1, 'numeric');              return false;            });            jQuery('.last-page-0').on('click', function () {              spider_page_0(this, 1, 2, 'numeric');              return false;            });        \t\t\t\t\/* Change page on input enter. *\/        function bwg_change_page_0( e, that ) {          if (  e.key == 'Enter' ) {            var to_page = parseInt(jQuery(that).val());            var pages_count = jQuery(that).parents(\".pagination-links\").data(\"pages-count\");            var current_url_param = jQuery(that).attr('data-url-info');            if (to_page > pages_count) {              to_page = 1;            }\t \t\t\t\t\t\t\t\t\t\t\t\tspider_page_0(this, to_page, 0, 'numeric');\t\t\t\t\t\t\treturn false;\t\t\t\t\t\t          }          return true;        }        jQuery('.bwg_load_btn_0').on('click', function () {            spider_page_0(this, 1, 1, true);            return false;        });      <\/script>      <\/span>                <\/div>        <\/form>        <style>          #bwg_container1_0 #bwg_container2_0 #spider_popup_overlay_0 {          background-color: #EEEEEE;          opacity: 0.60;          }          <\/style>        <div id=\"bwg_spider_popup_loading_0\" class=\"bwg_spider_popup_loading\"><\/div>        <div id=\"spider_popup_overlay_0\" class=\"spider_popup_overlay\" onclick=\"spider_destroypopup(1000)\"><\/div>        <input type=\"hidden\" id=\"bwg_random_seed_0\" value=\"2029124942\">                <\/div>    <\/div>    <script>      if (document.readyState === 'complete') {        if( typeof bwg_main_ready == 'function' ) {          if ( jQuery(\"#bwg_container1_0\").height() ) {            bwg_main_ready(jQuery(\"#bwg_container1_0\"));          }        }      } else {        document.addEventListener('DOMContentLoaded', function() {          if( typeof bwg_main_ready == 'function' ) {            if ( jQuery(\"#bwg_container1_0\").height() ) {             bwg_main_ready(jQuery(\"#bwg_container1_0\"));            }          }        });      }    <\/script>    \n<h3>Estilo.<\/h3>\n<p>El estilo de Rafael Ram\u00edrez en la pintura \u201cPaisaje II\u201d se puede describir como <strong>impresionista<\/strong>. Este estilo se caracteriza, decididamente, por la representaci\u00f3n de la luz y el color de una manera que captura la esencia y la atm\u00f3sfera del momento. En \u201cPaisaje II\u201d, Ram\u00edrez utiliza, as\u00ed, pinceladas sueltas y una paleta de colores vibrantes para transmitir la belleza del paisaje oto\u00f1al. La atenci\u00f3n al detalle en la luz y las sombras, as\u00ed como el uso de colores c\u00e1lidos y contrastantes, son, evidentemente, elementos t\u00edpicos del impresionismo que se observan en esta obra.<\/p>\n<h3>An\u00e1lisis de la obra.<\/h3>\n<p>La pintura \u201cPaisaje II\u201d de Rafael Ram\u00edrez es, sin duda, una obra que destaca por el uso del color y la luz para capturar la esencia del oto\u00f1o. Aqu\u00ed tienes un an\u00e1lisis detallado:<\/p>\n<h4><strong>Composici\u00f3n y T\u00e9cnica<\/strong><\/h4>\n<ul>\n<li><strong>Composici\u00f3n<\/strong>: La obra presenta un paisaje oto\u00f1al con \u00e1rboles cuyas hojas est\u00e1n en tonos c\u00e1lidos de rojo, naranja y amarillo. La disposici\u00f3n de los elementos en la pintura gu\u00eda la mirada del espectador a trav\u00e9s del paisaje, creando una sensaci\u00f3n de profundidad y movimiento.<\/li>\n<li><strong>T\u00e9cnica<\/strong>: Ram\u00edrez utiliza pinceladas sueltas y expresivas para capturar la luz y la atm\u00f3sfera del momento. Las pinceladas var\u00edan en tama\u00f1o y direcci\u00f3n, lo que a\u00f1ade dinamismo a la escena.<\/li>\n<\/ul>\n<h4><strong>Uso del Color<\/strong><\/h4>\n<ul>\n<li><strong>Paleta de Colores<\/strong>: Predominan los colores c\u00e1lidos, que evocan la sensaci\u00f3n de un d\u00eda oto\u00f1al. Los tonos de rojo, naranja y amarillo de las hojas contrastan con los tonos m\u00e1s oscuros del fondo, creando un efecto visual impactante.<\/li>\n<li><strong>Contraste y Armon\u00eda<\/strong>: El contraste entre los colores brillantes de las hojas y los tonos oscuros del fondo resalta la luminosidad de las hojas, mientras que la armon\u00eda de los colores c\u00e1lidos unifica la composici\u00f3n.<\/li>\n<\/ul>\n<h4><strong>Luz y Sombra<\/strong><\/h4>\n<ul>\n<li><strong>Iluminaci\u00f3n<\/strong>: La luz en la pintura parece provenir de un \u00e1ngulo lateral, iluminando las hojas y, as\u00ed, creando sombras que a\u00f1aden profundidad. La utilizaci\u00f3n de la luz y la sombra es fundamental para dar volumen y realismo a los elementos naturales.<\/li>\n<li><strong>Efecto Luminoso<\/strong>: Asimismo, las hojas parecen brillar debido al contraste con el fondo oscuro, lo que sugiere un momento espec\u00edfico del d\u00eda, posiblemente el atardecer, cuando la luz es m\u00e1s c\u00e1lida y dorada.<\/li>\n<\/ul>\n<h4><strong>Tem\u00e1tica y Emoci\u00f3n<\/strong><\/h4>\n<ul>\n<li><strong>Tem\u00e1tica<\/strong>: Ciertamente, la obra celebra la belleza de la naturaleza en oto\u00f1o, capturando un momento ef\u00edmero de cambio y transici\u00f3n.<\/li>\n<li><strong>Emoci\u00f3n<\/strong>: La pintura evoca as\u00ed una sensaci\u00f3n de tranquilidad y admiraci\u00f3n por la naturaleza. Los colores c\u00e1lidos y la luz suave crean una atm\u00f3sfera acogedora y nost\u00e1lgica.<\/li>\n<\/ul>\n<p><strong>Concluyendo, \u201cPaisaje II\u201d es una obra que demuestra la habilidad de Rafael Ram\u00edrez para capturar la esencia de un paisaje oto\u00f1al a trav\u00e9s del uso del color, la luz y la composici\u00f3n. Su estilo impresionista permite al espectador experimentar la belleza y la serenidad del momento representado.<\/strong><\/p>\n<div>\n<blockquote><p><strong>PAISAJE II<\/strong><\/p>\n<p>Pintura al \u00d3leo sobre lienzo.<\/p>\n<p>Realizada por Rafael Ram\u00edrez.<\/p>\n<p>T\u00e9cnica: \u00d3leo sobre lienzo \/ tela.<\/p>\n<p>Tama\u00f1o: 116 x 89 cm. \u2013 45.66 x 35.03 in.<\/p><\/blockquote>\n<\/div>\n<p><strong>Espero te haya gustado la pintura. \u00bfQu\u00e9 sentimientos evoca en ti esta obra? Te invito a dejar tus comentarios debajo del post \u00a1Saludos!<\/strong><\/p>\n<p>M\u00e1s informaci\u00f3n:<\/p>\n<ul>\n<li><a href=\"https:\/\/rafaramirez.org\/blog\/index.php\/category\/mi-pintura\/pintura-al-oleo\/\" target=\"_blank\" rel=\"noopener\">Mi pintura al \u00f3leo<\/a>.<\/li>\n<li><a href=\"https:\/\/rafaramirez.org\/blog\/index.php\/category\/mi-pintura\/\" target=\"_blank\" rel=\"noopener\">Toda mi pintura<\/a>.<\/li>\n<li><a href=\"https:\/\/es.pinterest.com\/Ramirez_Rafa\/\" target=\"_blank\" rel=\"noopener\">En Pinterest.<\/a><\/li>\n<\/ul>\n","protected":false},"excerpt":{"rendered":"<p>La pintura al \u00f3leo \u201cPaisaje II\u201d de Rafael Ram\u00edrez es una obra vibrante que nos transporta al oto\u00f1o. En esta pintura, se destacan los tonos c\u00e1lidos de las hojas de los \u00e1rboles, con colores como el rojo, naranja y amarillo. El fondo sugiere un \u00e1rea boscosa con tonos m\u00e1s oscuros, lo que proporciona un contraste [&hellip;]<\/p>\n","protected":false},"author":3,"featured_media":6646,"comment_status":"open","ping_status":"closed","sticky":false,"template":"","format":"standard","meta":{"site-container-style":"default","site-container-layout":"default","site-sidebar-layout":"default","disable-article-header":"default","disable-site-header":"default","disable-site-footer":"default","disable-content-area-spacing":"default","_jetpack_newsletter_access":"","_jetpack_dont_email_post_to_subs":false,"_jetpack_newsletter_tier_id":0,"_jetpack_memberships_contains_paywalled_content":false,"_jetpack_feature_clip_id":0,"_jetpack_memberships_contains_paid_content":false,"footnotes":"","jetpack_publicize_message":"","jetpack_publicize_feature_enabled":true,"jetpack_social_post_already_shared":true,"jetpack_social_options":{"image_generator_settings":{"template":"highway","default_image_id":0,"font":"","enabled":false},"version":2},"jetpack_post_was_ever_published":false},"categories":[6,8],"tags":[3719,40,42,68,686,687,980,688,981,124,139,699,342,344,2516,373,375,378,379,526,407],"class_list":["post-6626","post","type-post","status-publish","format-standard","has-post-thumbnail","hentry","category-mi-pintura","category-pintura-al-oleo","tag-paisaje-ii-pintura-al-oleo-de-rafael-ramirez","tag-arte","tag-arte-y-cultura","tag-blog-de-rafael-ramirez","tag-cuadro","tag-cuadro-pintado-a-mano","tag-cuadros-al-oleo","tag-cuadros-alegres","tag-cuadros-impresionistas","tag-cuadros-originales","tag-destacado","tag-el-paisaje","tag-otono","tag-paisaje","tag-paisaje-al-oleo","tag-pintura-al-oleo","tag-pintura-de-rafael-ramirez","tag-pintura-impresionista","tag-pintura-original","tag-rafael-ramirez-pintor","tag-rafael-ramirez-pintura-artistica"],"yoast_head":"<!-- This site is optimized with the Yoast SEO plugin v28.4 - https:\/\/yoast.com\/product\/yoast-seo-wordpress\/ -->\n<title>&quot;Paisaje II&quot; pintura de Rafael Ram\u00edrez | \u00d3leo de 116 x 89 cm. | Atm\u00f3sfera acogedora y nost\u00e1lgica. - Blog de Rafael Ram\u00edrez<\/title>\n<meta name=\"description\" content=\"La pintura al \u00f3leo\u00a0\u201cPaisaje II\u201d\u00a0de\u00a0Rafael Ram\u00edrez\u00a0es una obra vibrante que captura la esencia del oto\u00f1o. En esta pintura destacan los tonos...\" \/>\n<meta name=\"robots\" content=\"index, follow, max-snippet:-1, max-image-preview:large, max-video-preview:-1\" \/>\n<link rel=\"canonical\" href=\"https:\/\/rafaramirez.org\/blog\/index.php\/2024\/11\/04\/paisaje-ii-pintura-de-rafael-ramirez\/\" \/>\n<meta property=\"og:locale\" content=\"es_ES\" \/>\n<meta property=\"og:type\" content=\"article\" \/>\n<meta property=\"og:title\" content=\"&quot;Paisaje II&quot; pintura de Rafael Ram\u00edrez | \u00d3leo de 116 x 89 cm. | Atm\u00f3sfera acogedora y nost\u00e1lgica. - Blog de Rafael Ram\u00edrez\" \/>\n<meta property=\"og:description\" content=\"La pintura al \u00f3leo\u00a0\u201cPaisaje II\u201d\u00a0de\u00a0Rafael Ram\u00edrez\u00a0es una obra vibrante que captura la esencia del oto\u00f1o. En esta pintura destacan los tonos...\" \/>\n<meta property=\"og:url\" content=\"https:\/\/rafaramirez.org\/blog\/index.php\/2024\/11\/04\/paisaje-ii-pintura-de-rafael-ramirez\/\" \/>\n<meta property=\"og:site_name\" content=\"Blog de Rafael Ram\u00edrez\" \/>\n<meta property=\"article:published_time\" content=\"2024-11-04T07:25:02+00:00\" \/>\n<meta property=\"article:modified_time\" content=\"2024-11-04T11:34:47+00:00\" \/>\n<meta property=\"og:image\" content=\"https:\/\/rafaramirez.org\/blog\/wp-content\/uploads\/2024\/11\/Paisaje-II.-Pintura-oleo-Rafael-Ramirez_banner.jpg\" \/>\n\t<meta property=\"og:image:width\" content=\"720\" \/>\n\t<meta property=\"og:image:height\" content=\"440\" \/>\n\t<meta property=\"og:image:type\" content=\"image\/jpeg\" \/>\n<meta name=\"author\" content=\"Documentaci\u00f3n e investigaci\u00f3n\" \/>\n<meta name=\"twitter:card\" content=\"summary_large_image\" \/>\n<meta name=\"twitter:site\" content=\"@rafaramirez_ok\" \/>\n<meta name=\"twitter:label1\" content=\"Escrito por\" \/>\n\t<meta name=\"twitter:data1\" content=\"Documentaci\u00f3n e investigaci\u00f3n\" \/>\n\t<meta name=\"twitter:label2\" content=\"Tiempo de lectura\" \/>\n\t<meta name=\"twitter:data2\" content=\"3 minutos\" \/>\n<script type=\"application\/ld+json\" class=\"yoast-schema-graph\">{\"@context\":\"https:\\\/\\\/schema.org\",\"@graph\":[{\"@type\":\"Article\",\"@id\":\"https:\\\/\\\/rafaramirez.org\\\/blog\\\/index.php\\\/2024\\\/11\\\/04\\\/paisaje-ii-pintura-de-rafael-ramirez\\\/#article\",\"isPartOf\":{\"@id\":\"https:\\\/\\\/rafaramirez.org\\\/blog\\\/index.php\\\/2024\\\/11\\\/04\\\/paisaje-ii-pintura-de-rafael-ramirez\\\/\"},\"author\":{\"name\":\"Documentaci\u00f3n e investigaci\u00f3n\",\"@id\":\"https:\\\/\\\/rafaramirez.org\\\/blog\\\/#\\\/schema\\\/person\\\/8debd05b3d9a1d16fb21af726811617d\"},\"headline\":\"\u00abPaisaje II\u00bb pintura de Rafael Ram\u00edrez | \u00d3leo de 116 x 89 cm. | Atm\u00f3sfera acogedora y nost\u00e1lgica.\",\"datePublished\":\"2024-11-04T07:25:02+00:00\",\"dateModified\":\"2024-11-04T11:34:47+00:00\",\"mainEntityOfPage\":{\"@id\":\"https:\\\/\\\/rafaramirez.org\\\/blog\\\/index.php\\\/2024\\\/11\\\/04\\\/paisaje-ii-pintura-de-rafael-ramirez\\\/\"},\"wordCount\":709,\"commentCount\":0,\"publisher\":{\"@id\":\"https:\\\/\\\/rafaramirez.org\\\/blog\\\/#\\\/schema\\\/person\\\/50f43b6d60c578760d4c17bda54ab6a5\"},\"image\":{\"@id\":\"https:\\\/\\\/rafaramirez.org\\\/blog\\\/index.php\\\/2024\\\/11\\\/04\\\/paisaje-ii-pintura-de-rafael-ramirez\\\/#primaryimage\"},\"thumbnailUrl\":\"https:\\\/\\\/rafaramirez.org\\\/blog\\\/wp-content\\\/uploads\\\/2024\\\/11\\\/Paisaje-II.-Pintura-oleo-Rafael-Ramirez_banner.jpg\",\"keywords\":[\"\\\"Paisaje II\\\" pintura al \u00f3leo de Rafael Ram\u00edrez\",\"arte\",\"arte y cultura\",\"blog de Rafael Ram\u00edrez\",\"cuadro\",\"cuadro pintado a mano\",\"cuadros al \u00f3leo\",\"cuadros alegres\",\"cuadros impresionistas\",\"cuadros originales\",\"destacado\",\"el paisaje\",\"Oto\u00f1o\",\"paisaje\",\"paisaje al \u00f3leo\",\"pintura al \u00f3leo\",\"pintura de rafael ram\u00edrez\",\"pintura impresionista\",\"pintura original\",\"rafael ramirez pintor\",\"rafael ram\u00edrez pintura art\u00edstica\"],\"articleSection\":[\"Mi pintura\",\"Pintura al \u00f3leo\"],\"inLanguage\":\"es\",\"potentialAction\":[{\"@type\":\"CommentAction\",\"name\":\"Comment\",\"target\":[\"https:\\\/\\\/rafaramirez.org\\\/blog\\\/index.php\\\/2024\\\/11\\\/04\\\/paisaje-ii-pintura-de-rafael-ramirez\\\/#respond\"]}]},{\"@type\":\"WebPage\",\"@id\":\"https:\\\/\\\/rafaramirez.org\\\/blog\\\/index.php\\\/2024\\\/11\\\/04\\\/paisaje-ii-pintura-de-rafael-ramirez\\\/\",\"url\":\"https:\\\/\\\/rafaramirez.org\\\/blog\\\/index.php\\\/2024\\\/11\\\/04\\\/paisaje-ii-pintura-de-rafael-ramirez\\\/\",\"name\":\"\\\"Paisaje II\\\" pintura de Rafael Ram\u00edrez | \u00d3leo de 116 x 89 cm. | Atm\u00f3sfera acogedora y nost\u00e1lgica. - Blog de Rafael Ram\u00edrez\",\"isPartOf\":{\"@id\":\"https:\\\/\\\/rafaramirez.org\\\/blog\\\/#website\"},\"primaryImageOfPage\":{\"@id\":\"https:\\\/\\\/rafaramirez.org\\\/blog\\\/index.php\\\/2024\\\/11\\\/04\\\/paisaje-ii-pintura-de-rafael-ramirez\\\/#primaryimage\"},\"image\":{\"@id\":\"https:\\\/\\\/rafaramirez.org\\\/blog\\\/index.php\\\/2024\\\/11\\\/04\\\/paisaje-ii-pintura-de-rafael-ramirez\\\/#primaryimage\"},\"thumbnailUrl\":\"https:\\\/\\\/rafaramirez.org\\\/blog\\\/wp-content\\\/uploads\\\/2024\\\/11\\\/Paisaje-II.-Pintura-oleo-Rafael-Ramirez_banner.jpg\",\"datePublished\":\"2024-11-04T07:25:02+00:00\",\"dateModified\":\"2024-11-04T11:34:47+00:00\",\"description\":\"La pintura al \u00f3leo\u00a0\u201cPaisaje II\u201d\u00a0de\u00a0Rafael Ram\u00edrez\u00a0es una obra vibrante que captura la esencia del oto\u00f1o. En esta pintura destacan los tonos...\",\"breadcrumb\":{\"@id\":\"https:\\\/\\\/rafaramirez.org\\\/blog\\\/index.php\\\/2024\\\/11\\\/04\\\/paisaje-ii-pintura-de-rafael-ramirez\\\/#breadcrumb\"},\"inLanguage\":\"es\",\"potentialAction\":[{\"@type\":\"ReadAction\",\"target\":[\"https:\\\/\\\/rafaramirez.org\\\/blog\\\/index.php\\\/2024\\\/11\\\/04\\\/paisaje-ii-pintura-de-rafael-ramirez\\\/\"]}]},{\"@type\":\"ImageObject\",\"inLanguage\":\"es\",\"@id\":\"https:\\\/\\\/rafaramirez.org\\\/blog\\\/index.php\\\/2024\\\/11\\\/04\\\/paisaje-ii-pintura-de-rafael-ramirez\\\/#primaryimage\",\"url\":\"https:\\\/\\\/rafaramirez.org\\\/blog\\\/wp-content\\\/uploads\\\/2024\\\/11\\\/Paisaje-II.-Pintura-oleo-Rafael-Ramirez_banner.jpg\",\"contentUrl\":\"https:\\\/\\\/rafaramirez.org\\\/blog\\\/wp-content\\\/uploads\\\/2024\\\/11\\\/Paisaje-II.-Pintura-oleo-Rafael-Ramirez_banner.jpg\",\"width\":720,\"height\":440,\"caption\":\"Paisaje II. Pintura al \u00f3leo de Rafael Ram\u00edrez.\"},{\"@type\":\"BreadcrumbList\",\"@id\":\"https:\\\/\\\/rafaramirez.org\\\/blog\\\/index.php\\\/2024\\\/11\\\/04\\\/paisaje-ii-pintura-de-rafael-ramirez\\\/#breadcrumb\",\"itemListElement\":[{\"@type\":\"ListItem\",\"position\":1,\"name\":\"Portada\",\"item\":\"https:\\\/\\\/rafaramirez.org\\\/blog\\\/\"},{\"@type\":\"ListItem\",\"position\":2,\"name\":\"\u00abPaisaje II\u00bb pintura de Rafael Ram\u00edrez | \u00d3leo de 116 x 89 cm. | Atm\u00f3sfera acogedora y nost\u00e1lgica.\"}]},{\"@type\":\"WebSite\",\"@id\":\"https:\\\/\\\/rafaramirez.org\\\/blog\\\/#website\",\"url\":\"https:\\\/\\\/rafaramirez.org\\\/blog\\\/\",\"name\":\"Blog de Rafael Ram\u00edrez\",\"description\":\"Un sitio social, de arte y cultura\",\"publisher\":{\"@id\":\"https:\\\/\\\/rafaramirez.org\\\/blog\\\/#\\\/schema\\\/person\\\/50f43b6d60c578760d4c17bda54ab6a5\"},\"potentialAction\":[{\"@type\":\"SearchAction\",\"target\":{\"@type\":\"EntryPoint\",\"urlTemplate\":\"https:\\\/\\\/rafaramirez.org\\\/blog\\\/?s={search_term_string}\"},\"query-input\":{\"@type\":\"PropertyValueSpecification\",\"valueRequired\":true,\"valueName\":\"search_term_string\"}}],\"inLanguage\":\"es\"},{\"@type\":[\"Person\",\"Organization\"],\"@id\":\"https:\\\/\\\/rafaramirez.org\\\/blog\\\/#\\\/schema\\\/person\\\/50f43b6d60c578760d4c17bda54ab6a5\",\"name\":\"Rafael Ram\u00edrez\",\"image\":{\"@type\":\"ImageObject\",\"inLanguage\":\"es\",\"@id\":\"https:\\\/\\\/rafaramirez.org\\\/blog\\\/wp-content\\\/uploads\\\/2024\\\/09\\\/RR_socialnetwork.jpg\",\"url\":\"https:\\\/\\\/rafaramirez.org\\\/blog\\\/wp-content\\\/uploads\\\/2024\\\/09\\\/RR_socialnetwork.jpg\",\"contentUrl\":\"https:\\\/\\\/rafaramirez.org\\\/blog\\\/wp-content\\\/uploads\\\/2024\\\/09\\\/RR_socialnetwork.jpg\",\"width\":600,\"height\":606,\"caption\":\"Rafael Ram\u00edrez\"},\"logo\":{\"@id\":\"https:\\\/\\\/rafaramirez.org\\\/blog\\\/wp-content\\\/uploads\\\/2024\\\/09\\\/RR_socialnetwork.jpg\"},\"sameAs\":[\"https:\\\/\\\/www.rafaramirez.org\\\/blog\",\"https:\\\/\\\/www.instagram.com\\\/rafaramirez_ok\\\/\",\"https:\\\/\\\/es.pinterest.com\\\/Ramirez_Rafa\\\/\",\"https:\\\/\\\/x.com\\\/rafaramirez_ok\"]},{\"@type\":\"Person\",\"@id\":\"https:\\\/\\\/rafaramirez.org\\\/blog\\\/#\\\/schema\\\/person\\\/8debd05b3d9a1d16fb21af726811617d\",\"name\":\"Documentaci\u00f3n e investigaci\u00f3n\",\"image\":{\"@type\":\"ImageObject\",\"inLanguage\":\"es\",\"@id\":\"https:\\\/\\\/secure.gravatar.com\\\/avatar\\\/fe70e496579a39c7a8fc4982b89275403b1092eb200623138a32daada9416911?s=96&d=mm&r=g\",\"url\":\"https:\\\/\\\/secure.gravatar.com\\\/avatar\\\/fe70e496579a39c7a8fc4982b89275403b1092eb200623138a32daada9416911?s=96&d=mm&r=g\",\"contentUrl\":\"https:\\\/\\\/secure.gravatar.com\\\/avatar\\\/fe70e496579a39c7a8fc4982b89275403b1092eb200623138a32daada9416911?s=96&d=mm&r=g\",\"caption\":\"Documentaci\u00f3n e investigaci\u00f3n\"},\"url\":\"https:\\\/\\\/rafaramirez.org\\\/blog\\\/index.php\\\/author\\\/admin\\\/\"}]}<\/script>\n<!-- \/ Yoast SEO plugin. -->","yoast_head_json":{"title":"\"Paisaje II\" pintura de Rafael Ram\u00edrez | \u00d3leo de 116 x 89 cm. | Atm\u00f3sfera acogedora y nost\u00e1lgica. - Blog de Rafael Ram\u00edrez","description":"La pintura al \u00f3leo\u00a0\u201cPaisaje II\u201d\u00a0de\u00a0Rafael Ram\u00edrez\u00a0es una obra vibrante que captura la esencia del oto\u00f1o. En esta pintura destacan los tonos...","robots":{"index":"index","follow":"follow","max-snippet":"max-snippet:-1","max-image-preview":"max-image-preview:large","max-video-preview":"max-video-preview:-1"},"canonical":"https:\/\/rafaramirez.org\/blog\/index.php\/2024\/11\/04\/paisaje-ii-pintura-de-rafael-ramirez\/","og_locale":"es_ES","og_type":"article","og_title":"\"Paisaje II\" pintura de Rafael Ram\u00edrez | \u00d3leo de 116 x 89 cm. | Atm\u00f3sfera acogedora y nost\u00e1lgica. - Blog de Rafael Ram\u00edrez","og_description":"La pintura al \u00f3leo\u00a0\u201cPaisaje II\u201d\u00a0de\u00a0Rafael Ram\u00edrez\u00a0es una obra vibrante que captura la esencia del oto\u00f1o. En esta pintura destacan los tonos...","og_url":"https:\/\/rafaramirez.org\/blog\/index.php\/2024\/11\/04\/paisaje-ii-pintura-de-rafael-ramirez\/","og_site_name":"Blog de Rafael Ram\u00edrez","article_published_time":"2024-11-04T07:25:02+00:00","article_modified_time":"2024-11-04T11:34:47+00:00","og_image":[{"width":720,"height":440,"url":"https:\/\/rafaramirez.org\/blog\/wp-content\/uploads\/2024\/11\/Paisaje-II.-Pintura-oleo-Rafael-Ramirez_banner.jpg","type":"image\/jpeg"}],"author":"Documentaci\u00f3n e investigaci\u00f3n","twitter_card":"summary_large_image","twitter_site":"@rafaramirez_ok","twitter_misc":{"Escrito por":"Documentaci\u00f3n e investigaci\u00f3n","Tiempo de lectura":"3 minutos"},"schema":{"@context":"https:\/\/schema.org","@graph":[{"@type":"Article","@id":"https:\/\/rafaramirez.org\/blog\/index.php\/2024\/11\/04\/paisaje-ii-pintura-de-rafael-ramirez\/#article","isPartOf":{"@id":"https:\/\/rafaramirez.org\/blog\/index.php\/2024\/11\/04\/paisaje-ii-pintura-de-rafael-ramirez\/"},"author":{"name":"Documentaci\u00f3n e investigaci\u00f3n","@id":"https:\/\/rafaramirez.org\/blog\/#\/schema\/person\/8debd05b3d9a1d16fb21af726811617d"},"headline":"\u00abPaisaje II\u00bb pintura de Rafael Ram\u00edrez | \u00d3leo de 116 x 89 cm. | Atm\u00f3sfera acogedora y nost\u00e1lgica.","datePublished":"2024-11-04T07:25:02+00:00","dateModified":"2024-11-04T11:34:47+00:00","mainEntityOfPage":{"@id":"https:\/\/rafaramirez.org\/blog\/index.php\/2024\/11\/04\/paisaje-ii-pintura-de-rafael-ramirez\/"},"wordCount":709,"commentCount":0,"publisher":{"@id":"https:\/\/rafaramirez.org\/blog\/#\/schema\/person\/50f43b6d60c578760d4c17bda54ab6a5"},"image":{"@id":"https:\/\/rafaramirez.org\/blog\/index.php\/2024\/11\/04\/paisaje-ii-pintura-de-rafael-ramirez\/#primaryimage"},"thumbnailUrl":"https:\/\/rafaramirez.org\/blog\/wp-content\/uploads\/2024\/11\/Paisaje-II.-Pintura-oleo-Rafael-Ramirez_banner.jpg","keywords":["\"Paisaje II\" pintura al \u00f3leo de Rafael Ram\u00edrez","arte","arte y cultura","blog de Rafael Ram\u00edrez","cuadro","cuadro pintado a mano","cuadros al \u00f3leo","cuadros alegres","cuadros impresionistas","cuadros originales","destacado","el paisaje","Oto\u00f1o","paisaje","paisaje al \u00f3leo","pintura al \u00f3leo","pintura de rafael ram\u00edrez","pintura impresionista","pintura original","rafael ramirez pintor","rafael ram\u00edrez pintura art\u00edstica"],"articleSection":["Mi pintura","Pintura al \u00f3leo"],"inLanguage":"es","potentialAction":[{"@type":"CommentAction","name":"Comment","target":["https:\/\/rafaramirez.org\/blog\/index.php\/2024\/11\/04\/paisaje-ii-pintura-de-rafael-ramirez\/#respond"]}]},{"@type":"WebPage","@id":"https:\/\/rafaramirez.org\/blog\/index.php\/2024\/11\/04\/paisaje-ii-pintura-de-rafael-ramirez\/","url":"https:\/\/rafaramirez.org\/blog\/index.php\/2024\/11\/04\/paisaje-ii-pintura-de-rafael-ramirez\/","name":"\"Paisaje II\" pintura de Rafael Ram\u00edrez | \u00d3leo de 116 x 89 cm. | Atm\u00f3sfera acogedora y nost\u00e1lgica. - Blog de Rafael Ram\u00edrez","isPartOf":{"@id":"https:\/\/rafaramirez.org\/blog\/#website"},"primaryImageOfPage":{"@id":"https:\/\/rafaramirez.org\/blog\/index.php\/2024\/11\/04\/paisaje-ii-pintura-de-rafael-ramirez\/#primaryimage"},"image":{"@id":"https:\/\/rafaramirez.org\/blog\/index.php\/2024\/11\/04\/paisaje-ii-pintura-de-rafael-ramirez\/#primaryimage"},"thumbnailUrl":"https:\/\/rafaramirez.org\/blog\/wp-content\/uploads\/2024\/11\/Paisaje-II.-Pintura-oleo-Rafael-Ramirez_banner.jpg","datePublished":"2024-11-04T07:25:02+00:00","dateModified":"2024-11-04T11:34:47+00:00","description":"La pintura al \u00f3leo\u00a0\u201cPaisaje II\u201d\u00a0de\u00a0Rafael Ram\u00edrez\u00a0es una obra vibrante que captura la esencia del oto\u00f1o. En esta pintura destacan los tonos...","breadcrumb":{"@id":"https:\/\/rafaramirez.org\/blog\/index.php\/2024\/11\/04\/paisaje-ii-pintura-de-rafael-ramirez\/#breadcrumb"},"inLanguage":"es","potentialAction":[{"@type":"ReadAction","target":["https:\/\/rafaramirez.org\/blog\/index.php\/2024\/11\/04\/paisaje-ii-pintura-de-rafael-ramirez\/"]}]},{"@type":"ImageObject","inLanguage":"es","@id":"https:\/\/rafaramirez.org\/blog\/index.php\/2024\/11\/04\/paisaje-ii-pintura-de-rafael-ramirez\/#primaryimage","url":"https:\/\/rafaramirez.org\/blog\/wp-content\/uploads\/2024\/11\/Paisaje-II.-Pintura-oleo-Rafael-Ramirez_banner.jpg","contentUrl":"https:\/\/rafaramirez.org\/blog\/wp-content\/uploads\/2024\/11\/Paisaje-II.-Pintura-oleo-Rafael-Ramirez_banner.jpg","width":720,"height":440,"caption":"Paisaje II. Pintura al \u00f3leo de Rafael Ram\u00edrez."},{"@type":"BreadcrumbList","@id":"https:\/\/rafaramirez.org\/blog\/index.php\/2024\/11\/04\/paisaje-ii-pintura-de-rafael-ramirez\/#breadcrumb","itemListElement":[{"@type":"ListItem","position":1,"name":"Portada","item":"https:\/\/rafaramirez.org\/blog\/"},{"@type":"ListItem","position":2,"name":"\u00abPaisaje II\u00bb pintura de Rafael Ram\u00edrez | \u00d3leo de 116 x 89 cm. | Atm\u00f3sfera acogedora y nost\u00e1lgica."}]},{"@type":"WebSite","@id":"https:\/\/rafaramirez.org\/blog\/#website","url":"https:\/\/rafaramirez.org\/blog\/","name":"Blog de Rafael Ram\u00edrez","description":"Un sitio social, de arte y cultura","publisher":{"@id":"https:\/\/rafaramirez.org\/blog\/#\/schema\/person\/50f43b6d60c578760d4c17bda54ab6a5"},"potentialAction":[{"@type":"SearchAction","target":{"@type":"EntryPoint","urlTemplate":"https:\/\/rafaramirez.org\/blog\/?s={search_term_string}"},"query-input":{"@type":"PropertyValueSpecification","valueRequired":true,"valueName":"search_term_string"}}],"inLanguage":"es"},{"@type":["Person","Organization"],"@id":"https:\/\/rafaramirez.org\/blog\/#\/schema\/person\/50f43b6d60c578760d4c17bda54ab6a5","name":"Rafael Ram\u00edrez","image":{"@type":"ImageObject","inLanguage":"es","@id":"https:\/\/rafaramirez.org\/blog\/wp-content\/uploads\/2024\/09\/RR_socialnetwork.jpg","url":"https:\/\/rafaramirez.org\/blog\/wp-content\/uploads\/2024\/09\/RR_socialnetwork.jpg","contentUrl":"https:\/\/rafaramirez.org\/blog\/wp-content\/uploads\/2024\/09\/RR_socialnetwork.jpg","width":600,"height":606,"caption":"Rafael Ram\u00edrez"},"logo":{"@id":"https:\/\/rafaramirez.org\/blog\/wp-content\/uploads\/2024\/09\/RR_socialnetwork.jpg"},"sameAs":["https:\/\/www.rafaramirez.org\/blog","https:\/\/www.instagram.com\/rafaramirez_ok\/","https:\/\/es.pinterest.com\/Ramirez_Rafa\/","https:\/\/x.com\/rafaramirez_ok"]},{"@type":"Person","@id":"https:\/\/rafaramirez.org\/blog\/#\/schema\/person\/8debd05b3d9a1d16fb21af726811617d","name":"Documentaci\u00f3n e investigaci\u00f3n","image":{"@type":"ImageObject","inLanguage":"es","@id":"https:\/\/secure.gravatar.com\/avatar\/fe70e496579a39c7a8fc4982b89275403b1092eb200623138a32daada9416911?s=96&d=mm&r=g","url":"https:\/\/secure.gravatar.com\/avatar\/fe70e496579a39c7a8fc4982b89275403b1092eb200623138a32daada9416911?s=96&d=mm&r=g","contentUrl":"https:\/\/secure.gravatar.com\/avatar\/fe70e496579a39c7a8fc4982b89275403b1092eb200623138a32daada9416911?s=96&d=mm&r=g","caption":"Documentaci\u00f3n e investigaci\u00f3n"},"url":"https:\/\/rafaramirez.org\/blog\/index.php\/author\/admin\/"}]}},"jetpack_publicize_connections":[],"jetpack_sharing_enabled":true,"jetpack_likes_enabled":true,"jetpack_featured_media_url":"https:\/\/rafaramirez.org\/blog\/wp-content\/uploads\/2024\/11\/Paisaje-II.-Pintura-oleo-Rafael-Ramirez_banner.jpg","_links":{"self":[{"href":"https:\/\/rafaramirez.org\/blog\/index.php\/wp-json\/wp\/v2\/posts\/6626","targetHints":{"allow":["GET"]}}],"collection":[{"href":"https:\/\/rafaramirez.org\/blog\/index.php\/wp-json\/wp\/v2\/posts"}],"about":[{"href":"https:\/\/rafaramirez.org\/blog\/index.php\/wp-json\/wp\/v2\/types\/post"}],"author":[{"embeddable":true,"href":"https:\/\/rafaramirez.org\/blog\/index.php\/wp-json\/wp\/v2\/users\/3"}],"replies":[{"embeddable":true,"href":"https:\/\/rafaramirez.org\/blog\/index.php\/wp-json\/wp\/v2\/comments?post=6626"}],"version-history":[{"count":10,"href":"https:\/\/rafaramirez.org\/blog\/index.php\/wp-json\/wp\/v2\/posts\/6626\/revisions"}],"predecessor-version":[{"id":6764,"href":"https:\/\/rafaramirez.org\/blog\/index.php\/wp-json\/wp\/v2\/posts\/6626\/revisions\/6764"}],"wp:featuredmedia":[{"embeddable":true,"href":"https:\/\/rafaramirez.org\/blog\/index.php\/wp-json\/wp\/v2\/media\/6646"}],"wp:attachment":[{"href":"https:\/\/rafaramirez.org\/blog\/index.php\/wp-json\/wp\/v2\/media?parent=6626"}],"wp:term":[{"taxonomy":"category","embeddable":true,"href":"https:\/\/rafaramirez.org\/blog\/index.php\/wp-json\/wp\/v2\/categories?post=6626"},{"taxonomy":"post_tag","embeddable":true,"href":"https:\/\/rafaramirez.org\/blog\/index.php\/wp-json\/wp\/v2\/tags?post=6626"}],"curies":[{"name":"wp","href":"https:\/\/api.w.org\/{rel}","templated":true}]}}