{"id":6566,"date":"2024-10-30T08:15:57","date_gmt":"2024-10-30T07:15:57","guid":{"rendered":"https:\/\/rafaramirez.org\/blog\/?p=6566"},"modified":"2024-10-30T12:42:12","modified_gmt":"2024-10-30T11:42:12","slug":"el-hijo-de-la-novia","status":"publish","type":"post","link":"https:\/\/rafaramirez.org\/blog\/index.php\/2024\/10\/30\/el-hijo-de-la-novia\/","title":{"rendered":"\u00abEl hijo de la novia\u00bb pel\u00edcula que conmueve con su atm\u00f3sfera aut\u00e9ntica y emocional."},"content":{"rendered":"<p>Hoy os recomiendo \u201c<strong>El hijo de la novia<\/strong>\u201d pel\u00edcula argentina de 2001 dirigida por <strong>Juan Jos\u00e9 Campanella<\/strong>. La historia se desarrolla principalmente en la ciudad de <strong>Buenos Aires<\/strong>. Gran parte de la trama transcurre en el restaurante de Rafael y en los lugares que frecuenta en su vida diaria, como la casa de su madre y otros sitios emblem\u00e1ticos de la urbe bonaerense. Buenos Aires no solo sirve como tel\u00f3n de fondo, sino que tambi\u00e9n aporta una atm\u00f3sfera aut\u00e9ntica y emocional a la narrativa.<\/p>\n<p>La historia sigue a\u00a0<strong>Rafael Belvedere<\/strong> (interpretado por <strong>Ricardo Dar\u00edn<\/strong>), un hombre de 42 a\u00f1os que est\u00e1 abrumado por las responsabilidades de su restaurante, su vida personal y la relaci\u00f3n distante con su madre, quien sufre de<strong> Alzheimer<\/strong>.<\/p>\n<p>La trama se centra en c\u00f3mo Rafael se replantea su vida tras una serie de eventos inesperados, incluyendo el deseo de su padre de cumplir el sue\u00f1o de su madre: casarse por la Iglesia.\u00a0La pel\u00edcula <strong>combina drama y comedia<\/strong>, ofreciendo una reflexi\u00f3n sobre la familia, el amor y las segundas oportunidades.<\/p>\n<p>\u201cEl hijo de la novia\u201d fue muy <strong>bien recibida por la cr\u00edtica y el p\u00fablico<\/strong>, y fue <strong>nominada al Oscar a la Mejor Pel\u00edcula Extranjera<\/strong> en 2001. Adem\u00e1s, cuenta con las actuaciones destacadas de <strong>H\u00e9ctor Alterio<\/strong>\u00a0y\u00a0<strong>Norma Aleandro<\/strong>.<\/p>\n<figure id=\"attachment_6575\" aria-describedby=\"caption-attachment-6575\" style=\"width: 300px\" class=\"wp-caption aligncenter\"><a href=\"https:\/\/rafaramirez.org\/blog\/wp-content\/uploads\/2024\/10\/2001.El-hijo-de-la-novia_1.jpg\" target=\"_blank\" rel=\"noopener\"><img loading=\"lazy\" decoding=\"async\" class=\"wp-image-6575 size-medium\" src=\"https:\/\/rafaramirez.org\/blog\/wp-content\/uploads\/2024\/10\/2001.El-hijo-de-la-novia_1-300x169.jpg\" alt=\"Escena de El hijo de la novia (2001). Blog de Rafael Ram\u00edrez.\" width=\"300\" height=\"169\" srcset=\"https:\/\/rafaramirez.org\/blog\/wp-content\/uploads\/2024\/10\/2001.El-hijo-de-la-novia_1-300x169.jpg 300w, https:\/\/rafaramirez.org\/blog\/wp-content\/uploads\/2024\/10\/2001.El-hijo-de-la-novia_1-768x432.jpg 768w, https:\/\/rafaramirez.org\/blog\/wp-content\/uploads\/2024\/10\/2001.El-hijo-de-la-novia_1.jpg 1024w\" sizes=\"auto, (max-width: 300px) 100vw, 300px\" \/><\/a><figcaption id=\"caption-attachment-6575\" class=\"wp-caption-text\">Escena de El hijo de la novia (2001). Blog de Rafael Ram\u00edrez.<\/figcaption><\/figure>\n<h3>Trasfondo social de la pel\u00edcula.<\/h3>\n<p>\u201cEl hijo de la novia\u201d se enmarca en el contexto de la Argentina de principios de los a\u00f1os 2000, un per\u00edodo marcado por una <strong>profunda crisis econ\u00f3mica y social.<\/strong> La pel\u00edcula refleja, de manera sutil, las <strong>tensiones y desaf\u00edos que enfrentaban muchas familias argentinas<\/strong> en ese momento.<\/p>\n<p>El director, Juan Jos\u00e9 Campanella, utiliza esta situaci\u00f3n para explorar temas universales como <strong>la familia, la identidad y la b\u00fasqueda de la felicidad.<\/strong> La historia personal de Rafael, el protagonista, se entrelaza con estos temas, mostrando su lucha por encontrar un <strong>equilibrio entre sus responsabilidades y sus deseos personales.<\/strong><\/p>\n<p>Adem\u00e1s, la pel\u00edcula destaca la importancia de las relaciones interpersonales y el <strong>valor de las segundas oportunidades.<\/strong> A trav\u00e9s de la relaci\u00f3n de Rafael con su madre y su padre, se <strong>aborda el impacto del Alzheimer<\/strong> y c\u00f3mo la enfermedad afecta no solo al paciente, sino tambi\u00e9n a sus seres queridos.<\/p>\n<p>La elecci\u00f3n de Buenos Aires como escenario no es casual; como os he dicho antes, la ciudad aporta una <strong>atm\u00f3sfera rica y aut\u00e9ntica<\/strong> que complementa la narrativa, con sus calles, restaurantes y espacios que reflejan la vida cotidiana de los personajes.<\/p>\n<figure id=\"attachment_6576\" aria-describedby=\"caption-attachment-6576\" style=\"width: 300px\" class=\"wp-caption aligncenter\"><a href=\"https:\/\/rafaramirez.org\/blog\/wp-content\/uploads\/2024\/10\/2001.El-hijo-de-la-novia_3.jpg\" target=\"_blank\" rel=\"noopener\"><img loading=\"lazy\" decoding=\"async\" class=\"wp-image-6576 size-medium\" src=\"https:\/\/rafaramirez.org\/blog\/wp-content\/uploads\/2024\/10\/2001.El-hijo-de-la-novia_3-300x169.jpg\" alt=\"Escena de El hijo de la novia (2001). Blog de Rafael Ram\u00edrez.\" width=\"300\" height=\"169\" srcset=\"https:\/\/rafaramirez.org\/blog\/wp-content\/uploads\/2024\/10\/2001.El-hijo-de-la-novia_3-300x169.jpg 300w, https:\/\/rafaramirez.org\/blog\/wp-content\/uploads\/2024\/10\/2001.El-hijo-de-la-novia_3-768x432.jpg 768w, https:\/\/rafaramirez.org\/blog\/wp-content\/uploads\/2024\/10\/2001.El-hijo-de-la-novia_3.jpg 1024w\" sizes=\"auto, (max-width: 300px) 100vw, 300px\" \/><\/a><figcaption id=\"caption-attachment-6576\" class=\"wp-caption-text\">Escena de El hijo de la novia (2001). Blog de Rafael Ram\u00edrez.<\/figcaption><\/figure>\n<h3>Cr\u00edtica.<\/h3>\n<p>Cabe valorar de \u201cEl hijo de la novia\u201d, su capacidad para tocar <strong>temas profundos y universales con una mezcla de humor y drama,<\/strong> y por las destacadas actuaciones de su elenco principal.<\/p>\n<p>Sin duda, te recomiendo la pel\u00edcula por las interpretaciones de <strong>Ricardo Dar\u00edn, H\u00e9ctor Alterio y Norma Aleandro<\/strong> que son excepcionales. Cada uno aporta una profundidad emocional que hace que los personajes sean muy<strong> cre\u00edbles y entra\u00f1ables<\/strong>. Tambi\u00e9n por el guion de Juan Jos\u00e9 Campanella y <strong>Fernando Castets<\/strong> que es s\u00f3lido, logrando un <strong>equilibrio perfecto entre el drama y la comedia<\/strong> as\u00ed como sus di\u00e1logos naturales y\u00a0 llenos de <strong>momentos conmovedores y humor\u00edsticos.<\/strong><\/p>\n<p>Cabe destacar tambi\u00e9n que la pel\u00edcula aborda temas universales como la familia, el amor, la enfermedad y las segundas oportunidades de una manera sensible y reflexiva. La representaci\u00f3n del Alzheimer es particularmente conmovedora y realista.<\/p>\n<p>Por \u00faltimo <strong>rese\u00f1ar la direcci\u00f3n<\/strong>, Campanella dirige con maestr\u00eda la pel\u00edcula, creando una atm\u00f3sfera que captura la esencia de Buenos Aires y la vida cotidiana de los personajes. Su <strong>habilidad para mezclar humor y drama es notable.<\/strong><\/p>\n<figure id=\"attachment_6577\" aria-describedby=\"caption-attachment-6577\" style=\"width: 300px\" class=\"wp-caption aligncenter\"><a href=\"https:\/\/rafaramirez.org\/blog\/wp-content\/uploads\/2024\/10\/2001.El-hijo-de-la-novia_5.jpg\" target=\"_blank\" rel=\"noopener\"><img loading=\"lazy\" decoding=\"async\" class=\"wp-image-6577 size-medium\" src=\"https:\/\/rafaramirez.org\/blog\/wp-content\/uploads\/2024\/10\/2001.El-hijo-de-la-novia_5-300x169.jpg\" alt=\"Escena de El hijo de la novia (2001). Blog de Rafael Ram\u00edrez.\" width=\"300\" height=\"169\" srcset=\"https:\/\/rafaramirez.org\/blog\/wp-content\/uploads\/2024\/10\/2001.El-hijo-de-la-novia_5-300x169.jpg 300w, https:\/\/rafaramirez.org\/blog\/wp-content\/uploads\/2024\/10\/2001.El-hijo-de-la-novia_5-768x432.jpg 768w, https:\/\/rafaramirez.org\/blog\/wp-content\/uploads\/2024\/10\/2001.El-hijo-de-la-novia_5.jpg 1024w\" sizes=\"auto, (max-width: 300px) 100vw, 300px\" \/><\/a><figcaption id=\"caption-attachment-6577\" class=\"wp-caption-text\">Escena de El hijo de la novia (2001). Blog de Rafael Ram\u00edrez.<\/figcaption><\/figure>\n<h3>Datos interesantes de la pel\u00edcula.<\/h3>\n<p>Aqu\u00ed tienes algunos datos sobre el rodaje de \u201cEl hijo de la novia\u201d:<\/p>\n<ul>\n<li><strong>Localizaciones:<\/strong> La pel\u00edcula se film\u00f3 en varios lugares emblem\u00e1ticos de Buenos Aires, incluyendo el barrio de Versalles, donde se rodaron muchas de las escenas exteriores.\u00a0Tambi\u00e9n se utilizaron localizaciones como el <strong>Centro Monta\u00f1\u00e9s y La Escuela del \u00c1rbol en el barrio de Colegiales.<\/strong><\/li>\n<li><strong>Presupuesto y Recaudaci\u00f3n:<\/strong> La pel\u00edcula tuvo un presupuesto de aproximadamente 2 millones de d\u00f3lares y recaud\u00f3 m\u00e1s de 8,5 millones de d\u00f3lares, convirti\u00e9ndose en un <strong>\u00e9xito tanto de cr\u00edtica como de taquilla.<\/strong><\/li>\n<li><strong>Premios y Reconocimientos:<\/strong> \u201cEl hijo de la novia\u201d fue nominada al O<strong>scar a la Mejor Pel\u00edcula Extranjera en 2002<\/strong> y gan\u00f3 varios premios, incluyendo el<strong> C\u00f3ndor de Plata a la mejor pel\u00edcula.<\/strong><\/li>\n<li><strong>Inspiraci\u00f3n Personal:<\/strong> Juan Jos\u00e9 Campanella, el director, se inspir\u00f3 en su propia vida y en las experiencias de su familia para crear la historia.\u00a0La relaci\u00f3n entre Rafael y su madre est\u00e1 basada en la <strong>relaci\u00f3n de Campanella con su propia madre.<\/strong><\/li>\n<li><strong>Elenco:<\/strong> Ricardo Dar\u00edn, H\u00e9ctor Alterio y Norma Aleandro, quienes interpretan a los personajes principales, ya hab\u00edan trabajado juntos en otras producciones, lo que facilit\u00f3 la <strong>qu\u00edmica y la din\u00e1mica en pantalla.<\/strong><\/li>\n<\/ul>\n<p>Estos detalles ayudan a entender mejor el contexto y el esfuerzo detr\u00e1s de la creaci\u00f3n de esta <strong>emotiva pel\u00edcula.<\/strong><\/p>\n<figure id=\"attachment_6578\" aria-describedby=\"caption-attachment-6578\" style=\"width: 300px\" class=\"wp-caption aligncenter\"><a href=\"https:\/\/rafaramirez.org\/blog\/wp-content\/uploads\/2024\/10\/2001.El-hijo-de-la-novia_7.jpg\" target=\"_blank\" rel=\"noopener\"><img loading=\"lazy\" decoding=\"async\" class=\"wp-image-6578 size-medium\" src=\"https:\/\/rafaramirez.org\/blog\/wp-content\/uploads\/2024\/10\/2001.El-hijo-de-la-novia_7-300x169.jpg\" alt=\"Escena de la pel\u00edcula. Blog de Rafael Ram\u00edrez.\" width=\"300\" height=\"169\" srcset=\"https:\/\/rafaramirez.org\/blog\/wp-content\/uploads\/2024\/10\/2001.El-hijo-de-la-novia_7-300x169.jpg 300w, https:\/\/rafaramirez.org\/blog\/wp-content\/uploads\/2024\/10\/2001.El-hijo-de-la-novia_7-768x432.jpg 768w, https:\/\/rafaramirez.org\/blog\/wp-content\/uploads\/2024\/10\/2001.El-hijo-de-la-novia_7.jpg 1024w\" sizes=\"auto, (max-width: 300px) 100vw, 300px\" \/><\/a><figcaption id=\"caption-attachment-6578\" class=\"wp-caption-text\">Escena de El hijo de la novia (2001). Blog de Rafael Ram\u00edrez.<\/figcaption><\/figure>\n<h3>Premios y nominaciones.<\/h3>\n<p>\u201cEl hijo de la novia\u201d tuvo una <strong>excelente acogida<\/strong>\u00a0en diversos <strong>festivales y premios internacionales.<\/strong> Aqu\u00ed te dejo algunos de los m\u00e1s destacados:<\/p>\n<ul>\n<li><strong>Premios Oscar<\/strong>: Fue nominada al Oscar a la Mejor Pel\u00edcula Extranjera en 2002.<\/li>\n<li><strong>Festival de Cine de Montreal<\/strong>: Gan\u00f3 el Gran Premio Especial del Jurado y el premio a la Mejor Pel\u00edcula Latinoamericana.<\/li>\n<li><strong>Premios Goya<\/strong>: Recibi\u00f3 una nominaci\u00f3n al Goya a la Mejor Pel\u00edcula Extranjera de Habla Hispana.<\/li>\n<li><strong>Premios C\u00f3ndor de Plata<\/strong>: Gan\u00f3 varios premios, incluyendo Mejor Pel\u00edcula, Mejor Director (Juan Jos\u00e9 Campanella), Mejor Actor (Ricardo Dar\u00edn) y Mejor Actriz de Reparto (Norma Aleandro).<\/li>\n<li><strong>Festival de Cine de Valladolid<\/strong>: Gan\u00f3 la Espiga de Plata y el Premio del P\u00fablico a la Mejor Pel\u00edcula.<\/li>\n<li><strong>Premios Forqu\u00e9<\/strong>: Fue nominada a Mejor Pel\u00edcula.<\/li>\n<li><strong>Festival de Cine de Gramado<\/strong>: Norma Aleandro gan\u00f3 el premio a la Mejor Actriz y la pel\u00edcula recibi\u00f3 el Premio de la Cr\u00edtica y el Premio del P\u00fablico.<\/li>\n<\/ul>\n<p>Estos premios y nominaciones <strong>reflejan el impacto y la calidad de la pel\u00edcula,<\/strong> tanto a nivel nacional como internacional.<\/p>\n<h3>Ficha t\u00e9cnica de la pel\u00edcula.<\/h3>\n<ul>\n<li><strong>T\u00edtulo original<\/strong>: El hijo de la novia<\/li>\n<li><strong>A\u00f1o<\/strong>: 2001<\/li>\n<li><strong>Duraci\u00f3n<\/strong>: 124 minutos<\/li>\n<li><strong>Pa\u00eds<\/strong>: Argentina<\/li>\n<li><strong>Direcci\u00f3n<\/strong>: Juan Jos\u00e9 Campanella<\/li>\n<li><strong>Guion<\/strong>: Juan Jos\u00e9 Campanella, Fernando Castets<\/li>\n<li><strong>M\u00fasica<\/strong>: \u00c1ngel Illarramendi<\/li>\n<li><strong>Fotograf\u00eda<\/strong>: Daniel Shulman<\/li>\n<li><strong>Montaje<\/strong>: Camilo Antolini<\/li>\n<li><strong>Direcci\u00f3n art\u00edstica<\/strong>: Mercedes Alfons\u00edn<\/li>\n<li><strong>Escenograf\u00eda<\/strong>: Pablo Racioppi<\/li>\n<li><strong>Vestuario<\/strong>: Cecilia Monti<\/li>\n<li><strong>Producci\u00f3n<\/strong>: Adri\u00e1n Suar<\/li>\n<li><strong>Compa\u00f1\u00edas productoras<\/strong>: Patagonik Film Group, Pol-Ka Producciones, Jempsa, Tornasol Films<\/li>\n<li><strong>Distribuci\u00f3n<\/strong>: Buena Vista International<\/li>\n<li><strong>Presupuesto<\/strong>: 2 millones de d\u00f3lares<\/li>\n<li><strong>Recaudaci\u00f3n<\/strong>: 8,5 millones de d\u00f3lares<\/li>\n<\/ul>\n<h4>Reparto Principal:<\/h4>\n<ul>\n<li><strong>Ricardo Dar\u00edn<\/strong>\u00a0como Rafael Belvedere<\/li>\n<li><strong>H\u00e9ctor Alterio<\/strong>\u00a0como Nino Belvedere<\/li>\n<li><strong>Norma Aleandro<\/strong>\u00a0como Norma Belvedere<\/li>\n<li><strong>Eduardo Blanco<\/strong>\u00a0como Juan Carlos<\/li>\n<li><strong>Natalia Verbeke<\/strong>\u00a0como Naty<\/li>\n<\/ul>\n<h3>Trailer.<\/h3>\n<p><iframe loading=\"lazy\" title=\"YouTube video player\" src=\"https:\/\/www.youtube.com\/embed\/AoAU_eeSq4o?si=7kW4VDc1g5EP7fe9\" width=\"560\" height=\"315\" frameborder=\"0\" allowfullscreen=\"allowfullscreen\"><\/iframe><\/p>\n<p>En resumen, no puedes perderte \u201cEl hijo de la novia\u201d porque es una pel\u00edcula conmovedora que combina magistralmente el drama y la comedia. Las actuaciones de Ricardo Dar\u00edn, H\u00e9ctor Alterio y Norma Aleandro son excepcionales, y la historia ofrece una reflexi\u00f3n profunda sobre la familia, el amor y las segundas oportunidades. Adem\u00e1s, su ambientaci\u00f3n en Buenos Aires le da un toque aut\u00e9ntico y emocional que enriquece la narrativa.<\/p>\n<p><strong>Sin duda, es una obra que te har\u00e1 re\u00edr, llorar y pensar, todo en una sola experiencia cinematogr\u00e1fica. Puedes dejar tus comentarios debajo del post. \u00a1Saludos y disfrutad de la pel\u00edcula!<\/strong><\/p>\n<p>M\u00e1s informaci\u00f3n:<\/p>\n<ul>\n<li><a href=\"https:\/\/www.filmaffinity.com\/es\/film414743.html\" target=\"_blank\" rel=\"noopener\">Filmaffinity<\/a>.<\/li>\n<li><a href=\"https:\/\/es.wikipedia.org\/wiki\/El_hijo_de_la_novia\" target=\"_blank\" rel=\"noopener\">Wikipedia<\/a>.<\/li>\n<li><a href=\"https:\/\/bafc.buenosaires.gob.ar\/hecho-en-caba\/26\/el-hijo-de-la-novia\" target=\"_blank\" rel=\"noopener\">Buenos Aires Film Commission<\/a>.<\/li>\n<li><a href=\"https:\/\/www.imdb.com\/title\/tt0292542\/\" target=\"_blank\" rel=\"noopener\">IMDB<\/a>.<\/li>\n<li><a href=\"https:\/\/rafaramirez.org\/blog\/index.php\/category\/arte\/cine\/\" target=\"_blank\" rel=\"noopener\">M\u00e1s pel\u00edculas recomendadas<\/a>.<\/li>\n<\/ul>\n","protected":false},"excerpt":{"rendered":"<p>Hoy os recomiendo \u201cEl hijo de la novia\u201d pel\u00edcula argentina de 2001 dirigida por Juan Jos\u00e9 Campanella. La historia se desarrolla principalmente en la ciudad de Buenos Aires. Gran parte de la trama transcurre en el restaurante de Rafael y en los lugares que frecuenta en su vida diaria, como la casa de su madre [&hellip;]<\/p>\n","protected":false},"author":1,"featured_media":6574,"comment_status":"open","ping_status":"closed","sticky":false,"template":"","format":"standard","meta":{"site-container-style":"default","site-container-layout":"default","site-sidebar-layout":"default","disable-article-header":"default","disable-site-header":"default","disable-site-footer":"default","disable-content-area-spacing":"default","_jetpack_newsletter_access":"","_jetpack_dont_email_post_to_subs":false,"_jetpack_newsletter_tier_id":0,"_jetpack_memberships_contains_paywalled_content":false,"_jetpack_feature_clip_id":0,"_jetpack_memberships_contains_paid_content":false,"footnotes":"","jetpack_publicize_message":"","jetpack_publicize_feature_enabled":true,"jetpack_social_post_already_shared":true,"jetpack_social_options":{"image_generator_settings":{"template":"highway","default_image_id":0,"font":"","enabled":false},"version":2},"jetpack_post_was_ever_published":false},"categories":[711],"tags":[3685,1438,29,1332,68,3322,3689,3313,1569,2240,1437,2614,3691,762,1456,166,3695,3688,3693,3686,3323,3683,3690,3694,3692,3687,3684,897,3314],"class_list":["post-6566","post","type-post","status-publish","format-standard","has-post-thumbnail","hentry","category-cine","tag-el-hijo-de-la-novia-pelicula","tag-1438","tag-alzheimer","tag-argentina","tag-blog-de-rafael-ramirez","tag-calidad-cinematografica","tag-centro-montanes","tag-cine-argentino","tag-cine-de-comedia","tag-cine-social","tag-comedia","tag-comedia-dramatica","tag-condor-de-plata-a-la-mejor-pelicula","tag-critica-de-cine","tag-critica-de-peliculas","tag-espana","tag-espiga-de-plata-y-el-premio-del-publico-a-la-mejor-pelicula","tag-fernando-castets","tag-gran-premio-especial-del-jurado","tag-hector-alterio","tag-impacto-cultural","tag-juan-jose-campanella","tag-la-escuela-del-arbol-en-el-barrio-de-colegiales","tag-mejor-pelicula-latinoamericana","tag-nominada-al-oscar-a-la-mejor-pelicula-extranjera-en-2002","tag-norma-aleandro","tag-pelicula-argentina-de-2001","tag-pelicula-recomendada","tag-ricardo-darin"],"yoast_head":"<!-- This site is optimized with the Yoast SEO plugin v28.3 - https:\/\/yoast.com\/product\/yoast-seo-wordpress\/ -->\n<title>&quot;El hijo de la novia&quot; pel\u00edcula que conmueve con su atm\u00f3sfera aut\u00e9ntica y emocional. - Blog de Rafael Ram\u00edrez<\/title>\n<meta name=\"description\" content=\"Hoy os recomiendo \u201cEl hijo de la novia\u201d pel\u00edcula argentina dirigida por Juan Jos\u00e9 Campanella. La historia se desarrolla en Buenos Aires.\" \/>\n<meta name=\"robots\" content=\"index, follow, max-snippet:-1, max-image-preview:large, max-video-preview:-1\" \/>\n<link rel=\"canonical\" href=\"https:\/\/rafaramirez.org\/blog\/index.php\/2024\/10\/30\/el-hijo-de-la-novia\/\" \/>\n<meta property=\"og:locale\" content=\"es_ES\" \/>\n<meta property=\"og:type\" content=\"article\" \/>\n<meta property=\"og:title\" content=\"&quot;El hijo de la novia&quot; pel\u00edcula que conmueve con su atm\u00f3sfera aut\u00e9ntica y emocional. - Blog de Rafael Ram\u00edrez\" \/>\n<meta property=\"og:description\" content=\"Hoy os recomiendo \u201cEl hijo de la novia\u201d pel\u00edcula argentina dirigida por Juan Jos\u00e9 Campanella. La historia se desarrolla en Buenos Aires.\" \/>\n<meta property=\"og:url\" content=\"https:\/\/rafaramirez.org\/blog\/index.php\/2024\/10\/30\/el-hijo-de-la-novia\/\" \/>\n<meta property=\"og:site_name\" content=\"Blog de Rafael Ram\u00edrez\" \/>\n<meta property=\"article:published_time\" content=\"2024-10-30T07:15:57+00:00\" \/>\n<meta property=\"article:modified_time\" content=\"2024-10-30T11:42:12+00:00\" \/>\n<meta property=\"og:image\" content=\"https:\/\/rafaramirez.org\/blog\/wp-content\/uploads\/2024\/10\/El_hijo_de_la_novia_banner.jpg\" \/>\n\t<meta property=\"og:image:width\" content=\"720\" \/>\n\t<meta property=\"og:image:height\" content=\"440\" \/>\n\t<meta property=\"og:image:type\" content=\"image\/jpeg\" \/>\n<meta name=\"author\" content=\"Rafael Ram\u00edrez\" \/>\n<meta name=\"twitter:card\" content=\"summary_large_image\" \/>\n<meta name=\"twitter:creator\" content=\"@rafaramirez_ok\" \/>\n<meta name=\"twitter:site\" content=\"@rafaramirez_ok\" \/>\n<meta name=\"twitter:label1\" content=\"Escrito por\" \/>\n\t<meta name=\"twitter:data1\" content=\"Rafael Ram\u00edrez\" \/>\n\t<meta name=\"twitter:label2\" content=\"Tiempo de lectura\" \/>\n\t<meta name=\"twitter:data2\" content=\"7 minutos\" \/>\n<script type=\"application\/ld+json\" class=\"yoast-schema-graph\">{\"@context\":\"https:\\\/\\\/schema.org\",\"@graph\":[{\"@type\":\"Article\",\"@id\":\"https:\\\/\\\/rafaramirez.org\\\/blog\\\/index.php\\\/2024\\\/10\\\/30\\\/el-hijo-de-la-novia\\\/#article\",\"isPartOf\":{\"@id\":\"https:\\\/\\\/rafaramirez.org\\\/blog\\\/index.php\\\/2024\\\/10\\\/30\\\/el-hijo-de-la-novia\\\/\"},\"author\":{\"name\":\"Rafael Ram\u00edrez\",\"@id\":\"https:\\\/\\\/rafaramirez.org\\\/blog\\\/#\\\/schema\\\/person\\\/50f43b6d60c578760d4c17bda54ab6a5\"},\"headline\":\"\u00abEl hijo de la novia\u00bb pel\u00edcula que conmueve con su atm\u00f3sfera aut\u00e9ntica y emocional.\",\"datePublished\":\"2024-10-30T07:15:57+00:00\",\"dateModified\":\"2024-10-30T11:42:12+00:00\",\"mainEntityOfPage\":{\"@id\":\"https:\\\/\\\/rafaramirez.org\\\/blog\\\/index.php\\\/2024\\\/10\\\/30\\\/el-hijo-de-la-novia\\\/\"},\"wordCount\":1397,\"commentCount\":0,\"publisher\":{\"@id\":\"https:\\\/\\\/rafaramirez.org\\\/blog\\\/#\\\/schema\\\/person\\\/50f43b6d60c578760d4c17bda54ab6a5\"},\"image\":{\"@id\":\"https:\\\/\\\/rafaramirez.org\\\/blog\\\/index.php\\\/2024\\\/10\\\/30\\\/el-hijo-de-la-novia\\\/#primaryimage\"},\"thumbnailUrl\":\"https:\\\/\\\/rafaramirez.org\\\/blog\\\/wp-content\\\/uploads\\\/2024\\\/10\\\/El_hijo_de_la_novia_banner.jpg\",\"keywords\":[\"\u201cEl hijo de la novia\u201d pel\u00edcula\",\"2001\",\"alzh\u00e9imer\",\"Argentina\",\"blog de Rafael Ram\u00edrez\",\"calidad cinematogr\u00e1fica\",\"Centro Monta\u00f1\u00e9s\",\"cine argentino\",\"cine de comedia\",\"cine social\",\"comedia\",\"comedia dram\u00e1tica\",\"C\u00f3ndor de Plata a la mejor pel\u00edcula\",\"cr\u00edtica de cine\",\"cr\u00edtica de pel\u00edculas\",\"espa\u00f1a\",\"Espiga de Plata y el Premio del P\u00fablico a la Mejor Pel\u00edcula\",\"Fernando Castets\",\"Gran Premio Especial del Jurado\",\"H\u00e9ctor Alterio\",\"impacto cultural\",\"Juan Jos\u00e9 Campanella\",\"La Escuela del \u00c1rbol en el barrio de Colegiales\",\"Mejor Pel\u00edcula Latinoamericana\",\"nominada al Oscar a la Mejor Pel\u00edcula Extranjera en 2002\",\"Norma Aleandro\",\"pel\u00edcula argentina de 2001\",\"pel\u00edcula recomendada\",\"Ricardo Dar\u00edn\"],\"articleSection\":[\"Cine\"],\"inLanguage\":\"es\",\"potentialAction\":[{\"@type\":\"CommentAction\",\"name\":\"Comment\",\"target\":[\"https:\\\/\\\/rafaramirez.org\\\/blog\\\/index.php\\\/2024\\\/10\\\/30\\\/el-hijo-de-la-novia\\\/#respond\"]}]},{\"@type\":\"WebPage\",\"@id\":\"https:\\\/\\\/rafaramirez.org\\\/blog\\\/index.php\\\/2024\\\/10\\\/30\\\/el-hijo-de-la-novia\\\/\",\"url\":\"https:\\\/\\\/rafaramirez.org\\\/blog\\\/index.php\\\/2024\\\/10\\\/30\\\/el-hijo-de-la-novia\\\/\",\"name\":\"\\\"El hijo de la novia\\\" pel\u00edcula que conmueve con su atm\u00f3sfera aut\u00e9ntica y emocional. - Blog de Rafael Ram\u00edrez\",\"isPartOf\":{\"@id\":\"https:\\\/\\\/rafaramirez.org\\\/blog\\\/#website\"},\"primaryImageOfPage\":{\"@id\":\"https:\\\/\\\/rafaramirez.org\\\/blog\\\/index.php\\\/2024\\\/10\\\/30\\\/el-hijo-de-la-novia\\\/#primaryimage\"},\"image\":{\"@id\":\"https:\\\/\\\/rafaramirez.org\\\/blog\\\/index.php\\\/2024\\\/10\\\/30\\\/el-hijo-de-la-novia\\\/#primaryimage\"},\"thumbnailUrl\":\"https:\\\/\\\/rafaramirez.org\\\/blog\\\/wp-content\\\/uploads\\\/2024\\\/10\\\/El_hijo_de_la_novia_banner.jpg\",\"datePublished\":\"2024-10-30T07:15:57+00:00\",\"dateModified\":\"2024-10-30T11:42:12+00:00\",\"description\":\"Hoy os recomiendo \u201cEl hijo de la novia\u201d pel\u00edcula argentina dirigida por Juan Jos\u00e9 Campanella. La historia se desarrolla en Buenos Aires.\",\"breadcrumb\":{\"@id\":\"https:\\\/\\\/rafaramirez.org\\\/blog\\\/index.php\\\/2024\\\/10\\\/30\\\/el-hijo-de-la-novia\\\/#breadcrumb\"},\"inLanguage\":\"es\",\"potentialAction\":[{\"@type\":\"ReadAction\",\"target\":[\"https:\\\/\\\/rafaramirez.org\\\/blog\\\/index.php\\\/2024\\\/10\\\/30\\\/el-hijo-de-la-novia\\\/\"]}]},{\"@type\":\"ImageObject\",\"inLanguage\":\"es\",\"@id\":\"https:\\\/\\\/rafaramirez.org\\\/blog\\\/index.php\\\/2024\\\/10\\\/30\\\/el-hijo-de-la-novia\\\/#primaryimage\",\"url\":\"https:\\\/\\\/rafaramirez.org\\\/blog\\\/wp-content\\\/uploads\\\/2024\\\/10\\\/El_hijo_de_la_novia_banner.jpg\",\"contentUrl\":\"https:\\\/\\\/rafaramirez.org\\\/blog\\\/wp-content\\\/uploads\\\/2024\\\/10\\\/El_hijo_de_la_novia_banner.jpg\",\"width\":720,\"height\":440,\"caption\":\"El hijo de la novia (2001) pel\u00edcula recomendada. Blog de Rafael Ram\u00edrez.\"},{\"@type\":\"BreadcrumbList\",\"@id\":\"https:\\\/\\\/rafaramirez.org\\\/blog\\\/index.php\\\/2024\\\/10\\\/30\\\/el-hijo-de-la-novia\\\/#breadcrumb\",\"itemListElement\":[{\"@type\":\"ListItem\",\"position\":1,\"name\":\"Portada\",\"item\":\"https:\\\/\\\/rafaramirez.org\\\/blog\\\/\"},{\"@type\":\"ListItem\",\"position\":2,\"name\":\"\u00abEl hijo de la novia\u00bb pel\u00edcula que conmueve con su atm\u00f3sfera aut\u00e9ntica y emocional.\"}]},{\"@type\":\"WebSite\",\"@id\":\"https:\\\/\\\/rafaramirez.org\\\/blog\\\/#website\",\"url\":\"https:\\\/\\\/rafaramirez.org\\\/blog\\\/\",\"name\":\"Blog de Rafael Ram\u00edrez\",\"description\":\"Un sitio social, de arte y cultura\",\"publisher\":{\"@id\":\"https:\\\/\\\/rafaramirez.org\\\/blog\\\/#\\\/schema\\\/person\\\/50f43b6d60c578760d4c17bda54ab6a5\"},\"potentialAction\":[{\"@type\":\"SearchAction\",\"target\":{\"@type\":\"EntryPoint\",\"urlTemplate\":\"https:\\\/\\\/rafaramirez.org\\\/blog\\\/?s={search_term_string}\"},\"query-input\":{\"@type\":\"PropertyValueSpecification\",\"valueRequired\":true,\"valueName\":\"search_term_string\"}}],\"inLanguage\":\"es\"},{\"@type\":[\"Person\",\"Organization\"],\"@id\":\"https:\\\/\\\/rafaramirez.org\\\/blog\\\/#\\\/schema\\\/person\\\/50f43b6d60c578760d4c17bda54ab6a5\",\"name\":\"Rafael Ram\u00edrez\",\"image\":{\"@type\":\"ImageObject\",\"inLanguage\":\"es\",\"@id\":\"https:\\\/\\\/rafaramirez.org\\\/blog\\\/wp-content\\\/uploads\\\/2024\\\/09\\\/RR_socialnetwork.jpg\",\"url\":\"https:\\\/\\\/rafaramirez.org\\\/blog\\\/wp-content\\\/uploads\\\/2024\\\/09\\\/RR_socialnetwork.jpg\",\"contentUrl\":\"https:\\\/\\\/rafaramirez.org\\\/blog\\\/wp-content\\\/uploads\\\/2024\\\/09\\\/RR_socialnetwork.jpg\",\"width\":600,\"height\":606,\"caption\":\"Rafael Ram\u00edrez\"},\"logo\":{\"@id\":\"https:\\\/\\\/rafaramirez.org\\\/blog\\\/wp-content\\\/uploads\\\/2024\\\/09\\\/RR_socialnetwork.jpg\"},\"sameAs\":[\"https:\\\/\\\/www.rafaramirez.org\\\/blog\",\"https:\\\/\\\/www.instagram.com\\\/rafaramirez_ok\\\/\",\"https:\\\/\\\/es.pinterest.com\\\/Ramirez_Rafa\\\/\",\"https:\\\/\\\/x.com\\\/rafaramirez_ok\"],\"url\":\"https:\\\/\\\/rafaramirez.org\\\/blog\\\/index.php\\\/author\\\/rafaell_qm6j97da\\\/\"}]}<\/script>\n<!-- \/ Yoast SEO plugin. -->","yoast_head_json":{"title":"\"El hijo de la novia\" pel\u00edcula que conmueve con su atm\u00f3sfera aut\u00e9ntica y emocional. - Blog de Rafael Ram\u00edrez","description":"Hoy os recomiendo \u201cEl hijo de la novia\u201d pel\u00edcula argentina dirigida por Juan Jos\u00e9 Campanella. La historia se desarrolla en Buenos Aires.","robots":{"index":"index","follow":"follow","max-snippet":"max-snippet:-1","max-image-preview":"max-image-preview:large","max-video-preview":"max-video-preview:-1"},"canonical":"https:\/\/rafaramirez.org\/blog\/index.php\/2024\/10\/30\/el-hijo-de-la-novia\/","og_locale":"es_ES","og_type":"article","og_title":"\"El hijo de la novia\" pel\u00edcula que conmueve con su atm\u00f3sfera aut\u00e9ntica y emocional. - Blog de Rafael Ram\u00edrez","og_description":"Hoy os recomiendo \u201cEl hijo de la novia\u201d pel\u00edcula argentina dirigida por Juan Jos\u00e9 Campanella. La historia se desarrolla en Buenos Aires.","og_url":"https:\/\/rafaramirez.org\/blog\/index.php\/2024\/10\/30\/el-hijo-de-la-novia\/","og_site_name":"Blog de Rafael Ram\u00edrez","article_published_time":"2024-10-30T07:15:57+00:00","article_modified_time":"2024-10-30T11:42:12+00:00","og_image":[{"width":720,"height":440,"url":"https:\/\/rafaramirez.org\/blog\/wp-content\/uploads\/2024\/10\/El_hijo_de_la_novia_banner.jpg","type":"image\/jpeg"}],"author":"Rafael Ram\u00edrez","twitter_card":"summary_large_image","twitter_creator":"@rafaramirez_ok","twitter_site":"@rafaramirez_ok","twitter_misc":{"Escrito por":"Rafael Ram\u00edrez","Tiempo de lectura":"7 minutos"},"schema":{"@context":"https:\/\/schema.org","@graph":[{"@type":"Article","@id":"https:\/\/rafaramirez.org\/blog\/index.php\/2024\/10\/30\/el-hijo-de-la-novia\/#article","isPartOf":{"@id":"https:\/\/rafaramirez.org\/blog\/index.php\/2024\/10\/30\/el-hijo-de-la-novia\/"},"author":{"name":"Rafael Ram\u00edrez","@id":"https:\/\/rafaramirez.org\/blog\/#\/schema\/person\/50f43b6d60c578760d4c17bda54ab6a5"},"headline":"\u00abEl hijo de la novia\u00bb pel\u00edcula que conmueve con su atm\u00f3sfera aut\u00e9ntica y emocional.","datePublished":"2024-10-30T07:15:57+00:00","dateModified":"2024-10-30T11:42:12+00:00","mainEntityOfPage":{"@id":"https:\/\/rafaramirez.org\/blog\/index.php\/2024\/10\/30\/el-hijo-de-la-novia\/"},"wordCount":1397,"commentCount":0,"publisher":{"@id":"https:\/\/rafaramirez.org\/blog\/#\/schema\/person\/50f43b6d60c578760d4c17bda54ab6a5"},"image":{"@id":"https:\/\/rafaramirez.org\/blog\/index.php\/2024\/10\/30\/el-hijo-de-la-novia\/#primaryimage"},"thumbnailUrl":"https:\/\/rafaramirez.org\/blog\/wp-content\/uploads\/2024\/10\/El_hijo_de_la_novia_banner.jpg","keywords":["\u201cEl hijo de la novia\u201d pel\u00edcula","2001","alzh\u00e9imer","Argentina","blog de Rafael Ram\u00edrez","calidad cinematogr\u00e1fica","Centro Monta\u00f1\u00e9s","cine argentino","cine de comedia","cine social","comedia","comedia dram\u00e1tica","C\u00f3ndor de Plata a la mejor pel\u00edcula","cr\u00edtica de cine","cr\u00edtica de pel\u00edculas","espa\u00f1a","Espiga de Plata y el Premio del P\u00fablico a la Mejor Pel\u00edcula","Fernando Castets","Gran Premio Especial del Jurado","H\u00e9ctor Alterio","impacto cultural","Juan Jos\u00e9 Campanella","La Escuela del \u00c1rbol en el barrio de Colegiales","Mejor Pel\u00edcula Latinoamericana","nominada al Oscar a la Mejor Pel\u00edcula Extranjera en 2002","Norma Aleandro","pel\u00edcula argentina de 2001","pel\u00edcula recomendada","Ricardo Dar\u00edn"],"articleSection":["Cine"],"inLanguage":"es","potentialAction":[{"@type":"CommentAction","name":"Comment","target":["https:\/\/rafaramirez.org\/blog\/index.php\/2024\/10\/30\/el-hijo-de-la-novia\/#respond"]}]},{"@type":"WebPage","@id":"https:\/\/rafaramirez.org\/blog\/index.php\/2024\/10\/30\/el-hijo-de-la-novia\/","url":"https:\/\/rafaramirez.org\/blog\/index.php\/2024\/10\/30\/el-hijo-de-la-novia\/","name":"\"El hijo de la novia\" pel\u00edcula que conmueve con su atm\u00f3sfera aut\u00e9ntica y emocional. - Blog de Rafael Ram\u00edrez","isPartOf":{"@id":"https:\/\/rafaramirez.org\/blog\/#website"},"primaryImageOfPage":{"@id":"https:\/\/rafaramirez.org\/blog\/index.php\/2024\/10\/30\/el-hijo-de-la-novia\/#primaryimage"},"image":{"@id":"https:\/\/rafaramirez.org\/blog\/index.php\/2024\/10\/30\/el-hijo-de-la-novia\/#primaryimage"},"thumbnailUrl":"https:\/\/rafaramirez.org\/blog\/wp-content\/uploads\/2024\/10\/El_hijo_de_la_novia_banner.jpg","datePublished":"2024-10-30T07:15:57+00:00","dateModified":"2024-10-30T11:42:12+00:00","description":"Hoy os recomiendo \u201cEl hijo de la novia\u201d pel\u00edcula argentina dirigida por Juan Jos\u00e9 Campanella. La historia se desarrolla en Buenos Aires.","breadcrumb":{"@id":"https:\/\/rafaramirez.org\/blog\/index.php\/2024\/10\/30\/el-hijo-de-la-novia\/#breadcrumb"},"inLanguage":"es","potentialAction":[{"@type":"ReadAction","target":["https:\/\/rafaramirez.org\/blog\/index.php\/2024\/10\/30\/el-hijo-de-la-novia\/"]}]},{"@type":"ImageObject","inLanguage":"es","@id":"https:\/\/rafaramirez.org\/blog\/index.php\/2024\/10\/30\/el-hijo-de-la-novia\/#primaryimage","url":"https:\/\/rafaramirez.org\/blog\/wp-content\/uploads\/2024\/10\/El_hijo_de_la_novia_banner.jpg","contentUrl":"https:\/\/rafaramirez.org\/blog\/wp-content\/uploads\/2024\/10\/El_hijo_de_la_novia_banner.jpg","width":720,"height":440,"caption":"El hijo de la novia (2001) pel\u00edcula recomendada. Blog de Rafael Ram\u00edrez."},{"@type":"BreadcrumbList","@id":"https:\/\/rafaramirez.org\/blog\/index.php\/2024\/10\/30\/el-hijo-de-la-novia\/#breadcrumb","itemListElement":[{"@type":"ListItem","position":1,"name":"Portada","item":"https:\/\/rafaramirez.org\/blog\/"},{"@type":"ListItem","position":2,"name":"\u00abEl hijo de la novia\u00bb pel\u00edcula que conmueve con su atm\u00f3sfera aut\u00e9ntica y emocional."}]},{"@type":"WebSite","@id":"https:\/\/rafaramirez.org\/blog\/#website","url":"https:\/\/rafaramirez.org\/blog\/","name":"Blog de Rafael Ram\u00edrez","description":"Un sitio social, de arte y cultura","publisher":{"@id":"https:\/\/rafaramirez.org\/blog\/#\/schema\/person\/50f43b6d60c578760d4c17bda54ab6a5"},"potentialAction":[{"@type":"SearchAction","target":{"@type":"EntryPoint","urlTemplate":"https:\/\/rafaramirez.org\/blog\/?s={search_term_string}"},"query-input":{"@type":"PropertyValueSpecification","valueRequired":true,"valueName":"search_term_string"}}],"inLanguage":"es"},{"@type":["Person","Organization"],"@id":"https:\/\/rafaramirez.org\/blog\/#\/schema\/person\/50f43b6d60c578760d4c17bda54ab6a5","name":"Rafael Ram\u00edrez","image":{"@type":"ImageObject","inLanguage":"es","@id":"https:\/\/rafaramirez.org\/blog\/wp-content\/uploads\/2024\/09\/RR_socialnetwork.jpg","url":"https:\/\/rafaramirez.org\/blog\/wp-content\/uploads\/2024\/09\/RR_socialnetwork.jpg","contentUrl":"https:\/\/rafaramirez.org\/blog\/wp-content\/uploads\/2024\/09\/RR_socialnetwork.jpg","width":600,"height":606,"caption":"Rafael Ram\u00edrez"},"logo":{"@id":"https:\/\/rafaramirez.org\/blog\/wp-content\/uploads\/2024\/09\/RR_socialnetwork.jpg"},"sameAs":["https:\/\/www.rafaramirez.org\/blog","https:\/\/www.instagram.com\/rafaramirez_ok\/","https:\/\/es.pinterest.com\/Ramirez_Rafa\/","https:\/\/x.com\/rafaramirez_ok"],"url":"https:\/\/rafaramirez.org\/blog\/index.php\/author\/rafaell_qm6j97da\/"}]}},"jetpack_publicize_connections":[],"jetpack_sharing_enabled":true,"jetpack_likes_enabled":true,"jetpack_featured_media_url":"https:\/\/rafaramirez.org\/blog\/wp-content\/uploads\/2024\/10\/El_hijo_de_la_novia_banner.jpg","_links":{"self":[{"href":"https:\/\/rafaramirez.org\/blog\/index.php\/wp-json\/wp\/v2\/posts\/6566","targetHints":{"allow":["GET"]}}],"collection":[{"href":"https:\/\/rafaramirez.org\/blog\/index.php\/wp-json\/wp\/v2\/posts"}],"about":[{"href":"https:\/\/rafaramirez.org\/blog\/index.php\/wp-json\/wp\/v2\/types\/post"}],"author":[{"embeddable":true,"href":"https:\/\/rafaramirez.org\/blog\/index.php\/wp-json\/wp\/v2\/users\/1"}],"replies":[{"embeddable":true,"href":"https:\/\/rafaramirez.org\/blog\/index.php\/wp-json\/wp\/v2\/comments?post=6566"}],"version-history":[{"count":19,"href":"https:\/\/rafaramirez.org\/blog\/index.php\/wp-json\/wp\/v2\/posts\/6566\/revisions"}],"predecessor-version":[{"id":6728,"href":"https:\/\/rafaramirez.org\/blog\/index.php\/wp-json\/wp\/v2\/posts\/6566\/revisions\/6728"}],"wp:featuredmedia":[{"embeddable":true,"href":"https:\/\/rafaramirez.org\/blog\/index.php\/wp-json\/wp\/v2\/media\/6574"}],"wp:attachment":[{"href":"https:\/\/rafaramirez.org\/blog\/index.php\/wp-json\/wp\/v2\/media?parent=6566"}],"wp:term":[{"taxonomy":"category","embeddable":true,"href":"https:\/\/rafaramirez.org\/blog\/index.php\/wp-json\/wp\/v2\/categories?post=6566"},{"taxonomy":"post_tag","embeddable":true,"href":"https:\/\/rafaramirez.org\/blog\/index.php\/wp-json\/wp\/v2\/tags?post=6566"}],"curies":[{"name":"wp","href":"https:\/\/api.w.org\/{rel}","templated":true}]}}