{"id":6356,"date":"2024-10-17T08:15:34","date_gmt":"2024-10-17T06:15:34","guid":{"rendered":"https:\/\/rafaramirez.org\/blog\/?p=6356"},"modified":"2024-10-18T11:52:11","modified_gmt":"2024-10-18T09:52:11","slug":"dia-internacional-erradicacion-de-la-pobreza","status":"publish","type":"post","link":"https:\/\/rafaramirez.org\/blog\/index.php\/2024\/10\/17\/dia-internacional-erradicacion-de-la-pobreza\/","title":{"rendered":"D\u00eda Internacional para la Erradicaci\u00f3n de la Pobreza: unidos por la justicia social y la dignidad humana."},"content":{"rendered":"<p>El\u00a0<strong>D\u00eda Internacional para la Erradicaci\u00f3n de la Pobreza<\/strong>\u00a0se celebra cada a\u00f1o el\u00a0<strong>17 de octubre<\/strong>.\u00a0Esta fecha fue proclamada por la Asamblea General de las Naciones Unidas en 1992 para resaltar la necesidad de un esfuerzo global para erradicar la pobreza extrema y garantizar que todas las personas vivan con dignidad.<\/p>\n<h3>Origen y Significado<\/h3>\n<p>La conmemoraci\u00f3n de este d\u00eda se remonta al <strong>17 de octubre de 1987<\/strong>, cuando m\u00e1s de cien mil personas se congregaron en la <strong>plaza del Trocadero en Par\u00eds<\/strong>, donde se firm\u00f3 la <strong>Declaraci\u00f3n Universal de Derechos Humanos en 1948<\/strong>.\u00a0Los participantes proclamaron que la pobreza es una violaci\u00f3n de los derechos humanos y afirmaron la necesidad de aunar esfuerzos para garantizar su respeto.<\/p>\n<h3>Objetivos y Temas<\/h3>\n<p>El objetivo principal de este d\u00eda es\u00a0<strong>promover la conciencia sobre la necesidad de erradicar la pobreza y la indigencia en todos los pa\u00edses<\/strong>. Cada a\u00f1o, se elige un tema espec\u00edfico para enfocar los esfuerzos y las actividades.\u00a0Por ejemplo, el tema de 2023 fue <strong>\u201cTrabajo decente y protecci\u00f3n social para poner en marcha la dignidad\u201d,<\/strong> destacando la importancia de condiciones laborales justas y la protecci\u00f3n social como medios para defender la dignidad humana.<\/p>\n<p>Este a\u00f1o 2024, el D\u00eda Internacional para la Erradicaci\u00f3n de la Pobreza, se centra en el tema\u00a0<strong>\u201cUnidos por la justicia social y la dignidad humana\u201d<\/strong>. Este tema destaca la importancia de la solidaridad global y la acci\u00f3n conjunta para abordar las causas profundas de la pobreza y promover la justicia social.<\/p>\n<figure id=\"attachment_6367\" aria-describedby=\"caption-attachment-6367\" style=\"width: 300px\" class=\"wp-caption aligncenter\"><a href=\"https:\/\/rafaramirez.org\/blog\/wp-content\/uploads\/2024\/10\/homeless-man-5520021.jpg\" target=\"_blank\" rel=\"noopener\"><img loading=\"lazy\" decoding=\"async\" class=\"wp-image-6367 size-medium\" src=\"https:\/\/rafaramirez.org\/blog\/wp-content\/uploads\/2024\/10\/homeless-man-5520021-300x200.jpg\" alt=\"D\u00eda Internacional para la Erradicaci\u00f3n de la Pobreza. Efem\u00e9rides. blog de Rafael Ram\u00edrez.\" width=\"300\" height=\"200\" srcset=\"https:\/\/rafaramirez.org\/blog\/wp-content\/uploads\/2024\/10\/homeless-man-5520021-300x200.jpg 300w, https:\/\/rafaramirez.org\/blog\/wp-content\/uploads\/2024\/10\/homeless-man-5520021-1024x683.jpg 1024w, https:\/\/rafaramirez.org\/blog\/wp-content\/uploads\/2024\/10\/homeless-man-5520021-768x512.jpg 768w, https:\/\/rafaramirez.org\/blog\/wp-content\/uploads\/2024\/10\/homeless-man-5520021.jpg 1200w\" sizes=\"auto, (max-width: 300px) 100vw, 300px\" \/><\/a><figcaption id=\"caption-attachment-6367\" class=\"wp-caption-text\">D\u00eda Internacional para la Erradicaci\u00f3n de la Pobreza. Efem\u00e9rides. blog de Rafael Ram\u00edrez.<\/figcaption><\/figure>\n<h3>Importancia Multidimensional<\/h3>\n<p>En este D\u00eda Internacional para la Erradicaci\u00f3n de la Pobreza cabe destacar que la pobreza no se trata solo de la falta de ingresos, sino que es un fen\u00f3meno multidimensional que incluye la <strong>falta de capacidades b\u00e1sicas para vivir con dignidad<\/strong>. Es evidente que las personas que viven en la pobreza enfrentan m\u00faltiples privaciones que se refuerzan mutuamente, como condiciones de trabajo peligrosas, vivienda insegura, falta de alimentos nutritivos, acceso desigual a la justicia, falta de poder pol\u00edtico y acceso limitado a la atenci\u00f3n m\u00e9dica.<\/p>\n<h3>Acciones y Compromisos<\/h3>\n<p>El D\u00eda Internacional para la Erradicaci\u00f3n de la Pobreza tambi\u00e9n sirve para hacer un llamamiento a los l\u00edderes pol\u00edticos y a los responsables de la formulaci\u00f3n de pol\u00edticas para que utilicen <strong>la dignidad humana como br\u00fajula orientadora<\/strong> en todos los procesos de toma de decisiones. Se busca, del mismo modo, garantizar el avance de los derechos humanos fundamentales y la justicia social por encima de la b\u00fasqueda de beneficios empresariales.<\/p>\n<h3>Solidaridad y Alianzas<\/h3>\n<p>La celebraci\u00f3n de este d\u00eda es una <strong>oportunidad para solidarizarse<\/strong> con las personas que viven en la pobreza, escuchar sus dificultades cotidianas y renovar los compromisos para crear una econom\u00eda justa centrada en la protecci\u00f3n del <strong>bienestar humano y medioambiental<\/strong>. Una red de alianzas mundiales entre gobiernos, empresas y organizaciones de la sociedad civil es vital, de tal modo, que se pueda lograr un <strong>desarrollo equitativo<\/strong> y garantizar que nadie quede excluido o relegado.<\/p>\n<figure id=\"attachment_6368\" aria-describedby=\"caption-attachment-6368\" style=\"width: 300px\" class=\"wp-caption aligncenter\"><a href=\"https:\/\/rafaramirez.org\/blog\/wp-content\/uploads\/2024\/10\/bum-531201.jpg\" target=\"_blank\" rel=\"noopener\"><img loading=\"lazy\" decoding=\"async\" class=\"wp-image-6368 size-medium\" src=\"https:\/\/rafaramirez.org\/blog\/wp-content\/uploads\/2024\/10\/bum-531201-300x200.jpg\" alt=\"D\u00eda Internacional para la Erradicaci\u00f3n de la Pobreza. Efem\u00e9rides. blog de Rafael Ram\u00edrez.\" width=\"300\" height=\"200\" srcset=\"https:\/\/rafaramirez.org\/blog\/wp-content\/uploads\/2024\/10\/bum-531201-300x200.jpg 300w, https:\/\/rafaramirez.org\/blog\/wp-content\/uploads\/2024\/10\/bum-531201-1024x683.jpg 1024w, https:\/\/rafaramirez.org\/blog\/wp-content\/uploads\/2024\/10\/bum-531201-768x512.jpg 768w, https:\/\/rafaramirez.org\/blog\/wp-content\/uploads\/2024\/10\/bum-531201.jpg 1200w\" sizes=\"auto, (max-width: 300px) 100vw, 300px\" \/><\/a><figcaption id=\"caption-attachment-6368\" class=\"wp-caption-text\">D\u00eda Internacional para la Erradicaci\u00f3n de la Pobreza. Efem\u00e9rides. blog de Rafael Ram\u00edrez.<\/figcaption><\/figure>\n<h3>Pero&#8230; \u00bfC\u00f3mo se mide la pobreza a nivel global?<\/h3>\n<p>La medici\u00f3n de la pobreza a nivel global es un proceso complejo que utiliza varios enfoques para capturar las diferentes dimensiones de la pobreza. Aqu\u00ed te explico algunos de los m\u00e9todos m\u00e1s comunes:<\/p>\n<ul>\n<li><strong>L\u00ednea Internacional de Pobreza.\u00a0<\/strong>El Banco Mundial utiliza la\u00a0<strong>l\u00ednea internacional de pobreza<\/strong>, que actualmente est\u00e1 fijada en\u00a0<strong>$2.15 por persona por d\u00eda<\/strong> (en precios de 2017). Esta l\u00ednea se utiliza para medir la pobreza extrema, es decir, de aquellas personas que viven con menos de esta cantidad diaria.<\/li>\n<li><strong>\u00cdndice de Pobreza Multidimensional (IPM).\u00a0<\/strong>El\u00a0\u00cdndice de Pobreza Multidimensional (IPM), desarrollado por la <strong>Iniciativa de Pobreza y<\/strong> <strong>Desarrollo Humano de Oxford (OPHI)<\/strong> y el <strong>Programa de las Naciones Unidas para el Desarrollo (PNUD)<\/strong>, mide la pobreza considerando m\u00faltiples factores.\u00a0Estos incluyen la salud, la educaci\u00f3n y el nivel de vida, proporcionando una visi\u00f3n m\u00e1s completa de las privaciones que enfrentan las personas.<\/li>\n<li><strong>Encuestas de Hogares.\u00a0<\/strong>Las encuestas de hogares son una herramienta clave para medir la pobreza. Estas encuestas recopilan datos sobre ingresos, gastos, <strong>acceso a servicios b\u00e1sicos<\/strong> y otras variables socioecon\u00f3micas.\u00a0Los datos se utilizan para <strong>calcular tasas de pobreza<\/strong> y analizar las condiciones de vida de las poblaciones.<\/li>\n<li><strong>Pobreza Relativa.\u00a0<\/strong>Adem\u00e1s de la <strong>pobreza absoluta<\/strong>, algunos pa\u00edses y organizaciones tambi\u00e9n miden la\u00a0<strong>pobreza relativa<\/strong>, que se define en relaci\u00f3n con el nivel de vida promedio de una sociedad.\u00a0Por ejemplo, una persona puede ser considerada pobre si su ingreso es inferior al 50% del ingreso medio de su pa\u00eds.<\/li>\n<li><strong>Indicadores de Desarrollo Humano.\u00a0<\/strong>El\u00a0\u00cdndice de Desarrollo Humano (IDH), elaborado por el PNUD, incluye indicadores como la esperanza de vida, el nivel educativo y el ingreso per c\u00e1pita.\u00a0Aunque no mide la pobreza directamente, proporciona una visi\u00f3n general del desarrollo y bienestar de una poblaci\u00f3n.<\/li>\n<li><strong>Datos y An\u00e1lisis Continuos.\u00a0<\/strong>El Banco Mundial y otras organizaciones internacionales actualizan regularmente sus estimaciones de pobreza global para reflejar <strong>cambios econ\u00f3micos, sociales y pol\u00edticos<\/strong>.\u00a0Estos an\u00e1lisis ayudan a monitorear el progreso hacia la erradicaci\u00f3n de la pobreza y a ajustar las <strong>estrategias de desarrollo<\/strong>.<\/li>\n<\/ul>\n<p>Hay que a\u00f1adir que estos m\u00e9todos combinados permiten una comprensi\u00f3n m\u00e1s completa y precisa de la pobreza a nivel global, ayudando a dise\u00f1ar pol\u00edticas y programas m\u00e1s efectivos para su erradicaci\u00f3n.<\/p>\n<h3>Estrategias para erradicar la pobreza.<\/h3>\n<p>En este D\u00eda Internacional para la Erradicaci\u00f3n de la Pobreza recordamos que acabar con la pobreza es un desaf\u00edo complejo, por tanto, requiere un <strong>enfoque multifac\u00e9tico<\/strong>. Aqu\u00ed te presento algunas de las estrategias m\u00e1s efectivas:<\/p>\n<ul>\n<li><strong>Educaci\u00f3n de Calidad.\u00a0<\/strong>La educaci\u00f3n es una herramienta poderosa para romper el ciclo de la pobreza. Asegurar el acceso a una educaci\u00f3n de calidad desde la infancia hasta la adultez puede proporcionar a las personas las habilidades y conocimientos necesarios para acceder a mejores oportunidades laborales.<\/li>\n<li><strong>Creaci\u00f3n de Empleo y Trabajo Decente.\u00a0<\/strong>Fomentar la creaci\u00f3n de empleos y garantizar condiciones laborales justas y seguras es crucial. Esto incluye salarios dignos, derechos laborales y protecci\u00f3n social para todos los trabajadores.<\/li>\n<li><strong>Acceso a Servicios B\u00e1sicos.\u00a0<\/strong>Garantizar el acceso a servicios b\u00e1sicos como salud, agua potable, saneamiento y vivienda adecuada es fundamental para mejorar la calidad de vida y reducir la pobreza.<\/li>\n<li><strong>Empoderamiento de las Mujeres y la Igualdad de G\u00e9nero.\u00a0<\/strong>Las mujeres y las ni\u00f1as a menudo son las m\u00e1s afectadas por la pobreza. Promover la igualdad de g\u00e9nero y empoderar a las mujeres puede tener un impacto significativo en la reducci\u00f3n de la pobreza.<\/li>\n<li><strong>Protecci\u00f3n Social.\u00a0<\/strong>Implementar sistemas de protecci\u00f3n social que incluyan seguros de salud, pensiones y ayudas econ\u00f3micas para los m\u00e1s vulnerables puede proporcionar una red de seguridad que prevenga la pobreza extrema.<\/li>\n<li><strong>Desarrollo Rural y Agricultura Sostenible.\u00a0<\/strong>Invertir en el desarrollo rural y en pr\u00e1cticas agr\u00edcolas sostenibles puede mejorar los medios de vida de las comunidades rurales, que a menudo son las m\u00e1s afectadas por la pobreza.<\/li>\n<li><strong>Acceso a Tecnolog\u00eda e Innovaci\u00f3n. <\/strong>Facilitar el acceso a tecnolog\u00edas modernas y fomentar la innovaci\u00f3n puede abrir nuevas oportunidades econ\u00f3micas y mejorar la eficiencia en diversos sectores.<\/li>\n<li><strong>Pol\u00edticas Fiscales Justas.\u00a0<\/strong>Implementar pol\u00edticas fiscales que reduzcan la desigualdad, como impuestos progresivos y redistribuci\u00f3n de la riqueza, puede ayudar a financiar programas sociales y de desarrollo.<\/li>\n<li><strong>Participaci\u00f3n Ciudadana y Gobernanza Inclusiva.\u00a0<\/strong>Fomentar la participaci\u00f3n activa de las comunidades en la toma de decisiones y asegurar una gobernanza inclusiva y transparente puede garantizar que las pol\u00edticas y programas sean efectivos y respondan a las necesidades reales de la poblaci\u00f3n.<\/li>\n<li><strong>Alianzas y Cooperaci\u00f3n Internacional.\u00a0<\/strong>La cooperaci\u00f3n entre pa\u00edses, organizaciones internacionales, ONGs y el sector privado es esencial para compartir recursos, conocimientos y experiencias en la lucha contra la pobreza.<\/li>\n<\/ul>\n<p>Claro est\u00e1 que, estas estrategias, deben ser implementadas de manera integrada y adaptadas a los contextos locales para ser efectivas.<\/p>\n<figure id=\"attachment_6589\" aria-describedby=\"caption-attachment-6589\" style=\"width: 300px\" class=\"wp-caption aligncenter\"><a href=\"https:\/\/rafaramirez.org\/blog\/wp-content\/uploads\/2024\/10\/old-man-1775239_2.jpg\" target=\"_blank\" rel=\"noopener\"><img loading=\"lazy\" decoding=\"async\" class=\"wp-image-6589 size-medium\" src=\"https:\/\/rafaramirez.org\/blog\/wp-content\/uploads\/2024\/10\/old-man-1775239_2-300x200.jpg\" alt=\"D\u00eda Internacional para la Erradicaci\u00f3n de la Pobreza. Efem\u00e9rides. blog de Rafael Ram\u00edrez.\" width=\"300\" height=\"200\" srcset=\"https:\/\/rafaramirez.org\/blog\/wp-content\/uploads\/2024\/10\/old-man-1775239_2-300x200.jpg 300w, https:\/\/rafaramirez.org\/blog\/wp-content\/uploads\/2024\/10\/old-man-1775239_2-1024x683.jpg 1024w, https:\/\/rafaramirez.org\/blog\/wp-content\/uploads\/2024\/10\/old-man-1775239_2-768x512.jpg 768w, https:\/\/rafaramirez.org\/blog\/wp-content\/uploads\/2024\/10\/old-man-1775239_2.jpg 1200w\" sizes=\"auto, (max-width: 300px) 100vw, 300px\" \/><\/a><figcaption id=\"caption-attachment-6589\" class=\"wp-caption-text\">D\u00eda Internacional para la Erradicaci\u00f3n de la Pobreza. Efem\u00e9rides. blog de Rafael Ram\u00edrez.<\/figcaption><\/figure>\n<h3>Programas exitosos de erradicaci\u00f3n de la pobreza.<\/h3>\n<p>Es as\u00ed que existen varios programas exitosos de erradicaci\u00f3n de la pobreza en diferentes partes del mundo. Aqu\u00ed te presento algunos ejemplos destacados:<\/p>\n<ul>\n<li><strong>Bolsa Familia (Brasil). <\/strong>El programa Bolsa Familia en Brasil es uno de los programas de transferencia de efectivo m\u00e1s grandes y exitosos del mundo. Lanzado en 2003, proporciona asistencia financiera a familias de bajos ingresos, con la condici\u00f3n de que los ni\u00f1os asistan a la escuela y reciban atenci\u00f3n m\u00e9dica regular. Como resultado, este programa ha ayudado a reducir significativamente la pobreza y la desigualdad en Brasil.<\/li>\n<li><strong>Oportunidades\/Prospera (M\u00e9xico).\u00a0<\/strong><strong>Oportunidades<\/strong>, ahora conocido como\u00a0<strong>Prospera<\/strong>, es un programa de transferencia condicionada de efectivo que comenz\u00f3 en 1997. Similar a Bolsa Fam\u00edlia, proporciona apoyo financiero a familias pobres a cambio de que los ni\u00f1os asistan a la escuela y las familias participen en programas de salud.\u00a0Ha sido fundamental en la reducci\u00f3n de la pobreza y la mejora de los indicadores de salud y educaci\u00f3n en M\u00e9xico.<\/li>\n<li><strong>Programa de Transferencias Monetarias Condicionadas (Filipinas).\u00a0<\/strong>El\u00a0<strong>Programa Pantawid Pamilyang Pilipino<\/strong> (4Ps) es el programa de transferencias monetarias condicionadas de Filipinas. Lanzado en 2008, como resultado, ha beneficiado a millones de familias pobres, mejorando su acceso a la educaci\u00f3n y la salud. Este programa ha sido clave para reducir la pobreza extrema en el pa\u00eds.<\/li>\n<li><strong>Programa de Seguridad Social (Estados Unidos).\u00a0<\/strong>En Estados Unidos, programas como la\u00a0<strong>Seguridad Social<\/strong>, el\u00a0<strong>Cr\u00e9dito Tributario por Ingreso del Trabajo<\/strong>\u00a0(EITC) y los\u00a0<strong>cupones de alimentos<\/strong>\u00a0han sido efectivos para reducir la pobreza.\u00a0Estos programas proporcionan una red de seguridad para los m\u00e1s vulnerables, ayudando a millones de personas a mantenerse por encima del umbral de pobreza.<\/li>\n<li><strong>Iniciativas de Microfinanzas (Bangladesh).\u00a0<\/strong>Las iniciativas de microfinanzas, como las implementadas por el\u00a0<strong>Grameen Bank<\/strong> en Bangladesh, han sido revolucionarias. Fundado por Muhammad Yunus, el Grameen Bank proporciona peque\u00f1os pr\u00e9stamos a personas pobres, especialmente mujeres, para que puedan iniciar sus propios negocios. As\u00ed, este enfoque ha ayudado a millones de personas a salir de la pobreza y ha sido replicado en muchos otros pa\u00edses.<\/li>\n<li><strong>Programas de Desarrollo Rural (China).\u00a0<\/strong>China ha implementado una serie de programas de desarrollo rural que han sido cruciales para su \u00e9xito en la reducci\u00f3n de la pobreza. Estos programas incluyen inversiones en infraestructura, educaci\u00f3n y salud en \u00e1reas rurales, as\u00ed como pol\u00edticas para fomentar el desarrollo econ\u00f3mico local. En consecuencia y gracias a estos esfuerzos, China ha sacado a cientos de millones de personas de la pobreza en las \u00faltimas d\u00e9cadas.<\/li>\n<\/ul>\n<p>Es evidente que estos programas muestran que, con pol\u00edticas bien dise\u00f1adas y una implementaci\u00f3n efectiva, es posible hacer avances significativos en la erradicaci\u00f3n de la pobreza.<\/p>\n<h3>Programas de erradicaci\u00f3n de la pobreza en Espa\u00f1a.<\/h3>\n<p>En <strong>Espa\u00f1a<\/strong>, se han implementado varios <strong>programas y estrategias para combatir la pobreza<\/strong> y la exclusi\u00f3n social. Aqu\u00ed te presento algunos de estos programa:<\/p>\n<ul>\n<li><strong>Ingreso M\u00ednimo Vital (IMV).\u00a0<\/strong>El\u00a0Ingreso M\u00ednimo Vital es una prestaci\u00f3n econ\u00f3mica destinada a garantizar un nivel m\u00ednimo de ingresos a l<strong>as familias en situaci\u00f3n de vulnerabilidad<\/strong>. Es decir, el nivel de ingresos para la prestaci\u00f3n se basa en el de la unidad familiar y no individual. Implementado en 2020, este programa busca reducir la pobreza extrema en un 80%, beneficiando a aproximadamente 850,000 hogares. El IMV proporciona entre 461 y 1,015 euros mensuales, dependiendo del tama\u00f1o y la composici\u00f3n del hogar.<\/li>\n<li><strong>Estrategia Nacional de Prevenci\u00f3n y Lucha contra la Pobreza y la Exclusi\u00f3n Social 2019-2023.\u00a0<\/strong>Esta estrategia, aprobada por el Consejo de Ministros en 2019, tiene como objetivo abordar las causas estructurales de la pobreza y mejorar los sistemas de protecci\u00f3n social. Se enfoca en cuatro objetivos estrat\u00e9gicos:<\/li>\n<li><strong>Combatir la pobreza<\/strong>: En consecuencia, garantizar ingresos m\u00ednimos y pol\u00edticas econ\u00f3micas inclusivas.<\/li>\n<li><strong>Inversi\u00f3n social en las personas<\/strong>: Ejemplo de esto es promover una educaci\u00f3n equitativa e inclusiva, as\u00ed como formaci\u00f3n y empleo.<\/li>\n<li><strong>Protecci\u00f3n social contra riesgos del ciclo de vida<\/strong>: Mejorar el acceso a la salud, apoyo a familias y servicios sociales.<\/li>\n<li><strong>Pol\u00edticas eficaces y eficientes<\/strong>: Principalmente, mejorar la organizaci\u00f3n y coordinaci\u00f3n de los servicios, as\u00ed como la cooperaci\u00f3n regional y con la Uni\u00f3n Europea.<\/li>\n<li><strong>Programas del Fondo Social Europeo Plus (ESF+). <\/strong>As\u00ed, Espa\u00f1a ha lanzado nuevos programas bajo el\u00a0<strong>Fondo Social Europeo Plus (ESF+)<\/strong>, con una contribuci\u00f3n de 11.3 mil millones de euros de la UE. Estos programas se centran en:<\/li>\n<\/ul>\n<ol>\n<li style=\"list-style-type: none;\">\n<ol>\n<li><strong>Empleo, Formaci\u00f3n, Educaci\u00f3n y Econom\u00eda Social<\/strong><\/li>\n<li><strong>Inclusi\u00f3n Social<\/strong><\/li>\n<li><strong>Empleo Juvenil<\/strong><\/li>\n<li><strong>Privaci\u00f3n Material<\/strong><\/li>\n<\/ol>\n<\/li>\n<\/ol>\n<ul>\n<li><strong>Iniciativas Locales y Regionales.<\/strong> De este modo, adem\u00e1s de los programas nacionales, muchas comunidades aut\u00f3nomas y municipios en Espa\u00f1a han desarrollado sus propias iniciativas para combatir la pobreza. Estas incluyen programas de vivienda, ayudas para el acceso a servicios b\u00e1sicos y proyectos de desarrollo comunitario.<\/li>\n<\/ul>\n<p>Estos <strong>programas y estrategias<\/strong> reflejan un <strong>enfoque integral y coordinado<\/strong> para abordar la pobreza en sus m\u00faltiples dimensiones.<\/p>\n<p><strong>En conclusi\u00f3n, el D\u00eda Internacional para la Erradicaci\u00f3n de la Pobreza es crucial porque nos recuerda la necesidad de unirnos para combatir la pobreza y promover la justicia social, asegurando que todos puedan vivir con dignidad y oportunidades equitativas. Es, por tanto, un llamado a la acci\u00f3n global para construir un mundo m\u00e1s justo y solidario.\u00a0<\/strong><\/p>\n<p><strong>\u00bfY t\u00fa que opinas? Puedes dejar tus comentarios debajo del post. \u00a1Saludos!<\/strong><\/p>\n<p>M\u00e1s informaci\u00f3n:<\/p>\n<ul>\n<li><a href=\"https:\/\/es.wikipedia.org\/wiki\/D%C3%ADa_Internacional_para_la_Erradicaci%C3%B3n_de_la_Pobreza\" target=\"_blank\" rel=\"noopener\">Wikipedia<\/a>.<\/li>\n<li><a href=\"https:\/\/www.unesco.org\/es\/days\/poverty-eradication\" target=\"_blank\" rel=\"noopener\">UNESCO<\/a>.<\/li>\n<li><a href=\"https:\/\/www.un.org\/es\/observances\/day-for-eradicating-poverty\" target=\"_blank\" rel=\"noopener\">ONU<\/a>.<\/li>\n<li><a href=\"https:\/\/borgenproject.org\/5-countries-with-the-best-poverty-reduction-programs\/\" target=\"_blank\" rel=\"noopener\">Borgen Project<\/a>.<\/li>\n<li><a href=\"https:\/\/european-social-fund-plus.ec.europa.eu\/en\/news\/spain-launches-new-esf-programmes\" target=\"_blank\" rel=\"noopener\">European Social Fund<\/a>.<\/li>\n<li><a href=\"https:\/\/rafaramirez.org\/blog\/index.php\/category\/social\/noticias-sociales\/\" target=\"_blank\" rel=\"noopener\">M\u00e1s informes sociales<\/a>.<\/li>\n<li><a href=\"https:\/\/rafaramirez.org\/blog\/index.php\/category\/arte\/efemerides\/\" target=\"_blank\" rel=\"noopener\">M\u00e1s efem\u00e9rides<\/a>.<\/li>\n<\/ul>\n","protected":false},"excerpt":{"rendered":"<p>El\u00a0D\u00eda Internacional para la Erradicaci\u00f3n de la Pobreza\u00a0se celebra cada a\u00f1o el\u00a017 de octubre.\u00a0Esta fecha fue proclamada por la Asamblea General de las Naciones Unidas en 1992 para resaltar la necesidad de un esfuerzo global para erradicar la pobreza extrema y garantizar que todas las personas vivan con dignidad. Origen y Significado La conmemoraci\u00f3n de [&hellip;]<\/p>\n","protected":false},"author":1,"featured_media":6588,"comment_status":"open","ping_status":"closed","sticky":false,"template":"","format":"standard","meta":{"site-container-style":"default","site-container-layout":"default","site-sidebar-layout":"default","disable-article-header":"default","disable-site-header":"default","disable-site-footer":"default","disable-content-area-spacing":"default","_jetpack_newsletter_access":"","_jetpack_dont_email_post_to_subs":false,"_jetpack_newsletter_tier_id":0,"_jetpack_memberships_contains_paywalled_content":false,"_jetpack_feature_clip_id":0,"_jetpack_memberships_contains_paid_content":false,"footnotes":"","jetpack_publicize_message":"","jetpack_publicize_feature_enabled":true,"jetpack_social_post_already_shared":true,"jetpack_social_options":{"image_generator_settings":{"template":"highway","default_image_id":0,"font":"","enabled":false},"version":2},"jetpack_post_was_ever_published":false},"categories":[1291,15],"tags":[3629,3644,3637,68,3649,3633,3639,3630,3636,1323,3648,3647,3641,3517,3643,957,3640,3638,3632,3645,3646,3642,3650,3634,3631,3635],"class_list":["post-6356","post","type-post","status-publish","format-standard","has-post-thumbnail","hentry","category-efemerides","category-noticias-sociales","tag-17-de-octubre-de-1987","tag-acceso-a-servicios-basicos","tag-bienestar-humano","tag-blog-de-rafael-ramirez","tag-bolsa-familia","tag-declaracion-universal-de-derechos-humanos","tag-desarrollo-equitativo","tag-dia-internacional-para-la-erradicacion-de-la-pobreza","tag-dignidad-humana","tag-efemerides","tag-estrategias-de-desarrollo","tag-indice-de-desarrollo-humano-idh","tag-indice-de-pobreza-multidimensional-ipm","tag-informe-social","tag-iniciativa-de-pobreza-y-desarrollo-humano-de-oxford-ophi","tag-labor-social","tag-linea-internacional-de-pobreza","tag-medioambiental","tag-plaza-del-trocadero-en-paris","tag-pobreza-absoluta","tag-pobreza-relativa","tag-programa-de-las-naciones-unidas-para-el-desarrollo-pnud","tag-programa-pantawid-pamilyang-pilipino","tag-trabajo-decente-y-proteccion-social-para-poner-en-marcha-la-dignidad","tag-unidos-por-la-justicia-social-y-la-dignidad-humana","tag-vivir-con-dignidad"],"yoast_head":"<!-- This site is optimized with the Yoast SEO plugin v28.4 - https:\/\/yoast.com\/product\/yoast-seo-wordpress\/ -->\n<title>D\u00eda Internacional para la Erradicaci\u00f3n de la Pobreza: unidos por la justicia social y la dignidad humana. - Blog de Rafael Ram\u00edrez<\/title>\n<meta name=\"description\" content=\"El\u00a0D\u00eda Internacional para la Erradicaci\u00f3n de la Pobreza\u00a0resalta la necesidad de un esfuerzo global para acabar con la pobreza extrema.\" \/>\n<meta name=\"robots\" content=\"index, follow, max-snippet:-1, max-image-preview:large, max-video-preview:-1\" \/>\n<link rel=\"canonical\" href=\"https:\/\/rafaramirez.org\/blog\/index.php\/2024\/10\/17\/dia-internacional-erradicacion-de-la-pobreza\/\" \/>\n<meta property=\"og:locale\" content=\"es_ES\" \/>\n<meta property=\"og:type\" content=\"article\" \/>\n<meta property=\"og:title\" content=\"D\u00eda Internacional para la Erradicaci\u00f3n de la Pobreza: unidos por la justicia social y la dignidad humana. - Blog de Rafael Ram\u00edrez\" \/>\n<meta property=\"og:description\" content=\"El\u00a0D\u00eda Internacional para la Erradicaci\u00f3n de la Pobreza\u00a0resalta la necesidad de un esfuerzo global para acabar con la pobreza extrema.\" \/>\n<meta property=\"og:url\" content=\"https:\/\/rafaramirez.org\/blog\/index.php\/2024\/10\/17\/dia-internacional-erradicacion-de-la-pobreza\/\" \/>\n<meta property=\"og:site_name\" content=\"Blog de Rafael Ram\u00edrez\" \/>\n<meta property=\"article:published_time\" content=\"2024-10-17T06:15:34+00:00\" \/>\n<meta property=\"article:modified_time\" content=\"2024-10-18T09:52:11+00:00\" \/>\n<meta property=\"og:image\" content=\"https:\/\/rafaramirez.org\/blog\/wp-content\/uploads\/2024\/10\/Dia_Internacional_Erradicacion_Pobreza_banner2_logblog.jpg\" \/>\n\t<meta property=\"og:image:width\" content=\"720\" \/>\n\t<meta property=\"og:image:height\" content=\"440\" \/>\n\t<meta property=\"og:image:type\" content=\"image\/jpeg\" \/>\n<meta name=\"author\" content=\"Rafael Ram\u00edrez\" \/>\n<meta name=\"twitter:card\" content=\"summary_large_image\" \/>\n<meta name=\"twitter:creator\" content=\"@rafaramirez_ok\" \/>\n<meta name=\"twitter:site\" content=\"@rafaramirez_ok\" \/>\n<meta name=\"twitter:label1\" content=\"Escrito por\" \/>\n\t<meta name=\"twitter:data1\" content=\"Rafael Ram\u00edrez\" \/>\n\t<meta name=\"twitter:label2\" content=\"Tiempo de lectura\" \/>\n\t<meta name=\"twitter:data2\" content=\"11 minutos\" \/>\n<script type=\"application\/ld+json\" class=\"yoast-schema-graph\">{\"@context\":\"https:\\\/\\\/schema.org\",\"@graph\":[{\"@type\":\"Article\",\"@id\":\"https:\\\/\\\/rafaramirez.org\\\/blog\\\/index.php\\\/2024\\\/10\\\/17\\\/dia-internacional-erradicacion-de-la-pobreza\\\/#article\",\"isPartOf\":{\"@id\":\"https:\\\/\\\/rafaramirez.org\\\/blog\\\/index.php\\\/2024\\\/10\\\/17\\\/dia-internacional-erradicacion-de-la-pobreza\\\/\"},\"author\":{\"name\":\"Rafael Ram\u00edrez\",\"@id\":\"https:\\\/\\\/rafaramirez.org\\\/blog\\\/#\\\/schema\\\/person\\\/50f43b6d60c578760d4c17bda54ab6a5\"},\"headline\":\"D\u00eda Internacional para la Erradicaci\u00f3n de la Pobreza: unidos por la justicia social y la dignidad humana.\",\"datePublished\":\"2024-10-17T06:15:34+00:00\",\"dateModified\":\"2024-10-18T09:52:11+00:00\",\"mainEntityOfPage\":{\"@id\":\"https:\\\/\\\/rafaramirez.org\\\/blog\\\/index.php\\\/2024\\\/10\\\/17\\\/dia-internacional-erradicacion-de-la-pobreza\\\/\"},\"wordCount\":2402,\"commentCount\":0,\"publisher\":{\"@id\":\"https:\\\/\\\/rafaramirez.org\\\/blog\\\/#\\\/schema\\\/person\\\/50f43b6d60c578760d4c17bda54ab6a5\"},\"image\":{\"@id\":\"https:\\\/\\\/rafaramirez.org\\\/blog\\\/index.php\\\/2024\\\/10\\\/17\\\/dia-internacional-erradicacion-de-la-pobreza\\\/#primaryimage\"},\"thumbnailUrl\":\"https:\\\/\\\/rafaramirez.org\\\/blog\\\/wp-content\\\/uploads\\\/2024\\\/10\\\/Dia_Internacional_Erradicacion_Pobreza_banner2_logblog.jpg\",\"keywords\":[\"17 de octubre de 1987\",\"acceso a servicios b\u00e1sicos\",\"bienestar humano\",\"blog de Rafael Ram\u00edrez\",\"Bolsa Familia\",\"Declaraci\u00f3n Universal de Derechos Humanos\",\"desarrollo equitativo\",\"D\u00eda Internacional para la Erradicaci\u00f3n de la Pobreza\",\"dignidad humana\",\"efem\u00e9rides\",\"estrategias de desarrollo\",\"\u00cdndice de Desarrollo Humano (IDH)\",\"\u00cdndice de Pobreza Multidimensional (IPM)\",\"informe social\",\"Iniciativa de Pobreza y Desarrollo Humano de Oxford (OPHI)\",\"labor social\",\"l\u00ednea internacional de pobreza\",\"medioambiental\",\"plaza del Trocadero en Par\u00eds\",\"pobreza absoluta\",\"pobreza relativa\",\"Programa de las Naciones Unidas para el Desarrollo (PNUD)\",\"Programa Pantawid Pamilyang Pilipino\",\"Trabajo decente y protecci\u00f3n social para poner en marcha la dignidad\",\"Unidos por la justicia social y la dignidad humana\",\"vivir con dignidad\"],\"articleSection\":[\"Efem\u00e9rides\",\"Informe social\"],\"inLanguage\":\"es\",\"potentialAction\":[{\"@type\":\"CommentAction\",\"name\":\"Comment\",\"target\":[\"https:\\\/\\\/rafaramirez.org\\\/blog\\\/index.php\\\/2024\\\/10\\\/17\\\/dia-internacional-erradicacion-de-la-pobreza\\\/#respond\"]}]},{\"@type\":\"WebPage\",\"@id\":\"https:\\\/\\\/rafaramirez.org\\\/blog\\\/index.php\\\/2024\\\/10\\\/17\\\/dia-internacional-erradicacion-de-la-pobreza\\\/\",\"url\":\"https:\\\/\\\/rafaramirez.org\\\/blog\\\/index.php\\\/2024\\\/10\\\/17\\\/dia-internacional-erradicacion-de-la-pobreza\\\/\",\"name\":\"D\u00eda Internacional para la Erradicaci\u00f3n de la Pobreza: unidos por la justicia social y la dignidad humana. - Blog de Rafael Ram\u00edrez\",\"isPartOf\":{\"@id\":\"https:\\\/\\\/rafaramirez.org\\\/blog\\\/#website\"},\"primaryImageOfPage\":{\"@id\":\"https:\\\/\\\/rafaramirez.org\\\/blog\\\/index.php\\\/2024\\\/10\\\/17\\\/dia-internacional-erradicacion-de-la-pobreza\\\/#primaryimage\"},\"image\":{\"@id\":\"https:\\\/\\\/rafaramirez.org\\\/blog\\\/index.php\\\/2024\\\/10\\\/17\\\/dia-internacional-erradicacion-de-la-pobreza\\\/#primaryimage\"},\"thumbnailUrl\":\"https:\\\/\\\/rafaramirez.org\\\/blog\\\/wp-content\\\/uploads\\\/2024\\\/10\\\/Dia_Internacional_Erradicacion_Pobreza_banner2_logblog.jpg\",\"datePublished\":\"2024-10-17T06:15:34+00:00\",\"dateModified\":\"2024-10-18T09:52:11+00:00\",\"description\":\"El\u00a0D\u00eda Internacional para la Erradicaci\u00f3n de la Pobreza\u00a0resalta la necesidad de un esfuerzo global para acabar con la pobreza extrema.\",\"breadcrumb\":{\"@id\":\"https:\\\/\\\/rafaramirez.org\\\/blog\\\/index.php\\\/2024\\\/10\\\/17\\\/dia-internacional-erradicacion-de-la-pobreza\\\/#breadcrumb\"},\"inLanguage\":\"es\",\"potentialAction\":[{\"@type\":\"ReadAction\",\"target\":[\"https:\\\/\\\/rafaramirez.org\\\/blog\\\/index.php\\\/2024\\\/10\\\/17\\\/dia-internacional-erradicacion-de-la-pobreza\\\/\"]}]},{\"@type\":\"ImageObject\",\"inLanguage\":\"es\",\"@id\":\"https:\\\/\\\/rafaramirez.org\\\/blog\\\/index.php\\\/2024\\\/10\\\/17\\\/dia-internacional-erradicacion-de-la-pobreza\\\/#primaryimage\",\"url\":\"https:\\\/\\\/rafaramirez.org\\\/blog\\\/wp-content\\\/uploads\\\/2024\\\/10\\\/Dia_Internacional_Erradicacion_Pobreza_banner2_logblog.jpg\",\"contentUrl\":\"https:\\\/\\\/rafaramirez.org\\\/blog\\\/wp-content\\\/uploads\\\/2024\\\/10\\\/Dia_Internacional_Erradicacion_Pobreza_banner2_logblog.jpg\",\"width\":720,\"height\":440,\"caption\":\"D\u00eda Internacional para la Erradicaci\u00f3n de la Pobreza. Efem\u00e9rides. blog de Rafael Ram\u00edrez.\"},{\"@type\":\"BreadcrumbList\",\"@id\":\"https:\\\/\\\/rafaramirez.org\\\/blog\\\/index.php\\\/2024\\\/10\\\/17\\\/dia-internacional-erradicacion-de-la-pobreza\\\/#breadcrumb\",\"itemListElement\":[{\"@type\":\"ListItem\",\"position\":1,\"name\":\"Portada\",\"item\":\"https:\\\/\\\/rafaramirez.org\\\/blog\\\/\"},{\"@type\":\"ListItem\",\"position\":2,\"name\":\"D\u00eda Internacional para la Erradicaci\u00f3n de la Pobreza: unidos por la justicia social y la dignidad humana.\"}]},{\"@type\":\"WebSite\",\"@id\":\"https:\\\/\\\/rafaramirez.org\\\/blog\\\/#website\",\"url\":\"https:\\\/\\\/rafaramirez.org\\\/blog\\\/\",\"name\":\"Blog de Rafael Ram\u00edrez\",\"description\":\"Un sitio social, de arte y cultura\",\"publisher\":{\"@id\":\"https:\\\/\\\/rafaramirez.org\\\/blog\\\/#\\\/schema\\\/person\\\/50f43b6d60c578760d4c17bda54ab6a5\"},\"potentialAction\":[{\"@type\":\"SearchAction\",\"target\":{\"@type\":\"EntryPoint\",\"urlTemplate\":\"https:\\\/\\\/rafaramirez.org\\\/blog\\\/?s={search_term_string}\"},\"query-input\":{\"@type\":\"PropertyValueSpecification\",\"valueRequired\":true,\"valueName\":\"search_term_string\"}}],\"inLanguage\":\"es\"},{\"@type\":[\"Person\",\"Organization\"],\"@id\":\"https:\\\/\\\/rafaramirez.org\\\/blog\\\/#\\\/schema\\\/person\\\/50f43b6d60c578760d4c17bda54ab6a5\",\"name\":\"Rafael Ram\u00edrez\",\"image\":{\"@type\":\"ImageObject\",\"inLanguage\":\"es\",\"@id\":\"https:\\\/\\\/rafaramirez.org\\\/blog\\\/wp-content\\\/uploads\\\/2024\\\/09\\\/RR_socialnetwork.jpg\",\"url\":\"https:\\\/\\\/rafaramirez.org\\\/blog\\\/wp-content\\\/uploads\\\/2024\\\/09\\\/RR_socialnetwork.jpg\",\"contentUrl\":\"https:\\\/\\\/rafaramirez.org\\\/blog\\\/wp-content\\\/uploads\\\/2024\\\/09\\\/RR_socialnetwork.jpg\",\"width\":600,\"height\":606,\"caption\":\"Rafael Ram\u00edrez\"},\"logo\":{\"@id\":\"https:\\\/\\\/rafaramirez.org\\\/blog\\\/wp-content\\\/uploads\\\/2024\\\/09\\\/RR_socialnetwork.jpg\"},\"sameAs\":[\"https:\\\/\\\/www.rafaramirez.org\\\/blog\",\"https:\\\/\\\/www.instagram.com\\\/rafaramirez_ok\\\/\",\"https:\\\/\\\/es.pinterest.com\\\/Ramirez_Rafa\\\/\",\"https:\\\/\\\/x.com\\\/rafaramirez_ok\"],\"url\":\"https:\\\/\\\/rafaramirez.org\\\/blog\\\/index.php\\\/author\\\/rafaell_qm6j97da\\\/\"}]}<\/script>\n<!-- \/ Yoast SEO plugin. -->","yoast_head_json":{"title":"D\u00eda Internacional para la Erradicaci\u00f3n de la Pobreza: unidos por la justicia social y la dignidad humana. - Blog de Rafael Ram\u00edrez","description":"El\u00a0D\u00eda Internacional para la Erradicaci\u00f3n de la Pobreza\u00a0resalta la necesidad de un esfuerzo global para acabar con la pobreza extrema.","robots":{"index":"index","follow":"follow","max-snippet":"max-snippet:-1","max-image-preview":"max-image-preview:large","max-video-preview":"max-video-preview:-1"},"canonical":"https:\/\/rafaramirez.org\/blog\/index.php\/2024\/10\/17\/dia-internacional-erradicacion-de-la-pobreza\/","og_locale":"es_ES","og_type":"article","og_title":"D\u00eda Internacional para la Erradicaci\u00f3n de la Pobreza: unidos por la justicia social y la dignidad humana. - Blog de Rafael Ram\u00edrez","og_description":"El\u00a0D\u00eda Internacional para la Erradicaci\u00f3n de la Pobreza\u00a0resalta la necesidad de un esfuerzo global para acabar con la pobreza extrema.","og_url":"https:\/\/rafaramirez.org\/blog\/index.php\/2024\/10\/17\/dia-internacional-erradicacion-de-la-pobreza\/","og_site_name":"Blog de Rafael Ram\u00edrez","article_published_time":"2024-10-17T06:15:34+00:00","article_modified_time":"2024-10-18T09:52:11+00:00","og_image":[{"width":720,"height":440,"url":"https:\/\/rafaramirez.org\/blog\/wp-content\/uploads\/2024\/10\/Dia_Internacional_Erradicacion_Pobreza_banner2_logblog.jpg","type":"image\/jpeg"}],"author":"Rafael Ram\u00edrez","twitter_card":"summary_large_image","twitter_creator":"@rafaramirez_ok","twitter_site":"@rafaramirez_ok","twitter_misc":{"Escrito por":"Rafael Ram\u00edrez","Tiempo de lectura":"11 minutos"},"schema":{"@context":"https:\/\/schema.org","@graph":[{"@type":"Article","@id":"https:\/\/rafaramirez.org\/blog\/index.php\/2024\/10\/17\/dia-internacional-erradicacion-de-la-pobreza\/#article","isPartOf":{"@id":"https:\/\/rafaramirez.org\/blog\/index.php\/2024\/10\/17\/dia-internacional-erradicacion-de-la-pobreza\/"},"author":{"name":"Rafael Ram\u00edrez","@id":"https:\/\/rafaramirez.org\/blog\/#\/schema\/person\/50f43b6d60c578760d4c17bda54ab6a5"},"headline":"D\u00eda Internacional para la Erradicaci\u00f3n de la Pobreza: unidos por la justicia social y la dignidad humana.","datePublished":"2024-10-17T06:15:34+00:00","dateModified":"2024-10-18T09:52:11+00:00","mainEntityOfPage":{"@id":"https:\/\/rafaramirez.org\/blog\/index.php\/2024\/10\/17\/dia-internacional-erradicacion-de-la-pobreza\/"},"wordCount":2402,"commentCount":0,"publisher":{"@id":"https:\/\/rafaramirez.org\/blog\/#\/schema\/person\/50f43b6d60c578760d4c17bda54ab6a5"},"image":{"@id":"https:\/\/rafaramirez.org\/blog\/index.php\/2024\/10\/17\/dia-internacional-erradicacion-de-la-pobreza\/#primaryimage"},"thumbnailUrl":"https:\/\/rafaramirez.org\/blog\/wp-content\/uploads\/2024\/10\/Dia_Internacional_Erradicacion_Pobreza_banner2_logblog.jpg","keywords":["17 de octubre de 1987","acceso a servicios b\u00e1sicos","bienestar humano","blog de Rafael Ram\u00edrez","Bolsa Familia","Declaraci\u00f3n Universal de Derechos Humanos","desarrollo equitativo","D\u00eda Internacional para la Erradicaci\u00f3n de la Pobreza","dignidad humana","efem\u00e9rides","estrategias de desarrollo","\u00cdndice de Desarrollo Humano (IDH)","\u00cdndice de Pobreza Multidimensional (IPM)","informe social","Iniciativa de Pobreza y Desarrollo Humano de Oxford (OPHI)","labor social","l\u00ednea internacional de pobreza","medioambiental","plaza del Trocadero en Par\u00eds","pobreza absoluta","pobreza relativa","Programa de las Naciones Unidas para el Desarrollo (PNUD)","Programa Pantawid Pamilyang Pilipino","Trabajo decente y protecci\u00f3n social para poner en marcha la dignidad","Unidos por la justicia social y la dignidad humana","vivir con dignidad"],"articleSection":["Efem\u00e9rides","Informe social"],"inLanguage":"es","potentialAction":[{"@type":"CommentAction","name":"Comment","target":["https:\/\/rafaramirez.org\/blog\/index.php\/2024\/10\/17\/dia-internacional-erradicacion-de-la-pobreza\/#respond"]}]},{"@type":"WebPage","@id":"https:\/\/rafaramirez.org\/blog\/index.php\/2024\/10\/17\/dia-internacional-erradicacion-de-la-pobreza\/","url":"https:\/\/rafaramirez.org\/blog\/index.php\/2024\/10\/17\/dia-internacional-erradicacion-de-la-pobreza\/","name":"D\u00eda Internacional para la Erradicaci\u00f3n de la Pobreza: unidos por la justicia social y la dignidad humana. - Blog de Rafael Ram\u00edrez","isPartOf":{"@id":"https:\/\/rafaramirez.org\/blog\/#website"},"primaryImageOfPage":{"@id":"https:\/\/rafaramirez.org\/blog\/index.php\/2024\/10\/17\/dia-internacional-erradicacion-de-la-pobreza\/#primaryimage"},"image":{"@id":"https:\/\/rafaramirez.org\/blog\/index.php\/2024\/10\/17\/dia-internacional-erradicacion-de-la-pobreza\/#primaryimage"},"thumbnailUrl":"https:\/\/rafaramirez.org\/blog\/wp-content\/uploads\/2024\/10\/Dia_Internacional_Erradicacion_Pobreza_banner2_logblog.jpg","datePublished":"2024-10-17T06:15:34+00:00","dateModified":"2024-10-18T09:52:11+00:00","description":"El\u00a0D\u00eda Internacional para la Erradicaci\u00f3n de la Pobreza\u00a0resalta la necesidad de un esfuerzo global para acabar con la pobreza extrema.","breadcrumb":{"@id":"https:\/\/rafaramirez.org\/blog\/index.php\/2024\/10\/17\/dia-internacional-erradicacion-de-la-pobreza\/#breadcrumb"},"inLanguage":"es","potentialAction":[{"@type":"ReadAction","target":["https:\/\/rafaramirez.org\/blog\/index.php\/2024\/10\/17\/dia-internacional-erradicacion-de-la-pobreza\/"]}]},{"@type":"ImageObject","inLanguage":"es","@id":"https:\/\/rafaramirez.org\/blog\/index.php\/2024\/10\/17\/dia-internacional-erradicacion-de-la-pobreza\/#primaryimage","url":"https:\/\/rafaramirez.org\/blog\/wp-content\/uploads\/2024\/10\/Dia_Internacional_Erradicacion_Pobreza_banner2_logblog.jpg","contentUrl":"https:\/\/rafaramirez.org\/blog\/wp-content\/uploads\/2024\/10\/Dia_Internacional_Erradicacion_Pobreza_banner2_logblog.jpg","width":720,"height":440,"caption":"D\u00eda Internacional para la Erradicaci\u00f3n de la Pobreza. Efem\u00e9rides. blog de Rafael Ram\u00edrez."},{"@type":"BreadcrumbList","@id":"https:\/\/rafaramirez.org\/blog\/index.php\/2024\/10\/17\/dia-internacional-erradicacion-de-la-pobreza\/#breadcrumb","itemListElement":[{"@type":"ListItem","position":1,"name":"Portada","item":"https:\/\/rafaramirez.org\/blog\/"},{"@type":"ListItem","position":2,"name":"D\u00eda Internacional para la Erradicaci\u00f3n de la Pobreza: unidos por la justicia social y la dignidad humana."}]},{"@type":"WebSite","@id":"https:\/\/rafaramirez.org\/blog\/#website","url":"https:\/\/rafaramirez.org\/blog\/","name":"Blog de Rafael Ram\u00edrez","description":"Un sitio social, de arte y cultura","publisher":{"@id":"https:\/\/rafaramirez.org\/blog\/#\/schema\/person\/50f43b6d60c578760d4c17bda54ab6a5"},"potentialAction":[{"@type":"SearchAction","target":{"@type":"EntryPoint","urlTemplate":"https:\/\/rafaramirez.org\/blog\/?s={search_term_string}"},"query-input":{"@type":"PropertyValueSpecification","valueRequired":true,"valueName":"search_term_string"}}],"inLanguage":"es"},{"@type":["Person","Organization"],"@id":"https:\/\/rafaramirez.org\/blog\/#\/schema\/person\/50f43b6d60c578760d4c17bda54ab6a5","name":"Rafael Ram\u00edrez","image":{"@type":"ImageObject","inLanguage":"es","@id":"https:\/\/rafaramirez.org\/blog\/wp-content\/uploads\/2024\/09\/RR_socialnetwork.jpg","url":"https:\/\/rafaramirez.org\/blog\/wp-content\/uploads\/2024\/09\/RR_socialnetwork.jpg","contentUrl":"https:\/\/rafaramirez.org\/blog\/wp-content\/uploads\/2024\/09\/RR_socialnetwork.jpg","width":600,"height":606,"caption":"Rafael Ram\u00edrez"},"logo":{"@id":"https:\/\/rafaramirez.org\/blog\/wp-content\/uploads\/2024\/09\/RR_socialnetwork.jpg"},"sameAs":["https:\/\/www.rafaramirez.org\/blog","https:\/\/www.instagram.com\/rafaramirez_ok\/","https:\/\/es.pinterest.com\/Ramirez_Rafa\/","https:\/\/x.com\/rafaramirez_ok"],"url":"https:\/\/rafaramirez.org\/blog\/index.php\/author\/rafaell_qm6j97da\/"}]}},"jetpack_publicize_connections":[],"jetpack_sharing_enabled":true,"jetpack_likes_enabled":true,"jetpack_featured_media_url":"https:\/\/rafaramirez.org\/blog\/wp-content\/uploads\/2024\/10\/Dia_Internacional_Erradicacion_Pobreza_banner2_logblog.jpg","_links":{"self":[{"href":"https:\/\/rafaramirez.org\/blog\/index.php\/wp-json\/wp\/v2\/posts\/6356","targetHints":{"allow":["GET"]}}],"collection":[{"href":"https:\/\/rafaramirez.org\/blog\/index.php\/wp-json\/wp\/v2\/posts"}],"about":[{"href":"https:\/\/rafaramirez.org\/blog\/index.php\/wp-json\/wp\/v2\/types\/post"}],"author":[{"embeddable":true,"href":"https:\/\/rafaramirez.org\/blog\/index.php\/wp-json\/wp\/v2\/users\/1"}],"replies":[{"embeddable":true,"href":"https:\/\/rafaramirez.org\/blog\/index.php\/wp-json\/wp\/v2\/comments?post=6356"}],"version-history":[{"count":21,"href":"https:\/\/rafaramirez.org\/blog\/index.php\/wp-json\/wp\/v2\/posts\/6356\/revisions"}],"predecessor-version":[{"id":6590,"href":"https:\/\/rafaramirez.org\/blog\/index.php\/wp-json\/wp\/v2\/posts\/6356\/revisions\/6590"}],"wp:featuredmedia":[{"embeddable":true,"href":"https:\/\/rafaramirez.org\/blog\/index.php\/wp-json\/wp\/v2\/media\/6588"}],"wp:attachment":[{"href":"https:\/\/rafaramirez.org\/blog\/index.php\/wp-json\/wp\/v2\/media?parent=6356"}],"wp:term":[{"taxonomy":"category","embeddable":true,"href":"https:\/\/rafaramirez.org\/blog\/index.php\/wp-json\/wp\/v2\/categories?post=6356"},{"taxonomy":"post_tag","embeddable":true,"href":"https:\/\/rafaramirez.org\/blog\/index.php\/wp-json\/wp\/v2\/tags?post=6356"}],"curies":[{"name":"wp","href":"https:\/\/api.w.org\/{rel}","templated":true}]}}