{"id":6347,"date":"2024-10-18T08:15:12","date_gmt":"2024-10-18T06:15:12","guid":{"rendered":"https:\/\/rafaramirez.org\/blog\/?p=6347"},"modified":"2025-05-12T19:38:26","modified_gmt":"2025-05-12T17:38:26","slug":"malaga-fotos-plaza-de-la-merced-y-alcazabilla","status":"publish","type":"post","link":"https:\/\/rafaramirez.org\/blog\/index.php\/2024\/10\/18\/malaga-fotos-plaza-de-la-merced-y-alcazabilla\/","title":{"rendered":"M\u00e1laga: fotos de la Plaza de La Merced y el entorno de calle Alcazabilla."},"content":{"rendered":"<p>Hoy os invito a un paseo virtual por la <strong>ciudad de M\u00e1laga<\/strong>: fotos de su centro hist\u00f3rico, el entorno de la <strong>Plaza de La Merced<\/strong> y calle <strong>Alcazabilla<\/strong>.<\/p>\n<p>En La Merced se encuentra el obelisco, homenaje de la ciudad, al <strong>general Torrijos<\/strong>, debajo de las fotos os propongo conocer un poco m\u00e1s sobre la historia de esta plaza y su monumento.<\/p>\n<p>Para informaci\u00f3n de la fotograf\u00eda en la galer\u00eda de M\u00e1laga: fotos, pincha sobre la \u00abi\u00bb.<\/p>\n<style id=\"bwg-style-0\">      #bwg_container1_0 #bwg_container2_0 #bwg_mosaic_thumbnails_div_0 {        width: 100%;        position: relative;        background-color: rgba(255, 255, 255, 0.00);        text-align: center;        justify-content: center;                  margin-left: auto;          margin-right: auto;                    padding-left: 2px;          padding-top: 2px;                }          #bwg_container1_0 #bwg_container2_0 .bwg_mosaic_thumb_spun_0 {        display: block;        position: absolute;\t\t\t\tborder-radius: 0;\t\t\t\tborder: 0px none #CCCCCC;    \t\t    \t\tbackground-color:rgba(0,0,0, 0.30);        -moz-box-sizing: content-box !important;        -webkit-box-sizing: content-box !important;        box-sizing: content-box !important;      }\t\t\t#bwg_container1_0 #bwg_container2_0 .bwg_mosaic_thumb_0 {\t\t\t\tdisplay: block;\t\t\t\t-moz-box-sizing: content-box !important;\t\t\t\t-webkit-box-sizing: content-box !important;\t\t\t\tbox-sizing: content-box !important;\t\t\t\tmargin: 0;\t\t\t\topacity: 1.00;\t\t\t}      #bwg_container1_0 #bwg_container2_0 .bwg_mosaic_thumb_spun_0:hover {        opacity: 1;        backface-visibility: hidden;        -webkit-backface-visibility: hidden;        -moz-backface-visibility: hidden;        -ms-backface-visibility: hidden;        z-index: 102;      }\t     @media only screen and (min-width: 480px) {\t\t#bwg_container1_0 #bwg_container2_0 .bwg-container-0.bwg-mosaic-thumbnails .bwg-item0 img {\t\t\t-webkit-transition: -webkit-transform .3s; transition: transform .3s;\t\t}\t\t#bwg_container1_0 #bwg_container2_0 .bwg-container-0.bwg-mosaic-thumbnails .bwg-item0 img:hover {\t\t\t-ms-transform: scale(1.08);\t\t\t-webkit-transform: scale(1.08);\t\t\ttransform: scale(1.08);\t\t}\t\t      }\t      #bwg_container1_0 #bwg_container2_0 .bwg_mosaic_thumbnails_0 {        background-color: rgba(255, 255, 255, 0.00);        font-size: 0;        position: relative;        text-align: center;        display: inline-block;        visibility: hidden;              }\t  \/*image title styles*\/      #bwg_container1_0 #bwg_container2_0 .bwg_mosaic_title_spun1_0,      #bwg_container1_0 #bwg_container2_0 .bwg-mosaic-thumbnails .bwg_ecommerce_spun1_0 {        position: absolute;        display: block;        opacity: 0;        box-sizing: border-box;        text-align: center;\t\t\t\ttop: 50%;\t\t\t\tleft: 50%;\t\t\t\ttransform: translate(-50%, -50%);      }      #bwg_container1_0 #bwg_container2_0 .bwg-mosaic-thumbnails .bwg_mosaic_title_spun2_0,      #bwg_container1_0 #bwg_container2_0 .bwg-mosaic-thumbnails .bwg_ecommerce_spun2_0 {\t\t    color: #323A45;        font-family: Ubuntu;        font-size: 16px;        font-weight: bold;        text-shadow: ;        vertical-align: middle;        word-wrap: break-word;      }            .bwg_mosaic_play_icon_spun_0 {        display: table;        position: absolute;        left: -10000px;        top: 0px;        opacity: 0;      }      .bwg_mosaic_play_icon_0 {        color: #323A45;        font-size: 32px;        vertical-align: middle;        display: table-cell !important;        z-index: 1;        text-align: center;        margin: 0 auto;      }      #bwg_container1_0 #bwg_container2_0 .bwg_gal_title_0 {        background-color: rgba(0, 0, 0, 0);        color: #323A45;        display: block;        font-family: Ubuntu;        font-size: 16px;        font-weight: bold;        padding: 2px;        text-shadow: ;        text-align: center;      }            @media screen and (max-width: 350px) {      div[class^=\"bwg_mosaic_thumbnails_\"],      span[class^=\"bwg_mosaic_thumb_spun_\"] {      width: 100% !important;      }      img[class^=\"bwg_mosaic_thumb_\"] {      width: 100% !important;      height: auto !important;      margin: 0px auto !important;      }      }      <\/style>    <div id=\"bwg_container1_0\"         class=\"bwg_container bwg_thumbnail bwg_thumbnails_mosaic \"         data-right-click-protection=\"1\"         data-bwg=\"0\"         data-scroll=\"0\"         data-gallery-type=\"thumbnails_mosaic\"         data-gallery-view-type=\"thumbnails_mosaic\"         data-current-url=\"\/blog\/index.php\/wp-json\/wp\/v2\/posts\/6347\"         data-lightbox-url=\"https:\/\/rafaramirez.org\/blog\/wp-admin\/admin-ajax.php?action=GalleryBox&#038;current_view=0&#038;gallery_id=47&#038;tag=0&#038;theme_id=1&#038;shortcode_id=98&#038;sort_by=order&#038;order_by=asc&#038;current_url=%2Fblog%2Findex.php%2Fwp-json%2Fwp%2Fv2%2Fposts%2F6347\"         data-gallery-id=\"47\"         data-popup-width=\"800\"         data-popup-height=\"500\"         data-is-album=\"gallery\"         data-buttons-position=\"bottom\">      <div id=\"bwg_container2_0\">             <div id=\"ajax_loading_0\" class=\"bwg_loading_div_1\">      <div class=\"bwg_loading_div_2\">        <div class=\"bwg_loading_div_3\">          <div id=\"loading_div_0\" class=\"bwg_spider_ajax_loading\">          <\/div>        <\/div>      <\/div>    <\/div>            <form id=\"gal_front_form_0\"              class=\"bwg-hidden\"              method=\"post\"              action=\"#\"              data-current=\"0\"              data-shortcode-id=\"98\"              data-gallery-type=\"thumbnails_mosaic\"              data-gallery-id=\"47\"              data-tag=\"0\"              data-album-id=\"0\"              data-theme-id=\"1\"              data-ajax-url=\"https:\/\/rafaramirez.org\/blog\/wp-admin\/admin-ajax.php?action=bwg_frontend_data\">          <div id=\"bwg_container3_0\" class=\"bwg-background bwg-background-0\">                <div id=\"bwg_mosaic_thumbnails_div_0\"         class=\"bwg-container-0 bwg-container bwg-mosaic-thumbnails\"         data-bwg=\"0\"         data-mosaic-direction=\"vertical\"         data-resizable=\"0\"         data-width=\"250\"         data-height=\"250\"         data-total-width=\"100\"         data-block-id=\"bwg_thumbnails_mosaic_0\"         data-thumb-padding=\"2\"         data-thumb-border=\"0\"         data-title-margin=\"2px\"         data-image-title=\"none\"         data-play-icon=\"1\"         data-ecommerce-icon=\"none\"         data-gallery-id=\"47\"         data-lightbox-url=\"https:\/\/rafaramirez.org\/blog\/wp-admin\/admin-ajax.php?action=GalleryBox&#038;current_view=0&#038;gallery_id=47&#038;tag=0&#038;theme_id=1&#038;shortcode_id=98&#038;sort_by=order&#038;order_by=asc&#038;current_url=%2Fblog%2Findex.php%2Fwp-json%2Fwp%2Fv2%2Fposts%2F6347\"         data-mosaic-thumb-transition=\"1\"         style=\"visibility: hidden\" >      <div id=\"bwg_thumbnails_mosaic_0\" class=\"bwg_mosaic_thumbnails_0\">                  <a  class=\"bwg-a bwg_lightbox bwg_lightbox_0\" href=\"https:\/\/rafaramirez.org\/blog\/wp-content\/uploads\/photo-gallery\/imported_from_media_libray\/Malaga_foto_de_Rafael-Ramirez_1.jpg?bwg=1728036164\" data-image-id=\"452\" data-elementor-open-lightbox=\"no\">          <div class=\"bwg_mosaic_thumb_spun_0 bwg-item0 bwg-mosaic-thumb-span \">            <img decoding=\"async\" class=\"bwg_mosaic_thumb_0 skip-lazy bwg_img_clear bwg_img_custom \"                 id=\"452\"                 src=\"https:\/\/rafaramirez.org\/blog\/wp-content\/uploads\/photo-gallery\/imported_from_media_libray\/thumb\/Malaga_foto_de_Rafael-Ramirez_1.jpg?bwg=1728036164\"                 data-src=\"https:\/\/rafaramirez.org\/blog\/wp-content\/uploads\/photo-gallery\/imported_from_media_libray\/thumb\/Malaga_foto_de_Rafael-Ramirez_1.jpg?bwg=1728036164\"                 data-width=\"403.00\"                 data-height=\"500.00\"                 alt=\"Plaza de La Merced en M\u00e1laga. Blog de Rafael Ram\u00edrez.\"                 title=\"Plaza de La Merced en M\u00e1laga. Blog de Rafael Ram\u00edrez.\" \/>                      <\/div>        <\/a>                <a  class=\"bwg-a bwg_lightbox bwg_lightbox_0\" href=\"https:\/\/rafaramirez.org\/blog\/wp-content\/uploads\/photo-gallery\/imported_from_media_libray\/Malaga_foto_de_Rafael-Ramirez_2.jpg?bwg=1728036164\" data-image-id=\"453\" data-elementor-open-lightbox=\"no\">          <div class=\"bwg_mosaic_thumb_spun_0 bwg-item0 bwg-mosaic-thumb-span \">            <img decoding=\"async\" class=\"bwg_mosaic_thumb_0 skip-lazy bwg_img_clear bwg_img_custom \"                 id=\"453\"                 src=\"https:\/\/rafaramirez.org\/blog\/wp-content\/uploads\/photo-gallery\/imported_from_media_libray\/thumb\/Malaga_foto_de_Rafael-Ramirez_2.jpg?bwg=1728036164\"                 data-src=\"https:\/\/rafaramirez.org\/blog\/wp-content\/uploads\/photo-gallery\/imported_from_media_libray\/thumb\/Malaga_foto_de_Rafael-Ramirez_2.jpg?bwg=1728036164\"                 data-width=\"375.00\"                 data-height=\"500.00\"                 alt=\"Monumento a Torrijos en la plaza de la Merced de M\u00e1laga. Blog de Rafael Ram\u00edrez. \"                 title=\"Monumento a Torrijos en la plaza de la Merced de M\u00e1laga. Blog de Rafael Ram\u00edrez. \" \/>                      <\/div>        <\/a>                <a  class=\"bwg-a bwg_lightbox bwg_lightbox_0\" href=\"https:\/\/rafaramirez.org\/blog\/wp-content\/uploads\/photo-gallery\/imported_from_media_libray\/Malaga_foto_de_Rafael-Ramirez_3.jpg?bwg=1728036164\" data-image-id=\"454\" data-elementor-open-lightbox=\"no\">          <div class=\"bwg_mosaic_thumb_spun_0 bwg-item0 bwg-mosaic-thumb-span \">            <img decoding=\"async\" class=\"bwg_mosaic_thumb_0 skip-lazy bwg_img_clear bwg_img_custom \"                 id=\"454\"                 src=\"https:\/\/rafaramirez.org\/blog\/wp-content\/uploads\/photo-gallery\/imported_from_media_libray\/thumb\/Malaga_foto_de_Rafael-Ramirez_3.jpg?bwg=1728036164\"                 data-src=\"https:\/\/rafaramirez.org\/blog\/wp-content\/uploads\/photo-gallery\/imported_from_media_libray\/thumb\/Malaga_foto_de_Rafael-Ramirez_3.jpg?bwg=1728036164\"                 data-width=\"375.00\"                 data-height=\"500.00\"                 alt=\"Plaza de La Merced en M\u00e1laga. Blog de Rafael Ram\u00edrez.\"                 title=\"Plaza de La Merced en M\u00e1laga. Blog de Rafael Ram\u00edrez.\" \/>                      <\/div>        <\/a>                <a  class=\"bwg-a bwg_lightbox bwg_lightbox_0\" href=\"https:\/\/rafaramirez.org\/blog\/wp-content\/uploads\/photo-gallery\/imported_from_media_libray\/Malaga_foto_de_Rafael-Ramirez_4.jpg?bwg=1728036164\" data-image-id=\"455\" data-elementor-open-lightbox=\"no\">          <div class=\"bwg_mosaic_thumb_spun_0 bwg-item0 bwg-mosaic-thumb-span \">            <img decoding=\"async\" class=\"bwg_mosaic_thumb_0 skip-lazy bwg_img_clear bwg_img_custom \"                 id=\"455\"                 src=\"https:\/\/rafaramirez.org\/blog\/wp-content\/uploads\/photo-gallery\/imported_from_media_libray\/thumb\/Malaga_foto_de_Rafael-Ramirez_4.jpg?bwg=1728036164\"                 data-src=\"https:\/\/rafaramirez.org\/blog\/wp-content\/uploads\/photo-gallery\/imported_from_media_libray\/thumb\/Malaga_foto_de_Rafael-Ramirez_4.jpg?bwg=1728036164\"                 data-width=\"375.00\"                 data-height=\"500.00\"                 alt=\"Monumento a Torrijos en la plaza de la Merced de M\u00e1laga. Blog de Rafael Ram\u00edrez. \"                 title=\"Monumento a Torrijos en la plaza de la Merced de M\u00e1laga. Blog de Rafael Ram\u00edrez. \" \/>                      <\/div>        <\/a>                <a  class=\"bwg-a bwg_lightbox bwg_lightbox_0\" href=\"https:\/\/rafaramirez.org\/blog\/wp-content\/uploads\/photo-gallery\/imported_from_media_libray\/Malaga_foto_de_Rafael-Ramirez_5.jpg?bwg=1728036164\" data-image-id=\"456\" data-elementor-open-lightbox=\"no\">          <div class=\"bwg_mosaic_thumb_spun_0 bwg-item0 bwg-mosaic-thumb-span \">            <img decoding=\"async\" class=\"bwg_mosaic_thumb_0 skip-lazy bwg_img_clear bwg_img_custom \"                 id=\"456\"                 src=\"https:\/\/rafaramirez.org\/blog\/wp-content\/uploads\/photo-gallery\/imported_from_media_libray\/thumb\/Malaga_foto_de_Rafael-Ramirez_5.jpg?bwg=1728036164\"                 data-src=\"https:\/\/rafaramirez.org\/blog\/wp-content\/uploads\/photo-gallery\/imported_from_media_libray\/thumb\/Malaga_foto_de_Rafael-Ramirez_5.jpg?bwg=1728036164\"                 data-width=\"500.00\"                 data-height=\"345.00\"                 alt=\"Placa recordatoria en el Monumento a Torrijos en la plaza de la Merced de M\u00e1laga. Blog de Rafael Ram\u00edrez. \"                 title=\"Placa recordatoria en el Monumento a Torrijos en la plaza de la Merced de M\u00e1laga. Blog de Rafael Ram\u00edrez. \" \/>                      <\/div>        <\/a>                <a  class=\"bwg-a bwg_lightbox bwg_lightbox_0\" href=\"https:\/\/rafaramirez.org\/blog\/wp-content\/uploads\/photo-gallery\/imported_from_media_libray\/Malaga_foto_de_Rafael-Ramirez_6.jpg?bwg=1728036164\" data-image-id=\"457\" data-elementor-open-lightbox=\"no\">          <div class=\"bwg_mosaic_thumb_spun_0 bwg-item0 bwg-mosaic-thumb-span \">            <img decoding=\"async\" class=\"bwg_mosaic_thumb_0 skip-lazy bwg_img_clear bwg_img_custom \"                 id=\"457\"                 src=\"https:\/\/rafaramirez.org\/blog\/wp-content\/uploads\/photo-gallery\/imported_from_media_libray\/thumb\/Malaga_foto_de_Rafael-Ramirez_6.jpg?bwg=1728036164\"                 data-src=\"https:\/\/rafaramirez.org\/blog\/wp-content\/uploads\/photo-gallery\/imported_from_media_libray\/thumb\/Malaga_foto_de_Rafael-Ramirez_6.jpg?bwg=1728036164\"                 data-width=\"500.00\"                 data-height=\"340.00\"                 alt=\"Placas lapidarias en el Monumento a Torrijos en la plaza de la Merced de M\u00e1laga. Blog de Rafael Ram\u00edrez. \"                 title=\"Placas lapidarias en el Monumento a Torrijos en la plaza de la Merced de M\u00e1laga. Blog de Rafael Ram\u00edrez. \" \/>                      <\/div>        <\/a>                <a  class=\"bwg-a bwg_lightbox bwg_lightbox_0\" href=\"https:\/\/rafaramirez.org\/blog\/wp-content\/uploads\/photo-gallery\/imported_from_media_libray\/Malaga_foto_de_Rafael-Ramirez_7.jpg?bwg=1728036164\" data-image-id=\"458\" data-elementor-open-lightbox=\"no\">          <div class=\"bwg_mosaic_thumb_spun_0 bwg-item0 bwg-mosaic-thumb-span \">            <img decoding=\"async\" class=\"bwg_mosaic_thumb_0 skip-lazy bwg_img_clear bwg_img_custom \"                 id=\"458\"                 src=\"https:\/\/rafaramirez.org\/blog\/wp-content\/uploads\/photo-gallery\/imported_from_media_libray\/thumb\/Malaga_foto_de_Rafael-Ramirez_7.jpg?bwg=1728036164\"                 data-src=\"https:\/\/rafaramirez.org\/blog\/wp-content\/uploads\/photo-gallery\/imported_from_media_libray\/thumb\/Malaga_foto_de_Rafael-Ramirez_7.jpg?bwg=1728036164\"                 data-width=\"375.00\"                 data-height=\"500.00\"                 alt=\"Monumento a Torrijos en la plaza de la Merced de M\u00e1laga. Blog de Rafael Ram\u00edrez. \"                 title=\"Monumento a Torrijos en la plaza de la Merced de M\u00e1laga. Blog de Rafael Ram\u00edrez. \" \/>                      <\/div>        <\/a>                <a  class=\"bwg-a bwg_lightbox bwg_lightbox_0\" href=\"https:\/\/rafaramirez.org\/blog\/wp-content\/uploads\/photo-gallery\/imported_from_media_libray\/Malaga_foto_de_Rafael-Ramirez_8.jpg?bwg=1728036164\" data-image-id=\"459\" data-elementor-open-lightbox=\"no\">          <div class=\"bwg_mosaic_thumb_spun_0 bwg-item0 bwg-mosaic-thumb-span \">            <img decoding=\"async\" class=\"bwg_mosaic_thumb_0 skip-lazy bwg_img_clear bwg_img_custom \"                 id=\"459\"                 src=\"https:\/\/rafaramirez.org\/blog\/wp-content\/uploads\/photo-gallery\/imported_from_media_libray\/thumb\/Malaga_foto_de_Rafael-Ramirez_8.jpg?bwg=1728036164\"                 data-src=\"https:\/\/rafaramirez.org\/blog\/wp-content\/uploads\/photo-gallery\/imported_from_media_libray\/thumb\/Malaga_foto_de_Rafael-Ramirez_8.jpg?bwg=1728036164\"                 data-width=\"500.00\"                 data-height=\"375.00\"                 alt=\"Plaza de La Merced en M\u00e1laga. Blog de Rafael Ram\u00edrez.\"                 title=\"Plaza de La Merced en M\u00e1laga. Blog de Rafael Ram\u00edrez.\" \/>                      <\/div>        <\/a>                <a  class=\"bwg-a bwg_lightbox bwg_lightbox_0\" href=\"https:\/\/rafaramirez.org\/blog\/wp-content\/uploads\/photo-gallery\/imported_from_media_libray\/Malaga_foto_de_Rafael-Ramirez_9.jpg?bwg=1728036164\" data-image-id=\"460\" data-elementor-open-lightbox=\"no\">          <div class=\"bwg_mosaic_thumb_spun_0 bwg-item0 bwg-mosaic-thumb-span \">            <img decoding=\"async\" class=\"bwg_mosaic_thumb_0 skip-lazy bwg_img_clear bwg_img_custom \"                 id=\"460\"                 src=\"https:\/\/rafaramirez.org\/blog\/wp-content\/uploads\/photo-gallery\/imported_from_media_libray\/thumb\/Malaga_foto_de_Rafael-Ramirez_9.jpg?bwg=1728036164\"                 data-src=\"https:\/\/rafaramirez.org\/blog\/wp-content\/uploads\/photo-gallery\/imported_from_media_libray\/thumb\/Malaga_foto_de_Rafael-Ramirez_9.jpg?bwg=1728036164\"                 data-width=\"500.00\"                 data-height=\"375.00\"                 alt=\"Plaza de La Merced en M\u00e1laga. Blog de Rafael Ram\u00edrez.\"                 title=\"Plaza de La Merced en M\u00e1laga. Blog de Rafael Ram\u00edrez.\" \/>                      <\/div>        <\/a>                <a  class=\"bwg-a bwg_lightbox bwg_lightbox_0\" href=\"https:\/\/rafaramirez.org\/blog\/wp-content\/uploads\/photo-gallery\/imported_from_media_libray\/Malaga_foto_de_Rafael-Ramirez_10.jpg?bwg=1728036164\" data-image-id=\"461\" data-elementor-open-lightbox=\"no\">          <div class=\"bwg_mosaic_thumb_spun_0 bwg-item0 bwg-mosaic-thumb-span \">            <img decoding=\"async\" class=\"bwg_mosaic_thumb_0 skip-lazy bwg_img_clear bwg_img_custom \"                 id=\"461\"                 src=\"https:\/\/rafaramirez.org\/blog\/wp-content\/uploads\/photo-gallery\/imported_from_media_libray\/thumb\/Malaga_foto_de_Rafael-Ramirez_10.jpg?bwg=1728036164\"                 data-src=\"https:\/\/rafaramirez.org\/blog\/wp-content\/uploads\/photo-gallery\/imported_from_media_libray\/thumb\/Malaga_foto_de_Rafael-Ramirez_10.jpg?bwg=1728036164\"                 data-width=\"375.00\"                 data-height=\"500.00\"                 alt=\"Fundaci\u00f3n y casa natal Pablo Picasso en M\u00e1laga. Blog de Rafael Ram\u00edrez.\"                 title=\"Fundaci\u00f3n y casa natal Pablo Picasso en M\u00e1laga. Blog de Rafael Ram\u00edrez.\" \/>                      <\/div>        <\/a>                <a  class=\"bwg-a bwg_lightbox bwg_lightbox_0\" href=\"https:\/\/rafaramirez.org\/blog\/wp-content\/uploads\/photo-gallery\/imported_from_media_libray\/Malaga_foto_de_Rafael-Ramirez_11.jpg?bwg=1728036164\" data-image-id=\"462\" data-elementor-open-lightbox=\"no\">          <div class=\"bwg_mosaic_thumb_spun_0 bwg-item0 bwg-mosaic-thumb-span \">            <img decoding=\"async\" class=\"bwg_mosaic_thumb_0 skip-lazy bwg_img_clear bwg_img_custom \"                 id=\"462\"                 src=\"https:\/\/rafaramirez.org\/blog\/wp-content\/uploads\/photo-gallery\/imported_from_media_libray\/thumb\/Malaga_foto_de_Rafael-Ramirez_11.jpg?bwg=1728036164\"                 data-src=\"https:\/\/rafaramirez.org\/blog\/wp-content\/uploads\/photo-gallery\/imported_from_media_libray\/thumb\/Malaga_foto_de_Rafael-Ramirez_11.jpg?bwg=1728036164\"                 data-width=\"500.00\"                 data-height=\"375.00\"                 alt=\"Plaza de La Merced en M\u00e1laga. Blog de Rafael Ram\u00edrez.\"                 title=\"Plaza de La Merced en M\u00e1laga. Blog de Rafael Ram\u00edrez.\" \/>                      <\/div>        <\/a>                <a  class=\"bwg-a bwg_lightbox bwg_lightbox_0\" href=\"https:\/\/rafaramirez.org\/blog\/wp-content\/uploads\/photo-gallery\/imported_from_media_libray\/Malaga_foto_de_Rafael-Ramirez_12.jpg?bwg=1728036164\" data-image-id=\"463\" data-elementor-open-lightbox=\"no\">          <div class=\"bwg_mosaic_thumb_spun_0 bwg-item0 bwg-mosaic-thumb-span \">            <img decoding=\"async\" class=\"bwg_mosaic_thumb_0 skip-lazy bwg_img_clear bwg_img_custom \"                 id=\"463\"                 src=\"https:\/\/rafaramirez.org\/blog\/wp-content\/uploads\/photo-gallery\/imported_from_media_libray\/thumb\/Malaga_foto_de_Rafael-Ramirez_12.jpg?bwg=1728036164\"                 data-src=\"https:\/\/rafaramirez.org\/blog\/wp-content\/uploads\/photo-gallery\/imported_from_media_libray\/thumb\/Malaga_foto_de_Rafael-Ramirez_12.jpg?bwg=1728036164\"                 data-width=\"500.00\"                 data-height=\"375.00\"                 alt=\"Centro de interpretaci\u00f3n del Teatro romano de M\u00e1laga. Blog de Rafael Ram\u00edrez.\"                 title=\"Centro de interpretaci\u00f3n del Teatro romano de M\u00e1laga. Blog de Rafael Ram\u00edrez.\" \/>                      <\/div>        <\/a>                <a  class=\"bwg-a bwg_lightbox bwg_lightbox_0\" href=\"https:\/\/rafaramirez.org\/blog\/wp-content\/uploads\/photo-gallery\/imported_from_media_libray\/Malaga_foto_de_Rafael-Ramirez_13.jpg?bwg=1728036164\" data-image-id=\"464\" data-elementor-open-lightbox=\"no\">          <div class=\"bwg_mosaic_thumb_spun_0 bwg-item0 bwg-mosaic-thumb-span \">            <img decoding=\"async\" class=\"bwg_mosaic_thumb_0 skip-lazy bwg_img_clear bwg_img_custom \"                 id=\"464\"                 src=\"https:\/\/rafaramirez.org\/blog\/wp-content\/uploads\/photo-gallery\/imported_from_media_libray\/thumb\/Malaga_foto_de_Rafael-Ramirez_13.jpg?bwg=1728036164\"                 data-src=\"https:\/\/rafaramirez.org\/blog\/wp-content\/uploads\/photo-gallery\/imported_from_media_libray\/thumb\/Malaga_foto_de_Rafael-Ramirez_13.jpg?bwg=1728036164\"                 data-width=\"358.00\"                 data-height=\"500.00\"                 alt=\"Higuera centenaria junto a sal\u00f3n de actos del Museo Picasso M\u00e1laga. Blog de Rafael Ram\u00edrez.\"                 title=\"Higuera centenaria junto a sal\u00f3n de actos del Museo Picasso M\u00e1laga. Blog de Rafael Ram\u00edrez.\" \/>                      <\/div>        <\/a>                <a  class=\"bwg-a bwg_lightbox bwg_lightbox_0\" href=\"https:\/\/rafaramirez.org\/blog\/wp-content\/uploads\/photo-gallery\/imported_from_media_libray\/Malaga_foto_de_Rafael-Ramirez_14.jpg?bwg=1728036164\" data-image-id=\"465\" data-elementor-open-lightbox=\"no\">          <div class=\"bwg_mosaic_thumb_spun_0 bwg-item0 bwg-mosaic-thumb-span \">            <img decoding=\"async\" class=\"bwg_mosaic_thumb_0 skip-lazy bwg_img_clear bwg_img_custom \"                 id=\"465\"                 src=\"https:\/\/rafaramirez.org\/blog\/wp-content\/uploads\/photo-gallery\/imported_from_media_libray\/thumb\/Malaga_foto_de_Rafael-Ramirez_14.jpg?bwg=1728036164\"                 data-src=\"https:\/\/rafaramirez.org\/blog\/wp-content\/uploads\/photo-gallery\/imported_from_media_libray\/thumb\/Malaga_foto_de_Rafael-Ramirez_14.jpg?bwg=1728036164\"                 data-width=\"375.00\"                 data-height=\"500.00\"                 alt=\"Detalle higuera centenaria junto a sal\u00f3n de actos del Museo Picasso M\u00e1laga. Blog de Rafael Ram\u00edrez.\"                 title=\"Detalle higuera centenaria junto a sal\u00f3n de actos del Museo Picasso M\u00e1laga. Blog de Rafael Ram\u00edrez.\" \/>                      <\/div>        <\/a>                <a  class=\"bwg-a bwg_lightbox bwg_lightbox_0\" href=\"https:\/\/rafaramirez.org\/blog\/wp-content\/uploads\/photo-gallery\/imported_from_media_libray\/Malaga_foto_de_Rafael-Ramirez_15.jpg?bwg=1728036164\" data-image-id=\"466\" data-elementor-open-lightbox=\"no\">          <div class=\"bwg_mosaic_thumb_spun_0 bwg-item0 bwg-mosaic-thumb-span \">            <img decoding=\"async\" class=\"bwg_mosaic_thumb_0 skip-lazy bwg_img_clear bwg_img_custom \"                 id=\"466\"                 src=\"https:\/\/rafaramirez.org\/blog\/wp-content\/uploads\/photo-gallery\/imported_from_media_libray\/thumb\/Malaga_foto_de_Rafael-Ramirez_15.jpg?bwg=1728036164\"                 data-src=\"https:\/\/rafaramirez.org\/blog\/wp-content\/uploads\/photo-gallery\/imported_from_media_libray\/thumb\/Malaga_foto_de_Rafael-Ramirez_15.jpg?bwg=1728036164\"                 data-width=\"500.00\"                 data-height=\"375.00\"                 alt=\"Teatro romano y Alcazaba de M\u00e1laga. Blog de Rafael Ram\u00edrez.\"                 title=\"Teatro romano y Alcazaba de M\u00e1laga. Blog de Rafael Ram\u00edrez.\" \/>                      <\/div>        <\/a>                <a  class=\"bwg-a bwg_lightbox bwg_lightbox_0\" href=\"https:\/\/rafaramirez.org\/blog\/wp-content\/uploads\/photo-gallery\/imported_from_media_libray\/Malaga_foto_de_Rafael-Ramirez_16.jpg?bwg=1728036164\" data-image-id=\"467\" data-elementor-open-lightbox=\"no\">          <div class=\"bwg_mosaic_thumb_spun_0 bwg-item0 bwg-mosaic-thumb-span \">            <img decoding=\"async\" class=\"bwg_mosaic_thumb_0 skip-lazy bwg_img_clear bwg_img_custom \"                 id=\"467\"                 src=\"https:\/\/rafaramirez.org\/blog\/wp-content\/uploads\/photo-gallery\/imported_from_media_libray\/thumb\/Malaga_foto_de_Rafael-Ramirez_16.jpg?bwg=1728036164\"                 data-src=\"https:\/\/rafaramirez.org\/blog\/wp-content\/uploads\/photo-gallery\/imported_from_media_libray\/thumb\/Malaga_foto_de_Rafael-Ramirez_16.jpg?bwg=1728036164\"                 data-width=\"375.00\"                 data-height=\"500.00\"                 alt=\"Teatro romano y Alcazaba de M\u00e1laga. Blog de Rafael Ram\u00edrez.\"                 title=\"Teatro romano y Alcazaba de M\u00e1laga. Blog de Rafael Ram\u00edrez.\" \/>                      <\/div>        <\/a>                <a  class=\"bwg-a bwg_lightbox bwg_lightbox_0\" href=\"https:\/\/rafaramirez.org\/blog\/wp-content\/uploads\/photo-gallery\/imported_from_media_libray\/Malaga_foto_de_Rafael-Ramirez_17.jpg?bwg=1728036164\" data-image-id=\"468\" data-elementor-open-lightbox=\"no\">          <div class=\"bwg_mosaic_thumb_spun_0 bwg-item0 bwg-mosaic-thumb-span \">            <img decoding=\"async\" class=\"bwg_mosaic_thumb_0 skip-lazy bwg_img_clear bwg_img_custom \"                 id=\"468\"                 src=\"https:\/\/rafaramirez.org\/blog\/wp-content\/uploads\/photo-gallery\/imported_from_media_libray\/thumb\/Malaga_foto_de_Rafael-Ramirez_17.jpg?bwg=1728036164\"                 data-src=\"https:\/\/rafaramirez.org\/blog\/wp-content\/uploads\/photo-gallery\/imported_from_media_libray\/thumb\/Malaga_foto_de_Rafael-Ramirez_17.jpg?bwg=1728036164\"                 data-width=\"500.00\"                 data-height=\"375.00\"                 alt=\"Teatro romano y Alcazaba de M\u00e1laga. Blog de Rafael Ram\u00edrez.\"                 title=\"Teatro romano y Alcazaba de M\u00e1laga. Blog de Rafael Ram\u00edrez.\" \/>                      <\/div>        <\/a>            <\/div>    <\/div>    <style>      \/*pagination styles*\/      #bwg_container1_0 #bwg_container2_0 .tablenav-pages_0 {\t\t\t\ttext-align: center;\t\t\t\tfont-size: 12px;\t\t\t\tfont-family: Ubuntu;\t\t\t\tfont-weight: bold;\t\t\t\tcolor: #666666;\t\t\t\tmargin: 6px 0 4px;\t\t\t\tdisplay: block;      }      @media only screen and (max-width : 320px) {      #bwg_container1_0 #bwg_container2_0 .displaying-num_0 {     \t display: none;      }      }      #bwg_container1_0 #bwg_container2_0 .displaying-num_0 {\t\t\t\tfont-size: 12px;\t\t\t\tfont-family: Ubuntu;\t\t\t\tfont-weight: bold;\t\t\t\tcolor: #666666;\t\t\t\tmargin-right: 10px;\t\t\t\tvertical-align: middle;      }      #bwg_container1_0 #bwg_container2_0 .paging-input_0 {\t\t\t\tfont-size: 12px;\t\t\t\tfont-family: Ubuntu;\t\t\t\tfont-weight: bold;\t\t\t\tcolor: #666666;\t\t\t\tvertical-align: middle;      }      #bwg_container1_0 #bwg_container2_0 .tablenav-pages_0 a.disabled,      #bwg_container1_0 #bwg_container2_0 .tablenav-pages_0 a.disabled:hover,      #bwg_container1_0 #bwg_container2_0 .tablenav-pages_0 a.disabled:focus,\t\t\t#bwg_container1_0 #bwg_container2_0 .tablenav-pages_0 input.bwg_current_page {\t\t\t\tcursor: default;\t\t\t\tcolor: rgba(102, 102, 102, 0.5);      }      #bwg_container1_0 #bwg_container2_0 .tablenav-pages_0 a,      #bwg_container1_0 #bwg_container2_0 .tablenav-pages_0 input.bwg_current_page {\t\t\t\tcursor: pointer;\t\t\t\ttext-align: center;\t\t\t\tfont-size: 12px;\t\t\t\tfont-family: Ubuntu;\t\t\t\tfont-weight: bold;\t\t\t\tcolor: #666666;\t\t\t\ttext-decoration: none;\t\t\t\tpadding: 3px 6px;\t\t\t\tmargin: 0;\t\t\t\tborder-radius: 0;\t\t\t\tborder-style: solid;\t\t\t\tborder-width: 1px;\t\t\t\tborder-color: #E3E3E3;\t\t\t\t\t\t\t\tbackground-color: rgba(255, 255, 255, 1.00);\t\t\t\tbox-shadow: 0;\t\t\t\ttransition: all 0.3s ease 0s;-webkit-transition: all 0.3s ease 0s;      }      <\/style>      <span class=\"bwg_nav_cont_0\">              <div class=\"tablenav-pages_0\">                  <\/div>                <input type=\"hidden\" id=\"page_number_0\" name=\"page_number_0\" value=\"1\" \/>      <script type=\"text\/javascript\">        if( jQuery('.bwg_nav_cont_0').length > 1 ) {          jQuery('.bwg_nav_cont_0').first().remove()        }        function spider_page_0(cur, x, y, load_more) {          if (typeof load_more == \"undefined\") {            var load_more = false;          }          if (jQuery(cur).hasClass('disabled')) {            return false;          }          var items_county_0 = 1;          switch (y) {            case 1:              if (x >= items_county_0) {                document.getElementById('page_number_0').value = items_county_0;              }              else {                document.getElementById('page_number_0').value = x + 1;              }              break;            case 2:              document.getElementById('page_number_0').value = items_county_0;              break;            case -1:              if (x == 1) {                document.getElementById('page_number_0').value = 1;              }              else {                document.getElementById('page_number_0').value = x - 1;              }              break;            case -2:              document.getElementById('page_number_0').value = 1;              break;\t\t\t\t\t\tcase 0:              document.getElementById('page_number_0').value = x;              break;            default:              document.getElementById('page_number_0').value = 1;          }          bwg_ajax('gal_front_form_0', '0', 'bwg_thumbnails_mosaic_0', '0', '', 'gallery', 0, '', '', load_more, '', 1);        }                    jQuery('.first-page-0').on('click', function () {              spider_page_0(this, 1, -2, 'numeric');              return false;            });            jQuery('.prev-page-0').on('click', function () {              spider_page_0(this, 1, -1, 'numeric');              return false;            });            jQuery('.next-page-0').on('click', function () {              spider_page_0(this, 1, 1, 'numeric');              return false;            });            jQuery('.last-page-0').on('click', function () {              spider_page_0(this, 1, 2, 'numeric');              return false;            });        \t\t\t\t\/* Change page on input enter. *\/        function bwg_change_page_0( e, that ) {          if (  e.key == 'Enter' ) {            var to_page = parseInt(jQuery(that).val());            var pages_count = jQuery(that).parents(\".pagination-links\").data(\"pages-count\");            var current_url_param = jQuery(that).attr('data-url-info');            if (to_page > pages_count) {              to_page = 1;            }\t \t\t\t\t\t\t\t\t\t\t\t\tspider_page_0(this, to_page, 0, 'numeric');\t\t\t\t\t\t\treturn false;\t\t\t\t\t\t          }          return true;        }        jQuery('.bwg_load_btn_0').on('click', function () {            spider_page_0(this, 1, 1, true);            return false;        });      <\/script>      <\/span>                <\/div>        <\/form>        <style>          #bwg_container1_0 #bwg_container2_0 #spider_popup_overlay_0 {          background-color: #EEEEEE;          opacity: 0.60;          }          <\/style>        <div id=\"bwg_spider_popup_loading_0\" class=\"bwg_spider_popup_loading\"><\/div>        <div id=\"spider_popup_overlay_0\" class=\"spider_popup_overlay\" onclick=\"spider_destroypopup(1000)\"><\/div>        <input type=\"hidden\" id=\"bwg_random_seed_0\" value=\"2093283079\">                <\/div>    <\/div>    <script>      if (document.readyState === 'complete') {        if( typeof bwg_main_ready == 'function' ) {          if ( jQuery(\"#bwg_container1_0\").height() ) {            bwg_main_ready(jQuery(\"#bwg_container1_0\"));          }        }      } else {        document.addEventListener('DOMContentLoaded', function() {          if( typeof bwg_main_ready == 'function' ) {            if ( jQuery(\"#bwg_container1_0\").height() ) {             bwg_main_ready(jQuery(\"#bwg_container1_0\"));            }          }        });      }    <\/script>    \n<h3>Monumento a Torrijos.<\/h3>\n<p>El <strong>Monumento a Torrijos<\/strong> es un obelisco que se encuentra en el centro de la Plaza de la Merced en M\u00e1laga. Fue erigido en 1842 en honor a <strong>Jos\u00e9 Mar\u00eda de Torrijos y Uriarte<\/strong> y sus 48 compa\u00f1eros, quienes fueron fusilados en las <strong>playas de San Andr\u00e9s<\/strong> en 1831 por orden del rey <strong>Fernando VII<\/strong>.<\/p>\n<p>El monumento fue dise\u00f1ado y construido por el arquitecto <strong>Rafael Mitjana y Ardison<\/strong> quien quiso rendir homenaje a las victimas usando arena de la playa de San Andr\u00e9s en su construcci\u00f3n.<\/p>\n<p>Torrijos fue un militar y pol\u00edtico liberal que luch\u00f3 contra el absolutismo en Espa\u00f1a. Su ejecuci\u00f3n se convirti\u00f3 en un s\u00edmbolo de la lucha por la libertad y los derechos civiles. El monumento es un obelisco de m\u00e1rmol blanco con inscripciones que conmemoran a Torrijos y sus compa\u00f1eros. Este monumento no solo honra su memoria, sino que tambi\u00e9n sirve como recordatorio de los sacrificios realizados en la lucha por la libertad. En \u00e9l se encuentran enterrados Torrijos y sus compa\u00f1eros, con excepci\u00f3n de uno, Robert Boyd, que por sus convicciones religiosas (protestante de origen irland\u00e9s) fue sepultado en el <strong>Cementerio Ingl\u00e9s de M\u00e1laga<\/strong>.<\/p>\n<p>La Plaza de la Merced, donde se encuentra el obelisco, es tambi\u00e9n un lugar de gran importancia hist\u00f3rica y cultural en M\u00e1laga. Adem\u00e1s de ser un punto de encuentro popular, es conocida por ser el lugar donde naci\u00f3 el famoso pintor <strong>Pablo Picasso<\/strong>.<\/p>\n<h3>Un poco m\u00e1s de historia sobre Torrijos.<\/h3>\n<p>Como os he rese\u00f1ado antes, Jos\u00e9 Mar\u00eda de Torrijos y Uriarte fue un militar y pol\u00edtico liberal espa\u00f1ol, nacido en <strong>Madrid<\/strong> en 1791. Durante su carrera, Torrijos destac\u00f3 por su lucha contra el absolutismo de Fernando VII. Particip\u00f3 en la <strong>Guerra de Independencia Espa\u00f1ola<\/strong> y en el <strong>Trienio Liberal (1820-1823)<\/strong>, donde lleg\u00f3 a ser <strong>capit\u00e1n general de Valencia y ministro de la Guerra<\/strong>.<\/p>\n<p>Tras la <strong>restauraci\u00f3n del absolutismo en 1823<\/strong>, Torrijos se exili\u00f3 en<strong> Inglaterra<\/strong>, donde continu\u00f3 planeando la restauraci\u00f3n de la <strong>Constituci\u00f3n de 1812<\/strong>. En 1831, organiz\u00f3 un pronunciamiento desde <strong>Gibraltar, <\/strong>desembarcando en las playas de M\u00e1laga el 2 de diciembre con la esperanza de iniciar una <strong>rebeli\u00f3n contra el gobierno absolutista<\/strong>.<\/p>\n<p>Sin embargo, Torrijos y sus compa\u00f1eros fueron traicionados por el <strong>gobernador<\/strong> <strong>Vicente Gonz\u00e1lez Moreno<\/strong>, que les hab\u00eda prometido su apoyo. Fueron capturados y, sin juicio previo, <strong>fusilados el 11 de diciembre de 1831<\/strong> en la <strong>playa de San Andr\u00e9s<\/strong> de M\u00e1laga. Este acto de brutalidad se convirti\u00f3 en un s\u00edmbolo de la lucha por la libertad y los derechos civiles en <strong>Espa\u00f1a<\/strong>.<\/p>\n<p>El homenaje a Torrijos y sus 48 compa\u00f1eros en M\u00e1laga se materializ\u00f3 en el Monumento a Torrijos en la Plaza de la Merced.<\/p>\n<p>El fusilamiento de Torrijos y sus compa\u00f1eros tambi\u00e9n fue inmortalizado en la pintura \u201cEl fusilamiento de Torrijos y sus compa\u00f1eros en las playas de M\u00e1laga\u201d por <strong>Antonio Gisbert<\/strong> en 1888, que se encuentra en el Museo del Prado en Madrid.<\/p>\n<p><strong>Espero te guste este paseo virtual de M\u00e1laga: fotos y la historia detr\u00e1s de algunos de estos importantes monumentos que aparecen en ellas. Te invito a dejar tus comentarios debajo del post. \u00a1Saludos!<\/strong><\/p>\n<p>M\u00e1s informaci\u00f3n:<\/p>\n<ul>\n<li><a href=\"https:\/\/es.wikipedia.org\/wiki\/Monumento_a_Torrijos\" target=\"_blank\" rel=\"noopener\">Wikipedia (Monumento a Torrijos)<\/a>.<\/li>\n<li><a href=\"http:\/\/archivocti.uma.es\/historico\/index.php\/torrijos-y-uriarte-jose-maria-1791-1831\" target=\"_blank\" rel=\"noopener\">UMA<\/a>.<\/li>\n<li><a href=\"https:\/\/es.wikipedia.org\/wiki\/Fusilamiento_de_Torrijos_y_sus_compa%C3%B1eros_en_las_playas_de_M%C3%A1laga\" target=\"_blank\" rel=\"noopener\">Wikipedia (Fusilamiento de Torrijos)<\/a>.<\/li>\n<li><a href=\"http:\/\/www.malagahistoria.com\/malagahistoria\/torrijos.html\" target=\"_blank\" rel=\"noopener\">M\u00e1laga historia<\/a>.<\/li>\n<li><a href=\"https:\/\/rafaramirez.org\/blog\/index.php\/category\/arte\/fotografia\/\" target=\"_blank\" rel=\"noopener\">M\u00e1s fotograf\u00edas<\/a>.<\/li>\n<\/ul>\n","protected":false},"excerpt":{"rendered":"<p>Hoy os invito a un paseo virtual por la ciudad de M\u00e1laga: fotos de su centro hist\u00f3rico, el entorno de la Plaza de La Merced y calle Alcazabilla. En La Merced se encuentra el obelisco, homenaje de la ciudad, al general Torrijos, debajo de las fotos os propongo conocer un poco m\u00e1s sobre la historia [&hellip;]<\/p>\n","protected":false},"author":1,"featured_media":6352,"comment_status":"open","ping_status":"closed","sticky":false,"template":"","format":"standard","meta":{"site-container-style":"default","site-container-layout":"default","site-sidebar-layout":"default","disable-article-header":"default","disable-site-header":"default","disable-site-footer":"default","disable-content-area-spacing":"default","_jetpack_newsletter_access":"","_jetpack_dont_email_post_to_subs":false,"_jetpack_newsletter_tier_id":0,"_jetpack_memberships_contains_paywalled_content":false,"_jetpack_feature_clip_id":0,"_jetpack_memberships_contains_paid_content":false,"footnotes":"","jetpack_publicize_message":"","jetpack_publicize_feature_enabled":true,"jetpack_social_post_already_shared":true,"jetpack_social_options":{"image_generator_settings":{"template":"highway","default_image_id":0,"font":"","enabled":false},"version":2},"jetpack_post_was_ever_published":false},"categories":[3],"tags":[4276,4274,4273,771,198,4277],"class_list":["post-6347","post","type-post","status-publish","format-standard","has-post-thumbnail","hentry","category-fotografia","tag-calle-alcazabilla","tag-edificios-historicos","tag-fotografias-de-malaga","tag-fotografias-de-rafael-ramirez","tag-fotos-de-malaga","tag-plaza-de-la-merced"],"yoast_head":"<!-- This site is optimized with the Yoast SEO plugin v28.4 - https:\/\/yoast.com\/product\/yoast-seo-wordpress\/ -->\n<title>M\u00e1laga: fotos de la Plaza de La Merced y el entorno de calle Alcazabilla. - Blog de Rafael Ram\u00edrez<\/title>\n<meta name=\"description\" content=\"Paseo virtual por la ciudad de M\u00e1laga: fotos de su centro hist\u00f3rico, Plaza de La Merced, Alcazabilla y un poco de historia de sus monumentos.\" \/>\n<meta name=\"robots\" content=\"index, follow, max-snippet:-1, max-image-preview:large, max-video-preview:-1\" \/>\n<link rel=\"canonical\" href=\"https:\/\/rafaramirez.org\/blog\/index.php\/2024\/10\/18\/malaga-fotos-plaza-de-la-merced-y-alcazabilla\/\" \/>\n<meta property=\"og:locale\" content=\"es_ES\" \/>\n<meta property=\"og:type\" content=\"article\" \/>\n<meta property=\"og:title\" content=\"M\u00e1laga: fotos de la Plaza de La Merced y el entorno de calle Alcazabilla. - Blog de Rafael Ram\u00edrez\" \/>\n<meta property=\"og:description\" content=\"Paseo virtual por la ciudad de M\u00e1laga: fotos de su centro hist\u00f3rico, Plaza de La Merced, Alcazabilla y un poco de historia de sus monumentos.\" \/>\n<meta property=\"og:url\" content=\"https:\/\/rafaramirez.org\/blog\/index.php\/2024\/10\/18\/malaga-fotos-plaza-de-la-merced-y-alcazabilla\/\" \/>\n<meta property=\"og:site_name\" content=\"Blog de Rafael Ram\u00edrez\" \/>\n<meta property=\"article:published_time\" content=\"2024-10-18T06:15:12+00:00\" \/>\n<meta property=\"article:modified_time\" content=\"2025-05-12T17:38:26+00:00\" \/>\n<meta property=\"og:image\" content=\"https:\/\/rafaramirez.org\/blog\/wp-content\/uploads\/2024\/10\/Fotos_Malaga_Rafael-Ramirez._banner_logblog.jpg\" \/>\n\t<meta property=\"og:image:width\" content=\"720\" \/>\n\t<meta property=\"og:image:height\" content=\"440\" \/>\n\t<meta property=\"og:image:type\" content=\"image\/jpeg\" \/>\n<meta name=\"author\" content=\"Rafael Ram\u00edrez\" \/>\n<meta name=\"twitter:card\" content=\"summary_large_image\" \/>\n<meta name=\"twitter:creator\" content=\"@rafaramirez_ok\" \/>\n<meta name=\"twitter:site\" content=\"@rafaramirez_ok\" \/>\n<meta name=\"twitter:label1\" content=\"Escrito por\" \/>\n\t<meta name=\"twitter:data1\" content=\"Rafael Ram\u00edrez\" \/>\n\t<meta name=\"twitter:label2\" content=\"Tiempo de lectura\" \/>\n\t<meta name=\"twitter:data2\" content=\"3 minutos\" \/>\n<script type=\"application\/ld+json\" class=\"yoast-schema-graph\">{\"@context\":\"https:\\\/\\\/schema.org\",\"@graph\":[{\"@type\":\"Article\",\"@id\":\"https:\\\/\\\/rafaramirez.org\\\/blog\\\/index.php\\\/2024\\\/10\\\/18\\\/malaga-fotos-plaza-de-la-merced-y-alcazabilla\\\/#article\",\"isPartOf\":{\"@id\":\"https:\\\/\\\/rafaramirez.org\\\/blog\\\/index.php\\\/2024\\\/10\\\/18\\\/malaga-fotos-plaza-de-la-merced-y-alcazabilla\\\/\"},\"author\":{\"name\":\"Rafael Ram\u00edrez\",\"@id\":\"https:\\\/\\\/rafaramirez.org\\\/blog\\\/#\\\/schema\\\/person\\\/50f43b6d60c578760d4c17bda54ab6a5\"},\"headline\":\"M\u00e1laga: fotos de la Plaza de La Merced y el entorno de calle Alcazabilla.\",\"datePublished\":\"2024-10-18T06:15:12+00:00\",\"dateModified\":\"2025-05-12T17:38:26+00:00\",\"mainEntityOfPage\":{\"@id\":\"https:\\\/\\\/rafaramirez.org\\\/blog\\\/index.php\\\/2024\\\/10\\\/18\\\/malaga-fotos-plaza-de-la-merced-y-alcazabilla\\\/\"},\"wordCount\":679,\"commentCount\":0,\"publisher\":{\"@id\":\"https:\\\/\\\/rafaramirez.org\\\/blog\\\/#\\\/schema\\\/person\\\/50f43b6d60c578760d4c17bda54ab6a5\"},\"image\":{\"@id\":\"https:\\\/\\\/rafaramirez.org\\\/blog\\\/index.php\\\/2024\\\/10\\\/18\\\/malaga-fotos-plaza-de-la-merced-y-alcazabilla\\\/#primaryimage\"},\"thumbnailUrl\":\"https:\\\/\\\/rafaramirez.org\\\/blog\\\/wp-content\\\/uploads\\\/2024\\\/10\\\/Fotos_Malaga_Rafael-Ramirez._banner_logblog.jpg\",\"keywords\":[\"calle alcazabilla\",\"edificios hist\u00f3ricos\",\"fotograf\u00edas de M\u00e1laga\",\"fotograf\u00edas de Rafael Ram\u00edrez\",\"fotos de m\u00e1laga\",\"plaza de la merced\"],\"articleSection\":[\"Fotograf\u00eda &amp; Arte digital\"],\"inLanguage\":\"es\",\"potentialAction\":[{\"@type\":\"CommentAction\",\"name\":\"Comment\",\"target\":[\"https:\\\/\\\/rafaramirez.org\\\/blog\\\/index.php\\\/2024\\\/10\\\/18\\\/malaga-fotos-plaza-de-la-merced-y-alcazabilla\\\/#respond\"]}]},{\"@type\":\"WebPage\",\"@id\":\"https:\\\/\\\/rafaramirez.org\\\/blog\\\/index.php\\\/2024\\\/10\\\/18\\\/malaga-fotos-plaza-de-la-merced-y-alcazabilla\\\/\",\"url\":\"https:\\\/\\\/rafaramirez.org\\\/blog\\\/index.php\\\/2024\\\/10\\\/18\\\/malaga-fotos-plaza-de-la-merced-y-alcazabilla\\\/\",\"name\":\"M\u00e1laga: fotos de la Plaza de La Merced y el entorno de calle Alcazabilla. - Blog de Rafael Ram\u00edrez\",\"isPartOf\":{\"@id\":\"https:\\\/\\\/rafaramirez.org\\\/blog\\\/#website\"},\"primaryImageOfPage\":{\"@id\":\"https:\\\/\\\/rafaramirez.org\\\/blog\\\/index.php\\\/2024\\\/10\\\/18\\\/malaga-fotos-plaza-de-la-merced-y-alcazabilla\\\/#primaryimage\"},\"image\":{\"@id\":\"https:\\\/\\\/rafaramirez.org\\\/blog\\\/index.php\\\/2024\\\/10\\\/18\\\/malaga-fotos-plaza-de-la-merced-y-alcazabilla\\\/#primaryimage\"},\"thumbnailUrl\":\"https:\\\/\\\/rafaramirez.org\\\/blog\\\/wp-content\\\/uploads\\\/2024\\\/10\\\/Fotos_Malaga_Rafael-Ramirez._banner_logblog.jpg\",\"datePublished\":\"2024-10-18T06:15:12+00:00\",\"dateModified\":\"2025-05-12T17:38:26+00:00\",\"description\":\"Paseo virtual por la ciudad de M\u00e1laga: fotos de su centro hist\u00f3rico, Plaza de La Merced, Alcazabilla y un poco de historia de sus monumentos.\",\"breadcrumb\":{\"@id\":\"https:\\\/\\\/rafaramirez.org\\\/blog\\\/index.php\\\/2024\\\/10\\\/18\\\/malaga-fotos-plaza-de-la-merced-y-alcazabilla\\\/#breadcrumb\"},\"inLanguage\":\"es\",\"potentialAction\":[{\"@type\":\"ReadAction\",\"target\":[\"https:\\\/\\\/rafaramirez.org\\\/blog\\\/index.php\\\/2024\\\/10\\\/18\\\/malaga-fotos-plaza-de-la-merced-y-alcazabilla\\\/\"]}]},{\"@type\":\"ImageObject\",\"inLanguage\":\"es\",\"@id\":\"https:\\\/\\\/rafaramirez.org\\\/blog\\\/index.php\\\/2024\\\/10\\\/18\\\/malaga-fotos-plaza-de-la-merced-y-alcazabilla\\\/#primaryimage\",\"url\":\"https:\\\/\\\/rafaramirez.org\\\/blog\\\/wp-content\\\/uploads\\\/2024\\\/10\\\/Fotos_Malaga_Rafael-Ramirez._banner_logblog.jpg\",\"contentUrl\":\"https:\\\/\\\/rafaramirez.org\\\/blog\\\/wp-content\\\/uploads\\\/2024\\\/10\\\/Fotos_Malaga_Rafael-Ramirez._banner_logblog.jpg\",\"width\":720,\"height\":440,\"caption\":\"M\u00e1laga: fotos por Rafael Ram\u00edrez.\"},{\"@type\":\"BreadcrumbList\",\"@id\":\"https:\\\/\\\/rafaramirez.org\\\/blog\\\/index.php\\\/2024\\\/10\\\/18\\\/malaga-fotos-plaza-de-la-merced-y-alcazabilla\\\/#breadcrumb\",\"itemListElement\":[{\"@type\":\"ListItem\",\"position\":1,\"name\":\"Portada\",\"item\":\"https:\\\/\\\/rafaramirez.org\\\/blog\\\/\"},{\"@type\":\"ListItem\",\"position\":2,\"name\":\"M\u00e1laga: fotos de la Plaza de La Merced y el entorno de calle Alcazabilla.\"}]},{\"@type\":\"WebSite\",\"@id\":\"https:\\\/\\\/rafaramirez.org\\\/blog\\\/#website\",\"url\":\"https:\\\/\\\/rafaramirez.org\\\/blog\\\/\",\"name\":\"Blog de Rafael Ram\u00edrez\",\"description\":\"Un sitio social, de arte y cultura\",\"publisher\":{\"@id\":\"https:\\\/\\\/rafaramirez.org\\\/blog\\\/#\\\/schema\\\/person\\\/50f43b6d60c578760d4c17bda54ab6a5\"},\"potentialAction\":[{\"@type\":\"SearchAction\",\"target\":{\"@type\":\"EntryPoint\",\"urlTemplate\":\"https:\\\/\\\/rafaramirez.org\\\/blog\\\/?s={search_term_string}\"},\"query-input\":{\"@type\":\"PropertyValueSpecification\",\"valueRequired\":true,\"valueName\":\"search_term_string\"}}],\"inLanguage\":\"es\"},{\"@type\":[\"Person\",\"Organization\"],\"@id\":\"https:\\\/\\\/rafaramirez.org\\\/blog\\\/#\\\/schema\\\/person\\\/50f43b6d60c578760d4c17bda54ab6a5\",\"name\":\"Rafael Ram\u00edrez\",\"image\":{\"@type\":\"ImageObject\",\"inLanguage\":\"es\",\"@id\":\"https:\\\/\\\/rafaramirez.org\\\/blog\\\/wp-content\\\/uploads\\\/2024\\\/09\\\/RR_socialnetwork.jpg\",\"url\":\"https:\\\/\\\/rafaramirez.org\\\/blog\\\/wp-content\\\/uploads\\\/2024\\\/09\\\/RR_socialnetwork.jpg\",\"contentUrl\":\"https:\\\/\\\/rafaramirez.org\\\/blog\\\/wp-content\\\/uploads\\\/2024\\\/09\\\/RR_socialnetwork.jpg\",\"width\":600,\"height\":606,\"caption\":\"Rafael Ram\u00edrez\"},\"logo\":{\"@id\":\"https:\\\/\\\/rafaramirez.org\\\/blog\\\/wp-content\\\/uploads\\\/2024\\\/09\\\/RR_socialnetwork.jpg\"},\"sameAs\":[\"https:\\\/\\\/www.rafaramirez.org\\\/blog\",\"https:\\\/\\\/www.instagram.com\\\/rafaramirez_ok\\\/\",\"https:\\\/\\\/es.pinterest.com\\\/Ramirez_Rafa\\\/\",\"https:\\\/\\\/x.com\\\/rafaramirez_ok\"],\"url\":\"https:\\\/\\\/rafaramirez.org\\\/blog\\\/index.php\\\/author\\\/rafaell_qm6j97da\\\/\"}]}<\/script>\n<!-- \/ Yoast SEO plugin. -->","yoast_head_json":{"title":"M\u00e1laga: fotos de la Plaza de La Merced y el entorno de calle Alcazabilla. - Blog de Rafael Ram\u00edrez","description":"Paseo virtual por la ciudad de M\u00e1laga: fotos de su centro hist\u00f3rico, Plaza de La Merced, Alcazabilla y un poco de historia de sus monumentos.","robots":{"index":"index","follow":"follow","max-snippet":"max-snippet:-1","max-image-preview":"max-image-preview:large","max-video-preview":"max-video-preview:-1"},"canonical":"https:\/\/rafaramirez.org\/blog\/index.php\/2024\/10\/18\/malaga-fotos-plaza-de-la-merced-y-alcazabilla\/","og_locale":"es_ES","og_type":"article","og_title":"M\u00e1laga: fotos de la Plaza de La Merced y el entorno de calle Alcazabilla. - Blog de Rafael Ram\u00edrez","og_description":"Paseo virtual por la ciudad de M\u00e1laga: fotos de su centro hist\u00f3rico, Plaza de La Merced, Alcazabilla y un poco de historia de sus monumentos.","og_url":"https:\/\/rafaramirez.org\/blog\/index.php\/2024\/10\/18\/malaga-fotos-plaza-de-la-merced-y-alcazabilla\/","og_site_name":"Blog de Rafael Ram\u00edrez","article_published_time":"2024-10-18T06:15:12+00:00","article_modified_time":"2025-05-12T17:38:26+00:00","og_image":[{"width":720,"height":440,"url":"https:\/\/rafaramirez.org\/blog\/wp-content\/uploads\/2024\/10\/Fotos_Malaga_Rafael-Ramirez._banner_logblog.jpg","type":"image\/jpeg"}],"author":"Rafael Ram\u00edrez","twitter_card":"summary_large_image","twitter_creator":"@rafaramirez_ok","twitter_site":"@rafaramirez_ok","twitter_misc":{"Escrito por":"Rafael Ram\u00edrez","Tiempo de lectura":"3 minutos"},"schema":{"@context":"https:\/\/schema.org","@graph":[{"@type":"Article","@id":"https:\/\/rafaramirez.org\/blog\/index.php\/2024\/10\/18\/malaga-fotos-plaza-de-la-merced-y-alcazabilla\/#article","isPartOf":{"@id":"https:\/\/rafaramirez.org\/blog\/index.php\/2024\/10\/18\/malaga-fotos-plaza-de-la-merced-y-alcazabilla\/"},"author":{"name":"Rafael Ram\u00edrez","@id":"https:\/\/rafaramirez.org\/blog\/#\/schema\/person\/50f43b6d60c578760d4c17bda54ab6a5"},"headline":"M\u00e1laga: fotos de la Plaza de La Merced y el entorno de calle Alcazabilla.","datePublished":"2024-10-18T06:15:12+00:00","dateModified":"2025-05-12T17:38:26+00:00","mainEntityOfPage":{"@id":"https:\/\/rafaramirez.org\/blog\/index.php\/2024\/10\/18\/malaga-fotos-plaza-de-la-merced-y-alcazabilla\/"},"wordCount":679,"commentCount":0,"publisher":{"@id":"https:\/\/rafaramirez.org\/blog\/#\/schema\/person\/50f43b6d60c578760d4c17bda54ab6a5"},"image":{"@id":"https:\/\/rafaramirez.org\/blog\/index.php\/2024\/10\/18\/malaga-fotos-plaza-de-la-merced-y-alcazabilla\/#primaryimage"},"thumbnailUrl":"https:\/\/rafaramirez.org\/blog\/wp-content\/uploads\/2024\/10\/Fotos_Malaga_Rafael-Ramirez._banner_logblog.jpg","keywords":["calle alcazabilla","edificios hist\u00f3ricos","fotograf\u00edas de M\u00e1laga","fotograf\u00edas de Rafael Ram\u00edrez","fotos de m\u00e1laga","plaza de la merced"],"articleSection":["Fotograf\u00eda &amp; Arte digital"],"inLanguage":"es","potentialAction":[{"@type":"CommentAction","name":"Comment","target":["https:\/\/rafaramirez.org\/blog\/index.php\/2024\/10\/18\/malaga-fotos-plaza-de-la-merced-y-alcazabilla\/#respond"]}]},{"@type":"WebPage","@id":"https:\/\/rafaramirez.org\/blog\/index.php\/2024\/10\/18\/malaga-fotos-plaza-de-la-merced-y-alcazabilla\/","url":"https:\/\/rafaramirez.org\/blog\/index.php\/2024\/10\/18\/malaga-fotos-plaza-de-la-merced-y-alcazabilla\/","name":"M\u00e1laga: fotos de la Plaza de La Merced y el entorno de calle Alcazabilla. - Blog de Rafael Ram\u00edrez","isPartOf":{"@id":"https:\/\/rafaramirez.org\/blog\/#website"},"primaryImageOfPage":{"@id":"https:\/\/rafaramirez.org\/blog\/index.php\/2024\/10\/18\/malaga-fotos-plaza-de-la-merced-y-alcazabilla\/#primaryimage"},"image":{"@id":"https:\/\/rafaramirez.org\/blog\/index.php\/2024\/10\/18\/malaga-fotos-plaza-de-la-merced-y-alcazabilla\/#primaryimage"},"thumbnailUrl":"https:\/\/rafaramirez.org\/blog\/wp-content\/uploads\/2024\/10\/Fotos_Malaga_Rafael-Ramirez._banner_logblog.jpg","datePublished":"2024-10-18T06:15:12+00:00","dateModified":"2025-05-12T17:38:26+00:00","description":"Paseo virtual por la ciudad de M\u00e1laga: fotos de su centro hist\u00f3rico, Plaza de La Merced, Alcazabilla y un poco de historia de sus monumentos.","breadcrumb":{"@id":"https:\/\/rafaramirez.org\/blog\/index.php\/2024\/10\/18\/malaga-fotos-plaza-de-la-merced-y-alcazabilla\/#breadcrumb"},"inLanguage":"es","potentialAction":[{"@type":"ReadAction","target":["https:\/\/rafaramirez.org\/blog\/index.php\/2024\/10\/18\/malaga-fotos-plaza-de-la-merced-y-alcazabilla\/"]}]},{"@type":"ImageObject","inLanguage":"es","@id":"https:\/\/rafaramirez.org\/blog\/index.php\/2024\/10\/18\/malaga-fotos-plaza-de-la-merced-y-alcazabilla\/#primaryimage","url":"https:\/\/rafaramirez.org\/blog\/wp-content\/uploads\/2024\/10\/Fotos_Malaga_Rafael-Ramirez._banner_logblog.jpg","contentUrl":"https:\/\/rafaramirez.org\/blog\/wp-content\/uploads\/2024\/10\/Fotos_Malaga_Rafael-Ramirez._banner_logblog.jpg","width":720,"height":440,"caption":"M\u00e1laga: fotos por Rafael Ram\u00edrez."},{"@type":"BreadcrumbList","@id":"https:\/\/rafaramirez.org\/blog\/index.php\/2024\/10\/18\/malaga-fotos-plaza-de-la-merced-y-alcazabilla\/#breadcrumb","itemListElement":[{"@type":"ListItem","position":1,"name":"Portada","item":"https:\/\/rafaramirez.org\/blog\/"},{"@type":"ListItem","position":2,"name":"M\u00e1laga: fotos de la Plaza de La Merced y el entorno de calle Alcazabilla."}]},{"@type":"WebSite","@id":"https:\/\/rafaramirez.org\/blog\/#website","url":"https:\/\/rafaramirez.org\/blog\/","name":"Blog de Rafael Ram\u00edrez","description":"Un sitio social, de arte y cultura","publisher":{"@id":"https:\/\/rafaramirez.org\/blog\/#\/schema\/person\/50f43b6d60c578760d4c17bda54ab6a5"},"potentialAction":[{"@type":"SearchAction","target":{"@type":"EntryPoint","urlTemplate":"https:\/\/rafaramirez.org\/blog\/?s={search_term_string}"},"query-input":{"@type":"PropertyValueSpecification","valueRequired":true,"valueName":"search_term_string"}}],"inLanguage":"es"},{"@type":["Person","Organization"],"@id":"https:\/\/rafaramirez.org\/blog\/#\/schema\/person\/50f43b6d60c578760d4c17bda54ab6a5","name":"Rafael Ram\u00edrez","image":{"@type":"ImageObject","inLanguage":"es","@id":"https:\/\/rafaramirez.org\/blog\/wp-content\/uploads\/2024\/09\/RR_socialnetwork.jpg","url":"https:\/\/rafaramirez.org\/blog\/wp-content\/uploads\/2024\/09\/RR_socialnetwork.jpg","contentUrl":"https:\/\/rafaramirez.org\/blog\/wp-content\/uploads\/2024\/09\/RR_socialnetwork.jpg","width":600,"height":606,"caption":"Rafael Ram\u00edrez"},"logo":{"@id":"https:\/\/rafaramirez.org\/blog\/wp-content\/uploads\/2024\/09\/RR_socialnetwork.jpg"},"sameAs":["https:\/\/www.rafaramirez.org\/blog","https:\/\/www.instagram.com\/rafaramirez_ok\/","https:\/\/es.pinterest.com\/Ramirez_Rafa\/","https:\/\/x.com\/rafaramirez_ok"],"url":"https:\/\/rafaramirez.org\/blog\/index.php\/author\/rafaell_qm6j97da\/"}]}},"jetpack_publicize_connections":[],"jetpack_sharing_enabled":true,"jetpack_likes_enabled":true,"jetpack_featured_media_url":"https:\/\/rafaramirez.org\/blog\/wp-content\/uploads\/2024\/10\/Fotos_Malaga_Rafael-Ramirez._banner_logblog.jpg","_links":{"self":[{"href":"https:\/\/rafaramirez.org\/blog\/index.php\/wp-json\/wp\/v2\/posts\/6347","targetHints":{"allow":["GET"]}}],"collection":[{"href":"https:\/\/rafaramirez.org\/blog\/index.php\/wp-json\/wp\/v2\/posts"}],"about":[{"href":"https:\/\/rafaramirez.org\/blog\/index.php\/wp-json\/wp\/v2\/types\/post"}],"author":[{"embeddable":true,"href":"https:\/\/rafaramirez.org\/blog\/index.php\/wp-json\/wp\/v2\/users\/1"}],"replies":[{"embeddable":true,"href":"https:\/\/rafaramirez.org\/blog\/index.php\/wp-json\/wp\/v2\/comments?post=6347"}],"version-history":[{"count":9,"href":"https:\/\/rafaramirez.org\/blog\/index.php\/wp-json\/wp\/v2\/posts\/6347\/revisions"}],"predecessor-version":[{"id":6591,"href":"https:\/\/rafaramirez.org\/blog\/index.php\/wp-json\/wp\/v2\/posts\/6347\/revisions\/6591"}],"wp:featuredmedia":[{"embeddable":true,"href":"https:\/\/rafaramirez.org\/blog\/index.php\/wp-json\/wp\/v2\/media\/6352"}],"wp:attachment":[{"href":"https:\/\/rafaramirez.org\/blog\/index.php\/wp-json\/wp\/v2\/media?parent=6347"}],"wp:term":[{"taxonomy":"category","embeddable":true,"href":"https:\/\/rafaramirez.org\/blog\/index.php\/wp-json\/wp\/v2\/categories?post=6347"},{"taxonomy":"post_tag","embeddable":true,"href":"https:\/\/rafaramirez.org\/blog\/index.php\/wp-json\/wp\/v2\/tags?post=6347"}],"curies":[{"name":"wp","href":"https:\/\/api.w.org\/{rel}","templated":true}]}}