{"id":6302,"date":"2024-10-16T08:15:10","date_gmt":"2024-10-16T06:15:10","guid":{"rendered":"https:\/\/rafaramirez.org\/blog\/?p=6302"},"modified":"2024-10-01T14:23:49","modified_gmt":"2024-10-01T12:23:49","slug":"dia-mundial-de-la-alimentacion","status":"publish","type":"post","link":"https:\/\/rafaramirez.org\/blog\/index.php\/2024\/10\/16\/dia-mundial-de-la-alimentacion\/","title":{"rendered":"D\u00eda Mundial de la Alimentaci\u00f3n: el derecho a los alimentos para una vida y un futuro mejores."},"content":{"rendered":"<p>El\u00a0<strong>D\u00eda Mundial de la Alimentaci\u00f3n<\/strong>\u00a0se celebra cada a\u00f1o el\u00a0<strong>16 de octubre<\/strong> para conmemorar la fundaci\u00f3n de la Organizaci\u00f3n de las Naciones Unidas para la Agricultura y la Alimentaci\u00f3n <strong>(FAO)<\/strong> en 1945.\u00a0Este d\u00eda tiene como objetivo aumentar la conciencia sobre los problemas relacionados con la alimentaci\u00f3n y la agricultura en todo el mundo.<\/p>\n<p>El prop\u00f3sito principal de esta jornada es luchar contra el hambre, la desnutrici\u00f3n y la pobreza a nivel global. Adem\u00e1s, es una fecha clave para\u00a0la <strong>ONU<\/strong>, que busca alcanzar la meta de\u00a0<strong>hambre cero<\/strong> en el mundo.<\/p>\n<p>Cada a\u00f1o, el D\u00eda Mundial de la Alimentaci\u00f3n tiene un tema espec\u00edfico para enfocar los esfuerzos y actividades.\u00a0Por ejemplo, el tema de este a\u00f1o es <strong>\u00abEl derecho a los alimentos para una vida y un futuro mejores\u00bb<\/strong>.<\/p>\n<h3>Derechos alimentarios.<\/h3>\n<p>Los\u00a0<strong>derechos alimentarios<\/strong>\u00a0son un componente fundamental de los derechos humanos y se refieren al derecho de todas las personas a tener acceso a una alimentaci\u00f3n adecuada y suficiente para llevar una vida saludable y activa. Este derecho est\u00e1 reconocido en varios instrumentos internacionales, como la <strong>Declaraci\u00f3n Universal de los Derechos Humanos<\/strong> y el <strong>Pacto Internacional de Derechos Econ\u00f3micos, Sociales y Culturales.<\/strong><\/p>\n<p>Aqu\u00ed te explico algunos aspectos clave de los derechos alimentarios:<\/p>\n<ul>\n<li><strong>Acceso a alimentos adecuados<\/strong>: Esto implica que todas las personas deben tener acceso f\u00edsico y econ\u00f3mico a alimentos que sean suficientes en cantidad y calidad para satisfacer sus necesidades diet\u00e9ticas y preferencias culturales.<\/li>\n<li><strong>Disponibilidad de alimentos<\/strong>: Los alimentos deben estar disponibles en cantidades suficientes para todas las personas, ya sea a trav\u00e9s de la producci\u00f3n local, el comercio o la ayuda alimentaria.<\/li>\n<li><strong>Estabilidad del suministro de alimentos<\/strong>: Las personas deben tener acceso a alimentos de manera continua y estable, sin interrupciones debido a factores como conflictos, desastres naturales o crisis econ\u00f3micas.<\/li>\n<li><strong>Utilizaci\u00f3n de los alimentos<\/strong>: Los alimentos deben ser seguros y nutritivos, y las personas deben tener el conocimiento y los recursos necesarios para utilizarlos de manera adecuada para mantener una buena salud.<\/li>\n<li><strong>No discriminaci\u00f3n<\/strong>: El derecho a la alimentaci\u00f3n debe ser garantizado sin discriminaci\u00f3n de ning\u00fan tipo, ya sea por motivos de raza, g\u00e9nero, religi\u00f3n, origen nacional, discapacidad u otros.<\/li>\n<li><strong>Responsabilidad del Estado<\/strong>: Los gobiernos tienen la obligaci\u00f3n de respetar, proteger y cumplir el derecho a la alimentaci\u00f3n. Esto incluye la creaci\u00f3n de pol\u00edticas y programas que aseguren el acceso a alimentos adecuados para todos los ciudadanos.<\/li>\n<\/ul>\n<p>El reconocimiento y la implementaci\u00f3n de los derechos alimentarios son esenciales para combatir el hambre y la malnutrici\u00f3n en el mundo.<\/p>\n<figure id=\"attachment_6309\" aria-describedby=\"caption-attachment-6309\" style=\"width: 300px\" class=\"wp-caption aligncenter\"><a href=\"https:\/\/rafaramirez.org\/blog\/wp-content\/uploads\/2024\/10\/street-2248101.jpg\" target=\"_blank\" rel=\"noopener\"><img loading=\"lazy\" decoding=\"async\" class=\"wp-image-6309 size-medium\" src=\"https:\/\/rafaramirez.org\/blog\/wp-content\/uploads\/2024\/10\/street-2248101-300x169.jpg\" alt=\"D\u00eda Mundial de la Alimentaci\u00f3n 16 de octubre. Efem\u00e9rides. Blog de Rafael Ram\u00edrez.\" width=\"300\" height=\"169\" srcset=\"https:\/\/rafaramirez.org\/blog\/wp-content\/uploads\/2024\/10\/street-2248101-300x169.jpg 300w, https:\/\/rafaramirez.org\/blog\/wp-content\/uploads\/2024\/10\/street-2248101-1024x576.jpg 1024w, https:\/\/rafaramirez.org\/blog\/wp-content\/uploads\/2024\/10\/street-2248101-768x432.jpg 768w, https:\/\/rafaramirez.org\/blog\/wp-content\/uploads\/2024\/10\/street-2248101.jpg 1200w\" sizes=\"auto, (max-width: 300px) 100vw, 300px\" \/><\/a><figcaption id=\"caption-attachment-6309\" class=\"wp-caption-text\">D\u00eda Mundial de la Alimentaci\u00f3n 16 de octubre. Blog de Rafael Ram\u00edrez.<\/figcaption><\/figure>\n<h3>Situaci\u00f3n actual del hambre en el mundo.<\/h3>\n<p>La situaci\u00f3n actual del hambre en el mundo es alarmante.\u00a0Seg\u00fan el <strong>Programa Mundial de Alimentos (WFP)<\/strong>, aproximadamente\u00a0<strong>37.2 millones de personas<\/strong>\u00a0enfrentan niveles de hambre de emergencia, y\u00a0<strong>1.3 millones<\/strong> est\u00e1n en una situaci\u00f3n catastr\u00f3fica, principalmente en Gaza, Sud\u00e1n, Sud\u00e1n del Sur y Mali.<\/p>\n<p>Adem\u00e1s, un informe de la ONU revel\u00f3 que entre\u00a0<strong>691 y 783 millones de personas<\/strong> sufrieron hambre en 2022, lo que representa un aumento significativo en comparaci\u00f3n con a\u00f1os anteriores. La pandemia de <strong>COVID-19<\/strong>, los conflictos armados y otras situaciones globales han exacerbado esta crisis, dificultando a\u00fan m\u00e1s los esfuerzos para alcanzar el objetivo de hambre cero para 2030.<\/p>\n<h3>Buscando soluciones para combatir el hambre.<\/h3>\n<p>Combatir el hambre es un desaf\u00edo complejo que requiere un enfoque multifac\u00e9tico. Aqu\u00ed te explico algunas de las soluciones propuestas:<\/p>\n<ul>\n<li><strong>Aumento de la producci\u00f3n agr\u00edcola sostenible<\/strong>: Mejorar las t\u00e9cnicas agr\u00edcolas para aumentar la productividad de manera sostenible es crucial. Esto incluye el uso de tecnolog\u00edas avanzadas, pr\u00e1cticas agr\u00edcolas sostenibles y la mejora de la infraestructura rural.<\/li>\n<li><strong>Reducci\u00f3n del desperdicio de alimentos<\/strong>: Se estima que un tercio de los alimentos producidos a nivel mundial se desperdicia. Implementar mejores pr\u00e1cticas de manejo de alimentos y concienciar a la poblaci\u00f3n sobre la reducci\u00f3n del desperdicio puede tener un gran impacto.<\/li>\n<li><strong>Mejora del acceso a los mercados<\/strong>: Facilitar el acceso de los peque\u00f1os agricultores a los mercados puede mejorar sus ingresos y, por ende, su capacidad para producir alimentos. Esto incluye la mejora de las infraestructuras de transporte y la creaci\u00f3n de cooperativas agr\u00edcolas.<\/li>\n<li><strong>Programas de asistencia alimentaria<\/strong>: Organizaciones como el Programa Mundial de Alimentos (WFP) proporcionan asistencia alimentaria de emergencia a las poblaciones m\u00e1s vulnerables. Estos programas son esenciales para salvar vidas en situaciones de crisis.<\/li>\n<li><strong>Pol\u00edticas y programas gubernamentales<\/strong>: Los gobiernos deben implementar pol\u00edticas que apoyen la seguridad alimentaria, como subsidios agr\u00edcolas, programas de nutrici\u00f3n y redes de seguridad social.<\/li>\n<li><strong>Educaci\u00f3n y empoderamiento<\/strong>: Educar a las comunidades sobre nutrici\u00f3n y pr\u00e1cticas agr\u00edcolas sostenibles, as\u00ed como empoderar a las mujeres y j\u00f3venes, puede tener un impacto significativo en la reducci\u00f3n del hambre.<\/li>\n<\/ul>\n<p>Estas soluciones requieren la colaboraci\u00f3n de gobiernos, organizaciones internacionales, sector privado y la sociedad civil para ser efectivas.<\/p>\n<figure id=\"attachment_6310\" aria-describedby=\"caption-attachment-6310\" style=\"width: 300px\" class=\"wp-caption aligncenter\"><a href=\"https:\/\/rafaramirez.org\/blog\/wp-content\/uploads\/2024\/10\/people-3144645.jpg\" target=\"_blank\" rel=\"noopener\"><img loading=\"lazy\" decoding=\"async\" class=\"wp-image-6310 size-medium\" src=\"https:\/\/rafaramirez.org\/blog\/wp-content\/uploads\/2024\/10\/people-3144645-300x200.jpg\" alt=\"D\u00eda Mundial de la Alimentaci\u00f3n 16 de octubre. Efem\u00e9rides. Blog de Rafael Ram\u00edrez.\" width=\"300\" height=\"200\" srcset=\"https:\/\/rafaramirez.org\/blog\/wp-content\/uploads\/2024\/10\/people-3144645-300x200.jpg 300w, https:\/\/rafaramirez.org\/blog\/wp-content\/uploads\/2024\/10\/people-3144645-1024x683.jpg 1024w, https:\/\/rafaramirez.org\/blog\/wp-content\/uploads\/2024\/10\/people-3144645-768x512.jpg 768w, https:\/\/rafaramirez.org\/blog\/wp-content\/uploads\/2024\/10\/people-3144645.jpg 1200w\" sizes=\"auto, (max-width: 300px) 100vw, 300px\" \/><\/a><figcaption id=\"caption-attachment-6310\" class=\"wp-caption-text\">D\u00eda Mundial de la Alimentaci\u00f3n 16 de octubre. Blog de Rafael Ram\u00edrez.<\/figcaption><\/figure>\n<h3>\u00bfC\u00f3mo se celebra este a\u00f1o el D\u00eda Mundial de la Alimentaci\u00f3n?<\/h3>\n<p>Este a\u00f1o, el\u00a0<strong>D\u00eda Mundial de la Alimentaci\u00f3n<\/strong>\u00a0se celebra con el tema \u201cEl derecho a los alimentos para una vida y un futuro mejores\u201d. La FAO y otras organizaciones est\u00e1n organizando una serie de eventos y actividades para aumentar la conciencia sobre la importancia de garantizar el acceso a alimentos adecuados para todos.<\/p>\n<p>Algunas de las actividades incluyen:<\/p>\n<ul>\n<li><strong>Conferencias y seminarios<\/strong>: Se llevar\u00e1n a cabo eventos virtuales y presenciales donde expertos discutir\u00e1n temas relacionados con la seguridad alimentaria, la nutrici\u00f3n y las pol\u00edticas agr\u00edcolas sostenibles.<\/li>\n<li><strong>Campa\u00f1as de sensibilizaci\u00f3n<\/strong>: A trav\u00e9s de redes sociales, medios de comunicaci\u00f3n y eventos comunitarios, se promover\u00e1 la importancia del derecho a la alimentaci\u00f3n y se compartir\u00e1n historias de \u00e9xito y desaf\u00edos en la lucha contra el hambre.<\/li>\n<li><strong>Actividades educativas<\/strong>: Escuelas y universidades participar\u00e1n en programas educativos para ense\u00f1ar a los estudiantes sobre la importancia de una alimentaci\u00f3n adecuada y sostenible.<\/li>\n<li><strong>Iniciativas comunitarias<\/strong>: Organizaciones locales y ONGs organizar\u00e1n actividades como ferias de alimentos, talleres de cocina saludable y programas de distribuci\u00f3n de alimentos para apoyar a las comunidades m\u00e1s vulnerables.<\/li>\n<li><strong>Colaboraciones internacionales<\/strong>: Gobiernos, organizaciones internacionales y el sector privado trabajar\u00e1n juntos en proyectos para mejorar la producci\u00f3n y distribuci\u00f3n de alimentos a nivel global.<\/li>\n<\/ul>\n<p>Si est\u00e1s interesado en participar, puedes buscar eventos locales en tu \u00e1rea o unirte a las campa\u00f1as en l\u00ednea utilizando el hashtag <strong>#WorldFoodDay<\/strong>.<\/p>\n<p>M\u00e1s informaci\u00f3n:<\/p>\n<ul>\n<li><a href=\"https:\/\/www.fao.org\/world-food-day\/es\" target=\"_blank\" rel=\"noopener\">FAO<\/a>.<\/li>\n<li><a href=\"https:\/\/www.wfp.org\/global-hunger-crisis\" target=\"_blank\" rel=\"noopener\">WFP<\/a>.<\/li>\n<li><a href=\"https:\/\/news.un.org\/en\/story\/2023\/07\/1138612\" target=\"_blank\" rel=\"noopener\">ONU<\/a>.<\/li>\n<li><a href=\"https:\/\/rafaramirez.org\/blog\/index.php\/category\/social\/noticias-sociales\/\" target=\"_blank\" rel=\"noopener\">Otros informes sociales<\/a>.<\/li>\n<li><a href=\"https:\/\/rafaramirez.org\/blog\/index.php\/category\/arte\/efemerides\/\" target=\"_blank\" rel=\"noopener\">Otras efem\u00e9rides<\/a>.<\/li>\n<\/ul>\n","protected":false},"excerpt":{"rendered":"<p>El\u00a0D\u00eda Mundial de la Alimentaci\u00f3n\u00a0se celebra cada a\u00f1o el\u00a016 de octubre para conmemorar la fundaci\u00f3n de la Organizaci\u00f3n de las Naciones Unidas para la Agricultura y la Alimentaci\u00f3n (FAO) en 1945.\u00a0Este d\u00eda tiene como objetivo aumentar la conciencia sobre los problemas relacionados con la alimentaci\u00f3n y la agricultura en todo el mundo. El prop\u00f3sito principal [&hellip;]<\/p>\n","protected":false},"author":1,"featured_media":6308,"comment_status":"open","ping_status":"closed","sticky":false,"template":"","format":"standard","meta":{"site-container-style":"default","site-container-layout":"default","site-sidebar-layout":"default","disable-article-header":"default","disable-site-header":"default","disable-site-footer":"default","disable-content-area-spacing":"default","_jetpack_newsletter_access":"","_jetpack_dont_email_post_to_subs":false,"_jetpack_newsletter_tier_id":0,"_jetpack_memberships_contains_paywalled_content":false,"_jetpack_feature_clip_id":0,"_jetpack_memberships_contains_paid_content":false,"footnotes":"","jetpack_publicize_message":"","jetpack_publicize_feature_enabled":true,"jetpack_social_post_already_shared":true,"jetpack_social_options":{"image_generator_settings":{"template":"highway","default_image_id":0,"font":"","enabled":false},"version":2},"jetpack_post_was_ever_published":false},"categories":[1291,15],"tags":[3623,3622,68,2586,3625,3624,3621,1323,2599,3517,1702,3626,2602,3627,3628],"class_list":["post-6302","post","type-post","status-publish","format-standard","has-post-thumbnail","hentry","category-efemerides","category-noticias-sociales","tag-worldfoodday","tag-16-de-octubre","tag-blog-de-rafael-ramirez","tag-covid-19","tag-declaracion-universal-de-los-derechos-humanos","tag-derechos-alimentarios","tag-dia-mundial-de-la-alimentacion","tag-efemerides","tag-fao","tag-informe-social","tag-onu","tag-pacto-internacional-de-derechos-economicos","tag-programa-mundial-de-alimentos","tag-sociales-y-culturales","tag-wfp"],"yoast_head":"<!-- This site is optimized with the Yoast SEO plugin v28.4 - https:\/\/yoast.com\/product\/yoast-seo-wordpress\/ -->\n<title>D\u00eda Mundial de la Alimentaci\u00f3n: el derecho a los alimentos para una vida y un futuro mejores. - Blog de Rafael Ram\u00edrez<\/title>\n<meta name=\"description\" content=\"El\u00a0D\u00eda Mundial de la Alimentaci\u00f3n\u00a0se celebra cada a\u00f1o el\u00a016 de octubre y su objetivo es concienciar sobre los problemas relacionados a ella.\" \/>\n<meta name=\"robots\" content=\"index, follow, max-snippet:-1, max-image-preview:large, max-video-preview:-1\" \/>\n<link rel=\"canonical\" href=\"https:\/\/rafaramirez.org\/blog\/index.php\/2024\/10\/16\/dia-mundial-de-la-alimentacion\/\" \/>\n<meta property=\"og:locale\" content=\"es_ES\" \/>\n<meta property=\"og:type\" content=\"article\" \/>\n<meta property=\"og:title\" content=\"D\u00eda Mundial de la Alimentaci\u00f3n: el derecho a los alimentos para una vida y un futuro mejores. - Blog de Rafael Ram\u00edrez\" \/>\n<meta property=\"og:description\" content=\"El\u00a0D\u00eda Mundial de la Alimentaci\u00f3n\u00a0se celebra cada a\u00f1o el\u00a016 de octubre y su objetivo es concienciar sobre los problemas relacionados a ella.\" \/>\n<meta property=\"og:url\" content=\"https:\/\/rafaramirez.org\/blog\/index.php\/2024\/10\/16\/dia-mundial-de-la-alimentacion\/\" \/>\n<meta property=\"og:site_name\" content=\"Blog de Rafael Ram\u00edrez\" \/>\n<meta property=\"article:published_time\" content=\"2024-10-16T06:15:10+00:00\" \/>\n<meta property=\"og:image\" content=\"https:\/\/rafaramirez.org\/blog\/wp-content\/uploads\/2024\/10\/Dia_Mundial_da_la_alimentacion_banner_logblog.jpg\" \/>\n\t<meta property=\"og:image:width\" content=\"720\" \/>\n\t<meta property=\"og:image:height\" content=\"440\" \/>\n\t<meta property=\"og:image:type\" content=\"image\/jpeg\" \/>\n<meta name=\"author\" content=\"Rafael Ram\u00edrez\" \/>\n<meta name=\"twitter:card\" content=\"summary_large_image\" \/>\n<meta name=\"twitter:creator\" content=\"@rafaramirez_ok\" \/>\n<meta name=\"twitter:site\" content=\"@rafaramirez_ok\" \/>\n<meta name=\"twitter:label1\" content=\"Escrito por\" \/>\n\t<meta name=\"twitter:data1\" content=\"Rafael Ram\u00edrez\" \/>\n\t<meta name=\"twitter:label2\" content=\"Tiempo de lectura\" \/>\n\t<meta name=\"twitter:data2\" content=\"6 minutos\" \/>\n<script type=\"application\/ld+json\" class=\"yoast-schema-graph\">{\"@context\":\"https:\\\/\\\/schema.org\",\"@graph\":[{\"@type\":\"Article\",\"@id\":\"https:\\\/\\\/rafaramirez.org\\\/blog\\\/index.php\\\/2024\\\/10\\\/16\\\/dia-mundial-de-la-alimentacion\\\/#article\",\"isPartOf\":{\"@id\":\"https:\\\/\\\/rafaramirez.org\\\/blog\\\/index.php\\\/2024\\\/10\\\/16\\\/dia-mundial-de-la-alimentacion\\\/\"},\"author\":{\"name\":\"Rafael Ram\u00edrez\",\"@id\":\"https:\\\/\\\/rafaramirez.org\\\/blog\\\/#\\\/schema\\\/person\\\/50f43b6d60c578760d4c17bda54ab6a5\"},\"headline\":\"D\u00eda Mundial de la Alimentaci\u00f3n: el derecho a los alimentos para una vida y un futuro mejores.\",\"datePublished\":\"2024-10-16T06:15:10+00:00\",\"mainEntityOfPage\":{\"@id\":\"https:\\\/\\\/rafaramirez.org\\\/blog\\\/index.php\\\/2024\\\/10\\\/16\\\/dia-mundial-de-la-alimentacion\\\/\"},\"wordCount\":1189,\"commentCount\":0,\"publisher\":{\"@id\":\"https:\\\/\\\/rafaramirez.org\\\/blog\\\/#\\\/schema\\\/person\\\/50f43b6d60c578760d4c17bda54ab6a5\"},\"image\":{\"@id\":\"https:\\\/\\\/rafaramirez.org\\\/blog\\\/index.php\\\/2024\\\/10\\\/16\\\/dia-mundial-de-la-alimentacion\\\/#primaryimage\"},\"thumbnailUrl\":\"https:\\\/\\\/rafaramirez.org\\\/blog\\\/wp-content\\\/uploads\\\/2024\\\/10\\\/Dia_Mundial_da_la_alimentacion_banner_logblog.jpg\",\"keywords\":[\"#WorldFoodDay\",\"16 de octubre\",\"blog de Rafael Ram\u00edrez\",\"COVID-19\",\"Declaraci\u00f3n Universal de los Derechos Humanos\",\"derechos alimentarios\",\"D\u00eda Mundial de la Alimentaci\u00f3n\",\"efem\u00e9rides\",\"FAO\",\"informe social\",\"ONU\",\"Pacto Internacional de Derechos Econ\u00f3micos\",\"Programa Mundial de Alimentos\",\"Sociales y Culturales\",\"WFP\"],\"articleSection\":[\"Efem\u00e9rides\",\"Informe social\"],\"inLanguage\":\"es\",\"potentialAction\":[{\"@type\":\"CommentAction\",\"name\":\"Comment\",\"target\":[\"https:\\\/\\\/rafaramirez.org\\\/blog\\\/index.php\\\/2024\\\/10\\\/16\\\/dia-mundial-de-la-alimentacion\\\/#respond\"]}]},{\"@type\":\"WebPage\",\"@id\":\"https:\\\/\\\/rafaramirez.org\\\/blog\\\/index.php\\\/2024\\\/10\\\/16\\\/dia-mundial-de-la-alimentacion\\\/\",\"url\":\"https:\\\/\\\/rafaramirez.org\\\/blog\\\/index.php\\\/2024\\\/10\\\/16\\\/dia-mundial-de-la-alimentacion\\\/\",\"name\":\"D\u00eda Mundial de la Alimentaci\u00f3n: el derecho a los alimentos para una vida y un futuro mejores. - Blog de Rafael Ram\u00edrez\",\"isPartOf\":{\"@id\":\"https:\\\/\\\/rafaramirez.org\\\/blog\\\/#website\"},\"primaryImageOfPage\":{\"@id\":\"https:\\\/\\\/rafaramirez.org\\\/blog\\\/index.php\\\/2024\\\/10\\\/16\\\/dia-mundial-de-la-alimentacion\\\/#primaryimage\"},\"image\":{\"@id\":\"https:\\\/\\\/rafaramirez.org\\\/blog\\\/index.php\\\/2024\\\/10\\\/16\\\/dia-mundial-de-la-alimentacion\\\/#primaryimage\"},\"thumbnailUrl\":\"https:\\\/\\\/rafaramirez.org\\\/blog\\\/wp-content\\\/uploads\\\/2024\\\/10\\\/Dia_Mundial_da_la_alimentacion_banner_logblog.jpg\",\"datePublished\":\"2024-10-16T06:15:10+00:00\",\"description\":\"El\u00a0D\u00eda Mundial de la Alimentaci\u00f3n\u00a0se celebra cada a\u00f1o el\u00a016 de octubre y su objetivo es concienciar sobre los problemas relacionados a ella.\",\"breadcrumb\":{\"@id\":\"https:\\\/\\\/rafaramirez.org\\\/blog\\\/index.php\\\/2024\\\/10\\\/16\\\/dia-mundial-de-la-alimentacion\\\/#breadcrumb\"},\"inLanguage\":\"es\",\"potentialAction\":[{\"@type\":\"ReadAction\",\"target\":[\"https:\\\/\\\/rafaramirez.org\\\/blog\\\/index.php\\\/2024\\\/10\\\/16\\\/dia-mundial-de-la-alimentacion\\\/\"]}]},{\"@type\":\"ImageObject\",\"inLanguage\":\"es\",\"@id\":\"https:\\\/\\\/rafaramirez.org\\\/blog\\\/index.php\\\/2024\\\/10\\\/16\\\/dia-mundial-de-la-alimentacion\\\/#primaryimage\",\"url\":\"https:\\\/\\\/rafaramirez.org\\\/blog\\\/wp-content\\\/uploads\\\/2024\\\/10\\\/Dia_Mundial_da_la_alimentacion_banner_logblog.jpg\",\"contentUrl\":\"https:\\\/\\\/rafaramirez.org\\\/blog\\\/wp-content\\\/uploads\\\/2024\\\/10\\\/Dia_Mundial_da_la_alimentacion_banner_logblog.jpg\",\"width\":720,\"height\":440,\"caption\":\"D\u00eda Mundial de la Alimentaci\u00f3n 16 de octubre. Efem\u00e9rides. Blog de Rafael Ram\u00edrez.\"},{\"@type\":\"BreadcrumbList\",\"@id\":\"https:\\\/\\\/rafaramirez.org\\\/blog\\\/index.php\\\/2024\\\/10\\\/16\\\/dia-mundial-de-la-alimentacion\\\/#breadcrumb\",\"itemListElement\":[{\"@type\":\"ListItem\",\"position\":1,\"name\":\"Portada\",\"item\":\"https:\\\/\\\/rafaramirez.org\\\/blog\\\/\"},{\"@type\":\"ListItem\",\"position\":2,\"name\":\"D\u00eda Mundial de la Alimentaci\u00f3n: el derecho a los alimentos para una vida y un futuro mejores.\"}]},{\"@type\":\"WebSite\",\"@id\":\"https:\\\/\\\/rafaramirez.org\\\/blog\\\/#website\",\"url\":\"https:\\\/\\\/rafaramirez.org\\\/blog\\\/\",\"name\":\"Blog de Rafael Ram\u00edrez\",\"description\":\"Un sitio social, de arte y cultura\",\"publisher\":{\"@id\":\"https:\\\/\\\/rafaramirez.org\\\/blog\\\/#\\\/schema\\\/person\\\/50f43b6d60c578760d4c17bda54ab6a5\"},\"potentialAction\":[{\"@type\":\"SearchAction\",\"target\":{\"@type\":\"EntryPoint\",\"urlTemplate\":\"https:\\\/\\\/rafaramirez.org\\\/blog\\\/?s={search_term_string}\"},\"query-input\":{\"@type\":\"PropertyValueSpecification\",\"valueRequired\":true,\"valueName\":\"search_term_string\"}}],\"inLanguage\":\"es\"},{\"@type\":[\"Person\",\"Organization\"],\"@id\":\"https:\\\/\\\/rafaramirez.org\\\/blog\\\/#\\\/schema\\\/person\\\/50f43b6d60c578760d4c17bda54ab6a5\",\"name\":\"Rafael Ram\u00edrez\",\"image\":{\"@type\":\"ImageObject\",\"inLanguage\":\"es\",\"@id\":\"https:\\\/\\\/rafaramirez.org\\\/blog\\\/wp-content\\\/uploads\\\/2024\\\/09\\\/RR_socialnetwork.jpg\",\"url\":\"https:\\\/\\\/rafaramirez.org\\\/blog\\\/wp-content\\\/uploads\\\/2024\\\/09\\\/RR_socialnetwork.jpg\",\"contentUrl\":\"https:\\\/\\\/rafaramirez.org\\\/blog\\\/wp-content\\\/uploads\\\/2024\\\/09\\\/RR_socialnetwork.jpg\",\"width\":600,\"height\":606,\"caption\":\"Rafael Ram\u00edrez\"},\"logo\":{\"@id\":\"https:\\\/\\\/rafaramirez.org\\\/blog\\\/wp-content\\\/uploads\\\/2024\\\/09\\\/RR_socialnetwork.jpg\"},\"sameAs\":[\"https:\\\/\\\/www.rafaramirez.org\\\/blog\",\"https:\\\/\\\/www.instagram.com\\\/rafaramirez_ok\\\/\",\"https:\\\/\\\/es.pinterest.com\\\/Ramirez_Rafa\\\/\",\"https:\\\/\\\/x.com\\\/rafaramirez_ok\"],\"url\":\"https:\\\/\\\/rafaramirez.org\\\/blog\\\/index.php\\\/author\\\/rafaell_qm6j97da\\\/\"}]}<\/script>\n<!-- \/ Yoast SEO plugin. -->","yoast_head_json":{"title":"D\u00eda Mundial de la Alimentaci\u00f3n: el derecho a los alimentos para una vida y un futuro mejores. - Blog de Rafael Ram\u00edrez","description":"El\u00a0D\u00eda Mundial de la Alimentaci\u00f3n\u00a0se celebra cada a\u00f1o el\u00a016 de octubre y su objetivo es concienciar sobre los problemas relacionados a ella.","robots":{"index":"index","follow":"follow","max-snippet":"max-snippet:-1","max-image-preview":"max-image-preview:large","max-video-preview":"max-video-preview:-1"},"canonical":"https:\/\/rafaramirez.org\/blog\/index.php\/2024\/10\/16\/dia-mundial-de-la-alimentacion\/","og_locale":"es_ES","og_type":"article","og_title":"D\u00eda Mundial de la Alimentaci\u00f3n: el derecho a los alimentos para una vida y un futuro mejores. - Blog de Rafael Ram\u00edrez","og_description":"El\u00a0D\u00eda Mundial de la Alimentaci\u00f3n\u00a0se celebra cada a\u00f1o el\u00a016 de octubre y su objetivo es concienciar sobre los problemas relacionados a ella.","og_url":"https:\/\/rafaramirez.org\/blog\/index.php\/2024\/10\/16\/dia-mundial-de-la-alimentacion\/","og_site_name":"Blog de Rafael Ram\u00edrez","article_published_time":"2024-10-16T06:15:10+00:00","og_image":[{"width":720,"height":440,"url":"https:\/\/rafaramirez.org\/blog\/wp-content\/uploads\/2024\/10\/Dia_Mundial_da_la_alimentacion_banner_logblog.jpg","type":"image\/jpeg"}],"author":"Rafael Ram\u00edrez","twitter_card":"summary_large_image","twitter_creator":"@rafaramirez_ok","twitter_site":"@rafaramirez_ok","twitter_misc":{"Escrito por":"Rafael Ram\u00edrez","Tiempo de lectura":"6 minutos"},"schema":{"@context":"https:\/\/schema.org","@graph":[{"@type":"Article","@id":"https:\/\/rafaramirez.org\/blog\/index.php\/2024\/10\/16\/dia-mundial-de-la-alimentacion\/#article","isPartOf":{"@id":"https:\/\/rafaramirez.org\/blog\/index.php\/2024\/10\/16\/dia-mundial-de-la-alimentacion\/"},"author":{"name":"Rafael Ram\u00edrez","@id":"https:\/\/rafaramirez.org\/blog\/#\/schema\/person\/50f43b6d60c578760d4c17bda54ab6a5"},"headline":"D\u00eda Mundial de la Alimentaci\u00f3n: el derecho a los alimentos para una vida y un futuro mejores.","datePublished":"2024-10-16T06:15:10+00:00","mainEntityOfPage":{"@id":"https:\/\/rafaramirez.org\/blog\/index.php\/2024\/10\/16\/dia-mundial-de-la-alimentacion\/"},"wordCount":1189,"commentCount":0,"publisher":{"@id":"https:\/\/rafaramirez.org\/blog\/#\/schema\/person\/50f43b6d60c578760d4c17bda54ab6a5"},"image":{"@id":"https:\/\/rafaramirez.org\/blog\/index.php\/2024\/10\/16\/dia-mundial-de-la-alimentacion\/#primaryimage"},"thumbnailUrl":"https:\/\/rafaramirez.org\/blog\/wp-content\/uploads\/2024\/10\/Dia_Mundial_da_la_alimentacion_banner_logblog.jpg","keywords":["#WorldFoodDay","16 de octubre","blog de Rafael Ram\u00edrez","COVID-19","Declaraci\u00f3n Universal de los Derechos Humanos","derechos alimentarios","D\u00eda Mundial de la Alimentaci\u00f3n","efem\u00e9rides","FAO","informe social","ONU","Pacto Internacional de Derechos Econ\u00f3micos","Programa Mundial de Alimentos","Sociales y Culturales","WFP"],"articleSection":["Efem\u00e9rides","Informe social"],"inLanguage":"es","potentialAction":[{"@type":"CommentAction","name":"Comment","target":["https:\/\/rafaramirez.org\/blog\/index.php\/2024\/10\/16\/dia-mundial-de-la-alimentacion\/#respond"]}]},{"@type":"WebPage","@id":"https:\/\/rafaramirez.org\/blog\/index.php\/2024\/10\/16\/dia-mundial-de-la-alimentacion\/","url":"https:\/\/rafaramirez.org\/blog\/index.php\/2024\/10\/16\/dia-mundial-de-la-alimentacion\/","name":"D\u00eda Mundial de la Alimentaci\u00f3n: el derecho a los alimentos para una vida y un futuro mejores. - Blog de Rafael Ram\u00edrez","isPartOf":{"@id":"https:\/\/rafaramirez.org\/blog\/#website"},"primaryImageOfPage":{"@id":"https:\/\/rafaramirez.org\/blog\/index.php\/2024\/10\/16\/dia-mundial-de-la-alimentacion\/#primaryimage"},"image":{"@id":"https:\/\/rafaramirez.org\/blog\/index.php\/2024\/10\/16\/dia-mundial-de-la-alimentacion\/#primaryimage"},"thumbnailUrl":"https:\/\/rafaramirez.org\/blog\/wp-content\/uploads\/2024\/10\/Dia_Mundial_da_la_alimentacion_banner_logblog.jpg","datePublished":"2024-10-16T06:15:10+00:00","description":"El\u00a0D\u00eda Mundial de la Alimentaci\u00f3n\u00a0se celebra cada a\u00f1o el\u00a016 de octubre y su objetivo es concienciar sobre los problemas relacionados a ella.","breadcrumb":{"@id":"https:\/\/rafaramirez.org\/blog\/index.php\/2024\/10\/16\/dia-mundial-de-la-alimentacion\/#breadcrumb"},"inLanguage":"es","potentialAction":[{"@type":"ReadAction","target":["https:\/\/rafaramirez.org\/blog\/index.php\/2024\/10\/16\/dia-mundial-de-la-alimentacion\/"]}]},{"@type":"ImageObject","inLanguage":"es","@id":"https:\/\/rafaramirez.org\/blog\/index.php\/2024\/10\/16\/dia-mundial-de-la-alimentacion\/#primaryimage","url":"https:\/\/rafaramirez.org\/blog\/wp-content\/uploads\/2024\/10\/Dia_Mundial_da_la_alimentacion_banner_logblog.jpg","contentUrl":"https:\/\/rafaramirez.org\/blog\/wp-content\/uploads\/2024\/10\/Dia_Mundial_da_la_alimentacion_banner_logblog.jpg","width":720,"height":440,"caption":"D\u00eda Mundial de la Alimentaci\u00f3n 16 de octubre. Efem\u00e9rides. Blog de Rafael Ram\u00edrez."},{"@type":"BreadcrumbList","@id":"https:\/\/rafaramirez.org\/blog\/index.php\/2024\/10\/16\/dia-mundial-de-la-alimentacion\/#breadcrumb","itemListElement":[{"@type":"ListItem","position":1,"name":"Portada","item":"https:\/\/rafaramirez.org\/blog\/"},{"@type":"ListItem","position":2,"name":"D\u00eda Mundial de la Alimentaci\u00f3n: el derecho a los alimentos para una vida y un futuro mejores."}]},{"@type":"WebSite","@id":"https:\/\/rafaramirez.org\/blog\/#website","url":"https:\/\/rafaramirez.org\/blog\/","name":"Blog de Rafael Ram\u00edrez","description":"Un sitio social, de arte y cultura","publisher":{"@id":"https:\/\/rafaramirez.org\/blog\/#\/schema\/person\/50f43b6d60c578760d4c17bda54ab6a5"},"potentialAction":[{"@type":"SearchAction","target":{"@type":"EntryPoint","urlTemplate":"https:\/\/rafaramirez.org\/blog\/?s={search_term_string}"},"query-input":{"@type":"PropertyValueSpecification","valueRequired":true,"valueName":"search_term_string"}}],"inLanguage":"es"},{"@type":["Person","Organization"],"@id":"https:\/\/rafaramirez.org\/blog\/#\/schema\/person\/50f43b6d60c578760d4c17bda54ab6a5","name":"Rafael Ram\u00edrez","image":{"@type":"ImageObject","inLanguage":"es","@id":"https:\/\/rafaramirez.org\/blog\/wp-content\/uploads\/2024\/09\/RR_socialnetwork.jpg","url":"https:\/\/rafaramirez.org\/blog\/wp-content\/uploads\/2024\/09\/RR_socialnetwork.jpg","contentUrl":"https:\/\/rafaramirez.org\/blog\/wp-content\/uploads\/2024\/09\/RR_socialnetwork.jpg","width":600,"height":606,"caption":"Rafael Ram\u00edrez"},"logo":{"@id":"https:\/\/rafaramirez.org\/blog\/wp-content\/uploads\/2024\/09\/RR_socialnetwork.jpg"},"sameAs":["https:\/\/www.rafaramirez.org\/blog","https:\/\/www.instagram.com\/rafaramirez_ok\/","https:\/\/es.pinterest.com\/Ramirez_Rafa\/","https:\/\/x.com\/rafaramirez_ok"],"url":"https:\/\/rafaramirez.org\/blog\/index.php\/author\/rafaell_qm6j97da\/"}]}},"jetpack_publicize_connections":[],"jetpack_sharing_enabled":true,"jetpack_likes_enabled":true,"jetpack_featured_media_url":"https:\/\/rafaramirez.org\/blog\/wp-content\/uploads\/2024\/10\/Dia_Mundial_da_la_alimentacion_banner_logblog.jpg","_links":{"self":[{"href":"https:\/\/rafaramirez.org\/blog\/index.php\/wp-json\/wp\/v2\/posts\/6302","targetHints":{"allow":["GET"]}}],"collection":[{"href":"https:\/\/rafaramirez.org\/blog\/index.php\/wp-json\/wp\/v2\/posts"}],"about":[{"href":"https:\/\/rafaramirez.org\/blog\/index.php\/wp-json\/wp\/v2\/types\/post"}],"author":[{"embeddable":true,"href":"https:\/\/rafaramirez.org\/blog\/index.php\/wp-json\/wp\/v2\/users\/1"}],"replies":[{"embeddable":true,"href":"https:\/\/rafaramirez.org\/blog\/index.php\/wp-json\/wp\/v2\/comments?post=6302"}],"version-history":[{"count":10,"href":"https:\/\/rafaramirez.org\/blog\/index.php\/wp-json\/wp\/v2\/posts\/6302\/revisions"}],"predecessor-version":[{"id":6315,"href":"https:\/\/rafaramirez.org\/blog\/index.php\/wp-json\/wp\/v2\/posts\/6302\/revisions\/6315"}],"wp:featuredmedia":[{"embeddable":true,"href":"https:\/\/rafaramirez.org\/blog\/index.php\/wp-json\/wp\/v2\/media\/6308"}],"wp:attachment":[{"href":"https:\/\/rafaramirez.org\/blog\/index.php\/wp-json\/wp\/v2\/media?parent=6302"}],"wp:term":[{"taxonomy":"category","embeddable":true,"href":"https:\/\/rafaramirez.org\/blog\/index.php\/wp-json\/wp\/v2\/categories?post=6302"},{"taxonomy":"post_tag","embeddable":true,"href":"https:\/\/rafaramirez.org\/blog\/index.php\/wp-json\/wp\/v2\/tags?post=6302"}],"curies":[{"name":"wp","href":"https:\/\/api.w.org\/{rel}","templated":true}]}}