{"id":6243,"date":"2024-10-12T08:15:57","date_gmt":"2024-10-12T06:15:57","guid":{"rendered":"https:\/\/rafaramirez.org\/blog\/?p=6243"},"modified":"2024-09-30T11:21:51","modified_gmt":"2024-09-30T09:21:51","slug":"dia-de-la-hispanidad","status":"publish","type":"post","link":"https:\/\/rafaramirez.org\/blog\/index.php\/2024\/10\/12\/dia-de-la-hispanidad\/","title":{"rendered":"D\u00eda de la Hispanidad: fortalecer lazos entre las naciones que compartimos una misma lengua."},"content":{"rendered":"<p>El\u00a0<strong>D\u00eda de la Hispanidad<\/strong>, tambi\u00e9n conocido como la\u00a0<strong>Fiesta Nacional de Espa\u00f1a<\/strong>, se celebra el\u00a0<strong>12 de octubre<\/strong>.\u00a0Esta fecha conmemora el\u00a0<strong>Descubrimiento de Am\u00e9rica<\/strong> por Crist\u00f3bal Col\u00f3n en 1492.<\/p>\n<p>La celebraci\u00f3n tiene un significado especial, ya que simboliza la uni\u00f3n cultural y ling\u00fc\u00edstica entre Espa\u00f1a y los pa\u00edses hispanohablantes.\u00a0En Espa\u00f1a, el d\u00eda se caracteriza por un desfile militar en Madrid, al que asisten el rey, la familia real, el presidente del Gobierno y otros altos representantes del Estado.\u00a0Adem\u00e1s, se realizan diversos actos culturales y festivos en todo el pa\u00eds.<\/p>\n<h3>Historia detr\u00e1s de este d\u00eda.<\/h3>\n<p>El\u00a0<strong>D\u00eda de la Hispanidad<\/strong>\u00a0tiene sus ra\u00edces en el\u00a0<strong>12 de octubre de 1492<\/strong>, cuando, como os he mencionado antes, Crist\u00f3bal Col\u00f3n lleg\u00f3 a Am\u00e9rica, marcando el inicio del contacto entre Europa y el continente americano. Este evento es considerado uno de los momentos m\u00e1s significativos de la historia, ya que dio lugar a un intercambio cultural, econ\u00f3mico y social que transform\u00f3 el mundo.<\/p>\n<p>La celebraci\u00f3n del 12 de octubre como D\u00eda de la Hispanidad comenz\u00f3 a tomar forma en el siglo XX. En 1918, el rey Alfonso XIII declar\u00f3 esta fecha como fiesta nacional en Espa\u00f1a. M\u00e1s tarde, en 1958, se oficializ\u00f3 como el D\u00eda de la Hispanidad, y en 1987, se renombr\u00f3 como la\u00a0<strong>Fiesta Nacional de Espa\u00f1a<\/strong>.<\/p>\n<p>El d\u00eda no solo celebra el descubrimiento de Am\u00e9rica, sino tambi\u00e9n la\u00a0<strong>herencia cultural y ling\u00fc\u00edstica compartida<\/strong>\u00a0entre Espa\u00f1a y los pa\u00edses hispanohablantes. Es una ocasi\u00f3n para reflexionar sobre la historia com\u00fan y fortalecer los lazos entre las naciones que comparten el idioma espa\u00f1ol.<\/p>\n<h3>Importancia de esta fecha.<\/h3>\n<p>El\u00a0<strong>D\u00eda de la Hispanidad<\/strong>\u00a0tiene un significado especial para muchos pa\u00edses latinoamericanos, aunque no todos lo celebran de la misma manera ni con el mismo nombre. Aqu\u00ed hay algunos puntos clave sobre su importancia:<\/p>\n<ul>\n<li><strong>Herencia Cultural y Ling\u00fc\u00edstica<\/strong>: La fecha celebra la herencia cultural y ling\u00fc\u00edstica compartida entre Espa\u00f1a y los pa\u00edses de Am\u00e9rica Latina. Es un momento para reconocer y valorar el idioma espa\u00f1ol y las tradiciones culturales que unen a estas naciones.<\/li>\n<li><strong>Reflexi\u00f3n Hist\u00f3rica<\/strong>: Para muchos, el 12 de octubre es una oportunidad para reflexionar sobre la historia del continente americano, incluyendo los aspectos positivos y negativos del encuentro entre Europa y Am\u00e9rica. Esto incluye el reconocimiento de las culturas ind\u00edgenas y los impactos del colonialismo.<\/li>\n<li><strong>Identidad y Unidad<\/strong>: En algunos pa\u00edses, la fecha se utiliza para promover la unidad y la identidad nacional, destacando los lazos hist\u00f3ricos y culturales que unen a los pa\u00edses hispanohablantes.<\/li>\n<li><strong>Celebraciones y Festividades<\/strong>: En varios pa\u00edses, se realizan desfiles, eventos culturales y actividades educativas para conmemorar la fecha. Por ejemplo, en M\u00e9xico se celebra como el\u00a0<strong>D\u00eda de la Raza<\/strong>, y en otros pa\u00edses como Colombia y Chile, se realizan actos oficiales y culturales.<\/li>\n<li><strong>Debate y Reinterpretaci\u00f3n<\/strong>: En algunos lugares, la fecha tambi\u00e9n es motivo de debate y reinterpretaci\u00f3n, con movimientos que buscan cambiar el enfoque de la celebraci\u00f3n para incluir una visi\u00f3n m\u00e1s cr\u00edtica del pasado colonial y una mayor valoraci\u00f3n de las culturas ind\u00edgenas.<\/li>\n<\/ul>\n<h3>Celebraci\u00f3n en otros pa\u00edses hispanohablantes.<\/h3>\n<p>El\u00a0<strong>12 de octubre<\/strong>\u00a0se celebra de diversas maneras en los pa\u00edses hispanohablantes, y aunque el nombre y el enfoque pueden variar, la fecha sigue siendo significativa. Aqu\u00ed te dejo algunos ejemplos:<\/p>\n<ul>\n<li><strong>M\u00e9xico<\/strong>: Se celebra como el\u00a0<strong>D\u00eda de la Raza<\/strong>, una jornada para reconocer la mezcla de culturas que surgi\u00f3 tras la llegada de los europeos a Am\u00e9rica.<\/li>\n<li><strong>Argentina<\/strong>: Conocido como el\u00a0<strong>D\u00eda del Respeto a la Diversidad Cultural<\/strong>, esta fecha se utiliza para promover la reflexi\u00f3n hist\u00f3rica y el di\u00e1logo intercultural sobre los derechos de los pueblos originarios.<\/li>\n<li><strong>Chile<\/strong>: Se celebra como el\u00a0<strong>D\u00eda del Encuentro de Dos Mundos<\/strong>, destacando la importancia del intercambio cultural y la transformaci\u00f3n que trajo consigo el descubrimiento de Am\u00e9rica.<\/li>\n<li><strong>Venezuela<\/strong>: Aqu\u00ed se celebra el\u00a0<strong>D\u00eda de la Resistencia Ind\u00edgena<\/strong>, una jornada para honrar la lucha y la resistencia de los pueblos ind\u00edgenas contra la colonizaci\u00f3n.<\/li>\n<li><strong>Colombia<\/strong>: Conocido como el\u00a0<strong>D\u00eda de la Raza y la Hispanidad<\/strong>, se realizan actos culturales y educativos para celebrar la herencia hisp\u00e1nica y la diversidad cultural del pa\u00eds.<\/li>\n<li><strong>Ecuador<\/strong>: Se celebra como el\u00a0<strong>D\u00eda de la Interculturalidad y Plurinacionalidad<\/strong>, enfoc\u00e1ndose en la visibilizaci\u00f3n y el reconocimiento de los pueblos ind\u00edgenas y su historia.<\/li>\n<\/ul>\n<p>Cada pa\u00eds adapta la celebraci\u00f3n a su contexto hist\u00f3rico y cultural, lo que refleja la diversidad y riqueza de las tradiciones hispanohablantes.<\/p>\n<p><strong>En resumen, el D\u00eda de la Hispanidad celebra la herencia cultural y ling\u00fc\u00edstica compartida entre Espa\u00f1a y los pa\u00edses hispanohablantes, conmemorando el encuentro entre Europa y Am\u00e9rica. \u00a1Feliz D\u00eda!<\/strong><\/p>\n<p>M\u00e1s informaci\u00f3n:<\/p>\n<ul>\n<li><a href=\"https:\/\/es.wikipedia.org\/wiki\/Fiesta_Nacional_de_Espa%C3%B1a\" target=\"_blank\" rel=\"noopener\">Wikipedia<\/a>.<\/li>\n<li><a href=\"https:\/\/www.larazon.es\/cultura\/historia\/que-dia-hispanidad-que-celebra_202310116526959bb2ab57000173243f.html\" target=\"_blank\" rel=\"noopener\">La Raz\u00f3n<\/a>.<\/li>\n<li><a href=\"https:\/\/www.20minutos.es\/noticia\/5180237\/0\/que-paises-se-celebra-dia-hispanidad\/\" target=\"_blank\" rel=\"noopener\">20 minutos<\/a>.<\/li>\n<li><a href=\"https:\/\/larepublica.pe\/mundo\/2022\/10\/04\/12-de-octubre-los-paises-que-celebran-el-dia-de-la-raza-dia-de-la-hispanidad-encuentro-de-dos-mundos-dia-del-respeto-a-la-diversidad-cultural-lrtm\" target=\"_blank\" rel=\"noopener\">La Rep\u00fablica de Per\u00fa<\/a>.<\/li>\n<li><a href=\"https:\/\/rafaramirez.org\/blog\/index.php\/category\/arte\/efemerides\/\" target=\"_blank\" rel=\"noopener\">M\u00e1s efem\u00e9rides<\/a>.<\/li>\n<\/ul>\n","protected":false},"excerpt":{"rendered":"<p>El\u00a0D\u00eda de la Hispanidad, tambi\u00e9n conocido como la\u00a0Fiesta Nacional de Espa\u00f1a, se celebra el\u00a012 de octubre.\u00a0Esta fecha conmemora el\u00a0Descubrimiento de Am\u00e9rica por Crist\u00f3bal Col\u00f3n en 1492. La celebraci\u00f3n tiene un significado especial, ya que simboliza la uni\u00f3n cultural y ling\u00fc\u00edstica entre Espa\u00f1a y los pa\u00edses hispanohablantes.\u00a0En Espa\u00f1a, el d\u00eda se caracteriza por un desfile militar [&hellip;]<\/p>\n","protected":false},"author":1,"featured_media":6247,"comment_status":"open","ping_status":"closed","sticky":false,"template":"","format":"standard","meta":{"site-container-style":"default","site-container-layout":"default","site-sidebar-layout":"default","disable-article-header":"default","disable-site-header":"default","disable-site-footer":"default","disable-content-area-spacing":"default","_jetpack_newsletter_access":"","_jetpack_dont_email_post_to_subs":false,"_jetpack_newsletter_tier_id":0,"_jetpack_memberships_contains_paywalled_content":false,"_jetpack_feature_clip_id":0,"_jetpack_memberships_contains_paid_content":false,"footnotes":"","jetpack_publicize_message":"","jetpack_publicize_feature_enabled":true,"jetpack_social_post_already_shared":true,"jetpack_social_options":{"image_generator_settings":{"template":"highway","default_image_id":0,"font":"","enabled":false},"version":2},"jetpack_post_was_ever_published":false},"categories":[1291],"tags":[],"class_list":["post-6243","post","type-post","status-publish","format-standard","has-post-thumbnail","hentry","category-efemerides"],"yoast_head":"<!-- This site is optimized with the Yoast SEO plugin v28.4 - https:\/\/yoast.com\/product\/yoast-seo-wordpress\/ -->\n<title>D\u00eda de la Hispanidad: fortalecer lazos entre las naciones que compartimos una misma lengua. - Blog de Rafael Ram\u00edrez<\/title>\n<meta name=\"description\" content=\"El\u00a0D\u00eda de la Hispanidad o\u00a0Fiesta Nacional de Espa\u00f1a, se celebra el\u00a012 de octubre.\u00a0Conmemora el descubrimiento de Am\u00e9rica por Crist\u00f3bal Col\u00f3n.\" \/>\n<meta name=\"robots\" content=\"index, follow, max-snippet:-1, max-image-preview:large, max-video-preview:-1\" \/>\n<link rel=\"canonical\" href=\"https:\/\/rafaramirez.org\/blog\/index.php\/2024\/10\/12\/dia-de-la-hispanidad\/\" \/>\n<meta property=\"og:locale\" content=\"es_ES\" \/>\n<meta property=\"og:type\" content=\"article\" \/>\n<meta property=\"og:title\" content=\"D\u00eda de la Hispanidad: fortalecer lazos entre las naciones que compartimos una misma lengua. - Blog de Rafael Ram\u00edrez\" \/>\n<meta property=\"og:description\" content=\"El\u00a0D\u00eda de la Hispanidad o\u00a0Fiesta Nacional de Espa\u00f1a, se celebra el\u00a012 de octubre.\u00a0Conmemora el descubrimiento de Am\u00e9rica por Crist\u00f3bal Col\u00f3n.\" \/>\n<meta property=\"og:url\" content=\"https:\/\/rafaramirez.org\/blog\/index.php\/2024\/10\/12\/dia-de-la-hispanidad\/\" \/>\n<meta property=\"og:site_name\" content=\"Blog de Rafael Ram\u00edrez\" \/>\n<meta property=\"article:published_time\" content=\"2024-10-12T06:15:57+00:00\" \/>\n<meta property=\"og:image\" content=\"https:\/\/rafaramirez.org\/blog\/wp-content\/uploads\/2024\/10\/Dia-de-la-Hispanidad_banner.jpg\" \/>\n\t<meta property=\"og:image:width\" content=\"720\" \/>\n\t<meta property=\"og:image:height\" content=\"440\" \/>\n\t<meta property=\"og:image:type\" content=\"image\/jpeg\" \/>\n<meta name=\"author\" content=\"Rafael Ram\u00edrez\" \/>\n<meta name=\"twitter:card\" content=\"summary_large_image\" \/>\n<meta name=\"twitter:creator\" content=\"@rafaramirez_ok\" \/>\n<meta name=\"twitter:site\" content=\"@rafaramirez_ok\" \/>\n<meta name=\"twitter:label1\" content=\"Escrito por\" \/>\n\t<meta name=\"twitter:data1\" content=\"Rafael Ram\u00edrez\" \/>\n\t<meta name=\"twitter:label2\" content=\"Tiempo de lectura\" \/>\n\t<meta name=\"twitter:data2\" content=\"4 minutos\" \/>\n<script type=\"application\/ld+json\" class=\"yoast-schema-graph\">{\"@context\":\"https:\\\/\\\/schema.org\",\"@graph\":[{\"@type\":\"Article\",\"@id\":\"https:\\\/\\\/rafaramirez.org\\\/blog\\\/index.php\\\/2024\\\/10\\\/12\\\/dia-de-la-hispanidad\\\/#article\",\"isPartOf\":{\"@id\":\"https:\\\/\\\/rafaramirez.org\\\/blog\\\/index.php\\\/2024\\\/10\\\/12\\\/dia-de-la-hispanidad\\\/\"},\"author\":{\"name\":\"Rafael Ram\u00edrez\",\"@id\":\"https:\\\/\\\/rafaramirez.org\\\/blog\\\/#\\\/schema\\\/person\\\/50f43b6d60c578760d4c17bda54ab6a5\"},\"headline\":\"D\u00eda de la Hispanidad: fortalecer lazos entre las naciones que compartimos una misma lengua.\",\"datePublished\":\"2024-10-12T06:15:57+00:00\",\"mainEntityOfPage\":{\"@id\":\"https:\\\/\\\/rafaramirez.org\\\/blog\\\/index.php\\\/2024\\\/10\\\/12\\\/dia-de-la-hispanidad\\\/\"},\"wordCount\":877,\"commentCount\":0,\"publisher\":{\"@id\":\"https:\\\/\\\/rafaramirez.org\\\/blog\\\/#\\\/schema\\\/person\\\/50f43b6d60c578760d4c17bda54ab6a5\"},\"image\":{\"@id\":\"https:\\\/\\\/rafaramirez.org\\\/blog\\\/index.php\\\/2024\\\/10\\\/12\\\/dia-de-la-hispanidad\\\/#primaryimage\"},\"thumbnailUrl\":\"https:\\\/\\\/rafaramirez.org\\\/blog\\\/wp-content\\\/uploads\\\/2024\\\/10\\\/Dia-de-la-Hispanidad_banner.jpg\",\"articleSection\":[\"Efem\u00e9rides\"],\"inLanguage\":\"es\",\"potentialAction\":[{\"@type\":\"CommentAction\",\"name\":\"Comment\",\"target\":[\"https:\\\/\\\/rafaramirez.org\\\/blog\\\/index.php\\\/2024\\\/10\\\/12\\\/dia-de-la-hispanidad\\\/#respond\"]}]},{\"@type\":\"WebPage\",\"@id\":\"https:\\\/\\\/rafaramirez.org\\\/blog\\\/index.php\\\/2024\\\/10\\\/12\\\/dia-de-la-hispanidad\\\/\",\"url\":\"https:\\\/\\\/rafaramirez.org\\\/blog\\\/index.php\\\/2024\\\/10\\\/12\\\/dia-de-la-hispanidad\\\/\",\"name\":\"D\u00eda de la Hispanidad: fortalecer lazos entre las naciones que compartimos una misma lengua. - Blog de Rafael Ram\u00edrez\",\"isPartOf\":{\"@id\":\"https:\\\/\\\/rafaramirez.org\\\/blog\\\/#website\"},\"primaryImageOfPage\":{\"@id\":\"https:\\\/\\\/rafaramirez.org\\\/blog\\\/index.php\\\/2024\\\/10\\\/12\\\/dia-de-la-hispanidad\\\/#primaryimage\"},\"image\":{\"@id\":\"https:\\\/\\\/rafaramirez.org\\\/blog\\\/index.php\\\/2024\\\/10\\\/12\\\/dia-de-la-hispanidad\\\/#primaryimage\"},\"thumbnailUrl\":\"https:\\\/\\\/rafaramirez.org\\\/blog\\\/wp-content\\\/uploads\\\/2024\\\/10\\\/Dia-de-la-Hispanidad_banner.jpg\",\"datePublished\":\"2024-10-12T06:15:57+00:00\",\"description\":\"El\u00a0D\u00eda de la Hispanidad o\u00a0Fiesta Nacional de Espa\u00f1a, se celebra el\u00a012 de octubre.\u00a0Conmemora el descubrimiento de Am\u00e9rica por Crist\u00f3bal Col\u00f3n.\",\"breadcrumb\":{\"@id\":\"https:\\\/\\\/rafaramirez.org\\\/blog\\\/index.php\\\/2024\\\/10\\\/12\\\/dia-de-la-hispanidad\\\/#breadcrumb\"},\"inLanguage\":\"es\",\"potentialAction\":[{\"@type\":\"ReadAction\",\"target\":[\"https:\\\/\\\/rafaramirez.org\\\/blog\\\/index.php\\\/2024\\\/10\\\/12\\\/dia-de-la-hispanidad\\\/\"]}]},{\"@type\":\"ImageObject\",\"inLanguage\":\"es\",\"@id\":\"https:\\\/\\\/rafaramirez.org\\\/blog\\\/index.php\\\/2024\\\/10\\\/12\\\/dia-de-la-hispanidad\\\/#primaryimage\",\"url\":\"https:\\\/\\\/rafaramirez.org\\\/blog\\\/wp-content\\\/uploads\\\/2024\\\/10\\\/Dia-de-la-Hispanidad_banner.jpg\",\"contentUrl\":\"https:\\\/\\\/rafaramirez.org\\\/blog\\\/wp-content\\\/uploads\\\/2024\\\/10\\\/Dia-de-la-Hispanidad_banner.jpg\",\"width\":720,\"height\":440,\"caption\":\"D\u00eda de la Hispanidad 12 de Octubre. Blog de Rafael Ram\u00edrez.\"},{\"@type\":\"BreadcrumbList\",\"@id\":\"https:\\\/\\\/rafaramirez.org\\\/blog\\\/index.php\\\/2024\\\/10\\\/12\\\/dia-de-la-hispanidad\\\/#breadcrumb\",\"itemListElement\":[{\"@type\":\"ListItem\",\"position\":1,\"name\":\"Portada\",\"item\":\"https:\\\/\\\/rafaramirez.org\\\/blog\\\/\"},{\"@type\":\"ListItem\",\"position\":2,\"name\":\"D\u00eda de la Hispanidad: fortalecer lazos entre las naciones que compartimos una misma lengua.\"}]},{\"@type\":\"WebSite\",\"@id\":\"https:\\\/\\\/rafaramirez.org\\\/blog\\\/#website\",\"url\":\"https:\\\/\\\/rafaramirez.org\\\/blog\\\/\",\"name\":\"Blog de Rafael Ram\u00edrez\",\"description\":\"Un sitio social, de arte y cultura\",\"publisher\":{\"@id\":\"https:\\\/\\\/rafaramirez.org\\\/blog\\\/#\\\/schema\\\/person\\\/50f43b6d60c578760d4c17bda54ab6a5\"},\"potentialAction\":[{\"@type\":\"SearchAction\",\"target\":{\"@type\":\"EntryPoint\",\"urlTemplate\":\"https:\\\/\\\/rafaramirez.org\\\/blog\\\/?s={search_term_string}\"},\"query-input\":{\"@type\":\"PropertyValueSpecification\",\"valueRequired\":true,\"valueName\":\"search_term_string\"}}],\"inLanguage\":\"es\"},{\"@type\":[\"Person\",\"Organization\"],\"@id\":\"https:\\\/\\\/rafaramirez.org\\\/blog\\\/#\\\/schema\\\/person\\\/50f43b6d60c578760d4c17bda54ab6a5\",\"name\":\"Rafael Ram\u00edrez\",\"image\":{\"@type\":\"ImageObject\",\"inLanguage\":\"es\",\"@id\":\"https:\\\/\\\/rafaramirez.org\\\/blog\\\/wp-content\\\/uploads\\\/2024\\\/09\\\/RR_socialnetwork.jpg\",\"url\":\"https:\\\/\\\/rafaramirez.org\\\/blog\\\/wp-content\\\/uploads\\\/2024\\\/09\\\/RR_socialnetwork.jpg\",\"contentUrl\":\"https:\\\/\\\/rafaramirez.org\\\/blog\\\/wp-content\\\/uploads\\\/2024\\\/09\\\/RR_socialnetwork.jpg\",\"width\":600,\"height\":606,\"caption\":\"Rafael Ram\u00edrez\"},\"logo\":{\"@id\":\"https:\\\/\\\/rafaramirez.org\\\/blog\\\/wp-content\\\/uploads\\\/2024\\\/09\\\/RR_socialnetwork.jpg\"},\"sameAs\":[\"https:\\\/\\\/www.rafaramirez.org\\\/blog\",\"https:\\\/\\\/www.instagram.com\\\/rafaramirez_ok\\\/\",\"https:\\\/\\\/es.pinterest.com\\\/Ramirez_Rafa\\\/\",\"https:\\\/\\\/x.com\\\/rafaramirez_ok\"],\"url\":\"https:\\\/\\\/rafaramirez.org\\\/blog\\\/index.php\\\/author\\\/rafaell_qm6j97da\\\/\"}]}<\/script>\n<!-- \/ Yoast SEO plugin. -->","yoast_head_json":{"title":"D\u00eda de la Hispanidad: fortalecer lazos entre las naciones que compartimos una misma lengua. - Blog de Rafael Ram\u00edrez","description":"El\u00a0D\u00eda de la Hispanidad o\u00a0Fiesta Nacional de Espa\u00f1a, se celebra el\u00a012 de octubre.\u00a0Conmemora el descubrimiento de Am\u00e9rica por Crist\u00f3bal Col\u00f3n.","robots":{"index":"index","follow":"follow","max-snippet":"max-snippet:-1","max-image-preview":"max-image-preview:large","max-video-preview":"max-video-preview:-1"},"canonical":"https:\/\/rafaramirez.org\/blog\/index.php\/2024\/10\/12\/dia-de-la-hispanidad\/","og_locale":"es_ES","og_type":"article","og_title":"D\u00eda de la Hispanidad: fortalecer lazos entre las naciones que compartimos una misma lengua. - Blog de Rafael Ram\u00edrez","og_description":"El\u00a0D\u00eda de la Hispanidad o\u00a0Fiesta Nacional de Espa\u00f1a, se celebra el\u00a012 de octubre.\u00a0Conmemora el descubrimiento de Am\u00e9rica por Crist\u00f3bal Col\u00f3n.","og_url":"https:\/\/rafaramirez.org\/blog\/index.php\/2024\/10\/12\/dia-de-la-hispanidad\/","og_site_name":"Blog de Rafael Ram\u00edrez","article_published_time":"2024-10-12T06:15:57+00:00","og_image":[{"width":720,"height":440,"url":"https:\/\/rafaramirez.org\/blog\/wp-content\/uploads\/2024\/10\/Dia-de-la-Hispanidad_banner.jpg","type":"image\/jpeg"}],"author":"Rafael Ram\u00edrez","twitter_card":"summary_large_image","twitter_creator":"@rafaramirez_ok","twitter_site":"@rafaramirez_ok","twitter_misc":{"Escrito por":"Rafael Ram\u00edrez","Tiempo de lectura":"4 minutos"},"schema":{"@context":"https:\/\/schema.org","@graph":[{"@type":"Article","@id":"https:\/\/rafaramirez.org\/blog\/index.php\/2024\/10\/12\/dia-de-la-hispanidad\/#article","isPartOf":{"@id":"https:\/\/rafaramirez.org\/blog\/index.php\/2024\/10\/12\/dia-de-la-hispanidad\/"},"author":{"name":"Rafael Ram\u00edrez","@id":"https:\/\/rafaramirez.org\/blog\/#\/schema\/person\/50f43b6d60c578760d4c17bda54ab6a5"},"headline":"D\u00eda de la Hispanidad: fortalecer lazos entre las naciones que compartimos una misma lengua.","datePublished":"2024-10-12T06:15:57+00:00","mainEntityOfPage":{"@id":"https:\/\/rafaramirez.org\/blog\/index.php\/2024\/10\/12\/dia-de-la-hispanidad\/"},"wordCount":877,"commentCount":0,"publisher":{"@id":"https:\/\/rafaramirez.org\/blog\/#\/schema\/person\/50f43b6d60c578760d4c17bda54ab6a5"},"image":{"@id":"https:\/\/rafaramirez.org\/blog\/index.php\/2024\/10\/12\/dia-de-la-hispanidad\/#primaryimage"},"thumbnailUrl":"https:\/\/rafaramirez.org\/blog\/wp-content\/uploads\/2024\/10\/Dia-de-la-Hispanidad_banner.jpg","articleSection":["Efem\u00e9rides"],"inLanguage":"es","potentialAction":[{"@type":"CommentAction","name":"Comment","target":["https:\/\/rafaramirez.org\/blog\/index.php\/2024\/10\/12\/dia-de-la-hispanidad\/#respond"]}]},{"@type":"WebPage","@id":"https:\/\/rafaramirez.org\/blog\/index.php\/2024\/10\/12\/dia-de-la-hispanidad\/","url":"https:\/\/rafaramirez.org\/blog\/index.php\/2024\/10\/12\/dia-de-la-hispanidad\/","name":"D\u00eda de la Hispanidad: fortalecer lazos entre las naciones que compartimos una misma lengua. - Blog de Rafael Ram\u00edrez","isPartOf":{"@id":"https:\/\/rafaramirez.org\/blog\/#website"},"primaryImageOfPage":{"@id":"https:\/\/rafaramirez.org\/blog\/index.php\/2024\/10\/12\/dia-de-la-hispanidad\/#primaryimage"},"image":{"@id":"https:\/\/rafaramirez.org\/blog\/index.php\/2024\/10\/12\/dia-de-la-hispanidad\/#primaryimage"},"thumbnailUrl":"https:\/\/rafaramirez.org\/blog\/wp-content\/uploads\/2024\/10\/Dia-de-la-Hispanidad_banner.jpg","datePublished":"2024-10-12T06:15:57+00:00","description":"El\u00a0D\u00eda de la Hispanidad o\u00a0Fiesta Nacional de Espa\u00f1a, se celebra el\u00a012 de octubre.\u00a0Conmemora el descubrimiento de Am\u00e9rica por Crist\u00f3bal Col\u00f3n.","breadcrumb":{"@id":"https:\/\/rafaramirez.org\/blog\/index.php\/2024\/10\/12\/dia-de-la-hispanidad\/#breadcrumb"},"inLanguage":"es","potentialAction":[{"@type":"ReadAction","target":["https:\/\/rafaramirez.org\/blog\/index.php\/2024\/10\/12\/dia-de-la-hispanidad\/"]}]},{"@type":"ImageObject","inLanguage":"es","@id":"https:\/\/rafaramirez.org\/blog\/index.php\/2024\/10\/12\/dia-de-la-hispanidad\/#primaryimage","url":"https:\/\/rafaramirez.org\/blog\/wp-content\/uploads\/2024\/10\/Dia-de-la-Hispanidad_banner.jpg","contentUrl":"https:\/\/rafaramirez.org\/blog\/wp-content\/uploads\/2024\/10\/Dia-de-la-Hispanidad_banner.jpg","width":720,"height":440,"caption":"D\u00eda de la Hispanidad 12 de Octubre. Blog de Rafael Ram\u00edrez."},{"@type":"BreadcrumbList","@id":"https:\/\/rafaramirez.org\/blog\/index.php\/2024\/10\/12\/dia-de-la-hispanidad\/#breadcrumb","itemListElement":[{"@type":"ListItem","position":1,"name":"Portada","item":"https:\/\/rafaramirez.org\/blog\/"},{"@type":"ListItem","position":2,"name":"D\u00eda de la Hispanidad: fortalecer lazos entre las naciones que compartimos una misma lengua."}]},{"@type":"WebSite","@id":"https:\/\/rafaramirez.org\/blog\/#website","url":"https:\/\/rafaramirez.org\/blog\/","name":"Blog de Rafael Ram\u00edrez","description":"Un sitio social, de arte y cultura","publisher":{"@id":"https:\/\/rafaramirez.org\/blog\/#\/schema\/person\/50f43b6d60c578760d4c17bda54ab6a5"},"potentialAction":[{"@type":"SearchAction","target":{"@type":"EntryPoint","urlTemplate":"https:\/\/rafaramirez.org\/blog\/?s={search_term_string}"},"query-input":{"@type":"PropertyValueSpecification","valueRequired":true,"valueName":"search_term_string"}}],"inLanguage":"es"},{"@type":["Person","Organization"],"@id":"https:\/\/rafaramirez.org\/blog\/#\/schema\/person\/50f43b6d60c578760d4c17bda54ab6a5","name":"Rafael Ram\u00edrez","image":{"@type":"ImageObject","inLanguage":"es","@id":"https:\/\/rafaramirez.org\/blog\/wp-content\/uploads\/2024\/09\/RR_socialnetwork.jpg","url":"https:\/\/rafaramirez.org\/blog\/wp-content\/uploads\/2024\/09\/RR_socialnetwork.jpg","contentUrl":"https:\/\/rafaramirez.org\/blog\/wp-content\/uploads\/2024\/09\/RR_socialnetwork.jpg","width":600,"height":606,"caption":"Rafael Ram\u00edrez"},"logo":{"@id":"https:\/\/rafaramirez.org\/blog\/wp-content\/uploads\/2024\/09\/RR_socialnetwork.jpg"},"sameAs":["https:\/\/www.rafaramirez.org\/blog","https:\/\/www.instagram.com\/rafaramirez_ok\/","https:\/\/es.pinterest.com\/Ramirez_Rafa\/","https:\/\/x.com\/rafaramirez_ok"],"url":"https:\/\/rafaramirez.org\/blog\/index.php\/author\/rafaell_qm6j97da\/"}]}},"jetpack_publicize_connections":[],"jetpack_sharing_enabled":true,"jetpack_likes_enabled":true,"jetpack_featured_media_url":"https:\/\/rafaramirez.org\/blog\/wp-content\/uploads\/2024\/10\/Dia-de-la-Hispanidad_banner.jpg","_links":{"self":[{"href":"https:\/\/rafaramirez.org\/blog\/index.php\/wp-json\/wp\/v2\/posts\/6243","targetHints":{"allow":["GET"]}}],"collection":[{"href":"https:\/\/rafaramirez.org\/blog\/index.php\/wp-json\/wp\/v2\/posts"}],"about":[{"href":"https:\/\/rafaramirez.org\/blog\/index.php\/wp-json\/wp\/v2\/types\/post"}],"author":[{"embeddable":true,"href":"https:\/\/rafaramirez.org\/blog\/index.php\/wp-json\/wp\/v2\/users\/1"}],"replies":[{"embeddable":true,"href":"https:\/\/rafaramirez.org\/blog\/index.php\/wp-json\/wp\/v2\/comments?post=6243"}],"version-history":[{"count":4,"href":"https:\/\/rafaramirez.org\/blog\/index.php\/wp-json\/wp\/v2\/posts\/6243\/revisions"}],"predecessor-version":[{"id":6250,"href":"https:\/\/rafaramirez.org\/blog\/index.php\/wp-json\/wp\/v2\/posts\/6243\/revisions\/6250"}],"wp:featuredmedia":[{"embeddable":true,"href":"https:\/\/rafaramirez.org\/blog\/index.php\/wp-json\/wp\/v2\/media\/6247"}],"wp:attachment":[{"href":"https:\/\/rafaramirez.org\/blog\/index.php\/wp-json\/wp\/v2\/media?parent=6243"}],"wp:term":[{"taxonomy":"category","embeddable":true,"href":"https:\/\/rafaramirez.org\/blog\/index.php\/wp-json\/wp\/v2\/categories?post=6243"},{"taxonomy":"post_tag","embeddable":true,"href":"https:\/\/rafaramirez.org\/blog\/index.php\/wp-json\/wp\/v2\/tags?post=6243"}],"curies":[{"name":"wp","href":"https:\/\/api.w.org\/{rel}","templated":true}]}}