{"id":6213,"date":"2024-10-10T08:15:21","date_gmt":"2024-10-10T06:15:21","guid":{"rendered":"https:\/\/rafaramirez.org\/blog\/?p=6213"},"modified":"2024-10-10T10:53:13","modified_gmt":"2024-10-10T08:53:13","slug":"dia-mundial-de-las-personas-sin-hogar","status":"publish","type":"post","link":"https:\/\/rafaramirez.org\/blog\/index.php\/2024\/10\/10\/dia-mundial-de-las-personas-sin-hogar\/","title":{"rendered":"D\u00eda Mundial de las Personas Sin Hogar: sensibilizar y concienciar para mejorar."},"content":{"rendered":"<p>El\u00a0<strong>D\u00eda Mundial de las Personas Sin Hogar<\/strong>\u00a0se conmemora cada a\u00f1o el\u00a0<strong>10 de octubre<\/strong>.\u00a0Esta fecha tiene como objetivo sensibilizar y concienciar a la poblaci\u00f3n sobre la dif\u00edcil situaci\u00f3n que enfrentan las personas sin un hogar donde vivir.<\/p>\n<p>El <strong>sinhogarismo<\/strong> es una de las formas m\u00e1s extremas de pobreza y exclusi\u00f3n social.\u00a0Seg\u00fan informes de la ONU, alrededor de\u00a0<strong>100 millones de personas<\/strong> en todo el mundo no tienen un lugar estable para vivir. De tal modo que muchas de estas personas viven en las calles de las grandes ciudades, expuestas a peligros y condiciones de vida muy precarias<span style=\"font-size: 12px;\">.<\/span><\/p>\n<p>En Espa\u00f1a, se estima que m\u00e1s de\u00a0<strong>28.000 personas<\/strong>\u00a0viven sin hogar.\u00a0Diversas organizaciones y programas, como el\u00a0<strong>Programa Housing Led<\/strong> gestionado por la <strong>Fundaci\u00f3n Atenea<\/strong> y la <strong>Asociaci\u00f3n Realidades<\/strong>, trabajan para apoyar la<strong> integraci\u00f3n social<\/strong> de estas personas mediante itinerarios personalizados que combinan medidas de alojamiento y protecci\u00f3n social.<\/p>\n<p>Pero este d\u00eda tambi\u00e9n busca promover acciones concretas que puedan marcar la diferencia, como donar ropa, alimentos o dinero a organizaciones que trabajan con personas en situaci\u00f3n de calle, ofrecer voluntariado en comedores sociales u otros centros de asistencia, y tratar a estas personas con respeto y dignidad.<\/p>\n<h3>Historia detr\u00e1s de la celebraci\u00f3n del D\u00eda Mundial de las Personas Sin Hogar.<\/h3>\n<p>Esta conmemoraci\u00f3n surgi\u00f3 de las discusiones entre <strong>trabajadores humanitarios de todo el mundo<\/strong> que estaban ayudando a personas sin hogar en sus respectivos pa\u00edses.\u00a0El objetivo principal de este d\u00eda es <strong>aumentar la conciencia<\/strong> sobre la dif\u00edcil situaci\u00f3n de las personas sin hogar y promover acciones locales en un contexto global.<\/p>\n<p>El eslogan del d\u00eda, <strong>\u201clos locales act\u00faan localmente en un d\u00eda global\u201d<\/strong>, refleja la idea de que, aunque el problema del sinhogarismo es global, las soluciones y acciones efectivas deben ser implementadas a nivel local. Este enfoque permite que las comunidades adapten sus esfuerzos a las necesidades espec\u00edficas de las personas sin hogar en su \u00e1rea.<\/p>\n<p>La celebraci\u00f3n de este d\u00eda tambi\u00e9n busca <strong>fomentar la solidaridad y la empat\u00eda<\/strong>, y as\u00ed recordarnos que todos podemos contribuir de alguna manera a mejorar la vida de quienes no tienen un hogar. Ya sea a trav\u00e9s de donaciones, voluntariado o simplemente mostrando <strong>respeto y dignidad hacia estas personas<\/strong>, a fin de cuentas cada peque\u00f1a acci\u00f3n suma.<\/p>\n<figure id=\"attachment_6220\" aria-describedby=\"caption-attachment-6220\" style=\"width: 300px\" class=\"wp-caption aligncenter\"><a href=\"https:\/\/rafaramirez.org\/blog\/wp-content\/uploads\/2024\/10\/poverty-1423343.jpg\" target=\"_blank\" rel=\"noopener\"><img loading=\"lazy\" decoding=\"async\" class=\"wp-image-6220 size-medium\" src=\"https:\/\/rafaramirez.org\/blog\/wp-content\/uploads\/2024\/10\/poverty-1423343-300x200.jpg\" alt=\"D\u00eda Mundial de las Personas sin Hogar. Blog de Rafael Ram\u00edrez.\" width=\"300\" height=\"200\" srcset=\"https:\/\/rafaramirez.org\/blog\/wp-content\/uploads\/2024\/10\/poverty-1423343-300x200.jpg 300w, https:\/\/rafaramirez.org\/blog\/wp-content\/uploads\/2024\/10\/poverty-1423343-1024x683.jpg 1024w, https:\/\/rafaramirez.org\/blog\/wp-content\/uploads\/2024\/10\/poverty-1423343-768x512.jpg 768w, https:\/\/rafaramirez.org\/blog\/wp-content\/uploads\/2024\/10\/poverty-1423343.jpg 1200w\" sizes=\"auto, (max-width: 300px) 100vw, 300px\" \/><\/a><figcaption id=\"caption-attachment-6220\" class=\"wp-caption-text\">D\u00eda Mundial de las Personas sin Hogar. Blog de Rafael Ram\u00edrez.<\/figcaption><\/figure>\n<h3>Causas del sinhogarismo.<\/h3>\n<p>El sinhogarismo es un fen\u00f3meno complejo y multifac\u00e9tico, con diversas aristas que pueden variar seg\u00fan el contexto social, econ\u00f3mico y personal. Algunas de las principales causas incluyen:<\/p>\n<ul>\n<li><strong>Problemas econ\u00f3micos<\/strong>: La <strong>falta de empleo<\/strong>, los <strong>salarios bajos<\/strong> y el aumento del <strong>coste de la vivienda<\/strong> pueden llevar a las personas a perder sus hogares.<\/li>\n<li><strong>Problemas de salud mental<\/strong>: Las <strong>enfermedades mentales<\/strong> no tratadas o mal gestionadas pueden dificultar la capacidad de una persona para mantener un empleo y una vivienda estable.<\/li>\n<li><strong>Adicciones<\/strong>: El abuso de sustancias como el <strong>alcohol<\/strong> y las <strong>drogas<\/strong> puede llevar a la p\u00e9rdida de empleo y vivienda.<\/li>\n<li><strong>Violencia dom\u00e9stica<\/strong>: A causa de esta, muchas personas, especialmente <strong>mujeres y ni\u00f1os<\/strong>, se ven obligadas a abandonar sus hogares para escapar de <strong>situaciones de abuso<\/strong>.<\/li>\n<li><strong>Desastres naturales<\/strong>: Terremotos, inundaciones y otros <strong>desastres<\/strong> pueden destruir viviendas y dejar a las personas sin hogar.<\/li>\n<li><strong>Falta de redes de apoyo<\/strong>: La ausencia de una red de <strong>apoyo familiar o comunitaria<\/strong> puede hacer que las personas no tengan a d\u00f3nde recurrir en momentos de crisis.<\/li>\n<li><strong>Pol\u00edticas p\u00fablicas inadecuadas<\/strong>: La falta de <strong>pol\u00edticas efectivas de vivienda<\/strong> y<strong> protecci\u00f3n social<\/strong> puede agravar el problema del sinhogarismo.<\/li>\n<\/ul>\n<p>Cada una de estas causas puede interactuar con las dem\u00e1s, creando un ciclo dif\u00edcil de romper. Por eso, las soluciones al sinhogarismo suelen requerir un <strong>enfoque integral<\/strong> ya que debe abordar tanto las <strong>necesidades inmediatas<\/strong> de las personas sin hogar como las <strong>causas subyacentes<\/strong> de su situaci\u00f3n.<\/p>\n<figure id=\"attachment_6221\" aria-describedby=\"caption-attachment-6221\" style=\"width: 300px\" class=\"wp-caption aligncenter\"><a href=\"https:\/\/rafaramirez.org\/blog\/wp-content\/uploads\/2024\/10\/iran-6876205.jpg\" target=\"_blank\" rel=\"noopener\"><img loading=\"lazy\" decoding=\"async\" class=\"wp-image-6221 size-medium\" src=\"https:\/\/rafaramirez.org\/blog\/wp-content\/uploads\/2024\/10\/iran-6876205-300x200.jpg\" alt=\"D\u00eda Mundial de las Personas sin Hogar. Blog de Rafael Ram\u00edrez.\" width=\"300\" height=\"200\" srcset=\"https:\/\/rafaramirez.org\/blog\/wp-content\/uploads\/2024\/10\/iran-6876205-300x200.jpg 300w, https:\/\/rafaramirez.org\/blog\/wp-content\/uploads\/2024\/10\/iran-6876205-1024x683.jpg 1024w, https:\/\/rafaramirez.org\/blog\/wp-content\/uploads\/2024\/10\/iran-6876205-768x512.jpg 768w, https:\/\/rafaramirez.org\/blog\/wp-content\/uploads\/2024\/10\/iran-6876205.jpg 1200w\" sizes=\"auto, (max-width: 300px) 100vw, 300px\" \/><\/a><figcaption id=\"caption-attachment-6221\" class=\"wp-caption-text\">D\u00eda Mundial de las Personas sin Hogar. Blog de Rafael Ram\u00edrez.<\/figcaption><\/figure>\n<h3>Organizaciones que trabajan para ayudar a personas sin hogar.<\/h3>\n<p>En <strong>Espa\u00f1a<\/strong> existen varias organizaciones que trabajan para ayudar a las personas sin hogar. Aqu\u00ed te menciono algunas de ellas:<\/p>\n<ol>\n<li><strong>Solidarios<\/strong>: Esta organizaci\u00f3n realiza recorridos por las zonas donde habitualmente se encuentran personas sin hogar, ofreciendo caf\u00e9 caliente y conversaci\u00f3n para <strong>vencer la soledad y establecer relaciones de igualdad<\/strong>. Asimismo disponen de espacios de encuentro donde fomentan la <strong>participaci\u00f3n mediante actividades culturales<\/strong>.<\/li>\n<li><strong>Fundaci\u00f3n Cruz Blanca<\/strong>: Ofrecen un <strong>programa de atenci\u00f3n a personas sin hogar<\/strong> que incluye un servicio de acercamiento con unidades m\u00f3viles y un servicio alojativo en <strong>Granada y Algeciras<\/strong>.\u00a0Su enfoque se basa en el modelo de <strong>\u201cla vivienda lo primero\u201d<\/strong>, facilitando la creaci\u00f3n de hogares personales y <strong>proporcionando apoyo integral<\/strong>.<\/li>\n<li><strong>Asociaci\u00f3n ADINTRE<\/strong>: Ubicada en <strong>M\u00e1laga, Fuengirola y Mijas<\/strong>, esta asociaci\u00f3n ofrece <strong>ayuda humanitaria<\/strong> y servicios de acogida e <strong>integraci\u00f3n social<\/strong> para personas sin hogar, mujeres maltratadas, ancianos desprotegidos, inmigrantes sin recursos y otros <strong>colectivos vulnerables<\/strong>.<\/li>\n<li><strong>Fundaci\u00f3n Cepaim<\/strong>: Trabajan decididamente en la <strong>inclusi\u00f3n social<\/strong> de personas que viven en asentamientos y ofrecen una red de viviendas solidarias para migrantes y personas en <strong>situaci\u00f3n de vulnerabilidad<\/strong> o exclusi\u00f3n residencial.<\/li>\n<\/ol>\n<p>Estas organizaciones no solo proporcionan ayuda inmediata, sino que tambi\u00e9n trabajan en la reintegraci\u00f3n social y la mejora de la calidad de vida de las personas sin hogar.<\/p>\n<p><strong>Concluyendo, el D\u00eda Mundial de las Personas Sin Hogar busca sensibilizar y promover acciones para mejorar la situaci\u00f3n de las personas sin techo en todo el mundo.<\/strong><\/p>\n<p>M\u00e1s informaci\u00f3n:<\/p>\n<ul>\n<li><a href=\"https:\/\/fundacionatenea.org\/dia-mundial-de-las-personas-sin-hogar\/\" target=\"_blank\" rel=\"noopener\">Fundaci\u00f3n Atenea<\/a>.<\/li>\n<li><a href=\"https:\/\/www.fundacioncruzblanca.org\/programa\/programa-de-atencion-personas-sin-hogar\" target=\"_blank\" rel=\"noopener\">Fundaci\u00f3n Cruz Blanca<\/a>.<\/li>\n<li><a href=\"https:\/\/www.asociacionadintre.es\/sin-techo\/\" target=\"_blank\" rel=\"noopener\">Asociaci\u00f3n Adintre<\/a>.<\/li>\n<li><a href=\"https:\/\/www.cepaim.org\/areas-actuacion\/vivienda-y-exclusion-residencial\/\" target=\"_blank\" rel=\"noopener\">Cepaim<\/a>.<\/li>\n<li><a href=\"https:\/\/rafaramirez.org\/blog\/index.php\/category\/arte\/efemerides\/\" target=\"_blank\" rel=\"noopener\">Otras efem\u00e9rides<\/a>.<\/li>\n<li><a href=\"https:\/\/rafaramirez.org\/blog\/index.php\/category\/social\/noticias-sociales\/\" target=\"_blank\" rel=\"noopener\">Otros informes sociales<\/a>.<\/li>\n<\/ul>\n","protected":false},"excerpt":{"rendered":"<p>El\u00a0D\u00eda Mundial de las Personas Sin Hogar\u00a0se conmemora cada a\u00f1o el\u00a010 de octubre.\u00a0Esta fecha tiene como objetivo sensibilizar y concienciar a la poblaci\u00f3n sobre la dif\u00edcil situaci\u00f3n que enfrentan las personas sin un hogar donde vivir. El sinhogarismo es una de las formas m\u00e1s extremas de pobreza y exclusi\u00f3n social.\u00a0Seg\u00fan informes de la ONU, alrededor [&hellip;]<\/p>\n","protected":false},"author":1,"featured_media":6219,"comment_status":"open","ping_status":"closed","sticky":false,"template":"","format":"standard","meta":{"site-container-style":"default","site-container-layout":"default","site-sidebar-layout":"default","disable-article-header":"default","disable-site-header":"default","disable-site-footer":"default","disable-content-area-spacing":"default","_jetpack_newsletter_access":"","_jetpack_dont_email_post_to_subs":false,"_jetpack_newsletter_tier_id":0,"_jetpack_memberships_contains_paywalled_content":false,"_jetpack_feature_clip_id":0,"_jetpack_memberships_contains_paid_content":false,"footnotes":"","jetpack_publicize_message":"","jetpack_publicize_feature_enabled":true,"jetpack_social_post_already_shared":true,"jetpack_social_options":{"image_generator_settings":{"template":"highway","default_image_id":0,"font":"","enabled":false},"version":2},"jetpack_post_was_ever_published":false},"categories":[1291,15],"tags":[3590,3601,3606,3593,68,3596,3595,3597,3589,1323,166,3600,3607,3592,3608,3604,3605,3517,957,276,330,3603,3602,3591,2594,3599,3598,3594],"class_list":["post-6213","post","type-post","status-publish","format-standard","has-post-thumbnail","hentry","category-efemerides","category-noticias-sociales","tag-10-de-octubre","tag-apoyo-familiar-o-comunitaria","tag-asociacion-adintre","tag-asociacion-realidades","tag-blog-de-rafael-ramirez","tag-centros-de-asistencia","tag-comedores-populares","tag-comedores-sociales","tag-dia-mundial-de-las-personas-sin-hogar","tag-efemerides","tag-espana","tag-fomentar-la-solidaridad-y-la-empatia","tag-fuengirola-y-mijas","tag-fundacion-atenea","tag-fundacion-cepaim","tag-fundacion-cruz-blanca","tag-granada-y-algeciras","tag-informe-social","tag-labor-social","tag-malaga","tag-noticias-sociales","tag-organizacion-solidarios","tag-politicas-efectivas-de-vivienda","tag-programa-housing-led","tag-proteccion-social","tag-sinhogarismo","tag-trabajadores-humanitarios","tag-voluntariado"],"yoast_head":"<!-- This site is optimized with the Yoast SEO plugin v28.3 - https:\/\/yoast.com\/product\/yoast-seo-wordpress\/ -->\n<title>D\u00eda Mundial de las Personas Sin Hogar: sensibilizar y concienciar para mejorar. - Blog de Rafael Ram\u00edrez<\/title>\n<meta name=\"description\" content=\"El\u00a0D\u00eda Mundial de las Personas Sin Hogar\u00a0se conmemora cada a\u00f1o el\u00a010 de octubre.\u00a0Esta fecha tiene como objetivo sensibilizar y concienciar.\" \/>\n<meta name=\"robots\" content=\"index, follow, max-snippet:-1, max-image-preview:large, max-video-preview:-1\" \/>\n<link rel=\"canonical\" href=\"https:\/\/rafaramirez.org\/blog\/index.php\/2024\/10\/10\/dia-mundial-de-las-personas-sin-hogar\/\" \/>\n<meta property=\"og:locale\" content=\"es_ES\" \/>\n<meta property=\"og:type\" content=\"article\" \/>\n<meta property=\"og:title\" content=\"D\u00eda Mundial de las Personas Sin Hogar: sensibilizar y concienciar para mejorar. - Blog de Rafael Ram\u00edrez\" \/>\n<meta property=\"og:description\" content=\"El\u00a0D\u00eda Mundial de las Personas Sin Hogar\u00a0se conmemora cada a\u00f1o el\u00a010 de octubre.\u00a0Esta fecha tiene como objetivo sensibilizar y concienciar.\" \/>\n<meta property=\"og:url\" content=\"https:\/\/rafaramirez.org\/blog\/index.php\/2024\/10\/10\/dia-mundial-de-las-personas-sin-hogar\/\" \/>\n<meta property=\"og:site_name\" content=\"Blog de Rafael Ram\u00edrez\" \/>\n<meta property=\"article:published_time\" content=\"2024-10-10T06:15:21+00:00\" \/>\n<meta property=\"article:modified_time\" content=\"2024-10-10T08:53:13+00:00\" \/>\n<meta property=\"og:image\" content=\"https:\/\/rafaramirez.org\/blog\/wp-content\/uploads\/2024\/10\/Dia-Mundial-de-las-Personas-Sin-Hogar_banner.jpg\" \/>\n\t<meta property=\"og:image:width\" content=\"720\" \/>\n\t<meta property=\"og:image:height\" content=\"440\" \/>\n\t<meta property=\"og:image:type\" content=\"image\/jpeg\" \/>\n<meta name=\"author\" content=\"Rafael Ram\u00edrez\" \/>\n<meta name=\"twitter:card\" content=\"summary_large_image\" \/>\n<meta name=\"twitter:creator\" content=\"@rafaramirez_ok\" \/>\n<meta name=\"twitter:site\" content=\"@rafaramirez_ok\" \/>\n<meta name=\"twitter:label1\" content=\"Escrito por\" \/>\n\t<meta name=\"twitter:data1\" content=\"Rafael Ram\u00edrez\" \/>\n\t<meta name=\"twitter:label2\" content=\"Tiempo de lectura\" \/>\n\t<meta name=\"twitter:data2\" content=\"5 minutos\" \/>\n<script type=\"application\/ld+json\" class=\"yoast-schema-graph\">{\"@context\":\"https:\\\/\\\/schema.org\",\"@graph\":[{\"@type\":\"Article\",\"@id\":\"https:\\\/\\\/rafaramirez.org\\\/blog\\\/index.php\\\/2024\\\/10\\\/10\\\/dia-mundial-de-las-personas-sin-hogar\\\/#article\",\"isPartOf\":{\"@id\":\"https:\\\/\\\/rafaramirez.org\\\/blog\\\/index.php\\\/2024\\\/10\\\/10\\\/dia-mundial-de-las-personas-sin-hogar\\\/\"},\"author\":{\"name\":\"Rafael Ram\u00edrez\",\"@id\":\"https:\\\/\\\/rafaramirez.org\\\/blog\\\/#\\\/schema\\\/person\\\/50f43b6d60c578760d4c17bda54ab6a5\"},\"headline\":\"D\u00eda Mundial de las Personas Sin Hogar: sensibilizar y concienciar para mejorar.\",\"datePublished\":\"2024-10-10T06:15:21+00:00\",\"dateModified\":\"2024-10-10T08:53:13+00:00\",\"mainEntityOfPage\":{\"@id\":\"https:\\\/\\\/rafaramirez.org\\\/blog\\\/index.php\\\/2024\\\/10\\\/10\\\/dia-mundial-de-las-personas-sin-hogar\\\/\"},\"wordCount\":1003,\"commentCount\":0,\"publisher\":{\"@id\":\"https:\\\/\\\/rafaramirez.org\\\/blog\\\/#\\\/schema\\\/person\\\/50f43b6d60c578760d4c17bda54ab6a5\"},\"image\":{\"@id\":\"https:\\\/\\\/rafaramirez.org\\\/blog\\\/index.php\\\/2024\\\/10\\\/10\\\/dia-mundial-de-las-personas-sin-hogar\\\/#primaryimage\"},\"thumbnailUrl\":\"https:\\\/\\\/rafaramirez.org\\\/blog\\\/wp-content\\\/uploads\\\/2024\\\/10\\\/Dia-Mundial-de-las-Personas-Sin-Hogar_banner.jpg\",\"keywords\":[\"10 de octubre\",\"apoyo familiar o comunitaria\",\"Asociaci\u00f3n ADINTRE\",\"Asociaci\u00f3n Realidades\",\"blog de Rafael Ram\u00edrez\",\"centros de asistencia\",\"comedores populares\",\"comedores sociales\",\"D\u00eda Mundial de las Personas sin Hogar\",\"efem\u00e9rides\",\"espa\u00f1a\",\"fomentar la solidaridad y la empat\u00eda\",\"Fuengirola y Mijas\",\"Fundaci\u00f3n Atenea\",\"Fundaci\u00f3n Cepaim\",\"Fundaci\u00f3n Cruz Blanca\",\"Granada y Algeciras\",\"informe social\",\"labor social\",\"M\u00e1laga\",\"noticias sociales\",\"Organizaci\u00f3n Solidarios\",\"pol\u00edticas efectivas de vivienda\",\"Programa Housing Led\",\"protecci\u00f3n social\",\"sinhogarismo\",\"trabajadores humanitarios\",\"voluntariado\"],\"articleSection\":[\"Efem\u00e9rides\",\"Informe social\"],\"inLanguage\":\"es\",\"potentialAction\":[{\"@type\":\"CommentAction\",\"name\":\"Comment\",\"target\":[\"https:\\\/\\\/rafaramirez.org\\\/blog\\\/index.php\\\/2024\\\/10\\\/10\\\/dia-mundial-de-las-personas-sin-hogar\\\/#respond\"]}]},{\"@type\":\"WebPage\",\"@id\":\"https:\\\/\\\/rafaramirez.org\\\/blog\\\/index.php\\\/2024\\\/10\\\/10\\\/dia-mundial-de-las-personas-sin-hogar\\\/\",\"url\":\"https:\\\/\\\/rafaramirez.org\\\/blog\\\/index.php\\\/2024\\\/10\\\/10\\\/dia-mundial-de-las-personas-sin-hogar\\\/\",\"name\":\"D\u00eda Mundial de las Personas Sin Hogar: sensibilizar y concienciar para mejorar. - Blog de Rafael Ram\u00edrez\",\"isPartOf\":{\"@id\":\"https:\\\/\\\/rafaramirez.org\\\/blog\\\/#website\"},\"primaryImageOfPage\":{\"@id\":\"https:\\\/\\\/rafaramirez.org\\\/blog\\\/index.php\\\/2024\\\/10\\\/10\\\/dia-mundial-de-las-personas-sin-hogar\\\/#primaryimage\"},\"image\":{\"@id\":\"https:\\\/\\\/rafaramirez.org\\\/blog\\\/index.php\\\/2024\\\/10\\\/10\\\/dia-mundial-de-las-personas-sin-hogar\\\/#primaryimage\"},\"thumbnailUrl\":\"https:\\\/\\\/rafaramirez.org\\\/blog\\\/wp-content\\\/uploads\\\/2024\\\/10\\\/Dia-Mundial-de-las-Personas-Sin-Hogar_banner.jpg\",\"datePublished\":\"2024-10-10T06:15:21+00:00\",\"dateModified\":\"2024-10-10T08:53:13+00:00\",\"description\":\"El\u00a0D\u00eda Mundial de las Personas Sin Hogar\u00a0se conmemora cada a\u00f1o el\u00a010 de octubre.\u00a0Esta fecha tiene como objetivo sensibilizar y concienciar.\",\"breadcrumb\":{\"@id\":\"https:\\\/\\\/rafaramirez.org\\\/blog\\\/index.php\\\/2024\\\/10\\\/10\\\/dia-mundial-de-las-personas-sin-hogar\\\/#breadcrumb\"},\"inLanguage\":\"es\",\"potentialAction\":[{\"@type\":\"ReadAction\",\"target\":[\"https:\\\/\\\/rafaramirez.org\\\/blog\\\/index.php\\\/2024\\\/10\\\/10\\\/dia-mundial-de-las-personas-sin-hogar\\\/\"]}]},{\"@type\":\"ImageObject\",\"inLanguage\":\"es\",\"@id\":\"https:\\\/\\\/rafaramirez.org\\\/blog\\\/index.php\\\/2024\\\/10\\\/10\\\/dia-mundial-de-las-personas-sin-hogar\\\/#primaryimage\",\"url\":\"https:\\\/\\\/rafaramirez.org\\\/blog\\\/wp-content\\\/uploads\\\/2024\\\/10\\\/Dia-Mundial-de-las-Personas-Sin-Hogar_banner.jpg\",\"contentUrl\":\"https:\\\/\\\/rafaramirez.org\\\/blog\\\/wp-content\\\/uploads\\\/2024\\\/10\\\/Dia-Mundial-de-las-Personas-Sin-Hogar_banner.jpg\",\"width\":720,\"height\":440,\"caption\":\"D\u00eda Mundial de las Personas sin Hogar. Blog de Rafael Ram\u00edrez.\"},{\"@type\":\"BreadcrumbList\",\"@id\":\"https:\\\/\\\/rafaramirez.org\\\/blog\\\/index.php\\\/2024\\\/10\\\/10\\\/dia-mundial-de-las-personas-sin-hogar\\\/#breadcrumb\",\"itemListElement\":[{\"@type\":\"ListItem\",\"position\":1,\"name\":\"Portada\",\"item\":\"https:\\\/\\\/rafaramirez.org\\\/blog\\\/\"},{\"@type\":\"ListItem\",\"position\":2,\"name\":\"D\u00eda Mundial de las Personas Sin Hogar: sensibilizar y concienciar para mejorar.\"}]},{\"@type\":\"WebSite\",\"@id\":\"https:\\\/\\\/rafaramirez.org\\\/blog\\\/#website\",\"url\":\"https:\\\/\\\/rafaramirez.org\\\/blog\\\/\",\"name\":\"Blog de Rafael Ram\u00edrez\",\"description\":\"Un sitio social, de arte y cultura\",\"publisher\":{\"@id\":\"https:\\\/\\\/rafaramirez.org\\\/blog\\\/#\\\/schema\\\/person\\\/50f43b6d60c578760d4c17bda54ab6a5\"},\"potentialAction\":[{\"@type\":\"SearchAction\",\"target\":{\"@type\":\"EntryPoint\",\"urlTemplate\":\"https:\\\/\\\/rafaramirez.org\\\/blog\\\/?s={search_term_string}\"},\"query-input\":{\"@type\":\"PropertyValueSpecification\",\"valueRequired\":true,\"valueName\":\"search_term_string\"}}],\"inLanguage\":\"es\"},{\"@type\":[\"Person\",\"Organization\"],\"@id\":\"https:\\\/\\\/rafaramirez.org\\\/blog\\\/#\\\/schema\\\/person\\\/50f43b6d60c578760d4c17bda54ab6a5\",\"name\":\"Rafael Ram\u00edrez\",\"image\":{\"@type\":\"ImageObject\",\"inLanguage\":\"es\",\"@id\":\"https:\\\/\\\/rafaramirez.org\\\/blog\\\/wp-content\\\/uploads\\\/2024\\\/09\\\/RR_socialnetwork.jpg\",\"url\":\"https:\\\/\\\/rafaramirez.org\\\/blog\\\/wp-content\\\/uploads\\\/2024\\\/09\\\/RR_socialnetwork.jpg\",\"contentUrl\":\"https:\\\/\\\/rafaramirez.org\\\/blog\\\/wp-content\\\/uploads\\\/2024\\\/09\\\/RR_socialnetwork.jpg\",\"width\":600,\"height\":606,\"caption\":\"Rafael Ram\u00edrez\"},\"logo\":{\"@id\":\"https:\\\/\\\/rafaramirez.org\\\/blog\\\/wp-content\\\/uploads\\\/2024\\\/09\\\/RR_socialnetwork.jpg\"},\"sameAs\":[\"https:\\\/\\\/www.rafaramirez.org\\\/blog\",\"https:\\\/\\\/www.instagram.com\\\/rafaramirez_ok\\\/\",\"https:\\\/\\\/es.pinterest.com\\\/Ramirez_Rafa\\\/\",\"https:\\\/\\\/x.com\\\/rafaramirez_ok\"],\"url\":\"https:\\\/\\\/rafaramirez.org\\\/blog\\\/index.php\\\/author\\\/rafaell_qm6j97da\\\/\"}]}<\/script>\n<!-- \/ Yoast SEO plugin. -->","yoast_head_json":{"title":"D\u00eda Mundial de las Personas Sin Hogar: sensibilizar y concienciar para mejorar. - Blog de Rafael Ram\u00edrez","description":"El\u00a0D\u00eda Mundial de las Personas Sin Hogar\u00a0se conmemora cada a\u00f1o el\u00a010 de octubre.\u00a0Esta fecha tiene como objetivo sensibilizar y concienciar.","robots":{"index":"index","follow":"follow","max-snippet":"max-snippet:-1","max-image-preview":"max-image-preview:large","max-video-preview":"max-video-preview:-1"},"canonical":"https:\/\/rafaramirez.org\/blog\/index.php\/2024\/10\/10\/dia-mundial-de-las-personas-sin-hogar\/","og_locale":"es_ES","og_type":"article","og_title":"D\u00eda Mundial de las Personas Sin Hogar: sensibilizar y concienciar para mejorar. - Blog de Rafael Ram\u00edrez","og_description":"El\u00a0D\u00eda Mundial de las Personas Sin Hogar\u00a0se conmemora cada a\u00f1o el\u00a010 de octubre.\u00a0Esta fecha tiene como objetivo sensibilizar y concienciar.","og_url":"https:\/\/rafaramirez.org\/blog\/index.php\/2024\/10\/10\/dia-mundial-de-las-personas-sin-hogar\/","og_site_name":"Blog de Rafael Ram\u00edrez","article_published_time":"2024-10-10T06:15:21+00:00","article_modified_time":"2024-10-10T08:53:13+00:00","og_image":[{"width":720,"height":440,"url":"https:\/\/rafaramirez.org\/blog\/wp-content\/uploads\/2024\/10\/Dia-Mundial-de-las-Personas-Sin-Hogar_banner.jpg","type":"image\/jpeg"}],"author":"Rafael Ram\u00edrez","twitter_card":"summary_large_image","twitter_creator":"@rafaramirez_ok","twitter_site":"@rafaramirez_ok","twitter_misc":{"Escrito por":"Rafael Ram\u00edrez","Tiempo de lectura":"5 minutos"},"schema":{"@context":"https:\/\/schema.org","@graph":[{"@type":"Article","@id":"https:\/\/rafaramirez.org\/blog\/index.php\/2024\/10\/10\/dia-mundial-de-las-personas-sin-hogar\/#article","isPartOf":{"@id":"https:\/\/rafaramirez.org\/blog\/index.php\/2024\/10\/10\/dia-mundial-de-las-personas-sin-hogar\/"},"author":{"name":"Rafael Ram\u00edrez","@id":"https:\/\/rafaramirez.org\/blog\/#\/schema\/person\/50f43b6d60c578760d4c17bda54ab6a5"},"headline":"D\u00eda Mundial de las Personas Sin Hogar: sensibilizar y concienciar para mejorar.","datePublished":"2024-10-10T06:15:21+00:00","dateModified":"2024-10-10T08:53:13+00:00","mainEntityOfPage":{"@id":"https:\/\/rafaramirez.org\/blog\/index.php\/2024\/10\/10\/dia-mundial-de-las-personas-sin-hogar\/"},"wordCount":1003,"commentCount":0,"publisher":{"@id":"https:\/\/rafaramirez.org\/blog\/#\/schema\/person\/50f43b6d60c578760d4c17bda54ab6a5"},"image":{"@id":"https:\/\/rafaramirez.org\/blog\/index.php\/2024\/10\/10\/dia-mundial-de-las-personas-sin-hogar\/#primaryimage"},"thumbnailUrl":"https:\/\/rafaramirez.org\/blog\/wp-content\/uploads\/2024\/10\/Dia-Mundial-de-las-Personas-Sin-Hogar_banner.jpg","keywords":["10 de octubre","apoyo familiar o comunitaria","Asociaci\u00f3n ADINTRE","Asociaci\u00f3n Realidades","blog de Rafael Ram\u00edrez","centros de asistencia","comedores populares","comedores sociales","D\u00eda Mundial de las Personas sin Hogar","efem\u00e9rides","espa\u00f1a","fomentar la solidaridad y la empat\u00eda","Fuengirola y Mijas","Fundaci\u00f3n Atenea","Fundaci\u00f3n Cepaim","Fundaci\u00f3n Cruz Blanca","Granada y Algeciras","informe social","labor social","M\u00e1laga","noticias sociales","Organizaci\u00f3n Solidarios","pol\u00edticas efectivas de vivienda","Programa Housing Led","protecci\u00f3n social","sinhogarismo","trabajadores humanitarios","voluntariado"],"articleSection":["Efem\u00e9rides","Informe social"],"inLanguage":"es","potentialAction":[{"@type":"CommentAction","name":"Comment","target":["https:\/\/rafaramirez.org\/blog\/index.php\/2024\/10\/10\/dia-mundial-de-las-personas-sin-hogar\/#respond"]}]},{"@type":"WebPage","@id":"https:\/\/rafaramirez.org\/blog\/index.php\/2024\/10\/10\/dia-mundial-de-las-personas-sin-hogar\/","url":"https:\/\/rafaramirez.org\/blog\/index.php\/2024\/10\/10\/dia-mundial-de-las-personas-sin-hogar\/","name":"D\u00eda Mundial de las Personas Sin Hogar: sensibilizar y concienciar para mejorar. - Blog de Rafael Ram\u00edrez","isPartOf":{"@id":"https:\/\/rafaramirez.org\/blog\/#website"},"primaryImageOfPage":{"@id":"https:\/\/rafaramirez.org\/blog\/index.php\/2024\/10\/10\/dia-mundial-de-las-personas-sin-hogar\/#primaryimage"},"image":{"@id":"https:\/\/rafaramirez.org\/blog\/index.php\/2024\/10\/10\/dia-mundial-de-las-personas-sin-hogar\/#primaryimage"},"thumbnailUrl":"https:\/\/rafaramirez.org\/blog\/wp-content\/uploads\/2024\/10\/Dia-Mundial-de-las-Personas-Sin-Hogar_banner.jpg","datePublished":"2024-10-10T06:15:21+00:00","dateModified":"2024-10-10T08:53:13+00:00","description":"El\u00a0D\u00eda Mundial de las Personas Sin Hogar\u00a0se conmemora cada a\u00f1o el\u00a010 de octubre.\u00a0Esta fecha tiene como objetivo sensibilizar y concienciar.","breadcrumb":{"@id":"https:\/\/rafaramirez.org\/blog\/index.php\/2024\/10\/10\/dia-mundial-de-las-personas-sin-hogar\/#breadcrumb"},"inLanguage":"es","potentialAction":[{"@type":"ReadAction","target":["https:\/\/rafaramirez.org\/blog\/index.php\/2024\/10\/10\/dia-mundial-de-las-personas-sin-hogar\/"]}]},{"@type":"ImageObject","inLanguage":"es","@id":"https:\/\/rafaramirez.org\/blog\/index.php\/2024\/10\/10\/dia-mundial-de-las-personas-sin-hogar\/#primaryimage","url":"https:\/\/rafaramirez.org\/blog\/wp-content\/uploads\/2024\/10\/Dia-Mundial-de-las-Personas-Sin-Hogar_banner.jpg","contentUrl":"https:\/\/rafaramirez.org\/blog\/wp-content\/uploads\/2024\/10\/Dia-Mundial-de-las-Personas-Sin-Hogar_banner.jpg","width":720,"height":440,"caption":"D\u00eda Mundial de las Personas sin Hogar. Blog de Rafael Ram\u00edrez."},{"@type":"BreadcrumbList","@id":"https:\/\/rafaramirez.org\/blog\/index.php\/2024\/10\/10\/dia-mundial-de-las-personas-sin-hogar\/#breadcrumb","itemListElement":[{"@type":"ListItem","position":1,"name":"Portada","item":"https:\/\/rafaramirez.org\/blog\/"},{"@type":"ListItem","position":2,"name":"D\u00eda Mundial de las Personas Sin Hogar: sensibilizar y concienciar para mejorar."}]},{"@type":"WebSite","@id":"https:\/\/rafaramirez.org\/blog\/#website","url":"https:\/\/rafaramirez.org\/blog\/","name":"Blog de Rafael Ram\u00edrez","description":"Un sitio social, de arte y cultura","publisher":{"@id":"https:\/\/rafaramirez.org\/blog\/#\/schema\/person\/50f43b6d60c578760d4c17bda54ab6a5"},"potentialAction":[{"@type":"SearchAction","target":{"@type":"EntryPoint","urlTemplate":"https:\/\/rafaramirez.org\/blog\/?s={search_term_string}"},"query-input":{"@type":"PropertyValueSpecification","valueRequired":true,"valueName":"search_term_string"}}],"inLanguage":"es"},{"@type":["Person","Organization"],"@id":"https:\/\/rafaramirez.org\/blog\/#\/schema\/person\/50f43b6d60c578760d4c17bda54ab6a5","name":"Rafael Ram\u00edrez","image":{"@type":"ImageObject","inLanguage":"es","@id":"https:\/\/rafaramirez.org\/blog\/wp-content\/uploads\/2024\/09\/RR_socialnetwork.jpg","url":"https:\/\/rafaramirez.org\/blog\/wp-content\/uploads\/2024\/09\/RR_socialnetwork.jpg","contentUrl":"https:\/\/rafaramirez.org\/blog\/wp-content\/uploads\/2024\/09\/RR_socialnetwork.jpg","width":600,"height":606,"caption":"Rafael Ram\u00edrez"},"logo":{"@id":"https:\/\/rafaramirez.org\/blog\/wp-content\/uploads\/2024\/09\/RR_socialnetwork.jpg"},"sameAs":["https:\/\/www.rafaramirez.org\/blog","https:\/\/www.instagram.com\/rafaramirez_ok\/","https:\/\/es.pinterest.com\/Ramirez_Rafa\/","https:\/\/x.com\/rafaramirez_ok"],"url":"https:\/\/rafaramirez.org\/blog\/index.php\/author\/rafaell_qm6j97da\/"}]}},"jetpack_publicize_connections":[],"jetpack_sharing_enabled":true,"jetpack_likes_enabled":true,"jetpack_featured_media_url":"https:\/\/rafaramirez.org\/blog\/wp-content\/uploads\/2024\/10\/Dia-Mundial-de-las-Personas-Sin-Hogar_banner.jpg","_links":{"self":[{"href":"https:\/\/rafaramirez.org\/blog\/index.php\/wp-json\/wp\/v2\/posts\/6213","targetHints":{"allow":["GET"]}}],"collection":[{"href":"https:\/\/rafaramirez.org\/blog\/index.php\/wp-json\/wp\/v2\/posts"}],"about":[{"href":"https:\/\/rafaramirez.org\/blog\/index.php\/wp-json\/wp\/v2\/types\/post"}],"author":[{"embeddable":true,"href":"https:\/\/rafaramirez.org\/blog\/index.php\/wp-json\/wp\/v2\/users\/1"}],"replies":[{"embeddable":true,"href":"https:\/\/rafaramirez.org\/blog\/index.php\/wp-json\/wp\/v2\/comments?post=6213"}],"version-history":[{"count":17,"href":"https:\/\/rafaramirez.org\/blog\/index.php\/wp-json\/wp\/v2\/posts\/6213\/revisions"}],"predecessor-version":[{"id":6394,"href":"https:\/\/rafaramirez.org\/blog\/index.php\/wp-json\/wp\/v2\/posts\/6213\/revisions\/6394"}],"wp:featuredmedia":[{"embeddable":true,"href":"https:\/\/rafaramirez.org\/blog\/index.php\/wp-json\/wp\/v2\/media\/6219"}],"wp:attachment":[{"href":"https:\/\/rafaramirez.org\/blog\/index.php\/wp-json\/wp\/v2\/media?parent=6213"}],"wp:term":[{"taxonomy":"category","embeddable":true,"href":"https:\/\/rafaramirez.org\/blog\/index.php\/wp-json\/wp\/v2\/categories?post=6213"},{"taxonomy":"post_tag","embeddable":true,"href":"https:\/\/rafaramirez.org\/blog\/index.php\/wp-json\/wp\/v2\/tags?post=6213"}],"curies":[{"name":"wp","href":"https:\/\/api.w.org\/{rel}","templated":true}]}}