{"id":6085,"date":"2024-10-04T08:15:55","date_gmt":"2024-10-04T06:15:55","guid":{"rendered":"https:\/\/rafaramirez.org\/blog\/?p=6085"},"modified":"2024-10-04T11:39:25","modified_gmt":"2024-10-04T09:39:25","slug":"dia-mundial-de-la-sonrisa","status":"publish","type":"post","link":"https:\/\/rafaramirez.org\/blog\/index.php\/2024\/10\/04\/dia-mundial-de-la-sonrisa\/","title":{"rendered":"D\u00eda Mundial de la Sonrisa: promoviendo la alegr\u00eda y las buenas acciones en todo el mundo."},"content":{"rendered":"<p>El\u00a0<strong>D\u00eda Mundial de la Sonrisa<\/strong>\u00a0se celebra cada a\u00f1o el <strong>primer viernes de octubre<\/strong>.\u00a0Esta festividad fue creada en 1999 por <strong>Harvey Ball<\/strong>, el artista comercial que dise\u00f1\u00f3 la famosa <strong>\u201cSmiley Face\u201d<\/strong> o <strong>\u00abCarita Feliz\u00bb<\/strong>.\u00a0La idea detr\u00e1s de este d\u00eda es promover la alegr\u00eda y las buenas acciones en todo el mundo, fomentando que, al menos por un d\u00eda, seamos amables y tratemos de hacer sonre\u00edr a los dem\u00e1s.<\/p>\n<p>Despu\u00e9s del fallecimiento de Harvey Ball en 2001, se cre\u00f3 la\u00a0<strong>Harvey Ball World Smile Foundation<\/strong>\u00a0en su honor.\u00a0Esta fundaci\u00f3n contin\u00faa promoviendo el D\u00eda Mundial de la Sonrisa y recauda fondos para obras de caridad.<\/p>\n<h3>Origen de la carita feliz.<\/h3>\n<p>Como os he contado antes, la ic\u00f3nica <strong>carita feliz<\/strong> fue creada por el dise\u00f1ador gr\u00e1fico Harvey Ball <strong>en 1963, <\/strong>en Worcester, Massachusetts, <strong>Estados Unidos<\/strong>. Ball recibi\u00f3 el encargo de la compa\u00f1\u00eda de seguros <strong>State Mutual Life Assurance Company<\/strong> para dise\u00f1ar una imagen que levantara el \u00e1nimo de sus empleados.\u00a0En solo 10 minutos, dibuj\u00f3 una cara sonriente sobre un fondo amarillo brillante, eligiendo este color porque era \u00absoleado y brillante\u00bb.<\/p>\n<p>Inicialmente, la carita feliz se utiliz\u00f3 en botones y carteles dentro de la empresa, pero r\u00e1pidamente gan\u00f3 popularidad y comenz\u00f3 a aparecer en una variedad de productos, desde tarjetas de felicitaci\u00f3n hasta camisetas. Aunque Ball nunca registr\u00f3 su dise\u00f1o, la carita feliz se convirti\u00f3 en un <strong>s\u00edmbolo universal de alegr\u00eda y optimismo<\/strong>.<\/p>\n<figure id=\"attachment_6091\" aria-describedby=\"caption-attachment-6091\" style=\"width: 273px\" class=\"wp-caption aligncenter\"><a href=\"https:\/\/rafaramirez.org\/blog\/wp-content\/uploads\/2024\/10\/smiley_harveyball.jpg\" target=\"_blank\" rel=\"noopener\"><img loading=\"lazy\" decoding=\"async\" class=\"wp-image-6091 size-medium\" src=\"https:\/\/rafaramirez.org\/blog\/wp-content\/uploads\/2024\/10\/smiley_harveyball-273x300.jpg\" alt=\"Harvey Ball. D\u00eda Mundial de la Sonrisa. Blog de Rafael Ram\u00edrez.\" width=\"273\" height=\"300\" srcset=\"https:\/\/rafaramirez.org\/blog\/wp-content\/uploads\/2024\/10\/smiley_harveyball-273x300.jpg 273w, https:\/\/rafaramirez.org\/blog\/wp-content\/uploads\/2024\/10\/smiley_harveyball.jpg 364w\" sizes=\"auto, (max-width: 273px) 100vw, 273px\" \/><\/a><figcaption id=\"caption-attachment-6091\" class=\"wp-caption-text\">Harvey Ball. D\u00eda Mundial de la Sonrisa. Blog de Rafael Ram\u00edrez.<\/figcaption><\/figure>\n<h3>Utilizaci\u00f3n de la carita feliz a lo largo de los a\u00f1os.<\/h3>\n<p>La\u00a0<strong>carita feliz<\/strong> ha tenido una evoluci\u00f3n fascinante desde su creaci\u00f3n. Aqu\u00ed te cuento algunos de los usos m\u00e1s destacados a lo largo de estos a\u00f1os:<\/p>\n<ul>\n<li><strong>Merchandising<\/strong>: Desde los a\u00f1os 70, la carita feliz se ha <strong>utilizado en una amplia gama de productos<\/strong>, como camisetas, tazas, pegatinas y botones.\u00a0Se convirti\u00f3 en un <strong>s\u00edmbolo de la cultura pop<\/strong> y un \u00edcono de optimismo.<\/li>\n<li><strong>Publicidad y Marketing<\/strong>: Muchas empresas han adoptado la carita feliz en sus campa\u00f1as publicitarias para transmitir mensajes positivos y amigables.\u00a0Por ejemplo, en los a\u00f1os 70, los <strong>hermanos Bernard y Murray Spain<\/strong> popularizaron el lema <strong>\u201cHave a Happy Day\u201d<\/strong> junto con la carita feliz, vendiendo millones de botones y otros productos.<\/li>\n<li><strong>Emojis<\/strong>: Con la llegada de la era digital, la carita feliz se transform\u00f3 en <strong>uno de los primeros emojis<\/strong>.\u00a0Hoy en d\u00eda, los emojis de caritas sonrientes son omnipresentes en la comunicaci\u00f3n digital, ayudando a expresar emociones de manera r\u00e1pida y efectiva.<\/li>\n<li><strong>Arte y Cultura<\/strong>: La carita feliz ha sido reinterpretada por numerosos artistas y <strong>ha aparecido en obras de arte, pel\u00edculas y m\u00fasica<\/strong>.\u00a0Es un s\u00edmbolo que ha trascendido generaciones y sigue siendo relevante en la cultura contempor\u00e1nea.<\/li>\n<li><strong>Movimientos Sociales<\/strong>: La carita feliz tambi\u00e9n ha sido <strong>utilizada en movimientos sociales y campa\u00f1as de bienestar<\/strong> para promover la felicidad y el bienestar mental.\u00a0Por ejemplo, el D\u00eda Mundial de la Sonrisa utiliza este s\u00edmbolo para fomentar actos de bondad y alegr\u00eda.<\/li>\n<\/ul>\n<figure id=\"attachment_6092\" aria-describedby=\"caption-attachment-6092\" style=\"width: 300px\" class=\"wp-caption aligncenter\"><a href=\"https:\/\/rafaramirez.org\/blog\/wp-content\/uploads\/2024\/10\/ball-1845546_rz.jpg\" target=\"_blank\" rel=\"noopener\"><img loading=\"lazy\" decoding=\"async\" class=\"wp-image-6092 size-medium\" src=\"https:\/\/rafaramirez.org\/blog\/wp-content\/uploads\/2024\/10\/ball-1845546_rz-300x200.jpg\" alt=\"D\u00eda Mundial de la Sonrisa. Blog de Rafael Ram\u00edrez.\" width=\"300\" height=\"200\" srcset=\"https:\/\/rafaramirez.org\/blog\/wp-content\/uploads\/2024\/10\/ball-1845546_rz-300x200.jpg 300w, https:\/\/rafaramirez.org\/blog\/wp-content\/uploads\/2024\/10\/ball-1845546_rz-1024x683.jpg 1024w, https:\/\/rafaramirez.org\/blog\/wp-content\/uploads\/2024\/10\/ball-1845546_rz-768x512.jpg 768w, https:\/\/rafaramirez.org\/blog\/wp-content\/uploads\/2024\/10\/ball-1845546_rz-1536x1024.jpg 1536w, https:\/\/rafaramirez.org\/blog\/wp-content\/uploads\/2024\/10\/ball-1845546_rz.jpg 1900w\" sizes=\"auto, (max-width: 300px) 100vw, 300px\" \/><\/a><figcaption id=\"caption-attachment-6092\" class=\"wp-caption-text\">D\u00eda Mundial de la Sonrisa. Blog de Rafael Ram\u00edrez.<\/figcaption><\/figure>\n<h3>C\u00f3mo celebrar este D\u00eda Mundial de la Sonrisa.<\/h3>\n<p>\u00a1Celebrar el D\u00eda Mundial de la Sonrisa puede ser muy divertido y gratificante! Aqu\u00ed tienes algunas ideas para hacerlo:<\/p>\n<ul>\n<li><strong>Realiza Actos de Bondad<\/strong>: Haz algo amable por alguien, ya sea un amigo, un familiar o un desconocido. Puede ser tan simple como dar un cumplido, ayudar con una tarea o en la medida de tus posibilidades, donar a una causa ben\u00e9fica.<\/li>\n<li><strong>Comparte Sonrisas<\/strong>: Sonr\u00ede a las personas que te encuentres durante el d\u00eda. Las sonrisas son contagiosas y pueden alegrar el d\u00eda de alguien m\u00e1s.<\/li>\n<li><strong>Organiza una Actividad Divertida<\/strong>: Planea una actividad que te haga feliz a ti y a los dem\u00e1s, como una reuni\u00f3n con amigos, una tarde de juegos o una salida al aire libre.<\/li>\n<li><strong>Env\u00eda Mensajes Positivos<\/strong>: Usa las redes sociales para compartir mensajes positivos y motivadores. Puedes publicar citas inspiradoras, fotos sonrientes o historias que te hagan feliz.<\/li>\n<li><strong>Voluntariado<\/strong>: Si te es posible, dedica tu tiempo a una organizaci\u00f3n ben\u00e9fica o a una causa que te apasione. Ayudar a los dem\u00e1s es una excelente manera de celebrar este d\u00eda.<\/li>\n<li><strong>Crea y Comparte Arte<\/strong>: Dibuja, pinta o crea algo que te haga sonre\u00edr y comp\u00e1rtelo con los dem\u00e1s. El arte es una forma maravillosa de expresar y compartir felicidad.<\/li>\n<li><strong>Practica la Gratitud<\/strong>: T\u00f3mate un momento para reflexionar sobre las cosas por las que est\u00e1s agradecido y comp\u00e1rtelas con los dem\u00e1s. La gratitud puede aumentar tu felicidad y la de quienes te rodean.<\/li>\n<\/ul>\n<p><strong>En resumen, el D\u00eda Mundial de la Sonrisa es importante porque promueve la alegr\u00eda y los actos de bondad, record\u00e1ndonos el poder de una simple sonrisa para mejorar nuestro bienestar y el de los dem\u00e1s.<\/strong> \ud83d\ude0a<\/p>\n<p><strong>Como siempre, te animo a comentar debajo del post. \u00a1Saludos!<\/strong><\/p>\n<p>M\u00e1s informaci\u00f3n:<\/p>\n<ul>\n<li><a href=\"https:\/\/es.wikipedia.org\/wiki\/D%C3%ADa_Mundial_de_la_Sonrisa\" target=\"_blank\" rel=\"noopener\">Wikipedia<\/a>.<\/li>\n<li><a href=\"https:\/\/elcomercio.pe\/respuestas\/por-que\/dia-mundial-de-la-sonrisa-cual-es-su-origen-y-por-que-se-celebra-cada-1-de-octubre-efemerides-revtli-tdex-noticia\/\" target=\"_blank\" rel=\"noopener\">El Comercio<\/a>.<\/li>\n<li><a href=\"https:\/\/www.lanacion.com.ar\/lifestyle\/dia-mundial-de-la-sonrisa-por-que-se-celebra-el-primer-viernes-de-octubre-nid06102023\/\" target=\"_blank\" rel=\"noopener\">La Naci\u00f3n<\/a>.<\/li>\n<li><a href=\"https:\/\/mymodernmet.com\/es\/carita-feliz\/\" target=\"_blank\" rel=\"noopener\">My Modern Met<\/a>.<\/li>\n<li><a href=\"https:\/\/www.bbc.com\/mundo\/articles\/cv2131w6w09o\" target=\"_blank\" rel=\"noopener\">BBC<\/a>.<\/li>\n<li><a href=\"https:\/\/es.wikihow.com\/saber-qu%C3%A9-significa-el-emoji-de-la-carita-sonriente\" target=\"_blank\" rel=\"noopener\">Wikihow<\/a>.<\/li>\n<li><a href=\"https:\/\/emojipedia.org\/es\/cara-sonriente\" target=\"_blank\" rel=\"noopener\">Emojipedia<\/a>.<\/li>\n<li><a href=\"https:\/\/rafaramirez.org\/blog\/index.php\/category\/arte\/efemerides\/\" target=\"_blank\" rel=\"noopener\">Otras efem\u00e9rides<\/a>.<\/li>\n<\/ul>\n","protected":false},"excerpt":{"rendered":"<p>El\u00a0D\u00eda Mundial de la Sonrisa\u00a0se celebra cada a\u00f1o el primer viernes de octubre.\u00a0Esta festividad fue creada en 1999 por Harvey Ball, el artista comercial que dise\u00f1\u00f3 la famosa \u201cSmiley Face\u201d o \u00abCarita Feliz\u00bb.\u00a0La idea detr\u00e1s de este d\u00eda es promover la alegr\u00eda y las buenas acciones en todo el mundo, fomentando que, al menos por [&hellip;]<\/p>\n","protected":false},"author":1,"featured_media":6093,"comment_status":"open","ping_status":"closed","sticky":false,"template":"","format":"standard","meta":{"site-container-style":"default","site-container-layout":"default","site-sidebar-layout":"default","disable-article-header":"default","disable-site-header":"default","disable-site-footer":"default","disable-content-area-spacing":"default","_jetpack_newsletter_access":"","_jetpack_dont_email_post_to_subs":false,"_jetpack_newsletter_tier_id":0,"_jetpack_memberships_contains_paywalled_content":false,"_jetpack_feature_clip_id":0,"_jetpack_memberships_contains_paid_content":false,"footnotes":"","jetpack_publicize_message":"","jetpack_publicize_feature_enabled":true,"jetpack_social_post_already_shared":true,"jetpack_social_options":{"image_generator_settings":{"template":"highway","default_image_id":0,"font":"","enabled":false},"version":2},"jetpack_post_was_ever_published":false},"categories":[1291],"tags":[3522,3521,3525,68,3518,3524,1323,168,3526,3520,3523,3531,3532,3528,3519,3530,3529,3527],"class_list":["post-6085","post","type-post","status-publish","format-standard","has-post-thumbnail","hentry","category-efemerides","tag-carita-feliz","tag-smiley-face","tag-3525","tag-blog-de-rafael-ramirez","tag-dia-mundial-de-la-sonrisa","tag-disenador-grafico","tag-efemerides","tag-estados-unidos","tag-festividad-creada-en-1999","tag-harvey-ball","tag-harvey-ball-world-smile-foundation","tag-hermanos-bernard-y-murray-spain","tag-lema-have-a-happy-day","tag-massachusetts","tag-primer-viernes-de-octubre","tag-simbolo-universal-de-alegria-y-optimismo","tag-state-mutual-life-assurance-company","tag-worcester"],"yoast_head":"<!-- This site is optimized with the Yoast SEO plugin v28.4 - https:\/\/yoast.com\/product\/yoast-seo-wordpress\/ -->\n<title>D\u00eda Mundial de la Sonrisa: promoviendo la alegr\u00eda y las buenas acciones en todo el mundo. - Blog de Rafael Ram\u00edrez<\/title>\n<meta name=\"description\" content=\"El\u00a0D\u00eda Mundial de la Sonrisa\u00a0se celebra el primer viernes de octubre y fue creada por Harvey Ball, quien dise\u00f1\u00f3 la famosa &quot;Carita Feliz&quot;.\" \/>\n<meta name=\"robots\" content=\"index, follow, max-snippet:-1, max-image-preview:large, max-video-preview:-1\" \/>\n<link rel=\"canonical\" href=\"https:\/\/rafaramirez.org\/blog\/index.php\/2024\/10\/04\/dia-mundial-de-la-sonrisa\/\" \/>\n<meta property=\"og:locale\" content=\"es_ES\" \/>\n<meta property=\"og:type\" content=\"article\" \/>\n<meta property=\"og:title\" content=\"D\u00eda Mundial de la Sonrisa: promoviendo la alegr\u00eda y las buenas acciones en todo el mundo. - Blog de Rafael Ram\u00edrez\" \/>\n<meta property=\"og:description\" content=\"El\u00a0D\u00eda Mundial de la Sonrisa\u00a0se celebra el primer viernes de octubre y fue creada por Harvey Ball, quien dise\u00f1\u00f3 la famosa &quot;Carita Feliz&quot;.\" \/>\n<meta property=\"og:url\" content=\"https:\/\/rafaramirez.org\/blog\/index.php\/2024\/10\/04\/dia-mundial-de-la-sonrisa\/\" \/>\n<meta property=\"og:site_name\" content=\"Blog de Rafael Ram\u00edrez\" \/>\n<meta property=\"article:published_time\" content=\"2024-10-04T06:15:55+00:00\" \/>\n<meta property=\"article:modified_time\" content=\"2024-10-04T09:39:25+00:00\" \/>\n<meta property=\"og:image\" content=\"https:\/\/rafaramirez.org\/blog\/wp-content\/uploads\/2024\/10\/Dia_Mundial_de_la_Sonrisa_banner.jpg\" \/>\n\t<meta property=\"og:image:width\" content=\"720\" \/>\n\t<meta property=\"og:image:height\" content=\"440\" \/>\n\t<meta property=\"og:image:type\" content=\"image\/jpeg\" \/>\n<meta name=\"author\" content=\"Rafael Ram\u00edrez\" \/>\n<meta name=\"twitter:card\" content=\"summary_large_image\" \/>\n<meta name=\"twitter:creator\" content=\"@rafaramirez_ok\" \/>\n<meta name=\"twitter:site\" content=\"@rafaramirez_ok\" \/>\n<meta name=\"twitter:label1\" content=\"Escrito por\" \/>\n\t<meta name=\"twitter:data1\" content=\"Rafael Ram\u00edrez\" \/>\n\t<meta name=\"twitter:label2\" content=\"Tiempo de lectura\" \/>\n\t<meta name=\"twitter:data2\" content=\"5 minutos\" \/>\n<script type=\"application\/ld+json\" class=\"yoast-schema-graph\">{\"@context\":\"https:\\\/\\\/schema.org\",\"@graph\":[{\"@type\":\"Article\",\"@id\":\"https:\\\/\\\/rafaramirez.org\\\/blog\\\/index.php\\\/2024\\\/10\\\/04\\\/dia-mundial-de-la-sonrisa\\\/#article\",\"isPartOf\":{\"@id\":\"https:\\\/\\\/rafaramirez.org\\\/blog\\\/index.php\\\/2024\\\/10\\\/04\\\/dia-mundial-de-la-sonrisa\\\/\"},\"author\":{\"name\":\"Rafael Ram\u00edrez\",\"@id\":\"https:\\\/\\\/rafaramirez.org\\\/blog\\\/#\\\/schema\\\/person\\\/50f43b6d60c578760d4c17bda54ab6a5\"},\"headline\":\"D\u00eda Mundial de la Sonrisa: promoviendo la alegr\u00eda y las buenas acciones en todo el mundo.\",\"datePublished\":\"2024-10-04T06:15:55+00:00\",\"dateModified\":\"2024-10-04T09:39:25+00:00\",\"mainEntityOfPage\":{\"@id\":\"https:\\\/\\\/rafaramirez.org\\\/blog\\\/index.php\\\/2024\\\/10\\\/04\\\/dia-mundial-de-la-sonrisa\\\/\"},\"wordCount\":907,\"commentCount\":0,\"publisher\":{\"@id\":\"https:\\\/\\\/rafaramirez.org\\\/blog\\\/#\\\/schema\\\/person\\\/50f43b6d60c578760d4c17bda54ab6a5\"},\"image\":{\"@id\":\"https:\\\/\\\/rafaramirez.org\\\/blog\\\/index.php\\\/2024\\\/10\\\/04\\\/dia-mundial-de-la-sonrisa\\\/#primaryimage\"},\"thumbnailUrl\":\"https:\\\/\\\/rafaramirez.org\\\/blog\\\/wp-content\\\/uploads\\\/2024\\\/10\\\/Dia_Mundial_de_la_Sonrisa_banner.jpg\",\"keywords\":[\"\\\"Carita Feliz\\\"\",\"\u201cSmiley Face\u201d\",\"1963\",\"blog de Rafael Ram\u00edrez\",\"D\u00eda Mundial de la Sonrisa\",\"dise\u00f1ador gr\u00e1fico\",\"efem\u00e9rides\",\"Estados Unidos\",\"festividad creada en 1999\",\"Harvey Ball\",\"Harvey Ball World Smile Foundation\",\"hermanos Bernard y Murray Spain\",\"lema \u201cHave a Happy Day\u201d\",\"Massachusetts\",\"primer viernes de octubre\",\"s\u00edmbolo universal de alegr\u00eda y optimismo\",\"State Mutual Life Assurance Company\",\"Worcester\"],\"articleSection\":[\"Efem\u00e9rides\"],\"inLanguage\":\"es\",\"potentialAction\":[{\"@type\":\"CommentAction\",\"name\":\"Comment\",\"target\":[\"https:\\\/\\\/rafaramirez.org\\\/blog\\\/index.php\\\/2024\\\/10\\\/04\\\/dia-mundial-de-la-sonrisa\\\/#respond\"]}]},{\"@type\":\"WebPage\",\"@id\":\"https:\\\/\\\/rafaramirez.org\\\/blog\\\/index.php\\\/2024\\\/10\\\/04\\\/dia-mundial-de-la-sonrisa\\\/\",\"url\":\"https:\\\/\\\/rafaramirez.org\\\/blog\\\/index.php\\\/2024\\\/10\\\/04\\\/dia-mundial-de-la-sonrisa\\\/\",\"name\":\"D\u00eda Mundial de la Sonrisa: promoviendo la alegr\u00eda y las buenas acciones en todo el mundo. - Blog de Rafael Ram\u00edrez\",\"isPartOf\":{\"@id\":\"https:\\\/\\\/rafaramirez.org\\\/blog\\\/#website\"},\"primaryImageOfPage\":{\"@id\":\"https:\\\/\\\/rafaramirez.org\\\/blog\\\/index.php\\\/2024\\\/10\\\/04\\\/dia-mundial-de-la-sonrisa\\\/#primaryimage\"},\"image\":{\"@id\":\"https:\\\/\\\/rafaramirez.org\\\/blog\\\/index.php\\\/2024\\\/10\\\/04\\\/dia-mundial-de-la-sonrisa\\\/#primaryimage\"},\"thumbnailUrl\":\"https:\\\/\\\/rafaramirez.org\\\/blog\\\/wp-content\\\/uploads\\\/2024\\\/10\\\/Dia_Mundial_de_la_Sonrisa_banner.jpg\",\"datePublished\":\"2024-10-04T06:15:55+00:00\",\"dateModified\":\"2024-10-04T09:39:25+00:00\",\"description\":\"El\u00a0D\u00eda Mundial de la Sonrisa\u00a0se celebra el primer viernes de octubre y fue creada por Harvey Ball, quien dise\u00f1\u00f3 la famosa \\\"Carita Feliz\\\".\",\"breadcrumb\":{\"@id\":\"https:\\\/\\\/rafaramirez.org\\\/blog\\\/index.php\\\/2024\\\/10\\\/04\\\/dia-mundial-de-la-sonrisa\\\/#breadcrumb\"},\"inLanguage\":\"es\",\"potentialAction\":[{\"@type\":\"ReadAction\",\"target\":[\"https:\\\/\\\/rafaramirez.org\\\/blog\\\/index.php\\\/2024\\\/10\\\/04\\\/dia-mundial-de-la-sonrisa\\\/\"]}]},{\"@type\":\"ImageObject\",\"inLanguage\":\"es\",\"@id\":\"https:\\\/\\\/rafaramirez.org\\\/blog\\\/index.php\\\/2024\\\/10\\\/04\\\/dia-mundial-de-la-sonrisa\\\/#primaryimage\",\"url\":\"https:\\\/\\\/rafaramirez.org\\\/blog\\\/wp-content\\\/uploads\\\/2024\\\/10\\\/Dia_Mundial_de_la_Sonrisa_banner.jpg\",\"contentUrl\":\"https:\\\/\\\/rafaramirez.org\\\/blog\\\/wp-content\\\/uploads\\\/2024\\\/10\\\/Dia_Mundial_de_la_Sonrisa_banner.jpg\",\"width\":720,\"height\":440,\"caption\":\"D\u00eda Mundial de la Sonrisa. Blog de Rafael Ram\u00edrez.\"},{\"@type\":\"BreadcrumbList\",\"@id\":\"https:\\\/\\\/rafaramirez.org\\\/blog\\\/index.php\\\/2024\\\/10\\\/04\\\/dia-mundial-de-la-sonrisa\\\/#breadcrumb\",\"itemListElement\":[{\"@type\":\"ListItem\",\"position\":1,\"name\":\"Portada\",\"item\":\"https:\\\/\\\/rafaramirez.org\\\/blog\\\/\"},{\"@type\":\"ListItem\",\"position\":2,\"name\":\"D\u00eda Mundial de la Sonrisa: promoviendo la alegr\u00eda y las buenas acciones en todo el mundo.\"}]},{\"@type\":\"WebSite\",\"@id\":\"https:\\\/\\\/rafaramirez.org\\\/blog\\\/#website\",\"url\":\"https:\\\/\\\/rafaramirez.org\\\/blog\\\/\",\"name\":\"Blog de Rafael Ram\u00edrez\",\"description\":\"Un sitio social, de arte y cultura\",\"publisher\":{\"@id\":\"https:\\\/\\\/rafaramirez.org\\\/blog\\\/#\\\/schema\\\/person\\\/50f43b6d60c578760d4c17bda54ab6a5\"},\"potentialAction\":[{\"@type\":\"SearchAction\",\"target\":{\"@type\":\"EntryPoint\",\"urlTemplate\":\"https:\\\/\\\/rafaramirez.org\\\/blog\\\/?s={search_term_string}\"},\"query-input\":{\"@type\":\"PropertyValueSpecification\",\"valueRequired\":true,\"valueName\":\"search_term_string\"}}],\"inLanguage\":\"es\"},{\"@type\":[\"Person\",\"Organization\"],\"@id\":\"https:\\\/\\\/rafaramirez.org\\\/blog\\\/#\\\/schema\\\/person\\\/50f43b6d60c578760d4c17bda54ab6a5\",\"name\":\"Rafael Ram\u00edrez\",\"image\":{\"@type\":\"ImageObject\",\"inLanguage\":\"es\",\"@id\":\"https:\\\/\\\/rafaramirez.org\\\/blog\\\/wp-content\\\/uploads\\\/2024\\\/09\\\/RR_socialnetwork.jpg\",\"url\":\"https:\\\/\\\/rafaramirez.org\\\/blog\\\/wp-content\\\/uploads\\\/2024\\\/09\\\/RR_socialnetwork.jpg\",\"contentUrl\":\"https:\\\/\\\/rafaramirez.org\\\/blog\\\/wp-content\\\/uploads\\\/2024\\\/09\\\/RR_socialnetwork.jpg\",\"width\":600,\"height\":606,\"caption\":\"Rafael Ram\u00edrez\"},\"logo\":{\"@id\":\"https:\\\/\\\/rafaramirez.org\\\/blog\\\/wp-content\\\/uploads\\\/2024\\\/09\\\/RR_socialnetwork.jpg\"},\"sameAs\":[\"https:\\\/\\\/www.rafaramirez.org\\\/blog\",\"https:\\\/\\\/www.instagram.com\\\/rafaramirez_ok\\\/\",\"https:\\\/\\\/es.pinterest.com\\\/Ramirez_Rafa\\\/\",\"https:\\\/\\\/x.com\\\/rafaramirez_ok\"],\"url\":\"https:\\\/\\\/rafaramirez.org\\\/blog\\\/index.php\\\/author\\\/rafaell_qm6j97da\\\/\"}]}<\/script>\n<!-- \/ Yoast SEO plugin. -->","yoast_head_json":{"title":"D\u00eda Mundial de la Sonrisa: promoviendo la alegr\u00eda y las buenas acciones en todo el mundo. - Blog de Rafael Ram\u00edrez","description":"El\u00a0D\u00eda Mundial de la Sonrisa\u00a0se celebra el primer viernes de octubre y fue creada por Harvey Ball, quien dise\u00f1\u00f3 la famosa \"Carita Feliz\".","robots":{"index":"index","follow":"follow","max-snippet":"max-snippet:-1","max-image-preview":"max-image-preview:large","max-video-preview":"max-video-preview:-1"},"canonical":"https:\/\/rafaramirez.org\/blog\/index.php\/2024\/10\/04\/dia-mundial-de-la-sonrisa\/","og_locale":"es_ES","og_type":"article","og_title":"D\u00eda Mundial de la Sonrisa: promoviendo la alegr\u00eda y las buenas acciones en todo el mundo. - Blog de Rafael Ram\u00edrez","og_description":"El\u00a0D\u00eda Mundial de la Sonrisa\u00a0se celebra el primer viernes de octubre y fue creada por Harvey Ball, quien dise\u00f1\u00f3 la famosa \"Carita Feliz\".","og_url":"https:\/\/rafaramirez.org\/blog\/index.php\/2024\/10\/04\/dia-mundial-de-la-sonrisa\/","og_site_name":"Blog de Rafael Ram\u00edrez","article_published_time":"2024-10-04T06:15:55+00:00","article_modified_time":"2024-10-04T09:39:25+00:00","og_image":[{"width":720,"height":440,"url":"https:\/\/rafaramirez.org\/blog\/wp-content\/uploads\/2024\/10\/Dia_Mundial_de_la_Sonrisa_banner.jpg","type":"image\/jpeg"}],"author":"Rafael Ram\u00edrez","twitter_card":"summary_large_image","twitter_creator":"@rafaramirez_ok","twitter_site":"@rafaramirez_ok","twitter_misc":{"Escrito por":"Rafael Ram\u00edrez","Tiempo de lectura":"5 minutos"},"schema":{"@context":"https:\/\/schema.org","@graph":[{"@type":"Article","@id":"https:\/\/rafaramirez.org\/blog\/index.php\/2024\/10\/04\/dia-mundial-de-la-sonrisa\/#article","isPartOf":{"@id":"https:\/\/rafaramirez.org\/blog\/index.php\/2024\/10\/04\/dia-mundial-de-la-sonrisa\/"},"author":{"name":"Rafael Ram\u00edrez","@id":"https:\/\/rafaramirez.org\/blog\/#\/schema\/person\/50f43b6d60c578760d4c17bda54ab6a5"},"headline":"D\u00eda Mundial de la Sonrisa: promoviendo la alegr\u00eda y las buenas acciones en todo el mundo.","datePublished":"2024-10-04T06:15:55+00:00","dateModified":"2024-10-04T09:39:25+00:00","mainEntityOfPage":{"@id":"https:\/\/rafaramirez.org\/blog\/index.php\/2024\/10\/04\/dia-mundial-de-la-sonrisa\/"},"wordCount":907,"commentCount":0,"publisher":{"@id":"https:\/\/rafaramirez.org\/blog\/#\/schema\/person\/50f43b6d60c578760d4c17bda54ab6a5"},"image":{"@id":"https:\/\/rafaramirez.org\/blog\/index.php\/2024\/10\/04\/dia-mundial-de-la-sonrisa\/#primaryimage"},"thumbnailUrl":"https:\/\/rafaramirez.org\/blog\/wp-content\/uploads\/2024\/10\/Dia_Mundial_de_la_Sonrisa_banner.jpg","keywords":["\"Carita Feliz\"","\u201cSmiley Face\u201d","1963","blog de Rafael Ram\u00edrez","D\u00eda Mundial de la Sonrisa","dise\u00f1ador gr\u00e1fico","efem\u00e9rides","Estados Unidos","festividad creada en 1999","Harvey Ball","Harvey Ball World Smile Foundation","hermanos Bernard y Murray Spain","lema \u201cHave a Happy Day\u201d","Massachusetts","primer viernes de octubre","s\u00edmbolo universal de alegr\u00eda y optimismo","State Mutual Life Assurance Company","Worcester"],"articleSection":["Efem\u00e9rides"],"inLanguage":"es","potentialAction":[{"@type":"CommentAction","name":"Comment","target":["https:\/\/rafaramirez.org\/blog\/index.php\/2024\/10\/04\/dia-mundial-de-la-sonrisa\/#respond"]}]},{"@type":"WebPage","@id":"https:\/\/rafaramirez.org\/blog\/index.php\/2024\/10\/04\/dia-mundial-de-la-sonrisa\/","url":"https:\/\/rafaramirez.org\/blog\/index.php\/2024\/10\/04\/dia-mundial-de-la-sonrisa\/","name":"D\u00eda Mundial de la Sonrisa: promoviendo la alegr\u00eda y las buenas acciones en todo el mundo. - Blog de Rafael Ram\u00edrez","isPartOf":{"@id":"https:\/\/rafaramirez.org\/blog\/#website"},"primaryImageOfPage":{"@id":"https:\/\/rafaramirez.org\/blog\/index.php\/2024\/10\/04\/dia-mundial-de-la-sonrisa\/#primaryimage"},"image":{"@id":"https:\/\/rafaramirez.org\/blog\/index.php\/2024\/10\/04\/dia-mundial-de-la-sonrisa\/#primaryimage"},"thumbnailUrl":"https:\/\/rafaramirez.org\/blog\/wp-content\/uploads\/2024\/10\/Dia_Mundial_de_la_Sonrisa_banner.jpg","datePublished":"2024-10-04T06:15:55+00:00","dateModified":"2024-10-04T09:39:25+00:00","description":"El\u00a0D\u00eda Mundial de la Sonrisa\u00a0se celebra el primer viernes de octubre y fue creada por Harvey Ball, quien dise\u00f1\u00f3 la famosa \"Carita Feliz\".","breadcrumb":{"@id":"https:\/\/rafaramirez.org\/blog\/index.php\/2024\/10\/04\/dia-mundial-de-la-sonrisa\/#breadcrumb"},"inLanguage":"es","potentialAction":[{"@type":"ReadAction","target":["https:\/\/rafaramirez.org\/blog\/index.php\/2024\/10\/04\/dia-mundial-de-la-sonrisa\/"]}]},{"@type":"ImageObject","inLanguage":"es","@id":"https:\/\/rafaramirez.org\/blog\/index.php\/2024\/10\/04\/dia-mundial-de-la-sonrisa\/#primaryimage","url":"https:\/\/rafaramirez.org\/blog\/wp-content\/uploads\/2024\/10\/Dia_Mundial_de_la_Sonrisa_banner.jpg","contentUrl":"https:\/\/rafaramirez.org\/blog\/wp-content\/uploads\/2024\/10\/Dia_Mundial_de_la_Sonrisa_banner.jpg","width":720,"height":440,"caption":"D\u00eda Mundial de la Sonrisa. Blog de Rafael Ram\u00edrez."},{"@type":"BreadcrumbList","@id":"https:\/\/rafaramirez.org\/blog\/index.php\/2024\/10\/04\/dia-mundial-de-la-sonrisa\/#breadcrumb","itemListElement":[{"@type":"ListItem","position":1,"name":"Portada","item":"https:\/\/rafaramirez.org\/blog\/"},{"@type":"ListItem","position":2,"name":"D\u00eda Mundial de la Sonrisa: promoviendo la alegr\u00eda y las buenas acciones en todo el mundo."}]},{"@type":"WebSite","@id":"https:\/\/rafaramirez.org\/blog\/#website","url":"https:\/\/rafaramirez.org\/blog\/","name":"Blog de Rafael Ram\u00edrez","description":"Un sitio social, de arte y cultura","publisher":{"@id":"https:\/\/rafaramirez.org\/blog\/#\/schema\/person\/50f43b6d60c578760d4c17bda54ab6a5"},"potentialAction":[{"@type":"SearchAction","target":{"@type":"EntryPoint","urlTemplate":"https:\/\/rafaramirez.org\/blog\/?s={search_term_string}"},"query-input":{"@type":"PropertyValueSpecification","valueRequired":true,"valueName":"search_term_string"}}],"inLanguage":"es"},{"@type":["Person","Organization"],"@id":"https:\/\/rafaramirez.org\/blog\/#\/schema\/person\/50f43b6d60c578760d4c17bda54ab6a5","name":"Rafael Ram\u00edrez","image":{"@type":"ImageObject","inLanguage":"es","@id":"https:\/\/rafaramirez.org\/blog\/wp-content\/uploads\/2024\/09\/RR_socialnetwork.jpg","url":"https:\/\/rafaramirez.org\/blog\/wp-content\/uploads\/2024\/09\/RR_socialnetwork.jpg","contentUrl":"https:\/\/rafaramirez.org\/blog\/wp-content\/uploads\/2024\/09\/RR_socialnetwork.jpg","width":600,"height":606,"caption":"Rafael Ram\u00edrez"},"logo":{"@id":"https:\/\/rafaramirez.org\/blog\/wp-content\/uploads\/2024\/09\/RR_socialnetwork.jpg"},"sameAs":["https:\/\/www.rafaramirez.org\/blog","https:\/\/www.instagram.com\/rafaramirez_ok\/","https:\/\/es.pinterest.com\/Ramirez_Rafa\/","https:\/\/x.com\/rafaramirez_ok"],"url":"https:\/\/rafaramirez.org\/blog\/index.php\/author\/rafaell_qm6j97da\/"}]}},"jetpack_publicize_connections":[],"jetpack_sharing_enabled":true,"jetpack_likes_enabled":true,"jetpack_featured_media_url":"https:\/\/rafaramirez.org\/blog\/wp-content\/uploads\/2024\/10\/Dia_Mundial_de_la_Sonrisa_banner.jpg","_links":{"self":[{"href":"https:\/\/rafaramirez.org\/blog\/index.php\/wp-json\/wp\/v2\/posts\/6085","targetHints":{"allow":["GET"]}}],"collection":[{"href":"https:\/\/rafaramirez.org\/blog\/index.php\/wp-json\/wp\/v2\/posts"}],"about":[{"href":"https:\/\/rafaramirez.org\/blog\/index.php\/wp-json\/wp\/v2\/types\/post"}],"author":[{"embeddable":true,"href":"https:\/\/rafaramirez.org\/blog\/index.php\/wp-json\/wp\/v2\/users\/1"}],"replies":[{"embeddable":true,"href":"https:\/\/rafaramirez.org\/blog\/index.php\/wp-json\/wp\/v2\/comments?post=6085"}],"version-history":[{"count":9,"href":"https:\/\/rafaramirez.org\/blog\/index.php\/wp-json\/wp\/v2\/posts\/6085\/revisions"}],"predecessor-version":[{"id":6321,"href":"https:\/\/rafaramirez.org\/blog\/index.php\/wp-json\/wp\/v2\/posts\/6085\/revisions\/6321"}],"wp:featuredmedia":[{"embeddable":true,"href":"https:\/\/rafaramirez.org\/blog\/index.php\/wp-json\/wp\/v2\/media\/6093"}],"wp:attachment":[{"href":"https:\/\/rafaramirez.org\/blog\/index.php\/wp-json\/wp\/v2\/media?parent=6085"}],"wp:term":[{"taxonomy":"category","embeddable":true,"href":"https:\/\/rafaramirez.org\/blog\/index.php\/wp-json\/wp\/v2\/categories?post=6085"},{"taxonomy":"post_tag","embeddable":true,"href":"https:\/\/rafaramirez.org\/blog\/index.php\/wp-json\/wp\/v2\/tags?post=6085"}],"curies":[{"name":"wp","href":"https:\/\/api.w.org\/{rel}","templated":true}]}}