{"id":6065,"date":"2024-10-02T08:15:35","date_gmt":"2024-10-02T06:15:35","guid":{"rendered":"https:\/\/rafaramirez.org\/blog\/?p=6065"},"modified":"2024-10-02T12:59:22","modified_gmt":"2024-10-02T10:59:22","slug":"dia-internacional-de-la-no-violencia","status":"publish","type":"post","link":"https:\/\/rafaramirez.org\/blog\/index.php\/2024\/10\/02\/dia-internacional-de-la-no-violencia\/","title":{"rendered":"D\u00eda Internacional de la No Violencia: promoviendo la paz."},"content":{"rendered":"<p>El\u00a0<strong>D\u00eda Internacional de la No Violencia<\/strong>\u00a0se celebra cada a\u00f1o el\u00a0<strong>2 de octubre<\/strong>, coincidiendo con el aniversario del nacimiento de\u00a0<strong>Mahatma Gandhi<\/strong>.\u00a0Esta fecha fue establecida por la Asamblea General de las Naciones Unidas en 2007 para honrar a Gandhi, l\u00edder del movimiento de independencia de la India y pionero de la <strong>filosof\u00eda de la no violencia<\/strong>.<\/p>\n<p>El objetivo de este d\u00eda es\u00a0<strong>difundir el mensaje de antiviolencia<\/strong> a trav\u00e9s de la educaci\u00f3n y la concienciaci\u00f3n p\u00fablica.\u00a0La no violencia, tambi\u00e9n conocida como <strong>resistencia no violenta<\/strong>, rechaza el uso de la violencia f\u00edsica para lograr cambios sociales o pol\u00edticos.\u00a0Gandhi cre\u00eda firmemente que \u201clos medios justos conducen a fines justos\u201d, promoviendo la desobediencia civil masiva como una forma de resistencia pac\u00edfica.<\/p>\n<p>Durante este d\u00eda, se realizan diversas actividades como marchas, conferencias y talleres educativos para promover la no violencia y el legado de Gandhi. Es una oportunidad para reflexionar sobre la importancia de la paz, la tolerancia y la comprensi\u00f3n en nuestras sociedades.<\/p>\n<h3>Mahatma Gandhi y su legado.<\/h3>\n<p>El legado de\u00a0<strong>Mahatma Gandhi<\/strong>\u00a0es vasto y ha tenido un impacto profundo en el mundo. Aqu\u00ed te menciono algunos de los aspectos m\u00e1s destacados:<\/p>\n<ul>\n<li><strong>No violencia y desobediencia civil<\/strong>: Como os he comentado, Gandhi es conocido por su filosof\u00eda de la <strong>ahimsa<\/strong>\u00a0(no violencia) y su uso de la\u00a0<strong>desobediencia civil<\/strong> como herramienta para luchar contra la opresi\u00f3n y la injusticia. Su enfoque inspir\u00f3 movimientos de derechos civiles y de independencia en todo el mundo, incluyendo el movimiento por los derechos civiles en Estados Unidos liderado por Martin Luther King.<\/li>\n<li><strong>Independencia de la India<\/strong>: Gandhi jug\u00f3 un papel crucial en la lucha por la independencia de la India del dominio brit\u00e1nico. A trav\u00e9s de campa\u00f1as de no cooperaci\u00f3n, boicots y marchas pac\u00edficas, logr\u00f3 movilizar a millones de indios en la lucha por la libertad.<\/li>\n<li><strong>Simplicidad y autosuficiencia<\/strong>: Promovi\u00f3 un estilo de vida simple y autosuficiente, abogando por el uso de productos hechos a mano y la autosuficiencia econ\u00f3mica. Su famosa campa\u00f1a de la\u00a0<strong>Marcha de la Sal<\/strong>\u00a0fue un acto de protesta contra el impuesto brit\u00e1nico sobre la sal y un llamado a la autosuficiencia.<\/li>\n<li><strong>Unidad y tolerancia religiosa<\/strong>: Gandhi trabaj\u00f3 incansablemente por la\u00a0<strong>unidad entre hind\u00faes y musulmanes<\/strong>\u00a0y promovi\u00f3 la tolerancia religiosa. Cre\u00eda en la igualdad de todas las religiones y en la necesidad de convivir en paz y armon\u00eda.<\/li>\n<li><strong>Derechos humanos y justicia social<\/strong>: Su lucha no solo se limit\u00f3 a la independencia de la India, sino que tambi\u00e9n abarc\u00f3 la lucha contra la discriminaci\u00f3n de castas, la pobreza y la injusticia social. Abog\u00f3 por los derechos de los intocables, a quienes llam\u00f3 \u201cHarijans\u201d o \u201chijos de Dios\u201d.<\/li>\n<\/ul>\n<p>El legado de Gandhi sigue vivo hoy en d\u00eda, inspirando a personas y movimientos que buscan la justicia social y la paz a trav\u00e9s de medios no violentos.<\/p>\n<figure id=\"attachment_6073\" aria-describedby=\"caption-attachment-6073\" style=\"width: 200px\" class=\"wp-caption aligncenter\"><a href=\"https:\/\/rafaramirez.org\/blog\/wp-content\/uploads\/2024\/10\/pacifist-71445_rz.jpg\" target=\"_blank\" rel=\"noopener\"><img loading=\"lazy\" decoding=\"async\" class=\"wp-image-6073 size-medium\" src=\"https:\/\/rafaramirez.org\/blog\/wp-content\/uploads\/2024\/10\/pacifist-71445_rz-200x300.jpg\" alt=\"Retrato de Mahatma Gandhi. Blog de Rafael Ram\u00edrez.\" width=\"200\" height=\"300\" srcset=\"https:\/\/rafaramirez.org\/blog\/wp-content\/uploads\/2024\/10\/pacifist-71445_rz-200x300.jpg 200w, https:\/\/rafaramirez.org\/blog\/wp-content\/uploads\/2024\/10\/pacifist-71445_rz-682x1024.jpg 682w, https:\/\/rafaramirez.org\/blog\/wp-content\/uploads\/2024\/10\/pacifist-71445_rz-768x1154.jpg 768w, https:\/\/rafaramirez.org\/blog\/wp-content\/uploads\/2024\/10\/pacifist-71445_rz-1023x1536.jpg 1023w, https:\/\/rafaramirez.org\/blog\/wp-content\/uploads\/2024\/10\/pacifist-71445_rz.jpg 1265w\" sizes=\"auto, (max-width: 200px) 100vw, 200px\" \/><\/a><figcaption id=\"caption-attachment-6073\" class=\"wp-caption-text\">Retrato de Mahatma Gandhi. Blog de Rafael Ram\u00edrez.<\/figcaption><\/figure>\n<h3>Filosof\u00eda de la No Violencia.<\/h3>\n<p>La\u00a0<strong>no violencia<\/strong> es una filosof\u00eda y estrategia que aboga por resolver conflictos y promover el cambio social sin recurrir a la violencia f\u00edsica o psicol\u00f3gica. Aqu\u00ed te explico algunos aspectos clave:<\/p>\n<ul>\n<li><strong>Definici\u00f3n<\/strong>: La no violencia implica la\u00a0<strong>renuncia al uso de la fuerza<\/strong>\u00a0y cualquier forma de agresi\u00f3n para resolver conflictos.\u00a0Esto incluye evitar el uso de armas, la fuerza bruta y cualquier herramienta que pueda causar da\u00f1o f\u00edsico.<\/li>\n<li><strong>Principios<\/strong>: Se basa en principios como la\u00a0<strong>empat\u00eda, la tolerancia y la justicia<\/strong>.\u00a0La idea es abordar los conflictos de manera pac\u00edfica y constructiva, buscando soluciones que beneficien a todas las partes involucradas.<\/li>\n<li><strong>M\u00e9todos<\/strong>: Entre los m\u00e9todos m\u00e1s comunes de la no violencia se encuentran la\u00a0<strong>desobediencia civil, las huelgas, los boicots y las manifestaciones pac\u00edficas<\/strong>.\u00a0Estos m\u00e9todos buscan generar un cambio social o pol\u00edtico sin recurrir a la violencia.<\/li>\n<li><strong>Historia<\/strong>: El concepto de no violencia tiene ra\u00edces profundas en la historia, especialmente en la India con la filosof\u00eda del\u00a0<strong>ahimsa<\/strong>\u00a0promovida por el jainismo y el hinduismo.\u00a0Mahatma Gandhi populariz\u00f3 este concepto en el siglo XX, utilizando la no violencia como herramienta principal en la lucha por la independencia de la India.<\/li>\n<li><strong>Impacto<\/strong>: La no violencia ha inspirado numerosos movimientos de derechos civiles y de justicia social en todo el mundo. L\u00edderes como Martin Luther King Jr.\u00a0y Nelson Mandela adoptaron principios de no violencia en sus luchas por la igualdad y la justicia.<\/li>\n<\/ul>\n<p>La no violencia no significa pasividad o inacci\u00f3n, sino una forma activa de resistencia que busca transformar las estructuras injustas a trav\u00e9s de medios pac\u00edficos.<\/p>\n<figure id=\"attachment_6074\" aria-describedby=\"caption-attachment-6074\" style=\"width: 300px\" class=\"wp-caption aligncenter\"><a href=\"https:\/\/rafaramirez.org\/blog\/wp-content\/uploads\/2024\/10\/malmo-205521_rz.jpg\" target=\"_blank\" rel=\"noopener\"><img loading=\"lazy\" decoding=\"async\" class=\"wp-image-6074 size-medium\" src=\"https:\/\/rafaramirez.org\/blog\/wp-content\/uploads\/2024\/10\/malmo-205521_rz-300x201.jpg\" alt=\"D\u00eda Internacional de la No Violencia. Blog de Rafael Ram\u00edrez.\" width=\"300\" height=\"201\" srcset=\"https:\/\/rafaramirez.org\/blog\/wp-content\/uploads\/2024\/10\/malmo-205521_rz-300x201.jpg 300w, https:\/\/rafaramirez.org\/blog\/wp-content\/uploads\/2024\/10\/malmo-205521_rz-1024x686.jpg 1024w, https:\/\/rafaramirez.org\/blog\/wp-content\/uploads\/2024\/10\/malmo-205521_rz-768x514.jpg 768w, https:\/\/rafaramirez.org\/blog\/wp-content\/uploads\/2024\/10\/malmo-205521_rz-1536x1028.jpg 1536w, https:\/\/rafaramirez.org\/blog\/wp-content\/uploads\/2024\/10\/malmo-205521_rz.jpg 1900w\" sizes=\"auto, (max-width: 300px) 100vw, 300px\" \/><\/a><figcaption id=\"caption-attachment-6074\" class=\"wp-caption-text\">D\u00eda Internacional de la No Violencia. Blog de Rafael Ram\u00edrez.<\/figcaption><\/figure>\n<h3>Actividades del D\u00eda Internacional de la No Violencia.<\/h3>\n<p>El\u00a0<strong>D\u00eda Internacional de la No Violencia<\/strong>\u00a0se celebra con una variedad de actividades en todo el mundo, enfocadas en promover la paz y la no violencia. Algunas de las actividades m\u00e1s comunes incluyen:<\/p>\n<ul>\n<li><strong>Marchas y manifestaciones pac\u00edficas<\/strong>: Se organizan marchas y manifestaciones para promover la paz y la no violencia, inspiradas en las ense\u00f1anzas de Mahatma Gandhi.<\/li>\n<li><strong>Conferencias y seminarios<\/strong>: Se llevan a cabo conferencias, seminarios y charlas educativas donde se discuten temas relacionados con la no violencia, la paz y los derechos humanos.<\/li>\n<li><strong>Talleres y actividades educativas<\/strong>: Escuelas y universidades organizan talleres y actividades educativas para ense\u00f1ar a los estudiantes sobre la importancia de la no violencia y c\u00f3mo pueden aplicarla en sus vidas diarias.<\/li>\n<li><strong>Proyecciones de pel\u00edculas y documentales<\/strong>: Se proyectan pel\u00edculas y documentales sobre la vida y el legado de Gandhi, as\u00ed como sobre otros l\u00edderes y movimientos no violentos.<\/li>\n<li><strong>Ceremonias de homenaje<\/strong>: Se realizan ceremonias para honrar a Gandhi y a otros l\u00edderes que han promovido la no violencia. Estas ceremonias pueden incluir discursos, presentaciones art\u00edsticas y momentos de reflexi\u00f3n.<\/li>\n<li><strong>Campa\u00f1as en redes sociales<\/strong>: Se lanzan campa\u00f1as en redes sociales para difundir mensajes de paz y no violencia, utilizando hashtags y compartiendo historias inspiradoras.<\/li>\n<li><strong>Actividades comunitarias<\/strong>: Se organizan actividades comunitarias como limpieza de parques, plantaci\u00f3n de \u00e1rboles y otras acciones que promuevan la cooperaci\u00f3n y la armon\u00eda en la comunidad.<\/li>\n<\/ul>\n<p>Estas actividades no solo honran el legado de Gandhi, sino que tambi\u00e9n buscan inspirar a las personas a adoptar la no violencia como un principio fundamental en sus vidas.<\/p>\n<p>En resumen, el <strong>D\u00eda Internacional de la No Violencia<\/strong> es crucial porque promueve la paz y la resoluci\u00f3n de conflictos sin recurrir a la violencia, inspirando a individuos y comunidades a adoptar m\u00e9todos pac\u00edficos para lograr justicia y cambio social.<\/p>\n<p><strong>Como siempre te invito a dejar tus comentarios debajo del post. \u00a1Saludos!<\/strong><\/p>\n<p>M\u00e1s informaci\u00f3n:<\/p>\n<ul>\n<li><a href=\"https:\/\/www.un.org\/es\/observances\/non-violence-day\" target=\"_blank\" rel=\"noopener\">ONU<\/a>.<\/li>\n<li><a href=\"https:\/\/es.wikipedia.org\/wiki\/D%C3%ADa_Internacional_de_la_No_Violencia\" target=\"_blank\" rel=\"noopener\">Wikipedia (D\u00eda Internacional de la No Violencia<strong>)<\/strong><\/a>.<\/li>\n<li><a href=\"https:\/\/es.wikipedia.org\/wiki\/No_violencia\" target=\"_blank\" rel=\"noopener\">Wikipedia (No violencia)<\/a>.<\/li>\n<li><a href=\"https:\/\/rafaramirez.org\/blog\/index.php\/category\/arte\/efemerides\/\" target=\"_blank\" rel=\"noopener\">M\u00e1s efem\u00e9rides<\/a>.<\/li>\n<li><a href=\"https:\/\/rafaramirez.org\/blog\/index.php\/category\/social\/noticias-sociales\/\" target=\"_blank\" rel=\"noopener\">Otros informes sociales<\/a>.<\/li>\n<\/ul>\n","protected":false},"excerpt":{"rendered":"<p>El\u00a0D\u00eda Internacional de la No Violencia\u00a0se celebra cada a\u00f1o el\u00a02 de octubre, coincidiendo con el aniversario del nacimiento de\u00a0Mahatma Gandhi.\u00a0Esta fecha fue establecida por la Asamblea General de las Naciones Unidas en 2007 para honrar a Gandhi, l\u00edder del movimiento de independencia de la India y pionero de la filosof\u00eda de la no violencia. El [&hellip;]<\/p>\n","protected":false},"author":1,"featured_media":6071,"comment_status":"open","ping_status":"closed","sticky":false,"template":"","format":"standard","meta":{"site-container-style":"default","site-container-layout":"default","site-sidebar-layout":"default","disable-article-header":"default","disable-site-header":"default","disable-site-footer":"default","disable-content-area-spacing":"default","_jetpack_newsletter_access":"","_jetpack_dont_email_post_to_subs":false,"_jetpack_newsletter_tier_id":0,"_jetpack_memberships_contains_paywalled_content":false,"_jetpack_feature_clip_id":0,"_jetpack_memberships_contains_paid_content":false,"footnotes":"","jetpack_publicize_message":"","jetpack_publicize_feature_enabled":true,"jetpack_social_post_already_shared":true,"jetpack_social_options":{"image_generator_settings":{"template":"highway","default_image_id":0,"font":"","enabled":false},"version":2},"jetpack_post_was_ever_published":false},"categories":[1291,15],"tags":[3503,3506,68,3510,3514,3502,1323,3515,3516,3509,3513,3517,3237,3504,3508,3507,3505,1224,3512,3511],"class_list":["post-6065","post","type-post","status-publish","format-standard","has-post-thumbnail","hentry","category-efemerides","category-noticias-sociales","tag-2-de-octubre","tag-ahimsa","tag-blog-de-rafael-ramirez","tag-derechos-humanos-y-justicia-social","tag-desobediencia-civil","tag-dia-internacional-de-la-no-violencia","tag-efemerides","tag-harijans","tag-hijos-de-dios","tag-hindues-y-musulmanes","tag-independencia-de-la-india","tag-informe-social","tag-justicia-social","tag-mahatma-gandhi","tag-marcha-de-la-sal","tag-martin-luther-king","tag-mensaje-de-la-no-violencia","tag-siglo-xx","tag-simplicidad-y-autosuficiencia","tag-unidad-y-tolerancia-religiosa"],"yoast_head":"<!-- This site is optimized with the Yoast SEO plugin v28.4 - https:\/\/yoast.com\/product\/yoast-seo-wordpress\/ -->\n<title>D\u00eda Internacional de la No Violencia: promoviendo la paz. - Blog de Rafael Ram\u00edrez<\/title>\n<meta name=\"description\" content=\"El\u00a0D\u00eda Internacional de la No Violencia\u00a0se celebra cada a\u00f1o el\u00a02 de octubre, coincidiendo con el aniversario del nacimiento de\u00a0Mahatma Gandhi.\" \/>\n<meta name=\"robots\" content=\"index, follow, max-snippet:-1, max-image-preview:large, max-video-preview:-1\" \/>\n<link rel=\"canonical\" href=\"https:\/\/rafaramirez.org\/blog\/index.php\/2024\/10\/02\/dia-internacional-de-la-no-violencia\/\" \/>\n<meta property=\"og:locale\" content=\"es_ES\" \/>\n<meta property=\"og:type\" content=\"article\" \/>\n<meta property=\"og:title\" content=\"D\u00eda Internacional de la No Violencia: promoviendo la paz. - Blog de Rafael Ram\u00edrez\" \/>\n<meta property=\"og:description\" content=\"El\u00a0D\u00eda Internacional de la No Violencia\u00a0se celebra cada a\u00f1o el\u00a02 de octubre, coincidiendo con el aniversario del nacimiento de\u00a0Mahatma Gandhi.\" \/>\n<meta property=\"og:url\" content=\"https:\/\/rafaramirez.org\/blog\/index.php\/2024\/10\/02\/dia-internacional-de-la-no-violencia\/\" \/>\n<meta property=\"og:site_name\" content=\"Blog de Rafael Ram\u00edrez\" \/>\n<meta property=\"article:published_time\" content=\"2024-10-02T06:15:35+00:00\" \/>\n<meta property=\"article:modified_time\" content=\"2024-10-02T10:59:22+00:00\" \/>\n<meta property=\"og:image\" content=\"https:\/\/rafaramirez.org\/blog\/wp-content\/uploads\/2024\/10\/Dia_Internacional_de_la_No_Violencia_banner.jpg\" \/>\n\t<meta property=\"og:image:width\" content=\"720\" \/>\n\t<meta property=\"og:image:height\" content=\"440\" \/>\n\t<meta property=\"og:image:type\" content=\"image\/jpeg\" \/>\n<meta name=\"author\" content=\"Rafael Ram\u00edrez\" \/>\n<meta name=\"twitter:card\" content=\"summary_large_image\" \/>\n<meta name=\"twitter:creator\" content=\"@rafaramirez_ok\" \/>\n<meta name=\"twitter:site\" content=\"@rafaramirez_ok\" \/>\n<meta name=\"twitter:label1\" content=\"Escrito por\" \/>\n\t<meta name=\"twitter:data1\" content=\"Rafael Ram\u00edrez\" \/>\n\t<meta name=\"twitter:label2\" content=\"Tiempo de lectura\" \/>\n\t<meta name=\"twitter:data2\" content=\"6 minutos\" \/>\n<script type=\"application\/ld+json\" class=\"yoast-schema-graph\">{\"@context\":\"https:\\\/\\\/schema.org\",\"@graph\":[{\"@type\":\"Article\",\"@id\":\"https:\\\/\\\/rafaramirez.org\\\/blog\\\/index.php\\\/2024\\\/10\\\/02\\\/dia-internacional-de-la-no-violencia\\\/#article\",\"isPartOf\":{\"@id\":\"https:\\\/\\\/rafaramirez.org\\\/blog\\\/index.php\\\/2024\\\/10\\\/02\\\/dia-internacional-de-la-no-violencia\\\/\"},\"author\":{\"name\":\"Rafael Ram\u00edrez\",\"@id\":\"https:\\\/\\\/rafaramirez.org\\\/blog\\\/#\\\/schema\\\/person\\\/50f43b6d60c578760d4c17bda54ab6a5\"},\"headline\":\"D\u00eda Internacional de la No Violencia: promoviendo la paz.\",\"datePublished\":\"2024-10-02T06:15:35+00:00\",\"dateModified\":\"2024-10-02T10:59:22+00:00\",\"mainEntityOfPage\":{\"@id\":\"https:\\\/\\\/rafaramirez.org\\\/blog\\\/index.php\\\/2024\\\/10\\\/02\\\/dia-internacional-de-la-no-violencia\\\/\"},\"wordCount\":1194,\"commentCount\":0,\"publisher\":{\"@id\":\"https:\\\/\\\/rafaramirez.org\\\/blog\\\/#\\\/schema\\\/person\\\/50f43b6d60c578760d4c17bda54ab6a5\"},\"image\":{\"@id\":\"https:\\\/\\\/rafaramirez.org\\\/blog\\\/index.php\\\/2024\\\/10\\\/02\\\/dia-internacional-de-la-no-violencia\\\/#primaryimage\"},\"thumbnailUrl\":\"https:\\\/\\\/rafaramirez.org\\\/blog\\\/wp-content\\\/uploads\\\/2024\\\/10\\\/Dia_Internacional_de_la_No_Violencia_banner.jpg\",\"keywords\":[\"2 de octubre\",\"ahimsa\",\"blog de Rafael Ram\u00edrez\",\"Derechos humanos y justicia social\",\"desobediencia civil\",\"D\u00eda Internacional de la No Violencia\",\"efem\u00e9rides\",\"Harijans\",\"hijos de Dios\",\"hind\u00faes y musulmanes\",\"Independencia de la India\",\"informe social\",\"Justicia Social\",\"Mahatma Gandhi\",\"Marcha de la Sal\",\"Martin Luther King\",\"mensaje de la no violencia\",\"siglo XX\",\"Simplicidad y autosuficiencia\",\"Unidad y tolerancia religiosa\"],\"articleSection\":[\"Efem\u00e9rides\",\"Informe social\"],\"inLanguage\":\"es\",\"potentialAction\":[{\"@type\":\"CommentAction\",\"name\":\"Comment\",\"target\":[\"https:\\\/\\\/rafaramirez.org\\\/blog\\\/index.php\\\/2024\\\/10\\\/02\\\/dia-internacional-de-la-no-violencia\\\/#respond\"]}]},{\"@type\":\"WebPage\",\"@id\":\"https:\\\/\\\/rafaramirez.org\\\/blog\\\/index.php\\\/2024\\\/10\\\/02\\\/dia-internacional-de-la-no-violencia\\\/\",\"url\":\"https:\\\/\\\/rafaramirez.org\\\/blog\\\/index.php\\\/2024\\\/10\\\/02\\\/dia-internacional-de-la-no-violencia\\\/\",\"name\":\"D\u00eda Internacional de la No Violencia: promoviendo la paz. - Blog de Rafael Ram\u00edrez\",\"isPartOf\":{\"@id\":\"https:\\\/\\\/rafaramirez.org\\\/blog\\\/#website\"},\"primaryImageOfPage\":{\"@id\":\"https:\\\/\\\/rafaramirez.org\\\/blog\\\/index.php\\\/2024\\\/10\\\/02\\\/dia-internacional-de-la-no-violencia\\\/#primaryimage\"},\"image\":{\"@id\":\"https:\\\/\\\/rafaramirez.org\\\/blog\\\/index.php\\\/2024\\\/10\\\/02\\\/dia-internacional-de-la-no-violencia\\\/#primaryimage\"},\"thumbnailUrl\":\"https:\\\/\\\/rafaramirez.org\\\/blog\\\/wp-content\\\/uploads\\\/2024\\\/10\\\/Dia_Internacional_de_la_No_Violencia_banner.jpg\",\"datePublished\":\"2024-10-02T06:15:35+00:00\",\"dateModified\":\"2024-10-02T10:59:22+00:00\",\"description\":\"El\u00a0D\u00eda Internacional de la No Violencia\u00a0se celebra cada a\u00f1o el\u00a02 de octubre, coincidiendo con el aniversario del nacimiento de\u00a0Mahatma Gandhi.\",\"breadcrumb\":{\"@id\":\"https:\\\/\\\/rafaramirez.org\\\/blog\\\/index.php\\\/2024\\\/10\\\/02\\\/dia-internacional-de-la-no-violencia\\\/#breadcrumb\"},\"inLanguage\":\"es\",\"potentialAction\":[{\"@type\":\"ReadAction\",\"target\":[\"https:\\\/\\\/rafaramirez.org\\\/blog\\\/index.php\\\/2024\\\/10\\\/02\\\/dia-internacional-de-la-no-violencia\\\/\"]}]},{\"@type\":\"ImageObject\",\"inLanguage\":\"es\",\"@id\":\"https:\\\/\\\/rafaramirez.org\\\/blog\\\/index.php\\\/2024\\\/10\\\/02\\\/dia-internacional-de-la-no-violencia\\\/#primaryimage\",\"url\":\"https:\\\/\\\/rafaramirez.org\\\/blog\\\/wp-content\\\/uploads\\\/2024\\\/10\\\/Dia_Internacional_de_la_No_Violencia_banner.jpg\",\"contentUrl\":\"https:\\\/\\\/rafaramirez.org\\\/blog\\\/wp-content\\\/uploads\\\/2024\\\/10\\\/Dia_Internacional_de_la_No_Violencia_banner.jpg\",\"width\":720,\"height\":440,\"caption\":\"D\u00eda Internacional de la No Violencia. Blog de Rafael Ram\u00edrez.\"},{\"@type\":\"BreadcrumbList\",\"@id\":\"https:\\\/\\\/rafaramirez.org\\\/blog\\\/index.php\\\/2024\\\/10\\\/02\\\/dia-internacional-de-la-no-violencia\\\/#breadcrumb\",\"itemListElement\":[{\"@type\":\"ListItem\",\"position\":1,\"name\":\"Portada\",\"item\":\"https:\\\/\\\/rafaramirez.org\\\/blog\\\/\"},{\"@type\":\"ListItem\",\"position\":2,\"name\":\"D\u00eda Internacional de la No Violencia: promoviendo la paz.\"}]},{\"@type\":\"WebSite\",\"@id\":\"https:\\\/\\\/rafaramirez.org\\\/blog\\\/#website\",\"url\":\"https:\\\/\\\/rafaramirez.org\\\/blog\\\/\",\"name\":\"Blog de Rafael Ram\u00edrez\",\"description\":\"Un sitio social, de arte y cultura\",\"publisher\":{\"@id\":\"https:\\\/\\\/rafaramirez.org\\\/blog\\\/#\\\/schema\\\/person\\\/50f43b6d60c578760d4c17bda54ab6a5\"},\"potentialAction\":[{\"@type\":\"SearchAction\",\"target\":{\"@type\":\"EntryPoint\",\"urlTemplate\":\"https:\\\/\\\/rafaramirez.org\\\/blog\\\/?s={search_term_string}\"},\"query-input\":{\"@type\":\"PropertyValueSpecification\",\"valueRequired\":true,\"valueName\":\"search_term_string\"}}],\"inLanguage\":\"es\"},{\"@type\":[\"Person\",\"Organization\"],\"@id\":\"https:\\\/\\\/rafaramirez.org\\\/blog\\\/#\\\/schema\\\/person\\\/50f43b6d60c578760d4c17bda54ab6a5\",\"name\":\"Rafael Ram\u00edrez\",\"image\":{\"@type\":\"ImageObject\",\"inLanguage\":\"es\",\"@id\":\"https:\\\/\\\/rafaramirez.org\\\/blog\\\/wp-content\\\/uploads\\\/2024\\\/09\\\/RR_socialnetwork.jpg\",\"url\":\"https:\\\/\\\/rafaramirez.org\\\/blog\\\/wp-content\\\/uploads\\\/2024\\\/09\\\/RR_socialnetwork.jpg\",\"contentUrl\":\"https:\\\/\\\/rafaramirez.org\\\/blog\\\/wp-content\\\/uploads\\\/2024\\\/09\\\/RR_socialnetwork.jpg\",\"width\":600,\"height\":606,\"caption\":\"Rafael Ram\u00edrez\"},\"logo\":{\"@id\":\"https:\\\/\\\/rafaramirez.org\\\/blog\\\/wp-content\\\/uploads\\\/2024\\\/09\\\/RR_socialnetwork.jpg\"},\"sameAs\":[\"https:\\\/\\\/www.rafaramirez.org\\\/blog\",\"https:\\\/\\\/www.instagram.com\\\/rafaramirez_ok\\\/\",\"https:\\\/\\\/es.pinterest.com\\\/Ramirez_Rafa\\\/\",\"https:\\\/\\\/x.com\\\/rafaramirez_ok\"],\"url\":\"https:\\\/\\\/rafaramirez.org\\\/blog\\\/index.php\\\/author\\\/rafaell_qm6j97da\\\/\"}]}<\/script>\n<!-- \/ Yoast SEO plugin. -->","yoast_head_json":{"title":"D\u00eda Internacional de la No Violencia: promoviendo la paz. - Blog de Rafael Ram\u00edrez","description":"El\u00a0D\u00eda Internacional de la No Violencia\u00a0se celebra cada a\u00f1o el\u00a02 de octubre, coincidiendo con el aniversario del nacimiento de\u00a0Mahatma Gandhi.","robots":{"index":"index","follow":"follow","max-snippet":"max-snippet:-1","max-image-preview":"max-image-preview:large","max-video-preview":"max-video-preview:-1"},"canonical":"https:\/\/rafaramirez.org\/blog\/index.php\/2024\/10\/02\/dia-internacional-de-la-no-violencia\/","og_locale":"es_ES","og_type":"article","og_title":"D\u00eda Internacional de la No Violencia: promoviendo la paz. - Blog de Rafael Ram\u00edrez","og_description":"El\u00a0D\u00eda Internacional de la No Violencia\u00a0se celebra cada a\u00f1o el\u00a02 de octubre, coincidiendo con el aniversario del nacimiento de\u00a0Mahatma Gandhi.","og_url":"https:\/\/rafaramirez.org\/blog\/index.php\/2024\/10\/02\/dia-internacional-de-la-no-violencia\/","og_site_name":"Blog de Rafael Ram\u00edrez","article_published_time":"2024-10-02T06:15:35+00:00","article_modified_time":"2024-10-02T10:59:22+00:00","og_image":[{"width":720,"height":440,"url":"https:\/\/rafaramirez.org\/blog\/wp-content\/uploads\/2024\/10\/Dia_Internacional_de_la_No_Violencia_banner.jpg","type":"image\/jpeg"}],"author":"Rafael Ram\u00edrez","twitter_card":"summary_large_image","twitter_creator":"@rafaramirez_ok","twitter_site":"@rafaramirez_ok","twitter_misc":{"Escrito por":"Rafael Ram\u00edrez","Tiempo de lectura":"6 minutos"},"schema":{"@context":"https:\/\/schema.org","@graph":[{"@type":"Article","@id":"https:\/\/rafaramirez.org\/blog\/index.php\/2024\/10\/02\/dia-internacional-de-la-no-violencia\/#article","isPartOf":{"@id":"https:\/\/rafaramirez.org\/blog\/index.php\/2024\/10\/02\/dia-internacional-de-la-no-violencia\/"},"author":{"name":"Rafael Ram\u00edrez","@id":"https:\/\/rafaramirez.org\/blog\/#\/schema\/person\/50f43b6d60c578760d4c17bda54ab6a5"},"headline":"D\u00eda Internacional de la No Violencia: promoviendo la paz.","datePublished":"2024-10-02T06:15:35+00:00","dateModified":"2024-10-02T10:59:22+00:00","mainEntityOfPage":{"@id":"https:\/\/rafaramirez.org\/blog\/index.php\/2024\/10\/02\/dia-internacional-de-la-no-violencia\/"},"wordCount":1194,"commentCount":0,"publisher":{"@id":"https:\/\/rafaramirez.org\/blog\/#\/schema\/person\/50f43b6d60c578760d4c17bda54ab6a5"},"image":{"@id":"https:\/\/rafaramirez.org\/blog\/index.php\/2024\/10\/02\/dia-internacional-de-la-no-violencia\/#primaryimage"},"thumbnailUrl":"https:\/\/rafaramirez.org\/blog\/wp-content\/uploads\/2024\/10\/Dia_Internacional_de_la_No_Violencia_banner.jpg","keywords":["2 de octubre","ahimsa","blog de Rafael Ram\u00edrez","Derechos humanos y justicia social","desobediencia civil","D\u00eda Internacional de la No Violencia","efem\u00e9rides","Harijans","hijos de Dios","hind\u00faes y musulmanes","Independencia de la India","informe social","Justicia Social","Mahatma Gandhi","Marcha de la Sal","Martin Luther King","mensaje de la no violencia","siglo XX","Simplicidad y autosuficiencia","Unidad y tolerancia religiosa"],"articleSection":["Efem\u00e9rides","Informe social"],"inLanguage":"es","potentialAction":[{"@type":"CommentAction","name":"Comment","target":["https:\/\/rafaramirez.org\/blog\/index.php\/2024\/10\/02\/dia-internacional-de-la-no-violencia\/#respond"]}]},{"@type":"WebPage","@id":"https:\/\/rafaramirez.org\/blog\/index.php\/2024\/10\/02\/dia-internacional-de-la-no-violencia\/","url":"https:\/\/rafaramirez.org\/blog\/index.php\/2024\/10\/02\/dia-internacional-de-la-no-violencia\/","name":"D\u00eda Internacional de la No Violencia: promoviendo la paz. - Blog de Rafael Ram\u00edrez","isPartOf":{"@id":"https:\/\/rafaramirez.org\/blog\/#website"},"primaryImageOfPage":{"@id":"https:\/\/rafaramirez.org\/blog\/index.php\/2024\/10\/02\/dia-internacional-de-la-no-violencia\/#primaryimage"},"image":{"@id":"https:\/\/rafaramirez.org\/blog\/index.php\/2024\/10\/02\/dia-internacional-de-la-no-violencia\/#primaryimage"},"thumbnailUrl":"https:\/\/rafaramirez.org\/blog\/wp-content\/uploads\/2024\/10\/Dia_Internacional_de_la_No_Violencia_banner.jpg","datePublished":"2024-10-02T06:15:35+00:00","dateModified":"2024-10-02T10:59:22+00:00","description":"El\u00a0D\u00eda Internacional de la No Violencia\u00a0se celebra cada a\u00f1o el\u00a02 de octubre, coincidiendo con el aniversario del nacimiento de\u00a0Mahatma Gandhi.","breadcrumb":{"@id":"https:\/\/rafaramirez.org\/blog\/index.php\/2024\/10\/02\/dia-internacional-de-la-no-violencia\/#breadcrumb"},"inLanguage":"es","potentialAction":[{"@type":"ReadAction","target":["https:\/\/rafaramirez.org\/blog\/index.php\/2024\/10\/02\/dia-internacional-de-la-no-violencia\/"]}]},{"@type":"ImageObject","inLanguage":"es","@id":"https:\/\/rafaramirez.org\/blog\/index.php\/2024\/10\/02\/dia-internacional-de-la-no-violencia\/#primaryimage","url":"https:\/\/rafaramirez.org\/blog\/wp-content\/uploads\/2024\/10\/Dia_Internacional_de_la_No_Violencia_banner.jpg","contentUrl":"https:\/\/rafaramirez.org\/blog\/wp-content\/uploads\/2024\/10\/Dia_Internacional_de_la_No_Violencia_banner.jpg","width":720,"height":440,"caption":"D\u00eda Internacional de la No Violencia. Blog de Rafael Ram\u00edrez."},{"@type":"BreadcrumbList","@id":"https:\/\/rafaramirez.org\/blog\/index.php\/2024\/10\/02\/dia-internacional-de-la-no-violencia\/#breadcrumb","itemListElement":[{"@type":"ListItem","position":1,"name":"Portada","item":"https:\/\/rafaramirez.org\/blog\/"},{"@type":"ListItem","position":2,"name":"D\u00eda Internacional de la No Violencia: promoviendo la paz."}]},{"@type":"WebSite","@id":"https:\/\/rafaramirez.org\/blog\/#website","url":"https:\/\/rafaramirez.org\/blog\/","name":"Blog de Rafael Ram\u00edrez","description":"Un sitio social, de arte y cultura","publisher":{"@id":"https:\/\/rafaramirez.org\/blog\/#\/schema\/person\/50f43b6d60c578760d4c17bda54ab6a5"},"potentialAction":[{"@type":"SearchAction","target":{"@type":"EntryPoint","urlTemplate":"https:\/\/rafaramirez.org\/blog\/?s={search_term_string}"},"query-input":{"@type":"PropertyValueSpecification","valueRequired":true,"valueName":"search_term_string"}}],"inLanguage":"es"},{"@type":["Person","Organization"],"@id":"https:\/\/rafaramirez.org\/blog\/#\/schema\/person\/50f43b6d60c578760d4c17bda54ab6a5","name":"Rafael Ram\u00edrez","image":{"@type":"ImageObject","inLanguage":"es","@id":"https:\/\/rafaramirez.org\/blog\/wp-content\/uploads\/2024\/09\/RR_socialnetwork.jpg","url":"https:\/\/rafaramirez.org\/blog\/wp-content\/uploads\/2024\/09\/RR_socialnetwork.jpg","contentUrl":"https:\/\/rafaramirez.org\/blog\/wp-content\/uploads\/2024\/09\/RR_socialnetwork.jpg","width":600,"height":606,"caption":"Rafael Ram\u00edrez"},"logo":{"@id":"https:\/\/rafaramirez.org\/blog\/wp-content\/uploads\/2024\/09\/RR_socialnetwork.jpg"},"sameAs":["https:\/\/www.rafaramirez.org\/blog","https:\/\/www.instagram.com\/rafaramirez_ok\/","https:\/\/es.pinterest.com\/Ramirez_Rafa\/","https:\/\/x.com\/rafaramirez_ok"],"url":"https:\/\/rafaramirez.org\/blog\/index.php\/author\/rafaell_qm6j97da\/"}]}},"jetpack_publicize_connections":[],"jetpack_sharing_enabled":true,"jetpack_likes_enabled":true,"jetpack_featured_media_url":"https:\/\/rafaramirez.org\/blog\/wp-content\/uploads\/2024\/10\/Dia_Internacional_de_la_No_Violencia_banner.jpg","_links":{"self":[{"href":"https:\/\/rafaramirez.org\/blog\/index.php\/wp-json\/wp\/v2\/posts\/6065","targetHints":{"allow":["GET"]}}],"collection":[{"href":"https:\/\/rafaramirez.org\/blog\/index.php\/wp-json\/wp\/v2\/posts"}],"about":[{"href":"https:\/\/rafaramirez.org\/blog\/index.php\/wp-json\/wp\/v2\/types\/post"}],"author":[{"embeddable":true,"href":"https:\/\/rafaramirez.org\/blog\/index.php\/wp-json\/wp\/v2\/users\/1"}],"replies":[{"embeddable":true,"href":"https:\/\/rafaramirez.org\/blog\/index.php\/wp-json\/wp\/v2\/comments?post=6065"}],"version-history":[{"count":12,"href":"https:\/\/rafaramirez.org\/blog\/index.php\/wp-json\/wp\/v2\/posts\/6065\/revisions"}],"predecessor-version":[{"id":6317,"href":"https:\/\/rafaramirez.org\/blog\/index.php\/wp-json\/wp\/v2\/posts\/6065\/revisions\/6317"}],"wp:featuredmedia":[{"embeddable":true,"href":"https:\/\/rafaramirez.org\/blog\/index.php\/wp-json\/wp\/v2\/media\/6071"}],"wp:attachment":[{"href":"https:\/\/rafaramirez.org\/blog\/index.php\/wp-json\/wp\/v2\/media?parent=6065"}],"wp:term":[{"taxonomy":"category","embeddable":true,"href":"https:\/\/rafaramirez.org\/blog\/index.php\/wp-json\/wp\/v2\/categories?post=6065"},{"taxonomy":"post_tag","embeddable":true,"href":"https:\/\/rafaramirez.org\/blog\/index.php\/wp-json\/wp\/v2\/tags?post=6065"}],"curies":[{"name":"wp","href":"https:\/\/api.w.org\/{rel}","templated":true}]}}