{"id":5993,"date":"2024-09-27T08:15:39","date_gmt":"2024-09-27T06:15:39","guid":{"rendered":"https:\/\/rafaramirez.org\/blog\/?p=5993"},"modified":"2024-09-30T11:14:15","modified_gmt":"2024-09-30T09:14:15","slug":"torre-eiffel-postal-antigua","status":"publish","type":"post","link":"https:\/\/rafaramirez.org\/blog\/index.php\/2024\/09\/27\/torre-eiffel-postal-antigua\/","title":{"rendered":"Postal antigua de la Torre Eiffel. A\u00f1os 50. Colecci\u00f3n particular."},"content":{"rendered":"<p>Postal antigua sin fechar, a buen seguro que viaj\u00f3 en un sobre, posiblemente de los a\u00f1os 50. La imagen es de la <strong>Torre Eiffel<\/strong> vista desde los <strong>jardines del Palacio Chaillot<\/strong>, en ella sigue narr\u00e1ndose la historia de nuestros emigrantes en aquellos a\u00f1os. Debajo de las fotograf\u00edas os dejo informaci\u00f3n sobre esta vista impresa en la postal.<\/p>\n<p><strong>Informaci\u00f3n impresa en la postal:\u00a0<\/strong><\/p>\n<blockquote><p><strong>COULEURS ET LUMIERE DE FRANCE<\/strong> (COLORES Y LUZ DE FRANCIA)<\/p>\n<p><strong>PARIS &#8211; La Tour Eiffel vue des jardins du Palais de Chaillot.<\/strong> (La Torre Eiffel vista desde los jardines del Palacio de Chaillot).<\/p>\n<p>E.K.G. 58<\/p>\n<p>Draeger, Imp. &#8211; Procede 301<\/p>\n<p>Editions d&#8217;art Yvon<\/p>\n<p>5, Rue Martel &#8211; Paris<\/p>\n<p>by P.A.D.E.M. &#8211;\u00a0 Imprime en France<\/p><\/blockquote>\n<figure id=\"attachment_5998\" aria-describedby=\"caption-attachment-5998\" style=\"width: 300px\" class=\"wp-caption aligncenter\"><a href=\"https:\/\/rafaramirez.org\/blog\/wp-content\/uploads\/2024\/09\/postal_vintage_Torre_Eiffel_anversologblog.jpg\" target=\"_blank\" rel=\"noopener\"><img loading=\"lazy\" decoding=\"async\" class=\"wp-image-5998 size-medium\" src=\"https:\/\/rafaramirez.org\/blog\/wp-content\/uploads\/2024\/09\/postal_vintage_Torre_Eiffel_anversologblog-300x226.jpg\" alt=\"Postal de La Torre Eiffel. Par\u00eds (A\u00f1os 50). Anverso. Blog de Rafael Ram\u00edrez.\" width=\"300\" height=\"226\" srcset=\"https:\/\/rafaramirez.org\/blog\/wp-content\/uploads\/2024\/09\/postal_vintage_Torre_Eiffel_anversologblog-300x226.jpg 300w, https:\/\/rafaramirez.org\/blog\/wp-content\/uploads\/2024\/09\/postal_vintage_Torre_Eiffel_anversologblog-1024x773.jpg 1024w, https:\/\/rafaramirez.org\/blog\/wp-content\/uploads\/2024\/09\/postal_vintage_Torre_Eiffel_anversologblog-768x580.jpg 768w, https:\/\/rafaramirez.org\/blog\/wp-content\/uploads\/2024\/09\/postal_vintage_Torre_Eiffel_anversologblog.jpg 1190w\" sizes=\"auto, (max-width: 300px) 100vw, 300px\" \/><\/a><figcaption id=\"caption-attachment-5998\" class=\"wp-caption-text\">Postal de La Torre Eiffel. Par\u00eds (A\u00f1os 50). Anverso. Blog de Rafael Ram\u00edrez.<\/figcaption><\/figure>\n<figure id=\"attachment_5999\" aria-describedby=\"caption-attachment-5999\" style=\"width: 300px\" class=\"wp-caption aligncenter\"><a href=\"https:\/\/rafaramirez.org\/blog\/wp-content\/uploads\/2024\/09\/postal_vintage_Torre_Eiffel_reversologblog.jpg\" target=\"_blank\" rel=\"noopener\"><img loading=\"lazy\" decoding=\"async\" class=\"wp-image-5999 size-medium\" src=\"https:\/\/rafaramirez.org\/blog\/wp-content\/uploads\/2024\/09\/postal_vintage_Torre_Eiffel_reversologblog-300x226.jpg\" alt=\"Postal de La Torre Eiffel. Par\u00eds (A\u00f1os 50). Reverso. Blog de Rafael Ram\u00edrez.\" width=\"300\" height=\"226\" srcset=\"https:\/\/rafaramirez.org\/blog\/wp-content\/uploads\/2024\/09\/postal_vintage_Torre_Eiffel_reversologblog-300x226.jpg 300w, https:\/\/rafaramirez.org\/blog\/wp-content\/uploads\/2024\/09\/postal_vintage_Torre_Eiffel_reversologblog-1024x773.jpg 1024w, https:\/\/rafaramirez.org\/blog\/wp-content\/uploads\/2024\/09\/postal_vintage_Torre_Eiffel_reversologblog-768x580.jpg 768w, https:\/\/rafaramirez.org\/blog\/wp-content\/uploads\/2024\/09\/postal_vintage_Torre_Eiffel_reversologblog.jpg 1190w\" sizes=\"auto, (max-width: 300px) 100vw, 300px\" \/><\/a><figcaption id=\"caption-attachment-5999\" class=\"wp-caption-text\">Postal de La Torre Eiffel. Par\u00eds (A\u00f1os 50). Reverso. Blog de Rafael Ram\u00edrez.<\/figcaption><\/figure>\n<p><strong>Texto de la postal:<\/strong><\/p>\n<blockquote><p><strong><em>Apreciable amiga Victori \/<\/em><\/strong><strong><em>Matilde: <\/em><\/strong><\/p>\n<p><strong><em>Cuatro letras para comunicarte que de viaje llegamos bien y al mismo tiempo para que sepas que no nos olvidamos de vosotros. <\/em><\/strong><\/p>\n<p><strong><em>Siento mucho por mi modo de ser, pero en el fondo yo la aprecio mucho aunque creas todo lo contrario de lo que te digo. Pues si Victori, aunque soy muy raro y yo mismo me doy cuenta del mal que te he hecho, pero tu sabes porqu\u00e9; no hechos porque soy un ser que no valgo para nada. Bueno solo deseo que Matilde se encuentre bien y que ya est\u00e9 buena de todo. <\/em><\/strong><\/p>\n<p><strong><em>Pues Par\u00eds es bonito por lo poco que hemos visto, le ha gustado mucho. Dime como anda la cosa por ah\u00ed, me figuro que bien. Dile a Pepito que tambi\u00e9n me acuerdo de \u00e9l, que siento mucho dejarlo ya que para nosotros era un buen chico y buen compa\u00f1ero. <\/em><\/strong><\/p>\n<p><strong><em>Bueno Victori ya te ir\u00e9 contando mas cosas de Par\u00eds seg\u00fan la vayamos viendo. <\/em><\/strong><\/p>\n<p><strong><em>Recuerdos de mi hermana, besos de Paula y saludos m\u00edos para todos.<\/em><\/strong><\/p><\/blockquote>\n<div class=\"message\">\n<div class=\"content user-select-text\" tabindex=\"0\" role=\"heading\" aria-level=\"6\" aria-description=\"\" aria-label=\"Enviado por Copilot: Los **Campos El\u00edseos** (Champs-\u00c9lys\u00e9es) son una de las avenidas m\u00e1s famosas del mundo y una joya de Par\u00eds. Aqu\u00ed tienes algunos detalles interesantes: 1. **Historia y Origen**: - En 1640, se plantaron \u00e1rboles a lo largo de lo que se convertir\u00eda en los Campos El\u00edseos. - El nombre proviene de la mitolog\u00eda griega y se refiere a un lugar equivalente al Para\u00edso cristiano. - Durante la Revoluci\u00f3n Francesa, esta avenida fue escenario de importantes manifestaciones y desfiles, incluyendo la famosa toma de la Bastilla[^1^] [^2^]. 2. **Arquitectura y Atracciones**: - La avenida se extiende por casi dos kil\u00f3metros y est\u00e1 dividida en dos partes. - La zona baja, cerca de la Plaza de la Concordia, est\u00e1 rodeada de jardines y edificios imponentes como el Palacio del Descubrimiento y el Grand Palais. - La parte alta comienza en la Place de l\u2019Etoile, junto al Arco del Triunfo, y alberga tiendas de lujo, restaurantes y cines. - Desde el Gran Arco en La Defensa, se obtienen vistas \u00fanicas de los Campos El\u00edseos[^1^]. 3. **Eventos y Significado**: - Aqu\u00ed se celebra el desfile militar anual en la Fiesta Nacional de Francia. - Desde 1975, es la meta final del Tour de Francia[^4^]. En resumen, los Campos El\u00edseos son un s\u00edmbolo de sofisticaci\u00f3n y glamour en la Ciudad de la Luz. \u00a1Un lugar imprescindible para visitar! \ud83c\uddeb\ud83c\uddf7\u2728[^1^] [^3^] [^5^]\">\n<div class=\"ac-container ac-adaptiveCard has-image\">\n<div class=\"ac-textBlock\">\n<h3>Sobre la Torre Eiffel.<\/h3>\n<p>La\u00a0<strong>Torre Eiffel<\/strong>\u00a0es uno de los monumentos m\u00e1s ic\u00f3nicos del mundo y un s\u00edmbolo indiscutible de <strong>Par\u00eds <\/strong>y de<strong> Francia<\/strong>. Es dise\u00f1ada por el ingeniero civil <strong>Gustave Eiffel<\/strong> y sus colaboradores para la <strong>Exposici\u00f3n Universal de 1889<\/strong>, celebrada en Par\u00eds.\u00a0Inicialmente, la torre fue objeto de controversia, ya que muchos artistas y ciudadanos la consideraban una monstruosidad de hierro.<\/p>\n<h4>Caracter\u00edsticas Principales:<\/h4>\n<ul>\n<li><strong>Altura<\/strong>: Originalmente, la torre med\u00eda 300 metros, pero con la adici\u00f3n de antenas, su altura actual es de 330 metros.<\/li>\n<li><strong>Construcci\u00f3n<\/strong>: La construcci\u00f3n de la torre se termin\u00f3 en 1889, despu\u00e9s de dos a\u00f1os, dos meses y cinco d\u00edas de trabajos.<\/li>\n<li><strong>Material<\/strong>: Est\u00e1 hecha de hierro pudelado, un tipo de hierro forjado.<\/li>\n<li><strong>Uso<\/strong>: Adem\u00e1s de ser una atracci\u00f3n tur\u00edstica, la torre tambi\u00e9n se utiliza para la radiodifusi\u00f3n y la transmisi\u00f3n de se\u00f1ales de televisi\u00f3n y radio.<\/li>\n<\/ul>\n<h4>Datos Interesantes:<\/h4>\n<ul>\n<li><strong>Visitantes<\/strong>: Es el monumento de pago m\u00e1s visitado del mundo, con m\u00e1s de 7 millones de visitantes anuales.<\/li>\n<li><strong>Iluminaci\u00f3n<\/strong>: La torre se ilumina cada noche con 20,000 bombillas, creando un espect\u00e1culo de luces que es visible desde muchos puntos de la ciudad.<\/li>\n<li><strong>Restaurantes<\/strong>: En la torre hay varios restaurantes, incluyendo el famoso restaurante Jules Verne, que ofrece vistas panor\u00e1micas de Par\u00eds desde una altura de 125 metros.<\/li>\n<\/ul>\n<h3>Sobre el Palacio de Chaillot.<\/h3>\n<p>El\u00a0<strong>Palais de Chaillot<\/strong>\u00a0es un emblem\u00e1tico edificio situado en el <strong>distrito XVI de Par\u00eds<\/strong>, en la <strong>plaza del Trocad\u00e9ro<\/strong>, sobre la colina de Chaillot. Es construido para la <strong>Exposici\u00f3n Universal de 1937<\/strong> por los arquitectos <strong>L\u00e9on Az\u00e9ma, Jacques Carlu <\/strong>y<strong> Louis-Hippolyte Boileau<\/strong>.<\/p>\n<p>Este palacio destaca por su arquitectura neocl\u00e1sica y consta de dos pabellones con alas curvil\u00edneas que descienden hacia el <strong>r\u00edo Sena<\/strong>, separados por una amplia explanada que ofrece vistas espectaculares de la Torre Eiffel.\u00a0En su interior alberga varios museos importantes, como el <strong>Museo del Hombre<\/strong>, el<strong> Museo Nacional de la Marina <\/strong>y la<strong> Cit\u00e9 de l\u2019Architecture et du Patrimoine<\/strong>.<\/p>\n<p>Adem\u00e1s, el Palais de Chaillot tiene un significado hist\u00f3rico notable, ya que fue el lugar donde la <strong>Asamblea General de las Naciones Unidas<\/strong> adopt\u00f3 la <strong>Declaraci\u00f3n Universal de los Derechos Humanos<\/strong> el 10 de diciembre de 1948. Por esta causa, la explanada central del palacio, es nombrada en 1985 como la <strong>Plaza de las Libertades y de los Derechos del Hombre<\/strong>.<\/p>\n<p><strong>Espero te haya gustado esta antigua postal y la historia humana detr\u00e1s de ella, as\u00ed como la informaci\u00f3n adicional de Par\u00eds. Puedes dejar tus comentarios debajo del post \u00a1Saludos!<\/strong>\u2728<\/p>\n<p>M\u00e1s informaci\u00f3n:<\/p>\n<ul>\n<li><a href=\"https:\/\/es.wikipedia.org\/wiki\/Torre_Eiffel\" target=\"_blank\" rel=\"noopener\">Wikipedia<\/a>.<\/li>\n<li><a href=\"https:\/\/www.toureiffel.paris\/es\" target=\"_blank\" rel=\"noopener\">Tour Eiffel Paris<\/a>.<\/li>\n<li><a href=\"https:\/\/es.wikipedia.org\/wiki\/Palacio_de_Chaillot\" target=\"_blank\" rel=\"noopener\">Wikipedia<\/a>.<\/li>\n<li><a href=\"https:\/\/rafaramirez.org\/blog\/index.php\/category\/vintage\/\" target=\"_blank\" rel=\"noopener\">M\u00e1s Vintage<\/a>.<\/li>\n<\/ul>\n<\/div>\n<\/div>\n<\/div>\n<\/div>\n","protected":false},"excerpt":{"rendered":"<p>Postal antigua sin fechar, a buen seguro que viaj\u00f3 en un sobre, posiblemente de los a\u00f1os 50. La imagen es de la Torre Eiffel vista desde los jardines del Palacio Chaillot, en ella sigue narr\u00e1ndose la historia de nuestros emigrantes en aquellos a\u00f1os. Debajo de las fotograf\u00edas os dejo informaci\u00f3n sobre esta vista impresa en [&hellip;]<\/p>\n","protected":false},"author":1,"featured_media":6007,"comment_status":"open","ping_status":"closed","sticky":false,"template":"","format":"standard","meta":{"site-container-style":"default","site-container-layout":"default","site-sidebar-layout":"default","disable-article-header":"default","disable-site-header":"default","disable-site-footer":"default","disable-content-area-spacing":"default","_jetpack_newsletter_access":"","_jetpack_dont_email_post_to_subs":false,"_jetpack_newsletter_tier_id":0,"_jetpack_memberships_contains_paywalled_content":false,"_jetpack_feature_clip_id":0,"_jetpack_memberships_contains_paid_content":false,"footnotes":"","jetpack_publicize_message":"","jetpack_publicize_feature_enabled":true,"jetpack_social_post_already_shared":true,"jetpack_social_options":{"image_generator_settings":{"template":"highway","default_image_id":0,"font":"","enabled":false},"version":2},"jetpack_post_was_ever_published":false},"categories":[12],"tags":[68,2488,139,200,2478,3485,3484,351,393,395,480],"class_list":["post-5993","post","type-post","status-publish","format-standard","has-post-thumbnail","hentry","category-vintage","tag-blog-de-rafael-ramirez","tag-ciudad-de-la-luz","tag-destacado","tag-francia","tag-grand-palais","tag-palacio-de-chaillot","tag-palais-de-chaillot","tag-paris","tag-postales-antiguas","tag-postales-vintage","tag-torre-eiffel"],"yoast_head":"<!-- This site is optimized with the Yoast SEO plugin v28.4 - https:\/\/yoast.com\/product\/yoast-seo-wordpress\/ -->\n<title>Postal antigua de la Torre Eiffel. A\u00f1os 50. Colecci\u00f3n particular. - Blog de Rafael Ram\u00edrez<\/title>\n<meta name=\"description\" content=\"Postal antigua, posiblemente de los a\u00f1os 50. En ella sigue narr\u00e1ndose la historia de nuestros emigrantes en aquellos a\u00f1os.\" \/>\n<meta name=\"robots\" content=\"index, follow, max-snippet:-1, max-image-preview:large, max-video-preview:-1\" \/>\n<link rel=\"canonical\" href=\"https:\/\/rafaramirez.org\/blog\/index.php\/2024\/09\/27\/torre-eiffel-postal-antigua\/\" \/>\n<meta property=\"og:locale\" content=\"es_ES\" \/>\n<meta property=\"og:type\" content=\"article\" \/>\n<meta property=\"og:title\" content=\"Postal antigua de la Torre Eiffel. A\u00f1os 50. Colecci\u00f3n particular. - Blog de Rafael Ram\u00edrez\" \/>\n<meta property=\"og:description\" content=\"Postal antigua, posiblemente de los a\u00f1os 50. En ella sigue narr\u00e1ndose la historia de nuestros emigrantes en aquellos a\u00f1os.\" \/>\n<meta property=\"og:url\" content=\"https:\/\/rafaramirez.org\/blog\/index.php\/2024\/09\/27\/torre-eiffel-postal-antigua\/\" \/>\n<meta property=\"og:site_name\" content=\"Blog de Rafael Ram\u00edrez\" \/>\n<meta property=\"article:published_time\" content=\"2024-09-27T06:15:39+00:00\" \/>\n<meta property=\"article:modified_time\" content=\"2024-09-30T09:14:15+00:00\" \/>\n<meta property=\"og:image\" content=\"https:\/\/rafaramirez.org\/blog\/wp-content\/uploads\/2024\/09\/Banner_postal_Torre_Eiffel.fw_.png\" \/>\n\t<meta property=\"og:image:width\" content=\"720\" \/>\n\t<meta property=\"og:image:height\" content=\"440\" \/>\n\t<meta property=\"og:image:type\" content=\"image\/png\" \/>\n<meta name=\"author\" content=\"Rafael Ram\u00edrez\" \/>\n<meta name=\"twitter:card\" content=\"summary_large_image\" \/>\n<meta name=\"twitter:creator\" content=\"@rafaramirez_ok\" \/>\n<meta name=\"twitter:site\" content=\"@rafaramirez_ok\" \/>\n<meta name=\"twitter:label1\" content=\"Escrito por\" \/>\n\t<meta name=\"twitter:data1\" content=\"Rafael Ram\u00edrez\" \/>\n\t<meta name=\"twitter:label2\" content=\"Tiempo de lectura\" \/>\n\t<meta name=\"twitter:data2\" content=\"3 minutos\" \/>\n<script type=\"application\/ld+json\" class=\"yoast-schema-graph\">{\"@context\":\"https:\\\/\\\/schema.org\",\"@graph\":[{\"@type\":\"Article\",\"@id\":\"https:\\\/\\\/rafaramirez.org\\\/blog\\\/index.php\\\/2024\\\/09\\\/27\\\/torre-eiffel-postal-antigua\\\/#article\",\"isPartOf\":{\"@id\":\"https:\\\/\\\/rafaramirez.org\\\/blog\\\/index.php\\\/2024\\\/09\\\/27\\\/torre-eiffel-postal-antigua\\\/\"},\"author\":{\"name\":\"Rafael Ram\u00edrez\",\"@id\":\"https:\\\/\\\/rafaramirez.org\\\/blog\\\/#\\\/schema\\\/person\\\/50f43b6d60c578760d4c17bda54ab6a5\"},\"headline\":\"Postal antigua de la Torre Eiffel. A\u00f1os 50. Colecci\u00f3n particular.\",\"datePublished\":\"2024-09-27T06:15:39+00:00\",\"dateModified\":\"2024-09-30T09:14:15+00:00\",\"mainEntityOfPage\":{\"@id\":\"https:\\\/\\\/rafaramirez.org\\\/blog\\\/index.php\\\/2024\\\/09\\\/27\\\/torre-eiffel-postal-antigua\\\/\"},\"wordCount\":820,\"commentCount\":0,\"publisher\":{\"@id\":\"https:\\\/\\\/rafaramirez.org\\\/blog\\\/#\\\/schema\\\/person\\\/50f43b6d60c578760d4c17bda54ab6a5\"},\"image\":{\"@id\":\"https:\\\/\\\/rafaramirez.org\\\/blog\\\/index.php\\\/2024\\\/09\\\/27\\\/torre-eiffel-postal-antigua\\\/#primaryimage\"},\"thumbnailUrl\":\"https:\\\/\\\/rafaramirez.org\\\/blog\\\/wp-content\\\/uploads\\\/2024\\\/09\\\/Banner_postal_Torre_Eiffel.fw_.png\",\"keywords\":[\"blog de Rafael Ram\u00edrez\",\"Ciudad de la Luz\",\"destacado\",\"Francia\",\"Grand Palais\",\"Palacio de Chaillot\",\"Palais de Chaillot\",\"Paris\",\"postales antiguas\",\"postales vintage\",\"Torre Eiffel\"],\"articleSection\":[\"Vintage\"],\"inLanguage\":\"es\",\"potentialAction\":[{\"@type\":\"CommentAction\",\"name\":\"Comment\",\"target\":[\"https:\\\/\\\/rafaramirez.org\\\/blog\\\/index.php\\\/2024\\\/09\\\/27\\\/torre-eiffel-postal-antigua\\\/#respond\"]}]},{\"@type\":\"WebPage\",\"@id\":\"https:\\\/\\\/rafaramirez.org\\\/blog\\\/index.php\\\/2024\\\/09\\\/27\\\/torre-eiffel-postal-antigua\\\/\",\"url\":\"https:\\\/\\\/rafaramirez.org\\\/blog\\\/index.php\\\/2024\\\/09\\\/27\\\/torre-eiffel-postal-antigua\\\/\",\"name\":\"Postal antigua de la Torre Eiffel. A\u00f1os 50. Colecci\u00f3n particular. - Blog de Rafael Ram\u00edrez\",\"isPartOf\":{\"@id\":\"https:\\\/\\\/rafaramirez.org\\\/blog\\\/#website\"},\"primaryImageOfPage\":{\"@id\":\"https:\\\/\\\/rafaramirez.org\\\/blog\\\/index.php\\\/2024\\\/09\\\/27\\\/torre-eiffel-postal-antigua\\\/#primaryimage\"},\"image\":{\"@id\":\"https:\\\/\\\/rafaramirez.org\\\/blog\\\/index.php\\\/2024\\\/09\\\/27\\\/torre-eiffel-postal-antigua\\\/#primaryimage\"},\"thumbnailUrl\":\"https:\\\/\\\/rafaramirez.org\\\/blog\\\/wp-content\\\/uploads\\\/2024\\\/09\\\/Banner_postal_Torre_Eiffel.fw_.png\",\"datePublished\":\"2024-09-27T06:15:39+00:00\",\"dateModified\":\"2024-09-30T09:14:15+00:00\",\"description\":\"Postal antigua, posiblemente de los a\u00f1os 50. En ella sigue narr\u00e1ndose la historia de nuestros emigrantes en aquellos a\u00f1os.\",\"breadcrumb\":{\"@id\":\"https:\\\/\\\/rafaramirez.org\\\/blog\\\/index.php\\\/2024\\\/09\\\/27\\\/torre-eiffel-postal-antigua\\\/#breadcrumb\"},\"inLanguage\":\"es\",\"potentialAction\":[{\"@type\":\"ReadAction\",\"target\":[\"https:\\\/\\\/rafaramirez.org\\\/blog\\\/index.php\\\/2024\\\/09\\\/27\\\/torre-eiffel-postal-antigua\\\/\"]}]},{\"@type\":\"ImageObject\",\"inLanguage\":\"es\",\"@id\":\"https:\\\/\\\/rafaramirez.org\\\/blog\\\/index.php\\\/2024\\\/09\\\/27\\\/torre-eiffel-postal-antigua\\\/#primaryimage\",\"url\":\"https:\\\/\\\/rafaramirez.org\\\/blog\\\/wp-content\\\/uploads\\\/2024\\\/09\\\/Banner_postal_Torre_Eiffel.fw_.png\",\"contentUrl\":\"https:\\\/\\\/rafaramirez.org\\\/blog\\\/wp-content\\\/uploads\\\/2024\\\/09\\\/Banner_postal_Torre_Eiffel.fw_.png\",\"width\":720,\"height\":440,\"caption\":\"Postal: Torre Eiffel (a\u00f1os 50). Blog de Rafael Ram\u00edrez.\"},{\"@type\":\"BreadcrumbList\",\"@id\":\"https:\\\/\\\/rafaramirez.org\\\/blog\\\/index.php\\\/2024\\\/09\\\/27\\\/torre-eiffel-postal-antigua\\\/#breadcrumb\",\"itemListElement\":[{\"@type\":\"ListItem\",\"position\":1,\"name\":\"Portada\",\"item\":\"https:\\\/\\\/rafaramirez.org\\\/blog\\\/\"},{\"@type\":\"ListItem\",\"position\":2,\"name\":\"Postal antigua de la Torre Eiffel. A\u00f1os 50. Colecci\u00f3n particular.\"}]},{\"@type\":\"WebSite\",\"@id\":\"https:\\\/\\\/rafaramirez.org\\\/blog\\\/#website\",\"url\":\"https:\\\/\\\/rafaramirez.org\\\/blog\\\/\",\"name\":\"Blog de Rafael Ram\u00edrez\",\"description\":\"Un sitio social, de arte y cultura\",\"publisher\":{\"@id\":\"https:\\\/\\\/rafaramirez.org\\\/blog\\\/#\\\/schema\\\/person\\\/50f43b6d60c578760d4c17bda54ab6a5\"},\"potentialAction\":[{\"@type\":\"SearchAction\",\"target\":{\"@type\":\"EntryPoint\",\"urlTemplate\":\"https:\\\/\\\/rafaramirez.org\\\/blog\\\/?s={search_term_string}\"},\"query-input\":{\"@type\":\"PropertyValueSpecification\",\"valueRequired\":true,\"valueName\":\"search_term_string\"}}],\"inLanguage\":\"es\"},{\"@type\":[\"Person\",\"Organization\"],\"@id\":\"https:\\\/\\\/rafaramirez.org\\\/blog\\\/#\\\/schema\\\/person\\\/50f43b6d60c578760d4c17bda54ab6a5\",\"name\":\"Rafael Ram\u00edrez\",\"image\":{\"@type\":\"ImageObject\",\"inLanguage\":\"es\",\"@id\":\"https:\\\/\\\/rafaramirez.org\\\/blog\\\/wp-content\\\/uploads\\\/2024\\\/09\\\/RR_socialnetwork.jpg\",\"url\":\"https:\\\/\\\/rafaramirez.org\\\/blog\\\/wp-content\\\/uploads\\\/2024\\\/09\\\/RR_socialnetwork.jpg\",\"contentUrl\":\"https:\\\/\\\/rafaramirez.org\\\/blog\\\/wp-content\\\/uploads\\\/2024\\\/09\\\/RR_socialnetwork.jpg\",\"width\":600,\"height\":606,\"caption\":\"Rafael Ram\u00edrez\"},\"logo\":{\"@id\":\"https:\\\/\\\/rafaramirez.org\\\/blog\\\/wp-content\\\/uploads\\\/2024\\\/09\\\/RR_socialnetwork.jpg\"},\"sameAs\":[\"https:\\\/\\\/www.rafaramirez.org\\\/blog\",\"https:\\\/\\\/www.instagram.com\\\/rafaramirez_ok\\\/\",\"https:\\\/\\\/es.pinterest.com\\\/Ramirez_Rafa\\\/\",\"https:\\\/\\\/x.com\\\/rafaramirez_ok\"],\"url\":\"https:\\\/\\\/rafaramirez.org\\\/blog\\\/index.php\\\/author\\\/rafaell_qm6j97da\\\/\"}]}<\/script>\n<!-- \/ Yoast SEO plugin. -->","yoast_head_json":{"title":"Postal antigua de la Torre Eiffel. A\u00f1os 50. Colecci\u00f3n particular. - Blog de Rafael Ram\u00edrez","description":"Postal antigua, posiblemente de los a\u00f1os 50. En ella sigue narr\u00e1ndose la historia de nuestros emigrantes en aquellos a\u00f1os.","robots":{"index":"index","follow":"follow","max-snippet":"max-snippet:-1","max-image-preview":"max-image-preview:large","max-video-preview":"max-video-preview:-1"},"canonical":"https:\/\/rafaramirez.org\/blog\/index.php\/2024\/09\/27\/torre-eiffel-postal-antigua\/","og_locale":"es_ES","og_type":"article","og_title":"Postal antigua de la Torre Eiffel. A\u00f1os 50. Colecci\u00f3n particular. - Blog de Rafael Ram\u00edrez","og_description":"Postal antigua, posiblemente de los a\u00f1os 50. En ella sigue narr\u00e1ndose la historia de nuestros emigrantes en aquellos a\u00f1os.","og_url":"https:\/\/rafaramirez.org\/blog\/index.php\/2024\/09\/27\/torre-eiffel-postal-antigua\/","og_site_name":"Blog de Rafael Ram\u00edrez","article_published_time":"2024-09-27T06:15:39+00:00","article_modified_time":"2024-09-30T09:14:15+00:00","og_image":[{"width":720,"height":440,"url":"https:\/\/rafaramirez.org\/blog\/wp-content\/uploads\/2024\/09\/Banner_postal_Torre_Eiffel.fw_.png","type":"image\/png"}],"author":"Rafael Ram\u00edrez","twitter_card":"summary_large_image","twitter_creator":"@rafaramirez_ok","twitter_site":"@rafaramirez_ok","twitter_misc":{"Escrito por":"Rafael Ram\u00edrez","Tiempo de lectura":"3 minutos"},"schema":{"@context":"https:\/\/schema.org","@graph":[{"@type":"Article","@id":"https:\/\/rafaramirez.org\/blog\/index.php\/2024\/09\/27\/torre-eiffel-postal-antigua\/#article","isPartOf":{"@id":"https:\/\/rafaramirez.org\/blog\/index.php\/2024\/09\/27\/torre-eiffel-postal-antigua\/"},"author":{"name":"Rafael Ram\u00edrez","@id":"https:\/\/rafaramirez.org\/blog\/#\/schema\/person\/50f43b6d60c578760d4c17bda54ab6a5"},"headline":"Postal antigua de la Torre Eiffel. A\u00f1os 50. Colecci\u00f3n particular.","datePublished":"2024-09-27T06:15:39+00:00","dateModified":"2024-09-30T09:14:15+00:00","mainEntityOfPage":{"@id":"https:\/\/rafaramirez.org\/blog\/index.php\/2024\/09\/27\/torre-eiffel-postal-antigua\/"},"wordCount":820,"commentCount":0,"publisher":{"@id":"https:\/\/rafaramirez.org\/blog\/#\/schema\/person\/50f43b6d60c578760d4c17bda54ab6a5"},"image":{"@id":"https:\/\/rafaramirez.org\/blog\/index.php\/2024\/09\/27\/torre-eiffel-postal-antigua\/#primaryimage"},"thumbnailUrl":"https:\/\/rafaramirez.org\/blog\/wp-content\/uploads\/2024\/09\/Banner_postal_Torre_Eiffel.fw_.png","keywords":["blog de Rafael Ram\u00edrez","Ciudad de la Luz","destacado","Francia","Grand Palais","Palacio de Chaillot","Palais de Chaillot","Paris","postales antiguas","postales vintage","Torre Eiffel"],"articleSection":["Vintage"],"inLanguage":"es","potentialAction":[{"@type":"CommentAction","name":"Comment","target":["https:\/\/rafaramirez.org\/blog\/index.php\/2024\/09\/27\/torre-eiffel-postal-antigua\/#respond"]}]},{"@type":"WebPage","@id":"https:\/\/rafaramirez.org\/blog\/index.php\/2024\/09\/27\/torre-eiffel-postal-antigua\/","url":"https:\/\/rafaramirez.org\/blog\/index.php\/2024\/09\/27\/torre-eiffel-postal-antigua\/","name":"Postal antigua de la Torre Eiffel. A\u00f1os 50. Colecci\u00f3n particular. - Blog de Rafael Ram\u00edrez","isPartOf":{"@id":"https:\/\/rafaramirez.org\/blog\/#website"},"primaryImageOfPage":{"@id":"https:\/\/rafaramirez.org\/blog\/index.php\/2024\/09\/27\/torre-eiffel-postal-antigua\/#primaryimage"},"image":{"@id":"https:\/\/rafaramirez.org\/blog\/index.php\/2024\/09\/27\/torre-eiffel-postal-antigua\/#primaryimage"},"thumbnailUrl":"https:\/\/rafaramirez.org\/blog\/wp-content\/uploads\/2024\/09\/Banner_postal_Torre_Eiffel.fw_.png","datePublished":"2024-09-27T06:15:39+00:00","dateModified":"2024-09-30T09:14:15+00:00","description":"Postal antigua, posiblemente de los a\u00f1os 50. En ella sigue narr\u00e1ndose la historia de nuestros emigrantes en aquellos a\u00f1os.","breadcrumb":{"@id":"https:\/\/rafaramirez.org\/blog\/index.php\/2024\/09\/27\/torre-eiffel-postal-antigua\/#breadcrumb"},"inLanguage":"es","potentialAction":[{"@type":"ReadAction","target":["https:\/\/rafaramirez.org\/blog\/index.php\/2024\/09\/27\/torre-eiffel-postal-antigua\/"]}]},{"@type":"ImageObject","inLanguage":"es","@id":"https:\/\/rafaramirez.org\/blog\/index.php\/2024\/09\/27\/torre-eiffel-postal-antigua\/#primaryimage","url":"https:\/\/rafaramirez.org\/blog\/wp-content\/uploads\/2024\/09\/Banner_postal_Torre_Eiffel.fw_.png","contentUrl":"https:\/\/rafaramirez.org\/blog\/wp-content\/uploads\/2024\/09\/Banner_postal_Torre_Eiffel.fw_.png","width":720,"height":440,"caption":"Postal: Torre Eiffel (a\u00f1os 50). Blog de Rafael Ram\u00edrez."},{"@type":"BreadcrumbList","@id":"https:\/\/rafaramirez.org\/blog\/index.php\/2024\/09\/27\/torre-eiffel-postal-antigua\/#breadcrumb","itemListElement":[{"@type":"ListItem","position":1,"name":"Portada","item":"https:\/\/rafaramirez.org\/blog\/"},{"@type":"ListItem","position":2,"name":"Postal antigua de la Torre Eiffel. A\u00f1os 50. Colecci\u00f3n particular."}]},{"@type":"WebSite","@id":"https:\/\/rafaramirez.org\/blog\/#website","url":"https:\/\/rafaramirez.org\/blog\/","name":"Blog de Rafael Ram\u00edrez","description":"Un sitio social, de arte y cultura","publisher":{"@id":"https:\/\/rafaramirez.org\/blog\/#\/schema\/person\/50f43b6d60c578760d4c17bda54ab6a5"},"potentialAction":[{"@type":"SearchAction","target":{"@type":"EntryPoint","urlTemplate":"https:\/\/rafaramirez.org\/blog\/?s={search_term_string}"},"query-input":{"@type":"PropertyValueSpecification","valueRequired":true,"valueName":"search_term_string"}}],"inLanguage":"es"},{"@type":["Person","Organization"],"@id":"https:\/\/rafaramirez.org\/blog\/#\/schema\/person\/50f43b6d60c578760d4c17bda54ab6a5","name":"Rafael Ram\u00edrez","image":{"@type":"ImageObject","inLanguage":"es","@id":"https:\/\/rafaramirez.org\/blog\/wp-content\/uploads\/2024\/09\/RR_socialnetwork.jpg","url":"https:\/\/rafaramirez.org\/blog\/wp-content\/uploads\/2024\/09\/RR_socialnetwork.jpg","contentUrl":"https:\/\/rafaramirez.org\/blog\/wp-content\/uploads\/2024\/09\/RR_socialnetwork.jpg","width":600,"height":606,"caption":"Rafael Ram\u00edrez"},"logo":{"@id":"https:\/\/rafaramirez.org\/blog\/wp-content\/uploads\/2024\/09\/RR_socialnetwork.jpg"},"sameAs":["https:\/\/www.rafaramirez.org\/blog","https:\/\/www.instagram.com\/rafaramirez_ok\/","https:\/\/es.pinterest.com\/Ramirez_Rafa\/","https:\/\/x.com\/rafaramirez_ok"],"url":"https:\/\/rafaramirez.org\/blog\/index.php\/author\/rafaell_qm6j97da\/"}]}},"jetpack_publicize_connections":[],"jetpack_sharing_enabled":true,"jetpack_likes_enabled":true,"jetpack_featured_media_url":"https:\/\/rafaramirez.org\/blog\/wp-content\/uploads\/2024\/09\/Banner_postal_Torre_Eiffel.fw_.png","_links":{"self":[{"href":"https:\/\/rafaramirez.org\/blog\/index.php\/wp-json\/wp\/v2\/posts\/5993","targetHints":{"allow":["GET"]}}],"collection":[{"href":"https:\/\/rafaramirez.org\/blog\/index.php\/wp-json\/wp\/v2\/posts"}],"about":[{"href":"https:\/\/rafaramirez.org\/blog\/index.php\/wp-json\/wp\/v2\/types\/post"}],"author":[{"embeddable":true,"href":"https:\/\/rafaramirez.org\/blog\/index.php\/wp-json\/wp\/v2\/users\/1"}],"replies":[{"embeddable":true,"href":"https:\/\/rafaramirez.org\/blog\/index.php\/wp-json\/wp\/v2\/comments?post=5993"}],"version-history":[{"count":12,"href":"https:\/\/rafaramirez.org\/blog\/index.php\/wp-json\/wp\/v2\/posts\/5993\/revisions"}],"predecessor-version":[{"id":6249,"href":"https:\/\/rafaramirez.org\/blog\/index.php\/wp-json\/wp\/v2\/posts\/5993\/revisions\/6249"}],"wp:featuredmedia":[{"embeddable":true,"href":"https:\/\/rafaramirez.org\/blog\/index.php\/wp-json\/wp\/v2\/media\/6007"}],"wp:attachment":[{"href":"https:\/\/rafaramirez.org\/blog\/index.php\/wp-json\/wp\/v2\/media?parent=5993"}],"wp:term":[{"taxonomy":"category","embeddable":true,"href":"https:\/\/rafaramirez.org\/blog\/index.php\/wp-json\/wp\/v2\/categories?post=5993"},{"taxonomy":"post_tag","embeddable":true,"href":"https:\/\/rafaramirez.org\/blog\/index.php\/wp-json\/wp\/v2\/tags?post=5993"}],"curies":[{"name":"wp","href":"https:\/\/api.w.org\/{rel}","templated":true}]}}