{"id":5961,"date":"2024-09-26T08:15:29","date_gmt":"2024-09-26T06:15:29","guid":{"rendered":"https:\/\/rafaramirez.org\/blog\/?p=5961"},"modified":"2026-07-14T11:46:41","modified_gmt":"2026-07-14T09:46:41","slug":"claude-monet","status":"publish","type":"post","link":"https:\/\/rafaramirez.org\/blog\/index.php\/2024\/09\/26\/claude-monet\/","title":{"rendered":"Claude Monet, el impresionista maestro de la luz."},"content":{"rendered":"<p><strong>\u00a0Claude Monet<\/strong> fue un pintor franc\u00e9s\u00a0conocido como uno de los fundadores del <strong>movimiento impresionista<\/strong>, un estilo que se caracteriza por capturar la luz y el color de una manera que refleja las impresiones visuales del momento.<\/p>\n<p>Nacido el 14 de noviembre de 1840 en <strong>Par\u00eds<\/strong> y fallecido el 5 de diciembre de 1926 en <strong>Giverny, <\/strong>Monet comenz\u00f3 su carrera art\u00edstica en un estilo realista, pero a finales de la d\u00e9cada de 1860, empez\u00f3 a desarrollar su estilo impresionista. Su obra m\u00e1s famosa, <strong>\u201cImpresi\u00f3n, sol naciente\u201d<\/strong> <strong>(1872)<\/strong>, dio nombre al movimiento. Monet era conocido por su habilidad para <strong>captar los efectos de la luz y la atm\u00f3sfera<\/strong> en sus paisajes, y a menudo pintaba la misma escena en diferentes momentos del d\u00eda y en distintas condiciones de luz.<\/p>\n<p>Uno de los temas m\u00e1s recurrentes en su obra son los\u00a0<strong>nen\u00fafares<\/strong>\u00a0de su <strong>jard\u00edn en Giverny<\/strong>, donde vivi\u00f3 durante muchos a\u00f1os.\u00a0Estas pinturas son un claro ejemplo de su inter\u00e9s por los cambios de luz y color.<\/p>\n<h3>El estilo de Claude Monet.<\/h3>\n<p>Como os he dicho, Claude Monet fue uno de los creadores del impresionismo, un movimiento art\u00edstico que se centr\u00f3 en capturar la luz y el color de manera espont\u00e1nea y ef\u00edmera. Estas son algunas caracter\u00edsticas clave de su estilo:<\/p>\n<ul>\n<li><strong>La Luz y el Color<\/strong>: Monet estaba obsesionado con los efectos de la luz y c\u00f3mo esta cambiaba a lo largo del d\u00eda y las estaciones.\u00a0Utilizaba colores brillantes y pinceladas sueltas para capturar la atm\u00f3sfera y el ambiente de una escena.<\/li>\n<li><strong>Pintura al Aire Libre (En Plein Air)<\/strong>: Monet, influenciado por su mentor Eug\u00e8ne Boudin, prefer\u00eda pintar al aire libre para capturar directamente los efectos de la luz natural.\u00a0Esto le permiti\u00f3 observar y representar los cambios sutiles en el color y la luz.<\/li>\n<li><strong>Series de Pinturas<\/strong>: Monet a menudo pintaba la misma escena en diferentes momentos del d\u00eda y en distintas condiciones de luz. Ejemplos notables de esto son sus series de la <strong>Catedral de Ruan<\/strong>, los <strong>Nen\u00fafares<\/strong> y los <strong>Almiares<\/strong>.<\/li>\n<li><strong>Temas Naturales<\/strong>: Sus temas favoritos inclu\u00edan paisajes, jardines, cuerpos de agua y escenas urbanas.\u00a0Su jard\u00edn en Giverny, con sus nen\u00fafares y el puente japon\u00e9s, fue una fuente constante de inspiraci\u00f3n.<\/li>\n<li><strong>Pinceladas<\/strong>: Sus pinceladas eran r\u00e1pidas y visibles, lo que daba a sus obras una sensaci\u00f3n de movimiento y vida.\u00a0Esta t\u00e9cnica permit\u00eda a Monet capturar la esencia de una escena en lugar de los detalles precisos.<\/li>\n<li><strong>Rechazo de las Convenciones Acad\u00e9micas<\/strong>: Monet y sus compa\u00f1eros impresionistas rechazaron las t\u00e9cnicas y temas tradicionales de la pintura acad\u00e9mica, optando por una representaci\u00f3n m\u00e1s directa y emocional de la naturaleza y la vida cotidiana.<\/li>\n<\/ul>\n<figure id=\"attachment_5987\" aria-describedby=\"caption-attachment-5987\" style=\"width: 300px\" class=\"wp-caption aligncenter\"><a href=\"https:\/\/rafaramirez.org\/blog\/wp-content\/uploads\/2024\/09\/claude-monet-retrato.jpg\" target=\"_blank\" rel=\"noopener\"><img loading=\"lazy\" decoding=\"async\" class=\"wp-image-5987 size-medium\" src=\"https:\/\/rafaramirez.org\/blog\/wp-content\/uploads\/2024\/09\/claude-monet-retrato-300x200.jpg\" alt=\"Retrato de Claude Monet. Blog de Rafael Ram\u00edrez.\" width=\"300\" height=\"200\" srcset=\"https:\/\/rafaramirez.org\/blog\/wp-content\/uploads\/2024\/09\/claude-monet-retrato-300x200.jpg 300w, https:\/\/rafaramirez.org\/blog\/wp-content\/uploads\/2024\/09\/claude-monet-retrato-768x512.jpg 768w, https:\/\/rafaramirez.org\/blog\/wp-content\/uploads\/2024\/09\/claude-monet-retrato.jpg 930w\" sizes=\"auto, (max-width: 300px) 100vw, 300px\" \/><\/a><figcaption id=\"caption-attachment-5987\" class=\"wp-caption-text\">Retrato de Claude Monet. Blog de Rafael Ram\u00edrez.<\/figcaption><\/figure>\n<h3>Artistas que influyeron en su obra.<\/h3>\n<p>Claude Monet fue influenciado por varios artistas a lo largo de su carrera. Algunos de los m\u00e1s notables incluyen:<\/p>\n<ul>\n<li><a href=\"https:\/\/rafaramirez.org\/blog\/index.php\/2024\/10\/07\/eugene-boudin\/\" target=\"_blank\" rel=\"noopener\"><strong>Eug\u00e8ne Boudin<\/strong><\/a>: Fue uno de los primeros en reconocer el talento de Monet y lo anim\u00f3 a pintar al aire libre. Boudin es conocido por sus paisajes marinos y escenas costeras, y su enfoque en la pintura al aire libre tuvo un gran impacto en Monet.<\/li>\n<li><a href=\"https:\/\/rafaramirez.org\/blog\/index.php\/2024\/10\/29\/johan-barthold-jongkind\/\" target=\"_blank\" rel=\"noopener\"><strong>Johan Barthold Jongkind<\/strong><\/a>: Este pintor holand\u00e9s tambi\u00e9n influy\u00f3 en Monet con su estilo de pintura al aire libre y el uso del color y la luz.<\/li>\n<li><a href=\"https:\/\/rafaramirez.org\/blog\/index.php\/2024\/09\/19\/edouard-manet\/\" target=\"_blank\" rel=\"noopener\"><strong>\u00c9douard Manet<\/strong><\/a>: Aunque Manet no era un impresionista, su enfoque innovador y rechazo de las convenciones acad\u00e9micas inspiraron a Monet y a otros impresionistas a explorar nuevas t\u00e9cnicas y temas.<\/li>\n<li><a href=\"https:\/\/rafaramirez.org\/blog\/index.php\/2024\/04\/09\/camille-pissarro-el-impresionista-que-dejo-una-huella-duradera-en-la-historia-del-arte\/\" target=\"_blank\" rel=\"noopener\"><strong>Camille Pissarro<\/strong><\/a>: Como uno de los miembros fundadores del impresionismo, Pissarro trabaj\u00f3 estrechamente con Monet y compartieron ideas y t\u00e9cnicas.<\/li>\n<li><strong>J.M.W. Turner<\/strong>: Aunque Turner era un pintor brit\u00e1nico de una generaci\u00f3n anterior, su uso del color y la luz para crear atm\u00f3sferas impresionantes influy\u00f3 en Monet y otros impresionistas.<\/li>\n<\/ul>\n<h3>Artistas de su \u00e9poca que fueron inspirados por Monet.<\/h3>\n<p>A su vez, Claude Monet influy\u00f3 tambi\u00e9n en muchos artistas de su \u00e9poca, tanto dentro del movimiento impresionista como m\u00e1s all\u00e1. Aqu\u00ed te menciono algunos de los m\u00e1s destacados:<\/p>\n<ul>\n<li><a href=\"https:\/\/rafaramirez.org\/blog\/index.php\/2024\/03\/05\/pierre-auguste-renoir-un-maestro-del-impresionismo\/\" target=\"_blank\" rel=\"noopener\"><strong>Pierre-Auguste Renoir<\/strong><\/a>: Renoir fue un amigo cercano de Monet y compartieron muchas ideas y t\u00e9cnicas.\u00a0Ambos artistas trabajaron juntos en varias ocasiones y se influenciaron mutuamente en su enfoque de la luz y el color.<\/li>\n<li><a href=\"https:\/\/rafaramirez.org\/blog\/index.php\/2024\/04\/09\/camille-pissarro-el-impresionista-que-dejo-una-huella-duradera-en-la-historia-del-arte\/\" target=\"_blank\" rel=\"noopener\"><strong>Camille Pissarro<\/strong><\/a>: Pissarro fue otro de los impresionistas que se inspir\u00f3 en Monet. Compart\u00edan un inter\u00e9s com\u00fan por la pintura al aire libre y la representaci\u00f3n de escenas cotidianas con una t\u00e9cnica de pincelada suelta.<\/li>\n<li><a href=\"https:\/\/rafaramirez.org\/blog\/index.php\/2024\/05\/08\/alfred-sisley\/\" target=\"_blank\" rel=\"noopener\"><strong>Alfred Sisley<\/strong><\/a>: Sisley, conocido por sus paisajes, tambi\u00e9n fue influenciado por Monet.\u00a0Sus obras muestran un enfoque similar en la captura de la luz y la atm\u00f3sfera de la naturaleza.<\/li>\n<\/ul>\n<h4>Otros Artistas Influenciados por Monet:<\/h4>\n<ul>\n<li><a href=\"https:\/\/rafaramirez.org\/blog\/index.php\/2024\/01\/26\/vincent-van-gogh-no-se-considera-un-pintor-impresionista\/\" target=\"_blank\" rel=\"noopener\"><strong>Vincent van Gogh<\/strong><\/a>: Aunque no era un impresionista, Van Gogh fue influenciado por el uso del color y la luz de Monet.\u00a0Van Gogh admiraba la capacidad de Monet para capturar la esencia de la naturaleza y adopt\u00f3 algunas de sus t\u00e9cnicas en sus propias obras.<\/li>\n<li><a href=\"https:\/\/rafaramirez.org\/blog\/index.php\/2024\/06\/11\/paul-cezanne\/\" target=\"_blank\" rel=\"noopener\"><strong>Paul C\u00e9zanne<\/strong><\/a>: C\u00e9zanne tambi\u00e9n fue influenciado por la t\u00e9cnica de Monet y su enfoque en la luz y el color\u00a0pero desarroll\u00f3 un estilo m\u00e1s estructurado y geom\u00e9trico. C\u00e9zanne consideraba a Monet como un maestro en la representaci\u00f3n de la naturaleza.<\/li>\n<li><a href=\"https:\/\/rafaramirez.org\/blog\/index.php\/2024\/07\/08\/gustave-caillebotte-el-impresionista-multifacetico-olvidado\/\" target=\"_blank\" rel=\"noopener\"><strong>Gustave Caillebotte<\/strong><\/a>: Caillebotte, aunque m\u00e1s conocido por sus escenas urbanas, tambi\u00e9n fue influenciado por Monet. Su amistad y colaboraci\u00f3n lo llevaron a adoptar algunas de las t\u00e9cnicas impresionistas en su trabajo.<\/li>\n<\/ul>\n<h3>Exposiciones en las que particip\u00f3.<\/h3>\n<p>Claude Monet particip\u00f3 en numerosas exposiciones a lo largo de su carrera, tanto en Francia como en el extranjero. Aqu\u00ed te cuento sobre algunas de las m\u00e1s destacadas:<\/p>\n<h4>Impresionistas:<\/h4>\n<ul>\n<li><strong>Primera Exposici\u00f3n Impresionista (1874)<\/strong>: Monet fue uno de los organizadores de esta exposici\u00f3n, que tuvo lugar en el estudio del fot\u00f3grafo <strong>Nadar<\/strong> en Par\u00eds. Su obra \u201cImpresi\u00f3n, sol naciente\u201d fue la que dio nombre al movimiento impresionista. La exposici\u00f3n fue recibida con cr\u00edticas mixtas, pero marc\u00f3 el inicio de una nueva era en el arte.<\/li>\n<li><strong>Exposiciones Subsecuentes<\/strong>: Monet particip\u00f3 en varias de las siguientes exposiciones impresionistas, que se llevaron a cabo entre 1876 y 1886. Estas exposiciones ayudaron a consolidar el movimiento y a ganar reconocimiento para los artistas involucrados.<\/li>\n<\/ul>\n<h4>Individuales:<\/h4>\n<ul>\n<li><strong>Galer\u00eda Durand-Ruel<\/strong>: El marchante de arte <strong>Paul Durand-Ruel<\/strong> organiz\u00f3 varias exposiciones individuales de las obras de Monet. Una de las m\u00e1s importantes fue en 1883 y ayud\u00f3 a establecer a Monet como un artista de renombre y a aumentar su popularidad.<\/li>\n<\/ul>\n<h4>Internacionales:<\/h4>\n<ul>\n<li><strong>Exposici\u00f3n Universal de Par\u00eds (1889)<\/strong>: Monet exhibi\u00f3 varias de sus obras en esta importante exposici\u00f3n internacional, lo que le permiti\u00f3 ganar reconocimiento m\u00e1s all\u00e1 de <strong>Francia<\/strong>.<\/li>\n<\/ul>\n<h4>P\u00f3stumas:<\/h4>\n<ul>\n<li><strong>Mus\u00e9e de l\u2019Orangerie (1927)<\/strong>: Despu\u00e9s de la muerte de Monet, se inaugur\u00f3 una sala especial en este museo de<strong>\u00a0Par\u00eds<\/strong> dedicada a sus grandes paneles de nen\u00fafares. Esta exposici\u00f3n permanente es una de las m\u00e1s visitadas y apreciadas por los amantes del arte.<\/li>\n<\/ul>\n<h4>Recientes:<\/h4>\n<ul>\n<li><strong>CentroCentro en Madrid (2023-2024)<\/strong>: Hasta febrero de este a\u00f1o se ha llevado a cabo una gran exposici\u00f3n dedicada a Monet en Madrid, reuniendo m\u00e1s de 50 obras maestras procedentes del <strong>Mus\u00e9e Marmottan Monet<\/strong> de <strong>Par\u00eds<\/strong>. Esta exposici\u00f3n ha ofrecido una visi\u00f3n completa de la trayectoria art\u00edstica de Monet, incluyendo algunas de sus obras m\u00e1s emblem\u00e1ticas como los nen\u00fafares y las glicinas.<\/li>\n<\/ul>\n<h3>Principales obras.<\/h3>\n<p>Claude Monet cre\u00f3 muchas obras maestras a lo largo de su carrera. Aqu\u00ed te menciono algunas de las m\u00e1s importantes y emblem\u00e1ticas:<\/p>\n<ol>\n<li><strong>Impresi\u00f3n, sol naciente (1872)<\/strong>: Esta pintura es famosa por dar nombre al movimiento impresionista.\u00a0Representa el puerto de Le Havre al amanecer, con pinceladas sueltas y colores vibrantes.\n<p><figure id=\"attachment_5977\" aria-describedby=\"caption-attachment-5977\" style=\"width: 300px\" class=\"wp-caption aligncenter\"><a href=\"https:\/\/rafaramirez.org\/blog\/wp-content\/uploads\/2024\/09\/Claude_Monet_Impresion-sol-naciente_1872.jpg\" target=\"_blank\" rel=\"noopener\"><img loading=\"lazy\" decoding=\"async\" class=\"wp-image-5977 size-medium\" src=\"https:\/\/rafaramirez.org\/blog\/wp-content\/uploads\/2024\/09\/Claude_Monet_Impresion-sol-naciente_1872-300x246.jpg\" alt=\"Impresi\u00f3n, sol naciente (1872). Blog de Rafael Ram\u00edrez.\" width=\"300\" height=\"246\" srcset=\"https:\/\/rafaramirez.org\/blog\/wp-content\/uploads\/2024\/09\/Claude_Monet_Impresion-sol-naciente_1872-300x246.jpg 300w, https:\/\/rafaramirez.org\/blog\/wp-content\/uploads\/2024\/09\/Claude_Monet_Impresion-sol-naciente_1872-1024x840.jpg 1024w, https:\/\/rafaramirez.org\/blog\/wp-content\/uploads\/2024\/09\/Claude_Monet_Impresion-sol-naciente_1872-768x630.jpg 768w, https:\/\/rafaramirez.org\/blog\/wp-content\/uploads\/2024\/09\/Claude_Monet_Impresion-sol-naciente_1872-1536x1259.jpg 1536w, https:\/\/rafaramirez.org\/blog\/wp-content\/uploads\/2024\/09\/Claude_Monet_Impresion-sol-naciente_1872.jpg 2022w\" sizes=\"auto, (max-width: 300px) 100vw, 300px\" \/><\/a><figcaption id=\"caption-attachment-5977\" class=\"wp-caption-text\">Impresi\u00f3n, sol naciente (1872). Claude Monet. Blog de Rafael Ram\u00edrez.<\/figcaption><\/figure><\/li>\n<li><strong>Los Nen\u00fafares (1896-1926)<\/strong>: Esta serie de aproximadamente 250 pinturas es una de las m\u00e1s conocidas de Monet.\u00a0Captura los nen\u00fafares en su jard\u00edn en Giverny, explorando los efectos de la luz y el color en diferentes momentos del d\u00eda.\n<p><figure id=\"attachment_5978\" aria-describedby=\"caption-attachment-5978\" style=\"width: 300px\" class=\"wp-caption aligncenter\"><a href=\"https:\/\/rafaramirez.org\/blog\/wp-content\/uploads\/2024\/09\/Claude_Monet_Los-Nenufares_1919.jpg\" target=\"_blank\" rel=\"noopener\"><img loading=\"lazy\" decoding=\"async\" class=\"wp-image-5978 size-medium\" src=\"https:\/\/rafaramirez.org\/blog\/wp-content\/uploads\/2024\/09\/Claude_Monet_Los-Nenufares_1919-300x197.jpg\" alt=\"Los Nen\u00fafares (1919). Blog de Rafael Ram\u00edrez.\" width=\"300\" height=\"197\" srcset=\"https:\/\/rafaramirez.org\/blog\/wp-content\/uploads\/2024\/09\/Claude_Monet_Los-Nenufares_1919-300x197.jpg 300w, https:\/\/rafaramirez.org\/blog\/wp-content\/uploads\/2024\/09\/Claude_Monet_Los-Nenufares_1919-1024x673.jpg 1024w, https:\/\/rafaramirez.org\/blog\/wp-content\/uploads\/2024\/09\/Claude_Monet_Los-Nenufares_1919-768x505.jpg 768w, https:\/\/rafaramirez.org\/blog\/wp-content\/uploads\/2024\/09\/Claude_Monet_Los-Nenufares_1919-1536x1010.jpg 1536w, https:\/\/rafaramirez.org\/blog\/wp-content\/uploads\/2024\/09\/Claude_Monet_Los-Nenufares_1919.jpg 1600w\" sizes=\"auto, (max-width: 300px) 100vw, 300px\" \/><\/a><figcaption id=\"caption-attachment-5978\" class=\"wp-caption-text\">Los Nen\u00fafares (1919). Claude Monet. Blog de Rafael Ram\u00edrez.<\/figcaption><\/figure><\/li>\n<li><strong>La Catedral de Ruan (1894)<\/strong>: Monet pint\u00f3 esta serie de la fachada de la catedral en diferentes momentos del d\u00eda y en distintas condiciones de luz, mostrando c\u00f3mo la luz puede transformar una misma escena.\n<p><figure id=\"attachment_5979\" aria-describedby=\"caption-attachment-5979\" style=\"width: 205px\" class=\"wp-caption aligncenter\"><a href=\"https:\/\/rafaramirez.org\/blog\/wp-content\/uploads\/2024\/09\/Claude_Monet_La-Catedral-de-Rouen_1894.jpg\" target=\"_blank\" rel=\"noopener\"><img loading=\"lazy\" decoding=\"async\" class=\"wp-image-5979 size-medium\" src=\"https:\/\/rafaramirez.org\/blog\/wp-content\/uploads\/2024\/09\/Claude_Monet_La-Catedral-de-Rouen_1894-205x300.jpg\" alt=\"La Catedral de Ruan (1894). Blog de Rafael Ram\u00edrez.\" width=\"205\" height=\"300\" srcset=\"https:\/\/rafaramirez.org\/blog\/wp-content\/uploads\/2024\/09\/Claude_Monet_La-Catedral-de-Rouen_1894-205x300.jpg 205w, https:\/\/rafaramirez.org\/blog\/wp-content\/uploads\/2024\/09\/Claude_Monet_La-Catedral-de-Rouen_1894-700x1024.jpg 700w, https:\/\/rafaramirez.org\/blog\/wp-content\/uploads\/2024\/09\/Claude_Monet_La-Catedral-de-Rouen_1894-768x1123.jpg 768w, https:\/\/rafaramirez.org\/blog\/wp-content\/uploads\/2024\/09\/Claude_Monet_La-Catedral-de-Rouen_1894-1050x1536.jpg 1050w, https:\/\/rafaramirez.org\/blog\/wp-content\/uploads\/2024\/09\/Claude_Monet_La-Catedral-de-Rouen_1894.jpg 1094w\" sizes=\"auto, (max-width: 205px) 100vw, 205px\" \/><\/a><figcaption id=\"caption-attachment-5979\" class=\"wp-caption-text\">La Catedral de Ruan (1894). Claude Monet. Blog de Rafael Ram\u00edrez.<\/figcaption><\/figure><\/li>\n<li><strong>Campo de Amapolas (1873)<\/strong>: Esta obra muestra un campo de amapolas en Argenteuil, con figuras caminando entre las flores. Es una obra que sirve de ejemplo del uso de colores brillantes y pinceladas sueltas.\n<p><figure id=\"attachment_5980\" aria-describedby=\"caption-attachment-5980\" style=\"width: 300px\" class=\"wp-caption aligncenter\"><a href=\"https:\/\/rafaramirez.org\/blog\/wp-content\/uploads\/2024\/09\/Claude_Monet_Campo-de-Amapolas_1873.jpg\" target=\"_blank\" rel=\"noopener\"><img loading=\"lazy\" decoding=\"async\" class=\"wp-image-5980 size-medium\" src=\"https:\/\/rafaramirez.org\/blog\/wp-content\/uploads\/2024\/09\/Claude_Monet_Campo-de-Amapolas_1873-300x224.jpg\" alt=\"Campo de Amapolas (1873). Blog de Rafael Ram\u00edrez.\" width=\"300\" height=\"224\" srcset=\"https:\/\/rafaramirez.org\/blog\/wp-content\/uploads\/2024\/09\/Claude_Monet_Campo-de-Amapolas_1873-300x224.jpg 300w, https:\/\/rafaramirez.org\/blog\/wp-content\/uploads\/2024\/09\/Claude_Monet_Campo-de-Amapolas_1873-1024x763.jpg 1024w, https:\/\/rafaramirez.org\/blog\/wp-content\/uploads\/2024\/09\/Claude_Monet_Campo-de-Amapolas_1873-768x572.jpg 768w, https:\/\/rafaramirez.org\/blog\/wp-content\/uploads\/2024\/09\/Claude_Monet_Campo-de-Amapolas_1873-1536x1145.jpg 1536w, https:\/\/rafaramirez.org\/blog\/wp-content\/uploads\/2024\/09\/Claude_Monet_Campo-de-Amapolas_1873.jpg 1920w\" sizes=\"auto, (max-width: 300px) 100vw, 300px\" \/><\/a><figcaption id=\"caption-attachment-5980\" class=\"wp-caption-text\">Campo de Amapolas (1873). Claude Monet. Blog de Rafael Ram\u00edrez.<\/figcaption><\/figure><\/li>\n<li><strong>Mujer con Sombrilla (1875)<\/strong>: Tambi\u00e9n conocida como <strong>\u201cLa Promenade\u201d<\/strong>, esta pintura muestra a la esposa de Monet, Camille, y a su hijo Jean en un d\u00eda ventoso.\u00a0La obra captura el movimiento y la luz de manera magistral.\n<p><figure id=\"attachment_5981\" aria-describedby=\"caption-attachment-5981\" style=\"width: 241px\" class=\"wp-caption aligncenter\"><a href=\"https:\/\/rafaramirez.org\/blog\/wp-content\/uploads\/2024\/09\/Claude_Monet_Mujer-con-Sombrilla_1875_ok.jpg\" target=\"_blank\" rel=\"noopener\"><img loading=\"lazy\" decoding=\"async\" class=\"wp-image-5981 size-medium\" src=\"https:\/\/rafaramirez.org\/blog\/wp-content\/uploads\/2024\/09\/Claude_Monet_Mujer-con-Sombrilla_1875_ok-241x300.jpg\" alt=\"Mujer con Sombrilla (1875). Blog de Rafael Ram\u00edrez.\" width=\"241\" height=\"300\" srcset=\"https:\/\/rafaramirez.org\/blog\/wp-content\/uploads\/2024\/09\/Claude_Monet_Mujer-con-Sombrilla_1875_ok-241x300.jpg 241w, https:\/\/rafaramirez.org\/blog\/wp-content\/uploads\/2024\/09\/Claude_Monet_Mujer-con-Sombrilla_1875_ok-824x1024.jpg 824w, https:\/\/rafaramirez.org\/blog\/wp-content\/uploads\/2024\/09\/Claude_Monet_Mujer-con-Sombrilla_1875_ok-768x954.jpg 768w, https:\/\/rafaramirez.org\/blog\/wp-content\/uploads\/2024\/09\/Claude_Monet_Mujer-con-Sombrilla_1875_ok-1236x1536.jpg 1236w, https:\/\/rafaramirez.org\/blog\/wp-content\/uploads\/2024\/09\/Claude_Monet_Mujer-con-Sombrilla_1875_ok-1648x2048.jpg 1648w, https:\/\/rafaramirez.org\/blog\/wp-content\/uploads\/2024\/09\/Claude_Monet_Mujer-con-Sombrilla_1875_ok.jpg 2012w\" sizes=\"auto, (max-width: 241px) 100vw, 241px\" \/><\/a><figcaption id=\"caption-attachment-5981\" class=\"wp-caption-text\">Mujer con Sombrilla (1875). Claude Monet. Blog de Rafael Ram\u00edrez.<\/figcaption><\/figure><\/li>\n<li><strong>El Puente Japon\u00e9s (1899)<\/strong>: Parte de su serie de nen\u00fafares, esta pintura muestra el puente japon\u00e9s en su jard\u00edn de <strong>Giverny<\/strong>. Es un ejemplo y el porque de su inter\u00e9s por los jardines y la naturaleza.\n<p><figure id=\"attachment_5982\" aria-describedby=\"caption-attachment-5982\" style=\"width: 225px\" class=\"wp-caption aligncenter\"><a href=\"https:\/\/rafaramirez.org\/blog\/wp-content\/uploads\/2024\/09\/Claude_Monet_El_Puente_Japones_1899.jpg\" target=\"_blank\" rel=\"noopener\"><img loading=\"lazy\" decoding=\"async\" class=\"wp-image-5982 size-medium\" src=\"https:\/\/rafaramirez.org\/blog\/wp-content\/uploads\/2024\/09\/Claude_Monet_El_Puente_Japones_1899-225x300.jpg\" alt=\"El Puente Japon\u00e9s (1899). Blog de Rafael Ram\u00edrez.\" width=\"225\" height=\"300\" srcset=\"https:\/\/rafaramirez.org\/blog\/wp-content\/uploads\/2024\/09\/Claude_Monet_El_Puente_Japones_1899-225x300.jpg 225w, https:\/\/rafaramirez.org\/blog\/wp-content\/uploads\/2024\/09\/Claude_Monet_El_Puente_Japones_1899-769x1024.jpg 769w, https:\/\/rafaramirez.org\/blog\/wp-content\/uploads\/2024\/09\/Claude_Monet_El_Puente_Japones_1899-768x1022.jpg 768w, https:\/\/rafaramirez.org\/blog\/wp-content\/uploads\/2024\/09\/Claude_Monet_El_Puente_Japones_1899.jpg 1136w\" sizes=\"auto, (max-width: 225px) 100vw, 225px\" \/><\/a><figcaption id=\"caption-attachment-5982\" class=\"wp-caption-text\">El Puente Japon\u00e9s (1899). Claude Monet. Blog de Rafael Ram\u00edrez.<\/figcaption><\/figure><\/li>\n<li><strong>La Casa del Artista en Argenteuil (1873)<\/strong>: Esta obra muestra la casa de Monet en Argenteuil, un lugar donde vivi\u00f3 y trabaj\u00f3 durante varios a\u00f1os.\u00a0Refleja su estilo impresionista en la representaci\u00f3n de la luz y el color.\n<p><figure id=\"attachment_5983\" aria-describedby=\"caption-attachment-5983\" style=\"width: 300px\" class=\"wp-caption aligncenter\"><a href=\"https:\/\/rafaramirez.org\/blog\/wp-content\/uploads\/2024\/09\/Claude_Monet_La_Casa_del_Artista_en_Argenteuil_1873.jpg\" target=\"_blank\" rel=\"noopener\"><img loading=\"lazy\" decoding=\"async\" class=\"wp-image-5983 size-medium\" src=\"https:\/\/rafaramirez.org\/blog\/wp-content\/uploads\/2024\/09\/Claude_Monet_La_Casa_del_Artista_en_Argenteuil_1873-300x244.jpg\" alt=\"La Casa del Artista en Argenteuil (1873). Claude Monet. Blog de Rafael Ram\u00edrez.\" width=\"300\" height=\"244\" srcset=\"https:\/\/rafaramirez.org\/blog\/wp-content\/uploads\/2024\/09\/Claude_Monet_La_Casa_del_Artista_en_Argenteuil_1873-300x244.jpg 300w, https:\/\/rafaramirez.org\/blog\/wp-content\/uploads\/2024\/09\/Claude_Monet_La_Casa_del_Artista_en_Argenteuil_1873-768x624.jpg 768w, https:\/\/rafaramirez.org\/blog\/wp-content\/uploads\/2024\/09\/Claude_Monet_La_Casa_del_Artista_en_Argenteuil_1873.jpg 945w\" sizes=\"auto, (max-width: 300px) 100vw, 300px\" \/><\/a><figcaption id=\"caption-attachment-5983\" class=\"wp-caption-text\">La Casa del Artista en Argenteuil (1873). Claude Monet. Blog de Rafael Ram\u00edrez.<\/figcaption><\/figure><\/li>\n<li><strong>San Giorgio Maggiore al anochecer (1908):<\/strong> Es una de las obras m\u00e1s destacadas de Claude Monet, pintada en 1908 durante su \u00fanica visita a <strong>Venecia<\/strong>. Esta pintura forma parte de una serie de vistas de la isla-monasterio de San Giorgio Maggiore y captura la atm\u00f3sfera m\u00e1gica y los colores vibrantes del crep\u00fasculo veneciano. La obra muestra la iglesia de San Giorgio Maggiore con su campanario elev\u00e1ndose en el centro de la composici\u00f3n. A la derecha, se pueden distinguir las c\u00fapulas de <strong>Santa Maria della Salute<\/strong> y la entrada del <strong>Gran Canal<\/strong>, aunque de manera tenue y casi et\u00e9rea. Monet estaba particularmente impresionado por los atardeceres venecianos y los describi\u00f3 como <strong>\u00ab\u00fanicos en el mundo\u00bb<\/strong>.\n<p><figure id=\"attachment_5985\" aria-describedby=\"caption-attachment-5985\" style=\"width: 300px\" class=\"wp-caption aligncenter\"><a href=\"https:\/\/rafaramirez.org\/blog\/wp-content\/uploads\/2024\/09\/Claude_Monet_San_Giorgio_Maggiore_al_anochecer_1908.jpg\" target=\"_blank\" rel=\"noopener\"><img loading=\"lazy\" decoding=\"async\" class=\"wp-image-5985 size-medium\" src=\"https:\/\/rafaramirez.org\/blog\/wp-content\/uploads\/2024\/09\/Claude_Monet_San_Giorgio_Maggiore_al_anochecer_1908-300x213.jpg\" alt=\"San Giorgio Maggiore al anochecer (1908). Claude Monet. Blog de Rafael Ram\u00edrez.\" width=\"300\" height=\"213\" srcset=\"https:\/\/rafaramirez.org\/blog\/wp-content\/uploads\/2024\/09\/Claude_Monet_San_Giorgio_Maggiore_al_anochecer_1908-300x213.jpg 300w, https:\/\/rafaramirez.org\/blog\/wp-content\/uploads\/2024\/09\/Claude_Monet_San_Giorgio_Maggiore_al_anochecer_1908-1024x726.jpg 1024w, https:\/\/rafaramirez.org\/blog\/wp-content\/uploads\/2024\/09\/Claude_Monet_San_Giorgio_Maggiore_al_anochecer_1908-768x544.jpg 768w, https:\/\/rafaramirez.org\/blog\/wp-content\/uploads\/2024\/09\/Claude_Monet_San_Giorgio_Maggiore_al_anochecer_1908-1536x1089.jpg 1536w, https:\/\/rafaramirez.org\/blog\/wp-content\/uploads\/2024\/09\/Claude_Monet_San_Giorgio_Maggiore_al_anochecer_1908-2048x1452.jpg 2048w\" sizes=\"auto, (max-width: 300px) 100vw, 300px\" \/><\/a><figcaption id=\"caption-attachment-5985\" class=\"wp-caption-text\">San Giorgio Maggiore al anochecer (1908). Claude Monet. Blog de Rafael Ram\u00edrez.<\/figcaption><\/figure><\/li>\n<\/ol>\n<p><strong>En resumen, Monet no solo fue un pionero del impresionismo, sino que tambi\u00e9n dej\u00f3 una huella duradera en muchos artistas de su tiempo y m\u00e1s all\u00e1. Su enfoque innovador en la representaci\u00f3n de la luz y el color sigue siendo una fuente de inspiraci\u00f3n para artistas de todo el mundo.<\/strong><\/p>\n<p>M\u00e1s informaci\u00f3n:<\/p>\n<ul>\n<li><a href=\"https:\/\/es.wikipedia.org\/wiki\/Claude_Monet\" target=\"_blank\" rel=\"noopener\">Wikipedia<\/a>.<\/li>\n<li><a href=\"https:\/\/historia.nationalgeographic.com.es\/a\/claude-monet-pintor-que-creo-estilo-inimitable_17385\" target=\"_blank\" rel=\"noopener\">National Geographic<\/a>.<\/li>\n<li><a href=\"https:\/\/www.artble.com\/artists\/claude_monet\/more_information\/style_and_technique\" target=\"_blank\" rel=\"noopener\">Artble<\/a>.<\/li>\n<li><a href=\"https:\/\/artistasycuadros.com\/claude-monet\/\" target=\"_blank\" rel=\"noopener\">Artistas y cuadros<\/a>.<\/li>\n<li><a href=\"https:\/\/www.britannica.com\/biography\/Claude-Monet\" target=\"_blank\" rel=\"noopener\">Britannica<\/a>.<\/li>\n<li><a href=\"https:\/\/www.metmuseum.org\/toah\/hd\/cmon\/hd_cmon.htm\" target=\"_blank\" rel=\"noopener\">Met Museum<\/a>.<\/li>\n<li><a href=\"http:\/\/giverny.org\/monet\/welcome.htm\" target=\"_blank\" rel=\"noopener\">Giverny<\/a>.<\/li>\n<li><a href=\"https:\/\/theartling.com\/en\/artzine\/artists-similar-to-calude-monet\/\" target=\"_blank\" rel=\"noopener\">Theartling<\/a>.<\/li>\n<li><a href=\"https:\/\/www.timeout.com\/arts-and-culture\/top-impressionist-painters-in-art-history\" target=\"_blank\" rel=\"noopener\">Timeout.<\/a><\/li>\n<li><a href=\"https:\/\/www.claudemonetart.org\/biography\" target=\"_blank\" rel=\"noopener\">Claude Monet art<\/a>.<\/li>\n<li><a href=\"https:\/\/www.centrocentro.org\/exposicion\/monet\" target=\"_blank\" rel=\"noopener\">CentroCentro<\/a>.<\/li>\n<li><a href=\"https:\/\/niood.es\/las-10-obras-de-arte-mas-famosas-de-claude-monet\/\" target=\"_blank\" rel=\"noopener\">Niood<\/a>.<\/li>\n<li><a href=\"https:\/\/artefeed.com\/las-15-pinturas-mas-importantes-de-monet\/\" target=\"_blank\" rel=\"noopener\">Artefeed<\/a>.<\/li>\n<\/ul>\n","protected":false},"excerpt":{"rendered":"<p>\u00a0Claude Monet fue un pintor franc\u00e9s\u00a0conocido como uno de los fundadores del movimiento impresionista, un estilo que se caracteriza por capturar la luz y el color de una manera que refleja las impresiones visuales del momento. Nacido el 14 de noviembre de 1840 en Par\u00eds y fallecido el 5 de diciembre de 1926 en Giverny, [&hellip;]<\/p>\n","protected":false},"author":3,"featured_media":6209,"comment_status":"open","ping_status":"closed","sticky":false,"template":"","format":"standard","meta":{"site-container-style":"default","site-container-layout":"default","site-sidebar-layout":"default","disable-article-header":"default","disable-site-header":"default","disable-site-footer":"default","disable-content-area-spacing":"default","_jetpack_newsletter_access":"","_jetpack_dont_email_post_to_subs":false,"_jetpack_newsletter_tier_id":0,"_jetpack_memberships_contains_paywalled_content":false,"_jetpack_feature_clip_id":0,"_jetpack_memberships_contains_paid_content":false,"footnotes":"","jetpack_publicize_message":"","jetpack_publicize_feature_enabled":true,"jetpack_social_post_already_shared":true,"jetpack_social_options":{"image_generator_settings":{"template":"highway","default_image_id":0,"font":"","enabled":false},"version":2},"jetpack_post_was_ever_published":false},"categories":[1290],"tags":[3296,3471,1172,743,3474,68,706,3482,2677,704,981,847,3473,2843,859,3480,2674,3478,860,2844,2669,703,3472,3476,3475,1163,3481,3483,344,351,746,3479,705,3477,508],"class_list":["post-5961","post","type-post","status-publish","format-standard","has-post-thumbnail","hentry","category-historia-del-arte","tag-3296","tag-3471","tag-alfred-sisley","tag-arte-y-pintura","tag-biografia-de-monet","tag-blog-de-rafael-ramirez","tag-camille-pissarro","tag-centrocentro","tag-circulo-impresionista","tag-claude-monet","tag-cuadros-impresionistas","tag-edouard-manet","tag-efectos-de-la-luz-y-la-atmosfera","tag-estilo-impresionista","tag-eugene-boudin","tag-exposicion-universal-de-paris","tag-exposiciones-impresionistas","tag-galeria-durand-ruel","tag-giverny","tag-grupo-de-los-impresionistas","tag-gustave-caillebotte","tag-historia-del-impresionismo","tag-impresion-sol-naciente","tag-j-m-w-turner","tag-johan-barthold-jongkind","tag-movimiento-impresionista","tag-musee-de-lorangerie","tag-musee-marmottan-monet","tag-paisaje","tag-paris","tag-paul-cezanne","tag-paul-durand-ruel","tag-pierre-auguste-renoir","tag-primera-exposicion-impresionista","tag-vincent-van-gogh"],"yoast_head":"<!-- This site is optimized with the Yoast SEO plugin v28.4 - https:\/\/yoast.com\/product\/yoast-seo-wordpress\/ -->\n<title>Claude Monet, el impresionista maestro de la luz. - Blog de Rafael Ram\u00edrez<\/title>\n<meta name=\"description\" content=\"Claude Monet fue un pintor fundador del movimiento impresionista. Sus obras siguen siendo celebradas por su innovaci\u00f3n y belleza.\" \/>\n<meta name=\"robots\" content=\"index, follow, max-snippet:-1, max-image-preview:large, max-video-preview:-1\" \/>\n<link rel=\"canonical\" href=\"https:\/\/rafaramirez.org\/blog\/index.php\/2024\/09\/26\/claude-monet\/\" \/>\n<meta property=\"og:locale\" content=\"es_ES\" \/>\n<meta property=\"og:type\" content=\"article\" \/>\n<meta property=\"og:title\" content=\"Claude Monet, el impresionista maestro de la luz. - Blog de Rafael Ram\u00edrez\" \/>\n<meta property=\"og:description\" content=\"Claude Monet fue un pintor fundador del movimiento impresionista. Sus obras siguen siendo celebradas por su innovaci\u00f3n y belleza.\" \/>\n<meta property=\"og:url\" content=\"https:\/\/rafaramirez.org\/blog\/index.php\/2024\/09\/26\/claude-monet\/\" \/>\n<meta property=\"og:site_name\" content=\"Blog de Rafael Ram\u00edrez\" \/>\n<meta property=\"article:published_time\" content=\"2024-09-26T06:15:29+00:00\" \/>\n<meta property=\"article:modified_time\" content=\"2026-07-14T09:46:41+00:00\" \/>\n<meta property=\"og:image\" content=\"https:\/\/rafaramirez.org\/blog\/wp-content\/uploads\/2024\/09\/Claude_Monet_banner2.jpg\" \/>\n\t<meta property=\"og:image:width\" content=\"720\" \/>\n\t<meta property=\"og:image:height\" content=\"440\" \/>\n\t<meta property=\"og:image:type\" content=\"image\/jpeg\" \/>\n<meta name=\"author\" content=\"Documentaci\u00f3n e investigaci\u00f3n\" \/>\n<meta name=\"twitter:card\" content=\"summary_large_image\" \/>\n<meta name=\"twitter:site\" content=\"@rafaramirez_ok\" \/>\n<meta name=\"twitter:label1\" content=\"Escrito por\" \/>\n\t<meta name=\"twitter:data1\" content=\"Documentaci\u00f3n e investigaci\u00f3n\" \/>\n\t<meta name=\"twitter:label2\" content=\"Tiempo de lectura\" \/>\n\t<meta name=\"twitter:data2\" content=\"11 minutos\" \/>\n<script type=\"application\/ld+json\" class=\"yoast-schema-graph\">{\"@context\":\"https:\\\/\\\/schema.org\",\"@graph\":[{\"@type\":\"Article\",\"@id\":\"https:\\\/\\\/rafaramirez.org\\\/blog\\\/index.php\\\/2024\\\/09\\\/26\\\/claude-monet\\\/#article\",\"isPartOf\":{\"@id\":\"https:\\\/\\\/rafaramirez.org\\\/blog\\\/index.php\\\/2024\\\/09\\\/26\\\/claude-monet\\\/\"},\"author\":{\"name\":\"Documentaci\u00f3n e investigaci\u00f3n\",\"@id\":\"https:\\\/\\\/rafaramirez.org\\\/blog\\\/#\\\/schema\\\/person\\\/8debd05b3d9a1d16fb21af726811617d\"},\"headline\":\"Claude Monet, el impresionista maestro de la luz.\",\"datePublished\":\"2024-09-26T06:15:29+00:00\",\"dateModified\":\"2026-07-14T09:46:41+00:00\",\"mainEntityOfPage\":{\"@id\":\"https:\\\/\\\/rafaramirez.org\\\/blog\\\/index.php\\\/2024\\\/09\\\/26\\\/claude-monet\\\/\"},\"wordCount\":1915,\"commentCount\":0,\"publisher\":{\"@id\":\"https:\\\/\\\/rafaramirez.org\\\/blog\\\/#\\\/schema\\\/person\\\/50f43b6d60c578760d4c17bda54ab6a5\"},\"image\":{\"@id\":\"https:\\\/\\\/rafaramirez.org\\\/blog\\\/index.php\\\/2024\\\/09\\\/26\\\/claude-monet\\\/#primaryimage\"},\"thumbnailUrl\":\"https:\\\/\\\/rafaramirez.org\\\/blog\\\/wp-content\\\/uploads\\\/2024\\\/09\\\/Claude_Monet_banner2.jpg\",\"keywords\":[\"1840\",\"1926\",\"Alfred Sisley\",\"arte y pintura\",\"biograf\u00eda de Monet\",\"blog de Rafael Ram\u00edrez\",\"Camille Pissarro\",\"CentroCentro\",\"c\u00edrculo impresionista\",\"claude monet\",\"cuadros impresionistas\",\"\u00c9douard Manet\",\"efectos de la luz y la atm\u00f3sfera\",\"estilo impresionista\",\"Eug\u00e8ne Boudin\",\"Exposici\u00f3n Universal de Par\u00eds\",\"exposiciones impresionistas\",\"Galer\u00eda Durand-Ruel\",\"Giverny\",\"grupo de los impresionistas\",\"Gustave Caillebotte\",\"historia del impresionismo\",\"Impresi\u00f3n sol naciente\",\"J.M.W. Turner\",\"Johan Barthold Jongkind\",\"movimiento impresionista\",\"Mus\u00e9e de l\u2019Orangerie\",\"Mus\u00e9e Marmottan Monet\",\"paisaje\",\"Paris\",\"Paul C\u00e9zanne\",\"Paul Durand-Ruel\",\"Pierre-Auguste Renoir\",\"Primera Exposici\u00f3n Impresionista\",\"Vincent Van Gogh\"],\"articleSection\":[\"Historia del arte\"],\"inLanguage\":\"es\",\"potentialAction\":[{\"@type\":\"CommentAction\",\"name\":\"Comment\",\"target\":[\"https:\\\/\\\/rafaramirez.org\\\/blog\\\/index.php\\\/2024\\\/09\\\/26\\\/claude-monet\\\/#respond\"]}]},{\"@type\":\"WebPage\",\"@id\":\"https:\\\/\\\/rafaramirez.org\\\/blog\\\/index.php\\\/2024\\\/09\\\/26\\\/claude-monet\\\/\",\"url\":\"https:\\\/\\\/rafaramirez.org\\\/blog\\\/index.php\\\/2024\\\/09\\\/26\\\/claude-monet\\\/\",\"name\":\"Claude Monet, el impresionista maestro de la luz. - Blog de Rafael Ram\u00edrez\",\"isPartOf\":{\"@id\":\"https:\\\/\\\/rafaramirez.org\\\/blog\\\/#website\"},\"primaryImageOfPage\":{\"@id\":\"https:\\\/\\\/rafaramirez.org\\\/blog\\\/index.php\\\/2024\\\/09\\\/26\\\/claude-monet\\\/#primaryimage\"},\"image\":{\"@id\":\"https:\\\/\\\/rafaramirez.org\\\/blog\\\/index.php\\\/2024\\\/09\\\/26\\\/claude-monet\\\/#primaryimage\"},\"thumbnailUrl\":\"https:\\\/\\\/rafaramirez.org\\\/blog\\\/wp-content\\\/uploads\\\/2024\\\/09\\\/Claude_Monet_banner2.jpg\",\"datePublished\":\"2024-09-26T06:15:29+00:00\",\"dateModified\":\"2026-07-14T09:46:41+00:00\",\"description\":\"Claude Monet fue un pintor fundador del movimiento impresionista. Sus obras siguen siendo celebradas por su innovaci\u00f3n y belleza.\",\"breadcrumb\":{\"@id\":\"https:\\\/\\\/rafaramirez.org\\\/blog\\\/index.php\\\/2024\\\/09\\\/26\\\/claude-monet\\\/#breadcrumb\"},\"inLanguage\":\"es\",\"potentialAction\":[{\"@type\":\"ReadAction\",\"target\":[\"https:\\\/\\\/rafaramirez.org\\\/blog\\\/index.php\\\/2024\\\/09\\\/26\\\/claude-monet\\\/\"]}]},{\"@type\":\"ImageObject\",\"inLanguage\":\"es\",\"@id\":\"https:\\\/\\\/rafaramirez.org\\\/blog\\\/index.php\\\/2024\\\/09\\\/26\\\/claude-monet\\\/#primaryimage\",\"url\":\"https:\\\/\\\/rafaramirez.org\\\/blog\\\/wp-content\\\/uploads\\\/2024\\\/09\\\/Claude_Monet_banner2.jpg\",\"contentUrl\":\"https:\\\/\\\/rafaramirez.org\\\/blog\\\/wp-content\\\/uploads\\\/2024\\\/09\\\/Claude_Monet_banner2.jpg\",\"width\":720,\"height\":440,\"caption\":\"Claude Monet biograf\u00eda. Blog de Rafael Ram\u00edrez.\"},{\"@type\":\"BreadcrumbList\",\"@id\":\"https:\\\/\\\/rafaramirez.org\\\/blog\\\/index.php\\\/2024\\\/09\\\/26\\\/claude-monet\\\/#breadcrumb\",\"itemListElement\":[{\"@type\":\"ListItem\",\"position\":1,\"name\":\"Portada\",\"item\":\"https:\\\/\\\/rafaramirez.org\\\/blog\\\/\"},{\"@type\":\"ListItem\",\"position\":2,\"name\":\"Claude Monet, el impresionista maestro de la luz.\"}]},{\"@type\":\"WebSite\",\"@id\":\"https:\\\/\\\/rafaramirez.org\\\/blog\\\/#website\",\"url\":\"https:\\\/\\\/rafaramirez.org\\\/blog\\\/\",\"name\":\"Blog de Rafael Ram\u00edrez\",\"description\":\"Un sitio social, de arte y cultura\",\"publisher\":{\"@id\":\"https:\\\/\\\/rafaramirez.org\\\/blog\\\/#\\\/schema\\\/person\\\/50f43b6d60c578760d4c17bda54ab6a5\"},\"potentialAction\":[{\"@type\":\"SearchAction\",\"target\":{\"@type\":\"EntryPoint\",\"urlTemplate\":\"https:\\\/\\\/rafaramirez.org\\\/blog\\\/?s={search_term_string}\"},\"query-input\":{\"@type\":\"PropertyValueSpecification\",\"valueRequired\":true,\"valueName\":\"search_term_string\"}}],\"inLanguage\":\"es\"},{\"@type\":[\"Person\",\"Organization\"],\"@id\":\"https:\\\/\\\/rafaramirez.org\\\/blog\\\/#\\\/schema\\\/person\\\/50f43b6d60c578760d4c17bda54ab6a5\",\"name\":\"Rafael Ram\u00edrez\",\"image\":{\"@type\":\"ImageObject\",\"inLanguage\":\"es\",\"@id\":\"https:\\\/\\\/rafaramirez.org\\\/blog\\\/wp-content\\\/uploads\\\/2024\\\/09\\\/RR_socialnetwork.jpg\",\"url\":\"https:\\\/\\\/rafaramirez.org\\\/blog\\\/wp-content\\\/uploads\\\/2024\\\/09\\\/RR_socialnetwork.jpg\",\"contentUrl\":\"https:\\\/\\\/rafaramirez.org\\\/blog\\\/wp-content\\\/uploads\\\/2024\\\/09\\\/RR_socialnetwork.jpg\",\"width\":600,\"height\":606,\"caption\":\"Rafael Ram\u00edrez\"},\"logo\":{\"@id\":\"https:\\\/\\\/rafaramirez.org\\\/blog\\\/wp-content\\\/uploads\\\/2024\\\/09\\\/RR_socialnetwork.jpg\"},\"sameAs\":[\"https:\\\/\\\/www.rafaramirez.org\\\/blog\",\"https:\\\/\\\/www.instagram.com\\\/rafaramirez_ok\\\/\",\"https:\\\/\\\/es.pinterest.com\\\/Ramirez_Rafa\\\/\",\"https:\\\/\\\/x.com\\\/rafaramirez_ok\"]},{\"@type\":\"Person\",\"@id\":\"https:\\\/\\\/rafaramirez.org\\\/blog\\\/#\\\/schema\\\/person\\\/8debd05b3d9a1d16fb21af726811617d\",\"name\":\"Documentaci\u00f3n e investigaci\u00f3n\",\"image\":{\"@type\":\"ImageObject\",\"inLanguage\":\"es\",\"@id\":\"https:\\\/\\\/secure.gravatar.com\\\/avatar\\\/fe70e496579a39c7a8fc4982b89275403b1092eb200623138a32daada9416911?s=96&d=mm&r=g\",\"url\":\"https:\\\/\\\/secure.gravatar.com\\\/avatar\\\/fe70e496579a39c7a8fc4982b89275403b1092eb200623138a32daada9416911?s=96&d=mm&r=g\",\"contentUrl\":\"https:\\\/\\\/secure.gravatar.com\\\/avatar\\\/fe70e496579a39c7a8fc4982b89275403b1092eb200623138a32daada9416911?s=96&d=mm&r=g\",\"caption\":\"Documentaci\u00f3n e investigaci\u00f3n\"},\"url\":\"https:\\\/\\\/rafaramirez.org\\\/blog\\\/index.php\\\/author\\\/admin\\\/\"}]}<\/script>\n<!-- \/ Yoast SEO plugin. -->","yoast_head_json":{"title":"Claude Monet, el impresionista maestro de la luz. - Blog de Rafael Ram\u00edrez","description":"Claude Monet fue un pintor fundador del movimiento impresionista. Sus obras siguen siendo celebradas por su innovaci\u00f3n y belleza.","robots":{"index":"index","follow":"follow","max-snippet":"max-snippet:-1","max-image-preview":"max-image-preview:large","max-video-preview":"max-video-preview:-1"},"canonical":"https:\/\/rafaramirez.org\/blog\/index.php\/2024\/09\/26\/claude-monet\/","og_locale":"es_ES","og_type":"article","og_title":"Claude Monet, el impresionista maestro de la luz. - Blog de Rafael Ram\u00edrez","og_description":"Claude Monet fue un pintor fundador del movimiento impresionista. Sus obras siguen siendo celebradas por su innovaci\u00f3n y belleza.","og_url":"https:\/\/rafaramirez.org\/blog\/index.php\/2024\/09\/26\/claude-monet\/","og_site_name":"Blog de Rafael Ram\u00edrez","article_published_time":"2024-09-26T06:15:29+00:00","article_modified_time":"2026-07-14T09:46:41+00:00","og_image":[{"width":720,"height":440,"url":"https:\/\/rafaramirez.org\/blog\/wp-content\/uploads\/2024\/09\/Claude_Monet_banner2.jpg","type":"image\/jpeg"}],"author":"Documentaci\u00f3n e investigaci\u00f3n","twitter_card":"summary_large_image","twitter_site":"@rafaramirez_ok","twitter_misc":{"Escrito por":"Documentaci\u00f3n e investigaci\u00f3n","Tiempo de lectura":"11 minutos"},"schema":{"@context":"https:\/\/schema.org","@graph":[{"@type":"Article","@id":"https:\/\/rafaramirez.org\/blog\/index.php\/2024\/09\/26\/claude-monet\/#article","isPartOf":{"@id":"https:\/\/rafaramirez.org\/blog\/index.php\/2024\/09\/26\/claude-monet\/"},"author":{"name":"Documentaci\u00f3n e investigaci\u00f3n","@id":"https:\/\/rafaramirez.org\/blog\/#\/schema\/person\/8debd05b3d9a1d16fb21af726811617d"},"headline":"Claude Monet, el impresionista maestro de la luz.","datePublished":"2024-09-26T06:15:29+00:00","dateModified":"2026-07-14T09:46:41+00:00","mainEntityOfPage":{"@id":"https:\/\/rafaramirez.org\/blog\/index.php\/2024\/09\/26\/claude-monet\/"},"wordCount":1915,"commentCount":0,"publisher":{"@id":"https:\/\/rafaramirez.org\/blog\/#\/schema\/person\/50f43b6d60c578760d4c17bda54ab6a5"},"image":{"@id":"https:\/\/rafaramirez.org\/blog\/index.php\/2024\/09\/26\/claude-monet\/#primaryimage"},"thumbnailUrl":"https:\/\/rafaramirez.org\/blog\/wp-content\/uploads\/2024\/09\/Claude_Monet_banner2.jpg","keywords":["1840","1926","Alfred Sisley","arte y pintura","biograf\u00eda de Monet","blog de Rafael Ram\u00edrez","Camille Pissarro","CentroCentro","c\u00edrculo impresionista","claude monet","cuadros impresionistas","\u00c9douard Manet","efectos de la luz y la atm\u00f3sfera","estilo impresionista","Eug\u00e8ne Boudin","Exposici\u00f3n Universal de Par\u00eds","exposiciones impresionistas","Galer\u00eda Durand-Ruel","Giverny","grupo de los impresionistas","Gustave Caillebotte","historia del impresionismo","Impresi\u00f3n sol naciente","J.M.W. Turner","Johan Barthold Jongkind","movimiento impresionista","Mus\u00e9e de l\u2019Orangerie","Mus\u00e9e Marmottan Monet","paisaje","Paris","Paul C\u00e9zanne","Paul Durand-Ruel","Pierre-Auguste Renoir","Primera Exposici\u00f3n Impresionista","Vincent Van Gogh"],"articleSection":["Historia del arte"],"inLanguage":"es","potentialAction":[{"@type":"CommentAction","name":"Comment","target":["https:\/\/rafaramirez.org\/blog\/index.php\/2024\/09\/26\/claude-monet\/#respond"]}]},{"@type":"WebPage","@id":"https:\/\/rafaramirez.org\/blog\/index.php\/2024\/09\/26\/claude-monet\/","url":"https:\/\/rafaramirez.org\/blog\/index.php\/2024\/09\/26\/claude-monet\/","name":"Claude Monet, el impresionista maestro de la luz. - Blog de Rafael Ram\u00edrez","isPartOf":{"@id":"https:\/\/rafaramirez.org\/blog\/#website"},"primaryImageOfPage":{"@id":"https:\/\/rafaramirez.org\/blog\/index.php\/2024\/09\/26\/claude-monet\/#primaryimage"},"image":{"@id":"https:\/\/rafaramirez.org\/blog\/index.php\/2024\/09\/26\/claude-monet\/#primaryimage"},"thumbnailUrl":"https:\/\/rafaramirez.org\/blog\/wp-content\/uploads\/2024\/09\/Claude_Monet_banner2.jpg","datePublished":"2024-09-26T06:15:29+00:00","dateModified":"2026-07-14T09:46:41+00:00","description":"Claude Monet fue un pintor fundador del movimiento impresionista. Sus obras siguen siendo celebradas por su innovaci\u00f3n y belleza.","breadcrumb":{"@id":"https:\/\/rafaramirez.org\/blog\/index.php\/2024\/09\/26\/claude-monet\/#breadcrumb"},"inLanguage":"es","potentialAction":[{"@type":"ReadAction","target":["https:\/\/rafaramirez.org\/blog\/index.php\/2024\/09\/26\/claude-monet\/"]}]},{"@type":"ImageObject","inLanguage":"es","@id":"https:\/\/rafaramirez.org\/blog\/index.php\/2024\/09\/26\/claude-monet\/#primaryimage","url":"https:\/\/rafaramirez.org\/blog\/wp-content\/uploads\/2024\/09\/Claude_Monet_banner2.jpg","contentUrl":"https:\/\/rafaramirez.org\/blog\/wp-content\/uploads\/2024\/09\/Claude_Monet_banner2.jpg","width":720,"height":440,"caption":"Claude Monet biograf\u00eda. Blog de Rafael Ram\u00edrez."},{"@type":"BreadcrumbList","@id":"https:\/\/rafaramirez.org\/blog\/index.php\/2024\/09\/26\/claude-monet\/#breadcrumb","itemListElement":[{"@type":"ListItem","position":1,"name":"Portada","item":"https:\/\/rafaramirez.org\/blog\/"},{"@type":"ListItem","position":2,"name":"Claude Monet, el impresionista maestro de la luz."}]},{"@type":"WebSite","@id":"https:\/\/rafaramirez.org\/blog\/#website","url":"https:\/\/rafaramirez.org\/blog\/","name":"Blog de Rafael Ram\u00edrez","description":"Un sitio social, de arte y cultura","publisher":{"@id":"https:\/\/rafaramirez.org\/blog\/#\/schema\/person\/50f43b6d60c578760d4c17bda54ab6a5"},"potentialAction":[{"@type":"SearchAction","target":{"@type":"EntryPoint","urlTemplate":"https:\/\/rafaramirez.org\/blog\/?s={search_term_string}"},"query-input":{"@type":"PropertyValueSpecification","valueRequired":true,"valueName":"search_term_string"}}],"inLanguage":"es"},{"@type":["Person","Organization"],"@id":"https:\/\/rafaramirez.org\/blog\/#\/schema\/person\/50f43b6d60c578760d4c17bda54ab6a5","name":"Rafael Ram\u00edrez","image":{"@type":"ImageObject","inLanguage":"es","@id":"https:\/\/rafaramirez.org\/blog\/wp-content\/uploads\/2024\/09\/RR_socialnetwork.jpg","url":"https:\/\/rafaramirez.org\/blog\/wp-content\/uploads\/2024\/09\/RR_socialnetwork.jpg","contentUrl":"https:\/\/rafaramirez.org\/blog\/wp-content\/uploads\/2024\/09\/RR_socialnetwork.jpg","width":600,"height":606,"caption":"Rafael Ram\u00edrez"},"logo":{"@id":"https:\/\/rafaramirez.org\/blog\/wp-content\/uploads\/2024\/09\/RR_socialnetwork.jpg"},"sameAs":["https:\/\/www.rafaramirez.org\/blog","https:\/\/www.instagram.com\/rafaramirez_ok\/","https:\/\/es.pinterest.com\/Ramirez_Rafa\/","https:\/\/x.com\/rafaramirez_ok"]},{"@type":"Person","@id":"https:\/\/rafaramirez.org\/blog\/#\/schema\/person\/8debd05b3d9a1d16fb21af726811617d","name":"Documentaci\u00f3n e investigaci\u00f3n","image":{"@type":"ImageObject","inLanguage":"es","@id":"https:\/\/secure.gravatar.com\/avatar\/fe70e496579a39c7a8fc4982b89275403b1092eb200623138a32daada9416911?s=96&d=mm&r=g","url":"https:\/\/secure.gravatar.com\/avatar\/fe70e496579a39c7a8fc4982b89275403b1092eb200623138a32daada9416911?s=96&d=mm&r=g","contentUrl":"https:\/\/secure.gravatar.com\/avatar\/fe70e496579a39c7a8fc4982b89275403b1092eb200623138a32daada9416911?s=96&d=mm&r=g","caption":"Documentaci\u00f3n e investigaci\u00f3n"},"url":"https:\/\/rafaramirez.org\/blog\/index.php\/author\/admin\/"}]}},"jetpack_publicize_connections":[],"jetpack_sharing_enabled":true,"jetpack_likes_enabled":true,"jetpack_featured_media_url":"https:\/\/rafaramirez.org\/blog\/wp-content\/uploads\/2024\/09\/Claude_Monet_banner2.jpg","_links":{"self":[{"href":"https:\/\/rafaramirez.org\/blog\/index.php\/wp-json\/wp\/v2\/posts\/5961","targetHints":{"allow":["GET"]}}],"collection":[{"href":"https:\/\/rafaramirez.org\/blog\/index.php\/wp-json\/wp\/v2\/posts"}],"about":[{"href":"https:\/\/rafaramirez.org\/blog\/index.php\/wp-json\/wp\/v2\/types\/post"}],"author":[{"embeddable":true,"href":"https:\/\/rafaramirez.org\/blog\/index.php\/wp-json\/wp\/v2\/users\/3"}],"replies":[{"embeddable":true,"href":"https:\/\/rafaramirez.org\/blog\/index.php\/wp-json\/wp\/v2\/comments?post=5961"}],"version-history":[{"count":24,"href":"https:\/\/rafaramirez.org\/blog\/index.php\/wp-json\/wp\/v2\/posts\/5961\/revisions"}],"predecessor-version":[{"id":6706,"href":"https:\/\/rafaramirez.org\/blog\/index.php\/wp-json\/wp\/v2\/posts\/5961\/revisions\/6706"}],"wp:featuredmedia":[{"embeddable":true,"href":"https:\/\/rafaramirez.org\/blog\/index.php\/wp-json\/wp\/v2\/media\/6209"}],"wp:attachment":[{"href":"https:\/\/rafaramirez.org\/blog\/index.php\/wp-json\/wp\/v2\/media?parent=5961"}],"wp:term":[{"taxonomy":"category","embeddable":true,"href":"https:\/\/rafaramirez.org\/blog\/index.php\/wp-json\/wp\/v2\/categories?post=5961"},{"taxonomy":"post_tag","embeddable":true,"href":"https:\/\/rafaramirez.org\/blog\/index.php\/wp-json\/wp\/v2\/tags?post=5961"}],"curies":[{"name":"wp","href":"https:\/\/api.w.org\/{rel}","templated":true}]}}