{"id":5858,"date":"2024-09-22T09:00:16","date_gmt":"2024-09-22T07:00:16","guid":{"rendered":"https:\/\/rafaramirez.org\/blog\/?p=5858"},"modified":"2024-09-20T14:09:40","modified_gmt":"2024-09-20T12:09:40","slug":"equinoccio-de-otono","status":"publish","type":"post","link":"https:\/\/rafaramirez.org\/blog\/index.php\/2024\/09\/22\/equinoccio-de-otono\/","title":{"rendered":"Equinoccio de Oto\u00f1o, cuando el susurro de la naturaleza nos recuerda la belleza del cambio de estaci\u00f3n."},"content":{"rendered":"<p>El <strong>equinoccio de oto\u00f1o<\/strong> es un evento astron\u00f3mico que marca el cambio del verano al oto\u00f1o.\u00a0Durante este fen\u00f3meno, el d\u00eda y la noche tienen la misma duraci\u00f3n, aproximadamente 12 horas cada uno.\u00a0Esto ocurre porque el <strong>Sol<\/strong> se encuentra directamente sobre <strong>el ecuador<\/strong>, lo que hace que ambos <strong>hemisferios<\/strong> reciban la misma cantidad de luz.<\/p>\n<p>La palabra <strong>\u201cequinoccio\u201d<\/strong> proviene del<strong> lat\u00edn<\/strong> <strong>\u201caequinoctium\u201d<\/strong> que se compone de <strong>\u201caequus\u201d<\/strong> (igual) y <strong>\u201cnox\u201d<\/strong> (noche). Se llama as\u00ed porque durante el equinoccio, el d\u00eda y la noche tienen aproximadamente la misma duraci\u00f3n en todo el mundo.<\/p>\n<p>En el hemisferio norte, el equinoccio de oto\u00f1o suele ocurrir entre el <strong>22 y el 23 de septiembre.<\/strong>\u00a0Este a\u00f1o, ser\u00e1 <strong>el 22 de septiembre a las 12:44 UTC.<\/strong>\u00a0En el hemisferio sur, el equinoccio de oto\u00f1o ocurre alrededor del 20 de marzo.<\/p>\n<p>Este evento tambi\u00e9n tiene un impacto cultural significativo.\u00a0Muchas culturas celebran festividades relacionadas con la cosecha y el agradecimiento por los frutos recogidos durante el a\u00f1o.\u00a0Por ejemplo, en la pir\u00e1mide de <strong>Chich\u00e9n Itz\u00e1 en M\u00e9xico,<\/strong> la luz solar crea una sombra en forma de serpiente, asociada al <strong>dios Kukulk\u00e1n.<\/strong><\/p>\n<figure id=\"attachment_5870\" aria-describedby=\"caption-attachment-5870\" style=\"width: 300px\" class=\"wp-caption aligncenter\"><a href=\"https:\/\/rafaramirez.org\/blog\/wp-content\/uploads\/2024\/09\/pyramid-5744558.jpg\" target=\"_blank\" rel=\"noopener\"><img loading=\"lazy\" decoding=\"async\" class=\"wp-image-5870 size-medium\" src=\"https:\/\/rafaramirez.org\/blog\/wp-content\/uploads\/2024\/09\/pyramid-5744558-300x197.jpg\" alt=\"Equinoccio de Oto\u00f1o. Blog de Rafael Ram\u00edrez.\" width=\"300\" height=\"197\" srcset=\"https:\/\/rafaramirez.org\/blog\/wp-content\/uploads\/2024\/09\/pyramid-5744558-300x197.jpg 300w, https:\/\/rafaramirez.org\/blog\/wp-content\/uploads\/2024\/09\/pyramid-5744558-1024x672.jpg 1024w, https:\/\/rafaramirez.org\/blog\/wp-content\/uploads\/2024\/09\/pyramid-5744558-768x504.jpg 768w, https:\/\/rafaramirez.org\/blog\/wp-content\/uploads\/2024\/09\/pyramid-5744558.jpg 1200w\" sizes=\"auto, (max-width: 300px) 100vw, 300px\" \/><\/a><figcaption id=\"caption-attachment-5870\" class=\"wp-caption-text\">Equinoccio de Oto\u00f1o. Blog de Rafael Ram\u00edrez.<\/figcaption><\/figure>\n<h3>Sobre la alineaci\u00f3n del Sol con el ecuador.<\/h3>\n<p>Como hemos dicho, durante el equinoccio, el Sol se encuentra directamente sobre el ecuador terrestre. Esto significa que los rayos solares inciden perpendicularmente al ecuador, lo que provoca que la duraci\u00f3n del d\u00eda y la noche sea casi igual en todo el planeta.<\/p>\n<p>Aqu\u00ed tienes una explicaci\u00f3n m\u00e1s detallada:<\/p>\n<ol>\n<li><strong>Inclinaci\u00f3n del Eje Terrestre<\/strong>: La Tierra tiene un eje inclinado aproximadamente 23.5 grados respecto a su \u00f3rbita alrededor del Sol. Esta inclinaci\u00f3n es la raz\u00f3n principal por la que experimentamos estaciones.<\/li>\n<li><strong>\u00d3rbita de la Tierra<\/strong>: A medida que la Tierra orbita alrededor del Sol, hay dos momentos en el a\u00f1o (los equinoccios) en los que el eje de la Tierra no est\u00e1 inclinado ni hacia el Sol ni en direcci\u00f3n opuesta. En estos momentos, el Sol est\u00e1 directamente sobre el ecuador.<\/li>\n<li><strong>Distribuci\u00f3n de la Luz Solar<\/strong>: Debido a esta alineaci\u00f3n, ambos hemisferios reciben la misma cantidad de luz solar. Esto resulta en d\u00edas y noches de aproximadamente la misma duraci\u00f3n en todas partes del mundo.<\/li>\n<li><strong>Transici\u00f3n de Estaciones<\/strong>: En el equinoccio de oto\u00f1o, el hemisferio norte pasa del verano al oto\u00f1o, mientras que el hemisferio sur pasa del invierno a la primavera. En el equinoccio de primavera, ocurre lo contrario.<\/li>\n<\/ol>\n<p>Este fen\u00f3meno no solo es interesante desde un punto de vista astron\u00f3mico, sino que tambi\u00e9n tiene un impacto cultural y agr\u00edcola significativo en muchas partes del mundo.<\/p>\n<figure id=\"attachment_5867\" aria-describedby=\"caption-attachment-5867\" style=\"width: 300px\" class=\"wp-caption aligncenter\"><a href=\"https:\/\/rafaramirez.org\/blog\/wp-content\/uploads\/2024\/09\/trees-5605176.jpg\" target=\"_blank\" rel=\"noopener\"><img loading=\"lazy\" decoding=\"async\" class=\"wp-image-5867 size-medium\" src=\"https:\/\/rafaramirez.org\/blog\/wp-content\/uploads\/2024\/09\/trees-5605176-300x200.jpg\" alt=\"Equinoccio de Oto\u00f1o. Blog de Rafael Ram\u00edrez.\" width=\"300\" height=\"200\" srcset=\"https:\/\/rafaramirez.org\/blog\/wp-content\/uploads\/2024\/09\/trees-5605176-300x200.jpg 300w, https:\/\/rafaramirez.org\/blog\/wp-content\/uploads\/2024\/09\/trees-5605176-1024x683.jpg 1024w, https:\/\/rafaramirez.org\/blog\/wp-content\/uploads\/2024\/09\/trees-5605176-768x512.jpg 768w, https:\/\/rafaramirez.org\/blog\/wp-content\/uploads\/2024\/09\/trees-5605176.jpg 1200w\" sizes=\"auto, (max-width: 300px) 100vw, 300px\" \/><\/a><figcaption id=\"caption-attachment-5867\" class=\"wp-caption-text\">Equinoccio de Oto\u00f1o. Blog de Rafael Ram\u00edrez.<\/figcaption><\/figure>\n<p><strong>El equinoccio de oto\u00f1o es el susurro de la naturaleza que nos recuerda la belleza del cambio de estaci\u00f3n y la armon\u00eda en la transici\u00f3n y marca el momento en que \u00e9sta se viste de colores c\u00e1lidos, invit\u00e1ndonos a reflexionar sobre la transformaci\u00f3n y renovaci\u00f3n en nuestras vidas.<\/strong> \ud83c\udf41\ud83c\udf0d<\/p>\n<p>M\u00e1s informaci\u00f3n:<\/p>\n<ul>\n<li><a href=\"https:\/\/www.significados.com\/equinoccio-de-otono\/\" target=\"_blank\" rel=\"noopener\">Significados<\/a>.<\/li>\n<li><a href=\"https:\/\/es.wikipedia.org\/wiki\/Equinoccio\" target=\"_blank\" rel=\"noopener\">Wikipedia<\/a>.<\/li>\n<\/ul>\n","protected":false},"excerpt":{"rendered":"<p>El equinoccio de oto\u00f1o es un evento astron\u00f3mico que marca el cambio del verano al oto\u00f1o.\u00a0Durante este fen\u00f3meno, el d\u00eda y la noche tienen la misma duraci\u00f3n, aproximadamente 12 horas cada uno.\u00a0Esto ocurre porque el Sol se encuentra directamente sobre el ecuador, lo que hace que ambos hemisferios reciban la misma cantidad de luz. La [&hellip;]<\/p>\n","protected":false},"author":1,"featured_media":5864,"comment_status":"open","ping_status":"closed","sticky":false,"template":"","format":"standard","meta":{"site-container-style":"default","site-container-layout":"default","site-sidebar-layout":"default","disable-article-header":"default","disable-site-header":"default","disable-site-footer":"default","disable-content-area-spacing":"default","_jetpack_newsletter_access":"","_jetpack_dont_email_post_to_subs":false,"_jetpack_newsletter_tier_id":0,"_jetpack_memberships_contains_paywalled_content":false,"_jetpack_feature_clip_id":0,"_jetpack_memberships_contains_paid_content":false,"footnotes":"","jetpack_publicize_message":"","jetpack_publicize_feature_enabled":true,"jetpack_social_post_already_shared":true,"jetpack_social_options":{"image_generator_settings":{"template":"highway","default_image_id":0,"font":"","enabled":false},"version":2},"jetpack_post_was_ever_published":false},"categories":[1291],"tags":[3414,3415,3411,68,3409,1821,1323,3407,3412,3406,3413,3408,452,474,3410],"class_list":["post-5858","post","type-post","status-publish","format-standard","has-post-thumbnail","hentry","category-efemerides","tag-aequus","tag-nox","tag-22-de-septiembre","tag-blog-de-rafael-ramirez","tag-distribucion-de-la-luz-solar","tag-ecuador","tag-efemerides","tag-eje-terrestre","tag-entre-el-22-y-el-23-de-septiembre","tag-equinoccio-de-otono","tag-latin-aequinoctium","tag-orbita-de-la-tierra","tag-sol","tag-tierra","tag-transicion-de-estaciones"],"yoast_head":"<!-- This site is optimized with the Yoast SEO plugin v28.4 - https:\/\/yoast.com\/product\/yoast-seo-wordpress\/ -->\n<title>Equinoccio de Oto\u00f1o, cuando el susurro de la naturaleza nos recuerda la belleza del cambio de estaci\u00f3n. - Blog de Rafael Ram\u00edrez<\/title>\n<meta name=\"description\" content=\"El equinoccio de oto\u00f1o es un evento astron\u00f3mico que marca el cambio del verano al oto\u00f1o.\u00a0Durante este fen\u00f3meno, el d\u00eda y la noche duran igual\" \/>\n<meta name=\"robots\" content=\"index, follow, max-snippet:-1, max-image-preview:large, max-video-preview:-1\" \/>\n<link rel=\"canonical\" href=\"https:\/\/rafaramirez.org\/blog\/index.php\/2024\/09\/22\/equinoccio-de-otono\/\" \/>\n<meta property=\"og:locale\" content=\"es_ES\" \/>\n<meta property=\"og:type\" content=\"article\" \/>\n<meta property=\"og:title\" content=\"Equinoccio de Oto\u00f1o, cuando el susurro de la naturaleza nos recuerda la belleza del cambio de estaci\u00f3n. - Blog de Rafael Ram\u00edrez\" \/>\n<meta property=\"og:description\" content=\"El equinoccio de oto\u00f1o es un evento astron\u00f3mico que marca el cambio del verano al oto\u00f1o.\u00a0Durante este fen\u00f3meno, el d\u00eda y la noche duran igual\" \/>\n<meta property=\"og:url\" content=\"https:\/\/rafaramirez.org\/blog\/index.php\/2024\/09\/22\/equinoccio-de-otono\/\" \/>\n<meta property=\"og:site_name\" content=\"Blog de Rafael Ram\u00edrez\" \/>\n<meta property=\"article:published_time\" content=\"2024-09-22T07:00:16+00:00\" \/>\n<meta property=\"og:image\" content=\"https:\/\/rafaramirez.org\/blog\/wp-content\/uploads\/2024\/09\/Equinoccio_otono_banner_ok.jpg\" \/>\n\t<meta property=\"og:image:width\" content=\"750\" \/>\n\t<meta property=\"og:image:height\" content=\"450\" \/>\n\t<meta property=\"og:image:type\" content=\"image\/jpeg\" \/>\n<meta name=\"author\" content=\"Rafael Ram\u00edrez\" \/>\n<meta name=\"twitter:card\" content=\"summary_large_image\" \/>\n<meta name=\"twitter:creator\" content=\"@rafaramirez_ok\" \/>\n<meta name=\"twitter:site\" content=\"@rafaramirez_ok\" \/>\n<meta name=\"twitter:label1\" content=\"Escrito por\" \/>\n\t<meta name=\"twitter:data1\" content=\"Rafael Ram\u00edrez\" \/>\n\t<meta name=\"twitter:label2\" content=\"Tiempo de lectura\" \/>\n\t<meta name=\"twitter:data2\" content=\"3 minutos\" \/>\n<script type=\"application\/ld+json\" class=\"yoast-schema-graph\">{\"@context\":\"https:\\\/\\\/schema.org\",\"@graph\":[{\"@type\":\"Article\",\"@id\":\"https:\\\/\\\/rafaramirez.org\\\/blog\\\/index.php\\\/2024\\\/09\\\/22\\\/equinoccio-de-otono\\\/#article\",\"isPartOf\":{\"@id\":\"https:\\\/\\\/rafaramirez.org\\\/blog\\\/index.php\\\/2024\\\/09\\\/22\\\/equinoccio-de-otono\\\/\"},\"author\":{\"name\":\"Rafael Ram\u00edrez\",\"@id\":\"https:\\\/\\\/rafaramirez.org\\\/blog\\\/#\\\/schema\\\/person\\\/50f43b6d60c578760d4c17bda54ab6a5\"},\"headline\":\"Equinoccio de Oto\u00f1o, cuando el susurro de la naturaleza nos recuerda la belleza del cambio de estaci\u00f3n.\",\"datePublished\":\"2024-09-22T07:00:16+00:00\",\"mainEntityOfPage\":{\"@id\":\"https:\\\/\\\/rafaramirez.org\\\/blog\\\/index.php\\\/2024\\\/09\\\/22\\\/equinoccio-de-otono\\\/\"},\"wordCount\":565,\"commentCount\":0,\"publisher\":{\"@id\":\"https:\\\/\\\/rafaramirez.org\\\/blog\\\/#\\\/schema\\\/person\\\/50f43b6d60c578760d4c17bda54ab6a5\"},\"image\":{\"@id\":\"https:\\\/\\\/rafaramirez.org\\\/blog\\\/index.php\\\/2024\\\/09\\\/22\\\/equinoccio-de-otono\\\/#primaryimage\"},\"thumbnailUrl\":\"https:\\\/\\\/rafaramirez.org\\\/blog\\\/wp-content\\\/uploads\\\/2024\\\/09\\\/Equinoccio_otono_banner_ok.jpg\",\"keywords\":[\"\u201caequus\u201d\",\"\u201cnox\u201d\",\"22 de septiembre\",\"blog de Rafael Ram\u00edrez\",\"Distribuci\u00f3n de la Luz Solar\",\"Ecuador\",\"efem\u00e9rides\",\"Eje Terrestre\",\"entre el 22 y el 23 de septiembre\",\"equinoccio de oto\u00f1o\",\"lat\u00edn \u201caequinoctium\u201d\",\"\u00d3rbita de la Tierra\",\"Sol\",\"Tierra\",\"Transici\u00f3n de Estaciones\"],\"articleSection\":[\"Efem\u00e9rides\"],\"inLanguage\":\"es\",\"potentialAction\":[{\"@type\":\"CommentAction\",\"name\":\"Comment\",\"target\":[\"https:\\\/\\\/rafaramirez.org\\\/blog\\\/index.php\\\/2024\\\/09\\\/22\\\/equinoccio-de-otono\\\/#respond\"]}]},{\"@type\":\"WebPage\",\"@id\":\"https:\\\/\\\/rafaramirez.org\\\/blog\\\/index.php\\\/2024\\\/09\\\/22\\\/equinoccio-de-otono\\\/\",\"url\":\"https:\\\/\\\/rafaramirez.org\\\/blog\\\/index.php\\\/2024\\\/09\\\/22\\\/equinoccio-de-otono\\\/\",\"name\":\"Equinoccio de Oto\u00f1o, cuando el susurro de la naturaleza nos recuerda la belleza del cambio de estaci\u00f3n. - Blog de Rafael Ram\u00edrez\",\"isPartOf\":{\"@id\":\"https:\\\/\\\/rafaramirez.org\\\/blog\\\/#website\"},\"primaryImageOfPage\":{\"@id\":\"https:\\\/\\\/rafaramirez.org\\\/blog\\\/index.php\\\/2024\\\/09\\\/22\\\/equinoccio-de-otono\\\/#primaryimage\"},\"image\":{\"@id\":\"https:\\\/\\\/rafaramirez.org\\\/blog\\\/index.php\\\/2024\\\/09\\\/22\\\/equinoccio-de-otono\\\/#primaryimage\"},\"thumbnailUrl\":\"https:\\\/\\\/rafaramirez.org\\\/blog\\\/wp-content\\\/uploads\\\/2024\\\/09\\\/Equinoccio_otono_banner_ok.jpg\",\"datePublished\":\"2024-09-22T07:00:16+00:00\",\"description\":\"El equinoccio de oto\u00f1o es un evento astron\u00f3mico que marca el cambio del verano al oto\u00f1o.\u00a0Durante este fen\u00f3meno, el d\u00eda y la noche duran igual\",\"breadcrumb\":{\"@id\":\"https:\\\/\\\/rafaramirez.org\\\/blog\\\/index.php\\\/2024\\\/09\\\/22\\\/equinoccio-de-otono\\\/#breadcrumb\"},\"inLanguage\":\"es\",\"potentialAction\":[{\"@type\":\"ReadAction\",\"target\":[\"https:\\\/\\\/rafaramirez.org\\\/blog\\\/index.php\\\/2024\\\/09\\\/22\\\/equinoccio-de-otono\\\/\"]}]},{\"@type\":\"ImageObject\",\"inLanguage\":\"es\",\"@id\":\"https:\\\/\\\/rafaramirez.org\\\/blog\\\/index.php\\\/2024\\\/09\\\/22\\\/equinoccio-de-otono\\\/#primaryimage\",\"url\":\"https:\\\/\\\/rafaramirez.org\\\/blog\\\/wp-content\\\/uploads\\\/2024\\\/09\\\/Equinoccio_otono_banner_ok.jpg\",\"contentUrl\":\"https:\\\/\\\/rafaramirez.org\\\/blog\\\/wp-content\\\/uploads\\\/2024\\\/09\\\/Equinoccio_otono_banner_ok.jpg\",\"width\":750,\"height\":450,\"caption\":\"Equinoccio de Oto\u00f1o. Blog de Rafael Ram\u00edrez.\"},{\"@type\":\"BreadcrumbList\",\"@id\":\"https:\\\/\\\/rafaramirez.org\\\/blog\\\/index.php\\\/2024\\\/09\\\/22\\\/equinoccio-de-otono\\\/#breadcrumb\",\"itemListElement\":[{\"@type\":\"ListItem\",\"position\":1,\"name\":\"Portada\",\"item\":\"https:\\\/\\\/rafaramirez.org\\\/blog\\\/\"},{\"@type\":\"ListItem\",\"position\":2,\"name\":\"Equinoccio de Oto\u00f1o, cuando el susurro de la naturaleza nos recuerda la belleza del cambio de estaci\u00f3n.\"}]},{\"@type\":\"WebSite\",\"@id\":\"https:\\\/\\\/rafaramirez.org\\\/blog\\\/#website\",\"url\":\"https:\\\/\\\/rafaramirez.org\\\/blog\\\/\",\"name\":\"Blog de Rafael Ram\u00edrez\",\"description\":\"Un sitio social, de arte y cultura\",\"publisher\":{\"@id\":\"https:\\\/\\\/rafaramirez.org\\\/blog\\\/#\\\/schema\\\/person\\\/50f43b6d60c578760d4c17bda54ab6a5\"},\"potentialAction\":[{\"@type\":\"SearchAction\",\"target\":{\"@type\":\"EntryPoint\",\"urlTemplate\":\"https:\\\/\\\/rafaramirez.org\\\/blog\\\/?s={search_term_string}\"},\"query-input\":{\"@type\":\"PropertyValueSpecification\",\"valueRequired\":true,\"valueName\":\"search_term_string\"}}],\"inLanguage\":\"es\"},{\"@type\":[\"Person\",\"Organization\"],\"@id\":\"https:\\\/\\\/rafaramirez.org\\\/blog\\\/#\\\/schema\\\/person\\\/50f43b6d60c578760d4c17bda54ab6a5\",\"name\":\"Rafael Ram\u00edrez\",\"image\":{\"@type\":\"ImageObject\",\"inLanguage\":\"es\",\"@id\":\"https:\\\/\\\/rafaramirez.org\\\/blog\\\/wp-content\\\/uploads\\\/2024\\\/09\\\/RR_socialnetwork.jpg\",\"url\":\"https:\\\/\\\/rafaramirez.org\\\/blog\\\/wp-content\\\/uploads\\\/2024\\\/09\\\/RR_socialnetwork.jpg\",\"contentUrl\":\"https:\\\/\\\/rafaramirez.org\\\/blog\\\/wp-content\\\/uploads\\\/2024\\\/09\\\/RR_socialnetwork.jpg\",\"width\":600,\"height\":606,\"caption\":\"Rafael Ram\u00edrez\"},\"logo\":{\"@id\":\"https:\\\/\\\/rafaramirez.org\\\/blog\\\/wp-content\\\/uploads\\\/2024\\\/09\\\/RR_socialnetwork.jpg\"},\"sameAs\":[\"https:\\\/\\\/www.rafaramirez.org\\\/blog\",\"https:\\\/\\\/www.instagram.com\\\/rafaramirez_ok\\\/\",\"https:\\\/\\\/es.pinterest.com\\\/Ramirez_Rafa\\\/\",\"https:\\\/\\\/x.com\\\/rafaramirez_ok\"],\"url\":\"https:\\\/\\\/rafaramirez.org\\\/blog\\\/index.php\\\/author\\\/rafaell_qm6j97da\\\/\"}]}<\/script>\n<!-- \/ Yoast SEO plugin. -->","yoast_head_json":{"title":"Equinoccio de Oto\u00f1o, cuando el susurro de la naturaleza nos recuerda la belleza del cambio de estaci\u00f3n. - Blog de Rafael Ram\u00edrez","description":"El equinoccio de oto\u00f1o es un evento astron\u00f3mico que marca el cambio del verano al oto\u00f1o.\u00a0Durante este fen\u00f3meno, el d\u00eda y la noche duran igual","robots":{"index":"index","follow":"follow","max-snippet":"max-snippet:-1","max-image-preview":"max-image-preview:large","max-video-preview":"max-video-preview:-1"},"canonical":"https:\/\/rafaramirez.org\/blog\/index.php\/2024\/09\/22\/equinoccio-de-otono\/","og_locale":"es_ES","og_type":"article","og_title":"Equinoccio de Oto\u00f1o, cuando el susurro de la naturaleza nos recuerda la belleza del cambio de estaci\u00f3n. - Blog de Rafael Ram\u00edrez","og_description":"El equinoccio de oto\u00f1o es un evento astron\u00f3mico que marca el cambio del verano al oto\u00f1o.\u00a0Durante este fen\u00f3meno, el d\u00eda y la noche duran igual","og_url":"https:\/\/rafaramirez.org\/blog\/index.php\/2024\/09\/22\/equinoccio-de-otono\/","og_site_name":"Blog de Rafael Ram\u00edrez","article_published_time":"2024-09-22T07:00:16+00:00","og_image":[{"width":750,"height":450,"url":"https:\/\/rafaramirez.org\/blog\/wp-content\/uploads\/2024\/09\/Equinoccio_otono_banner_ok.jpg","type":"image\/jpeg"}],"author":"Rafael Ram\u00edrez","twitter_card":"summary_large_image","twitter_creator":"@rafaramirez_ok","twitter_site":"@rafaramirez_ok","twitter_misc":{"Escrito por":"Rafael Ram\u00edrez","Tiempo de lectura":"3 minutos"},"schema":{"@context":"https:\/\/schema.org","@graph":[{"@type":"Article","@id":"https:\/\/rafaramirez.org\/blog\/index.php\/2024\/09\/22\/equinoccio-de-otono\/#article","isPartOf":{"@id":"https:\/\/rafaramirez.org\/blog\/index.php\/2024\/09\/22\/equinoccio-de-otono\/"},"author":{"name":"Rafael Ram\u00edrez","@id":"https:\/\/rafaramirez.org\/blog\/#\/schema\/person\/50f43b6d60c578760d4c17bda54ab6a5"},"headline":"Equinoccio de Oto\u00f1o, cuando el susurro de la naturaleza nos recuerda la belleza del cambio de estaci\u00f3n.","datePublished":"2024-09-22T07:00:16+00:00","mainEntityOfPage":{"@id":"https:\/\/rafaramirez.org\/blog\/index.php\/2024\/09\/22\/equinoccio-de-otono\/"},"wordCount":565,"commentCount":0,"publisher":{"@id":"https:\/\/rafaramirez.org\/blog\/#\/schema\/person\/50f43b6d60c578760d4c17bda54ab6a5"},"image":{"@id":"https:\/\/rafaramirez.org\/blog\/index.php\/2024\/09\/22\/equinoccio-de-otono\/#primaryimage"},"thumbnailUrl":"https:\/\/rafaramirez.org\/blog\/wp-content\/uploads\/2024\/09\/Equinoccio_otono_banner_ok.jpg","keywords":["\u201caequus\u201d","\u201cnox\u201d","22 de septiembre","blog de Rafael Ram\u00edrez","Distribuci\u00f3n de la Luz Solar","Ecuador","efem\u00e9rides","Eje Terrestre","entre el 22 y el 23 de septiembre","equinoccio de oto\u00f1o","lat\u00edn \u201caequinoctium\u201d","\u00d3rbita de la Tierra","Sol","Tierra","Transici\u00f3n de Estaciones"],"articleSection":["Efem\u00e9rides"],"inLanguage":"es","potentialAction":[{"@type":"CommentAction","name":"Comment","target":["https:\/\/rafaramirez.org\/blog\/index.php\/2024\/09\/22\/equinoccio-de-otono\/#respond"]}]},{"@type":"WebPage","@id":"https:\/\/rafaramirez.org\/blog\/index.php\/2024\/09\/22\/equinoccio-de-otono\/","url":"https:\/\/rafaramirez.org\/blog\/index.php\/2024\/09\/22\/equinoccio-de-otono\/","name":"Equinoccio de Oto\u00f1o, cuando el susurro de la naturaleza nos recuerda la belleza del cambio de estaci\u00f3n. - Blog de Rafael Ram\u00edrez","isPartOf":{"@id":"https:\/\/rafaramirez.org\/blog\/#website"},"primaryImageOfPage":{"@id":"https:\/\/rafaramirez.org\/blog\/index.php\/2024\/09\/22\/equinoccio-de-otono\/#primaryimage"},"image":{"@id":"https:\/\/rafaramirez.org\/blog\/index.php\/2024\/09\/22\/equinoccio-de-otono\/#primaryimage"},"thumbnailUrl":"https:\/\/rafaramirez.org\/blog\/wp-content\/uploads\/2024\/09\/Equinoccio_otono_banner_ok.jpg","datePublished":"2024-09-22T07:00:16+00:00","description":"El equinoccio de oto\u00f1o es un evento astron\u00f3mico que marca el cambio del verano al oto\u00f1o.\u00a0Durante este fen\u00f3meno, el d\u00eda y la noche duran igual","breadcrumb":{"@id":"https:\/\/rafaramirez.org\/blog\/index.php\/2024\/09\/22\/equinoccio-de-otono\/#breadcrumb"},"inLanguage":"es","potentialAction":[{"@type":"ReadAction","target":["https:\/\/rafaramirez.org\/blog\/index.php\/2024\/09\/22\/equinoccio-de-otono\/"]}]},{"@type":"ImageObject","inLanguage":"es","@id":"https:\/\/rafaramirez.org\/blog\/index.php\/2024\/09\/22\/equinoccio-de-otono\/#primaryimage","url":"https:\/\/rafaramirez.org\/blog\/wp-content\/uploads\/2024\/09\/Equinoccio_otono_banner_ok.jpg","contentUrl":"https:\/\/rafaramirez.org\/blog\/wp-content\/uploads\/2024\/09\/Equinoccio_otono_banner_ok.jpg","width":750,"height":450,"caption":"Equinoccio de Oto\u00f1o. Blog de Rafael Ram\u00edrez."},{"@type":"BreadcrumbList","@id":"https:\/\/rafaramirez.org\/blog\/index.php\/2024\/09\/22\/equinoccio-de-otono\/#breadcrumb","itemListElement":[{"@type":"ListItem","position":1,"name":"Portada","item":"https:\/\/rafaramirez.org\/blog\/"},{"@type":"ListItem","position":2,"name":"Equinoccio de Oto\u00f1o, cuando el susurro de la naturaleza nos recuerda la belleza del cambio de estaci\u00f3n."}]},{"@type":"WebSite","@id":"https:\/\/rafaramirez.org\/blog\/#website","url":"https:\/\/rafaramirez.org\/blog\/","name":"Blog de Rafael Ram\u00edrez","description":"Un sitio social, de arte y cultura","publisher":{"@id":"https:\/\/rafaramirez.org\/blog\/#\/schema\/person\/50f43b6d60c578760d4c17bda54ab6a5"},"potentialAction":[{"@type":"SearchAction","target":{"@type":"EntryPoint","urlTemplate":"https:\/\/rafaramirez.org\/blog\/?s={search_term_string}"},"query-input":{"@type":"PropertyValueSpecification","valueRequired":true,"valueName":"search_term_string"}}],"inLanguage":"es"},{"@type":["Person","Organization"],"@id":"https:\/\/rafaramirez.org\/blog\/#\/schema\/person\/50f43b6d60c578760d4c17bda54ab6a5","name":"Rafael Ram\u00edrez","image":{"@type":"ImageObject","inLanguage":"es","@id":"https:\/\/rafaramirez.org\/blog\/wp-content\/uploads\/2024\/09\/RR_socialnetwork.jpg","url":"https:\/\/rafaramirez.org\/blog\/wp-content\/uploads\/2024\/09\/RR_socialnetwork.jpg","contentUrl":"https:\/\/rafaramirez.org\/blog\/wp-content\/uploads\/2024\/09\/RR_socialnetwork.jpg","width":600,"height":606,"caption":"Rafael Ram\u00edrez"},"logo":{"@id":"https:\/\/rafaramirez.org\/blog\/wp-content\/uploads\/2024\/09\/RR_socialnetwork.jpg"},"sameAs":["https:\/\/www.rafaramirez.org\/blog","https:\/\/www.instagram.com\/rafaramirez_ok\/","https:\/\/es.pinterest.com\/Ramirez_Rafa\/","https:\/\/x.com\/rafaramirez_ok"],"url":"https:\/\/rafaramirez.org\/blog\/index.php\/author\/rafaell_qm6j97da\/"}]}},"jetpack_publicize_connections":[],"jetpack_sharing_enabled":true,"jetpack_likes_enabled":true,"jetpack_featured_media_url":"https:\/\/rafaramirez.org\/blog\/wp-content\/uploads\/2024\/09\/Equinoccio_otono_banner_ok.jpg","_links":{"self":[{"href":"https:\/\/rafaramirez.org\/blog\/index.php\/wp-json\/wp\/v2\/posts\/5858","targetHints":{"allow":["GET"]}}],"collection":[{"href":"https:\/\/rafaramirez.org\/blog\/index.php\/wp-json\/wp\/v2\/posts"}],"about":[{"href":"https:\/\/rafaramirez.org\/blog\/index.php\/wp-json\/wp\/v2\/types\/post"}],"author":[{"embeddable":true,"href":"https:\/\/rafaramirez.org\/blog\/index.php\/wp-json\/wp\/v2\/users\/1"}],"replies":[{"embeddable":true,"href":"https:\/\/rafaramirez.org\/blog\/index.php\/wp-json\/wp\/v2\/comments?post=5858"}],"version-history":[{"count":8,"href":"https:\/\/rafaramirez.org\/blog\/index.php\/wp-json\/wp\/v2\/posts\/5858\/revisions"}],"predecessor-version":[{"id":5871,"href":"https:\/\/rafaramirez.org\/blog\/index.php\/wp-json\/wp\/v2\/posts\/5858\/revisions\/5871"}],"wp:featuredmedia":[{"embeddable":true,"href":"https:\/\/rafaramirez.org\/blog\/index.php\/wp-json\/wp\/v2\/media\/5864"}],"wp:attachment":[{"href":"https:\/\/rafaramirez.org\/blog\/index.php\/wp-json\/wp\/v2\/media?parent=5858"}],"wp:term":[{"taxonomy":"category","embeddable":true,"href":"https:\/\/rafaramirez.org\/blog\/index.php\/wp-json\/wp\/v2\/categories?post=5858"},{"taxonomy":"post_tag","embeddable":true,"href":"https:\/\/rafaramirez.org\/blog\/index.php\/wp-json\/wp\/v2\/tags?post=5858"}],"curies":[{"name":"wp","href":"https:\/\/api.w.org\/{rel}","templated":true}]}}