{"id":5840,"date":"2024-09-21T08:15:15","date_gmt":"2024-09-21T06:15:15","guid":{"rendered":"https:\/\/rafaramirez.org\/blog\/?p=5840"},"modified":"2024-09-21T12:48:56","modified_gmt":"2024-09-21T10:48:56","slug":"dia-internacional-de-la-paz","status":"publish","type":"post","link":"https:\/\/rafaramirez.org\/blog\/index.php\/2024\/09\/21\/dia-internacional-de-la-paz\/","title":{"rendered":"D\u00eda Internacional de la Paz: la importancia y la necesidad de trabajar juntos para lograrla."},"content":{"rendered":"<p>El <strong>D\u00eda Internacional de la Paz<\/strong> se celebra cada a\u00f1o el <strong>21 de septiembre<\/strong>. Fue establecido por la <strong>Asamblea General de las Naciones Unidas<\/strong> en 1981 y se conmemor\u00f3 por primera vez en 1982. Este d\u00eda tiene como objetivo fortalecer los ideales de paz entre todas las naciones y pueblos del mundo.<\/p>\n<p>El tema de este a\u00f1o es <strong>\u201cCultivar una cultura de paz\u201d<\/strong>, en conmemoraci\u00f3n del 25\u00ba aniversario de la <strong>Declaraci\u00f3n y Programa de Acci\u00f3n<\/strong> sobre una Cultura de Paz. La <strong>ONU<\/strong> destaca que la paz no solo es la ausencia de conflictos, sino tambi\u00e9n un proceso positivo, din\u00e1mico y participativo que promueve el di\u00e1logo y la cooperaci\u00f3n mutua.<\/p>\n<p>Las actividades t\u00edpicas del D\u00eda Internacional de la Paz incluyen actos educativos, ceremonias de encendido de velas, marchas por la paz, conferencias y actividades art\u00edsticas. Adem\u00e1s, se hace un llamado global a un alto el fuego y a la no violencia durante toda la jornada.<\/p>\n<h3>Historia detr\u00e1s de este d\u00eda.<\/h3>\n<p>El <strong>D\u00eda Internacional de la Paz<\/strong> tiene una historia interesante y significativa. Como os he dicho antes, fue establecido por la Asamblea General de las Naciones Unidas en 1981, con la <strong>resoluci\u00f3n 36\/67<\/strong>. Originalmente, se celebraba el <strong>tercer martes de septiembre<\/strong>, coincidiendo con la apertura del per\u00edodo de sesiones de la Asamblea General. Sin embargo, <strong>en 2001<\/strong>, la Asamblea General adopt\u00f3 la r<strong>esoluci\u00f3n 55\/282<\/strong>, que fij\u00f3 el 21 de septiembre como la fecha oficial de celebraci\u00f3n.<\/p>\n<p>El prop\u00f3sito de este d\u00eda es promover la paz y la no violencia en todo el mundo. La ONU invita a todas las naciones y personas a conmemorar el d\u00eda mediante la educaci\u00f3n y la concienciaci\u00f3n p\u00fablica sobre temas relacionados con la paz.<\/p>\n<p>Cada a\u00f1o, el D\u00eda Internacional de la Paz tiene un tema espec\u00edfico que gu\u00eda las actividades y eventos. Estos temas abordan diversas cuestiones relacionadas con la paz, como el desarme, los derechos humanos, el desarrollo sostenible y la igualdad de g\u00e9nero.<\/p>\n<figure id=\"attachment_5853\" aria-describedby=\"caption-attachment-5853\" style=\"width: 300px\" class=\"wp-caption aligncenter\"><a href=\"https:\/\/rafaramirez.org\/blog\/wp-content\/uploads\/2024\/09\/world-3043067.jpg\" target=\"_blank\" rel=\"noopener\"><img loading=\"lazy\" decoding=\"async\" class=\"wp-image-5853 size-medium\" src=\"https:\/\/rafaramirez.org\/blog\/wp-content\/uploads\/2024\/09\/world-3043067-300x195.jpg\" alt=\"D\u00eda Internacional de la Paz. Blog de Rafael Ram\u00edrez.\" width=\"300\" height=\"195\" srcset=\"https:\/\/rafaramirez.org\/blog\/wp-content\/uploads\/2024\/09\/world-3043067-300x195.jpg 300w, https:\/\/rafaramirez.org\/blog\/wp-content\/uploads\/2024\/09\/world-3043067-1024x666.jpg 1024w, https:\/\/rafaramirez.org\/blog\/wp-content\/uploads\/2024\/09\/world-3043067-768x500.jpg 768w, https:\/\/rafaramirez.org\/blog\/wp-content\/uploads\/2024\/09\/world-3043067.jpg 1200w\" sizes=\"auto, (max-width: 300px) 100vw, 300px\" \/><\/a><figcaption id=\"caption-attachment-5853\" class=\"wp-caption-text\">D\u00eda Internacional de la Paz. Blog de Rafael Ram\u00edrez.<\/figcaption><\/figure>\n<h3>Celebraci\u00f3n en las diferentes partes del mundo.<\/h3>\n<p>El <strong>D\u00eda Internacional de la Paz<\/strong> se celebra de diversas maneras en todo el mundo, reflejando las culturas y tradiciones locales. Aqu\u00ed tienes algunos ejemplos de c\u00f3mo se conmemora en diferentes lugares:<\/p>\n<ul>\n<li><strong>Nueva York, Estados Unidos<\/strong>: En la sede de las Naciones Unidas, se lleva a cabo una ceremonia especial donde se toca la <strong>Campana de la Paz.<\/strong> La Campana de la Paz de la ONU es un s\u00edmbolo significativo de paz y esperanza. Fue un regalo del pueblo japon\u00e9s a las Naciones Unidas en 1954. La campana fue moldeada a partir de monedas donadas por ni\u00f1os de 60 pa\u00edses, lo que simboliza la aspiraci\u00f3n global hacia la paz y se encuentra en los jardines de la sede de la ONU en <strong>Nueva York,<\/strong> dentro de una estructura de madera que se asemeja a un <strong>santuario sinto\u00edsta.<\/strong> Tradicionalmente, la campana se hace sonar dos veces al a\u00f1o: el <strong>primer d\u00eda de la primavera<\/strong> y el D\u00eda Internacional de la Paz, el 21 de septiembre. El sonido de la campana es un recordatorio de la importancia de la paz y la necesidad de trabajar juntos para lograrla. Durante la ceremonia del D\u00eda Internacional de la Paz, el <strong>Secretario General de la ONU<\/strong> y otros dignatarios hacen sonar la campana para marcar el inicio de las celebraciones.<\/li>\n<li><strong>Tokio, Jap\u00f3n<\/strong>: Se realizan ceremonias de encendido de velas y se organizan eventos educativos en escuelas y universidades. Adem\u00e1s, muchas personas participan en meditaciones y oraciones por la paz.<\/li>\n<li><strong>Kigali, Ruanda<\/strong>: Se llevan a cabo eventos comunitarios que incluyen discursos, m\u00fasica y danza tradicional. Las actividades se centran en la reconciliaci\u00f3n y la construcci\u00f3n de la paz despu\u00e9s del genocidio de 1994.<\/li>\n<li><strong>Sydney, Australia<\/strong>: Se organizan festivales de paz que incluyen conciertos, exposiciones de arte y actividades para ni\u00f1os. Tambi\u00e9n se realizan ceremonias de encendido de velas en lugares p\u00fablicos.<\/li>\n<li><strong>Delhi, India<\/strong>: Se celebran conferencias y seminarios sobre la paz y la no violencia, a menudo con la participaci\u00f3n de l\u00edderes religiosos y comunitarios. Las escuelas tambi\u00e9n organizan concursos de dibujo y redacci\u00f3n sobre el tema de la paz.<\/li>\n<\/ul>\n<p>Estas son solo algunas de las muchas formas en que se celebra el D\u00eda Internacional de la Paz en todo el mundo. Cada comunidad aporta su propio enfoque y creatividad para promover la paz y la armon\u00eda.<\/p>\n<figure id=\"attachment_5854\" aria-describedby=\"caption-attachment-5854\" style=\"width: 300px\" class=\"wp-caption aligncenter\"><a href=\"https:\/\/rafaramirez.org\/blog\/wp-content\/uploads\/2024\/09\/children-2857263.jpg\" target=\"_blank\" rel=\"noopener\"><img loading=\"lazy\" decoding=\"async\" class=\"wp-image-5854 size-medium\" src=\"https:\/\/rafaramirez.org\/blog\/wp-content\/uploads\/2024\/09\/children-2857263-300x190.jpg\" alt=\"D\u00eda Internacional de la Paz. Blog de Rafael Ram\u00edrez.\" width=\"300\" height=\"190\" srcset=\"https:\/\/rafaramirez.org\/blog\/wp-content\/uploads\/2024\/09\/children-2857263-300x190.jpg 300w, https:\/\/rafaramirez.org\/blog\/wp-content\/uploads\/2024\/09\/children-2857263-1024x647.jpg 1024w, https:\/\/rafaramirez.org\/blog\/wp-content\/uploads\/2024\/09\/children-2857263-768x485.jpg 768w, https:\/\/rafaramirez.org\/blog\/wp-content\/uploads\/2024\/09\/children-2857263.jpg 1200w\" sizes=\"auto, (max-width: 300px) 100vw, 300px\" \/><\/a><figcaption id=\"caption-attachment-5854\" class=\"wp-caption-text\">D\u00eda Internacional de la Paz. Blog de Rafael Ram\u00edrez.<\/figcaption><\/figure>\n<h3>Formas de contribuir por la paz.<\/h3>\n<p>Contribuir a la paz en vuestra comunidad es una tarea noble y puede tener un impacto significativo. Aqu\u00ed tienes algunas ideas sobre c\u00f3mo puedes hacerlo:<\/p>\n<ol>\n<li><strong>Promueve el di\u00e1logo y la comprensi\u00f3n<\/strong>: Fomenta conversaciones abiertas y respetuosas entre personas de diferentes or\u00edgenes y creencias. Si tienes oportunidad, organiza o participa en foros comunitarios donde se discutan temas importantes de manera constructiva.<\/li>\n<li><strong>Voluntariado<\/strong>: Es posible que no puedas pero si tienes la oportunidad, invol\u00facrate en organizaciones locales que trabajen por la paz, la justicia social o el apoyo a personas en situaci\u00f3n de vulnerabilidad. Tu tiempo y habilidades pueden marcar una gran diferencia.<\/li>\n<li><strong>Educaci\u00f3n para la paz<\/strong>: Participa en programas educativos que ense\u00f1en habilidades de resoluci\u00f3n de conflictos, mediaci\u00f3n y comunicaci\u00f3n efectiva. Luego puedes ofrecer tus conocimientos, de forma altruista, a trav\u00e9s de talleres en escuelas, centros comunitarios o incluso en tu lugar de trabajo.<\/li>\n<li><strong>Actividades culturales y art\u00edsticas<\/strong>: Organiza o apoya eventos culturales que promuevan la paz y la diversidad, como exposiciones de arte, conciertos, obras de teatro o festivales. Estas actividades pueden unir a la comunidad y fomentar un ambiente de respeto y colaboraci\u00f3n.<\/li>\n<li><strong>Pr\u00e1cticas de no violencia<\/strong>: Adopta y promueve pr\u00e1cticas de no violencia en tu vida diaria. Esto incluye resolver conflictos de manera pac\u00edfica, evitar el uso de lenguaje agresivo y ser un modelo de comportamiento respetuoso.<\/li>\n<li><strong>Apoyo a iniciativas locales<\/strong>: Apoya, dentro de tus posibilidades, y participa en iniciativas locales que promuevan la paz y la cohesi\u00f3n social, como proyectos de desarrollo comunitario o campa\u00f1as de sensibilizaci\u00f3n sobre temas de paz.<\/li>\n<li><strong>Cuidado del medio ambiente<\/strong>: La paz tambi\u00e9n est\u00e1 relacionada con el cuidado del entorno. Si tienes posibilidad, participa en actividades de limpieza comunitaria, plantaci\u00f3n de \u00e1rboles o proyectos de sostenibilidad que mejoren la calidad de vida en tu comunidad.<\/li>\n<li><strong>Redes sociales<\/strong>: Usa tus plataformas en redes sociales para difundir mensajes de paz, tolerancia y respeto. Comparte historias inspiradoras, recursos educativos y eventos relacionados con la paz.<\/li>\n<\/ol>\n<p><strong>Recuerda que cada peque\u00f1a acci\u00f3n cuenta y puede inspirar a otros a unirse a tus esfuerzos. Puedes dejar tus comentarios, debajo del post. Saludos y \u00a1feliz d\u00eda! <\/strong><\/p>\n<p>M\u00e1s informaci\u00f3n:<\/p>\n<ul>\n<li><a href=\"https:\/\/es.wikipedia.org\/wiki\/D%C3%ADa_Internacional_de_la_Paz\" target=\"_blank\" rel=\"noopener\">Wikipedia<\/a>.<\/li>\n<li><a href=\"https:\/\/www.un.org\/es\/observances\/international-day-peace\" target=\"_blank\" rel=\"noopener\">ONU<\/a>.<\/li>\n<li><a href=\"https:\/\/es.wikipedia.org\/wiki\/Campana_japonesa_de_la_paz\" target=\"_blank\" rel=\"noopener\">Wikipedia &#8211; Campana de la Paz. <\/a><\/li>\n<\/ul>\n","protected":false},"excerpt":{"rendered":"<p>El D\u00eda Internacional de la Paz se celebra cada a\u00f1o el 21 de septiembre. Fue establecido por la Asamblea General de las Naciones Unidas en 1981 y se conmemor\u00f3 por primera vez en 1982. Este d\u00eda tiene como objetivo fortalecer los ideales de paz entre todas las naciones y pueblos del mundo. El tema de [&hellip;]<\/p>\n","protected":false},"author":1,"featured_media":5851,"comment_status":"open","ping_status":"closed","sticky":false,"template":"","format":"standard","meta":{"site-container-style":"default","site-container-layout":"default","site-sidebar-layout":"default","disable-article-header":"default","disable-site-header":"default","disable-site-footer":"default","disable-content-area-spacing":"default","_jetpack_newsletter_access":"","_jetpack_dont_email_post_to_subs":false,"_jetpack_newsletter_tier_id":0,"_jetpack_memberships_contains_paywalled_content":false,"_jetpack_feature_clip_id":0,"_jetpack_memberships_contains_paid_content":false,"footnotes":"","jetpack_publicize_message":"","jetpack_publicize_feature_enabled":true,"jetpack_social_post_already_shared":true,"jetpack_social_options":{"image_generator_settings":{"template":"highway","default_image_id":0,"font":"","enabled":false},"version":2},"jetpack_post_was_ever_published":false},"categories":[1291,15],"tags":[3389,3392,3388,1713,52,68,3399,3391,3390,3405,3397,3396,3398,3387,1323,166,168,224,225,3401,3402,276,1326,1702,1136,3393,3395,3403,3404,3394,3400,3000],"class_list":["post-5840","post","type-post","status-publish","format-standard","has-post-thumbnail","hentry","category-efemerides","category-noticias-sociales","tag-cultivar-una-cultura-de-paz","tag-3392","tag-21-de-septiembre","tag-asamblea-general-de-las-naciones-unidas","tag-australia","tag-blog-de-rafael-ramirez","tag-campana-de-la-paz","tag-cooperacion-mutua","tag-declaracion-y-programa-de-accion","tag-delhi","tag-derechos-humanos","tag-desarme","tag-desarrollo-sostenible","tag-dia-internacional-de-la-paz","tag-efemerides","tag-espana","tag-estados-unidos","tag-igualdad-de-genero","tag-india","tag-japon","tag-kigali","tag-malaga","tag-nueva-york","tag-onu","tag-paz","tag-resolucion-36-67","tag-resolucion-55-282","tag-ruanda","tag-sydney","tag-tercer-martes-de-septiembre","tag-tokio","tag-un"],"yoast_head":"<!-- This site is optimized with the Yoast SEO plugin v28.3 - https:\/\/yoast.com\/product\/yoast-seo-wordpress\/ -->\n<title>D\u00eda Internacional de la Paz: la importancia y la necesidad de trabajar juntos para lograrla. - Blog de Rafael Ram\u00edrez<\/title>\n<meta name=\"description\" content=\"El\u00a0D\u00eda Internacional de la Paz\u00a0se celebra cada a\u00f1o con el objetivo de fortalecer los ideales de paz entre todas las naciones del mundo.\" \/>\n<meta name=\"robots\" content=\"index, follow, max-snippet:-1, max-image-preview:large, max-video-preview:-1\" \/>\n<link rel=\"canonical\" href=\"https:\/\/rafaramirez.org\/blog\/index.php\/2024\/09\/21\/dia-internacional-de-la-paz\/\" \/>\n<meta property=\"og:locale\" content=\"es_ES\" \/>\n<meta property=\"og:type\" content=\"article\" \/>\n<meta property=\"og:title\" content=\"D\u00eda Internacional de la Paz: la importancia y la necesidad de trabajar juntos para lograrla. - Blog de Rafael Ram\u00edrez\" \/>\n<meta property=\"og:description\" content=\"El\u00a0D\u00eda Internacional de la Paz\u00a0se celebra cada a\u00f1o con el objetivo de fortalecer los ideales de paz entre todas las naciones del mundo.\" \/>\n<meta property=\"og:url\" content=\"https:\/\/rafaramirez.org\/blog\/index.php\/2024\/09\/21\/dia-internacional-de-la-paz\/\" \/>\n<meta property=\"og:site_name\" content=\"Blog de Rafael Ram\u00edrez\" \/>\n<meta property=\"article:published_time\" content=\"2024-09-21T06:15:15+00:00\" \/>\n<meta property=\"article:modified_time\" content=\"2024-09-21T10:48:56+00:00\" \/>\n<meta property=\"og:image\" content=\"https:\/\/rafaramirez.org\/blog\/wp-content\/uploads\/2024\/09\/Dia_Internacional_Paz_bannerlogblog.jpg\" \/>\n\t<meta property=\"og:image:width\" content=\"750\" \/>\n\t<meta property=\"og:image:height\" content=\"450\" \/>\n\t<meta property=\"og:image:type\" content=\"image\/jpeg\" \/>\n<meta name=\"author\" content=\"Rafael Ram\u00edrez\" \/>\n<meta name=\"twitter:card\" content=\"summary_large_image\" \/>\n<meta name=\"twitter:creator\" content=\"@rafaramirez_ok\" \/>\n<meta name=\"twitter:site\" content=\"@rafaramirez_ok\" \/>\n<meta name=\"twitter:label1\" content=\"Escrito por\" \/>\n\t<meta name=\"twitter:data1\" content=\"Rafael Ram\u00edrez\" \/>\n\t<meta name=\"twitter:label2\" content=\"Tiempo de lectura\" \/>\n\t<meta name=\"twitter:data2\" content=\"6 minutos\" \/>\n<script type=\"application\/ld+json\" class=\"yoast-schema-graph\">{\"@context\":\"https:\\\/\\\/schema.org\",\"@graph\":[{\"@type\":\"Article\",\"@id\":\"https:\\\/\\\/rafaramirez.org\\\/blog\\\/index.php\\\/2024\\\/09\\\/21\\\/dia-internacional-de-la-paz\\\/#article\",\"isPartOf\":{\"@id\":\"https:\\\/\\\/rafaramirez.org\\\/blog\\\/index.php\\\/2024\\\/09\\\/21\\\/dia-internacional-de-la-paz\\\/\"},\"author\":{\"name\":\"Rafael Ram\u00edrez\",\"@id\":\"https:\\\/\\\/rafaramirez.org\\\/blog\\\/#\\\/schema\\\/person\\\/50f43b6d60c578760d4c17bda54ab6a5\"},\"headline\":\"D\u00eda Internacional de la Paz: la importancia y la necesidad de trabajar juntos para lograrla.\",\"datePublished\":\"2024-09-21T06:15:15+00:00\",\"dateModified\":\"2024-09-21T10:48:56+00:00\",\"mainEntityOfPage\":{\"@id\":\"https:\\\/\\\/rafaramirez.org\\\/blog\\\/index.php\\\/2024\\\/09\\\/21\\\/dia-internacional-de-la-paz\\\/\"},\"wordCount\":1197,\"commentCount\":0,\"publisher\":{\"@id\":\"https:\\\/\\\/rafaramirez.org\\\/blog\\\/#\\\/schema\\\/person\\\/50f43b6d60c578760d4c17bda54ab6a5\"},\"image\":{\"@id\":\"https:\\\/\\\/rafaramirez.org\\\/blog\\\/index.php\\\/2024\\\/09\\\/21\\\/dia-internacional-de-la-paz\\\/#primaryimage\"},\"thumbnailUrl\":\"https:\\\/\\\/rafaramirez.org\\\/blog\\\/wp-content\\\/uploads\\\/2024\\\/09\\\/Dia_Internacional_Paz_bannerlogblog.jpg\",\"keywords\":[\"\u201cCultivar una cultura de paz\u201d\",\"1981\",\"21 de septiembre\",\"Asamblea General de las Naciones Unidas\",\"Australia\",\"blog de Rafael Ram\u00edrez\",\"Campana de la Paz\",\"cooperaci\u00f3n mutua\",\"Declaraci\u00f3n y Programa de Acci\u00f3n\",\"Delhi\",\"derechos humanos\",\"desarme\",\"desarrollo sostenible\",\"D\u00eda Internacional de la Paz\",\"efem\u00e9rides\",\"espa\u00f1a\",\"Estados Unidos\",\"igualdad de genero\",\"India\",\"Jap\u00f3n\",\"Kigali\",\"M\u00e1laga\",\"Nueva York\",\"ONU\",\"paz\",\"resoluci\u00f3n 36\\\/67\",\"resoluci\u00f3n 55\\\/282\",\"Ruanda\",\"Sydney\",\"tercer martes de septiembre\",\"Tokio\",\"UN\"],\"articleSection\":[\"Efem\u00e9rides\",\"Informe social\"],\"inLanguage\":\"es\",\"potentialAction\":[{\"@type\":\"CommentAction\",\"name\":\"Comment\",\"target\":[\"https:\\\/\\\/rafaramirez.org\\\/blog\\\/index.php\\\/2024\\\/09\\\/21\\\/dia-internacional-de-la-paz\\\/#respond\"]}]},{\"@type\":\"WebPage\",\"@id\":\"https:\\\/\\\/rafaramirez.org\\\/blog\\\/index.php\\\/2024\\\/09\\\/21\\\/dia-internacional-de-la-paz\\\/\",\"url\":\"https:\\\/\\\/rafaramirez.org\\\/blog\\\/index.php\\\/2024\\\/09\\\/21\\\/dia-internacional-de-la-paz\\\/\",\"name\":\"D\u00eda Internacional de la Paz: la importancia y la necesidad de trabajar juntos para lograrla. - Blog de Rafael Ram\u00edrez\",\"isPartOf\":{\"@id\":\"https:\\\/\\\/rafaramirez.org\\\/blog\\\/#website\"},\"primaryImageOfPage\":{\"@id\":\"https:\\\/\\\/rafaramirez.org\\\/blog\\\/index.php\\\/2024\\\/09\\\/21\\\/dia-internacional-de-la-paz\\\/#primaryimage\"},\"image\":{\"@id\":\"https:\\\/\\\/rafaramirez.org\\\/blog\\\/index.php\\\/2024\\\/09\\\/21\\\/dia-internacional-de-la-paz\\\/#primaryimage\"},\"thumbnailUrl\":\"https:\\\/\\\/rafaramirez.org\\\/blog\\\/wp-content\\\/uploads\\\/2024\\\/09\\\/Dia_Internacional_Paz_bannerlogblog.jpg\",\"datePublished\":\"2024-09-21T06:15:15+00:00\",\"dateModified\":\"2024-09-21T10:48:56+00:00\",\"description\":\"El\u00a0D\u00eda Internacional de la Paz\u00a0se celebra cada a\u00f1o con el objetivo de fortalecer los ideales de paz entre todas las naciones del mundo.\",\"breadcrumb\":{\"@id\":\"https:\\\/\\\/rafaramirez.org\\\/blog\\\/index.php\\\/2024\\\/09\\\/21\\\/dia-internacional-de-la-paz\\\/#breadcrumb\"},\"inLanguage\":\"es\",\"potentialAction\":[{\"@type\":\"ReadAction\",\"target\":[\"https:\\\/\\\/rafaramirez.org\\\/blog\\\/index.php\\\/2024\\\/09\\\/21\\\/dia-internacional-de-la-paz\\\/\"]}]},{\"@type\":\"ImageObject\",\"inLanguage\":\"es\",\"@id\":\"https:\\\/\\\/rafaramirez.org\\\/blog\\\/index.php\\\/2024\\\/09\\\/21\\\/dia-internacional-de-la-paz\\\/#primaryimage\",\"url\":\"https:\\\/\\\/rafaramirez.org\\\/blog\\\/wp-content\\\/uploads\\\/2024\\\/09\\\/Dia_Internacional_Paz_bannerlogblog.jpg\",\"contentUrl\":\"https:\\\/\\\/rafaramirez.org\\\/blog\\\/wp-content\\\/uploads\\\/2024\\\/09\\\/Dia_Internacional_Paz_bannerlogblog.jpg\",\"width\":750,\"height\":450,\"caption\":\"D\u00eda Internacional de la Paz. Blog de Rafael Ram\u00edrez.\"},{\"@type\":\"BreadcrumbList\",\"@id\":\"https:\\\/\\\/rafaramirez.org\\\/blog\\\/index.php\\\/2024\\\/09\\\/21\\\/dia-internacional-de-la-paz\\\/#breadcrumb\",\"itemListElement\":[{\"@type\":\"ListItem\",\"position\":1,\"name\":\"Portada\",\"item\":\"https:\\\/\\\/rafaramirez.org\\\/blog\\\/\"},{\"@type\":\"ListItem\",\"position\":2,\"name\":\"D\u00eda Internacional de la Paz: la importancia y la necesidad de trabajar juntos para lograrla.\"}]},{\"@type\":\"WebSite\",\"@id\":\"https:\\\/\\\/rafaramirez.org\\\/blog\\\/#website\",\"url\":\"https:\\\/\\\/rafaramirez.org\\\/blog\\\/\",\"name\":\"Blog de Rafael Ram\u00edrez\",\"description\":\"Un sitio social, de arte y cultura\",\"publisher\":{\"@id\":\"https:\\\/\\\/rafaramirez.org\\\/blog\\\/#\\\/schema\\\/person\\\/50f43b6d60c578760d4c17bda54ab6a5\"},\"potentialAction\":[{\"@type\":\"SearchAction\",\"target\":{\"@type\":\"EntryPoint\",\"urlTemplate\":\"https:\\\/\\\/rafaramirez.org\\\/blog\\\/?s={search_term_string}\"},\"query-input\":{\"@type\":\"PropertyValueSpecification\",\"valueRequired\":true,\"valueName\":\"search_term_string\"}}],\"inLanguage\":\"es\"},{\"@type\":[\"Person\",\"Organization\"],\"@id\":\"https:\\\/\\\/rafaramirez.org\\\/blog\\\/#\\\/schema\\\/person\\\/50f43b6d60c578760d4c17bda54ab6a5\",\"name\":\"Rafael Ram\u00edrez\",\"image\":{\"@type\":\"ImageObject\",\"inLanguage\":\"es\",\"@id\":\"https:\\\/\\\/rafaramirez.org\\\/blog\\\/wp-content\\\/uploads\\\/2024\\\/09\\\/RR_socialnetwork.jpg\",\"url\":\"https:\\\/\\\/rafaramirez.org\\\/blog\\\/wp-content\\\/uploads\\\/2024\\\/09\\\/RR_socialnetwork.jpg\",\"contentUrl\":\"https:\\\/\\\/rafaramirez.org\\\/blog\\\/wp-content\\\/uploads\\\/2024\\\/09\\\/RR_socialnetwork.jpg\",\"width\":600,\"height\":606,\"caption\":\"Rafael Ram\u00edrez\"},\"logo\":{\"@id\":\"https:\\\/\\\/rafaramirez.org\\\/blog\\\/wp-content\\\/uploads\\\/2024\\\/09\\\/RR_socialnetwork.jpg\"},\"sameAs\":[\"https:\\\/\\\/www.rafaramirez.org\\\/blog\",\"https:\\\/\\\/www.instagram.com\\\/rafaramirez_ok\\\/\",\"https:\\\/\\\/es.pinterest.com\\\/Ramirez_Rafa\\\/\",\"https:\\\/\\\/x.com\\\/rafaramirez_ok\"],\"url\":\"https:\\\/\\\/rafaramirez.org\\\/blog\\\/index.php\\\/author\\\/rafaell_qm6j97da\\\/\"}]}<\/script>\n<!-- \/ Yoast SEO plugin. -->","yoast_head_json":{"title":"D\u00eda Internacional de la Paz: la importancia y la necesidad de trabajar juntos para lograrla. - Blog de Rafael Ram\u00edrez","description":"El\u00a0D\u00eda Internacional de la Paz\u00a0se celebra cada a\u00f1o con el objetivo de fortalecer los ideales de paz entre todas las naciones del mundo.","robots":{"index":"index","follow":"follow","max-snippet":"max-snippet:-1","max-image-preview":"max-image-preview:large","max-video-preview":"max-video-preview:-1"},"canonical":"https:\/\/rafaramirez.org\/blog\/index.php\/2024\/09\/21\/dia-internacional-de-la-paz\/","og_locale":"es_ES","og_type":"article","og_title":"D\u00eda Internacional de la Paz: la importancia y la necesidad de trabajar juntos para lograrla. - Blog de Rafael Ram\u00edrez","og_description":"El\u00a0D\u00eda Internacional de la Paz\u00a0se celebra cada a\u00f1o con el objetivo de fortalecer los ideales de paz entre todas las naciones del mundo.","og_url":"https:\/\/rafaramirez.org\/blog\/index.php\/2024\/09\/21\/dia-internacional-de-la-paz\/","og_site_name":"Blog de Rafael Ram\u00edrez","article_published_time":"2024-09-21T06:15:15+00:00","article_modified_time":"2024-09-21T10:48:56+00:00","og_image":[{"width":750,"height":450,"url":"https:\/\/rafaramirez.org\/blog\/wp-content\/uploads\/2024\/09\/Dia_Internacional_Paz_bannerlogblog.jpg","type":"image\/jpeg"}],"author":"Rafael Ram\u00edrez","twitter_card":"summary_large_image","twitter_creator":"@rafaramirez_ok","twitter_site":"@rafaramirez_ok","twitter_misc":{"Escrito por":"Rafael Ram\u00edrez","Tiempo de lectura":"6 minutos"},"schema":{"@context":"https:\/\/schema.org","@graph":[{"@type":"Article","@id":"https:\/\/rafaramirez.org\/blog\/index.php\/2024\/09\/21\/dia-internacional-de-la-paz\/#article","isPartOf":{"@id":"https:\/\/rafaramirez.org\/blog\/index.php\/2024\/09\/21\/dia-internacional-de-la-paz\/"},"author":{"name":"Rafael Ram\u00edrez","@id":"https:\/\/rafaramirez.org\/blog\/#\/schema\/person\/50f43b6d60c578760d4c17bda54ab6a5"},"headline":"D\u00eda Internacional de la Paz: la importancia y la necesidad de trabajar juntos para lograrla.","datePublished":"2024-09-21T06:15:15+00:00","dateModified":"2024-09-21T10:48:56+00:00","mainEntityOfPage":{"@id":"https:\/\/rafaramirez.org\/blog\/index.php\/2024\/09\/21\/dia-internacional-de-la-paz\/"},"wordCount":1197,"commentCount":0,"publisher":{"@id":"https:\/\/rafaramirez.org\/blog\/#\/schema\/person\/50f43b6d60c578760d4c17bda54ab6a5"},"image":{"@id":"https:\/\/rafaramirez.org\/blog\/index.php\/2024\/09\/21\/dia-internacional-de-la-paz\/#primaryimage"},"thumbnailUrl":"https:\/\/rafaramirez.org\/blog\/wp-content\/uploads\/2024\/09\/Dia_Internacional_Paz_bannerlogblog.jpg","keywords":["\u201cCultivar una cultura de paz\u201d","1981","21 de septiembre","Asamblea General de las Naciones Unidas","Australia","blog de Rafael Ram\u00edrez","Campana de la Paz","cooperaci\u00f3n mutua","Declaraci\u00f3n y Programa de Acci\u00f3n","Delhi","derechos humanos","desarme","desarrollo sostenible","D\u00eda Internacional de la Paz","efem\u00e9rides","espa\u00f1a","Estados Unidos","igualdad de genero","India","Jap\u00f3n","Kigali","M\u00e1laga","Nueva York","ONU","paz","resoluci\u00f3n 36\/67","resoluci\u00f3n 55\/282","Ruanda","Sydney","tercer martes de septiembre","Tokio","UN"],"articleSection":["Efem\u00e9rides","Informe social"],"inLanguage":"es","potentialAction":[{"@type":"CommentAction","name":"Comment","target":["https:\/\/rafaramirez.org\/blog\/index.php\/2024\/09\/21\/dia-internacional-de-la-paz\/#respond"]}]},{"@type":"WebPage","@id":"https:\/\/rafaramirez.org\/blog\/index.php\/2024\/09\/21\/dia-internacional-de-la-paz\/","url":"https:\/\/rafaramirez.org\/blog\/index.php\/2024\/09\/21\/dia-internacional-de-la-paz\/","name":"D\u00eda Internacional de la Paz: la importancia y la necesidad de trabajar juntos para lograrla. - Blog de Rafael Ram\u00edrez","isPartOf":{"@id":"https:\/\/rafaramirez.org\/blog\/#website"},"primaryImageOfPage":{"@id":"https:\/\/rafaramirez.org\/blog\/index.php\/2024\/09\/21\/dia-internacional-de-la-paz\/#primaryimage"},"image":{"@id":"https:\/\/rafaramirez.org\/blog\/index.php\/2024\/09\/21\/dia-internacional-de-la-paz\/#primaryimage"},"thumbnailUrl":"https:\/\/rafaramirez.org\/blog\/wp-content\/uploads\/2024\/09\/Dia_Internacional_Paz_bannerlogblog.jpg","datePublished":"2024-09-21T06:15:15+00:00","dateModified":"2024-09-21T10:48:56+00:00","description":"El\u00a0D\u00eda Internacional de la Paz\u00a0se celebra cada a\u00f1o con el objetivo de fortalecer los ideales de paz entre todas las naciones del mundo.","breadcrumb":{"@id":"https:\/\/rafaramirez.org\/blog\/index.php\/2024\/09\/21\/dia-internacional-de-la-paz\/#breadcrumb"},"inLanguage":"es","potentialAction":[{"@type":"ReadAction","target":["https:\/\/rafaramirez.org\/blog\/index.php\/2024\/09\/21\/dia-internacional-de-la-paz\/"]}]},{"@type":"ImageObject","inLanguage":"es","@id":"https:\/\/rafaramirez.org\/blog\/index.php\/2024\/09\/21\/dia-internacional-de-la-paz\/#primaryimage","url":"https:\/\/rafaramirez.org\/blog\/wp-content\/uploads\/2024\/09\/Dia_Internacional_Paz_bannerlogblog.jpg","contentUrl":"https:\/\/rafaramirez.org\/blog\/wp-content\/uploads\/2024\/09\/Dia_Internacional_Paz_bannerlogblog.jpg","width":750,"height":450,"caption":"D\u00eda Internacional de la Paz. Blog de Rafael Ram\u00edrez."},{"@type":"BreadcrumbList","@id":"https:\/\/rafaramirez.org\/blog\/index.php\/2024\/09\/21\/dia-internacional-de-la-paz\/#breadcrumb","itemListElement":[{"@type":"ListItem","position":1,"name":"Portada","item":"https:\/\/rafaramirez.org\/blog\/"},{"@type":"ListItem","position":2,"name":"D\u00eda Internacional de la Paz: la importancia y la necesidad de trabajar juntos para lograrla."}]},{"@type":"WebSite","@id":"https:\/\/rafaramirez.org\/blog\/#website","url":"https:\/\/rafaramirez.org\/blog\/","name":"Blog de Rafael Ram\u00edrez","description":"Un sitio social, de arte y cultura","publisher":{"@id":"https:\/\/rafaramirez.org\/blog\/#\/schema\/person\/50f43b6d60c578760d4c17bda54ab6a5"},"potentialAction":[{"@type":"SearchAction","target":{"@type":"EntryPoint","urlTemplate":"https:\/\/rafaramirez.org\/blog\/?s={search_term_string}"},"query-input":{"@type":"PropertyValueSpecification","valueRequired":true,"valueName":"search_term_string"}}],"inLanguage":"es"},{"@type":["Person","Organization"],"@id":"https:\/\/rafaramirez.org\/blog\/#\/schema\/person\/50f43b6d60c578760d4c17bda54ab6a5","name":"Rafael Ram\u00edrez","image":{"@type":"ImageObject","inLanguage":"es","@id":"https:\/\/rafaramirez.org\/blog\/wp-content\/uploads\/2024\/09\/RR_socialnetwork.jpg","url":"https:\/\/rafaramirez.org\/blog\/wp-content\/uploads\/2024\/09\/RR_socialnetwork.jpg","contentUrl":"https:\/\/rafaramirez.org\/blog\/wp-content\/uploads\/2024\/09\/RR_socialnetwork.jpg","width":600,"height":606,"caption":"Rafael Ram\u00edrez"},"logo":{"@id":"https:\/\/rafaramirez.org\/blog\/wp-content\/uploads\/2024\/09\/RR_socialnetwork.jpg"},"sameAs":["https:\/\/www.rafaramirez.org\/blog","https:\/\/www.instagram.com\/rafaramirez_ok\/","https:\/\/es.pinterest.com\/Ramirez_Rafa\/","https:\/\/x.com\/rafaramirez_ok"],"url":"https:\/\/rafaramirez.org\/blog\/index.php\/author\/rafaell_qm6j97da\/"}]}},"jetpack_publicize_connections":[],"jetpack_sharing_enabled":true,"jetpack_likes_enabled":true,"jetpack_featured_media_url":"https:\/\/rafaramirez.org\/blog\/wp-content\/uploads\/2024\/09\/Dia_Internacional_Paz_bannerlogblog.jpg","_links":{"self":[{"href":"https:\/\/rafaramirez.org\/blog\/index.php\/wp-json\/wp\/v2\/posts\/5840","targetHints":{"allow":["GET"]}}],"collection":[{"href":"https:\/\/rafaramirez.org\/blog\/index.php\/wp-json\/wp\/v2\/posts"}],"about":[{"href":"https:\/\/rafaramirez.org\/blog\/index.php\/wp-json\/wp\/v2\/types\/post"}],"author":[{"embeddable":true,"href":"https:\/\/rafaramirez.org\/blog\/index.php\/wp-json\/wp\/v2\/users\/1"}],"replies":[{"embeddable":true,"href":"https:\/\/rafaramirez.org\/blog\/index.php\/wp-json\/wp\/v2\/comments?post=5840"}],"version-history":[{"count":15,"href":"https:\/\/rafaramirez.org\/blog\/index.php\/wp-json\/wp\/v2\/posts\/5840\/revisions"}],"predecessor-version":[{"id":5842,"href":"https:\/\/rafaramirez.org\/blog\/index.php\/wp-json\/wp\/v2\/posts\/5840\/revisions\/5842"}],"wp:featuredmedia":[{"embeddable":true,"href":"https:\/\/rafaramirez.org\/blog\/index.php\/wp-json\/wp\/v2\/media\/5851"}],"wp:attachment":[{"href":"https:\/\/rafaramirez.org\/blog\/index.php\/wp-json\/wp\/v2\/media?parent=5840"}],"wp:term":[{"taxonomy":"category","embeddable":true,"href":"https:\/\/rafaramirez.org\/blog\/index.php\/wp-json\/wp\/v2\/categories?post=5840"},{"taxonomy":"post_tag","embeddable":true,"href":"https:\/\/rafaramirez.org\/blog\/index.php\/wp-json\/wp\/v2\/tags?post=5840"}],"curies":[{"name":"wp","href":"https:\/\/api.w.org\/{rel}","templated":true}]}}