{"id":5803,"date":"2024-09-19T08:15:05","date_gmt":"2024-09-19T06:15:05","guid":{"rendered":"https:\/\/rafaramirez.org\/blog\/?p=5803"},"modified":"2026-07-14T11:46:51","modified_gmt":"2026-07-14T09:46:51","slug":"edouard-manet","status":"publish","type":"post","link":"https:\/\/rafaramirez.org\/blog\/index.php\/2024\/09\/19\/edouard-manet\/","title":{"rendered":"\u00c9douard Manet, el pintor que desafi\u00f3 las normas tradicionales del arte."},"content":{"rendered":"<p><strong>\u00c9douard Manet<\/strong> (1832-1883) fue un pintor y grabador franc\u00e9s, conocido por su papel crucial en la <strong>transici\u00f3n del <a href=\"https:\/\/rafaramirez.org\/blog\/index.php\/2025\/10\/23\/realismo-del-mito-a-la-realidad-el-arte-que-retrato-la-vida-comun\/\" target=\"_blank\" rel=\"noopener\">realismo<\/a> al <a href=\"https:\/\/rafaramirez.org\/blog\/index.php\/2024\/01\/18\/el-impresionismo-en-la-pintura\/\" target=\"_blank\" rel=\"noopener\">impresionismo<\/a>.<\/strong> Naci\u00f3 en Par\u00eds en una familia acomodada y mostr\u00f3 inter\u00e9s por el arte desde joven.\u00a0A pesar de la oposici\u00f3n de su padre, decidi\u00f3 seguir una carrera art\u00edstica y estudi\u00f3 bajo la tutela de <strong>Thomas Couture.<\/strong><\/p>\n<p>Manet es famoso por sus obras que desafiaron las convenciones art\u00edsticas de su tiempo.\u00a0Algunas de sus pinturas m\u00e1s conocidas incluyen\u00a0<strong>\u201cEl almuerzo sobre la hierba\u201d<\/strong>\u00a0y\u00a0<strong>\u201cOlympia\u201d<\/strong>, que causaron controversia por su estilo y contenido. Estas obras rompieron con las tradiciones acad\u00e9micas y abrieron el camino para el <strong><a href=\"https:\/\/rafaramirez.org\/blog\/index.php\/2024\/01\/18\/el-impresionismo-en-la-pintura\/\" target=\"_blank\" rel=\"noopener\">movimiento impresionista<\/a>.<\/strong><\/p>\n<p>Adem\u00e1s de su influencia en el impresionismo, Manet tambi\u00e9n fue conocido por sus retratos y escenas de la vida cotidiana.\u00a0Su estilo se caracteriza por el uso audaz del color y la luz, as\u00ed como por su enfoque en temas modernos y urbanos.<\/p>\n<h3>Relaci\u00f3n de Manet con otros artistas contempor\u00e1neos.<\/h3>\n<p>\u00c9douard Manet tuvo relaciones significativas con varios artistas contempor\u00e1neos, lo que influy\u00f3 tanto en su obra como en la de sus colegas. Aqu\u00ed algunos ejemplos destacados:<\/p>\n<ul>\n<li><a href=\"https:\/\/rafaramirez.org\/blog\/index.php\/2024\/09\/26\/claude-monet\/\" target=\"_blank\" rel=\"noopener\"><strong>Claude Monet<\/strong><\/a>: Manet y Monet compartieron una amistad cercana y una influencia mutua.\u00a0Aunque Manet no se consideraba a s\u00ed mismo un impresionista, su estilo y t\u00e9cnicas influyeron en Monet y otros impresionistas.<\/li>\n<li><a href=\"https:\/\/rafaramirez.org\/blog\/index.php\/2024\/03\/18\/edgar-degas-un-maestro-de-la-fascinacion\/\" target=\"_blank\" rel=\"noopener\"><strong>Edgar Degas<\/strong><\/a>: Manet y Degas tambi\u00e9n fueron amigos cercanos. Ambos compart\u00edan un inter\u00e9s en capturar la vida moderna y urbana.\u00a0Degas admiraba el trabajo de Manet y viceversa, y a menudo se influenciaban mutuamente.<\/li>\n<li><a href=\"https:\/\/rafaramirez.org\/blog\/index.php\/2024\/05\/23\/berthe-morisot-la-impresionista-que-continua-inspirando-a-artistas-y-amantes-del-arte-por-su-vision-unica-y-su-valentia\/\" target=\"_blank\" rel=\"noopener\"><strong>Berthe Morisot<\/strong><\/a>: Morisot fue una de las primeras mujeres en unirse al c\u00edrculo impresionista y tuvo una relaci\u00f3n profesional y personal cercana con Manet.\u00a0Ella pos\u00f3 para varias de sus pinturas y tambi\u00e9n lo introdujo a otros impresionistas.<\/li>\n<li><strong>\u00c9mile Zola<\/strong>: El escritor \u00c9mile Zola fue un gran defensor de Manet. Zola escribi\u00f3 art\u00edculos elogiando su trabajo y defendiendo su estilo innovador frente a las cr\u00edticas conservadoras.<\/li>\n<li><strong>Charles Baudelaire<\/strong>: El poeta Baudelaire tambi\u00e9n fue un amigo y defensor de Manet.\u00a0Compart\u00edan una visi\u00f3n similar sobre la modernidad y la necesidad de que el arte reflejara la vida contempor\u00e1nea.<\/li>\n<\/ul>\n<p>Estas relaciones no solo ayudaron a Manet a desarrollar su propio estilo, sino que tambi\u00e9n contribuyeron a la formaci\u00f3n y evoluci\u00f3n del <a href=\"https:\/\/rafaramirez.org\/blog\/index.php\/2024\/01\/18\/el-impresionismo-en-la-pintura\/\" target=\"_blank\" rel=\"noopener\">movimiento impresionista<\/a>.<\/p>\n<h3>Amistad, rivalidad y controversia con Edgar Degas.<\/h3>\n<p>La amistad entre \u00c9douard Manet y Edgar Degas fue compleja y multifac\u00e9tica, marcada tanto por la admiraci\u00f3n mutua como por la rivalidad. Aqu\u00ed algunos aspectos destacados de su relaci\u00f3n:<\/p>\n<ul>\n<li><strong>Encuentro Inicial<\/strong>: Manet y Degas se conocieron en Par\u00eds a principios de la d\u00e9cada de 1860, posiblemente en el Louvre mientras ambos copiaban un retrato de Diego Vel\u00e1zquez. A pesar de sus diferencias de personalidad y estilo, desarrollaron una amistad basada en su amor compartido por el arte y la vida moderna.<\/li>\n<li><strong>Influencia Mutua<\/strong>: Aunque ten\u00edan estilos distintos, se influenciaron mutuamente.\u00a0Manet era conocido por sus pinceladas amplias y colores vibrantes, mientras que Degas prefer\u00eda un enfoque m\u00e1s preciso y tonos m\u00e1s apagados. A pesar de estas diferencias, ambos se inspiraron en el trabajo del otro y compartieron ideas sobre la representaci\u00f3n de la vida contempor\u00e1nea.<\/li>\n<li><strong>Rivalidad y Conflictos<\/strong>: Su relaci\u00f3n no estuvo exenta de conflictos. Un ejemplo famoso es cuando Degas pint\u00f3 un retrato de Manet y su esposa, Suzanne.\u00a0Manet no qued\u00f3 satisfecho con la representaci\u00f3n de su esposa y cort\u00f3 una parte del cuadro, lo que caus\u00f3 una ruptura temporal en su amistad.<\/li>\n<li><strong>Experiencias Compartidas<\/strong>: Ambos vivieron eventos significativos de la historia francesa, como la guerra franco-prusiana de 1870-71, en la que participaron. Estas experiencias compartidas fortalecieron su v\u00ednculo, aunque sus diferencias art\u00edsticas y personales a menudo causaban tensiones.<\/li>\n<li><strong>Exposiciones y Carreras<\/strong>: Sus elecciones divergentes en t\u00e9rminos de exposiciones y carreras tambi\u00e9n enfriaron su amistad en ciertos momentos. Sin embargo, su relaci\u00f3n siempre estuvo marcada por una profunda admiraci\u00f3n y respeto mutuo.<\/li>\n<\/ul>\n<p>A pesar de las tensiones y rivalidades, la amistad entre Manet y Degas fue fundamental para el desarrollo de sus respectivas carreras y para el <a href=\"https:\/\/rafaramirez.org\/blog\/index.php\/2024\/01\/18\/el-impresionismo-en-la-pintura\/\" target=\"_blank\" rel=\"noopener\">movimiento impresionista<\/a> en general.<\/p>\n<figure id=\"attachment_5821\" aria-describedby=\"caption-attachment-5821\" style=\"width: 226px\" class=\"wp-caption aligncenter\"><a href=\"https:\/\/rafaramirez.org\/blog\/wp-content\/uploads\/2024\/09\/Edouard_Manet_Retrato_coloreado_rz.jpg\" target=\"_blank\" rel=\"noopener\"><img loading=\"lazy\" decoding=\"async\" class=\"wp-image-5821 size-medium\" src=\"https:\/\/rafaramirez.org\/blog\/wp-content\/uploads\/2024\/09\/Edouard_Manet_Retrato_coloreado_rz-226x300.jpg\" alt=\"Retrato de \u00c9douard Manet. Blog de Rafael Ram\u00edrez.\" width=\"226\" height=\"300\" srcset=\"https:\/\/rafaramirez.org\/blog\/wp-content\/uploads\/2024\/09\/Edouard_Manet_Retrato_coloreado_rz-226x300.jpg 226w, https:\/\/rafaramirez.org\/blog\/wp-content\/uploads\/2024\/09\/Edouard_Manet_Retrato_coloreado_rz.jpg 752w\" sizes=\"auto, (max-width: 226px) 100vw, 226px\" \/><\/a><figcaption id=\"caption-attachment-5821\" class=\"wp-caption-text\">Retrato de \u00c9douard Manet. Blog de Rafael Ram\u00edrez.<\/figcaption><\/figure>\n<h3>Uso del color en sus pinturas.<\/h3>\n<p>Manet es conocido por el uso innovador y audaz del color, que fue fundamental para su estilo distintivo y su influencia en el movimiento impresionista. Aqu\u00ed algunos aspectos clave de c\u00f3mo utilizaba el color en sus pinturas:<\/p>\n<ul>\n<li><strong>Contrastes Fuertes<\/strong>: Manet a menudo utilizaba contrastes fuertes entre luces y sombras para crear un efecto dram\u00e1tico.\u00a0Esto se puede ver en obras como \u201cOlympia\u201d y \u201cEl almuerzo sobre la hierba\u201d, donde los colores claros y oscuros se yuxtaponen para resaltar las figuras principales.<\/li>\n<li><strong>Pinceladas Visibles<\/strong>: A diferencia de los artistas acad\u00e9micos que buscaban superficies suaves y pulidas, Manet prefer\u00eda pinceladas visibles y sueltas.\u00a0Esto le permit\u00eda aplicar colores directamente uno al lado del otro, creando una vibraci\u00f3n de color y una sensaci\u00f3n de inmediatez.<\/li>\n<li><strong>Paleta de Colores Brillantes<\/strong>: Manet utilizaba una paleta de colores m\u00e1s brillante y variada que la de sus predecesores <a href=\"https:\/\/rafaramirez.org\/blog\/index.php\/2025\/10\/23\/realismo-del-mito-a-la-realidad-el-arte-que-retrato-la-vida-comun\/\" target=\"_blank\" rel=\"noopener\">realistas<\/a>.\u00a0Incorporaba colores vivos y saturados, lo que daba a sus pinturas una frescura y modernidad que eran revolucionarias en su tiempo.<\/li>\n<li><strong>Uso de Colores Locales<\/strong>: En lugar de construir gradaciones de valor para modelar formas, Manet a menudo utilizaba \u00e1reas sutiles de color local para sugerir forma y volumen.\u00a0Esto le permit\u00eda mantener una claridad y simplicidad en sus composiciones.<\/li>\n<li><strong>Influencia de la Luz Natural<\/strong>: Al igual que los impresionistas, Manet estaba interesado en los efectos de la luz natural sobre el color.\u00a0Aunque no pintaba al aire libre tanto como algunos de sus contempor\u00e1neos, sus obras reflejan un inter\u00e9s en c\u00f3mo la luz afecta la percepci\u00f3n del color.<\/li>\n<\/ul>\n<h3>Principales obras.<\/h3>\n<p>\u00c9douard Manet cre\u00f3 muchas obras influyentes a lo largo de su carrera. Aqu\u00ed te menciono algunas de las m\u00e1s destacadas:<\/p>\n<ol>\n<li><strong>El almuerzo sobre la hierba <\/strong>(<i>Le D\u00e9jeuner sur l&#8217;herbe)<\/i><strong> (1863)<\/strong>: Esta pintura caus\u00f3 gran controversia en su \u00e9poca debido a la presencia de una mujer desnuda junto a dos hombres vestidos.\u00a0Es una de las obras m\u00e1s emblem\u00e1ticas de Manet y marc\u00f3 un punto de inflexi\u00f3n en el arte moderno.\n<p><figure id=\"attachment_5810\" aria-describedby=\"caption-attachment-5810\" style=\"width: 300px\" class=\"wp-caption aligncenter\"><a href=\"https:\/\/rafaramirez.org\/blog\/wp-content\/uploads\/2024\/09\/Edouard_Manet_-_Almuerzo-sobre-la-hierba_1863-scaled.jpg\" target=\"_blank\" rel=\"noopener\"><img loading=\"lazy\" decoding=\"async\" class=\"wp-image-5810 size-medium\" src=\"https:\/\/rafaramirez.org\/blog\/wp-content\/uploads\/2024\/09\/Edouard_Manet_-_Almuerzo-sobre-la-hierba_1863-300x233.jpg\" alt=\"El almuerzo sobre la hierba (1863) de \u00c9douard Manet. Blog de Rafael Ram\u00edrez.\" width=\"300\" height=\"233\" srcset=\"https:\/\/rafaramirez.org\/blog\/wp-content\/uploads\/2024\/09\/Edouard_Manet_-_Almuerzo-sobre-la-hierba_1863-300x233.jpg 300w, https:\/\/rafaramirez.org\/blog\/wp-content\/uploads\/2024\/09\/Edouard_Manet_-_Almuerzo-sobre-la-hierba_1863-1024x796.jpg 1024w, https:\/\/rafaramirez.org\/blog\/wp-content\/uploads\/2024\/09\/Edouard_Manet_-_Almuerzo-sobre-la-hierba_1863-768x597.jpg 768w, https:\/\/rafaramirez.org\/blog\/wp-content\/uploads\/2024\/09\/Edouard_Manet_-_Almuerzo-sobre-la-hierba_1863-1536x1193.jpg 1536w, https:\/\/rafaramirez.org\/blog\/wp-content\/uploads\/2024\/09\/Edouard_Manet_-_Almuerzo-sobre-la-hierba_1863-2048x1591.jpg 2048w\" sizes=\"auto, (max-width: 300px) 100vw, 300px\" \/><\/a><figcaption id=\"caption-attachment-5810\" class=\"wp-caption-text\">El almuerzo sobre la hierba (1863) de \u00c9douard Manet. Blog de Rafael Ram\u00edrez.<\/figcaption><\/figure><\/li>\n<li><strong>Olympia (1863)<\/strong>: Otra obra pol\u00e9mica, \u201cOlympia\u201d presenta a una mujer desnuda mirando directamente al espectador, lo que desafi\u00f3 las normas art\u00edsticas y sociales de la \u00e9poca.\n<p><figure id=\"attachment_5811\" aria-describedby=\"caption-attachment-5811\" style=\"width: 300px\" class=\"wp-caption aligncenter\"><a href=\"https:\/\/rafaramirez.org\/blog\/wp-content\/uploads\/2024\/09\/Edouard_Manet_-_Olympia_1863-scaled.jpg\" target=\"_blank\" rel=\"noopener\"><img loading=\"lazy\" decoding=\"async\" class=\"wp-image-5811 size-medium\" src=\"https:\/\/rafaramirez.org\/blog\/wp-content\/uploads\/2024\/09\/Edouard_Manet_-_Olympia_1863-300x204.jpg\" alt=\"Olympia (1863) de \u00c9douard Manet. Blog de Rafael Ram\u00edrez.\" width=\"300\" height=\"204\" srcset=\"https:\/\/rafaramirez.org\/blog\/wp-content\/uploads\/2024\/09\/Edouard_Manet_-_Olympia_1863-300x204.jpg 300w, https:\/\/rafaramirez.org\/blog\/wp-content\/uploads\/2024\/09\/Edouard_Manet_-_Olympia_1863-1024x698.jpg 1024w, https:\/\/rafaramirez.org\/blog\/wp-content\/uploads\/2024\/09\/Edouard_Manet_-_Olympia_1863-768x523.jpg 768w, https:\/\/rafaramirez.org\/blog\/wp-content\/uploads\/2024\/09\/Edouard_Manet_-_Olympia_1863-1536x1046.jpg 1536w, https:\/\/rafaramirez.org\/blog\/wp-content\/uploads\/2024\/09\/Edouard_Manet_-_Olympia_1863-2048x1395.jpg 2048w\" sizes=\"auto, (max-width: 300px) 100vw, 300px\" \/><\/a><figcaption id=\"caption-attachment-5811\" class=\"wp-caption-text\">Olympia (1863) de \u00c9douard Manet. Blog de Rafael Ram\u00edrez.<\/figcaption><\/figure><\/li>\n<li><strong>Un bar del Folies Berg\u00e8re <\/strong>(<em>Un bar aux Folies Berg\u00e8re<\/em>)<strong> (1882)<\/strong>: Esta pintura captura la vida nocturna parisina y es conocida por su compleja composici\u00f3n y el uso innovador del reflejo en el espejo.\n<p><figure id=\"attachment_5812\" aria-describedby=\"caption-attachment-5812\" style=\"width: 300px\" class=\"wp-caption aligncenter\"><a href=\"https:\/\/rafaramirez.org\/blog\/wp-content\/uploads\/2024\/09\/Edouard_Manet_Un-Bar-en-el-Folies-Bergere_1882-scaled.jpg\" target=\"_blank\" rel=\"noopener\"><img loading=\"lazy\" decoding=\"async\" class=\"wp-image-5812 size-medium\" src=\"https:\/\/rafaramirez.org\/blog\/wp-content\/uploads\/2024\/09\/Edouard_Manet_Un-Bar-en-el-Folies-Bergere_1882-300x224.jpg\" alt=\"Un bar del Folies Berg\u00e8re (1882) de \u00c9douard Manet. Blog de Rafael Ram\u00edrez.\" width=\"300\" height=\"224\" srcset=\"https:\/\/rafaramirez.org\/blog\/wp-content\/uploads\/2024\/09\/Edouard_Manet_Un-Bar-en-el-Folies-Bergere_1882-300x224.jpg 300w, https:\/\/rafaramirez.org\/blog\/wp-content\/uploads\/2024\/09\/Edouard_Manet_Un-Bar-en-el-Folies-Bergere_1882-1024x765.jpg 1024w, https:\/\/rafaramirez.org\/blog\/wp-content\/uploads\/2024\/09\/Edouard_Manet_Un-Bar-en-el-Folies-Bergere_1882-768x573.jpg 768w, https:\/\/rafaramirez.org\/blog\/wp-content\/uploads\/2024\/09\/Edouard_Manet_Un-Bar-en-el-Folies-Bergere_1882-1536x1147.jpg 1536w, https:\/\/rafaramirez.org\/blog\/wp-content\/uploads\/2024\/09\/Edouard_Manet_Un-Bar-en-el-Folies-Bergere_1882-2048x1529.jpg 2048w\" sizes=\"auto, (max-width: 300px) 100vw, 300px\" \/><\/a><figcaption id=\"caption-attachment-5812\" class=\"wp-caption-text\">Un bar del Folies Berg\u00e8re (1882) de \u00c9douard Manet. Blog de Rafael Ram\u00edrez.<\/figcaption><\/figure><\/li>\n<li><strong>El p\u00edfano<\/strong> (<em>Le Fifre<\/em>)<strong> (1866)<\/strong>: En esta obra, Manet retrata a un joven m\u00fasico militar con un enfoque en el color y la simplicidad de la forma.\n<p><figure id=\"attachment_5813\" aria-describedby=\"caption-attachment-5813\" style=\"width: 176px\" class=\"wp-caption aligncenter\"><a href=\"https:\/\/rafaramirez.org\/blog\/wp-content\/uploads\/2024\/09\/Edouard_Manet_-_El_pifano_1866-scaled.jpg\" target=\"_blank\" rel=\"noopener\"><img loading=\"lazy\" decoding=\"async\" class=\"wp-image-5813 size-medium\" src=\"https:\/\/rafaramirez.org\/blog\/wp-content\/uploads\/2024\/09\/Edouard_Manet_-_El_pifano_1866-176x300.jpg\" alt=\"El p\u00edfano (1866) de \u00c9douard Manet. Blog de Rafael Ram\u00edrez.\" width=\"176\" height=\"300\" srcset=\"https:\/\/rafaramirez.org\/blog\/wp-content\/uploads\/2024\/09\/Edouard_Manet_-_El_pifano_1866-176x300.jpg 176w, https:\/\/rafaramirez.org\/blog\/wp-content\/uploads\/2024\/09\/Edouard_Manet_-_El_pifano_1866-600x1024.jpg 600w, https:\/\/rafaramirez.org\/blog\/wp-content\/uploads\/2024\/09\/Edouard_Manet_-_El_pifano_1866-768x1311.jpg 768w, https:\/\/rafaramirez.org\/blog\/wp-content\/uploads\/2024\/09\/Edouard_Manet_-_El_pifano_1866-900x1536.jpg 900w, https:\/\/rafaramirez.org\/blog\/wp-content\/uploads\/2024\/09\/Edouard_Manet_-_El_pifano_1866-1200x2048.jpg 1200w, https:\/\/rafaramirez.org\/blog\/wp-content\/uploads\/2024\/09\/Edouard_Manet_-_El_pifano_1866-scaled.jpg 1500w\" sizes=\"auto, (max-width: 176px) 100vw, 176px\" \/><\/a><figcaption id=\"caption-attachment-5813\" class=\"wp-caption-text\">El p\u00edfano (1866) de \u00c9douard Manet. Blog de Rafael Ram\u00edrez.<\/figcaption><\/figure><\/li>\n<li><strong>El balc\u00f3n<\/strong> (<i>Le Balcon)<\/i><strong> (1868)<\/strong>: Inspirada en \u201cLas majas en el balc\u00f3n\u201d de Goya, esta pintura muestra a varias figuras en un balc\u00f3n, destacando el uso del color y la luz.\n<p><figure id=\"attachment_5814\" aria-describedby=\"caption-attachment-5814\" style=\"width: 214px\" class=\"wp-caption aligncenter\"><a href=\"https:\/\/rafaramirez.org\/blog\/wp-content\/uploads\/2024\/09\/Edouard_Manet_El-Balcon_1868-scaled.jpg\" target=\"_blank\" rel=\"noopener\"><img loading=\"lazy\" decoding=\"async\" class=\"wp-image-5814 size-medium\" src=\"https:\/\/rafaramirez.org\/blog\/wp-content\/uploads\/2024\/09\/Edouard_Manet_El-Balcon_1868-214x300.jpg\" alt=\"El balc\u00f3n (1868). Blog de Rafael Ram\u00edrez.\" width=\"214\" height=\"300\" srcset=\"https:\/\/rafaramirez.org\/blog\/wp-content\/uploads\/2024\/09\/Edouard_Manet_El-Balcon_1868-214x300.jpg 214w, https:\/\/rafaramirez.org\/blog\/wp-content\/uploads\/2024\/09\/Edouard_Manet_El-Balcon_1868-730x1024.jpg 730w, https:\/\/rafaramirez.org\/blog\/wp-content\/uploads\/2024\/09\/Edouard_Manet_El-Balcon_1868-768x1077.jpg 768w, https:\/\/rafaramirez.org\/blog\/wp-content\/uploads\/2024\/09\/Edouard_Manet_El-Balcon_1868-1095x1536.jpg 1095w, https:\/\/rafaramirez.org\/blog\/wp-content\/uploads\/2024\/09\/Edouard_Manet_El-Balcon_1868-1461x2048.jpg 1461w, https:\/\/rafaramirez.org\/blog\/wp-content\/uploads\/2024\/09\/Edouard_Manet_El-Balcon_1868-scaled.jpg 1826w\" sizes=\"auto, (max-width: 214px) 100vw, 214px\" \/><\/a><figcaption id=\"caption-attachment-5814\" class=\"wp-caption-text\">El balc\u00f3n (1868) de \u00c9douard Manet. Blog de Rafael Ram\u00edrez.<\/figcaption><\/figure><\/li>\n<li><strong>La m\u00fasica en las Tuller\u00edas<\/strong> (<i>La Musique aux Tuileries<\/i>)<strong> (1862)<\/strong>: Esta obra representa una escena de la vida social parisina, con un enfoque en la multitud y la atm\u00f3sfera del evento.\n<p><figure id=\"attachment_5815\" aria-describedby=\"caption-attachment-5815\" style=\"width: 300px\" class=\"wp-caption aligncenter\"><a href=\"https:\/\/rafaramirez.org\/blog\/wp-content\/uploads\/2024\/09\/Edouard_Manet_-_Musica_en_las_Tullerias_1862-scaled.jpg\" target=\"_blank\" rel=\"noopener\"><img loading=\"lazy\" decoding=\"async\" class=\"wp-image-5815 size-medium\" src=\"https:\/\/rafaramirez.org\/blog\/wp-content\/uploads\/2024\/09\/Edouard_Manet_-_Musica_en_las_Tullerias_1862-300x191.jpg\" alt=\"La m\u00fasica en las Tuller\u00edas (1862). Blog de Rafael Ram\u00edrez.\" width=\"300\" height=\"191\" srcset=\"https:\/\/rafaramirez.org\/blog\/wp-content\/uploads\/2024\/09\/Edouard_Manet_-_Musica_en_las_Tullerias_1862-300x191.jpg 300w, https:\/\/rafaramirez.org\/blog\/wp-content\/uploads\/2024\/09\/Edouard_Manet_-_Musica_en_las_Tullerias_1862-1024x650.jpg 1024w, https:\/\/rafaramirez.org\/blog\/wp-content\/uploads\/2024\/09\/Edouard_Manet_-_Musica_en_las_Tullerias_1862-768x488.jpg 768w, https:\/\/rafaramirez.org\/blog\/wp-content\/uploads\/2024\/09\/Edouard_Manet_-_Musica_en_las_Tullerias_1862-1536x975.jpg 1536w, https:\/\/rafaramirez.org\/blog\/wp-content\/uploads\/2024\/09\/Edouard_Manet_-_Musica_en_las_Tullerias_1862-2048x1301.jpg 2048w\" sizes=\"auto, (max-width: 300px) 100vw, 300px\" \/><\/a><figcaption id=\"caption-attachment-5815\" class=\"wp-caption-text\">La m\u00fasica en las Tuller\u00edas (1862) de \u00c9douard Manet. Blog de Rafael Ram\u00edrez.<\/figcaption><\/figure><\/li>\n<li><strong>El bebedor de absenta <\/strong>(<i>Le Buveur d&#8217;absinthe<\/i>) <strong>(1859)<\/strong>: Una de sus primeras obras, muestra a un hombre solitario bebiendo absenta, capturando la melancol\u00eda y el aislamiento.\n<p><figure id=\"attachment_5816\" aria-describedby=\"caption-attachment-5816\" style=\"width: 176px\" class=\"wp-caption aligncenter\"><a href=\"https:\/\/rafaramirez.org\/blog\/wp-content\/uploads\/2024\/09\/Edouard_Manet_-_El-bebedor-de-absenta_1859-scaled.jpg\" target=\"_blank\" rel=\"noopener\"><img loading=\"lazy\" decoding=\"async\" class=\"wp-image-5816 size-medium\" src=\"https:\/\/rafaramirez.org\/blog\/wp-content\/uploads\/2024\/09\/Edouard_Manet_-_El-bebedor-de-absenta_1859-176x300.jpg\" alt=\"El bebedor de absenta (1859). Blog de Rafael Ram\u00edrez.\" width=\"176\" height=\"300\" srcset=\"https:\/\/rafaramirez.org\/blog\/wp-content\/uploads\/2024\/09\/Edouard_Manet_-_El-bebedor-de-absenta_1859-176x300.jpg 176w, https:\/\/rafaramirez.org\/blog\/wp-content\/uploads\/2024\/09\/Edouard_Manet_-_El-bebedor-de-absenta_1859-599x1024.jpg 599w, https:\/\/rafaramirez.org\/blog\/wp-content\/uploads\/2024\/09\/Edouard_Manet_-_El-bebedor-de-absenta_1859-768x1312.jpg 768w, https:\/\/rafaramirez.org\/blog\/wp-content\/uploads\/2024\/09\/Edouard_Manet_-_El-bebedor-de-absenta_1859-899x1536.jpg 899w, https:\/\/rafaramirez.org\/blog\/wp-content\/uploads\/2024\/09\/Edouard_Manet_-_El-bebedor-de-absenta_1859-1198x2048.jpg 1198w, https:\/\/rafaramirez.org\/blog\/wp-content\/uploads\/2024\/09\/Edouard_Manet_-_El-bebedor-de-absenta_1859-scaled.jpg 1498w\" sizes=\"auto, (max-width: 176px) 100vw, 176px\" \/><\/a><figcaption id=\"caption-attachment-5816\" class=\"wp-caption-text\">El bebedor de absenta (1859) de \u00c9douard Manet. Blog de Rafael Ram\u00edrez.<\/figcaption><\/figure><\/li>\n<li><strong>Retrato de \u00c9mile Zola <\/strong>(<i>Portrait d&#8217;\u00c9mile Zola<\/i>)<strong> (1868)<\/strong>: Este retrato del famoso escritor y defensor de Manet es conocido por su detalle y la inclusi\u00f3n de elementos que reflejan la vida y obra de Zola.\n<p><figure id=\"attachment_5817\" aria-describedby=\"caption-attachment-5817\" style=\"width: 228px\" class=\"wp-caption aligncenter\"><a href=\"https:\/\/rafaramirez.org\/blog\/wp-content\/uploads\/2024\/09\/Edouard_Manet_Retrato-de-Emile-Zola_1868-scaled.jpg\" target=\"_blank\" rel=\"noopener\"><img loading=\"lazy\" decoding=\"async\" class=\"wp-image-5817 size-medium\" src=\"https:\/\/rafaramirez.org\/blog\/wp-content\/uploads\/2024\/09\/Edouard_Manet_Retrato-de-Emile-Zola_1868-228x300.jpg\" alt=\"Retrato de \u00c9mile Zola (1868). Blog de Rafael Ram\u00edrez.\" width=\"228\" height=\"300\" srcset=\"https:\/\/rafaramirez.org\/blog\/wp-content\/uploads\/2024\/09\/Edouard_Manet_Retrato-de-Emile-Zola_1868-228x300.jpg 228w, https:\/\/rafaramirez.org\/blog\/wp-content\/uploads\/2024\/09\/Edouard_Manet_Retrato-de-Emile-Zola_1868-779x1024.jpg 779w, https:\/\/rafaramirez.org\/blog\/wp-content\/uploads\/2024\/09\/Edouard_Manet_Retrato-de-Emile-Zola_1868-768x1009.jpg 768w, https:\/\/rafaramirez.org\/blog\/wp-content\/uploads\/2024\/09\/Edouard_Manet_Retrato-de-Emile-Zola_1868-1169x1536.jpg 1169w, https:\/\/rafaramirez.org\/blog\/wp-content\/uploads\/2024\/09\/Edouard_Manet_Retrato-de-Emile-Zola_1868-1558x2048.jpg 1558w, https:\/\/rafaramirez.org\/blog\/wp-content\/uploads\/2024\/09\/Edouard_Manet_Retrato-de-Emile-Zola_1868-scaled.jpg 1948w\" sizes=\"auto, (max-width: 228px) 100vw, 228px\" \/><\/a><figcaption id=\"caption-attachment-5817\" class=\"wp-caption-text\">Retrato de \u00c9mile Zola (1868) de \u00c9douard Manet. Blog de Rafael Ram\u00edrez.<\/figcaption><\/figure><\/li>\n<\/ol>\n<p>Estas obras no solo destacan por su t\u00e9cnica y composici\u00f3n, sino tambi\u00e9n por su capacidad para desafiar y redefinir las normas art\u00edsticas de su tiempo.<\/p>\n<h3>Legado de Manet.<\/h3>\n<p>\u00c9douard Manet dej\u00f3 un legado duradero en el mundo del arte, siendo considerado uno de los pioneros del arte moderno. Te destaco algunos aspectos clave de esto:<\/p>\n<ul>\n<li><strong>Transici\u00f3n al Impresionismo<\/strong>: Manet jug\u00f3 un papel crucial en la transici\u00f3n del <a href=\"https:\/\/rafaramirez.org\/blog\/index.php\/2025\/10\/23\/realismo-del-mito-a-la-realidad-el-arte-que-retrato-la-vida-comun\/\" target=\"_blank\" rel=\"noopener\">realismo<\/a> al <a href=\"https:\/\/rafaramirez.org\/blog\/index.php\/2024\/01\/18\/el-impresionismo-en-la-pintura\/\" target=\"_blank\" rel=\"noopener\">impresionismo<\/a>. Aunque no se consideraba a s\u00ed mismo un impresionista, su estilo y t\u00e9cnicas influyeron significativamente en artistas como <a href=\"https:\/\/rafaramirez.org\/blog\/index.php\/2024\/09\/26\/claude-monet\/\" target=\"_blank\" rel=\"noopener\">Claude Monet<\/a> y <a href=\"https:\/\/rafaramirez.org\/blog\/index.php\/2024\/03\/18\/edgar-degas-un-maestro-de-la-fascinacion\/\" target=\"_blank\" rel=\"noopener\">Edgar Degas<\/a>.<\/li>\n<li><strong>Innovaci\u00f3n en Temas y Estilo<\/strong>: Manet rompi\u00f3 con las convenciones acad\u00e9micas al elegir temas modernos y urbanos, y al utilizar una paleta de colores m\u00e1s brillante y contrastes audaces. Como te he mencionado antes, obras como \u201cOlympia\u201d y \u201cEl almuerzo sobre la hierba\u201d desafiaron las normas de su tiempo y abrieron nuevas posibilidades para el arte.<\/li>\n<li><strong>Influencia en Generaciones Futuras<\/strong>: Su enfoque en la vida cotidiana y su t\u00e9cnica innovadora inspiraron a generaciones de artistas posteriores. Manet es visto como un precursor del arte moderno, y su influencia se puede rastrear en movimientos art\u00edsticos posteriores como el <strong>postimpresionismo y el fauvismo.<\/strong><\/li>\n<li><strong>Reconocimiento Tard\u00edo<\/strong>: Aunque enfrent\u00f3 cr\u00edticas y controversias durante su vida, Manet es ahora reconocido como uno de los grandes maestros del arte. Sus obras se exhiben en museos de todo el mundo y contin\u00faan siendo objeto de estudio y admiraci\u00f3n.<\/li>\n<\/ul>\n<p><strong>En resumen, sus t\u00e9cnicas innovadoras y su tem\u00e1tica atrevida desafiaron las normas tradicionales del arte, dejando un impacto duradero en la pintura moderna. Adem\u00e1s, su enfoque en la vida urbana y su estilo suelto influyeron en numerosos artistas posteriores. Espero haberte acercado m\u00e1s a la vida y obra de \u00e9ste gran pintor. \u00a1Saludos!<\/strong><\/p>\n<p>M\u00e1s informaci\u00f3n:<\/p>\n<ul>\n<li><a href=\"https:\/\/es.wikipedia.org\/wiki\/%C3%89douard_Manet\" target=\"_blank\" rel=\"noopener\">Wikipedia<\/a>.<\/li>\n<li><a href=\"https:\/\/www.wikiart.org\/es\/edouard-manet\/\" target=\"_blank\" rel=\"noopener\">Wikiart<\/a>.<\/li>\n<li><a href=\"https:\/\/www.magellantv.com\/articles\/%C3%89douard-manet-and-the-revealing-gaze-of-modern-art\" target=\"_blank\" rel=\"noopener\">Magellantv<\/a>.<\/li>\n<li><a href=\"https:\/\/www.liveabout.com\/techniques-and-style-of-edouard-manet-2578567\" target=\"_blank\" rel=\"noopener\">Liveabout<\/a>.<\/li>\n<li><a href=\"https:\/\/rafaramirez.org\/blog\/index.php\/category\/arte\/historia-del-arte\/\" target=\"_blank\" rel=\"noopener\">Otras biograf\u00edas de pintores<\/a>.<\/li>\n<\/ul>\n","protected":false},"excerpt":{"rendered":"<p>\u00c9douard Manet (1832-1883) fue un pintor y grabador franc\u00e9s, conocido por su papel crucial en la transici\u00f3n del realismo al impresionismo. Naci\u00f3 en Par\u00eds en una familia acomodada y mostr\u00f3 inter\u00e9s por el arte desde joven.\u00a0A pesar de la oposici\u00f3n de su padre, decidi\u00f3 seguir una carrera art\u00edstica y estudi\u00f3 bajo la tutela de Thomas [&hellip;]<\/p>\n","protected":false},"author":3,"featured_media":5823,"comment_status":"open","ping_status":"closed","sticky":false,"template":"","format":"standard","meta":{"site-container-style":"default","site-container-layout":"default","site-sidebar-layout":"default","disable-article-header":"default","disable-site-header":"default","disable-site-footer":"default","disable-content-area-spacing":"default","_jetpack_newsletter_access":"","_jetpack_dont_email_post_to_subs":false,"_jetpack_newsletter_tier_id":0,"_jetpack_memberships_contains_paywalled_content":false,"_jetpack_feature_clip_id":0,"_jetpack_memberships_contains_paid_content":false,"footnotes":"","jetpack_publicize_message":"","jetpack_publicize_feature_enabled":true,"jetpack_social_post_already_shared":true,"jetpack_social_options":{"image_generator_settings":{"template":"highway","default_image_id":0,"font":"","enabled":false},"version":2},"jetpack_post_was_ever_published":false},"categories":[1290],"tags":[708,65,3386,3381,2677,704,981,707,847,851,853,3384,3382,2370,2843,2674,2844,703,1152,3383,1163,852,3385,3380,3378,868,3379],"class_list":["post-5803","post","type-post","status-publish","format-standard","has-post-thumbnail","hentry","category-historia-del-arte","tag-berthe-morisot","tag-biografia","tag-biografia-de-edouard-manet","tag-charles-baudelaire","tag-circulo-impresionista","tag-claude-monet","tag-cuadros-impresionistas","tag-edgar-degas","tag-edouard-manet","tag-el-almuerzo-sobre-la-hierba","tag-el-balcon","tag-el-bebedor-de-absenta","tag-el-pifano","tag-emile-zola","tag-estilo-impresionista","tag-exposiciones-impresionistas","tag-grupo-de-los-impresionistas","tag-historia-del-impresionismo","tag-impresionismo-frances","tag-la-musica-en-las-tullerias","tag-movimiento-impresionista","tag-olympia","tag-retrato-de-emile-zola","tag-thomas-couture","tag-transicion-del-realismo-al-impresionismo","tag-un-bar-del-folies-bergere","tag-uso-audaz-del-color-y-la-luz"],"yoast_head":"<!-- This site is optimized with the Yoast SEO plugin v28.4 - https:\/\/yoast.com\/product\/yoast-seo-wordpress\/ -->\n<title>\u00c9douard Manet, el pintor que desafi\u00f3 las normas tradicionales del arte. - Blog de Rafael Ram\u00edrez<\/title>\n<meta name=\"description\" content=\"\u00c9douard Manet (1832-1883) fue un pintor y grabador franc\u00e9s, conocido por su papel crucial en la transici\u00f3n del realismo al impresionismo.\" \/>\n<meta name=\"robots\" content=\"index, follow, max-snippet:-1, max-image-preview:large, max-video-preview:-1\" \/>\n<link rel=\"canonical\" href=\"https:\/\/rafaramirez.org\/blog\/index.php\/2024\/09\/19\/edouard-manet\/\" \/>\n<meta property=\"og:locale\" content=\"es_ES\" \/>\n<meta property=\"og:type\" content=\"article\" \/>\n<meta property=\"og:title\" content=\"\u00c9douard Manet, el pintor que desafi\u00f3 las normas tradicionales del arte. - Blog de Rafael Ram\u00edrez\" \/>\n<meta property=\"og:description\" content=\"\u00c9douard Manet (1832-1883) fue un pintor y grabador franc\u00e9s, conocido por su papel crucial en la transici\u00f3n del realismo al impresionismo.\" \/>\n<meta property=\"og:url\" content=\"https:\/\/rafaramirez.org\/blog\/index.php\/2024\/09\/19\/edouard-manet\/\" \/>\n<meta property=\"og:site_name\" content=\"Blog de Rafael Ram\u00edrez\" \/>\n<meta property=\"article:published_time\" content=\"2024-09-19T06:15:05+00:00\" \/>\n<meta property=\"article:modified_time\" content=\"2026-07-14T09:46:51+00:00\" \/>\n<meta property=\"og:image\" content=\"https:\/\/rafaramirez.org\/blog\/wp-content\/uploads\/2024\/09\/Edouard_Manet_banner_logblog.jpg\" \/>\n\t<meta property=\"og:image:width\" content=\"750\" \/>\n\t<meta property=\"og:image:height\" content=\"450\" \/>\n\t<meta property=\"og:image:type\" content=\"image\/jpeg\" \/>\n<meta name=\"author\" content=\"Documentaci\u00f3n e investigaci\u00f3n\" \/>\n<meta name=\"twitter:card\" content=\"summary_large_image\" \/>\n<meta name=\"twitter:site\" content=\"@rafaramirez_ok\" \/>\n<meta name=\"twitter:label1\" content=\"Escrito por\" \/>\n\t<meta name=\"twitter:data1\" content=\"Documentaci\u00f3n e investigaci\u00f3n\" \/>\n\t<meta name=\"twitter:label2\" content=\"Tiempo de lectura\" \/>\n\t<meta name=\"twitter:data2\" content=\"10 minutos\" \/>\n<script type=\"application\/ld+json\" class=\"yoast-schema-graph\">{\"@context\":\"https:\\\/\\\/schema.org\",\"@graph\":[{\"@type\":\"Article\",\"@id\":\"https:\\\/\\\/rafaramirez.org\\\/blog\\\/index.php\\\/2024\\\/09\\\/19\\\/edouard-manet\\\/#article\",\"isPartOf\":{\"@id\":\"https:\\\/\\\/rafaramirez.org\\\/blog\\\/index.php\\\/2024\\\/09\\\/19\\\/edouard-manet\\\/\"},\"author\":{\"name\":\"Documentaci\u00f3n e investigaci\u00f3n\",\"@id\":\"https:\\\/\\\/rafaramirez.org\\\/blog\\\/#\\\/schema\\\/person\\\/8debd05b3d9a1d16fb21af726811617d\"},\"headline\":\"\u00c9douard Manet, el pintor que desafi\u00f3 las normas tradicionales del arte.\",\"datePublished\":\"2024-09-19T06:15:05+00:00\",\"dateModified\":\"2026-07-14T09:46:51+00:00\",\"mainEntityOfPage\":{\"@id\":\"https:\\\/\\\/rafaramirez.org\\\/blog\\\/index.php\\\/2024\\\/09\\\/19\\\/edouard-manet\\\/\"},\"wordCount\":1778,\"commentCount\":2,\"publisher\":{\"@id\":\"https:\\\/\\\/rafaramirez.org\\\/blog\\\/#\\\/schema\\\/person\\\/50f43b6d60c578760d4c17bda54ab6a5\"},\"image\":{\"@id\":\"https:\\\/\\\/rafaramirez.org\\\/blog\\\/index.php\\\/2024\\\/09\\\/19\\\/edouard-manet\\\/#primaryimage\"},\"thumbnailUrl\":\"https:\\\/\\\/rafaramirez.org\\\/blog\\\/wp-content\\\/uploads\\\/2024\\\/09\\\/Edouard_Manet_banner_logblog.jpg\",\"keywords\":[\"Berthe Morisot\",\"biograf\u00eda\",\"biograf\u00eda de \u00c9douard Manet\",\"Charles Baudelaire\",\"c\u00edrculo impresionista\",\"claude monet\",\"cuadros impresionistas\",\"Edgar Degas\",\"\u00c9douard Manet\",\"El almuerzo sobre la hierba\",\"El balc\u00f3n\",\"El bebedor de absenta\",\"El p\u00edfano\",\"\u00c9mile Zola\",\"estilo impresionista\",\"exposiciones impresionistas\",\"grupo de los impresionistas\",\"historia del impresionismo\",\"impresionismo franc\u00e9s\",\"La m\u00fasica en las Tuller\u00edas\",\"movimiento impresionista\",\"Olympia\",\"Retrato de \u00c9mile Zola\",\"Thomas Couture\",\"transici\u00f3n del realismo al impresionismo.\",\"Un bar del Folies-Berg\u00e8re\",\"uso audaz del color y la luz\"],\"articleSection\":[\"Historia del arte\"],\"inLanguage\":\"es\",\"potentialAction\":[{\"@type\":\"CommentAction\",\"name\":\"Comment\",\"target\":[\"https:\\\/\\\/rafaramirez.org\\\/blog\\\/index.php\\\/2024\\\/09\\\/19\\\/edouard-manet\\\/#respond\"]}]},{\"@type\":\"WebPage\",\"@id\":\"https:\\\/\\\/rafaramirez.org\\\/blog\\\/index.php\\\/2024\\\/09\\\/19\\\/edouard-manet\\\/\",\"url\":\"https:\\\/\\\/rafaramirez.org\\\/blog\\\/index.php\\\/2024\\\/09\\\/19\\\/edouard-manet\\\/\",\"name\":\"\u00c9douard Manet, el pintor que desafi\u00f3 las normas tradicionales del arte. - Blog de Rafael Ram\u00edrez\",\"isPartOf\":{\"@id\":\"https:\\\/\\\/rafaramirez.org\\\/blog\\\/#website\"},\"primaryImageOfPage\":{\"@id\":\"https:\\\/\\\/rafaramirez.org\\\/blog\\\/index.php\\\/2024\\\/09\\\/19\\\/edouard-manet\\\/#primaryimage\"},\"image\":{\"@id\":\"https:\\\/\\\/rafaramirez.org\\\/blog\\\/index.php\\\/2024\\\/09\\\/19\\\/edouard-manet\\\/#primaryimage\"},\"thumbnailUrl\":\"https:\\\/\\\/rafaramirez.org\\\/blog\\\/wp-content\\\/uploads\\\/2024\\\/09\\\/Edouard_Manet_banner_logblog.jpg\",\"datePublished\":\"2024-09-19T06:15:05+00:00\",\"dateModified\":\"2026-07-14T09:46:51+00:00\",\"description\":\"\u00c9douard Manet (1832-1883) fue un pintor y grabador franc\u00e9s, conocido por su papel crucial en la transici\u00f3n del realismo al impresionismo.\",\"breadcrumb\":{\"@id\":\"https:\\\/\\\/rafaramirez.org\\\/blog\\\/index.php\\\/2024\\\/09\\\/19\\\/edouard-manet\\\/#breadcrumb\"},\"inLanguage\":\"es\",\"potentialAction\":[{\"@type\":\"ReadAction\",\"target\":[\"https:\\\/\\\/rafaramirez.org\\\/blog\\\/index.php\\\/2024\\\/09\\\/19\\\/edouard-manet\\\/\"]}]},{\"@type\":\"ImageObject\",\"inLanguage\":\"es\",\"@id\":\"https:\\\/\\\/rafaramirez.org\\\/blog\\\/index.php\\\/2024\\\/09\\\/19\\\/edouard-manet\\\/#primaryimage\",\"url\":\"https:\\\/\\\/rafaramirez.org\\\/blog\\\/wp-content\\\/uploads\\\/2024\\\/09\\\/Edouard_Manet_banner_logblog.jpg\",\"contentUrl\":\"https:\\\/\\\/rafaramirez.org\\\/blog\\\/wp-content\\\/uploads\\\/2024\\\/09\\\/Edouard_Manet_banner_logblog.jpg\",\"width\":750,\"height\":450,\"caption\":\"\u00c9douard Manet. Blog de Rafael Ram\u00edrez.\"},{\"@type\":\"BreadcrumbList\",\"@id\":\"https:\\\/\\\/rafaramirez.org\\\/blog\\\/index.php\\\/2024\\\/09\\\/19\\\/edouard-manet\\\/#breadcrumb\",\"itemListElement\":[{\"@type\":\"ListItem\",\"position\":1,\"name\":\"Portada\",\"item\":\"https:\\\/\\\/rafaramirez.org\\\/blog\\\/\"},{\"@type\":\"ListItem\",\"position\":2,\"name\":\"\u00c9douard Manet, el pintor que desafi\u00f3 las normas tradicionales del arte.\"}]},{\"@type\":\"WebSite\",\"@id\":\"https:\\\/\\\/rafaramirez.org\\\/blog\\\/#website\",\"url\":\"https:\\\/\\\/rafaramirez.org\\\/blog\\\/\",\"name\":\"Blog de Rafael Ram\u00edrez\",\"description\":\"Un sitio social, de arte y cultura\",\"publisher\":{\"@id\":\"https:\\\/\\\/rafaramirez.org\\\/blog\\\/#\\\/schema\\\/person\\\/50f43b6d60c578760d4c17bda54ab6a5\"},\"potentialAction\":[{\"@type\":\"SearchAction\",\"target\":{\"@type\":\"EntryPoint\",\"urlTemplate\":\"https:\\\/\\\/rafaramirez.org\\\/blog\\\/?s={search_term_string}\"},\"query-input\":{\"@type\":\"PropertyValueSpecification\",\"valueRequired\":true,\"valueName\":\"search_term_string\"}}],\"inLanguage\":\"es\"},{\"@type\":[\"Person\",\"Organization\"],\"@id\":\"https:\\\/\\\/rafaramirez.org\\\/blog\\\/#\\\/schema\\\/person\\\/50f43b6d60c578760d4c17bda54ab6a5\",\"name\":\"Rafael Ram\u00edrez\",\"image\":{\"@type\":\"ImageObject\",\"inLanguage\":\"es\",\"@id\":\"https:\\\/\\\/rafaramirez.org\\\/blog\\\/wp-content\\\/uploads\\\/2024\\\/09\\\/RR_socialnetwork.jpg\",\"url\":\"https:\\\/\\\/rafaramirez.org\\\/blog\\\/wp-content\\\/uploads\\\/2024\\\/09\\\/RR_socialnetwork.jpg\",\"contentUrl\":\"https:\\\/\\\/rafaramirez.org\\\/blog\\\/wp-content\\\/uploads\\\/2024\\\/09\\\/RR_socialnetwork.jpg\",\"width\":600,\"height\":606,\"caption\":\"Rafael Ram\u00edrez\"},\"logo\":{\"@id\":\"https:\\\/\\\/rafaramirez.org\\\/blog\\\/wp-content\\\/uploads\\\/2024\\\/09\\\/RR_socialnetwork.jpg\"},\"sameAs\":[\"https:\\\/\\\/www.rafaramirez.org\\\/blog\",\"https:\\\/\\\/www.instagram.com\\\/rafaramirez_ok\\\/\",\"https:\\\/\\\/es.pinterest.com\\\/Ramirez_Rafa\\\/\",\"https:\\\/\\\/x.com\\\/rafaramirez_ok\"]},{\"@type\":\"Person\",\"@id\":\"https:\\\/\\\/rafaramirez.org\\\/blog\\\/#\\\/schema\\\/person\\\/8debd05b3d9a1d16fb21af726811617d\",\"name\":\"Documentaci\u00f3n e investigaci\u00f3n\",\"image\":{\"@type\":\"ImageObject\",\"inLanguage\":\"es\",\"@id\":\"https:\\\/\\\/secure.gravatar.com\\\/avatar\\\/fe70e496579a39c7a8fc4982b89275403b1092eb200623138a32daada9416911?s=96&d=mm&r=g\",\"url\":\"https:\\\/\\\/secure.gravatar.com\\\/avatar\\\/fe70e496579a39c7a8fc4982b89275403b1092eb200623138a32daada9416911?s=96&d=mm&r=g\",\"contentUrl\":\"https:\\\/\\\/secure.gravatar.com\\\/avatar\\\/fe70e496579a39c7a8fc4982b89275403b1092eb200623138a32daada9416911?s=96&d=mm&r=g\",\"caption\":\"Documentaci\u00f3n e investigaci\u00f3n\"},\"url\":\"https:\\\/\\\/rafaramirez.org\\\/blog\\\/index.php\\\/author\\\/admin\\\/\"}]}<\/script>\n<!-- \/ Yoast SEO plugin. -->","yoast_head_json":{"title":"\u00c9douard Manet, el pintor que desafi\u00f3 las normas tradicionales del arte. - Blog de Rafael Ram\u00edrez","description":"\u00c9douard Manet (1832-1883) fue un pintor y grabador franc\u00e9s, conocido por su papel crucial en la transici\u00f3n del realismo al impresionismo.","robots":{"index":"index","follow":"follow","max-snippet":"max-snippet:-1","max-image-preview":"max-image-preview:large","max-video-preview":"max-video-preview:-1"},"canonical":"https:\/\/rafaramirez.org\/blog\/index.php\/2024\/09\/19\/edouard-manet\/","og_locale":"es_ES","og_type":"article","og_title":"\u00c9douard Manet, el pintor que desafi\u00f3 las normas tradicionales del arte. - Blog de Rafael Ram\u00edrez","og_description":"\u00c9douard Manet (1832-1883) fue un pintor y grabador franc\u00e9s, conocido por su papel crucial en la transici\u00f3n del realismo al impresionismo.","og_url":"https:\/\/rafaramirez.org\/blog\/index.php\/2024\/09\/19\/edouard-manet\/","og_site_name":"Blog de Rafael Ram\u00edrez","article_published_time":"2024-09-19T06:15:05+00:00","article_modified_time":"2026-07-14T09:46:51+00:00","og_image":[{"width":750,"height":450,"url":"https:\/\/rafaramirez.org\/blog\/wp-content\/uploads\/2024\/09\/Edouard_Manet_banner_logblog.jpg","type":"image\/jpeg"}],"author":"Documentaci\u00f3n e investigaci\u00f3n","twitter_card":"summary_large_image","twitter_site":"@rafaramirez_ok","twitter_misc":{"Escrito por":"Documentaci\u00f3n e investigaci\u00f3n","Tiempo de lectura":"10 minutos"},"schema":{"@context":"https:\/\/schema.org","@graph":[{"@type":"Article","@id":"https:\/\/rafaramirez.org\/blog\/index.php\/2024\/09\/19\/edouard-manet\/#article","isPartOf":{"@id":"https:\/\/rafaramirez.org\/blog\/index.php\/2024\/09\/19\/edouard-manet\/"},"author":{"name":"Documentaci\u00f3n e investigaci\u00f3n","@id":"https:\/\/rafaramirez.org\/blog\/#\/schema\/person\/8debd05b3d9a1d16fb21af726811617d"},"headline":"\u00c9douard Manet, el pintor que desafi\u00f3 las normas tradicionales del arte.","datePublished":"2024-09-19T06:15:05+00:00","dateModified":"2026-07-14T09:46:51+00:00","mainEntityOfPage":{"@id":"https:\/\/rafaramirez.org\/blog\/index.php\/2024\/09\/19\/edouard-manet\/"},"wordCount":1778,"commentCount":2,"publisher":{"@id":"https:\/\/rafaramirez.org\/blog\/#\/schema\/person\/50f43b6d60c578760d4c17bda54ab6a5"},"image":{"@id":"https:\/\/rafaramirez.org\/blog\/index.php\/2024\/09\/19\/edouard-manet\/#primaryimage"},"thumbnailUrl":"https:\/\/rafaramirez.org\/blog\/wp-content\/uploads\/2024\/09\/Edouard_Manet_banner_logblog.jpg","keywords":["Berthe Morisot","biograf\u00eda","biograf\u00eda de \u00c9douard Manet","Charles Baudelaire","c\u00edrculo impresionista","claude monet","cuadros impresionistas","Edgar Degas","\u00c9douard Manet","El almuerzo sobre la hierba","El balc\u00f3n","El bebedor de absenta","El p\u00edfano","\u00c9mile Zola","estilo impresionista","exposiciones impresionistas","grupo de los impresionistas","historia del impresionismo","impresionismo franc\u00e9s","La m\u00fasica en las Tuller\u00edas","movimiento impresionista","Olympia","Retrato de \u00c9mile Zola","Thomas Couture","transici\u00f3n del realismo al impresionismo.","Un bar del Folies-Berg\u00e8re","uso audaz del color y la luz"],"articleSection":["Historia del arte"],"inLanguage":"es","potentialAction":[{"@type":"CommentAction","name":"Comment","target":["https:\/\/rafaramirez.org\/blog\/index.php\/2024\/09\/19\/edouard-manet\/#respond"]}]},{"@type":"WebPage","@id":"https:\/\/rafaramirez.org\/blog\/index.php\/2024\/09\/19\/edouard-manet\/","url":"https:\/\/rafaramirez.org\/blog\/index.php\/2024\/09\/19\/edouard-manet\/","name":"\u00c9douard Manet, el pintor que desafi\u00f3 las normas tradicionales del arte. - Blog de Rafael Ram\u00edrez","isPartOf":{"@id":"https:\/\/rafaramirez.org\/blog\/#website"},"primaryImageOfPage":{"@id":"https:\/\/rafaramirez.org\/blog\/index.php\/2024\/09\/19\/edouard-manet\/#primaryimage"},"image":{"@id":"https:\/\/rafaramirez.org\/blog\/index.php\/2024\/09\/19\/edouard-manet\/#primaryimage"},"thumbnailUrl":"https:\/\/rafaramirez.org\/blog\/wp-content\/uploads\/2024\/09\/Edouard_Manet_banner_logblog.jpg","datePublished":"2024-09-19T06:15:05+00:00","dateModified":"2026-07-14T09:46:51+00:00","description":"\u00c9douard Manet (1832-1883) fue un pintor y grabador franc\u00e9s, conocido por su papel crucial en la transici\u00f3n del realismo al impresionismo.","breadcrumb":{"@id":"https:\/\/rafaramirez.org\/blog\/index.php\/2024\/09\/19\/edouard-manet\/#breadcrumb"},"inLanguage":"es","potentialAction":[{"@type":"ReadAction","target":["https:\/\/rafaramirez.org\/blog\/index.php\/2024\/09\/19\/edouard-manet\/"]}]},{"@type":"ImageObject","inLanguage":"es","@id":"https:\/\/rafaramirez.org\/blog\/index.php\/2024\/09\/19\/edouard-manet\/#primaryimage","url":"https:\/\/rafaramirez.org\/blog\/wp-content\/uploads\/2024\/09\/Edouard_Manet_banner_logblog.jpg","contentUrl":"https:\/\/rafaramirez.org\/blog\/wp-content\/uploads\/2024\/09\/Edouard_Manet_banner_logblog.jpg","width":750,"height":450,"caption":"\u00c9douard Manet. Blog de Rafael Ram\u00edrez."},{"@type":"BreadcrumbList","@id":"https:\/\/rafaramirez.org\/blog\/index.php\/2024\/09\/19\/edouard-manet\/#breadcrumb","itemListElement":[{"@type":"ListItem","position":1,"name":"Portada","item":"https:\/\/rafaramirez.org\/blog\/"},{"@type":"ListItem","position":2,"name":"\u00c9douard Manet, el pintor que desafi\u00f3 las normas tradicionales del arte."}]},{"@type":"WebSite","@id":"https:\/\/rafaramirez.org\/blog\/#website","url":"https:\/\/rafaramirez.org\/blog\/","name":"Blog de Rafael Ram\u00edrez","description":"Un sitio social, de arte y cultura","publisher":{"@id":"https:\/\/rafaramirez.org\/blog\/#\/schema\/person\/50f43b6d60c578760d4c17bda54ab6a5"},"potentialAction":[{"@type":"SearchAction","target":{"@type":"EntryPoint","urlTemplate":"https:\/\/rafaramirez.org\/blog\/?s={search_term_string}"},"query-input":{"@type":"PropertyValueSpecification","valueRequired":true,"valueName":"search_term_string"}}],"inLanguage":"es"},{"@type":["Person","Organization"],"@id":"https:\/\/rafaramirez.org\/blog\/#\/schema\/person\/50f43b6d60c578760d4c17bda54ab6a5","name":"Rafael Ram\u00edrez","image":{"@type":"ImageObject","inLanguage":"es","@id":"https:\/\/rafaramirez.org\/blog\/wp-content\/uploads\/2024\/09\/RR_socialnetwork.jpg","url":"https:\/\/rafaramirez.org\/blog\/wp-content\/uploads\/2024\/09\/RR_socialnetwork.jpg","contentUrl":"https:\/\/rafaramirez.org\/blog\/wp-content\/uploads\/2024\/09\/RR_socialnetwork.jpg","width":600,"height":606,"caption":"Rafael Ram\u00edrez"},"logo":{"@id":"https:\/\/rafaramirez.org\/blog\/wp-content\/uploads\/2024\/09\/RR_socialnetwork.jpg"},"sameAs":["https:\/\/www.rafaramirez.org\/blog","https:\/\/www.instagram.com\/rafaramirez_ok\/","https:\/\/es.pinterest.com\/Ramirez_Rafa\/","https:\/\/x.com\/rafaramirez_ok"]},{"@type":"Person","@id":"https:\/\/rafaramirez.org\/blog\/#\/schema\/person\/8debd05b3d9a1d16fb21af726811617d","name":"Documentaci\u00f3n e investigaci\u00f3n","image":{"@type":"ImageObject","inLanguage":"es","@id":"https:\/\/secure.gravatar.com\/avatar\/fe70e496579a39c7a8fc4982b89275403b1092eb200623138a32daada9416911?s=96&d=mm&r=g","url":"https:\/\/secure.gravatar.com\/avatar\/fe70e496579a39c7a8fc4982b89275403b1092eb200623138a32daada9416911?s=96&d=mm&r=g","contentUrl":"https:\/\/secure.gravatar.com\/avatar\/fe70e496579a39c7a8fc4982b89275403b1092eb200623138a32daada9416911?s=96&d=mm&r=g","caption":"Documentaci\u00f3n e investigaci\u00f3n"},"url":"https:\/\/rafaramirez.org\/blog\/index.php\/author\/admin\/"}]}},"jetpack_publicize_connections":[],"jetpack_sharing_enabled":true,"jetpack_likes_enabled":true,"jetpack_featured_media_url":"https:\/\/rafaramirez.org\/blog\/wp-content\/uploads\/2024\/09\/Edouard_Manet_banner_logblog.jpg","_links":{"self":[{"href":"https:\/\/rafaramirez.org\/blog\/index.php\/wp-json\/wp\/v2\/posts\/5803","targetHints":{"allow":["GET"]}}],"collection":[{"href":"https:\/\/rafaramirez.org\/blog\/index.php\/wp-json\/wp\/v2\/posts"}],"about":[{"href":"https:\/\/rafaramirez.org\/blog\/index.php\/wp-json\/wp\/v2\/types\/post"}],"author":[{"embeddable":true,"href":"https:\/\/rafaramirez.org\/blog\/index.php\/wp-json\/wp\/v2\/users\/3"}],"replies":[{"embeddable":true,"href":"https:\/\/rafaramirez.org\/blog\/index.php\/wp-json\/wp\/v2\/comments?post=5803"}],"version-history":[{"count":24,"href":"https:\/\/rafaramirez.org\/blog\/index.php\/wp-json\/wp\/v2\/posts\/5803\/revisions"}],"predecessor-version":[{"id":11840,"href":"https:\/\/rafaramirez.org\/blog\/index.php\/wp-json\/wp\/v2\/posts\/5803\/revisions\/11840"}],"wp:featuredmedia":[{"embeddable":true,"href":"https:\/\/rafaramirez.org\/blog\/index.php\/wp-json\/wp\/v2\/media\/5823"}],"wp:attachment":[{"href":"https:\/\/rafaramirez.org\/blog\/index.php\/wp-json\/wp\/v2\/media?parent=5803"}],"wp:term":[{"taxonomy":"category","embeddable":true,"href":"https:\/\/rafaramirez.org\/blog\/index.php\/wp-json\/wp\/v2\/categories?post=5803"},{"taxonomy":"post_tag","embeddable":true,"href":"https:\/\/rafaramirez.org\/blog\/index.php\/wp-json\/wp\/v2\/tags?post=5803"}],"curies":[{"name":"wp","href":"https:\/\/api.w.org\/{rel}","templated":true}]}}