{"id":580,"date":"2014-08-12T05:23:41","date_gmt":"2014-08-12T03:23:41","guid":{"rendered":"http:\/\/blog.rafaramirez.org\/?p=580"},"modified":"2024-04-17T10:37:31","modified_gmt":"2024-04-17T08:37:31","slug":"una-joven-de-gaza-sensacion-en-las-redes-sociales-por-sus-tuits-de-guerra","status":"publish","type":"post","link":"https:\/\/rafaramirez.org\/blog\/index.php\/2014\/08\/12\/una-joven-de-gaza-sensacion-en-las-redes-sociales-por-sus-tuits-de-guerra\/","title":{"rendered":"Una joven de Gaza, sensaci\u00f3n en las redes sociales por sus tuits de guerra"},"content":{"rendered":"<p>Por Nidal al-Mughrabi GAZA (Reuters) &#8211; Mientras las bombas explotan en Gaza, la adolescente palestina Farah Baker toma su tel\u00e9fono m\u00f3vil o su ordenador port\u00e1til antes de agacharse para cubrirse y poder escribir tuits que capturen el drama del alboroto y el miedo que la rodea. Los prol\u00edficos mensajes de la joven de 16 a\u00f1os en Twitter han hecho de ella una sensaci\u00f3n de los medios sociales durante el conflicto que dura un mes. Aunque era una poco conocida deportista en el instituto, sus seguidores han pasado de 800 a 166.000. Vive cerca del hospital Shifa de Gaza, donde su padre es cirujano, lo que le da una experiencia real de ambulancias sonando y explosiones y ataques a\u00e9reos issrael\u00edes. Baker a menudo lo graba y env\u00eda videos para dar a los seguidores una r\u00e1pida visi\u00f3n personal de la guerra. Un tuit del 1 de agosto inclu\u00eda un enlace a un v\u00eddeo de una calle oscura con el sonido de repetidas explosiones. En otro, Baker habla sobre refugiarse de un bombardeo en una de las habitaciones de su casa. \u00abTrato de decir al mundo lo que siento y lo que pasa donde vivo\u00bb, dijo Baker a Reuters en su hogar de Gaza, a\u00f1adiendo que ha estado \u00abtratando de hacer sentir a otra gente\u00bb lo que ella vive.<\/p>\n<figure style=\"width: 512px\" class=\"wp-caption alignnone\"><img loading=\"lazy\" decoding=\"async\" src=\"https:\/\/s2.yimg.com\/bt\/api\/res\/1.2\/sN0q_sSF3XqHdM8qJ81WWw--\/YXBwaWQ9eW5ld3M7Zmk9aW5zZXQ7aD0zNDI7cT03NTt3PTUxMg--\/http:\/\/media.zenfs.com\/en_us\/News\/Reuters\/2014-08-11T081658Z_387160974_GM1EA8B194P01_RTRMADP_3_MIDEAST-GAZA-TWITTER.JPG\" alt=\"\" width=\"512\" height=\"342\" \/><figcaption class=\"wp-caption-text\">Foto de SIEGFRIED MODOLA\/REUTERS<\/figcaption><\/figure>\n<p><a href=\"http:\/\/es.noticias.yahoo.com\/una-joven-palestina-gaza-sensaci%C3%B3n-en-las-redes-082555931.html\" target=\"_blank\" rel=\"noopener noreferrer\">http:\/\/es.noticias.yahoo.com\/una-joven-palestina-gaza-sensaci%C3%B3n-en-las-redes-082555931.html<\/a><\/p>\n","protected":false},"excerpt":{"rendered":"<p>Por Nidal al-Mughrabi GAZA (Reuters) &#8211; Mientras las bombas explotan en Gaza, la adolescente palestina Farah Baker toma su tel\u00e9fono m\u00f3vil o su ordenador port\u00e1til antes de agacharse para cubrirse y poder escribir tuits que capturen el drama del alboroto y el miedo que la rodea. Los prol\u00edficos mensajes de la joven de 16 a\u00f1os [&hellip;]<\/p>\n","protected":false},"author":1,"featured_media":2437,"comment_status":"open","ping_status":"closed","sticky":false,"template":"","format":"standard","meta":{"site-container-style":"default","site-container-layout":"default","site-sidebar-layout":"default","disable-article-header":"default","disable-site-header":"default","disable-site-footer":"default","disable-content-area-spacing":"default","_jetpack_newsletter_access":"","_jetpack_dont_email_post_to_subs":false,"_jetpack_newsletter_tier_id":0,"_jetpack_memberships_contains_paywalled_content":false,"_jetpack_feature_clip_id":0,"_jetpack_memberships_contains_paid_content":false,"footnotes":"","jetpack_publicize_message":"","jetpack_publicize_feature_enabled":true,"jetpack_social_post_already_shared":true,"jetpack_social_options":{"image_generator_settings":{"template":"highway","default_image_id":0,"font":"","enabled":false},"version":2},"jetpack_post_was_ever_published":false},"categories":[15],"tags":[71,139,183,206,233,330,347,485],"class_list":["post-580","post","type-post","status-publish","format-standard","has-post-thumbnail","hentry","category-noticias-sociales","tag-bombardeos","tag-destacado","tag-farah-baker","tag-gaza","tag-israel","tag-noticias-sociales","tag-palestina","tag-tuits"],"yoast_head":"<!-- This site is optimized with the Yoast SEO plugin v28.4 - https:\/\/yoast.com\/product\/yoast-seo-wordpress\/ -->\n<title>Una joven de Gaza, sensaci\u00f3n en las redes sociales por sus tuits de guerra - Blog de Rafael Ram\u00edrez<\/title>\n<meta name=\"robots\" content=\"index, follow, max-snippet:-1, max-image-preview:large, max-video-preview:-1\" \/>\n<link rel=\"canonical\" href=\"https:\/\/rafaramirez.org\/blog\/index.php\/2014\/08\/12\/una-joven-de-gaza-sensacion-en-las-redes-sociales-por-sus-tuits-de-guerra\/\" \/>\n<meta property=\"og:locale\" content=\"es_ES\" \/>\n<meta property=\"og:type\" content=\"article\" \/>\n<meta property=\"og:title\" content=\"Una joven de Gaza, sensaci\u00f3n en las redes sociales por sus tuits de guerra - Blog de Rafael Ram\u00edrez\" \/>\n<meta property=\"og:description\" content=\"Por Nidal al-Mughrabi GAZA (Reuters) &#8211; Mientras las bombas explotan en Gaza, la adolescente palestina Farah Baker toma su tel\u00e9fono m\u00f3vil o su ordenador port\u00e1til antes de agacharse para cubrirse y poder escribir tuits que capturen el drama del alboroto y el miedo que la rodea. Los prol\u00edficos mensajes de la joven de 16 a\u00f1os [&hellip;]\" \/>\n<meta property=\"og:url\" content=\"https:\/\/rafaramirez.org\/blog\/index.php\/2014\/08\/12\/una-joven-de-gaza-sensacion-en-las-redes-sociales-por-sus-tuits-de-guerra\/\" \/>\n<meta property=\"og:site_name\" content=\"Blog de Rafael Ram\u00edrez\" \/>\n<meta property=\"article:published_time\" content=\"2014-08-12T03:23:41+00:00\" \/>\n<meta property=\"article:modified_time\" content=\"2024-04-17T08:37:31+00:00\" \/>\n<meta property=\"og:image\" content=\"https:\/\/rafaramirez.org\/blog\/wp-content\/uploads\/2014\/08\/gaza-strip-palestine-thumbnail.jpg\" \/>\n\t<meta property=\"og:image:width\" content=\"480\" \/>\n\t<meta property=\"og:image:height\" content=\"320\" \/>\n\t<meta property=\"og:image:type\" content=\"image\/jpeg\" \/>\n<meta name=\"author\" content=\"Rafael Ram\u00edrez\" \/>\n<meta name=\"twitter:card\" content=\"summary_large_image\" \/>\n<meta name=\"twitter:creator\" content=\"@rafaramirez_ok\" \/>\n<meta name=\"twitter:site\" content=\"@rafaramirez_ok\" \/>\n<meta name=\"twitter:label1\" content=\"Escrito por\" \/>\n\t<meta name=\"twitter:data1\" content=\"Rafael Ram\u00edrez\" \/>\n\t<meta name=\"twitter:label2\" content=\"Tiempo de lectura\" \/>\n\t<meta name=\"twitter:data2\" content=\"1 minuto\" \/>\n<script type=\"application\/ld+json\" class=\"yoast-schema-graph\">{\"@context\":\"https:\\\/\\\/schema.org\",\"@graph\":[{\"@type\":\"Article\",\"@id\":\"https:\\\/\\\/rafaramirez.org\\\/blog\\\/index.php\\\/2014\\\/08\\\/12\\\/una-joven-de-gaza-sensacion-en-las-redes-sociales-por-sus-tuits-de-guerra\\\/#article\",\"isPartOf\":{\"@id\":\"https:\\\/\\\/rafaramirez.org\\\/blog\\\/index.php\\\/2014\\\/08\\\/12\\\/una-joven-de-gaza-sensacion-en-las-redes-sociales-por-sus-tuits-de-guerra\\\/\"},\"author\":{\"name\":\"Rafael Ram\u00edrez\",\"@id\":\"https:\\\/\\\/rafaramirez.org\\\/blog\\\/#\\\/schema\\\/person\\\/50f43b6d60c578760d4c17bda54ab6a5\"},\"headline\":\"Una joven de Gaza, sensaci\u00f3n en las redes sociales por sus tuits de guerra\",\"datePublished\":\"2014-08-12T03:23:41+00:00\",\"dateModified\":\"2024-04-17T08:37:31+00:00\",\"mainEntityOfPage\":{\"@id\":\"https:\\\/\\\/rafaramirez.org\\\/blog\\\/index.php\\\/2014\\\/08\\\/12\\\/una-joven-de-gaza-sensacion-en-las-redes-sociales-por-sus-tuits-de-guerra\\\/\"},\"wordCount\":262,\"commentCount\":0,\"publisher\":{\"@id\":\"https:\\\/\\\/rafaramirez.org\\\/blog\\\/#\\\/schema\\\/person\\\/50f43b6d60c578760d4c17bda54ab6a5\"},\"image\":{\"@id\":\"https:\\\/\\\/rafaramirez.org\\\/blog\\\/index.php\\\/2014\\\/08\\\/12\\\/una-joven-de-gaza-sensacion-en-las-redes-sociales-por-sus-tuits-de-guerra\\\/#primaryimage\"},\"thumbnailUrl\":\"https:\\\/\\\/rafaramirez.org\\\/blog\\\/wp-content\\\/uploads\\\/2014\\\/08\\\/gaza-strip-palestine-thumbnail.jpg\",\"keywords\":[\"bombardeos\",\"destacado\",\"Farah Baker\",\"Gaza\",\"Israel\",\"noticias sociales\",\"Palestina\",\"tuits\"],\"articleSection\":[\"Informe social\"],\"inLanguage\":\"es\",\"potentialAction\":[{\"@type\":\"CommentAction\",\"name\":\"Comment\",\"target\":[\"https:\\\/\\\/rafaramirez.org\\\/blog\\\/index.php\\\/2014\\\/08\\\/12\\\/una-joven-de-gaza-sensacion-en-las-redes-sociales-por-sus-tuits-de-guerra\\\/#respond\"]}]},{\"@type\":\"WebPage\",\"@id\":\"https:\\\/\\\/rafaramirez.org\\\/blog\\\/index.php\\\/2014\\\/08\\\/12\\\/una-joven-de-gaza-sensacion-en-las-redes-sociales-por-sus-tuits-de-guerra\\\/\",\"url\":\"https:\\\/\\\/rafaramirez.org\\\/blog\\\/index.php\\\/2014\\\/08\\\/12\\\/una-joven-de-gaza-sensacion-en-las-redes-sociales-por-sus-tuits-de-guerra\\\/\",\"name\":\"Una joven de Gaza, sensaci\u00f3n en las redes sociales por sus tuits de guerra - Blog de Rafael Ram\u00edrez\",\"isPartOf\":{\"@id\":\"https:\\\/\\\/rafaramirez.org\\\/blog\\\/#website\"},\"primaryImageOfPage\":{\"@id\":\"https:\\\/\\\/rafaramirez.org\\\/blog\\\/index.php\\\/2014\\\/08\\\/12\\\/una-joven-de-gaza-sensacion-en-las-redes-sociales-por-sus-tuits-de-guerra\\\/#primaryimage\"},\"image\":{\"@id\":\"https:\\\/\\\/rafaramirez.org\\\/blog\\\/index.php\\\/2014\\\/08\\\/12\\\/una-joven-de-gaza-sensacion-en-las-redes-sociales-por-sus-tuits-de-guerra\\\/#primaryimage\"},\"thumbnailUrl\":\"https:\\\/\\\/rafaramirez.org\\\/blog\\\/wp-content\\\/uploads\\\/2014\\\/08\\\/gaza-strip-palestine-thumbnail.jpg\",\"datePublished\":\"2014-08-12T03:23:41+00:00\",\"dateModified\":\"2024-04-17T08:37:31+00:00\",\"breadcrumb\":{\"@id\":\"https:\\\/\\\/rafaramirez.org\\\/blog\\\/index.php\\\/2014\\\/08\\\/12\\\/una-joven-de-gaza-sensacion-en-las-redes-sociales-por-sus-tuits-de-guerra\\\/#breadcrumb\"},\"inLanguage\":\"es\",\"potentialAction\":[{\"@type\":\"ReadAction\",\"target\":[\"https:\\\/\\\/rafaramirez.org\\\/blog\\\/index.php\\\/2014\\\/08\\\/12\\\/una-joven-de-gaza-sensacion-en-las-redes-sociales-por-sus-tuits-de-guerra\\\/\"]}]},{\"@type\":\"ImageObject\",\"inLanguage\":\"es\",\"@id\":\"https:\\\/\\\/rafaramirez.org\\\/blog\\\/index.php\\\/2014\\\/08\\\/12\\\/una-joven-de-gaza-sensacion-en-las-redes-sociales-por-sus-tuits-de-guerra\\\/#primaryimage\",\"url\":\"https:\\\/\\\/rafaramirez.org\\\/blog\\\/wp-content\\\/uploads\\\/2014\\\/08\\\/gaza-strip-palestine-thumbnail.jpg\",\"contentUrl\":\"https:\\\/\\\/rafaramirez.org\\\/blog\\\/wp-content\\\/uploads\\\/2014\\\/08\\\/gaza-strip-palestine-thumbnail.jpg\",\"width\":480,\"height\":320},{\"@type\":\"BreadcrumbList\",\"@id\":\"https:\\\/\\\/rafaramirez.org\\\/blog\\\/index.php\\\/2014\\\/08\\\/12\\\/una-joven-de-gaza-sensacion-en-las-redes-sociales-por-sus-tuits-de-guerra\\\/#breadcrumb\",\"itemListElement\":[{\"@type\":\"ListItem\",\"position\":1,\"name\":\"Portada\",\"item\":\"https:\\\/\\\/rafaramirez.org\\\/blog\\\/\"},{\"@type\":\"ListItem\",\"position\":2,\"name\":\"Una joven de Gaza, sensaci\u00f3n en las redes sociales por sus tuits de guerra\"}]},{\"@type\":\"WebSite\",\"@id\":\"https:\\\/\\\/rafaramirez.org\\\/blog\\\/#website\",\"url\":\"https:\\\/\\\/rafaramirez.org\\\/blog\\\/\",\"name\":\"Blog de Rafael Ram\u00edrez\",\"description\":\"Un sitio social, de arte y cultura\",\"publisher\":{\"@id\":\"https:\\\/\\\/rafaramirez.org\\\/blog\\\/#\\\/schema\\\/person\\\/50f43b6d60c578760d4c17bda54ab6a5\"},\"potentialAction\":[{\"@type\":\"SearchAction\",\"target\":{\"@type\":\"EntryPoint\",\"urlTemplate\":\"https:\\\/\\\/rafaramirez.org\\\/blog\\\/?s={search_term_string}\"},\"query-input\":{\"@type\":\"PropertyValueSpecification\",\"valueRequired\":true,\"valueName\":\"search_term_string\"}}],\"inLanguage\":\"es\"},{\"@type\":[\"Person\",\"Organization\"],\"@id\":\"https:\\\/\\\/rafaramirez.org\\\/blog\\\/#\\\/schema\\\/person\\\/50f43b6d60c578760d4c17bda54ab6a5\",\"name\":\"Rafael Ram\u00edrez\",\"image\":{\"@type\":\"ImageObject\",\"inLanguage\":\"es\",\"@id\":\"https:\\\/\\\/rafaramirez.org\\\/blog\\\/wp-content\\\/uploads\\\/2024\\\/09\\\/RR_socialnetwork.jpg\",\"url\":\"https:\\\/\\\/rafaramirez.org\\\/blog\\\/wp-content\\\/uploads\\\/2024\\\/09\\\/RR_socialnetwork.jpg\",\"contentUrl\":\"https:\\\/\\\/rafaramirez.org\\\/blog\\\/wp-content\\\/uploads\\\/2024\\\/09\\\/RR_socialnetwork.jpg\",\"width\":600,\"height\":606,\"caption\":\"Rafael Ram\u00edrez\"},\"logo\":{\"@id\":\"https:\\\/\\\/rafaramirez.org\\\/blog\\\/wp-content\\\/uploads\\\/2024\\\/09\\\/RR_socialnetwork.jpg\"},\"sameAs\":[\"https:\\\/\\\/www.rafaramirez.org\\\/blog\",\"https:\\\/\\\/www.instagram.com\\\/rafaramirez_ok\\\/\",\"https:\\\/\\\/es.pinterest.com\\\/Ramirez_Rafa\\\/\",\"https:\\\/\\\/x.com\\\/rafaramirez_ok\"],\"url\":\"https:\\\/\\\/rafaramirez.org\\\/blog\\\/index.php\\\/author\\\/rafaell_qm6j97da\\\/\"}]}<\/script>\n<!-- \/ Yoast SEO plugin. -->","yoast_head_json":{"title":"Una joven de Gaza, sensaci\u00f3n en las redes sociales por sus tuits de guerra - Blog de Rafael Ram\u00edrez","robots":{"index":"index","follow":"follow","max-snippet":"max-snippet:-1","max-image-preview":"max-image-preview:large","max-video-preview":"max-video-preview:-1"},"canonical":"https:\/\/rafaramirez.org\/blog\/index.php\/2014\/08\/12\/una-joven-de-gaza-sensacion-en-las-redes-sociales-por-sus-tuits-de-guerra\/","og_locale":"es_ES","og_type":"article","og_title":"Una joven de Gaza, sensaci\u00f3n en las redes sociales por sus tuits de guerra - Blog de Rafael Ram\u00edrez","og_description":"Por Nidal al-Mughrabi GAZA (Reuters) &#8211; Mientras las bombas explotan en Gaza, la adolescente palestina Farah Baker toma su tel\u00e9fono m\u00f3vil o su ordenador port\u00e1til antes de agacharse para cubrirse y poder escribir tuits que capturen el drama del alboroto y el miedo que la rodea. Los prol\u00edficos mensajes de la joven de 16 a\u00f1os [&hellip;]","og_url":"https:\/\/rafaramirez.org\/blog\/index.php\/2014\/08\/12\/una-joven-de-gaza-sensacion-en-las-redes-sociales-por-sus-tuits-de-guerra\/","og_site_name":"Blog de Rafael Ram\u00edrez","article_published_time":"2014-08-12T03:23:41+00:00","article_modified_time":"2024-04-17T08:37:31+00:00","og_image":[{"width":480,"height":320,"url":"https:\/\/rafaramirez.org\/blog\/wp-content\/uploads\/2014\/08\/gaza-strip-palestine-thumbnail.jpg","type":"image\/jpeg"}],"author":"Rafael Ram\u00edrez","twitter_card":"summary_large_image","twitter_creator":"@rafaramirez_ok","twitter_site":"@rafaramirez_ok","twitter_misc":{"Escrito por":"Rafael Ram\u00edrez","Tiempo de lectura":"1 minuto"},"schema":{"@context":"https:\/\/schema.org","@graph":[{"@type":"Article","@id":"https:\/\/rafaramirez.org\/blog\/index.php\/2014\/08\/12\/una-joven-de-gaza-sensacion-en-las-redes-sociales-por-sus-tuits-de-guerra\/#article","isPartOf":{"@id":"https:\/\/rafaramirez.org\/blog\/index.php\/2014\/08\/12\/una-joven-de-gaza-sensacion-en-las-redes-sociales-por-sus-tuits-de-guerra\/"},"author":{"name":"Rafael Ram\u00edrez","@id":"https:\/\/rafaramirez.org\/blog\/#\/schema\/person\/50f43b6d60c578760d4c17bda54ab6a5"},"headline":"Una joven de Gaza, sensaci\u00f3n en las redes sociales por sus tuits de guerra","datePublished":"2014-08-12T03:23:41+00:00","dateModified":"2024-04-17T08:37:31+00:00","mainEntityOfPage":{"@id":"https:\/\/rafaramirez.org\/blog\/index.php\/2014\/08\/12\/una-joven-de-gaza-sensacion-en-las-redes-sociales-por-sus-tuits-de-guerra\/"},"wordCount":262,"commentCount":0,"publisher":{"@id":"https:\/\/rafaramirez.org\/blog\/#\/schema\/person\/50f43b6d60c578760d4c17bda54ab6a5"},"image":{"@id":"https:\/\/rafaramirez.org\/blog\/index.php\/2014\/08\/12\/una-joven-de-gaza-sensacion-en-las-redes-sociales-por-sus-tuits-de-guerra\/#primaryimage"},"thumbnailUrl":"https:\/\/rafaramirez.org\/blog\/wp-content\/uploads\/2014\/08\/gaza-strip-palestine-thumbnail.jpg","keywords":["bombardeos","destacado","Farah Baker","Gaza","Israel","noticias sociales","Palestina","tuits"],"articleSection":["Informe social"],"inLanguage":"es","potentialAction":[{"@type":"CommentAction","name":"Comment","target":["https:\/\/rafaramirez.org\/blog\/index.php\/2014\/08\/12\/una-joven-de-gaza-sensacion-en-las-redes-sociales-por-sus-tuits-de-guerra\/#respond"]}]},{"@type":"WebPage","@id":"https:\/\/rafaramirez.org\/blog\/index.php\/2014\/08\/12\/una-joven-de-gaza-sensacion-en-las-redes-sociales-por-sus-tuits-de-guerra\/","url":"https:\/\/rafaramirez.org\/blog\/index.php\/2014\/08\/12\/una-joven-de-gaza-sensacion-en-las-redes-sociales-por-sus-tuits-de-guerra\/","name":"Una joven de Gaza, sensaci\u00f3n en las redes sociales por sus tuits de guerra - Blog de Rafael Ram\u00edrez","isPartOf":{"@id":"https:\/\/rafaramirez.org\/blog\/#website"},"primaryImageOfPage":{"@id":"https:\/\/rafaramirez.org\/blog\/index.php\/2014\/08\/12\/una-joven-de-gaza-sensacion-en-las-redes-sociales-por-sus-tuits-de-guerra\/#primaryimage"},"image":{"@id":"https:\/\/rafaramirez.org\/blog\/index.php\/2014\/08\/12\/una-joven-de-gaza-sensacion-en-las-redes-sociales-por-sus-tuits-de-guerra\/#primaryimage"},"thumbnailUrl":"https:\/\/rafaramirez.org\/blog\/wp-content\/uploads\/2014\/08\/gaza-strip-palestine-thumbnail.jpg","datePublished":"2014-08-12T03:23:41+00:00","dateModified":"2024-04-17T08:37:31+00:00","breadcrumb":{"@id":"https:\/\/rafaramirez.org\/blog\/index.php\/2014\/08\/12\/una-joven-de-gaza-sensacion-en-las-redes-sociales-por-sus-tuits-de-guerra\/#breadcrumb"},"inLanguage":"es","potentialAction":[{"@type":"ReadAction","target":["https:\/\/rafaramirez.org\/blog\/index.php\/2014\/08\/12\/una-joven-de-gaza-sensacion-en-las-redes-sociales-por-sus-tuits-de-guerra\/"]}]},{"@type":"ImageObject","inLanguage":"es","@id":"https:\/\/rafaramirez.org\/blog\/index.php\/2014\/08\/12\/una-joven-de-gaza-sensacion-en-las-redes-sociales-por-sus-tuits-de-guerra\/#primaryimage","url":"https:\/\/rafaramirez.org\/blog\/wp-content\/uploads\/2014\/08\/gaza-strip-palestine-thumbnail.jpg","contentUrl":"https:\/\/rafaramirez.org\/blog\/wp-content\/uploads\/2014\/08\/gaza-strip-palestine-thumbnail.jpg","width":480,"height":320},{"@type":"BreadcrumbList","@id":"https:\/\/rafaramirez.org\/blog\/index.php\/2014\/08\/12\/una-joven-de-gaza-sensacion-en-las-redes-sociales-por-sus-tuits-de-guerra\/#breadcrumb","itemListElement":[{"@type":"ListItem","position":1,"name":"Portada","item":"https:\/\/rafaramirez.org\/blog\/"},{"@type":"ListItem","position":2,"name":"Una joven de Gaza, sensaci\u00f3n en las redes sociales por sus tuits de guerra"}]},{"@type":"WebSite","@id":"https:\/\/rafaramirez.org\/blog\/#website","url":"https:\/\/rafaramirez.org\/blog\/","name":"Blog de Rafael Ram\u00edrez","description":"Un sitio social, de arte y cultura","publisher":{"@id":"https:\/\/rafaramirez.org\/blog\/#\/schema\/person\/50f43b6d60c578760d4c17bda54ab6a5"},"potentialAction":[{"@type":"SearchAction","target":{"@type":"EntryPoint","urlTemplate":"https:\/\/rafaramirez.org\/blog\/?s={search_term_string}"},"query-input":{"@type":"PropertyValueSpecification","valueRequired":true,"valueName":"search_term_string"}}],"inLanguage":"es"},{"@type":["Person","Organization"],"@id":"https:\/\/rafaramirez.org\/blog\/#\/schema\/person\/50f43b6d60c578760d4c17bda54ab6a5","name":"Rafael Ram\u00edrez","image":{"@type":"ImageObject","inLanguage":"es","@id":"https:\/\/rafaramirez.org\/blog\/wp-content\/uploads\/2024\/09\/RR_socialnetwork.jpg","url":"https:\/\/rafaramirez.org\/blog\/wp-content\/uploads\/2024\/09\/RR_socialnetwork.jpg","contentUrl":"https:\/\/rafaramirez.org\/blog\/wp-content\/uploads\/2024\/09\/RR_socialnetwork.jpg","width":600,"height":606,"caption":"Rafael Ram\u00edrez"},"logo":{"@id":"https:\/\/rafaramirez.org\/blog\/wp-content\/uploads\/2024\/09\/RR_socialnetwork.jpg"},"sameAs":["https:\/\/www.rafaramirez.org\/blog","https:\/\/www.instagram.com\/rafaramirez_ok\/","https:\/\/es.pinterest.com\/Ramirez_Rafa\/","https:\/\/x.com\/rafaramirez_ok"],"url":"https:\/\/rafaramirez.org\/blog\/index.php\/author\/rafaell_qm6j97da\/"}]}},"jetpack_publicize_connections":[],"jetpack_sharing_enabled":true,"jetpack_likes_enabled":true,"jetpack_featured_media_url":"https:\/\/rafaramirez.org\/blog\/wp-content\/uploads\/2014\/08\/gaza-strip-palestine-thumbnail.jpg","_links":{"self":[{"href":"https:\/\/rafaramirez.org\/blog\/index.php\/wp-json\/wp\/v2\/posts\/580","targetHints":{"allow":["GET"]}}],"collection":[{"href":"https:\/\/rafaramirez.org\/blog\/index.php\/wp-json\/wp\/v2\/posts"}],"about":[{"href":"https:\/\/rafaramirez.org\/blog\/index.php\/wp-json\/wp\/v2\/types\/post"}],"author":[{"embeddable":true,"href":"https:\/\/rafaramirez.org\/blog\/index.php\/wp-json\/wp\/v2\/users\/1"}],"replies":[{"embeddable":true,"href":"https:\/\/rafaramirez.org\/blog\/index.php\/wp-json\/wp\/v2\/comments?post=580"}],"version-history":[{"count":1,"href":"https:\/\/rafaramirez.org\/blog\/index.php\/wp-json\/wp\/v2\/posts\/580\/revisions"}],"predecessor-version":[{"id":2438,"href":"https:\/\/rafaramirez.org\/blog\/index.php\/wp-json\/wp\/v2\/posts\/580\/revisions\/2438"}],"wp:featuredmedia":[{"embeddable":true,"href":"https:\/\/rafaramirez.org\/blog\/index.php\/wp-json\/wp\/v2\/media\/2437"}],"wp:attachment":[{"href":"https:\/\/rafaramirez.org\/blog\/index.php\/wp-json\/wp\/v2\/media?parent=580"}],"wp:term":[{"taxonomy":"category","embeddable":true,"href":"https:\/\/rafaramirez.org\/blog\/index.php\/wp-json\/wp\/v2\/categories?post=580"},{"taxonomy":"post_tag","embeddable":true,"href":"https:\/\/rafaramirez.org\/blog\/index.php\/wp-json\/wp\/v2\/tags?post=580"}],"curies":[{"name":"wp","href":"https:\/\/api.w.org\/{rel}","templated":true}]}}