{"id":5778,"date":"2024-09-17T08:15:04","date_gmt":"2024-09-17T06:15:04","guid":{"rendered":"https:\/\/rafaramirez.org\/blog\/?p=5778"},"modified":"2024-09-17T12:46:32","modified_gmt":"2024-09-17T10:46:32","slug":"o-que-sera-oh-que-sera-miucha-toquinho","status":"publish","type":"post","link":"https:\/\/rafaramirez.org\/blog\/index.php\/2024\/09\/17\/o-que-sera-oh-que-sera-miucha-toquinho\/","title":{"rendered":"O que ser\u00e1 (Oh qu\u00e9 ser\u00e1) Miucha &#038; Toquinho (en directo\/vivo)."},"content":{"rendered":"<p><strong>O que ser\u00e1<\/strong> (Oh qu\u00e9 ser\u00e1) <strong>Miucha &amp;<\/strong> <strong>Toquinho,<\/strong> canci\u00f3n que te invito a disfrutar en esta bonita interpretaci\u00f3n de ritmo brasile\u00f1o. La actuaci\u00f3n tuvo lugar<b>\u00a0<\/b>durante el show <strong>Musicalmente dallo Studio 3<\/strong> en 1978.<\/p>\n<p>Esta versi\u00f3n de <strong>\u201cOh Qu\u00e9 Ser\u00e1\u201d<\/strong> es una interpretaci\u00f3n memorable de la canci\u00f3n de <strong>Chico Buarque.<\/strong>\u00a0Este espect\u00e1culo fue grabado en Italia y cont\u00f3 con la participaci\u00f3n de otros grandes de la m\u00fasica brasile\u00f1a como <strong>Vinicius de Moraes<\/strong> y <strong><a href=\"https:\/\/rafaramirez.org\/blog\/index.php\/2024\/05\/28\/aguas-de-marzo-un-clasico-de-la-bossa-nova-para-disfrutar-con-tom-jobim-miucha-directo-live-en-vivo\/\" target=\"_blank\" rel=\"noopener\">Tom Jobim<\/a>.<\/strong><\/p>\n<p>En esta ocasi\u00f3n, Toquinho y Miucha aportan su estilo \u00fanico, combinando la guitarra suave y mel\u00f3dica de Toquinho con la voz c\u00e1lida y expresiva de Miucha. La interpretaci\u00f3n captura la esencia de la canci\u00f3n, que habla sobre los misterios y las incertidumbres de la vida.<\/p>\n<p><iframe loading=\"lazy\" title=\"YouTube video player\" src=\"https:\/\/www.youtube.com\/embed\/XjxsTXTHkPI?si=NDgZM6I-Km9UxC2x\" width=\"560\" height=\"315\" frameborder=\"0\" allowfullscreen=\"allowfullscreen\"><\/iframe><\/p>\n<h3>Sobre el tema.<\/h3>\n<p>La canci\u00f3n \u201cOh Qu\u00e9 Ser\u00e1\u201d es una obra conocida en el mundo de la m\u00fasica latina. Como os he dicho fue compuesta por el famoso m\u00fasico brasile\u00f1o <strong>Chico Buarque<\/strong> y ha sido interpretada por varios artistas, incluyendo a <strong>Willie Col\u00f3n <\/strong>con una versi\u00f3n salsa de la canci\u00f3n, <strong>Jorge Drexler <\/strong>con una versi\u00f3n m\u00e1s suave y mel\u00f3dica en su \u00e1lbum<strong> \u00abSamba pa ti\u00bb<\/strong> o esta maravilla que os presento de Toquinho y <a href=\"https:\/\/rafaramirez.org\/blog\/index.php\/2024\/05\/28\/aguas-de-marzo-un-clasico-de-la-bossa-nova-para-disfrutar-con-tom-jobim-miucha-directo-live-en-vivo\/\" target=\"_blank\" rel=\"noopener\">Miucha<\/a>.<\/p>\n<h3>Sobre Toquinho &amp; Miucha.<\/h3>\n<p>Toquinho y <a href=\"https:\/\/rafaramirez.org\/blog\/index.php\/2024\/05\/28\/aguas-de-marzo-un-clasico-de-la-bossa-nova-para-disfrutar-con-tom-jobim-miucha-directo-live-en-vivo\/\" target=\"_blank\" rel=\"noopener\">Miucha<\/a> tuvieron una relaci\u00f3n art\u00edstica muy fruct\u00edfera y significativa en la m\u00fasica brasile\u00f1a. Colaboraron en varios proyectos y conciertos, destac\u00e1ndose por su qu\u00edmica en el escenario y su capacidad para complementar sus talentos.<\/p>\n<p>Toquinho, conocido por su habilidad con la guitarra y su talento como compositor, y\u00a0<a href=\"https:\/\/rafaramirez.org\/blog\/index.php\/2024\/05\/28\/aguas-de-marzo-un-clasico-de-la-bossa-nova-para-disfrutar-con-tom-jobim-miucha-directo-live-en-vivo\/\" target=\"_blank\" rel=\"noopener\">Miucha<\/a>, con su voz c\u00e1lida y expresiva, formaron un d\u00fao que reson\u00f3 profundamente con el p\u00fablico.<\/p>\n<p>Adem\u00e1s de sus actuaciones en vivo, Toquinho y <a href=\"https:\/\/rafaramirez.org\/blog\/index.php\/2024\/05\/28\/aguas-de-marzo-un-clasico-de-la-bossa-nova-para-disfrutar-con-tom-jobim-miucha-directo-live-en-vivo\/\" target=\"_blank\" rel=\"noopener\">Miucha<\/a> grabaron juntos varios \u00e1lbumes y participaron en numerosos conciertos, tanto en Brasil como en el extranjero.\u00a0Su colaboraci\u00f3n no solo se limit\u00f3 a la m\u00fasica, sino que tambi\u00e9n compartieron una profunda amistad que se reflejaba en su trabajo conjunto.<\/p>\n<p data-sourcepos=\"37:1-37:103\"><strong>Espero que hayas disfrutado de la canci\u00f3n O que ser\u00e1 (Oh qu\u00e9 ser\u00e1) Miucha &amp; Toquinho. Como siempre, puedes dejar tus comentarios debajo del post. \u00a1Saludos!<\/strong><\/p>\n<p data-sourcepos=\"31:1-31:98\">M\u00e1s informaci\u00f3n:<\/p>\n<ul>\n<li><a href=\"https:\/\/www.youtube.com\/@TheTelevideo\/videos\" target=\"_blank\" rel=\"noopener\">Descubre m\u00e1s videos musicales de \u00e9ste y otros g\u00e9neros en el canal TheTeleVideo en YouTube<\/a>.<\/li>\n<li><a href=\"https:\/\/www.chicobuarque.com.br\/\" target=\"_blank\" rel=\"noopener\">Chico Buarque<\/a>.<\/li>\n<li><a href=\"https:\/\/es.wikipedia.org\/wiki\/Tom_Jobim\" target=\"_blank\" rel=\"noopener\">Tom Jobim &#8211; Wikipedia<\/a>.<\/li>\n<li><a href=\"https:\/\/es.wikipedia.org\/wiki\/Vinicius_de_Moraes\" target=\"_blank\" rel=\"noopener\">Vinicius de Moraes &#8211; Wikipedia<\/a>.<\/li>\n<li><a href=\"https:\/\/es.wikipedia.org\/wiki\/Mi%C3%BAcha\" target=\"_blank\" rel=\"noopener\">Miucha &#8211; Wikipedia<\/a>.<\/li>\n<li><a href=\"https:\/\/es.wikipedia.org\/wiki\/Toquinho\" target=\"_blank\" rel=\"noopener\">Toquinho &#8211; Wikipedia<\/a>.<\/li>\n<\/ul>\n","protected":false},"excerpt":{"rendered":"<p>O que ser\u00e1 (Oh qu\u00e9 ser\u00e1) Miucha &amp; Toquinho, canci\u00f3n que te invito a disfrutar en esta bonita interpretaci\u00f3n de ritmo brasile\u00f1o. La actuaci\u00f3n tuvo lugar\u00a0durante el show Musicalmente dallo Studio 3 en 1978. Esta versi\u00f3n de \u201cOh Qu\u00e9 Ser\u00e1\u201d es una interpretaci\u00f3n memorable de la canci\u00f3n de Chico Buarque.\u00a0Este espect\u00e1culo fue grabado en Italia [&hellip;]<\/p>\n","protected":false},"author":1,"featured_media":5782,"comment_status":"open","ping_status":"closed","sticky":false,"template":"","format":"standard","meta":{"site-container-style":"default","site-container-layout":"default","site-sidebar-layout":"default","disable-article-header":"default","disable-site-header":"default","disable-site-footer":"default","disable-content-area-spacing":"default","_jetpack_newsletter_access":"","_jetpack_dont_email_post_to_subs":false,"_jetpack_newsletter_tier_id":0,"_jetpack_memberships_contains_paywalled_content":false,"_jetpack_feature_clip_id":0,"_jetpack_memberships_contains_paid_content":false,"footnotes":"","jetpack_publicize_message":"","jetpack_publicize_feature_enabled":true,"jetpack_social_post_already_shared":true,"jetpack_social_options":{"image_generator_settings":{"template":"highway","default_image_id":0,"font":"","enabled":false},"version":2},"jetpack_post_was_ever_published":false},"categories":[709],"tags":[1230,3362,68,3358,115,3359,3361,3194,3356,3357,2515,2190,3355,2513,2197,3354,572,506,2199,3360],"class_list":["post-5778","post","type-post","status-publish","format-standard","has-post-thumbnail","hentry","category-musica","tag-1230","tag-album-samba-pa-ti","tag-blog-de-rafael-ramirez","tag-chico-buarque","tag-concierto","tag-historia-musical","tag-jorge-drexler","tag-musica-brasilena","tag-musica-en-directo","tag-musica-en-vivo","tag-musica-recomendada","tag-musicalmente-dallo-studio-3","tag-oh-que-sera","tag-thetelevideo","tag-tom-jobim","tag-toquinho-miucha","tag-video-musical","tag-videoclip-musical","tag-vinicius-de-moraes","tag-willie-colon"],"yoast_head":"<!-- This site is optimized with the Yoast SEO plugin v28.4 - https:\/\/yoast.com\/product\/yoast-seo-wordpress\/ -->\n<title>O que ser\u00e1 (Oh qu\u00e9 ser\u00e1) Miucha &amp; Toquinho (en directo\/vivo). - Blog de Rafael Ram\u00edrez<\/title>\n<meta name=\"description\" content=\"O que ser\u00e1 (Oh qu\u00e9 ser\u00e1) Miucha &amp; Toquinho, versi\u00f3n de la canci\u00f3n que te invito a disfrutar en esta bonita interpretaci\u00f3n de ritmo brasile\u00f1o.\" \/>\n<meta name=\"robots\" content=\"index, follow, max-snippet:-1, max-image-preview:large, max-video-preview:-1\" \/>\n<link rel=\"canonical\" href=\"https:\/\/rafaramirez.org\/blog\/index.php\/2024\/09\/17\/o-que-sera-oh-que-sera-miucha-toquinho\/\" \/>\n<meta property=\"og:locale\" content=\"es_ES\" \/>\n<meta property=\"og:type\" content=\"article\" \/>\n<meta property=\"og:title\" content=\"O que ser\u00e1 (Oh qu\u00e9 ser\u00e1) Miucha &amp; Toquinho (en directo\/vivo). - Blog de Rafael Ram\u00edrez\" \/>\n<meta property=\"og:description\" content=\"O que ser\u00e1 (Oh qu\u00e9 ser\u00e1) Miucha &amp; Toquinho, versi\u00f3n de la canci\u00f3n que te invito a disfrutar en esta bonita interpretaci\u00f3n de ritmo brasile\u00f1o.\" \/>\n<meta property=\"og:url\" content=\"https:\/\/rafaramirez.org\/blog\/index.php\/2024\/09\/17\/o-que-sera-oh-que-sera-miucha-toquinho\/\" \/>\n<meta property=\"og:site_name\" content=\"Blog de Rafael Ram\u00edrez\" \/>\n<meta property=\"article:published_time\" content=\"2024-09-17T06:15:04+00:00\" \/>\n<meta property=\"article:modified_time\" content=\"2024-09-17T10:46:32+00:00\" \/>\n<meta property=\"og:image\" content=\"https:\/\/rafaramirez.org\/blog\/wp-content\/uploads\/2024\/09\/Oh-que-sera_Toquinho_Miucha_bannerlogblog.jpg\" \/>\n\t<meta property=\"og:image:width\" content=\"750\" \/>\n\t<meta property=\"og:image:height\" content=\"450\" \/>\n\t<meta property=\"og:image:type\" content=\"image\/jpeg\" \/>\n<meta name=\"author\" content=\"Rafael Ram\u00edrez\" \/>\n<meta name=\"twitter:card\" content=\"summary_large_image\" \/>\n<meta name=\"twitter:creator\" content=\"@rafaramirez_ok\" \/>\n<meta name=\"twitter:site\" content=\"@rafaramirez_ok\" \/>\n<meta name=\"twitter:label1\" content=\"Escrito por\" \/>\n\t<meta name=\"twitter:data1\" content=\"Rafael Ram\u00edrez\" \/>\n\t<meta name=\"twitter:label2\" content=\"Tiempo de lectura\" \/>\n\t<meta name=\"twitter:data2\" content=\"2 minutos\" \/>\n<script type=\"application\/ld+json\" class=\"yoast-schema-graph\">{\"@context\":\"https:\\\/\\\/schema.org\",\"@graph\":[{\"@type\":\"Article\",\"@id\":\"https:\\\/\\\/rafaramirez.org\\\/blog\\\/index.php\\\/2024\\\/09\\\/17\\\/o-que-sera-oh-que-sera-miucha-toquinho\\\/#article\",\"isPartOf\":{\"@id\":\"https:\\\/\\\/rafaramirez.org\\\/blog\\\/index.php\\\/2024\\\/09\\\/17\\\/o-que-sera-oh-que-sera-miucha-toquinho\\\/\"},\"author\":{\"name\":\"Rafael Ram\u00edrez\",\"@id\":\"https:\\\/\\\/rafaramirez.org\\\/blog\\\/#\\\/schema\\\/person\\\/50f43b6d60c578760d4c17bda54ab6a5\"},\"headline\":\"O que ser\u00e1 (Oh qu\u00e9 ser\u00e1) Miucha &#038; Toquinho (en directo\\\/vivo).\",\"datePublished\":\"2024-09-17T06:15:04+00:00\",\"dateModified\":\"2024-09-17T10:46:32+00:00\",\"mainEntityOfPage\":{\"@id\":\"https:\\\/\\\/rafaramirez.org\\\/blog\\\/index.php\\\/2024\\\/09\\\/17\\\/o-que-sera-oh-que-sera-miucha-toquinho\\\/\"},\"wordCount\":427,\"commentCount\":0,\"publisher\":{\"@id\":\"https:\\\/\\\/rafaramirez.org\\\/blog\\\/#\\\/schema\\\/person\\\/50f43b6d60c578760d4c17bda54ab6a5\"},\"image\":{\"@id\":\"https:\\\/\\\/rafaramirez.org\\\/blog\\\/index.php\\\/2024\\\/09\\\/17\\\/o-que-sera-oh-que-sera-miucha-toquinho\\\/#primaryimage\"},\"thumbnailUrl\":\"https:\\\/\\\/rafaramirez.org\\\/blog\\\/wp-content\\\/uploads\\\/2024\\\/09\\\/Oh-que-sera_Toquinho_Miucha_bannerlogblog.jpg\",\"keywords\":[\"1978\",\"\u00e1lbum \\\"Samba pa ti\\\"\",\"blog de Rafael Ram\u00edrez\",\"Chico Buarque\",\"concierto\",\"historia musical\",\"Jorge Drexler\",\"m\u00fasica brasile\u00f1a\",\"m\u00fasica en directo\",\"m\u00fasica en vivo\",\"m\u00fasica recomendada\",\"Musicalmente dallo Studio 3\",\"Oh qu\u00e9 ser\u00e1\",\"thetelevideo\",\"Tom Jobim\",\"Toquinho &amp; Miucha\",\"video musical\",\"videoclip musical\",\"Vinicius de Moraes\",\"Willie Col\u00f3n\"],\"articleSection\":[\"M\u00fasica\"],\"inLanguage\":\"es\",\"potentialAction\":[{\"@type\":\"CommentAction\",\"name\":\"Comment\",\"target\":[\"https:\\\/\\\/rafaramirez.org\\\/blog\\\/index.php\\\/2024\\\/09\\\/17\\\/o-que-sera-oh-que-sera-miucha-toquinho\\\/#respond\"]}]},{\"@type\":\"WebPage\",\"@id\":\"https:\\\/\\\/rafaramirez.org\\\/blog\\\/index.php\\\/2024\\\/09\\\/17\\\/o-que-sera-oh-que-sera-miucha-toquinho\\\/\",\"url\":\"https:\\\/\\\/rafaramirez.org\\\/blog\\\/index.php\\\/2024\\\/09\\\/17\\\/o-que-sera-oh-que-sera-miucha-toquinho\\\/\",\"name\":\"O que ser\u00e1 (Oh qu\u00e9 ser\u00e1) Miucha & Toquinho (en directo\\\/vivo). - Blog de Rafael Ram\u00edrez\",\"isPartOf\":{\"@id\":\"https:\\\/\\\/rafaramirez.org\\\/blog\\\/#website\"},\"primaryImageOfPage\":{\"@id\":\"https:\\\/\\\/rafaramirez.org\\\/blog\\\/index.php\\\/2024\\\/09\\\/17\\\/o-que-sera-oh-que-sera-miucha-toquinho\\\/#primaryimage\"},\"image\":{\"@id\":\"https:\\\/\\\/rafaramirez.org\\\/blog\\\/index.php\\\/2024\\\/09\\\/17\\\/o-que-sera-oh-que-sera-miucha-toquinho\\\/#primaryimage\"},\"thumbnailUrl\":\"https:\\\/\\\/rafaramirez.org\\\/blog\\\/wp-content\\\/uploads\\\/2024\\\/09\\\/Oh-que-sera_Toquinho_Miucha_bannerlogblog.jpg\",\"datePublished\":\"2024-09-17T06:15:04+00:00\",\"dateModified\":\"2024-09-17T10:46:32+00:00\",\"description\":\"O que ser\u00e1 (Oh qu\u00e9 ser\u00e1) Miucha & Toquinho, versi\u00f3n de la canci\u00f3n que te invito a disfrutar en esta bonita interpretaci\u00f3n de ritmo brasile\u00f1o.\",\"breadcrumb\":{\"@id\":\"https:\\\/\\\/rafaramirez.org\\\/blog\\\/index.php\\\/2024\\\/09\\\/17\\\/o-que-sera-oh-que-sera-miucha-toquinho\\\/#breadcrumb\"},\"inLanguage\":\"es\",\"potentialAction\":[{\"@type\":\"ReadAction\",\"target\":[\"https:\\\/\\\/rafaramirez.org\\\/blog\\\/index.php\\\/2024\\\/09\\\/17\\\/o-que-sera-oh-que-sera-miucha-toquinho\\\/\"]}]},{\"@type\":\"ImageObject\",\"inLanguage\":\"es\",\"@id\":\"https:\\\/\\\/rafaramirez.org\\\/blog\\\/index.php\\\/2024\\\/09\\\/17\\\/o-que-sera-oh-que-sera-miucha-toquinho\\\/#primaryimage\",\"url\":\"https:\\\/\\\/rafaramirez.org\\\/blog\\\/wp-content\\\/uploads\\\/2024\\\/09\\\/Oh-que-sera_Toquinho_Miucha_bannerlogblog.jpg\",\"contentUrl\":\"https:\\\/\\\/rafaramirez.org\\\/blog\\\/wp-content\\\/uploads\\\/2024\\\/09\\\/Oh-que-sera_Toquinho_Miucha_bannerlogblog.jpg\",\"width\":750,\"height\":450,\"caption\":\"Oh qu\u00e9 ser\u00e1, Toquinho & Miucha. Blog de Rafael Ram\u00edrez.\"},{\"@type\":\"BreadcrumbList\",\"@id\":\"https:\\\/\\\/rafaramirez.org\\\/blog\\\/index.php\\\/2024\\\/09\\\/17\\\/o-que-sera-oh-que-sera-miucha-toquinho\\\/#breadcrumb\",\"itemListElement\":[{\"@type\":\"ListItem\",\"position\":1,\"name\":\"Portada\",\"item\":\"https:\\\/\\\/rafaramirez.org\\\/blog\\\/\"},{\"@type\":\"ListItem\",\"position\":2,\"name\":\"O que ser\u00e1 (Oh qu\u00e9 ser\u00e1) Miucha &#038; Toquinho (en directo\\\/vivo).\"}]},{\"@type\":\"WebSite\",\"@id\":\"https:\\\/\\\/rafaramirez.org\\\/blog\\\/#website\",\"url\":\"https:\\\/\\\/rafaramirez.org\\\/blog\\\/\",\"name\":\"Blog de Rafael Ram\u00edrez\",\"description\":\"Un sitio social, de arte y cultura\",\"publisher\":{\"@id\":\"https:\\\/\\\/rafaramirez.org\\\/blog\\\/#\\\/schema\\\/person\\\/50f43b6d60c578760d4c17bda54ab6a5\"},\"potentialAction\":[{\"@type\":\"SearchAction\",\"target\":{\"@type\":\"EntryPoint\",\"urlTemplate\":\"https:\\\/\\\/rafaramirez.org\\\/blog\\\/?s={search_term_string}\"},\"query-input\":{\"@type\":\"PropertyValueSpecification\",\"valueRequired\":true,\"valueName\":\"search_term_string\"}}],\"inLanguage\":\"es\"},{\"@type\":[\"Person\",\"Organization\"],\"@id\":\"https:\\\/\\\/rafaramirez.org\\\/blog\\\/#\\\/schema\\\/person\\\/50f43b6d60c578760d4c17bda54ab6a5\",\"name\":\"Rafael Ram\u00edrez\",\"image\":{\"@type\":\"ImageObject\",\"inLanguage\":\"es\",\"@id\":\"https:\\\/\\\/rafaramirez.org\\\/blog\\\/wp-content\\\/uploads\\\/2024\\\/09\\\/RR_socialnetwork.jpg\",\"url\":\"https:\\\/\\\/rafaramirez.org\\\/blog\\\/wp-content\\\/uploads\\\/2024\\\/09\\\/RR_socialnetwork.jpg\",\"contentUrl\":\"https:\\\/\\\/rafaramirez.org\\\/blog\\\/wp-content\\\/uploads\\\/2024\\\/09\\\/RR_socialnetwork.jpg\",\"width\":600,\"height\":606,\"caption\":\"Rafael Ram\u00edrez\"},\"logo\":{\"@id\":\"https:\\\/\\\/rafaramirez.org\\\/blog\\\/wp-content\\\/uploads\\\/2024\\\/09\\\/RR_socialnetwork.jpg\"},\"sameAs\":[\"https:\\\/\\\/www.rafaramirez.org\\\/blog\",\"https:\\\/\\\/www.instagram.com\\\/rafaramirez_ok\\\/\",\"https:\\\/\\\/es.pinterest.com\\\/Ramirez_Rafa\\\/\",\"https:\\\/\\\/x.com\\\/rafaramirez_ok\"],\"url\":\"https:\\\/\\\/rafaramirez.org\\\/blog\\\/index.php\\\/author\\\/rafaell_qm6j97da\\\/\"}]}<\/script>\n<!-- \/ Yoast SEO plugin. -->","yoast_head_json":{"title":"O que ser\u00e1 (Oh qu\u00e9 ser\u00e1) Miucha & Toquinho (en directo\/vivo). - Blog de Rafael Ram\u00edrez","description":"O que ser\u00e1 (Oh qu\u00e9 ser\u00e1) Miucha & Toquinho, versi\u00f3n de la canci\u00f3n que te invito a disfrutar en esta bonita interpretaci\u00f3n de ritmo brasile\u00f1o.","robots":{"index":"index","follow":"follow","max-snippet":"max-snippet:-1","max-image-preview":"max-image-preview:large","max-video-preview":"max-video-preview:-1"},"canonical":"https:\/\/rafaramirez.org\/blog\/index.php\/2024\/09\/17\/o-que-sera-oh-que-sera-miucha-toquinho\/","og_locale":"es_ES","og_type":"article","og_title":"O que ser\u00e1 (Oh qu\u00e9 ser\u00e1) Miucha & Toquinho (en directo\/vivo). - Blog de Rafael Ram\u00edrez","og_description":"O que ser\u00e1 (Oh qu\u00e9 ser\u00e1) Miucha & Toquinho, versi\u00f3n de la canci\u00f3n que te invito a disfrutar en esta bonita interpretaci\u00f3n de ritmo brasile\u00f1o.","og_url":"https:\/\/rafaramirez.org\/blog\/index.php\/2024\/09\/17\/o-que-sera-oh-que-sera-miucha-toquinho\/","og_site_name":"Blog de Rafael Ram\u00edrez","article_published_time":"2024-09-17T06:15:04+00:00","article_modified_time":"2024-09-17T10:46:32+00:00","og_image":[{"width":750,"height":450,"url":"https:\/\/rafaramirez.org\/blog\/wp-content\/uploads\/2024\/09\/Oh-que-sera_Toquinho_Miucha_bannerlogblog.jpg","type":"image\/jpeg"}],"author":"Rafael Ram\u00edrez","twitter_card":"summary_large_image","twitter_creator":"@rafaramirez_ok","twitter_site":"@rafaramirez_ok","twitter_misc":{"Escrito por":"Rafael Ram\u00edrez","Tiempo de lectura":"2 minutos"},"schema":{"@context":"https:\/\/schema.org","@graph":[{"@type":"Article","@id":"https:\/\/rafaramirez.org\/blog\/index.php\/2024\/09\/17\/o-que-sera-oh-que-sera-miucha-toquinho\/#article","isPartOf":{"@id":"https:\/\/rafaramirez.org\/blog\/index.php\/2024\/09\/17\/o-que-sera-oh-que-sera-miucha-toquinho\/"},"author":{"name":"Rafael Ram\u00edrez","@id":"https:\/\/rafaramirez.org\/blog\/#\/schema\/person\/50f43b6d60c578760d4c17bda54ab6a5"},"headline":"O que ser\u00e1 (Oh qu\u00e9 ser\u00e1) Miucha &#038; Toquinho (en directo\/vivo).","datePublished":"2024-09-17T06:15:04+00:00","dateModified":"2024-09-17T10:46:32+00:00","mainEntityOfPage":{"@id":"https:\/\/rafaramirez.org\/blog\/index.php\/2024\/09\/17\/o-que-sera-oh-que-sera-miucha-toquinho\/"},"wordCount":427,"commentCount":0,"publisher":{"@id":"https:\/\/rafaramirez.org\/blog\/#\/schema\/person\/50f43b6d60c578760d4c17bda54ab6a5"},"image":{"@id":"https:\/\/rafaramirez.org\/blog\/index.php\/2024\/09\/17\/o-que-sera-oh-que-sera-miucha-toquinho\/#primaryimage"},"thumbnailUrl":"https:\/\/rafaramirez.org\/blog\/wp-content\/uploads\/2024\/09\/Oh-que-sera_Toquinho_Miucha_bannerlogblog.jpg","keywords":["1978","\u00e1lbum \"Samba pa ti\"","blog de Rafael Ram\u00edrez","Chico Buarque","concierto","historia musical","Jorge Drexler","m\u00fasica brasile\u00f1a","m\u00fasica en directo","m\u00fasica en vivo","m\u00fasica recomendada","Musicalmente dallo Studio 3","Oh qu\u00e9 ser\u00e1","thetelevideo","Tom Jobim","Toquinho &amp; Miucha","video musical","videoclip musical","Vinicius de Moraes","Willie Col\u00f3n"],"articleSection":["M\u00fasica"],"inLanguage":"es","potentialAction":[{"@type":"CommentAction","name":"Comment","target":["https:\/\/rafaramirez.org\/blog\/index.php\/2024\/09\/17\/o-que-sera-oh-que-sera-miucha-toquinho\/#respond"]}]},{"@type":"WebPage","@id":"https:\/\/rafaramirez.org\/blog\/index.php\/2024\/09\/17\/o-que-sera-oh-que-sera-miucha-toquinho\/","url":"https:\/\/rafaramirez.org\/blog\/index.php\/2024\/09\/17\/o-que-sera-oh-que-sera-miucha-toquinho\/","name":"O que ser\u00e1 (Oh qu\u00e9 ser\u00e1) Miucha & Toquinho (en directo\/vivo). - Blog de Rafael Ram\u00edrez","isPartOf":{"@id":"https:\/\/rafaramirez.org\/blog\/#website"},"primaryImageOfPage":{"@id":"https:\/\/rafaramirez.org\/blog\/index.php\/2024\/09\/17\/o-que-sera-oh-que-sera-miucha-toquinho\/#primaryimage"},"image":{"@id":"https:\/\/rafaramirez.org\/blog\/index.php\/2024\/09\/17\/o-que-sera-oh-que-sera-miucha-toquinho\/#primaryimage"},"thumbnailUrl":"https:\/\/rafaramirez.org\/blog\/wp-content\/uploads\/2024\/09\/Oh-que-sera_Toquinho_Miucha_bannerlogblog.jpg","datePublished":"2024-09-17T06:15:04+00:00","dateModified":"2024-09-17T10:46:32+00:00","description":"O que ser\u00e1 (Oh qu\u00e9 ser\u00e1) Miucha & Toquinho, versi\u00f3n de la canci\u00f3n que te invito a disfrutar en esta bonita interpretaci\u00f3n de ritmo brasile\u00f1o.","breadcrumb":{"@id":"https:\/\/rafaramirez.org\/blog\/index.php\/2024\/09\/17\/o-que-sera-oh-que-sera-miucha-toquinho\/#breadcrumb"},"inLanguage":"es","potentialAction":[{"@type":"ReadAction","target":["https:\/\/rafaramirez.org\/blog\/index.php\/2024\/09\/17\/o-que-sera-oh-que-sera-miucha-toquinho\/"]}]},{"@type":"ImageObject","inLanguage":"es","@id":"https:\/\/rafaramirez.org\/blog\/index.php\/2024\/09\/17\/o-que-sera-oh-que-sera-miucha-toquinho\/#primaryimage","url":"https:\/\/rafaramirez.org\/blog\/wp-content\/uploads\/2024\/09\/Oh-que-sera_Toquinho_Miucha_bannerlogblog.jpg","contentUrl":"https:\/\/rafaramirez.org\/blog\/wp-content\/uploads\/2024\/09\/Oh-que-sera_Toquinho_Miucha_bannerlogblog.jpg","width":750,"height":450,"caption":"Oh qu\u00e9 ser\u00e1, Toquinho & Miucha. Blog de Rafael Ram\u00edrez."},{"@type":"BreadcrumbList","@id":"https:\/\/rafaramirez.org\/blog\/index.php\/2024\/09\/17\/o-que-sera-oh-que-sera-miucha-toquinho\/#breadcrumb","itemListElement":[{"@type":"ListItem","position":1,"name":"Portada","item":"https:\/\/rafaramirez.org\/blog\/"},{"@type":"ListItem","position":2,"name":"O que ser\u00e1 (Oh qu\u00e9 ser\u00e1) Miucha &#038; Toquinho (en directo\/vivo)."}]},{"@type":"WebSite","@id":"https:\/\/rafaramirez.org\/blog\/#website","url":"https:\/\/rafaramirez.org\/blog\/","name":"Blog de Rafael Ram\u00edrez","description":"Un sitio social, de arte y cultura","publisher":{"@id":"https:\/\/rafaramirez.org\/blog\/#\/schema\/person\/50f43b6d60c578760d4c17bda54ab6a5"},"potentialAction":[{"@type":"SearchAction","target":{"@type":"EntryPoint","urlTemplate":"https:\/\/rafaramirez.org\/blog\/?s={search_term_string}"},"query-input":{"@type":"PropertyValueSpecification","valueRequired":true,"valueName":"search_term_string"}}],"inLanguage":"es"},{"@type":["Person","Organization"],"@id":"https:\/\/rafaramirez.org\/blog\/#\/schema\/person\/50f43b6d60c578760d4c17bda54ab6a5","name":"Rafael Ram\u00edrez","image":{"@type":"ImageObject","inLanguage":"es","@id":"https:\/\/rafaramirez.org\/blog\/wp-content\/uploads\/2024\/09\/RR_socialnetwork.jpg","url":"https:\/\/rafaramirez.org\/blog\/wp-content\/uploads\/2024\/09\/RR_socialnetwork.jpg","contentUrl":"https:\/\/rafaramirez.org\/blog\/wp-content\/uploads\/2024\/09\/RR_socialnetwork.jpg","width":600,"height":606,"caption":"Rafael Ram\u00edrez"},"logo":{"@id":"https:\/\/rafaramirez.org\/blog\/wp-content\/uploads\/2024\/09\/RR_socialnetwork.jpg"},"sameAs":["https:\/\/www.rafaramirez.org\/blog","https:\/\/www.instagram.com\/rafaramirez_ok\/","https:\/\/es.pinterest.com\/Ramirez_Rafa\/","https:\/\/x.com\/rafaramirez_ok"],"url":"https:\/\/rafaramirez.org\/blog\/index.php\/author\/rafaell_qm6j97da\/"}]}},"jetpack_publicize_connections":[],"jetpack_sharing_enabled":true,"jetpack_likes_enabled":true,"jetpack_featured_media_url":"https:\/\/rafaramirez.org\/blog\/wp-content\/uploads\/2024\/09\/Oh-que-sera_Toquinho_Miucha_bannerlogblog.jpg","_links":{"self":[{"href":"https:\/\/rafaramirez.org\/blog\/index.php\/wp-json\/wp\/v2\/posts\/5778","targetHints":{"allow":["GET"]}}],"collection":[{"href":"https:\/\/rafaramirez.org\/blog\/index.php\/wp-json\/wp\/v2\/posts"}],"about":[{"href":"https:\/\/rafaramirez.org\/blog\/index.php\/wp-json\/wp\/v2\/types\/post"}],"author":[{"embeddable":true,"href":"https:\/\/rafaramirez.org\/blog\/index.php\/wp-json\/wp\/v2\/users\/1"}],"replies":[{"embeddable":true,"href":"https:\/\/rafaramirez.org\/blog\/index.php\/wp-json\/wp\/v2\/comments?post=5778"}],"version-history":[{"count":14,"href":"https:\/\/rafaramirez.org\/blog\/index.php\/wp-json\/wp\/v2\/posts\/5778\/revisions"}],"predecessor-version":[{"id":6064,"href":"https:\/\/rafaramirez.org\/blog\/index.php\/wp-json\/wp\/v2\/posts\/5778\/revisions\/6064"}],"wp:featuredmedia":[{"embeddable":true,"href":"https:\/\/rafaramirez.org\/blog\/index.php\/wp-json\/wp\/v2\/media\/5782"}],"wp:attachment":[{"href":"https:\/\/rafaramirez.org\/blog\/index.php\/wp-json\/wp\/v2\/media?parent=5778"}],"wp:term":[{"taxonomy":"category","embeddable":true,"href":"https:\/\/rafaramirez.org\/blog\/index.php\/wp-json\/wp\/v2\/categories?post=5778"},{"taxonomy":"post_tag","embeddable":true,"href":"https:\/\/rafaramirez.org\/blog\/index.php\/wp-json\/wp\/v2\/tags?post=5778"}],"curies":[{"name":"wp","href":"https:\/\/api.w.org\/{rel}","templated":true}]}}