{"id":5744,"date":"2024-09-13T08:15:32","date_gmt":"2024-09-13T06:15:32","guid":{"rendered":"https:\/\/rafaramirez.org\/blog\/?p=5744"},"modified":"2024-09-13T11:38:38","modified_gmt":"2024-09-13T09:38:38","slug":"algo-ha-pasado-de-joseph-heller","status":"publish","type":"post","link":"https:\/\/rafaramirez.org\/blog\/index.php\/2024\/09\/13\/algo-ha-pasado-de-joseph-heller\/","title":{"rendered":"\u00abAlgo ha pasado\u00bb de Joseph Heller o la reflexi\u00f3n sobre la condici\u00f3n humana."},"content":{"rendered":"<p>Hoy os hablo de la novela \u201c<strong>Algo ha pasado<\/strong>\u201d escrita por <strong>Joseph Heller <\/strong>y\u00a0publicada originalmente en 1974 bajo el t\u00edtulo \u201c<strong>Something Happened<\/strong>\u201d. En Espa\u00f1a su publicaci\u00f3n fue en 2022 de la mano de la editorial <strong>Random House<\/strong> con traducci\u00f3n de <strong>Lucrecia Moreno de S\u00e1enz<\/strong> y pr\u00f3logo de<strong> Rodrigo Fres\u00e1n.<\/strong> Esta obra sigue a <strong>Bob Slocum<\/strong>, un exitoso ejecutivo que, a primera vista, parece tenerlo todo: una carrera prometedora, una esposa atractiva, tres hijos y una amante.\u00a0Sin embargo, a medida que avanza la historia, se revela que su vida est\u00e1 llena de angustia, miedos y una sensaci\u00f3n de vac\u00edo.<\/p>\n<p>La novela explora temas como la\u00a0<strong>alienaci\u00f3n<\/strong>, la\u00a0<strong>psicosis<\/strong>\u00a0y la\u00a0<strong>desintegraci\u00f3n familiar<\/strong>, mostrando c\u00f3mo el \u00e9xito profesional no siempre se traduce en felicidad personal.\u00a0Heller utiliza un estilo narrativo introspectivo para profundizar en la mente de Slocum, revelando sus inseguridades y conflictos internos.<\/p>\n<h3>Contexto hist\u00f3rico de \u00abAlgo ha pasado\u00bb.<\/h3>\n<p>Los 70, fecha de publicaci\u00f3n del libro, fue una \u00e9poca marcada por importantes cambios sociales y pol\u00edticos en Estados Unidos. Te doy algunos elementos clave que te ayudaran a entender mejor el contexto en el que se desarrolla la novela:<\/p>\n<ul>\n<li><strong>Post-Guerra de Vietnam<\/strong>: La novela se escribi\u00f3 en un per\u00edodo posterior a la Guerra de Vietnam, que dej\u00f3 una profunda huella en la sociedad estadounidense. La desilusi\u00f3n y el cinismo eran sentimientos comunes, reflejados en la obra de Heller.<\/li>\n<li><strong>Movimientos de Derechos Civiles<\/strong>: Los a\u00f1os 60 y 70 fueron testigos de importantes movimientos por los derechos civiles y la igualdad racial. Aunque la novela no aborda directamente estos temas, el ambiente de cambio y tensi\u00f3n social influye en el trasfondo de la historia.<\/li>\n<li><strong>Crisis Econ\u00f3mica<\/strong>: La d\u00e9cada de 1970 tambi\u00e9n estuvo marcada por una crisis econ\u00f3mica, con alta inflaci\u00f3n y desempleo. Este contexto de incertidumbre econ\u00f3mica se refleja en la ansiedad y el estr\u00e9s del protagonista, Bob Slocum.<\/li>\n<li><strong>Cultura Corporativa<\/strong>: La novela critica la cultura corporativa de la \u00e9poca, mostrando c\u00f3mo el \u00e9xito profesional puede llevar a la alienaci\u00f3n personal y familiar. Este tema sigue siendo relevante hoy en d\u00eda.<\/li>\n<\/ul>\n<figure id=\"attachment_5749\" aria-describedby=\"caption-attachment-5749\" style=\"width: 176px\" class=\"wp-caption aligncenter\"><a href=\"https:\/\/rafaramirez.org\/blog\/wp-content\/uploads\/2024\/09\/Algo-ha-pasado_portada.jpg\" target=\"_blank\" rel=\"noopener\"><img loading=\"lazy\" decoding=\"async\" class=\"wp-image-5749 size-medium\" src=\"https:\/\/rafaramirez.org\/blog\/wp-content\/uploads\/2024\/09\/Algo-ha-pasado_portada-176x300.jpg\" alt=\"&quot;Algo ha pasado&quot; de Joseph Heller. Blog de Rafael Ram\u00edrez.\" width=\"176\" height=\"300\" srcset=\"https:\/\/rafaramirez.org\/blog\/wp-content\/uploads\/2024\/09\/Algo-ha-pasado_portada-176x300.jpg 176w, https:\/\/rafaramirez.org\/blog\/wp-content\/uploads\/2024\/09\/Algo-ha-pasado_portada-601x1024.jpg 601w, https:\/\/rafaramirez.org\/blog\/wp-content\/uploads\/2024\/09\/Algo-ha-pasado_portada-768x1309.jpg 768w, https:\/\/rafaramirez.org\/blog\/wp-content\/uploads\/2024\/09\/Algo-ha-pasado_portada.jpg 880w\" sizes=\"auto, (max-width: 176px) 100vw, 176px\" \/><\/a><figcaption id=\"caption-attachment-5749\" class=\"wp-caption-text\">\u00abAlgo ha pasado\u00bb de Joseph Heller. Blog de Rafael Ram\u00edrez.<\/figcaption><\/figure>\n<h3>Cr\u00edtica.<\/h3>\n<p>\u201cAlgo ha pasado\u201d de Joseph Heller ha recibido, en general, muy buenas cr\u00edticas desde su publicaci\u00f3n, te destaco alguna de ellas:<\/p>\n<ul>\n<li>Muchos cr\u00edticos han elogiado la habilidad de Heller para crear una narrativa introspectiva y detallada. La novela es conocida por su estilo denso y reflexivo, que permite al lector adentrarse profundamente en la mente del protagonista, Bob Slocum.<\/li>\n<li>La exploraci\u00f3n de temas como la alienaci\u00f3n, la desintegraci\u00f3n familiar y la hipocres\u00eda social ha sido ampliamente reconocida. Algunos cr\u00edticos consideran que Heller ofrece una visi\u00f3n poderosa y original sobre el \u00e9xito personal y la mediocridad que lo acompa\u00f1a.<\/li>\n<li>Aunque muchos han apreciado la profundidad y la complejidad de la novela, otros han encontrado su ritmo lento y su tono pesimista un desaf\u00edo. La novela puede ser vista como una obra poderosa pero tambi\u00e9n como una lectura exigente.<\/li>\n<\/ul>\n<p>En general, \u201cAlgo ha pasado\u201d es considerada una obra significativa que invita a la reflexi\u00f3n sobre la condici\u00f3n humana y las estructuras sociales.<\/p>\n<h3>Sobre su autor.<\/h3>\n<p>Joseph Heller fue un novelista y dramaturgo estadounidense, conocido principalmente por su obra sat\u00edrica\u00a0<strong>\u201cTrampa-22\u201d<\/strong> (\u201cCatch-22\u201d), publicada en 1961. Te cuento algunos detalles sobre su vida y carrera:<\/p>\n<p>Heller naci\u00f3 el 1 de mayo de 1923 en Coney Island, Brooklyn, Nueva York. Estudi\u00f3 en la Universidad de Nueva York y obtuvo una maestr\u00eda en ingl\u00e9s de la Universidad de Columbia.\u00a0Tambi\u00e9n fue becario Fulbright en la Universidad de Oxford.<\/p>\n<p>Su obra m\u00e1s famosa, <strong>\u201cTrampa-22\u201d<\/strong>, es una s\u00e1tira sobre la guerra y la burocracia militar. La novela se convirti\u00f3 en un \u00e9xito popular y su t\u00edtulo se ha convertido en sin\u00f3nimo de situaciones absurdas o contradictorias.<\/p>\n<figure id=\"attachment_5750\" aria-describedby=\"caption-attachment-5750\" style=\"width: 240px\" class=\"wp-caption aligncenter\"><a href=\"https:\/\/rafaramirez.org\/blog\/wp-content\/uploads\/2024\/09\/Joseph-Heller_portrait.jpg\" target=\"_blank\" rel=\"noopener\"><img loading=\"lazy\" decoding=\"async\" class=\"wp-image-5750 size-medium\" src=\"https:\/\/rafaramirez.org\/blog\/wp-content\/uploads\/2024\/09\/Joseph-Heller_portrait-240x300.jpg\" alt=\"El escritor Joseph Heller. Blog de Rafael Ram\u00edrez.\" width=\"240\" height=\"300\" srcset=\"https:\/\/rafaramirez.org\/blog\/wp-content\/uploads\/2024\/09\/Joseph-Heller_portrait-240x300.jpg 240w, https:\/\/rafaramirez.org\/blog\/wp-content\/uploads\/2024\/09\/Joseph-Heller_portrait-820x1024.jpg 820w, https:\/\/rafaramirez.org\/blog\/wp-content\/uploads\/2024\/09\/Joseph-Heller_portrait-768x959.jpg 768w, https:\/\/rafaramirez.org\/blog\/wp-content\/uploads\/2024\/09\/Joseph-Heller_portrait.jpg 889w\" sizes=\"auto, (max-width: 240px) 100vw, 240px\" \/><\/a><figcaption id=\"caption-attachment-5750\" class=\"wp-caption-text\">El escritor Joseph Heller. Blog de Rafael Ram\u00edrez.<\/figcaption><\/figure>\n<p>Adem\u00e1s de \u201cAlgo ha pasado\u201d (\u201cSomething Happened\u201d), Heller escribi\u00f3 otras novelas como \u201cGood as Gold\u201d (1979), \u201cDios sabe\u201d (1984), y \u201cHora de cierre\u201d (1994), entre otras.<\/p>\n<p>Heller sirvi\u00f3 en la Fuerza A\u00e9rea del Ej\u00e9rcito de los Estados Unidos durante la Segunda Guerra Mundial, donde vol\u00f3 60 misiones de combate como bombardero en un B-25. Esta experiencia influy\u00f3 significativamente en su escritura, especialmente en \u201cTrampa-22\u201d.<\/p>\n<p>Estuvo casado dos veces y tuvo dos hijos. Su primera esposa fue Shirley Held, con quien estuvo casado desde 1945 hasta 1981. Luego se cas\u00f3 con Valerie Humphries en 1987.\u00a0Heller falleci\u00f3 el 12 de diciembre de 1999 en East Hampton, Nueva York.<\/p>\n<p>Joseph Heller es recordado como uno de los grandes escritores sat\u00edricos de la literatura estadounidense, y su obra sigue siendo relevante por su aguda cr\u00edtica social y su estilo \u00fanico.<\/p>\n<p><strong>Espero te guste el libro \u00abAlgo ha pasado\u201d de Joseph Heller tanto como a m\u00ed. Puedes dejar tus comentarios debajo del post. \u00a1Saludos!\u00a0<\/strong><\/p>\n<p>M\u00e1s informaci\u00f3n:<\/p>\n<ul>\n<li><a href=\"https:\/\/www.casadellibro.com\/libro-algo-ha-pasado\/9788415325864\/2101588\" target=\"_blank\" rel=\"noopener\">Casa del Libro.<\/a><\/li>\n<li><a href=\"https:\/\/www.lecturalia.com\/libro\/33992\/algo-ha-pasado\" target=\"_blank\" rel=\"noopener\">Lecturalia.<\/a><\/li>\n<li><a href=\"https:\/\/www.estandarte.com\/critica\/algo-ha-pasado-de-joseph-heller-_180.html\" target=\"_blank\" rel=\"noopener\">Estandarte.<\/a><\/li>\n<li><a href=\"https:\/\/es.wikipedia.org\/wiki\/Joseph_Heller\" target=\"_blank\" rel=\"noopener\">Wikipedia.<\/a><\/li>\n<li><a href=\"https:\/\/www.google.com\/search?q=Comprar+%22Algo+ha+pasado%22+de+Joseph+Heller\" target=\"_blank\" rel=\"noopener\">Comprar \u00abAlgo ha pasado\u00bb de Joseph Heller<\/a>.<\/li>\n<\/ul>\n","protected":false},"excerpt":{"rendered":"<p>Hoy os hablo de la novela \u201cAlgo ha pasado\u201d escrita por Joseph Heller y\u00a0publicada originalmente en 1974 bajo el t\u00edtulo \u201cSomething Happened\u201d. En Espa\u00f1a su publicaci\u00f3n fue en 2022 de la mano de la editorial Random House con traducci\u00f3n de Lucrecia Moreno de S\u00e1enz y pr\u00f3logo de Rodrigo Fres\u00e1n. Esta obra sigue a Bob Slocum, [&hellip;]<\/p>\n","protected":false},"author":1,"featured_media":5752,"comment_status":"open","ping_status":"closed","sticky":false,"template":"","format":"standard","meta":{"site-container-style":"default","site-container-layout":"default","site-sidebar-layout":"default","disable-article-header":"default","disable-site-header":"default","disable-site-footer":"default","disable-content-area-spacing":"default","_jetpack_newsletter_access":"","_jetpack_dont_email_post_to_subs":false,"_jetpack_newsletter_tier_id":0,"_jetpack_memberships_contains_paywalled_content":false,"_jetpack_feature_clip_id":0,"_jetpack_memberships_contains_paid_content":false,"footnotes":"","jetpack_publicize_message":"","jetpack_publicize_feature_enabled":true,"jetpack_social_post_already_shared":true,"jetpack_social_options":{"image_generator_settings":{"template":"highway","default_image_id":0,"font":"","enabled":false},"version":2},"jetpack_post_was_ever_published":false},"categories":[710],"tags":[3342,3343,3347,68,1128,1470,3349,3341,264,3345,3350,3348,3344,3346],"class_list":["post-5744","post","type-post","status-publish","format-standard","has-post-thumbnail","hentry","category-literatura","tag-algo-ha-pasado-de-joseph-heller","tag-something-happened","tag-alienacion","tag-blog-de-rafael-ramirez","tag-comprar-libro","tag-critica-libro","tag-desintegracion-familiar","tag-joseph-heller","tag-libro-recomendado","tag-lucrecia-moreno-de-saenz","tag-mejores-libros-de-2022","tag-psicosis","tag-random-house","tag-rodrigo-fresan"],"yoast_head":"<!-- This site is optimized with the Yoast SEO plugin v28.3 - https:\/\/yoast.com\/product\/yoast-seo-wordpress\/ -->\n<title>&quot;Algo ha pasado&quot; de Joseph Heller o la reflexi\u00f3n sobre la condici\u00f3n humana. - Blog de Rafael Ram\u00edrez<\/title>\n<meta name=\"description\" content=\"\u201cAlgo ha pasado\u201d de Joseph Heller, hoy os hablo de esta novela que explora temas como la\u00a0alienaci\u00f3n\u00a0o la\u00a0desintegraci\u00f3n familiar.\" \/>\n<meta name=\"robots\" content=\"index, follow, max-snippet:-1, max-image-preview:large, max-video-preview:-1\" \/>\n<link rel=\"canonical\" href=\"https:\/\/rafaramirez.org\/blog\/index.php\/2024\/09\/13\/algo-ha-pasado-de-joseph-heller\/\" \/>\n<meta property=\"og:locale\" content=\"es_ES\" \/>\n<meta property=\"og:type\" content=\"article\" \/>\n<meta property=\"og:title\" content=\"&quot;Algo ha pasado&quot; de Joseph Heller o la reflexi\u00f3n sobre la condici\u00f3n humana. - Blog de Rafael Ram\u00edrez\" \/>\n<meta property=\"og:description\" content=\"\u201cAlgo ha pasado\u201d de Joseph Heller, hoy os hablo de esta novela que explora temas como la\u00a0alienaci\u00f3n\u00a0o la\u00a0desintegraci\u00f3n familiar.\" \/>\n<meta property=\"og:url\" content=\"https:\/\/rafaramirez.org\/blog\/index.php\/2024\/09\/13\/algo-ha-pasado-de-joseph-heller\/\" \/>\n<meta property=\"og:site_name\" content=\"Blog de Rafael Ram\u00edrez\" \/>\n<meta property=\"article:published_time\" content=\"2024-09-13T06:15:32+00:00\" \/>\n<meta property=\"article:modified_time\" content=\"2024-09-13T09:38:38+00:00\" \/>\n<meta property=\"og:image\" content=\"https:\/\/rafaramirez.org\/blog\/wp-content\/uploads\/2024\/09\/Algo-ha-pasado_Joseph-Heller_banner_logblog.jpg\" \/>\n\t<meta property=\"og:image:width\" content=\"750\" \/>\n\t<meta property=\"og:image:height\" content=\"450\" \/>\n\t<meta property=\"og:image:type\" content=\"image\/jpeg\" \/>\n<meta name=\"author\" content=\"Rafael Ram\u00edrez\" \/>\n<meta name=\"twitter:card\" content=\"summary_large_image\" \/>\n<meta name=\"twitter:creator\" content=\"@rafaramirez_ok\" \/>\n<meta name=\"twitter:site\" content=\"@rafaramirez_ok\" \/>\n<meta name=\"twitter:label1\" content=\"Escrito por\" \/>\n\t<meta name=\"twitter:data1\" content=\"Rafael Ram\u00edrez\" \/>\n\t<meta name=\"twitter:label2\" content=\"Tiempo de lectura\" \/>\n\t<meta name=\"twitter:data2\" content=\"5 minutos\" \/>\n<script type=\"application\/ld+json\" class=\"yoast-schema-graph\">{\"@context\":\"https:\\\/\\\/schema.org\",\"@graph\":[{\"@type\":\"Article\",\"@id\":\"https:\\\/\\\/rafaramirez.org\\\/blog\\\/index.php\\\/2024\\\/09\\\/13\\\/algo-ha-pasado-de-joseph-heller\\\/#article\",\"isPartOf\":{\"@id\":\"https:\\\/\\\/rafaramirez.org\\\/blog\\\/index.php\\\/2024\\\/09\\\/13\\\/algo-ha-pasado-de-joseph-heller\\\/\"},\"author\":{\"name\":\"Rafael Ram\u00edrez\",\"@id\":\"https:\\\/\\\/rafaramirez.org\\\/blog\\\/#\\\/schema\\\/person\\\/50f43b6d60c578760d4c17bda54ab6a5\"},\"headline\":\"\u00abAlgo ha pasado\u00bb de Joseph Heller o la reflexi\u00f3n sobre la condici\u00f3n humana.\",\"datePublished\":\"2024-09-13T06:15:32+00:00\",\"dateModified\":\"2024-09-13T09:38:38+00:00\",\"mainEntityOfPage\":{\"@id\":\"https:\\\/\\\/rafaramirez.org\\\/blog\\\/index.php\\\/2024\\\/09\\\/13\\\/algo-ha-pasado-de-joseph-heller\\\/\"},\"wordCount\":874,\"commentCount\":0,\"publisher\":{\"@id\":\"https:\\\/\\\/rafaramirez.org\\\/blog\\\/#\\\/schema\\\/person\\\/50f43b6d60c578760d4c17bda54ab6a5\"},\"image\":{\"@id\":\"https:\\\/\\\/rafaramirez.org\\\/blog\\\/index.php\\\/2024\\\/09\\\/13\\\/algo-ha-pasado-de-joseph-heller\\\/#primaryimage\"},\"thumbnailUrl\":\"https:\\\/\\\/rafaramirez.org\\\/blog\\\/wp-content\\\/uploads\\\/2024\\\/09\\\/Algo-ha-pasado_Joseph-Heller_banner_logblog.jpg\",\"keywords\":[\"\\\"Algo ha pasado\\\" de Joseph Heller\",\"\u201cSomething Happened\u201d\",\"alienaci\u00f3n\",\"blog de Rafael Ram\u00edrez\",\"comprar libro\",\"critica libro\",\"desintegraci\u00f3n familiar\",\"Joseph Heller\",\"libro recomendado\",\"Lucrecia Moreno de S\u00e1enz\",\"mejores libros de 2022\",\"psicosis\",\"Random House\",\"Rodrigo Fres\u00e1n\"],\"articleSection\":[\"Literatura\"],\"inLanguage\":\"es\",\"potentialAction\":[{\"@type\":\"CommentAction\",\"name\":\"Comment\",\"target\":[\"https:\\\/\\\/rafaramirez.org\\\/blog\\\/index.php\\\/2024\\\/09\\\/13\\\/algo-ha-pasado-de-joseph-heller\\\/#respond\"]}]},{\"@type\":\"WebPage\",\"@id\":\"https:\\\/\\\/rafaramirez.org\\\/blog\\\/index.php\\\/2024\\\/09\\\/13\\\/algo-ha-pasado-de-joseph-heller\\\/\",\"url\":\"https:\\\/\\\/rafaramirez.org\\\/blog\\\/index.php\\\/2024\\\/09\\\/13\\\/algo-ha-pasado-de-joseph-heller\\\/\",\"name\":\"\\\"Algo ha pasado\\\" de Joseph Heller o la reflexi\u00f3n sobre la condici\u00f3n humana. - Blog de Rafael Ram\u00edrez\",\"isPartOf\":{\"@id\":\"https:\\\/\\\/rafaramirez.org\\\/blog\\\/#website\"},\"primaryImageOfPage\":{\"@id\":\"https:\\\/\\\/rafaramirez.org\\\/blog\\\/index.php\\\/2024\\\/09\\\/13\\\/algo-ha-pasado-de-joseph-heller\\\/#primaryimage\"},\"image\":{\"@id\":\"https:\\\/\\\/rafaramirez.org\\\/blog\\\/index.php\\\/2024\\\/09\\\/13\\\/algo-ha-pasado-de-joseph-heller\\\/#primaryimage\"},\"thumbnailUrl\":\"https:\\\/\\\/rafaramirez.org\\\/blog\\\/wp-content\\\/uploads\\\/2024\\\/09\\\/Algo-ha-pasado_Joseph-Heller_banner_logblog.jpg\",\"datePublished\":\"2024-09-13T06:15:32+00:00\",\"dateModified\":\"2024-09-13T09:38:38+00:00\",\"description\":\"\u201cAlgo ha pasado\u201d de Joseph Heller, hoy os hablo de esta novela que explora temas como la\u00a0alienaci\u00f3n\u00a0o la\u00a0desintegraci\u00f3n familiar.\",\"breadcrumb\":{\"@id\":\"https:\\\/\\\/rafaramirez.org\\\/blog\\\/index.php\\\/2024\\\/09\\\/13\\\/algo-ha-pasado-de-joseph-heller\\\/#breadcrumb\"},\"inLanguage\":\"es\",\"potentialAction\":[{\"@type\":\"ReadAction\",\"target\":[\"https:\\\/\\\/rafaramirez.org\\\/blog\\\/index.php\\\/2024\\\/09\\\/13\\\/algo-ha-pasado-de-joseph-heller\\\/\"]}]},{\"@type\":\"ImageObject\",\"inLanguage\":\"es\",\"@id\":\"https:\\\/\\\/rafaramirez.org\\\/blog\\\/index.php\\\/2024\\\/09\\\/13\\\/algo-ha-pasado-de-joseph-heller\\\/#primaryimage\",\"url\":\"https:\\\/\\\/rafaramirez.org\\\/blog\\\/wp-content\\\/uploads\\\/2024\\\/09\\\/Algo-ha-pasado_Joseph-Heller_banner_logblog.jpg\",\"contentUrl\":\"https:\\\/\\\/rafaramirez.org\\\/blog\\\/wp-content\\\/uploads\\\/2024\\\/09\\\/Algo-ha-pasado_Joseph-Heller_banner_logblog.jpg\",\"width\":750,\"height\":450,\"caption\":\"\\\"Algo ha pasado\\\" de Joseph Heller. Blog de Rafael Ram\u00edrez.\"},{\"@type\":\"BreadcrumbList\",\"@id\":\"https:\\\/\\\/rafaramirez.org\\\/blog\\\/index.php\\\/2024\\\/09\\\/13\\\/algo-ha-pasado-de-joseph-heller\\\/#breadcrumb\",\"itemListElement\":[{\"@type\":\"ListItem\",\"position\":1,\"name\":\"Portada\",\"item\":\"https:\\\/\\\/rafaramirez.org\\\/blog\\\/\"},{\"@type\":\"ListItem\",\"position\":2,\"name\":\"\u00abAlgo ha pasado\u00bb de Joseph Heller o la reflexi\u00f3n sobre la condici\u00f3n humana.\"}]},{\"@type\":\"WebSite\",\"@id\":\"https:\\\/\\\/rafaramirez.org\\\/blog\\\/#website\",\"url\":\"https:\\\/\\\/rafaramirez.org\\\/blog\\\/\",\"name\":\"Blog de Rafael Ram\u00edrez\",\"description\":\"Un sitio social, de arte y cultura\",\"publisher\":{\"@id\":\"https:\\\/\\\/rafaramirez.org\\\/blog\\\/#\\\/schema\\\/person\\\/50f43b6d60c578760d4c17bda54ab6a5\"},\"potentialAction\":[{\"@type\":\"SearchAction\",\"target\":{\"@type\":\"EntryPoint\",\"urlTemplate\":\"https:\\\/\\\/rafaramirez.org\\\/blog\\\/?s={search_term_string}\"},\"query-input\":{\"@type\":\"PropertyValueSpecification\",\"valueRequired\":true,\"valueName\":\"search_term_string\"}}],\"inLanguage\":\"es\"},{\"@type\":[\"Person\",\"Organization\"],\"@id\":\"https:\\\/\\\/rafaramirez.org\\\/blog\\\/#\\\/schema\\\/person\\\/50f43b6d60c578760d4c17bda54ab6a5\",\"name\":\"Rafael Ram\u00edrez\",\"image\":{\"@type\":\"ImageObject\",\"inLanguage\":\"es\",\"@id\":\"https:\\\/\\\/rafaramirez.org\\\/blog\\\/wp-content\\\/uploads\\\/2024\\\/09\\\/RR_socialnetwork.jpg\",\"url\":\"https:\\\/\\\/rafaramirez.org\\\/blog\\\/wp-content\\\/uploads\\\/2024\\\/09\\\/RR_socialnetwork.jpg\",\"contentUrl\":\"https:\\\/\\\/rafaramirez.org\\\/blog\\\/wp-content\\\/uploads\\\/2024\\\/09\\\/RR_socialnetwork.jpg\",\"width\":600,\"height\":606,\"caption\":\"Rafael Ram\u00edrez\"},\"logo\":{\"@id\":\"https:\\\/\\\/rafaramirez.org\\\/blog\\\/wp-content\\\/uploads\\\/2024\\\/09\\\/RR_socialnetwork.jpg\"},\"sameAs\":[\"https:\\\/\\\/www.rafaramirez.org\\\/blog\",\"https:\\\/\\\/www.instagram.com\\\/rafaramirez_ok\\\/\",\"https:\\\/\\\/es.pinterest.com\\\/Ramirez_Rafa\\\/\",\"https:\\\/\\\/x.com\\\/rafaramirez_ok\"],\"url\":\"https:\\\/\\\/rafaramirez.org\\\/blog\\\/index.php\\\/author\\\/rafaell_qm6j97da\\\/\"}]}<\/script>\n<!-- \/ Yoast SEO plugin. -->","yoast_head_json":{"title":"\"Algo ha pasado\" de Joseph Heller o la reflexi\u00f3n sobre la condici\u00f3n humana. - Blog de Rafael Ram\u00edrez","description":"\u201cAlgo ha pasado\u201d de Joseph Heller, hoy os hablo de esta novela que explora temas como la\u00a0alienaci\u00f3n\u00a0o la\u00a0desintegraci\u00f3n familiar.","robots":{"index":"index","follow":"follow","max-snippet":"max-snippet:-1","max-image-preview":"max-image-preview:large","max-video-preview":"max-video-preview:-1"},"canonical":"https:\/\/rafaramirez.org\/blog\/index.php\/2024\/09\/13\/algo-ha-pasado-de-joseph-heller\/","og_locale":"es_ES","og_type":"article","og_title":"\"Algo ha pasado\" de Joseph Heller o la reflexi\u00f3n sobre la condici\u00f3n humana. - Blog de Rafael Ram\u00edrez","og_description":"\u201cAlgo ha pasado\u201d de Joseph Heller, hoy os hablo de esta novela que explora temas como la\u00a0alienaci\u00f3n\u00a0o la\u00a0desintegraci\u00f3n familiar.","og_url":"https:\/\/rafaramirez.org\/blog\/index.php\/2024\/09\/13\/algo-ha-pasado-de-joseph-heller\/","og_site_name":"Blog de Rafael Ram\u00edrez","article_published_time":"2024-09-13T06:15:32+00:00","article_modified_time":"2024-09-13T09:38:38+00:00","og_image":[{"width":750,"height":450,"url":"https:\/\/rafaramirez.org\/blog\/wp-content\/uploads\/2024\/09\/Algo-ha-pasado_Joseph-Heller_banner_logblog.jpg","type":"image\/jpeg"}],"author":"Rafael Ram\u00edrez","twitter_card":"summary_large_image","twitter_creator":"@rafaramirez_ok","twitter_site":"@rafaramirez_ok","twitter_misc":{"Escrito por":"Rafael Ram\u00edrez","Tiempo de lectura":"5 minutos"},"schema":{"@context":"https:\/\/schema.org","@graph":[{"@type":"Article","@id":"https:\/\/rafaramirez.org\/blog\/index.php\/2024\/09\/13\/algo-ha-pasado-de-joseph-heller\/#article","isPartOf":{"@id":"https:\/\/rafaramirez.org\/blog\/index.php\/2024\/09\/13\/algo-ha-pasado-de-joseph-heller\/"},"author":{"name":"Rafael Ram\u00edrez","@id":"https:\/\/rafaramirez.org\/blog\/#\/schema\/person\/50f43b6d60c578760d4c17bda54ab6a5"},"headline":"\u00abAlgo ha pasado\u00bb de Joseph Heller o la reflexi\u00f3n sobre la condici\u00f3n humana.","datePublished":"2024-09-13T06:15:32+00:00","dateModified":"2024-09-13T09:38:38+00:00","mainEntityOfPage":{"@id":"https:\/\/rafaramirez.org\/blog\/index.php\/2024\/09\/13\/algo-ha-pasado-de-joseph-heller\/"},"wordCount":874,"commentCount":0,"publisher":{"@id":"https:\/\/rafaramirez.org\/blog\/#\/schema\/person\/50f43b6d60c578760d4c17bda54ab6a5"},"image":{"@id":"https:\/\/rafaramirez.org\/blog\/index.php\/2024\/09\/13\/algo-ha-pasado-de-joseph-heller\/#primaryimage"},"thumbnailUrl":"https:\/\/rafaramirez.org\/blog\/wp-content\/uploads\/2024\/09\/Algo-ha-pasado_Joseph-Heller_banner_logblog.jpg","keywords":["\"Algo ha pasado\" de Joseph Heller","\u201cSomething Happened\u201d","alienaci\u00f3n","blog de Rafael Ram\u00edrez","comprar libro","critica libro","desintegraci\u00f3n familiar","Joseph Heller","libro recomendado","Lucrecia Moreno de S\u00e1enz","mejores libros de 2022","psicosis","Random House","Rodrigo Fres\u00e1n"],"articleSection":["Literatura"],"inLanguage":"es","potentialAction":[{"@type":"CommentAction","name":"Comment","target":["https:\/\/rafaramirez.org\/blog\/index.php\/2024\/09\/13\/algo-ha-pasado-de-joseph-heller\/#respond"]}]},{"@type":"WebPage","@id":"https:\/\/rafaramirez.org\/blog\/index.php\/2024\/09\/13\/algo-ha-pasado-de-joseph-heller\/","url":"https:\/\/rafaramirez.org\/blog\/index.php\/2024\/09\/13\/algo-ha-pasado-de-joseph-heller\/","name":"\"Algo ha pasado\" de Joseph Heller o la reflexi\u00f3n sobre la condici\u00f3n humana. - Blog de Rafael Ram\u00edrez","isPartOf":{"@id":"https:\/\/rafaramirez.org\/blog\/#website"},"primaryImageOfPage":{"@id":"https:\/\/rafaramirez.org\/blog\/index.php\/2024\/09\/13\/algo-ha-pasado-de-joseph-heller\/#primaryimage"},"image":{"@id":"https:\/\/rafaramirez.org\/blog\/index.php\/2024\/09\/13\/algo-ha-pasado-de-joseph-heller\/#primaryimage"},"thumbnailUrl":"https:\/\/rafaramirez.org\/blog\/wp-content\/uploads\/2024\/09\/Algo-ha-pasado_Joseph-Heller_banner_logblog.jpg","datePublished":"2024-09-13T06:15:32+00:00","dateModified":"2024-09-13T09:38:38+00:00","description":"\u201cAlgo ha pasado\u201d de Joseph Heller, hoy os hablo de esta novela que explora temas como la\u00a0alienaci\u00f3n\u00a0o la\u00a0desintegraci\u00f3n familiar.","breadcrumb":{"@id":"https:\/\/rafaramirez.org\/blog\/index.php\/2024\/09\/13\/algo-ha-pasado-de-joseph-heller\/#breadcrumb"},"inLanguage":"es","potentialAction":[{"@type":"ReadAction","target":["https:\/\/rafaramirez.org\/blog\/index.php\/2024\/09\/13\/algo-ha-pasado-de-joseph-heller\/"]}]},{"@type":"ImageObject","inLanguage":"es","@id":"https:\/\/rafaramirez.org\/blog\/index.php\/2024\/09\/13\/algo-ha-pasado-de-joseph-heller\/#primaryimage","url":"https:\/\/rafaramirez.org\/blog\/wp-content\/uploads\/2024\/09\/Algo-ha-pasado_Joseph-Heller_banner_logblog.jpg","contentUrl":"https:\/\/rafaramirez.org\/blog\/wp-content\/uploads\/2024\/09\/Algo-ha-pasado_Joseph-Heller_banner_logblog.jpg","width":750,"height":450,"caption":"\"Algo ha pasado\" de Joseph Heller. Blog de Rafael Ram\u00edrez."},{"@type":"BreadcrumbList","@id":"https:\/\/rafaramirez.org\/blog\/index.php\/2024\/09\/13\/algo-ha-pasado-de-joseph-heller\/#breadcrumb","itemListElement":[{"@type":"ListItem","position":1,"name":"Portada","item":"https:\/\/rafaramirez.org\/blog\/"},{"@type":"ListItem","position":2,"name":"\u00abAlgo ha pasado\u00bb de Joseph Heller o la reflexi\u00f3n sobre la condici\u00f3n humana."}]},{"@type":"WebSite","@id":"https:\/\/rafaramirez.org\/blog\/#website","url":"https:\/\/rafaramirez.org\/blog\/","name":"Blog de Rafael Ram\u00edrez","description":"Un sitio social, de arte y cultura","publisher":{"@id":"https:\/\/rafaramirez.org\/blog\/#\/schema\/person\/50f43b6d60c578760d4c17bda54ab6a5"},"potentialAction":[{"@type":"SearchAction","target":{"@type":"EntryPoint","urlTemplate":"https:\/\/rafaramirez.org\/blog\/?s={search_term_string}"},"query-input":{"@type":"PropertyValueSpecification","valueRequired":true,"valueName":"search_term_string"}}],"inLanguage":"es"},{"@type":["Person","Organization"],"@id":"https:\/\/rafaramirez.org\/blog\/#\/schema\/person\/50f43b6d60c578760d4c17bda54ab6a5","name":"Rafael Ram\u00edrez","image":{"@type":"ImageObject","inLanguage":"es","@id":"https:\/\/rafaramirez.org\/blog\/wp-content\/uploads\/2024\/09\/RR_socialnetwork.jpg","url":"https:\/\/rafaramirez.org\/blog\/wp-content\/uploads\/2024\/09\/RR_socialnetwork.jpg","contentUrl":"https:\/\/rafaramirez.org\/blog\/wp-content\/uploads\/2024\/09\/RR_socialnetwork.jpg","width":600,"height":606,"caption":"Rafael Ram\u00edrez"},"logo":{"@id":"https:\/\/rafaramirez.org\/blog\/wp-content\/uploads\/2024\/09\/RR_socialnetwork.jpg"},"sameAs":["https:\/\/www.rafaramirez.org\/blog","https:\/\/www.instagram.com\/rafaramirez_ok\/","https:\/\/es.pinterest.com\/Ramirez_Rafa\/","https:\/\/x.com\/rafaramirez_ok"],"url":"https:\/\/rafaramirez.org\/blog\/index.php\/author\/rafaell_qm6j97da\/"}]}},"jetpack_publicize_connections":[],"jetpack_sharing_enabled":true,"jetpack_likes_enabled":true,"jetpack_featured_media_url":"https:\/\/rafaramirez.org\/blog\/wp-content\/uploads\/2024\/09\/Algo-ha-pasado_Joseph-Heller_banner_logblog.jpg","_links":{"self":[{"href":"https:\/\/rafaramirez.org\/blog\/index.php\/wp-json\/wp\/v2\/posts\/5744","targetHints":{"allow":["GET"]}}],"collection":[{"href":"https:\/\/rafaramirez.org\/blog\/index.php\/wp-json\/wp\/v2\/posts"}],"about":[{"href":"https:\/\/rafaramirez.org\/blog\/index.php\/wp-json\/wp\/v2\/types\/post"}],"author":[{"embeddable":true,"href":"https:\/\/rafaramirez.org\/blog\/index.php\/wp-json\/wp\/v2\/users\/1"}],"replies":[{"embeddable":true,"href":"https:\/\/rafaramirez.org\/blog\/index.php\/wp-json\/wp\/v2\/comments?post=5744"}],"version-history":[{"count":10,"href":"https:\/\/rafaramirez.org\/blog\/index.php\/wp-json\/wp\/v2\/posts\/5744\/revisions"}],"predecessor-version":[{"id":6029,"href":"https:\/\/rafaramirez.org\/blog\/index.php\/wp-json\/wp\/v2\/posts\/5744\/revisions\/6029"}],"wp:featuredmedia":[{"embeddable":true,"href":"https:\/\/rafaramirez.org\/blog\/index.php\/wp-json\/wp\/v2\/media\/5752"}],"wp:attachment":[{"href":"https:\/\/rafaramirez.org\/blog\/index.php\/wp-json\/wp\/v2\/media?parent=5744"}],"wp:term":[{"taxonomy":"category","embeddable":true,"href":"https:\/\/rafaramirez.org\/blog\/index.php\/wp-json\/wp\/v2\/categories?post=5744"},{"taxonomy":"post_tag","embeddable":true,"href":"https:\/\/rafaramirez.org\/blog\/index.php\/wp-json\/wp\/v2\/tags?post=5744"}],"curies":[{"name":"wp","href":"https:\/\/api.w.org\/{rel}","templated":true}]}}