{"id":5709,"date":"2024-09-11T08:15:47","date_gmt":"2024-09-11T06:15:47","guid":{"rendered":"https:\/\/rafaramirez.org\/blog\/?p=5709"},"modified":"2024-08-21T13:11:25","modified_gmt":"2024-08-21T11:11:25","slug":"etereo","status":"publish","type":"post","link":"https:\/\/rafaramirez.org\/blog\/index.php\/2024\/09\/11\/etereo\/","title":{"rendered":"\u00abEt\u00e9reo\u00bb: otra bella palabra con un origen interesante y significado po\u00e9tico."},"content":{"rendered":"<p>La palabra\u00a0<strong>et\u00e9reo<\/strong>\u00a0tiene un origen interesante y un significado po\u00e9tico.\u00a0Proviene del lat\u00edn<strong>\u00a0<em>aether\u012dus<\/em><\/strong>\u00a0y del griego antiguo\u00a0<strong><em>\u03b1\u1f30\u03b8\u1f73\u03c1\u03b9\u03bf\u03c2<\/em>\u00a0(<em>aith\u00e9rios<\/em>)<\/strong>. \u00abEt\u00e9reo\u00bb tiene una rica historia etimol\u00f3gica que se remonta a la antig\u00fcedad. En la mitolog\u00eda y filosof\u00eda griegas, el \u00e9ter era considerado la sustancia que llenaba el espacio superior del universo, el aire puro que respiraban los dioses. Del griego, la palabra pas\u00f3 al lat\u00edn como <em>aether\u012dus<\/em>, manteniendo su conexi\u00f3n con el concepto de \u00e9ter y el cielo.<\/p>\n<p>La ra\u00edz m\u00e1s antigua de la palabra se encuentra en el <strong>protoindoeuropeo <em>ayd\u02b0os-<\/em><\/strong>, que significa \u00abiluminar\u00bb. Esto refleja la idea de algo brillante y celestial.<\/p>\n<p>En tiempos m\u00e1s modernos, el t\u00e9rmino \u201c\u00e9ter\u201d se utiliz\u00f3 en qu\u00edmica para describir un compuesto vol\u00e1til y anest\u00e9sico, aunque este uso es m\u00e1s t\u00e9cnico y menos po\u00e9tico.<\/p>\n<p>Como<strong> sin\u00f3nimos <\/strong>de et\u00e9reo tenemos las palabras: sutil, vol\u00e1til, impalpable, sublime, irreal, abstracto, puro o elevado. El <strong>ant\u00f3nimo<\/strong> de esta palabra podr\u00eda ser, entre otras, corp\u00f3reo.<\/p>\n<p>Pero como os dec\u00eda al principio en su significado po\u00e9tico, quiz\u00e1 el m\u00e1s interesante, la palabra \u00abet\u00e9reo\u00bb se utiliza para evocar im\u00e1genes de belleza, delicadeza y trascendencia. Describe algo que parece pertenecer a un mundo m\u00e1s all\u00e1 del f\u00edsico, casi como si fuera de otro plano de existencia. Aqu\u00ed hay algunos ejemplos de su uso:<\/p>\n<ul>\n<li><strong>Naturaleza y Paisajes<\/strong>: Se puede usar para describir un amanecer o un atardecer que parece irreal por su belleza. Por ejemplo, \u201cEl amanecer et\u00e9reo pintaba el cielo con colores de ensue\u00f1o\u201d.<\/li>\n<li><strong>Seres Celestiales<\/strong>: A menudo se emplea para describir \u00e1ngeles o seres mitol\u00f3gicos que tienen una presencia ligera y sublime. Por ejemplo, \u201cLa figura et\u00e9rea del \u00e1ngel descendi\u00f3 suavemente del cielo\u201d.<\/li>\n<li><strong>Sentimientos y Emociones<\/strong>: Tambi\u00e9n puede describir emociones que son dif\u00edciles de definir o que parecen demasiado puras para este mundo. Por ejemplo, \u201cSent\u00eda una felicidad et\u00e9rea, como si flotara en un sue\u00f1o\u201d.<\/li>\n<li><strong>Arte y M\u00fasica<\/strong>: En el contexto del arte y la m\u00fasica, \u201cet\u00e9reo\u201d puede describir una obra que tiene una cualidad ligera y trascendental. Por ejemplo, \u201cLa melod\u00eda et\u00e9rea del viol\u00edn llenaba la sala con una belleza inefable\u201d.<\/li>\n<\/ul>\n<p style=\"text-align: center;\"><a href=\"https:\/\/rafaramirez.org\/blog\/wp-content\/uploads\/2024\/09\/Etereo_1_logblog.jpg\" target=\"_blank\" rel=\"noopener\"><img loading=\"lazy\" decoding=\"async\" class=\"aligncenter wp-image-5715 size-medium\" src=\"https:\/\/rafaramirez.org\/blog\/wp-content\/uploads\/2024\/09\/Etereo_1_logblog-300x200.jpg\" alt=\"&quot;Et\u00e9reo&quot;. Proyecto palabras bonitas. Blog de Rafael Ram\u00edrez.\" width=\"300\" height=\"200\" srcset=\"https:\/\/rafaramirez.org\/blog\/wp-content\/uploads\/2024\/09\/Etereo_1_logblog-300x200.jpg 300w, https:\/\/rafaramirez.org\/blog\/wp-content\/uploads\/2024\/09\/Etereo_1_logblog-1024x683.jpg 1024w, https:\/\/rafaramirez.org\/blog\/wp-content\/uploads\/2024\/09\/Etereo_1_logblog-768x512.jpg 768w, https:\/\/rafaramirez.org\/blog\/wp-content\/uploads\/2024\/09\/Etereo_1_logblog.jpg 1200w\" sizes=\"auto, (max-width: 300px) 100vw, 300px\" \/><\/a><\/p>\n<p>El uso po\u00e9tico de \u201cet\u00e9reo\u201d a\u00f1ade una capa de profundidad y misticismo, haciendo que las descripciones sean m\u00e1s evocadoras y emotivas.<\/p>\n<p><strong>En resumen, el viaje de la palabra \u201cet\u00e9reo\u201d desde sus ra\u00edces antiguas hasta su uso actual muestra c\u00f3mo ha mantenido su conexi\u00f3n con lo celestial y lo sublime, rememorando siempre una sensaci\u00f3n de ligereza y trascendencia.<\/strong><\/p>\n<p>\u00bfY t\u00fa que opinas? \u00bfTe gusta la palabra? Puedes dejar tus comentarios debajo del post. \u00a1Saludos!<\/p>\n<p>M\u00e1s informaci\u00f3n:<\/p>\n<ul>\n<li><a href=\"https:\/\/dle.rae.es\/et%C3%A9reo\" target=\"_blank\" rel=\"noopener\">Rae<\/a><\/li>\n<li><a href=\"https:\/\/www.definiciones-de.com\/Definicion\/de\/etereo.php\" target=\"_blank\" rel=\"noopener\">Definiciones de<\/a><\/li>\n<li><a href=\"https:\/\/es.wiktionary.org\/wiki\/etereo\" target=\"_blank\" rel=\"noopener\">Wiktionary<\/a><\/li>\n<\/ul>\n","protected":false},"excerpt":{"rendered":"<p>La palabra\u00a0et\u00e9reo\u00a0tiene un origen interesante y un significado po\u00e9tico.\u00a0Proviene del lat\u00edn\u00a0aether\u012dus\u00a0y del griego antiguo\u00a0\u03b1\u1f30\u03b8\u1f73\u03c1\u03b9\u03bf\u03c2\u00a0(aith\u00e9rios). \u00abEt\u00e9reo\u00bb tiene una rica historia etimol\u00f3gica que se remonta a la antig\u00fcedad. En la mitolog\u00eda y filosof\u00eda griegas, el \u00e9ter era considerado la sustancia que llenaba el espacio superior del universo, el aire puro que respiraban los dioses. Del griego, la [&hellip;]<\/p>\n","protected":false},"author":1,"featured_media":5716,"comment_status":"open","ping_status":"closed","sticky":false,"template":"","format":"standard","meta":{"site-container-style":"default","site-container-layout":"default","site-sidebar-layout":"default","disable-article-header":"default","disable-site-header":"default","disable-site-footer":"default","disable-content-area-spacing":"default","_jetpack_newsletter_access":"","_jetpack_dont_email_post_to_subs":false,"_jetpack_newsletter_tier_id":0,"_jetpack_memberships_contains_paywalled_content":false,"_jetpack_feature_clip_id":0,"_jetpack_memberships_contains_paid_content":false,"footnotes":"","jetpack_publicize_message":"","jetpack_publicize_feature_enabled":true,"jetpack_social_post_already_shared":true,"jetpack_social_options":{"image_generator_settings":{"template":"highway","default_image_id":0,"font":"","enabled":false},"version":2},"jetpack_post_was_ever_published":false},"categories":[581],"tags":[3330,68,3325,3328,3327,3331,3332,3326,3329],"class_list":["post-5709","post","type-post","status-publish","format-standard","has-post-thumbnail","hentry","category-palabras-bonitas","tag-aitherios","tag-blog-de-rafael-ramirez","tag-etereo","tag-griego-antiguo","tag-latin-aetherius","tag-mitologia-y-filosofia-griegas","tag-protoindoeuropeo-aydos","tag-proyecto-palabras-bonitas","tag-3329"],"yoast_head":"<!-- This site is optimized with the Yoast SEO plugin v28.4 - https:\/\/yoast.com\/product\/yoast-seo-wordpress\/ -->\n<title>&quot;Et\u00e9reo&quot;: otra bella palabra con un origen interesante y significado po\u00e9tico. - Blog de Rafael Ram\u00edrez<\/title>\n<meta name=\"robots\" content=\"index, follow, max-snippet:-1, max-image-preview:large, max-video-preview:-1\" \/>\n<link rel=\"canonical\" href=\"https:\/\/rafaramirez.org\/blog\/index.php\/2024\/09\/11\/etereo\/\" \/>\n<meta property=\"og:locale\" content=\"es_ES\" \/>\n<meta property=\"og:type\" content=\"article\" \/>\n<meta property=\"og:title\" content=\"&quot;Et\u00e9reo&quot;: otra bella palabra con un origen interesante y significado po\u00e9tico. - Blog de Rafael Ram\u00edrez\" \/>\n<meta property=\"og:description\" content=\"La palabra\u00a0et\u00e9reo\u00a0tiene un origen interesante y un significado po\u00e9tico.\u00a0Proviene del lat\u00edn\u00a0aether\u012dus\u00a0y del griego antiguo\u00a0\u03b1\u1f30\u03b8\u1f73\u03c1\u03b9\u03bf\u03c2\u00a0(aith\u00e9rios). \u00abEt\u00e9reo\u00bb tiene una rica historia etimol\u00f3gica que se remonta a la antig\u00fcedad. En la mitolog\u00eda y filosof\u00eda griegas, el \u00e9ter era considerado la sustancia que llenaba el espacio superior del universo, el aire puro que respiraban los dioses. Del griego, la [&hellip;]\" \/>\n<meta property=\"og:url\" content=\"https:\/\/rafaramirez.org\/blog\/index.php\/2024\/09\/11\/etereo\/\" \/>\n<meta property=\"og:site_name\" content=\"Blog de Rafael Ram\u00edrez\" \/>\n<meta property=\"article:published_time\" content=\"2024-09-11T06:15:47+00:00\" \/>\n<meta property=\"og:image\" content=\"https:\/\/rafaramirez.org\/blog\/wp-content\/uploads\/2024\/09\/Etereo_banner_logblog.jpg\" \/>\n\t<meta property=\"og:image:width\" content=\"750\" \/>\n\t<meta property=\"og:image:height\" content=\"429\" \/>\n\t<meta property=\"og:image:type\" content=\"image\/jpeg\" \/>\n<meta name=\"author\" content=\"Rafael Ram\u00edrez\" \/>\n<meta name=\"twitter:card\" content=\"summary_large_image\" \/>\n<meta name=\"twitter:creator\" content=\"@rafaramirez_ok\" \/>\n<meta name=\"twitter:site\" content=\"@rafaramirez_ok\" \/>\n<meta name=\"twitter:label1\" content=\"Escrito por\" \/>\n\t<meta name=\"twitter:data1\" content=\"Rafael Ram\u00edrez\" \/>\n\t<meta name=\"twitter:label2\" content=\"Tiempo de lectura\" \/>\n\t<meta name=\"twitter:data2\" content=\"2 minutos\" \/>\n<script type=\"application\/ld+json\" class=\"yoast-schema-graph\">{\"@context\":\"https:\\\/\\\/schema.org\",\"@graph\":[{\"@type\":\"Article\",\"@id\":\"https:\\\/\\\/rafaramirez.org\\\/blog\\\/index.php\\\/2024\\\/09\\\/11\\\/etereo\\\/#article\",\"isPartOf\":{\"@id\":\"https:\\\/\\\/rafaramirez.org\\\/blog\\\/index.php\\\/2024\\\/09\\\/11\\\/etereo\\\/\"},\"author\":{\"name\":\"Rafael Ram\u00edrez\",\"@id\":\"https:\\\/\\\/rafaramirez.org\\\/blog\\\/#\\\/schema\\\/person\\\/50f43b6d60c578760d4c17bda54ab6a5\"},\"headline\":\"\u00abEt\u00e9reo\u00bb: otra bella palabra con un origen interesante y significado po\u00e9tico.\",\"datePublished\":\"2024-09-11T06:15:47+00:00\",\"mainEntityOfPage\":{\"@id\":\"https:\\\/\\\/rafaramirez.org\\\/blog\\\/index.php\\\/2024\\\/09\\\/11\\\/etereo\\\/\"},\"wordCount\":496,\"commentCount\":0,\"publisher\":{\"@id\":\"https:\\\/\\\/rafaramirez.org\\\/blog\\\/#\\\/schema\\\/person\\\/50f43b6d60c578760d4c17bda54ab6a5\"},\"image\":{\"@id\":\"https:\\\/\\\/rafaramirez.org\\\/blog\\\/index.php\\\/2024\\\/09\\\/11\\\/etereo\\\/#primaryimage\"},\"thumbnailUrl\":\"https:\\\/\\\/rafaramirez.org\\\/blog\\\/wp-content\\\/uploads\\\/2024\\\/09\\\/Etereo_banner_logblog.jpg\",\"keywords\":[\"aith\u00e9rios\",\"blog de Rafael Ram\u00edrez\",\"et\u00e9reo\",\"griego antiguo\",\"lat\u00edn\u00a0aether\u012dus\",\"mitolog\u00eda y filosof\u00eda griegas\",\"protoindoeuropeo ayd\u02b0os-\",\"proyecto palabras bonitas\",\"\u03b1\u1f30\u03b8\u1f73\u03c1\u03b9\u03bf\u03c2\"],\"articleSection\":[\"Proyecto Palabras Bonitas\"],\"inLanguage\":\"es\",\"potentialAction\":[{\"@type\":\"CommentAction\",\"name\":\"Comment\",\"target\":[\"https:\\\/\\\/rafaramirez.org\\\/blog\\\/index.php\\\/2024\\\/09\\\/11\\\/etereo\\\/#respond\"]}]},{\"@type\":\"WebPage\",\"@id\":\"https:\\\/\\\/rafaramirez.org\\\/blog\\\/index.php\\\/2024\\\/09\\\/11\\\/etereo\\\/\",\"url\":\"https:\\\/\\\/rafaramirez.org\\\/blog\\\/index.php\\\/2024\\\/09\\\/11\\\/etereo\\\/\",\"name\":\"\\\"Et\u00e9reo\\\": otra bella palabra con un origen interesante y significado po\u00e9tico. - Blog de Rafael Ram\u00edrez\",\"isPartOf\":{\"@id\":\"https:\\\/\\\/rafaramirez.org\\\/blog\\\/#website\"},\"primaryImageOfPage\":{\"@id\":\"https:\\\/\\\/rafaramirez.org\\\/blog\\\/index.php\\\/2024\\\/09\\\/11\\\/etereo\\\/#primaryimage\"},\"image\":{\"@id\":\"https:\\\/\\\/rafaramirez.org\\\/blog\\\/index.php\\\/2024\\\/09\\\/11\\\/etereo\\\/#primaryimage\"},\"thumbnailUrl\":\"https:\\\/\\\/rafaramirez.org\\\/blog\\\/wp-content\\\/uploads\\\/2024\\\/09\\\/Etereo_banner_logblog.jpg\",\"datePublished\":\"2024-09-11T06:15:47+00:00\",\"breadcrumb\":{\"@id\":\"https:\\\/\\\/rafaramirez.org\\\/blog\\\/index.php\\\/2024\\\/09\\\/11\\\/etereo\\\/#breadcrumb\"},\"inLanguage\":\"es\",\"potentialAction\":[{\"@type\":\"ReadAction\",\"target\":[\"https:\\\/\\\/rafaramirez.org\\\/blog\\\/index.php\\\/2024\\\/09\\\/11\\\/etereo\\\/\"]}]},{\"@type\":\"ImageObject\",\"inLanguage\":\"es\",\"@id\":\"https:\\\/\\\/rafaramirez.org\\\/blog\\\/index.php\\\/2024\\\/09\\\/11\\\/etereo\\\/#primaryimage\",\"url\":\"https:\\\/\\\/rafaramirez.org\\\/blog\\\/wp-content\\\/uploads\\\/2024\\\/09\\\/Etereo_banner_logblog.jpg\",\"contentUrl\":\"https:\\\/\\\/rafaramirez.org\\\/blog\\\/wp-content\\\/uploads\\\/2024\\\/09\\\/Etereo_banner_logblog.jpg\",\"width\":750,\"height\":429,\"caption\":\"\\\"Et\u00e9reo\\\". Proyecto palabras bonitas. Blog de Rafael Ram\u00edrez.\"},{\"@type\":\"BreadcrumbList\",\"@id\":\"https:\\\/\\\/rafaramirez.org\\\/blog\\\/index.php\\\/2024\\\/09\\\/11\\\/etereo\\\/#breadcrumb\",\"itemListElement\":[{\"@type\":\"ListItem\",\"position\":1,\"name\":\"Portada\",\"item\":\"https:\\\/\\\/rafaramirez.org\\\/blog\\\/\"},{\"@type\":\"ListItem\",\"position\":2,\"name\":\"\u00abEt\u00e9reo\u00bb: otra bella palabra con un origen interesante y significado po\u00e9tico.\"}]},{\"@type\":\"WebSite\",\"@id\":\"https:\\\/\\\/rafaramirez.org\\\/blog\\\/#website\",\"url\":\"https:\\\/\\\/rafaramirez.org\\\/blog\\\/\",\"name\":\"Blog de Rafael Ram\u00edrez\",\"description\":\"Un sitio social, de arte y cultura\",\"publisher\":{\"@id\":\"https:\\\/\\\/rafaramirez.org\\\/blog\\\/#\\\/schema\\\/person\\\/50f43b6d60c578760d4c17bda54ab6a5\"},\"potentialAction\":[{\"@type\":\"SearchAction\",\"target\":{\"@type\":\"EntryPoint\",\"urlTemplate\":\"https:\\\/\\\/rafaramirez.org\\\/blog\\\/?s={search_term_string}\"},\"query-input\":{\"@type\":\"PropertyValueSpecification\",\"valueRequired\":true,\"valueName\":\"search_term_string\"}}],\"inLanguage\":\"es\"},{\"@type\":[\"Person\",\"Organization\"],\"@id\":\"https:\\\/\\\/rafaramirez.org\\\/blog\\\/#\\\/schema\\\/person\\\/50f43b6d60c578760d4c17bda54ab6a5\",\"name\":\"Rafael Ram\u00edrez\",\"image\":{\"@type\":\"ImageObject\",\"inLanguage\":\"es\",\"@id\":\"https:\\\/\\\/rafaramirez.org\\\/blog\\\/wp-content\\\/uploads\\\/2024\\\/09\\\/RR_socialnetwork.jpg\",\"url\":\"https:\\\/\\\/rafaramirez.org\\\/blog\\\/wp-content\\\/uploads\\\/2024\\\/09\\\/RR_socialnetwork.jpg\",\"contentUrl\":\"https:\\\/\\\/rafaramirez.org\\\/blog\\\/wp-content\\\/uploads\\\/2024\\\/09\\\/RR_socialnetwork.jpg\",\"width\":600,\"height\":606,\"caption\":\"Rafael Ram\u00edrez\"},\"logo\":{\"@id\":\"https:\\\/\\\/rafaramirez.org\\\/blog\\\/wp-content\\\/uploads\\\/2024\\\/09\\\/RR_socialnetwork.jpg\"},\"sameAs\":[\"https:\\\/\\\/www.rafaramirez.org\\\/blog\",\"https:\\\/\\\/www.instagram.com\\\/rafaramirez_ok\\\/\",\"https:\\\/\\\/es.pinterest.com\\\/Ramirez_Rafa\\\/\",\"https:\\\/\\\/x.com\\\/rafaramirez_ok\"],\"url\":\"https:\\\/\\\/rafaramirez.org\\\/blog\\\/index.php\\\/author\\\/rafaell_qm6j97da\\\/\"}]}<\/script>\n<!-- \/ Yoast SEO plugin. -->","yoast_head_json":{"title":"\"Et\u00e9reo\": otra bella palabra con un origen interesante y significado po\u00e9tico. - Blog de Rafael Ram\u00edrez","robots":{"index":"index","follow":"follow","max-snippet":"max-snippet:-1","max-image-preview":"max-image-preview:large","max-video-preview":"max-video-preview:-1"},"canonical":"https:\/\/rafaramirez.org\/blog\/index.php\/2024\/09\/11\/etereo\/","og_locale":"es_ES","og_type":"article","og_title":"\"Et\u00e9reo\": otra bella palabra con un origen interesante y significado po\u00e9tico. - Blog de Rafael Ram\u00edrez","og_description":"La palabra\u00a0et\u00e9reo\u00a0tiene un origen interesante y un significado po\u00e9tico.\u00a0Proviene del lat\u00edn\u00a0aether\u012dus\u00a0y del griego antiguo\u00a0\u03b1\u1f30\u03b8\u1f73\u03c1\u03b9\u03bf\u03c2\u00a0(aith\u00e9rios). \u00abEt\u00e9reo\u00bb tiene una rica historia etimol\u00f3gica que se remonta a la antig\u00fcedad. En la mitolog\u00eda y filosof\u00eda griegas, el \u00e9ter era considerado la sustancia que llenaba el espacio superior del universo, el aire puro que respiraban los dioses. Del griego, la [&hellip;]","og_url":"https:\/\/rafaramirez.org\/blog\/index.php\/2024\/09\/11\/etereo\/","og_site_name":"Blog de Rafael Ram\u00edrez","article_published_time":"2024-09-11T06:15:47+00:00","og_image":[{"width":750,"height":429,"url":"https:\/\/rafaramirez.org\/blog\/wp-content\/uploads\/2024\/09\/Etereo_banner_logblog.jpg","type":"image\/jpeg"}],"author":"Rafael Ram\u00edrez","twitter_card":"summary_large_image","twitter_creator":"@rafaramirez_ok","twitter_site":"@rafaramirez_ok","twitter_misc":{"Escrito por":"Rafael Ram\u00edrez","Tiempo de lectura":"2 minutos"},"schema":{"@context":"https:\/\/schema.org","@graph":[{"@type":"Article","@id":"https:\/\/rafaramirez.org\/blog\/index.php\/2024\/09\/11\/etereo\/#article","isPartOf":{"@id":"https:\/\/rafaramirez.org\/blog\/index.php\/2024\/09\/11\/etereo\/"},"author":{"name":"Rafael Ram\u00edrez","@id":"https:\/\/rafaramirez.org\/blog\/#\/schema\/person\/50f43b6d60c578760d4c17bda54ab6a5"},"headline":"\u00abEt\u00e9reo\u00bb: otra bella palabra con un origen interesante y significado po\u00e9tico.","datePublished":"2024-09-11T06:15:47+00:00","mainEntityOfPage":{"@id":"https:\/\/rafaramirez.org\/blog\/index.php\/2024\/09\/11\/etereo\/"},"wordCount":496,"commentCount":0,"publisher":{"@id":"https:\/\/rafaramirez.org\/blog\/#\/schema\/person\/50f43b6d60c578760d4c17bda54ab6a5"},"image":{"@id":"https:\/\/rafaramirez.org\/blog\/index.php\/2024\/09\/11\/etereo\/#primaryimage"},"thumbnailUrl":"https:\/\/rafaramirez.org\/blog\/wp-content\/uploads\/2024\/09\/Etereo_banner_logblog.jpg","keywords":["aith\u00e9rios","blog de Rafael Ram\u00edrez","et\u00e9reo","griego antiguo","lat\u00edn\u00a0aether\u012dus","mitolog\u00eda y filosof\u00eda griegas","protoindoeuropeo ayd\u02b0os-","proyecto palabras bonitas","\u03b1\u1f30\u03b8\u1f73\u03c1\u03b9\u03bf\u03c2"],"articleSection":["Proyecto Palabras Bonitas"],"inLanguage":"es","potentialAction":[{"@type":"CommentAction","name":"Comment","target":["https:\/\/rafaramirez.org\/blog\/index.php\/2024\/09\/11\/etereo\/#respond"]}]},{"@type":"WebPage","@id":"https:\/\/rafaramirez.org\/blog\/index.php\/2024\/09\/11\/etereo\/","url":"https:\/\/rafaramirez.org\/blog\/index.php\/2024\/09\/11\/etereo\/","name":"\"Et\u00e9reo\": otra bella palabra con un origen interesante y significado po\u00e9tico. - Blog de Rafael Ram\u00edrez","isPartOf":{"@id":"https:\/\/rafaramirez.org\/blog\/#website"},"primaryImageOfPage":{"@id":"https:\/\/rafaramirez.org\/blog\/index.php\/2024\/09\/11\/etereo\/#primaryimage"},"image":{"@id":"https:\/\/rafaramirez.org\/blog\/index.php\/2024\/09\/11\/etereo\/#primaryimage"},"thumbnailUrl":"https:\/\/rafaramirez.org\/blog\/wp-content\/uploads\/2024\/09\/Etereo_banner_logblog.jpg","datePublished":"2024-09-11T06:15:47+00:00","breadcrumb":{"@id":"https:\/\/rafaramirez.org\/blog\/index.php\/2024\/09\/11\/etereo\/#breadcrumb"},"inLanguage":"es","potentialAction":[{"@type":"ReadAction","target":["https:\/\/rafaramirez.org\/blog\/index.php\/2024\/09\/11\/etereo\/"]}]},{"@type":"ImageObject","inLanguage":"es","@id":"https:\/\/rafaramirez.org\/blog\/index.php\/2024\/09\/11\/etereo\/#primaryimage","url":"https:\/\/rafaramirez.org\/blog\/wp-content\/uploads\/2024\/09\/Etereo_banner_logblog.jpg","contentUrl":"https:\/\/rafaramirez.org\/blog\/wp-content\/uploads\/2024\/09\/Etereo_banner_logblog.jpg","width":750,"height":429,"caption":"\"Et\u00e9reo\". Proyecto palabras bonitas. Blog de Rafael Ram\u00edrez."},{"@type":"BreadcrumbList","@id":"https:\/\/rafaramirez.org\/blog\/index.php\/2024\/09\/11\/etereo\/#breadcrumb","itemListElement":[{"@type":"ListItem","position":1,"name":"Portada","item":"https:\/\/rafaramirez.org\/blog\/"},{"@type":"ListItem","position":2,"name":"\u00abEt\u00e9reo\u00bb: otra bella palabra con un origen interesante y significado po\u00e9tico."}]},{"@type":"WebSite","@id":"https:\/\/rafaramirez.org\/blog\/#website","url":"https:\/\/rafaramirez.org\/blog\/","name":"Blog de Rafael Ram\u00edrez","description":"Un sitio social, de arte y cultura","publisher":{"@id":"https:\/\/rafaramirez.org\/blog\/#\/schema\/person\/50f43b6d60c578760d4c17bda54ab6a5"},"potentialAction":[{"@type":"SearchAction","target":{"@type":"EntryPoint","urlTemplate":"https:\/\/rafaramirez.org\/blog\/?s={search_term_string}"},"query-input":{"@type":"PropertyValueSpecification","valueRequired":true,"valueName":"search_term_string"}}],"inLanguage":"es"},{"@type":["Person","Organization"],"@id":"https:\/\/rafaramirez.org\/blog\/#\/schema\/person\/50f43b6d60c578760d4c17bda54ab6a5","name":"Rafael Ram\u00edrez","image":{"@type":"ImageObject","inLanguage":"es","@id":"https:\/\/rafaramirez.org\/blog\/wp-content\/uploads\/2024\/09\/RR_socialnetwork.jpg","url":"https:\/\/rafaramirez.org\/blog\/wp-content\/uploads\/2024\/09\/RR_socialnetwork.jpg","contentUrl":"https:\/\/rafaramirez.org\/blog\/wp-content\/uploads\/2024\/09\/RR_socialnetwork.jpg","width":600,"height":606,"caption":"Rafael Ram\u00edrez"},"logo":{"@id":"https:\/\/rafaramirez.org\/blog\/wp-content\/uploads\/2024\/09\/RR_socialnetwork.jpg"},"sameAs":["https:\/\/www.rafaramirez.org\/blog","https:\/\/www.instagram.com\/rafaramirez_ok\/","https:\/\/es.pinterest.com\/Ramirez_Rafa\/","https:\/\/x.com\/rafaramirez_ok"],"url":"https:\/\/rafaramirez.org\/blog\/index.php\/author\/rafaell_qm6j97da\/"}]}},"jetpack_publicize_connections":[],"jetpack_sharing_enabled":true,"jetpack_likes_enabled":true,"jetpack_featured_media_url":"https:\/\/rafaramirez.org\/blog\/wp-content\/uploads\/2024\/09\/Etereo_banner_logblog.jpg","_links":{"self":[{"href":"https:\/\/rafaramirez.org\/blog\/index.php\/wp-json\/wp\/v2\/posts\/5709","targetHints":{"allow":["GET"]}}],"collection":[{"href":"https:\/\/rafaramirez.org\/blog\/index.php\/wp-json\/wp\/v2\/posts"}],"about":[{"href":"https:\/\/rafaramirez.org\/blog\/index.php\/wp-json\/wp\/v2\/types\/post"}],"author":[{"embeddable":true,"href":"https:\/\/rafaramirez.org\/blog\/index.php\/wp-json\/wp\/v2\/users\/1"}],"replies":[{"embeddable":true,"href":"https:\/\/rafaramirez.org\/blog\/index.php\/wp-json\/wp\/v2\/comments?post=5709"}],"version-history":[{"count":6,"href":"https:\/\/rafaramirez.org\/blog\/index.php\/wp-json\/wp\/v2\/posts\/5709\/revisions"}],"predecessor-version":[{"id":5717,"href":"https:\/\/rafaramirez.org\/blog\/index.php\/wp-json\/wp\/v2\/posts\/5709\/revisions\/5717"}],"wp:featuredmedia":[{"embeddable":true,"href":"https:\/\/rafaramirez.org\/blog\/index.php\/wp-json\/wp\/v2\/media\/5716"}],"wp:attachment":[{"href":"https:\/\/rafaramirez.org\/blog\/index.php\/wp-json\/wp\/v2\/media?parent=5709"}],"wp:term":[{"taxonomy":"category","embeddable":true,"href":"https:\/\/rafaramirez.org\/blog\/index.php\/wp-json\/wp\/v2\/categories?post=5709"},{"taxonomy":"post_tag","embeddable":true,"href":"https:\/\/rafaramirez.org\/blog\/index.php\/wp-json\/wp\/v2\/tags?post=5709"}],"curies":[{"name":"wp","href":"https:\/\/api.w.org\/{rel}","templated":true}]}}