{"id":5699,"date":"2024-09-10T08:15:13","date_gmt":"2024-09-10T06:15:13","guid":{"rendered":"https:\/\/rafaramirez.org\/blog\/?p=5699"},"modified":"2024-09-10T11:15:05","modified_gmt":"2024-09-10T09:15:05","slug":"la-odisea-de-los-giles","status":"publish","type":"post","link":"https:\/\/rafaramirez.org\/blog\/index.php\/2024\/09\/10\/la-odisea-de-los-giles\/","title":{"rendered":"La Odisea de los Giles, una pel\u00edcula tanto entretenida como conmovedora."},"content":{"rendered":"<p>Hoy os recomiendo <strong>\u201cLa Odisea de los Giles\u201d<\/strong>, una pel\u00edcula argentina de comedia dram\u00e1tica y aventura, dirigida por <strong>Sebasti\u00e1n Borensztein<\/strong> y estrenada en 2019.\u00a0La historia est\u00e1 basada en la novela <strong>\u201cLa noche de la Usina\u201d<\/strong> de <strong>Eduardo Sacheri<\/strong>.<\/p>\n<p>La trama se sit\u00faa en la provincia de Buenos Aires durante la crisis econ\u00f3mica de 2001.\u00a0Un grupo de vecinos pierde sus ahorros debido a una estafa perpetrada por un abogado y un gerente de banco.\u00a0Deciden entonces organizarse para recuperar su dinero, elaborando un plan ingenioso y arriesgado.<\/p>\n<p>El elenco incluye a actores destacados como <strong>Ricardo Dar\u00edn, Luis Brandoni, Chino Dar\u00edn <\/strong>y<strong> Ver\u00f3nica Llin\u00e1s<\/strong>. La pel\u00edcula gust\u00f3 por su mezcla de humor, cr\u00edtica social y drama, adem\u00e1s de ganar varios premios, incluyendo el Goya a la Mejor Pel\u00edcula Iberoamericana.<\/p>\n<figure id=\"attachment_5706\" aria-describedby=\"caption-attachment-5706\" style=\"width: 300px\" class=\"wp-caption aligncenter\"><a href=\"https:\/\/rafaramirez.org\/blog\/wp-content\/uploads\/2024\/09\/la_odisea_de_los_giles-2.jpg\" target=\"_blank\" rel=\"noopener\"><img loading=\"lazy\" decoding=\"async\" class=\"wp-image-5706 size-medium\" src=\"https:\/\/rafaramirez.org\/blog\/wp-content\/uploads\/2024\/09\/la_odisea_de_los_giles-2-300x126.jpg\" alt=\"&quot;La Odisea de los Giles&quot; de Sebasti\u00e1n Borensztein. Blog de Rafael Ram\u00edrez.\" width=\"300\" height=\"126\" srcset=\"https:\/\/rafaramirez.org\/blog\/wp-content\/uploads\/2024\/09\/la_odisea_de_los_giles-2-300x126.jpg 300w, https:\/\/rafaramirez.org\/blog\/wp-content\/uploads\/2024\/09\/la_odisea_de_los_giles-2-768x322.jpg 768w, https:\/\/rafaramirez.org\/blog\/wp-content\/uploads\/2024\/09\/la_odisea_de_los_giles-2.jpg 900w\" sizes=\"auto, (max-width: 300px) 100vw, 300px\" \/><\/a><figcaption id=\"caption-attachment-5706\" class=\"wp-caption-text\">\u00abLa Odisea de los Giles\u00bb de Sebasti\u00e1n Borensztein. Blog de Rafael Ram\u00edrez.<\/figcaption><\/figure>\n<h3><strong>Cr\u00edtica.<\/strong><\/h3>\n<p>\u201cLa Odisea de los Giles\u201d fue muy bien recibida tanto por la cr\u00edtica como por el p\u00fablico. Las interpretaciones de Ricardo Dar\u00edn y Luis Brandoni fueron especialmente elogiadas. La qu\u00edmica entre los actores y la autenticidad de sus personajes contribuyeron significativamente al \u00e9xito de la pel\u00edcula. Tambi\u00e9n lo fue el gui\u00f3n, adaptaci\u00f3n de la novela de Eduardo Sacheri,\u00a0 que fue muy acogida por su fidelidad al material original y por su capacidad de capturar la esencia de la crisis econ\u00f3mica argentina de 2001. As\u00ed mismo Sebasti\u00e1n Borensztein fue aplaudido por su habilidad para equilibrar el humor y el drama, creando una narrativa que es tanto entretenida como conmovedora.<\/p>\n<h3><strong>Recepci\u00f3n del p\u00fablico.\u00a0<\/strong><\/h3>\n<p>La pel\u00edcula tuvo una buena acogida en taquilla, atrayendo a una amplia audiencia en <strong>Argentina<\/strong> y en otros pa\u00edses de habla hispana como <strong>Espa\u00f1a<\/strong>. Muchos espectadores apreciaron la forma en que la pel\u00edcula abord\u00f3 temas serios con un toque de humor, haciendo que la historia fuera accesible y emotiva.<\/p>\n<figure id=\"attachment_5704\" aria-describedby=\"caption-attachment-5704\" style=\"width: 203px\" class=\"wp-caption aligncenter\"><a href=\"https:\/\/rafaramirez.org\/blog\/wp-content\/uploads\/2024\/09\/la_odisea_de_los_giles-poster.jpg\" target=\"_blank\" rel=\"noopener\"><img loading=\"lazy\" decoding=\"async\" class=\"wp-image-5704 size-medium\" src=\"https:\/\/rafaramirez.org\/blog\/wp-content\/uploads\/2024\/09\/la_odisea_de_los_giles-poster-203x300.jpg\" alt=\"Poster de &quot;La Odisea de los Giles&quot; (2019) de Sebasti\u00e1n Borensztein. Blog de Rafael Ram\u00edrez.\" width=\"203\" height=\"300\" srcset=\"https:\/\/rafaramirez.org\/blog\/wp-content\/uploads\/2024\/09\/la_odisea_de_los_giles-poster-203x300.jpg 203w, https:\/\/rafaramirez.org\/blog\/wp-content\/uploads\/2024\/09\/la_odisea_de_los_giles-poster.jpg 648w\" sizes=\"auto, (max-width: 203px) 100vw, 203px\" \/><\/a><figcaption id=\"caption-attachment-5704\" class=\"wp-caption-text\">Poster de \u00abLa Odisea de los Giles\u00bb (2019) de Sebasti\u00e1n Borensztein. Blog de Rafael Ram\u00edrez.<\/figcaption><\/figure>\n<h3>Premios.<\/h3>\n<p>\u201cLa Odisea de los Giles\u201d ha recibido varios premios y reconocimientos, destac\u00e1ndose en diversas ceremonias. Algunos de los premios m\u00e1s importantes son:<\/p>\n<ul>\n<li><strong>Premio Goya 2020<\/strong>: Gan\u00f3 el premio a la Mejor Pel\u00edcula Iberoamericana.<\/li>\n<li><strong>Premios Sur 2019<\/strong>: Recibi\u00f3 varios premios, incluyendo Mejor Pel\u00edcula, Mejor Direcci\u00f3n (Sebasti\u00e1n Borensztein), y Mejor Actor (Ricardo Dar\u00edn).<\/li>\n<li><strong>Premios Platino 2020<\/strong>: Fue nominada en varias categor\u00edas, incluyendo Mejor Pel\u00edcula Iberoamericana de Ficci\u00f3n y Mejor Direcci\u00f3n.<\/li>\n<\/ul>\n<p>Estos premios reflejan el reconocimiento tanto de la cr\u00edtica como del p\u00fablico por su calidad cinematogr\u00e1fica y su impacto cultural.<\/p>\n<figure id=\"attachment_5705\" aria-describedby=\"caption-attachment-5705\" style=\"width: 300px\" class=\"wp-caption aligncenter\"><a href=\"https:\/\/rafaramirez.org\/blog\/wp-content\/uploads\/2024\/09\/la_odisea_de_los_giles-3.jpg\" target=\"_blank\" rel=\"noopener\"><img loading=\"lazy\" decoding=\"async\" class=\"wp-image-5705 size-medium\" src=\"https:\/\/rafaramirez.org\/blog\/wp-content\/uploads\/2024\/09\/la_odisea_de_los_giles-3-300x200.jpg\" alt=\"&quot;La Odisea de los Giles&quot; de Sebasti\u00e1n Borensztein. Blog de Rafael Ram\u00edrez.\" width=\"300\" height=\"200\" srcset=\"https:\/\/rafaramirez.org\/blog\/wp-content\/uploads\/2024\/09\/la_odisea_de_los_giles-3-300x200.jpg 300w, https:\/\/rafaramirez.org\/blog\/wp-content\/uploads\/2024\/09\/la_odisea_de_los_giles-3-1024x683.jpg 1024w, https:\/\/rafaramirez.org\/blog\/wp-content\/uploads\/2024\/09\/la_odisea_de_los_giles-3-768x512.jpg 768w, https:\/\/rafaramirez.org\/blog\/wp-content\/uploads\/2024\/09\/la_odisea_de_los_giles-3.jpg 1170w\" sizes=\"auto, (max-width: 300px) 100vw, 300px\" \/><\/a><figcaption id=\"caption-attachment-5705\" class=\"wp-caption-text\">\u00abLa Odisea de los Giles\u00bb de Sebasti\u00e1n Borensztein. Blog de Rafael Ram\u00edrez.<\/figcaption><\/figure>\n<p><strong>Ficha t\u00e9cnica.<\/strong><\/p>\n<ul>\n<li><strong>T\u00edtulo original<\/strong>: La Odisea de los Giles<\/li>\n<li><strong>A\u00f1o<\/strong>: 2019<\/li>\n<li><strong>Duraci\u00f3n<\/strong>: 116 minutos<\/li>\n<li><strong>Pa\u00eds<\/strong>: Argentina<\/li>\n<li><strong>Direcci\u00f3n<\/strong>: Sebasti\u00e1n Borensztein<\/li>\n<li><strong>Guion<\/strong>: Sebasti\u00e1n Borensztein, Eduardo Sacheri (basado en la novela \u201cLa noche de la Usina\u201d de Eduardo Sacheri)<\/li>\n<li><strong>M\u00fasica<\/strong>: Federico Jusid<\/li>\n<li><strong>Fotograf\u00eda<\/strong>: Rodrigo Pulpeiro<\/li>\n<li><strong>Reparto<\/strong>: Ricardo Dar\u00edn, Luis Brandoni, Chino Dar\u00edn, Ver\u00f3nica Llin\u00e1s, Daniel Ar\u00e1oz, Carlos Belloso, Rita Cortese, Andr\u00e9s Parra<\/li>\n<li><strong>G\u00e9nero<\/strong>: Comedia dram\u00e1tica, Aventura<\/li>\n<li><strong>Productoras<\/strong>: K&amp;S Films, Mod Producciones, Kenya Films<\/li>\n<li><strong>Distribuci\u00f3n<\/strong>: Warner Bros. Pictures<\/li>\n<\/ul>\n<h3>Trailer.<\/h3>\n<p><iframe loading=\"lazy\" title=\"YouTube video player\" src=\"https:\/\/www.youtube.com\/embed\/ZP_o6GQaFW8?si=cRMDhCMhfFfGZnT5\" width=\"560\" height=\"315\" frameborder=\"0\" allowfullscreen=\"allowfullscreen\"><\/iframe><\/p>\n<p><strong>En resumen, \u201cLa Odisea de los Giles\u201d se ha consolidado como una de las pel\u00edculas m\u00e1s destacadas del cine argentino reciente, logrando un equilibrio entre entretenimiento y reflexi\u00f3n social. Te animo a ver esta pel\u00edcula y como siempre, puedes dejar tus comentarios debajo del post. \u00a1Saludos!<\/strong><\/p>\n<p>M\u00e1s informaci\u00f3n:<\/p>\n<ul>\n<li><a href=\"https:\/\/es.wikipedia.org\/wiki\/La_odisea_de_los_giles\" target=\"_blank\" rel=\"noopener\">Wikipedia.org<\/a><\/li>\n<li><a href=\"https:\/\/www.filmaffinity.com\/es\/film988821.html\" target=\"_blank\" rel=\"noopener\">Film Affinity.com<\/a><\/li>\n<\/ul>\n","protected":false},"excerpt":{"rendered":"<p>Hoy os recomiendo \u201cLa Odisea de los Giles\u201d, una pel\u00edcula argentina de comedia dram\u00e1tica y aventura, dirigida por Sebasti\u00e1n Borensztein y estrenada en 2019.\u00a0La historia est\u00e1 basada en la novela \u201cLa noche de la Usina\u201d de Eduardo Sacheri. La trama se sit\u00faa en la provincia de Buenos Aires durante la crisis econ\u00f3mica de 2001.\u00a0Un grupo [&hellip;]<\/p>\n","protected":false},"author":1,"featured_media":5703,"comment_status":"open","ping_status":"closed","sticky":false,"template":"","format":"standard","meta":{"site-container-style":"default","site-container-layout":"default","site-sidebar-layout":"default","disable-article-header":"default","disable-site-header":"default","disable-site-footer":"default","disable-content-area-spacing":"default","_jetpack_newsletter_access":"","_jetpack_dont_email_post_to_subs":false,"_jetpack_newsletter_tier_id":0,"_jetpack_memberships_contains_paywalled_content":false,"_jetpack_feature_clip_id":0,"_jetpack_memberships_contains_paid_content":false,"footnotes":"","jetpack_publicize_message":"","jetpack_publicize_feature_enabled":true,"jetpack_social_post_already_shared":true,"jetpack_social_options":{"image_generator_settings":{"template":"highway","default_image_id":0,"font":"","enabled":false},"version":2},"jetpack_post_was_ever_published":false},"categories":[711],"tags":[1332,3324,68,3322,3316,3313,1569,2240,1437,2614,3318,762,1456,3312,166,3323,3311,3309,3315,897,3319,3321,3320,3314,3310,3317],"class_list":["post-5699","post","type-post","status-publish","format-standard","has-post-thumbnail","hentry","category-cine","tag-argentina","tag-aventura","tag-blog-de-rafael-ramirez","tag-calidad-cinematografica","tag-chino-darin","tag-cine-argentino","tag-cine-de-comedia","tag-cine-social","tag-comedia","tag-comedia-dramatica","tag-crisis-economica-argentina","tag-critica-de-cine","tag-critica-de-peliculas","tag-eduardo-sacheri","tag-espana","tag-impacto-cultural","tag-la-noche-de-la-usina","tag-la-odisea-de-los-giles","tag-luis-brandoni","tag-pelicula-recomendada","tag-premio-goya-2020","tag-premios-platino-2020","tag-premios-sur-2019","tag-ricardo-darin","tag-sebastian-borensztein","tag-veronica-llinas"],"yoast_head":"<!-- This site is optimized with the Yoast SEO plugin v28.4 - https:\/\/yoast.com\/product\/yoast-seo-wordpress\/ -->\n<title>La Odisea de los Giles, una pel\u00edcula tanto entretenida como conmovedora. - Blog de Rafael Ram\u00edrez<\/title>\n<meta name=\"description\" content=\"Hoy os recomiendo \u201cLa Odisea de los Giles\u201d, una pel\u00edcula argentina de comedia dram\u00e1tica y aventura, dirigida por Sebasti\u00e1n Borensztein en 2019.\" \/>\n<meta name=\"robots\" content=\"index, follow, max-snippet:-1, max-image-preview:large, max-video-preview:-1\" \/>\n<link rel=\"canonical\" href=\"https:\/\/rafaramirez.org\/blog\/index.php\/2024\/09\/10\/la-odisea-de-los-giles\/\" \/>\n<meta property=\"og:locale\" content=\"es_ES\" \/>\n<meta property=\"og:type\" content=\"article\" \/>\n<meta property=\"og:title\" content=\"La Odisea de los Giles, una pel\u00edcula tanto entretenida como conmovedora. - Blog de Rafael Ram\u00edrez\" \/>\n<meta property=\"og:description\" content=\"Hoy os recomiendo \u201cLa Odisea de los Giles\u201d, una pel\u00edcula argentina de comedia dram\u00e1tica y aventura, dirigida por Sebasti\u00e1n Borensztein en 2019.\" \/>\n<meta property=\"og:url\" content=\"https:\/\/rafaramirez.org\/blog\/index.php\/2024\/09\/10\/la-odisea-de-los-giles\/\" \/>\n<meta property=\"og:site_name\" content=\"Blog de Rafael Ram\u00edrez\" \/>\n<meta property=\"article:published_time\" content=\"2024-09-10T06:15:13+00:00\" \/>\n<meta property=\"article:modified_time\" content=\"2024-09-10T09:15:05+00:00\" \/>\n<meta property=\"og:image\" content=\"https:\/\/rafaramirez.org\/blog\/wp-content\/uploads\/2024\/09\/la_odisea_de_los_giles-banner.jpg\" \/>\n\t<meta property=\"og:image:width\" content=\"750\" \/>\n\t<meta property=\"og:image:height\" content=\"500\" \/>\n\t<meta property=\"og:image:type\" content=\"image\/jpeg\" \/>\n<meta name=\"author\" content=\"Rafael Ram\u00edrez\" \/>\n<meta name=\"twitter:card\" content=\"summary_large_image\" \/>\n<meta name=\"twitter:creator\" content=\"@rafaramirez_ok\" \/>\n<meta name=\"twitter:site\" content=\"@rafaramirez_ok\" \/>\n<meta name=\"twitter:label1\" content=\"Escrito por\" \/>\n\t<meta name=\"twitter:data1\" content=\"Rafael Ram\u00edrez\" \/>\n\t<meta name=\"twitter:label2\" content=\"Tiempo de lectura\" \/>\n\t<meta name=\"twitter:data2\" content=\"4 minutos\" \/>\n<script type=\"application\/ld+json\" class=\"yoast-schema-graph\">{\"@context\":\"https:\\\/\\\/schema.org\",\"@graph\":[{\"@type\":\"Article\",\"@id\":\"https:\\\/\\\/rafaramirez.org\\\/blog\\\/index.php\\\/2024\\\/09\\\/10\\\/la-odisea-de-los-giles\\\/#article\",\"isPartOf\":{\"@id\":\"https:\\\/\\\/rafaramirez.org\\\/blog\\\/index.php\\\/2024\\\/09\\\/10\\\/la-odisea-de-los-giles\\\/\"},\"author\":{\"name\":\"Rafael Ram\u00edrez\",\"@id\":\"https:\\\/\\\/rafaramirez.org\\\/blog\\\/#\\\/schema\\\/person\\\/50f43b6d60c578760d4c17bda54ab6a5\"},\"headline\":\"La Odisea de los Giles, una pel\u00edcula tanto entretenida como conmovedora.\",\"datePublished\":\"2024-09-10T06:15:13+00:00\",\"dateModified\":\"2024-09-10T09:15:05+00:00\",\"mainEntityOfPage\":{\"@id\":\"https:\\\/\\\/rafaramirez.org\\\/blog\\\/index.php\\\/2024\\\/09\\\/10\\\/la-odisea-de-los-giles\\\/\"},\"wordCount\":647,\"commentCount\":0,\"publisher\":{\"@id\":\"https:\\\/\\\/rafaramirez.org\\\/blog\\\/#\\\/schema\\\/person\\\/50f43b6d60c578760d4c17bda54ab6a5\"},\"image\":{\"@id\":\"https:\\\/\\\/rafaramirez.org\\\/blog\\\/index.php\\\/2024\\\/09\\\/10\\\/la-odisea-de-los-giles\\\/#primaryimage\"},\"thumbnailUrl\":\"https:\\\/\\\/rafaramirez.org\\\/blog\\\/wp-content\\\/uploads\\\/2024\\\/09\\\/la_odisea_de_los_giles-banner.jpg\",\"keywords\":[\"Argentina\",\"aventura\",\"blog de Rafael Ram\u00edrez\",\"calidad cinematogr\u00e1fica\",\"Chino Dar\u00edn\",\"cine argentino\",\"cine de comedia\",\"cine social\",\"comedia\",\"comedia dram\u00e1tica\",\"crisis econ\u00f3mica argentina\",\"cr\u00edtica de cine\",\"cr\u00edtica de pel\u00edculas\",\"Eduardo Sacheri\",\"espa\u00f1a\",\"impacto cultural\",\"La noche de la Usina\",\"La Odisea de los Giles\",\"Luis Brandoni\",\"pel\u00edcula recomendada\",\"Premio Goya 2020\",\"Premios Platino 2020\",\"Premios Sur 2019\",\"Ricardo Dar\u00edn\",\"Sebasti\u00e1n Borensztein\",\"Ver\u00f3nica Llin\u00e1s\"],\"articleSection\":[\"Cine\"],\"inLanguage\":\"es\",\"potentialAction\":[{\"@type\":\"CommentAction\",\"name\":\"Comment\",\"target\":[\"https:\\\/\\\/rafaramirez.org\\\/blog\\\/index.php\\\/2024\\\/09\\\/10\\\/la-odisea-de-los-giles\\\/#respond\"]}]},{\"@type\":\"WebPage\",\"@id\":\"https:\\\/\\\/rafaramirez.org\\\/blog\\\/index.php\\\/2024\\\/09\\\/10\\\/la-odisea-de-los-giles\\\/\",\"url\":\"https:\\\/\\\/rafaramirez.org\\\/blog\\\/index.php\\\/2024\\\/09\\\/10\\\/la-odisea-de-los-giles\\\/\",\"name\":\"La Odisea de los Giles, una pel\u00edcula tanto entretenida como conmovedora. - Blog de Rafael Ram\u00edrez\",\"isPartOf\":{\"@id\":\"https:\\\/\\\/rafaramirez.org\\\/blog\\\/#website\"},\"primaryImageOfPage\":{\"@id\":\"https:\\\/\\\/rafaramirez.org\\\/blog\\\/index.php\\\/2024\\\/09\\\/10\\\/la-odisea-de-los-giles\\\/#primaryimage\"},\"image\":{\"@id\":\"https:\\\/\\\/rafaramirez.org\\\/blog\\\/index.php\\\/2024\\\/09\\\/10\\\/la-odisea-de-los-giles\\\/#primaryimage\"},\"thumbnailUrl\":\"https:\\\/\\\/rafaramirez.org\\\/blog\\\/wp-content\\\/uploads\\\/2024\\\/09\\\/la_odisea_de_los_giles-banner.jpg\",\"datePublished\":\"2024-09-10T06:15:13+00:00\",\"dateModified\":\"2024-09-10T09:15:05+00:00\",\"description\":\"Hoy os recomiendo \u201cLa Odisea de los Giles\u201d, una pel\u00edcula argentina de comedia dram\u00e1tica y aventura, dirigida por Sebasti\u00e1n Borensztein en 2019.\",\"breadcrumb\":{\"@id\":\"https:\\\/\\\/rafaramirez.org\\\/blog\\\/index.php\\\/2024\\\/09\\\/10\\\/la-odisea-de-los-giles\\\/#breadcrumb\"},\"inLanguage\":\"es\",\"potentialAction\":[{\"@type\":\"ReadAction\",\"target\":[\"https:\\\/\\\/rafaramirez.org\\\/blog\\\/index.php\\\/2024\\\/09\\\/10\\\/la-odisea-de-los-giles\\\/\"]}]},{\"@type\":\"ImageObject\",\"inLanguage\":\"es\",\"@id\":\"https:\\\/\\\/rafaramirez.org\\\/blog\\\/index.php\\\/2024\\\/09\\\/10\\\/la-odisea-de-los-giles\\\/#primaryimage\",\"url\":\"https:\\\/\\\/rafaramirez.org\\\/blog\\\/wp-content\\\/uploads\\\/2024\\\/09\\\/la_odisea_de_los_giles-banner.jpg\",\"contentUrl\":\"https:\\\/\\\/rafaramirez.org\\\/blog\\\/wp-content\\\/uploads\\\/2024\\\/09\\\/la_odisea_de_los_giles-banner.jpg\",\"width\":750,\"height\":500,\"caption\":\"\\\"La Odisea de los Giles\\\" de Sebasti\u00e1n Borensztein. Blog de Rafael Ram\u00edrez.\"},{\"@type\":\"BreadcrumbList\",\"@id\":\"https:\\\/\\\/rafaramirez.org\\\/blog\\\/index.php\\\/2024\\\/09\\\/10\\\/la-odisea-de-los-giles\\\/#breadcrumb\",\"itemListElement\":[{\"@type\":\"ListItem\",\"position\":1,\"name\":\"Portada\",\"item\":\"https:\\\/\\\/rafaramirez.org\\\/blog\\\/\"},{\"@type\":\"ListItem\",\"position\":2,\"name\":\"La Odisea de los Giles, una pel\u00edcula tanto entretenida como conmovedora.\"}]},{\"@type\":\"WebSite\",\"@id\":\"https:\\\/\\\/rafaramirez.org\\\/blog\\\/#website\",\"url\":\"https:\\\/\\\/rafaramirez.org\\\/blog\\\/\",\"name\":\"Blog de Rafael Ram\u00edrez\",\"description\":\"Un sitio social, de arte y cultura\",\"publisher\":{\"@id\":\"https:\\\/\\\/rafaramirez.org\\\/blog\\\/#\\\/schema\\\/person\\\/50f43b6d60c578760d4c17bda54ab6a5\"},\"potentialAction\":[{\"@type\":\"SearchAction\",\"target\":{\"@type\":\"EntryPoint\",\"urlTemplate\":\"https:\\\/\\\/rafaramirez.org\\\/blog\\\/?s={search_term_string}\"},\"query-input\":{\"@type\":\"PropertyValueSpecification\",\"valueRequired\":true,\"valueName\":\"search_term_string\"}}],\"inLanguage\":\"es\"},{\"@type\":[\"Person\",\"Organization\"],\"@id\":\"https:\\\/\\\/rafaramirez.org\\\/blog\\\/#\\\/schema\\\/person\\\/50f43b6d60c578760d4c17bda54ab6a5\",\"name\":\"Rafael Ram\u00edrez\",\"image\":{\"@type\":\"ImageObject\",\"inLanguage\":\"es\",\"@id\":\"https:\\\/\\\/rafaramirez.org\\\/blog\\\/wp-content\\\/uploads\\\/2024\\\/09\\\/RR_socialnetwork.jpg\",\"url\":\"https:\\\/\\\/rafaramirez.org\\\/blog\\\/wp-content\\\/uploads\\\/2024\\\/09\\\/RR_socialnetwork.jpg\",\"contentUrl\":\"https:\\\/\\\/rafaramirez.org\\\/blog\\\/wp-content\\\/uploads\\\/2024\\\/09\\\/RR_socialnetwork.jpg\",\"width\":600,\"height\":606,\"caption\":\"Rafael Ram\u00edrez\"},\"logo\":{\"@id\":\"https:\\\/\\\/rafaramirez.org\\\/blog\\\/wp-content\\\/uploads\\\/2024\\\/09\\\/RR_socialnetwork.jpg\"},\"sameAs\":[\"https:\\\/\\\/www.rafaramirez.org\\\/blog\",\"https:\\\/\\\/www.instagram.com\\\/rafaramirez_ok\\\/\",\"https:\\\/\\\/es.pinterest.com\\\/Ramirez_Rafa\\\/\",\"https:\\\/\\\/x.com\\\/rafaramirez_ok\"],\"url\":\"https:\\\/\\\/rafaramirez.org\\\/blog\\\/index.php\\\/author\\\/rafaell_qm6j97da\\\/\"}]}<\/script>\n<!-- \/ Yoast SEO plugin. -->","yoast_head_json":{"title":"La Odisea de los Giles, una pel\u00edcula tanto entretenida como conmovedora. - Blog de Rafael Ram\u00edrez","description":"Hoy os recomiendo \u201cLa Odisea de los Giles\u201d, una pel\u00edcula argentina de comedia dram\u00e1tica y aventura, dirigida por Sebasti\u00e1n Borensztein en 2019.","robots":{"index":"index","follow":"follow","max-snippet":"max-snippet:-1","max-image-preview":"max-image-preview:large","max-video-preview":"max-video-preview:-1"},"canonical":"https:\/\/rafaramirez.org\/blog\/index.php\/2024\/09\/10\/la-odisea-de-los-giles\/","og_locale":"es_ES","og_type":"article","og_title":"La Odisea de los Giles, una pel\u00edcula tanto entretenida como conmovedora. - Blog de Rafael Ram\u00edrez","og_description":"Hoy os recomiendo \u201cLa Odisea de los Giles\u201d, una pel\u00edcula argentina de comedia dram\u00e1tica y aventura, dirigida por Sebasti\u00e1n Borensztein en 2019.","og_url":"https:\/\/rafaramirez.org\/blog\/index.php\/2024\/09\/10\/la-odisea-de-los-giles\/","og_site_name":"Blog de Rafael Ram\u00edrez","article_published_time":"2024-09-10T06:15:13+00:00","article_modified_time":"2024-09-10T09:15:05+00:00","og_image":[{"width":750,"height":500,"url":"https:\/\/rafaramirez.org\/blog\/wp-content\/uploads\/2024\/09\/la_odisea_de_los_giles-banner.jpg","type":"image\/jpeg"}],"author":"Rafael Ram\u00edrez","twitter_card":"summary_large_image","twitter_creator":"@rafaramirez_ok","twitter_site":"@rafaramirez_ok","twitter_misc":{"Escrito por":"Rafael Ram\u00edrez","Tiempo de lectura":"4 minutos"},"schema":{"@context":"https:\/\/schema.org","@graph":[{"@type":"Article","@id":"https:\/\/rafaramirez.org\/blog\/index.php\/2024\/09\/10\/la-odisea-de-los-giles\/#article","isPartOf":{"@id":"https:\/\/rafaramirez.org\/blog\/index.php\/2024\/09\/10\/la-odisea-de-los-giles\/"},"author":{"name":"Rafael Ram\u00edrez","@id":"https:\/\/rafaramirez.org\/blog\/#\/schema\/person\/50f43b6d60c578760d4c17bda54ab6a5"},"headline":"La Odisea de los Giles, una pel\u00edcula tanto entretenida como conmovedora.","datePublished":"2024-09-10T06:15:13+00:00","dateModified":"2024-09-10T09:15:05+00:00","mainEntityOfPage":{"@id":"https:\/\/rafaramirez.org\/blog\/index.php\/2024\/09\/10\/la-odisea-de-los-giles\/"},"wordCount":647,"commentCount":0,"publisher":{"@id":"https:\/\/rafaramirez.org\/blog\/#\/schema\/person\/50f43b6d60c578760d4c17bda54ab6a5"},"image":{"@id":"https:\/\/rafaramirez.org\/blog\/index.php\/2024\/09\/10\/la-odisea-de-los-giles\/#primaryimage"},"thumbnailUrl":"https:\/\/rafaramirez.org\/blog\/wp-content\/uploads\/2024\/09\/la_odisea_de_los_giles-banner.jpg","keywords":["Argentina","aventura","blog de Rafael Ram\u00edrez","calidad cinematogr\u00e1fica","Chino Dar\u00edn","cine argentino","cine de comedia","cine social","comedia","comedia dram\u00e1tica","crisis econ\u00f3mica argentina","cr\u00edtica de cine","cr\u00edtica de pel\u00edculas","Eduardo Sacheri","espa\u00f1a","impacto cultural","La noche de la Usina","La Odisea de los Giles","Luis Brandoni","pel\u00edcula recomendada","Premio Goya 2020","Premios Platino 2020","Premios Sur 2019","Ricardo Dar\u00edn","Sebasti\u00e1n Borensztein","Ver\u00f3nica Llin\u00e1s"],"articleSection":["Cine"],"inLanguage":"es","potentialAction":[{"@type":"CommentAction","name":"Comment","target":["https:\/\/rafaramirez.org\/blog\/index.php\/2024\/09\/10\/la-odisea-de-los-giles\/#respond"]}]},{"@type":"WebPage","@id":"https:\/\/rafaramirez.org\/blog\/index.php\/2024\/09\/10\/la-odisea-de-los-giles\/","url":"https:\/\/rafaramirez.org\/blog\/index.php\/2024\/09\/10\/la-odisea-de-los-giles\/","name":"La Odisea de los Giles, una pel\u00edcula tanto entretenida como conmovedora. - Blog de Rafael Ram\u00edrez","isPartOf":{"@id":"https:\/\/rafaramirez.org\/blog\/#website"},"primaryImageOfPage":{"@id":"https:\/\/rafaramirez.org\/blog\/index.php\/2024\/09\/10\/la-odisea-de-los-giles\/#primaryimage"},"image":{"@id":"https:\/\/rafaramirez.org\/blog\/index.php\/2024\/09\/10\/la-odisea-de-los-giles\/#primaryimage"},"thumbnailUrl":"https:\/\/rafaramirez.org\/blog\/wp-content\/uploads\/2024\/09\/la_odisea_de_los_giles-banner.jpg","datePublished":"2024-09-10T06:15:13+00:00","dateModified":"2024-09-10T09:15:05+00:00","description":"Hoy os recomiendo \u201cLa Odisea de los Giles\u201d, una pel\u00edcula argentina de comedia dram\u00e1tica y aventura, dirigida por Sebasti\u00e1n Borensztein en 2019.","breadcrumb":{"@id":"https:\/\/rafaramirez.org\/blog\/index.php\/2024\/09\/10\/la-odisea-de-los-giles\/#breadcrumb"},"inLanguage":"es","potentialAction":[{"@type":"ReadAction","target":["https:\/\/rafaramirez.org\/blog\/index.php\/2024\/09\/10\/la-odisea-de-los-giles\/"]}]},{"@type":"ImageObject","inLanguage":"es","@id":"https:\/\/rafaramirez.org\/blog\/index.php\/2024\/09\/10\/la-odisea-de-los-giles\/#primaryimage","url":"https:\/\/rafaramirez.org\/blog\/wp-content\/uploads\/2024\/09\/la_odisea_de_los_giles-banner.jpg","contentUrl":"https:\/\/rafaramirez.org\/blog\/wp-content\/uploads\/2024\/09\/la_odisea_de_los_giles-banner.jpg","width":750,"height":500,"caption":"\"La Odisea de los Giles\" de Sebasti\u00e1n Borensztein. Blog de Rafael Ram\u00edrez."},{"@type":"BreadcrumbList","@id":"https:\/\/rafaramirez.org\/blog\/index.php\/2024\/09\/10\/la-odisea-de-los-giles\/#breadcrumb","itemListElement":[{"@type":"ListItem","position":1,"name":"Portada","item":"https:\/\/rafaramirez.org\/blog\/"},{"@type":"ListItem","position":2,"name":"La Odisea de los Giles, una pel\u00edcula tanto entretenida como conmovedora."}]},{"@type":"WebSite","@id":"https:\/\/rafaramirez.org\/blog\/#website","url":"https:\/\/rafaramirez.org\/blog\/","name":"Blog de Rafael Ram\u00edrez","description":"Un sitio social, de arte y cultura","publisher":{"@id":"https:\/\/rafaramirez.org\/blog\/#\/schema\/person\/50f43b6d60c578760d4c17bda54ab6a5"},"potentialAction":[{"@type":"SearchAction","target":{"@type":"EntryPoint","urlTemplate":"https:\/\/rafaramirez.org\/blog\/?s={search_term_string}"},"query-input":{"@type":"PropertyValueSpecification","valueRequired":true,"valueName":"search_term_string"}}],"inLanguage":"es"},{"@type":["Person","Organization"],"@id":"https:\/\/rafaramirez.org\/blog\/#\/schema\/person\/50f43b6d60c578760d4c17bda54ab6a5","name":"Rafael Ram\u00edrez","image":{"@type":"ImageObject","inLanguage":"es","@id":"https:\/\/rafaramirez.org\/blog\/wp-content\/uploads\/2024\/09\/RR_socialnetwork.jpg","url":"https:\/\/rafaramirez.org\/blog\/wp-content\/uploads\/2024\/09\/RR_socialnetwork.jpg","contentUrl":"https:\/\/rafaramirez.org\/blog\/wp-content\/uploads\/2024\/09\/RR_socialnetwork.jpg","width":600,"height":606,"caption":"Rafael Ram\u00edrez"},"logo":{"@id":"https:\/\/rafaramirez.org\/blog\/wp-content\/uploads\/2024\/09\/RR_socialnetwork.jpg"},"sameAs":["https:\/\/www.rafaramirez.org\/blog","https:\/\/www.instagram.com\/rafaramirez_ok\/","https:\/\/es.pinterest.com\/Ramirez_Rafa\/","https:\/\/x.com\/rafaramirez_ok"],"url":"https:\/\/rafaramirez.org\/blog\/index.php\/author\/rafaell_qm6j97da\/"}]}},"jetpack_publicize_connections":[],"jetpack_sharing_enabled":true,"jetpack_likes_enabled":true,"jetpack_featured_media_url":"https:\/\/rafaramirez.org\/blog\/wp-content\/uploads\/2024\/09\/la_odisea_de_los_giles-banner.jpg","_links":{"self":[{"href":"https:\/\/rafaramirez.org\/blog\/index.php\/wp-json\/wp\/v2\/posts\/5699","targetHints":{"allow":["GET"]}}],"collection":[{"href":"https:\/\/rafaramirez.org\/blog\/index.php\/wp-json\/wp\/v2\/posts"}],"about":[{"href":"https:\/\/rafaramirez.org\/blog\/index.php\/wp-json\/wp\/v2\/types\/post"}],"author":[{"embeddable":true,"href":"https:\/\/rafaramirez.org\/blog\/index.php\/wp-json\/wp\/v2\/users\/1"}],"replies":[{"embeddable":true,"href":"https:\/\/rafaramirez.org\/blog\/index.php\/wp-json\/wp\/v2\/comments?post=5699"}],"version-history":[{"count":6,"href":"https:\/\/rafaramirez.org\/blog\/index.php\/wp-json\/wp\/v2\/posts\/5699\/revisions"}],"predecessor-version":[{"id":5935,"href":"https:\/\/rafaramirez.org\/blog\/index.php\/wp-json\/wp\/v2\/posts\/5699\/revisions\/5935"}],"wp:featuredmedia":[{"embeddable":true,"href":"https:\/\/rafaramirez.org\/blog\/index.php\/wp-json\/wp\/v2\/media\/5703"}],"wp:attachment":[{"href":"https:\/\/rafaramirez.org\/blog\/index.php\/wp-json\/wp\/v2\/media?parent=5699"}],"wp:term":[{"taxonomy":"category","embeddable":true,"href":"https:\/\/rafaramirez.org\/blog\/index.php\/wp-json\/wp\/v2\/categories?post=5699"},{"taxonomy":"post_tag","embeddable":true,"href":"https:\/\/rafaramirez.org\/blog\/index.php\/wp-json\/wp\/v2\/tags?post=5699"}],"curies":[{"name":"wp","href":"https:\/\/api.w.org\/{rel}","templated":true}]}}