{"id":5659,"date":"2024-09-06T08:15:11","date_gmt":"2024-09-06T06:15:11","guid":{"rendered":"https:\/\/rafaramirez.org\/blog\/?p=5659"},"modified":"2024-08-14T13:00:32","modified_gmt":"2024-08-14T11:00:32","slug":"7-de-septiembre-dia-internacional-del-aire-limpio-por-un-cielo-azul","status":"publish","type":"post","link":"https:\/\/rafaramirez.org\/blog\/index.php\/2024\/09\/06\/7-de-septiembre-dia-internacional-del-aire-limpio-por-un-cielo-azul\/","title":{"rendered":"D\u00eda Internacional del Aire Limpio o c\u00f3mo contribuir al bienestar de la poblaci\u00f3n mundial."},"content":{"rendered":"<p>El\u00a0<strong>D\u00eda Internacional del Aire Limpio por un Cielo Azul<\/strong>\u00a0se celebra cada a\u00f1o el\u00a0<strong>7 de septiembre<\/strong>.\u00a0Este d\u00eda fue establecido por la Asamblea General de las Naciones Unidas en 2019 para concienciar sobre la importancia de la calidad del aire y la necesidad de reducir la contaminaci\u00f3n atmosf\u00e9rica.<\/p>\n<p>El tema del a\u00f1o 2023 fue\u00a0<strong>\u201cJuntos por un aire limpio\u201d<\/strong>, destacando la importancia de la colaboraci\u00f3n entre gobiernos, empresas, sociedad civil y personas individuales para combatir la contaminaci\u00f3n del aire.\u00a0La contaminaci\u00f3n atmosf\u00e9rica es un problema global que afecta tanto a la salud humana como al medio ambiente, siendo responsable de millones de muertes prematuras cada a\u00f1o.<\/p>\n<p>El objetivo principal de este d\u00eda es promover la investigaci\u00f3n, el desarrollo y la implementaci\u00f3n de pr\u00e1cticas que mejoren la calidad del aire, contribuyendo as\u00ed al bienestar de la poblaci\u00f3n mundial.<\/p>\n<h3>\u00bfC\u00f3mo afecta la contaminaci\u00f3n atmosf\u00e9rica a la salud?<\/h3>\n<p>La contaminaci\u00f3n atmosf\u00e9rica tiene efectos graves y variados en la salud humana. Aqu\u00ed te explico algunos de los principales impactos:<\/p>\n<h4><strong>Efectos a corto plazo<\/strong><\/h4>\n<ul>\n<li><strong>Problemas respiratorios<\/strong>: La exposici\u00f3n a contaminantes como el ozono y las part\u00edculas finas (PM2.5) puede causar irritaci\u00f3n en las v\u00edas respiratorias, tos, y dificultad para respirar.<\/li>\n<li><strong>Agravamiento de enfermedades<\/strong>: Las personas con enfermedades respiratorias preexistentes, como el asma o la bronquitis, pueden experimentar un empeoramiento de sus s\u00edntomas.<\/li>\n<li><strong>Irritaci\u00f3n ocular<\/strong>: La contaminaci\u00f3n puede causar enrojecimiento, picaz\u00f3n y lagrimeo en los ojos.<\/li>\n<\/ul>\n<h4><strong>Efectos a largo plazo<\/strong><\/h4>\n<ul>\n<li><strong>Enfermedades cardiovasculares<\/strong>: La exposici\u00f3n prolongada a la contaminaci\u00f3n del aire est\u00e1 asociada con un mayor riesgo de enfermedades del coraz\u00f3n y accidentes cerebrovasculares.<\/li>\n<li><strong>C\u00e1ncer de pulm\u00f3n<\/strong>: La inhalaci\u00f3n de contaminantes como el benceno y las part\u00edculas finas puede aumentar el riesgo de desarrollar c\u00e1ncer de pulm\u00f3n.<\/li>\n<li><strong>Desarrollo infantil<\/strong>: Los ni\u00f1os expuestos a altos niveles de contaminaci\u00f3n pueden sufrir problemas en el desarrollo pulmonar y cognitivo.<\/li>\n<\/ul>\n<h4><strong>Efectos en poblaciones vulnerables<\/strong><\/h4>\n<ul>\n<li><strong>Ni\u00f1os y ancianos<\/strong>: Estos grupos son especialmente susceptibles a los efectos nocivos de la contaminaci\u00f3n del aire debido a sus sistemas inmunol\u00f3gicos m\u00e1s d\u00e9biles.<\/li>\n<li><strong>Personas con enfermedades cr\u00f3nicas<\/strong>: Aquellos con condiciones preexistentes, como enfermedades card\u00edacas o respiratorias, son m\u00e1s propensos a sufrir complicaciones graves.<\/li>\n<\/ul>\n<h4><strong>Impacto global<\/strong><\/h4>\n<p>La Organizaci\u00f3n Mundial de la Salud (OMS) estima que la contaminaci\u00f3n del aire es responsable de aproximadamente 7 millones de muertes prematuras cada a\u00f1o. Adem\u00e1s, contribuye a una carga significativa de enfermedades cr\u00f3nicas y agudas.<\/p>\n<h3>Rayas contaminantes que inundan el cielo, cada vez m\u00e1s frecuentemente.<\/h3>\n<p>Existen teor\u00edas que sugieren que estas estelas contienen productos qu\u00edmicos deliberadamente liberados por aviones para diversos prop\u00f3sitos como modificar el clima para impedir las lluvias en una regi\u00f3n o controlar la temperatura. Otras teor\u00edas apuntan a que son parte de experimentos militares para probar nuevas tecnolog\u00edas o armas o que los productos qu\u00edmicos se liberan para afectar la salud de la poblaci\u00f3n, reduciendo la fertilidad o causando enfermedades. Sin embargo, la comunidad cient\u00edfica y los gobiernos han negado siempre, y en general, \u00e9ste hecho. La explicaci\u00f3n ofrecida es que estas rayas son <strong>estelas de condensaci\u00f3n<\/strong>\u00a0o\u00a0<strong>contrails<\/strong> (abreviatura de<strong> \u201ccondensation trails\u201d<\/strong> en ingl\u00e9s). Estas estelas son formadas por los aviones a gran altitud y pueden parecerse a nubes delgadas y alargadas.<\/p>\n<figure id=\"attachment_5662\" aria-describedby=\"caption-attachment-5662\" style=\"width: 300px\" class=\"wp-caption aligncenter\"><a href=\"https:\/\/rafaramirez.org\/blog\/wp-content\/uploads\/2024\/09\/fields-384624.jpg\" target=\"_blank\" rel=\"noopener\"><img loading=\"lazy\" decoding=\"async\" class=\"wp-image-5662 size-medium\" src=\"https:\/\/rafaramirez.org\/blog\/wp-content\/uploads\/2024\/09\/fields-384624-300x196.jpg\" alt=\"D\u00eda Internacional del Aire Limpio por un Cielo Azul. Blog de Rafael Ram\u00edrez.\" width=\"300\" height=\"196\" srcset=\"https:\/\/rafaramirez.org\/blog\/wp-content\/uploads\/2024\/09\/fields-384624-300x196.jpg 300w, https:\/\/rafaramirez.org\/blog\/wp-content\/uploads\/2024\/09\/fields-384624-1024x667.jpg 1024w, https:\/\/rafaramirez.org\/blog\/wp-content\/uploads\/2024\/09\/fields-384624-768x500.jpg 768w, https:\/\/rafaramirez.org\/blog\/wp-content\/uploads\/2024\/09\/fields-384624.jpg 1200w\" sizes=\"auto, (max-width: 300px) 100vw, 300px\" \/><\/a><figcaption id=\"caption-attachment-5662\" class=\"wp-caption-text\">D\u00eda Internacional del Aire Limpio por un Cielo Azul. Blog de Rafael Ram\u00edrez.<\/figcaption><\/figure>\n<p>\u00c9sta es la explicaci\u00f3n ofrecida por la ciencia y la propuesta que se hace para su disminuci\u00f3n:<\/p>\n<h4><strong>Formaci\u00f3n de las estelas de condensaci\u00f3n<\/strong><\/h4>\n<ul>\n<li><strong>Proceso de formaci\u00f3n<\/strong>: Cuando los aviones vuelan a altitudes elevadas, los gases de escape de los motores, que contienen vapor de agua, se mezclan con el aire fr\u00edo de la atm\u00f3sfera. Este vapor de agua se condensa r\u00e1pidamente y forma peque\u00f1as gotas de agua o cristales de hielo, creando las estelas visibles.<\/li>\n<li><strong>Condiciones necesarias<\/strong>: Las estelas se forman principalmente en condiciones de alta humedad y bajas temperaturas, t\u00edpicas de las altitudes a las que vuelan los aviones comerciales.<\/li>\n<\/ul>\n<h4><strong>Impacto ambiental<\/strong><\/h4>\n<ul>\n<li><strong>Efecto en el clima<\/strong>: Las estelas de condensaci\u00f3n pueden contribuir al calentamiento global. Al reflejar la luz solar durante el d\u00eda y atrapar el calor durante la noche, pueden tener un efecto neto de calentamiento en la atm\u00f3sfera.<\/li>\n<li><strong>Duraci\u00f3n y dispersi\u00f3n<\/strong>: Algunas estelas se disipan r\u00e1pidamente, mientras que otras pueden persistir y expandirse, formando nubes cirros artificiales que pueden cubrir grandes \u00e1reas del cielo.<\/li>\n<\/ul>\n<h4><strong>Medidas de mitigaci\u00f3n<\/strong><\/h4>\n<ul>\n<li><strong>Tecnolog\u00edas m\u00e1s limpias<\/strong>: La industria de la aviaci\u00f3n debe trabajar en desarrollar motores m\u00e1s eficientes y combustibles m\u00e1s limpios para reducir las emisiones y el impacto ambiental de los vuelos.<\/li>\n<li><strong>Rutas de vuelo<\/strong>: Tambi\u00e9n deben ajustar las rutas de vuelo y las altitudes puede ayudar a minimizar la formaci\u00f3n de estelas de condensaci\u00f3n en ciertas condiciones atmosf\u00e9ricas.<\/li>\n<\/ul>\n<figure id=\"attachment_5664\" aria-describedby=\"caption-attachment-5664\" style=\"width: 300px\" class=\"wp-caption aligncenter\"><a href=\"https:\/\/rafaramirez.org\/blog\/wp-content\/uploads\/2024\/09\/countryside-5159278.jpg\" target=\"_blank\" rel=\"noopener\"><img loading=\"lazy\" decoding=\"async\" class=\"wp-image-5664 size-medium\" src=\"https:\/\/rafaramirez.org\/blog\/wp-content\/uploads\/2024\/09\/countryside-5159278-300x199.jpg\" alt=\"D\u00eda Internacional del Aire Limpio por un Cielo Azul. Blog de Rafael Ram\u00edrez.\" width=\"300\" height=\"199\" srcset=\"https:\/\/rafaramirez.org\/blog\/wp-content\/uploads\/2024\/09\/countryside-5159278-300x199.jpg 300w, https:\/\/rafaramirez.org\/blog\/wp-content\/uploads\/2024\/09\/countryside-5159278-1024x678.jpg 1024w, https:\/\/rafaramirez.org\/blog\/wp-content\/uploads\/2024\/09\/countryside-5159278-768x509.jpg 768w, https:\/\/rafaramirez.org\/blog\/wp-content\/uploads\/2024\/09\/countryside-5159278.jpg 1200w\" sizes=\"auto, (max-width: 300px) 100vw, 300px\" \/><\/a><figcaption id=\"caption-attachment-5664\" class=\"wp-caption-text\">D\u00eda Internacional del Aire Limpio por un Cielo Azul. Blog de Rafael Ram\u00edrez.<\/figcaption><\/figure>\n<p><strong>Espero que esta informaci\u00f3n te haya resultado \u00fatil y ayudado a saber m\u00e1s sobre el D\u00eda Internacional del Aire Limpio y los problemas que afectan a la calidad de \u00e9ste. \u00a1Saludos!\u00a0<\/strong><\/p>\n<p>M\u00e1s informaci\u00f3n:<\/p>\n<ul>\n<li><a href=\"https:\/\/www.un.org\/es\/observances\/clean-air-day\" target=\"_blank\" rel=\"noopener\">ONU<\/a>.<\/li>\n<li><a href=\"https:\/\/www.unep.org\/es\/noticias-y-reportajes\/comunicado-de-prensa\/el-dia-internacional-del-aire-limpio-por-un-cielo-azul\" target=\"_blank\" rel=\"noopener\">UNEP<\/a>.<\/li>\n<li><a href=\"https:\/\/www.diainternacionalde.com\/ficha\/dia-internacional-aire-limpio-cielo-azul\" target=\"_blank\" rel=\"noopener\">D\u00cdA INTERNACIONAL DE<\/a>.<\/li>\n<\/ul>\n","protected":false},"excerpt":{"rendered":"<p>El\u00a0D\u00eda Internacional del Aire Limpio por un Cielo Azul\u00a0se celebra cada a\u00f1o el\u00a07 de septiembre.\u00a0Este d\u00eda fue establecido por la Asamblea General de las Naciones Unidas en 2019 para concienciar sobre la importancia de la calidad del aire y la necesidad de reducir la contaminaci\u00f3n atmosf\u00e9rica. El tema del a\u00f1o 2023 fue\u00a0\u201cJuntos por un aire [&hellip;]<\/p>\n","protected":false},"author":1,"featured_media":5661,"comment_status":"open","ping_status":"closed","sticky":false,"template":"","format":"standard","meta":{"site-container-style":"default","site-container-layout":"default","site-sidebar-layout":"default","disable-article-header":"default","disable-site-header":"default","disable-site-footer":"default","disable-content-area-spacing":"default","_jetpack_newsletter_access":"","_jetpack_dont_email_post_to_subs":false,"_jetpack_newsletter_tier_id":0,"_jetpack_memberships_contains_paywalled_content":false,"_jetpack_feature_clip_id":0,"_jetpack_memberships_contains_paid_content":false,"footnotes":"","jetpack_publicize_message":"","jetpack_publicize_feature_enabled":true,"jetpack_social_post_already_shared":true,"jetpack_social_options":{"image_generator_settings":{"template":"highway","default_image_id":0,"font":"","enabled":false},"version":2},"jetpack_post_was_ever_published":false},"categories":[1291,15],"tags":[3269,1713,3286,3292,68,3287,3273,3276,3278,3275,3272,3293,3268,3295,1323,3291,3285,3288,3274,3271,3270,3290,3294,336,338,3280,3281,3289,3282,3277,3279,3284,3283],"class_list":["post-5659","post","type-post","status-publish","format-standard","has-post-thumbnail","hentry","category-efemerides","category-noticias-sociales","tag-7-de-septiembre","tag-asamblea-general-de-las-naciones-unidas","tag-asma","tag-benceno","tag-blog-de-rafael-ramirez","tag-bronquitis","tag-calidad-del-aire","tag-condensation-trails","tag-contaminacion-atmosferica","tag-contrails","tag-desarrollo","tag-desarrollo-infantil","tag-dia-internacional-del-aire-limpio-por-un-cielo-azul","tag-efectos-nocivos-de-la-contaminacion","tag-efemerides","tag-enfermedades-cardiovasculares","tag-enfermedades-respiratorias","tag-enrojecimiento","tag-estelas-de-condensacion","tag-investigacion","tag-juntos-por-un-aire-limpio","tag-lagrimeo-en-los-ojos","tag-ninos-y-ancianos","tag-oms","tag-organizacion-mundial-de-la-salud","tag-ozono","tag-particulas-finas","tag-picazon","tag-pm2-5","tag-poblacion-mundial","tag-salud-humana","tag-tos","tag-vias-respiratorias"],"yoast_head":"<!-- This site is optimized with the Yoast SEO plugin v28.4 - https:\/\/yoast.com\/product\/yoast-seo-wordpress\/ -->\n<title>D\u00eda Internacional del Aire Limpio o c\u00f3mo contribuir al bienestar de la poblaci\u00f3n mundial. - Blog de Rafael Ram\u00edrez<\/title>\n<meta name=\"robots\" content=\"index, follow, max-snippet:-1, max-image-preview:large, max-video-preview:-1\" \/>\n<link rel=\"canonical\" href=\"https:\/\/rafaramirez.org\/blog\/index.php\/2024\/09\/06\/7-de-septiembre-dia-internacional-del-aire-limpio-por-un-cielo-azul\/\" \/>\n<meta property=\"og:locale\" content=\"es_ES\" \/>\n<meta property=\"og:type\" content=\"article\" \/>\n<meta property=\"og:title\" content=\"D\u00eda Internacional del Aire Limpio o c\u00f3mo contribuir al bienestar de la poblaci\u00f3n mundial. - Blog de Rafael Ram\u00edrez\" \/>\n<meta property=\"og:description\" content=\"El\u00a0D\u00eda Internacional del Aire Limpio por un Cielo Azul\u00a0se celebra cada a\u00f1o el\u00a07 de septiembre.\u00a0Este d\u00eda fue establecido por la Asamblea General de las Naciones Unidas en 2019 para concienciar sobre la importancia de la calidad del aire y la necesidad de reducir la contaminaci\u00f3n atmosf\u00e9rica. El tema del a\u00f1o 2023 fue\u00a0\u201cJuntos por un aire [&hellip;]\" \/>\n<meta property=\"og:url\" content=\"https:\/\/rafaramirez.org\/blog\/index.php\/2024\/09\/06\/7-de-septiembre-dia-internacional-del-aire-limpio-por-un-cielo-azul\/\" \/>\n<meta property=\"og:site_name\" content=\"Blog de Rafael Ram\u00edrez\" \/>\n<meta property=\"article:published_time\" content=\"2024-09-06T06:15:11+00:00\" \/>\n<meta property=\"og:image\" content=\"https:\/\/rafaramirez.org\/blog\/wp-content\/uploads\/2024\/09\/Dia_Internacional_Aire_Limpio-banner.jpg\" \/>\n\t<meta property=\"og:image:width\" content=\"750\" \/>\n\t<meta property=\"og:image:height\" content=\"445\" \/>\n\t<meta property=\"og:image:type\" content=\"image\/jpeg\" \/>\n<meta name=\"author\" content=\"Rafael Ram\u00edrez\" \/>\n<meta name=\"twitter:card\" content=\"summary_large_image\" \/>\n<meta name=\"twitter:creator\" content=\"@rafaramirez_ok\" \/>\n<meta name=\"twitter:site\" content=\"@rafaramirez_ok\" \/>\n<meta name=\"twitter:label1\" content=\"Escrito por\" \/>\n\t<meta name=\"twitter:data1\" content=\"Rafael Ram\u00edrez\" \/>\n\t<meta name=\"twitter:label2\" content=\"Tiempo de lectura\" \/>\n\t<meta name=\"twitter:data2\" content=\"5 minutos\" \/>\n<script type=\"application\/ld+json\" class=\"yoast-schema-graph\">{\"@context\":\"https:\\\/\\\/schema.org\",\"@graph\":[{\"@type\":\"Article\",\"@id\":\"https:\\\/\\\/rafaramirez.org\\\/blog\\\/index.php\\\/2024\\\/09\\\/06\\\/7-de-septiembre-dia-internacional-del-aire-limpio-por-un-cielo-azul\\\/#article\",\"isPartOf\":{\"@id\":\"https:\\\/\\\/rafaramirez.org\\\/blog\\\/index.php\\\/2024\\\/09\\\/06\\\/7-de-septiembre-dia-internacional-del-aire-limpio-por-un-cielo-azul\\\/\"},\"author\":{\"name\":\"Rafael Ram\u00edrez\",\"@id\":\"https:\\\/\\\/rafaramirez.org\\\/blog\\\/#\\\/schema\\\/person\\\/50f43b6d60c578760d4c17bda54ab6a5\"},\"headline\":\"D\u00eda Internacional del Aire Limpio o c\u00f3mo contribuir al bienestar de la poblaci\u00f3n mundial.\",\"datePublished\":\"2024-09-06T06:15:11+00:00\",\"mainEntityOfPage\":{\"@id\":\"https:\\\/\\\/rafaramirez.org\\\/blog\\\/index.php\\\/2024\\\/09\\\/06\\\/7-de-septiembre-dia-internacional-del-aire-limpio-por-un-cielo-azul\\\/\"},\"wordCount\":937,\"commentCount\":0,\"publisher\":{\"@id\":\"https:\\\/\\\/rafaramirez.org\\\/blog\\\/#\\\/schema\\\/person\\\/50f43b6d60c578760d4c17bda54ab6a5\"},\"image\":{\"@id\":\"https:\\\/\\\/rafaramirez.org\\\/blog\\\/index.php\\\/2024\\\/09\\\/06\\\/7-de-septiembre-dia-internacional-del-aire-limpio-por-un-cielo-azul\\\/#primaryimage\"},\"thumbnailUrl\":\"https:\\\/\\\/rafaramirez.org\\\/blog\\\/wp-content\\\/uploads\\\/2024\\\/09\\\/Dia_Internacional_Aire_Limpio-banner.jpg\",\"keywords\":[\"7 de septiembre\",\"Asamblea General de las Naciones Unidas\",\"asma\",\"benceno\",\"blog de Rafael Ram\u00edrez\",\"bronquitis\",\"calidad del aire\",\"condensation trails\",\"contaminaci\u00f3n atmosf\u00e9rica\",\"contrails\",\"desarrollo\",\"Desarrollo infantil\",\"D\u00eda Internacional del Aire Limpio por un Cielo Azul\",\"efectos nocivos de la contaminaci\u00f3n\",\"efem\u00e9rides\",\"Enfermedades cardiovasculares\",\"enfermedades respiratorias\",\"enrojecimiento\",\"estelas de condensaci\u00f3n\",\"investigaci\u00f3n\",\"Juntos por un aire limpio\",\"lagrimeo en los ojos\",\"Ni\u00f1os y ancianos\",\"oms\",\"organizacion mundial de la salud\",\"ozono\",\"part\u00edculas finas\",\"picaz\u00f3n\",\"PM2.5\",\"poblaci\u00f3n mundial\",\"salud humana\",\"tos\",\"v\u00edas respiratorias\"],\"articleSection\":[\"Efem\u00e9rides\",\"Informe social\"],\"inLanguage\":\"es\",\"potentialAction\":[{\"@type\":\"CommentAction\",\"name\":\"Comment\",\"target\":[\"https:\\\/\\\/rafaramirez.org\\\/blog\\\/index.php\\\/2024\\\/09\\\/06\\\/7-de-septiembre-dia-internacional-del-aire-limpio-por-un-cielo-azul\\\/#respond\"]}]},{\"@type\":\"WebPage\",\"@id\":\"https:\\\/\\\/rafaramirez.org\\\/blog\\\/index.php\\\/2024\\\/09\\\/06\\\/7-de-septiembre-dia-internacional-del-aire-limpio-por-un-cielo-azul\\\/\",\"url\":\"https:\\\/\\\/rafaramirez.org\\\/blog\\\/index.php\\\/2024\\\/09\\\/06\\\/7-de-septiembre-dia-internacional-del-aire-limpio-por-un-cielo-azul\\\/\",\"name\":\"D\u00eda Internacional del Aire Limpio o c\u00f3mo contribuir al bienestar de la poblaci\u00f3n mundial. - Blog de Rafael Ram\u00edrez\",\"isPartOf\":{\"@id\":\"https:\\\/\\\/rafaramirez.org\\\/blog\\\/#website\"},\"primaryImageOfPage\":{\"@id\":\"https:\\\/\\\/rafaramirez.org\\\/blog\\\/index.php\\\/2024\\\/09\\\/06\\\/7-de-septiembre-dia-internacional-del-aire-limpio-por-un-cielo-azul\\\/#primaryimage\"},\"image\":{\"@id\":\"https:\\\/\\\/rafaramirez.org\\\/blog\\\/index.php\\\/2024\\\/09\\\/06\\\/7-de-septiembre-dia-internacional-del-aire-limpio-por-un-cielo-azul\\\/#primaryimage\"},\"thumbnailUrl\":\"https:\\\/\\\/rafaramirez.org\\\/blog\\\/wp-content\\\/uploads\\\/2024\\\/09\\\/Dia_Internacional_Aire_Limpio-banner.jpg\",\"datePublished\":\"2024-09-06T06:15:11+00:00\",\"breadcrumb\":{\"@id\":\"https:\\\/\\\/rafaramirez.org\\\/blog\\\/index.php\\\/2024\\\/09\\\/06\\\/7-de-septiembre-dia-internacional-del-aire-limpio-por-un-cielo-azul\\\/#breadcrumb\"},\"inLanguage\":\"es\",\"potentialAction\":[{\"@type\":\"ReadAction\",\"target\":[\"https:\\\/\\\/rafaramirez.org\\\/blog\\\/index.php\\\/2024\\\/09\\\/06\\\/7-de-septiembre-dia-internacional-del-aire-limpio-por-un-cielo-azul\\\/\"]}]},{\"@type\":\"ImageObject\",\"inLanguage\":\"es\",\"@id\":\"https:\\\/\\\/rafaramirez.org\\\/blog\\\/index.php\\\/2024\\\/09\\\/06\\\/7-de-septiembre-dia-internacional-del-aire-limpio-por-un-cielo-azul\\\/#primaryimage\",\"url\":\"https:\\\/\\\/rafaramirez.org\\\/blog\\\/wp-content\\\/uploads\\\/2024\\\/09\\\/Dia_Internacional_Aire_Limpio-banner.jpg\",\"contentUrl\":\"https:\\\/\\\/rafaramirez.org\\\/blog\\\/wp-content\\\/uploads\\\/2024\\\/09\\\/Dia_Internacional_Aire_Limpio-banner.jpg\",\"width\":750,\"height\":445,\"caption\":\"D\u00eda Internacional del Aire Limpio por un Cielo Azul. Blog de Rafael Ram\u00edrez.\"},{\"@type\":\"BreadcrumbList\",\"@id\":\"https:\\\/\\\/rafaramirez.org\\\/blog\\\/index.php\\\/2024\\\/09\\\/06\\\/7-de-septiembre-dia-internacional-del-aire-limpio-por-un-cielo-azul\\\/#breadcrumb\",\"itemListElement\":[{\"@type\":\"ListItem\",\"position\":1,\"name\":\"Portada\",\"item\":\"https:\\\/\\\/rafaramirez.org\\\/blog\\\/\"},{\"@type\":\"ListItem\",\"position\":2,\"name\":\"D\u00eda Internacional del Aire Limpio o c\u00f3mo contribuir al bienestar de la poblaci\u00f3n mundial.\"}]},{\"@type\":\"WebSite\",\"@id\":\"https:\\\/\\\/rafaramirez.org\\\/blog\\\/#website\",\"url\":\"https:\\\/\\\/rafaramirez.org\\\/blog\\\/\",\"name\":\"Blog de Rafael Ram\u00edrez\",\"description\":\"Un sitio social, de arte y cultura\",\"publisher\":{\"@id\":\"https:\\\/\\\/rafaramirez.org\\\/blog\\\/#\\\/schema\\\/person\\\/50f43b6d60c578760d4c17bda54ab6a5\"},\"potentialAction\":[{\"@type\":\"SearchAction\",\"target\":{\"@type\":\"EntryPoint\",\"urlTemplate\":\"https:\\\/\\\/rafaramirez.org\\\/blog\\\/?s={search_term_string}\"},\"query-input\":{\"@type\":\"PropertyValueSpecification\",\"valueRequired\":true,\"valueName\":\"search_term_string\"}}],\"inLanguage\":\"es\"},{\"@type\":[\"Person\",\"Organization\"],\"@id\":\"https:\\\/\\\/rafaramirez.org\\\/blog\\\/#\\\/schema\\\/person\\\/50f43b6d60c578760d4c17bda54ab6a5\",\"name\":\"Rafael Ram\u00edrez\",\"image\":{\"@type\":\"ImageObject\",\"inLanguage\":\"es\",\"@id\":\"https:\\\/\\\/rafaramirez.org\\\/blog\\\/wp-content\\\/uploads\\\/2024\\\/09\\\/RR_socialnetwork.jpg\",\"url\":\"https:\\\/\\\/rafaramirez.org\\\/blog\\\/wp-content\\\/uploads\\\/2024\\\/09\\\/RR_socialnetwork.jpg\",\"contentUrl\":\"https:\\\/\\\/rafaramirez.org\\\/blog\\\/wp-content\\\/uploads\\\/2024\\\/09\\\/RR_socialnetwork.jpg\",\"width\":600,\"height\":606,\"caption\":\"Rafael Ram\u00edrez\"},\"logo\":{\"@id\":\"https:\\\/\\\/rafaramirez.org\\\/blog\\\/wp-content\\\/uploads\\\/2024\\\/09\\\/RR_socialnetwork.jpg\"},\"sameAs\":[\"https:\\\/\\\/www.rafaramirez.org\\\/blog\",\"https:\\\/\\\/www.instagram.com\\\/rafaramirez_ok\\\/\",\"https:\\\/\\\/es.pinterest.com\\\/Ramirez_Rafa\\\/\",\"https:\\\/\\\/x.com\\\/rafaramirez_ok\"],\"url\":\"https:\\\/\\\/rafaramirez.org\\\/blog\\\/index.php\\\/author\\\/rafaell_qm6j97da\\\/\"}]}<\/script>\n<!-- \/ Yoast SEO plugin. -->","yoast_head_json":{"title":"D\u00eda Internacional del Aire Limpio o c\u00f3mo contribuir al bienestar de la poblaci\u00f3n mundial. - Blog de Rafael Ram\u00edrez","robots":{"index":"index","follow":"follow","max-snippet":"max-snippet:-1","max-image-preview":"max-image-preview:large","max-video-preview":"max-video-preview:-1"},"canonical":"https:\/\/rafaramirez.org\/blog\/index.php\/2024\/09\/06\/7-de-septiembre-dia-internacional-del-aire-limpio-por-un-cielo-azul\/","og_locale":"es_ES","og_type":"article","og_title":"D\u00eda Internacional del Aire Limpio o c\u00f3mo contribuir al bienestar de la poblaci\u00f3n mundial. - Blog de Rafael Ram\u00edrez","og_description":"El\u00a0D\u00eda Internacional del Aire Limpio por un Cielo Azul\u00a0se celebra cada a\u00f1o el\u00a07 de septiembre.\u00a0Este d\u00eda fue establecido por la Asamblea General de las Naciones Unidas en 2019 para concienciar sobre la importancia de la calidad del aire y la necesidad de reducir la contaminaci\u00f3n atmosf\u00e9rica. El tema del a\u00f1o 2023 fue\u00a0\u201cJuntos por un aire [&hellip;]","og_url":"https:\/\/rafaramirez.org\/blog\/index.php\/2024\/09\/06\/7-de-septiembre-dia-internacional-del-aire-limpio-por-un-cielo-azul\/","og_site_name":"Blog de Rafael Ram\u00edrez","article_published_time":"2024-09-06T06:15:11+00:00","og_image":[{"width":750,"height":445,"url":"https:\/\/rafaramirez.org\/blog\/wp-content\/uploads\/2024\/09\/Dia_Internacional_Aire_Limpio-banner.jpg","type":"image\/jpeg"}],"author":"Rafael Ram\u00edrez","twitter_card":"summary_large_image","twitter_creator":"@rafaramirez_ok","twitter_site":"@rafaramirez_ok","twitter_misc":{"Escrito por":"Rafael Ram\u00edrez","Tiempo de lectura":"5 minutos"},"schema":{"@context":"https:\/\/schema.org","@graph":[{"@type":"Article","@id":"https:\/\/rafaramirez.org\/blog\/index.php\/2024\/09\/06\/7-de-septiembre-dia-internacional-del-aire-limpio-por-un-cielo-azul\/#article","isPartOf":{"@id":"https:\/\/rafaramirez.org\/blog\/index.php\/2024\/09\/06\/7-de-septiembre-dia-internacional-del-aire-limpio-por-un-cielo-azul\/"},"author":{"name":"Rafael Ram\u00edrez","@id":"https:\/\/rafaramirez.org\/blog\/#\/schema\/person\/50f43b6d60c578760d4c17bda54ab6a5"},"headline":"D\u00eda Internacional del Aire Limpio o c\u00f3mo contribuir al bienestar de la poblaci\u00f3n mundial.","datePublished":"2024-09-06T06:15:11+00:00","mainEntityOfPage":{"@id":"https:\/\/rafaramirez.org\/blog\/index.php\/2024\/09\/06\/7-de-septiembre-dia-internacional-del-aire-limpio-por-un-cielo-azul\/"},"wordCount":937,"commentCount":0,"publisher":{"@id":"https:\/\/rafaramirez.org\/blog\/#\/schema\/person\/50f43b6d60c578760d4c17bda54ab6a5"},"image":{"@id":"https:\/\/rafaramirez.org\/blog\/index.php\/2024\/09\/06\/7-de-septiembre-dia-internacional-del-aire-limpio-por-un-cielo-azul\/#primaryimage"},"thumbnailUrl":"https:\/\/rafaramirez.org\/blog\/wp-content\/uploads\/2024\/09\/Dia_Internacional_Aire_Limpio-banner.jpg","keywords":["7 de septiembre","Asamblea General de las Naciones Unidas","asma","benceno","blog de Rafael Ram\u00edrez","bronquitis","calidad del aire","condensation trails","contaminaci\u00f3n atmosf\u00e9rica","contrails","desarrollo","Desarrollo infantil","D\u00eda Internacional del Aire Limpio por un Cielo Azul","efectos nocivos de la contaminaci\u00f3n","efem\u00e9rides","Enfermedades cardiovasculares","enfermedades respiratorias","enrojecimiento","estelas de condensaci\u00f3n","investigaci\u00f3n","Juntos por un aire limpio","lagrimeo en los ojos","Ni\u00f1os y ancianos","oms","organizacion mundial de la salud","ozono","part\u00edculas finas","picaz\u00f3n","PM2.5","poblaci\u00f3n mundial","salud humana","tos","v\u00edas respiratorias"],"articleSection":["Efem\u00e9rides","Informe social"],"inLanguage":"es","potentialAction":[{"@type":"CommentAction","name":"Comment","target":["https:\/\/rafaramirez.org\/blog\/index.php\/2024\/09\/06\/7-de-septiembre-dia-internacional-del-aire-limpio-por-un-cielo-azul\/#respond"]}]},{"@type":"WebPage","@id":"https:\/\/rafaramirez.org\/blog\/index.php\/2024\/09\/06\/7-de-septiembre-dia-internacional-del-aire-limpio-por-un-cielo-azul\/","url":"https:\/\/rafaramirez.org\/blog\/index.php\/2024\/09\/06\/7-de-septiembre-dia-internacional-del-aire-limpio-por-un-cielo-azul\/","name":"D\u00eda Internacional del Aire Limpio o c\u00f3mo contribuir al bienestar de la poblaci\u00f3n mundial. - Blog de Rafael Ram\u00edrez","isPartOf":{"@id":"https:\/\/rafaramirez.org\/blog\/#website"},"primaryImageOfPage":{"@id":"https:\/\/rafaramirez.org\/blog\/index.php\/2024\/09\/06\/7-de-septiembre-dia-internacional-del-aire-limpio-por-un-cielo-azul\/#primaryimage"},"image":{"@id":"https:\/\/rafaramirez.org\/blog\/index.php\/2024\/09\/06\/7-de-septiembre-dia-internacional-del-aire-limpio-por-un-cielo-azul\/#primaryimage"},"thumbnailUrl":"https:\/\/rafaramirez.org\/blog\/wp-content\/uploads\/2024\/09\/Dia_Internacional_Aire_Limpio-banner.jpg","datePublished":"2024-09-06T06:15:11+00:00","breadcrumb":{"@id":"https:\/\/rafaramirez.org\/blog\/index.php\/2024\/09\/06\/7-de-septiembre-dia-internacional-del-aire-limpio-por-un-cielo-azul\/#breadcrumb"},"inLanguage":"es","potentialAction":[{"@type":"ReadAction","target":["https:\/\/rafaramirez.org\/blog\/index.php\/2024\/09\/06\/7-de-septiembre-dia-internacional-del-aire-limpio-por-un-cielo-azul\/"]}]},{"@type":"ImageObject","inLanguage":"es","@id":"https:\/\/rafaramirez.org\/blog\/index.php\/2024\/09\/06\/7-de-septiembre-dia-internacional-del-aire-limpio-por-un-cielo-azul\/#primaryimage","url":"https:\/\/rafaramirez.org\/blog\/wp-content\/uploads\/2024\/09\/Dia_Internacional_Aire_Limpio-banner.jpg","contentUrl":"https:\/\/rafaramirez.org\/blog\/wp-content\/uploads\/2024\/09\/Dia_Internacional_Aire_Limpio-banner.jpg","width":750,"height":445,"caption":"D\u00eda Internacional del Aire Limpio por un Cielo Azul. Blog de Rafael Ram\u00edrez."},{"@type":"BreadcrumbList","@id":"https:\/\/rafaramirez.org\/blog\/index.php\/2024\/09\/06\/7-de-septiembre-dia-internacional-del-aire-limpio-por-un-cielo-azul\/#breadcrumb","itemListElement":[{"@type":"ListItem","position":1,"name":"Portada","item":"https:\/\/rafaramirez.org\/blog\/"},{"@type":"ListItem","position":2,"name":"D\u00eda Internacional del Aire Limpio o c\u00f3mo contribuir al bienestar de la poblaci\u00f3n mundial."}]},{"@type":"WebSite","@id":"https:\/\/rafaramirez.org\/blog\/#website","url":"https:\/\/rafaramirez.org\/blog\/","name":"Blog de Rafael Ram\u00edrez","description":"Un sitio social, de arte y cultura","publisher":{"@id":"https:\/\/rafaramirez.org\/blog\/#\/schema\/person\/50f43b6d60c578760d4c17bda54ab6a5"},"potentialAction":[{"@type":"SearchAction","target":{"@type":"EntryPoint","urlTemplate":"https:\/\/rafaramirez.org\/blog\/?s={search_term_string}"},"query-input":{"@type":"PropertyValueSpecification","valueRequired":true,"valueName":"search_term_string"}}],"inLanguage":"es"},{"@type":["Person","Organization"],"@id":"https:\/\/rafaramirez.org\/blog\/#\/schema\/person\/50f43b6d60c578760d4c17bda54ab6a5","name":"Rafael Ram\u00edrez","image":{"@type":"ImageObject","inLanguage":"es","@id":"https:\/\/rafaramirez.org\/blog\/wp-content\/uploads\/2024\/09\/RR_socialnetwork.jpg","url":"https:\/\/rafaramirez.org\/blog\/wp-content\/uploads\/2024\/09\/RR_socialnetwork.jpg","contentUrl":"https:\/\/rafaramirez.org\/blog\/wp-content\/uploads\/2024\/09\/RR_socialnetwork.jpg","width":600,"height":606,"caption":"Rafael Ram\u00edrez"},"logo":{"@id":"https:\/\/rafaramirez.org\/blog\/wp-content\/uploads\/2024\/09\/RR_socialnetwork.jpg"},"sameAs":["https:\/\/www.rafaramirez.org\/blog","https:\/\/www.instagram.com\/rafaramirez_ok\/","https:\/\/es.pinterest.com\/Ramirez_Rafa\/","https:\/\/x.com\/rafaramirez_ok"],"url":"https:\/\/rafaramirez.org\/blog\/index.php\/author\/rafaell_qm6j97da\/"}]}},"jetpack_publicize_connections":[],"jetpack_sharing_enabled":true,"jetpack_likes_enabled":true,"jetpack_featured_media_url":"https:\/\/rafaramirez.org\/blog\/wp-content\/uploads\/2024\/09\/Dia_Internacional_Aire_Limpio-banner.jpg","_links":{"self":[{"href":"https:\/\/rafaramirez.org\/blog\/index.php\/wp-json\/wp\/v2\/posts\/5659","targetHints":{"allow":["GET"]}}],"collection":[{"href":"https:\/\/rafaramirez.org\/blog\/index.php\/wp-json\/wp\/v2\/posts"}],"about":[{"href":"https:\/\/rafaramirez.org\/blog\/index.php\/wp-json\/wp\/v2\/types\/post"}],"author":[{"embeddable":true,"href":"https:\/\/rafaramirez.org\/blog\/index.php\/wp-json\/wp\/v2\/users\/1"}],"replies":[{"embeddable":true,"href":"https:\/\/rafaramirez.org\/blog\/index.php\/wp-json\/wp\/v2\/comments?post=5659"}],"version-history":[{"count":7,"href":"https:\/\/rafaramirez.org\/blog\/index.php\/wp-json\/wp\/v2\/posts\/5659\/revisions"}],"predecessor-version":[{"id":5669,"href":"https:\/\/rafaramirez.org\/blog\/index.php\/wp-json\/wp\/v2\/posts\/5659\/revisions\/5669"}],"wp:featuredmedia":[{"embeddable":true,"href":"https:\/\/rafaramirez.org\/blog\/index.php\/wp-json\/wp\/v2\/media\/5661"}],"wp:attachment":[{"href":"https:\/\/rafaramirez.org\/blog\/index.php\/wp-json\/wp\/v2\/media?parent=5659"}],"wp:term":[{"taxonomy":"category","embeddable":true,"href":"https:\/\/rafaramirez.org\/blog\/index.php\/wp-json\/wp\/v2\/categories?post=5659"},{"taxonomy":"post_tag","embeddable":true,"href":"https:\/\/rafaramirez.org\/blog\/index.php\/wp-json\/wp\/v2\/tags?post=5659"}],"curies":[{"name":"wp","href":"https:\/\/api.w.org\/{rel}","templated":true}]}}