{"id":5532,"date":"2024-08-27T08:15:00","date_gmt":"2024-08-27T06:15:00","guid":{"rendered":"https:\/\/rafaramirez.org\/blog\/?p=5532"},"modified":"2024-08-27T08:30:58","modified_gmt":"2024-08-27T06:30:58","slug":"en-el-septimo-dia-pelicula-de-jim-mckay-o-la-agridulce-realidad-del-sueno-americano","status":"publish","type":"post","link":"https:\/\/rafaramirez.org\/blog\/index.php\/2024\/08\/27\/en-el-septimo-dia-pelicula-de-jim-mckay-o-la-agridulce-realidad-del-sueno-americano\/","title":{"rendered":"\u00abEn el s\u00e9ptimo d\u00eda\u00bb pel\u00edcula de Jim Mckay o la agridulce realidad del sue\u00f1o americano."},"content":{"rendered":"<p>\u201c<strong>En el s\u00e9ptimo d\u00eda<\/strong>\u201d es una pel\u00edcula dirigida por <strong>Jim McKay<\/strong> y estrenada en 2017. La historia sigue a un grupo de inmigrantes mexicanos indocumentados que trabajan largas jornadas seis d\u00edas a la semana y disfrutan de su d\u00eda de descanso jugando al f\u00fatbol en los campos de Brooklyn. El film se centra en sus vidas cotidianas y los desaf\u00edos que enfrentan como inmigrantes en Nueva York.<\/p>\n<p>La pel\u00edcula se destaca por su enfoque realista y humano, utilizando actores no profesionales para darle autenticidad a la historia. Fue bien recibida por la cr\u00edtica, destacando su capacidad para capturar la realidad agridulce del sue\u00f1o americano.<\/p>\n<figure id=\"attachment_5538\" aria-describedby=\"caption-attachment-5538\" style=\"width: 206px\" class=\"wp-caption aligncenter\"><a href=\"https:\/\/rafaramirez.org\/blog\/wp-content\/uploads\/2024\/08\/el_septimo_dia_cartel.jpg\" target=\"_blank\" rel=\"noopener\"><img loading=\"lazy\" decoding=\"async\" class=\"wp-image-5538 size-medium\" src=\"https:\/\/rafaramirez.org\/blog\/wp-content\/uploads\/2024\/08\/el_septimo_dia_cartel-206x300.jpg\" alt=\"\" en el s\u00e9ptimo d\u00eda pel\u00edcula de jim mckay. blog rafael ram\u00edrez. width=\"206\" height=\"300\" srcset=\"https:\/\/rafaramirez.org\/blog\/wp-content\/uploads\/2024\/08\/el_septimo_dia_cartel-206x300.jpg 206w, https:\/\/rafaramirez.org\/blog\/wp-content\/uploads\/2024\/08\/el_septimo_dia_cartel-703x1024.jpg 703w, https:\/\/rafaramirez.org\/blog\/wp-content\/uploads\/2024\/08\/el_septimo_dia_cartel-768x1118.jpg 768w, https:\/\/rafaramirez.org\/blog\/wp-content\/uploads\/2024\/08\/el_septimo_dia_cartel.jpg 1000w\" sizes=\"auto, (max-width: 206px) 100vw, 206px\" \/><\/a><figcaption id=\"caption-attachment-5538\" class=\"wp-caption-text\">\u00abEn el s\u00e9ptimo d\u00eda\u00bb pel\u00edcula de Jim Mckay. Blog de Rafael Ram\u00edrez.<\/figcaption><\/figure>\n<h3>Ficha t\u00e9cnica.<\/h3>\n<ul>\n<li><strong>T\u00edtulo original<\/strong>: On the Seventh Day (En el s\u00e9ptimo d\u00eda)<\/li>\n<li><strong>A\u00f1o<\/strong>: 2017<\/li>\n<li><strong>Duraci\u00f3n<\/strong>: 97 minutos<\/li>\n<li><strong>Pa\u00eds<\/strong>: Estados Unidos<\/li>\n<li><strong>Direcci\u00f3n<\/strong>: Jim McKay<\/li>\n<li><strong>Guion<\/strong>: Jim McKay<\/li>\n<li><strong>Reparto<\/strong>: Fernando Cardona, Gilberto Jim\u00e9nez, Abel Perez, Genoel Ram\u00edrez, Mathia Vargas, Alex Tragellis, Alfonso Velazquez, Alejandro Huitzil, Gilberto Arenas, Loren Garcia, Christopher Gabriel N\u00fa\u00f1ez, Donal Brophy<\/li>\n<li><strong>Fotograf\u00eda<\/strong>: Charles Libin<\/li>\n<li><strong>Compa\u00f1\u00eda<\/strong>: C-Hundred Film Corp<\/li>\n<li><strong>G\u00e9nero<\/strong>: Drama | Cine independiente USA, Inmigraci\u00f3n, Trabajo<\/li>\n<\/ul>\n<figure id=\"attachment_5540\" aria-describedby=\"caption-attachment-5540\" style=\"width: 300px\" class=\"wp-caption aligncenter\"><a href=\"https:\/\/rafaramirez.org\/blog\/wp-content\/uploads\/2024\/08\/el_septimo_dia_2.jpg\" target=\"_blank\" rel=\"noopener\"><img loading=\"lazy\" decoding=\"async\" class=\"wp-image-5540 size-medium\" src=\"https:\/\/rafaramirez.org\/blog\/wp-content\/uploads\/2024\/08\/el_septimo_dia_2-300x169.jpg\" alt=\"\" en el s\u00e9ptimo d\u00eda pel\u00edcula de jim mckay. blog rafael ram\u00edrez. width=\"300\" height=\"169\" srcset=\"https:\/\/rafaramirez.org\/blog\/wp-content\/uploads\/2024\/08\/el_septimo_dia_2-300x169.jpg 300w, https:\/\/rafaramirez.org\/blog\/wp-content\/uploads\/2024\/08\/el_septimo_dia_2-1024x576.jpg 1024w, https:\/\/rafaramirez.org\/blog\/wp-content\/uploads\/2024\/08\/el_septimo_dia_2-768x432.jpg 768w, https:\/\/rafaramirez.org\/blog\/wp-content\/uploads\/2024\/08\/el_septimo_dia_2-1536x864.jpg 1536w, https:\/\/rafaramirez.org\/blog\/wp-content\/uploads\/2024\/08\/el_septimo_dia_2.jpg 1920w\" sizes=\"auto, (max-width: 300px) 100vw, 300px\" \/><\/a><figcaption id=\"caption-attachment-5540\" class=\"wp-caption-text\">\u00abEn el s\u00e9ptimo d\u00eda\u00bb pel\u00edcula de Jim Mckay. Blog de Rafael Ram\u00edrez.<\/figcaption><\/figure>\n<h3>Sobre su director.<\/h3>\n<p>Jim McKay es un director, productor y guionista estadounidense conocido por su trabajo tanto en cine como en televisi\u00f3n. Comenz\u00f3 su carrera en la d\u00e9cada de 1990 y ha dirigido episodios de series populares como <strong>The Wire<\/strong>, <strong>Treme<\/strong>, <strong>Better Call Saul<\/strong>, <strong>Mr. Robot<\/strong>, y <strong>The Good Wife<\/strong>.<\/p>\n<p>En el \u00e1mbito cinematogr\u00e1fico, McKay ha dirigido y escrito varias pel\u00edculas, entre las que destacan <strong>\u201cGirls Town\u201d<\/strong> (1996), <strong>\u201cOur Song\u201d<\/strong> (2000) o esta que te presento hoy <strong>\u201cEn el s\u00e9ptimo d\u00eda\u201d<\/strong> (2017). Su estilo se caracteriza por un enfoque realista y una profunda empat\u00eda hacia sus personajes, a menudo explorando temas sociales y comunitarios.<\/p>\n<p>Adem\u00e1s, McKay es cofundador de la compa\u00f1\u00eda <strong>C-Hundred Film Corp<\/strong> junto con <strong>Michael Stipe<\/strong>, donde ha producido y dirigido documentales y videos musicales.<\/p>\n<figure id=\"attachment_5539\" aria-describedby=\"caption-attachment-5539\" style=\"width: 300px\" class=\"wp-caption aligncenter\"><a href=\"https:\/\/rafaramirez.org\/blog\/wp-content\/uploads\/2024\/08\/el_septimo_dia_1.jpg\"><img loading=\"lazy\" decoding=\"async\" class=\"size-medium wp-image-5539\" src=\"https:\/\/rafaramirez.org\/blog\/wp-content\/uploads\/2024\/08\/el_septimo_dia_1-300x169.jpg\" alt=\"\" en el s\u00e9ptimo d\u00eda pel\u00edcula de jim mckay. blog rafael ram\u00edrez. width=\"300\" height=\"169\" srcset=\"https:\/\/rafaramirez.org\/blog\/wp-content\/uploads\/2024\/08\/el_septimo_dia_1-300x169.jpg 300w, https:\/\/rafaramirez.org\/blog\/wp-content\/uploads\/2024\/08\/el_septimo_dia_1-1024x576.jpg 1024w, https:\/\/rafaramirez.org\/blog\/wp-content\/uploads\/2024\/08\/el_septimo_dia_1-768x432.jpg 768w, https:\/\/rafaramirez.org\/blog\/wp-content\/uploads\/2024\/08\/el_septimo_dia_1-1536x864.jpg 1536w, https:\/\/rafaramirez.org\/blog\/wp-content\/uploads\/2024\/08\/el_septimo_dia_1-2048x1152.jpg 2048w\" sizes=\"auto, (max-width: 300px) 100vw, 300px\" \/><\/a><figcaption id=\"caption-attachment-5539\" class=\"wp-caption-text\">\u00abEn el s\u00e9ptimo d\u00eda\u00bb pel\u00edcula de Jim Mckay. Blog de Rafael Ram\u00edrez.<\/figcaption><\/figure>\n<h3>Opiniones de la cr\u00edtica.<\/h3>\n<p>La pel\u00edcula \u201cEn el s\u00e9ptimo d\u00eda\u201d ha recibido cr\u00edticas muy positivas. Aqu\u00ed tienes algunas opiniones destacadas:<\/p>\n<ul>\n<li>Eric Kohn de <strong>\u00abIndieWire\u00bb<\/strong> elogi\u00f3 la pel\u00edcula por combinar una premisa sencilla con preocupaciones profundas<span style=\"font-size:12px;\">.<\/span><\/li>\n<li>Sheri Linden de <strong>\u00abThe Hollywood Reporter\u00bb<\/strong> destac\u00f3 el encanto natural de la pel\u00edcula y la compar\u00f3 con el neorrealismo.<\/li>\n<li>Owen Gleiberman de <strong>\u00abVariety\u00bb<\/strong> mencion\u00f3 que la pel\u00edcula tiene una humanidad profunda que trasciende la t\u00e9cnica.<\/li>\n<li>Clayton Dillard de <strong>\u00abSlant\u00bb<\/strong> valor\u00f3 la actuaci\u00f3n de Fernando Cardona y el uso de locaciones reales.<\/li>\n<li>Monica Castillo de <strong>\u00abVillage Voice\u00bb<\/strong> se\u00f1al\u00f3 que la pel\u00edcula captura de forma genuina la realidad del sue\u00f1o americano.<\/li>\n<\/ul>\n<p>En general, la cr\u00edtica ha apreciado la autenticidad y la empat\u00eda con la que Jim McKay aborda la vida de los inmigrantes mexicanos en Brooklyn.<\/p>\n<h3>Trailer.<\/h3>\n<p><iframe loading=\"lazy\" frameborder=\"0\" title=\"YouTube video player\" src=\"https:\/\/www.youtube.com\/embed\/gYg3mAJTWSE?si=CqeeMoIShV7Sb3WJ\" width=\"560\" height=\"315\" allowfullscreen><\/iframe><\/p>\n<p><strong>Espero que te guste la pel\u00edcula, te invito a dejar tus comentarios debajo del post. \u00a1Saludos!<\/strong><\/p>\n<p>M\u00e1s informaci\u00f3n:<\/p>\n<ul>\n<li><a href=\"https:\/\/www.filmaffinity.com\/es\/film555105.html\" target=\"_blank\" rel=\"noopener\">Film Affinity.com<\/a><\/li>\n<li><a href=\"https:\/\/www.imdb.com\/title\/tt6144092\/\" target=\"_blank\" rel=\"noopener\">Imdb.com<\/a><\/li>\n<li><a href=\"https:\/\/en.wikipedia.org\/wiki\/Jim_McKay_%28director%29\" target=\"_blank\" rel=\"noopener\">Wikipedia.org<\/a> (Ingl\u00e9s)<\/li>\n<li><a href=\"https:\/\/jimmckayfilm.com\/\" target=\"_blank\" rel=\"noopener\">Jim Mckay film.com<\/a><\/li>\n<\/ul>\n","protected":false},"excerpt":{"rendered":"<p>\u201cEn el s\u00e9ptimo d\u00eda\u201d es una pel\u00edcula dirigida por Jim McKay y estrenada en 2017. La historia sigue a un grupo de inmigrantes mexicanos indocumentados que trabajan largas jornadas seis d\u00edas a la semana y disfrutan de su d\u00eda de descanso jugando al f\u00fatbol en los campos de Brooklyn. El film se centra en sus [&hellip;]<\/p>\n","protected":false},"author":1,"featured_media":5537,"comment_status":"open","ping_status":"closed","sticky":false,"template":"","format":"standard","meta":{"site-container-style":"default","site-container-layout":"default","site-sidebar-layout":"default","disable-article-header":"default","disable-site-header":"default","disable-site-footer":"default","disable-content-area-spacing":"default","_jetpack_newsletter_access":"","_jetpack_dont_email_post_to_subs":false,"_jetpack_newsletter_tier_id":0,"_jetpack_memberships_contains_paywalled_content":false,"_jetpack_feature_clip_id":0,"_jetpack_memberships_contains_paid_content":false,"footnotes":"","jetpack_publicize_message":"","jetpack_publicize_feature_enabled":true,"jetpack_social_post_already_shared":true,"jetpack_social_options":{"image_generator_settings":{"template":"highway","default_image_id":0,"font":"","enabled":false},"version":2},"jetpack_post_was_ever_published":false},"categories":[711],"tags":[3195,68,3198,1456,131,3200,3201,3196,1326,3197,897,3199],"class_list":["post-5532","post","type-post","status-publish","format-standard","has-post-thumbnail","hentry","category-cine","tag-en-el-septimo-dia-pelicula-de-jim-mckay","tag-blog-de-rafael-ramirez","tag-brooklyn","tag-critica-de-peliculas","tag-curiosidades-de-peliculas","tag-fernando-cardona","tag-gilberto-jimenez","tag-jim-mckay","tag-nueva-york","tag-pelicula-de-2017","tag-pelicula-recomendada","tag-sueno-americano"],"yoast_head":"<!-- This site is optimized with the Yoast SEO plugin v28.4 - https:\/\/yoast.com\/product\/yoast-seo-wordpress\/ -->\n<title>&quot;En el s\u00e9ptimo d\u00eda&quot; pel\u00edcula de Jim Mckay o la agridulce realidad del sue\u00f1o americano. - Blog de Rafael Ram\u00edrez<\/title>\n<meta name=\"robots\" content=\"index, follow, max-snippet:-1, max-image-preview:large, max-video-preview:-1\" \/>\n<link rel=\"canonical\" href=\"https:\/\/rafaramirez.org\/blog\/index.php\/2024\/08\/27\/en-el-septimo-dia-pelicula-de-jim-mckay-o-la-agridulce-realidad-del-sueno-americano\/\" \/>\n<meta property=\"og:locale\" content=\"es_ES\" \/>\n<meta property=\"og:type\" content=\"article\" \/>\n<meta property=\"og:title\" content=\"&quot;En el s\u00e9ptimo d\u00eda&quot; pel\u00edcula de Jim Mckay o la agridulce realidad del sue\u00f1o americano. - Blog de Rafael Ram\u00edrez\" \/>\n<meta property=\"og:description\" content=\"\u201cEn el s\u00e9ptimo d\u00eda\u201d es una pel\u00edcula dirigida por Jim McKay y estrenada en 2017. La historia sigue a un grupo de inmigrantes mexicanos indocumentados que trabajan largas jornadas seis d\u00edas a la semana y disfrutan de su d\u00eda de descanso jugando al f\u00fatbol en los campos de Brooklyn. El film se centra en sus [&hellip;]\" \/>\n<meta property=\"og:url\" content=\"https:\/\/rafaramirez.org\/blog\/index.php\/2024\/08\/27\/en-el-septimo-dia-pelicula-de-jim-mckay-o-la-agridulce-realidad-del-sueno-americano\/\" \/>\n<meta property=\"og:site_name\" content=\"Blog de Rafael Ram\u00edrez\" \/>\n<meta property=\"article:published_time\" content=\"2024-08-27T06:15:00+00:00\" \/>\n<meta property=\"article:modified_time\" content=\"2024-08-27T06:30:58+00:00\" \/>\n<meta property=\"og:image\" content=\"https:\/\/rafaramirez.org\/blog\/wp-content\/uploads\/2024\/08\/el_septimo_dia_banner.jpg\" \/>\n\t<meta property=\"og:image:width\" content=\"750\" \/>\n\t<meta property=\"og:image:height\" content=\"450\" \/>\n\t<meta property=\"og:image:type\" content=\"image\/jpeg\" \/>\n<meta name=\"author\" content=\"Rafael Ram\u00edrez\" \/>\n<meta name=\"twitter:card\" content=\"summary_large_image\" \/>\n<meta name=\"twitter:creator\" content=\"@rafaramirez_ok\" \/>\n<meta name=\"twitter:site\" content=\"@rafaramirez_ok\" \/>\n<meta name=\"twitter:label1\" content=\"Escrito por\" \/>\n\t<meta name=\"twitter:data1\" content=\"Rafael Ram\u00edrez\" \/>\n\t<meta name=\"twitter:label2\" content=\"Tiempo de lectura\" \/>\n\t<meta name=\"twitter:data2\" content=\"3 minutos\" \/>\n<script type=\"application\/ld+json\" class=\"yoast-schema-graph\">{\"@context\":\"https:\\\/\\\/schema.org\",\"@graph\":[{\"@type\":\"Article\",\"@id\":\"https:\\\/\\\/rafaramirez.org\\\/blog\\\/index.php\\\/2024\\\/08\\\/27\\\/en-el-septimo-dia-pelicula-de-jim-mckay-o-la-agridulce-realidad-del-sueno-americano\\\/#article\",\"isPartOf\":{\"@id\":\"https:\\\/\\\/rafaramirez.org\\\/blog\\\/index.php\\\/2024\\\/08\\\/27\\\/en-el-septimo-dia-pelicula-de-jim-mckay-o-la-agridulce-realidad-del-sueno-americano\\\/\"},\"author\":{\"name\":\"Rafael Ram\u00edrez\",\"@id\":\"https:\\\/\\\/rafaramirez.org\\\/blog\\\/#\\\/schema\\\/person\\\/50f43b6d60c578760d4c17bda54ab6a5\"},\"headline\":\"\u00abEn el s\u00e9ptimo d\u00eda\u00bb pel\u00edcula de Jim Mckay o la agridulce realidad del sue\u00f1o americano.\",\"datePublished\":\"2024-08-27T06:15:00+00:00\",\"dateModified\":\"2024-08-27T06:30:58+00:00\",\"mainEntityOfPage\":{\"@id\":\"https:\\\/\\\/rafaramirez.org\\\/blog\\\/index.php\\\/2024\\\/08\\\/27\\\/en-el-septimo-dia-pelicula-de-jim-mckay-o-la-agridulce-realidad-del-sueno-americano\\\/\"},\"wordCount\":591,\"commentCount\":0,\"publisher\":{\"@id\":\"https:\\\/\\\/rafaramirez.org\\\/blog\\\/#\\\/schema\\\/person\\\/50f43b6d60c578760d4c17bda54ab6a5\"},\"image\":{\"@id\":\"https:\\\/\\\/rafaramirez.org\\\/blog\\\/index.php\\\/2024\\\/08\\\/27\\\/en-el-septimo-dia-pelicula-de-jim-mckay-o-la-agridulce-realidad-del-sueno-americano\\\/#primaryimage\"},\"thumbnailUrl\":\"https:\\\/\\\/rafaramirez.org\\\/blog\\\/wp-content\\\/uploads\\\/2024\\\/08\\\/el_septimo_dia_banner.jpg\",\"keywords\":[\"\\\"En el s\u00e9ptimo d\u00eda\\\" pel\u00edcula de Jim Mckay\",\"blog de Rafael Ram\u00edrez\",\"Brooklyn\",\"cr\u00edtica de pel\u00edculas\",\"curiosidades de peliculas\",\"Fernando Cardona\",\"Gilberto Jim\u00e9nez\",\"Jim McKay\",\"Nueva York\",\"pel\u00edcula de 2017\",\"pel\u00edcula recomendada\",\"sue\u00f1o americano\"],\"articleSection\":[\"Cine\"],\"inLanguage\":\"es\",\"potentialAction\":[{\"@type\":\"CommentAction\",\"name\":\"Comment\",\"target\":[\"https:\\\/\\\/rafaramirez.org\\\/blog\\\/index.php\\\/2024\\\/08\\\/27\\\/en-el-septimo-dia-pelicula-de-jim-mckay-o-la-agridulce-realidad-del-sueno-americano\\\/#respond\"]}]},{\"@type\":\"WebPage\",\"@id\":\"https:\\\/\\\/rafaramirez.org\\\/blog\\\/index.php\\\/2024\\\/08\\\/27\\\/en-el-septimo-dia-pelicula-de-jim-mckay-o-la-agridulce-realidad-del-sueno-americano\\\/\",\"url\":\"https:\\\/\\\/rafaramirez.org\\\/blog\\\/index.php\\\/2024\\\/08\\\/27\\\/en-el-septimo-dia-pelicula-de-jim-mckay-o-la-agridulce-realidad-del-sueno-americano\\\/\",\"name\":\"\\\"En el s\u00e9ptimo d\u00eda\\\" pel\u00edcula de Jim Mckay o la agridulce realidad del sue\u00f1o americano. - Blog de Rafael Ram\u00edrez\",\"isPartOf\":{\"@id\":\"https:\\\/\\\/rafaramirez.org\\\/blog\\\/#website\"},\"primaryImageOfPage\":{\"@id\":\"https:\\\/\\\/rafaramirez.org\\\/blog\\\/index.php\\\/2024\\\/08\\\/27\\\/en-el-septimo-dia-pelicula-de-jim-mckay-o-la-agridulce-realidad-del-sueno-americano\\\/#primaryimage\"},\"image\":{\"@id\":\"https:\\\/\\\/rafaramirez.org\\\/blog\\\/index.php\\\/2024\\\/08\\\/27\\\/en-el-septimo-dia-pelicula-de-jim-mckay-o-la-agridulce-realidad-del-sueno-americano\\\/#primaryimage\"},\"thumbnailUrl\":\"https:\\\/\\\/rafaramirez.org\\\/blog\\\/wp-content\\\/uploads\\\/2024\\\/08\\\/el_septimo_dia_banner.jpg\",\"datePublished\":\"2024-08-27T06:15:00+00:00\",\"dateModified\":\"2024-08-27T06:30:58+00:00\",\"breadcrumb\":{\"@id\":\"https:\\\/\\\/rafaramirez.org\\\/blog\\\/index.php\\\/2024\\\/08\\\/27\\\/en-el-septimo-dia-pelicula-de-jim-mckay-o-la-agridulce-realidad-del-sueno-americano\\\/#breadcrumb\"},\"inLanguage\":\"es\",\"potentialAction\":[{\"@type\":\"ReadAction\",\"target\":[\"https:\\\/\\\/rafaramirez.org\\\/blog\\\/index.php\\\/2024\\\/08\\\/27\\\/en-el-septimo-dia-pelicula-de-jim-mckay-o-la-agridulce-realidad-del-sueno-americano\\\/\"]}]},{\"@type\":\"ImageObject\",\"inLanguage\":\"es\",\"@id\":\"https:\\\/\\\/rafaramirez.org\\\/blog\\\/index.php\\\/2024\\\/08\\\/27\\\/en-el-septimo-dia-pelicula-de-jim-mckay-o-la-agridulce-realidad-del-sueno-americano\\\/#primaryimage\",\"url\":\"https:\\\/\\\/rafaramirez.org\\\/blog\\\/wp-content\\\/uploads\\\/2024\\\/08\\\/el_septimo_dia_banner.jpg\",\"contentUrl\":\"https:\\\/\\\/rafaramirez.org\\\/blog\\\/wp-content\\\/uploads\\\/2024\\\/08\\\/el_septimo_dia_banner.jpg\",\"width\":750,\"height\":450,\"caption\":\"\\\"En el s\u00e9ptimo d\u00eda\\\" pel\u00edcula de Jim Mckay. Blog de Rafael Ram\u00edrez.\"},{\"@type\":\"BreadcrumbList\",\"@id\":\"https:\\\/\\\/rafaramirez.org\\\/blog\\\/index.php\\\/2024\\\/08\\\/27\\\/en-el-septimo-dia-pelicula-de-jim-mckay-o-la-agridulce-realidad-del-sueno-americano\\\/#breadcrumb\",\"itemListElement\":[{\"@type\":\"ListItem\",\"position\":1,\"name\":\"Portada\",\"item\":\"https:\\\/\\\/rafaramirez.org\\\/blog\\\/\"},{\"@type\":\"ListItem\",\"position\":2,\"name\":\"\u00abEn el s\u00e9ptimo d\u00eda\u00bb pel\u00edcula de Jim Mckay o la agridulce realidad del sue\u00f1o americano.\"}]},{\"@type\":\"WebSite\",\"@id\":\"https:\\\/\\\/rafaramirez.org\\\/blog\\\/#website\",\"url\":\"https:\\\/\\\/rafaramirez.org\\\/blog\\\/\",\"name\":\"Blog de Rafael Ram\u00edrez\",\"description\":\"Un sitio social, de arte y cultura\",\"publisher\":{\"@id\":\"https:\\\/\\\/rafaramirez.org\\\/blog\\\/#\\\/schema\\\/person\\\/50f43b6d60c578760d4c17bda54ab6a5\"},\"potentialAction\":[{\"@type\":\"SearchAction\",\"target\":{\"@type\":\"EntryPoint\",\"urlTemplate\":\"https:\\\/\\\/rafaramirez.org\\\/blog\\\/?s={search_term_string}\"},\"query-input\":{\"@type\":\"PropertyValueSpecification\",\"valueRequired\":true,\"valueName\":\"search_term_string\"}}],\"inLanguage\":\"es\"},{\"@type\":[\"Person\",\"Organization\"],\"@id\":\"https:\\\/\\\/rafaramirez.org\\\/blog\\\/#\\\/schema\\\/person\\\/50f43b6d60c578760d4c17bda54ab6a5\",\"name\":\"Rafael Ram\u00edrez\",\"image\":{\"@type\":\"ImageObject\",\"inLanguage\":\"es\",\"@id\":\"https:\\\/\\\/rafaramirez.org\\\/blog\\\/wp-content\\\/uploads\\\/2024\\\/09\\\/RR_socialnetwork.jpg\",\"url\":\"https:\\\/\\\/rafaramirez.org\\\/blog\\\/wp-content\\\/uploads\\\/2024\\\/09\\\/RR_socialnetwork.jpg\",\"contentUrl\":\"https:\\\/\\\/rafaramirez.org\\\/blog\\\/wp-content\\\/uploads\\\/2024\\\/09\\\/RR_socialnetwork.jpg\",\"width\":600,\"height\":606,\"caption\":\"Rafael Ram\u00edrez\"},\"logo\":{\"@id\":\"https:\\\/\\\/rafaramirez.org\\\/blog\\\/wp-content\\\/uploads\\\/2024\\\/09\\\/RR_socialnetwork.jpg\"},\"sameAs\":[\"https:\\\/\\\/www.rafaramirez.org\\\/blog\",\"https:\\\/\\\/www.instagram.com\\\/rafaramirez_ok\\\/\",\"https:\\\/\\\/es.pinterest.com\\\/Ramirez_Rafa\\\/\",\"https:\\\/\\\/x.com\\\/rafaramirez_ok\"],\"url\":\"https:\\\/\\\/rafaramirez.org\\\/blog\\\/index.php\\\/author\\\/rafaell_qm6j97da\\\/\"}]}<\/script>\n<!-- \/ Yoast SEO plugin. -->","yoast_head_json":{"title":"\"En el s\u00e9ptimo d\u00eda\" pel\u00edcula de Jim Mckay o la agridulce realidad del sue\u00f1o americano. - Blog de Rafael Ram\u00edrez","robots":{"index":"index","follow":"follow","max-snippet":"max-snippet:-1","max-image-preview":"max-image-preview:large","max-video-preview":"max-video-preview:-1"},"canonical":"https:\/\/rafaramirez.org\/blog\/index.php\/2024\/08\/27\/en-el-septimo-dia-pelicula-de-jim-mckay-o-la-agridulce-realidad-del-sueno-americano\/","og_locale":"es_ES","og_type":"article","og_title":"\"En el s\u00e9ptimo d\u00eda\" pel\u00edcula de Jim Mckay o la agridulce realidad del sue\u00f1o americano. - Blog de Rafael Ram\u00edrez","og_description":"\u201cEn el s\u00e9ptimo d\u00eda\u201d es una pel\u00edcula dirigida por Jim McKay y estrenada en 2017. La historia sigue a un grupo de inmigrantes mexicanos indocumentados que trabajan largas jornadas seis d\u00edas a la semana y disfrutan de su d\u00eda de descanso jugando al f\u00fatbol en los campos de Brooklyn. El film se centra en sus [&hellip;]","og_url":"https:\/\/rafaramirez.org\/blog\/index.php\/2024\/08\/27\/en-el-septimo-dia-pelicula-de-jim-mckay-o-la-agridulce-realidad-del-sueno-americano\/","og_site_name":"Blog de Rafael Ram\u00edrez","article_published_time":"2024-08-27T06:15:00+00:00","article_modified_time":"2024-08-27T06:30:58+00:00","og_image":[{"width":750,"height":450,"url":"https:\/\/rafaramirez.org\/blog\/wp-content\/uploads\/2024\/08\/el_septimo_dia_banner.jpg","type":"image\/jpeg"}],"author":"Rafael Ram\u00edrez","twitter_card":"summary_large_image","twitter_creator":"@rafaramirez_ok","twitter_site":"@rafaramirez_ok","twitter_misc":{"Escrito por":"Rafael Ram\u00edrez","Tiempo de lectura":"3 minutos"},"schema":{"@context":"https:\/\/schema.org","@graph":[{"@type":"Article","@id":"https:\/\/rafaramirez.org\/blog\/index.php\/2024\/08\/27\/en-el-septimo-dia-pelicula-de-jim-mckay-o-la-agridulce-realidad-del-sueno-americano\/#article","isPartOf":{"@id":"https:\/\/rafaramirez.org\/blog\/index.php\/2024\/08\/27\/en-el-septimo-dia-pelicula-de-jim-mckay-o-la-agridulce-realidad-del-sueno-americano\/"},"author":{"name":"Rafael Ram\u00edrez","@id":"https:\/\/rafaramirez.org\/blog\/#\/schema\/person\/50f43b6d60c578760d4c17bda54ab6a5"},"headline":"\u00abEn el s\u00e9ptimo d\u00eda\u00bb pel\u00edcula de Jim Mckay o la agridulce realidad del sue\u00f1o americano.","datePublished":"2024-08-27T06:15:00+00:00","dateModified":"2024-08-27T06:30:58+00:00","mainEntityOfPage":{"@id":"https:\/\/rafaramirez.org\/blog\/index.php\/2024\/08\/27\/en-el-septimo-dia-pelicula-de-jim-mckay-o-la-agridulce-realidad-del-sueno-americano\/"},"wordCount":591,"commentCount":0,"publisher":{"@id":"https:\/\/rafaramirez.org\/blog\/#\/schema\/person\/50f43b6d60c578760d4c17bda54ab6a5"},"image":{"@id":"https:\/\/rafaramirez.org\/blog\/index.php\/2024\/08\/27\/en-el-septimo-dia-pelicula-de-jim-mckay-o-la-agridulce-realidad-del-sueno-americano\/#primaryimage"},"thumbnailUrl":"https:\/\/rafaramirez.org\/blog\/wp-content\/uploads\/2024\/08\/el_septimo_dia_banner.jpg","keywords":["\"En el s\u00e9ptimo d\u00eda\" pel\u00edcula de Jim Mckay","blog de Rafael Ram\u00edrez","Brooklyn","cr\u00edtica de pel\u00edculas","curiosidades de peliculas","Fernando Cardona","Gilberto Jim\u00e9nez","Jim McKay","Nueva York","pel\u00edcula de 2017","pel\u00edcula recomendada","sue\u00f1o americano"],"articleSection":["Cine"],"inLanguage":"es","potentialAction":[{"@type":"CommentAction","name":"Comment","target":["https:\/\/rafaramirez.org\/blog\/index.php\/2024\/08\/27\/en-el-septimo-dia-pelicula-de-jim-mckay-o-la-agridulce-realidad-del-sueno-americano\/#respond"]}]},{"@type":"WebPage","@id":"https:\/\/rafaramirez.org\/blog\/index.php\/2024\/08\/27\/en-el-septimo-dia-pelicula-de-jim-mckay-o-la-agridulce-realidad-del-sueno-americano\/","url":"https:\/\/rafaramirez.org\/blog\/index.php\/2024\/08\/27\/en-el-septimo-dia-pelicula-de-jim-mckay-o-la-agridulce-realidad-del-sueno-americano\/","name":"\"En el s\u00e9ptimo d\u00eda\" pel\u00edcula de Jim Mckay o la agridulce realidad del sue\u00f1o americano. - Blog de Rafael Ram\u00edrez","isPartOf":{"@id":"https:\/\/rafaramirez.org\/blog\/#website"},"primaryImageOfPage":{"@id":"https:\/\/rafaramirez.org\/blog\/index.php\/2024\/08\/27\/en-el-septimo-dia-pelicula-de-jim-mckay-o-la-agridulce-realidad-del-sueno-americano\/#primaryimage"},"image":{"@id":"https:\/\/rafaramirez.org\/blog\/index.php\/2024\/08\/27\/en-el-septimo-dia-pelicula-de-jim-mckay-o-la-agridulce-realidad-del-sueno-americano\/#primaryimage"},"thumbnailUrl":"https:\/\/rafaramirez.org\/blog\/wp-content\/uploads\/2024\/08\/el_septimo_dia_banner.jpg","datePublished":"2024-08-27T06:15:00+00:00","dateModified":"2024-08-27T06:30:58+00:00","breadcrumb":{"@id":"https:\/\/rafaramirez.org\/blog\/index.php\/2024\/08\/27\/en-el-septimo-dia-pelicula-de-jim-mckay-o-la-agridulce-realidad-del-sueno-americano\/#breadcrumb"},"inLanguage":"es","potentialAction":[{"@type":"ReadAction","target":["https:\/\/rafaramirez.org\/blog\/index.php\/2024\/08\/27\/en-el-septimo-dia-pelicula-de-jim-mckay-o-la-agridulce-realidad-del-sueno-americano\/"]}]},{"@type":"ImageObject","inLanguage":"es","@id":"https:\/\/rafaramirez.org\/blog\/index.php\/2024\/08\/27\/en-el-septimo-dia-pelicula-de-jim-mckay-o-la-agridulce-realidad-del-sueno-americano\/#primaryimage","url":"https:\/\/rafaramirez.org\/blog\/wp-content\/uploads\/2024\/08\/el_septimo_dia_banner.jpg","contentUrl":"https:\/\/rafaramirez.org\/blog\/wp-content\/uploads\/2024\/08\/el_septimo_dia_banner.jpg","width":750,"height":450,"caption":"\"En el s\u00e9ptimo d\u00eda\" pel\u00edcula de Jim Mckay. Blog de Rafael Ram\u00edrez."},{"@type":"BreadcrumbList","@id":"https:\/\/rafaramirez.org\/blog\/index.php\/2024\/08\/27\/en-el-septimo-dia-pelicula-de-jim-mckay-o-la-agridulce-realidad-del-sueno-americano\/#breadcrumb","itemListElement":[{"@type":"ListItem","position":1,"name":"Portada","item":"https:\/\/rafaramirez.org\/blog\/"},{"@type":"ListItem","position":2,"name":"\u00abEn el s\u00e9ptimo d\u00eda\u00bb pel\u00edcula de Jim Mckay o la agridulce realidad del sue\u00f1o americano."}]},{"@type":"WebSite","@id":"https:\/\/rafaramirez.org\/blog\/#website","url":"https:\/\/rafaramirez.org\/blog\/","name":"Blog de Rafael Ram\u00edrez","description":"Un sitio social, de arte y cultura","publisher":{"@id":"https:\/\/rafaramirez.org\/blog\/#\/schema\/person\/50f43b6d60c578760d4c17bda54ab6a5"},"potentialAction":[{"@type":"SearchAction","target":{"@type":"EntryPoint","urlTemplate":"https:\/\/rafaramirez.org\/blog\/?s={search_term_string}"},"query-input":{"@type":"PropertyValueSpecification","valueRequired":true,"valueName":"search_term_string"}}],"inLanguage":"es"},{"@type":["Person","Organization"],"@id":"https:\/\/rafaramirez.org\/blog\/#\/schema\/person\/50f43b6d60c578760d4c17bda54ab6a5","name":"Rafael Ram\u00edrez","image":{"@type":"ImageObject","inLanguage":"es","@id":"https:\/\/rafaramirez.org\/blog\/wp-content\/uploads\/2024\/09\/RR_socialnetwork.jpg","url":"https:\/\/rafaramirez.org\/blog\/wp-content\/uploads\/2024\/09\/RR_socialnetwork.jpg","contentUrl":"https:\/\/rafaramirez.org\/blog\/wp-content\/uploads\/2024\/09\/RR_socialnetwork.jpg","width":600,"height":606,"caption":"Rafael Ram\u00edrez"},"logo":{"@id":"https:\/\/rafaramirez.org\/blog\/wp-content\/uploads\/2024\/09\/RR_socialnetwork.jpg"},"sameAs":["https:\/\/www.rafaramirez.org\/blog","https:\/\/www.instagram.com\/rafaramirez_ok\/","https:\/\/es.pinterest.com\/Ramirez_Rafa\/","https:\/\/x.com\/rafaramirez_ok"],"url":"https:\/\/rafaramirez.org\/blog\/index.php\/author\/rafaell_qm6j97da\/"}]}},"jetpack_publicize_connections":[],"jetpack_sharing_enabled":true,"jetpack_likes_enabled":true,"jetpack_featured_media_url":"https:\/\/rafaramirez.org\/blog\/wp-content\/uploads\/2024\/08\/el_septimo_dia_banner.jpg","_links":{"self":[{"href":"https:\/\/rafaramirez.org\/blog\/index.php\/wp-json\/wp\/v2\/posts\/5532","targetHints":{"allow":["GET"]}}],"collection":[{"href":"https:\/\/rafaramirez.org\/blog\/index.php\/wp-json\/wp\/v2\/posts"}],"about":[{"href":"https:\/\/rafaramirez.org\/blog\/index.php\/wp-json\/wp\/v2\/types\/post"}],"author":[{"embeddable":true,"href":"https:\/\/rafaramirez.org\/blog\/index.php\/wp-json\/wp\/v2\/users\/1"}],"replies":[{"embeddable":true,"href":"https:\/\/rafaramirez.org\/blog\/index.php\/wp-json\/wp\/v2\/comments?post=5532"}],"version-history":[{"count":8,"href":"https:\/\/rafaramirez.org\/blog\/index.php\/wp-json\/wp\/v2\/posts\/5532\/revisions"}],"predecessor-version":[{"id":5743,"href":"https:\/\/rafaramirez.org\/blog\/index.php\/wp-json\/wp\/v2\/posts\/5532\/revisions\/5743"}],"wp:featuredmedia":[{"embeddable":true,"href":"https:\/\/rafaramirez.org\/blog\/index.php\/wp-json\/wp\/v2\/media\/5537"}],"wp:attachment":[{"href":"https:\/\/rafaramirez.org\/blog\/index.php\/wp-json\/wp\/v2\/media?parent=5532"}],"wp:term":[{"taxonomy":"category","embeddable":true,"href":"https:\/\/rafaramirez.org\/blog\/index.php\/wp-json\/wp\/v2\/categories?post=5532"},{"taxonomy":"post_tag","embeddable":true,"href":"https:\/\/rafaramirez.org\/blog\/index.php\/wp-json\/wp\/v2\/tags?post=5532"}],"curies":[{"name":"wp","href":"https:\/\/api.w.org\/{rel}","templated":true}]}}