{"id":5522,"date":"2024-08-26T08:15:28","date_gmt":"2024-08-26T06:15:28","guid":{"rendered":"https:\/\/rafaramirez.org\/blog\/?p=5522"},"modified":"2024-08-26T11:55:23","modified_gmt":"2024-08-26T09:55:23","slug":"rock-with-you","status":"publish","type":"post","link":"https:\/\/rafaramirez.org\/blog\/index.php\/2024\/08\/26\/rock-with-you\/","title":{"rendered":"\u00abRock with You\u00bb (Ac\u00fastico directo): descubre esta bonita versi\u00f3n que mezcla elementos de la m\u00fasica brasile\u00f1a y el pop."},"content":{"rendered":"<p>Hoy te invito a disfrutar de esta bonita versi\u00f3n en directo de la canci\u00f3n <strong>\u00abRock with you\u00bb<\/strong>\u00a0interpretada por la cantante<strong> Fernanda Abreu <\/strong>en Ac\u00fastico Directo, en Vivo.<\/p>\n<p>\u201cRock with You\u201d es una canci\u00f3n originalmente cantada por <strong>Michael Jackson <\/strong>y escrita por <strong>Rod Temperton<\/strong>. Fernanda Abreu hizo una versi\u00f3n de esta pieza, la cual ha interpretado en varios de sus conciertos en directo.<\/p>\n<p>La versi\u00f3n de Fernanda Abreu mantiene la esencia <strong>funky<\/strong> y bailable de la original, pero con su propio estilo caracter\u00edstico que mezcla elementos de la <strong>m\u00fasica brasile\u00f1a<\/strong> y el <strong>pop<\/strong>. Esta interpretaci\u00f3n es parte de su repertorio en directo y ha sido bien recibida por sus fans, destacando su habilidad para adaptar cl\u00e1sicos internacionales a su estilo \u00fanico.<\/p>\n<p><iframe loading=\"lazy\" title=\"YouTube video player\" src=\"https:\/\/www.youtube.com\/embed\/dZiTwxt_xRI?si=778ljJgDyB5FJXYC\" width=\"560\" height=\"315\" frameborder=\"0\" allowfullscreen=\"allowfullscreen\"><\/iframe><\/p>\n<h3>Sobre la int\u00e9rprete.<\/h3>\n<p>Fernanda Abreu, cuyo nombre completo es <strong>Fernanda Sampaio de Lacerda Abreu<\/strong>, naci\u00f3 el 8 de septiembre de 1961 en <strong>R\u00edo de Janeiro, Brasil.<\/strong>\u00a0Es una cantante, compositora y bailarina brasile\u00f1a, conocida por ser pionera en la m\u00fasica pop bailable en Brasil, incorporando coreograf\u00edas y producciones electr\u00f3nicas en sus obras.<\/p>\n<p>Comenz\u00f3 su carrera musical como corista de la banda de rock <strong>Blitz<\/strong> en la d\u00e9cada de 1980, una de las bandas m\u00e1s populares de Brasil en ese momento.\u00a0En 1990, lanz\u00f3 su carrera en solitario con el \u00e1lbum <strong>\u201cSLA Radical Dance Disco Club\u201d<\/strong>, que inclu\u00eda el \u00e9xito <strong>\u00abA Noite\u00bb<\/strong>.\u00a0Su segundo \u00e1lbum, <strong>\u201cSLA 2 Be Sample\u201d<\/strong> (1992), fue uno de los primeros en Brasil en usar ampliamente el sampler y conten\u00eda la famosa canci\u00f3n <strong>\u00abRio 40 Graus\u00bb<\/strong>.<\/p>\n<p>Fernanda Abreu ha sido reconocida por su capacidad para mezclar g\u00e9neros como el <strong>funk<\/strong>, la <strong>samba<\/strong>, la <strong>m\u00fasica disco<\/strong> y el <strong>hip hop<\/strong>, y por llevar la m\u00fasica de la periferia a la radio y al p\u00fablico general. Su \u00e1lbum <strong>\u201cDa Lata\u201d<\/strong> (1995) es especialmente notable por su mezcla de <strong>pop<\/strong> con <strong>R&amp;B y funk<\/strong>, y por su portada provocativa.<\/p>\n<p>M\u00e1s informaci\u00f3n:<\/p>\n<ul>\n<li><a href=\"https:\/\/www.youtube.com\/@TheTelevideo\" target=\"_blank\" rel=\"noopener\">Canal de TheTelevideo en Youtube.<\/a><\/li>\n<li><a href=\"https:\/\/es.wikipedia.org\/wiki\/Fernanda_Abreu\" target=\"_blank\" rel=\"noopener\">Wikipedia.org<\/a><\/li>\n<\/ul>\n","protected":false},"excerpt":{"rendered":"<p>Hoy te invito a disfrutar de esta bonita versi\u00f3n en directo de la canci\u00f3n \u00abRock with you\u00bb\u00a0interpretada por la cantante Fernanda Abreu en Ac\u00fastico Directo, en Vivo. \u201cRock with You\u201d es una canci\u00f3n originalmente cantada por Michael Jackson y escrita por Rod Temperton. Fernanda Abreu hizo una versi\u00f3n de esta pieza, la cual ha interpretado [&hellip;]<\/p>\n","protected":false},"author":1,"featured_media":5530,"comment_status":"open","ping_status":"closed","sticky":false,"template":"","format":"standard","meta":{"site-container-style":"default","site-container-layout":"default","site-sidebar-layout":"default","disable-article-header":"default","disable-site-header":"default","disable-site-footer":"default","disable-content-area-spacing":"default","_jetpack_newsletter_access":"","_jetpack_dont_email_post_to_subs":false,"_jetpack_newsletter_tier_id":0,"_jetpack_memberships_contains_paywalled_content":false,"_jetpack_feature_clip_id":0,"_jetpack_memberships_contains_paid_content":false,"footnotes":"","jetpack_publicize_message":"","jetpack_publicize_feature_enabled":true,"jetpack_social_post_already_shared":true,"jetpack_social_options":{"image_generator_settings":{"template":"highway","default_image_id":0,"font":"","enabled":false},"version":2},"jetpack_post_was_ever_published":false},"categories":[709],"tags":[3188,3190,3182,3191,3189,3187,68,73,115,2734,2091,3183,3185,3184,3194,3186,3192,751,3193,572,506],"class_list":["post-5522","post","type-post","status-publish","format-standard","has-post-thumbnail","hentry","category-musica","tag-a-noite","tag-rio-40-graus","tag-rock-with-you","tag-da-lata","tag-sla-2-be-sample","tag-sla-radical-dance-disco-club","tag-blog-de-rafael-ramirez","tag-brasil","tag-concierto","tag-conciertos-de-musica","tag-conciertos-en-vivo","tag-fernanda-abreu","tag-fernanda-sampaio-de-lacerda-abreu","tag-michael-jackson","tag-musica-brasilena","tag-musica-pop","tag-rb-y-funk","tag-rio-de-janeiro","tag-rod-temperton","tag-video-musical","tag-videoclip-musical"],"yoast_head":"<!-- This site is optimized with the Yoast SEO plugin v28.4 - https:\/\/yoast.com\/product\/yoast-seo-wordpress\/ -->\n<title>&quot;Rock with You&quot; (Ac\u00fastico directo): descubre esta bonita versi\u00f3n que mezcla elementos de la m\u00fasica brasile\u00f1a y el pop. - Blog de Rafael Ram\u00edrez<\/title>\n<meta name=\"robots\" content=\"index, follow, max-snippet:-1, max-image-preview:large, max-video-preview:-1\" \/>\n<link rel=\"canonical\" href=\"https:\/\/rafaramirez.org\/blog\/index.php\/2024\/08\/26\/rock-with-you\/\" \/>\n<meta property=\"og:locale\" content=\"es_ES\" \/>\n<meta property=\"og:type\" content=\"article\" \/>\n<meta property=\"og:title\" content=\"&quot;Rock with You&quot; (Ac\u00fastico directo): descubre esta bonita versi\u00f3n que mezcla elementos de la m\u00fasica brasile\u00f1a y el pop. - Blog de Rafael Ram\u00edrez\" \/>\n<meta property=\"og:description\" content=\"Hoy te invito a disfrutar de esta bonita versi\u00f3n en directo de la canci\u00f3n \u00abRock with you\u00bb\u00a0interpretada por la cantante Fernanda Abreu en Ac\u00fastico Directo, en Vivo. \u201cRock with You\u201d es una canci\u00f3n originalmente cantada por Michael Jackson y escrita por Rod Temperton. Fernanda Abreu hizo una versi\u00f3n de esta pieza, la cual ha interpretado [&hellip;]\" \/>\n<meta property=\"og:url\" content=\"https:\/\/rafaramirez.org\/blog\/index.php\/2024\/08\/26\/rock-with-you\/\" \/>\n<meta property=\"og:site_name\" content=\"Blog de Rafael Ram\u00edrez\" \/>\n<meta property=\"article:published_time\" content=\"2024-08-26T06:15:28+00:00\" \/>\n<meta property=\"article:modified_time\" content=\"2024-08-26T09:55:23+00:00\" \/>\n<meta property=\"og:image\" content=\"https:\/\/rafaramirez.org\/blog\/wp-content\/uploads\/2024\/08\/Rock-with-You-Fernanda-Abreu_banner.jpg\" \/>\n\t<meta property=\"og:image:width\" content=\"750\" \/>\n\t<meta property=\"og:image:height\" content=\"422\" \/>\n\t<meta property=\"og:image:type\" content=\"image\/jpeg\" \/>\n<meta name=\"author\" content=\"Rafael Ram\u00edrez\" \/>\n<meta name=\"twitter:card\" content=\"summary_large_image\" \/>\n<meta name=\"twitter:creator\" content=\"@rafaramirez_ok\" \/>\n<meta name=\"twitter:site\" content=\"@rafaramirez_ok\" \/>\n<meta name=\"twitter:label1\" content=\"Escrito por\" \/>\n\t<meta name=\"twitter:data1\" content=\"Rafael Ram\u00edrez\" \/>\n\t<meta name=\"twitter:label2\" content=\"Tiempo de lectura\" \/>\n\t<meta name=\"twitter:data2\" content=\"2 minutos\" \/>\n<script type=\"application\/ld+json\" class=\"yoast-schema-graph\">{\"@context\":\"https:\\\/\\\/schema.org\",\"@graph\":[{\"@type\":\"Article\",\"@id\":\"https:\\\/\\\/rafaramirez.org\\\/blog\\\/index.php\\\/2024\\\/08\\\/26\\\/rock-with-you\\\/#article\",\"isPartOf\":{\"@id\":\"https:\\\/\\\/rafaramirez.org\\\/blog\\\/index.php\\\/2024\\\/08\\\/26\\\/rock-with-you\\\/\"},\"author\":{\"name\":\"Rafael Ram\u00edrez\",\"@id\":\"https:\\\/\\\/rafaramirez.org\\\/blog\\\/#\\\/schema\\\/person\\\/50f43b6d60c578760d4c17bda54ab6a5\"},\"headline\":\"\u00abRock with You\u00bb (Ac\u00fastico directo): descubre esta bonita versi\u00f3n que mezcla elementos de la m\u00fasica brasile\u00f1a y el pop.\",\"datePublished\":\"2024-08-26T06:15:28+00:00\",\"dateModified\":\"2024-08-26T09:55:23+00:00\",\"mainEntityOfPage\":{\"@id\":\"https:\\\/\\\/rafaramirez.org\\\/blog\\\/index.php\\\/2024\\\/08\\\/26\\\/rock-with-you\\\/\"},\"wordCount\":364,\"commentCount\":0,\"publisher\":{\"@id\":\"https:\\\/\\\/rafaramirez.org\\\/blog\\\/#\\\/schema\\\/person\\\/50f43b6d60c578760d4c17bda54ab6a5\"},\"image\":{\"@id\":\"https:\\\/\\\/rafaramirez.org\\\/blog\\\/index.php\\\/2024\\\/08\\\/26\\\/rock-with-you\\\/#primaryimage\"},\"thumbnailUrl\":\"https:\\\/\\\/rafaramirez.org\\\/blog\\\/wp-content\\\/uploads\\\/2024\\\/08\\\/Rock-with-You-Fernanda-Abreu_banner.jpg\",\"keywords\":[\"\\\"A Noite\\\"\",\"\\\"Rio 40 Graus\\\"\",\"\\\"Rock with You\\\"\",\"\u201cDa Lata\u201d\",\"\u201cSLA 2 Be Sample\u201d\",\"\u201cSLA Radical Dance Disco Club\u201d\",\"blog de Rafael Ram\u00edrez\",\"brasil\",\"concierto\",\"conciertos de m\u00fasica\",\"Conciertos en vivo\",\"Fernanda Abreu\",\"Fernanda Sampaio de Lacerda Abreu\",\"Michael Jackson\",\"m\u00fasica brasile\u00f1a\",\"m\u00fasica pop\",\"R&amp;B y funk\",\"R\u00edo de Janeiro\",\"Rod Temperton\",\"video musical\",\"videoclip musical\"],\"articleSection\":[\"M\u00fasica\"],\"inLanguage\":\"es\",\"potentialAction\":[{\"@type\":\"CommentAction\",\"name\":\"Comment\",\"target\":[\"https:\\\/\\\/rafaramirez.org\\\/blog\\\/index.php\\\/2024\\\/08\\\/26\\\/rock-with-you\\\/#respond\"]}]},{\"@type\":\"WebPage\",\"@id\":\"https:\\\/\\\/rafaramirez.org\\\/blog\\\/index.php\\\/2024\\\/08\\\/26\\\/rock-with-you\\\/\",\"url\":\"https:\\\/\\\/rafaramirez.org\\\/blog\\\/index.php\\\/2024\\\/08\\\/26\\\/rock-with-you\\\/\",\"name\":\"\\\"Rock with You\\\" (Ac\u00fastico directo): descubre esta bonita versi\u00f3n que mezcla elementos de la m\u00fasica brasile\u00f1a y el pop. - Blog de Rafael Ram\u00edrez\",\"isPartOf\":{\"@id\":\"https:\\\/\\\/rafaramirez.org\\\/blog\\\/#website\"},\"primaryImageOfPage\":{\"@id\":\"https:\\\/\\\/rafaramirez.org\\\/blog\\\/index.php\\\/2024\\\/08\\\/26\\\/rock-with-you\\\/#primaryimage\"},\"image\":{\"@id\":\"https:\\\/\\\/rafaramirez.org\\\/blog\\\/index.php\\\/2024\\\/08\\\/26\\\/rock-with-you\\\/#primaryimage\"},\"thumbnailUrl\":\"https:\\\/\\\/rafaramirez.org\\\/blog\\\/wp-content\\\/uploads\\\/2024\\\/08\\\/Rock-with-You-Fernanda-Abreu_banner.jpg\",\"datePublished\":\"2024-08-26T06:15:28+00:00\",\"dateModified\":\"2024-08-26T09:55:23+00:00\",\"breadcrumb\":{\"@id\":\"https:\\\/\\\/rafaramirez.org\\\/blog\\\/index.php\\\/2024\\\/08\\\/26\\\/rock-with-you\\\/#breadcrumb\"},\"inLanguage\":\"es\",\"potentialAction\":[{\"@type\":\"ReadAction\",\"target\":[\"https:\\\/\\\/rafaramirez.org\\\/blog\\\/index.php\\\/2024\\\/08\\\/26\\\/rock-with-you\\\/\"]}]},{\"@type\":\"ImageObject\",\"inLanguage\":\"es\",\"@id\":\"https:\\\/\\\/rafaramirez.org\\\/blog\\\/index.php\\\/2024\\\/08\\\/26\\\/rock-with-you\\\/#primaryimage\",\"url\":\"https:\\\/\\\/rafaramirez.org\\\/blog\\\/wp-content\\\/uploads\\\/2024\\\/08\\\/Rock-with-You-Fernanda-Abreu_banner.jpg\",\"contentUrl\":\"https:\\\/\\\/rafaramirez.org\\\/blog\\\/wp-content\\\/uploads\\\/2024\\\/08\\\/Rock-with-You-Fernanda-Abreu_banner.jpg\",\"width\":750,\"height\":422,\"caption\":\"Rock with You - Fernanda Abreu. Blog de Rafael Ram\u00edrez.\"},{\"@type\":\"BreadcrumbList\",\"@id\":\"https:\\\/\\\/rafaramirez.org\\\/blog\\\/index.php\\\/2024\\\/08\\\/26\\\/rock-with-you\\\/#breadcrumb\",\"itemListElement\":[{\"@type\":\"ListItem\",\"position\":1,\"name\":\"Portada\",\"item\":\"https:\\\/\\\/rafaramirez.org\\\/blog\\\/\"},{\"@type\":\"ListItem\",\"position\":2,\"name\":\"\u00abRock with You\u00bb (Ac\u00fastico directo): descubre esta bonita versi\u00f3n que mezcla elementos de la m\u00fasica brasile\u00f1a y el pop.\"}]},{\"@type\":\"WebSite\",\"@id\":\"https:\\\/\\\/rafaramirez.org\\\/blog\\\/#website\",\"url\":\"https:\\\/\\\/rafaramirez.org\\\/blog\\\/\",\"name\":\"Blog de Rafael Ram\u00edrez\",\"description\":\"Un sitio social, de arte y cultura\",\"publisher\":{\"@id\":\"https:\\\/\\\/rafaramirez.org\\\/blog\\\/#\\\/schema\\\/person\\\/50f43b6d60c578760d4c17bda54ab6a5\"},\"potentialAction\":[{\"@type\":\"SearchAction\",\"target\":{\"@type\":\"EntryPoint\",\"urlTemplate\":\"https:\\\/\\\/rafaramirez.org\\\/blog\\\/?s={search_term_string}\"},\"query-input\":{\"@type\":\"PropertyValueSpecification\",\"valueRequired\":true,\"valueName\":\"search_term_string\"}}],\"inLanguage\":\"es\"},{\"@type\":[\"Person\",\"Organization\"],\"@id\":\"https:\\\/\\\/rafaramirez.org\\\/blog\\\/#\\\/schema\\\/person\\\/50f43b6d60c578760d4c17bda54ab6a5\",\"name\":\"Rafael Ram\u00edrez\",\"image\":{\"@type\":\"ImageObject\",\"inLanguage\":\"es\",\"@id\":\"https:\\\/\\\/rafaramirez.org\\\/blog\\\/wp-content\\\/uploads\\\/2024\\\/09\\\/RR_socialnetwork.jpg\",\"url\":\"https:\\\/\\\/rafaramirez.org\\\/blog\\\/wp-content\\\/uploads\\\/2024\\\/09\\\/RR_socialnetwork.jpg\",\"contentUrl\":\"https:\\\/\\\/rafaramirez.org\\\/blog\\\/wp-content\\\/uploads\\\/2024\\\/09\\\/RR_socialnetwork.jpg\",\"width\":600,\"height\":606,\"caption\":\"Rafael Ram\u00edrez\"},\"logo\":{\"@id\":\"https:\\\/\\\/rafaramirez.org\\\/blog\\\/wp-content\\\/uploads\\\/2024\\\/09\\\/RR_socialnetwork.jpg\"},\"sameAs\":[\"https:\\\/\\\/www.rafaramirez.org\\\/blog\",\"https:\\\/\\\/www.instagram.com\\\/rafaramirez_ok\\\/\",\"https:\\\/\\\/es.pinterest.com\\\/Ramirez_Rafa\\\/\",\"https:\\\/\\\/x.com\\\/rafaramirez_ok\"],\"url\":\"https:\\\/\\\/rafaramirez.org\\\/blog\\\/index.php\\\/author\\\/rafaell_qm6j97da\\\/\"}]}<\/script>\n<!-- \/ Yoast SEO plugin. -->","yoast_head_json":{"title":"\"Rock with You\" (Ac\u00fastico directo): descubre esta bonita versi\u00f3n que mezcla elementos de la m\u00fasica brasile\u00f1a y el pop. - Blog de Rafael Ram\u00edrez","robots":{"index":"index","follow":"follow","max-snippet":"max-snippet:-1","max-image-preview":"max-image-preview:large","max-video-preview":"max-video-preview:-1"},"canonical":"https:\/\/rafaramirez.org\/blog\/index.php\/2024\/08\/26\/rock-with-you\/","og_locale":"es_ES","og_type":"article","og_title":"\"Rock with You\" (Ac\u00fastico directo): descubre esta bonita versi\u00f3n que mezcla elementos de la m\u00fasica brasile\u00f1a y el pop. - Blog de Rafael Ram\u00edrez","og_description":"Hoy te invito a disfrutar de esta bonita versi\u00f3n en directo de la canci\u00f3n \u00abRock with you\u00bb\u00a0interpretada por la cantante Fernanda Abreu en Ac\u00fastico Directo, en Vivo. \u201cRock with You\u201d es una canci\u00f3n originalmente cantada por Michael Jackson y escrita por Rod Temperton. Fernanda Abreu hizo una versi\u00f3n de esta pieza, la cual ha interpretado [&hellip;]","og_url":"https:\/\/rafaramirez.org\/blog\/index.php\/2024\/08\/26\/rock-with-you\/","og_site_name":"Blog de Rafael Ram\u00edrez","article_published_time":"2024-08-26T06:15:28+00:00","article_modified_time":"2024-08-26T09:55:23+00:00","og_image":[{"width":750,"height":422,"url":"https:\/\/rafaramirez.org\/blog\/wp-content\/uploads\/2024\/08\/Rock-with-You-Fernanda-Abreu_banner.jpg","type":"image\/jpeg"}],"author":"Rafael Ram\u00edrez","twitter_card":"summary_large_image","twitter_creator":"@rafaramirez_ok","twitter_site":"@rafaramirez_ok","twitter_misc":{"Escrito por":"Rafael Ram\u00edrez","Tiempo de lectura":"2 minutos"},"schema":{"@context":"https:\/\/schema.org","@graph":[{"@type":"Article","@id":"https:\/\/rafaramirez.org\/blog\/index.php\/2024\/08\/26\/rock-with-you\/#article","isPartOf":{"@id":"https:\/\/rafaramirez.org\/blog\/index.php\/2024\/08\/26\/rock-with-you\/"},"author":{"name":"Rafael Ram\u00edrez","@id":"https:\/\/rafaramirez.org\/blog\/#\/schema\/person\/50f43b6d60c578760d4c17bda54ab6a5"},"headline":"\u00abRock with You\u00bb (Ac\u00fastico directo): descubre esta bonita versi\u00f3n que mezcla elementos de la m\u00fasica brasile\u00f1a y el pop.","datePublished":"2024-08-26T06:15:28+00:00","dateModified":"2024-08-26T09:55:23+00:00","mainEntityOfPage":{"@id":"https:\/\/rafaramirez.org\/blog\/index.php\/2024\/08\/26\/rock-with-you\/"},"wordCount":364,"commentCount":0,"publisher":{"@id":"https:\/\/rafaramirez.org\/blog\/#\/schema\/person\/50f43b6d60c578760d4c17bda54ab6a5"},"image":{"@id":"https:\/\/rafaramirez.org\/blog\/index.php\/2024\/08\/26\/rock-with-you\/#primaryimage"},"thumbnailUrl":"https:\/\/rafaramirez.org\/blog\/wp-content\/uploads\/2024\/08\/Rock-with-You-Fernanda-Abreu_banner.jpg","keywords":["\"A Noite\"","\"Rio 40 Graus\"","\"Rock with You\"","\u201cDa Lata\u201d","\u201cSLA 2 Be Sample\u201d","\u201cSLA Radical Dance Disco Club\u201d","blog de Rafael Ram\u00edrez","brasil","concierto","conciertos de m\u00fasica","Conciertos en vivo","Fernanda Abreu","Fernanda Sampaio de Lacerda Abreu","Michael Jackson","m\u00fasica brasile\u00f1a","m\u00fasica pop","R&amp;B y funk","R\u00edo de Janeiro","Rod Temperton","video musical","videoclip musical"],"articleSection":["M\u00fasica"],"inLanguage":"es","potentialAction":[{"@type":"CommentAction","name":"Comment","target":["https:\/\/rafaramirez.org\/blog\/index.php\/2024\/08\/26\/rock-with-you\/#respond"]}]},{"@type":"WebPage","@id":"https:\/\/rafaramirez.org\/blog\/index.php\/2024\/08\/26\/rock-with-you\/","url":"https:\/\/rafaramirez.org\/blog\/index.php\/2024\/08\/26\/rock-with-you\/","name":"\"Rock with You\" (Ac\u00fastico directo): descubre esta bonita versi\u00f3n que mezcla elementos de la m\u00fasica brasile\u00f1a y el pop. - Blog de Rafael Ram\u00edrez","isPartOf":{"@id":"https:\/\/rafaramirez.org\/blog\/#website"},"primaryImageOfPage":{"@id":"https:\/\/rafaramirez.org\/blog\/index.php\/2024\/08\/26\/rock-with-you\/#primaryimage"},"image":{"@id":"https:\/\/rafaramirez.org\/blog\/index.php\/2024\/08\/26\/rock-with-you\/#primaryimage"},"thumbnailUrl":"https:\/\/rafaramirez.org\/blog\/wp-content\/uploads\/2024\/08\/Rock-with-You-Fernanda-Abreu_banner.jpg","datePublished":"2024-08-26T06:15:28+00:00","dateModified":"2024-08-26T09:55:23+00:00","breadcrumb":{"@id":"https:\/\/rafaramirez.org\/blog\/index.php\/2024\/08\/26\/rock-with-you\/#breadcrumb"},"inLanguage":"es","potentialAction":[{"@type":"ReadAction","target":["https:\/\/rafaramirez.org\/blog\/index.php\/2024\/08\/26\/rock-with-you\/"]}]},{"@type":"ImageObject","inLanguage":"es","@id":"https:\/\/rafaramirez.org\/blog\/index.php\/2024\/08\/26\/rock-with-you\/#primaryimage","url":"https:\/\/rafaramirez.org\/blog\/wp-content\/uploads\/2024\/08\/Rock-with-You-Fernanda-Abreu_banner.jpg","contentUrl":"https:\/\/rafaramirez.org\/blog\/wp-content\/uploads\/2024\/08\/Rock-with-You-Fernanda-Abreu_banner.jpg","width":750,"height":422,"caption":"Rock with You - Fernanda Abreu. Blog de Rafael Ram\u00edrez."},{"@type":"BreadcrumbList","@id":"https:\/\/rafaramirez.org\/blog\/index.php\/2024\/08\/26\/rock-with-you\/#breadcrumb","itemListElement":[{"@type":"ListItem","position":1,"name":"Portada","item":"https:\/\/rafaramirez.org\/blog\/"},{"@type":"ListItem","position":2,"name":"\u00abRock with You\u00bb (Ac\u00fastico directo): descubre esta bonita versi\u00f3n que mezcla elementos de la m\u00fasica brasile\u00f1a y el pop."}]},{"@type":"WebSite","@id":"https:\/\/rafaramirez.org\/blog\/#website","url":"https:\/\/rafaramirez.org\/blog\/","name":"Blog de Rafael Ram\u00edrez","description":"Un sitio social, de arte y cultura","publisher":{"@id":"https:\/\/rafaramirez.org\/blog\/#\/schema\/person\/50f43b6d60c578760d4c17bda54ab6a5"},"potentialAction":[{"@type":"SearchAction","target":{"@type":"EntryPoint","urlTemplate":"https:\/\/rafaramirez.org\/blog\/?s={search_term_string}"},"query-input":{"@type":"PropertyValueSpecification","valueRequired":true,"valueName":"search_term_string"}}],"inLanguage":"es"},{"@type":["Person","Organization"],"@id":"https:\/\/rafaramirez.org\/blog\/#\/schema\/person\/50f43b6d60c578760d4c17bda54ab6a5","name":"Rafael Ram\u00edrez","image":{"@type":"ImageObject","inLanguage":"es","@id":"https:\/\/rafaramirez.org\/blog\/wp-content\/uploads\/2024\/09\/RR_socialnetwork.jpg","url":"https:\/\/rafaramirez.org\/blog\/wp-content\/uploads\/2024\/09\/RR_socialnetwork.jpg","contentUrl":"https:\/\/rafaramirez.org\/blog\/wp-content\/uploads\/2024\/09\/RR_socialnetwork.jpg","width":600,"height":606,"caption":"Rafael Ram\u00edrez"},"logo":{"@id":"https:\/\/rafaramirez.org\/blog\/wp-content\/uploads\/2024\/09\/RR_socialnetwork.jpg"},"sameAs":["https:\/\/www.rafaramirez.org\/blog","https:\/\/www.instagram.com\/rafaramirez_ok\/","https:\/\/es.pinterest.com\/Ramirez_Rafa\/","https:\/\/x.com\/rafaramirez_ok"],"url":"https:\/\/rafaramirez.org\/blog\/index.php\/author\/rafaell_qm6j97da\/"}]}},"jetpack_publicize_connections":[],"jetpack_sharing_enabled":true,"jetpack_likes_enabled":true,"jetpack_featured_media_url":"https:\/\/rafaramirez.org\/blog\/wp-content\/uploads\/2024\/08\/Rock-with-You-Fernanda-Abreu_banner.jpg","_links":{"self":[{"href":"https:\/\/rafaramirez.org\/blog\/index.php\/wp-json\/wp\/v2\/posts\/5522","targetHints":{"allow":["GET"]}}],"collection":[{"href":"https:\/\/rafaramirez.org\/blog\/index.php\/wp-json\/wp\/v2\/posts"}],"about":[{"href":"https:\/\/rafaramirez.org\/blog\/index.php\/wp-json\/wp\/v2\/types\/post"}],"author":[{"embeddable":true,"href":"https:\/\/rafaramirez.org\/blog\/index.php\/wp-json\/wp\/v2\/users\/1"}],"replies":[{"embeddable":true,"href":"https:\/\/rafaramirez.org\/blog\/index.php\/wp-json\/wp\/v2\/comments?post=5522"}],"version-history":[{"count":12,"href":"https:\/\/rafaramirez.org\/blog\/index.php\/wp-json\/wp\/v2\/posts\/5522\/revisions"}],"predecessor-version":[{"id":5742,"href":"https:\/\/rafaramirez.org\/blog\/index.php\/wp-json\/wp\/v2\/posts\/5522\/revisions\/5742"}],"wp:featuredmedia":[{"embeddable":true,"href":"https:\/\/rafaramirez.org\/blog\/index.php\/wp-json\/wp\/v2\/media\/5530"}],"wp:attachment":[{"href":"https:\/\/rafaramirez.org\/blog\/index.php\/wp-json\/wp\/v2\/media?parent=5522"}],"wp:term":[{"taxonomy":"category","embeddable":true,"href":"https:\/\/rafaramirez.org\/blog\/index.php\/wp-json\/wp\/v2\/categories?post=5522"},{"taxonomy":"post_tag","embeddable":true,"href":"https:\/\/rafaramirez.org\/blog\/index.php\/wp-json\/wp\/v2\/tags?post=5522"}],"curies":[{"name":"wp","href":"https:\/\/api.w.org\/{rel}","templated":true}]}}