{"id":549,"date":"2014-07-29T07:46:45","date_gmt":"2014-07-29T05:46:45","guid":{"rendered":"http:\/\/blog.rafaramirez.org\/?p=549"},"modified":"2024-04-17T10:38:18","modified_gmt":"2024-04-17T08:38:18","slug":"una-multitud-mata-a-una-mujer-y-dos-ninas-en-pakistan-por-blasfemar-en-facebook","status":"publish","type":"post","link":"https:\/\/rafaramirez.org\/blog\/index.php\/2014\/07\/29\/una-multitud-mata-a-una-mujer-y-dos-ninas-en-pakistan-por-blasfemar-en-facebook\/","title":{"rendered":"Una multitud mata a una mujer y dos ni\u00f1as en Pakist\u00e1n por \u00abblasfemar\u00bb en Facebook"},"content":{"rendered":"<p><strong>Noticias como esta provocan profunda tristeza y hacen incomprensible el que la sinraz\u00f3n, el odio y la violencia est\u00e1n presentes en el ser humano.<\/strong><\/p>\n<p>Por Syed Raza Hassan ISLAMABAD (Reuters) &#8211; Una multitud ha matado en Pakist\u00e1n a una mujer de una minor\u00eda religiosa y a dos de sus nietas despu\u00e9s de que un miembro de la fe ahmad\u00ed fuera acusado de colgar material blasfemo en Facebook, dijo el lunes la polic\u00eda, en el \u00faltimo ejemplo de una creciente violencia contra las minor\u00edas del pa\u00eds. Las fallecidas, entre los que estaban una ni\u00f1a de siete a\u00f1os y su hermana, eran ahmad\u00edes, que se consideran musulmanes pero que creen en un profeta posterior a Mahoma. Una ley paquistan\u00ed de 1984 los declar\u00f3 no musulmanes y muchos paquistan\u00edes los consideran herejes. La polic\u00eda dijo que el episodio violento, ocurrido el domingo por la noche en la localidad de Gujranwala, a 220 kms al sudeste de la capital, Islamabad, comenz\u00f3 con un altercado entre j\u00f3venes, uno de los cuales era un ahmad\u00ed acusado de colgar en Internet \u00abmaterial inaceptable\u00bb. \u00abLuego, una multitud de 150 personas lleg\u00f3 a la comisar\u00eda exigiendo que se registrara un caso de blasfemia contra el acusado\u00bb, dijo un polic\u00eda que no quiso ser identificado.<\/p>\n<p><a href=\"https:\/\/rafaramirez.org\/blog\/wp-content\/uploads\/2014\/07\/3376955055_0a76421a4c_z.jpg\"><img loading=\"lazy\" decoding=\"async\" class=\"alignnone size-full wp-image-551\" src=\"https:\/\/rafaramirez.org\/blog\/wp-content\/uploads\/2014\/07\/3376955055_0a76421a4c_z.jpg\" alt=\"\" width=\"640\" height=\"426\" \/><\/a><\/p>\n<p>Leer noticia completa aqu\u00ed: <a href=\"http:\/\/es.noticias.yahoo.com\/una-multitud-mata-una-mujer-y-dos-ni%C3%B1as-074943999.html\" target=\"_blank\" rel=\"noopener noreferrer\">http:\/\/es.noticias.yahoo.com\/una-multitud-mata-una-mujer-y-dos-ni%C3%B1as-074943999.html<\/a><\/p>\n","protected":false},"excerpt":{"rendered":"<p>Noticias como esta provocan profunda tristeza y hacen incomprensible el que la sinraz\u00f3n, el odio y la violencia est\u00e1n presentes en el ser humano. Por Syed Raza Hassan ISLAMABAD (Reuters) &#8211; Una multitud ha matado en Pakist\u00e1n a una mujer de una minor\u00eda religiosa y a dos de sus nietas despu\u00e9s de que un miembro [&hellip;]<\/p>\n","protected":false},"author":1,"featured_media":2454,"comment_status":"open","ping_status":"closed","sticky":false,"template":"","format":"standard","meta":{"site-container-style":"default","site-container-layout":"default","site-sidebar-layout":"default","disable-article-header":"default","disable-site-header":"default","disable-site-footer":"default","disable-content-area-spacing":"default","_jetpack_newsletter_access":"","_jetpack_dont_email_post_to_subs":false,"_jetpack_newsletter_tier_id":0,"_jetpack_memberships_contains_paywalled_content":false,"_jetpack_feature_clip_id":0,"_jetpack_memberships_contains_paid_content":false,"footnotes":"","jetpack_publicize_message":"","jetpack_publicize_feature_enabled":true,"jetpack_social_post_already_shared":true,"jetpack_social_options":{"image_generator_settings":{"template":"highway","default_image_id":0,"font":"","enabled":false},"version":2},"jetpack_post_was_ever_published":false},"categories":[15],"tags":[67,139,182,231,305,330,345],"class_list":["post-549","post","type-post","status-publish","format-standard","has-post-thumbnail","hentry","category-noticias-sociales","tag-blasfemar","tag-destacado","tag-facebook","tag-islamabad","tag-multitud","tag-noticias-sociales","tag-pakistan"],"yoast_head":"<!-- This site is optimized with the Yoast SEO plugin v28.4 - https:\/\/yoast.com\/product\/yoast-seo-wordpress\/ -->\n<title>Una multitud mata a una mujer y dos ni\u00f1as en Pakist\u00e1n por &quot;blasfemar&quot; en Facebook - Blog de Rafael Ram\u00edrez<\/title>\n<meta name=\"robots\" content=\"index, follow, max-snippet:-1, max-image-preview:large, max-video-preview:-1\" \/>\n<link rel=\"canonical\" href=\"https:\/\/rafaramirez.org\/blog\/index.php\/2014\/07\/29\/una-multitud-mata-a-una-mujer-y-dos-ninas-en-pakistan-por-blasfemar-en-facebook\/\" \/>\n<meta property=\"og:locale\" content=\"es_ES\" \/>\n<meta property=\"og:type\" content=\"article\" \/>\n<meta property=\"og:title\" content=\"Una multitud mata a una mujer y dos ni\u00f1as en Pakist\u00e1n por &quot;blasfemar&quot; en Facebook - Blog de Rafael Ram\u00edrez\" \/>\n<meta property=\"og:description\" content=\"Noticias como esta provocan profunda tristeza y hacen incomprensible el que la sinraz\u00f3n, el odio y la violencia est\u00e1n presentes en el ser humano. Por Syed Raza Hassan ISLAMABAD (Reuters) &#8211; Una multitud ha matado en Pakist\u00e1n a una mujer de una minor\u00eda religiosa y a dos de sus nietas despu\u00e9s de que un miembro [&hellip;]\" \/>\n<meta property=\"og:url\" content=\"https:\/\/rafaramirez.org\/blog\/index.php\/2014\/07\/29\/una-multitud-mata-a-una-mujer-y-dos-ninas-en-pakistan-por-blasfemar-en-facebook\/\" \/>\n<meta property=\"og:site_name\" content=\"Blog de Rafael Ram\u00edrez\" \/>\n<meta property=\"article:published_time\" content=\"2014-07-29T05:46:45+00:00\" \/>\n<meta property=\"article:modified_time\" content=\"2024-04-17T08:38:18+00:00\" \/>\n<meta property=\"og:image\" content=\"https:\/\/rafaramirez.org\/blog\/wp-content\/uploads\/2014\/07\/Pakistan_in_its_region_reduc.jpg\" \/>\n\t<meta property=\"og:image:width\" content=\"600\" \/>\n\t<meta property=\"og:image:height\" content=\"332\" \/>\n\t<meta property=\"og:image:type\" content=\"image\/jpeg\" \/>\n<meta name=\"author\" content=\"Rafael Ram\u00edrez\" \/>\n<meta name=\"twitter:card\" content=\"summary_large_image\" \/>\n<meta name=\"twitter:creator\" content=\"@rafaramirez_ok\" \/>\n<meta name=\"twitter:site\" content=\"@rafaramirez_ok\" \/>\n<meta name=\"twitter:label1\" content=\"Escrito por\" \/>\n\t<meta name=\"twitter:data1\" content=\"Rafael Ram\u00edrez\" \/>\n\t<meta name=\"twitter:label2\" content=\"Tiempo de lectura\" \/>\n\t<meta name=\"twitter:data2\" content=\"1 minuto\" \/>\n<script type=\"application\/ld+json\" class=\"yoast-schema-graph\">{\"@context\":\"https:\\\/\\\/schema.org\",\"@graph\":[{\"@type\":\"Article\",\"@id\":\"https:\\\/\\\/rafaramirez.org\\\/blog\\\/index.php\\\/2014\\\/07\\\/29\\\/una-multitud-mata-a-una-mujer-y-dos-ninas-en-pakistan-por-blasfemar-en-facebook\\\/#article\",\"isPartOf\":{\"@id\":\"https:\\\/\\\/rafaramirez.org\\\/blog\\\/index.php\\\/2014\\\/07\\\/29\\\/una-multitud-mata-a-una-mujer-y-dos-ninas-en-pakistan-por-blasfemar-en-facebook\\\/\"},\"author\":{\"name\":\"Rafael Ram\u00edrez\",\"@id\":\"https:\\\/\\\/rafaramirez.org\\\/blog\\\/#\\\/schema\\\/person\\\/50f43b6d60c578760d4c17bda54ab6a5\"},\"headline\":\"Una multitud mata a una mujer y dos ni\u00f1as en Pakist\u00e1n por \u00abblasfemar\u00bb en Facebook\",\"datePublished\":\"2014-07-29T05:46:45+00:00\",\"dateModified\":\"2024-04-17T08:38:18+00:00\",\"mainEntityOfPage\":{\"@id\":\"https:\\\/\\\/rafaramirez.org\\\/blog\\\/index.php\\\/2014\\\/07\\\/29\\\/una-multitud-mata-a-una-mujer-y-dos-ninas-en-pakistan-por-blasfemar-en-facebook\\\/\"},\"wordCount\":249,\"commentCount\":0,\"publisher\":{\"@id\":\"https:\\\/\\\/rafaramirez.org\\\/blog\\\/#\\\/schema\\\/person\\\/50f43b6d60c578760d4c17bda54ab6a5\"},\"image\":{\"@id\":\"https:\\\/\\\/rafaramirez.org\\\/blog\\\/index.php\\\/2014\\\/07\\\/29\\\/una-multitud-mata-a-una-mujer-y-dos-ninas-en-pakistan-por-blasfemar-en-facebook\\\/#primaryimage\"},\"thumbnailUrl\":\"https:\\\/\\\/rafaramirez.org\\\/blog\\\/wp-content\\\/uploads\\\/2014\\\/07\\\/Pakistan_in_its_region_reduc.jpg\",\"keywords\":[\"blasfemar\",\"destacado\",\"facebook\",\"Islamabad\",\"multitud\",\"noticias sociales\",\"Pakist\u00e1n\"],\"articleSection\":[\"Informe social\"],\"inLanguage\":\"es\",\"potentialAction\":[{\"@type\":\"CommentAction\",\"name\":\"Comment\",\"target\":[\"https:\\\/\\\/rafaramirez.org\\\/blog\\\/index.php\\\/2014\\\/07\\\/29\\\/una-multitud-mata-a-una-mujer-y-dos-ninas-en-pakistan-por-blasfemar-en-facebook\\\/#respond\"]}]},{\"@type\":\"WebPage\",\"@id\":\"https:\\\/\\\/rafaramirez.org\\\/blog\\\/index.php\\\/2014\\\/07\\\/29\\\/una-multitud-mata-a-una-mujer-y-dos-ninas-en-pakistan-por-blasfemar-en-facebook\\\/\",\"url\":\"https:\\\/\\\/rafaramirez.org\\\/blog\\\/index.php\\\/2014\\\/07\\\/29\\\/una-multitud-mata-a-una-mujer-y-dos-ninas-en-pakistan-por-blasfemar-en-facebook\\\/\",\"name\":\"Una multitud mata a una mujer y dos ni\u00f1as en Pakist\u00e1n por \\\"blasfemar\\\" en Facebook - Blog de Rafael Ram\u00edrez\",\"isPartOf\":{\"@id\":\"https:\\\/\\\/rafaramirez.org\\\/blog\\\/#website\"},\"primaryImageOfPage\":{\"@id\":\"https:\\\/\\\/rafaramirez.org\\\/blog\\\/index.php\\\/2014\\\/07\\\/29\\\/una-multitud-mata-a-una-mujer-y-dos-ninas-en-pakistan-por-blasfemar-en-facebook\\\/#primaryimage\"},\"image\":{\"@id\":\"https:\\\/\\\/rafaramirez.org\\\/blog\\\/index.php\\\/2014\\\/07\\\/29\\\/una-multitud-mata-a-una-mujer-y-dos-ninas-en-pakistan-por-blasfemar-en-facebook\\\/#primaryimage\"},\"thumbnailUrl\":\"https:\\\/\\\/rafaramirez.org\\\/blog\\\/wp-content\\\/uploads\\\/2014\\\/07\\\/Pakistan_in_its_region_reduc.jpg\",\"datePublished\":\"2014-07-29T05:46:45+00:00\",\"dateModified\":\"2024-04-17T08:38:18+00:00\",\"breadcrumb\":{\"@id\":\"https:\\\/\\\/rafaramirez.org\\\/blog\\\/index.php\\\/2014\\\/07\\\/29\\\/una-multitud-mata-a-una-mujer-y-dos-ninas-en-pakistan-por-blasfemar-en-facebook\\\/#breadcrumb\"},\"inLanguage\":\"es\",\"potentialAction\":[{\"@type\":\"ReadAction\",\"target\":[\"https:\\\/\\\/rafaramirez.org\\\/blog\\\/index.php\\\/2014\\\/07\\\/29\\\/una-multitud-mata-a-una-mujer-y-dos-ninas-en-pakistan-por-blasfemar-en-facebook\\\/\"]}]},{\"@type\":\"ImageObject\",\"inLanguage\":\"es\",\"@id\":\"https:\\\/\\\/rafaramirez.org\\\/blog\\\/index.php\\\/2014\\\/07\\\/29\\\/una-multitud-mata-a-una-mujer-y-dos-ninas-en-pakistan-por-blasfemar-en-facebook\\\/#primaryimage\",\"url\":\"https:\\\/\\\/rafaramirez.org\\\/blog\\\/wp-content\\\/uploads\\\/2014\\\/07\\\/Pakistan_in_its_region_reduc.jpg\",\"contentUrl\":\"https:\\\/\\\/rafaramirez.org\\\/blog\\\/wp-content\\\/uploads\\\/2014\\\/07\\\/Pakistan_in_its_region_reduc.jpg\",\"width\":600,\"height\":332},{\"@type\":\"BreadcrumbList\",\"@id\":\"https:\\\/\\\/rafaramirez.org\\\/blog\\\/index.php\\\/2014\\\/07\\\/29\\\/una-multitud-mata-a-una-mujer-y-dos-ninas-en-pakistan-por-blasfemar-en-facebook\\\/#breadcrumb\",\"itemListElement\":[{\"@type\":\"ListItem\",\"position\":1,\"name\":\"Portada\",\"item\":\"https:\\\/\\\/rafaramirez.org\\\/blog\\\/\"},{\"@type\":\"ListItem\",\"position\":2,\"name\":\"Una multitud mata a una mujer y dos ni\u00f1as en Pakist\u00e1n por \u00abblasfemar\u00bb en Facebook\"}]},{\"@type\":\"WebSite\",\"@id\":\"https:\\\/\\\/rafaramirez.org\\\/blog\\\/#website\",\"url\":\"https:\\\/\\\/rafaramirez.org\\\/blog\\\/\",\"name\":\"Blog de Rafael Ram\u00edrez\",\"description\":\"Un sitio social, de arte y cultura\",\"publisher\":{\"@id\":\"https:\\\/\\\/rafaramirez.org\\\/blog\\\/#\\\/schema\\\/person\\\/50f43b6d60c578760d4c17bda54ab6a5\"},\"potentialAction\":[{\"@type\":\"SearchAction\",\"target\":{\"@type\":\"EntryPoint\",\"urlTemplate\":\"https:\\\/\\\/rafaramirez.org\\\/blog\\\/?s={search_term_string}\"},\"query-input\":{\"@type\":\"PropertyValueSpecification\",\"valueRequired\":true,\"valueName\":\"search_term_string\"}}],\"inLanguage\":\"es\"},{\"@type\":[\"Person\",\"Organization\"],\"@id\":\"https:\\\/\\\/rafaramirez.org\\\/blog\\\/#\\\/schema\\\/person\\\/50f43b6d60c578760d4c17bda54ab6a5\",\"name\":\"Rafael Ram\u00edrez\",\"image\":{\"@type\":\"ImageObject\",\"inLanguage\":\"es\",\"@id\":\"https:\\\/\\\/rafaramirez.org\\\/blog\\\/wp-content\\\/uploads\\\/2024\\\/09\\\/RR_socialnetwork.jpg\",\"url\":\"https:\\\/\\\/rafaramirez.org\\\/blog\\\/wp-content\\\/uploads\\\/2024\\\/09\\\/RR_socialnetwork.jpg\",\"contentUrl\":\"https:\\\/\\\/rafaramirez.org\\\/blog\\\/wp-content\\\/uploads\\\/2024\\\/09\\\/RR_socialnetwork.jpg\",\"width\":600,\"height\":606,\"caption\":\"Rafael Ram\u00edrez\"},\"logo\":{\"@id\":\"https:\\\/\\\/rafaramirez.org\\\/blog\\\/wp-content\\\/uploads\\\/2024\\\/09\\\/RR_socialnetwork.jpg\"},\"sameAs\":[\"https:\\\/\\\/www.rafaramirez.org\\\/blog\",\"https:\\\/\\\/www.instagram.com\\\/rafaramirez_ok\\\/\",\"https:\\\/\\\/es.pinterest.com\\\/Ramirez_Rafa\\\/\",\"https:\\\/\\\/x.com\\\/rafaramirez_ok\"],\"url\":\"https:\\\/\\\/rafaramirez.org\\\/blog\\\/index.php\\\/author\\\/rafaell_qm6j97da\\\/\"}]}<\/script>\n<!-- \/ Yoast SEO plugin. -->","yoast_head_json":{"title":"Una multitud mata a una mujer y dos ni\u00f1as en Pakist\u00e1n por \"blasfemar\" en Facebook - Blog de Rafael Ram\u00edrez","robots":{"index":"index","follow":"follow","max-snippet":"max-snippet:-1","max-image-preview":"max-image-preview:large","max-video-preview":"max-video-preview:-1"},"canonical":"https:\/\/rafaramirez.org\/blog\/index.php\/2014\/07\/29\/una-multitud-mata-a-una-mujer-y-dos-ninas-en-pakistan-por-blasfemar-en-facebook\/","og_locale":"es_ES","og_type":"article","og_title":"Una multitud mata a una mujer y dos ni\u00f1as en Pakist\u00e1n por \"blasfemar\" en Facebook - Blog de Rafael Ram\u00edrez","og_description":"Noticias como esta provocan profunda tristeza y hacen incomprensible el que la sinraz\u00f3n, el odio y la violencia est\u00e1n presentes en el ser humano. Por Syed Raza Hassan ISLAMABAD (Reuters) &#8211; Una multitud ha matado en Pakist\u00e1n a una mujer de una minor\u00eda religiosa y a dos de sus nietas despu\u00e9s de que un miembro [&hellip;]","og_url":"https:\/\/rafaramirez.org\/blog\/index.php\/2014\/07\/29\/una-multitud-mata-a-una-mujer-y-dos-ninas-en-pakistan-por-blasfemar-en-facebook\/","og_site_name":"Blog de Rafael Ram\u00edrez","article_published_time":"2014-07-29T05:46:45+00:00","article_modified_time":"2024-04-17T08:38:18+00:00","og_image":[{"width":600,"height":332,"url":"https:\/\/rafaramirez.org\/blog\/wp-content\/uploads\/2014\/07\/Pakistan_in_its_region_reduc.jpg","type":"image\/jpeg"}],"author":"Rafael Ram\u00edrez","twitter_card":"summary_large_image","twitter_creator":"@rafaramirez_ok","twitter_site":"@rafaramirez_ok","twitter_misc":{"Escrito por":"Rafael Ram\u00edrez","Tiempo de lectura":"1 minuto"},"schema":{"@context":"https:\/\/schema.org","@graph":[{"@type":"Article","@id":"https:\/\/rafaramirez.org\/blog\/index.php\/2014\/07\/29\/una-multitud-mata-a-una-mujer-y-dos-ninas-en-pakistan-por-blasfemar-en-facebook\/#article","isPartOf":{"@id":"https:\/\/rafaramirez.org\/blog\/index.php\/2014\/07\/29\/una-multitud-mata-a-una-mujer-y-dos-ninas-en-pakistan-por-blasfemar-en-facebook\/"},"author":{"name":"Rafael Ram\u00edrez","@id":"https:\/\/rafaramirez.org\/blog\/#\/schema\/person\/50f43b6d60c578760d4c17bda54ab6a5"},"headline":"Una multitud mata a una mujer y dos ni\u00f1as en Pakist\u00e1n por \u00abblasfemar\u00bb en Facebook","datePublished":"2014-07-29T05:46:45+00:00","dateModified":"2024-04-17T08:38:18+00:00","mainEntityOfPage":{"@id":"https:\/\/rafaramirez.org\/blog\/index.php\/2014\/07\/29\/una-multitud-mata-a-una-mujer-y-dos-ninas-en-pakistan-por-blasfemar-en-facebook\/"},"wordCount":249,"commentCount":0,"publisher":{"@id":"https:\/\/rafaramirez.org\/blog\/#\/schema\/person\/50f43b6d60c578760d4c17bda54ab6a5"},"image":{"@id":"https:\/\/rafaramirez.org\/blog\/index.php\/2014\/07\/29\/una-multitud-mata-a-una-mujer-y-dos-ninas-en-pakistan-por-blasfemar-en-facebook\/#primaryimage"},"thumbnailUrl":"https:\/\/rafaramirez.org\/blog\/wp-content\/uploads\/2014\/07\/Pakistan_in_its_region_reduc.jpg","keywords":["blasfemar","destacado","facebook","Islamabad","multitud","noticias sociales","Pakist\u00e1n"],"articleSection":["Informe social"],"inLanguage":"es","potentialAction":[{"@type":"CommentAction","name":"Comment","target":["https:\/\/rafaramirez.org\/blog\/index.php\/2014\/07\/29\/una-multitud-mata-a-una-mujer-y-dos-ninas-en-pakistan-por-blasfemar-en-facebook\/#respond"]}]},{"@type":"WebPage","@id":"https:\/\/rafaramirez.org\/blog\/index.php\/2014\/07\/29\/una-multitud-mata-a-una-mujer-y-dos-ninas-en-pakistan-por-blasfemar-en-facebook\/","url":"https:\/\/rafaramirez.org\/blog\/index.php\/2014\/07\/29\/una-multitud-mata-a-una-mujer-y-dos-ninas-en-pakistan-por-blasfemar-en-facebook\/","name":"Una multitud mata a una mujer y dos ni\u00f1as en Pakist\u00e1n por \"blasfemar\" en Facebook - Blog de Rafael Ram\u00edrez","isPartOf":{"@id":"https:\/\/rafaramirez.org\/blog\/#website"},"primaryImageOfPage":{"@id":"https:\/\/rafaramirez.org\/blog\/index.php\/2014\/07\/29\/una-multitud-mata-a-una-mujer-y-dos-ninas-en-pakistan-por-blasfemar-en-facebook\/#primaryimage"},"image":{"@id":"https:\/\/rafaramirez.org\/blog\/index.php\/2014\/07\/29\/una-multitud-mata-a-una-mujer-y-dos-ninas-en-pakistan-por-blasfemar-en-facebook\/#primaryimage"},"thumbnailUrl":"https:\/\/rafaramirez.org\/blog\/wp-content\/uploads\/2014\/07\/Pakistan_in_its_region_reduc.jpg","datePublished":"2014-07-29T05:46:45+00:00","dateModified":"2024-04-17T08:38:18+00:00","breadcrumb":{"@id":"https:\/\/rafaramirez.org\/blog\/index.php\/2014\/07\/29\/una-multitud-mata-a-una-mujer-y-dos-ninas-en-pakistan-por-blasfemar-en-facebook\/#breadcrumb"},"inLanguage":"es","potentialAction":[{"@type":"ReadAction","target":["https:\/\/rafaramirez.org\/blog\/index.php\/2014\/07\/29\/una-multitud-mata-a-una-mujer-y-dos-ninas-en-pakistan-por-blasfemar-en-facebook\/"]}]},{"@type":"ImageObject","inLanguage":"es","@id":"https:\/\/rafaramirez.org\/blog\/index.php\/2014\/07\/29\/una-multitud-mata-a-una-mujer-y-dos-ninas-en-pakistan-por-blasfemar-en-facebook\/#primaryimage","url":"https:\/\/rafaramirez.org\/blog\/wp-content\/uploads\/2014\/07\/Pakistan_in_its_region_reduc.jpg","contentUrl":"https:\/\/rafaramirez.org\/blog\/wp-content\/uploads\/2014\/07\/Pakistan_in_its_region_reduc.jpg","width":600,"height":332},{"@type":"BreadcrumbList","@id":"https:\/\/rafaramirez.org\/blog\/index.php\/2014\/07\/29\/una-multitud-mata-a-una-mujer-y-dos-ninas-en-pakistan-por-blasfemar-en-facebook\/#breadcrumb","itemListElement":[{"@type":"ListItem","position":1,"name":"Portada","item":"https:\/\/rafaramirez.org\/blog\/"},{"@type":"ListItem","position":2,"name":"Una multitud mata a una mujer y dos ni\u00f1as en Pakist\u00e1n por \u00abblasfemar\u00bb en Facebook"}]},{"@type":"WebSite","@id":"https:\/\/rafaramirez.org\/blog\/#website","url":"https:\/\/rafaramirez.org\/blog\/","name":"Blog de Rafael Ram\u00edrez","description":"Un sitio social, de arte y cultura","publisher":{"@id":"https:\/\/rafaramirez.org\/blog\/#\/schema\/person\/50f43b6d60c578760d4c17bda54ab6a5"},"potentialAction":[{"@type":"SearchAction","target":{"@type":"EntryPoint","urlTemplate":"https:\/\/rafaramirez.org\/blog\/?s={search_term_string}"},"query-input":{"@type":"PropertyValueSpecification","valueRequired":true,"valueName":"search_term_string"}}],"inLanguage":"es"},{"@type":["Person","Organization"],"@id":"https:\/\/rafaramirez.org\/blog\/#\/schema\/person\/50f43b6d60c578760d4c17bda54ab6a5","name":"Rafael Ram\u00edrez","image":{"@type":"ImageObject","inLanguage":"es","@id":"https:\/\/rafaramirez.org\/blog\/wp-content\/uploads\/2024\/09\/RR_socialnetwork.jpg","url":"https:\/\/rafaramirez.org\/blog\/wp-content\/uploads\/2024\/09\/RR_socialnetwork.jpg","contentUrl":"https:\/\/rafaramirez.org\/blog\/wp-content\/uploads\/2024\/09\/RR_socialnetwork.jpg","width":600,"height":606,"caption":"Rafael Ram\u00edrez"},"logo":{"@id":"https:\/\/rafaramirez.org\/blog\/wp-content\/uploads\/2024\/09\/RR_socialnetwork.jpg"},"sameAs":["https:\/\/www.rafaramirez.org\/blog","https:\/\/www.instagram.com\/rafaramirez_ok\/","https:\/\/es.pinterest.com\/Ramirez_Rafa\/","https:\/\/x.com\/rafaramirez_ok"],"url":"https:\/\/rafaramirez.org\/blog\/index.php\/author\/rafaell_qm6j97da\/"}]}},"jetpack_publicize_connections":[],"jetpack_sharing_enabled":true,"jetpack_likes_enabled":true,"jetpack_featured_media_url":"https:\/\/rafaramirez.org\/blog\/wp-content\/uploads\/2014\/07\/Pakistan_in_its_region_reduc.jpg","_links":{"self":[{"href":"https:\/\/rafaramirez.org\/blog\/index.php\/wp-json\/wp\/v2\/posts\/549","targetHints":{"allow":["GET"]}}],"collection":[{"href":"https:\/\/rafaramirez.org\/blog\/index.php\/wp-json\/wp\/v2\/posts"}],"about":[{"href":"https:\/\/rafaramirez.org\/blog\/index.php\/wp-json\/wp\/v2\/types\/post"}],"author":[{"embeddable":true,"href":"https:\/\/rafaramirez.org\/blog\/index.php\/wp-json\/wp\/v2\/users\/1"}],"replies":[{"embeddable":true,"href":"https:\/\/rafaramirez.org\/blog\/index.php\/wp-json\/wp\/v2\/comments?post=549"}],"version-history":[{"count":2,"href":"https:\/\/rafaramirez.org\/blog\/index.php\/wp-json\/wp\/v2\/posts\/549\/revisions"}],"predecessor-version":[{"id":2453,"href":"https:\/\/rafaramirez.org\/blog\/index.php\/wp-json\/wp\/v2\/posts\/549\/revisions\/2453"}],"wp:featuredmedia":[{"embeddable":true,"href":"https:\/\/rafaramirez.org\/blog\/index.php\/wp-json\/wp\/v2\/media\/2454"}],"wp:attachment":[{"href":"https:\/\/rafaramirez.org\/blog\/index.php\/wp-json\/wp\/v2\/media?parent=549"}],"wp:term":[{"taxonomy":"category","embeddable":true,"href":"https:\/\/rafaramirez.org\/blog\/index.php\/wp-json\/wp\/v2\/categories?post=549"},{"taxonomy":"post_tag","embeddable":true,"href":"https:\/\/rafaramirez.org\/blog\/index.php\/wp-json\/wp\/v2\/tags?post=549"}],"curies":[{"name":"wp","href":"https:\/\/api.w.org\/{rel}","templated":true}]}}