{"id":5465,"date":"2024-08-20T08:15:43","date_gmt":"2024-08-20T06:15:43","guid":{"rendered":"https:\/\/rafaramirez.org\/blog\/?p=5465"},"modified":"2024-07-25T13:09:42","modified_gmt":"2024-07-25T11:09:42","slug":"semana-mundial-del-agua","status":"publish","type":"post","link":"https:\/\/rafaramirez.org\/blog\/index.php\/2024\/08\/20\/semana-mundial-del-agua\/","title":{"rendered":"Semana Mundial del Agua: M\u00e1s de 2.000 millones de personas no tienen acceso al agua potable."},"content":{"rendered":"<p>La\u00a0<strong>Semana Mundial del Agua<\/strong> es un evento anual centrado en cuestiones globales relacionadas con el agua. Se celebra en Estocolmo, Suecia, y re\u00fane a expertos, profesionales, responsables de la toma de decisiones, innovadores empresariales y emprendedores de diversos sectores y pa\u00edses. \u00c9ste a\u00f1o se llevar\u00e1 a cabo del\u00a0<strong>25 al 29 de agosto<\/strong>. Durante esta influyente conferencia, se intercambian ideas, se fomentan nuevas iniciativas y se proponen soluciones para los retos m\u00e1s acuciantes del agua en la actualidad.\u00a0El tema de la\u00a0<strong>Semana Mundial del Agua 2024<\/strong> es <strong>\u201cBridging Borders: Water for a Peaceful and Sustainable Future\u201d<\/strong> (Uniendo fronteras: Agua para un futuro pac\u00edfico y sostenible), destacando la interconectividad regional y global de comunidades y naciones, y la colaboraci\u00f3n necesaria para lograr un futuro sostenible.\u00a0Como conferencia principal en torno a cuestiones relacionadas con el agua mundial durante m\u00e1s de 30 a\u00f1os, la Semana Mundial del Agua act\u00faa como un importante catalizador del cambio.<\/p>\n<h3>El problema del acceso al agua potable.<\/h3>\n<p>Seg\u00fan un informe conjunto de\u00a0<strong>UNICEF<\/strong>\u00a0y la\u00a0<strong>Organizaci\u00f3n Mundial de la Salud <\/strong>de 2019, m\u00e1s de\u00a0<strong>2.200 millones de personas<\/strong>\u00a0en todo el mundo carecen de acceso a servicios de\u00a0<strong>agua potable gestionados de manera segura<\/strong>.\u00a0Adem\u00e1s,\u00a0<strong>4.200 millones de personas<\/strong>\u00a0no cuentan con servicios de\u00a0<strong>saneamiento gestionados de manera segura<\/strong>, y\u00a0<strong>3.000 millones<\/strong>\u00a0carecen de instalaciones b\u00e1sicas para el\u00a0<strong>lavado de manos<\/strong>. Aunque ha habido avances significativos desde el a\u00f1o 2000, a\u00fan existen desigualdades en la\u00a0<strong>calidad<\/strong>\u00a0de los servicios prestados.\u00a0Por ejemplo,\u00a0<strong>785 millones de personas<\/strong>\u00a0beben agua de superficie sin tratamiento, y\u00a0<strong>8 de cada 10 personas<\/strong> en zonas rurales carecen de acceso a estos servicios.<\/p>\n<figure id=\"attachment_5473\" aria-describedby=\"caption-attachment-5473\" style=\"width: 300px\" class=\"wp-caption aligncenter\"><a href=\"https:\/\/rafaramirez.org\/blog\/wp-content\/uploads\/2024\/08\/frog-2403334.jpg\" target=\"_blank\" rel=\"noopener\"><img loading=\"lazy\" decoding=\"async\" class=\"wp-image-5473 size-medium\" src=\"https:\/\/rafaramirez.org\/blog\/wp-content\/uploads\/2024\/08\/frog-2403334-300x225.jpg\" alt=\"Semana Mundial del Agua 2024. Blog de Rafael Ram\u00edrez.\" width=\"300\" height=\"225\" srcset=\"https:\/\/rafaramirez.org\/blog\/wp-content\/uploads\/2024\/08\/frog-2403334-300x225.jpg 300w, https:\/\/rafaramirez.org\/blog\/wp-content\/uploads\/2024\/08\/frog-2403334-1024x768.jpg 1024w, https:\/\/rafaramirez.org\/blog\/wp-content\/uploads\/2024\/08\/frog-2403334-768x576.jpg 768w, https:\/\/rafaramirez.org\/blog\/wp-content\/uploads\/2024\/08\/frog-2403334.jpg 1400w\" sizes=\"auto, (max-width: 300px) 100vw, 300px\" \/><\/a><figcaption id=\"caption-attachment-5473\" class=\"wp-caption-text\">Semana Mundial del Agua 2024. Blog de Rafael Ram\u00edrez.<\/figcaption><\/figure>\n<h3>\u00bfQu\u00e9 pasos se est\u00e1n dando para abordar esta problem\u00e1tica?<\/h3>\n<p>A nivel global, se est\u00e1n llevando a cabo diversas iniciativas para abordar la problem\u00e1tica del acceso al agua potable:<\/p>\n<ol>\n<li><strong>Objetivos de Desarrollo Sostenible (ODS)<\/strong>: El\u00a0<strong>ODS 6<\/strong>\u00a0se centra en garantizar la disponibilidad y gesti\u00f3n sostenible del agua y el saneamiento para todos. Los pa\u00edses miembros de las Naciones Unidas han establecido metas espec\u00edficas para mejorar el acceso al agua potable y al saneamiento b\u00e1sico.<\/li>\n<li><strong>Inversiones en infraestructura<\/strong>: Se est\u00e1n realizando inversiones significativas en infraestructuras de agua y saneamiento en todo el mundo. Esto incluye la construcci\u00f3n de pozos, sistemas de distribuci\u00f3n de agua, plantas de tratamiento y redes de alcantarillado.<\/li>\n<li><strong>Colaboraci\u00f3n p\u00fablico-privada<\/strong>: Gobiernos, organizaciones no gubernamentales y empresas privadas est\u00e1n colaborando para mejorar el acceso al agua potable. Esto implica la inversi\u00f3n en proyectos conjuntos y la implementaci\u00f3n de soluciones innovadoras.<\/li>\n<li><strong>Educaci\u00f3n y concienciaci\u00f3n<\/strong>: Se est\u00e1n llevando a cabo campa\u00f1as de sensibilizaci\u00f3n para educar a las comunidades sobre la importancia del agua potable, la higiene y el saneamiento. Esto incluye la promoci\u00f3n del lavado de manos y la gesti\u00f3n adecuada del agua.<\/li>\n<li><strong>Tecnolog\u00eda y soluciones innovadoras<\/strong>: Se est\u00e1n desarrollando tecnolog\u00edas y enfoques innovadores para proporcionar acceso al agua potable en \u00e1reas remotas o con recursos limitados. Ejemplos incluyen sistemas de filtraci\u00f3n de bajo costo y recolecci\u00f3n de agua de lluvia.<\/li>\n<\/ol>\n<p>La comunidad internacional est\u00e1 trabajando en conjunto para garantizar que todas las personas tengan acceso a agua potable segura y gestionada de manera sostenible. A pesar de los desaf\u00edos, se est\u00e1n logrando avances significativos, pero a\u00fan queda mucho por hacer .<\/p>\n<figure id=\"attachment_5471\" aria-describedby=\"caption-attachment-5471\" style=\"width: 300px\" class=\"wp-caption aligncenter\"><a href=\"https:\/\/rafaramirez.org\/blog\/wp-content\/uploads\/2024\/08\/africa-2665100.jpg\" target=\"_blank\" rel=\"noopener\"><img loading=\"lazy\" decoding=\"async\" class=\"wp-image-5471 size-medium\" src=\"https:\/\/rafaramirez.org\/blog\/wp-content\/uploads\/2024\/08\/africa-2665100-300x200.jpg\" alt=\"Semana Mundial del Agua 2024. Blog de Rafael Ram\u00edrez.\" width=\"300\" height=\"200\" srcset=\"https:\/\/rafaramirez.org\/blog\/wp-content\/uploads\/2024\/08\/africa-2665100-300x200.jpg 300w, https:\/\/rafaramirez.org\/blog\/wp-content\/uploads\/2024\/08\/africa-2665100-1024x683.jpg 1024w, https:\/\/rafaramirez.org\/blog\/wp-content\/uploads\/2024\/08\/africa-2665100-768x512.jpg 768w, https:\/\/rafaramirez.org\/blog\/wp-content\/uploads\/2024\/08\/africa-2665100.jpg 1400w\" sizes=\"auto, (max-width: 300px) 100vw, 300px\" \/><\/a><figcaption id=\"caption-attachment-5471\" class=\"wp-caption-text\">Semana Mundial del Agua 2024. Blog de Rafael Ram\u00edrez.<\/figcaption><\/figure>\n<h3>Eventos destacados de la Semana Mundial del Agua 2024.<\/h3>\n<p>Durante la\u00a0<strong>Semana Mundial del Agua 2024<\/strong>, se llevar\u00e1n a cabo diversos eventos relevantes, como:<\/p>\n<ol>\n<li><strong>Seminarios y talleres<\/strong>: Organizados por el\u00a0<strong>Instituto Internacional del Agua de Estocolmo (SIWI)<\/strong>, estos eventos explorar\u00e1n una amplia gama de temas relacionados con el agua.<\/li>\n<li><strong>Aceleradoras<\/strong>: Programas de formaci\u00f3n en colaboraci\u00f3n con organizaciones asociadas, enfocados en comunicaci\u00f3n y negocios para acelerar el cambio hacia sociedades m\u00e1s sostenibles.<\/li>\n<li><strong>Ceremonias de premios<\/strong>: Durante la semana, se entregar\u00e1 el\u00a0<strong>Premio del Agua de Estocolmo<\/strong>, junto con las finales del concurso internacional\u00a0<strong>Premio Juvenil del Agua de Estocolmo<\/strong>. El\u00a0Premio del Agua de Estocolmo\u00a0es el galard\u00f3n m\u00e1s prestigioso del mundo en el \u00e1mbito del agua.\u00a0Desde\u00a0<strong>1991<\/strong>, se otorga a personas y organizaciones por logros extraordinarios relacionados con el agua. Este premio es concedido por la\u00a0<strong>Fundaci\u00f3n del Agua de Estocolmo<\/strong>, en colaboraci\u00f3n con la\u00a0<strong>Real Academia Sueca de Ciencias<\/strong>.<\/li>\n<\/ol>\n<p><strong>En resumen, la Semana Mundial del Agua 2024 ofrece una plataforma para compartir conocimientos, promover la cooperaci\u00f3n y abordar los desaf\u00edos h\u00eddricos globales.\u00a0<\/strong><\/p>\n<p>M\u00e1s informaci\u00f3n:<\/p>\n<ul>\n<li><a href=\"https:\/\/www.worldwaterweek.org\/\" target=\"_blank\" rel=\"noopener\">World Water Week.org<\/a><\/li>\n<li><a href=\"https:\/\/www.un.org\/es\/cr%C3%B3nica-onu\/semana-mundial-del-agua-2022-la-importancia-del-agua-que-no-se-ve\" target=\"_blank\" rel=\"noopener\">UN.org<\/a><\/li>\n<li><a href=\"https:\/\/www.unicef.org\/es\/comunicados-prensa\/1-de-cada-3-personas-en-el-mundo-no-tiene-acceso-a-agua-potable\" target=\"_blank\" rel=\"noopener\">UNICEF.org<\/a><\/li>\n<li><a href=\"https:\/\/siwi.org\/stockholm-water-prize\/\" target=\"_blank\" rel=\"noopener\">Siwi.org<\/a><\/li>\n<\/ul>\n","protected":false},"excerpt":{"rendered":"<p>La\u00a0Semana Mundial del Agua es un evento anual centrado en cuestiones globales relacionadas con el agua. Se celebra en Estocolmo, Suecia, y re\u00fane a expertos, profesionales, responsables de la toma de decisiones, innovadores empresariales y emprendedores de diversos sectores y pa\u00edses. \u00c9ste a\u00f1o se llevar\u00e1 a cabo del\u00a025 al 29 de agosto. Durante esta influyente [&hellip;]<\/p>\n","protected":false},"author":1,"featured_media":5470,"comment_status":"open","ping_status":"closed","sticky":false,"template":"","format":"standard","meta":{"site-container-style":"default","site-container-layout":"default","site-sidebar-layout":"default","disable-article-header":"default","disable-site-header":"default","disable-site-footer":"default","disable-content-area-spacing":"default","_jetpack_newsletter_access":"","_jetpack_dont_email_post_to_subs":false,"_jetpack_newsletter_tier_id":0,"_jetpack_memberships_contains_paywalled_content":false,"_jetpack_feature_clip_id":0,"_jetpack_memberships_contains_paid_content":false,"footnotes":"","jetpack_publicize_message":"","jetpack_publicize_feature_enabled":true,"jetpack_social_post_already_shared":true,"jetpack_social_options":{"image_generator_settings":{"template":"highway","default_image_id":0,"font":"","enabled":false},"version":2},"jetpack_post_was_ever_published":false},"categories":[1291,15],"tags":[1652,3129,3135,3136,1323,228,3134,330,2330,3132,3133,336,338,998,3128,3137,3131,3130],"class_list":["post-5465","post","type-post","status-publish","format-standard","has-post-thumbnail","hentry","category-efemerides","category-noticias-sociales","tag-1652","tag-bridging-borders-water-for-a-peaceful-and-sustainable-future","tag-colaboracion-publico-privada","tag-educacion-y-concienciacion","tag-efemerides","tag-informe","tag-inversiones-en-infraestructura","tag-noticias-sociales","tag-objetivos-de-desarrollo-sostenible","tag-ods","tag-ods-6","tag-oms","tag-organizacion-mundial-de-la-salud","tag-problema-social","tag-semana-mundial-del-agua","tag-tecnologia-y-soluciones-innovadoras","tag-unicef","tag-uniendo-fronteras-agua-para-un-futuro-pacifico-y-sostenible"],"yoast_head":"<!-- This site is optimized with the Yoast SEO plugin v28.4 - https:\/\/yoast.com\/product\/yoast-seo-wordpress\/ -->\n<title>Semana Mundial del Agua: M\u00e1s de 2.000 millones de personas no tienen acceso al agua potable. - Blog de Rafael Ram\u00edrez<\/title>\n<meta name=\"robots\" content=\"index, follow, max-snippet:-1, max-image-preview:large, max-video-preview:-1\" \/>\n<link rel=\"canonical\" href=\"https:\/\/rafaramirez.org\/blog\/index.php\/2024\/08\/20\/semana-mundial-del-agua\/\" \/>\n<meta property=\"og:locale\" content=\"es_ES\" \/>\n<meta property=\"og:type\" content=\"article\" \/>\n<meta property=\"og:title\" content=\"Semana Mundial del Agua: M\u00e1s de 2.000 millones de personas no tienen acceso al agua potable. - Blog de Rafael Ram\u00edrez\" \/>\n<meta property=\"og:description\" content=\"La\u00a0Semana Mundial del Agua es un evento anual centrado en cuestiones globales relacionadas con el agua. Se celebra en Estocolmo, Suecia, y re\u00fane a expertos, profesionales, responsables de la toma de decisiones, innovadores empresariales y emprendedores de diversos sectores y pa\u00edses. \u00c9ste a\u00f1o se llevar\u00e1 a cabo del\u00a025 al 29 de agosto. Durante esta influyente [&hellip;]\" \/>\n<meta property=\"og:url\" content=\"https:\/\/rafaramirez.org\/blog\/index.php\/2024\/08\/20\/semana-mundial-del-agua\/\" \/>\n<meta property=\"og:site_name\" content=\"Blog de Rafael Ram\u00edrez\" \/>\n<meta property=\"article:published_time\" content=\"2024-08-20T06:15:43+00:00\" \/>\n<meta property=\"og:image\" content=\"https:\/\/rafaramirez.org\/blog\/wp-content\/uploads\/2024\/08\/Semana-Mundial-del-Agua_banner_logblog.jpg\" \/>\n\t<meta property=\"og:image:width\" content=\"748\" \/>\n\t<meta property=\"og:image:height\" content=\"498\" \/>\n\t<meta property=\"og:image:type\" content=\"image\/jpeg\" \/>\n<meta name=\"author\" content=\"Rafael Ram\u00edrez\" \/>\n<meta name=\"twitter:card\" content=\"summary_large_image\" \/>\n<meta name=\"twitter:creator\" content=\"@rafaramirez_ok\" \/>\n<meta name=\"twitter:site\" content=\"@rafaramirez_ok\" \/>\n<meta name=\"twitter:label1\" content=\"Escrito por\" \/>\n\t<meta name=\"twitter:data1\" content=\"Rafael Ram\u00edrez\" \/>\n\t<meta name=\"twitter:label2\" content=\"Tiempo de lectura\" \/>\n\t<meta name=\"twitter:data2\" content=\"4 minutos\" \/>\n<script type=\"application\/ld+json\" class=\"yoast-schema-graph\">{\"@context\":\"https:\\\/\\\/schema.org\",\"@graph\":[{\"@type\":\"Article\",\"@id\":\"https:\\\/\\\/rafaramirez.org\\\/blog\\\/index.php\\\/2024\\\/08\\\/20\\\/semana-mundial-del-agua\\\/#article\",\"isPartOf\":{\"@id\":\"https:\\\/\\\/rafaramirez.org\\\/blog\\\/index.php\\\/2024\\\/08\\\/20\\\/semana-mundial-del-agua\\\/\"},\"author\":{\"name\":\"Rafael Ram\u00edrez\",\"@id\":\"https:\\\/\\\/rafaramirez.org\\\/blog\\\/#\\\/schema\\\/person\\\/50f43b6d60c578760d4c17bda54ab6a5\"},\"headline\":\"Semana Mundial del Agua: M\u00e1s de 2.000 millones de personas no tienen acceso al agua potable.\",\"datePublished\":\"2024-08-20T06:15:43+00:00\",\"mainEntityOfPage\":{\"@id\":\"https:\\\/\\\/rafaramirez.org\\\/blog\\\/index.php\\\/2024\\\/08\\\/20\\\/semana-mundial-del-agua\\\/\"},\"wordCount\":811,\"commentCount\":0,\"publisher\":{\"@id\":\"https:\\\/\\\/rafaramirez.org\\\/blog\\\/#\\\/schema\\\/person\\\/50f43b6d60c578760d4c17bda54ab6a5\"},\"image\":{\"@id\":\"https:\\\/\\\/rafaramirez.org\\\/blog\\\/index.php\\\/2024\\\/08\\\/20\\\/semana-mundial-del-agua\\\/#primaryimage\"},\"thumbnailUrl\":\"https:\\\/\\\/rafaramirez.org\\\/blog\\\/wp-content\\\/uploads\\\/2024\\\/08\\\/Semana-Mundial-del-Agua_banner_logblog.jpg\",\"keywords\":[\"2024\",\"Bridging Borders: Water for a Peaceful and Sustainable Future\",\"Colaboraci\u00f3n p\u00fablico-privada\",\"Educaci\u00f3n y concienciaci\u00f3n\",\"efem\u00e9rides\",\"informe\",\"Inversiones en infraestructura\",\"noticias sociales\",\"Objetivos de Desarrollo Sostenible\",\"ODS\",\"ODS 6\",\"oms\",\"organizacion mundial de la salud\",\"problema social\",\"Semana Mundial del Agua\",\"Tecnolog\u00eda y soluciones innovadoras\",\"UNICEF\",\"Uniendo fronteras: Agua para un futuro pac\u00edfico y sostenible\"],\"articleSection\":[\"Efem\u00e9rides\",\"Informe social\"],\"inLanguage\":\"es\",\"potentialAction\":[{\"@type\":\"CommentAction\",\"name\":\"Comment\",\"target\":[\"https:\\\/\\\/rafaramirez.org\\\/blog\\\/index.php\\\/2024\\\/08\\\/20\\\/semana-mundial-del-agua\\\/#respond\"]}]},{\"@type\":\"WebPage\",\"@id\":\"https:\\\/\\\/rafaramirez.org\\\/blog\\\/index.php\\\/2024\\\/08\\\/20\\\/semana-mundial-del-agua\\\/\",\"url\":\"https:\\\/\\\/rafaramirez.org\\\/blog\\\/index.php\\\/2024\\\/08\\\/20\\\/semana-mundial-del-agua\\\/\",\"name\":\"Semana Mundial del Agua: M\u00e1s de 2.000 millones de personas no tienen acceso al agua potable. - Blog de Rafael Ram\u00edrez\",\"isPartOf\":{\"@id\":\"https:\\\/\\\/rafaramirez.org\\\/blog\\\/#website\"},\"primaryImageOfPage\":{\"@id\":\"https:\\\/\\\/rafaramirez.org\\\/blog\\\/index.php\\\/2024\\\/08\\\/20\\\/semana-mundial-del-agua\\\/#primaryimage\"},\"image\":{\"@id\":\"https:\\\/\\\/rafaramirez.org\\\/blog\\\/index.php\\\/2024\\\/08\\\/20\\\/semana-mundial-del-agua\\\/#primaryimage\"},\"thumbnailUrl\":\"https:\\\/\\\/rafaramirez.org\\\/blog\\\/wp-content\\\/uploads\\\/2024\\\/08\\\/Semana-Mundial-del-Agua_banner_logblog.jpg\",\"datePublished\":\"2024-08-20T06:15:43+00:00\",\"breadcrumb\":{\"@id\":\"https:\\\/\\\/rafaramirez.org\\\/blog\\\/index.php\\\/2024\\\/08\\\/20\\\/semana-mundial-del-agua\\\/#breadcrumb\"},\"inLanguage\":\"es\",\"potentialAction\":[{\"@type\":\"ReadAction\",\"target\":[\"https:\\\/\\\/rafaramirez.org\\\/blog\\\/index.php\\\/2024\\\/08\\\/20\\\/semana-mundial-del-agua\\\/\"]}]},{\"@type\":\"ImageObject\",\"inLanguage\":\"es\",\"@id\":\"https:\\\/\\\/rafaramirez.org\\\/blog\\\/index.php\\\/2024\\\/08\\\/20\\\/semana-mundial-del-agua\\\/#primaryimage\",\"url\":\"https:\\\/\\\/rafaramirez.org\\\/blog\\\/wp-content\\\/uploads\\\/2024\\\/08\\\/Semana-Mundial-del-Agua_banner_logblog.jpg\",\"contentUrl\":\"https:\\\/\\\/rafaramirez.org\\\/blog\\\/wp-content\\\/uploads\\\/2024\\\/08\\\/Semana-Mundial-del-Agua_banner_logblog.jpg\",\"width\":748,\"height\":498,\"caption\":\"Semana Mundial del Agua 2024. Blog de Rafael Ram\u00edrez.\"},{\"@type\":\"BreadcrumbList\",\"@id\":\"https:\\\/\\\/rafaramirez.org\\\/blog\\\/index.php\\\/2024\\\/08\\\/20\\\/semana-mundial-del-agua\\\/#breadcrumb\",\"itemListElement\":[{\"@type\":\"ListItem\",\"position\":1,\"name\":\"Portada\",\"item\":\"https:\\\/\\\/rafaramirez.org\\\/blog\\\/\"},{\"@type\":\"ListItem\",\"position\":2,\"name\":\"Semana Mundial del Agua: M\u00e1s de 2.000 millones de personas no tienen acceso al agua potable.\"}]},{\"@type\":\"WebSite\",\"@id\":\"https:\\\/\\\/rafaramirez.org\\\/blog\\\/#website\",\"url\":\"https:\\\/\\\/rafaramirez.org\\\/blog\\\/\",\"name\":\"Blog de Rafael Ram\u00edrez\",\"description\":\"Un sitio social, de arte y cultura\",\"publisher\":{\"@id\":\"https:\\\/\\\/rafaramirez.org\\\/blog\\\/#\\\/schema\\\/person\\\/50f43b6d60c578760d4c17bda54ab6a5\"},\"potentialAction\":[{\"@type\":\"SearchAction\",\"target\":{\"@type\":\"EntryPoint\",\"urlTemplate\":\"https:\\\/\\\/rafaramirez.org\\\/blog\\\/?s={search_term_string}\"},\"query-input\":{\"@type\":\"PropertyValueSpecification\",\"valueRequired\":true,\"valueName\":\"search_term_string\"}}],\"inLanguage\":\"es\"},{\"@type\":[\"Person\",\"Organization\"],\"@id\":\"https:\\\/\\\/rafaramirez.org\\\/blog\\\/#\\\/schema\\\/person\\\/50f43b6d60c578760d4c17bda54ab6a5\",\"name\":\"Rafael Ram\u00edrez\",\"image\":{\"@type\":\"ImageObject\",\"inLanguage\":\"es\",\"@id\":\"https:\\\/\\\/rafaramirez.org\\\/blog\\\/wp-content\\\/uploads\\\/2024\\\/09\\\/RR_socialnetwork.jpg\",\"url\":\"https:\\\/\\\/rafaramirez.org\\\/blog\\\/wp-content\\\/uploads\\\/2024\\\/09\\\/RR_socialnetwork.jpg\",\"contentUrl\":\"https:\\\/\\\/rafaramirez.org\\\/blog\\\/wp-content\\\/uploads\\\/2024\\\/09\\\/RR_socialnetwork.jpg\",\"width\":600,\"height\":606,\"caption\":\"Rafael Ram\u00edrez\"},\"logo\":{\"@id\":\"https:\\\/\\\/rafaramirez.org\\\/blog\\\/wp-content\\\/uploads\\\/2024\\\/09\\\/RR_socialnetwork.jpg\"},\"sameAs\":[\"https:\\\/\\\/www.rafaramirez.org\\\/blog\",\"https:\\\/\\\/www.instagram.com\\\/rafaramirez_ok\\\/\",\"https:\\\/\\\/es.pinterest.com\\\/Ramirez_Rafa\\\/\",\"https:\\\/\\\/x.com\\\/rafaramirez_ok\"],\"url\":\"https:\\\/\\\/rafaramirez.org\\\/blog\\\/index.php\\\/author\\\/rafaell_qm6j97da\\\/\"}]}<\/script>\n<!-- \/ Yoast SEO plugin. -->","yoast_head_json":{"title":"Semana Mundial del Agua: M\u00e1s de 2.000 millones de personas no tienen acceso al agua potable. - Blog de Rafael Ram\u00edrez","robots":{"index":"index","follow":"follow","max-snippet":"max-snippet:-1","max-image-preview":"max-image-preview:large","max-video-preview":"max-video-preview:-1"},"canonical":"https:\/\/rafaramirez.org\/blog\/index.php\/2024\/08\/20\/semana-mundial-del-agua\/","og_locale":"es_ES","og_type":"article","og_title":"Semana Mundial del Agua: M\u00e1s de 2.000 millones de personas no tienen acceso al agua potable. - Blog de Rafael Ram\u00edrez","og_description":"La\u00a0Semana Mundial del Agua es un evento anual centrado en cuestiones globales relacionadas con el agua. Se celebra en Estocolmo, Suecia, y re\u00fane a expertos, profesionales, responsables de la toma de decisiones, innovadores empresariales y emprendedores de diversos sectores y pa\u00edses. \u00c9ste a\u00f1o se llevar\u00e1 a cabo del\u00a025 al 29 de agosto. Durante esta influyente [&hellip;]","og_url":"https:\/\/rafaramirez.org\/blog\/index.php\/2024\/08\/20\/semana-mundial-del-agua\/","og_site_name":"Blog de Rafael Ram\u00edrez","article_published_time":"2024-08-20T06:15:43+00:00","og_image":[{"width":748,"height":498,"url":"https:\/\/rafaramirez.org\/blog\/wp-content\/uploads\/2024\/08\/Semana-Mundial-del-Agua_banner_logblog.jpg","type":"image\/jpeg"}],"author":"Rafael Ram\u00edrez","twitter_card":"summary_large_image","twitter_creator":"@rafaramirez_ok","twitter_site":"@rafaramirez_ok","twitter_misc":{"Escrito por":"Rafael Ram\u00edrez","Tiempo de lectura":"4 minutos"},"schema":{"@context":"https:\/\/schema.org","@graph":[{"@type":"Article","@id":"https:\/\/rafaramirez.org\/blog\/index.php\/2024\/08\/20\/semana-mundial-del-agua\/#article","isPartOf":{"@id":"https:\/\/rafaramirez.org\/blog\/index.php\/2024\/08\/20\/semana-mundial-del-agua\/"},"author":{"name":"Rafael Ram\u00edrez","@id":"https:\/\/rafaramirez.org\/blog\/#\/schema\/person\/50f43b6d60c578760d4c17bda54ab6a5"},"headline":"Semana Mundial del Agua: M\u00e1s de 2.000 millones de personas no tienen acceso al agua potable.","datePublished":"2024-08-20T06:15:43+00:00","mainEntityOfPage":{"@id":"https:\/\/rafaramirez.org\/blog\/index.php\/2024\/08\/20\/semana-mundial-del-agua\/"},"wordCount":811,"commentCount":0,"publisher":{"@id":"https:\/\/rafaramirez.org\/blog\/#\/schema\/person\/50f43b6d60c578760d4c17bda54ab6a5"},"image":{"@id":"https:\/\/rafaramirez.org\/blog\/index.php\/2024\/08\/20\/semana-mundial-del-agua\/#primaryimage"},"thumbnailUrl":"https:\/\/rafaramirez.org\/blog\/wp-content\/uploads\/2024\/08\/Semana-Mundial-del-Agua_banner_logblog.jpg","keywords":["2024","Bridging Borders: Water for a Peaceful and Sustainable Future","Colaboraci\u00f3n p\u00fablico-privada","Educaci\u00f3n y concienciaci\u00f3n","efem\u00e9rides","informe","Inversiones en infraestructura","noticias sociales","Objetivos de Desarrollo Sostenible","ODS","ODS 6","oms","organizacion mundial de la salud","problema social","Semana Mundial del Agua","Tecnolog\u00eda y soluciones innovadoras","UNICEF","Uniendo fronteras: Agua para un futuro pac\u00edfico y sostenible"],"articleSection":["Efem\u00e9rides","Informe social"],"inLanguage":"es","potentialAction":[{"@type":"CommentAction","name":"Comment","target":["https:\/\/rafaramirez.org\/blog\/index.php\/2024\/08\/20\/semana-mundial-del-agua\/#respond"]}]},{"@type":"WebPage","@id":"https:\/\/rafaramirez.org\/blog\/index.php\/2024\/08\/20\/semana-mundial-del-agua\/","url":"https:\/\/rafaramirez.org\/blog\/index.php\/2024\/08\/20\/semana-mundial-del-agua\/","name":"Semana Mundial del Agua: M\u00e1s de 2.000 millones de personas no tienen acceso al agua potable. - Blog de Rafael Ram\u00edrez","isPartOf":{"@id":"https:\/\/rafaramirez.org\/blog\/#website"},"primaryImageOfPage":{"@id":"https:\/\/rafaramirez.org\/blog\/index.php\/2024\/08\/20\/semana-mundial-del-agua\/#primaryimage"},"image":{"@id":"https:\/\/rafaramirez.org\/blog\/index.php\/2024\/08\/20\/semana-mundial-del-agua\/#primaryimage"},"thumbnailUrl":"https:\/\/rafaramirez.org\/blog\/wp-content\/uploads\/2024\/08\/Semana-Mundial-del-Agua_banner_logblog.jpg","datePublished":"2024-08-20T06:15:43+00:00","breadcrumb":{"@id":"https:\/\/rafaramirez.org\/blog\/index.php\/2024\/08\/20\/semana-mundial-del-agua\/#breadcrumb"},"inLanguage":"es","potentialAction":[{"@type":"ReadAction","target":["https:\/\/rafaramirez.org\/blog\/index.php\/2024\/08\/20\/semana-mundial-del-agua\/"]}]},{"@type":"ImageObject","inLanguage":"es","@id":"https:\/\/rafaramirez.org\/blog\/index.php\/2024\/08\/20\/semana-mundial-del-agua\/#primaryimage","url":"https:\/\/rafaramirez.org\/blog\/wp-content\/uploads\/2024\/08\/Semana-Mundial-del-Agua_banner_logblog.jpg","contentUrl":"https:\/\/rafaramirez.org\/blog\/wp-content\/uploads\/2024\/08\/Semana-Mundial-del-Agua_banner_logblog.jpg","width":748,"height":498,"caption":"Semana Mundial del Agua 2024. Blog de Rafael Ram\u00edrez."},{"@type":"BreadcrumbList","@id":"https:\/\/rafaramirez.org\/blog\/index.php\/2024\/08\/20\/semana-mundial-del-agua\/#breadcrumb","itemListElement":[{"@type":"ListItem","position":1,"name":"Portada","item":"https:\/\/rafaramirez.org\/blog\/"},{"@type":"ListItem","position":2,"name":"Semana Mundial del Agua: M\u00e1s de 2.000 millones de personas no tienen acceso al agua potable."}]},{"@type":"WebSite","@id":"https:\/\/rafaramirez.org\/blog\/#website","url":"https:\/\/rafaramirez.org\/blog\/","name":"Blog de Rafael Ram\u00edrez","description":"Un sitio social, de arte y cultura","publisher":{"@id":"https:\/\/rafaramirez.org\/blog\/#\/schema\/person\/50f43b6d60c578760d4c17bda54ab6a5"},"potentialAction":[{"@type":"SearchAction","target":{"@type":"EntryPoint","urlTemplate":"https:\/\/rafaramirez.org\/blog\/?s={search_term_string}"},"query-input":{"@type":"PropertyValueSpecification","valueRequired":true,"valueName":"search_term_string"}}],"inLanguage":"es"},{"@type":["Person","Organization"],"@id":"https:\/\/rafaramirez.org\/blog\/#\/schema\/person\/50f43b6d60c578760d4c17bda54ab6a5","name":"Rafael Ram\u00edrez","image":{"@type":"ImageObject","inLanguage":"es","@id":"https:\/\/rafaramirez.org\/blog\/wp-content\/uploads\/2024\/09\/RR_socialnetwork.jpg","url":"https:\/\/rafaramirez.org\/blog\/wp-content\/uploads\/2024\/09\/RR_socialnetwork.jpg","contentUrl":"https:\/\/rafaramirez.org\/blog\/wp-content\/uploads\/2024\/09\/RR_socialnetwork.jpg","width":600,"height":606,"caption":"Rafael Ram\u00edrez"},"logo":{"@id":"https:\/\/rafaramirez.org\/blog\/wp-content\/uploads\/2024\/09\/RR_socialnetwork.jpg"},"sameAs":["https:\/\/www.rafaramirez.org\/blog","https:\/\/www.instagram.com\/rafaramirez_ok\/","https:\/\/es.pinterest.com\/Ramirez_Rafa\/","https:\/\/x.com\/rafaramirez_ok"],"url":"https:\/\/rafaramirez.org\/blog\/index.php\/author\/rafaell_qm6j97da\/"}]}},"jetpack_publicize_connections":[],"jetpack_sharing_enabled":true,"jetpack_likes_enabled":true,"jetpack_featured_media_url":"https:\/\/rafaramirez.org\/blog\/wp-content\/uploads\/2024\/08\/Semana-Mundial-del-Agua_banner_logblog.jpg","_links":{"self":[{"href":"https:\/\/rafaramirez.org\/blog\/index.php\/wp-json\/wp\/v2\/posts\/5465","targetHints":{"allow":["GET"]}}],"collection":[{"href":"https:\/\/rafaramirez.org\/blog\/index.php\/wp-json\/wp\/v2\/posts"}],"about":[{"href":"https:\/\/rafaramirez.org\/blog\/index.php\/wp-json\/wp\/v2\/types\/post"}],"author":[{"embeddable":true,"href":"https:\/\/rafaramirez.org\/blog\/index.php\/wp-json\/wp\/v2\/users\/1"}],"replies":[{"embeddable":true,"href":"https:\/\/rafaramirez.org\/blog\/index.php\/wp-json\/wp\/v2\/comments?post=5465"}],"version-history":[{"count":6,"href":"https:\/\/rafaramirez.org\/blog\/index.php\/wp-json\/wp\/v2\/posts\/5465\/revisions"}],"predecessor-version":[{"id":5474,"href":"https:\/\/rafaramirez.org\/blog\/index.php\/wp-json\/wp\/v2\/posts\/5465\/revisions\/5474"}],"wp:featuredmedia":[{"embeddable":true,"href":"https:\/\/rafaramirez.org\/blog\/index.php\/wp-json\/wp\/v2\/media\/5470"}],"wp:attachment":[{"href":"https:\/\/rafaramirez.org\/blog\/index.php\/wp-json\/wp\/v2\/media?parent=5465"}],"wp:term":[{"taxonomy":"category","embeddable":true,"href":"https:\/\/rafaramirez.org\/blog\/index.php\/wp-json\/wp\/v2\/categories?post=5465"},{"taxonomy":"post_tag","embeddable":true,"href":"https:\/\/rafaramirez.org\/blog\/index.php\/wp-json\/wp\/v2\/tags?post=5465"}],"curies":[{"name":"wp","href":"https:\/\/api.w.org\/{rel}","templated":true}]}}