{"id":5455,"date":"2024-08-19T08:15:26","date_gmt":"2024-08-19T06:15:26","guid":{"rendered":"https:\/\/rafaramirez.org\/blog\/?p=5455"},"modified":"2024-07-24T17:36:19","modified_gmt":"2024-07-24T15:36:19","slug":"santa-cruz-de-tenerife-islas-canarias-espana-postal-sin-fechar-postales-antiguas-coleccion-particular","status":"publish","type":"post","link":"https:\/\/rafaramirez.org\/blog\/index.php\/2024\/08\/19\/santa-cruz-de-tenerife-islas-canarias-espana-postal-sin-fechar-postales-antiguas-coleccion-particular\/","title":{"rendered":"Santa Cruz de Tenerife (Islas Canarias &#8211; Espa\u00f1a). Postal sin fechar. Postales antiguas (colecci\u00f3n particular)."},"content":{"rendered":"<p>Esta postal est\u00e1 sin fechar, posiblemente fue enviada dentro de un sobre. Corresponde a la Plaza de Espa\u00f1a en Santa Cruz de Tenerife (Islas Canarias &#8211; Espa\u00f1a). Por la imagen impresa, estimo que debe corresponder a los a\u00f1os 50 del pasado siglo XX. Tambi\u00e9n os dejo informaci\u00f3n sobre esta plaza y su historia.<\/p>\n<p><strong>Informaci\u00f3n impresa en la postal:\u00a0<\/strong><\/p>\n<blockquote><p>550<\/p>\n<p>SANTA CRUZ DE TENERIFE<\/p>\n<p>Plaza de Espa\u00f1a<\/p>\n<p>Place d&#8217;Espagne<\/p>\n<p>Spain square<\/p>\n<p>Ediciones MONTA\u00d1\u00c9S &#8211; ZARAGOZA<\/p><\/blockquote>\n<figure id=\"attachment_5460\" aria-describedby=\"caption-attachment-5460\" style=\"width: 300px\" class=\"wp-caption aligncenter\"><a href=\"https:\/\/rafaramirez.org\/blog\/wp-content\/uploads\/2024\/08\/postal_vintage_Plaza-de-Espana-Tenerife_anversologblog.jpg\" target=\"_blank\" rel=\"noopener\"><img loading=\"lazy\" decoding=\"async\" class=\"wp-image-5460 size-medium\" src=\"https:\/\/rafaramirez.org\/blog\/wp-content\/uploads\/2024\/08\/postal_vintage_Plaza-de-Espana-Tenerife_anversologblog-300x189.jpg\" alt=\"Plaza de Espa\u00f1a (Sta. Cruz de Tenerife) - Postal vintage. Anverso.\" width=\"300\" height=\"189\" srcset=\"https:\/\/rafaramirez.org\/blog\/wp-content\/uploads\/2024\/08\/postal_vintage_Plaza-de-Espana-Tenerife_anversologblog-300x189.jpg 300w, https:\/\/rafaramirez.org\/blog\/wp-content\/uploads\/2024\/08\/postal_vintage_Plaza-de-Espana-Tenerife_anversologblog-768x484.jpg 768w, https:\/\/rafaramirez.org\/blog\/wp-content\/uploads\/2024\/08\/postal_vintage_Plaza-de-Espana-Tenerife_anversologblog.jpg 1000w\" sizes=\"auto, (max-width: 300px) 100vw, 300px\" \/><\/a><figcaption id=\"caption-attachment-5460\" class=\"wp-caption-text\">Plaza de Espa\u00f1a (Sta. Cruz de Tenerife) &#8211; Postal vintage. Anverso.<\/figcaption><\/figure>\n<figure id=\"attachment_5461\" aria-describedby=\"caption-attachment-5461\" style=\"width: 300px\" class=\"wp-caption aligncenter\"><a href=\"https:\/\/rafaramirez.org\/blog\/wp-content\/uploads\/2024\/08\/postal_vintage_Plaza-de-Espana-Tenerife_reversologblog.jpg\" target=\"_blank\" rel=\"noopener\"><img loading=\"lazy\" decoding=\"async\" class=\"wp-image-5461 size-medium\" src=\"https:\/\/rafaramirez.org\/blog\/wp-content\/uploads\/2024\/08\/postal_vintage_Plaza-de-Espana-Tenerife_reversologblog-300x189.jpg\" alt=\"Plaza de Espa\u00f1a (Sta. Cruz de Tenerife) - Postal vintage. Reverso.\" width=\"300\" height=\"189\" srcset=\"https:\/\/rafaramirez.org\/blog\/wp-content\/uploads\/2024\/08\/postal_vintage_Plaza-de-Espana-Tenerife_reversologblog-300x189.jpg 300w, https:\/\/rafaramirez.org\/blog\/wp-content\/uploads\/2024\/08\/postal_vintage_Plaza-de-Espana-Tenerife_reversologblog-768x483.jpg 768w, https:\/\/rafaramirez.org\/blog\/wp-content\/uploads\/2024\/08\/postal_vintage_Plaza-de-Espana-Tenerife_reversologblog.jpg 1000w\" sizes=\"auto, (max-width: 300px) 100vw, 300px\" \/><\/a><figcaption id=\"caption-attachment-5461\" class=\"wp-caption-text\">Plaza de Espa\u00f1a (Sta. Cruz de Tenerife) &#8211; Postal vintage. Reverso.<\/figcaption><\/figure>\n<p><strong>Texto de la postal:<\/strong><\/p>\n<blockquote><p><strong style=\"color: #333333;\"><em>Para mi querido Padre con todo el cari\u00f1o de su hijo Pepe que no lo olvida y que pase las navidades felices. Jos\u00e9 #####.<\/em><\/strong><\/p><\/blockquote>\n<h3>Sobre la Plaza de Espa\u00f1a en Santa Cruz de Tenerife.<\/h3>\n<p>La\u00a0<strong>Plaza de Espa\u00f1a<\/strong>\u00a0en\u00a0<strong>Santa Cruz de Tenerife<\/strong>, ubicada en la isla de Tenerife, es la plaza m\u00e1s amplia de la ciudad y del Archipi\u00e9lago Canario. Aqu\u00ed tienes algunos datos interesantes sobre ella:<\/p>\n<ul>\n<li><strong>Or\u00edgenes e Historia<\/strong>: La plaza fue construida en\u00a0<strong>1929<\/strong>\u00a0sobre los restos del antiguo\u00a0<strong>Castillo de San Crist\u00f3bal<\/strong>, un punto defensivo crucial durante los siglos de ataques piratas. El castillo original estaba destinado a proteger la isla de la pirater\u00eda.<\/li>\n<li><strong>Dise\u00f1o y Caracter\u00edsticas<\/strong>:\n<ul>\n<li>La plaza ocupa un espacio de\u00a0<strong>5.026 m\u00b2<\/strong>\u00a0y est\u00e1 presidida por el\u00a0<strong>Monumento a los Ca\u00eddos<\/strong>, una torre en forma de cruz con un mirador en la parte superior. La base del monumento contiene una cripta vac\u00eda.<\/li>\n<li>La\u00a0<strong>Alameda del Duque de Santa Elena<\/strong>, construida a finales de\u00a0<strong>1787<\/strong>, forma parte integral de la plaza.<\/li>\n<li>La plaza alberga una\u00a0<strong>fuente de m\u00e1rmol<\/strong>\u00a0encargada en G\u00e9nova el mismo a\u00f1o de su construcci\u00f3n.<\/li>\n<li>Rodeando la base del monumento, encontrar\u00e1s un conjunto escult\u00f3rico que representa valores c\u00edvicos y militares.<\/li>\n<li>Bajo la plaza, se exhiben\u00a0<strong>murallas<\/strong>\u00a0del edificio original en una galer\u00eda subterr\u00e1nea.<\/li>\n<\/ul>\n<\/li>\n<li><strong>Ubicaci\u00f3n<\/strong>: La plaza est\u00e1 en el centro de la ciudad, a pocos metros al norte del\u00a0<strong>Auditorio de Tenerife<\/strong>.<\/li>\n<\/ul>\n<h3>Sobre el Castillo de San Cristobal.<\/h3>\n<p>El\u00a0<strong>Castillo de San Crist\u00f3bal<\/strong>, ubicado en\u00a0<strong>Santa Cruz de Tenerife<\/strong>, fue la primera fortificaci\u00f3n de importancia en la isla de Tenerife y el principal pilar del conjunto defensivo en la bah\u00eda de Santa Cruz. Aqu\u00ed tienes algunos detalles interesantes:<\/p>\n<ul>\n<li><strong>Historia<\/strong>: Se comenz\u00f3 a construir en\u00a0<strong>1575<\/strong>\u00a0bajo la administraci\u00f3n del gobernador\u00a0<strong>\u00c1lvarez de Fonseca<\/strong>. Entr\u00f3 en servicio el\u00a0<strong>20 de enero de 1577<\/strong>. A diferencia del\u00a0<strong>Castillo San Felipe del Morro<\/strong>, que proteg\u00eda la entrada mar\u00edtima, el Castillo de San Crist\u00f3bal se dise\u00f1\u00f3 para defender contra ataques terrestres.<\/li>\n<li><strong>Estructura<\/strong>: Presentaba una planta cuadrada o cuadrilonga con baluartes romboidales en los v\u00e9rtices. Los muros utilizaban sillares en la parte inferior y mamposter\u00eda en la superior. Un aljibe en el patio abastec\u00eda de agua.<\/li>\n<li><strong>Reformas y Declive<\/strong>: A lo largo de los a\u00f1os, se realizaron reformas, pero el proceso de expansi\u00f3n urbana y cambios en las t\u00e1cticas militares llevaron al deterioro del castillo. Finalmente, fue derribado en\u00a0<strong>1928<\/strong>\u00a0para construir la actual\u00a0<strong>Plaza de Espa\u00f1a<\/strong>.<\/li>\n<li><strong>Restos Actuales<\/strong>: En la Plaza de Espa\u00f1a, se exhiben murallas del edificio original en una galer\u00eda subterr\u00e1nea. La c\u00e9ntrica\u00a0<strong>Calle del Castillo<\/strong>\u00a0recuerda su legado.<\/li>\n<\/ul>\n<p>Aunque el castillo ya no existe en su forma original, su historia y legado perduran en la ciudad.<\/p>\n<p><strong>En resumen, la Plaza de Espa\u00f1a es un lugar emblem\u00e1tico con una rica historia y un dise\u00f1o arquitect\u00f3nico impresionante. \u00a1Si alguna vez visitas Santa Cruz de Tenerife, no te la pierdas!<\/strong><\/p>\n<p><strong>Espero te guste la postal, la informaci\u00f3n y la historia detr\u00e1s de ella. Puedes dejar tus comentarios debajo del post. \u00a1Saludos!<\/strong><\/p>\n<p>M\u00e1s informaci\u00f3n:<\/p>\n<ul>\n<li><a href=\"https:\/\/vendevisitaatenerife.com\/plaza-de-espana-santa-cruz-de-tenerife\/\" target=\"_blank\" rel=\"noopener\">Ven de visita a Tenerife.com<\/a><\/li>\n<\/ul>\n","protected":false},"excerpt":{"rendered":"<p>Esta postal est\u00e1 sin fechar, posiblemente fue enviada dentro de un sobre. Corresponde a la Plaza de Espa\u00f1a en Santa Cruz de Tenerife (Islas Canarias &#8211; Espa\u00f1a). Por la imagen impresa, estimo que debe corresponder a los a\u00f1os 50 del pasado siglo XX. Tambi\u00e9n os dejo informaci\u00f3n sobre esta plaza y su historia. Informaci\u00f3n impresa [&hellip;]<\/p>\n","protected":false},"author":1,"featured_media":5459,"comment_status":"open","ping_status":"closed","sticky":false,"template":"","format":"standard","meta":{"site-container-style":"default","site-container-layout":"default","site-sidebar-layout":"default","disable-article-header":"default","disable-site-header":"default","disable-site-footer":"default","disable-content-area-spacing":"default","_jetpack_newsletter_access":"","_jetpack_dont_email_post_to_subs":false,"_jetpack_newsletter_tier_id":0,"_jetpack_memberships_contains_paywalled_content":false,"_jetpack_feature_clip_id":0,"_jetpack_memberships_contains_paid_content":false,"footnotes":"","jetpack_publicize_message":"","jetpack_publicize_feature_enabled":true,"jetpack_social_post_already_shared":true,"jetpack_social_options":{"image_generator_settings":{"template":"highway","default_image_id":0,"font":"","enabled":false},"version":2},"jetpack_post_was_ever_published":false},"categories":[12],"tags":[3123,3121,1177,3125,3120,3124,3117,3122,68,3127,3118,3126,166,619,1550,3116,3119,3115,393,395,3114,1224,509],"class_list":["post-5455","post","type-post","status-publish","format-standard","has-post-thumbnail","hentry","category-vintage","tag-3123","tag-3121","tag-1177","tag-20-de-enero-de-1577","tag-alameda-del-duque-de-santa-elena","tag-alvarez-de-fonseca","tag-anos-50","tag-auditorio-de-tenerife","tag-blog-de-rafael-ramirez","tag-calle-del-castillo","tag-castillo-de-san-cristobal","tag-derribado-en-1928","tag-espana","tag-fotografia-vintage","tag-fotos-vintage","tag-islas-canarias","tag-monumento-a-los-caidos","tag-plaza-de-espana","tag-postales-antiguas","tag-postales-vintage","tag-santa-cruz-de-tenerife","tag-siglo-xx","tag-vintage"],"yoast_head":"<!-- This site is optimized with the Yoast SEO plugin v28.4 - https:\/\/yoast.com\/product\/yoast-seo-wordpress\/ -->\n<title>Santa Cruz de Tenerife (Islas Canarias - Espa\u00f1a). Postal sin fechar. Postales antiguas (colecci\u00f3n particular). - Blog de Rafael Ram\u00edrez<\/title>\n<meta name=\"robots\" content=\"index, follow, max-snippet:-1, max-image-preview:large, max-video-preview:-1\" \/>\n<link rel=\"canonical\" href=\"https:\/\/rafaramirez.org\/blog\/index.php\/2024\/08\/19\/santa-cruz-de-tenerife-islas-canarias-espana-postal-sin-fechar-postales-antiguas-coleccion-particular\/\" \/>\n<meta property=\"og:locale\" content=\"es_ES\" \/>\n<meta property=\"og:type\" content=\"article\" \/>\n<meta property=\"og:title\" content=\"Santa Cruz de Tenerife (Islas Canarias - Espa\u00f1a). Postal sin fechar. Postales antiguas (colecci\u00f3n particular). - Blog de Rafael Ram\u00edrez\" \/>\n<meta property=\"og:description\" content=\"Esta postal est\u00e1 sin fechar, posiblemente fue enviada dentro de un sobre. Corresponde a la Plaza de Espa\u00f1a en Santa Cruz de Tenerife (Islas Canarias &#8211; Espa\u00f1a). Por la imagen impresa, estimo que debe corresponder a los a\u00f1os 50 del pasado siglo XX. Tambi\u00e9n os dejo informaci\u00f3n sobre esta plaza y su historia. Informaci\u00f3n impresa [&hellip;]\" \/>\n<meta property=\"og:url\" content=\"https:\/\/rafaramirez.org\/blog\/index.php\/2024\/08\/19\/santa-cruz-de-tenerife-islas-canarias-espana-postal-sin-fechar-postales-antiguas-coleccion-particular\/\" \/>\n<meta property=\"og:site_name\" content=\"Blog de Rafael Ram\u00edrez\" \/>\n<meta property=\"article:published_time\" content=\"2024-08-19T06:15:26+00:00\" \/>\n<meta property=\"og:image\" content=\"https:\/\/rafaramirez.org\/blog\/wp-content\/uploads\/2024\/08\/postal_vintage_Plaza-de-Espana-Tenerife_banner_logblog.jpg\" \/>\n\t<meta property=\"og:image:width\" content=\"750\" \/>\n\t<meta property=\"og:image:height\" content=\"487\" \/>\n\t<meta property=\"og:image:type\" content=\"image\/jpeg\" \/>\n<meta name=\"author\" content=\"Rafael Ram\u00edrez\" \/>\n<meta name=\"twitter:card\" content=\"summary_large_image\" \/>\n<meta name=\"twitter:creator\" content=\"@rafaramirez_ok\" \/>\n<meta name=\"twitter:site\" content=\"@rafaramirez_ok\" \/>\n<meta name=\"twitter:label1\" content=\"Escrito por\" \/>\n\t<meta name=\"twitter:data1\" content=\"Rafael Ram\u00edrez\" \/>\n\t<meta name=\"twitter:label2\" content=\"Tiempo de lectura\" \/>\n\t<meta name=\"twitter:data2\" content=\"3 minutos\" \/>\n<script type=\"application\/ld+json\" class=\"yoast-schema-graph\">{\"@context\":\"https:\\\/\\\/schema.org\",\"@graph\":[{\"@type\":\"Article\",\"@id\":\"https:\\\/\\\/rafaramirez.org\\\/blog\\\/index.php\\\/2024\\\/08\\\/19\\\/santa-cruz-de-tenerife-islas-canarias-espana-postal-sin-fechar-postales-antiguas-coleccion-particular\\\/#article\",\"isPartOf\":{\"@id\":\"https:\\\/\\\/rafaramirez.org\\\/blog\\\/index.php\\\/2024\\\/08\\\/19\\\/santa-cruz-de-tenerife-islas-canarias-espana-postal-sin-fechar-postales-antiguas-coleccion-particular\\\/\"},\"author\":{\"name\":\"Rafael Ram\u00edrez\",\"@id\":\"https:\\\/\\\/rafaramirez.org\\\/blog\\\/#\\\/schema\\\/person\\\/50f43b6d60c578760d4c17bda54ab6a5\"},\"headline\":\"Santa Cruz de Tenerife (Islas Canarias &#8211; Espa\u00f1a). Postal sin fechar. Postales antiguas (colecci\u00f3n particular).\",\"datePublished\":\"2024-08-19T06:15:26+00:00\",\"mainEntityOfPage\":{\"@id\":\"https:\\\/\\\/rafaramirez.org\\\/blog\\\/index.php\\\/2024\\\/08\\\/19\\\/santa-cruz-de-tenerife-islas-canarias-espana-postal-sin-fechar-postales-antiguas-coleccion-particular\\\/\"},\"wordCount\":683,\"commentCount\":0,\"publisher\":{\"@id\":\"https:\\\/\\\/rafaramirez.org\\\/blog\\\/#\\\/schema\\\/person\\\/50f43b6d60c578760d4c17bda54ab6a5\"},\"image\":{\"@id\":\"https:\\\/\\\/rafaramirez.org\\\/blog\\\/index.php\\\/2024\\\/08\\\/19\\\/santa-cruz-de-tenerife-islas-canarias-espana-postal-sin-fechar-postales-antiguas-coleccion-particular\\\/#primaryimage\"},\"thumbnailUrl\":\"https:\\\/\\\/rafaramirez.org\\\/blog\\\/wp-content\\\/uploads\\\/2024\\\/08\\\/postal_vintage_Plaza-de-Espana-Tenerife_banner_logblog.jpg\",\"keywords\":[\"1575\",\"1787\",\"1929\",\"20 de enero de 1577\",\"Alameda del Duque de Santa Elena\",\"\u00c1lvarez de Fonseca\",\"a\u00f1os 50\",\"Auditorio de Tenerife\",\"blog de Rafael Ram\u00edrez\",\"Calle del Castillo\",\"Castillo de San Crist\u00f3bal\",\"derribado en\u00a01928\",\"espa\u00f1a\",\"fotograf\u00eda vintage\",\"fotos vintage\",\"Islas Canarias\",\"Monumento a los Ca\u00eddos\",\"Plaza de Espa\u00f1a\",\"postales antiguas\",\"postales vintage\",\"Santa Cruz de Tenerife\",\"siglo XX\",\"vintage\"],\"articleSection\":[\"Vintage\"],\"inLanguage\":\"es\",\"potentialAction\":[{\"@type\":\"CommentAction\",\"name\":\"Comment\",\"target\":[\"https:\\\/\\\/rafaramirez.org\\\/blog\\\/index.php\\\/2024\\\/08\\\/19\\\/santa-cruz-de-tenerife-islas-canarias-espana-postal-sin-fechar-postales-antiguas-coleccion-particular\\\/#respond\"]}]},{\"@type\":\"WebPage\",\"@id\":\"https:\\\/\\\/rafaramirez.org\\\/blog\\\/index.php\\\/2024\\\/08\\\/19\\\/santa-cruz-de-tenerife-islas-canarias-espana-postal-sin-fechar-postales-antiguas-coleccion-particular\\\/\",\"url\":\"https:\\\/\\\/rafaramirez.org\\\/blog\\\/index.php\\\/2024\\\/08\\\/19\\\/santa-cruz-de-tenerife-islas-canarias-espana-postal-sin-fechar-postales-antiguas-coleccion-particular\\\/\",\"name\":\"Santa Cruz de Tenerife (Islas Canarias - Espa\u00f1a). Postal sin fechar. Postales antiguas (colecci\u00f3n particular). - Blog de Rafael Ram\u00edrez\",\"isPartOf\":{\"@id\":\"https:\\\/\\\/rafaramirez.org\\\/blog\\\/#website\"},\"primaryImageOfPage\":{\"@id\":\"https:\\\/\\\/rafaramirez.org\\\/blog\\\/index.php\\\/2024\\\/08\\\/19\\\/santa-cruz-de-tenerife-islas-canarias-espana-postal-sin-fechar-postales-antiguas-coleccion-particular\\\/#primaryimage\"},\"image\":{\"@id\":\"https:\\\/\\\/rafaramirez.org\\\/blog\\\/index.php\\\/2024\\\/08\\\/19\\\/santa-cruz-de-tenerife-islas-canarias-espana-postal-sin-fechar-postales-antiguas-coleccion-particular\\\/#primaryimage\"},\"thumbnailUrl\":\"https:\\\/\\\/rafaramirez.org\\\/blog\\\/wp-content\\\/uploads\\\/2024\\\/08\\\/postal_vintage_Plaza-de-Espana-Tenerife_banner_logblog.jpg\",\"datePublished\":\"2024-08-19T06:15:26+00:00\",\"breadcrumb\":{\"@id\":\"https:\\\/\\\/rafaramirez.org\\\/blog\\\/index.php\\\/2024\\\/08\\\/19\\\/santa-cruz-de-tenerife-islas-canarias-espana-postal-sin-fechar-postales-antiguas-coleccion-particular\\\/#breadcrumb\"},\"inLanguage\":\"es\",\"potentialAction\":[{\"@type\":\"ReadAction\",\"target\":[\"https:\\\/\\\/rafaramirez.org\\\/blog\\\/index.php\\\/2024\\\/08\\\/19\\\/santa-cruz-de-tenerife-islas-canarias-espana-postal-sin-fechar-postales-antiguas-coleccion-particular\\\/\"]}]},{\"@type\":\"ImageObject\",\"inLanguage\":\"es\",\"@id\":\"https:\\\/\\\/rafaramirez.org\\\/blog\\\/index.php\\\/2024\\\/08\\\/19\\\/santa-cruz-de-tenerife-islas-canarias-espana-postal-sin-fechar-postales-antiguas-coleccion-particular\\\/#primaryimage\",\"url\":\"https:\\\/\\\/rafaramirez.org\\\/blog\\\/wp-content\\\/uploads\\\/2024\\\/08\\\/postal_vintage_Plaza-de-Espana-Tenerife_banner_logblog.jpg\",\"contentUrl\":\"https:\\\/\\\/rafaramirez.org\\\/blog\\\/wp-content\\\/uploads\\\/2024\\\/08\\\/postal_vintage_Plaza-de-Espana-Tenerife_banner_logblog.jpg\",\"width\":750,\"height\":487,\"caption\":\"Plaza de Espa\u00f1a (Sta. Cruz de Tenerife) - Postal vintage . Blog de Rafael Ram\u00edrez.\"},{\"@type\":\"BreadcrumbList\",\"@id\":\"https:\\\/\\\/rafaramirez.org\\\/blog\\\/index.php\\\/2024\\\/08\\\/19\\\/santa-cruz-de-tenerife-islas-canarias-espana-postal-sin-fechar-postales-antiguas-coleccion-particular\\\/#breadcrumb\",\"itemListElement\":[{\"@type\":\"ListItem\",\"position\":1,\"name\":\"Portada\",\"item\":\"https:\\\/\\\/rafaramirez.org\\\/blog\\\/\"},{\"@type\":\"ListItem\",\"position\":2,\"name\":\"Santa Cruz de Tenerife (Islas Canarias &#8211; Espa\u00f1a). Postal sin fechar. Postales antiguas (colecci\u00f3n particular).\"}]},{\"@type\":\"WebSite\",\"@id\":\"https:\\\/\\\/rafaramirez.org\\\/blog\\\/#website\",\"url\":\"https:\\\/\\\/rafaramirez.org\\\/blog\\\/\",\"name\":\"Blog de Rafael Ram\u00edrez\",\"description\":\"Un sitio social, de arte y cultura\",\"publisher\":{\"@id\":\"https:\\\/\\\/rafaramirez.org\\\/blog\\\/#\\\/schema\\\/person\\\/50f43b6d60c578760d4c17bda54ab6a5\"},\"potentialAction\":[{\"@type\":\"SearchAction\",\"target\":{\"@type\":\"EntryPoint\",\"urlTemplate\":\"https:\\\/\\\/rafaramirez.org\\\/blog\\\/?s={search_term_string}\"},\"query-input\":{\"@type\":\"PropertyValueSpecification\",\"valueRequired\":true,\"valueName\":\"search_term_string\"}}],\"inLanguage\":\"es\"},{\"@type\":[\"Person\",\"Organization\"],\"@id\":\"https:\\\/\\\/rafaramirez.org\\\/blog\\\/#\\\/schema\\\/person\\\/50f43b6d60c578760d4c17bda54ab6a5\",\"name\":\"Rafael Ram\u00edrez\",\"image\":{\"@type\":\"ImageObject\",\"inLanguage\":\"es\",\"@id\":\"https:\\\/\\\/rafaramirez.org\\\/blog\\\/wp-content\\\/uploads\\\/2024\\\/09\\\/RR_socialnetwork.jpg\",\"url\":\"https:\\\/\\\/rafaramirez.org\\\/blog\\\/wp-content\\\/uploads\\\/2024\\\/09\\\/RR_socialnetwork.jpg\",\"contentUrl\":\"https:\\\/\\\/rafaramirez.org\\\/blog\\\/wp-content\\\/uploads\\\/2024\\\/09\\\/RR_socialnetwork.jpg\",\"width\":600,\"height\":606,\"caption\":\"Rafael Ram\u00edrez\"},\"logo\":{\"@id\":\"https:\\\/\\\/rafaramirez.org\\\/blog\\\/wp-content\\\/uploads\\\/2024\\\/09\\\/RR_socialnetwork.jpg\"},\"sameAs\":[\"https:\\\/\\\/www.rafaramirez.org\\\/blog\",\"https:\\\/\\\/www.instagram.com\\\/rafaramirez_ok\\\/\",\"https:\\\/\\\/es.pinterest.com\\\/Ramirez_Rafa\\\/\",\"https:\\\/\\\/x.com\\\/rafaramirez_ok\"],\"url\":\"https:\\\/\\\/rafaramirez.org\\\/blog\\\/index.php\\\/author\\\/rafaell_qm6j97da\\\/\"}]}<\/script>\n<!-- \/ Yoast SEO plugin. -->","yoast_head_json":{"title":"Santa Cruz de Tenerife (Islas Canarias - Espa\u00f1a). Postal sin fechar. Postales antiguas (colecci\u00f3n particular). - Blog de Rafael Ram\u00edrez","robots":{"index":"index","follow":"follow","max-snippet":"max-snippet:-1","max-image-preview":"max-image-preview:large","max-video-preview":"max-video-preview:-1"},"canonical":"https:\/\/rafaramirez.org\/blog\/index.php\/2024\/08\/19\/santa-cruz-de-tenerife-islas-canarias-espana-postal-sin-fechar-postales-antiguas-coleccion-particular\/","og_locale":"es_ES","og_type":"article","og_title":"Santa Cruz de Tenerife (Islas Canarias - Espa\u00f1a). Postal sin fechar. Postales antiguas (colecci\u00f3n particular). - Blog de Rafael Ram\u00edrez","og_description":"Esta postal est\u00e1 sin fechar, posiblemente fue enviada dentro de un sobre. Corresponde a la Plaza de Espa\u00f1a en Santa Cruz de Tenerife (Islas Canarias &#8211; Espa\u00f1a). Por la imagen impresa, estimo que debe corresponder a los a\u00f1os 50 del pasado siglo XX. Tambi\u00e9n os dejo informaci\u00f3n sobre esta plaza y su historia. Informaci\u00f3n impresa [&hellip;]","og_url":"https:\/\/rafaramirez.org\/blog\/index.php\/2024\/08\/19\/santa-cruz-de-tenerife-islas-canarias-espana-postal-sin-fechar-postales-antiguas-coleccion-particular\/","og_site_name":"Blog de Rafael Ram\u00edrez","article_published_time":"2024-08-19T06:15:26+00:00","og_image":[{"width":750,"height":487,"url":"https:\/\/rafaramirez.org\/blog\/wp-content\/uploads\/2024\/08\/postal_vintage_Plaza-de-Espana-Tenerife_banner_logblog.jpg","type":"image\/jpeg"}],"author":"Rafael Ram\u00edrez","twitter_card":"summary_large_image","twitter_creator":"@rafaramirez_ok","twitter_site":"@rafaramirez_ok","twitter_misc":{"Escrito por":"Rafael Ram\u00edrez","Tiempo de lectura":"3 minutos"},"schema":{"@context":"https:\/\/schema.org","@graph":[{"@type":"Article","@id":"https:\/\/rafaramirez.org\/blog\/index.php\/2024\/08\/19\/santa-cruz-de-tenerife-islas-canarias-espana-postal-sin-fechar-postales-antiguas-coleccion-particular\/#article","isPartOf":{"@id":"https:\/\/rafaramirez.org\/blog\/index.php\/2024\/08\/19\/santa-cruz-de-tenerife-islas-canarias-espana-postal-sin-fechar-postales-antiguas-coleccion-particular\/"},"author":{"name":"Rafael Ram\u00edrez","@id":"https:\/\/rafaramirez.org\/blog\/#\/schema\/person\/50f43b6d60c578760d4c17bda54ab6a5"},"headline":"Santa Cruz de Tenerife (Islas Canarias &#8211; Espa\u00f1a). Postal sin fechar. Postales antiguas (colecci\u00f3n particular).","datePublished":"2024-08-19T06:15:26+00:00","mainEntityOfPage":{"@id":"https:\/\/rafaramirez.org\/blog\/index.php\/2024\/08\/19\/santa-cruz-de-tenerife-islas-canarias-espana-postal-sin-fechar-postales-antiguas-coleccion-particular\/"},"wordCount":683,"commentCount":0,"publisher":{"@id":"https:\/\/rafaramirez.org\/blog\/#\/schema\/person\/50f43b6d60c578760d4c17bda54ab6a5"},"image":{"@id":"https:\/\/rafaramirez.org\/blog\/index.php\/2024\/08\/19\/santa-cruz-de-tenerife-islas-canarias-espana-postal-sin-fechar-postales-antiguas-coleccion-particular\/#primaryimage"},"thumbnailUrl":"https:\/\/rafaramirez.org\/blog\/wp-content\/uploads\/2024\/08\/postal_vintage_Plaza-de-Espana-Tenerife_banner_logblog.jpg","keywords":["1575","1787","1929","20 de enero de 1577","Alameda del Duque de Santa Elena","\u00c1lvarez de Fonseca","a\u00f1os 50","Auditorio de Tenerife","blog de Rafael Ram\u00edrez","Calle del Castillo","Castillo de San Crist\u00f3bal","derribado en\u00a01928","espa\u00f1a","fotograf\u00eda vintage","fotos vintage","Islas Canarias","Monumento a los Ca\u00eddos","Plaza de Espa\u00f1a","postales antiguas","postales vintage","Santa Cruz de Tenerife","siglo XX","vintage"],"articleSection":["Vintage"],"inLanguage":"es","potentialAction":[{"@type":"CommentAction","name":"Comment","target":["https:\/\/rafaramirez.org\/blog\/index.php\/2024\/08\/19\/santa-cruz-de-tenerife-islas-canarias-espana-postal-sin-fechar-postales-antiguas-coleccion-particular\/#respond"]}]},{"@type":"WebPage","@id":"https:\/\/rafaramirez.org\/blog\/index.php\/2024\/08\/19\/santa-cruz-de-tenerife-islas-canarias-espana-postal-sin-fechar-postales-antiguas-coleccion-particular\/","url":"https:\/\/rafaramirez.org\/blog\/index.php\/2024\/08\/19\/santa-cruz-de-tenerife-islas-canarias-espana-postal-sin-fechar-postales-antiguas-coleccion-particular\/","name":"Santa Cruz de Tenerife (Islas Canarias - Espa\u00f1a). Postal sin fechar. Postales antiguas (colecci\u00f3n particular). - Blog de Rafael Ram\u00edrez","isPartOf":{"@id":"https:\/\/rafaramirez.org\/blog\/#website"},"primaryImageOfPage":{"@id":"https:\/\/rafaramirez.org\/blog\/index.php\/2024\/08\/19\/santa-cruz-de-tenerife-islas-canarias-espana-postal-sin-fechar-postales-antiguas-coleccion-particular\/#primaryimage"},"image":{"@id":"https:\/\/rafaramirez.org\/blog\/index.php\/2024\/08\/19\/santa-cruz-de-tenerife-islas-canarias-espana-postal-sin-fechar-postales-antiguas-coleccion-particular\/#primaryimage"},"thumbnailUrl":"https:\/\/rafaramirez.org\/blog\/wp-content\/uploads\/2024\/08\/postal_vintage_Plaza-de-Espana-Tenerife_banner_logblog.jpg","datePublished":"2024-08-19T06:15:26+00:00","breadcrumb":{"@id":"https:\/\/rafaramirez.org\/blog\/index.php\/2024\/08\/19\/santa-cruz-de-tenerife-islas-canarias-espana-postal-sin-fechar-postales-antiguas-coleccion-particular\/#breadcrumb"},"inLanguage":"es","potentialAction":[{"@type":"ReadAction","target":["https:\/\/rafaramirez.org\/blog\/index.php\/2024\/08\/19\/santa-cruz-de-tenerife-islas-canarias-espana-postal-sin-fechar-postales-antiguas-coleccion-particular\/"]}]},{"@type":"ImageObject","inLanguage":"es","@id":"https:\/\/rafaramirez.org\/blog\/index.php\/2024\/08\/19\/santa-cruz-de-tenerife-islas-canarias-espana-postal-sin-fechar-postales-antiguas-coleccion-particular\/#primaryimage","url":"https:\/\/rafaramirez.org\/blog\/wp-content\/uploads\/2024\/08\/postal_vintage_Plaza-de-Espana-Tenerife_banner_logblog.jpg","contentUrl":"https:\/\/rafaramirez.org\/blog\/wp-content\/uploads\/2024\/08\/postal_vintage_Plaza-de-Espana-Tenerife_banner_logblog.jpg","width":750,"height":487,"caption":"Plaza de Espa\u00f1a (Sta. Cruz de Tenerife) - Postal vintage . Blog de Rafael Ram\u00edrez."},{"@type":"BreadcrumbList","@id":"https:\/\/rafaramirez.org\/blog\/index.php\/2024\/08\/19\/santa-cruz-de-tenerife-islas-canarias-espana-postal-sin-fechar-postales-antiguas-coleccion-particular\/#breadcrumb","itemListElement":[{"@type":"ListItem","position":1,"name":"Portada","item":"https:\/\/rafaramirez.org\/blog\/"},{"@type":"ListItem","position":2,"name":"Santa Cruz de Tenerife (Islas Canarias &#8211; Espa\u00f1a). Postal sin fechar. Postales antiguas (colecci\u00f3n particular)."}]},{"@type":"WebSite","@id":"https:\/\/rafaramirez.org\/blog\/#website","url":"https:\/\/rafaramirez.org\/blog\/","name":"Blog de Rafael Ram\u00edrez","description":"Un sitio social, de arte y cultura","publisher":{"@id":"https:\/\/rafaramirez.org\/blog\/#\/schema\/person\/50f43b6d60c578760d4c17bda54ab6a5"},"potentialAction":[{"@type":"SearchAction","target":{"@type":"EntryPoint","urlTemplate":"https:\/\/rafaramirez.org\/blog\/?s={search_term_string}"},"query-input":{"@type":"PropertyValueSpecification","valueRequired":true,"valueName":"search_term_string"}}],"inLanguage":"es"},{"@type":["Person","Organization"],"@id":"https:\/\/rafaramirez.org\/blog\/#\/schema\/person\/50f43b6d60c578760d4c17bda54ab6a5","name":"Rafael Ram\u00edrez","image":{"@type":"ImageObject","inLanguage":"es","@id":"https:\/\/rafaramirez.org\/blog\/wp-content\/uploads\/2024\/09\/RR_socialnetwork.jpg","url":"https:\/\/rafaramirez.org\/blog\/wp-content\/uploads\/2024\/09\/RR_socialnetwork.jpg","contentUrl":"https:\/\/rafaramirez.org\/blog\/wp-content\/uploads\/2024\/09\/RR_socialnetwork.jpg","width":600,"height":606,"caption":"Rafael Ram\u00edrez"},"logo":{"@id":"https:\/\/rafaramirez.org\/blog\/wp-content\/uploads\/2024\/09\/RR_socialnetwork.jpg"},"sameAs":["https:\/\/www.rafaramirez.org\/blog","https:\/\/www.instagram.com\/rafaramirez_ok\/","https:\/\/es.pinterest.com\/Ramirez_Rafa\/","https:\/\/x.com\/rafaramirez_ok"],"url":"https:\/\/rafaramirez.org\/blog\/index.php\/author\/rafaell_qm6j97da\/"}]}},"jetpack_publicize_connections":[],"jetpack_sharing_enabled":true,"jetpack_likes_enabled":true,"jetpack_featured_media_url":"https:\/\/rafaramirez.org\/blog\/wp-content\/uploads\/2024\/08\/postal_vintage_Plaza-de-Espana-Tenerife_banner_logblog.jpg","_links":{"self":[{"href":"https:\/\/rafaramirez.org\/blog\/index.php\/wp-json\/wp\/v2\/posts\/5455","targetHints":{"allow":["GET"]}}],"collection":[{"href":"https:\/\/rafaramirez.org\/blog\/index.php\/wp-json\/wp\/v2\/posts"}],"about":[{"href":"https:\/\/rafaramirez.org\/blog\/index.php\/wp-json\/wp\/v2\/types\/post"}],"author":[{"embeddable":true,"href":"https:\/\/rafaramirez.org\/blog\/index.php\/wp-json\/wp\/v2\/users\/1"}],"replies":[{"embeddable":true,"href":"https:\/\/rafaramirez.org\/blog\/index.php\/wp-json\/wp\/v2\/comments?post=5455"}],"version-history":[{"count":5,"href":"https:\/\/rafaramirez.org\/blog\/index.php\/wp-json\/wp\/v2\/posts\/5455\/revisions"}],"predecessor-version":[{"id":5463,"href":"https:\/\/rafaramirez.org\/blog\/index.php\/wp-json\/wp\/v2\/posts\/5455\/revisions\/5463"}],"wp:featuredmedia":[{"embeddable":true,"href":"https:\/\/rafaramirez.org\/blog\/index.php\/wp-json\/wp\/v2\/media\/5459"}],"wp:attachment":[{"href":"https:\/\/rafaramirez.org\/blog\/index.php\/wp-json\/wp\/v2\/media?parent=5455"}],"wp:term":[{"taxonomy":"category","embeddable":true,"href":"https:\/\/rafaramirez.org\/blog\/index.php\/wp-json\/wp\/v2\/categories?post=5455"},{"taxonomy":"post_tag","embeddable":true,"href":"https:\/\/rafaramirez.org\/blog\/index.php\/wp-json\/wp\/v2\/tags?post=5455"}],"curies":[{"name":"wp","href":"https:\/\/api.w.org\/{rel}","templated":true}]}}