{"id":5372,"date":"2024-08-12T08:15:58","date_gmt":"2024-08-12T06:15:58","guid":{"rendered":"https:\/\/rafaramirez.org\/blog\/?p=5372"},"modified":"2024-07-19T14:49:33","modified_gmt":"2024-07-19T12:49:33","slug":"dia-internacional-de-la-juventud","status":"publish","type":"post","link":"https:\/\/rafaramirez.org\/blog\/index.php\/2024\/08\/12\/dia-internacional-de-la-juventud\/","title":{"rendered":"D\u00eda Internacional de la Juventud, destacando el papel fundamental de los j\u00f3venes."},"content":{"rendered":"<p>El\u00a0<strong>D\u00eda Internacional de la Juventud<\/strong>\u00a0se celebra anualmente el\u00a0<strong>12 de agosto<\/strong>\u00a0desde el a\u00f1o 2000.\u00a0Fue aprobado por la\u00a0<strong>Asamblea General de las Naciones Unidas<\/strong>\u00a0el\u00a0<strong>17 de diciembre de 1999<\/strong>. Este d\u00eda tiene como objetivo destacar el papel fundamental de los j\u00f3venes en la construcci\u00f3n de un mundo m\u00e1s sostenible y justo para todos.<\/p>\n<p>La ONU, a trav\u00e9s de la\u00a0<strong>Oficina para la Juventud<\/strong>, lleva a cabo una campa\u00f1a en este d\u00eda para mostrar la\u00a0<strong>resiliencia<\/strong>, el\u00a0<strong>ingenio<\/strong>\u00a0y el\u00a0<strong>liderazgo<\/strong> de los j\u00f3venes en la creaci\u00f3n de un mundo mejor. Adem\u00e1s, se promueve el debate y el intercambio de ideas sobre las competencias ecol\u00f3gicas para los j\u00f3venes.<\/p>\n<h3>Actividades para el D\u00eda Internacional de la Juventud.<\/h3>\n<p>En este d\u00eda, se llevan a cabo diversas actividades en todo el mundo para destacar el papel de los j\u00f3venes y promover su participaci\u00f3n activa en la sociedad. Algunas de las actividades comunes incluyen:<\/p>\n<ol>\n<li><strong>Conferencias y seminarios<\/strong>: Se organizan charlas, conferencias y seminarios sobre temas relevantes para los j\u00f3venes, como educaci\u00f3n, empleo, salud mental y derechos humanos.<\/li>\n<li><strong>Eventos culturales y art\u00edsticos<\/strong>: Se realizan conciertos, exposiciones de arte, proyecciones de pel\u00edculas y otras manifestaciones culturales para celebrar la creatividad y el talento de los j\u00f3venes.<\/li>\n<li><strong>Campa\u00f1as de concienciaci\u00f3n<\/strong>: Se promueven campa\u00f1as sobre temas como la igualdad de g\u00e9nero, el cambio clim\u00e1tico, la paz y la justicia social, con el objetivo de sensibilizar a la sociedad y fomentar la acci\u00f3n.<\/li>\n<li><strong>Voluntariado y actividades comunitarias<\/strong>: Los j\u00f3venes participan en proyectos de voluntariado, limpieza de espacios p\u00fablicos, actividades deportivas y otras acciones para mejorar sus comunidades.<\/li>\n<li><strong>Premios y reconocimientos<\/strong>: Se otorgan premios y reconocimientos a j\u00f3venes destacados que han contribuido positivamente a la sociedad.<\/li>\n<\/ol>\n<p>Recuerda que las actividades pueden variar seg\u00fan la regi\u00f3n y la organizaci\u00f3n que las promueva.<\/p>\n<figure id=\"attachment_5376\" aria-describedby=\"caption-attachment-5376\" style=\"width: 300px\" class=\"wp-caption aligncenter\"><a href=\"https:\/\/rafaramirez.org\/blog\/wp-content\/uploads\/2024\/08\/agriculture-1807549.jpg\" target=\"_blank\" rel=\"noopener\"><img loading=\"lazy\" decoding=\"async\" class=\"wp-image-5376 size-medium\" src=\"https:\/\/rafaramirez.org\/blog\/wp-content\/uploads\/2024\/08\/agriculture-1807549-300x186.jpg\" alt=\"D\u00eda Internacional de la Juventud. Blog de Rafael Ram\u00edrez.\" width=\"300\" height=\"186\" srcset=\"https:\/\/rafaramirez.org\/blog\/wp-content\/uploads\/2024\/08\/agriculture-1807549-300x186.jpg 300w, https:\/\/rafaramirez.org\/blog\/wp-content\/uploads\/2024\/08\/agriculture-1807549-1024x636.jpg 1024w, https:\/\/rafaramirez.org\/blog\/wp-content\/uploads\/2024\/08\/agriculture-1807549-768x477.jpg 768w, https:\/\/rafaramirez.org\/blog\/wp-content\/uploads\/2024\/08\/agriculture-1807549.jpg 1200w\" sizes=\"auto, (max-width: 300px) 100vw, 300px\" \/><\/a><figcaption id=\"caption-attachment-5376\" class=\"wp-caption-text\">D\u00eda Internacional de la Juventud. Blog de Rafael Ram\u00edrez.<\/figcaption><\/figure>\n<p>En resumen, el D\u00eda Internacional de la Juventud es una oportunidad para reconocer y apoyar el papel crucial de los j\u00f3venes en la construcci\u00f3n de un futuro m\u00e1s sostenible y equitativo para todos. \ud83c\udf0d<\/p>\n<p>M\u00e1s informaci\u00f3n:<\/p>\n<ul>\n<li><a href=\"https:\/\/es.wikipedia.org\/wiki\/D%C3%ADa_Internacional_de_la_Juventud\" target=\"_blank\" rel=\"noopener\">Wikipedia.org<\/a><\/li>\n<li><a href=\"https:\/\/www.un.org\/es\/observances\/youth-day\" target=\"_blank\" rel=\"noopener\">ONU.<\/a><\/li>\n<\/ul>\n","protected":false},"excerpt":{"rendered":"<p>El\u00a0D\u00eda Internacional de la Juventud\u00a0se celebra anualmente el\u00a012 de agosto\u00a0desde el a\u00f1o 2000.\u00a0Fue aprobado por la\u00a0Asamblea General de las Naciones Unidas\u00a0el\u00a017 de diciembre de 1999. Este d\u00eda tiene como objetivo destacar el papel fundamental de los j\u00f3venes en la construcci\u00f3n de un mundo m\u00e1s sostenible y justo para todos. La ONU, a trav\u00e9s de la\u00a0Oficina [&hellip;]<\/p>\n","protected":false},"author":1,"featured_media":5375,"comment_status":"open","ping_status":"closed","sticky":false,"template":"","format":"standard","meta":{"site-container-style":"default","site-container-layout":"default","site-sidebar-layout":"default","disable-article-header":"default","disable-site-header":"default","disable-site-footer":"default","disable-content-area-spacing":"default","_jetpack_newsletter_access":"","_jetpack_dont_email_post_to_subs":false,"_jetpack_newsletter_tier_id":0,"_jetpack_memberships_contains_paywalled_content":false,"_jetpack_feature_clip_id":0,"_jetpack_memberships_contains_paid_content":false,"footnotes":"","jetpack_publicize_message":"","jetpack_publicize_feature_enabled":true,"jetpack_social_post_already_shared":true,"jetpack_social_options":{"image_generator_settings":{"template":"highway","default_image_id":0,"font":"","enabled":false},"version":2},"jetpack_post_was_ever_published":false},"categories":[1291,15],"tags":[3001,3002,3003,617,1713,68,2999,1323,3005,957,3006,3007,330,1702,416,3004,1023,3000],"class_list":["post-5372","post","type-post","status-publish","format-standard","has-post-thumbnail","hentry","category-efemerides","category-noticias-sociales","tag-12-de-agosto","tag-3002","tag-3003","tag-asamblea-de-las-naciones-unidas","tag-asamblea-general-de-las-naciones-unidas","tag-blog-de-rafael-ramirez","tag-dia-internacional-de-la-juventud","tag-efemerides","tag-ingenio","tag-labor-social","tag-liderazgo","tag-mundo-mas-sostenible-y-justo","tag-noticias-sociales","tag-onu","tag-redes-sociales","tag-resiliencia","tag-responsabilidad-social","tag-un"],"yoast_head":"<!-- This site is optimized with the Yoast SEO plugin v28.4 - https:\/\/yoast.com\/product\/yoast-seo-wordpress\/ -->\n<title>D\u00eda Internacional de la Juventud, destacando el papel fundamental de los j\u00f3venes. - Blog de Rafael Ram\u00edrez<\/title>\n<meta name=\"robots\" content=\"index, follow, max-snippet:-1, max-image-preview:large, max-video-preview:-1\" \/>\n<link rel=\"canonical\" href=\"https:\/\/rafaramirez.org\/blog\/index.php\/2024\/08\/12\/dia-internacional-de-la-juventud\/\" \/>\n<meta property=\"og:locale\" content=\"es_ES\" \/>\n<meta property=\"og:type\" content=\"article\" \/>\n<meta property=\"og:title\" content=\"D\u00eda Internacional de la Juventud, destacando el papel fundamental de los j\u00f3venes. - Blog de Rafael Ram\u00edrez\" \/>\n<meta property=\"og:description\" content=\"El\u00a0D\u00eda Internacional de la Juventud\u00a0se celebra anualmente el\u00a012 de agosto\u00a0desde el a\u00f1o 2000.\u00a0Fue aprobado por la\u00a0Asamblea General de las Naciones Unidas\u00a0el\u00a017 de diciembre de 1999. Este d\u00eda tiene como objetivo destacar el papel fundamental de los j\u00f3venes en la construcci\u00f3n de un mundo m\u00e1s sostenible y justo para todos. La ONU, a trav\u00e9s de la\u00a0Oficina [&hellip;]\" \/>\n<meta property=\"og:url\" content=\"https:\/\/rafaramirez.org\/blog\/index.php\/2024\/08\/12\/dia-internacional-de-la-juventud\/\" \/>\n<meta property=\"og:site_name\" content=\"Blog de Rafael Ram\u00edrez\" \/>\n<meta property=\"article:published_time\" content=\"2024-08-12T06:15:58+00:00\" \/>\n<meta property=\"og:image\" content=\"https:\/\/rafaramirez.org\/blog\/wp-content\/uploads\/2024\/08\/dia-de-la-juventud_blog_de_rafael_ramirez.jpg\" \/>\n\t<meta property=\"og:image:width\" content=\"750\" \/>\n\t<meta property=\"og:image:height\" content=\"494\" \/>\n\t<meta property=\"og:image:type\" content=\"image\/jpeg\" \/>\n<meta name=\"author\" content=\"Rafael Ram\u00edrez\" \/>\n<meta name=\"twitter:card\" content=\"summary_large_image\" \/>\n<meta name=\"twitter:creator\" content=\"@rafaramirez_ok\" \/>\n<meta name=\"twitter:site\" content=\"@rafaramirez_ok\" \/>\n<meta name=\"twitter:label1\" content=\"Escrito por\" \/>\n\t<meta name=\"twitter:data1\" content=\"Rafael Ram\u00edrez\" \/>\n\t<meta name=\"twitter:label2\" content=\"Tiempo de lectura\" \/>\n\t<meta name=\"twitter:data2\" content=\"2 minutos\" \/>\n<script type=\"application\/ld+json\" class=\"yoast-schema-graph\">{\"@context\":\"https:\\\/\\\/schema.org\",\"@graph\":[{\"@type\":\"Article\",\"@id\":\"https:\\\/\\\/rafaramirez.org\\\/blog\\\/index.php\\\/2024\\\/08\\\/12\\\/dia-internacional-de-la-juventud\\\/#article\",\"isPartOf\":{\"@id\":\"https:\\\/\\\/rafaramirez.org\\\/blog\\\/index.php\\\/2024\\\/08\\\/12\\\/dia-internacional-de-la-juventud\\\/\"},\"author\":{\"name\":\"Rafael Ram\u00edrez\",\"@id\":\"https:\\\/\\\/rafaramirez.org\\\/blog\\\/#\\\/schema\\\/person\\\/50f43b6d60c578760d4c17bda54ab6a5\"},\"headline\":\"D\u00eda Internacional de la Juventud, destacando el papel fundamental de los j\u00f3venes.\",\"datePublished\":\"2024-08-12T06:15:58+00:00\",\"mainEntityOfPage\":{\"@id\":\"https:\\\/\\\/rafaramirez.org\\\/blog\\\/index.php\\\/2024\\\/08\\\/12\\\/dia-internacional-de-la-juventud\\\/\"},\"wordCount\":401,\"commentCount\":0,\"publisher\":{\"@id\":\"https:\\\/\\\/rafaramirez.org\\\/blog\\\/#\\\/schema\\\/person\\\/50f43b6d60c578760d4c17bda54ab6a5\"},\"image\":{\"@id\":\"https:\\\/\\\/rafaramirez.org\\\/blog\\\/index.php\\\/2024\\\/08\\\/12\\\/dia-internacional-de-la-juventud\\\/#primaryimage\"},\"thumbnailUrl\":\"https:\\\/\\\/rafaramirez.org\\\/blog\\\/wp-content\\\/uploads\\\/2024\\\/08\\\/dia-de-la-juventud_blog_de_rafael_ramirez.jpg\",\"keywords\":[\"12 de agosto\",\"1999\",\"2000\",\"Asamblea de las Naciones Unidas\",\"Asamblea General de las Naciones Unidas\",\"blog de Rafael Ram\u00edrez\",\"D\u00eda Internacional de la Juventud\",\"efem\u00e9rides\",\"ingenio\",\"labor social\",\"liderazgo\",\"mundo m\u00e1s sostenible y justo\",\"noticias sociales\",\"ONU\",\"redes sociales\",\"resiliencia\",\"responsabilidad social\",\"UN\"],\"articleSection\":[\"Efem\u00e9rides\",\"Informe social\"],\"inLanguage\":\"es\",\"potentialAction\":[{\"@type\":\"CommentAction\",\"name\":\"Comment\",\"target\":[\"https:\\\/\\\/rafaramirez.org\\\/blog\\\/index.php\\\/2024\\\/08\\\/12\\\/dia-internacional-de-la-juventud\\\/#respond\"]}]},{\"@type\":\"WebPage\",\"@id\":\"https:\\\/\\\/rafaramirez.org\\\/blog\\\/index.php\\\/2024\\\/08\\\/12\\\/dia-internacional-de-la-juventud\\\/\",\"url\":\"https:\\\/\\\/rafaramirez.org\\\/blog\\\/index.php\\\/2024\\\/08\\\/12\\\/dia-internacional-de-la-juventud\\\/\",\"name\":\"D\u00eda Internacional de la Juventud, destacando el papel fundamental de los j\u00f3venes. - Blog de Rafael Ram\u00edrez\",\"isPartOf\":{\"@id\":\"https:\\\/\\\/rafaramirez.org\\\/blog\\\/#website\"},\"primaryImageOfPage\":{\"@id\":\"https:\\\/\\\/rafaramirez.org\\\/blog\\\/index.php\\\/2024\\\/08\\\/12\\\/dia-internacional-de-la-juventud\\\/#primaryimage\"},\"image\":{\"@id\":\"https:\\\/\\\/rafaramirez.org\\\/blog\\\/index.php\\\/2024\\\/08\\\/12\\\/dia-internacional-de-la-juventud\\\/#primaryimage\"},\"thumbnailUrl\":\"https:\\\/\\\/rafaramirez.org\\\/blog\\\/wp-content\\\/uploads\\\/2024\\\/08\\\/dia-de-la-juventud_blog_de_rafael_ramirez.jpg\",\"datePublished\":\"2024-08-12T06:15:58+00:00\",\"breadcrumb\":{\"@id\":\"https:\\\/\\\/rafaramirez.org\\\/blog\\\/index.php\\\/2024\\\/08\\\/12\\\/dia-internacional-de-la-juventud\\\/#breadcrumb\"},\"inLanguage\":\"es\",\"potentialAction\":[{\"@type\":\"ReadAction\",\"target\":[\"https:\\\/\\\/rafaramirez.org\\\/blog\\\/index.php\\\/2024\\\/08\\\/12\\\/dia-internacional-de-la-juventud\\\/\"]}]},{\"@type\":\"ImageObject\",\"inLanguage\":\"es\",\"@id\":\"https:\\\/\\\/rafaramirez.org\\\/blog\\\/index.php\\\/2024\\\/08\\\/12\\\/dia-internacional-de-la-juventud\\\/#primaryimage\",\"url\":\"https:\\\/\\\/rafaramirez.org\\\/blog\\\/wp-content\\\/uploads\\\/2024\\\/08\\\/dia-de-la-juventud_blog_de_rafael_ramirez.jpg\",\"contentUrl\":\"https:\\\/\\\/rafaramirez.org\\\/blog\\\/wp-content\\\/uploads\\\/2024\\\/08\\\/dia-de-la-juventud_blog_de_rafael_ramirez.jpg\",\"width\":750,\"height\":494,\"caption\":\"D\u00eda Internacional de la Juventud. Blog de Rafael Ram\u00edrez.\"},{\"@type\":\"BreadcrumbList\",\"@id\":\"https:\\\/\\\/rafaramirez.org\\\/blog\\\/index.php\\\/2024\\\/08\\\/12\\\/dia-internacional-de-la-juventud\\\/#breadcrumb\",\"itemListElement\":[{\"@type\":\"ListItem\",\"position\":1,\"name\":\"Portada\",\"item\":\"https:\\\/\\\/rafaramirez.org\\\/blog\\\/\"},{\"@type\":\"ListItem\",\"position\":2,\"name\":\"D\u00eda Internacional de la Juventud, destacando el papel fundamental de los j\u00f3venes.\"}]},{\"@type\":\"WebSite\",\"@id\":\"https:\\\/\\\/rafaramirez.org\\\/blog\\\/#website\",\"url\":\"https:\\\/\\\/rafaramirez.org\\\/blog\\\/\",\"name\":\"Blog de Rafael Ram\u00edrez\",\"description\":\"Un sitio social, de arte y cultura\",\"publisher\":{\"@id\":\"https:\\\/\\\/rafaramirez.org\\\/blog\\\/#\\\/schema\\\/person\\\/50f43b6d60c578760d4c17bda54ab6a5\"},\"potentialAction\":[{\"@type\":\"SearchAction\",\"target\":{\"@type\":\"EntryPoint\",\"urlTemplate\":\"https:\\\/\\\/rafaramirez.org\\\/blog\\\/?s={search_term_string}\"},\"query-input\":{\"@type\":\"PropertyValueSpecification\",\"valueRequired\":true,\"valueName\":\"search_term_string\"}}],\"inLanguage\":\"es\"},{\"@type\":[\"Person\",\"Organization\"],\"@id\":\"https:\\\/\\\/rafaramirez.org\\\/blog\\\/#\\\/schema\\\/person\\\/50f43b6d60c578760d4c17bda54ab6a5\",\"name\":\"Rafael Ram\u00edrez\",\"image\":{\"@type\":\"ImageObject\",\"inLanguage\":\"es\",\"@id\":\"https:\\\/\\\/rafaramirez.org\\\/blog\\\/wp-content\\\/uploads\\\/2024\\\/09\\\/RR_socialnetwork.jpg\",\"url\":\"https:\\\/\\\/rafaramirez.org\\\/blog\\\/wp-content\\\/uploads\\\/2024\\\/09\\\/RR_socialnetwork.jpg\",\"contentUrl\":\"https:\\\/\\\/rafaramirez.org\\\/blog\\\/wp-content\\\/uploads\\\/2024\\\/09\\\/RR_socialnetwork.jpg\",\"width\":600,\"height\":606,\"caption\":\"Rafael Ram\u00edrez\"},\"logo\":{\"@id\":\"https:\\\/\\\/rafaramirez.org\\\/blog\\\/wp-content\\\/uploads\\\/2024\\\/09\\\/RR_socialnetwork.jpg\"},\"sameAs\":[\"https:\\\/\\\/www.rafaramirez.org\\\/blog\",\"https:\\\/\\\/www.instagram.com\\\/rafaramirez_ok\\\/\",\"https:\\\/\\\/es.pinterest.com\\\/Ramirez_Rafa\\\/\",\"https:\\\/\\\/x.com\\\/rafaramirez_ok\"],\"url\":\"https:\\\/\\\/rafaramirez.org\\\/blog\\\/index.php\\\/author\\\/rafaell_qm6j97da\\\/\"}]}<\/script>\n<!-- \/ Yoast SEO plugin. -->","yoast_head_json":{"title":"D\u00eda Internacional de la Juventud, destacando el papel fundamental de los j\u00f3venes. - Blog de Rafael Ram\u00edrez","robots":{"index":"index","follow":"follow","max-snippet":"max-snippet:-1","max-image-preview":"max-image-preview:large","max-video-preview":"max-video-preview:-1"},"canonical":"https:\/\/rafaramirez.org\/blog\/index.php\/2024\/08\/12\/dia-internacional-de-la-juventud\/","og_locale":"es_ES","og_type":"article","og_title":"D\u00eda Internacional de la Juventud, destacando el papel fundamental de los j\u00f3venes. - Blog de Rafael Ram\u00edrez","og_description":"El\u00a0D\u00eda Internacional de la Juventud\u00a0se celebra anualmente el\u00a012 de agosto\u00a0desde el a\u00f1o 2000.\u00a0Fue aprobado por la\u00a0Asamblea General de las Naciones Unidas\u00a0el\u00a017 de diciembre de 1999. Este d\u00eda tiene como objetivo destacar el papel fundamental de los j\u00f3venes en la construcci\u00f3n de un mundo m\u00e1s sostenible y justo para todos. La ONU, a trav\u00e9s de la\u00a0Oficina [&hellip;]","og_url":"https:\/\/rafaramirez.org\/blog\/index.php\/2024\/08\/12\/dia-internacional-de-la-juventud\/","og_site_name":"Blog de Rafael Ram\u00edrez","article_published_time":"2024-08-12T06:15:58+00:00","og_image":[{"width":750,"height":494,"url":"https:\/\/rafaramirez.org\/blog\/wp-content\/uploads\/2024\/08\/dia-de-la-juventud_blog_de_rafael_ramirez.jpg","type":"image\/jpeg"}],"author":"Rafael Ram\u00edrez","twitter_card":"summary_large_image","twitter_creator":"@rafaramirez_ok","twitter_site":"@rafaramirez_ok","twitter_misc":{"Escrito por":"Rafael Ram\u00edrez","Tiempo de lectura":"2 minutos"},"schema":{"@context":"https:\/\/schema.org","@graph":[{"@type":"Article","@id":"https:\/\/rafaramirez.org\/blog\/index.php\/2024\/08\/12\/dia-internacional-de-la-juventud\/#article","isPartOf":{"@id":"https:\/\/rafaramirez.org\/blog\/index.php\/2024\/08\/12\/dia-internacional-de-la-juventud\/"},"author":{"name":"Rafael Ram\u00edrez","@id":"https:\/\/rafaramirez.org\/blog\/#\/schema\/person\/50f43b6d60c578760d4c17bda54ab6a5"},"headline":"D\u00eda Internacional de la Juventud, destacando el papel fundamental de los j\u00f3venes.","datePublished":"2024-08-12T06:15:58+00:00","mainEntityOfPage":{"@id":"https:\/\/rafaramirez.org\/blog\/index.php\/2024\/08\/12\/dia-internacional-de-la-juventud\/"},"wordCount":401,"commentCount":0,"publisher":{"@id":"https:\/\/rafaramirez.org\/blog\/#\/schema\/person\/50f43b6d60c578760d4c17bda54ab6a5"},"image":{"@id":"https:\/\/rafaramirez.org\/blog\/index.php\/2024\/08\/12\/dia-internacional-de-la-juventud\/#primaryimage"},"thumbnailUrl":"https:\/\/rafaramirez.org\/blog\/wp-content\/uploads\/2024\/08\/dia-de-la-juventud_blog_de_rafael_ramirez.jpg","keywords":["12 de agosto","1999","2000","Asamblea de las Naciones Unidas","Asamblea General de las Naciones Unidas","blog de Rafael Ram\u00edrez","D\u00eda Internacional de la Juventud","efem\u00e9rides","ingenio","labor social","liderazgo","mundo m\u00e1s sostenible y justo","noticias sociales","ONU","redes sociales","resiliencia","responsabilidad social","UN"],"articleSection":["Efem\u00e9rides","Informe social"],"inLanguage":"es","potentialAction":[{"@type":"CommentAction","name":"Comment","target":["https:\/\/rafaramirez.org\/blog\/index.php\/2024\/08\/12\/dia-internacional-de-la-juventud\/#respond"]}]},{"@type":"WebPage","@id":"https:\/\/rafaramirez.org\/blog\/index.php\/2024\/08\/12\/dia-internacional-de-la-juventud\/","url":"https:\/\/rafaramirez.org\/blog\/index.php\/2024\/08\/12\/dia-internacional-de-la-juventud\/","name":"D\u00eda Internacional de la Juventud, destacando el papel fundamental de los j\u00f3venes. - Blog de Rafael Ram\u00edrez","isPartOf":{"@id":"https:\/\/rafaramirez.org\/blog\/#website"},"primaryImageOfPage":{"@id":"https:\/\/rafaramirez.org\/blog\/index.php\/2024\/08\/12\/dia-internacional-de-la-juventud\/#primaryimage"},"image":{"@id":"https:\/\/rafaramirez.org\/blog\/index.php\/2024\/08\/12\/dia-internacional-de-la-juventud\/#primaryimage"},"thumbnailUrl":"https:\/\/rafaramirez.org\/blog\/wp-content\/uploads\/2024\/08\/dia-de-la-juventud_blog_de_rafael_ramirez.jpg","datePublished":"2024-08-12T06:15:58+00:00","breadcrumb":{"@id":"https:\/\/rafaramirez.org\/blog\/index.php\/2024\/08\/12\/dia-internacional-de-la-juventud\/#breadcrumb"},"inLanguage":"es","potentialAction":[{"@type":"ReadAction","target":["https:\/\/rafaramirez.org\/blog\/index.php\/2024\/08\/12\/dia-internacional-de-la-juventud\/"]}]},{"@type":"ImageObject","inLanguage":"es","@id":"https:\/\/rafaramirez.org\/blog\/index.php\/2024\/08\/12\/dia-internacional-de-la-juventud\/#primaryimage","url":"https:\/\/rafaramirez.org\/blog\/wp-content\/uploads\/2024\/08\/dia-de-la-juventud_blog_de_rafael_ramirez.jpg","contentUrl":"https:\/\/rafaramirez.org\/blog\/wp-content\/uploads\/2024\/08\/dia-de-la-juventud_blog_de_rafael_ramirez.jpg","width":750,"height":494,"caption":"D\u00eda Internacional de la Juventud. Blog de Rafael Ram\u00edrez."},{"@type":"BreadcrumbList","@id":"https:\/\/rafaramirez.org\/blog\/index.php\/2024\/08\/12\/dia-internacional-de-la-juventud\/#breadcrumb","itemListElement":[{"@type":"ListItem","position":1,"name":"Portada","item":"https:\/\/rafaramirez.org\/blog\/"},{"@type":"ListItem","position":2,"name":"D\u00eda Internacional de la Juventud, destacando el papel fundamental de los j\u00f3venes."}]},{"@type":"WebSite","@id":"https:\/\/rafaramirez.org\/blog\/#website","url":"https:\/\/rafaramirez.org\/blog\/","name":"Blog de Rafael Ram\u00edrez","description":"Un sitio social, de arte y cultura","publisher":{"@id":"https:\/\/rafaramirez.org\/blog\/#\/schema\/person\/50f43b6d60c578760d4c17bda54ab6a5"},"potentialAction":[{"@type":"SearchAction","target":{"@type":"EntryPoint","urlTemplate":"https:\/\/rafaramirez.org\/blog\/?s={search_term_string}"},"query-input":{"@type":"PropertyValueSpecification","valueRequired":true,"valueName":"search_term_string"}}],"inLanguage":"es"},{"@type":["Person","Organization"],"@id":"https:\/\/rafaramirez.org\/blog\/#\/schema\/person\/50f43b6d60c578760d4c17bda54ab6a5","name":"Rafael Ram\u00edrez","image":{"@type":"ImageObject","inLanguage":"es","@id":"https:\/\/rafaramirez.org\/blog\/wp-content\/uploads\/2024\/09\/RR_socialnetwork.jpg","url":"https:\/\/rafaramirez.org\/blog\/wp-content\/uploads\/2024\/09\/RR_socialnetwork.jpg","contentUrl":"https:\/\/rafaramirez.org\/blog\/wp-content\/uploads\/2024\/09\/RR_socialnetwork.jpg","width":600,"height":606,"caption":"Rafael Ram\u00edrez"},"logo":{"@id":"https:\/\/rafaramirez.org\/blog\/wp-content\/uploads\/2024\/09\/RR_socialnetwork.jpg"},"sameAs":["https:\/\/www.rafaramirez.org\/blog","https:\/\/www.instagram.com\/rafaramirez_ok\/","https:\/\/es.pinterest.com\/Ramirez_Rafa\/","https:\/\/x.com\/rafaramirez_ok"],"url":"https:\/\/rafaramirez.org\/blog\/index.php\/author\/rafaell_qm6j97da\/"}]}},"jetpack_publicize_connections":[],"jetpack_sharing_enabled":true,"jetpack_likes_enabled":true,"jetpack_featured_media_url":"https:\/\/rafaramirez.org\/blog\/wp-content\/uploads\/2024\/08\/dia-de-la-juventud_blog_de_rafael_ramirez.jpg","_links":{"self":[{"href":"https:\/\/rafaramirez.org\/blog\/index.php\/wp-json\/wp\/v2\/posts\/5372","targetHints":{"allow":["GET"]}}],"collection":[{"href":"https:\/\/rafaramirez.org\/blog\/index.php\/wp-json\/wp\/v2\/posts"}],"about":[{"href":"https:\/\/rafaramirez.org\/blog\/index.php\/wp-json\/wp\/v2\/types\/post"}],"author":[{"embeddable":true,"href":"https:\/\/rafaramirez.org\/blog\/index.php\/wp-json\/wp\/v2\/users\/1"}],"replies":[{"embeddable":true,"href":"https:\/\/rafaramirez.org\/blog\/index.php\/wp-json\/wp\/v2\/comments?post=5372"}],"version-history":[{"count":3,"href":"https:\/\/rafaramirez.org\/blog\/index.php\/wp-json\/wp\/v2\/posts\/5372\/revisions"}],"predecessor-version":[{"id":5377,"href":"https:\/\/rafaramirez.org\/blog\/index.php\/wp-json\/wp\/v2\/posts\/5372\/revisions\/5377"}],"wp:featuredmedia":[{"embeddable":true,"href":"https:\/\/rafaramirez.org\/blog\/index.php\/wp-json\/wp\/v2\/media\/5375"}],"wp:attachment":[{"href":"https:\/\/rafaramirez.org\/blog\/index.php\/wp-json\/wp\/v2\/media?parent=5372"}],"wp:term":[{"taxonomy":"category","embeddable":true,"href":"https:\/\/rafaramirez.org\/blog\/index.php\/wp-json\/wp\/v2\/categories?post=5372"},{"taxonomy":"post_tag","embeddable":true,"href":"https:\/\/rafaramirez.org\/blog\/index.php\/wp-json\/wp\/v2\/tags?post=5372"}],"curies":[{"name":"wp","href":"https:\/\/api.w.org\/{rel}","templated":true}]}}