{"id":5332,"date":"2024-08-09T08:15:32","date_gmt":"2024-08-09T06:15:32","guid":{"rendered":"https:\/\/rafaramirez.org\/blog\/?p=5332"},"modified":"2024-07-17T20:56:07","modified_gmt":"2024-07-17T18:56:07","slug":"ne-me-quitte-pas-alcione-directo-en-vivo-live","status":"publish","type":"post","link":"https:\/\/rafaramirez.org\/blog\/index.php\/2024\/08\/09\/ne-me-quitte-pas-alcione-directo-en-vivo-live\/","title":{"rendered":"\u00abNe me quitte pas\u00bb (directo-en vivo-live): Bella interpretaci\u00f3n de la cantante brasile\u00f1a Alcione."},"content":{"rendered":"<p>Os traigo una bonita versi\u00f3n de la canci\u00f3n <strong>\u00abNe me quitte pas\u00bb de Jacques Brel<\/strong> interpretada por la cantante y compositora brasile\u00f1a <strong>Alcione.\u00a0<\/strong><\/p>\n<p>Ocurri\u00f3 durante el concierto <strong>\u00abUm Barzinho, Um Viol\u00e3o 2\u00bb<\/strong>. El \u00e1lbum, parte de una serie, se public\u00f3 en CD y DVD en 2004 por Som Livre y Universal Music. La serie presenta a artistas famosos interpretando canciones conocidas en un ambiente relajado de bar, acompa\u00f1ados solo por el sonido ac\u00fastico de una guitarra o un viol\u00f3n. Varios artistas brasile\u00f1os participaron en este volumen, ofreciendo versiones \u00edntimas y despojadas de canciones populares e internacionales.<\/p>\n<p><iframe loading=\"lazy\" title=\"YouTube video player\" src=\"https:\/\/www.youtube.com\/embed\/aM3KEDLgrL4?si=eRBLuITvlx82UXtA\" width=\"560\" height=\"315\" frameborder=\"0\" allowfullscreen=\"allowfullscreen\"><\/iframe><\/p>\n<h3>Sobre la interprete Alcione.<\/h3>\n<p><strong>Alcione Dias Nazareth<\/strong>, conocida simplemente como\u00a0<strong>Alcione<\/strong>, es una\u00a0<strong>cantante, compositora y multi instrumentista brasile\u00f1a<\/strong>. Aqu\u00ed tienes algunos detalles sobre su impresionante carrera:<\/p>\n<ul>\n<li><strong>Nacimiento y Reconocimiento<\/strong>:\n<ul>\n<li>Naci\u00f3 el\u00a0<strong>21 de noviembre de 1947<\/strong>\u00a0en\u00a0<strong>S\u00e3o Lu\u00eds, Maranh\u00e3o, Brasil<\/strong>.<\/li>\n<li>Alcione obtuvo\u00a0<strong>reconocimiento internacional<\/strong>\u00a0a principios de la d\u00e9cada de 1970 y se convirti\u00f3 en una de las\u00a0<strong>artistas m\u00e1s vendidas de Brasil<\/strong>.<\/li>\n<li>Su\u00a0<strong>poderosa voz de contralto<\/strong>\u00a0y su\u00a0<strong>presencia esc\u00e9nica<\/strong>\u00a0la han llevado a ser apodada \u201cA Marrom\u201d (la color marr\u00f3n), \u201cLa Reina del Samba\u201d o \u201cLa Voz del Samba\u201d.<\/li>\n<\/ul>\n<\/li>\n<li><strong>Logros y Discograf\u00eda<\/strong>:\n<ul>\n<li>A lo largo de su\u00a0<strong>m\u00e1s de cincuenta a\u00f1os de carrera<\/strong>, ha publicado\u00a0<strong>treinta \u00e1lbumes de estudio<\/strong>\u00a0y nueve en vivo.<\/li>\n<li>Ha obtenido\u00a0<strong>veinti\u00fan discos de oro<\/strong>, cinco de platino y tres de doble platino.<\/li>\n<li>Gan\u00f3 un\u00a0<strong>Premio Grammy Latino<\/strong>\u00a0y veintid\u00f3s\u00a0<strong>Pr\u00eamio da M\u00fasica Brasileira<\/strong>.<\/li>\n<li>En 2012, la revista\u00a0<strong>Rolling Stones<\/strong>\u00a0la incluy\u00f3 entre las\u00a0<strong>100 mayores voces de la m\u00fasica brasile\u00f1a<\/strong>.<\/li>\n<\/ul>\n<\/li>\n<li><strong>Apelativos y Legado<\/strong>:\n<ul>\n<li>Alcione es considerada una de las\u00a0<strong>grandes int\u00e9rpretes de samba de todos los tiempos<\/strong>.<\/li>\n<li>Su talento y carisma la han convertido en una figura\u00a0<strong>inmortal<\/strong>\u00a0en la\u00a0<strong>Academia Brasile\u00f1a de Cultura<\/strong>.\n<p><figure id=\"attachment_5341\" aria-describedby=\"caption-attachment-5341\" style=\"width: 300px\" class=\"wp-caption aligncenter\"><a href=\"https:\/\/rafaramirez.org\/blog\/wp-content\/uploads\/2024\/08\/Um-Barzinho-Um-Violao-2.jpg\" target=\"_blank\" rel=\"noopener\"><img loading=\"lazy\" decoding=\"async\" class=\"wp-image-5341 size-medium\" src=\"https:\/\/rafaramirez.org\/blog\/wp-content\/uploads\/2024\/08\/Um-Barzinho-Um-Violao-2-300x270.jpg\" alt=\"CD Um Barzinho, Um Viol\u00e3o 2. Blog de Rafael Ram\u00edrez\" width=\"300\" height=\"270\" srcset=\"https:\/\/rafaramirez.org\/blog\/wp-content\/uploads\/2024\/08\/Um-Barzinho-Um-Violao-2-300x270.jpg 300w, https:\/\/rafaramirez.org\/blog\/wp-content\/uploads\/2024\/08\/Um-Barzinho-Um-Violao-2.jpg 500w\" sizes=\"auto, (max-width: 300px) 100vw, 300px\" \/><\/a><figcaption id=\"caption-attachment-5341\" class=\"wp-caption-text\">CD Um Barzinho, Um Viol\u00e3o 2. Blog de Rafael Ram\u00edrez<\/figcaption><\/figure><\/li>\n<\/ul>\n<\/li>\n<\/ul>\n<h3>Sobre la canci\u00f3n.<\/h3>\n<p><strong>\u201cNe me quitte pas\u201d<\/strong>\u00a0es una canci\u00f3n ic\u00f3nica compuesta, escrita e interpretada por el cantautor belga\u00a0<strong>Jacques Brel<\/strong>. Fue publicada en 1959 y se ha convertido en un cl\u00e1sico atemporal. Aqu\u00ed tienes algunos detalles sobre esta emotiva canci\u00f3n:<\/p>\n<ul>\n<li><strong>Significado<\/strong>: El t\u00edtulo se traduce como \u201cNo me dejes\u201d. La canci\u00f3n expresa una s\u00faplica desesperada de Brel a su amante para que no lo abandone.\u00a0Promete hacer cualquier cosa por ella, olvidar el pasado, crear un mundo nuevo, contarle historias, hacerla re\u00edr y convertirse en su sombra, su perro, su mano y su nombre.<\/li>\n<li><strong>Letra<\/strong>: La letra es apasionada y llena de im\u00e1genes po\u00e9ticas. Brel ofrece perlas de lluvia de un pa\u00eds donde nunca llueve, promete cavar la tierra para cubrir su cuerpo de oro y luz despu\u00e9s de su muerte, y se inventa palabras insensatas para expresar su amor.\u00a0La canci\u00f3n es una mezcla de desesperaci\u00f3n y esperanza.<\/li>\n<li><strong>Interpretaciones notables<\/strong>: Jacques Brel grab\u00f3 varias versiones de la canci\u00f3n. Tambi\u00e9n ha sido interpretada por otros artistas, como <strong>Nina Simone<\/strong> o Alcione, que hoy os traigo. La intensidad emocional y la melancol\u00eda de \u201cNe me quitte pas\u201d la han convertido en un cl\u00e1sico universal.<\/li>\n<\/ul>\n<p><strong>Espero te guste la canci\u00f3n e interpretaci\u00f3n de Alcione. \u00a1Disfruta de ella! Puedes dejar tus comentarios debajo del post. \u00a1Saludos musicales!\u00a0<\/strong><\/p>\n<p>M\u00e1s informaci\u00f3n:<\/p>\n<ul>\n<li><a href=\"https:\/\/es.wikipedia.org\/wiki\/Alcione_(cantante)\" target=\"_blank\" rel=\"noopener\">Sobre Alcione Wikipedia.org<\/a><\/li>\n<li><a href=\"https:\/\/pt.wikipedia.org\/wiki\/Um_Barzinho,_Um_Viol%C3%A3o_2\" target=\"_blank\" rel=\"noopener\">Sobre\u00a0\u00abUm Barzinho, Um Viol\u00e3o 2\u00bb Wikipedia.org<\/a><\/li>\n<li><a href=\"https:\/\/es.wikipedia.org\/wiki\/Ne_me_quitte_pas\" target=\"_blank\" rel=\"noopener\">Sobre la canci\u00f3n \u201cNe me quitte pas\u201d Wikipedia.org<\/a><\/li>\n<li><a href=\"https:\/\/www.google.com\/search?q=comprar+comprar+%22Um+Barzinho%2C+Um+Viol%C3%A3o+2%22\" target=\"_blank\" rel=\"noopener\">D\u00f3nde comprar \u00abUm Barzinho, Um Viol\u00e3o 2\u00bb.<\/a><\/li>\n<\/ul>\n","protected":false},"excerpt":{"rendered":"<p>Os traigo una bonita versi\u00f3n de la canci\u00f3n \u00abNe me quitte pas\u00bb de Jacques Brel interpretada por la cantante y compositora brasile\u00f1a Alcione.\u00a0 Ocurri\u00f3 durante el concierto \u00abUm Barzinho, Um Viol\u00e3o 2\u00bb. El \u00e1lbum, parte de una serie, se public\u00f3 en CD y DVD en 2004 por Som Livre y Universal Music. La serie presenta [&hellip;]<\/p>\n","protected":false},"author":1,"featured_media":5339,"comment_status":"open","ping_status":"closed","sticky":false,"template":"","format":"standard","meta":{"site-container-style":"default","site-container-layout":"default","site-sidebar-layout":"default","disable-article-header":"default","disable-site-header":"default","disable-site-footer":"default","disable-content-area-spacing":"default","_jetpack_newsletter_access":"","_jetpack_dont_email_post_to_subs":false,"_jetpack_newsletter_tier_id":0,"_jetpack_memberships_contains_paywalled_content":false,"_jetpack_feature_clip_id":0,"_jetpack_memberships_contains_paid_content":false,"footnotes":"","jetpack_publicize_message":"","jetpack_publicize_feature_enabled":true,"jetpack_social_post_already_shared":true,"jetpack_social_options":{"image_generator_settings":{"template":"highway","default_image_id":0,"font":"","enabled":false},"version":2},"jetpack_post_was_ever_published":false},"categories":[709],"tags":[2981,2996,2995,24,2988,68,73,724,235,2990,309,2515,315,2994,2993,2989,2997,2513,2991,2992,2998,572,506],"class_list":["post-5332","post","type-post","status-publish","format-standard","has-post-thumbnail","hentry","category-musica","tag-2981","tag-2996","tag-academia-brasilena-de-cultura","tag-alcione","tag-alcione-dias-nazareth","tag-blog-de-rafael-ramirez","tag-brasil","tag-historia-de-la-musica","tag-jacques-brel","tag-maranhao","tag-musica","tag-musica-recomendada","tag-ne-me-quitte-pas","tag-premio-da-musica-brasileira","tag-premio-grammy-latino","tag-sao-luis","tag-som-livre","tag-thetelevideo","tag-um-barzinho","tag-um-violao-2","tag-universal-music","tag-video-musical","tag-videoclip-musical"],"yoast_head":"<!-- This site is optimized with the Yoast SEO plugin v28.4 - https:\/\/yoast.com\/product\/yoast-seo-wordpress\/ -->\n<title>&quot;Ne me quitte pas&quot; (directo-en vivo-live): Bella interpretaci\u00f3n de la cantante brasile\u00f1a Alcione. - Blog de Rafael Ram\u00edrez<\/title>\n<meta name=\"robots\" content=\"index, follow, max-snippet:-1, max-image-preview:large, max-video-preview:-1\" \/>\n<link rel=\"canonical\" href=\"https:\/\/rafaramirez.org\/blog\/index.php\/2024\/08\/09\/ne-me-quitte-pas-alcione-directo-en-vivo-live\/\" \/>\n<meta property=\"og:locale\" content=\"es_ES\" \/>\n<meta property=\"og:type\" content=\"article\" \/>\n<meta property=\"og:title\" content=\"&quot;Ne me quitte pas&quot; (directo-en vivo-live): Bella interpretaci\u00f3n de la cantante brasile\u00f1a Alcione. - Blog de Rafael Ram\u00edrez\" \/>\n<meta property=\"og:description\" content=\"Os traigo una bonita versi\u00f3n de la canci\u00f3n \u00abNe me quitte pas\u00bb de Jacques Brel interpretada por la cantante y compositora brasile\u00f1a Alcione.\u00a0 Ocurri\u00f3 durante el concierto \u00abUm Barzinho, Um Viol\u00e3o 2\u00bb. El \u00e1lbum, parte de una serie, se public\u00f3 en CD y DVD en 2004 por Som Livre y Universal Music. La serie presenta [&hellip;]\" \/>\n<meta property=\"og:url\" content=\"https:\/\/rafaramirez.org\/blog\/index.php\/2024\/08\/09\/ne-me-quitte-pas-alcione-directo-en-vivo-live\/\" \/>\n<meta property=\"og:site_name\" content=\"Blog de Rafael Ram\u00edrez\" \/>\n<meta property=\"article:published_time\" content=\"2024-08-09T06:15:32+00:00\" \/>\n<meta property=\"og:image\" content=\"https:\/\/rafaramirez.org\/blog\/wp-content\/uploads\/2024\/08\/Ne-me-quitte-pas_Alcione_banner_logblog.jpg\" \/>\n\t<meta property=\"og:image:width\" content=\"750\" \/>\n\t<meta property=\"og:image:height\" content=\"450\" \/>\n\t<meta property=\"og:image:type\" content=\"image\/jpeg\" \/>\n<meta name=\"author\" content=\"Rafael Ram\u00edrez\" \/>\n<meta name=\"twitter:card\" content=\"summary_large_image\" \/>\n<meta name=\"twitter:creator\" content=\"@rafaramirez_ok\" \/>\n<meta name=\"twitter:site\" content=\"@rafaramirez_ok\" \/>\n<meta name=\"twitter:label1\" content=\"Escrito por\" \/>\n\t<meta name=\"twitter:data1\" content=\"Rafael Ram\u00edrez\" \/>\n\t<meta name=\"twitter:label2\" content=\"Tiempo de lectura\" \/>\n\t<meta name=\"twitter:data2\" content=\"3 minutos\" \/>\n<script type=\"application\/ld+json\" class=\"yoast-schema-graph\">{\"@context\":\"https:\\\/\\\/schema.org\",\"@graph\":[{\"@type\":\"Article\",\"@id\":\"https:\\\/\\\/rafaramirez.org\\\/blog\\\/index.php\\\/2024\\\/08\\\/09\\\/ne-me-quitte-pas-alcione-directo-en-vivo-live\\\/#article\",\"isPartOf\":{\"@id\":\"https:\\\/\\\/rafaramirez.org\\\/blog\\\/index.php\\\/2024\\\/08\\\/09\\\/ne-me-quitte-pas-alcione-directo-en-vivo-live\\\/\"},\"author\":{\"name\":\"Rafael Ram\u00edrez\",\"@id\":\"https:\\\/\\\/rafaramirez.org\\\/blog\\\/#\\\/schema\\\/person\\\/50f43b6d60c578760d4c17bda54ab6a5\"},\"headline\":\"\u00abNe me quitte pas\u00bb (directo-en vivo-live): Bella interpretaci\u00f3n de la cantante brasile\u00f1a Alcione.\",\"datePublished\":\"2024-08-09T06:15:32+00:00\",\"mainEntityOfPage\":{\"@id\":\"https:\\\/\\\/rafaramirez.org\\\/blog\\\/index.php\\\/2024\\\/08\\\/09\\\/ne-me-quitte-pas-alcione-directo-en-vivo-live\\\/\"},\"wordCount\":612,\"commentCount\":0,\"publisher\":{\"@id\":\"https:\\\/\\\/rafaramirez.org\\\/blog\\\/#\\\/schema\\\/person\\\/50f43b6d60c578760d4c17bda54ab6a5\"},\"image\":{\"@id\":\"https:\\\/\\\/rafaramirez.org\\\/blog\\\/index.php\\\/2024\\\/08\\\/09\\\/ne-me-quitte-pas-alcione-directo-en-vivo-live\\\/#primaryimage\"},\"thumbnailUrl\":\"https:\\\/\\\/rafaramirez.org\\\/blog\\\/wp-content\\\/uploads\\\/2024\\\/08\\\/Ne-me-quitte-pas_Alcione_banner_logblog.jpg\",\"keywords\":[\"1959\",\"2004\",\"Academia Brasile\u00f1a de Cultura\",\"alcione\",\"Alcione Dias Nazareth\",\"blog de Rafael Ram\u00edrez\",\"brasil\",\"historia de la m\u00fasica\",\"Jacques Brel\",\"Maranh\u00e3o\",\"M\u00fasica\",\"m\u00fasica recomendada\",\"Ne me quitte pas\",\"Pr\u00eamio da M\u00fasica Brasileira\",\"Premio Grammy Latino\",\"S\u00e3o Lu\u00eds\",\"Som Livre\",\"thetelevideo\",\"Um Barzinho\",\"Um Viol\u00e3o 2\",\"Universal Music\",\"video musical\",\"videoclip musical\"],\"articleSection\":[\"M\u00fasica\"],\"inLanguage\":\"es\",\"potentialAction\":[{\"@type\":\"CommentAction\",\"name\":\"Comment\",\"target\":[\"https:\\\/\\\/rafaramirez.org\\\/blog\\\/index.php\\\/2024\\\/08\\\/09\\\/ne-me-quitte-pas-alcione-directo-en-vivo-live\\\/#respond\"]}]},{\"@type\":\"WebPage\",\"@id\":\"https:\\\/\\\/rafaramirez.org\\\/blog\\\/index.php\\\/2024\\\/08\\\/09\\\/ne-me-quitte-pas-alcione-directo-en-vivo-live\\\/\",\"url\":\"https:\\\/\\\/rafaramirez.org\\\/blog\\\/index.php\\\/2024\\\/08\\\/09\\\/ne-me-quitte-pas-alcione-directo-en-vivo-live\\\/\",\"name\":\"\\\"Ne me quitte pas\\\" (directo-en vivo-live): Bella interpretaci\u00f3n de la cantante brasile\u00f1a Alcione. - Blog de Rafael Ram\u00edrez\",\"isPartOf\":{\"@id\":\"https:\\\/\\\/rafaramirez.org\\\/blog\\\/#website\"},\"primaryImageOfPage\":{\"@id\":\"https:\\\/\\\/rafaramirez.org\\\/blog\\\/index.php\\\/2024\\\/08\\\/09\\\/ne-me-quitte-pas-alcione-directo-en-vivo-live\\\/#primaryimage\"},\"image\":{\"@id\":\"https:\\\/\\\/rafaramirez.org\\\/blog\\\/index.php\\\/2024\\\/08\\\/09\\\/ne-me-quitte-pas-alcione-directo-en-vivo-live\\\/#primaryimage\"},\"thumbnailUrl\":\"https:\\\/\\\/rafaramirez.org\\\/blog\\\/wp-content\\\/uploads\\\/2024\\\/08\\\/Ne-me-quitte-pas_Alcione_banner_logblog.jpg\",\"datePublished\":\"2024-08-09T06:15:32+00:00\",\"breadcrumb\":{\"@id\":\"https:\\\/\\\/rafaramirez.org\\\/blog\\\/index.php\\\/2024\\\/08\\\/09\\\/ne-me-quitte-pas-alcione-directo-en-vivo-live\\\/#breadcrumb\"},\"inLanguage\":\"es\",\"potentialAction\":[{\"@type\":\"ReadAction\",\"target\":[\"https:\\\/\\\/rafaramirez.org\\\/blog\\\/index.php\\\/2024\\\/08\\\/09\\\/ne-me-quitte-pas-alcione-directo-en-vivo-live\\\/\"]}]},{\"@type\":\"ImageObject\",\"inLanguage\":\"es\",\"@id\":\"https:\\\/\\\/rafaramirez.org\\\/blog\\\/index.php\\\/2024\\\/08\\\/09\\\/ne-me-quitte-pas-alcione-directo-en-vivo-live\\\/#primaryimage\",\"url\":\"https:\\\/\\\/rafaramirez.org\\\/blog\\\/wp-content\\\/uploads\\\/2024\\\/08\\\/Ne-me-quitte-pas_Alcione_banner_logblog.jpg\",\"contentUrl\":\"https:\\\/\\\/rafaramirez.org\\\/blog\\\/wp-content\\\/uploads\\\/2024\\\/08\\\/Ne-me-quitte-pas_Alcione_banner_logblog.jpg\",\"width\":750,\"height\":450,\"caption\":\"\\\"Ne me quitte pas\\\" Alcione en directo. Blog de Rafael Ram\u00edrez.\"},{\"@type\":\"BreadcrumbList\",\"@id\":\"https:\\\/\\\/rafaramirez.org\\\/blog\\\/index.php\\\/2024\\\/08\\\/09\\\/ne-me-quitte-pas-alcione-directo-en-vivo-live\\\/#breadcrumb\",\"itemListElement\":[{\"@type\":\"ListItem\",\"position\":1,\"name\":\"Portada\",\"item\":\"https:\\\/\\\/rafaramirez.org\\\/blog\\\/\"},{\"@type\":\"ListItem\",\"position\":2,\"name\":\"\u00abNe me quitte pas\u00bb (directo-en vivo-live): Bella interpretaci\u00f3n de la cantante brasile\u00f1a Alcione.\"}]},{\"@type\":\"WebSite\",\"@id\":\"https:\\\/\\\/rafaramirez.org\\\/blog\\\/#website\",\"url\":\"https:\\\/\\\/rafaramirez.org\\\/blog\\\/\",\"name\":\"Blog de Rafael Ram\u00edrez\",\"description\":\"Un sitio social, de arte y cultura\",\"publisher\":{\"@id\":\"https:\\\/\\\/rafaramirez.org\\\/blog\\\/#\\\/schema\\\/person\\\/50f43b6d60c578760d4c17bda54ab6a5\"},\"potentialAction\":[{\"@type\":\"SearchAction\",\"target\":{\"@type\":\"EntryPoint\",\"urlTemplate\":\"https:\\\/\\\/rafaramirez.org\\\/blog\\\/?s={search_term_string}\"},\"query-input\":{\"@type\":\"PropertyValueSpecification\",\"valueRequired\":true,\"valueName\":\"search_term_string\"}}],\"inLanguage\":\"es\"},{\"@type\":[\"Person\",\"Organization\"],\"@id\":\"https:\\\/\\\/rafaramirez.org\\\/blog\\\/#\\\/schema\\\/person\\\/50f43b6d60c578760d4c17bda54ab6a5\",\"name\":\"Rafael Ram\u00edrez\",\"image\":{\"@type\":\"ImageObject\",\"inLanguage\":\"es\",\"@id\":\"https:\\\/\\\/rafaramirez.org\\\/blog\\\/wp-content\\\/uploads\\\/2024\\\/09\\\/RR_socialnetwork.jpg\",\"url\":\"https:\\\/\\\/rafaramirez.org\\\/blog\\\/wp-content\\\/uploads\\\/2024\\\/09\\\/RR_socialnetwork.jpg\",\"contentUrl\":\"https:\\\/\\\/rafaramirez.org\\\/blog\\\/wp-content\\\/uploads\\\/2024\\\/09\\\/RR_socialnetwork.jpg\",\"width\":600,\"height\":606,\"caption\":\"Rafael Ram\u00edrez\"},\"logo\":{\"@id\":\"https:\\\/\\\/rafaramirez.org\\\/blog\\\/wp-content\\\/uploads\\\/2024\\\/09\\\/RR_socialnetwork.jpg\"},\"sameAs\":[\"https:\\\/\\\/www.rafaramirez.org\\\/blog\",\"https:\\\/\\\/www.instagram.com\\\/rafaramirez_ok\\\/\",\"https:\\\/\\\/es.pinterest.com\\\/Ramirez_Rafa\\\/\",\"https:\\\/\\\/x.com\\\/rafaramirez_ok\"],\"url\":\"https:\\\/\\\/rafaramirez.org\\\/blog\\\/index.php\\\/author\\\/rafaell_qm6j97da\\\/\"}]}<\/script>\n<!-- \/ Yoast SEO plugin. -->","yoast_head_json":{"title":"\"Ne me quitte pas\" (directo-en vivo-live): Bella interpretaci\u00f3n de la cantante brasile\u00f1a Alcione. - Blog de Rafael Ram\u00edrez","robots":{"index":"index","follow":"follow","max-snippet":"max-snippet:-1","max-image-preview":"max-image-preview:large","max-video-preview":"max-video-preview:-1"},"canonical":"https:\/\/rafaramirez.org\/blog\/index.php\/2024\/08\/09\/ne-me-quitte-pas-alcione-directo-en-vivo-live\/","og_locale":"es_ES","og_type":"article","og_title":"\"Ne me quitte pas\" (directo-en vivo-live): Bella interpretaci\u00f3n de la cantante brasile\u00f1a Alcione. - Blog de Rafael Ram\u00edrez","og_description":"Os traigo una bonita versi\u00f3n de la canci\u00f3n \u00abNe me quitte pas\u00bb de Jacques Brel interpretada por la cantante y compositora brasile\u00f1a Alcione.\u00a0 Ocurri\u00f3 durante el concierto \u00abUm Barzinho, Um Viol\u00e3o 2\u00bb. El \u00e1lbum, parte de una serie, se public\u00f3 en CD y DVD en 2004 por Som Livre y Universal Music. La serie presenta [&hellip;]","og_url":"https:\/\/rafaramirez.org\/blog\/index.php\/2024\/08\/09\/ne-me-quitte-pas-alcione-directo-en-vivo-live\/","og_site_name":"Blog de Rafael Ram\u00edrez","article_published_time":"2024-08-09T06:15:32+00:00","og_image":[{"width":750,"height":450,"url":"https:\/\/rafaramirez.org\/blog\/wp-content\/uploads\/2024\/08\/Ne-me-quitte-pas_Alcione_banner_logblog.jpg","type":"image\/jpeg"}],"author":"Rafael Ram\u00edrez","twitter_card":"summary_large_image","twitter_creator":"@rafaramirez_ok","twitter_site":"@rafaramirez_ok","twitter_misc":{"Escrito por":"Rafael Ram\u00edrez","Tiempo de lectura":"3 minutos"},"schema":{"@context":"https:\/\/schema.org","@graph":[{"@type":"Article","@id":"https:\/\/rafaramirez.org\/blog\/index.php\/2024\/08\/09\/ne-me-quitte-pas-alcione-directo-en-vivo-live\/#article","isPartOf":{"@id":"https:\/\/rafaramirez.org\/blog\/index.php\/2024\/08\/09\/ne-me-quitte-pas-alcione-directo-en-vivo-live\/"},"author":{"name":"Rafael Ram\u00edrez","@id":"https:\/\/rafaramirez.org\/blog\/#\/schema\/person\/50f43b6d60c578760d4c17bda54ab6a5"},"headline":"\u00abNe me quitte pas\u00bb (directo-en vivo-live): Bella interpretaci\u00f3n de la cantante brasile\u00f1a Alcione.","datePublished":"2024-08-09T06:15:32+00:00","mainEntityOfPage":{"@id":"https:\/\/rafaramirez.org\/blog\/index.php\/2024\/08\/09\/ne-me-quitte-pas-alcione-directo-en-vivo-live\/"},"wordCount":612,"commentCount":0,"publisher":{"@id":"https:\/\/rafaramirez.org\/blog\/#\/schema\/person\/50f43b6d60c578760d4c17bda54ab6a5"},"image":{"@id":"https:\/\/rafaramirez.org\/blog\/index.php\/2024\/08\/09\/ne-me-quitte-pas-alcione-directo-en-vivo-live\/#primaryimage"},"thumbnailUrl":"https:\/\/rafaramirez.org\/blog\/wp-content\/uploads\/2024\/08\/Ne-me-quitte-pas_Alcione_banner_logblog.jpg","keywords":["1959","2004","Academia Brasile\u00f1a de Cultura","alcione","Alcione Dias Nazareth","blog de Rafael Ram\u00edrez","brasil","historia de la m\u00fasica","Jacques Brel","Maranh\u00e3o","M\u00fasica","m\u00fasica recomendada","Ne me quitte pas","Pr\u00eamio da M\u00fasica Brasileira","Premio Grammy Latino","S\u00e3o Lu\u00eds","Som Livre","thetelevideo","Um Barzinho","Um Viol\u00e3o 2","Universal Music","video musical","videoclip musical"],"articleSection":["M\u00fasica"],"inLanguage":"es","potentialAction":[{"@type":"CommentAction","name":"Comment","target":["https:\/\/rafaramirez.org\/blog\/index.php\/2024\/08\/09\/ne-me-quitte-pas-alcione-directo-en-vivo-live\/#respond"]}]},{"@type":"WebPage","@id":"https:\/\/rafaramirez.org\/blog\/index.php\/2024\/08\/09\/ne-me-quitte-pas-alcione-directo-en-vivo-live\/","url":"https:\/\/rafaramirez.org\/blog\/index.php\/2024\/08\/09\/ne-me-quitte-pas-alcione-directo-en-vivo-live\/","name":"\"Ne me quitte pas\" (directo-en vivo-live): Bella interpretaci\u00f3n de la cantante brasile\u00f1a Alcione. - Blog de Rafael Ram\u00edrez","isPartOf":{"@id":"https:\/\/rafaramirez.org\/blog\/#website"},"primaryImageOfPage":{"@id":"https:\/\/rafaramirez.org\/blog\/index.php\/2024\/08\/09\/ne-me-quitte-pas-alcione-directo-en-vivo-live\/#primaryimage"},"image":{"@id":"https:\/\/rafaramirez.org\/blog\/index.php\/2024\/08\/09\/ne-me-quitte-pas-alcione-directo-en-vivo-live\/#primaryimage"},"thumbnailUrl":"https:\/\/rafaramirez.org\/blog\/wp-content\/uploads\/2024\/08\/Ne-me-quitte-pas_Alcione_banner_logblog.jpg","datePublished":"2024-08-09T06:15:32+00:00","breadcrumb":{"@id":"https:\/\/rafaramirez.org\/blog\/index.php\/2024\/08\/09\/ne-me-quitte-pas-alcione-directo-en-vivo-live\/#breadcrumb"},"inLanguage":"es","potentialAction":[{"@type":"ReadAction","target":["https:\/\/rafaramirez.org\/blog\/index.php\/2024\/08\/09\/ne-me-quitte-pas-alcione-directo-en-vivo-live\/"]}]},{"@type":"ImageObject","inLanguage":"es","@id":"https:\/\/rafaramirez.org\/blog\/index.php\/2024\/08\/09\/ne-me-quitte-pas-alcione-directo-en-vivo-live\/#primaryimage","url":"https:\/\/rafaramirez.org\/blog\/wp-content\/uploads\/2024\/08\/Ne-me-quitte-pas_Alcione_banner_logblog.jpg","contentUrl":"https:\/\/rafaramirez.org\/blog\/wp-content\/uploads\/2024\/08\/Ne-me-quitte-pas_Alcione_banner_logblog.jpg","width":750,"height":450,"caption":"\"Ne me quitte pas\" Alcione en directo. Blog de Rafael Ram\u00edrez."},{"@type":"BreadcrumbList","@id":"https:\/\/rafaramirez.org\/blog\/index.php\/2024\/08\/09\/ne-me-quitte-pas-alcione-directo-en-vivo-live\/#breadcrumb","itemListElement":[{"@type":"ListItem","position":1,"name":"Portada","item":"https:\/\/rafaramirez.org\/blog\/"},{"@type":"ListItem","position":2,"name":"\u00abNe me quitte pas\u00bb (directo-en vivo-live): Bella interpretaci\u00f3n de la cantante brasile\u00f1a Alcione."}]},{"@type":"WebSite","@id":"https:\/\/rafaramirez.org\/blog\/#website","url":"https:\/\/rafaramirez.org\/blog\/","name":"Blog de Rafael Ram\u00edrez","description":"Un sitio social, de arte y cultura","publisher":{"@id":"https:\/\/rafaramirez.org\/blog\/#\/schema\/person\/50f43b6d60c578760d4c17bda54ab6a5"},"potentialAction":[{"@type":"SearchAction","target":{"@type":"EntryPoint","urlTemplate":"https:\/\/rafaramirez.org\/blog\/?s={search_term_string}"},"query-input":{"@type":"PropertyValueSpecification","valueRequired":true,"valueName":"search_term_string"}}],"inLanguage":"es"},{"@type":["Person","Organization"],"@id":"https:\/\/rafaramirez.org\/blog\/#\/schema\/person\/50f43b6d60c578760d4c17bda54ab6a5","name":"Rafael Ram\u00edrez","image":{"@type":"ImageObject","inLanguage":"es","@id":"https:\/\/rafaramirez.org\/blog\/wp-content\/uploads\/2024\/09\/RR_socialnetwork.jpg","url":"https:\/\/rafaramirez.org\/blog\/wp-content\/uploads\/2024\/09\/RR_socialnetwork.jpg","contentUrl":"https:\/\/rafaramirez.org\/blog\/wp-content\/uploads\/2024\/09\/RR_socialnetwork.jpg","width":600,"height":606,"caption":"Rafael Ram\u00edrez"},"logo":{"@id":"https:\/\/rafaramirez.org\/blog\/wp-content\/uploads\/2024\/09\/RR_socialnetwork.jpg"},"sameAs":["https:\/\/www.rafaramirez.org\/blog","https:\/\/www.instagram.com\/rafaramirez_ok\/","https:\/\/es.pinterest.com\/Ramirez_Rafa\/","https:\/\/x.com\/rafaramirez_ok"],"url":"https:\/\/rafaramirez.org\/blog\/index.php\/author\/rafaell_qm6j97da\/"}]}},"jetpack_publicize_connections":[],"jetpack_sharing_enabled":true,"jetpack_likes_enabled":true,"jetpack_featured_media_url":"https:\/\/rafaramirez.org\/blog\/wp-content\/uploads\/2024\/08\/Ne-me-quitte-pas_Alcione_banner_logblog.jpg","_links":{"self":[{"href":"https:\/\/rafaramirez.org\/blog\/index.php\/wp-json\/wp\/v2\/posts\/5332","targetHints":{"allow":["GET"]}}],"collection":[{"href":"https:\/\/rafaramirez.org\/blog\/index.php\/wp-json\/wp\/v2\/posts"}],"about":[{"href":"https:\/\/rafaramirez.org\/blog\/index.php\/wp-json\/wp\/v2\/types\/post"}],"author":[{"embeddable":true,"href":"https:\/\/rafaramirez.org\/blog\/index.php\/wp-json\/wp\/v2\/users\/1"}],"replies":[{"embeddable":true,"href":"https:\/\/rafaramirez.org\/blog\/index.php\/wp-json\/wp\/v2\/comments?post=5332"}],"version-history":[{"count":8,"href":"https:\/\/rafaramirez.org\/blog\/index.php\/wp-json\/wp\/v2\/posts\/5332\/revisions"}],"predecessor-version":[{"id":5342,"href":"https:\/\/rafaramirez.org\/blog\/index.php\/wp-json\/wp\/v2\/posts\/5332\/revisions\/5342"}],"wp:featuredmedia":[{"embeddable":true,"href":"https:\/\/rafaramirez.org\/blog\/index.php\/wp-json\/wp\/v2\/media\/5339"}],"wp:attachment":[{"href":"https:\/\/rafaramirez.org\/blog\/index.php\/wp-json\/wp\/v2\/media?parent=5332"}],"wp:term":[{"taxonomy":"category","embeddable":true,"href":"https:\/\/rafaramirez.org\/blog\/index.php\/wp-json\/wp\/v2\/categories?post=5332"},{"taxonomy":"post_tag","embeddable":true,"href":"https:\/\/rafaramirez.org\/blog\/index.php\/wp-json\/wp\/v2\/tags?post=5332"}],"curies":[{"name":"wp","href":"https:\/\/api.w.org\/{rel}","templated":true}]}}