{"id":5267,"date":"2024-08-01T08:15:53","date_gmt":"2024-08-01T06:15:53","guid":{"rendered":"https:\/\/rafaramirez.org\/blog\/?p=5267"},"modified":"2024-07-13T18:10:02","modified_gmt":"2024-07-13T16:10:02","slug":"5267","status":"publish","type":"post","link":"https:\/\/rafaramirez.org\/blog\/index.php\/2024\/08\/01\/5267\/","title":{"rendered":"D\u00eda de la Pachamama: un d\u00eda para honrar y agradecer a la Madre Tierra desde tiempos ancestrales."},"content":{"rendered":"<p>El\u00a0<strong>D\u00eda de la Pachamama<\/strong>, tambi\u00e9n conocido como\u00a0<strong>Pachamama Raymi<\/strong>, se celebra cada 1 de agosto en honor a la divinidad andina Pachamama, o Madre Tierra.\u00a0Esta festividad es especialmente importante en las comunidades quechua y aimara de los Andes en pa\u00edses como Argentina, Bolivia, Colombia, Chile, Ecuador y Per\u00fa.<\/p>\n<p>La celebraci\u00f3n tiene sus ra\u00edces en tiempos ancestrales, mucho antes de la llegada de los europeos a Am\u00e9rica. Durante este d\u00eda, las comunidades realizan rituales de ofrenda para agradecer a la Pachamama por su generosidad y abundancia. Estos rituales incluyen la preparaci\u00f3n de \u201cdespachos\u201d o ofrendas que contienen alimentos, bebidas, flores, hojas de coca y otros elementos simb\u00f3licos.<\/p>\n<p>El principio de reciprocidad, conocido como\u00a0<strong>ayni<\/strong>, es fundamental en estas ceremonias.\u00a0Las personas devuelven a la tierra una parte de lo que han recibido durante el a\u00f1o para mantener el equilibrio entre los humanos y la naturaleza.\u00a0Las ofrendas se entierran o se incineran, dependiendo de la tradici\u00f3n espec\u00edfica de cada comunidad.<\/p>\n<h3>Historia.<\/h3>\n<p>La\u00a0<strong>Pachamama<\/strong>\u00a0es una deidad andina que representa a la Madre Tierra y es venerada por los pueblos originarios de los Andes.\u00a0Su nombre proviene del quechua, donde \u201cpacha\u201d significa mundo, universo o tiempo, y \u201cmama\u201d significa madre.<\/p>\n<p>El culto a la Pachamama tiene sus ra\u00edces en las culturas preincaicas y ha sido una figura central en la cosmovisi\u00f3n andina durante siglos.\u00a0Se cree que la Pachamama es responsable de la fertilidad de la tierra y de la provisi\u00f3n de alimentos y protecci\u00f3n para las comunidades. Esta deidad es vista como una madre generosa que nutre y cuida de todos los seres vivos.<\/p>\n<p>A pesar de la llegada de los conquistadores espa\u00f1oles y la imposici\u00f3n del catolicismo, la veneraci\u00f3n a la Pachamama ha perdurado gracias al sincretismo religioso, donde la figura de la Virgen Mar\u00eda se asoci\u00f3 a la de la Pachamama para muchos ind\u00edgenas.<\/p>\n<figure id=\"attachment_5278\" aria-describedby=\"caption-attachment-5278\" style=\"width: 300px\" class=\"wp-caption aligncenter\"><a href=\"https:\/\/rafaramirez.org\/blog\/wp-content\/uploads\/2024\/08\/Dia-de-la-Pachamama_1.jpg\" target=\"_blank\" rel=\"noopener\"><img loading=\"lazy\" decoding=\"async\" class=\"wp-image-5278 size-medium\" src=\"https:\/\/rafaramirez.org\/blog\/wp-content\/uploads\/2024\/08\/Dia-de-la-Pachamama_1-300x232.jpg\" alt=\"D\u00eda de la Pachamama. Blog de Rafael Ram\u00edrez.\" width=\"300\" height=\"232\" srcset=\"https:\/\/rafaramirez.org\/blog\/wp-content\/uploads\/2024\/08\/Dia-de-la-Pachamama_1-300x232.jpg 300w, https:\/\/rafaramirez.org\/blog\/wp-content\/uploads\/2024\/08\/Dia-de-la-Pachamama_1.jpg 500w\" sizes=\"auto, (max-width: 300px) 100vw, 300px\" \/><\/a><figcaption id=\"caption-attachment-5278\" class=\"wp-caption-text\">D\u00eda de la Pachamama. Blog de Rafael Ram\u00edrez.<\/figcaption><\/figure>\n<h3>Rituales.<\/h3>\n<p>Los rituales dedicados a la Pachamama son una parte esencial de la cultura andina y se llevan a cabo con el objetivo de agradecer y pedir protecci\u00f3n a la Madre Tierra. Aqu\u00ed te explico algunos de los rituales m\u00e1s comunes:<\/p>\n<ol>\n<li><strong>Ofrendas o \u201cdespachos\u201d<\/strong>: Estos son paquetes que contienen una variedad de elementos simb\u00f3licos como alimentos (ma\u00edz, papas, hojas de coca), bebidas (chicha, vino), flores y objetos sagrados.\u00a0Las ofrendas se entierran en la tierra o se queman como un acto de reciprocidad y agradecimiento.<\/li>\n<li><strong>Ca\u00f1a con ruda<\/strong>: En algunas regiones, especialmente en el norte de Argentina, es tradicional beber ca\u00f1a con ruda el 1 de agosto.\u00a0Se cree que esta bebida ayuda a proteger contra enfermedades y malas energ\u00edas.<\/li>\n<li><strong>Ceremonias comunitarias<\/strong>: Las comunidades se re\u00fanen para realizar ceremonias que incluyen m\u00fasica, danzas y rezos.\u00a0Estas ceremonias refuerzan el sentido de comunidad y la conexi\u00f3n con la naturaleza.<\/li>\n<li><strong>Entierro simb\u00f3lico<\/strong>: Durante las ceremonias, se realiza el entierro simb\u00f3lico de las ofrendas en la tierra.\u00a0Este acto representa la devoluci\u00f3n a la Pachamama de una parte de lo que se ha recibido durante el a\u00f1o.<\/li>\n<\/ol>\n<p>Estos rituales no solo son una forma de honrar a la Pachamama, sino tambi\u00e9n de mantener viva una tradici\u00f3n ancestral que promueve el respeto y la armon\u00eda con la naturaleza.<\/p>\n<h3>Celebraci\u00f3n en los diferentes pa\u00edses andinos.<\/h3>\n<p>La celebraci\u00f3n del D\u00eda de la Pachamama var\u00eda ligeramente entre los diferentes pa\u00edses andinos, pero todos comparten el mismo objetivo de honrar y agradecer a la Madre Tierra. Aqu\u00ed te explico c\u00f3mo se celebra en algunos de estos pa\u00edses:<\/p>\n<h3><strong>Argentina<\/strong><\/h3>\n<p>En las provincias del noroeste, como Jujuy y Salta, las comunidades realizan ofrendas que incluyen comida cocinada, bebidas alcoh\u00f3licas, vino, cigarrillos y chicha.\u00a0Estas ofrendas se colocan en una olla de barro que luego se entierra.\u00a0Adem\u00e1s, es com\u00fan beber ca\u00f1a con ruda el 1 de agosto para protegerse de enfermedades y malas energ\u00edas.<\/p>\n<h3><strong>Bolivia<\/strong><\/h3>\n<p>En Bolivia, los rituales aimara incluyen la participaci\u00f3n de yatiris (chamanes) que dirigen las ceremonias. Las ofrendas suelen incluir mesas dulces, comida, hojas de coca y sangre de llama.\u00a0Estas ofrendas se incineran como un acto de agradecimiento y reciprocidad.<\/p>\n<h3><strong>Per\u00fa<\/strong><\/h3>\n<p>En Per\u00fa, especialmente en la regi\u00f3n de Cusco, se realizan ofrendas conocidas como \u201cdespachos\u201d que contienen alimentos, hojas de coca, flores y otros elementos simb\u00f3licos.\u00a0Las ceremonias son dirigidas por los l\u00edderes comunitarios y suelen incluir m\u00fasica, danzas y rezos.<\/p>\n<h3><strong>Ecuador<\/strong><\/h3>\n<p>En Ecuador, las comunidades ind\u00edgenas tambi\u00e9n celebran con ofrendas de alimentos, bebidas y hojas de coca.\u00a0Las ceremonias incluyen danzas tradicionales y m\u00fasica, y se realizan en lugares sagrados como monta\u00f1as y r\u00edos.<\/p>\n<h3><strong>Chile<\/strong><\/h3>\n<p>En el norte de Chile, las comunidades aimara y quechua realizan ofrendas similares, enterrando alimentos y otros elementos en la tierra.\u00a0Las ceremonias incluyen rezos y cantos para agradecer a la Pachamama por su generosidad.<\/p>\n<figure id=\"attachment_5279\" aria-describedby=\"caption-attachment-5279\" style=\"width: 300px\" class=\"wp-caption aligncenter\"><a href=\"https:\/\/rafaramirez.org\/blog\/wp-content\/uploads\/2024\/08\/Dia-de-la-Pachamama_2.jpg\" target=\"_blank\" rel=\"noopener\"><img loading=\"lazy\" decoding=\"async\" class=\"wp-image-5279 size-medium\" src=\"https:\/\/rafaramirez.org\/blog\/wp-content\/uploads\/2024\/08\/Dia-de-la-Pachamama_2-300x207.jpg\" alt=\"D\u00eda de la Pachamama. Blog de Rafael Ram\u00edrez.\" width=\"300\" height=\"207\" srcset=\"https:\/\/rafaramirez.org\/blog\/wp-content\/uploads\/2024\/08\/Dia-de-la-Pachamama_2-300x207.jpg 300w, https:\/\/rafaramirez.org\/blog\/wp-content\/uploads\/2024\/08\/Dia-de-la-Pachamama_2.jpg 653w\" sizes=\"auto, (max-width: 300px) 100vw, 300px\" \/><\/a><figcaption id=\"caption-attachment-5279\" class=\"wp-caption-text\">D\u00eda de la Pachamama. Blog de Rafael Ram\u00edrez.<\/figcaption><\/figure>\n<p><strong>Estas celebraciones no solo son una forma de honrar a la Pachamama, sino tambi\u00e9n de mantener vivas las tradiciones ancestrales y fortalecer el sentido de comunidad y conexi\u00f3n con la naturaleza. Como siempre puedes dejar tus comentarios debajo del post. \u00a1Saludos!<\/strong><\/p>\n<p>M\u00e1s informaci\u00f3n:<\/p>\n<ul>\n<li><a href=\"https:\/\/es.wikipedia.org\/wiki\/D%C3%ADa_de_la_Pachamama\" target=\"_blank\" rel=\"noopener\">Wikipedia.org<\/a><\/li>\n<li><a href=\"https:\/\/www.nationalgeographic.com.es\/medio-ambiente\/dia-pachamama-homenaje-tierra_20484\" target=\"_blank\" rel=\"noopener\">National Geographic.com<\/a><\/li>\n<li><a href=\"https:\/\/elcomercio.pe\/respuestas\/dia-de-la-pachamama-que-es-y-por-que-se-celebra-el-1-de-agosto-de-cada-ano-revtli-tdex-noticia\/\" target=\"_blank\" rel=\"noopener\">El Comercio.pe<\/a><\/li>\n<li><a href=\"https:\/\/laverdaderahistoriade.com\/pachamama\/\" target=\"_blank\" rel=\"noopener\">La verdadera historia de.com<\/a><\/li>\n<li><a href=\"https:\/\/www.cronista.com\/informacion-gral\/dia-de-la-pachamama-los-3-rituales-que-debes-hacer-para-tener-salud-y-prosperidad-ademas-de-tomar-cana-con-ruda\/\" target=\"_blank\" rel=\"noopener\">Cronista.com<\/a><\/li>\n<li><a href=\"https:\/\/planetaholistico.com\/2020\/07\/31\/dia-de-la-pachamama-nuestra-madre-tierra-significados-profecia-rituales-y-ofrendas-para-celebrar-este-1-de-agosto\/\" target=\"_blank\" rel=\"noopener\">Planeta hol\u00edstico.com<\/a><\/li>\n<li><a href=\"https:\/\/www.cultura.gob.ar\/celebracion-de-la-pachamama-la-cultura-de-ser-parte-de-un-todo-9312\/\" target=\"_blank\" rel=\"noopener\">Cultura gob.ar<\/a><\/li>\n<\/ul>\n","protected":false},"excerpt":{"rendered":"<p>El\u00a0D\u00eda de la Pachamama, tambi\u00e9n conocido como\u00a0Pachamama Raymi, se celebra cada 1 de agosto en honor a la divinidad andina Pachamama, o Madre Tierra.\u00a0Esta festividad es especialmente importante en las comunidades quechua y aimara de los Andes en pa\u00edses como Argentina, Bolivia, Colombia, Chile, Ecuador y Per\u00fa. La celebraci\u00f3n tiene sus ra\u00edces en tiempos ancestrales, [&hellip;]<\/p>\n","protected":false},"author":1,"featured_media":5277,"comment_status":"open","ping_status":"closed","sticky":false,"template":"","format":"standard","meta":{"site-container-style":"default","site-container-layout":"default","site-sidebar-layout":"default","disable-article-header":"default","disable-site-header":"default","disable-site-footer":"default","disable-content-area-spacing":"default","_jetpack_newsletter_access":"","_jetpack_dont_email_post_to_subs":false,"_jetpack_newsletter_tier_id":0,"_jetpack_memberships_contains_paywalled_content":false,"_jetpack_feature_clip_id":0,"_jetpack_memberships_contains_paid_content":false,"footnotes":"","jetpack_publicize_message":"","jetpack_publicize_feature_enabled":true,"jetpack_social_post_already_shared":true,"jetpack_social_options":{"image_generator_settings":{"template":"highway","default_image_id":0,"font":"","enabled":false},"version":2},"jetpack_post_was_ever_published":false},"categories":[1291],"tags":[2909,2893,2891,2890,1332,2911,2898,2894,68,70,2908,2902,2904,2125,1820,2889,2901,2469,2885,2887,1821,1323,2897,2895,2896,2903,2888,2906,2899,309,2886,2907,362,2910,2892,2900,2905,1908],"class_list":["post-5267","post","type-post","status-publish","format-standard","has-post-thumbnail","hentry","category-efemerides","tag-1-de-agosto","tag-alimentos","tag-america","tag-andes","tag-argentina","tag-armonia-con-la-naturaleza","tag-ayni","tag-bebidas","tag-blog-de-rafael-ramirez","tag-bolivia","tag-cana-con-ruda","tag-catolicismo","tag-chicha","tag-chile","tag-colombia","tag-comunidades-quechua-y-aimara","tag-conquistadores-espanoles","tag-danzas","tag-dia-de-la-pachamama","tag-divinidad-andina","tag-ecuador","tag-efemerides","tag-elementos-simbolicos","tag-flores","tag-hojas-de-coca","tag-indigenas","tag-madre-tierra","tag-maiz","tag-mundo","tag-musica","tag-pachamama-raymi","tag-papas","tag-peru","tag-rezos","tag-rituales","tag-universo-o-tiempo","tag-vino","tag-virgen-maria"],"yoast_head":"<!-- This site is optimized with the Yoast SEO plugin v28.4 - https:\/\/yoast.com\/product\/yoast-seo-wordpress\/ -->\n<title>D\u00eda de la Pachamama: un d\u00eda para honrar y agradecer a la Madre Tierra desde tiempos ancestrales. - Blog de Rafael Ram\u00edrez<\/title>\n<meta name=\"robots\" content=\"index, follow, max-snippet:-1, max-image-preview:large, max-video-preview:-1\" \/>\n<link rel=\"canonical\" href=\"https:\/\/rafaramirez.org\/blog\/index.php\/2024\/08\/01\/5267\/\" \/>\n<meta property=\"og:locale\" content=\"es_ES\" \/>\n<meta property=\"og:type\" content=\"article\" \/>\n<meta property=\"og:title\" content=\"D\u00eda de la Pachamama: un d\u00eda para honrar y agradecer a la Madre Tierra desde tiempos ancestrales. - Blog de Rafael Ram\u00edrez\" \/>\n<meta property=\"og:description\" content=\"El\u00a0D\u00eda de la Pachamama, tambi\u00e9n conocido como\u00a0Pachamama Raymi, se celebra cada 1 de agosto en honor a la divinidad andina Pachamama, o Madre Tierra.\u00a0Esta festividad es especialmente importante en las comunidades quechua y aimara de los Andes en pa\u00edses como Argentina, Bolivia, Colombia, Chile, Ecuador y Per\u00fa. La celebraci\u00f3n tiene sus ra\u00edces en tiempos ancestrales, [&hellip;]\" \/>\n<meta property=\"og:url\" content=\"https:\/\/rafaramirez.org\/blog\/index.php\/2024\/08\/01\/5267\/\" \/>\n<meta property=\"og:site_name\" content=\"Blog de Rafael Ram\u00edrez\" \/>\n<meta property=\"article:published_time\" content=\"2024-08-01T06:15:53+00:00\" \/>\n<meta property=\"og:image\" content=\"https:\/\/rafaramirez.org\/blog\/wp-content\/uploads\/2024\/08\/Dia-de-la-Pachamama_3.jpg\" \/>\n\t<meta property=\"og:image:width\" content=\"750\" \/>\n\t<meta property=\"og:image:height\" content=\"422\" \/>\n\t<meta property=\"og:image:type\" content=\"image\/jpeg\" \/>\n<meta name=\"author\" content=\"Rafael Ram\u00edrez\" \/>\n<meta name=\"twitter:card\" content=\"summary_large_image\" \/>\n<meta name=\"twitter:creator\" content=\"@rafaramirez_ok\" \/>\n<meta name=\"twitter:site\" content=\"@rafaramirez_ok\" \/>\n<meta name=\"twitter:label1\" content=\"Escrito por\" \/>\n\t<meta name=\"twitter:data1\" content=\"Rafael Ram\u00edrez\" \/>\n\t<meta name=\"twitter:label2\" content=\"Tiempo de lectura\" \/>\n\t<meta name=\"twitter:data2\" content=\"5 minutos\" \/>\n<script type=\"application\/ld+json\" class=\"yoast-schema-graph\">{\"@context\":\"https:\\\/\\\/schema.org\",\"@graph\":[{\"@type\":\"Article\",\"@id\":\"https:\\\/\\\/rafaramirez.org\\\/blog\\\/index.php\\\/2024\\\/08\\\/01\\\/5267\\\/#article\",\"isPartOf\":{\"@id\":\"https:\\\/\\\/rafaramirez.org\\\/blog\\\/index.php\\\/2024\\\/08\\\/01\\\/5267\\\/\"},\"author\":{\"name\":\"Rafael Ram\u00edrez\",\"@id\":\"https:\\\/\\\/rafaramirez.org\\\/blog\\\/#\\\/schema\\\/person\\\/50f43b6d60c578760d4c17bda54ab6a5\"},\"headline\":\"D\u00eda de la Pachamama: un d\u00eda para honrar y agradecer a la Madre Tierra desde tiempos ancestrales.\",\"datePublished\":\"2024-08-01T06:15:53+00:00\",\"mainEntityOfPage\":{\"@id\":\"https:\\\/\\\/rafaramirez.org\\\/blog\\\/index.php\\\/2024\\\/08\\\/01\\\/5267\\\/\"},\"wordCount\":953,\"commentCount\":0,\"publisher\":{\"@id\":\"https:\\\/\\\/rafaramirez.org\\\/blog\\\/#\\\/schema\\\/person\\\/50f43b6d60c578760d4c17bda54ab6a5\"},\"image\":{\"@id\":\"https:\\\/\\\/rafaramirez.org\\\/blog\\\/index.php\\\/2024\\\/08\\\/01\\\/5267\\\/#primaryimage\"},\"thumbnailUrl\":\"https:\\\/\\\/rafaramirez.org\\\/blog\\\/wp-content\\\/uploads\\\/2024\\\/08\\\/Dia-de-la-Pachamama_3.jpg\",\"keywords\":[\"1 de agosto\",\"alimentos\",\"Am\u00e9rica.\",\"Andes\",\"Argentina\",\"armon\u00eda con la naturaleza\",\"ayni\",\"bebidas\",\"blog de Rafael Ram\u00edrez\",\"bolivia\",\"ca\u00f1a con ruda\",\"catolicismo\",\"chicha\",\"Chile\",\"Colombia\",\"comunidades quechua y aimara\",\"conquistadores espa\u00f1oles\",\"danzas\",\"D\u00eda de la Pachamama\",\"divinidad andina\",\"Ecuador\",\"efem\u00e9rides\",\"elementos simb\u00f3licos\",\"flores\",\"hojas de coca\",\"ind\u00edgenas\",\"Madre Tierra\",\"ma\u00edz\",\"mundo\",\"M\u00fasica\",\"Pachamama Raymi\",\"papas\",\"Per\u00fa\",\"rezos\",\"rituales\",\"universo o tiempo\",\"vino\",\"Virgen Mar\u00eda\"],\"articleSection\":[\"Efem\u00e9rides\"],\"inLanguage\":\"es\",\"potentialAction\":[{\"@type\":\"CommentAction\",\"name\":\"Comment\",\"target\":[\"https:\\\/\\\/rafaramirez.org\\\/blog\\\/index.php\\\/2024\\\/08\\\/01\\\/5267\\\/#respond\"]}]},{\"@type\":\"WebPage\",\"@id\":\"https:\\\/\\\/rafaramirez.org\\\/blog\\\/index.php\\\/2024\\\/08\\\/01\\\/5267\\\/\",\"url\":\"https:\\\/\\\/rafaramirez.org\\\/blog\\\/index.php\\\/2024\\\/08\\\/01\\\/5267\\\/\",\"name\":\"D\u00eda de la Pachamama: un d\u00eda para honrar y agradecer a la Madre Tierra desde tiempos ancestrales. - Blog de Rafael Ram\u00edrez\",\"isPartOf\":{\"@id\":\"https:\\\/\\\/rafaramirez.org\\\/blog\\\/#website\"},\"primaryImageOfPage\":{\"@id\":\"https:\\\/\\\/rafaramirez.org\\\/blog\\\/index.php\\\/2024\\\/08\\\/01\\\/5267\\\/#primaryimage\"},\"image\":{\"@id\":\"https:\\\/\\\/rafaramirez.org\\\/blog\\\/index.php\\\/2024\\\/08\\\/01\\\/5267\\\/#primaryimage\"},\"thumbnailUrl\":\"https:\\\/\\\/rafaramirez.org\\\/blog\\\/wp-content\\\/uploads\\\/2024\\\/08\\\/Dia-de-la-Pachamama_3.jpg\",\"datePublished\":\"2024-08-01T06:15:53+00:00\",\"breadcrumb\":{\"@id\":\"https:\\\/\\\/rafaramirez.org\\\/blog\\\/index.php\\\/2024\\\/08\\\/01\\\/5267\\\/#breadcrumb\"},\"inLanguage\":\"es\",\"potentialAction\":[{\"@type\":\"ReadAction\",\"target\":[\"https:\\\/\\\/rafaramirez.org\\\/blog\\\/index.php\\\/2024\\\/08\\\/01\\\/5267\\\/\"]}]},{\"@type\":\"ImageObject\",\"inLanguage\":\"es\",\"@id\":\"https:\\\/\\\/rafaramirez.org\\\/blog\\\/index.php\\\/2024\\\/08\\\/01\\\/5267\\\/#primaryimage\",\"url\":\"https:\\\/\\\/rafaramirez.org\\\/blog\\\/wp-content\\\/uploads\\\/2024\\\/08\\\/Dia-de-la-Pachamama_3.jpg\",\"contentUrl\":\"https:\\\/\\\/rafaramirez.org\\\/blog\\\/wp-content\\\/uploads\\\/2024\\\/08\\\/Dia-de-la-Pachamama_3.jpg\",\"width\":750,\"height\":422,\"caption\":\"D\u00eda de la Pachamama. Blog de Rafael Ram\u00edrez.\"},{\"@type\":\"BreadcrumbList\",\"@id\":\"https:\\\/\\\/rafaramirez.org\\\/blog\\\/index.php\\\/2024\\\/08\\\/01\\\/5267\\\/#breadcrumb\",\"itemListElement\":[{\"@type\":\"ListItem\",\"position\":1,\"name\":\"Portada\",\"item\":\"https:\\\/\\\/rafaramirez.org\\\/blog\\\/\"},{\"@type\":\"ListItem\",\"position\":2,\"name\":\"D\u00eda de la Pachamama: un d\u00eda para honrar y agradecer a la Madre Tierra desde tiempos ancestrales.\"}]},{\"@type\":\"WebSite\",\"@id\":\"https:\\\/\\\/rafaramirez.org\\\/blog\\\/#website\",\"url\":\"https:\\\/\\\/rafaramirez.org\\\/blog\\\/\",\"name\":\"Blog de Rafael Ram\u00edrez\",\"description\":\"Un sitio social, de arte y cultura\",\"publisher\":{\"@id\":\"https:\\\/\\\/rafaramirez.org\\\/blog\\\/#\\\/schema\\\/person\\\/50f43b6d60c578760d4c17bda54ab6a5\"},\"potentialAction\":[{\"@type\":\"SearchAction\",\"target\":{\"@type\":\"EntryPoint\",\"urlTemplate\":\"https:\\\/\\\/rafaramirez.org\\\/blog\\\/?s={search_term_string}\"},\"query-input\":{\"@type\":\"PropertyValueSpecification\",\"valueRequired\":true,\"valueName\":\"search_term_string\"}}],\"inLanguage\":\"es\"},{\"@type\":[\"Person\",\"Organization\"],\"@id\":\"https:\\\/\\\/rafaramirez.org\\\/blog\\\/#\\\/schema\\\/person\\\/50f43b6d60c578760d4c17bda54ab6a5\",\"name\":\"Rafael Ram\u00edrez\",\"image\":{\"@type\":\"ImageObject\",\"inLanguage\":\"es\",\"@id\":\"https:\\\/\\\/rafaramirez.org\\\/blog\\\/wp-content\\\/uploads\\\/2024\\\/09\\\/RR_socialnetwork.jpg\",\"url\":\"https:\\\/\\\/rafaramirez.org\\\/blog\\\/wp-content\\\/uploads\\\/2024\\\/09\\\/RR_socialnetwork.jpg\",\"contentUrl\":\"https:\\\/\\\/rafaramirez.org\\\/blog\\\/wp-content\\\/uploads\\\/2024\\\/09\\\/RR_socialnetwork.jpg\",\"width\":600,\"height\":606,\"caption\":\"Rafael Ram\u00edrez\"},\"logo\":{\"@id\":\"https:\\\/\\\/rafaramirez.org\\\/blog\\\/wp-content\\\/uploads\\\/2024\\\/09\\\/RR_socialnetwork.jpg\"},\"sameAs\":[\"https:\\\/\\\/www.rafaramirez.org\\\/blog\",\"https:\\\/\\\/www.instagram.com\\\/rafaramirez_ok\\\/\",\"https:\\\/\\\/es.pinterest.com\\\/Ramirez_Rafa\\\/\",\"https:\\\/\\\/x.com\\\/rafaramirez_ok\"],\"url\":\"https:\\\/\\\/rafaramirez.org\\\/blog\\\/index.php\\\/author\\\/rafaell_qm6j97da\\\/\"}]}<\/script>\n<!-- \/ Yoast SEO plugin. -->","yoast_head_json":{"title":"D\u00eda de la Pachamama: un d\u00eda para honrar y agradecer a la Madre Tierra desde tiempos ancestrales. - Blog de Rafael Ram\u00edrez","robots":{"index":"index","follow":"follow","max-snippet":"max-snippet:-1","max-image-preview":"max-image-preview:large","max-video-preview":"max-video-preview:-1"},"canonical":"https:\/\/rafaramirez.org\/blog\/index.php\/2024\/08\/01\/5267\/","og_locale":"es_ES","og_type":"article","og_title":"D\u00eda de la Pachamama: un d\u00eda para honrar y agradecer a la Madre Tierra desde tiempos ancestrales. - Blog de Rafael Ram\u00edrez","og_description":"El\u00a0D\u00eda de la Pachamama, tambi\u00e9n conocido como\u00a0Pachamama Raymi, se celebra cada 1 de agosto en honor a la divinidad andina Pachamama, o Madre Tierra.\u00a0Esta festividad es especialmente importante en las comunidades quechua y aimara de los Andes en pa\u00edses como Argentina, Bolivia, Colombia, Chile, Ecuador y Per\u00fa. La celebraci\u00f3n tiene sus ra\u00edces en tiempos ancestrales, [&hellip;]","og_url":"https:\/\/rafaramirez.org\/blog\/index.php\/2024\/08\/01\/5267\/","og_site_name":"Blog de Rafael Ram\u00edrez","article_published_time":"2024-08-01T06:15:53+00:00","og_image":[{"width":750,"height":422,"url":"https:\/\/rafaramirez.org\/blog\/wp-content\/uploads\/2024\/08\/Dia-de-la-Pachamama_3.jpg","type":"image\/jpeg"}],"author":"Rafael Ram\u00edrez","twitter_card":"summary_large_image","twitter_creator":"@rafaramirez_ok","twitter_site":"@rafaramirez_ok","twitter_misc":{"Escrito por":"Rafael Ram\u00edrez","Tiempo de lectura":"5 minutos"},"schema":{"@context":"https:\/\/schema.org","@graph":[{"@type":"Article","@id":"https:\/\/rafaramirez.org\/blog\/index.php\/2024\/08\/01\/5267\/#article","isPartOf":{"@id":"https:\/\/rafaramirez.org\/blog\/index.php\/2024\/08\/01\/5267\/"},"author":{"name":"Rafael Ram\u00edrez","@id":"https:\/\/rafaramirez.org\/blog\/#\/schema\/person\/50f43b6d60c578760d4c17bda54ab6a5"},"headline":"D\u00eda de la Pachamama: un d\u00eda para honrar y agradecer a la Madre Tierra desde tiempos ancestrales.","datePublished":"2024-08-01T06:15:53+00:00","mainEntityOfPage":{"@id":"https:\/\/rafaramirez.org\/blog\/index.php\/2024\/08\/01\/5267\/"},"wordCount":953,"commentCount":0,"publisher":{"@id":"https:\/\/rafaramirez.org\/blog\/#\/schema\/person\/50f43b6d60c578760d4c17bda54ab6a5"},"image":{"@id":"https:\/\/rafaramirez.org\/blog\/index.php\/2024\/08\/01\/5267\/#primaryimage"},"thumbnailUrl":"https:\/\/rafaramirez.org\/blog\/wp-content\/uploads\/2024\/08\/Dia-de-la-Pachamama_3.jpg","keywords":["1 de agosto","alimentos","Am\u00e9rica.","Andes","Argentina","armon\u00eda con la naturaleza","ayni","bebidas","blog de Rafael Ram\u00edrez","bolivia","ca\u00f1a con ruda","catolicismo","chicha","Chile","Colombia","comunidades quechua y aimara","conquistadores espa\u00f1oles","danzas","D\u00eda de la Pachamama","divinidad andina","Ecuador","efem\u00e9rides","elementos simb\u00f3licos","flores","hojas de coca","ind\u00edgenas","Madre Tierra","ma\u00edz","mundo","M\u00fasica","Pachamama Raymi","papas","Per\u00fa","rezos","rituales","universo o tiempo","vino","Virgen Mar\u00eda"],"articleSection":["Efem\u00e9rides"],"inLanguage":"es","potentialAction":[{"@type":"CommentAction","name":"Comment","target":["https:\/\/rafaramirez.org\/blog\/index.php\/2024\/08\/01\/5267\/#respond"]}]},{"@type":"WebPage","@id":"https:\/\/rafaramirez.org\/blog\/index.php\/2024\/08\/01\/5267\/","url":"https:\/\/rafaramirez.org\/blog\/index.php\/2024\/08\/01\/5267\/","name":"D\u00eda de la Pachamama: un d\u00eda para honrar y agradecer a la Madre Tierra desde tiempos ancestrales. - Blog de Rafael Ram\u00edrez","isPartOf":{"@id":"https:\/\/rafaramirez.org\/blog\/#website"},"primaryImageOfPage":{"@id":"https:\/\/rafaramirez.org\/blog\/index.php\/2024\/08\/01\/5267\/#primaryimage"},"image":{"@id":"https:\/\/rafaramirez.org\/blog\/index.php\/2024\/08\/01\/5267\/#primaryimage"},"thumbnailUrl":"https:\/\/rafaramirez.org\/blog\/wp-content\/uploads\/2024\/08\/Dia-de-la-Pachamama_3.jpg","datePublished":"2024-08-01T06:15:53+00:00","breadcrumb":{"@id":"https:\/\/rafaramirez.org\/blog\/index.php\/2024\/08\/01\/5267\/#breadcrumb"},"inLanguage":"es","potentialAction":[{"@type":"ReadAction","target":["https:\/\/rafaramirez.org\/blog\/index.php\/2024\/08\/01\/5267\/"]}]},{"@type":"ImageObject","inLanguage":"es","@id":"https:\/\/rafaramirez.org\/blog\/index.php\/2024\/08\/01\/5267\/#primaryimage","url":"https:\/\/rafaramirez.org\/blog\/wp-content\/uploads\/2024\/08\/Dia-de-la-Pachamama_3.jpg","contentUrl":"https:\/\/rafaramirez.org\/blog\/wp-content\/uploads\/2024\/08\/Dia-de-la-Pachamama_3.jpg","width":750,"height":422,"caption":"D\u00eda de la Pachamama. Blog de Rafael Ram\u00edrez."},{"@type":"BreadcrumbList","@id":"https:\/\/rafaramirez.org\/blog\/index.php\/2024\/08\/01\/5267\/#breadcrumb","itemListElement":[{"@type":"ListItem","position":1,"name":"Portada","item":"https:\/\/rafaramirez.org\/blog\/"},{"@type":"ListItem","position":2,"name":"D\u00eda de la Pachamama: un d\u00eda para honrar y agradecer a la Madre Tierra desde tiempos ancestrales."}]},{"@type":"WebSite","@id":"https:\/\/rafaramirez.org\/blog\/#website","url":"https:\/\/rafaramirez.org\/blog\/","name":"Blog de Rafael Ram\u00edrez","description":"Un sitio social, de arte y cultura","publisher":{"@id":"https:\/\/rafaramirez.org\/blog\/#\/schema\/person\/50f43b6d60c578760d4c17bda54ab6a5"},"potentialAction":[{"@type":"SearchAction","target":{"@type":"EntryPoint","urlTemplate":"https:\/\/rafaramirez.org\/blog\/?s={search_term_string}"},"query-input":{"@type":"PropertyValueSpecification","valueRequired":true,"valueName":"search_term_string"}}],"inLanguage":"es"},{"@type":["Person","Organization"],"@id":"https:\/\/rafaramirez.org\/blog\/#\/schema\/person\/50f43b6d60c578760d4c17bda54ab6a5","name":"Rafael Ram\u00edrez","image":{"@type":"ImageObject","inLanguage":"es","@id":"https:\/\/rafaramirez.org\/blog\/wp-content\/uploads\/2024\/09\/RR_socialnetwork.jpg","url":"https:\/\/rafaramirez.org\/blog\/wp-content\/uploads\/2024\/09\/RR_socialnetwork.jpg","contentUrl":"https:\/\/rafaramirez.org\/blog\/wp-content\/uploads\/2024\/09\/RR_socialnetwork.jpg","width":600,"height":606,"caption":"Rafael Ram\u00edrez"},"logo":{"@id":"https:\/\/rafaramirez.org\/blog\/wp-content\/uploads\/2024\/09\/RR_socialnetwork.jpg"},"sameAs":["https:\/\/www.rafaramirez.org\/blog","https:\/\/www.instagram.com\/rafaramirez_ok\/","https:\/\/es.pinterest.com\/Ramirez_Rafa\/","https:\/\/x.com\/rafaramirez_ok"],"url":"https:\/\/rafaramirez.org\/blog\/index.php\/author\/rafaell_qm6j97da\/"}]}},"jetpack_publicize_connections":[],"jetpack_sharing_enabled":true,"jetpack_likes_enabled":true,"jetpack_featured_media_url":"https:\/\/rafaramirez.org\/blog\/wp-content\/uploads\/2024\/08\/Dia-de-la-Pachamama_3.jpg","_links":{"self":[{"href":"https:\/\/rafaramirez.org\/blog\/index.php\/wp-json\/wp\/v2\/posts\/5267","targetHints":{"allow":["GET"]}}],"collection":[{"href":"https:\/\/rafaramirez.org\/blog\/index.php\/wp-json\/wp\/v2\/posts"}],"about":[{"href":"https:\/\/rafaramirez.org\/blog\/index.php\/wp-json\/wp\/v2\/types\/post"}],"author":[{"embeddable":true,"href":"https:\/\/rafaramirez.org\/blog\/index.php\/wp-json\/wp\/v2\/users\/1"}],"replies":[{"embeddable":true,"href":"https:\/\/rafaramirez.org\/blog\/index.php\/wp-json\/wp\/v2\/comments?post=5267"}],"version-history":[{"count":11,"href":"https:\/\/rafaramirez.org\/blog\/index.php\/wp-json\/wp\/v2\/posts\/5267\/revisions"}],"predecessor-version":[{"id":5282,"href":"https:\/\/rafaramirez.org\/blog\/index.php\/wp-json\/wp\/v2\/posts\/5267\/revisions\/5282"}],"wp:featuredmedia":[{"embeddable":true,"href":"https:\/\/rafaramirez.org\/blog\/index.php\/wp-json\/wp\/v2\/media\/5277"}],"wp:attachment":[{"href":"https:\/\/rafaramirez.org\/blog\/index.php\/wp-json\/wp\/v2\/media?parent=5267"}],"wp:term":[{"taxonomy":"category","embeddable":true,"href":"https:\/\/rafaramirez.org\/blog\/index.php\/wp-json\/wp\/v2\/categories?post=5267"},{"taxonomy":"post_tag","embeddable":true,"href":"https:\/\/rafaramirez.org\/blog\/index.php\/wp-json\/wp\/v2\/tags?post=5267"}],"curies":[{"name":"wp","href":"https:\/\/api.w.org\/{rel}","templated":true}]}}