{"id":5217,"date":"2024-07-29T08:15:19","date_gmt":"2024-07-29T06:15:19","guid":{"rendered":"https:\/\/rafaramirez.org\/blog\/?p=5217"},"modified":"2026-07-14T11:47:22","modified_gmt":"2026-07-14T09:47:22","slug":"armand-guillaumin-el-pintor-impresionista-que-influyo-en-la-obra-de-cezanne-y-pisarro","status":"publish","type":"post","link":"https:\/\/rafaramirez.org\/blog\/index.php\/2024\/07\/29\/armand-guillaumin-el-pintor-impresionista-que-influyo-en-la-obra-de-cezanne-y-pisarro\/","title":{"rendered":"Armand Guillaumin: el pintor impresionista que influy\u00f3 en la obra de C\u00e9zanne y Pisarro."},"content":{"rendered":"<p><strong>Armand Guillaumin<\/strong>\u00a0fue un pintor, lit\u00f3grafo y dibujante franc\u00e9s nacido el\u00a0<strong>16 de febrero de 1841<\/strong>\u00a0en\u00a0<strong>Moulins<\/strong>, Picard\u00eda, y fallecido el\u00a0<strong>26 de junio de 1927<\/strong>\u00a0en\u00a0<strong>Orly<\/strong>, Francia. Es conocido por su estilo impresionista y por ser uno de los primeros y m\u00e1s fieles participantes del grupo de los impresionistas.<\/p>\n<p>Desde joven vivi\u00f3 en Par\u00eds, donde trabaj\u00f3 en la mercer\u00eda de su t\u00edo mientras recib\u00eda clases de dibujo. Posteriormente, estudi\u00f3 en la Academia de Arte de Suiza y all\u00ed entabl\u00f3 amistad con\u00a0<strong>Paul C\u00e9zanne<\/strong>\u00a0y\u00a0<strong>Camille Pissarro<\/strong>. A pesar de las dificultades econ\u00f3micas, Guillaumin se mantuvo fiel al impresionismo puro y particip\u00f3 en exposiciones junto a otros artistas del movimiento.\u00a0Su influencia en la obra de C\u00e9zanne y Pissarro fue significativa.<\/p>\n<figure id=\"attachment_5229\" aria-describedby=\"caption-attachment-5229\" style=\"width: 232px\" class=\"wp-caption aligncenter\"><a href=\"https:\/\/rafaramirez.org\/blog\/wp-content\/uploads\/2024\/07\/armand-guillaumin.jpg\" target=\"_blank\" rel=\"noopener\"><img loading=\"lazy\" decoding=\"async\" class=\"wp-image-5229 size-medium\" src=\"https:\/\/rafaramirez.org\/blog\/wp-content\/uploads\/2024\/07\/armand-guillaumin-232x300.jpg\" alt=\"Armand Guillaumin. Blog de Rafael Ram\u00edrez.\" width=\"232\" height=\"300\" srcset=\"https:\/\/rafaramirez.org\/blog\/wp-content\/uploads\/2024\/07\/armand-guillaumin-232x300.jpg 232w, https:\/\/rafaramirez.org\/blog\/wp-content\/uploads\/2024\/07\/armand-guillaumin.jpg 478w\" sizes=\"auto, (max-width: 232px) 100vw, 232px\" \/><\/a><figcaption id=\"caption-attachment-5229\" class=\"wp-caption-text\">Armand Guillaumin. Blog de Rafael Ram\u00edrez.<\/figcaption><\/figure>\n<p>En cuanto a sus obras, destacan paisajes como <strong>\u201cPuesta de sol en Ivry\u201d<\/strong> y <strong>\u201cLa Place Valhubert\u201d<\/strong>. Guillaumin tambi\u00e9n incursion\u00f3 en la litograf\u00eda y grabados de paisajes.\u00a0Su amistad con\u00a0<strong>Paul Gauguin<\/strong> y su participaci\u00f3n en el Salon des Refus\u00e9s marcaron su carrera art\u00edstica.<\/p>\n<h3>Amistad con Cezanne.<\/h3>\n<p><strong>Armand Guillaumin<\/strong>\u00a0y\u00a0<strong>Paul C\u00e9zanne<\/strong>\u00a0mantuvieron una estrecha amistad y colaboraron en el mundo del arte. Aqu\u00ed tienes algunos detalles interesantes sobre su relaci\u00f3n:<\/p>\n<ul>\n<li><strong>Compa\u00f1eros de estudios<\/strong>: Ambos asistieron a la\u00a0<strong>Academia Suiza<\/strong>\u00a0en Par\u00eds.\u00a0Durante esa \u00e9poca, se conocieron y comenzaron su amistad.<\/li>\n<li><strong>Vecinos en Par\u00eds<\/strong>: Durante un par de a\u00f1os, Guillaumin y C\u00e9zanne fueron\u00a0<strong>vecinos<\/strong>, viviendo en edificios contiguos en el\u00a0<strong>Quai d\u2019Anjou<\/strong>, en una peque\u00f1a isla en medio del r\u00edo Sena, cerca de la famosa\u00a0<strong>Notre Dame<\/strong>.<\/li>\n<li><strong>Colaboraci\u00f3n art\u00edstica<\/strong>: En 1873, C\u00e9zanne cre\u00f3 un retrato grabado al aguafuerte titulado \u201cGuillaumin con ahorcado\u201d, basado en pinturas de Guillaumin de barcazas en el r\u00edo Sena.\u00a0Tambi\u00e9n compartieron estudio y pintaron juntos en los alrededores de Par\u00eds.<\/li>\n<li><strong>Influencia mutua<\/strong>: Aunque ten\u00edan estilos distintos, su amistad influy\u00f3 en sus obras. Guillaumin se destac\u00f3 por sus\u00a0<strong>intensos colores<\/strong>\u00a0en paisajes urbanos y rurales, mientras que C\u00e9zanne exploraba la forma y la estructura en su pintura.\u00a0A pesar de las diferencias, su relaci\u00f3n fue fruct\u00edfera y beneficiosa para ambos artistas.<\/li>\n<\/ul>\n<p>La amistad entre Guillaumin y C\u00e9zanne fue una combinaci\u00f3n de colaboraci\u00f3n art\u00edstica, influencia mutua y cercan\u00eda geogr\u00e1fica. Ambos dejaron una huella significativa en la historia del arte impresionista.<\/p>\n<h3>Sobre su t\u00e9cnica.<\/h3>\n<p><strong>Armand Guillaumin<\/strong>\u00a0desarroll\u00f3 su t\u00e9cnica a lo largo de su carrera. Aqu\u00ed tienes algunos aspectos clave:<\/p>\n<ul>\n<li><strong>Estilo Impresionista<\/strong>: Guillaumin se mantuvo fiel al\u00a0<strong>impresionismo puro<\/strong>\u00a0durante toda su vida.\u00a0Su paleta de colores inclu\u00eda tonos verdes y p\u00farpuras, y su estilo se caracterizaba por pinceladas sueltas y vibrantes.<\/li>\n<li><strong>\u00c9cole de Crozant<\/strong>: Lider\u00f3 la\u00a0<strong>\u00c9cole de Crozant<\/strong>, un grupo diverso de pintores que se centraba en representar el pueblo de\u00a0<strong>Crozant<\/strong>\u00a0y el paisaje circundante de la regi\u00f3n de\u00a0<strong>Creuse<\/strong>.<\/li>\n<li><strong>Influencia Post-Impresionista<\/strong>: Sus obras de finales del siglo XIX influyeron significativamente en los artistas\u00a0<strong>post-impresionistas<\/strong>.\u00a0Su t\u00e9cnica evolucion\u00f3 desde un per\u00edodo realista inicial hacia un enfoque impresionista, lo que lo convirti\u00f3 en una figura clave en la pintura del siglo XX.<\/li>\n<\/ul>\n<h3>Principales pinturas.<\/h3>\n<p>Una de las obras m\u00e1s famosas de\u00a0<strong>Armand Guillaumin<\/strong>\u00a0es \u201cPuesta de sol en Ivry\u201d (<em>Sunset at Ivry<\/em>), pintada en\u00a0<strong>1873<\/strong>.\u00a0En esta obra, el artista emple\u00f3 una gama de naranjas, amarillos y azules tenues para representar una l\u00ednea de f\u00e1bricas perfiladas en el atardecer.<\/p>\n<figure id=\"attachment_5223\" aria-describedby=\"caption-attachment-5223\" style=\"width: 300px\" class=\"wp-caption aligncenter\"><a href=\"https:\/\/rafaramirez.org\/blog\/wp-content\/uploads\/2024\/07\/armand-guillaumin_Puesta-de-sol-en-Ivry1873.jpg\" target=\"_blank\" rel=\"noopener\"><img loading=\"lazy\" decoding=\"async\" class=\"wp-image-5223 size-medium\" src=\"https:\/\/rafaramirez.org\/blog\/wp-content\/uploads\/2024\/07\/armand-guillaumin_Puesta-de-sol-en-Ivry1873-300x241.jpg\" alt=\"Puesta de sol en Ivry (1873). Armand Guillaumin. Blog de Rafael Ram\u00edrez.\" width=\"300\" height=\"241\" srcset=\"https:\/\/rafaramirez.org\/blog\/wp-content\/uploads\/2024\/07\/armand-guillaumin_Puesta-de-sol-en-Ivry1873-300x241.jpg 300w, https:\/\/rafaramirez.org\/blog\/wp-content\/uploads\/2024\/07\/armand-guillaumin_Puesta-de-sol-en-Ivry1873-1024x823.jpg 1024w, https:\/\/rafaramirez.org\/blog\/wp-content\/uploads\/2024\/07\/armand-guillaumin_Puesta-de-sol-en-Ivry1873-768x617.jpg 768w, https:\/\/rafaramirez.org\/blog\/wp-content\/uploads\/2024\/07\/armand-guillaumin_Puesta-de-sol-en-Ivry1873-1536x1234.jpg 1536w, https:\/\/rafaramirez.org\/blog\/wp-content\/uploads\/2024\/07\/armand-guillaumin_Puesta-de-sol-en-Ivry1873.jpg 1864w\" sizes=\"auto, (max-width: 300px) 100vw, 300px\" \/><\/a><figcaption id=\"caption-attachment-5223\" class=\"wp-caption-text\">Puesta de sol en Ivry (1873). Armand Guillaumin. Blog de Rafael Ram\u00edrez.<\/figcaption><\/figure>\n<p>Adem\u00e1s, otras pinturas notables de Guillaumin incluyen:<\/p>\n<ol>\n<li><strong>\u201cLa Plaza Valhubert\u201d (La Place Valhubert) (1875)<\/strong>: Un vibrante paisaje urbano que captura la vida en Par\u00eds.\n<p><figure id=\"attachment_5224\" aria-describedby=\"caption-attachment-5224\" style=\"width: 300px\" class=\"wp-caption aligncenter\"><a href=\"https:\/\/rafaramirez.org\/blog\/wp-content\/uploads\/2024\/07\/Armand-Guillaumin_la-place-valhubert-1875.jpg\" target=\"_blank\" rel=\"noopener\"><img loading=\"lazy\" decoding=\"async\" class=\"wp-image-5224 size-medium\" src=\"https:\/\/rafaramirez.org\/blog\/wp-content\/uploads\/2024\/07\/Armand-Guillaumin_la-place-valhubert-1875-300x244.jpg\" alt=\"La plaza Valhubert (1875). Armand Guillaumin. Blog de Rafael Ram\u00edrez.\" width=\"300\" height=\"244\" srcset=\"https:\/\/rafaramirez.org\/blog\/wp-content\/uploads\/2024\/07\/Armand-Guillaumin_la-place-valhubert-1875-300x244.jpg 300w, https:\/\/rafaramirez.org\/blog\/wp-content\/uploads\/2024\/07\/Armand-Guillaumin_la-place-valhubert-1875.jpg 737w\" sizes=\"auto, (max-width: 300px) 100vw, 300px\" \/><\/a><figcaption id=\"caption-attachment-5224\" class=\"wp-caption-text\">La plaza Valhubert (1875). Armand Guillaumin. Blog de Rafael Ram\u00edrez.<\/figcaption><\/figure><\/li>\n<li><strong>\u201cEl Sena\u201d (La Seine) (1867)<\/strong>: Una vista del r\u00edo Sena.\n<p><figure id=\"attachment_5225\" aria-describedby=\"caption-attachment-5225\" style=\"width: 300px\" class=\"wp-caption aligncenter\"><a href=\"https:\/\/rafaramirez.org\/blog\/wp-content\/uploads\/2024\/07\/Armand-Guillaumin_La-Seine-1867.jpg\" target=\"_blank\" rel=\"noopener\"><img loading=\"lazy\" decoding=\"async\" class=\"wp-image-5225 size-medium\" src=\"https:\/\/rafaramirez.org\/blog\/wp-content\/uploads\/2024\/07\/Armand-Guillaumin_La-Seine-1867-300x154.jpg\" alt=\"El Sena (1867). Armand Guillaumin. Blog de Rafael Ram\u00edrez.\" width=\"300\" height=\"154\" srcset=\"https:\/\/rafaramirez.org\/blog\/wp-content\/uploads\/2024\/07\/Armand-Guillaumin_La-Seine-1867-300x154.jpg 300w, https:\/\/rafaramirez.org\/blog\/wp-content\/uploads\/2024\/07\/Armand-Guillaumin_La-Seine-1867-768x395.jpg 768w, https:\/\/rafaramirez.org\/blog\/wp-content\/uploads\/2024\/07\/Armand-Guillaumin_La-Seine-1867.jpg 1024w\" sizes=\"auto, (max-width: 300px) 100vw, 300px\" \/><\/a><figcaption id=\"caption-attachment-5225\" class=\"wp-caption-text\">El Sena (1867). Armand Guillaumin. Blog de Rafael Ram\u00edrez.<\/figcaption><\/figure><\/li>\n<li><strong>\u201cHueco en la Nieve\u201d (Hollow in the Snow) (1869)<\/strong>: Un paisaje invernal.\n<p><figure id=\"attachment_5226\" aria-describedby=\"caption-attachment-5226\" style=\"width: 244px\" class=\"wp-caption aligncenter\"><a href=\"https:\/\/rafaramirez.org\/blog\/wp-content\/uploads\/2024\/07\/Armand_Guillaumin_Hollow-in-the-Snow-1869.jpg\" target=\"_blank\" rel=\"noopener\"><img loading=\"lazy\" decoding=\"async\" class=\"wp-image-5226 size-medium\" src=\"https:\/\/rafaramirez.org\/blog\/wp-content\/uploads\/2024\/07\/Armand_Guillaumin_Hollow-in-the-Snow-1869-244x300.jpg\" alt=\"Hueco en la nieve (1869). Armand Guillaumin. Blog de Rafael Ram\u00edrez.\" width=\"244\" height=\"300\" srcset=\"https:\/\/rafaramirez.org\/blog\/wp-content\/uploads\/2024\/07\/Armand_Guillaumin_Hollow-in-the-Snow-1869-244x300.jpg 244w, https:\/\/rafaramirez.org\/blog\/wp-content\/uploads\/2024\/07\/Armand_Guillaumin_Hollow-in-the-Snow-1869-832x1024.jpg 832w, https:\/\/rafaramirez.org\/blog\/wp-content\/uploads\/2024\/07\/Armand_Guillaumin_Hollow-in-the-Snow-1869-768x945.jpg 768w, https:\/\/rafaramirez.org\/blog\/wp-content\/uploads\/2024\/07\/Armand_Guillaumin_Hollow-in-the-Snow-1869-1248x1536.jpg 1248w, https:\/\/rafaramirez.org\/blog\/wp-content\/uploads\/2024\/07\/Armand_Guillaumin_Hollow-in-the-Snow-1869-1664x2048.jpg 1664w, https:\/\/rafaramirez.org\/blog\/wp-content\/uploads\/2024\/07\/Armand_Guillaumin_Hollow-in-the-Snow-1869.jpg 2024w\" sizes=\"auto, (max-width: 244px) 100vw, 244px\" \/><\/a><figcaption id=\"caption-attachment-5226\" class=\"wp-caption-text\">Hueco en la nieve (1869). Armand Guillaumin. Blog de Rafael Ram\u00edrez.<\/figcaption><\/figure><\/li>\n<li><strong>\u201cQuai de la Gare, Nieve\u201d (Quai de la Gare, effets de neig) (1874)<\/strong>: Otra escena parisina.\n<p><figure id=\"attachment_5227\" aria-describedby=\"caption-attachment-5227\" style=\"width: 300px\" class=\"wp-caption aligncenter\"><a href=\"https:\/\/rafaramirez.org\/blog\/wp-content\/uploads\/2024\/07\/Armand-Guillaumin_quai-de-la-gare-effets-de-neige-1874.jpg\" target=\"_blank\" rel=\"noopener\"><img loading=\"lazy\" decoding=\"async\" class=\"wp-image-5227 size-medium\" src=\"https:\/\/rafaramirez.org\/blog\/wp-content\/uploads\/2024\/07\/Armand-Guillaumin_quai-de-la-gare-effets-de-neige-1874-300x248.jpg\" alt=\"Quai de la Gare, Nieve (1874). Armand Guillaumin. Blog de Rafael Ram\u00edrez.\" width=\"300\" height=\"248\" srcset=\"https:\/\/rafaramirez.org\/blog\/wp-content\/uploads\/2024\/07\/Armand-Guillaumin_quai-de-la-gare-effets-de-neige-1874-300x248.jpg 300w, https:\/\/rafaramirez.org\/blog\/wp-content\/uploads\/2024\/07\/Armand-Guillaumin_quai-de-la-gare-effets-de-neige-1874.jpg 750w\" sizes=\"auto, (max-width: 300px) 100vw, 300px\" \/><\/a><figcaption id=\"caption-attachment-5227\" class=\"wp-caption-text\">Quai de la Gare, Nieve (1874). Armand Guillaumin. Blog de Rafael Ram\u00edrez.<\/figcaption><\/figure><\/li>\n<\/ol>\n<p>Estas obras reflejan su estilo impresionista y su habilidad para plasmar la intensidad de los colores en sus paisajes.<\/p>\n<p><strong>En resumen, Guillaumin dej\u00f3 una huella duradera en el mundo del arte con su estilo impresionista y su enfoque \u00fanico. Espero hayas descubierto datos interesantes sobre este gran pintor y te haya gustado su obra. Como siempre puedes dejar tus comentarios debajo del post. \u00a1Saludos!<\/strong>\ud83c\udfa8\u2728<\/p>\n<p>M\u00e1s informaci\u00f3n:<\/p>\n<ul>\n<li><a href=\"https:\/\/es.wikipedia.org\/wiki\/Armand_Guillaumin\" target=\"_blank\" rel=\"noopener\">Wikipedia.es<\/a><\/li>\n<li><a href=\"https:\/\/www.artnet.com\/artists\/armand-guillaumin\/\" target=\"_blank\" rel=\"noopener\">Artnet.com<\/a>(Ingl\u00e9s)<\/li>\n<\/ul>\n","protected":false},"excerpt":{"rendered":"<p>Armand Guillaumin\u00a0fue un pintor, lit\u00f3grafo y dibujante franc\u00e9s nacido el\u00a016 de febrero de 1841\u00a0en\u00a0Moulins, Picard\u00eda, y fallecido el\u00a026 de junio de 1927\u00a0en\u00a0Orly, Francia. Es conocido por su estilo impresionista y por ser uno de los primeros y m\u00e1s fieles participantes del grupo de los impresionistas. Desde joven vivi\u00f3 en Par\u00eds, donde trabaj\u00f3 en la mercer\u00eda [&hellip;]<\/p>\n","protected":false},"author":3,"featured_media":5232,"comment_status":"open","ping_status":"closed","sticky":false,"template":"","format":"standard","meta":{"site-container-style":"default","site-container-layout":"default","site-sidebar-layout":"default","disable-article-header":"default","disable-site-header":"default","disable-site-footer":"default","disable-content-area-spacing":"default","_jetpack_newsletter_access":"","_jetpack_dont_email_post_to_subs":false,"_jetpack_newsletter_tier_id":0,"_jetpack_memberships_contains_paywalled_content":false,"_jetpack_feature_clip_id":0,"_jetpack_memberships_contains_paid_content":false,"footnotes":"","jetpack_publicize_message":"","jetpack_publicize_feature_enabled":true,"jetpack_social_post_already_shared":true,"jetpack_social_options":{"image_generator_settings":{"template":"highway","default_image_id":0,"font":"","enabled":false},"version":2},"jetpack_post_was_ever_published":false},"categories":[1290],"tags":[2839,2854,2842,2848,2838,743,65,2864,68,706,2677,981,2866,2857,2860,2843,2867,200,2853,2844,2852,703,2861,702,1152,2856,2859,2846,2865,2840,2863,2851,341,2855,351,746,747,2841,369,378,2845,2849,2862,2858,2850,2847,1603,1224],"class_list":["post-5217","post","type-post","status-publish","format-standard","has-post-thumbnail","hentry","category-historia-del-arte","tag-16-de-febrero-de-1841","tag-2854","tag-26-de-junio-de-1927","tag-academia-suiza-en-paris","tag-armand-guillaumin","tag-arte-y-pintura","tag-biografia","tag-biografia-de-armand-guillaumin","tag-blog-de-rafael-ramirez","tag-camille-pissarro","tag-circulo-impresionista","tag-cuadros-impresionistas","tag-dibujante","tag-ecole-de-crozant","tag-el-sena-1867","tag-estilo-impresionista","tag-frances","tag-francia","tag-grabado-al-aguafuerte","tag-grupo-de-los-impresionistas","tag-guillaumin-con-ahorcado","tag-historia-del-impresionismo","tag-hueco-en-la-nieve-1869","tag-impresionismo","tag-impresionismo-frances","tag-impresionismo-puro","tag-influencia-post-impresionista","tag-la-place-valhubert","tag-litografo","tag-moulins","tag-nieve-1874","tag-notre-dame","tag-orly","tag-paisajes-urbanos-y-rurales","tag-paris","tag-paul-cezanne","tag-paul-gauguin","tag-picardia","tag-pintor","tag-pintura-impresionista","tag-puesta-de-sol-en-ivry","tag-quai-danjou","tag-quai-de-la-gare","tag-region-de-creuse","tag-rio-sena","tag-salon-des-refuses","tag-siglo-xix","tag-siglo-xx"],"yoast_head":"<!-- This site is optimized with the Yoast SEO plugin v28.4 - https:\/\/yoast.com\/product\/yoast-seo-wordpress\/ -->\n<title>Armand Guillaumin: el pintor impresionista que influy\u00f3 en la obra de C\u00e9zanne y Pisarro. - Blog de Rafael Ram\u00edrez<\/title>\n<meta name=\"robots\" content=\"index, follow, max-snippet:-1, max-image-preview:large, max-video-preview:-1\" \/>\n<link rel=\"canonical\" href=\"https:\/\/rafaramirez.org\/blog\/index.php\/2024\/07\/29\/armand-guillaumin-el-pintor-impresionista-que-influyo-en-la-obra-de-cezanne-y-pisarro\/\" \/>\n<meta property=\"og:locale\" content=\"es_ES\" \/>\n<meta property=\"og:type\" content=\"article\" \/>\n<meta property=\"og:title\" content=\"Armand Guillaumin: el pintor impresionista que influy\u00f3 en la obra de C\u00e9zanne y Pisarro. - Blog de Rafael Ram\u00edrez\" \/>\n<meta property=\"og:description\" content=\"Armand Guillaumin\u00a0fue un pintor, lit\u00f3grafo y dibujante franc\u00e9s nacido el\u00a016 de febrero de 1841\u00a0en\u00a0Moulins, Picard\u00eda, y fallecido el\u00a026 de junio de 1927\u00a0en\u00a0Orly, Francia. Es conocido por su estilo impresionista y por ser uno de los primeros y m\u00e1s fieles participantes del grupo de los impresionistas. Desde joven vivi\u00f3 en Par\u00eds, donde trabaj\u00f3 en la mercer\u00eda [&hellip;]\" \/>\n<meta property=\"og:url\" content=\"https:\/\/rafaramirez.org\/blog\/index.php\/2024\/07\/29\/armand-guillaumin-el-pintor-impresionista-que-influyo-en-la-obra-de-cezanne-y-pisarro\/\" \/>\n<meta property=\"og:site_name\" content=\"Blog de Rafael Ram\u00edrez\" \/>\n<meta property=\"article:published_time\" content=\"2024-07-29T06:15:19+00:00\" \/>\n<meta property=\"article:modified_time\" content=\"2026-07-14T09:47:22+00:00\" \/>\n<meta property=\"og:image\" content=\"https:\/\/rafaramirez.org\/blog\/wp-content\/uploads\/2024\/07\/Armand-Guillaumin_bannerblog.jpg\" \/>\n\t<meta property=\"og:image:width\" content=\"750\" \/>\n\t<meta property=\"og:image:height\" content=\"450\" \/>\n\t<meta property=\"og:image:type\" content=\"image\/jpeg\" \/>\n<meta name=\"author\" content=\"Documentaci\u00f3n e investigaci\u00f3n\" \/>\n<meta name=\"twitter:card\" content=\"summary_large_image\" \/>\n<meta name=\"twitter:site\" content=\"@rafaramirez_ok\" \/>\n<meta name=\"twitter:label1\" content=\"Escrito por\" \/>\n\t<meta name=\"twitter:data1\" content=\"Documentaci\u00f3n e investigaci\u00f3n\" \/>\n\t<meta name=\"twitter:label2\" content=\"Tiempo de lectura\" \/>\n\t<meta name=\"twitter:data2\" content=\"4 minutos\" \/>\n<script type=\"application\/ld+json\" class=\"yoast-schema-graph\">{\"@context\":\"https:\\\/\\\/schema.org\",\"@graph\":[{\"@type\":\"Article\",\"@id\":\"https:\\\/\\\/rafaramirez.org\\\/blog\\\/index.php\\\/2024\\\/07\\\/29\\\/armand-guillaumin-el-pintor-impresionista-que-influyo-en-la-obra-de-cezanne-y-pisarro\\\/#article\",\"isPartOf\":{\"@id\":\"https:\\\/\\\/rafaramirez.org\\\/blog\\\/index.php\\\/2024\\\/07\\\/29\\\/armand-guillaumin-el-pintor-impresionista-que-influyo-en-la-obra-de-cezanne-y-pisarro\\\/\"},\"author\":{\"name\":\"Documentaci\u00f3n e investigaci\u00f3n\",\"@id\":\"https:\\\/\\\/rafaramirez.org\\\/blog\\\/#\\\/schema\\\/person\\\/8debd05b3d9a1d16fb21af726811617d\"},\"headline\":\"Armand Guillaumin: el pintor impresionista que influy\u00f3 en la obra de C\u00e9zanne y Pisarro.\",\"datePublished\":\"2024-07-29T06:15:19+00:00\",\"dateModified\":\"2026-07-14T09:47:22+00:00\",\"mainEntityOfPage\":{\"@id\":\"https:\\\/\\\/rafaramirez.org\\\/blog\\\/index.php\\\/2024\\\/07\\\/29\\\/armand-guillaumin-el-pintor-impresionista-que-influyo-en-la-obra-de-cezanne-y-pisarro\\\/\"},\"wordCount\":834,\"commentCount\":0,\"publisher\":{\"@id\":\"https:\\\/\\\/rafaramirez.org\\\/blog\\\/#\\\/schema\\\/person\\\/50f43b6d60c578760d4c17bda54ab6a5\"},\"image\":{\"@id\":\"https:\\\/\\\/rafaramirez.org\\\/blog\\\/index.php\\\/2024\\\/07\\\/29\\\/armand-guillaumin-el-pintor-impresionista-que-influyo-en-la-obra-de-cezanne-y-pisarro\\\/#primaryimage\"},\"thumbnailUrl\":\"https:\\\/\\\/rafaramirez.org\\\/blog\\\/wp-content\\\/uploads\\\/2024\\\/07\\\/Armand-Guillaumin_bannerblog.jpg\",\"keywords\":[\"16 de febrero de 1841\",\"1873\",\"26 de junio de 1927\",\"Academia Suiza\u00a0en Par\u00eds\",\"Armand Guillaumin\",\"arte y pintura\",\"biograf\u00eda\",\"biograf\u00eda de Armand Guillaumin\",\"blog de Rafael Ram\u00edrez\",\"Camille Pissarro\",\"c\u00edrculo impresionista\",\"cuadros impresionistas\",\"dibujante\",\"\u00c9cole de Crozant\",\"El Sena (1867)\",\"estilo impresionista\",\"franc\u00e9s\",\"Francia\",\"grabado al aguafuerte\",\"grupo de los impresionistas\",\"Guillaumin con ahorcado\",\"historia del impresionismo\",\"Hueco en la Nieve (1869)\",\"impresionismo\",\"impresionismo franc\u00e9s\",\"impresionismo puro\",\"Influencia Post-Impresionista\",\"La Place Valhubert\",\"lit\u00f3grafo\",\"Moulins\",\"Nieve (1874)\",\"Notre Dame\",\"Orly\",\"paisajes urbanos y rurales\",\"Paris\",\"Paul C\u00e9zanne\",\"Paul Gauguin\",\"Picard\u00eda\",\"pintor\",\"pintura impresionista\",\"Puesta de sol en Ivry\",\"Quai d\u2019Anjou\",\"Quai de la Gare\",\"regi\u00f3n de\u00a0Creuse\",\"r\u00edo Sena\",\"Salon des Refus\u00e9s\",\"siglo XIX\",\"siglo XX\"],\"articleSection\":[\"Historia del arte\"],\"inLanguage\":\"es\",\"potentialAction\":[{\"@type\":\"CommentAction\",\"name\":\"Comment\",\"target\":[\"https:\\\/\\\/rafaramirez.org\\\/blog\\\/index.php\\\/2024\\\/07\\\/29\\\/armand-guillaumin-el-pintor-impresionista-que-influyo-en-la-obra-de-cezanne-y-pisarro\\\/#respond\"]}]},{\"@type\":\"WebPage\",\"@id\":\"https:\\\/\\\/rafaramirez.org\\\/blog\\\/index.php\\\/2024\\\/07\\\/29\\\/armand-guillaumin-el-pintor-impresionista-que-influyo-en-la-obra-de-cezanne-y-pisarro\\\/\",\"url\":\"https:\\\/\\\/rafaramirez.org\\\/blog\\\/index.php\\\/2024\\\/07\\\/29\\\/armand-guillaumin-el-pintor-impresionista-que-influyo-en-la-obra-de-cezanne-y-pisarro\\\/\",\"name\":\"Armand Guillaumin: el pintor impresionista que influy\u00f3 en la obra de C\u00e9zanne y Pisarro. - Blog de Rafael Ram\u00edrez\",\"isPartOf\":{\"@id\":\"https:\\\/\\\/rafaramirez.org\\\/blog\\\/#website\"},\"primaryImageOfPage\":{\"@id\":\"https:\\\/\\\/rafaramirez.org\\\/blog\\\/index.php\\\/2024\\\/07\\\/29\\\/armand-guillaumin-el-pintor-impresionista-que-influyo-en-la-obra-de-cezanne-y-pisarro\\\/#primaryimage\"},\"image\":{\"@id\":\"https:\\\/\\\/rafaramirez.org\\\/blog\\\/index.php\\\/2024\\\/07\\\/29\\\/armand-guillaumin-el-pintor-impresionista-que-influyo-en-la-obra-de-cezanne-y-pisarro\\\/#primaryimage\"},\"thumbnailUrl\":\"https:\\\/\\\/rafaramirez.org\\\/blog\\\/wp-content\\\/uploads\\\/2024\\\/07\\\/Armand-Guillaumin_bannerblog.jpg\",\"datePublished\":\"2024-07-29T06:15:19+00:00\",\"dateModified\":\"2026-07-14T09:47:22+00:00\",\"breadcrumb\":{\"@id\":\"https:\\\/\\\/rafaramirez.org\\\/blog\\\/index.php\\\/2024\\\/07\\\/29\\\/armand-guillaumin-el-pintor-impresionista-que-influyo-en-la-obra-de-cezanne-y-pisarro\\\/#breadcrumb\"},\"inLanguage\":\"es\",\"potentialAction\":[{\"@type\":\"ReadAction\",\"target\":[\"https:\\\/\\\/rafaramirez.org\\\/blog\\\/index.php\\\/2024\\\/07\\\/29\\\/armand-guillaumin-el-pintor-impresionista-que-influyo-en-la-obra-de-cezanne-y-pisarro\\\/\"]}]},{\"@type\":\"ImageObject\",\"inLanguage\":\"es\",\"@id\":\"https:\\\/\\\/rafaramirez.org\\\/blog\\\/index.php\\\/2024\\\/07\\\/29\\\/armand-guillaumin-el-pintor-impresionista-que-influyo-en-la-obra-de-cezanne-y-pisarro\\\/#primaryimage\",\"url\":\"https:\\\/\\\/rafaramirez.org\\\/blog\\\/wp-content\\\/uploads\\\/2024\\\/07\\\/Armand-Guillaumin_bannerblog.jpg\",\"contentUrl\":\"https:\\\/\\\/rafaramirez.org\\\/blog\\\/wp-content\\\/uploads\\\/2024\\\/07\\\/Armand-Guillaumin_bannerblog.jpg\",\"width\":750,\"height\":450,\"caption\":\"Armand Guillaumin. Blog de Rafael Ram\u00edrez.\"},{\"@type\":\"BreadcrumbList\",\"@id\":\"https:\\\/\\\/rafaramirez.org\\\/blog\\\/index.php\\\/2024\\\/07\\\/29\\\/armand-guillaumin-el-pintor-impresionista-que-influyo-en-la-obra-de-cezanne-y-pisarro\\\/#breadcrumb\",\"itemListElement\":[{\"@type\":\"ListItem\",\"position\":1,\"name\":\"Portada\",\"item\":\"https:\\\/\\\/rafaramirez.org\\\/blog\\\/\"},{\"@type\":\"ListItem\",\"position\":2,\"name\":\"Armand Guillaumin: el pintor impresionista que influy\u00f3 en la obra de C\u00e9zanne y Pisarro.\"}]},{\"@type\":\"WebSite\",\"@id\":\"https:\\\/\\\/rafaramirez.org\\\/blog\\\/#website\",\"url\":\"https:\\\/\\\/rafaramirez.org\\\/blog\\\/\",\"name\":\"Blog de Rafael Ram\u00edrez\",\"description\":\"Un sitio social, de arte y cultura\",\"publisher\":{\"@id\":\"https:\\\/\\\/rafaramirez.org\\\/blog\\\/#\\\/schema\\\/person\\\/50f43b6d60c578760d4c17bda54ab6a5\"},\"potentialAction\":[{\"@type\":\"SearchAction\",\"target\":{\"@type\":\"EntryPoint\",\"urlTemplate\":\"https:\\\/\\\/rafaramirez.org\\\/blog\\\/?s={search_term_string}\"},\"query-input\":{\"@type\":\"PropertyValueSpecification\",\"valueRequired\":true,\"valueName\":\"search_term_string\"}}],\"inLanguage\":\"es\"},{\"@type\":[\"Person\",\"Organization\"],\"@id\":\"https:\\\/\\\/rafaramirez.org\\\/blog\\\/#\\\/schema\\\/person\\\/50f43b6d60c578760d4c17bda54ab6a5\",\"name\":\"Rafael Ram\u00edrez\",\"image\":{\"@type\":\"ImageObject\",\"inLanguage\":\"es\",\"@id\":\"https:\\\/\\\/rafaramirez.org\\\/blog\\\/wp-content\\\/uploads\\\/2024\\\/09\\\/RR_socialnetwork.jpg\",\"url\":\"https:\\\/\\\/rafaramirez.org\\\/blog\\\/wp-content\\\/uploads\\\/2024\\\/09\\\/RR_socialnetwork.jpg\",\"contentUrl\":\"https:\\\/\\\/rafaramirez.org\\\/blog\\\/wp-content\\\/uploads\\\/2024\\\/09\\\/RR_socialnetwork.jpg\",\"width\":600,\"height\":606,\"caption\":\"Rafael Ram\u00edrez\"},\"logo\":{\"@id\":\"https:\\\/\\\/rafaramirez.org\\\/blog\\\/wp-content\\\/uploads\\\/2024\\\/09\\\/RR_socialnetwork.jpg\"},\"sameAs\":[\"https:\\\/\\\/www.rafaramirez.org\\\/blog\",\"https:\\\/\\\/www.instagram.com\\\/rafaramirez_ok\\\/\",\"https:\\\/\\\/es.pinterest.com\\\/Ramirez_Rafa\\\/\",\"https:\\\/\\\/x.com\\\/rafaramirez_ok\"]},{\"@type\":\"Person\",\"@id\":\"https:\\\/\\\/rafaramirez.org\\\/blog\\\/#\\\/schema\\\/person\\\/8debd05b3d9a1d16fb21af726811617d\",\"name\":\"Documentaci\u00f3n e investigaci\u00f3n\",\"image\":{\"@type\":\"ImageObject\",\"inLanguage\":\"es\",\"@id\":\"https:\\\/\\\/secure.gravatar.com\\\/avatar\\\/fe70e496579a39c7a8fc4982b89275403b1092eb200623138a32daada9416911?s=96&d=mm&r=g\",\"url\":\"https:\\\/\\\/secure.gravatar.com\\\/avatar\\\/fe70e496579a39c7a8fc4982b89275403b1092eb200623138a32daada9416911?s=96&d=mm&r=g\",\"contentUrl\":\"https:\\\/\\\/secure.gravatar.com\\\/avatar\\\/fe70e496579a39c7a8fc4982b89275403b1092eb200623138a32daada9416911?s=96&d=mm&r=g\",\"caption\":\"Documentaci\u00f3n e investigaci\u00f3n\"},\"url\":\"https:\\\/\\\/rafaramirez.org\\\/blog\\\/index.php\\\/author\\\/admin\\\/\"}]}<\/script>\n<!-- \/ Yoast SEO plugin. -->","yoast_head_json":{"title":"Armand Guillaumin: el pintor impresionista que influy\u00f3 en la obra de C\u00e9zanne y Pisarro. - Blog de Rafael Ram\u00edrez","robots":{"index":"index","follow":"follow","max-snippet":"max-snippet:-1","max-image-preview":"max-image-preview:large","max-video-preview":"max-video-preview:-1"},"canonical":"https:\/\/rafaramirez.org\/blog\/index.php\/2024\/07\/29\/armand-guillaumin-el-pintor-impresionista-que-influyo-en-la-obra-de-cezanne-y-pisarro\/","og_locale":"es_ES","og_type":"article","og_title":"Armand Guillaumin: el pintor impresionista que influy\u00f3 en la obra de C\u00e9zanne y Pisarro. - Blog de Rafael Ram\u00edrez","og_description":"Armand Guillaumin\u00a0fue un pintor, lit\u00f3grafo y dibujante franc\u00e9s nacido el\u00a016 de febrero de 1841\u00a0en\u00a0Moulins, Picard\u00eda, y fallecido el\u00a026 de junio de 1927\u00a0en\u00a0Orly, Francia. Es conocido por su estilo impresionista y por ser uno de los primeros y m\u00e1s fieles participantes del grupo de los impresionistas. Desde joven vivi\u00f3 en Par\u00eds, donde trabaj\u00f3 en la mercer\u00eda [&hellip;]","og_url":"https:\/\/rafaramirez.org\/blog\/index.php\/2024\/07\/29\/armand-guillaumin-el-pintor-impresionista-que-influyo-en-la-obra-de-cezanne-y-pisarro\/","og_site_name":"Blog de Rafael Ram\u00edrez","article_published_time":"2024-07-29T06:15:19+00:00","article_modified_time":"2026-07-14T09:47:22+00:00","og_image":[{"width":750,"height":450,"url":"https:\/\/rafaramirez.org\/blog\/wp-content\/uploads\/2024\/07\/Armand-Guillaumin_bannerblog.jpg","type":"image\/jpeg"}],"author":"Documentaci\u00f3n e investigaci\u00f3n","twitter_card":"summary_large_image","twitter_site":"@rafaramirez_ok","twitter_misc":{"Escrito por":"Documentaci\u00f3n e investigaci\u00f3n","Tiempo de lectura":"4 minutos"},"schema":{"@context":"https:\/\/schema.org","@graph":[{"@type":"Article","@id":"https:\/\/rafaramirez.org\/blog\/index.php\/2024\/07\/29\/armand-guillaumin-el-pintor-impresionista-que-influyo-en-la-obra-de-cezanne-y-pisarro\/#article","isPartOf":{"@id":"https:\/\/rafaramirez.org\/blog\/index.php\/2024\/07\/29\/armand-guillaumin-el-pintor-impresionista-que-influyo-en-la-obra-de-cezanne-y-pisarro\/"},"author":{"name":"Documentaci\u00f3n e investigaci\u00f3n","@id":"https:\/\/rafaramirez.org\/blog\/#\/schema\/person\/8debd05b3d9a1d16fb21af726811617d"},"headline":"Armand Guillaumin: el pintor impresionista que influy\u00f3 en la obra de C\u00e9zanne y Pisarro.","datePublished":"2024-07-29T06:15:19+00:00","dateModified":"2026-07-14T09:47:22+00:00","mainEntityOfPage":{"@id":"https:\/\/rafaramirez.org\/blog\/index.php\/2024\/07\/29\/armand-guillaumin-el-pintor-impresionista-que-influyo-en-la-obra-de-cezanne-y-pisarro\/"},"wordCount":834,"commentCount":0,"publisher":{"@id":"https:\/\/rafaramirez.org\/blog\/#\/schema\/person\/50f43b6d60c578760d4c17bda54ab6a5"},"image":{"@id":"https:\/\/rafaramirez.org\/blog\/index.php\/2024\/07\/29\/armand-guillaumin-el-pintor-impresionista-que-influyo-en-la-obra-de-cezanne-y-pisarro\/#primaryimage"},"thumbnailUrl":"https:\/\/rafaramirez.org\/blog\/wp-content\/uploads\/2024\/07\/Armand-Guillaumin_bannerblog.jpg","keywords":["16 de febrero de 1841","1873","26 de junio de 1927","Academia Suiza\u00a0en Par\u00eds","Armand Guillaumin","arte y pintura","biograf\u00eda","biograf\u00eda de Armand Guillaumin","blog de Rafael Ram\u00edrez","Camille Pissarro","c\u00edrculo impresionista","cuadros impresionistas","dibujante","\u00c9cole de Crozant","El Sena (1867)","estilo impresionista","franc\u00e9s","Francia","grabado al aguafuerte","grupo de los impresionistas","Guillaumin con ahorcado","historia del impresionismo","Hueco en la Nieve (1869)","impresionismo","impresionismo franc\u00e9s","impresionismo puro","Influencia Post-Impresionista","La Place Valhubert","lit\u00f3grafo","Moulins","Nieve (1874)","Notre Dame","Orly","paisajes urbanos y rurales","Paris","Paul C\u00e9zanne","Paul Gauguin","Picard\u00eda","pintor","pintura impresionista","Puesta de sol en Ivry","Quai d\u2019Anjou","Quai de la Gare","regi\u00f3n de\u00a0Creuse","r\u00edo Sena","Salon des Refus\u00e9s","siglo XIX","siglo XX"],"articleSection":["Historia del arte"],"inLanguage":"es","potentialAction":[{"@type":"CommentAction","name":"Comment","target":["https:\/\/rafaramirez.org\/blog\/index.php\/2024\/07\/29\/armand-guillaumin-el-pintor-impresionista-que-influyo-en-la-obra-de-cezanne-y-pisarro\/#respond"]}]},{"@type":"WebPage","@id":"https:\/\/rafaramirez.org\/blog\/index.php\/2024\/07\/29\/armand-guillaumin-el-pintor-impresionista-que-influyo-en-la-obra-de-cezanne-y-pisarro\/","url":"https:\/\/rafaramirez.org\/blog\/index.php\/2024\/07\/29\/armand-guillaumin-el-pintor-impresionista-que-influyo-en-la-obra-de-cezanne-y-pisarro\/","name":"Armand Guillaumin: el pintor impresionista que influy\u00f3 en la obra de C\u00e9zanne y Pisarro. - Blog de Rafael Ram\u00edrez","isPartOf":{"@id":"https:\/\/rafaramirez.org\/blog\/#website"},"primaryImageOfPage":{"@id":"https:\/\/rafaramirez.org\/blog\/index.php\/2024\/07\/29\/armand-guillaumin-el-pintor-impresionista-que-influyo-en-la-obra-de-cezanne-y-pisarro\/#primaryimage"},"image":{"@id":"https:\/\/rafaramirez.org\/blog\/index.php\/2024\/07\/29\/armand-guillaumin-el-pintor-impresionista-que-influyo-en-la-obra-de-cezanne-y-pisarro\/#primaryimage"},"thumbnailUrl":"https:\/\/rafaramirez.org\/blog\/wp-content\/uploads\/2024\/07\/Armand-Guillaumin_bannerblog.jpg","datePublished":"2024-07-29T06:15:19+00:00","dateModified":"2026-07-14T09:47:22+00:00","breadcrumb":{"@id":"https:\/\/rafaramirez.org\/blog\/index.php\/2024\/07\/29\/armand-guillaumin-el-pintor-impresionista-que-influyo-en-la-obra-de-cezanne-y-pisarro\/#breadcrumb"},"inLanguage":"es","potentialAction":[{"@type":"ReadAction","target":["https:\/\/rafaramirez.org\/blog\/index.php\/2024\/07\/29\/armand-guillaumin-el-pintor-impresionista-que-influyo-en-la-obra-de-cezanne-y-pisarro\/"]}]},{"@type":"ImageObject","inLanguage":"es","@id":"https:\/\/rafaramirez.org\/blog\/index.php\/2024\/07\/29\/armand-guillaumin-el-pintor-impresionista-que-influyo-en-la-obra-de-cezanne-y-pisarro\/#primaryimage","url":"https:\/\/rafaramirez.org\/blog\/wp-content\/uploads\/2024\/07\/Armand-Guillaumin_bannerblog.jpg","contentUrl":"https:\/\/rafaramirez.org\/blog\/wp-content\/uploads\/2024\/07\/Armand-Guillaumin_bannerblog.jpg","width":750,"height":450,"caption":"Armand Guillaumin. Blog de Rafael Ram\u00edrez."},{"@type":"BreadcrumbList","@id":"https:\/\/rafaramirez.org\/blog\/index.php\/2024\/07\/29\/armand-guillaumin-el-pintor-impresionista-que-influyo-en-la-obra-de-cezanne-y-pisarro\/#breadcrumb","itemListElement":[{"@type":"ListItem","position":1,"name":"Portada","item":"https:\/\/rafaramirez.org\/blog\/"},{"@type":"ListItem","position":2,"name":"Armand Guillaumin: el pintor impresionista que influy\u00f3 en la obra de C\u00e9zanne y Pisarro."}]},{"@type":"WebSite","@id":"https:\/\/rafaramirez.org\/blog\/#website","url":"https:\/\/rafaramirez.org\/blog\/","name":"Blog de Rafael Ram\u00edrez","description":"Un sitio social, de arte y cultura","publisher":{"@id":"https:\/\/rafaramirez.org\/blog\/#\/schema\/person\/50f43b6d60c578760d4c17bda54ab6a5"},"potentialAction":[{"@type":"SearchAction","target":{"@type":"EntryPoint","urlTemplate":"https:\/\/rafaramirez.org\/blog\/?s={search_term_string}"},"query-input":{"@type":"PropertyValueSpecification","valueRequired":true,"valueName":"search_term_string"}}],"inLanguage":"es"},{"@type":["Person","Organization"],"@id":"https:\/\/rafaramirez.org\/blog\/#\/schema\/person\/50f43b6d60c578760d4c17bda54ab6a5","name":"Rafael Ram\u00edrez","image":{"@type":"ImageObject","inLanguage":"es","@id":"https:\/\/rafaramirez.org\/blog\/wp-content\/uploads\/2024\/09\/RR_socialnetwork.jpg","url":"https:\/\/rafaramirez.org\/blog\/wp-content\/uploads\/2024\/09\/RR_socialnetwork.jpg","contentUrl":"https:\/\/rafaramirez.org\/blog\/wp-content\/uploads\/2024\/09\/RR_socialnetwork.jpg","width":600,"height":606,"caption":"Rafael Ram\u00edrez"},"logo":{"@id":"https:\/\/rafaramirez.org\/blog\/wp-content\/uploads\/2024\/09\/RR_socialnetwork.jpg"},"sameAs":["https:\/\/www.rafaramirez.org\/blog","https:\/\/www.instagram.com\/rafaramirez_ok\/","https:\/\/es.pinterest.com\/Ramirez_Rafa\/","https:\/\/x.com\/rafaramirez_ok"]},{"@type":"Person","@id":"https:\/\/rafaramirez.org\/blog\/#\/schema\/person\/8debd05b3d9a1d16fb21af726811617d","name":"Documentaci\u00f3n e investigaci\u00f3n","image":{"@type":"ImageObject","inLanguage":"es","@id":"https:\/\/secure.gravatar.com\/avatar\/fe70e496579a39c7a8fc4982b89275403b1092eb200623138a32daada9416911?s=96&d=mm&r=g","url":"https:\/\/secure.gravatar.com\/avatar\/fe70e496579a39c7a8fc4982b89275403b1092eb200623138a32daada9416911?s=96&d=mm&r=g","contentUrl":"https:\/\/secure.gravatar.com\/avatar\/fe70e496579a39c7a8fc4982b89275403b1092eb200623138a32daada9416911?s=96&d=mm&r=g","caption":"Documentaci\u00f3n e investigaci\u00f3n"},"url":"https:\/\/rafaramirez.org\/blog\/index.php\/author\/admin\/"}]}},"jetpack_publicize_connections":[],"jetpack_sharing_enabled":true,"jetpack_likes_enabled":true,"jetpack_featured_media_url":"https:\/\/rafaramirez.org\/blog\/wp-content\/uploads\/2024\/07\/Armand-Guillaumin_bannerblog.jpg","_links":{"self":[{"href":"https:\/\/rafaramirez.org\/blog\/index.php\/wp-json\/wp\/v2\/posts\/5217","targetHints":{"allow":["GET"]}}],"collection":[{"href":"https:\/\/rafaramirez.org\/blog\/index.php\/wp-json\/wp\/v2\/posts"}],"about":[{"href":"https:\/\/rafaramirez.org\/blog\/index.php\/wp-json\/wp\/v2\/types\/post"}],"author":[{"embeddable":true,"href":"https:\/\/rafaramirez.org\/blog\/index.php\/wp-json\/wp\/v2\/users\/3"}],"replies":[{"embeddable":true,"href":"https:\/\/rafaramirez.org\/blog\/index.php\/wp-json\/wp\/v2\/comments?post=5217"}],"version-history":[{"count":11,"href":"https:\/\/rafaramirez.org\/blog\/index.php\/wp-json\/wp\/v2\/posts\/5217\/revisions"}],"predecessor-version":[{"id":5494,"href":"https:\/\/rafaramirez.org\/blog\/index.php\/wp-json\/wp\/v2\/posts\/5217\/revisions\/5494"}],"wp:featuredmedia":[{"embeddable":true,"href":"https:\/\/rafaramirez.org\/blog\/index.php\/wp-json\/wp\/v2\/media\/5232"}],"wp:attachment":[{"href":"https:\/\/rafaramirez.org\/blog\/index.php\/wp-json\/wp\/v2\/media?parent=5217"}],"wp:term":[{"taxonomy":"category","embeddable":true,"href":"https:\/\/rafaramirez.org\/blog\/index.php\/wp-json\/wp\/v2\/categories?post=5217"},{"taxonomy":"post_tag","embeddable":true,"href":"https:\/\/rafaramirez.org\/blog\/index.php\/wp-json\/wp\/v2\/tags?post=5217"}],"curies":[{"name":"wp","href":"https:\/\/api.w.org\/{rel}","templated":true}]}}