{"id":5179,"date":"2024-07-26T08:15:26","date_gmt":"2024-07-26T06:15:26","guid":{"rendered":"https:\/\/rafaramirez.org\/blog\/?p=5179"},"modified":"2024-07-26T09:50:33","modified_gmt":"2024-07-26T07:50:33","slug":"dia-de-los-abuelos","status":"publish","type":"post","link":"https:\/\/rafaramirez.org\/blog\/index.php\/2024\/07\/26\/dia-de-los-abuelos\/","title":{"rendered":"D\u00eda de los Abuelos: tributo a su amor, cuidado y contribuci\u00f3n a nuestras vidas."},"content":{"rendered":"<p>El\u00a0<strong>D\u00eda de los Abuelos<\/strong> tiene una ra\u00edz religiosa, propia de la liturgia cristiana. En algunos pa\u00edses de cultura cristiana, como Espa\u00f1a, se celebra el\u00a0<strong>26 de julio<\/strong>\u00a0en honor a estos santos.\u00a0Adem\u00e1s, a nivel internacional, la\u00a0<strong>ONU<\/strong>\u00a0promueve el\u00a0<strong>D\u00eda Internacional de las Personas de Edad<\/strong>\u00a0el\u00a0<strong>1 de octubre<\/strong>.<\/p>\n<p>Esta festividad fue promovida por la\u00a0<strong>ONG Fundaci\u00f3n Mensajeros de la Paz<\/strong>, con la iniciativa del\u00a0<strong>padre \u00c1ngel<\/strong>\u00a0en\u00a0<strong>1998<\/strong>.\u00a0La elecci\u00f3n de esta fecha no es casual: coincide con la festividad de\u00a0<strong>San Joaqu\u00edn y Santa Ana<\/strong>, quienes fueron los padres de la Virgen Mar\u00eda y, por lo tanto, los abuelos de Jes\u00fas seg\u00fan la Biblia. Google incluso dedic\u00f3 un <strong>Doodle animado<\/strong> para recordar este d\u00eda.<\/p>\n<p>Los abuelos desempe\u00f1an un papel fundamental en la sociedad actual. Aqu\u00ed hay algunas razones por las que son importantes:<\/p>\n<ol>\n<li><strong>Transmisi\u00f3n de conocimientos y valores<\/strong>: Los abuelos comparten su sabidur\u00eda, experiencias y tradiciones familiares con las generaciones m\u00e1s j\u00f3venes. A trav\u00e9s de historias, consejos y ejemplos, ayudan a preservar la cultura y los valores familiares.<\/li>\n<li><strong>Apoyo emocional<\/strong>: Los abuelos brindan amor incondicional y apoyo emocional a sus nietos. Su presencia afectuosa y comprensi\u00f3n puede ser reconfortante en momentos dif\u00edciles.<\/li>\n<li><strong>Cuidado y crianza<\/strong>: Muchos abuelos cuidan activamente de sus nietos, ya sea de manera ocasional o como cuidadores principales. Proporcionan un entorno seguro y afectuoso para el crecimiento y desarrollo de los ni\u00f1os.<\/li>\n<li><strong>Reducci\u00f3n de la soledad<\/strong>: Para los abuelos mayores, la interacci\u00f3n con sus nietos es una fuente de compa\u00f1\u00eda y alegr\u00eda. Ayuda a combatir la soledad y a mantenerse activos f\u00edsica y mentalmente.<\/li>\n<li><strong>Apoyo econ\u00f3mico<\/strong>: En algunas familias, los abuelos contribuyen econ\u00f3micamente al hogar. Esto puede ser especialmente relevante en situaciones dif\u00edciles.\n<p><figure id=\"attachment_5183\" aria-describedby=\"caption-attachment-5183\" style=\"width: 300px\" class=\"wp-caption aligncenter\"><a href=\"https:\/\/rafaramirez.org\/blog\/wp-content\/uploads\/2024\/07\/grandparents-8577355_1920.jpg\" target=\"_blank\" rel=\"noopener\"><img loading=\"lazy\" decoding=\"async\" class=\"wp-image-5183 size-medium\" src=\"https:\/\/rafaramirez.org\/blog\/wp-content\/uploads\/2024\/07\/grandparents-8577355_1920-300x200.jpg\" alt=\"D\u00eda de los Abuelos. Blog de Rafael Ram\u00edrez.\" width=\"300\" height=\"200\" srcset=\"https:\/\/rafaramirez.org\/blog\/wp-content\/uploads\/2024\/07\/grandparents-8577355_1920-300x200.jpg 300w, https:\/\/rafaramirez.org\/blog\/wp-content\/uploads\/2024\/07\/grandparents-8577355_1920-1024x683.jpg 1024w, https:\/\/rafaramirez.org\/blog\/wp-content\/uploads\/2024\/07\/grandparents-8577355_1920-768x512.jpg 768w, https:\/\/rafaramirez.org\/blog\/wp-content\/uploads\/2024\/07\/grandparents-8577355_1920-1536x1024.jpg 1536w, https:\/\/rafaramirez.org\/blog\/wp-content\/uploads\/2024\/07\/grandparents-8577355_1920.jpg 1920w\" sizes=\"auto, (max-width: 300px) 100vw, 300px\" \/><\/a><figcaption id=\"caption-attachment-5183\" class=\"wp-caption-text\">D\u00eda de los Abuelos. Blog de Rafael Ram\u00edrez.<\/figcaption><\/figure><\/li>\n<\/ol>\n<p><strong>Es dif\u00edcil cuantificar <\/strong>cuanto debemos a los abuelos en nuestra sociedad actual. Sin embargo, su amor, cuidado y contribuci\u00f3n a nuestras vidas son invaluables.<strong> Agradecerles y honrarlos en el D\u00eda de los Abuelos\u00a0es una forma de reconocer todo lo que hacen por nosotros. \ud83c\udf1f<\/strong><\/p>\n<p><strong>\u00bfY t\u00fa que opinas? Como siempre puedes dejar tus comentarios debajo del post. \u00a1Saludos!<\/strong><\/p>\n<p>M\u00e1s informaci\u00f3n:<\/p>\n<ul>\n<li><a href=\"https:\/\/es.wikipedia.org\/wiki\/D%C3%ADa_del_Abuelo\" target=\"_blank\" rel=\"noopener\">Wikipedia.es<\/a><\/li>\n<li><a href=\"https:\/\/www.elperiodico.com\/es\/sociedad\/20210726\/dia-abuelo-celebra-26-julio-11941957\" target=\"_blank\" rel=\"noopener\">El Peri\u00f3dico.com<\/a><\/li>\n<li><a href=\"https:\/\/mensajerosdelapaz.com\/especial-dia-de-los-abuelos\/\" target=\"_blank\" rel=\"noopener\">Mensajeros de la Paz.com<\/a><\/li>\n<\/ul>\n","protected":false},"excerpt":{"rendered":"<p>El\u00a0D\u00eda de los Abuelos tiene una ra\u00edz religiosa, propia de la liturgia cristiana. En algunos pa\u00edses de cultura cristiana, como Espa\u00f1a, se celebra el\u00a026 de julio\u00a0en honor a estos santos.\u00a0Adem\u00e1s, a nivel internacional, la\u00a0ONU\u00a0promueve el\u00a0D\u00eda Internacional de las Personas de Edad\u00a0el\u00a01 de octubre. Esta festividad fue promovida por la\u00a0ONG Fundaci\u00f3n Mensajeros de la Paz, con [&hellip;]<\/p>\n","protected":false},"author":1,"featured_media":5185,"comment_status":"open","ping_status":"closed","sticky":false,"template":"","format":"standard","meta":{"site-container-style":"default","site-container-layout":"default","site-sidebar-layout":"default","disable-article-header":"default","disable-site-header":"default","disable-site-footer":"default","disable-content-area-spacing":"default","_jetpack_newsletter_access":"","_jetpack_dont_email_post_to_subs":false,"_jetpack_newsletter_tier_id":0,"_jetpack_memberships_contains_paywalled_content":false,"_jetpack_feature_clip_id":0,"_jetpack_memberships_contains_paid_content":false,"footnotes":"","jetpack_publicize_message":"","jetpack_publicize_feature_enabled":true,"jetpack_social_post_already_shared":true,"jetpack_social_options":{"image_generator_settings":{"template":"highway","default_image_id":0,"font":"","enabled":false},"version":2},"jetpack_post_was_ever_published":false},"categories":[1291,15],"tags":[2824,2829,2822,2837,2832,2833,68,2835,2821,2823,1323,2834,2830,2836,2826,957,330,2825,1702,2828,998,2296,2827,2831],"class_list":["post-5179","post","type-post","status-publish","format-standard","has-post-thumbnail","hentry","category-efemerides","category-noticias-sociales","tag-1-de-octubre","tag-2829","tag-26-de-julio","tag-activos-fisica-y-mentalmente","tag-amor-incondicional","tag-apoyo-emocional","tag-blog-de-rafael-ramirez","tag-crecimiento-y-desarrollo-de-los-ninos","tag-dia-de-los-abuelos","tag-dia-internacional-de-las-personas-de-edad","tag-efemerides","tag-entorno-seguro-y-afectuoso","tag-experiencias","tag-fuente-de-compania-y-alegria","tag-fundacion-mensajeros-de-la-paz","tag-labor-social","tag-noticias-sociales","tag-ong","tag-onu","tag-padre-angel","tag-problema-social","tag-sabiduria","tag-san-joaquin-y-santa-ana","tag-tradiciones-familiares"],"yoast_head":"<!-- This site is optimized with the Yoast SEO plugin v28.4 - https:\/\/yoast.com\/product\/yoast-seo-wordpress\/ -->\n<title>D\u00eda de los Abuelos: tributo a su amor, cuidado y contribuci\u00f3n a nuestras vidas. - Blog de Rafael Ram\u00edrez<\/title>\n<meta name=\"robots\" content=\"index, follow, max-snippet:-1, max-image-preview:large, max-video-preview:-1\" \/>\n<link rel=\"canonical\" href=\"https:\/\/rafaramirez.org\/blog\/index.php\/2024\/07\/26\/dia-de-los-abuelos\/\" \/>\n<meta property=\"og:locale\" content=\"es_ES\" \/>\n<meta property=\"og:type\" content=\"article\" \/>\n<meta property=\"og:title\" content=\"D\u00eda de los Abuelos: tributo a su amor, cuidado y contribuci\u00f3n a nuestras vidas. - Blog de Rafael Ram\u00edrez\" \/>\n<meta property=\"og:description\" content=\"El\u00a0D\u00eda de los Abuelos tiene una ra\u00edz religiosa, propia de la liturgia cristiana. En algunos pa\u00edses de cultura cristiana, como Espa\u00f1a, se celebra el\u00a026 de julio\u00a0en honor a estos santos.\u00a0Adem\u00e1s, a nivel internacional, la\u00a0ONU\u00a0promueve el\u00a0D\u00eda Internacional de las Personas de Edad\u00a0el\u00a01 de octubre. Esta festividad fue promovida por la\u00a0ONG Fundaci\u00f3n Mensajeros de la Paz, con [&hellip;]\" \/>\n<meta property=\"og:url\" content=\"https:\/\/rafaramirez.org\/blog\/index.php\/2024\/07\/26\/dia-de-los-abuelos\/\" \/>\n<meta property=\"og:site_name\" content=\"Blog de Rafael Ram\u00edrez\" \/>\n<meta property=\"article:published_time\" content=\"2024-07-26T06:15:26+00:00\" \/>\n<meta property=\"article:modified_time\" content=\"2024-07-26T07:50:33+00:00\" \/>\n<meta property=\"og:image\" content=\"https:\/\/rafaramirez.org\/blog\/wp-content\/uploads\/2024\/07\/dia-de-los-abuelos_banner_ok2.jpg\" \/>\n\t<meta property=\"og:image:width\" content=\"750\" \/>\n\t<meta property=\"og:image:height\" content=\"424\" \/>\n\t<meta property=\"og:image:type\" content=\"image\/jpeg\" \/>\n<meta name=\"author\" content=\"Rafael Ram\u00edrez\" \/>\n<meta name=\"twitter:card\" content=\"summary_large_image\" \/>\n<meta name=\"twitter:creator\" content=\"@rafaramirez_ok\" \/>\n<meta name=\"twitter:site\" content=\"@rafaramirez_ok\" \/>\n<meta name=\"twitter:label1\" content=\"Escrito por\" \/>\n\t<meta name=\"twitter:data1\" content=\"Rafael Ram\u00edrez\" \/>\n\t<meta name=\"twitter:label2\" content=\"Tiempo de lectura\" \/>\n\t<meta name=\"twitter:data2\" content=\"2 minutos\" \/>\n<script type=\"application\/ld+json\" class=\"yoast-schema-graph\">{\"@context\":\"https:\\\/\\\/schema.org\",\"@graph\":[{\"@type\":\"Article\",\"@id\":\"https:\\\/\\\/rafaramirez.org\\\/blog\\\/index.php\\\/2024\\\/07\\\/26\\\/dia-de-los-abuelos\\\/#article\",\"isPartOf\":{\"@id\":\"https:\\\/\\\/rafaramirez.org\\\/blog\\\/index.php\\\/2024\\\/07\\\/26\\\/dia-de-los-abuelos\\\/\"},\"author\":{\"name\":\"Rafael Ram\u00edrez\",\"@id\":\"https:\\\/\\\/rafaramirez.org\\\/blog\\\/#\\\/schema\\\/person\\\/50f43b6d60c578760d4c17bda54ab6a5\"},\"headline\":\"D\u00eda de los Abuelos: tributo a su amor, cuidado y contribuci\u00f3n a nuestras vidas.\",\"datePublished\":\"2024-07-26T06:15:26+00:00\",\"dateModified\":\"2024-07-26T07:50:33+00:00\",\"mainEntityOfPage\":{\"@id\":\"https:\\\/\\\/rafaramirez.org\\\/blog\\\/index.php\\\/2024\\\/07\\\/26\\\/dia-de-los-abuelos\\\/\"},\"wordCount\":417,\"commentCount\":0,\"publisher\":{\"@id\":\"https:\\\/\\\/rafaramirez.org\\\/blog\\\/#\\\/schema\\\/person\\\/50f43b6d60c578760d4c17bda54ab6a5\"},\"image\":{\"@id\":\"https:\\\/\\\/rafaramirez.org\\\/blog\\\/index.php\\\/2024\\\/07\\\/26\\\/dia-de-los-abuelos\\\/#primaryimage\"},\"thumbnailUrl\":\"https:\\\/\\\/rafaramirez.org\\\/blog\\\/wp-content\\\/uploads\\\/2024\\\/07\\\/dia-de-los-abuelos_banner_ok2.jpg\",\"keywords\":[\"1 de octubre\",\"1998\",\"26 de julio\",\"activos f\u00edsica y mentalmente\",\"amor incondicional\",\"apoyo emocional\",\"blog de Rafael Ram\u00edrez\",\"crecimiento y desarrollo de los ni\u00f1os\",\"D\u00eda de los Abuelos\",\"D\u00eda Internacional de las Personas de Edad\",\"efem\u00e9rides\",\"entorno seguro y afectuoso\",\"experiencias\",\"fuente de compa\u00f1\u00eda y alegr\u00eda\",\"Fundaci\u00f3n Mensajeros de la Paz\",\"labor social\",\"noticias sociales\",\"ONG\",\"ONU\",\"padre \u00c1ngel\",\"problema social\",\"sabidur\u00eda\",\"San Joaqu\u00edn y Santa Ana\",\"tradiciones familiares\"],\"articleSection\":[\"Efem\u00e9rides\",\"Informe social\"],\"inLanguage\":\"es\",\"potentialAction\":[{\"@type\":\"CommentAction\",\"name\":\"Comment\",\"target\":[\"https:\\\/\\\/rafaramirez.org\\\/blog\\\/index.php\\\/2024\\\/07\\\/26\\\/dia-de-los-abuelos\\\/#respond\"]}]},{\"@type\":\"WebPage\",\"@id\":\"https:\\\/\\\/rafaramirez.org\\\/blog\\\/index.php\\\/2024\\\/07\\\/26\\\/dia-de-los-abuelos\\\/\",\"url\":\"https:\\\/\\\/rafaramirez.org\\\/blog\\\/index.php\\\/2024\\\/07\\\/26\\\/dia-de-los-abuelos\\\/\",\"name\":\"D\u00eda de los Abuelos: tributo a su amor, cuidado y contribuci\u00f3n a nuestras vidas. - Blog de Rafael Ram\u00edrez\",\"isPartOf\":{\"@id\":\"https:\\\/\\\/rafaramirez.org\\\/blog\\\/#website\"},\"primaryImageOfPage\":{\"@id\":\"https:\\\/\\\/rafaramirez.org\\\/blog\\\/index.php\\\/2024\\\/07\\\/26\\\/dia-de-los-abuelos\\\/#primaryimage\"},\"image\":{\"@id\":\"https:\\\/\\\/rafaramirez.org\\\/blog\\\/index.php\\\/2024\\\/07\\\/26\\\/dia-de-los-abuelos\\\/#primaryimage\"},\"thumbnailUrl\":\"https:\\\/\\\/rafaramirez.org\\\/blog\\\/wp-content\\\/uploads\\\/2024\\\/07\\\/dia-de-los-abuelos_banner_ok2.jpg\",\"datePublished\":\"2024-07-26T06:15:26+00:00\",\"dateModified\":\"2024-07-26T07:50:33+00:00\",\"breadcrumb\":{\"@id\":\"https:\\\/\\\/rafaramirez.org\\\/blog\\\/index.php\\\/2024\\\/07\\\/26\\\/dia-de-los-abuelos\\\/#breadcrumb\"},\"inLanguage\":\"es\",\"potentialAction\":[{\"@type\":\"ReadAction\",\"target\":[\"https:\\\/\\\/rafaramirez.org\\\/blog\\\/index.php\\\/2024\\\/07\\\/26\\\/dia-de-los-abuelos\\\/\"]}]},{\"@type\":\"ImageObject\",\"inLanguage\":\"es\",\"@id\":\"https:\\\/\\\/rafaramirez.org\\\/blog\\\/index.php\\\/2024\\\/07\\\/26\\\/dia-de-los-abuelos\\\/#primaryimage\",\"url\":\"https:\\\/\\\/rafaramirez.org\\\/blog\\\/wp-content\\\/uploads\\\/2024\\\/07\\\/dia-de-los-abuelos_banner_ok2.jpg\",\"contentUrl\":\"https:\\\/\\\/rafaramirez.org\\\/blog\\\/wp-content\\\/uploads\\\/2024\\\/07\\\/dia-de-los-abuelos_banner_ok2.jpg\",\"width\":750,\"height\":424,\"caption\":\"D\u00eda de los Abuelos. Blog de Rafael Ram\u00edrez.\"},{\"@type\":\"BreadcrumbList\",\"@id\":\"https:\\\/\\\/rafaramirez.org\\\/blog\\\/index.php\\\/2024\\\/07\\\/26\\\/dia-de-los-abuelos\\\/#breadcrumb\",\"itemListElement\":[{\"@type\":\"ListItem\",\"position\":1,\"name\":\"Portada\",\"item\":\"https:\\\/\\\/rafaramirez.org\\\/blog\\\/\"},{\"@type\":\"ListItem\",\"position\":2,\"name\":\"D\u00eda de los Abuelos: tributo a su amor, cuidado y contribuci\u00f3n a nuestras vidas.\"}]},{\"@type\":\"WebSite\",\"@id\":\"https:\\\/\\\/rafaramirez.org\\\/blog\\\/#website\",\"url\":\"https:\\\/\\\/rafaramirez.org\\\/blog\\\/\",\"name\":\"Blog de Rafael Ram\u00edrez\",\"description\":\"Un sitio social, de arte y cultura\",\"publisher\":{\"@id\":\"https:\\\/\\\/rafaramirez.org\\\/blog\\\/#\\\/schema\\\/person\\\/50f43b6d60c578760d4c17bda54ab6a5\"},\"potentialAction\":[{\"@type\":\"SearchAction\",\"target\":{\"@type\":\"EntryPoint\",\"urlTemplate\":\"https:\\\/\\\/rafaramirez.org\\\/blog\\\/?s={search_term_string}\"},\"query-input\":{\"@type\":\"PropertyValueSpecification\",\"valueRequired\":true,\"valueName\":\"search_term_string\"}}],\"inLanguage\":\"es\"},{\"@type\":[\"Person\",\"Organization\"],\"@id\":\"https:\\\/\\\/rafaramirez.org\\\/blog\\\/#\\\/schema\\\/person\\\/50f43b6d60c578760d4c17bda54ab6a5\",\"name\":\"Rafael Ram\u00edrez\",\"image\":{\"@type\":\"ImageObject\",\"inLanguage\":\"es\",\"@id\":\"https:\\\/\\\/rafaramirez.org\\\/blog\\\/wp-content\\\/uploads\\\/2024\\\/09\\\/RR_socialnetwork.jpg\",\"url\":\"https:\\\/\\\/rafaramirez.org\\\/blog\\\/wp-content\\\/uploads\\\/2024\\\/09\\\/RR_socialnetwork.jpg\",\"contentUrl\":\"https:\\\/\\\/rafaramirez.org\\\/blog\\\/wp-content\\\/uploads\\\/2024\\\/09\\\/RR_socialnetwork.jpg\",\"width\":600,\"height\":606,\"caption\":\"Rafael Ram\u00edrez\"},\"logo\":{\"@id\":\"https:\\\/\\\/rafaramirez.org\\\/blog\\\/wp-content\\\/uploads\\\/2024\\\/09\\\/RR_socialnetwork.jpg\"},\"sameAs\":[\"https:\\\/\\\/www.rafaramirez.org\\\/blog\",\"https:\\\/\\\/www.instagram.com\\\/rafaramirez_ok\\\/\",\"https:\\\/\\\/es.pinterest.com\\\/Ramirez_Rafa\\\/\",\"https:\\\/\\\/x.com\\\/rafaramirez_ok\"],\"url\":\"https:\\\/\\\/rafaramirez.org\\\/blog\\\/index.php\\\/author\\\/rafaell_qm6j97da\\\/\"}]}<\/script>\n<!-- \/ Yoast SEO plugin. -->","yoast_head_json":{"title":"D\u00eda de los Abuelos: tributo a su amor, cuidado y contribuci\u00f3n a nuestras vidas. - Blog de Rafael Ram\u00edrez","robots":{"index":"index","follow":"follow","max-snippet":"max-snippet:-1","max-image-preview":"max-image-preview:large","max-video-preview":"max-video-preview:-1"},"canonical":"https:\/\/rafaramirez.org\/blog\/index.php\/2024\/07\/26\/dia-de-los-abuelos\/","og_locale":"es_ES","og_type":"article","og_title":"D\u00eda de los Abuelos: tributo a su amor, cuidado y contribuci\u00f3n a nuestras vidas. - Blog de Rafael Ram\u00edrez","og_description":"El\u00a0D\u00eda de los Abuelos tiene una ra\u00edz religiosa, propia de la liturgia cristiana. En algunos pa\u00edses de cultura cristiana, como Espa\u00f1a, se celebra el\u00a026 de julio\u00a0en honor a estos santos.\u00a0Adem\u00e1s, a nivel internacional, la\u00a0ONU\u00a0promueve el\u00a0D\u00eda Internacional de las Personas de Edad\u00a0el\u00a01 de octubre. Esta festividad fue promovida por la\u00a0ONG Fundaci\u00f3n Mensajeros de la Paz, con [&hellip;]","og_url":"https:\/\/rafaramirez.org\/blog\/index.php\/2024\/07\/26\/dia-de-los-abuelos\/","og_site_name":"Blog de Rafael Ram\u00edrez","article_published_time":"2024-07-26T06:15:26+00:00","article_modified_time":"2024-07-26T07:50:33+00:00","og_image":[{"width":750,"height":424,"url":"https:\/\/rafaramirez.org\/blog\/wp-content\/uploads\/2024\/07\/dia-de-los-abuelos_banner_ok2.jpg","type":"image\/jpeg"}],"author":"Rafael Ram\u00edrez","twitter_card":"summary_large_image","twitter_creator":"@rafaramirez_ok","twitter_site":"@rafaramirez_ok","twitter_misc":{"Escrito por":"Rafael Ram\u00edrez","Tiempo de lectura":"2 minutos"},"schema":{"@context":"https:\/\/schema.org","@graph":[{"@type":"Article","@id":"https:\/\/rafaramirez.org\/blog\/index.php\/2024\/07\/26\/dia-de-los-abuelos\/#article","isPartOf":{"@id":"https:\/\/rafaramirez.org\/blog\/index.php\/2024\/07\/26\/dia-de-los-abuelos\/"},"author":{"name":"Rafael Ram\u00edrez","@id":"https:\/\/rafaramirez.org\/blog\/#\/schema\/person\/50f43b6d60c578760d4c17bda54ab6a5"},"headline":"D\u00eda de los Abuelos: tributo a su amor, cuidado y contribuci\u00f3n a nuestras vidas.","datePublished":"2024-07-26T06:15:26+00:00","dateModified":"2024-07-26T07:50:33+00:00","mainEntityOfPage":{"@id":"https:\/\/rafaramirez.org\/blog\/index.php\/2024\/07\/26\/dia-de-los-abuelos\/"},"wordCount":417,"commentCount":0,"publisher":{"@id":"https:\/\/rafaramirez.org\/blog\/#\/schema\/person\/50f43b6d60c578760d4c17bda54ab6a5"},"image":{"@id":"https:\/\/rafaramirez.org\/blog\/index.php\/2024\/07\/26\/dia-de-los-abuelos\/#primaryimage"},"thumbnailUrl":"https:\/\/rafaramirez.org\/blog\/wp-content\/uploads\/2024\/07\/dia-de-los-abuelos_banner_ok2.jpg","keywords":["1 de octubre","1998","26 de julio","activos f\u00edsica y mentalmente","amor incondicional","apoyo emocional","blog de Rafael Ram\u00edrez","crecimiento y desarrollo de los ni\u00f1os","D\u00eda de los Abuelos","D\u00eda Internacional de las Personas de Edad","efem\u00e9rides","entorno seguro y afectuoso","experiencias","fuente de compa\u00f1\u00eda y alegr\u00eda","Fundaci\u00f3n Mensajeros de la Paz","labor social","noticias sociales","ONG","ONU","padre \u00c1ngel","problema social","sabidur\u00eda","San Joaqu\u00edn y Santa Ana","tradiciones familiares"],"articleSection":["Efem\u00e9rides","Informe social"],"inLanguage":"es","potentialAction":[{"@type":"CommentAction","name":"Comment","target":["https:\/\/rafaramirez.org\/blog\/index.php\/2024\/07\/26\/dia-de-los-abuelos\/#respond"]}]},{"@type":"WebPage","@id":"https:\/\/rafaramirez.org\/blog\/index.php\/2024\/07\/26\/dia-de-los-abuelos\/","url":"https:\/\/rafaramirez.org\/blog\/index.php\/2024\/07\/26\/dia-de-los-abuelos\/","name":"D\u00eda de los Abuelos: tributo a su amor, cuidado y contribuci\u00f3n a nuestras vidas. - Blog de Rafael Ram\u00edrez","isPartOf":{"@id":"https:\/\/rafaramirez.org\/blog\/#website"},"primaryImageOfPage":{"@id":"https:\/\/rafaramirez.org\/blog\/index.php\/2024\/07\/26\/dia-de-los-abuelos\/#primaryimage"},"image":{"@id":"https:\/\/rafaramirez.org\/blog\/index.php\/2024\/07\/26\/dia-de-los-abuelos\/#primaryimage"},"thumbnailUrl":"https:\/\/rafaramirez.org\/blog\/wp-content\/uploads\/2024\/07\/dia-de-los-abuelos_banner_ok2.jpg","datePublished":"2024-07-26T06:15:26+00:00","dateModified":"2024-07-26T07:50:33+00:00","breadcrumb":{"@id":"https:\/\/rafaramirez.org\/blog\/index.php\/2024\/07\/26\/dia-de-los-abuelos\/#breadcrumb"},"inLanguage":"es","potentialAction":[{"@type":"ReadAction","target":["https:\/\/rafaramirez.org\/blog\/index.php\/2024\/07\/26\/dia-de-los-abuelos\/"]}]},{"@type":"ImageObject","inLanguage":"es","@id":"https:\/\/rafaramirez.org\/blog\/index.php\/2024\/07\/26\/dia-de-los-abuelos\/#primaryimage","url":"https:\/\/rafaramirez.org\/blog\/wp-content\/uploads\/2024\/07\/dia-de-los-abuelos_banner_ok2.jpg","contentUrl":"https:\/\/rafaramirez.org\/blog\/wp-content\/uploads\/2024\/07\/dia-de-los-abuelos_banner_ok2.jpg","width":750,"height":424,"caption":"D\u00eda de los Abuelos. Blog de Rafael Ram\u00edrez."},{"@type":"BreadcrumbList","@id":"https:\/\/rafaramirez.org\/blog\/index.php\/2024\/07\/26\/dia-de-los-abuelos\/#breadcrumb","itemListElement":[{"@type":"ListItem","position":1,"name":"Portada","item":"https:\/\/rafaramirez.org\/blog\/"},{"@type":"ListItem","position":2,"name":"D\u00eda de los Abuelos: tributo a su amor, cuidado y contribuci\u00f3n a nuestras vidas."}]},{"@type":"WebSite","@id":"https:\/\/rafaramirez.org\/blog\/#website","url":"https:\/\/rafaramirez.org\/blog\/","name":"Blog de Rafael Ram\u00edrez","description":"Un sitio social, de arte y cultura","publisher":{"@id":"https:\/\/rafaramirez.org\/blog\/#\/schema\/person\/50f43b6d60c578760d4c17bda54ab6a5"},"potentialAction":[{"@type":"SearchAction","target":{"@type":"EntryPoint","urlTemplate":"https:\/\/rafaramirez.org\/blog\/?s={search_term_string}"},"query-input":{"@type":"PropertyValueSpecification","valueRequired":true,"valueName":"search_term_string"}}],"inLanguage":"es"},{"@type":["Person","Organization"],"@id":"https:\/\/rafaramirez.org\/blog\/#\/schema\/person\/50f43b6d60c578760d4c17bda54ab6a5","name":"Rafael Ram\u00edrez","image":{"@type":"ImageObject","inLanguage":"es","@id":"https:\/\/rafaramirez.org\/blog\/wp-content\/uploads\/2024\/09\/RR_socialnetwork.jpg","url":"https:\/\/rafaramirez.org\/blog\/wp-content\/uploads\/2024\/09\/RR_socialnetwork.jpg","contentUrl":"https:\/\/rafaramirez.org\/blog\/wp-content\/uploads\/2024\/09\/RR_socialnetwork.jpg","width":600,"height":606,"caption":"Rafael Ram\u00edrez"},"logo":{"@id":"https:\/\/rafaramirez.org\/blog\/wp-content\/uploads\/2024\/09\/RR_socialnetwork.jpg"},"sameAs":["https:\/\/www.rafaramirez.org\/blog","https:\/\/www.instagram.com\/rafaramirez_ok\/","https:\/\/es.pinterest.com\/Ramirez_Rafa\/","https:\/\/x.com\/rafaramirez_ok"],"url":"https:\/\/rafaramirez.org\/blog\/index.php\/author\/rafaell_qm6j97da\/"}]}},"jetpack_publicize_connections":[],"jetpack_sharing_enabled":true,"jetpack_likes_enabled":true,"jetpack_featured_media_url":"https:\/\/rafaramirez.org\/blog\/wp-content\/uploads\/2024\/07\/dia-de-los-abuelos_banner_ok2.jpg","_links":{"self":[{"href":"https:\/\/rafaramirez.org\/blog\/index.php\/wp-json\/wp\/v2\/posts\/5179","targetHints":{"allow":["GET"]}}],"collection":[{"href":"https:\/\/rafaramirez.org\/blog\/index.php\/wp-json\/wp\/v2\/posts"}],"about":[{"href":"https:\/\/rafaramirez.org\/blog\/index.php\/wp-json\/wp\/v2\/types\/post"}],"author":[{"embeddable":true,"href":"https:\/\/rafaramirez.org\/blog\/index.php\/wp-json\/wp\/v2\/users\/1"}],"replies":[{"embeddable":true,"href":"https:\/\/rafaramirez.org\/blog\/index.php\/wp-json\/wp\/v2\/comments?post=5179"}],"version-history":[{"count":5,"href":"https:\/\/rafaramirez.org\/blog\/index.php\/wp-json\/wp\/v2\/posts\/5179\/revisions"}],"predecessor-version":[{"id":5475,"href":"https:\/\/rafaramirez.org\/blog\/index.php\/wp-json\/wp\/v2\/posts\/5179\/revisions\/5475"}],"wp:featuredmedia":[{"embeddable":true,"href":"https:\/\/rafaramirez.org\/blog\/index.php\/wp-json\/wp\/v2\/media\/5185"}],"wp:attachment":[{"href":"https:\/\/rafaramirez.org\/blog\/index.php\/wp-json\/wp\/v2\/media?parent=5179"}],"wp:term":[{"taxonomy":"category","embeddable":true,"href":"https:\/\/rafaramirez.org\/blog\/index.php\/wp-json\/wp\/v2\/categories?post=5179"},{"taxonomy":"post_tag","embeddable":true,"href":"https:\/\/rafaramirez.org\/blog\/index.php\/wp-json\/wp\/v2\/tags?post=5179"}],"curies":[{"name":"wp","href":"https:\/\/api.w.org\/{rel}","templated":true}]}}