{"id":5171,"date":"2024-07-25T08:15:34","date_gmt":"2024-07-25T06:15:34","guid":{"rendered":"https:\/\/rafaramirez.org\/blog\/?p=5171"},"modified":"2024-07-10T12:23:14","modified_gmt":"2024-07-10T10:23:14","slug":"novela-como-polvo-en-el-viento-un-canto-a-la-amistad-a-los-poderosos-hilos-del-amor-y-las-viejas-lealtades","status":"publish","type":"post","link":"https:\/\/rafaramirez.org\/blog\/index.php\/2024\/07\/25\/novela-como-polvo-en-el-viento-un-canto-a-la-amistad-a-los-poderosos-hilos-del-amor-y-las-viejas-lealtades\/","title":{"rendered":"\u201cComo polvo en el viento\u201d: un canto a la amistad, a los poderosos hilos del amor y las viejas lealtades."},"content":{"rendered":"<p>Hoy os recomiendo <strong>\u201cComo polvo en el viento\u201d,<\/strong> novela escrita por <strong>Leonardo Padura<\/strong>. La historia gira en torno a un grupo de amigos que, tras vivir en Cuba, se dispersa por diferentes partes del mundo debido al exilio. A lo largo de los a\u00f1os, se reencuentran en lugares como Barcelona, Estados Unidos, Madrid, Puerto Rico y Buenos Aires. \u00a0\u00bfQu\u00e9 ha hecho la vida con ellos? \u00bfC\u00f3mo les ha cambiado el tiempo? \u00bfVolver\u00e1 a reunirlos el magnetismo del sentimiento de pertenencia y la fuerza de los afectos? La trama explora c\u00f3mo la vida y el tiempo han afectado sus lazos y amistades.<\/p>\n<p>El estilo de escritura de\u00a0Leonardo Padura\u00a0en \u201cComo polvo en el viento\u201d es una mezcla de meticulosidad y profundidad. Sus personajes est\u00e1n tejidos con la finura de un gobelino, entrelazando trama novelesca y complejidad individual.\u00a0Padura construye una novela llena de detalles, historias personales con luces y sombras, todo tejido con la precisi\u00f3n de un maestro de Flandes.<\/p>\n<p>La novela de Leonardo Padura ha recibido cr\u00edticas positivas por su emotiva exploraci\u00f3n de la di\u00e1spora y las relaciones humanas. Los cr\u00edticos elogian la forma en que Padura retrata la dispersi\u00f3n de un grupo de amigos cubanos a lo largo de los a\u00f1os y c\u00f3mo sus lazos se ven afectados por el exilio. La obra es considerada una reflexi\u00f3n conmovedora sobre la amistad y las viejas lealtades, y ha sido aclamada por su estilo literario y profundidad emocional .<\/p>\n<figure id=\"attachment_5175\" aria-describedby=\"caption-attachment-5175\" style=\"width: 197px\" class=\"wp-caption aligncenter\"><a href=\"https:\/\/rafaramirez.org\/blog\/wp-content\/uploads\/2024\/07\/Como-polvo-en-el-viento-Leonardo_Padura.jpg\" target=\"_blank\" rel=\"noopener\"><img loading=\"lazy\" decoding=\"async\" class=\"wp-image-5175 size-medium\" src=\"https:\/\/rafaramirez.org\/blog\/wp-content\/uploads\/2024\/07\/Como-polvo-en-el-viento-Leonardo_Padura-197x300.jpg\" alt=\"Como polvo en el viento de Leonardo Padura. Blog de Rafael Ram\u00edrez.\" width=\"197\" height=\"300\" srcset=\"https:\/\/rafaramirez.org\/blog\/wp-content\/uploads\/2024\/07\/Como-polvo-en-el-viento-Leonardo_Padura-197x300.jpg 197w, https:\/\/rafaramirez.org\/blog\/wp-content\/uploads\/2024\/07\/Como-polvo-en-el-viento-Leonardo_Padura-673x1024.jpg 673w, https:\/\/rafaramirez.org\/blog\/wp-content\/uploads\/2024\/07\/Como-polvo-en-el-viento-Leonardo_Padura-768x1168.jpg 768w, https:\/\/rafaramirez.org\/blog\/wp-content\/uploads\/2024\/07\/Como-polvo-en-el-viento-Leonardo_Padura.jpg 1010w\" sizes=\"auto, (max-width: 197px) 100vw, 197px\" \/><\/a><figcaption id=\"caption-attachment-5175\" class=\"wp-caption-text\">Como polvo en el viento de Leonardo Padura. Blog de Rafael Ram\u00edrez.<\/figcaption><\/figure>\n<h3>Ficha t\u00e9cnica.<\/h3>\n<ul>\n<li><strong>T\u00edtulo<\/strong>: Como polvo en el viento<\/li>\n<li><strong>Autor<\/strong>: Leonardo Padura<\/li>\n<li><strong>Editorial<\/strong>: Tusquets<\/li>\n<li><strong>A\u00f1o de publicaci\u00f3n<\/strong>: 2020<\/li>\n<li><strong>Idioma<\/strong>: Espa\u00f1ol<\/li>\n<\/ul>\n<h3>Sobre el autor.<\/h3>\n<p><strong>Leonardo de la Caridad Padura Fuentes<\/strong>\u00a0es un escritor, periodista y guionista cubano nacido el\u00a0<strong>9 de octubre de 1955<\/strong>\u00a0en\u00a0<strong>La Habana, Cuba<\/strong>. Su obra literaria abarca g\u00e9neros como la\u00a0<strong>novela<\/strong>, el\u00a0<strong>cuento<\/strong>\u00a0y el\u00a0<strong>ensayo<\/strong>.<\/p>\n<p>Aspectos destacados de su vida y carrera:<\/p>\n<ul>\n<li><strong>Educaci\u00f3n<\/strong>: Estudi\u00f3\u00a0<strong>Literatura Latinoamericana<\/strong>\u00a0en la\u00a0<strong>Universidad de La Habana<\/strong>.<\/li>\n<li><strong>Inicios profesionales<\/strong>: Comenz\u00f3 su carrera como\u00a0<strong>periodista<\/strong>\u00a0en 1980 en la revista literaria\u00a0<em>El Caim\u00e1n Barbudo<\/em>\u00a0y tambi\u00e9n escrib\u00eda para el peri\u00f3dico\u00a0<em>Juventud Rebelde<\/em>.<\/li>\n<li><strong>Detective Mario Conde<\/strong>: Padura es conocido por sus novelas policiacas protagonizadas por el\u00a0<strong>detective Mario Conde<\/strong>. Este personaje, desordenado, melanc\u00f3lico y solidario con los escritores, ha tenido gran \u00e9xito internacional y ha sido traducido a varios idiomas.<\/li>\n<li><strong>Obras notables<\/strong>:\n<ul>\n<li><em>Fiebre de caballos<\/em>: Su primera novela, b\u00e1sicamente una historia de amor, escrita entre 1983 y 1984.<\/li>\n<li><em>El hombre que amaba a los perros<\/em>\u00a0(2009): Una novela que combina la trama policiaca con elementos hist\u00f3ricos y cr\u00edtica social.<\/li>\n<\/ul>\n<\/li>\n<li><strong>Premios y distinciones<\/strong>: Ha recibido el\u00a0<strong>Premio Princesa de Asturias de las Letras<\/strong>, as\u00ed como otros reconocimientos como el\u00a0<strong>Premio Hammett<\/strong>, el\u00a0<strong>Premio Cr\u00edtica<\/strong>\u00a0y el\u00a0<strong>Premio Nacional de Literatura<\/strong>.\n<p><figure id=\"attachment_5176\" aria-describedby=\"caption-attachment-5176\" style=\"width: 300px\" class=\"wp-caption aligncenter\"><a href=\"https:\/\/rafaramirez.org\/blog\/wp-content\/uploads\/2024\/07\/Leonardo_Padura.jpg\" target=\"_blank\" rel=\"noopener\"><img loading=\"lazy\" decoding=\"async\" class=\"wp-image-5176 size-medium\" src=\"https:\/\/rafaramirez.org\/blog\/wp-content\/uploads\/2024\/07\/Leonardo_Padura-300x225.jpg\" alt=\"Leonardo Padura. Blog de Rafael Ram\u00edrez.\" width=\"300\" height=\"225\" srcset=\"https:\/\/rafaramirez.org\/blog\/wp-content\/uploads\/2024\/07\/Leonardo_Padura-300x225.jpg 300w, https:\/\/rafaramirez.org\/blog\/wp-content\/uploads\/2024\/07\/Leonardo_Padura-768x576.jpg 768w, https:\/\/rafaramirez.org\/blog\/wp-content\/uploads\/2024\/07\/Leonardo_Padura.jpg 1024w\" sizes=\"auto, (max-width: 300px) 100vw, 300px\" \/><\/a><figcaption id=\"caption-attachment-5176\" class=\"wp-caption-text\">Leonardo Padura. Blog de Rafael Ram\u00edrez.<\/figcaption><\/figure><\/li>\n<\/ul>\n<p>En sus obras, Padura no solo crea intrigantes tramas detectivescas, sino que tambi\u00e9n reflexiona sobre la sociedad cubana y sus realidades concretas. Su estilo literario ha evolucionado a lo largo de los a\u00f1os, y su contribuci\u00f3n a la literatura contempor\u00e1nea es notable.<\/p>\n<p><strong>En resumen, <\/strong>\u201cComo polvo en el viento\u201d es un canto a la amistad y a los poderosos hilos del amor y las viejas lealtades. Leonardo Padura logra retratar conmovedoramente la experiencia de la di\u00e1spora y la desintegraci\u00f3n de los v\u00ednculos en esta obra cumbre.<\/p>\n<p><strong>Espero que te guste la novela, puedes dejar tus comentarios debajo del post. \u00a1Saludos!<\/strong><\/p>\n<p>M\u00e1s informaci\u00f3n:<\/p>\n<ul>\n<li><a href=\"https:\/\/www.lecturalia.com\/libro\/102772\/como-polvo-en-el-viento\" target=\"_blank\" rel=\"noopener\">Lecturalia.com<\/a><\/li>\n<li><a href=\"https:\/\/cultura.nexos.com.mx\/como-polvo-en-el-viento-de-leonardo-padura-epopeya-de-una-generacion\/\" target=\"_blank\" rel=\"noopener\">Cultura nexos.com.mx<\/a><\/li>\n<li><a href=\"https:\/\/es.wikipedia.org\/wiki\/Leonardo_Padura\" target=\"_blank\" rel=\"noopener\">Wikipedia.es<\/a><\/li>\n<li><a href=\"https:\/\/www.bbc.com\/mundo\/noticias-55631459\" target=\"_blank\" rel=\"noopener\">BBC.com<\/a><\/li>\n<li><a href=\"https:\/\/www.planetadelibros.com.ar\/libro-como-polvo-en-el-viento\/322189\" target=\"_blank\" rel=\"noopener\">Planeta de Libros.com.ar<\/a><\/li>\n<li><a href=\"https:\/\/www.google.com\/search?q=comprar+Como+polvo+en+el+viento+de%C2%A0Leonardo+Padura\" target=\"_blank\" rel=\"noopener\">D\u00f3nde comprar <strong>\u201cComo polvo en el viento\u201d.<\/strong><\/a><\/li>\n<\/ul>\n","protected":false},"excerpt":{"rendered":"<p>Hoy os recomiendo \u201cComo polvo en el viento\u201d, novela escrita por Leonardo Padura. La historia gira en torno a un grupo de amigos que, tras vivir en Cuba, se dispersa por diferentes partes del mundo debido al exilio. A lo largo de los a\u00f1os, se reencuentran en lugares como Barcelona, Estados Unidos, Madrid, Puerto Rico [&hellip;]<\/p>\n","protected":false},"author":1,"featured_media":5174,"comment_status":"open","ping_status":"closed","sticky":false,"template":"","format":"standard","meta":{"site-container-style":"default","site-container-layout":"default","site-sidebar-layout":"default","disable-article-header":"default","disable-site-header":"default","disable-site-footer":"default","disable-content-area-spacing":"default","_jetpack_newsletter_access":"","_jetpack_dont_email_post_to_subs":false,"_jetpack_newsletter_tier_id":0,"_jetpack_memberships_contains_paywalled_content":false,"_jetpack_feature_clip_id":0,"_jetpack_memberships_contains_paid_content":false,"footnotes":"","jetpack_publicize_message":"","jetpack_publicize_feature_enabled":true,"jetpack_social_post_already_shared":true,"jetpack_social_options":{"image_generator_settings":{"template":"highway","default_image_id":0,"font":"","enabled":false},"version":2},"jetpack_post_was_ever_published":false},"categories":[710],"tags":[1279,2808,1335,68,2820,2801,1128,1470,125,126,2812,2809,2810,2814,2805,1035,2804,168,2813,2803,654,2802,2800,264,2806,621,598,2811,1506,2816,2815,2817,953,2819,2818,2807],"class_list":["post-5171","post","type-post","status-publish","format-standard","has-post-thumbnail","hentry","category-literatura","tag-1279","tag-9-de-octubre-de-1955","tag-barcelona","tag-blog-de-rafael-ramirez","tag-buenos-aires","tag-como-polvo-en-el-viento-de-leonardo-padura","tag-comprar-libro","tag-critica-libro","tag-cuba","tag-cuento","tag-detective-mario-conde","tag-editorial-tusquets","tag-el-caiman-barbudo","tag-el-hombre-que-amaba-a-los-perros","tag-ensayo","tag-escritor","tag-escritor-cubano","tag-estados-unidos","tag-fiebre-de-caballos","tag-guionista","tag-la-habana","tag-leonardo-de-la-caridad-padura-fuentes","tag-leonardo-padura","tag-libro-recomendado","tag-literatura-latinoamericana","tag-madrid","tag-novela","tag-periodico-juventud-rebelde","tag-periodista","tag-premio-critica","tag-premio-hammett","tag-premio-nacional-de-literatura","tag-premio-princesa-de-asturias-de-las-letras","tag-puerto-rico","tag-sociedad-cubana","tag-universidad-de-la-habana"],"yoast_head":"<!-- This site is optimized with the Yoast SEO plugin v28.4 - https:\/\/yoast.com\/product\/yoast-seo-wordpress\/ -->\n<title>\u201cComo polvo en el viento\u201d: un canto a la amistad, a los poderosos hilos del amor y las viejas lealtades. - Blog de Rafael Ram\u00edrez<\/title>\n<meta name=\"robots\" content=\"index, follow, max-snippet:-1, max-image-preview:large, max-video-preview:-1\" \/>\n<link rel=\"canonical\" href=\"https:\/\/rafaramirez.org\/blog\/index.php\/2024\/07\/25\/novela-como-polvo-en-el-viento-un-canto-a-la-amistad-a-los-poderosos-hilos-del-amor-y-las-viejas-lealtades\/\" \/>\n<meta property=\"og:locale\" content=\"es_ES\" \/>\n<meta property=\"og:type\" content=\"article\" \/>\n<meta property=\"og:title\" content=\"\u201cComo polvo en el viento\u201d: un canto a la amistad, a los poderosos hilos del amor y las viejas lealtades. - Blog de Rafael Ram\u00edrez\" \/>\n<meta property=\"og:description\" content=\"Hoy os recomiendo \u201cComo polvo en el viento\u201d, novela escrita por Leonardo Padura. La historia gira en torno a un grupo de amigos que, tras vivir en Cuba, se dispersa por diferentes partes del mundo debido al exilio. A lo largo de los a\u00f1os, se reencuentran en lugares como Barcelona, Estados Unidos, Madrid, Puerto Rico [&hellip;]\" \/>\n<meta property=\"og:url\" content=\"https:\/\/rafaramirez.org\/blog\/index.php\/2024\/07\/25\/novela-como-polvo-en-el-viento-un-canto-a-la-amistad-a-los-poderosos-hilos-del-amor-y-las-viejas-lealtades\/\" \/>\n<meta property=\"og:site_name\" content=\"Blog de Rafael Ram\u00edrez\" \/>\n<meta property=\"article:published_time\" content=\"2024-07-25T06:15:34+00:00\" \/>\n<meta property=\"og:image\" content=\"https:\/\/rafaramirez.org\/blog\/wp-content\/uploads\/2024\/07\/Como-polvo-en-el-viento_Leonardo_Padura_banner.jpg\" \/>\n\t<meta property=\"og:image:width\" content=\"750\" \/>\n\t<meta property=\"og:image:height\" content=\"440\" \/>\n\t<meta property=\"og:image:type\" content=\"image\/jpeg\" \/>\n<meta name=\"author\" content=\"Rafael Ram\u00edrez\" \/>\n<meta name=\"twitter:card\" content=\"summary_large_image\" \/>\n<meta name=\"twitter:creator\" content=\"@rafaramirez_ok\" \/>\n<meta name=\"twitter:site\" content=\"@rafaramirez_ok\" \/>\n<meta name=\"twitter:label1\" content=\"Escrito por\" \/>\n\t<meta name=\"twitter:data1\" content=\"Rafael Ram\u00edrez\" \/>\n\t<meta name=\"twitter:label2\" content=\"Tiempo de lectura\" \/>\n\t<meta name=\"twitter:data2\" content=\"3 minutos\" \/>\n<script type=\"application\/ld+json\" class=\"yoast-schema-graph\">{\"@context\":\"https:\\\/\\\/schema.org\",\"@graph\":[{\"@type\":\"Article\",\"@id\":\"https:\\\/\\\/rafaramirez.org\\\/blog\\\/index.php\\\/2024\\\/07\\\/25\\\/novela-como-polvo-en-el-viento-un-canto-a-la-amistad-a-los-poderosos-hilos-del-amor-y-las-viejas-lealtades\\\/#article\",\"isPartOf\":{\"@id\":\"https:\\\/\\\/rafaramirez.org\\\/blog\\\/index.php\\\/2024\\\/07\\\/25\\\/novela-como-polvo-en-el-viento-un-canto-a-la-amistad-a-los-poderosos-hilos-del-amor-y-las-viejas-lealtades\\\/\"},\"author\":{\"name\":\"Rafael Ram\u00edrez\",\"@id\":\"https:\\\/\\\/rafaramirez.org\\\/blog\\\/#\\\/schema\\\/person\\\/50f43b6d60c578760d4c17bda54ab6a5\"},\"headline\":\"\u201cComo polvo en el viento\u201d: un canto a la amistad, a los poderosos hilos del amor y las viejas lealtades.\",\"datePublished\":\"2024-07-25T06:15:34+00:00\",\"mainEntityOfPage\":{\"@id\":\"https:\\\/\\\/rafaramirez.org\\\/blog\\\/index.php\\\/2024\\\/07\\\/25\\\/novela-como-polvo-en-el-viento-un-canto-a-la-amistad-a-los-poderosos-hilos-del-amor-y-las-viejas-lealtades\\\/\"},\"wordCount\":654,\"commentCount\":0,\"publisher\":{\"@id\":\"https:\\\/\\\/rafaramirez.org\\\/blog\\\/#\\\/schema\\\/person\\\/50f43b6d60c578760d4c17bda54ab6a5\"},\"image\":{\"@id\":\"https:\\\/\\\/rafaramirez.org\\\/blog\\\/index.php\\\/2024\\\/07\\\/25\\\/novela-como-polvo-en-el-viento-un-canto-a-la-amistad-a-los-poderosos-hilos-del-amor-y-las-viejas-lealtades\\\/#primaryimage\"},\"thumbnailUrl\":\"https:\\\/\\\/rafaramirez.org\\\/blog\\\/wp-content\\\/uploads\\\/2024\\\/07\\\/Como-polvo-en-el-viento_Leonardo_Padura_banner.jpg\",\"keywords\":[\"2020\",\"9 de octubre de 1955\",\"Barcelona\",\"blog de Rafael Ram\u00edrez\",\"Buenos Aires\",\"Como polvo en el viento de Leonardo Padura\",\"comprar libro\",\"critica libro\",\"Cuba\",\"cuento\",\"detective Mario Conde\",\"Editorial Tusquets\",\"El Caim\u00e1n Barbudo\",\"El hombre que amaba a los perros\",\"ensayo\",\"escritor\",\"escritor cubano\",\"Estados Unidos\",\"Fiebre de caballos\",\"guionista\",\"La Habana\",\"Leonardo de la Caridad Padura Fuentes\",\"Leonardo Padura\",\"libro recomendado\",\"Literatura Latinoamericana\",\"Madrid\",\"novela\",\"peri\u00f3dico\u00a0Juventud Rebelde\",\"periodista\",\"Premio Cr\u00edtica\",\"Premio Hammett\",\"Premio Nacional de Literatura\",\"Premio Princesa de Asturias de las Letras\",\"Puerto Rico\",\"sociedad cubana\",\"Universidad de La Habana\"],\"articleSection\":[\"Literatura\"],\"inLanguage\":\"es\",\"potentialAction\":[{\"@type\":\"CommentAction\",\"name\":\"Comment\",\"target\":[\"https:\\\/\\\/rafaramirez.org\\\/blog\\\/index.php\\\/2024\\\/07\\\/25\\\/novela-como-polvo-en-el-viento-un-canto-a-la-amistad-a-los-poderosos-hilos-del-amor-y-las-viejas-lealtades\\\/#respond\"]}]},{\"@type\":\"WebPage\",\"@id\":\"https:\\\/\\\/rafaramirez.org\\\/blog\\\/index.php\\\/2024\\\/07\\\/25\\\/novela-como-polvo-en-el-viento-un-canto-a-la-amistad-a-los-poderosos-hilos-del-amor-y-las-viejas-lealtades\\\/\",\"url\":\"https:\\\/\\\/rafaramirez.org\\\/blog\\\/index.php\\\/2024\\\/07\\\/25\\\/novela-como-polvo-en-el-viento-un-canto-a-la-amistad-a-los-poderosos-hilos-del-amor-y-las-viejas-lealtades\\\/\",\"name\":\"\u201cComo polvo en el viento\u201d: un canto a la amistad, a los poderosos hilos del amor y las viejas lealtades. - Blog de Rafael Ram\u00edrez\",\"isPartOf\":{\"@id\":\"https:\\\/\\\/rafaramirez.org\\\/blog\\\/#website\"},\"primaryImageOfPage\":{\"@id\":\"https:\\\/\\\/rafaramirez.org\\\/blog\\\/index.php\\\/2024\\\/07\\\/25\\\/novela-como-polvo-en-el-viento-un-canto-a-la-amistad-a-los-poderosos-hilos-del-amor-y-las-viejas-lealtades\\\/#primaryimage\"},\"image\":{\"@id\":\"https:\\\/\\\/rafaramirez.org\\\/blog\\\/index.php\\\/2024\\\/07\\\/25\\\/novela-como-polvo-en-el-viento-un-canto-a-la-amistad-a-los-poderosos-hilos-del-amor-y-las-viejas-lealtades\\\/#primaryimage\"},\"thumbnailUrl\":\"https:\\\/\\\/rafaramirez.org\\\/blog\\\/wp-content\\\/uploads\\\/2024\\\/07\\\/Como-polvo-en-el-viento_Leonardo_Padura_banner.jpg\",\"datePublished\":\"2024-07-25T06:15:34+00:00\",\"breadcrumb\":{\"@id\":\"https:\\\/\\\/rafaramirez.org\\\/blog\\\/index.php\\\/2024\\\/07\\\/25\\\/novela-como-polvo-en-el-viento-un-canto-a-la-amistad-a-los-poderosos-hilos-del-amor-y-las-viejas-lealtades\\\/#breadcrumb\"},\"inLanguage\":\"es\",\"potentialAction\":[{\"@type\":\"ReadAction\",\"target\":[\"https:\\\/\\\/rafaramirez.org\\\/blog\\\/index.php\\\/2024\\\/07\\\/25\\\/novela-como-polvo-en-el-viento-un-canto-a-la-amistad-a-los-poderosos-hilos-del-amor-y-las-viejas-lealtades\\\/\"]}]},{\"@type\":\"ImageObject\",\"inLanguage\":\"es\",\"@id\":\"https:\\\/\\\/rafaramirez.org\\\/blog\\\/index.php\\\/2024\\\/07\\\/25\\\/novela-como-polvo-en-el-viento-un-canto-a-la-amistad-a-los-poderosos-hilos-del-amor-y-las-viejas-lealtades\\\/#primaryimage\",\"url\":\"https:\\\/\\\/rafaramirez.org\\\/blog\\\/wp-content\\\/uploads\\\/2024\\\/07\\\/Como-polvo-en-el-viento_Leonardo_Padura_banner.jpg\",\"contentUrl\":\"https:\\\/\\\/rafaramirez.org\\\/blog\\\/wp-content\\\/uploads\\\/2024\\\/07\\\/Como-polvo-en-el-viento_Leonardo_Padura_banner.jpg\",\"width\":750,\"height\":440,\"caption\":\"Como polvo en el viento de Leonardo Padura. Blog de Rafael Ram\u00edrez.\"},{\"@type\":\"BreadcrumbList\",\"@id\":\"https:\\\/\\\/rafaramirez.org\\\/blog\\\/index.php\\\/2024\\\/07\\\/25\\\/novela-como-polvo-en-el-viento-un-canto-a-la-amistad-a-los-poderosos-hilos-del-amor-y-las-viejas-lealtades\\\/#breadcrumb\",\"itemListElement\":[{\"@type\":\"ListItem\",\"position\":1,\"name\":\"Portada\",\"item\":\"https:\\\/\\\/rafaramirez.org\\\/blog\\\/\"},{\"@type\":\"ListItem\",\"position\":2,\"name\":\"\u201cComo polvo en el viento\u201d: un canto a la amistad, a los poderosos hilos del amor y las viejas lealtades.\"}]},{\"@type\":\"WebSite\",\"@id\":\"https:\\\/\\\/rafaramirez.org\\\/blog\\\/#website\",\"url\":\"https:\\\/\\\/rafaramirez.org\\\/blog\\\/\",\"name\":\"Blog de Rafael Ram\u00edrez\",\"description\":\"Un sitio social, de arte y cultura\",\"publisher\":{\"@id\":\"https:\\\/\\\/rafaramirez.org\\\/blog\\\/#\\\/schema\\\/person\\\/50f43b6d60c578760d4c17bda54ab6a5\"},\"potentialAction\":[{\"@type\":\"SearchAction\",\"target\":{\"@type\":\"EntryPoint\",\"urlTemplate\":\"https:\\\/\\\/rafaramirez.org\\\/blog\\\/?s={search_term_string}\"},\"query-input\":{\"@type\":\"PropertyValueSpecification\",\"valueRequired\":true,\"valueName\":\"search_term_string\"}}],\"inLanguage\":\"es\"},{\"@type\":[\"Person\",\"Organization\"],\"@id\":\"https:\\\/\\\/rafaramirez.org\\\/blog\\\/#\\\/schema\\\/person\\\/50f43b6d60c578760d4c17bda54ab6a5\",\"name\":\"Rafael Ram\u00edrez\",\"image\":{\"@type\":\"ImageObject\",\"inLanguage\":\"es\",\"@id\":\"https:\\\/\\\/rafaramirez.org\\\/blog\\\/wp-content\\\/uploads\\\/2024\\\/09\\\/RR_socialnetwork.jpg\",\"url\":\"https:\\\/\\\/rafaramirez.org\\\/blog\\\/wp-content\\\/uploads\\\/2024\\\/09\\\/RR_socialnetwork.jpg\",\"contentUrl\":\"https:\\\/\\\/rafaramirez.org\\\/blog\\\/wp-content\\\/uploads\\\/2024\\\/09\\\/RR_socialnetwork.jpg\",\"width\":600,\"height\":606,\"caption\":\"Rafael Ram\u00edrez\"},\"logo\":{\"@id\":\"https:\\\/\\\/rafaramirez.org\\\/blog\\\/wp-content\\\/uploads\\\/2024\\\/09\\\/RR_socialnetwork.jpg\"},\"sameAs\":[\"https:\\\/\\\/www.rafaramirez.org\\\/blog\",\"https:\\\/\\\/www.instagram.com\\\/rafaramirez_ok\\\/\",\"https:\\\/\\\/es.pinterest.com\\\/Ramirez_Rafa\\\/\",\"https:\\\/\\\/x.com\\\/rafaramirez_ok\"],\"url\":\"https:\\\/\\\/rafaramirez.org\\\/blog\\\/index.php\\\/author\\\/rafaell_qm6j97da\\\/\"}]}<\/script>\n<!-- \/ Yoast SEO plugin. -->","yoast_head_json":{"title":"\u201cComo polvo en el viento\u201d: un canto a la amistad, a los poderosos hilos del amor y las viejas lealtades. - Blog de Rafael Ram\u00edrez","robots":{"index":"index","follow":"follow","max-snippet":"max-snippet:-1","max-image-preview":"max-image-preview:large","max-video-preview":"max-video-preview:-1"},"canonical":"https:\/\/rafaramirez.org\/blog\/index.php\/2024\/07\/25\/novela-como-polvo-en-el-viento-un-canto-a-la-amistad-a-los-poderosos-hilos-del-amor-y-las-viejas-lealtades\/","og_locale":"es_ES","og_type":"article","og_title":"\u201cComo polvo en el viento\u201d: un canto a la amistad, a los poderosos hilos del amor y las viejas lealtades. - Blog de Rafael Ram\u00edrez","og_description":"Hoy os recomiendo \u201cComo polvo en el viento\u201d, novela escrita por Leonardo Padura. La historia gira en torno a un grupo de amigos que, tras vivir en Cuba, se dispersa por diferentes partes del mundo debido al exilio. A lo largo de los a\u00f1os, se reencuentran en lugares como Barcelona, Estados Unidos, Madrid, Puerto Rico [&hellip;]","og_url":"https:\/\/rafaramirez.org\/blog\/index.php\/2024\/07\/25\/novela-como-polvo-en-el-viento-un-canto-a-la-amistad-a-los-poderosos-hilos-del-amor-y-las-viejas-lealtades\/","og_site_name":"Blog de Rafael Ram\u00edrez","article_published_time":"2024-07-25T06:15:34+00:00","og_image":[{"width":750,"height":440,"url":"https:\/\/rafaramirez.org\/blog\/wp-content\/uploads\/2024\/07\/Como-polvo-en-el-viento_Leonardo_Padura_banner.jpg","type":"image\/jpeg"}],"author":"Rafael Ram\u00edrez","twitter_card":"summary_large_image","twitter_creator":"@rafaramirez_ok","twitter_site":"@rafaramirez_ok","twitter_misc":{"Escrito por":"Rafael Ram\u00edrez","Tiempo de lectura":"3 minutos"},"schema":{"@context":"https:\/\/schema.org","@graph":[{"@type":"Article","@id":"https:\/\/rafaramirez.org\/blog\/index.php\/2024\/07\/25\/novela-como-polvo-en-el-viento-un-canto-a-la-amistad-a-los-poderosos-hilos-del-amor-y-las-viejas-lealtades\/#article","isPartOf":{"@id":"https:\/\/rafaramirez.org\/blog\/index.php\/2024\/07\/25\/novela-como-polvo-en-el-viento-un-canto-a-la-amistad-a-los-poderosos-hilos-del-amor-y-las-viejas-lealtades\/"},"author":{"name":"Rafael Ram\u00edrez","@id":"https:\/\/rafaramirez.org\/blog\/#\/schema\/person\/50f43b6d60c578760d4c17bda54ab6a5"},"headline":"\u201cComo polvo en el viento\u201d: un canto a la amistad, a los poderosos hilos del amor y las viejas lealtades.","datePublished":"2024-07-25T06:15:34+00:00","mainEntityOfPage":{"@id":"https:\/\/rafaramirez.org\/blog\/index.php\/2024\/07\/25\/novela-como-polvo-en-el-viento-un-canto-a-la-amistad-a-los-poderosos-hilos-del-amor-y-las-viejas-lealtades\/"},"wordCount":654,"commentCount":0,"publisher":{"@id":"https:\/\/rafaramirez.org\/blog\/#\/schema\/person\/50f43b6d60c578760d4c17bda54ab6a5"},"image":{"@id":"https:\/\/rafaramirez.org\/blog\/index.php\/2024\/07\/25\/novela-como-polvo-en-el-viento-un-canto-a-la-amistad-a-los-poderosos-hilos-del-amor-y-las-viejas-lealtades\/#primaryimage"},"thumbnailUrl":"https:\/\/rafaramirez.org\/blog\/wp-content\/uploads\/2024\/07\/Como-polvo-en-el-viento_Leonardo_Padura_banner.jpg","keywords":["2020","9 de octubre de 1955","Barcelona","blog de Rafael Ram\u00edrez","Buenos Aires","Como polvo en el viento de Leonardo Padura","comprar libro","critica libro","Cuba","cuento","detective Mario Conde","Editorial Tusquets","El Caim\u00e1n Barbudo","El hombre que amaba a los perros","ensayo","escritor","escritor cubano","Estados Unidos","Fiebre de caballos","guionista","La Habana","Leonardo de la Caridad Padura Fuentes","Leonardo Padura","libro recomendado","Literatura Latinoamericana","Madrid","novela","peri\u00f3dico\u00a0Juventud Rebelde","periodista","Premio Cr\u00edtica","Premio Hammett","Premio Nacional de Literatura","Premio Princesa de Asturias de las Letras","Puerto Rico","sociedad cubana","Universidad de La Habana"],"articleSection":["Literatura"],"inLanguage":"es","potentialAction":[{"@type":"CommentAction","name":"Comment","target":["https:\/\/rafaramirez.org\/blog\/index.php\/2024\/07\/25\/novela-como-polvo-en-el-viento-un-canto-a-la-amistad-a-los-poderosos-hilos-del-amor-y-las-viejas-lealtades\/#respond"]}]},{"@type":"WebPage","@id":"https:\/\/rafaramirez.org\/blog\/index.php\/2024\/07\/25\/novela-como-polvo-en-el-viento-un-canto-a-la-amistad-a-los-poderosos-hilos-del-amor-y-las-viejas-lealtades\/","url":"https:\/\/rafaramirez.org\/blog\/index.php\/2024\/07\/25\/novela-como-polvo-en-el-viento-un-canto-a-la-amistad-a-los-poderosos-hilos-del-amor-y-las-viejas-lealtades\/","name":"\u201cComo polvo en el viento\u201d: un canto a la amistad, a los poderosos hilos del amor y las viejas lealtades. - Blog de Rafael Ram\u00edrez","isPartOf":{"@id":"https:\/\/rafaramirez.org\/blog\/#website"},"primaryImageOfPage":{"@id":"https:\/\/rafaramirez.org\/blog\/index.php\/2024\/07\/25\/novela-como-polvo-en-el-viento-un-canto-a-la-amistad-a-los-poderosos-hilos-del-amor-y-las-viejas-lealtades\/#primaryimage"},"image":{"@id":"https:\/\/rafaramirez.org\/blog\/index.php\/2024\/07\/25\/novela-como-polvo-en-el-viento-un-canto-a-la-amistad-a-los-poderosos-hilos-del-amor-y-las-viejas-lealtades\/#primaryimage"},"thumbnailUrl":"https:\/\/rafaramirez.org\/blog\/wp-content\/uploads\/2024\/07\/Como-polvo-en-el-viento_Leonardo_Padura_banner.jpg","datePublished":"2024-07-25T06:15:34+00:00","breadcrumb":{"@id":"https:\/\/rafaramirez.org\/blog\/index.php\/2024\/07\/25\/novela-como-polvo-en-el-viento-un-canto-a-la-amistad-a-los-poderosos-hilos-del-amor-y-las-viejas-lealtades\/#breadcrumb"},"inLanguage":"es","potentialAction":[{"@type":"ReadAction","target":["https:\/\/rafaramirez.org\/blog\/index.php\/2024\/07\/25\/novela-como-polvo-en-el-viento-un-canto-a-la-amistad-a-los-poderosos-hilos-del-amor-y-las-viejas-lealtades\/"]}]},{"@type":"ImageObject","inLanguage":"es","@id":"https:\/\/rafaramirez.org\/blog\/index.php\/2024\/07\/25\/novela-como-polvo-en-el-viento-un-canto-a-la-amistad-a-los-poderosos-hilos-del-amor-y-las-viejas-lealtades\/#primaryimage","url":"https:\/\/rafaramirez.org\/blog\/wp-content\/uploads\/2024\/07\/Como-polvo-en-el-viento_Leonardo_Padura_banner.jpg","contentUrl":"https:\/\/rafaramirez.org\/blog\/wp-content\/uploads\/2024\/07\/Como-polvo-en-el-viento_Leonardo_Padura_banner.jpg","width":750,"height":440,"caption":"Como polvo en el viento de Leonardo Padura. Blog de Rafael Ram\u00edrez."},{"@type":"BreadcrumbList","@id":"https:\/\/rafaramirez.org\/blog\/index.php\/2024\/07\/25\/novela-como-polvo-en-el-viento-un-canto-a-la-amistad-a-los-poderosos-hilos-del-amor-y-las-viejas-lealtades\/#breadcrumb","itemListElement":[{"@type":"ListItem","position":1,"name":"Portada","item":"https:\/\/rafaramirez.org\/blog\/"},{"@type":"ListItem","position":2,"name":"\u201cComo polvo en el viento\u201d: un canto a la amistad, a los poderosos hilos del amor y las viejas lealtades."}]},{"@type":"WebSite","@id":"https:\/\/rafaramirez.org\/blog\/#website","url":"https:\/\/rafaramirez.org\/blog\/","name":"Blog de Rafael Ram\u00edrez","description":"Un sitio social, de arte y cultura","publisher":{"@id":"https:\/\/rafaramirez.org\/blog\/#\/schema\/person\/50f43b6d60c578760d4c17bda54ab6a5"},"potentialAction":[{"@type":"SearchAction","target":{"@type":"EntryPoint","urlTemplate":"https:\/\/rafaramirez.org\/blog\/?s={search_term_string}"},"query-input":{"@type":"PropertyValueSpecification","valueRequired":true,"valueName":"search_term_string"}}],"inLanguage":"es"},{"@type":["Person","Organization"],"@id":"https:\/\/rafaramirez.org\/blog\/#\/schema\/person\/50f43b6d60c578760d4c17bda54ab6a5","name":"Rafael Ram\u00edrez","image":{"@type":"ImageObject","inLanguage":"es","@id":"https:\/\/rafaramirez.org\/blog\/wp-content\/uploads\/2024\/09\/RR_socialnetwork.jpg","url":"https:\/\/rafaramirez.org\/blog\/wp-content\/uploads\/2024\/09\/RR_socialnetwork.jpg","contentUrl":"https:\/\/rafaramirez.org\/blog\/wp-content\/uploads\/2024\/09\/RR_socialnetwork.jpg","width":600,"height":606,"caption":"Rafael Ram\u00edrez"},"logo":{"@id":"https:\/\/rafaramirez.org\/blog\/wp-content\/uploads\/2024\/09\/RR_socialnetwork.jpg"},"sameAs":["https:\/\/www.rafaramirez.org\/blog","https:\/\/www.instagram.com\/rafaramirez_ok\/","https:\/\/es.pinterest.com\/Ramirez_Rafa\/","https:\/\/x.com\/rafaramirez_ok"],"url":"https:\/\/rafaramirez.org\/blog\/index.php\/author\/rafaell_qm6j97da\/"}]}},"jetpack_publicize_connections":[],"jetpack_sharing_enabled":true,"jetpack_likes_enabled":true,"jetpack_featured_media_url":"https:\/\/rafaramirez.org\/blog\/wp-content\/uploads\/2024\/07\/Como-polvo-en-el-viento_Leonardo_Padura_banner.jpg","_links":{"self":[{"href":"https:\/\/rafaramirez.org\/blog\/index.php\/wp-json\/wp\/v2\/posts\/5171","targetHints":{"allow":["GET"]}}],"collection":[{"href":"https:\/\/rafaramirez.org\/blog\/index.php\/wp-json\/wp\/v2\/posts"}],"about":[{"href":"https:\/\/rafaramirez.org\/blog\/index.php\/wp-json\/wp\/v2\/types\/post"}],"author":[{"embeddable":true,"href":"https:\/\/rafaramirez.org\/blog\/index.php\/wp-json\/wp\/v2\/users\/1"}],"replies":[{"embeddable":true,"href":"https:\/\/rafaramirez.org\/blog\/index.php\/wp-json\/wp\/v2\/comments?post=5171"}],"version-history":[{"count":4,"href":"https:\/\/rafaramirez.org\/blog\/index.php\/wp-json\/wp\/v2\/posts\/5171\/revisions"}],"predecessor-version":[{"id":5178,"href":"https:\/\/rafaramirez.org\/blog\/index.php\/wp-json\/wp\/v2\/posts\/5171\/revisions\/5178"}],"wp:featuredmedia":[{"embeddable":true,"href":"https:\/\/rafaramirez.org\/blog\/index.php\/wp-json\/wp\/v2\/media\/5174"}],"wp:attachment":[{"href":"https:\/\/rafaramirez.org\/blog\/index.php\/wp-json\/wp\/v2\/media?parent=5171"}],"wp:term":[{"taxonomy":"category","embeddable":true,"href":"https:\/\/rafaramirez.org\/blog\/index.php\/wp-json\/wp\/v2\/categories?post=5171"},{"taxonomy":"post_tag","embeddable":true,"href":"https:\/\/rafaramirez.org\/blog\/index.php\/wp-json\/wp\/v2\/tags?post=5171"}],"curies":[{"name":"wp","href":"https:\/\/api.w.org\/{rel}","templated":true}]}}