{"id":5094,"date":"2024-07-19T08:15:54","date_gmt":"2024-07-19T06:15:54","guid":{"rendered":"https:\/\/rafaramirez.org\/blog\/?p=5094"},"modified":"2024-07-19T11:51:49","modified_gmt":"2024-07-19T09:51:49","slug":"19-de-julio-dia-de-iberoamerica-unidad-promoviendo-el-desarrollo-economico-y-social","status":"publish","type":"post","link":"https:\/\/rafaramirez.org\/blog\/index.php\/2024\/07\/19\/19-de-julio-dia-de-iberoamerica-unidad-promoviendo-el-desarrollo-economico-y-social\/","title":{"rendered":"D\u00eda de Iberoam\u00e9rica, promoviendo el desarrollo econ\u00f3mico y social a trav\u00e9s de la unidad."},"content":{"rendered":"<p>El\u00a0<strong>D\u00eda de Iberoam\u00e9rica<\/strong>\u00a0se celebra cada\u00a0<strong>19 de julio<\/strong>\u00a0desde el a\u00f1o\u00a0<strong>2020<\/strong>. Esta fecha conmemora la firma de la primera declaraci\u00f3n de jefes de Estado de la regi\u00f3n en\u00a0<strong>Guadalajara, M\u00e9xico<\/strong>, en\u00a0<strong>1991 durante la\u00a0Primera Cumbre Iberoamericana<\/strong>. En ese evento, los l\u00edderes pol\u00edticos de los\u00a0<strong>22 pa\u00edses de la regi\u00f3n<\/strong>\u00a0firmaron la\u00a0<strong>primera declaraci\u00f3n de jefes\/as de Estado<\/strong>, dando origen a la\u00a0<strong>Comunidad Iberoamericana de Naciones<\/strong>.<\/p>\n<p>Desde entonces, durante este d\u00eda, los <strong>pa\u00edses iberoamericanos<\/strong> ponen en valor el conjunto de afinidades hist\u00f3ricas y culturales que conforman la rica y diversa <strong>Comunidad Iberoamericana<\/strong>.\u00a0La celebraci\u00f3n aboga por la\u00a0<strong>unidad<\/strong>\u00a0y el\u00a0<strong>desarrollo<\/strong>, bas\u00e1ndose en el\u00a0<strong>di\u00e1logo<\/strong>, la\u00a0<strong>cooperaci\u00f3n<\/strong>\u00a0y la\u00a0<strong>solidaridad<\/strong>.\u00a0Es una oportunidad para reafirmar la vigencia de esta comunidad que se apoya en las lenguas, la historia y la cultura com\u00fan, y propone una perspectiva de futuro.<\/p>\n<p>Estos pa\u00edses conforman la\u00a0<strong>Comunidad Iberoamericana de Naciones<\/strong>, una regi\u00f3n ling\u00fc\u00edstica y culturalmente cohesionada que celebra su identidad compartida:<\/p>\n<ol>\n<li><strong>Argentina<\/strong><\/li>\n<li><strong>Bolivia<\/strong><\/li>\n<li><strong>Brasil<\/strong><\/li>\n<li><strong>Chile<\/strong><\/li>\n<li><strong>Colombia<\/strong><\/li>\n<li><strong>Costa Rica<\/strong><\/li>\n<li><strong>Cuba<\/strong><\/li>\n<li><strong>Ecuador<\/strong><\/li>\n<li><strong>El Salvador<\/strong><\/li>\n<li><strong>Guatemala<\/strong><\/li>\n<li><strong>Honduras<\/strong><\/li>\n<li><strong>M\u00e9xico<\/strong><\/li>\n<li><strong>Nicaragua<\/strong><\/li>\n<li><strong>Panam\u00e1<\/strong><\/li>\n<li><strong>Paraguay<\/strong><\/li>\n<li><strong>Per\u00fa<\/strong><\/li>\n<li><strong>Rep\u00fablica Dominicana<\/strong><\/li>\n<li><strong>Uruguay<\/strong><\/li>\n<li><strong>Venezuela<\/strong><\/li>\n<li><strong>Andorra<\/strong><\/li>\n<li><strong>Espa\u00f1a<\/strong><\/li>\n<li><strong>Portugal<\/strong><\/li>\n<\/ol>\n<p>El\u00a0<strong>D\u00eda de Iberoam\u00e9rica<\/strong>\u00a0es una ocasi\u00f3n para celebrar la diversidad y los lazos culturales entre los pa\u00edses iberoamericanos. Aunque no hay eventos espec\u00edficos que se celebren de manera uniforme en todos los pa\u00edses, algunas actividades comunes incluyen:<\/p>\n<ol>\n<li><strong>Conferencias y debates<\/strong>: Se organizan charlas, paneles y debates sobre temas relevantes para la regi\u00f3n iberoamericana, como la cooperaci\u00f3n, la educaci\u00f3n y la cultura.<\/li>\n<li><strong>Exposiciones culturales<\/strong>: Museos, galer\u00edas y centros culturales presentan exposiciones que resaltan la riqueza art\u00edstica e hist\u00f3rica de la comunidad iberoamericana.<\/li>\n<li><strong>Festivales y conciertos<\/strong>: Se realizan eventos musicales y festivales para celebrar la m\u00fasica, danzas y tradiciones de los pa\u00edses iberoamericanos.<\/li>\n<li><strong>Premios y reconocimientos<\/strong>: Algunos organismos otorgan premios y reconocimientos a personas o instituciones que han contribuido al fortalecimiento de los lazos iberoamericanos.<\/li>\n<li><strong>Actividades educativas<\/strong>: Escuelas y universidades pueden organizar actividades especiales para concienciar sobre la importancia de la comunidad iberoamericana.<\/li>\n<\/ol>\n<p><strong>Recuerda que la celebraci\u00f3n puede variar seg\u00fan el pa\u00eds y la ciudad, pero en general, el D\u00eda de Iberoam\u00e9rica es una oportunidad para reflexionar sobre nuestra identidad compartida y promover la colaboraci\u00f3n entre naciones. \u00a1Saludos!<\/strong><\/p>\n<p>M\u00e1s informaci\u00f3n:<\/p>\n<ul>\n<li><a href=\"https:\/\/iberoamericamayores.org\/2023\/07\/17\/19-de-julio-dia-de-iberoamerica\/\" target=\"_blank\" rel=\"noopener\">Iberoam\u00e9rica mayores.org<\/a><\/li>\n<li><a href=\"https:\/\/www.segib.org\/los-organismos-iberoamericanos-celebran-el-dia-de-iberoamerica-y-reafirman-la-vigencia-de-la-comunidad\/\" target=\"_blank\" rel=\"noopener\">Segib.org<\/a><\/li>\n<li><a href=\"https:\/\/www.segib.org\/agenda\/dia-de-iberoamerica-2024\/#:~:text=Desde%202020%2C%20los%2022%20pa%C3%ADses,Iberoam%C3%A9rica%20cada%2019%20de%20julio.\" target=\"_blank\" rel=\"noopener\">Agenda 2024 para este d\u00eda. Segib.org<\/a><\/li>\n<\/ul>\n","protected":false},"excerpt":{"rendered":"<p>El\u00a0D\u00eda de Iberoam\u00e9rica\u00a0se celebra cada\u00a019 de julio\u00a0desde el a\u00f1o\u00a02020. Esta fecha conmemora la firma de la primera declaraci\u00f3n de jefes de Estado de la regi\u00f3n en\u00a0Guadalajara, M\u00e9xico, en\u00a01991 durante la\u00a0Primera Cumbre Iberoamericana. En ese evento, los l\u00edderes pol\u00edticos de los\u00a022 pa\u00edses de la regi\u00f3n\u00a0firmaron la\u00a0primera declaraci\u00f3n de jefes\/as de Estado, dando origen a la\u00a0Comunidad Iberoamericana [&hellip;]<\/p>\n","protected":false},"author":1,"featured_media":5099,"comment_status":"open","ping_status":"closed","sticky":false,"template":"","format":"standard","meta":{"site-container-style":"default","site-container-layout":"default","site-sidebar-layout":"default","disable-article-header":"default","disable-site-header":"default","disable-site-footer":"default","disable-content-area-spacing":"default","_jetpack_newsletter_access":"","_jetpack_dont_email_post_to_subs":false,"_jetpack_newsletter_tier_id":0,"_jetpack_memberships_contains_paywalled_content":false,"_jetpack_feature_clip_id":0,"_jetpack_memberships_contains_paid_content":false,"footnotes":"","jetpack_publicize_message":"","jetpack_publicize_feature_enabled":true,"jetpack_social_post_already_shared":true,"jetpack_social_options":{"image_generator_settings":{"template":"highway","default_image_id":0,"font":"","enabled":false},"version":2},"jetpack_post_was_ever_published":false},"categories":[1291,15],"tags":[2769,1203,1279,1652,2776,68,2772,2779,2782,2771,2768,2778,1323,2770,1307,2781,1175,2775,2773,2774,2780,2777],"class_list":["post-5094","post","type-post","status-publish","format-standard","has-post-thumbnail","hentry","category-efemerides","category-noticias-sociales","tag-19-de-julio","tag-1203","tag-1279","tag-1652","tag-afinidades-historicas-y-culturales","tag-blog-de-rafael-ramirez","tag-comunidad-iberoamericana-de-naciones","tag-cooperacion","tag-cultura-comun","tag-declaracion-de-jefes-de-estado","tag-dia-de-iberoamerica","tag-dialogo","tag-efemerides","tag-guadalajara","tag-historia","tag-lenguas","tag-mexico","tag-paises-iberoamericanos","tag-primera-cumbre-iberoamericana","tag-primera-declaracion-de-jefes-as-de-estado","tag-solidaridad","tag-unidad-y-el-desarrollo"],"yoast_head":"<!-- This site is optimized with the Yoast SEO plugin v28.4 - https:\/\/yoast.com\/product\/yoast-seo-wordpress\/ -->\n<title>D\u00eda de Iberoam\u00e9rica, promoviendo el desarrollo econ\u00f3mico y social a trav\u00e9s de la unidad. - Blog de Rafael Ram\u00edrez<\/title>\n<meta name=\"robots\" content=\"index, follow, max-snippet:-1, max-image-preview:large, max-video-preview:-1\" \/>\n<link rel=\"canonical\" href=\"https:\/\/rafaramirez.org\/blog\/index.php\/2024\/07\/19\/19-de-julio-dia-de-iberoamerica-unidad-promoviendo-el-desarrollo-economico-y-social\/\" \/>\n<meta property=\"og:locale\" content=\"es_ES\" \/>\n<meta property=\"og:type\" content=\"article\" \/>\n<meta property=\"og:title\" content=\"D\u00eda de Iberoam\u00e9rica, promoviendo el desarrollo econ\u00f3mico y social a trav\u00e9s de la unidad. - Blog de Rafael Ram\u00edrez\" \/>\n<meta property=\"og:description\" content=\"El\u00a0D\u00eda de Iberoam\u00e9rica\u00a0se celebra cada\u00a019 de julio\u00a0desde el a\u00f1o\u00a02020. Esta fecha conmemora la firma de la primera declaraci\u00f3n de jefes de Estado de la regi\u00f3n en\u00a0Guadalajara, M\u00e9xico, en\u00a01991 durante la\u00a0Primera Cumbre Iberoamericana. En ese evento, los l\u00edderes pol\u00edticos de los\u00a022 pa\u00edses de la regi\u00f3n\u00a0firmaron la\u00a0primera declaraci\u00f3n de jefes\/as de Estado, dando origen a la\u00a0Comunidad Iberoamericana [&hellip;]\" \/>\n<meta property=\"og:url\" content=\"https:\/\/rafaramirez.org\/blog\/index.php\/2024\/07\/19\/19-de-julio-dia-de-iberoamerica-unidad-promoviendo-el-desarrollo-economico-y-social\/\" \/>\n<meta property=\"og:site_name\" content=\"Blog de Rafael Ram\u00edrez\" \/>\n<meta property=\"article:published_time\" content=\"2024-07-19T06:15:54+00:00\" \/>\n<meta property=\"article:modified_time\" content=\"2024-07-19T09:51:49+00:00\" \/>\n<meta property=\"og:image\" content=\"https:\/\/rafaramirez.org\/blog\/wp-content\/uploads\/2024\/07\/Banner_dia_iberoamerica-blog_de_rafael_ramirez.jpg\" \/>\n\t<meta property=\"og:image:width\" content=\"750\" \/>\n\t<meta property=\"og:image:height\" content=\"450\" \/>\n\t<meta property=\"og:image:type\" content=\"image\/jpeg\" \/>\n<meta name=\"author\" content=\"Rafael Ram\u00edrez\" \/>\n<meta name=\"twitter:card\" content=\"summary_large_image\" \/>\n<meta name=\"twitter:creator\" content=\"@rafaramirez_ok\" \/>\n<meta name=\"twitter:site\" content=\"@rafaramirez_ok\" \/>\n<meta name=\"twitter:label1\" content=\"Escrito por\" \/>\n\t<meta name=\"twitter:data1\" content=\"Rafael Ram\u00edrez\" \/>\n\t<meta name=\"twitter:label2\" content=\"Tiempo de lectura\" \/>\n\t<meta name=\"twitter:data2\" content=\"2 minutos\" \/>\n<script type=\"application\/ld+json\" class=\"yoast-schema-graph\">{\"@context\":\"https:\\\/\\\/schema.org\",\"@graph\":[{\"@type\":\"Article\",\"@id\":\"https:\\\/\\\/rafaramirez.org\\\/blog\\\/index.php\\\/2024\\\/07\\\/19\\\/19-de-julio-dia-de-iberoamerica-unidad-promoviendo-el-desarrollo-economico-y-social\\\/#article\",\"isPartOf\":{\"@id\":\"https:\\\/\\\/rafaramirez.org\\\/blog\\\/index.php\\\/2024\\\/07\\\/19\\\/19-de-julio-dia-de-iberoamerica-unidad-promoviendo-el-desarrollo-economico-y-social\\\/\"},\"author\":{\"name\":\"Rafael Ram\u00edrez\",\"@id\":\"https:\\\/\\\/rafaramirez.org\\\/blog\\\/#\\\/schema\\\/person\\\/50f43b6d60c578760d4c17bda54ab6a5\"},\"headline\":\"D\u00eda de Iberoam\u00e9rica, promoviendo el desarrollo econ\u00f3mico y social a trav\u00e9s de la unidad.\",\"datePublished\":\"2024-07-19T06:15:54+00:00\",\"dateModified\":\"2024-07-19T09:51:49+00:00\",\"mainEntityOfPage\":{\"@id\":\"https:\\\/\\\/rafaramirez.org\\\/blog\\\/index.php\\\/2024\\\/07\\\/19\\\/19-de-julio-dia-de-iberoamerica-unidad-promoviendo-el-desarrollo-economico-y-social\\\/\"},\"wordCount\":439,\"commentCount\":0,\"publisher\":{\"@id\":\"https:\\\/\\\/rafaramirez.org\\\/blog\\\/#\\\/schema\\\/person\\\/50f43b6d60c578760d4c17bda54ab6a5\"},\"image\":{\"@id\":\"https:\\\/\\\/rafaramirez.org\\\/blog\\\/index.php\\\/2024\\\/07\\\/19\\\/19-de-julio-dia-de-iberoamerica-unidad-promoviendo-el-desarrollo-economico-y-social\\\/#primaryimage\"},\"thumbnailUrl\":\"https:\\\/\\\/rafaramirez.org\\\/blog\\\/wp-content\\\/uploads\\\/2024\\\/07\\\/Banner_dia_iberoamerica-blog_de_rafael_ramirez.jpg\",\"keywords\":[\"19 de julio\",\"1991\",\"2020\",\"2024\",\"afinidades hist\u00f3ricas y culturales\",\"blog de Rafael Ram\u00edrez\",\"Comunidad Iberoamericana de Naciones\",\"cooperaci\u00f3n\",\"cultura com\u00fan\",\"declaraci\u00f3n de jefes de Estado\",\"D\u00eda de Iberoam\u00e9rica\",\"di\u00e1logo\",\"efem\u00e9rides\",\"Guadalajara\",\"Historia\",\"lenguas\",\"M\u00e9xico\",\"pa\u00edses iberoamericanos\",\"Primera Cumbre Iberoamericana\",\"primera declaraci\u00f3n de jefes\\\/as de Estado\",\"solidaridad\",\"unidad\u00a0y el\u00a0desarrollo\"],\"articleSection\":[\"Efem\u00e9rides\",\"Informe social\"],\"inLanguage\":\"es\",\"potentialAction\":[{\"@type\":\"CommentAction\",\"name\":\"Comment\",\"target\":[\"https:\\\/\\\/rafaramirez.org\\\/blog\\\/index.php\\\/2024\\\/07\\\/19\\\/19-de-julio-dia-de-iberoamerica-unidad-promoviendo-el-desarrollo-economico-y-social\\\/#respond\"]}]},{\"@type\":\"WebPage\",\"@id\":\"https:\\\/\\\/rafaramirez.org\\\/blog\\\/index.php\\\/2024\\\/07\\\/19\\\/19-de-julio-dia-de-iberoamerica-unidad-promoviendo-el-desarrollo-economico-y-social\\\/\",\"url\":\"https:\\\/\\\/rafaramirez.org\\\/blog\\\/index.php\\\/2024\\\/07\\\/19\\\/19-de-julio-dia-de-iberoamerica-unidad-promoviendo-el-desarrollo-economico-y-social\\\/\",\"name\":\"D\u00eda de Iberoam\u00e9rica, promoviendo el desarrollo econ\u00f3mico y social a trav\u00e9s de la unidad. - Blog de Rafael Ram\u00edrez\",\"isPartOf\":{\"@id\":\"https:\\\/\\\/rafaramirez.org\\\/blog\\\/#website\"},\"primaryImageOfPage\":{\"@id\":\"https:\\\/\\\/rafaramirez.org\\\/blog\\\/index.php\\\/2024\\\/07\\\/19\\\/19-de-julio-dia-de-iberoamerica-unidad-promoviendo-el-desarrollo-economico-y-social\\\/#primaryimage\"},\"image\":{\"@id\":\"https:\\\/\\\/rafaramirez.org\\\/blog\\\/index.php\\\/2024\\\/07\\\/19\\\/19-de-julio-dia-de-iberoamerica-unidad-promoviendo-el-desarrollo-economico-y-social\\\/#primaryimage\"},\"thumbnailUrl\":\"https:\\\/\\\/rafaramirez.org\\\/blog\\\/wp-content\\\/uploads\\\/2024\\\/07\\\/Banner_dia_iberoamerica-blog_de_rafael_ramirez.jpg\",\"datePublished\":\"2024-07-19T06:15:54+00:00\",\"dateModified\":\"2024-07-19T09:51:49+00:00\",\"breadcrumb\":{\"@id\":\"https:\\\/\\\/rafaramirez.org\\\/blog\\\/index.php\\\/2024\\\/07\\\/19\\\/19-de-julio-dia-de-iberoamerica-unidad-promoviendo-el-desarrollo-economico-y-social\\\/#breadcrumb\"},\"inLanguage\":\"es\",\"potentialAction\":[{\"@type\":\"ReadAction\",\"target\":[\"https:\\\/\\\/rafaramirez.org\\\/blog\\\/index.php\\\/2024\\\/07\\\/19\\\/19-de-julio-dia-de-iberoamerica-unidad-promoviendo-el-desarrollo-economico-y-social\\\/\"]}]},{\"@type\":\"ImageObject\",\"inLanguage\":\"es\",\"@id\":\"https:\\\/\\\/rafaramirez.org\\\/blog\\\/index.php\\\/2024\\\/07\\\/19\\\/19-de-julio-dia-de-iberoamerica-unidad-promoviendo-el-desarrollo-economico-y-social\\\/#primaryimage\",\"url\":\"https:\\\/\\\/rafaramirez.org\\\/blog\\\/wp-content\\\/uploads\\\/2024\\\/07\\\/Banner_dia_iberoamerica-blog_de_rafael_ramirez.jpg\",\"contentUrl\":\"https:\\\/\\\/rafaramirez.org\\\/blog\\\/wp-content\\\/uploads\\\/2024\\\/07\\\/Banner_dia_iberoamerica-blog_de_rafael_ramirez.jpg\",\"width\":750,\"height\":450,\"caption\":\"19 de julio: D\u00eda de Iberoam\u00e9rica. Blog de Rafael Ram\u00edrez.\"},{\"@type\":\"BreadcrumbList\",\"@id\":\"https:\\\/\\\/rafaramirez.org\\\/blog\\\/index.php\\\/2024\\\/07\\\/19\\\/19-de-julio-dia-de-iberoamerica-unidad-promoviendo-el-desarrollo-economico-y-social\\\/#breadcrumb\",\"itemListElement\":[{\"@type\":\"ListItem\",\"position\":1,\"name\":\"Portada\",\"item\":\"https:\\\/\\\/rafaramirez.org\\\/blog\\\/\"},{\"@type\":\"ListItem\",\"position\":2,\"name\":\"D\u00eda de Iberoam\u00e9rica, promoviendo el desarrollo econ\u00f3mico y social a trav\u00e9s de la unidad.\"}]},{\"@type\":\"WebSite\",\"@id\":\"https:\\\/\\\/rafaramirez.org\\\/blog\\\/#website\",\"url\":\"https:\\\/\\\/rafaramirez.org\\\/blog\\\/\",\"name\":\"Blog de Rafael Ram\u00edrez\",\"description\":\"Un sitio social, de arte y cultura\",\"publisher\":{\"@id\":\"https:\\\/\\\/rafaramirez.org\\\/blog\\\/#\\\/schema\\\/person\\\/50f43b6d60c578760d4c17bda54ab6a5\"},\"potentialAction\":[{\"@type\":\"SearchAction\",\"target\":{\"@type\":\"EntryPoint\",\"urlTemplate\":\"https:\\\/\\\/rafaramirez.org\\\/blog\\\/?s={search_term_string}\"},\"query-input\":{\"@type\":\"PropertyValueSpecification\",\"valueRequired\":true,\"valueName\":\"search_term_string\"}}],\"inLanguage\":\"es\"},{\"@type\":[\"Person\",\"Organization\"],\"@id\":\"https:\\\/\\\/rafaramirez.org\\\/blog\\\/#\\\/schema\\\/person\\\/50f43b6d60c578760d4c17bda54ab6a5\",\"name\":\"Rafael Ram\u00edrez\",\"image\":{\"@type\":\"ImageObject\",\"inLanguage\":\"es\",\"@id\":\"https:\\\/\\\/rafaramirez.org\\\/blog\\\/wp-content\\\/uploads\\\/2024\\\/09\\\/RR_socialnetwork.jpg\",\"url\":\"https:\\\/\\\/rafaramirez.org\\\/blog\\\/wp-content\\\/uploads\\\/2024\\\/09\\\/RR_socialnetwork.jpg\",\"contentUrl\":\"https:\\\/\\\/rafaramirez.org\\\/blog\\\/wp-content\\\/uploads\\\/2024\\\/09\\\/RR_socialnetwork.jpg\",\"width\":600,\"height\":606,\"caption\":\"Rafael Ram\u00edrez\"},\"logo\":{\"@id\":\"https:\\\/\\\/rafaramirez.org\\\/blog\\\/wp-content\\\/uploads\\\/2024\\\/09\\\/RR_socialnetwork.jpg\"},\"sameAs\":[\"https:\\\/\\\/www.rafaramirez.org\\\/blog\",\"https:\\\/\\\/www.instagram.com\\\/rafaramirez_ok\\\/\",\"https:\\\/\\\/es.pinterest.com\\\/Ramirez_Rafa\\\/\",\"https:\\\/\\\/x.com\\\/rafaramirez_ok\"],\"url\":\"https:\\\/\\\/rafaramirez.org\\\/blog\\\/index.php\\\/author\\\/rafaell_qm6j97da\\\/\"}]}<\/script>\n<!-- \/ Yoast SEO plugin. -->","yoast_head_json":{"title":"D\u00eda de Iberoam\u00e9rica, promoviendo el desarrollo econ\u00f3mico y social a trav\u00e9s de la unidad. - Blog de Rafael Ram\u00edrez","robots":{"index":"index","follow":"follow","max-snippet":"max-snippet:-1","max-image-preview":"max-image-preview:large","max-video-preview":"max-video-preview:-1"},"canonical":"https:\/\/rafaramirez.org\/blog\/index.php\/2024\/07\/19\/19-de-julio-dia-de-iberoamerica-unidad-promoviendo-el-desarrollo-economico-y-social\/","og_locale":"es_ES","og_type":"article","og_title":"D\u00eda de Iberoam\u00e9rica, promoviendo el desarrollo econ\u00f3mico y social a trav\u00e9s de la unidad. - Blog de Rafael Ram\u00edrez","og_description":"El\u00a0D\u00eda de Iberoam\u00e9rica\u00a0se celebra cada\u00a019 de julio\u00a0desde el a\u00f1o\u00a02020. Esta fecha conmemora la firma de la primera declaraci\u00f3n de jefes de Estado de la regi\u00f3n en\u00a0Guadalajara, M\u00e9xico, en\u00a01991 durante la\u00a0Primera Cumbre Iberoamericana. En ese evento, los l\u00edderes pol\u00edticos de los\u00a022 pa\u00edses de la regi\u00f3n\u00a0firmaron la\u00a0primera declaraci\u00f3n de jefes\/as de Estado, dando origen a la\u00a0Comunidad Iberoamericana [&hellip;]","og_url":"https:\/\/rafaramirez.org\/blog\/index.php\/2024\/07\/19\/19-de-julio-dia-de-iberoamerica-unidad-promoviendo-el-desarrollo-economico-y-social\/","og_site_name":"Blog de Rafael Ram\u00edrez","article_published_time":"2024-07-19T06:15:54+00:00","article_modified_time":"2024-07-19T09:51:49+00:00","og_image":[{"width":750,"height":450,"url":"https:\/\/rafaramirez.org\/blog\/wp-content\/uploads\/2024\/07\/Banner_dia_iberoamerica-blog_de_rafael_ramirez.jpg","type":"image\/jpeg"}],"author":"Rafael Ram\u00edrez","twitter_card":"summary_large_image","twitter_creator":"@rafaramirez_ok","twitter_site":"@rafaramirez_ok","twitter_misc":{"Escrito por":"Rafael Ram\u00edrez","Tiempo de lectura":"2 minutos"},"schema":{"@context":"https:\/\/schema.org","@graph":[{"@type":"Article","@id":"https:\/\/rafaramirez.org\/blog\/index.php\/2024\/07\/19\/19-de-julio-dia-de-iberoamerica-unidad-promoviendo-el-desarrollo-economico-y-social\/#article","isPartOf":{"@id":"https:\/\/rafaramirez.org\/blog\/index.php\/2024\/07\/19\/19-de-julio-dia-de-iberoamerica-unidad-promoviendo-el-desarrollo-economico-y-social\/"},"author":{"name":"Rafael Ram\u00edrez","@id":"https:\/\/rafaramirez.org\/blog\/#\/schema\/person\/50f43b6d60c578760d4c17bda54ab6a5"},"headline":"D\u00eda de Iberoam\u00e9rica, promoviendo el desarrollo econ\u00f3mico y social a trav\u00e9s de la unidad.","datePublished":"2024-07-19T06:15:54+00:00","dateModified":"2024-07-19T09:51:49+00:00","mainEntityOfPage":{"@id":"https:\/\/rafaramirez.org\/blog\/index.php\/2024\/07\/19\/19-de-julio-dia-de-iberoamerica-unidad-promoviendo-el-desarrollo-economico-y-social\/"},"wordCount":439,"commentCount":0,"publisher":{"@id":"https:\/\/rafaramirez.org\/blog\/#\/schema\/person\/50f43b6d60c578760d4c17bda54ab6a5"},"image":{"@id":"https:\/\/rafaramirez.org\/blog\/index.php\/2024\/07\/19\/19-de-julio-dia-de-iberoamerica-unidad-promoviendo-el-desarrollo-economico-y-social\/#primaryimage"},"thumbnailUrl":"https:\/\/rafaramirez.org\/blog\/wp-content\/uploads\/2024\/07\/Banner_dia_iberoamerica-blog_de_rafael_ramirez.jpg","keywords":["19 de julio","1991","2020","2024","afinidades hist\u00f3ricas y culturales","blog de Rafael Ram\u00edrez","Comunidad Iberoamericana de Naciones","cooperaci\u00f3n","cultura com\u00fan","declaraci\u00f3n de jefes de Estado","D\u00eda de Iberoam\u00e9rica","di\u00e1logo","efem\u00e9rides","Guadalajara","Historia","lenguas","M\u00e9xico","pa\u00edses iberoamericanos","Primera Cumbre Iberoamericana","primera declaraci\u00f3n de jefes\/as de Estado","solidaridad","unidad\u00a0y el\u00a0desarrollo"],"articleSection":["Efem\u00e9rides","Informe social"],"inLanguage":"es","potentialAction":[{"@type":"CommentAction","name":"Comment","target":["https:\/\/rafaramirez.org\/blog\/index.php\/2024\/07\/19\/19-de-julio-dia-de-iberoamerica-unidad-promoviendo-el-desarrollo-economico-y-social\/#respond"]}]},{"@type":"WebPage","@id":"https:\/\/rafaramirez.org\/blog\/index.php\/2024\/07\/19\/19-de-julio-dia-de-iberoamerica-unidad-promoviendo-el-desarrollo-economico-y-social\/","url":"https:\/\/rafaramirez.org\/blog\/index.php\/2024\/07\/19\/19-de-julio-dia-de-iberoamerica-unidad-promoviendo-el-desarrollo-economico-y-social\/","name":"D\u00eda de Iberoam\u00e9rica, promoviendo el desarrollo econ\u00f3mico y social a trav\u00e9s de la unidad. - Blog de Rafael Ram\u00edrez","isPartOf":{"@id":"https:\/\/rafaramirez.org\/blog\/#website"},"primaryImageOfPage":{"@id":"https:\/\/rafaramirez.org\/blog\/index.php\/2024\/07\/19\/19-de-julio-dia-de-iberoamerica-unidad-promoviendo-el-desarrollo-economico-y-social\/#primaryimage"},"image":{"@id":"https:\/\/rafaramirez.org\/blog\/index.php\/2024\/07\/19\/19-de-julio-dia-de-iberoamerica-unidad-promoviendo-el-desarrollo-economico-y-social\/#primaryimage"},"thumbnailUrl":"https:\/\/rafaramirez.org\/blog\/wp-content\/uploads\/2024\/07\/Banner_dia_iberoamerica-blog_de_rafael_ramirez.jpg","datePublished":"2024-07-19T06:15:54+00:00","dateModified":"2024-07-19T09:51:49+00:00","breadcrumb":{"@id":"https:\/\/rafaramirez.org\/blog\/index.php\/2024\/07\/19\/19-de-julio-dia-de-iberoamerica-unidad-promoviendo-el-desarrollo-economico-y-social\/#breadcrumb"},"inLanguage":"es","potentialAction":[{"@type":"ReadAction","target":["https:\/\/rafaramirez.org\/blog\/index.php\/2024\/07\/19\/19-de-julio-dia-de-iberoamerica-unidad-promoviendo-el-desarrollo-economico-y-social\/"]}]},{"@type":"ImageObject","inLanguage":"es","@id":"https:\/\/rafaramirez.org\/blog\/index.php\/2024\/07\/19\/19-de-julio-dia-de-iberoamerica-unidad-promoviendo-el-desarrollo-economico-y-social\/#primaryimage","url":"https:\/\/rafaramirez.org\/blog\/wp-content\/uploads\/2024\/07\/Banner_dia_iberoamerica-blog_de_rafael_ramirez.jpg","contentUrl":"https:\/\/rafaramirez.org\/blog\/wp-content\/uploads\/2024\/07\/Banner_dia_iberoamerica-blog_de_rafael_ramirez.jpg","width":750,"height":450,"caption":"19 de julio: D\u00eda de Iberoam\u00e9rica. Blog de Rafael Ram\u00edrez."},{"@type":"BreadcrumbList","@id":"https:\/\/rafaramirez.org\/blog\/index.php\/2024\/07\/19\/19-de-julio-dia-de-iberoamerica-unidad-promoviendo-el-desarrollo-economico-y-social\/#breadcrumb","itemListElement":[{"@type":"ListItem","position":1,"name":"Portada","item":"https:\/\/rafaramirez.org\/blog\/"},{"@type":"ListItem","position":2,"name":"D\u00eda de Iberoam\u00e9rica, promoviendo el desarrollo econ\u00f3mico y social a trav\u00e9s de la unidad."}]},{"@type":"WebSite","@id":"https:\/\/rafaramirez.org\/blog\/#website","url":"https:\/\/rafaramirez.org\/blog\/","name":"Blog de Rafael Ram\u00edrez","description":"Un sitio social, de arte y cultura","publisher":{"@id":"https:\/\/rafaramirez.org\/blog\/#\/schema\/person\/50f43b6d60c578760d4c17bda54ab6a5"},"potentialAction":[{"@type":"SearchAction","target":{"@type":"EntryPoint","urlTemplate":"https:\/\/rafaramirez.org\/blog\/?s={search_term_string}"},"query-input":{"@type":"PropertyValueSpecification","valueRequired":true,"valueName":"search_term_string"}}],"inLanguage":"es"},{"@type":["Person","Organization"],"@id":"https:\/\/rafaramirez.org\/blog\/#\/schema\/person\/50f43b6d60c578760d4c17bda54ab6a5","name":"Rafael Ram\u00edrez","image":{"@type":"ImageObject","inLanguage":"es","@id":"https:\/\/rafaramirez.org\/blog\/wp-content\/uploads\/2024\/09\/RR_socialnetwork.jpg","url":"https:\/\/rafaramirez.org\/blog\/wp-content\/uploads\/2024\/09\/RR_socialnetwork.jpg","contentUrl":"https:\/\/rafaramirez.org\/blog\/wp-content\/uploads\/2024\/09\/RR_socialnetwork.jpg","width":600,"height":606,"caption":"Rafael Ram\u00edrez"},"logo":{"@id":"https:\/\/rafaramirez.org\/blog\/wp-content\/uploads\/2024\/09\/RR_socialnetwork.jpg"},"sameAs":["https:\/\/www.rafaramirez.org\/blog","https:\/\/www.instagram.com\/rafaramirez_ok\/","https:\/\/es.pinterest.com\/Ramirez_Rafa\/","https:\/\/x.com\/rafaramirez_ok"],"url":"https:\/\/rafaramirez.org\/blog\/index.php\/author\/rafaell_qm6j97da\/"}]}},"jetpack_publicize_connections":[],"jetpack_sharing_enabled":true,"jetpack_likes_enabled":true,"jetpack_featured_media_url":"https:\/\/rafaramirez.org\/blog\/wp-content\/uploads\/2024\/07\/Banner_dia_iberoamerica-blog_de_rafael_ramirez.jpg","_links":{"self":[{"href":"https:\/\/rafaramirez.org\/blog\/index.php\/wp-json\/wp\/v2\/posts\/5094","targetHints":{"allow":["GET"]}}],"collection":[{"href":"https:\/\/rafaramirez.org\/blog\/index.php\/wp-json\/wp\/v2\/posts"}],"about":[{"href":"https:\/\/rafaramirez.org\/blog\/index.php\/wp-json\/wp\/v2\/types\/post"}],"author":[{"embeddable":true,"href":"https:\/\/rafaramirez.org\/blog\/index.php\/wp-json\/wp\/v2\/users\/1"}],"replies":[{"embeddable":true,"href":"https:\/\/rafaramirez.org\/blog\/index.php\/wp-json\/wp\/v2\/comments?post=5094"}],"version-history":[{"count":7,"href":"https:\/\/rafaramirez.org\/blog\/index.php\/wp-json\/wp\/v2\/posts\/5094\/revisions"}],"predecessor-version":[{"id":5344,"href":"https:\/\/rafaramirez.org\/blog\/index.php\/wp-json\/wp\/v2\/posts\/5094\/revisions\/5344"}],"wp:featuredmedia":[{"embeddable":true,"href":"https:\/\/rafaramirez.org\/blog\/index.php\/wp-json\/wp\/v2\/media\/5099"}],"wp:attachment":[{"href":"https:\/\/rafaramirez.org\/blog\/index.php\/wp-json\/wp\/v2\/media?parent=5094"}],"wp:term":[{"taxonomy":"category","embeddable":true,"href":"https:\/\/rafaramirez.org\/blog\/index.php\/wp-json\/wp\/v2\/categories?post=5094"},{"taxonomy":"post_tag","embeddable":true,"href":"https:\/\/rafaramirez.org\/blog\/index.php\/wp-json\/wp\/v2\/tags?post=5094"}],"curies":[{"name":"wp","href":"https:\/\/api.w.org\/{rel}","templated":true}]}}