{"id":5025,"date":"2024-07-12T08:15:57","date_gmt":"2024-07-12T06:15:57","guid":{"rendered":"https:\/\/rafaramirez.org\/blog\/?p=5025"},"modified":"2025-07-14T10:15:41","modified_gmt":"2025-07-14T08:15:41","slug":"dia-mundial-del-rock-la-importancia-del-rock-como-forma-de-expresion-cultural","status":"publish","type":"post","link":"https:\/\/rafaramirez.org\/blog\/index.php\/2024\/07\/12\/dia-mundial-del-rock-la-importancia-del-rock-como-forma-de-expresion-cultural\/","title":{"rendered":"D\u00eda Mundial del Rock: la importancia del rock como forma de expresi\u00f3n cultural."},"content":{"rendered":"<p class=\"first-token\" data-sourcepos=\"1:1-1:20\">El <strong>D\u00eda Mundial del Rock<\/strong> se celebra cada a\u00f1o el <strong>13 de julio<\/strong> como una fecha para conmemorar este g\u00e9nero musical y su impacto en la cultura global. El origen de esta celebraci\u00f3n se remonta al <strong>concierto Live Aid<\/strong> que tuvo lugar en 1985. \u00a0El objetivo del concierto era recaudar fondos para ayudar a\u00a0<strong>Somalia y Etiop\u00eda<\/strong>, pa\u00edses africanos que atravesaban una severa crisis de hambruna<span style=\"font-size: 12px;\">.<\/span><\/p>\n<p data-sourcepos=\"3:1-3:13\"><strong>Live Aid:<\/strong><\/p>\n<ul data-sourcepos=\"5:1-5:1\">\n<li data-sourcepos=\"5:1-5:1\"><strong>Fecha:<\/strong> 13 de julio de 1985<\/li>\n<li data-sourcepos=\"6:1-6:71\"><strong>Ciudades:<\/strong> Londres (Estadio de Wembley) y Filadelfia (Estadio JFK)<\/li>\n<li data-sourcepos=\"7:1-7:69\"><strong>Objetivo:<\/strong> Recaudar fondos para combatir la hambruna en Etiop\u00eda.<\/li>\n<li data-sourcepos=\"8:1-8:59\"><strong>Artistas:<\/strong> Un elenco legendario de estrellas del rock, incluyendo Queen, David Bowie, U2, Elton John, Mick Jagger, Eric Clapton, Madonna y muchos m\u00e1s.<\/li>\n<\/ul>\n<p data-sourcepos=\"10:1-10:336\">El \u00e9xito rotundo del Live Aid, tanto en t\u00e9rminos de recaudaci\u00f3n de fondos como de audiencia global, marc\u00f3 un hito en la historia de la m\u00fasica. La participaci\u00f3n de artistas de rock de renombre y la trascendencia del evento inspiraron la decisi\u00f3n de establecer el 13 de julio como el D\u00eda Mundial del Rock a partir del a\u00f1o siguiente, 1986.<\/p>\n<p data-sourcepos=\"10:1-10:336\"><iframe loading=\"lazy\" title=\"YouTube video player\" src=\"https:\/\/www.youtube.com\/embed\/o6wE6rlTNmk?si=fKf9F9N9PbEo4mYm\" width=\"560\" height=\"315\" frameborder=\"0\" allowfullscreen=\"allowfullscreen\"><\/iframe><\/p>\n<p data-sourcepos=\"12:1-12:45\"><strong>\u00bfC\u00f3mo se celebra el D\u00eda Mundial del Rock?<\/strong><\/p>\n<ul data-sourcepos=\"14:1-14:68\">\n<li data-sourcepos=\"14:1-14:68\"><strong>Conciertos y eventos:<\/strong> En todo el mundo se organizan conciertos, festivales y eventos especiales dedicados al rock. Estos eventos pueden incluir presentaciones de bandas locales e internacionales, tributos a leyendas del rock, exposiciones, charlas y otras actividades relacionadas con este g\u00e9nero musical.<\/li>\n<li data-sourcepos=\"15:1-15:191\"><strong>Radio y televisi\u00f3n:<\/strong> Las estaciones de radio y televisi\u00f3n emiten programaci\u00f3n especial con m\u00fasica rock, entrevistas a artistas, documentales y programas dedicados a la historia del rock.<\/li>\n<li data-sourcepos=\"16:1-17:0\"><strong>Redes sociales:<\/strong> Las redes sociales se llenan de contenido relacionado con el rock, como fotos, videos, memes, listas de reproducci\u00f3n y mensajes de fan\u00e1ticos que comparten su pasi\u00f3n por este g\u00e9nero.<iframe loading=\"lazy\" title=\"YouTube video player\" src=\"https:\/\/www.youtube.com\/embed\/JFHC6t13hi0?si=9tFpKKKJZ9U_cuWd\" width=\"560\" height=\"315\" frameborder=\"0\" allowfullscreen=\"allowfullscreen\"><\/iframe><\/li>\n<\/ul>\n<p data-sourcepos=\"18:1-18:28\"><strong>El D\u00eda Mundial del Rock:<\/strong><\/p>\n<ul data-sourcepos=\"20:1-21:136\">\n<li data-sourcepos=\"20:1-20:201\"><strong>M\u00e1s que una celebraci\u00f3n:<\/strong> Es una oportunidad para reflexionar sobre la importancia del rock como forma de expresi\u00f3n cultural, su impacto en la sociedad y su papel en la defensa de causas sociales.<\/li>\n<li data-sourcepos=\"21:1-21:136\"><strong>Un g\u00e9nero que trasciende fronteras:<\/strong> El rock ha traspasado fronteras culturales y ling\u00fc\u00edsticas, uniendo a personas de todo el mundo a trav\u00e9s de la m\u00fasica.<\/li>\n<li data-sourcepos=\"22:1-23:0\"><strong>Un legado musical:<\/strong> El D\u00eda Mundial del Rock es un homenaje a las leyendas que han dado forma a este g\u00e9nero y a las nuevas generaciones que siguen manteniendo viva la llama del rock.<iframe loading=\"lazy\" title=\"YouTube video player\" src=\"https:\/\/www.youtube.com\/embed\/zwDjJP_l5AY?si=j5y3MHVakPuzbeEH\" width=\"560\" height=\"315\" frameborder=\"0\" allowfullscreen=\"allowfullscreen\"><\/iframe><\/li>\n<\/ul>\n<p data-sourcepos=\"24:1-24:170\"><strong>Si eres fan\u00e1tico del rock, el 13 de julio es tu d\u00eda.<\/strong> \u00a1Sube el volumen a tu m\u00fasica favorita, ponte la camiseta de tu grupo o artista preferido y celebra este d\u00eda a lo grande!<\/p>\n<p data-sourcepos=\"24:1-24:170\">M\u00e1s informaci\u00f3n:<\/p>\n<ul>\n<li data-sourcepos=\"24:1-24:170\"><a href=\"https:\/\/es.wikipedia.org\/wiki\/D%C3%ADa_mundial_del_rock\" target=\"_blank\" rel=\"noopener\">Wikipedia.es<\/a><\/li>\n<li data-sourcepos=\"24:1-24:170\"><a href=\"https:\/\/www.google.com\/search?q=comprar+live+aid+1985\" target=\"_blank\" rel=\"noopener\">Concierto Live Aid 1985 d\u00f3nde comprar<\/a>.<\/li>\n<\/ul>\n","protected":false},"excerpt":{"rendered":"<p>El D\u00eda Mundial del Rock se celebra cada a\u00f1o el 13 de julio como una fecha para conmemorar este g\u00e9nero musical y su impacto en la cultura global. El origen de esta celebraci\u00f3n se remonta al concierto Live Aid que tuvo lugar en 1985. \u00a0El objetivo del concierto era recaudar fondos para ayudar a\u00a0Somalia y [&hellip;]<\/p>\n","protected":false},"author":1,"featured_media":5029,"comment_status":"open","ping_status":"closed","sticky":false,"template":"","format":"standard","meta":{"site-container-style":"default","site-container-layout":"default","site-sidebar-layout":"default","disable-article-header":"default","disable-site-header":"default","disable-site-footer":"default","disable-content-area-spacing":"default","_jetpack_newsletter_access":"","_jetpack_dont_email_post_to_subs":false,"_jetpack_newsletter_tier_id":0,"_jetpack_memberships_contains_paywalled_content":false,"_jetpack_feature_clip_id":0,"_jetpack_memberships_contains_paid_content":false,"footnotes":"","jetpack_publicize_message":"","jetpack_publicize_feature_enabled":true,"jetpack_social_post_already_shared":false,"jetpack_social_options":{"image_generator_settings":{"template":"highway","default_image_id":0,"font":"","enabled":false},"version":2},"jetpack_post_was_ever_published":false},"categories":[1291,709],"tags":[2733,1958,68,1298,2734,2091,2735,2739,2732,1323,2062,2064,2737,724,2736,272,2740,309,2515,729,2741,2738,731],"class_list":["post-5025","post","type-post","status-publish","format-standard","has-post-thumbnail","hentry","category-efemerides","category-musica","tag-13-de-julio","tag-1958","tag-blog-de-rafael-ramirez","tag-conciertos-beneficos","tag-conciertos-de-musica","tag-conciertos-en-vivo","tag-conciertos-famosos","tag-david-bowie","tag-dia-mundial-del-rock","tag-efemerides","tag-elton-john","tag-eric-clapton","tag-etiopia","tag-historia-de-la-musica","tag-live-aid-1985","tag-madonna","tag-mick-jagger","tag-musica","tag-musica-recomendada","tag-queen","tag-sade","tag-somalia","tag-u2"],"yoast_head":"<!-- This site is optimized with the Yoast SEO plugin v28.4 - https:\/\/yoast.com\/product\/yoast-seo-wordpress\/ -->\n<title>D\u00eda Mundial del Rock: la importancia del rock como forma de expresi\u00f3n cultural. - Blog de Rafael Ram\u00edrez<\/title>\n<meta name=\"robots\" content=\"index, follow, max-snippet:-1, max-image-preview:large, max-video-preview:-1\" \/>\n<link rel=\"canonical\" href=\"https:\/\/rafaramirez.org\/blog\/index.php\/2024\/07\/12\/dia-mundial-del-rock-la-importancia-del-rock-como-forma-de-expresion-cultural\/\" \/>\n<meta property=\"og:locale\" content=\"es_ES\" \/>\n<meta property=\"og:type\" content=\"article\" \/>\n<meta property=\"og:title\" content=\"D\u00eda Mundial del Rock: la importancia del rock como forma de expresi\u00f3n cultural. - Blog de Rafael Ram\u00edrez\" \/>\n<meta property=\"og:description\" content=\"El D\u00eda Mundial del Rock se celebra cada a\u00f1o el 13 de julio como una fecha para conmemorar este g\u00e9nero musical y su impacto en la cultura global. El origen de esta celebraci\u00f3n se remonta al concierto Live Aid que tuvo lugar en 1985. \u00a0El objetivo del concierto era recaudar fondos para ayudar a\u00a0Somalia y [&hellip;]\" \/>\n<meta property=\"og:url\" content=\"https:\/\/rafaramirez.org\/blog\/index.php\/2024\/07\/12\/dia-mundial-del-rock-la-importancia-del-rock-como-forma-de-expresion-cultural\/\" \/>\n<meta property=\"og:site_name\" content=\"Blog de Rafael Ram\u00edrez\" \/>\n<meta property=\"article:published_time\" content=\"2024-07-12T06:15:57+00:00\" \/>\n<meta property=\"article:modified_time\" content=\"2025-07-14T08:15:41+00:00\" \/>\n<meta property=\"og:image\" content=\"https:\/\/rafaramirez.org\/blog\/wp-content\/uploads\/2024\/07\/Dia_Mundial_del_Rock.jpg\" \/>\n\t<meta property=\"og:image:width\" content=\"700\" \/>\n\t<meta property=\"og:image:height\" content=\"700\" \/>\n\t<meta property=\"og:image:type\" content=\"image\/jpeg\" \/>\n<meta name=\"author\" content=\"Rafael Ram\u00edrez\" \/>\n<meta name=\"twitter:card\" content=\"summary_large_image\" \/>\n<meta name=\"twitter:creator\" content=\"@rafaramirez_ok\" \/>\n<meta name=\"twitter:site\" content=\"@rafaramirez_ok\" \/>\n<meta name=\"twitter:label1\" content=\"Escrito por\" \/>\n\t<meta name=\"twitter:data1\" content=\"Rafael Ram\u00edrez\" \/>\n\t<meta name=\"twitter:label2\" content=\"Tiempo de lectura\" \/>\n\t<meta name=\"twitter:data2\" content=\"3 minutos\" \/>\n<script type=\"application\/ld+json\" class=\"yoast-schema-graph\">{\"@context\":\"https:\\\/\\\/schema.org\",\"@graph\":[{\"@type\":\"Article\",\"@id\":\"https:\\\/\\\/rafaramirez.org\\\/blog\\\/index.php\\\/2024\\\/07\\\/12\\\/dia-mundial-del-rock-la-importancia-del-rock-como-forma-de-expresion-cultural\\\/#article\",\"isPartOf\":{\"@id\":\"https:\\\/\\\/rafaramirez.org\\\/blog\\\/index.php\\\/2024\\\/07\\\/12\\\/dia-mundial-del-rock-la-importancia-del-rock-como-forma-de-expresion-cultural\\\/\"},\"author\":{\"name\":\"Rafael Ram\u00edrez\",\"@id\":\"https:\\\/\\\/rafaramirez.org\\\/blog\\\/#\\\/schema\\\/person\\\/50f43b6d60c578760d4c17bda54ab6a5\"},\"headline\":\"D\u00eda Mundial del Rock: la importancia del rock como forma de expresi\u00f3n cultural.\",\"datePublished\":\"2024-07-12T06:15:57+00:00\",\"dateModified\":\"2025-07-14T08:15:41+00:00\",\"mainEntityOfPage\":{\"@id\":\"https:\\\/\\\/rafaramirez.org\\\/blog\\\/index.php\\\/2024\\\/07\\\/12\\\/dia-mundial-del-rock-la-importancia-del-rock-como-forma-de-expresion-cultural\\\/\"},\"wordCount\":475,\"commentCount\":0,\"publisher\":{\"@id\":\"https:\\\/\\\/rafaramirez.org\\\/blog\\\/#\\\/schema\\\/person\\\/50f43b6d60c578760d4c17bda54ab6a5\"},\"image\":{\"@id\":\"https:\\\/\\\/rafaramirez.org\\\/blog\\\/index.php\\\/2024\\\/07\\\/12\\\/dia-mundial-del-rock-la-importancia-del-rock-como-forma-de-expresion-cultural\\\/#primaryimage\"},\"thumbnailUrl\":\"https:\\\/\\\/rafaramirez.org\\\/blog\\\/wp-content\\\/uploads\\\/2024\\\/07\\\/Dia_Mundial_del_Rock.jpg\",\"keywords\":[\"13 de julio\",\"1986\",\"blog de Rafael Ram\u00edrez\",\"conciertos ben\u00e9ficos\",\"conciertos de m\u00fasica\",\"Conciertos en vivo\",\"conciertos famosos\",\"David Bowie\",\"D\u00eda Mundial del Rock\",\"efem\u00e9rides\",\"Elton John\",\"Eric Clapton\",\"Etiop\u00eda\",\"historia de la m\u00fasica\",\"Live Aid 1985\",\"madonna\",\"Mick Jagger\",\"M\u00fasica\",\"m\u00fasica recomendada\",\"Queen\",\"Sade\",\"Somalia\",\"U2\"],\"articleSection\":[\"Efem\u00e9rides\",\"M\u00fasica\"],\"inLanguage\":\"es\",\"potentialAction\":[{\"@type\":\"CommentAction\",\"name\":\"Comment\",\"target\":[\"https:\\\/\\\/rafaramirez.org\\\/blog\\\/index.php\\\/2024\\\/07\\\/12\\\/dia-mundial-del-rock-la-importancia-del-rock-como-forma-de-expresion-cultural\\\/#respond\"]}]},{\"@type\":\"WebPage\",\"@id\":\"https:\\\/\\\/rafaramirez.org\\\/blog\\\/index.php\\\/2024\\\/07\\\/12\\\/dia-mundial-del-rock-la-importancia-del-rock-como-forma-de-expresion-cultural\\\/\",\"url\":\"https:\\\/\\\/rafaramirez.org\\\/blog\\\/index.php\\\/2024\\\/07\\\/12\\\/dia-mundial-del-rock-la-importancia-del-rock-como-forma-de-expresion-cultural\\\/\",\"name\":\"D\u00eda Mundial del Rock: la importancia del rock como forma de expresi\u00f3n cultural. - Blog de Rafael Ram\u00edrez\",\"isPartOf\":{\"@id\":\"https:\\\/\\\/rafaramirez.org\\\/blog\\\/#website\"},\"primaryImageOfPage\":{\"@id\":\"https:\\\/\\\/rafaramirez.org\\\/blog\\\/index.php\\\/2024\\\/07\\\/12\\\/dia-mundial-del-rock-la-importancia-del-rock-como-forma-de-expresion-cultural\\\/#primaryimage\"},\"image\":{\"@id\":\"https:\\\/\\\/rafaramirez.org\\\/blog\\\/index.php\\\/2024\\\/07\\\/12\\\/dia-mundial-del-rock-la-importancia-del-rock-como-forma-de-expresion-cultural\\\/#primaryimage\"},\"thumbnailUrl\":\"https:\\\/\\\/rafaramirez.org\\\/blog\\\/wp-content\\\/uploads\\\/2024\\\/07\\\/Dia_Mundial_del_Rock.jpg\",\"datePublished\":\"2024-07-12T06:15:57+00:00\",\"dateModified\":\"2025-07-14T08:15:41+00:00\",\"breadcrumb\":{\"@id\":\"https:\\\/\\\/rafaramirez.org\\\/blog\\\/index.php\\\/2024\\\/07\\\/12\\\/dia-mundial-del-rock-la-importancia-del-rock-como-forma-de-expresion-cultural\\\/#breadcrumb\"},\"inLanguage\":\"es\",\"potentialAction\":[{\"@type\":\"ReadAction\",\"target\":[\"https:\\\/\\\/rafaramirez.org\\\/blog\\\/index.php\\\/2024\\\/07\\\/12\\\/dia-mundial-del-rock-la-importancia-del-rock-como-forma-de-expresion-cultural\\\/\"]}]},{\"@type\":\"ImageObject\",\"inLanguage\":\"es\",\"@id\":\"https:\\\/\\\/rafaramirez.org\\\/blog\\\/index.php\\\/2024\\\/07\\\/12\\\/dia-mundial-del-rock-la-importancia-del-rock-como-forma-de-expresion-cultural\\\/#primaryimage\",\"url\":\"https:\\\/\\\/rafaramirez.org\\\/blog\\\/wp-content\\\/uploads\\\/2024\\\/07\\\/Dia_Mundial_del_Rock.jpg\",\"contentUrl\":\"https:\\\/\\\/rafaramirez.org\\\/blog\\\/wp-content\\\/uploads\\\/2024\\\/07\\\/Dia_Mundial_del_Rock.jpg\",\"width\":700,\"height\":700,\"caption\":\"D\u00eda Mundial del Rock. Blog de Rafael Ram\u00edrez.\"},{\"@type\":\"BreadcrumbList\",\"@id\":\"https:\\\/\\\/rafaramirez.org\\\/blog\\\/index.php\\\/2024\\\/07\\\/12\\\/dia-mundial-del-rock-la-importancia-del-rock-como-forma-de-expresion-cultural\\\/#breadcrumb\",\"itemListElement\":[{\"@type\":\"ListItem\",\"position\":1,\"name\":\"Portada\",\"item\":\"https:\\\/\\\/rafaramirez.org\\\/blog\\\/\"},{\"@type\":\"ListItem\",\"position\":2,\"name\":\"D\u00eda Mundial del Rock: la importancia del rock como forma de expresi\u00f3n cultural.\"}]},{\"@type\":\"WebSite\",\"@id\":\"https:\\\/\\\/rafaramirez.org\\\/blog\\\/#website\",\"url\":\"https:\\\/\\\/rafaramirez.org\\\/blog\\\/\",\"name\":\"Blog de Rafael Ram\u00edrez\",\"description\":\"Un sitio social, de arte y cultura\",\"publisher\":{\"@id\":\"https:\\\/\\\/rafaramirez.org\\\/blog\\\/#\\\/schema\\\/person\\\/50f43b6d60c578760d4c17bda54ab6a5\"},\"potentialAction\":[{\"@type\":\"SearchAction\",\"target\":{\"@type\":\"EntryPoint\",\"urlTemplate\":\"https:\\\/\\\/rafaramirez.org\\\/blog\\\/?s={search_term_string}\"},\"query-input\":{\"@type\":\"PropertyValueSpecification\",\"valueRequired\":true,\"valueName\":\"search_term_string\"}}],\"inLanguage\":\"es\"},{\"@type\":[\"Person\",\"Organization\"],\"@id\":\"https:\\\/\\\/rafaramirez.org\\\/blog\\\/#\\\/schema\\\/person\\\/50f43b6d60c578760d4c17bda54ab6a5\",\"name\":\"Rafael Ram\u00edrez\",\"image\":{\"@type\":\"ImageObject\",\"inLanguage\":\"es\",\"@id\":\"https:\\\/\\\/rafaramirez.org\\\/blog\\\/wp-content\\\/uploads\\\/2024\\\/09\\\/RR_socialnetwork.jpg\",\"url\":\"https:\\\/\\\/rafaramirez.org\\\/blog\\\/wp-content\\\/uploads\\\/2024\\\/09\\\/RR_socialnetwork.jpg\",\"contentUrl\":\"https:\\\/\\\/rafaramirez.org\\\/blog\\\/wp-content\\\/uploads\\\/2024\\\/09\\\/RR_socialnetwork.jpg\",\"width\":600,\"height\":606,\"caption\":\"Rafael Ram\u00edrez\"},\"logo\":{\"@id\":\"https:\\\/\\\/rafaramirez.org\\\/blog\\\/wp-content\\\/uploads\\\/2024\\\/09\\\/RR_socialnetwork.jpg\"},\"sameAs\":[\"https:\\\/\\\/www.rafaramirez.org\\\/blog\",\"https:\\\/\\\/www.instagram.com\\\/rafaramirez_ok\\\/\",\"https:\\\/\\\/es.pinterest.com\\\/Ramirez_Rafa\\\/\",\"https:\\\/\\\/x.com\\\/rafaramirez_ok\"],\"url\":\"https:\\\/\\\/rafaramirez.org\\\/blog\\\/index.php\\\/author\\\/rafaell_qm6j97da\\\/\"}]}<\/script>\n<!-- \/ Yoast SEO plugin. -->","yoast_head_json":{"title":"D\u00eda Mundial del Rock: la importancia del rock como forma de expresi\u00f3n cultural. - Blog de Rafael Ram\u00edrez","robots":{"index":"index","follow":"follow","max-snippet":"max-snippet:-1","max-image-preview":"max-image-preview:large","max-video-preview":"max-video-preview:-1"},"canonical":"https:\/\/rafaramirez.org\/blog\/index.php\/2024\/07\/12\/dia-mundial-del-rock-la-importancia-del-rock-como-forma-de-expresion-cultural\/","og_locale":"es_ES","og_type":"article","og_title":"D\u00eda Mundial del Rock: la importancia del rock como forma de expresi\u00f3n cultural. - Blog de Rafael Ram\u00edrez","og_description":"El D\u00eda Mundial del Rock se celebra cada a\u00f1o el 13 de julio como una fecha para conmemorar este g\u00e9nero musical y su impacto en la cultura global. El origen de esta celebraci\u00f3n se remonta al concierto Live Aid que tuvo lugar en 1985. \u00a0El objetivo del concierto era recaudar fondos para ayudar a\u00a0Somalia y [&hellip;]","og_url":"https:\/\/rafaramirez.org\/blog\/index.php\/2024\/07\/12\/dia-mundial-del-rock-la-importancia-del-rock-como-forma-de-expresion-cultural\/","og_site_name":"Blog de Rafael Ram\u00edrez","article_published_time":"2024-07-12T06:15:57+00:00","article_modified_time":"2025-07-14T08:15:41+00:00","og_image":[{"width":700,"height":700,"url":"https:\/\/rafaramirez.org\/blog\/wp-content\/uploads\/2024\/07\/Dia_Mundial_del_Rock.jpg","type":"image\/jpeg"}],"author":"Rafael Ram\u00edrez","twitter_card":"summary_large_image","twitter_creator":"@rafaramirez_ok","twitter_site":"@rafaramirez_ok","twitter_misc":{"Escrito por":"Rafael Ram\u00edrez","Tiempo de lectura":"3 minutos"},"schema":{"@context":"https:\/\/schema.org","@graph":[{"@type":"Article","@id":"https:\/\/rafaramirez.org\/blog\/index.php\/2024\/07\/12\/dia-mundial-del-rock-la-importancia-del-rock-como-forma-de-expresion-cultural\/#article","isPartOf":{"@id":"https:\/\/rafaramirez.org\/blog\/index.php\/2024\/07\/12\/dia-mundial-del-rock-la-importancia-del-rock-como-forma-de-expresion-cultural\/"},"author":{"name":"Rafael Ram\u00edrez","@id":"https:\/\/rafaramirez.org\/blog\/#\/schema\/person\/50f43b6d60c578760d4c17bda54ab6a5"},"headline":"D\u00eda Mundial del Rock: la importancia del rock como forma de expresi\u00f3n cultural.","datePublished":"2024-07-12T06:15:57+00:00","dateModified":"2025-07-14T08:15:41+00:00","mainEntityOfPage":{"@id":"https:\/\/rafaramirez.org\/blog\/index.php\/2024\/07\/12\/dia-mundial-del-rock-la-importancia-del-rock-como-forma-de-expresion-cultural\/"},"wordCount":475,"commentCount":0,"publisher":{"@id":"https:\/\/rafaramirez.org\/blog\/#\/schema\/person\/50f43b6d60c578760d4c17bda54ab6a5"},"image":{"@id":"https:\/\/rafaramirez.org\/blog\/index.php\/2024\/07\/12\/dia-mundial-del-rock-la-importancia-del-rock-como-forma-de-expresion-cultural\/#primaryimage"},"thumbnailUrl":"https:\/\/rafaramirez.org\/blog\/wp-content\/uploads\/2024\/07\/Dia_Mundial_del_Rock.jpg","keywords":["13 de julio","1986","blog de Rafael Ram\u00edrez","conciertos ben\u00e9ficos","conciertos de m\u00fasica","Conciertos en vivo","conciertos famosos","David Bowie","D\u00eda Mundial del Rock","efem\u00e9rides","Elton John","Eric Clapton","Etiop\u00eda","historia de la m\u00fasica","Live Aid 1985","madonna","Mick Jagger","M\u00fasica","m\u00fasica recomendada","Queen","Sade","Somalia","U2"],"articleSection":["Efem\u00e9rides","M\u00fasica"],"inLanguage":"es","potentialAction":[{"@type":"CommentAction","name":"Comment","target":["https:\/\/rafaramirez.org\/blog\/index.php\/2024\/07\/12\/dia-mundial-del-rock-la-importancia-del-rock-como-forma-de-expresion-cultural\/#respond"]}]},{"@type":"WebPage","@id":"https:\/\/rafaramirez.org\/blog\/index.php\/2024\/07\/12\/dia-mundial-del-rock-la-importancia-del-rock-como-forma-de-expresion-cultural\/","url":"https:\/\/rafaramirez.org\/blog\/index.php\/2024\/07\/12\/dia-mundial-del-rock-la-importancia-del-rock-como-forma-de-expresion-cultural\/","name":"D\u00eda Mundial del Rock: la importancia del rock como forma de expresi\u00f3n cultural. - Blog de Rafael Ram\u00edrez","isPartOf":{"@id":"https:\/\/rafaramirez.org\/blog\/#website"},"primaryImageOfPage":{"@id":"https:\/\/rafaramirez.org\/blog\/index.php\/2024\/07\/12\/dia-mundial-del-rock-la-importancia-del-rock-como-forma-de-expresion-cultural\/#primaryimage"},"image":{"@id":"https:\/\/rafaramirez.org\/blog\/index.php\/2024\/07\/12\/dia-mundial-del-rock-la-importancia-del-rock-como-forma-de-expresion-cultural\/#primaryimage"},"thumbnailUrl":"https:\/\/rafaramirez.org\/blog\/wp-content\/uploads\/2024\/07\/Dia_Mundial_del_Rock.jpg","datePublished":"2024-07-12T06:15:57+00:00","dateModified":"2025-07-14T08:15:41+00:00","breadcrumb":{"@id":"https:\/\/rafaramirez.org\/blog\/index.php\/2024\/07\/12\/dia-mundial-del-rock-la-importancia-del-rock-como-forma-de-expresion-cultural\/#breadcrumb"},"inLanguage":"es","potentialAction":[{"@type":"ReadAction","target":["https:\/\/rafaramirez.org\/blog\/index.php\/2024\/07\/12\/dia-mundial-del-rock-la-importancia-del-rock-como-forma-de-expresion-cultural\/"]}]},{"@type":"ImageObject","inLanguage":"es","@id":"https:\/\/rafaramirez.org\/blog\/index.php\/2024\/07\/12\/dia-mundial-del-rock-la-importancia-del-rock-como-forma-de-expresion-cultural\/#primaryimage","url":"https:\/\/rafaramirez.org\/blog\/wp-content\/uploads\/2024\/07\/Dia_Mundial_del_Rock.jpg","contentUrl":"https:\/\/rafaramirez.org\/blog\/wp-content\/uploads\/2024\/07\/Dia_Mundial_del_Rock.jpg","width":700,"height":700,"caption":"D\u00eda Mundial del Rock. Blog de Rafael Ram\u00edrez."},{"@type":"BreadcrumbList","@id":"https:\/\/rafaramirez.org\/blog\/index.php\/2024\/07\/12\/dia-mundial-del-rock-la-importancia-del-rock-como-forma-de-expresion-cultural\/#breadcrumb","itemListElement":[{"@type":"ListItem","position":1,"name":"Portada","item":"https:\/\/rafaramirez.org\/blog\/"},{"@type":"ListItem","position":2,"name":"D\u00eda Mundial del Rock: la importancia del rock como forma de expresi\u00f3n cultural."}]},{"@type":"WebSite","@id":"https:\/\/rafaramirez.org\/blog\/#website","url":"https:\/\/rafaramirez.org\/blog\/","name":"Blog de Rafael Ram\u00edrez","description":"Un sitio social, de arte y cultura","publisher":{"@id":"https:\/\/rafaramirez.org\/blog\/#\/schema\/person\/50f43b6d60c578760d4c17bda54ab6a5"},"potentialAction":[{"@type":"SearchAction","target":{"@type":"EntryPoint","urlTemplate":"https:\/\/rafaramirez.org\/blog\/?s={search_term_string}"},"query-input":{"@type":"PropertyValueSpecification","valueRequired":true,"valueName":"search_term_string"}}],"inLanguage":"es"},{"@type":["Person","Organization"],"@id":"https:\/\/rafaramirez.org\/blog\/#\/schema\/person\/50f43b6d60c578760d4c17bda54ab6a5","name":"Rafael Ram\u00edrez","image":{"@type":"ImageObject","inLanguage":"es","@id":"https:\/\/rafaramirez.org\/blog\/wp-content\/uploads\/2024\/09\/RR_socialnetwork.jpg","url":"https:\/\/rafaramirez.org\/blog\/wp-content\/uploads\/2024\/09\/RR_socialnetwork.jpg","contentUrl":"https:\/\/rafaramirez.org\/blog\/wp-content\/uploads\/2024\/09\/RR_socialnetwork.jpg","width":600,"height":606,"caption":"Rafael Ram\u00edrez"},"logo":{"@id":"https:\/\/rafaramirez.org\/blog\/wp-content\/uploads\/2024\/09\/RR_socialnetwork.jpg"},"sameAs":["https:\/\/www.rafaramirez.org\/blog","https:\/\/www.instagram.com\/rafaramirez_ok\/","https:\/\/es.pinterest.com\/Ramirez_Rafa\/","https:\/\/x.com\/rafaramirez_ok"],"url":"https:\/\/rafaramirez.org\/blog\/index.php\/author\/rafaell_qm6j97da\/"}]}},"jetpack_publicize_connections":[],"jetpack_sharing_enabled":true,"jetpack_likes_enabled":true,"jetpack_featured_media_url":"https:\/\/rafaramirez.org\/blog\/wp-content\/uploads\/2024\/07\/Dia_Mundial_del_Rock.jpg","_links":{"self":[{"href":"https:\/\/rafaramirez.org\/blog\/index.php\/wp-json\/wp\/v2\/posts\/5025","targetHints":{"allow":["GET"]}}],"collection":[{"href":"https:\/\/rafaramirez.org\/blog\/index.php\/wp-json\/wp\/v2\/posts"}],"about":[{"href":"https:\/\/rafaramirez.org\/blog\/index.php\/wp-json\/wp\/v2\/types\/post"}],"author":[{"embeddable":true,"href":"https:\/\/rafaramirez.org\/blog\/index.php\/wp-json\/wp\/v2\/users\/1"}],"replies":[{"embeddable":true,"href":"https:\/\/rafaramirez.org\/blog\/index.php\/wp-json\/wp\/v2\/comments?post=5025"}],"version-history":[{"count":6,"href":"https:\/\/rafaramirez.org\/blog\/index.php\/wp-json\/wp\/v2\/posts\/5025\/revisions"}],"predecessor-version":[{"id":9917,"href":"https:\/\/rafaramirez.org\/blog\/index.php\/wp-json\/wp\/v2\/posts\/5025\/revisions\/9917"}],"wp:featuredmedia":[{"embeddable":true,"href":"https:\/\/rafaramirez.org\/blog\/index.php\/wp-json\/wp\/v2\/media\/5029"}],"wp:attachment":[{"href":"https:\/\/rafaramirez.org\/blog\/index.php\/wp-json\/wp\/v2\/media?parent=5025"}],"wp:term":[{"taxonomy":"category","embeddable":true,"href":"https:\/\/rafaramirez.org\/blog\/index.php\/wp-json\/wp\/v2\/categories?post=5025"},{"taxonomy":"post_tag","embeddable":true,"href":"https:\/\/rafaramirez.org\/blog\/index.php\/wp-json\/wp\/v2\/tags?post=5025"}],"curies":[{"name":"wp","href":"https:\/\/api.w.org\/{rel}","templated":true}]}}