{"id":4981,"date":"2024-07-10T08:15:02","date_gmt":"2024-07-10T06:15:02","guid":{"rendered":"https:\/\/rafaramirez.org\/blog\/?p=4981"},"modified":"2026-01-28T13:14:18","modified_gmt":"2026-01-28T12:14:18","slug":"obras-maestras-de-la-pintura-laminas-para-pintar","status":"publish","type":"post","link":"https:\/\/rafaramirez.org\/blog\/index.php\/2024\/07\/10\/obras-maestras-de-la-pintura-laminas-para-pintar\/","title":{"rendered":"Obras maestras de la pintura: L\u00e1minas para pintar."},"content":{"rendered":"<p>En esta ocasi\u00f3n os presento algunas l\u00e1minas de cuadros famosos de diferentes artistas, estilos y periodos con las que pod\u00e9is dar rienda suelta a vuestra imaginaci\u00f3n art\u00edstica. Cada l\u00e1mina va acompa\u00f1ada de una fotograf\u00eda de la obra del pintor \u00a1Disfrutad del proceso creativo!<\/p>\n<figure id=\"attachment_4985\" aria-describedby=\"caption-attachment-4985\" style=\"width: 259px\" class=\"wp-caption aligncenter\"><a href=\"https:\/\/rafaramirez.org\/blog\/wp-content\/uploads\/2024\/07\/Edgar-Degas-La-clase-de-danza.jpg\" target=\"_blank\" rel=\"noopener\"><img loading=\"lazy\" decoding=\"async\" class=\"wp-image-4985 size-medium\" src=\"https:\/\/rafaramirez.org\/blog\/wp-content\/uploads\/2024\/07\/Edgar-Degas-La-clase-de-danza-259x300.jpg\" alt=\"Edgar Degas. La clase de danza. \" width=\"259\" height=\"300\" srcset=\"https:\/\/rafaramirez.org\/blog\/wp-content\/uploads\/2024\/07\/Edgar-Degas-La-clase-de-danza-259x300.jpg 259w, https:\/\/rafaramirez.org\/blog\/wp-content\/uploads\/2024\/07\/Edgar-Degas-La-clase-de-danza-768x891.jpg 768w, https:\/\/rafaramirez.org\/blog\/wp-content\/uploads\/2024\/07\/Edgar-Degas-La-clase-de-danza.jpg 776w\" sizes=\"auto, (max-width: 259px) 100vw, 259px\" \/><\/a><figcaption id=\"caption-attachment-4985\" class=\"wp-caption-text\">Edgar Degas. La clase de danza.<\/figcaption><\/figure>\n<figure id=\"attachment_4986\" aria-describedby=\"caption-attachment-4986\" style=\"width: 258px\" class=\"wp-caption aligncenter\"><a href=\"https:\/\/rafaramirez.org\/blog\/wp-content\/uploads\/2024\/07\/Edgar-Degas-La-clase-de-danza_PAINTING.jpg\" target=\"_blank\" rel=\"noopener\"><img loading=\"lazy\" decoding=\"async\" class=\"wp-image-4986 size-medium\" src=\"https:\/\/rafaramirez.org\/blog\/wp-content\/uploads\/2024\/07\/Edgar-Degas-La-clase-de-danza_PAINTING-258x300.jpg\" alt=\"Edgar Degas. La clase de danza(1873-1876). Blog de Rafael Ram\u00edrez. \" width=\"258\" height=\"300\" srcset=\"https:\/\/rafaramirez.org\/blog\/wp-content\/uploads\/2024\/07\/Edgar-Degas-La-clase-de-danza_PAINTING-258x300.jpg 258w, https:\/\/rafaramirez.org\/blog\/wp-content\/uploads\/2024\/07\/Edgar-Degas-La-clase-de-danza_PAINTING-768x893.jpg 768w, https:\/\/rafaramirez.org\/blog\/wp-content\/uploads\/2024\/07\/Edgar-Degas-La-clase-de-danza_PAINTING.jpg 800w\" sizes=\"auto, (max-width: 258px) 100vw, 258px\" \/><\/a><figcaption id=\"caption-attachment-4986\" class=\"wp-caption-text\">Edgar Degas. La clase de danza(1873-1876). Blog de Rafael Ram\u00edrez.<\/figcaption><\/figure>\n<figure id=\"attachment_4987\" aria-describedby=\"caption-attachment-4987\" style=\"width: 231px\" class=\"wp-caption aligncenter\"><a href=\"https:\/\/rafaramirez.org\/blog\/wp-content\/uploads\/2024\/07\/Edvard-Munch-El-Grito.jpg\" target=\"_blank\" rel=\"noopener\"><img loading=\"lazy\" decoding=\"async\" class=\"wp-image-4987 size-medium\" src=\"https:\/\/rafaramirez.org\/blog\/wp-content\/uploads\/2024\/07\/Edvard-Munch-El-Grito-231x300.jpg\" alt=\"Edvard Munch. El Grito.\" width=\"231\" height=\"300\" srcset=\"https:\/\/rafaramirez.org\/blog\/wp-content\/uploads\/2024\/07\/Edvard-Munch-El-Grito-231x300.jpg 231w, https:\/\/rafaramirez.org\/blog\/wp-content\/uploads\/2024\/07\/Edvard-Munch-El-Grito-788x1024.jpg 788w, https:\/\/rafaramirez.org\/blog\/wp-content\/uploads\/2024\/07\/Edvard-Munch-El-Grito-768x998.jpg 768w, https:\/\/rafaramirez.org\/blog\/wp-content\/uploads\/2024\/07\/Edvard-Munch-El-Grito-1182x1536.jpg 1182w, https:\/\/rafaramirez.org\/blog\/wp-content\/uploads\/2024\/07\/Edvard-Munch-El-Grito.jpg 1270w\" sizes=\"auto, (max-width: 231px) 100vw, 231px\" \/><\/a><figcaption id=\"caption-attachment-4987\" class=\"wp-caption-text\">Edvard Munch. El Grito.<\/figcaption><\/figure>\n<figure id=\"attachment_4988\" aria-describedby=\"caption-attachment-4988\" style=\"width: 236px\" class=\"wp-caption aligncenter\"><a href=\"https:\/\/rafaramirez.org\/blog\/wp-content\/uploads\/2024\/07\/Edvard-Munch-El-Grito_PAINTING.jpg\" target=\"_blank\" rel=\"noopener\"><img loading=\"lazy\" decoding=\"async\" class=\"wp-image-4988 size-medium\" src=\"https:\/\/rafaramirez.org\/blog\/wp-content\/uploads\/2024\/07\/Edvard-Munch-El-Grito_PAINTING-236x300.jpg\" alt=\"Edvard Munch. El Grito (1893). Blog de Rafael Ram\u00edrez. \" width=\"236\" height=\"300\" srcset=\"https:\/\/rafaramirez.org\/blog\/wp-content\/uploads\/2024\/07\/Edvard-Munch-El-Grito_PAINTING-236x300.jpg 236w, https:\/\/rafaramirez.org\/blog\/wp-content\/uploads\/2024\/07\/Edvard-Munch-El-Grito_PAINTING-768x978.jpg 768w, https:\/\/rafaramirez.org\/blog\/wp-content\/uploads\/2024\/07\/Edvard-Munch-El-Grito_PAINTING.jpg 800w\" sizes=\"auto, (max-width: 236px) 100vw, 236px\" \/><\/a><figcaption id=\"caption-attachment-4988\" class=\"wp-caption-text\">Edvard Munch. El Grito (1893). Blog de Rafael Ram\u00edrez.<\/figcaption><\/figure>\n<figure id=\"attachment_4990\" aria-describedby=\"caption-attachment-4990\" style=\"width: 225px\" class=\"wp-caption aligncenter\"><a href=\"https:\/\/rafaramirez.org\/blog\/wp-content\/uploads\/2024\/07\/Edward-Coley-Burne-angel-tocando-una-flauta.jpg\" target=\"_blank\" rel=\"noopener\"><img loading=\"lazy\" decoding=\"async\" class=\"wp-image-4990 size-medium\" src=\"https:\/\/rafaramirez.org\/blog\/wp-content\/uploads\/2024\/07\/Edward-Coley-Burne-angel-tocando-una-flauta-225x300.jpg\" alt=\"Edward Coley Burne. \u00c1ngel tocando una flauta.\" width=\"225\" height=\"300\" srcset=\"https:\/\/rafaramirez.org\/blog\/wp-content\/uploads\/2024\/07\/Edward-Coley-Burne-angel-tocando-una-flauta-225x300.jpg 225w, https:\/\/rafaramirez.org\/blog\/wp-content\/uploads\/2024\/07\/Edward-Coley-Burne-angel-tocando-una-flauta-768x1024.jpg 768w, https:\/\/rafaramirez.org\/blog\/wp-content\/uploads\/2024\/07\/Edward-Coley-Burne-angel-tocando-una-flauta.jpg 789w\" sizes=\"auto, (max-width: 225px) 100vw, 225px\" \/><\/a><figcaption id=\"caption-attachment-4990\" class=\"wp-caption-text\">Edward Coley Burne. \u00c1ngel tocando una flauta.<\/figcaption><\/figure>\n<figure id=\"attachment_4991\" aria-describedby=\"caption-attachment-4991\" style=\"width: 214px\" class=\"wp-caption aligncenter\"><a href=\"https:\/\/rafaramirez.org\/blog\/wp-content\/uploads\/2024\/07\/Edward-Coley-Burne-angel-tocando-una-flauta_PAINTING.jpg\" target=\"_blank\" rel=\"noopener\"><img loading=\"lazy\" decoding=\"async\" class=\"wp-image-4991 size-medium\" src=\"https:\/\/rafaramirez.org\/blog\/wp-content\/uploads\/2024\/07\/Edward-Coley-Burne-angel-tocando-una-flauta_PAINTING-214x300.jpg\" alt=\"Edward Coley Burne. \u00c1ngel tocando una flauta. Blog de Rafael Ram\u00edrez.\" width=\"214\" height=\"300\" srcset=\"https:\/\/rafaramirez.org\/blog\/wp-content\/uploads\/2024\/07\/Edward-Coley-Burne-angel-tocando-una-flauta_PAINTING-214x300.jpg 214w, https:\/\/rafaramirez.org\/blog\/wp-content\/uploads\/2024\/07\/Edward-Coley-Burne-angel-tocando-una-flauta_PAINTING-731x1024.jpg 731w, https:\/\/rafaramirez.org\/blog\/wp-content\/uploads\/2024\/07\/Edward-Coley-Burne-angel-tocando-una-flauta_PAINTING-768x1075.jpg 768w, https:\/\/rafaramirez.org\/blog\/wp-content\/uploads\/2024\/07\/Edward-Coley-Burne-angel-tocando-una-flauta_PAINTING.jpg 800w\" sizes=\"auto, (max-width: 214px) 100vw, 214px\" \/><\/a><figcaption id=\"caption-attachment-4991\" class=\"wp-caption-text\">Edward Coley Burne. \u00c1ngel tocando una flauta. Blog de Rafael Ram\u00edrez.<\/figcaption><\/figure>\n<figure id=\"attachment_4992\" aria-describedby=\"caption-attachment-4992\" style=\"width: 300px\" class=\"wp-caption aligncenter\"><a href=\"https:\/\/rafaramirez.org\/blog\/wp-content\/uploads\/2024\/07\/el-nacimiento-de-venus-sandro-botticelli.jpg\" target=\"_blank\" rel=\"noopener\"><img loading=\"lazy\" decoding=\"async\" class=\"wp-image-4992 size-medium\" src=\"https:\/\/rafaramirez.org\/blog\/wp-content\/uploads\/2024\/07\/el-nacimiento-de-venus-sandro-botticelli-300x199.jpg\" alt=\"Sandro Botticelli. El nacimiento de Venus.\" width=\"300\" height=\"199\" srcset=\"https:\/\/rafaramirez.org\/blog\/wp-content\/uploads\/2024\/07\/el-nacimiento-de-venus-sandro-botticelli-300x199.jpg 300w, https:\/\/rafaramirez.org\/blog\/wp-content\/uploads\/2024\/07\/el-nacimiento-de-venus-sandro-botticelli-1024x680.jpg 1024w, https:\/\/rafaramirez.org\/blog\/wp-content\/uploads\/2024\/07\/el-nacimiento-de-venus-sandro-botticelli-768x510.jpg 768w, https:\/\/rafaramirez.org\/blog\/wp-content\/uploads\/2024\/07\/el-nacimiento-de-venus-sandro-botticelli.jpg 1100w\" sizes=\"auto, (max-width: 300px) 100vw, 300px\" \/><\/a><figcaption id=\"caption-attachment-4992\" class=\"wp-caption-text\">Sandro Botticelli. El nacimiento de Venus.<\/figcaption><\/figure>\n<figure id=\"attachment_4993\" aria-describedby=\"caption-attachment-4993\" style=\"width: 300px\" class=\"wp-caption aligncenter\"><a href=\"https:\/\/rafaramirez.org\/blog\/wp-content\/uploads\/2024\/07\/el-nacimiento-de-venus-sandro-botticelli_PAINTING.jpg\" target=\"_blank\" rel=\"noopener\"><img loading=\"lazy\" decoding=\"async\" class=\"wp-image-4993 size-medium\" src=\"https:\/\/rafaramirez.org\/blog\/wp-content\/uploads\/2024\/07\/el-nacimiento-de-venus-sandro-botticelli_PAINTING-300x188.jpg\" alt=\"Sandro Botticelli. El nacimiento de Venus (1482-1485). Blog de Rafael Ram\u00edrez.\" width=\"300\" height=\"188\" srcset=\"https:\/\/rafaramirez.org\/blog\/wp-content\/uploads\/2024\/07\/el-nacimiento-de-venus-sandro-botticelli_PAINTING-300x188.jpg 300w, https:\/\/rafaramirez.org\/blog\/wp-content\/uploads\/2024\/07\/el-nacimiento-de-venus-sandro-botticelli_PAINTING-1024x643.jpg 1024w, https:\/\/rafaramirez.org\/blog\/wp-content\/uploads\/2024\/07\/el-nacimiento-de-venus-sandro-botticelli_PAINTING-768x482.jpg 768w, https:\/\/rafaramirez.org\/blog\/wp-content\/uploads\/2024\/07\/el-nacimiento-de-venus-sandro-botticelli_PAINTING-1536x964.jpg 1536w, https:\/\/rafaramirez.org\/blog\/wp-content\/uploads\/2024\/07\/el-nacimiento-de-venus-sandro-botticelli_PAINTING.jpg 2000w\" sizes=\"auto, (max-width: 300px) 100vw, 300px\" \/><\/a><figcaption id=\"caption-attachment-4993\" class=\"wp-caption-text\">Sandro Botticelli. El nacimiento de Venus (1482-1485). Blog de Rafael Ram\u00edrez.<\/figcaption><\/figure>\n<figure id=\"attachment_4994\" aria-describedby=\"caption-attachment-4994\" style=\"width: 227px\" class=\"wp-caption aligncenter\"><a href=\"https:\/\/rafaramirez.org\/blog\/wp-content\/uploads\/2024\/07\/Frida-Khalo-Autorretrato-con-collar-de-espinas-y-colibri.jpg\" target=\"_blank\" rel=\"noopener\"><img loading=\"lazy\" decoding=\"async\" class=\"wp-image-4994 size-medium\" src=\"https:\/\/rafaramirez.org\/blog\/wp-content\/uploads\/2024\/07\/Frida-Khalo-Autorretrato-con-collar-de-espinas-y-colibri-227x300.jpg\" alt=\"Frida Khalo. Autorretrato con collar de espinas y colibr\u00ed.\" width=\"227\" height=\"300\" srcset=\"https:\/\/rafaramirez.org\/blog\/wp-content\/uploads\/2024\/07\/Frida-Khalo-Autorretrato-con-collar-de-espinas-y-colibri-227x300.jpg 227w, https:\/\/rafaramirez.org\/blog\/wp-content\/uploads\/2024\/07\/Frida-Khalo-Autorretrato-con-collar-de-espinas-y-colibri-773x1024.jpg 773w, https:\/\/rafaramirez.org\/blog\/wp-content\/uploads\/2024\/07\/Frida-Khalo-Autorretrato-con-collar-de-espinas-y-colibri-768x1017.jpg 768w, https:\/\/rafaramirez.org\/blog\/wp-content\/uploads\/2024\/07\/Frida-Khalo-Autorretrato-con-collar-de-espinas-y-colibri-1160x1536.jpg 1160w, https:\/\/rafaramirez.org\/blog\/wp-content\/uploads\/2024\/07\/Frida-Khalo-Autorretrato-con-collar-de-espinas-y-colibri-1546x2048.jpg 1546w, https:\/\/rafaramirez.org\/blog\/wp-content\/uploads\/2024\/07\/Frida-Khalo-Autorretrato-con-collar-de-espinas-y-colibri.jpg 1874w\" sizes=\"auto, (max-width: 227px) 100vw, 227px\" \/><\/a><figcaption id=\"caption-attachment-4994\" class=\"wp-caption-text\">Frida Khalo. Autorretrato con collar de espinas y colibr\u00ed.<\/figcaption><\/figure>\n<figure id=\"attachment_4995\" aria-describedby=\"caption-attachment-4995\" style=\"width: 231px\" class=\"wp-caption aligncenter\"><a href=\"https:\/\/rafaramirez.org\/blog\/wp-content\/uploads\/2024\/07\/Frida-Khalo-Autorretrato-con-collar-de-espinas-y-colibri_PAINTING.jpg\" target=\"_blank\" rel=\"noopener\"><img loading=\"lazy\" decoding=\"async\" class=\"wp-image-4995 size-medium\" src=\"https:\/\/rafaramirez.org\/blog\/wp-content\/uploads\/2024\/07\/Frida-Khalo-Autorretrato-con-collar-de-espinas-y-colibri_PAINTING-231x300.jpg\" alt=\"Frida Khalo. Autorretrato con collar de espinas y colibr\u00ed (1940). Blog de Rafael Ram\u00edrez.\" width=\"231\" height=\"300\" srcset=\"https:\/\/rafaramirez.org\/blog\/wp-content\/uploads\/2024\/07\/Frida-Khalo-Autorretrato-con-collar-de-espinas-y-colibri_PAINTING-231x300.jpg 231w, https:\/\/rafaramirez.org\/blog\/wp-content\/uploads\/2024\/07\/Frida-Khalo-Autorretrato-con-collar-de-espinas-y-colibri_PAINTING.jpg 500w\" sizes=\"auto, (max-width: 231px) 100vw, 231px\" \/><\/a><figcaption id=\"caption-attachment-4995\" class=\"wp-caption-text\">Frida Khalo. Autorretrato con collar de espinas y colibr\u00ed (1940). Blog de Rafael Ram\u00edrez.<\/figcaption><\/figure>\n<figure id=\"attachment_4997\" aria-describedby=\"caption-attachment-4997\" style=\"width: 220px\" class=\"wp-caption aligncenter\"><a href=\"https:\/\/rafaramirez.org\/blog\/wp-content\/uploads\/2024\/07\/Leonardo-da-Vinci-La-Dama-del-Armino.jpg\" target=\"_blank\" rel=\"noopener\"><img loading=\"lazy\" decoding=\"async\" class=\"wp-image-4997 size-medium\" src=\"https:\/\/rafaramirez.org\/blog\/wp-content\/uploads\/2024\/07\/Leonardo-da-Vinci-La-Dama-del-Armino-220x300.jpg\" alt=\"Leonardo da Vinci. La Dama del Armi\u00f1o.\" width=\"220\" height=\"300\" srcset=\"https:\/\/rafaramirez.org\/blog\/wp-content\/uploads\/2024\/07\/Leonardo-da-Vinci-La-Dama-del-Armino-220x300.jpg 220w, https:\/\/rafaramirez.org\/blog\/wp-content\/uploads\/2024\/07\/Leonardo-da-Vinci-La-Dama-del-Armino-752x1024.jpg 752w, https:\/\/rafaramirez.org\/blog\/wp-content\/uploads\/2024\/07\/Leonardo-da-Vinci-La-Dama-del-Armino-768x1046.jpg 768w, https:\/\/rafaramirez.org\/blog\/wp-content\/uploads\/2024\/07\/Leonardo-da-Vinci-La-Dama-del-Armino-1128x1536.jpg 1128w, https:\/\/rafaramirez.org\/blog\/wp-content\/uploads\/2024\/07\/Leonardo-da-Vinci-La-Dama-del-Armino.jpg 1300w\" sizes=\"auto, (max-width: 220px) 100vw, 220px\" \/><\/a><figcaption id=\"caption-attachment-4997\" class=\"wp-caption-text\">Leonardo da Vinci. La Dama del Armi\u00f1o.<\/figcaption><\/figure>\n<figure id=\"attachment_4998\" aria-describedby=\"caption-attachment-4998\" style=\"width: 218px\" class=\"wp-caption aligncenter\"><a href=\"https:\/\/rafaramirez.org\/blog\/wp-content\/uploads\/2024\/07\/Leonardo-da-Vinci-La-Dama-del-Armin_PAINTING.jpg\" target=\"_blank\" rel=\"noopener\"><img loading=\"lazy\" decoding=\"async\" class=\"wp-image-4998 size-medium\" src=\"https:\/\/rafaramirez.org\/blog\/wp-content\/uploads\/2024\/07\/Leonardo-da-Vinci-La-Dama-del-Armin_PAINTING-218x300.jpg\" alt=\"Leonardo da Vinci. La Dama del Armi\u00f1o (1489\u20131491). Blog de Rafael Ram\u00edrez.\" width=\"218\" height=\"300\" srcset=\"https:\/\/rafaramirez.org\/blog\/wp-content\/uploads\/2024\/07\/Leonardo-da-Vinci-La-Dama-del-Armin_PAINTING-218x300.jpg 218w, https:\/\/rafaramirez.org\/blog\/wp-content\/uploads\/2024\/07\/Leonardo-da-Vinci-La-Dama-del-Armin_PAINTING-744x1024.jpg 744w, https:\/\/rafaramirez.org\/blog\/wp-content\/uploads\/2024\/07\/Leonardo-da-Vinci-La-Dama-del-Armin_PAINTING-768x1057.jpg 768w, https:\/\/rafaramirez.org\/blog\/wp-content\/uploads\/2024\/07\/Leonardo-da-Vinci-La-Dama-del-Armin_PAINTING.jpg 800w\" sizes=\"auto, (max-width: 218px) 100vw, 218px\" \/><\/a><figcaption id=\"caption-attachment-4998\" class=\"wp-caption-text\">Leonardo da Vinci. La Dama del Armi\u00f1o (1489\u20131491). Blog de Rafael Ram\u00edrez.<\/figcaption><\/figure>\n<figure id=\"attachment_5000\" aria-describedby=\"caption-attachment-5000\" style=\"width: 205px\" class=\"wp-caption aligncenter\"><a href=\"https:\/\/rafaramirez.org\/blog\/wp-content\/uploads\/2024\/07\/Leonardo-da-Vinci-Mona-Lisa.jpg\" target=\"_blank\" rel=\"noopener\"><img loading=\"lazy\" decoding=\"async\" class=\"wp-image-5000 size-medium\" src=\"https:\/\/rafaramirez.org\/blog\/wp-content\/uploads\/2024\/07\/Leonardo-da-Vinci-Mona-Lisa-205x300.jpg\" alt=\"Leonardo da Vinci. La Monna Lisa (La Gioconda).\" width=\"205\" height=\"300\" srcset=\"https:\/\/rafaramirez.org\/blog\/wp-content\/uploads\/2024\/07\/Leonardo-da-Vinci-Mona-Lisa-205x300.jpg 205w, https:\/\/rafaramirez.org\/blog\/wp-content\/uploads\/2024\/07\/Leonardo-da-Vinci-Mona-Lisa-701x1024.jpg 701w, https:\/\/rafaramirez.org\/blog\/wp-content\/uploads\/2024\/07\/Leonardo-da-Vinci-Mona-Lisa-768x1122.jpg 768w, https:\/\/rafaramirez.org\/blog\/wp-content\/uploads\/2024\/07\/Leonardo-da-Vinci-Mona-Lisa.jpg 780w\" sizes=\"auto, (max-width: 205px) 100vw, 205px\" \/><\/a><figcaption id=\"caption-attachment-5000\" class=\"wp-caption-text\">Leonardo da Vinci. La Monna Lisa (La Gioconda).<\/figcaption><\/figure>\n<figure id=\"attachment_5001\" aria-describedby=\"caption-attachment-5001\" style=\"width: 193px\" class=\"wp-caption aligncenter\"><a href=\"https:\/\/rafaramirez.org\/blog\/wp-content\/uploads\/2024\/07\/Leonardo-da-Vinci-Mona-Lisa_PAINTING.jpg\" target=\"_blank\" rel=\"noopener\"><img loading=\"lazy\" decoding=\"async\" class=\"wp-image-5001 size-medium\" src=\"https:\/\/rafaramirez.org\/blog\/wp-content\/uploads\/2024\/07\/Leonardo-da-Vinci-Mona-Lisa_PAINTING-193x300.jpg\" alt=\"Leonardo da Vinci. La Monna Lisa (La Gioconda) (1503-1519). Blog de Rafael Ram\u00edrez.\" width=\"193\" height=\"300\" srcset=\"https:\/\/rafaramirez.org\/blog\/wp-content\/uploads\/2024\/07\/Leonardo-da-Vinci-Mona-Lisa_PAINTING-193x300.jpg 193w, https:\/\/rafaramirez.org\/blog\/wp-content\/uploads\/2024\/07\/Leonardo-da-Vinci-Mona-Lisa_PAINTING-659x1024.jpg 659w, https:\/\/rafaramirez.org\/blog\/wp-content\/uploads\/2024\/07\/Leonardo-da-Vinci-Mona-Lisa_PAINTING-768x1194.jpg 768w, https:\/\/rafaramirez.org\/blog\/wp-content\/uploads\/2024\/07\/Leonardo-da-Vinci-Mona-Lisa_PAINTING.jpg 800w\" sizes=\"auto, (max-width: 193px) 100vw, 193px\" \/><\/a><figcaption id=\"caption-attachment-5001\" class=\"wp-caption-text\">Leonardo da Vinci. La Monna Lisa (La Gioconda) (1503-1519). Blog de Rafael Ram\u00edrez.<\/figcaption><\/figure>\n<figure id=\"attachment_5002\" aria-describedby=\"caption-attachment-5002\" style=\"width: 223px\" class=\"wp-caption aligncenter\"><a href=\"https:\/\/rafaramirez.org\/blog\/wp-content\/uploads\/2024\/07\/Paul-Gaughin-Cuando-te-casas.jpg\" target=\"_blank\" rel=\"noopener\"><img loading=\"lazy\" decoding=\"async\" class=\"wp-image-5002 size-medium\" src=\"https:\/\/rafaramirez.org\/blog\/wp-content\/uploads\/2024\/07\/Paul-Gaughin-Cuando-te-casas-223x300.jpg\" alt=\"Paul Gaughin. \u00bfCu\u00e1ndo te casas?\" width=\"223\" height=\"300\" srcset=\"https:\/\/rafaramirez.org\/blog\/wp-content\/uploads\/2024\/07\/Paul-Gaughin-Cuando-te-casas-223x300.jpg 223w, https:\/\/rafaramirez.org\/blog\/wp-content\/uploads\/2024\/07\/Paul-Gaughin-Cuando-te-casas-761x1024.jpg 761w, https:\/\/rafaramirez.org\/blog\/wp-content\/uploads\/2024\/07\/Paul-Gaughin-Cuando-te-casas-768x1033.jpg 768w, https:\/\/rafaramirez.org\/blog\/wp-content\/uploads\/2024\/07\/Paul-Gaughin-Cuando-te-casas.jpg 870w\" sizes=\"auto, (max-width: 223px) 100vw, 223px\" \/><\/a><figcaption id=\"caption-attachment-5002\" class=\"wp-caption-text\">Paul Gaughin. \u00bfCu\u00e1ndo te casas?<\/figcaption><\/figure>\n<figure id=\"attachment_5003\" aria-describedby=\"caption-attachment-5003\" style=\"width: 226px\" class=\"wp-caption aligncenter\"><a href=\"https:\/\/rafaramirez.org\/blog\/wp-content\/uploads\/2024\/07\/Paul-Gaughin-Cuando-te-casas_PAINTING.jpg\" target=\"_blank\" rel=\"noopener\"><img loading=\"lazy\" decoding=\"async\" class=\"wp-image-5003 size-medium\" src=\"https:\/\/rafaramirez.org\/blog\/wp-content\/uploads\/2024\/07\/Paul-Gaughin-Cuando-te-casas_PAINTING-226x300.jpg\" alt=\"Paul Gaughin. \u00bfCu\u00e1ndo te casas? (1892). Blog de Rafael Ram\u00edrez.\" width=\"226\" height=\"300\" srcset=\"https:\/\/rafaramirez.org\/blog\/wp-content\/uploads\/2024\/07\/Paul-Gaughin-Cuando-te-casas_PAINTING-226x300.jpg 226w, https:\/\/rafaramirez.org\/blog\/wp-content\/uploads\/2024\/07\/Paul-Gaughin-Cuando-te-casas_PAINTING-772x1024.jpg 772w, https:\/\/rafaramirez.org\/blog\/wp-content\/uploads\/2024\/07\/Paul-Gaughin-Cuando-te-casas_PAINTING-768x1019.jpg 768w, https:\/\/rafaramirez.org\/blog\/wp-content\/uploads\/2024\/07\/Paul-Gaughin-Cuando-te-casas_PAINTING.jpg 800w\" sizes=\"auto, (max-width: 226px) 100vw, 226px\" \/><\/a><figcaption id=\"caption-attachment-5003\" class=\"wp-caption-text\">Paul Gaughin. \u00bfCu\u00e1ndo te casas? (1892). Blog de Rafael Ram\u00edrez.<\/figcaption><\/figure>\n<figure id=\"attachment_5005\" aria-describedby=\"caption-attachment-5005\" style=\"width: 223px\" class=\"wp-caption aligncenter\"><a href=\"https:\/\/rafaramirez.org\/blog\/wp-content\/uploads\/2024\/07\/Pierre-Auguste-Renoir-En-la-terraza.jpg\" target=\"_blank\" rel=\"noopener\"><img loading=\"lazy\" decoding=\"async\" class=\"wp-image-5005 size-medium\" src=\"https:\/\/rafaramirez.org\/blog\/wp-content\/uploads\/2024\/07\/Pierre-Auguste-Renoir-En-la-terraza-223x300.jpg\" alt=\"Pierre Auguste Renoir. En la terraza.\" width=\"223\" height=\"300\" srcset=\"https:\/\/rafaramirez.org\/blog\/wp-content\/uploads\/2024\/07\/Pierre-Auguste-Renoir-En-la-terraza-223x300.jpg 223w, https:\/\/rafaramirez.org\/blog\/wp-content\/uploads\/2024\/07\/Pierre-Auguste-Renoir-En-la-terraza.jpg 752w\" sizes=\"auto, (max-width: 223px) 100vw, 223px\" \/><\/a><figcaption id=\"caption-attachment-5005\" class=\"wp-caption-text\">Pierre Auguste Renoir. En la terraza.<\/figcaption><\/figure>\n<figure id=\"attachment_5006\" aria-describedby=\"caption-attachment-5006\" style=\"width: 240px\" class=\"wp-caption aligncenter\"><a href=\"https:\/\/rafaramirez.org\/blog\/wp-content\/uploads\/2024\/07\/Pierre-Auguste-Renoir-En-la-terraza_PAINTING.jpg\" target=\"_blank\" rel=\"noopener\"><img loading=\"lazy\" decoding=\"async\" class=\"wp-image-5006 size-medium\" src=\"https:\/\/rafaramirez.org\/blog\/wp-content\/uploads\/2024\/07\/Pierre-Auguste-Renoir-En-la-terraza_PAINTING-240x300.jpg\" alt=\"Pierre Auguste Renoir. En la terraza (1881). Blog de Rafael Ram\u00edrez.\" width=\"240\" height=\"300\" srcset=\"https:\/\/rafaramirez.org\/blog\/wp-content\/uploads\/2024\/07\/Pierre-Auguste-Renoir-En-la-terraza_PAINTING-240x300.jpg 240w, https:\/\/rafaramirez.org\/blog\/wp-content\/uploads\/2024\/07\/Pierre-Auguste-Renoir-En-la-terraza_PAINTING-768x960.jpg 768w, https:\/\/rafaramirez.org\/blog\/wp-content\/uploads\/2024\/07\/Pierre-Auguste-Renoir-En-la-terraza_PAINTING.jpg 800w\" sizes=\"auto, (max-width: 240px) 100vw, 240px\" \/><\/a><figcaption id=\"caption-attachment-5006\" class=\"wp-caption-text\">Pierre Auguste Renoir. En la terraza (1881). Blog de Rafael Ram\u00edrez.<\/figcaption><\/figure>\n<figure id=\"attachment_5008\" aria-describedby=\"caption-attachment-5008\" style=\"width: 244px\" class=\"wp-caption aligncenter\"><a href=\"https:\/\/rafaramirez.org\/blog\/wp-content\/uploads\/2024\/07\/Van-Gogh-El-Retrato-del-doctor-Gachet-scaled.jpg\" target=\"_blank\" rel=\"noopener\"><img loading=\"lazy\" decoding=\"async\" class=\"wp-image-5008 size-medium\" src=\"https:\/\/rafaramirez.org\/blog\/wp-content\/uploads\/2024\/07\/Van-Gogh-El-Retrato-del-doctor-Gachet-244x300.jpg\" alt=\"Vincent Van Gogh. El Retrato del doctor Gachet.\" width=\"244\" height=\"300\" srcset=\"https:\/\/rafaramirez.org\/blog\/wp-content\/uploads\/2024\/07\/Van-Gogh-El-Retrato-del-doctor-Gachet-244x300.jpg 244w, https:\/\/rafaramirez.org\/blog\/wp-content\/uploads\/2024\/07\/Van-Gogh-El-Retrato-del-doctor-Gachet-834x1024.jpg 834w, https:\/\/rafaramirez.org\/blog\/wp-content\/uploads\/2024\/07\/Van-Gogh-El-Retrato-del-doctor-Gachet-768x943.jpg 768w, https:\/\/rafaramirez.org\/blog\/wp-content\/uploads\/2024\/07\/Van-Gogh-El-Retrato-del-doctor-Gachet-1252x1536.jpg 1252w, https:\/\/rafaramirez.org\/blog\/wp-content\/uploads\/2024\/07\/Van-Gogh-El-Retrato-del-doctor-Gachet-1669x2048.jpg 1669w\" sizes=\"auto, (max-width: 244px) 100vw, 244px\" \/><\/a><figcaption id=\"caption-attachment-5008\" class=\"wp-caption-text\">Vincent Van Gogh. El Retrato del doctor Gachet.<\/figcaption><\/figure>\n<figure id=\"attachment_5009\" aria-describedby=\"caption-attachment-5009\" style=\"width: 244px\" class=\"wp-caption aligncenter\"><a href=\"https:\/\/rafaramirez.org\/blog\/wp-content\/uploads\/2024\/07\/Van-Gogh-El-Retrato-del-doctor-Gachet_PAINTING.jpg\" target=\"_blank\" rel=\"noopener\"><img loading=\"lazy\" decoding=\"async\" class=\"wp-image-5009 size-medium\" src=\"https:\/\/rafaramirez.org\/blog\/wp-content\/uploads\/2024\/07\/Van-Gogh-El-Retrato-del-doctor-Gachet_PAINTING-244x300.jpg\" alt=\"Vincent Van Gogh. El Retrato del doctor Gachet (1890). Blog de Rafael Ram\u00edrez.\" width=\"244\" height=\"300\" srcset=\"https:\/\/rafaramirez.org\/blog\/wp-content\/uploads\/2024\/07\/Van-Gogh-El-Retrato-del-doctor-Gachet_PAINTING-244x300.jpg 244w, https:\/\/rafaramirez.org\/blog\/wp-content\/uploads\/2024\/07\/Van-Gogh-El-Retrato-del-doctor-Gachet_PAINTING.jpg 300w\" sizes=\"auto, (max-width: 244px) 100vw, 244px\" \/><\/a><figcaption id=\"caption-attachment-5009\" class=\"wp-caption-text\">Vincent Van Gogh. El Retrato del doctor Gachet (1890). Blog de Rafael Ram\u00edrez.<\/figcaption><\/figure>\n<p><strong>Espero que te gusten las obras propuestas y te animes a pintar alguna de ellas. Recuerda que lo m\u00e1s importante es divertirte y disfrutar del proceso creativo. \u00a1Experimenta y explora tu propia visi\u00f3n art\u00edstica! Puedes dejar tus comentarios debajo del post \u00a1Saludos!<\/strong><\/p>\n","protected":false},"excerpt":{"rendered":"<p>En esta ocasi\u00f3n os presento algunas l\u00e1minas de cuadros famosos de diferentes artistas, estilos y periodos con las que pod\u00e9is dar rienda suelta a vuestra imaginaci\u00f3n art\u00edstica. Cada l\u00e1mina va acompa\u00f1ada de una fotograf\u00eda de la obra del pintor \u00a1Disfrutad del proceso creativo! Espero que te gusten las obras propuestas y te animes a pintar [&hellip;]<\/p>\n","protected":false},"author":1,"featured_media":5014,"comment_status":"open","ping_status":"closed","sticky":false,"template":"","format":"standard","meta":{"site-container-style":"default","site-container-layout":"default","site-sidebar-layout":"default","disable-article-header":"default","disable-site-header":"default","disable-site-footer":"default","disable-content-area-spacing":"default","_jetpack_newsletter_access":"","_jetpack_dont_email_post_to_subs":false,"_jetpack_newsletter_tier_id":0,"_jetpack_memberships_contains_paywalled_content":false,"_jetpack_feature_clip_id":0,"_jetpack_memberships_contains_paid_content":false,"footnotes":"","jetpack_publicize_message":"","jetpack_publicize_feature_enabled":true,"jetpack_social_post_already_shared":false,"jetpack_social_options":{"image_generator_settings":{"template":"highway","default_image_id":0,"font":"","enabled":false},"version":2},"jetpack_post_was_ever_published":false},"categories":[5],"tags":[2723,2714,2175,2718,68,2184,2174,707,2711,2713,2712,2716,2725,2724,2717,2710,2719,2721,2720,2171,2172,1650,2722,705,2173,2715,2176,508],"class_list":["post-4981","post","type-post","status-publish","format-standard","has-post-thumbnail","hentry","category-manualidades","tag-cuando-te-casas-1892","tag-angel-tocando-una-flauta","tag-aprende-a-pintar","tag-autorretrato-con-collar-de-espinas-y-colibri","tag-blog-de-rafael-ramirez","tag-consejos-pictoricos","tag-consejos-y-tecnicas-de-pintura","tag-edgar-degas","tag-edvard-munch","tag-edward-coley-burne","tag-el-grito","tag-el-nacimiento-de-venus","tag-el-retrato-del-doctor-gachet","tag-en-la-terraza-1881","tag-frida-khalo","tag-la-clase-de-danza","tag-la-dama-del-armino","tag-la-gioconda","tag-la-monna-lisa","tag-laminas-de-cuadros-famosos","tag-laminas-para-pintar","tag-leonardo-da-vinci","tag-paul-gaughin","tag-pierre-auguste-renoir","tag-pinta-como-van-gogh","tag-sandro-botticelli","tag-tecnicas-de-pintura","tag-vincent-van-gogh"],"yoast_head":"<!-- This site is optimized with the Yoast SEO plugin v28.4 - https:\/\/yoast.com\/product\/yoast-seo-wordpress\/ -->\n<title>Obras maestras de la pintura: L\u00e1minas para pintar. - Blog de Rafael Ram\u00edrez<\/title>\n<meta name=\"robots\" content=\"index, follow, max-snippet:-1, max-image-preview:large, max-video-preview:-1\" \/>\n<link rel=\"canonical\" href=\"https:\/\/rafaramirez.org\/blog\/index.php\/2024\/07\/10\/obras-maestras-de-la-pintura-laminas-para-pintar\/\" \/>\n<meta property=\"og:locale\" content=\"es_ES\" \/>\n<meta property=\"og:type\" content=\"article\" \/>\n<meta property=\"og:title\" content=\"Obras maestras de la pintura: L\u00e1minas para pintar. - Blog de Rafael Ram\u00edrez\" \/>\n<meta property=\"og:description\" content=\"En esta ocasi\u00f3n os presento algunas l\u00e1minas de cuadros famosos de diferentes artistas, estilos y periodos con las que pod\u00e9is dar rienda suelta a vuestra imaginaci\u00f3n art\u00edstica. Cada l\u00e1mina va acompa\u00f1ada de una fotograf\u00eda de la obra del pintor \u00a1Disfrutad del proceso creativo! Espero que te gusten las obras propuestas y te animes a pintar [&hellip;]\" \/>\n<meta property=\"og:url\" content=\"https:\/\/rafaramirez.org\/blog\/index.php\/2024\/07\/10\/obras-maestras-de-la-pintura-laminas-para-pintar\/\" \/>\n<meta property=\"og:site_name\" content=\"Blog de Rafael Ram\u00edrez\" \/>\n<meta property=\"article:published_time\" content=\"2024-07-10T06:15:02+00:00\" \/>\n<meta property=\"article:modified_time\" content=\"2026-01-28T12:14:18+00:00\" \/>\n<meta property=\"og:image\" content=\"https:\/\/rafaramirez.org\/blog\/wp-content\/uploads\/2024\/07\/pintando_blogderafaelramirez_bannerlogblog.jpg\" \/>\n\t<meta property=\"og:image:width\" content=\"750\" \/>\n\t<meta property=\"og:image:height\" content=\"600\" \/>\n\t<meta property=\"og:image:type\" content=\"image\/jpeg\" \/>\n<meta name=\"author\" content=\"Rafael Ram\u00edrez\" \/>\n<meta name=\"twitter:card\" content=\"summary_large_image\" \/>\n<meta name=\"twitter:creator\" content=\"@rafaramirez_ok\" \/>\n<meta name=\"twitter:site\" content=\"@rafaramirez_ok\" \/>\n<meta name=\"twitter:label1\" content=\"Escrito por\" \/>\n\t<meta name=\"twitter:data1\" content=\"Rafael Ram\u00edrez\" \/>\n\t<meta name=\"twitter:label2\" content=\"Tiempo de lectura\" \/>\n\t<meta name=\"twitter:data2\" content=\"6 minutos\" \/>\n<script type=\"application\/ld+json\" class=\"yoast-schema-graph\">{\"@context\":\"https:\\\/\\\/schema.org\",\"@graph\":[{\"@type\":\"Article\",\"@id\":\"https:\\\/\\\/rafaramirez.org\\\/blog\\\/index.php\\\/2024\\\/07\\\/10\\\/obras-maestras-de-la-pintura-laminas-para-pintar\\\/#article\",\"isPartOf\":{\"@id\":\"https:\\\/\\\/rafaramirez.org\\\/blog\\\/index.php\\\/2024\\\/07\\\/10\\\/obras-maestras-de-la-pintura-laminas-para-pintar\\\/\"},\"author\":{\"name\":\"Rafael Ram\u00edrez\",\"@id\":\"https:\\\/\\\/rafaramirez.org\\\/blog\\\/#\\\/schema\\\/person\\\/50f43b6d60c578760d4c17bda54ab6a5\"},\"headline\":\"Obras maestras de la pintura: L\u00e1minas para pintar.\",\"datePublished\":\"2024-07-10T06:15:02+00:00\",\"dateModified\":\"2026-01-28T12:14:18+00:00\",\"mainEntityOfPage\":{\"@id\":\"https:\\\/\\\/rafaramirez.org\\\/blog\\\/index.php\\\/2024\\\/07\\\/10\\\/obras-maestras-de-la-pintura-laminas-para-pintar\\\/\"},\"wordCount\":434,\"commentCount\":0,\"publisher\":{\"@id\":\"https:\\\/\\\/rafaramirez.org\\\/blog\\\/#\\\/schema\\\/person\\\/50f43b6d60c578760d4c17bda54ab6a5\"},\"image\":{\"@id\":\"https:\\\/\\\/rafaramirez.org\\\/blog\\\/index.php\\\/2024\\\/07\\\/10\\\/obras-maestras-de-la-pintura-laminas-para-pintar\\\/#primaryimage\"},\"thumbnailUrl\":\"https:\\\/\\\/rafaramirez.org\\\/blog\\\/wp-content\\\/uploads\\\/2024\\\/07\\\/pintando_blogderafaelramirez_bannerlogblog.jpg\",\"keywords\":[\"\u00bfCu\u00e1ndo te casas? (1892)\",\"\u00c1ngel tocando una flauta\",\"aprende a pintar\",\"Autorretrato con collar de espinas y colibr\u00ed\",\"blog de Rafael Ram\u00edrez\",\"Consejos pict\u00f3ricos\",\"consejos y t\u00e9cnicas de pintura\",\"Edgar Degas\",\"Edvard Munch\",\"Edward Coley Burne\",\"El Grito\",\"El nacimiento de Venus\",\"El Retrato del doctor Gachet\",\"En la terraza (1881)\",\"Frida Khalo\",\"La clase de danza\",\"La Dama del Armi\u00f1o\",\"La Gioconda\",\"La Monna Lisa\",\"l\u00e1minas de cuadros famosos\",\"l\u00e1minas para pintar\",\"Leonardo da Vinci\",\"Paul Gaughin\",\"Pierre-Auguste Renoir\",\"pinta como Van Gogh\",\"Sandro Botticelli\",\"t\u00e9cnicas de pintura\",\"Vincent Van Gogh\"],\"articleSection\":[\"Manualidades\"],\"inLanguage\":\"es\",\"potentialAction\":[{\"@type\":\"CommentAction\",\"name\":\"Comment\",\"target\":[\"https:\\\/\\\/rafaramirez.org\\\/blog\\\/index.php\\\/2024\\\/07\\\/10\\\/obras-maestras-de-la-pintura-laminas-para-pintar\\\/#respond\"]}]},{\"@type\":\"WebPage\",\"@id\":\"https:\\\/\\\/rafaramirez.org\\\/blog\\\/index.php\\\/2024\\\/07\\\/10\\\/obras-maestras-de-la-pintura-laminas-para-pintar\\\/\",\"url\":\"https:\\\/\\\/rafaramirez.org\\\/blog\\\/index.php\\\/2024\\\/07\\\/10\\\/obras-maestras-de-la-pintura-laminas-para-pintar\\\/\",\"name\":\"Obras maestras de la pintura: L\u00e1minas para pintar. - Blog de Rafael Ram\u00edrez\",\"isPartOf\":{\"@id\":\"https:\\\/\\\/rafaramirez.org\\\/blog\\\/#website\"},\"primaryImageOfPage\":{\"@id\":\"https:\\\/\\\/rafaramirez.org\\\/blog\\\/index.php\\\/2024\\\/07\\\/10\\\/obras-maestras-de-la-pintura-laminas-para-pintar\\\/#primaryimage\"},\"image\":{\"@id\":\"https:\\\/\\\/rafaramirez.org\\\/blog\\\/index.php\\\/2024\\\/07\\\/10\\\/obras-maestras-de-la-pintura-laminas-para-pintar\\\/#primaryimage\"},\"thumbnailUrl\":\"https:\\\/\\\/rafaramirez.org\\\/blog\\\/wp-content\\\/uploads\\\/2024\\\/07\\\/pintando_blogderafaelramirez_bannerlogblog.jpg\",\"datePublished\":\"2024-07-10T06:15:02+00:00\",\"dateModified\":\"2026-01-28T12:14:18+00:00\",\"breadcrumb\":{\"@id\":\"https:\\\/\\\/rafaramirez.org\\\/blog\\\/index.php\\\/2024\\\/07\\\/10\\\/obras-maestras-de-la-pintura-laminas-para-pintar\\\/#breadcrumb\"},\"inLanguage\":\"es\",\"potentialAction\":[{\"@type\":\"ReadAction\",\"target\":[\"https:\\\/\\\/rafaramirez.org\\\/blog\\\/index.php\\\/2024\\\/07\\\/10\\\/obras-maestras-de-la-pintura-laminas-para-pintar\\\/\"]}]},{\"@type\":\"ImageObject\",\"inLanguage\":\"es\",\"@id\":\"https:\\\/\\\/rafaramirez.org\\\/blog\\\/index.php\\\/2024\\\/07\\\/10\\\/obras-maestras-de-la-pintura-laminas-para-pintar\\\/#primaryimage\",\"url\":\"https:\\\/\\\/rafaramirez.org\\\/blog\\\/wp-content\\\/uploads\\\/2024\\\/07\\\/pintando_blogderafaelramirez_bannerlogblog.jpg\",\"contentUrl\":\"https:\\\/\\\/rafaramirez.org\\\/blog\\\/wp-content\\\/uploads\\\/2024\\\/07\\\/pintando_blogderafaelramirez_bannerlogblog.jpg\",\"width\":750,\"height\":600,\"caption\":\"Obras maestras para pintar. Blog de Rafael Ram\u00edrez.\"},{\"@type\":\"BreadcrumbList\",\"@id\":\"https:\\\/\\\/rafaramirez.org\\\/blog\\\/index.php\\\/2024\\\/07\\\/10\\\/obras-maestras-de-la-pintura-laminas-para-pintar\\\/#breadcrumb\",\"itemListElement\":[{\"@type\":\"ListItem\",\"position\":1,\"name\":\"Portada\",\"item\":\"https:\\\/\\\/rafaramirez.org\\\/blog\\\/\"},{\"@type\":\"ListItem\",\"position\":2,\"name\":\"Obras maestras de la pintura: L\u00e1minas para pintar.\"}]},{\"@type\":\"WebSite\",\"@id\":\"https:\\\/\\\/rafaramirez.org\\\/blog\\\/#website\",\"url\":\"https:\\\/\\\/rafaramirez.org\\\/blog\\\/\",\"name\":\"Blog de Rafael Ram\u00edrez\",\"description\":\"Un sitio social, de arte y cultura\",\"publisher\":{\"@id\":\"https:\\\/\\\/rafaramirez.org\\\/blog\\\/#\\\/schema\\\/person\\\/50f43b6d60c578760d4c17bda54ab6a5\"},\"potentialAction\":[{\"@type\":\"SearchAction\",\"target\":{\"@type\":\"EntryPoint\",\"urlTemplate\":\"https:\\\/\\\/rafaramirez.org\\\/blog\\\/?s={search_term_string}\"},\"query-input\":{\"@type\":\"PropertyValueSpecification\",\"valueRequired\":true,\"valueName\":\"search_term_string\"}}],\"inLanguage\":\"es\"},{\"@type\":[\"Person\",\"Organization\"],\"@id\":\"https:\\\/\\\/rafaramirez.org\\\/blog\\\/#\\\/schema\\\/person\\\/50f43b6d60c578760d4c17bda54ab6a5\",\"name\":\"Rafael Ram\u00edrez\",\"image\":{\"@type\":\"ImageObject\",\"inLanguage\":\"es\",\"@id\":\"https:\\\/\\\/rafaramirez.org\\\/blog\\\/wp-content\\\/uploads\\\/2024\\\/09\\\/RR_socialnetwork.jpg\",\"url\":\"https:\\\/\\\/rafaramirez.org\\\/blog\\\/wp-content\\\/uploads\\\/2024\\\/09\\\/RR_socialnetwork.jpg\",\"contentUrl\":\"https:\\\/\\\/rafaramirez.org\\\/blog\\\/wp-content\\\/uploads\\\/2024\\\/09\\\/RR_socialnetwork.jpg\",\"width\":600,\"height\":606,\"caption\":\"Rafael Ram\u00edrez\"},\"logo\":{\"@id\":\"https:\\\/\\\/rafaramirez.org\\\/blog\\\/wp-content\\\/uploads\\\/2024\\\/09\\\/RR_socialnetwork.jpg\"},\"sameAs\":[\"https:\\\/\\\/www.rafaramirez.org\\\/blog\",\"https:\\\/\\\/www.instagram.com\\\/rafaramirez_ok\\\/\",\"https:\\\/\\\/es.pinterest.com\\\/Ramirez_Rafa\\\/\",\"https:\\\/\\\/x.com\\\/rafaramirez_ok\"],\"url\":\"https:\\\/\\\/rafaramirez.org\\\/blog\\\/index.php\\\/author\\\/rafaell_qm6j97da\\\/\"}]}<\/script>\n<!-- \/ Yoast SEO plugin. -->","yoast_head_json":{"title":"Obras maestras de la pintura: L\u00e1minas para pintar. - Blog de Rafael Ram\u00edrez","robots":{"index":"index","follow":"follow","max-snippet":"max-snippet:-1","max-image-preview":"max-image-preview:large","max-video-preview":"max-video-preview:-1"},"canonical":"https:\/\/rafaramirez.org\/blog\/index.php\/2024\/07\/10\/obras-maestras-de-la-pintura-laminas-para-pintar\/","og_locale":"es_ES","og_type":"article","og_title":"Obras maestras de la pintura: L\u00e1minas para pintar. - Blog de Rafael Ram\u00edrez","og_description":"En esta ocasi\u00f3n os presento algunas l\u00e1minas de cuadros famosos de diferentes artistas, estilos y periodos con las que pod\u00e9is dar rienda suelta a vuestra imaginaci\u00f3n art\u00edstica. Cada l\u00e1mina va acompa\u00f1ada de una fotograf\u00eda de la obra del pintor \u00a1Disfrutad del proceso creativo! Espero que te gusten las obras propuestas y te animes a pintar [&hellip;]","og_url":"https:\/\/rafaramirez.org\/blog\/index.php\/2024\/07\/10\/obras-maestras-de-la-pintura-laminas-para-pintar\/","og_site_name":"Blog de Rafael Ram\u00edrez","article_published_time":"2024-07-10T06:15:02+00:00","article_modified_time":"2026-01-28T12:14:18+00:00","og_image":[{"width":750,"height":600,"url":"https:\/\/rafaramirez.org\/blog\/wp-content\/uploads\/2024\/07\/pintando_blogderafaelramirez_bannerlogblog.jpg","type":"image\/jpeg"}],"author":"Rafael Ram\u00edrez","twitter_card":"summary_large_image","twitter_creator":"@rafaramirez_ok","twitter_site":"@rafaramirez_ok","twitter_misc":{"Escrito por":"Rafael Ram\u00edrez","Tiempo de lectura":"6 minutos"},"schema":{"@context":"https:\/\/schema.org","@graph":[{"@type":"Article","@id":"https:\/\/rafaramirez.org\/blog\/index.php\/2024\/07\/10\/obras-maestras-de-la-pintura-laminas-para-pintar\/#article","isPartOf":{"@id":"https:\/\/rafaramirez.org\/blog\/index.php\/2024\/07\/10\/obras-maestras-de-la-pintura-laminas-para-pintar\/"},"author":{"name":"Rafael Ram\u00edrez","@id":"https:\/\/rafaramirez.org\/blog\/#\/schema\/person\/50f43b6d60c578760d4c17bda54ab6a5"},"headline":"Obras maestras de la pintura: L\u00e1minas para pintar.","datePublished":"2024-07-10T06:15:02+00:00","dateModified":"2026-01-28T12:14:18+00:00","mainEntityOfPage":{"@id":"https:\/\/rafaramirez.org\/blog\/index.php\/2024\/07\/10\/obras-maestras-de-la-pintura-laminas-para-pintar\/"},"wordCount":434,"commentCount":0,"publisher":{"@id":"https:\/\/rafaramirez.org\/blog\/#\/schema\/person\/50f43b6d60c578760d4c17bda54ab6a5"},"image":{"@id":"https:\/\/rafaramirez.org\/blog\/index.php\/2024\/07\/10\/obras-maestras-de-la-pintura-laminas-para-pintar\/#primaryimage"},"thumbnailUrl":"https:\/\/rafaramirez.org\/blog\/wp-content\/uploads\/2024\/07\/pintando_blogderafaelramirez_bannerlogblog.jpg","keywords":["\u00bfCu\u00e1ndo te casas? (1892)","\u00c1ngel tocando una flauta","aprende a pintar","Autorretrato con collar de espinas y colibr\u00ed","blog de Rafael Ram\u00edrez","Consejos pict\u00f3ricos","consejos y t\u00e9cnicas de pintura","Edgar Degas","Edvard Munch","Edward Coley Burne","El Grito","El nacimiento de Venus","El Retrato del doctor Gachet","En la terraza (1881)","Frida Khalo","La clase de danza","La Dama del Armi\u00f1o","La Gioconda","La Monna Lisa","l\u00e1minas de cuadros famosos","l\u00e1minas para pintar","Leonardo da Vinci","Paul Gaughin","Pierre-Auguste Renoir","pinta como Van Gogh","Sandro Botticelli","t\u00e9cnicas de pintura","Vincent Van Gogh"],"articleSection":["Manualidades"],"inLanguage":"es","potentialAction":[{"@type":"CommentAction","name":"Comment","target":["https:\/\/rafaramirez.org\/blog\/index.php\/2024\/07\/10\/obras-maestras-de-la-pintura-laminas-para-pintar\/#respond"]}]},{"@type":"WebPage","@id":"https:\/\/rafaramirez.org\/blog\/index.php\/2024\/07\/10\/obras-maestras-de-la-pintura-laminas-para-pintar\/","url":"https:\/\/rafaramirez.org\/blog\/index.php\/2024\/07\/10\/obras-maestras-de-la-pintura-laminas-para-pintar\/","name":"Obras maestras de la pintura: L\u00e1minas para pintar. - Blog de Rafael Ram\u00edrez","isPartOf":{"@id":"https:\/\/rafaramirez.org\/blog\/#website"},"primaryImageOfPage":{"@id":"https:\/\/rafaramirez.org\/blog\/index.php\/2024\/07\/10\/obras-maestras-de-la-pintura-laminas-para-pintar\/#primaryimage"},"image":{"@id":"https:\/\/rafaramirez.org\/blog\/index.php\/2024\/07\/10\/obras-maestras-de-la-pintura-laminas-para-pintar\/#primaryimage"},"thumbnailUrl":"https:\/\/rafaramirez.org\/blog\/wp-content\/uploads\/2024\/07\/pintando_blogderafaelramirez_bannerlogblog.jpg","datePublished":"2024-07-10T06:15:02+00:00","dateModified":"2026-01-28T12:14:18+00:00","breadcrumb":{"@id":"https:\/\/rafaramirez.org\/blog\/index.php\/2024\/07\/10\/obras-maestras-de-la-pintura-laminas-para-pintar\/#breadcrumb"},"inLanguage":"es","potentialAction":[{"@type":"ReadAction","target":["https:\/\/rafaramirez.org\/blog\/index.php\/2024\/07\/10\/obras-maestras-de-la-pintura-laminas-para-pintar\/"]}]},{"@type":"ImageObject","inLanguage":"es","@id":"https:\/\/rafaramirez.org\/blog\/index.php\/2024\/07\/10\/obras-maestras-de-la-pintura-laminas-para-pintar\/#primaryimage","url":"https:\/\/rafaramirez.org\/blog\/wp-content\/uploads\/2024\/07\/pintando_blogderafaelramirez_bannerlogblog.jpg","contentUrl":"https:\/\/rafaramirez.org\/blog\/wp-content\/uploads\/2024\/07\/pintando_blogderafaelramirez_bannerlogblog.jpg","width":750,"height":600,"caption":"Obras maestras para pintar. Blog de Rafael Ram\u00edrez."},{"@type":"BreadcrumbList","@id":"https:\/\/rafaramirez.org\/blog\/index.php\/2024\/07\/10\/obras-maestras-de-la-pintura-laminas-para-pintar\/#breadcrumb","itemListElement":[{"@type":"ListItem","position":1,"name":"Portada","item":"https:\/\/rafaramirez.org\/blog\/"},{"@type":"ListItem","position":2,"name":"Obras maestras de la pintura: L\u00e1minas para pintar."}]},{"@type":"WebSite","@id":"https:\/\/rafaramirez.org\/blog\/#website","url":"https:\/\/rafaramirez.org\/blog\/","name":"Blog de Rafael Ram\u00edrez","description":"Un sitio social, de arte y cultura","publisher":{"@id":"https:\/\/rafaramirez.org\/blog\/#\/schema\/person\/50f43b6d60c578760d4c17bda54ab6a5"},"potentialAction":[{"@type":"SearchAction","target":{"@type":"EntryPoint","urlTemplate":"https:\/\/rafaramirez.org\/blog\/?s={search_term_string}"},"query-input":{"@type":"PropertyValueSpecification","valueRequired":true,"valueName":"search_term_string"}}],"inLanguage":"es"},{"@type":["Person","Organization"],"@id":"https:\/\/rafaramirez.org\/blog\/#\/schema\/person\/50f43b6d60c578760d4c17bda54ab6a5","name":"Rafael Ram\u00edrez","image":{"@type":"ImageObject","inLanguage":"es","@id":"https:\/\/rafaramirez.org\/blog\/wp-content\/uploads\/2024\/09\/RR_socialnetwork.jpg","url":"https:\/\/rafaramirez.org\/blog\/wp-content\/uploads\/2024\/09\/RR_socialnetwork.jpg","contentUrl":"https:\/\/rafaramirez.org\/blog\/wp-content\/uploads\/2024\/09\/RR_socialnetwork.jpg","width":600,"height":606,"caption":"Rafael Ram\u00edrez"},"logo":{"@id":"https:\/\/rafaramirez.org\/blog\/wp-content\/uploads\/2024\/09\/RR_socialnetwork.jpg"},"sameAs":["https:\/\/www.rafaramirez.org\/blog","https:\/\/www.instagram.com\/rafaramirez_ok\/","https:\/\/es.pinterest.com\/Ramirez_Rafa\/","https:\/\/x.com\/rafaramirez_ok"],"url":"https:\/\/rafaramirez.org\/blog\/index.php\/author\/rafaell_qm6j97da\/"}]}},"jetpack_publicize_connections":[],"jetpack_sharing_enabled":true,"jetpack_likes_enabled":true,"jetpack_featured_media_url":"https:\/\/rafaramirez.org\/blog\/wp-content\/uploads\/2024\/07\/pintando_blogderafaelramirez_bannerlogblog.jpg","_links":{"self":[{"href":"https:\/\/rafaramirez.org\/blog\/index.php\/wp-json\/wp\/v2\/posts\/4981","targetHints":{"allow":["GET"]}}],"collection":[{"href":"https:\/\/rafaramirez.org\/blog\/index.php\/wp-json\/wp\/v2\/posts"}],"about":[{"href":"https:\/\/rafaramirez.org\/blog\/index.php\/wp-json\/wp\/v2\/types\/post"}],"author":[{"embeddable":true,"href":"https:\/\/rafaramirez.org\/blog\/index.php\/wp-json\/wp\/v2\/users\/1"}],"replies":[{"embeddable":true,"href":"https:\/\/rafaramirez.org\/blog\/index.php\/wp-json\/wp\/v2\/comments?post=4981"}],"version-history":[{"count":13,"href":"https:\/\/rafaramirez.org\/blog\/index.php\/wp-json\/wp\/v2\/posts\/4981\/revisions"}],"predecessor-version":[{"id":11841,"href":"https:\/\/rafaramirez.org\/blog\/index.php\/wp-json\/wp\/v2\/posts\/4981\/revisions\/11841"}],"wp:featuredmedia":[{"embeddable":true,"href":"https:\/\/rafaramirez.org\/blog\/index.php\/wp-json\/wp\/v2\/media\/5014"}],"wp:attachment":[{"href":"https:\/\/rafaramirez.org\/blog\/index.php\/wp-json\/wp\/v2\/media?parent=4981"}],"wp:term":[{"taxonomy":"category","embeddable":true,"href":"https:\/\/rafaramirez.org\/blog\/index.php\/wp-json\/wp\/v2\/categories?post=4981"},{"taxonomy":"post_tag","embeddable":true,"href":"https:\/\/rafaramirez.org\/blog\/index.php\/wp-json\/wp\/v2\/tags?post=4981"}],"curies":[{"name":"wp","href":"https:\/\/api.w.org\/{rel}","templated":true}]}}