{"id":4957,"date":"2024-07-08T08:15:15","date_gmt":"2024-07-08T06:15:15","guid":{"rendered":"https:\/\/rafaramirez.org\/blog\/?p=4957"},"modified":"2026-07-14T11:47:36","modified_gmt":"2026-07-14T09:47:36","slug":"gustave-caillebotte-el-impresionista-biografia","status":"publish","type":"post","link":"https:\/\/rafaramirez.org\/blog\/index.php\/2024\/07\/08\/gustave-caillebotte-el-impresionista-biografia\/","title":{"rendered":"Gustave Caillebotte: El pintor impresionista, multifac\u00e9tico y olvidado."},"content":{"rendered":"<p><strong>Gustave Caillebotte<\/strong> (1848-1894) fue un pintor franc\u00e9s, coleccionista, mecenas y organizador de exposiciones impresionistas. A pesar de provenir de una familia adinerada, Caillebotte dedic\u00f3 su vida al arte, convirti\u00e9ndose en una figura clave del movimiento impresionista.<\/p>\n<h4 data-sourcepos=\"3:1-3:25\"><strong>Primeros a\u00f1os.<\/strong><\/h4>\n<p data-sourcepos=\"5:1-5:28\">Gustave Caillebotte naci\u00f3 en Par\u00eds el 19 de agosto de 1848 en el seno de una familia acomodada. Su padre, Martial Caillebotte, era un exitoso empresario textil, lo que le proporcion\u00f3 a Gustave una vida c\u00f3moda y acceso a una buena educaci\u00f3n.<\/p>\n<p data-sourcepos=\"9:1-9:11\">Caillebotte curs\u00f3 estudios de derecho y luego ingenier\u00eda, siguiendo la tradici\u00f3n familiar. Sin embargo, su verdadera pasi\u00f3n era el arte, y en 1872 decidi\u00f3 dedicarse por completo a la pintura. Estudi\u00f3 brevemente con el pintor acad\u00e9mico L\u00e9on Bonnat, pero pronto se sinti\u00f3 atra\u00eddo por el movimiento impresionista emergente.<\/p>\n<h4 data-sourcepos=\"11:1-11:34\"><strong>Inmersi\u00f3n en el Impresionismo.<\/strong><\/h4>\n<p data-sourcepos=\"13:1-13:236\">A partir de la d\u00e9cada de 1870, Caillebotte se integr\u00f3 activamente al c\u00edrculo impresionista, estableciendo estrechas amistades con artistas como Pierre-Auguste Renoir, Edgar Degas y Claude Monet. Su estilo pict\u00f3rico se caracteriz\u00f3 por la adopci\u00f3n de t\u00e9cnicas impresionistas, como la captura de la luz natural y la representaci\u00f3n de escenas cotidianas con pinceladas sueltas y vibrantes.<\/p>\n<figure id=\"attachment_4964\" aria-describedby=\"caption-attachment-4964\" style=\"width: 236px\" class=\"wp-caption aligncenter\"><a href=\"https:\/\/rafaramirez.org\/blog\/wp-content\/uploads\/2024\/07\/Gustave_Caillebotte_-_Autorretrato.jpg\" target=\"_blank\" rel=\"noopener\"><img loading=\"lazy\" decoding=\"async\" class=\"wp-image-4964 size-medium\" src=\"https:\/\/rafaramirez.org\/blog\/wp-content\/uploads\/2024\/07\/Gustave_Caillebotte_-_Autorretrato-236x300.jpg\" alt=\"Autorretrato (1892). Gustave Caillebotte. Blog de Rafael Ram\u00edrez.\" width=\"236\" height=\"300\" srcset=\"https:\/\/rafaramirez.org\/blog\/wp-content\/uploads\/2024\/07\/Gustave_Caillebotte_-_Autorretrato-236x300.jpg 236w, https:\/\/rafaramirez.org\/blog\/wp-content\/uploads\/2024\/07\/Gustave_Caillebotte_-_Autorretrato.jpg 653w\" sizes=\"auto, (max-width: 236px) 100vw, 236px\" \/><\/a><figcaption id=\"caption-attachment-4964\" class=\"wp-caption-text\">Autorretrato (1892). Gustave Caillebotte. Blog de Rafael Ram\u00edrez.<\/figcaption><\/figure>\n<h4 data-sourcepos=\"15:1-15:24\"><strong>Aportes al movimiento impresionista.<\/strong><\/h4>\n<p data-sourcepos=\"17:1-17:80\">Caillebotte realiz\u00f3 importantes contribuciones al Impresionismo, destacando por:<\/p>\n<ul data-sourcepos=\"19:1-22:0\">\n<li data-sourcepos=\"19:1-19:186\"><strong>Perspectivas inusuales:<\/strong> Incorpor\u00f3 perspectivas innovadoras en sus obras, como vistas en picado y contrapicados, que ofrec\u00edan una mirada fresca y din\u00e1mica a la vida urbana parisina.<\/li>\n<li data-sourcepos=\"20:1-20:188\"><strong>Representaci\u00f3n del movimiento:<\/strong> Captur\u00f3 con maestr\u00eda la energ\u00eda y el bullicio de la ciudad moderna, incluyendo escenas de calles concurridas, obras de construcci\u00f3n y eventos sociales.<\/li>\n<li data-sourcepos=\"21:1-22:0\"><strong>Temas poco convencionales:<\/strong> Se interes\u00f3 por temas que no eran populares entre los artistas de su \u00e9poca, como los trabajadores manuales y la vida cotidiana de la clase media.<\/li>\n<\/ul>\n<h4 data-sourcepos=\"23:1-23:21\"><strong>Obras Destacadas.<\/strong><\/h4>\n<p data-sourcepos=\"25:1-25:42\">Entre sus obras m\u00e1s famosas se encuentran:<\/p>\n<ul data-sourcepos=\"27:1-28:1\">\n<li style=\"list-style-type: none;\">\n<ul data-sourcepos=\"27:1-28:1\">\n<li data-sourcepos=\"27:1-27:168\"><strong>Los acuchilladores de parqu\u00e9 (1875):<\/strong> Una representaci\u00f3n realista de trabajadores del parquet en una vivienda de Par\u00eds, que gener\u00f3 controversia por su tem\u00e1tica y t\u00e9cnica.\n<p><figure id=\"attachment_4958\" aria-describedby=\"caption-attachment-4958\" style=\"width: 300px\" class=\"wp-caption aligncenter\"><a href=\"https:\/\/rafaramirez.org\/blog\/wp-content\/uploads\/2024\/06\/Gustave_Caillebotte_-_Acuchilladores_de_parque-scaled.jpg\" target=\"_blank\" rel=\"noopener\"><img loading=\"lazy\" decoding=\"async\" class=\"wp-image-4958 size-medium\" src=\"https:\/\/rafaramirez.org\/blog\/wp-content\/uploads\/2024\/06\/Gustave_Caillebotte_-_Acuchilladores_de_parque-300x211.jpg\" alt=\"Los acuchilladores de parqu\u00e9 (1875). Gustave Caillebotte. Blog de Rafael Ram\u00edrez.\" width=\"300\" height=\"211\" srcset=\"https:\/\/rafaramirez.org\/blog\/wp-content\/uploads\/2024\/06\/Gustave_Caillebotte_-_Acuchilladores_de_parque-300x211.jpg 300w, https:\/\/rafaramirez.org\/blog\/wp-content\/uploads\/2024\/06\/Gustave_Caillebotte_-_Acuchilladores_de_parque-1024x719.jpg 1024w, https:\/\/rafaramirez.org\/blog\/wp-content\/uploads\/2024\/06\/Gustave_Caillebotte_-_Acuchilladores_de_parque-768x540.jpg 768w, https:\/\/rafaramirez.org\/blog\/wp-content\/uploads\/2024\/06\/Gustave_Caillebotte_-_Acuchilladores_de_parque-1536x1079.jpg 1536w, https:\/\/rafaramirez.org\/blog\/wp-content\/uploads\/2024\/06\/Gustave_Caillebotte_-_Acuchilladores_de_parque-2048x1439.jpg 2048w\" sizes=\"auto, (max-width: 300px) 100vw, 300px\" \/><\/a><figcaption id=\"caption-attachment-4958\" class=\"wp-caption-text\">Los acuchilladores de parqu\u00e9 (1875). Gustave Caillebotte. Blog de Rafael Ram\u00edrez.<\/figcaption><\/figure><\/li>\n<li data-sourcepos=\"28:1-28:1\"><strong>Calle de Par\u00eds, tiempo lluvioso (1877):<\/strong> Una escena urbana vibrante que captura la atm\u00f3sfera h\u00fameda y gris de un d\u00eda lluvioso en la capital francesa.\n<p><figure id=\"attachment_4959\" aria-describedby=\"caption-attachment-4959\" style=\"width: 300px\" class=\"wp-caption aligncenter\"><a href=\"https:\/\/rafaramirez.org\/blog\/wp-content\/uploads\/2024\/06\/Gustave_Caillebotte_-_Calle-de-Paris-tiempo-de-lluvia-1877-scaled.jpg\" target=\"_blank\" rel=\"noopener\"><img loading=\"lazy\" decoding=\"async\" class=\"wp-image-4959 size-medium\" src=\"https:\/\/rafaramirez.org\/blog\/wp-content\/uploads\/2024\/06\/Gustave_Caillebotte_-_Calle-de-Paris-tiempo-de-lluvia-1877-300x227.jpg\" alt=\"Calle de Par\u00eds, tiempo lluvioso (1877). Gustave Caillebotte. Blog de Rafael Ram\u00edrez.\" width=\"300\" height=\"227\" srcset=\"https:\/\/rafaramirez.org\/blog\/wp-content\/uploads\/2024\/06\/Gustave_Caillebotte_-_Calle-de-Paris-tiempo-de-lluvia-1877-300x227.jpg 300w, https:\/\/rafaramirez.org\/blog\/wp-content\/uploads\/2024\/06\/Gustave_Caillebotte_-_Calle-de-Paris-tiempo-de-lluvia-1877-1024x776.jpg 1024w, https:\/\/rafaramirez.org\/blog\/wp-content\/uploads\/2024\/06\/Gustave_Caillebotte_-_Calle-de-Paris-tiempo-de-lluvia-1877-768x582.jpg 768w, https:\/\/rafaramirez.org\/blog\/wp-content\/uploads\/2024\/06\/Gustave_Caillebotte_-_Calle-de-Paris-tiempo-de-lluvia-1877-1536x1163.jpg 1536w, https:\/\/rafaramirez.org\/blog\/wp-content\/uploads\/2024\/06\/Gustave_Caillebotte_-_Calle-de-Paris-tiempo-de-lluvia-1877-2048x1551.jpg 2048w\" sizes=\"auto, (max-width: 300px) 100vw, 300px\" \/><\/a><figcaption id=\"caption-attachment-4959\" class=\"wp-caption-text\">Calle de Par\u00eds, tiempo lluvioso (1877). Gustave Caillebotte. Blog de Rafael Ram\u00edrez.<\/figcaption><\/figure><\/li>\n<li data-sourcepos=\"29:1-30:0\"><strong>El puente de Europa (1876):<\/strong> Una vista panor\u00e1mica del r\u00edo Sena y el Puente de Europa, que muestra la fascinaci\u00f3n de Caillebotte por la arquitectura y la ingenier\u00eda.\n<p><figure id=\"attachment_4960\" aria-describedby=\"caption-attachment-4960\" style=\"width: 300px\" class=\"wp-caption aligncenter\"><a href=\"https:\/\/rafaramirez.org\/blog\/wp-content\/uploads\/2024\/06\/Gustave_Caillebotte-El-puente-de-Europa-1876.jpg\" target=\"_blank\" rel=\"noopener\"><img loading=\"lazy\" decoding=\"async\" class=\"wp-image-4960 size-medium\" src=\"https:\/\/rafaramirez.org\/blog\/wp-content\/uploads\/2024\/06\/Gustave_Caillebotte-El-puente-de-Europa-1876-300x200.jpg\" alt=\"El puente de Europa (1876). Gustave Caillebotte. Blog de Rafael Ram\u00edrez.\" width=\"300\" height=\"200\" srcset=\"https:\/\/rafaramirez.org\/blog\/wp-content\/uploads\/2024\/06\/Gustave_Caillebotte-El-puente-de-Europa-1876-300x200.jpg 300w, https:\/\/rafaramirez.org\/blog\/wp-content\/uploads\/2024\/06\/Gustave_Caillebotte-El-puente-de-Europa-1876-768x512.jpg 768w, https:\/\/rafaramirez.org\/blog\/wp-content\/uploads\/2024\/06\/Gustave_Caillebotte-El-puente-de-Europa-1876.jpg 847w\" sizes=\"auto, (max-width: 300px) 100vw, 300px\" \/><\/a><figcaption id=\"caption-attachment-4960\" class=\"wp-caption-text\">El puente de Europa (1876). Gustave Caillebotte. Blog de Rafael Ram\u00edrez.<\/figcaption><\/figure><\/li>\n<li data-sourcepos=\"29:1-30:0\"><strong>Camino cuesta arriba (1881):<\/strong> En la que se ve a una pareja de clase acomodada subiendo por un camino en el campo durante un vibrante d\u00eda de verano.\n<p><figure id=\"attachment_4969\" aria-describedby=\"caption-attachment-4969\" style=\"width: 300px\" class=\"wp-caption aligncenter\"><a href=\"https:\/\/rafaramirez.org\/blog\/wp-content\/uploads\/2024\/07\/Gustave_Caillebotte_Cuesta-arriba.jpg\" target=\"_blank\" rel=\"noopener\"><img loading=\"lazy\" decoding=\"async\" class=\"wp-image-4969 size-medium\" src=\"https:\/\/rafaramirez.org\/blog\/wp-content\/uploads\/2024\/07\/Gustave_Caillebotte_Cuesta-arriba-300x242.jpg\" alt=\"Camino cuesta arriba (1881). Gustave Caillebotte. Blog de Rafael Ram\u00edrez.\" width=\"300\" height=\"242\" srcset=\"https:\/\/rafaramirez.org\/blog\/wp-content\/uploads\/2024\/07\/Gustave_Caillebotte_Cuesta-arriba-300x242.jpg 300w, https:\/\/rafaramirez.org\/blog\/wp-content\/uploads\/2024\/07\/Gustave_Caillebotte_Cuesta-arriba-1024x825.jpg 1024w, https:\/\/rafaramirez.org\/blog\/wp-content\/uploads\/2024\/07\/Gustave_Caillebotte_Cuesta-arriba-768x619.jpg 768w, https:\/\/rafaramirez.org\/blog\/wp-content\/uploads\/2024\/07\/Gustave_Caillebotte_Cuesta-arriba.jpg 1198w\" sizes=\"auto, (max-width: 300px) 100vw, 300px\" \/><\/a><figcaption id=\"caption-attachment-4969\" class=\"wp-caption-text\">Camino cuesta arriba (1881). Gustave Caillebotte. Blog de Rafael Ram\u00edrez.<\/figcaption><\/figure><\/li>\n<li data-sourcepos=\"29:1-30:0\"><strong>El remero con sombrero de copa (1878):<\/strong> En esta obra, Caillebotte representa la salida en bote de un remero en el r\u00edo Yerres, cerca de la propiedad de su familia donde sol\u00eda pasar las vacaciones de verano.\n<p><figure id=\"attachment_4970\" aria-describedby=\"caption-attachment-4970\" style=\"width: 300px\" class=\"wp-caption aligncenter\"><a href=\"https:\/\/rafaramirez.org\/blog\/wp-content\/uploads\/2024\/07\/Gustave_Caillebotte_-_El-remero-con-sombrero-de-copa-1878.jpg\" target=\"_blank\" rel=\"noopener\"><img loading=\"lazy\" decoding=\"async\" class=\"wp-image-4970 size-medium\" src=\"https:\/\/rafaramirez.org\/blog\/wp-content\/uploads\/2024\/07\/Gustave_Caillebotte_-_El-remero-con-sombrero-de-copa-1878-300x229.jpg\" alt=\"El remero con sombrero de copa (1878). Gustave Caillebotte. Blog de Rafael Ram\u00edrez.\" width=\"300\" height=\"229\" srcset=\"https:\/\/rafaramirez.org\/blog\/wp-content\/uploads\/2024\/07\/Gustave_Caillebotte_-_El-remero-con-sombrero-de-copa-1878-300x229.jpg 300w, https:\/\/rafaramirez.org\/blog\/wp-content\/uploads\/2024\/07\/Gustave_Caillebotte_-_El-remero-con-sombrero-de-copa-1878-1024x782.jpg 1024w, https:\/\/rafaramirez.org\/blog\/wp-content\/uploads\/2024\/07\/Gustave_Caillebotte_-_El-remero-con-sombrero-de-copa-1878-768x586.jpg 768w, https:\/\/rafaramirez.org\/blog\/wp-content\/uploads\/2024\/07\/Gustave_Caillebotte_-_El-remero-con-sombrero-de-copa-1878.jpg 1260w\" sizes=\"auto, (max-width: 300px) 100vw, 300px\" \/><\/a><figcaption id=\"caption-attachment-4970\" class=\"wp-caption-text\">El remero con sombrero de copa (1878). Gustave Caillebotte. Blog de Rafael Ram\u00edrez.<\/figcaption><\/figure><\/li>\n<\/ul>\n<\/li>\n<\/ul>\n<h4 data-sourcepos=\"31:1-31:28\"><strong>Mecenas y Coleccionista.<\/strong><\/h4>\n<p data-sourcepos=\"33:1-33:282\">M\u00e1s all\u00e1 de su talento como pintor, Caillebotte desempe\u00f1\u00f3 un papel crucial como mecenas y coleccionista de arte impresionista. Utiliz\u00f3 su riqueza para comprar obras de sus amigos artistas, brind\u00e1ndoles apoyo financiero en un momento en que su trabajo no era ampliamente reconocido.<\/p>\n<p data-sourcepos=\"37:1-37:158\">Tras su muerte en 1894, Caillebotte leg\u00f3 su valiosa colecci\u00f3n de arte impresionista al Estado franc\u00e9s. Esta donaci\u00f3n incluy\u00f3 obras de Monet, Renoir, Pissarro, Degas y otros artistas, y hoy en d\u00eda se considera una de las colecciones impresionistas m\u00e1s importantes del mundo.<\/p>\n<p data-sourcepos=\"37:1-37:158\"><strong>Su obra y su legado lo ubican como uno de los artistas m\u00e1s importantes del movimiento impresionista.<\/strong><\/p>\n<p data-sourcepos=\"37:1-37:158\">M\u00e1s informaci\u00f3n:<\/p>\n<ul>\n<li data-sourcepos=\"37:1-37:158\"><a href=\"https:\/\/es.wikipedia.org\/wiki\/Gustave_Caillebotte\" target=\"_blank\" rel=\"noopener\">Wikipedia.es<\/a><\/li>\n<li data-sourcepos=\"37:1-37:158\"><a href=\"https:\/\/historia-arte.com\/artistas\/gustave-caillebotte\" target=\"_blank\" rel=\"noopener\">Historia Arte.com<\/a><\/li>\n<\/ul>\n<div id=\"feedback-form-2\" class=\"feedback-form-turn-index\"><\/div>\n","protected":false},"excerpt":{"rendered":"<p>Gustave Caillebotte (1848-1894) fue un pintor franc\u00e9s, coleccionista, mecenas y organizador de exposiciones impresionistas. A pesar de provenir de una familia adinerada, Caillebotte dedic\u00f3 su vida al arte, convirti\u00e9ndose en una figura clave del movimiento impresionista. Primeros a\u00f1os. Gustave Caillebotte naci\u00f3 en Par\u00eds el 19 de agosto de 1848 en el seno de una familia [&hellip;]<\/p>\n","protected":false},"author":3,"featured_media":4968,"comment_status":"open","ping_status":"closed","sticky":false,"template":"","format":"standard","meta":{"site-container-style":"default","site-container-layout":"default","site-sidebar-layout":"default","disable-article-header":"default","disable-site-header":"default","disable-site-footer":"default","disable-content-area-spacing":"default","_jetpack_newsletter_access":"","_jetpack_dont_email_post_to_subs":false,"_jetpack_newsletter_tier_id":0,"_jetpack_memberships_contains_paywalled_content":false,"_jetpack_feature_clip_id":0,"_jetpack_memberships_contains_paid_content":false,"footnotes":"","jetpack_publicize_message":"","jetpack_publicize_feature_enabled":true,"jetpack_social_post_already_shared":false,"jetpack_social_options":{"image_generator_settings":{"template":"highway","default_image_id":0,"font":"","enabled":false},"version":2},"jetpack_post_was_ever_published":false},"categories":[1290],"tags":[2670,65,2692,2685,2688,2677,704,2672,2690,981,2154,707,2687,2689,2674,2669,703,702,1152,2676,2684,2680,274,2675,2673,300,1163,1372,705,2678,2671,846,378,2691,421,2679,2682,2683,2686,2681],"class_list":["post-4957","post","type-post","status-publish","format-standard","has-post-thumbnail","hentry","category-historia-del-arte","tag-1848-1894","tag-biografia","tag-biografia-de-gustave-caillebotte","tag-calle-de-paris","tag-camino-cuesta-arriba-1881","tag-circulo-impresionista","tag-claude-monet","tag-coleccionista","tag-coleccionista-de-arte-impresionista","tag-cuadros-impresionistas","tag-degas","tag-edgar-degas","tag-el-puente-de-europa-1876","tag-el-remero-con-sombrero-de-copa-1878","tag-exposiciones-impresionistas","tag-gustave-caillebotte","tag-historia-del-impresionismo","tag-impresionismo","tag-impresionismo-frances","tag-leon-bonnat","tag-los-acuchilladores-de-parque-1875","tag-luz-natural","tag-maestros-del-impresionismo","tag-martial-caillebotte","tag-mecenas","tag-monet","tag-movimiento-impresionista","tag-perspectivas-inusuales","tag-pierre-auguste-renoir","tag-pinceladas-sueltas-y-vibrantes","tag-pintor-frances","tag-pintores-impresionistas","tag-pintura-impresionista","tag-pissarro","tag-renoir","tag-representacion-de-escenas-cotidianas","tag-representacion-del-movimiento","tag-temas-poco-convencionales","tag-tiempo-lluvioso-1877","tag-vistas-en-picado-y-contrapicados"],"yoast_head":"<!-- This site is optimized with the Yoast SEO plugin v28.4 - https:\/\/yoast.com\/product\/yoast-seo-wordpress\/ -->\n<title>Gustave Caillebotte: El pintor impresionista, multifac\u00e9tico y olvidado. - Blog de Rafael Ram\u00edrez<\/title>\n<meta name=\"description\" content=\"ustave Caillebotte (1848-1894) fue un pintor franc\u00e9s, coleccionista, mecenas y organizador de exposiciones impresionistas.\" \/>\n<meta name=\"robots\" content=\"index, follow, max-snippet:-1, max-image-preview:large, max-video-preview:-1\" \/>\n<link rel=\"canonical\" href=\"https:\/\/rafaramirez.org\/blog\/index.php\/2024\/07\/08\/gustave-caillebotte-el-impresionista-biografia\/\" \/>\n<meta property=\"og:locale\" content=\"es_ES\" \/>\n<meta property=\"og:type\" content=\"article\" \/>\n<meta property=\"og:title\" content=\"Gustave Caillebotte: El pintor impresionista, multifac\u00e9tico y olvidado. - Blog de Rafael Ram\u00edrez\" \/>\n<meta property=\"og:description\" content=\"ustave Caillebotte (1848-1894) fue un pintor franc\u00e9s, coleccionista, mecenas y organizador de exposiciones impresionistas.\" \/>\n<meta property=\"og:url\" content=\"https:\/\/rafaramirez.org\/blog\/index.php\/2024\/07\/08\/gustave-caillebotte-el-impresionista-biografia\/\" \/>\n<meta property=\"og:site_name\" content=\"Blog de Rafael Ram\u00edrez\" \/>\n<meta property=\"article:published_time\" content=\"2024-07-08T06:15:15+00:00\" \/>\n<meta property=\"article:modified_time\" content=\"2026-07-14T09:47:36+00:00\" \/>\n<meta property=\"og:image\" content=\"https:\/\/rafaramirez.org\/blog\/wp-content\/uploads\/2024\/07\/Gustave_Caillebotte_-_banner_ok.jpg\" \/>\n\t<meta property=\"og:image:width\" content=\"1032\" \/>\n\t<meta property=\"og:image:height\" content=\"723\" \/>\n\t<meta property=\"og:image:type\" content=\"image\/jpeg\" \/>\n<meta name=\"author\" content=\"Documentaci\u00f3n e investigaci\u00f3n\" \/>\n<meta name=\"twitter:card\" content=\"summary_large_image\" \/>\n<meta name=\"twitter:site\" content=\"@rafaramirez_ok\" \/>\n<meta name=\"twitter:label1\" content=\"Escrito por\" \/>\n\t<meta name=\"twitter:data1\" content=\"Documentaci\u00f3n e investigaci\u00f3n\" \/>\n\t<meta name=\"twitter:label2\" content=\"Tiempo de lectura\" \/>\n\t<meta name=\"twitter:data2\" content=\"5 minutos\" \/>\n<script type=\"application\/ld+json\" class=\"yoast-schema-graph\">{\"@context\":\"https:\\\/\\\/schema.org\",\"@graph\":[{\"@type\":\"Article\",\"@id\":\"https:\\\/\\\/rafaramirez.org\\\/blog\\\/index.php\\\/2024\\\/07\\\/08\\\/gustave-caillebotte-el-impresionista-biografia\\\/#article\",\"isPartOf\":{\"@id\":\"https:\\\/\\\/rafaramirez.org\\\/blog\\\/index.php\\\/2024\\\/07\\\/08\\\/gustave-caillebotte-el-impresionista-biografia\\\/\"},\"author\":{\"name\":\"Documentaci\u00f3n e investigaci\u00f3n\",\"@id\":\"https:\\\/\\\/rafaramirez.org\\\/blog\\\/#\\\/schema\\\/person\\\/8debd05b3d9a1d16fb21af726811617d\"},\"headline\":\"Gustave Caillebotte: El pintor impresionista, multifac\u00e9tico y olvidado.\",\"datePublished\":\"2024-07-08T06:15:15+00:00\",\"dateModified\":\"2026-07-14T09:47:36+00:00\",\"mainEntityOfPage\":{\"@id\":\"https:\\\/\\\/rafaramirez.org\\\/blog\\\/index.php\\\/2024\\\/07\\\/08\\\/gustave-caillebotte-el-impresionista-biografia\\\/\"},\"wordCount\":704,\"commentCount\":0,\"publisher\":{\"@id\":\"https:\\\/\\\/rafaramirez.org\\\/blog\\\/#\\\/schema\\\/person\\\/50f43b6d60c578760d4c17bda54ab6a5\"},\"image\":{\"@id\":\"https:\\\/\\\/rafaramirez.org\\\/blog\\\/index.php\\\/2024\\\/07\\\/08\\\/gustave-caillebotte-el-impresionista-biografia\\\/#primaryimage\"},\"thumbnailUrl\":\"https:\\\/\\\/rafaramirez.org\\\/blog\\\/wp-content\\\/uploads\\\/2024\\\/07\\\/Gustave_Caillebotte_-_banner_ok.jpg\",\"keywords\":[\"1848-1894\",\"biograf\u00eda\",\"biograf\u00eda de Gustave Caillebotte\",\"Calle de Par\u00eds\",\"Camino cuesta arriba (1881)\",\"c\u00edrculo impresionista\",\"claude monet\",\"coleccionista\",\"coleccionista de arte impresionista\",\"cuadros impresionistas\",\"Degas\",\"Edgar Degas\",\"El puente de Europa (1876)\",\"El remero con sombrero de copa (1878)\",\"exposiciones impresionistas\",\"Gustave Caillebotte\",\"historia del impresionismo\",\"impresionismo\",\"impresionismo franc\u00e9s\",\"L\u00e9on Bonnat\",\"Los acuchilladores de parqu\u00e9 (1875)\",\"luz natural\",\"maestros del impresionismo\",\"Martial Caillebotte\",\"mecenas\",\"Monet\",\"movimiento impresionista\",\"perspectivas inusuales\",\"Pierre-Auguste Renoir\",\"pinceladas sueltas y vibrantes\",\"pintor franc\u00e9s\",\"pintores impresionistas\",\"pintura impresionista\",\"Pissarro\",\"Renoir\",\"representaci\u00f3n de escenas cotidianas\",\"Representaci\u00f3n del movimiento\",\"Temas poco convencionales\",\"tiempo lluvioso (1877)\",\"vistas en picado y contrapicados\"],\"articleSection\":[\"Historia del arte\"],\"inLanguage\":\"es\",\"potentialAction\":[{\"@type\":\"CommentAction\",\"name\":\"Comment\",\"target\":[\"https:\\\/\\\/rafaramirez.org\\\/blog\\\/index.php\\\/2024\\\/07\\\/08\\\/gustave-caillebotte-el-impresionista-biografia\\\/#respond\"]}]},{\"@type\":\"WebPage\",\"@id\":\"https:\\\/\\\/rafaramirez.org\\\/blog\\\/index.php\\\/2024\\\/07\\\/08\\\/gustave-caillebotte-el-impresionista-biografia\\\/\",\"url\":\"https:\\\/\\\/rafaramirez.org\\\/blog\\\/index.php\\\/2024\\\/07\\\/08\\\/gustave-caillebotte-el-impresionista-biografia\\\/\",\"name\":\"Gustave Caillebotte: El pintor impresionista, multifac\u00e9tico y olvidado. - Blog de Rafael Ram\u00edrez\",\"isPartOf\":{\"@id\":\"https:\\\/\\\/rafaramirez.org\\\/blog\\\/#website\"},\"primaryImageOfPage\":{\"@id\":\"https:\\\/\\\/rafaramirez.org\\\/blog\\\/index.php\\\/2024\\\/07\\\/08\\\/gustave-caillebotte-el-impresionista-biografia\\\/#primaryimage\"},\"image\":{\"@id\":\"https:\\\/\\\/rafaramirez.org\\\/blog\\\/index.php\\\/2024\\\/07\\\/08\\\/gustave-caillebotte-el-impresionista-biografia\\\/#primaryimage\"},\"thumbnailUrl\":\"https:\\\/\\\/rafaramirez.org\\\/blog\\\/wp-content\\\/uploads\\\/2024\\\/07\\\/Gustave_Caillebotte_-_banner_ok.jpg\",\"datePublished\":\"2024-07-08T06:15:15+00:00\",\"dateModified\":\"2026-07-14T09:47:36+00:00\",\"description\":\"ustave Caillebotte (1848-1894) fue un pintor franc\u00e9s, coleccionista, mecenas y organizador de exposiciones impresionistas.\",\"breadcrumb\":{\"@id\":\"https:\\\/\\\/rafaramirez.org\\\/blog\\\/index.php\\\/2024\\\/07\\\/08\\\/gustave-caillebotte-el-impresionista-biografia\\\/#breadcrumb\"},\"inLanguage\":\"es\",\"potentialAction\":[{\"@type\":\"ReadAction\",\"target\":[\"https:\\\/\\\/rafaramirez.org\\\/blog\\\/index.php\\\/2024\\\/07\\\/08\\\/gustave-caillebotte-el-impresionista-biografia\\\/\"]}]},{\"@type\":\"ImageObject\",\"inLanguage\":\"es\",\"@id\":\"https:\\\/\\\/rafaramirez.org\\\/blog\\\/index.php\\\/2024\\\/07\\\/08\\\/gustave-caillebotte-el-impresionista-biografia\\\/#primaryimage\",\"url\":\"https:\\\/\\\/rafaramirez.org\\\/blog\\\/wp-content\\\/uploads\\\/2024\\\/07\\\/Gustave_Caillebotte_-_banner_ok.jpg\",\"contentUrl\":\"https:\\\/\\\/rafaramirez.org\\\/blog\\\/wp-content\\\/uploads\\\/2024\\\/07\\\/Gustave_Caillebotte_-_banner_ok.jpg\",\"width\":1032,\"height\":723,\"caption\":\"Gustave Caillebotte. Blog de Rafael Ram\u00edrez.\"},{\"@type\":\"BreadcrumbList\",\"@id\":\"https:\\\/\\\/rafaramirez.org\\\/blog\\\/index.php\\\/2024\\\/07\\\/08\\\/gustave-caillebotte-el-impresionista-biografia\\\/#breadcrumb\",\"itemListElement\":[{\"@type\":\"ListItem\",\"position\":1,\"name\":\"Portada\",\"item\":\"https:\\\/\\\/rafaramirez.org\\\/blog\\\/\"},{\"@type\":\"ListItem\",\"position\":2,\"name\":\"Gustave Caillebotte: El pintor impresionista, multifac\u00e9tico y olvidado.\"}]},{\"@type\":\"WebSite\",\"@id\":\"https:\\\/\\\/rafaramirez.org\\\/blog\\\/#website\",\"url\":\"https:\\\/\\\/rafaramirez.org\\\/blog\\\/\",\"name\":\"Blog de Rafael Ram\u00edrez\",\"description\":\"Un sitio social, de arte y cultura\",\"publisher\":{\"@id\":\"https:\\\/\\\/rafaramirez.org\\\/blog\\\/#\\\/schema\\\/person\\\/50f43b6d60c578760d4c17bda54ab6a5\"},\"potentialAction\":[{\"@type\":\"SearchAction\",\"target\":{\"@type\":\"EntryPoint\",\"urlTemplate\":\"https:\\\/\\\/rafaramirez.org\\\/blog\\\/?s={search_term_string}\"},\"query-input\":{\"@type\":\"PropertyValueSpecification\",\"valueRequired\":true,\"valueName\":\"search_term_string\"}}],\"inLanguage\":\"es\"},{\"@type\":[\"Person\",\"Organization\"],\"@id\":\"https:\\\/\\\/rafaramirez.org\\\/blog\\\/#\\\/schema\\\/person\\\/50f43b6d60c578760d4c17bda54ab6a5\",\"name\":\"Rafael Ram\u00edrez\",\"image\":{\"@type\":\"ImageObject\",\"inLanguage\":\"es\",\"@id\":\"https:\\\/\\\/rafaramirez.org\\\/blog\\\/wp-content\\\/uploads\\\/2024\\\/09\\\/RR_socialnetwork.jpg\",\"url\":\"https:\\\/\\\/rafaramirez.org\\\/blog\\\/wp-content\\\/uploads\\\/2024\\\/09\\\/RR_socialnetwork.jpg\",\"contentUrl\":\"https:\\\/\\\/rafaramirez.org\\\/blog\\\/wp-content\\\/uploads\\\/2024\\\/09\\\/RR_socialnetwork.jpg\",\"width\":600,\"height\":606,\"caption\":\"Rafael Ram\u00edrez\"},\"logo\":{\"@id\":\"https:\\\/\\\/rafaramirez.org\\\/blog\\\/wp-content\\\/uploads\\\/2024\\\/09\\\/RR_socialnetwork.jpg\"},\"sameAs\":[\"https:\\\/\\\/www.rafaramirez.org\\\/blog\",\"https:\\\/\\\/www.instagram.com\\\/rafaramirez_ok\\\/\",\"https:\\\/\\\/es.pinterest.com\\\/Ramirez_Rafa\\\/\",\"https:\\\/\\\/x.com\\\/rafaramirez_ok\"]},{\"@type\":\"Person\",\"@id\":\"https:\\\/\\\/rafaramirez.org\\\/blog\\\/#\\\/schema\\\/person\\\/8debd05b3d9a1d16fb21af726811617d\",\"name\":\"Documentaci\u00f3n e investigaci\u00f3n\",\"image\":{\"@type\":\"ImageObject\",\"inLanguage\":\"es\",\"@id\":\"https:\\\/\\\/secure.gravatar.com\\\/avatar\\\/fe70e496579a39c7a8fc4982b89275403b1092eb200623138a32daada9416911?s=96&d=mm&r=g\",\"url\":\"https:\\\/\\\/secure.gravatar.com\\\/avatar\\\/fe70e496579a39c7a8fc4982b89275403b1092eb200623138a32daada9416911?s=96&d=mm&r=g\",\"contentUrl\":\"https:\\\/\\\/secure.gravatar.com\\\/avatar\\\/fe70e496579a39c7a8fc4982b89275403b1092eb200623138a32daada9416911?s=96&d=mm&r=g\",\"caption\":\"Documentaci\u00f3n e investigaci\u00f3n\"},\"url\":\"https:\\\/\\\/rafaramirez.org\\\/blog\\\/index.php\\\/author\\\/admin\\\/\"}]}<\/script>\n<!-- \/ Yoast SEO plugin. -->","yoast_head_json":{"title":"Gustave Caillebotte: El pintor impresionista, multifac\u00e9tico y olvidado. - Blog de Rafael Ram\u00edrez","description":"ustave Caillebotte (1848-1894) fue un pintor franc\u00e9s, coleccionista, mecenas y organizador de exposiciones impresionistas.","robots":{"index":"index","follow":"follow","max-snippet":"max-snippet:-1","max-image-preview":"max-image-preview:large","max-video-preview":"max-video-preview:-1"},"canonical":"https:\/\/rafaramirez.org\/blog\/index.php\/2024\/07\/08\/gustave-caillebotte-el-impresionista-biografia\/","og_locale":"es_ES","og_type":"article","og_title":"Gustave Caillebotte: El pintor impresionista, multifac\u00e9tico y olvidado. - Blog de Rafael Ram\u00edrez","og_description":"ustave Caillebotte (1848-1894) fue un pintor franc\u00e9s, coleccionista, mecenas y organizador de exposiciones impresionistas.","og_url":"https:\/\/rafaramirez.org\/blog\/index.php\/2024\/07\/08\/gustave-caillebotte-el-impresionista-biografia\/","og_site_name":"Blog de Rafael Ram\u00edrez","article_published_time":"2024-07-08T06:15:15+00:00","article_modified_time":"2026-07-14T09:47:36+00:00","og_image":[{"width":1032,"height":723,"url":"https:\/\/rafaramirez.org\/blog\/wp-content\/uploads\/2024\/07\/Gustave_Caillebotte_-_banner_ok.jpg","type":"image\/jpeg"}],"author":"Documentaci\u00f3n e investigaci\u00f3n","twitter_card":"summary_large_image","twitter_site":"@rafaramirez_ok","twitter_misc":{"Escrito por":"Documentaci\u00f3n e investigaci\u00f3n","Tiempo de lectura":"5 minutos"},"schema":{"@context":"https:\/\/schema.org","@graph":[{"@type":"Article","@id":"https:\/\/rafaramirez.org\/blog\/index.php\/2024\/07\/08\/gustave-caillebotte-el-impresionista-biografia\/#article","isPartOf":{"@id":"https:\/\/rafaramirez.org\/blog\/index.php\/2024\/07\/08\/gustave-caillebotte-el-impresionista-biografia\/"},"author":{"name":"Documentaci\u00f3n e investigaci\u00f3n","@id":"https:\/\/rafaramirez.org\/blog\/#\/schema\/person\/8debd05b3d9a1d16fb21af726811617d"},"headline":"Gustave Caillebotte: El pintor impresionista, multifac\u00e9tico y olvidado.","datePublished":"2024-07-08T06:15:15+00:00","dateModified":"2026-07-14T09:47:36+00:00","mainEntityOfPage":{"@id":"https:\/\/rafaramirez.org\/blog\/index.php\/2024\/07\/08\/gustave-caillebotte-el-impresionista-biografia\/"},"wordCount":704,"commentCount":0,"publisher":{"@id":"https:\/\/rafaramirez.org\/blog\/#\/schema\/person\/50f43b6d60c578760d4c17bda54ab6a5"},"image":{"@id":"https:\/\/rafaramirez.org\/blog\/index.php\/2024\/07\/08\/gustave-caillebotte-el-impresionista-biografia\/#primaryimage"},"thumbnailUrl":"https:\/\/rafaramirez.org\/blog\/wp-content\/uploads\/2024\/07\/Gustave_Caillebotte_-_banner_ok.jpg","keywords":["1848-1894","biograf\u00eda","biograf\u00eda de Gustave Caillebotte","Calle de Par\u00eds","Camino cuesta arriba (1881)","c\u00edrculo impresionista","claude monet","coleccionista","coleccionista de arte impresionista","cuadros impresionistas","Degas","Edgar Degas","El puente de Europa (1876)","El remero con sombrero de copa (1878)","exposiciones impresionistas","Gustave Caillebotte","historia del impresionismo","impresionismo","impresionismo franc\u00e9s","L\u00e9on Bonnat","Los acuchilladores de parqu\u00e9 (1875)","luz natural","maestros del impresionismo","Martial Caillebotte","mecenas","Monet","movimiento impresionista","perspectivas inusuales","Pierre-Auguste Renoir","pinceladas sueltas y vibrantes","pintor franc\u00e9s","pintores impresionistas","pintura impresionista","Pissarro","Renoir","representaci\u00f3n de escenas cotidianas","Representaci\u00f3n del movimiento","Temas poco convencionales","tiempo lluvioso (1877)","vistas en picado y contrapicados"],"articleSection":["Historia del arte"],"inLanguage":"es","potentialAction":[{"@type":"CommentAction","name":"Comment","target":["https:\/\/rafaramirez.org\/blog\/index.php\/2024\/07\/08\/gustave-caillebotte-el-impresionista-biografia\/#respond"]}]},{"@type":"WebPage","@id":"https:\/\/rafaramirez.org\/blog\/index.php\/2024\/07\/08\/gustave-caillebotte-el-impresionista-biografia\/","url":"https:\/\/rafaramirez.org\/blog\/index.php\/2024\/07\/08\/gustave-caillebotte-el-impresionista-biografia\/","name":"Gustave Caillebotte: El pintor impresionista, multifac\u00e9tico y olvidado. - Blog de Rafael Ram\u00edrez","isPartOf":{"@id":"https:\/\/rafaramirez.org\/blog\/#website"},"primaryImageOfPage":{"@id":"https:\/\/rafaramirez.org\/blog\/index.php\/2024\/07\/08\/gustave-caillebotte-el-impresionista-biografia\/#primaryimage"},"image":{"@id":"https:\/\/rafaramirez.org\/blog\/index.php\/2024\/07\/08\/gustave-caillebotte-el-impresionista-biografia\/#primaryimage"},"thumbnailUrl":"https:\/\/rafaramirez.org\/blog\/wp-content\/uploads\/2024\/07\/Gustave_Caillebotte_-_banner_ok.jpg","datePublished":"2024-07-08T06:15:15+00:00","dateModified":"2026-07-14T09:47:36+00:00","description":"ustave Caillebotte (1848-1894) fue un pintor franc\u00e9s, coleccionista, mecenas y organizador de exposiciones impresionistas.","breadcrumb":{"@id":"https:\/\/rafaramirez.org\/blog\/index.php\/2024\/07\/08\/gustave-caillebotte-el-impresionista-biografia\/#breadcrumb"},"inLanguage":"es","potentialAction":[{"@type":"ReadAction","target":["https:\/\/rafaramirez.org\/blog\/index.php\/2024\/07\/08\/gustave-caillebotte-el-impresionista-biografia\/"]}]},{"@type":"ImageObject","inLanguage":"es","@id":"https:\/\/rafaramirez.org\/blog\/index.php\/2024\/07\/08\/gustave-caillebotte-el-impresionista-biografia\/#primaryimage","url":"https:\/\/rafaramirez.org\/blog\/wp-content\/uploads\/2024\/07\/Gustave_Caillebotte_-_banner_ok.jpg","contentUrl":"https:\/\/rafaramirez.org\/blog\/wp-content\/uploads\/2024\/07\/Gustave_Caillebotte_-_banner_ok.jpg","width":1032,"height":723,"caption":"Gustave Caillebotte. Blog de Rafael Ram\u00edrez."},{"@type":"BreadcrumbList","@id":"https:\/\/rafaramirez.org\/blog\/index.php\/2024\/07\/08\/gustave-caillebotte-el-impresionista-biografia\/#breadcrumb","itemListElement":[{"@type":"ListItem","position":1,"name":"Portada","item":"https:\/\/rafaramirez.org\/blog\/"},{"@type":"ListItem","position":2,"name":"Gustave Caillebotte: El pintor impresionista, multifac\u00e9tico y olvidado."}]},{"@type":"WebSite","@id":"https:\/\/rafaramirez.org\/blog\/#website","url":"https:\/\/rafaramirez.org\/blog\/","name":"Blog de Rafael Ram\u00edrez","description":"Un sitio social, de arte y cultura","publisher":{"@id":"https:\/\/rafaramirez.org\/blog\/#\/schema\/person\/50f43b6d60c578760d4c17bda54ab6a5"},"potentialAction":[{"@type":"SearchAction","target":{"@type":"EntryPoint","urlTemplate":"https:\/\/rafaramirez.org\/blog\/?s={search_term_string}"},"query-input":{"@type":"PropertyValueSpecification","valueRequired":true,"valueName":"search_term_string"}}],"inLanguage":"es"},{"@type":["Person","Organization"],"@id":"https:\/\/rafaramirez.org\/blog\/#\/schema\/person\/50f43b6d60c578760d4c17bda54ab6a5","name":"Rafael Ram\u00edrez","image":{"@type":"ImageObject","inLanguage":"es","@id":"https:\/\/rafaramirez.org\/blog\/wp-content\/uploads\/2024\/09\/RR_socialnetwork.jpg","url":"https:\/\/rafaramirez.org\/blog\/wp-content\/uploads\/2024\/09\/RR_socialnetwork.jpg","contentUrl":"https:\/\/rafaramirez.org\/blog\/wp-content\/uploads\/2024\/09\/RR_socialnetwork.jpg","width":600,"height":606,"caption":"Rafael Ram\u00edrez"},"logo":{"@id":"https:\/\/rafaramirez.org\/blog\/wp-content\/uploads\/2024\/09\/RR_socialnetwork.jpg"},"sameAs":["https:\/\/www.rafaramirez.org\/blog","https:\/\/www.instagram.com\/rafaramirez_ok\/","https:\/\/es.pinterest.com\/Ramirez_Rafa\/","https:\/\/x.com\/rafaramirez_ok"]},{"@type":"Person","@id":"https:\/\/rafaramirez.org\/blog\/#\/schema\/person\/8debd05b3d9a1d16fb21af726811617d","name":"Documentaci\u00f3n e investigaci\u00f3n","image":{"@type":"ImageObject","inLanguage":"es","@id":"https:\/\/secure.gravatar.com\/avatar\/fe70e496579a39c7a8fc4982b89275403b1092eb200623138a32daada9416911?s=96&d=mm&r=g","url":"https:\/\/secure.gravatar.com\/avatar\/fe70e496579a39c7a8fc4982b89275403b1092eb200623138a32daada9416911?s=96&d=mm&r=g","contentUrl":"https:\/\/secure.gravatar.com\/avatar\/fe70e496579a39c7a8fc4982b89275403b1092eb200623138a32daada9416911?s=96&d=mm&r=g","caption":"Documentaci\u00f3n e investigaci\u00f3n"},"url":"https:\/\/rafaramirez.org\/blog\/index.php\/author\/admin\/"}]}},"jetpack_publicize_connections":[],"jetpack_sharing_enabled":true,"jetpack_likes_enabled":true,"jetpack_featured_media_url":"https:\/\/rafaramirez.org\/blog\/wp-content\/uploads\/2024\/07\/Gustave_Caillebotte_-_banner_ok.jpg","_links":{"self":[{"href":"https:\/\/rafaramirez.org\/blog\/index.php\/wp-json\/wp\/v2\/posts\/4957","targetHints":{"allow":["GET"]}}],"collection":[{"href":"https:\/\/rafaramirez.org\/blog\/index.php\/wp-json\/wp\/v2\/posts"}],"about":[{"href":"https:\/\/rafaramirez.org\/blog\/index.php\/wp-json\/wp\/v2\/types\/post"}],"author":[{"embeddable":true,"href":"https:\/\/rafaramirez.org\/blog\/index.php\/wp-json\/wp\/v2\/users\/3"}],"replies":[{"embeddable":true,"href":"https:\/\/rafaramirez.org\/blog\/index.php\/wp-json\/wp\/v2\/comments?post=4957"}],"version-history":[{"count":8,"href":"https:\/\/rafaramirez.org\/blog\/index.php\/wp-json\/wp\/v2\/posts\/4957\/revisions"}],"predecessor-version":[{"id":5144,"href":"https:\/\/rafaramirez.org\/blog\/index.php\/wp-json\/wp\/v2\/posts\/4957\/revisions\/5144"}],"wp:featuredmedia":[{"embeddable":true,"href":"https:\/\/rafaramirez.org\/blog\/index.php\/wp-json\/wp\/v2\/media\/4968"}],"wp:attachment":[{"href":"https:\/\/rafaramirez.org\/blog\/index.php\/wp-json\/wp\/v2\/media?parent=4957"}],"wp:term":[{"taxonomy":"category","embeddable":true,"href":"https:\/\/rafaramirez.org\/blog\/index.php\/wp-json\/wp\/v2\/categories?post=4957"},{"taxonomy":"post_tag","embeddable":true,"href":"https:\/\/rafaramirez.org\/blog\/index.php\/wp-json\/wp\/v2\/tags?post=4957"}],"curies":[{"name":"wp","href":"https:\/\/api.w.org\/{rel}","templated":true}]}}