{"id":494,"date":"2024-08-15T08:15:48","date_gmt":"2024-08-15T06:15:48","guid":{"rendered":"http:\/\/blog.rafaramirez.org\/?p=494"},"modified":"2024-09-25T11:44:17","modified_gmt":"2024-09-25T09:44:17","slug":"alba-palabra-bonita","status":"publish","type":"post","link":"https:\/\/rafaramirez.org\/blog\/index.php\/2024\/08\/15\/alba-palabra-bonita\/","title":{"rendered":"\u00abAlba\u00bb palabra bonita que es la primera luz del d\u00eda."},"content":{"rendered":"<p>Hola, hoy <em><strong>\u00abAlba\u00bb <\/strong><\/em>palabra bonita que entra a nuestro proyecto con un origen interesante y simb\u00f3lico.<\/p>\n<h3>Etimolog\u00eda e historia.<\/h3>\n<div class=\"message\">\n<div class=\"content user-select-text\" tabindex=\"0\" aria-description=\"\" aria-label=\"Enviado por Copilot: Claro, con gusto. El nombre &quot;Alba&quot; tiene un origen interesante y simb\u00f3lico. Aqu\u00ed tienes algunos detalles: - **Origen y Significado**: - Proviene del lat\u00edn &quot;albus&quot;, que significa &quot;blanco&quot; o &quot;amanecer&quot;. - En la antigua Roma, &quot;Alba&quot; era el nombre de la ciudad donde se fund\u00f3 la dinast\u00eda de los reyes latinos. - Tambi\u00e9n hace referencia al &quot;alba&quot;, la aurora, la primera luz del d\u00eda que contrasta con la oscuridad nocturna. - Se celebra el d\u00eda de la Asunci\u00f3n (15 de agosto) porque la Virgen coronada de gloria nos anuncia &quot;la claridad en la que nos precede el alba sin ocaso&quot;. - &lt;div class=\">\n<div class=\"ac-textBlock\">\n<ul>\n<li><strong>Origen y Significado<\/strong>:\n<ul>\n<li>Proviene del lat\u00edn \u201calbus\u201d, que significa \u201cblanco\u201d o \u201camanecer\u201d.<\/li>\n<li>En la antigua Roma, \u201cAlba\u201d era el nombre de la ciudad donde se fund\u00f3 la dinast\u00eda de los reyes latinos.<\/li>\n<li>Tambi\u00e9n hace referencia al \u201calba\u201d, la aurora, la primera luz del d\u00eda que contrasta con la oscuridad nocturna.<\/li>\n<li>Como nombre, \u00abAlba\u00bb, celebra el d\u00eda de la Asunci\u00f3n (15 de agosto) porque la Virgen coronada de gloria nos anuncia \u201cla claridad en la que nos precede el alba sin ocaso\u201d. En algunos pueblos espa\u00f1oles, tambi\u00e9n se conmemora el 2 de febrero, fiesta de la Candelaria o de la luz, porque es el d\u00eda en que la Virgen presenta a su hijo en el templo y este es proclamado luz de las naciones por el anciano Sime\u00f3n.<\/li>\n<li>Su sin\u00f3nimo es \u201cAurora\u201d, y de este nombre derivan \u201cAlbino\u201d y \u201cAlbano\u201d.<\/li>\n<\/ul>\n<\/li>\n<li><strong>Naturaleza y Simbolismo<\/strong>:\n<ul>\n<li>Evoca la imagen de la primera luz del d\u00eda, el momento en que el sol comienza a iluminar el horizonte.<\/li>\n<li>Este simbolismo del amanecer puede interpretarse como el inicio de nuevas oportunidades y esperanza en la vida.<\/li>\n<\/ul>\n<\/li>\n<li><strong>Popularidad y Variantes<\/strong>:\n<ul>\n<li>Fue utilizado en diferentes culturas y pa\u00edses a lo largo del tiempo.<\/li>\n<li>En italiano se utiliza como \u201cAlbina\u201d y en catal\u00e1n como \u201cAlva\u201d.<\/li>\n<\/ul>\n<\/li>\n<li><strong>Personalidad<\/strong>:\n<ul>\n<li>Las personas llamadas \u201cAlba\u201d suelen ser percibidas como individuos amables, cari\u00f1osos y creativos.<\/li>\n<li>Tienen una naturaleza sensible y emp\u00e1tica, lo que las convierte en grandes amigas y aliadas.<\/li>\n<\/ul>\n<\/li>\n<\/ul>\n<figure id=\"attachment_6184\" aria-describedby=\"caption-attachment-6184\" style=\"width: 300px\" class=\"wp-caption aligncenter\"><a href=\"https:\/\/rafaramirez.org\/blog\/wp-content\/uploads\/2024\/08\/dawn-2660852.jpg\" target=\"_blank\" rel=\"noopener\"><img loading=\"lazy\" decoding=\"async\" class=\"wp-image-6184 size-medium\" src=\"https:\/\/rafaramirez.org\/blog\/wp-content\/uploads\/2024\/08\/dawn-2660852-300x201.jpg\" alt=\"&quot;Alba&quot; palabra bonita. Blog de Rafael Ram\u00edrez.\" width=\"300\" height=\"201\" srcset=\"https:\/\/rafaramirez.org\/blog\/wp-content\/uploads\/2024\/08\/dawn-2660852-300x201.jpg 300w, https:\/\/rafaramirez.org\/blog\/wp-content\/uploads\/2024\/08\/dawn-2660852-1024x685.jpg 1024w, https:\/\/rafaramirez.org\/blog\/wp-content\/uploads\/2024\/08\/dawn-2660852-768x514.jpg 768w, https:\/\/rafaramirez.org\/blog\/wp-content\/uploads\/2024\/08\/dawn-2660852.jpg 1200w\" sizes=\"auto, (max-width: 300px) 100vw, 300px\" \/><\/a><figcaption id=\"caption-attachment-6184\" class=\"wp-caption-text\">\u00abAlba\u00bb. Proyecto Palabras bonitas. Blog de Rafael Ram\u00edrez.<\/figcaption><\/figure>\n<p>En resumen, \u201cAlba\u201d palabra bonita en nuestro proyecto, es adem\u00e1s un nombre femenino con un significado po\u00e9tico y simb\u00f3lico, asociado con la luz y el inicio de un nuevo d\u00eda. \ud83c\udf05<\/p>\n<\/div>\n<\/div>\n<\/div>\n<p><strong>\u00a0\u00bfQu\u00e9 te parece la palabra \u00abAlba\u00bb? Espero que te haya gustado as\u00ed como su historia. Puedes dejar tus comentarios debajo del post \u00a1Saludos!<\/strong><\/p>\n<p>M\u00e1s informaci\u00f3n:<\/p>\n<ul>\n<li><a href=\"https:\/\/rafaramirez.org\/blog\/index.php\/category\/arte\/palabras-bonitas\/\" target=\"_blank\" rel=\"noopener\">M\u00e1s palabras bonitas aqu\u00ed<\/a>.<\/li>\n<li><a href=\"https:\/\/es.wikipedia.org\/wiki\/Alba\" target=\"_blank\" rel=\"noopener\">Wikipedia<\/a>.<\/li>\n<\/ul>\n","protected":false},"excerpt":{"rendered":"<p>Hola, hoy \u00abAlba\u00bb palabra bonita que entra a nuestro proyecto con un origen interesante y simb\u00f3lico. Etimolog\u00eda e historia. Origen y Significado: Proviene del lat\u00edn \u201calbus\u201d, que significa \u201cblanco\u201d o \u201camanecer\u201d. En la antigua Roma, \u201cAlba\u201d era el nombre de la ciudad donde se fund\u00f3 la dinast\u00eda de los reyes latinos. Tambi\u00e9n hace referencia al [&hellip;]<\/p>\n","protected":false},"author":1,"featured_media":2460,"comment_status":"open","ping_status":"closed","sticky":false,"template":"","format":"standard","meta":{"site-container-style":"default","site-container-layout":"default","site-sidebar-layout":"default","disable-article-header":"default","disable-site-header":"default","disable-site-footer":"default","disable-content-area-spacing":"default","_jetpack_newsletter_access":"","_jetpack_dont_email_post_to_subs":true,"_jetpack_newsletter_tier_id":0,"_jetpack_memberships_contains_paywalled_content":false,"_jetpack_feature_clip_id":0,"_jetpack_memberships_contains_paid_content":false,"footnotes":"","jetpack_publicize_message":"","jetpack_publicize_feature_enabled":true,"jetpack_social_post_already_shared":true,"jetpack_social_options":{"image_generator_settings":{"template":"highway","default_image_id":0,"font":"","enabled":false},"version":2},"jetpack_post_was_ever_published":false},"categories":[581],"tags":[3058,3059,22,3063,3067,3062,3069,576,3061,933,50,3054,3068,139,3057,3055,3065,3060,3066,3053,3064,346,3056,3052,417,3070],"class_list":["post-494","post","type-post","status-publish","format-standard","has-post-thumbnail","hentry","category-palabras-bonitas","tag-15-de-agosto","tag-2-de-febrero","tag-alba","tag-albano","tag-albina","tag-albino","tag-alva","tag-amanecer","tag-anciano-simeon","tag-antigua-roma","tag-aurora","tag-blanco","tag-catalan","tag-destacado","tag-dia-de-la-asuncion","tag-dinastia-de-los-reyes-latinos","tag-esperanza-en-la-vida","tag-fiesta-de-la-candelaria","tag-italiano","tag-latin-albus","tag-nuevas-oportunidades","tag-palabras-bonitas","tag-primera-luz-del-dia","tag-proyecto-de-palabras-bonitas","tag-reflexiones","tag-significado-poetico-y-simbolico"],"yoast_head":"<!-- This site is optimized with the Yoast SEO plugin v28.4 - https:\/\/yoast.com\/product\/yoast-seo-wordpress\/ -->\n<title>&quot;Alba&quot; palabra bonita que es la primera luz del d\u00eda. - Blog de Rafael Ram\u00edrez<\/title>\n<meta name=\"description\" content=\"&quot;Alba&quot; palabra bonita que se incorpora a nuestro proyecto. Avanzamos con una palabra que tiene un origen interesante y simb\u00f3lico.\" \/>\n<meta name=\"robots\" content=\"index, follow, max-snippet:-1, max-image-preview:large, max-video-preview:-1\" \/>\n<link rel=\"canonical\" href=\"https:\/\/rafaramirez.org\/blog\/index.php\/2024\/08\/15\/alba-palabra-bonita\/\" \/>\n<meta property=\"og:locale\" content=\"es_ES\" \/>\n<meta property=\"og:type\" content=\"article\" \/>\n<meta property=\"og:title\" content=\"&quot;Alba&quot; palabra bonita que es la primera luz del d\u00eda. - Blog de Rafael Ram\u00edrez\" \/>\n<meta property=\"og:description\" content=\"&quot;Alba&quot; palabra bonita que se incorpora a nuestro proyecto. Avanzamos con una palabra que tiene un origen interesante y simb\u00f3lico.\" \/>\n<meta property=\"og:url\" content=\"https:\/\/rafaramirez.org\/blog\/index.php\/2024\/08\/15\/alba-palabra-bonita\/\" \/>\n<meta property=\"og:site_name\" content=\"Blog de Rafael Ram\u00edrez\" \/>\n<meta property=\"article:published_time\" content=\"2024-08-15T06:15:48+00:00\" \/>\n<meta property=\"article:modified_time\" content=\"2024-09-25T09:44:17+00:00\" \/>\n<meta property=\"og:image\" content=\"https:\/\/rafaramirez.org\/blog\/wp-content\/uploads\/2014\/07\/alba-reduc.jpg\" \/>\n\t<meta property=\"og:image:width\" content=\"600\" \/>\n\t<meta property=\"og:image:height\" content=\"450\" \/>\n\t<meta property=\"og:image:type\" content=\"image\/jpeg\" \/>\n<meta name=\"author\" content=\"Rafael Ram\u00edrez\" \/>\n<meta name=\"twitter:card\" content=\"summary_large_image\" \/>\n<meta name=\"twitter:creator\" content=\"@rafaramirez_ok\" \/>\n<meta name=\"twitter:site\" content=\"@rafaramirez_ok\" \/>\n<meta name=\"twitter:label1\" content=\"Escrito por\" \/>\n\t<meta name=\"twitter:data1\" content=\"Rafael Ram\u00edrez\" \/>\n\t<meta name=\"twitter:label2\" content=\"Tiempo de lectura\" \/>\n\t<meta name=\"twitter:data2\" content=\"2 minutos\" \/>\n<script type=\"application\/ld+json\" class=\"yoast-schema-graph\">{\"@context\":\"https:\\\/\\\/schema.org\",\"@graph\":[{\"@type\":\"Article\",\"@id\":\"https:\\\/\\\/rafaramirez.org\\\/blog\\\/index.php\\\/2024\\\/08\\\/15\\\/alba-palabra-bonita\\\/#article\",\"isPartOf\":{\"@id\":\"https:\\\/\\\/rafaramirez.org\\\/blog\\\/index.php\\\/2024\\\/08\\\/15\\\/alba-palabra-bonita\\\/\"},\"author\":{\"name\":\"Rafael Ram\u00edrez\",\"@id\":\"https:\\\/\\\/rafaramirez.org\\\/blog\\\/#\\\/schema\\\/person\\\/50f43b6d60c578760d4c17bda54ab6a5\"},\"headline\":\"\u00abAlba\u00bb palabra bonita que es la primera luz del d\u00eda.\",\"datePublished\":\"2024-08-15T06:15:48+00:00\",\"dateModified\":\"2024-09-25T09:44:17+00:00\",\"mainEntityOfPage\":{\"@id\":\"https:\\\/\\\/rafaramirez.org\\\/blog\\\/index.php\\\/2024\\\/08\\\/15\\\/alba-palabra-bonita\\\/\"},\"wordCount\":363,\"commentCount\":0,\"publisher\":{\"@id\":\"https:\\\/\\\/rafaramirez.org\\\/blog\\\/#\\\/schema\\\/person\\\/50f43b6d60c578760d4c17bda54ab6a5\"},\"image\":{\"@id\":\"https:\\\/\\\/rafaramirez.org\\\/blog\\\/index.php\\\/2024\\\/08\\\/15\\\/alba-palabra-bonita\\\/#primaryimage\"},\"thumbnailUrl\":\"https:\\\/\\\/rafaramirez.org\\\/blog\\\/wp-content\\\/uploads\\\/2014\\\/07\\\/alba-reduc.jpg\",\"keywords\":[\"15 de agosto\",\"2 de febrero\",\"Alba\",\"Albano\",\"Albina\",\"Albino\",\"Alva\",\"amanecer\",\"anciano Sime\u00f3n\",\"antigua Roma\",\"aurora\",\"blanco\",\"catal\u00e1n\",\"destacado\",\"d\u00eda de la Asunci\u00f3n\",\"dinast\u00eda de los reyes latinos\",\"esperanza en la vida\",\"fiesta de la Candelaria\",\"italiano\",\"lat\u00edn \u201calbus\u201d\",\"nuevas oportunidades\",\"palabras bonitas\",\"primera luz del d\u00eda\",\"proyecto de palabras bonitas\",\"reflexiones\",\"significado po\u00e9tico y simb\u00f3lico\"],\"articleSection\":[\"Proyecto Palabras Bonitas\"],\"inLanguage\":\"es\",\"potentialAction\":[{\"@type\":\"CommentAction\",\"name\":\"Comment\",\"target\":[\"https:\\\/\\\/rafaramirez.org\\\/blog\\\/index.php\\\/2024\\\/08\\\/15\\\/alba-palabra-bonita\\\/#respond\"]}]},{\"@type\":\"WebPage\",\"@id\":\"https:\\\/\\\/rafaramirez.org\\\/blog\\\/index.php\\\/2024\\\/08\\\/15\\\/alba-palabra-bonita\\\/\",\"url\":\"https:\\\/\\\/rafaramirez.org\\\/blog\\\/index.php\\\/2024\\\/08\\\/15\\\/alba-palabra-bonita\\\/\",\"name\":\"\\\"Alba\\\" palabra bonita que es la primera luz del d\u00eda. - Blog de Rafael Ram\u00edrez\",\"isPartOf\":{\"@id\":\"https:\\\/\\\/rafaramirez.org\\\/blog\\\/#website\"},\"primaryImageOfPage\":{\"@id\":\"https:\\\/\\\/rafaramirez.org\\\/blog\\\/index.php\\\/2024\\\/08\\\/15\\\/alba-palabra-bonita\\\/#primaryimage\"},\"image\":{\"@id\":\"https:\\\/\\\/rafaramirez.org\\\/blog\\\/index.php\\\/2024\\\/08\\\/15\\\/alba-palabra-bonita\\\/#primaryimage\"},\"thumbnailUrl\":\"https:\\\/\\\/rafaramirez.org\\\/blog\\\/wp-content\\\/uploads\\\/2014\\\/07\\\/alba-reduc.jpg\",\"datePublished\":\"2024-08-15T06:15:48+00:00\",\"dateModified\":\"2024-09-25T09:44:17+00:00\",\"description\":\"\\\"Alba\\\" palabra bonita que se incorpora a nuestro proyecto. Avanzamos con una palabra que tiene un origen interesante y simb\u00f3lico.\",\"breadcrumb\":{\"@id\":\"https:\\\/\\\/rafaramirez.org\\\/blog\\\/index.php\\\/2024\\\/08\\\/15\\\/alba-palabra-bonita\\\/#breadcrumb\"},\"inLanguage\":\"es\",\"potentialAction\":[{\"@type\":\"ReadAction\",\"target\":[\"https:\\\/\\\/rafaramirez.org\\\/blog\\\/index.php\\\/2024\\\/08\\\/15\\\/alba-palabra-bonita\\\/\"]}]},{\"@type\":\"ImageObject\",\"inLanguage\":\"es\",\"@id\":\"https:\\\/\\\/rafaramirez.org\\\/blog\\\/index.php\\\/2024\\\/08\\\/15\\\/alba-palabra-bonita\\\/#primaryimage\",\"url\":\"https:\\\/\\\/rafaramirez.org\\\/blog\\\/wp-content\\\/uploads\\\/2014\\\/07\\\/alba-reduc.jpg\",\"contentUrl\":\"https:\\\/\\\/rafaramirez.org\\\/blog\\\/wp-content\\\/uploads\\\/2014\\\/07\\\/alba-reduc.jpg\",\"width\":600,\"height\":450,\"caption\":\"\\\"Alba\\\". Proyecto palabras bonitas. Blog de Rafael Ram\u00edrez.\"},{\"@type\":\"BreadcrumbList\",\"@id\":\"https:\\\/\\\/rafaramirez.org\\\/blog\\\/index.php\\\/2024\\\/08\\\/15\\\/alba-palabra-bonita\\\/#breadcrumb\",\"itemListElement\":[{\"@type\":\"ListItem\",\"position\":1,\"name\":\"Portada\",\"item\":\"https:\\\/\\\/rafaramirez.org\\\/blog\\\/\"},{\"@type\":\"ListItem\",\"position\":2,\"name\":\"\u00abAlba\u00bb palabra bonita que es la primera luz del d\u00eda.\"}]},{\"@type\":\"WebSite\",\"@id\":\"https:\\\/\\\/rafaramirez.org\\\/blog\\\/#website\",\"url\":\"https:\\\/\\\/rafaramirez.org\\\/blog\\\/\",\"name\":\"Blog de Rafael Ram\u00edrez\",\"description\":\"Un sitio social, de arte y cultura\",\"publisher\":{\"@id\":\"https:\\\/\\\/rafaramirez.org\\\/blog\\\/#\\\/schema\\\/person\\\/50f43b6d60c578760d4c17bda54ab6a5\"},\"potentialAction\":[{\"@type\":\"SearchAction\",\"target\":{\"@type\":\"EntryPoint\",\"urlTemplate\":\"https:\\\/\\\/rafaramirez.org\\\/blog\\\/?s={search_term_string}\"},\"query-input\":{\"@type\":\"PropertyValueSpecification\",\"valueRequired\":true,\"valueName\":\"search_term_string\"}}],\"inLanguage\":\"es\"},{\"@type\":[\"Person\",\"Organization\"],\"@id\":\"https:\\\/\\\/rafaramirez.org\\\/blog\\\/#\\\/schema\\\/person\\\/50f43b6d60c578760d4c17bda54ab6a5\",\"name\":\"Rafael Ram\u00edrez\",\"image\":{\"@type\":\"ImageObject\",\"inLanguage\":\"es\",\"@id\":\"https:\\\/\\\/rafaramirez.org\\\/blog\\\/wp-content\\\/uploads\\\/2024\\\/09\\\/RR_socialnetwork.jpg\",\"url\":\"https:\\\/\\\/rafaramirez.org\\\/blog\\\/wp-content\\\/uploads\\\/2024\\\/09\\\/RR_socialnetwork.jpg\",\"contentUrl\":\"https:\\\/\\\/rafaramirez.org\\\/blog\\\/wp-content\\\/uploads\\\/2024\\\/09\\\/RR_socialnetwork.jpg\",\"width\":600,\"height\":606,\"caption\":\"Rafael Ram\u00edrez\"},\"logo\":{\"@id\":\"https:\\\/\\\/rafaramirez.org\\\/blog\\\/wp-content\\\/uploads\\\/2024\\\/09\\\/RR_socialnetwork.jpg\"},\"sameAs\":[\"https:\\\/\\\/www.rafaramirez.org\\\/blog\",\"https:\\\/\\\/www.instagram.com\\\/rafaramirez_ok\\\/\",\"https:\\\/\\\/es.pinterest.com\\\/Ramirez_Rafa\\\/\",\"https:\\\/\\\/x.com\\\/rafaramirez_ok\"],\"url\":\"https:\\\/\\\/rafaramirez.org\\\/blog\\\/index.php\\\/author\\\/rafaell_qm6j97da\\\/\"}]}<\/script>\n<!-- \/ Yoast SEO plugin. -->","yoast_head_json":{"title":"\"Alba\" palabra bonita que es la primera luz del d\u00eda. - Blog de Rafael Ram\u00edrez","description":"\"Alba\" palabra bonita que se incorpora a nuestro proyecto. Avanzamos con una palabra que tiene un origen interesante y simb\u00f3lico.","robots":{"index":"index","follow":"follow","max-snippet":"max-snippet:-1","max-image-preview":"max-image-preview:large","max-video-preview":"max-video-preview:-1"},"canonical":"https:\/\/rafaramirez.org\/blog\/index.php\/2024\/08\/15\/alba-palabra-bonita\/","og_locale":"es_ES","og_type":"article","og_title":"\"Alba\" palabra bonita que es la primera luz del d\u00eda. - Blog de Rafael Ram\u00edrez","og_description":"\"Alba\" palabra bonita que se incorpora a nuestro proyecto. Avanzamos con una palabra que tiene un origen interesante y simb\u00f3lico.","og_url":"https:\/\/rafaramirez.org\/blog\/index.php\/2024\/08\/15\/alba-palabra-bonita\/","og_site_name":"Blog de Rafael Ram\u00edrez","article_published_time":"2024-08-15T06:15:48+00:00","article_modified_time":"2024-09-25T09:44:17+00:00","og_image":[{"width":600,"height":450,"url":"https:\/\/rafaramirez.org\/blog\/wp-content\/uploads\/2014\/07\/alba-reduc.jpg","type":"image\/jpeg"}],"author":"Rafael Ram\u00edrez","twitter_card":"summary_large_image","twitter_creator":"@rafaramirez_ok","twitter_site":"@rafaramirez_ok","twitter_misc":{"Escrito por":"Rafael Ram\u00edrez","Tiempo de lectura":"2 minutos"},"schema":{"@context":"https:\/\/schema.org","@graph":[{"@type":"Article","@id":"https:\/\/rafaramirez.org\/blog\/index.php\/2024\/08\/15\/alba-palabra-bonita\/#article","isPartOf":{"@id":"https:\/\/rafaramirez.org\/blog\/index.php\/2024\/08\/15\/alba-palabra-bonita\/"},"author":{"name":"Rafael Ram\u00edrez","@id":"https:\/\/rafaramirez.org\/blog\/#\/schema\/person\/50f43b6d60c578760d4c17bda54ab6a5"},"headline":"\u00abAlba\u00bb palabra bonita que es la primera luz del d\u00eda.","datePublished":"2024-08-15T06:15:48+00:00","dateModified":"2024-09-25T09:44:17+00:00","mainEntityOfPage":{"@id":"https:\/\/rafaramirez.org\/blog\/index.php\/2024\/08\/15\/alba-palabra-bonita\/"},"wordCount":363,"commentCount":0,"publisher":{"@id":"https:\/\/rafaramirez.org\/blog\/#\/schema\/person\/50f43b6d60c578760d4c17bda54ab6a5"},"image":{"@id":"https:\/\/rafaramirez.org\/blog\/index.php\/2024\/08\/15\/alba-palabra-bonita\/#primaryimage"},"thumbnailUrl":"https:\/\/rafaramirez.org\/blog\/wp-content\/uploads\/2014\/07\/alba-reduc.jpg","keywords":["15 de agosto","2 de febrero","Alba","Albano","Albina","Albino","Alva","amanecer","anciano Sime\u00f3n","antigua Roma","aurora","blanco","catal\u00e1n","destacado","d\u00eda de la Asunci\u00f3n","dinast\u00eda de los reyes latinos","esperanza en la vida","fiesta de la Candelaria","italiano","lat\u00edn \u201calbus\u201d","nuevas oportunidades","palabras bonitas","primera luz del d\u00eda","proyecto de palabras bonitas","reflexiones","significado po\u00e9tico y simb\u00f3lico"],"articleSection":["Proyecto Palabras Bonitas"],"inLanguage":"es","potentialAction":[{"@type":"CommentAction","name":"Comment","target":["https:\/\/rafaramirez.org\/blog\/index.php\/2024\/08\/15\/alba-palabra-bonita\/#respond"]}]},{"@type":"WebPage","@id":"https:\/\/rafaramirez.org\/blog\/index.php\/2024\/08\/15\/alba-palabra-bonita\/","url":"https:\/\/rafaramirez.org\/blog\/index.php\/2024\/08\/15\/alba-palabra-bonita\/","name":"\"Alba\" palabra bonita que es la primera luz del d\u00eda. - Blog de Rafael Ram\u00edrez","isPartOf":{"@id":"https:\/\/rafaramirez.org\/blog\/#website"},"primaryImageOfPage":{"@id":"https:\/\/rafaramirez.org\/blog\/index.php\/2024\/08\/15\/alba-palabra-bonita\/#primaryimage"},"image":{"@id":"https:\/\/rafaramirez.org\/blog\/index.php\/2024\/08\/15\/alba-palabra-bonita\/#primaryimage"},"thumbnailUrl":"https:\/\/rafaramirez.org\/blog\/wp-content\/uploads\/2014\/07\/alba-reduc.jpg","datePublished":"2024-08-15T06:15:48+00:00","dateModified":"2024-09-25T09:44:17+00:00","description":"\"Alba\" palabra bonita que se incorpora a nuestro proyecto. Avanzamos con una palabra que tiene un origen interesante y simb\u00f3lico.","breadcrumb":{"@id":"https:\/\/rafaramirez.org\/blog\/index.php\/2024\/08\/15\/alba-palabra-bonita\/#breadcrumb"},"inLanguage":"es","potentialAction":[{"@type":"ReadAction","target":["https:\/\/rafaramirez.org\/blog\/index.php\/2024\/08\/15\/alba-palabra-bonita\/"]}]},{"@type":"ImageObject","inLanguage":"es","@id":"https:\/\/rafaramirez.org\/blog\/index.php\/2024\/08\/15\/alba-palabra-bonita\/#primaryimage","url":"https:\/\/rafaramirez.org\/blog\/wp-content\/uploads\/2014\/07\/alba-reduc.jpg","contentUrl":"https:\/\/rafaramirez.org\/blog\/wp-content\/uploads\/2014\/07\/alba-reduc.jpg","width":600,"height":450,"caption":"\"Alba\". Proyecto palabras bonitas. Blog de Rafael Ram\u00edrez."},{"@type":"BreadcrumbList","@id":"https:\/\/rafaramirez.org\/blog\/index.php\/2024\/08\/15\/alba-palabra-bonita\/#breadcrumb","itemListElement":[{"@type":"ListItem","position":1,"name":"Portada","item":"https:\/\/rafaramirez.org\/blog\/"},{"@type":"ListItem","position":2,"name":"\u00abAlba\u00bb palabra bonita que es la primera luz del d\u00eda."}]},{"@type":"WebSite","@id":"https:\/\/rafaramirez.org\/blog\/#website","url":"https:\/\/rafaramirez.org\/blog\/","name":"Blog de Rafael Ram\u00edrez","description":"Un sitio social, de arte y cultura","publisher":{"@id":"https:\/\/rafaramirez.org\/blog\/#\/schema\/person\/50f43b6d60c578760d4c17bda54ab6a5"},"potentialAction":[{"@type":"SearchAction","target":{"@type":"EntryPoint","urlTemplate":"https:\/\/rafaramirez.org\/blog\/?s={search_term_string}"},"query-input":{"@type":"PropertyValueSpecification","valueRequired":true,"valueName":"search_term_string"}}],"inLanguage":"es"},{"@type":["Person","Organization"],"@id":"https:\/\/rafaramirez.org\/blog\/#\/schema\/person\/50f43b6d60c578760d4c17bda54ab6a5","name":"Rafael Ram\u00edrez","image":{"@type":"ImageObject","inLanguage":"es","@id":"https:\/\/rafaramirez.org\/blog\/wp-content\/uploads\/2024\/09\/RR_socialnetwork.jpg","url":"https:\/\/rafaramirez.org\/blog\/wp-content\/uploads\/2024\/09\/RR_socialnetwork.jpg","contentUrl":"https:\/\/rafaramirez.org\/blog\/wp-content\/uploads\/2024\/09\/RR_socialnetwork.jpg","width":600,"height":606,"caption":"Rafael Ram\u00edrez"},"logo":{"@id":"https:\/\/rafaramirez.org\/blog\/wp-content\/uploads\/2024\/09\/RR_socialnetwork.jpg"},"sameAs":["https:\/\/www.rafaramirez.org\/blog","https:\/\/www.instagram.com\/rafaramirez_ok\/","https:\/\/es.pinterest.com\/Ramirez_Rafa\/","https:\/\/x.com\/rafaramirez_ok"],"url":"https:\/\/rafaramirez.org\/blog\/index.php\/author\/rafaell_qm6j97da\/"}]}},"jetpack_publicize_connections":[],"jetpack_sharing_enabled":true,"jetpack_likes_enabled":true,"jetpack_featured_media_url":"https:\/\/rafaramirez.org\/blog\/wp-content\/uploads\/2014\/07\/alba-reduc.jpg","_links":{"self":[{"href":"https:\/\/rafaramirez.org\/blog\/index.php\/wp-json\/wp\/v2\/posts\/494","targetHints":{"allow":["GET"]}}],"collection":[{"href":"https:\/\/rafaramirez.org\/blog\/index.php\/wp-json\/wp\/v2\/posts"}],"about":[{"href":"https:\/\/rafaramirez.org\/blog\/index.php\/wp-json\/wp\/v2\/types\/post"}],"author":[{"embeddable":true,"href":"https:\/\/rafaramirez.org\/blog\/index.php\/wp-json\/wp\/v2\/users\/1"}],"replies":[{"embeddable":true,"href":"https:\/\/rafaramirez.org\/blog\/index.php\/wp-json\/wp\/v2\/comments?post=494"}],"version-history":[{"count":5,"href":"https:\/\/rafaramirez.org\/blog\/index.php\/wp-json\/wp\/v2\/posts\/494\/revisions"}],"predecessor-version":[{"id":6185,"href":"https:\/\/rafaramirez.org\/blog\/index.php\/wp-json\/wp\/v2\/posts\/494\/revisions\/6185"}],"wp:featuredmedia":[{"embeddable":true,"href":"https:\/\/rafaramirez.org\/blog\/index.php\/wp-json\/wp\/v2\/media\/2460"}],"wp:attachment":[{"href":"https:\/\/rafaramirez.org\/blog\/index.php\/wp-json\/wp\/v2\/media?parent=494"}],"wp:term":[{"taxonomy":"category","embeddable":true,"href":"https:\/\/rafaramirez.org\/blog\/index.php\/wp-json\/wp\/v2\/categories?post=494"},{"taxonomy":"post_tag","embeddable":true,"href":"https:\/\/rafaramirez.org\/blog\/index.php\/wp-json\/wp\/v2\/tags?post=494"}],"curies":[{"name":"wp","href":"https:\/\/api.w.org\/{rel}","templated":true}]}}