{"id":4936,"date":"2024-07-05T08:15:33","date_gmt":"2024-07-05T06:15:33","guid":{"rendered":"https:\/\/rafaramirez.org\/blog\/?p=4936"},"modified":"2024-07-05T08:22:13","modified_gmt":"2024-07-05T06:22:13","slug":"6-de-julio-dia-internacional-de-los-beatles","status":"publish","type":"post","link":"https:\/\/rafaramirez.org\/blog\/index.php\/2024\/07\/05\/6-de-julio-dia-internacional-de-los-beatles\/","title":{"rendered":"6 de julio: D\u00eda Internacional de Los Beatles."},"content":{"rendered":"<p>El <strong>6 de julio<\/strong> se celebra el <strong>D\u00eda Internacional de Los Beatles<\/strong>. Esta fecha conmemora el <strong>primer encuentro<\/strong> entre <strong>John Lennon<\/strong> y <strong>Paul McCartney<\/strong>, que tuvo lugar en <strong>1957<\/strong>.<\/p>\n<p>En la feria de <strong>Woolton Village<\/strong> en <strong>Liverpool<\/strong>, John, con tan solo <strong>16 a\u00f1os<\/strong>, estaba a punto de dar un concierto con su banda <strong>The Quarrymen<\/strong>. En ese momento, un amigo de la infancia lo present\u00f3 a Paul, y as\u00ed comenz\u00f3 la leyenda de <strong>The Beatles<\/strong>. Este grupo ic\u00f3nico, formado tambi\u00e9n por <strong>Ringo Starr<\/strong> y <strong>George Harrison<\/strong>, dej\u00f3 una huella imborrable en la m\u00fasica.<\/p>\n<p>Los Beatles han tenido un impacto significativo en la cultura mundial, especialmente durante la <strong>d\u00e9cada de los 60<\/strong>. Revolucionaron la m\u00fasica al crear un sonido distintivo, pero tambi\u00e9n fomentaron un sentido de libertad y expresi\u00f3n que impuls\u00f3 cambios sociales. Adem\u00e1s de su influencia musical, dejaron huella en la <strong>moda<\/strong>, el <strong>arte<\/strong> y el <strong>cine<\/strong>.<\/p>\n<h3>Algunas an\u00e9cdotas curiosas del grupo:<\/h3>\n<ul>\n<li><strong>El \u00c1lbum Blanco (White Album)<\/strong> de The Beatles, lanzado en <strong>1968<\/strong>, es uno de los m\u00e1s ic\u00f3nicos de la banda. Sin embargo, durante las sesiones de grabaci\u00f3n, hubo momentos tensos. En una ocasi\u00f3n, <strong>Ringo Starr<\/strong> se sinti\u00f3 frustrado y abandon\u00f3 el grupo temporalmente. Para llenar su lugar, <strong>Paul McCartney<\/strong> toc\u00f3 la bater\u00eda en la canci\u00f3n \u201c<strong>Back in the U.S.S.R.\u201d<\/strong>. A pesar de los desaf\u00edos, el \u00e1lbum resultante es una obra maestra que sigue siendo influyente en la m\u00fasica hasta hoy.<\/li>\n<li>Durante la grabaci\u00f3n de la canci\u00f3n <strong>\u201cA Day in the Life\u201d<\/strong> para su \u00e1lbum <strong>\u201cSgt. Pepper\u2019s Lonely Hearts Club Band\u201d<\/strong>, <strong>John Lennon<\/strong> quer\u00eda un efecto de sonido \u00fanico para el cl\u00edmax de la canci\u00f3n. As\u00ed que, en lugar de usar un instrumento convencional, decidieron <strong>contratar a un grupo de m\u00fasicos de la Orquesta Filarm\u00f3nica de Londres<\/strong>. Estos m\u00fasicos tocaron una <strong>nota sostenida en sus instrumentos<\/strong> y luego gradualmente aumentaron el volumen hasta que el sonido se volvi\u00f3 insoportable. El resultado fue un impactante final que a\u00fan hoy sorprende a los oyentes.<\/li>\n<li><strong>\u201cYesterday\u201d<\/strong> es considerada la canci\u00f3n m\u00e1s versionada del mundo, con hasta 1.600 versiones diferentes. Curiosamente, su primer nombre propuesto fue \u201c<strong>Scrambled eggs\u201d<\/strong> (huevos revueltos).<\/li>\n<li>La separaci\u00f3n de la banda tuvo lugar en <strong>Disney World<\/strong>. John Lennon firm\u00f3 el fin del grupo con el <strong>Hotel Polynesian Village<\/strong> como fondo.<\/li>\n<li><strong>George Harrison<\/strong> fue deportado de <strong>Alemania<\/strong> en 1960 por ser menor de edad y no tener permiso para trabajar all\u00ed.<\/li>\n<\/ul>\n<h3>Disfruta de algunas de sus canciones m\u00e1s ic\u00f3nicas:<\/h3>\n<ul>\n<li style=\"list-style-type:none;\">\n<ul>\n<li><strong>Let It Be.<\/strong><\/li>\n<\/ul>\n<\/li>\n<\/ul>\n<p><iframe loading=\"lazy\" frameborder=\"0\" title=\"YouTube video player\" src=\"https:\/\/www.youtube.com\/embed\/CGj85pVzRJs?si=SVplAOPaEBGqACe_\" width=\"560\" height=\"315\" allowfullscreen><\/iframe><\/p>\n<ul>\n<li style=\"list-style-type:none;\">\n<ul>\n<li><strong>Yesterday.<\/strong><\/li>\n<\/ul>\n<\/li>\n<\/ul>\n<p><iframe loading=\"lazy\" frameborder=\"0\" title=\"YouTube video player\" src=\"https:\/\/www.youtube.com\/embed\/wXTJBr9tt8Q?si=zX-fBtvLVbpcJ8SL\" width=\"560\" height=\"315\" allowfullscreen><\/iframe><\/p>\n<ul>\n<li style=\"list-style-type:none;\">\n<ul>\n<li><strong>Hey Jude.<\/strong><\/li>\n<\/ul>\n<\/li>\n<\/ul>\n<p><iframe loading=\"lazy\" frameborder=\"0\" title=\"YouTube video player\" src=\"https:\/\/www.youtube.com\/embed\/A_MjCqQoLLA?si=Bb1it4mgS8FXO4DP&amp;start=55\" width=\"560\" height=\"315\" allowfullscreen><\/iframe><\/p>\n<ul>\n<li style=\"list-style-type:none;\">\n<ul>\n<li><strong>Help.<\/strong><\/li>\n<\/ul>\n<\/li>\n<\/ul>\n<p><iframe loading=\"lazy\" frameborder=\"0\" title=\"YouTube video player\" src=\"https:\/\/www.youtube.com\/embed\/2Q_ZzBGPdqE?si=pm-Bs03hDa7SpW2K\" width=\"560\" height=\"315\" allowfullscreen><\/iframe><\/p>\n<ul>\n<li style=\"list-style-type:none;\">\n<ul>\n<li><strong>All you need is love. <\/strong><\/li>\n<\/ul>\n<\/li>\n<\/ul>\n<p><iframe loading=\"lazy\" frameborder=\"0\" title=\"YouTube video player\" src=\"https:\/\/www.youtube.com\/embed\/_7xMfIp-irg?si=ata4icZaif2TV4zp\" width=\"560\" height=\"315\" allowfullscreen><\/iframe><\/p>\n<ul>\n<li style=\"list-style-type:none;\">\n<ul>\n<li><strong>Love me do.<\/strong><\/li>\n<\/ul>\n<\/li>\n<\/ul>\n<p><iframe loading=\"lazy\" frameborder=\"0\" title=\"YouTube video player\" src=\"https:\/\/www.youtube.com\/embed\/Jbt8oH5Lxto?si=SvX39UK3nvsa4pxI\" width=\"560\" height=\"315\" allowfullscreen><\/iframe><\/p>\n<ul>\n<li style=\"list-style-type:none;\">\n<ul>\n<li><strong>Here comes the sun. <\/strong><\/li>\n<\/ul>\n<\/li>\n<\/ul>\n<p><iframe loading=\"lazy\" frameborder=\"0\" title=\"YouTube video player\" src=\"https:\/\/www.youtube.com\/embed\/KQetemT1sWc?si=BT462S2KJeoD0qep\" width=\"560\" height=\"315\" allowfullscreen><\/iframe><\/p>\n<ul>\n<li style=\"list-style-type:none;\">\n<ul>\n<li><strong>Michelle. <\/strong><\/li>\n<\/ul>\n<\/li>\n<\/ul>\n<p><iframe loading=\"lazy\" frameborder=\"0\" title=\"YouTube video player\" src=\"https:\/\/www.youtube.com\/embed\/WoBLi5eE-wY?si=rye9EAvt6Nm4ZIwe\" width=\"560\" height=\"315\" allowfullscreen><\/iframe><\/p>\n<ul>\n<li style=\"list-style-type:none;\">\n<ul>\n<li><strong>Come together.<\/strong><\/li>\n<\/ul>\n<\/li>\n<\/ul>\n<p><iframe loading=\"lazy\" frameborder=\"0\" title=\"YouTube video player\" src=\"https:\/\/www.youtube.com\/embed\/45cYwDMibGo?si=coH4OlfSotSR6jq1\" width=\"560\" height=\"315\" allowfullscreen><\/iframe><\/p>\n<p><strong>A d\u00eda de hoy, el legado de The Beatles sigue vivo y su influencia perdura en generaciones de fans alrededor del mundo.<\/strong> \ud83c\udfb6\ud83c\udf1f<\/p>\n<p>M\u00e1s informaci\u00f3n:<\/p>\n<ul>\n<li><a href=\"https:\/\/la100.cienradios.com\/efemerides\/dia-internacional-de-los-beatles-por-que-se-celebra-cada-6-de-julio\/\" target=\"_blank\" rel=\"noopener\">La Cien radio<\/a>.<\/li>\n<li><a href=\"https:\/\/mitelefe.com\/musica\/noticias\/dia-internacional-de-los-beatles-por-que-se-celebra-hoy\/\" target=\"_blank\" rel=\"noopener\">Mi Telefe<\/a>.<\/li>\n<li><a href=\"https:\/\/en.wikipedia.org\/wiki\/Cultural_impact_of_the_Beatles\" target=\"_blank\" rel=\"noopener\">Wikipedia (Ingl\u00e9s)<\/a>.<\/li>\n<li><a href=\"https:\/\/www.businessinsider.es\/10-curiosidades-beatles-seguro-no-conoces-791775\" target=\"_blank\" rel=\"noopener\">Business Insider<\/a>.<\/li>\n<\/ul>\n","protected":false},"excerpt":{"rendered":"<p>El 6 de julio se celebra el D\u00eda Internacional de Los Beatles. Esta fecha conmemora el primer encuentro entre John Lennon y Paul McCartney, que tuvo lugar en 1957. En la feria de Woolton Village en Liverpool, John, con tan solo 16 a\u00f1os, estaba a punto de dar un concierto con su banda The Quarrymen. [&hellip;]<\/p>\n","protected":false},"author":1,"featured_media":4944,"comment_status":"open","ping_status":"closed","sticky":false,"template":"","format":"standard","meta":{"site-container-style":"default","site-container-layout":"default","site-sidebar-layout":"default","disable-article-header":"default","disable-site-header":"default","disable-site-footer":"default","disable-content-area-spacing":"default","_jetpack_newsletter_access":"","_jetpack_dont_email_post_to_subs":false,"_jetpack_newsletter_tier_id":0,"_jetpack_memberships_contains_paywalled_content":false,"_jetpack_feature_clip_id":0,"_jetpack_memberships_contains_paid_content":false,"footnotes":"","jetpack_publicize_message":"","jetpack_publicize_feature_enabled":true,"jetpack_social_post_already_shared":false,"jetpack_social_options":{"image_generator_settings":{"template":"highway","default_image_id":0,"font":"","enabled":false},"version":2},"jetpack_post_was_ever_published":false},"categories":[1291,709],"tags":[2638,2653,2651,2660,2664,2652,68,2668,2646,2536,2637,2658,1323,2649,1107,2645,2663,2667,2662,2659,606,2661,2642,2665,2666,2648,2515,728,2655,2640,415,2644,2657,2654,2647,730,2643,572,506,2639,2650,2641,2656],"class_list":["post-4936","post","type-post","status-publish","format-standard","has-post-thumbnail","hentry","category-efemerides","category-musica","tag-6-de-julio","tag-a-day-in-the-life","tag-album-blanco-de-the-beatles","tag-alemania-en-1960","tag-all-you-need-is-love","tag-back-in-the-u-s-s-r","tag-blog-de-rafael-ramirez","tag-come-together","tag-cultura-mundial","tag-decada-de-los-60","tag-dia-internacional-de-los-beatles","tag-disney-world","tag-efemerides","tag-el-arte","tag-el-cine","tag-george-harrison","tag-help","tag-here-comes-the-sun","tag-hey-jude","tag-hotel-polynesian-village","tag-john-lennon","tag-let-it-be","tag-liverpool","tag-love-me-do","tag-michelle","tag-moda","tag-musica-recomendada","tag-noticias-musicales","tag-orquesta-filarmonica-de-londres","tag-paul-mccartney","tag-recomendaciones-musicales","tag-ringo-starr","tag-scrambled-eggs","tag-sgt-peppers-lonely-hearts-club-band","tag-sonido-distintivo","tag-the-beatles","tag-the-quarrymen","tag-video-musical","tag-videoclip-musical","tag-videos-musicales","tag-white-album-1968","tag-woolton-village","tag-yesterday"],"yoast_head":"<!-- This site is optimized with the Yoast SEO plugin v28.4 - https:\/\/yoast.com\/product\/yoast-seo-wordpress\/ -->\n<title>6 de julio: D\u00eda Internacional de Los Beatles. - Blog de Rafael Ram\u00edrez<\/title>\n<meta name=\"robots\" content=\"index, follow, max-snippet:-1, max-image-preview:large, max-video-preview:-1\" \/>\n<link rel=\"canonical\" href=\"https:\/\/rafaramirez.org\/blog\/index.php\/2024\/07\/05\/6-de-julio-dia-internacional-de-los-beatles\/\" \/>\n<meta property=\"og:locale\" content=\"es_ES\" \/>\n<meta property=\"og:type\" content=\"article\" \/>\n<meta property=\"og:title\" content=\"6 de julio: D\u00eda Internacional de Los Beatles. - Blog de Rafael Ram\u00edrez\" \/>\n<meta property=\"og:description\" content=\"El 6 de julio se celebra el D\u00eda Internacional de Los Beatles. Esta fecha conmemora el primer encuentro entre John Lennon y Paul McCartney, que tuvo lugar en 1957. En la feria de Woolton Village en Liverpool, John, con tan solo 16 a\u00f1os, estaba a punto de dar un concierto con su banda The Quarrymen. [&hellip;]\" \/>\n<meta property=\"og:url\" content=\"https:\/\/rafaramirez.org\/blog\/index.php\/2024\/07\/05\/6-de-julio-dia-internacional-de-los-beatles\/\" \/>\n<meta property=\"og:site_name\" content=\"Blog de Rafael Ram\u00edrez\" \/>\n<meta property=\"article:published_time\" content=\"2024-07-05T06:15:33+00:00\" \/>\n<meta property=\"article:modified_time\" content=\"2024-07-05T06:22:13+00:00\" \/>\n<meta property=\"og:image\" content=\"https:\/\/rafaramirez.org\/blog\/wp-content\/uploads\/2024\/07\/beatles_dia_banner_OK.jpg\" \/>\n\t<meta property=\"og:image:width\" content=\"750\" \/>\n\t<meta property=\"og:image:height\" content=\"550\" \/>\n\t<meta property=\"og:image:type\" content=\"image\/jpeg\" \/>\n<meta name=\"author\" content=\"Rafael Ram\u00edrez\" \/>\n<meta name=\"twitter:card\" content=\"summary_large_image\" \/>\n<meta name=\"twitter:creator\" content=\"@rafaramirez_ok\" \/>\n<meta name=\"twitter:site\" content=\"@rafaramirez_ok\" \/>\n<meta name=\"twitter:label1\" content=\"Escrito por\" \/>\n\t<meta name=\"twitter:data1\" content=\"Rafael Ram\u00edrez\" \/>\n\t<meta name=\"twitter:label2\" content=\"Tiempo de lectura\" \/>\n\t<meta name=\"twitter:data2\" content=\"2 minutos\" \/>\n<script type=\"application\/ld+json\" class=\"yoast-schema-graph\">{\"@context\":\"https:\\\/\\\/schema.org\",\"@graph\":[{\"@type\":\"Article\",\"@id\":\"https:\\\/\\\/rafaramirez.org\\\/blog\\\/index.php\\\/2024\\\/07\\\/05\\\/6-de-julio-dia-internacional-de-los-beatles\\\/#article\",\"isPartOf\":{\"@id\":\"https:\\\/\\\/rafaramirez.org\\\/blog\\\/index.php\\\/2024\\\/07\\\/05\\\/6-de-julio-dia-internacional-de-los-beatles\\\/\"},\"author\":{\"name\":\"Rafael Ram\u00edrez\",\"@id\":\"https:\\\/\\\/rafaramirez.org\\\/blog\\\/#\\\/schema\\\/person\\\/50f43b6d60c578760d4c17bda54ab6a5\"},\"headline\":\"6 de julio: D\u00eda Internacional de Los Beatles.\",\"datePublished\":\"2024-07-05T06:15:33+00:00\",\"dateModified\":\"2024-07-05T06:22:13+00:00\",\"mainEntityOfPage\":{\"@id\":\"https:\\\/\\\/rafaramirez.org\\\/blog\\\/index.php\\\/2024\\\/07\\\/05\\\/6-de-julio-dia-internacional-de-los-beatles\\\/\"},\"wordCount\":496,\"commentCount\":0,\"publisher\":{\"@id\":\"https:\\\/\\\/rafaramirez.org\\\/blog\\\/#\\\/schema\\\/person\\\/50f43b6d60c578760d4c17bda54ab6a5\"},\"image\":{\"@id\":\"https:\\\/\\\/rafaramirez.org\\\/blog\\\/index.php\\\/2024\\\/07\\\/05\\\/6-de-julio-dia-internacional-de-los-beatles\\\/#primaryimage\"},\"thumbnailUrl\":\"https:\\\/\\\/rafaramirez.org\\\/blog\\\/wp-content\\\/uploads\\\/2024\\\/07\\\/beatles_dia_banner_OK.jpg\",\"keywords\":[\"6 de julio\",\"A Day in the Life\",\"\u00e1lbum blanco\u00a0de The Beatles\",\"Alemania en 1960\",\"All you need is love\",\"Back in the U.S.S.R.\",\"blog de Rafael Ram\u00edrez\",\"Come together\",\"cultura mundial\",\"d\u00e9cada de los 60\",\"D\u00eda Internacional de Los Beatles\",\"Disney World\",\"efem\u00e9rides\",\"el\u00a0arte\",\"el cine\",\"George Harrison\",\"Help\",\"Here comes the sun\",\"Hey Jude\",\"Hotel Polynesian Village\",\"john lennon\",\"Let It Be\",\"Liverpool\",\"Love me do\",\"Michelle\",\"moda\",\"m\u00fasica recomendada\",\"noticias musicales\",\"Orquesta Filarm\u00f3nica de Londres\",\"Paul McCartney\",\"recomendaciones musicales\",\"Ringo Starr\",\"Scrambled eggs\",\"Sgt. Pepper\u2019s Lonely Hearts Club Band\",\"sonido distintivo\",\"The Beatles\",\"The Quarrymen\",\"video musical\",\"videoclip musical\",\"videos musicales\",\"White Album 1968\",\"Woolton Village\",\"Yesterday\"],\"articleSection\":[\"Efem\u00e9rides\",\"M\u00fasica\"],\"inLanguage\":\"es\",\"potentialAction\":[{\"@type\":\"CommentAction\",\"name\":\"Comment\",\"target\":[\"https:\\\/\\\/rafaramirez.org\\\/blog\\\/index.php\\\/2024\\\/07\\\/05\\\/6-de-julio-dia-internacional-de-los-beatles\\\/#respond\"]}]},{\"@type\":\"WebPage\",\"@id\":\"https:\\\/\\\/rafaramirez.org\\\/blog\\\/index.php\\\/2024\\\/07\\\/05\\\/6-de-julio-dia-internacional-de-los-beatles\\\/\",\"url\":\"https:\\\/\\\/rafaramirez.org\\\/blog\\\/index.php\\\/2024\\\/07\\\/05\\\/6-de-julio-dia-internacional-de-los-beatles\\\/\",\"name\":\"6 de julio: D\u00eda Internacional de Los Beatles. - Blog de Rafael Ram\u00edrez\",\"isPartOf\":{\"@id\":\"https:\\\/\\\/rafaramirez.org\\\/blog\\\/#website\"},\"primaryImageOfPage\":{\"@id\":\"https:\\\/\\\/rafaramirez.org\\\/blog\\\/index.php\\\/2024\\\/07\\\/05\\\/6-de-julio-dia-internacional-de-los-beatles\\\/#primaryimage\"},\"image\":{\"@id\":\"https:\\\/\\\/rafaramirez.org\\\/blog\\\/index.php\\\/2024\\\/07\\\/05\\\/6-de-julio-dia-internacional-de-los-beatles\\\/#primaryimage\"},\"thumbnailUrl\":\"https:\\\/\\\/rafaramirez.org\\\/blog\\\/wp-content\\\/uploads\\\/2024\\\/07\\\/beatles_dia_banner_OK.jpg\",\"datePublished\":\"2024-07-05T06:15:33+00:00\",\"dateModified\":\"2024-07-05T06:22:13+00:00\",\"breadcrumb\":{\"@id\":\"https:\\\/\\\/rafaramirez.org\\\/blog\\\/index.php\\\/2024\\\/07\\\/05\\\/6-de-julio-dia-internacional-de-los-beatles\\\/#breadcrumb\"},\"inLanguage\":\"es\",\"potentialAction\":[{\"@type\":\"ReadAction\",\"target\":[\"https:\\\/\\\/rafaramirez.org\\\/blog\\\/index.php\\\/2024\\\/07\\\/05\\\/6-de-julio-dia-internacional-de-los-beatles\\\/\"]}]},{\"@type\":\"ImageObject\",\"inLanguage\":\"es\",\"@id\":\"https:\\\/\\\/rafaramirez.org\\\/blog\\\/index.php\\\/2024\\\/07\\\/05\\\/6-de-julio-dia-internacional-de-los-beatles\\\/#primaryimage\",\"url\":\"https:\\\/\\\/rafaramirez.org\\\/blog\\\/wp-content\\\/uploads\\\/2024\\\/07\\\/beatles_dia_banner_OK.jpg\",\"contentUrl\":\"https:\\\/\\\/rafaramirez.org\\\/blog\\\/wp-content\\\/uploads\\\/2024\\\/07\\\/beatles_dia_banner_OK.jpg\",\"width\":750,\"height\":550,\"caption\":\"D\u00eda Internacional de Los Beatles. Blog de Rafael Ram\u00edrez.\"},{\"@type\":\"BreadcrumbList\",\"@id\":\"https:\\\/\\\/rafaramirez.org\\\/blog\\\/index.php\\\/2024\\\/07\\\/05\\\/6-de-julio-dia-internacional-de-los-beatles\\\/#breadcrumb\",\"itemListElement\":[{\"@type\":\"ListItem\",\"position\":1,\"name\":\"Portada\",\"item\":\"https:\\\/\\\/rafaramirez.org\\\/blog\\\/\"},{\"@type\":\"ListItem\",\"position\":2,\"name\":\"6 de julio: D\u00eda Internacional de Los Beatles.\"}]},{\"@type\":\"WebSite\",\"@id\":\"https:\\\/\\\/rafaramirez.org\\\/blog\\\/#website\",\"url\":\"https:\\\/\\\/rafaramirez.org\\\/blog\\\/\",\"name\":\"Blog de Rafael Ram\u00edrez\",\"description\":\"Un sitio social, de arte y cultura\",\"publisher\":{\"@id\":\"https:\\\/\\\/rafaramirez.org\\\/blog\\\/#\\\/schema\\\/person\\\/50f43b6d60c578760d4c17bda54ab6a5\"},\"potentialAction\":[{\"@type\":\"SearchAction\",\"target\":{\"@type\":\"EntryPoint\",\"urlTemplate\":\"https:\\\/\\\/rafaramirez.org\\\/blog\\\/?s={search_term_string}\"},\"query-input\":{\"@type\":\"PropertyValueSpecification\",\"valueRequired\":true,\"valueName\":\"search_term_string\"}}],\"inLanguage\":\"es\"},{\"@type\":[\"Person\",\"Organization\"],\"@id\":\"https:\\\/\\\/rafaramirez.org\\\/blog\\\/#\\\/schema\\\/person\\\/50f43b6d60c578760d4c17bda54ab6a5\",\"name\":\"Rafael Ram\u00edrez\",\"image\":{\"@type\":\"ImageObject\",\"inLanguage\":\"es\",\"@id\":\"https:\\\/\\\/rafaramirez.org\\\/blog\\\/wp-content\\\/uploads\\\/2024\\\/09\\\/RR_socialnetwork.jpg\",\"url\":\"https:\\\/\\\/rafaramirez.org\\\/blog\\\/wp-content\\\/uploads\\\/2024\\\/09\\\/RR_socialnetwork.jpg\",\"contentUrl\":\"https:\\\/\\\/rafaramirez.org\\\/blog\\\/wp-content\\\/uploads\\\/2024\\\/09\\\/RR_socialnetwork.jpg\",\"width\":600,\"height\":606,\"caption\":\"Rafael Ram\u00edrez\"},\"logo\":{\"@id\":\"https:\\\/\\\/rafaramirez.org\\\/blog\\\/wp-content\\\/uploads\\\/2024\\\/09\\\/RR_socialnetwork.jpg\"},\"sameAs\":[\"https:\\\/\\\/www.rafaramirez.org\\\/blog\",\"https:\\\/\\\/www.instagram.com\\\/rafaramirez_ok\\\/\",\"https:\\\/\\\/es.pinterest.com\\\/Ramirez_Rafa\\\/\",\"https:\\\/\\\/x.com\\\/rafaramirez_ok\"],\"url\":\"https:\\\/\\\/rafaramirez.org\\\/blog\\\/index.php\\\/author\\\/rafaell_qm6j97da\\\/\"}]}<\/script>\n<!-- \/ Yoast SEO plugin. -->","yoast_head_json":{"title":"6 de julio: D\u00eda Internacional de Los Beatles. - Blog de Rafael Ram\u00edrez","robots":{"index":"index","follow":"follow","max-snippet":"max-snippet:-1","max-image-preview":"max-image-preview:large","max-video-preview":"max-video-preview:-1"},"canonical":"https:\/\/rafaramirez.org\/blog\/index.php\/2024\/07\/05\/6-de-julio-dia-internacional-de-los-beatles\/","og_locale":"es_ES","og_type":"article","og_title":"6 de julio: D\u00eda Internacional de Los Beatles. - Blog de Rafael Ram\u00edrez","og_description":"El 6 de julio se celebra el D\u00eda Internacional de Los Beatles. Esta fecha conmemora el primer encuentro entre John Lennon y Paul McCartney, que tuvo lugar en 1957. En la feria de Woolton Village en Liverpool, John, con tan solo 16 a\u00f1os, estaba a punto de dar un concierto con su banda The Quarrymen. [&hellip;]","og_url":"https:\/\/rafaramirez.org\/blog\/index.php\/2024\/07\/05\/6-de-julio-dia-internacional-de-los-beatles\/","og_site_name":"Blog de Rafael Ram\u00edrez","article_published_time":"2024-07-05T06:15:33+00:00","article_modified_time":"2024-07-05T06:22:13+00:00","og_image":[{"width":750,"height":550,"url":"https:\/\/rafaramirez.org\/blog\/wp-content\/uploads\/2024\/07\/beatles_dia_banner_OK.jpg","type":"image\/jpeg"}],"author":"Rafael Ram\u00edrez","twitter_card":"summary_large_image","twitter_creator":"@rafaramirez_ok","twitter_site":"@rafaramirez_ok","twitter_misc":{"Escrito por":"Rafael Ram\u00edrez","Tiempo de lectura":"2 minutos"},"schema":{"@context":"https:\/\/schema.org","@graph":[{"@type":"Article","@id":"https:\/\/rafaramirez.org\/blog\/index.php\/2024\/07\/05\/6-de-julio-dia-internacional-de-los-beatles\/#article","isPartOf":{"@id":"https:\/\/rafaramirez.org\/blog\/index.php\/2024\/07\/05\/6-de-julio-dia-internacional-de-los-beatles\/"},"author":{"name":"Rafael Ram\u00edrez","@id":"https:\/\/rafaramirez.org\/blog\/#\/schema\/person\/50f43b6d60c578760d4c17bda54ab6a5"},"headline":"6 de julio: D\u00eda Internacional de Los Beatles.","datePublished":"2024-07-05T06:15:33+00:00","dateModified":"2024-07-05T06:22:13+00:00","mainEntityOfPage":{"@id":"https:\/\/rafaramirez.org\/blog\/index.php\/2024\/07\/05\/6-de-julio-dia-internacional-de-los-beatles\/"},"wordCount":496,"commentCount":0,"publisher":{"@id":"https:\/\/rafaramirez.org\/blog\/#\/schema\/person\/50f43b6d60c578760d4c17bda54ab6a5"},"image":{"@id":"https:\/\/rafaramirez.org\/blog\/index.php\/2024\/07\/05\/6-de-julio-dia-internacional-de-los-beatles\/#primaryimage"},"thumbnailUrl":"https:\/\/rafaramirez.org\/blog\/wp-content\/uploads\/2024\/07\/beatles_dia_banner_OK.jpg","keywords":["6 de julio","A Day in the Life","\u00e1lbum blanco\u00a0de The Beatles","Alemania en 1960","All you need is love","Back in the U.S.S.R.","blog de Rafael Ram\u00edrez","Come together","cultura mundial","d\u00e9cada de los 60","D\u00eda Internacional de Los Beatles","Disney World","efem\u00e9rides","el\u00a0arte","el cine","George Harrison","Help","Here comes the sun","Hey Jude","Hotel Polynesian Village","john lennon","Let It Be","Liverpool","Love me do","Michelle","moda","m\u00fasica recomendada","noticias musicales","Orquesta Filarm\u00f3nica de Londres","Paul McCartney","recomendaciones musicales","Ringo Starr","Scrambled eggs","Sgt. Pepper\u2019s Lonely Hearts Club Band","sonido distintivo","The Beatles","The Quarrymen","video musical","videoclip musical","videos musicales","White Album 1968","Woolton Village","Yesterday"],"articleSection":["Efem\u00e9rides","M\u00fasica"],"inLanguage":"es","potentialAction":[{"@type":"CommentAction","name":"Comment","target":["https:\/\/rafaramirez.org\/blog\/index.php\/2024\/07\/05\/6-de-julio-dia-internacional-de-los-beatles\/#respond"]}]},{"@type":"WebPage","@id":"https:\/\/rafaramirez.org\/blog\/index.php\/2024\/07\/05\/6-de-julio-dia-internacional-de-los-beatles\/","url":"https:\/\/rafaramirez.org\/blog\/index.php\/2024\/07\/05\/6-de-julio-dia-internacional-de-los-beatles\/","name":"6 de julio: D\u00eda Internacional de Los Beatles. - Blog de Rafael Ram\u00edrez","isPartOf":{"@id":"https:\/\/rafaramirez.org\/blog\/#website"},"primaryImageOfPage":{"@id":"https:\/\/rafaramirez.org\/blog\/index.php\/2024\/07\/05\/6-de-julio-dia-internacional-de-los-beatles\/#primaryimage"},"image":{"@id":"https:\/\/rafaramirez.org\/blog\/index.php\/2024\/07\/05\/6-de-julio-dia-internacional-de-los-beatles\/#primaryimage"},"thumbnailUrl":"https:\/\/rafaramirez.org\/blog\/wp-content\/uploads\/2024\/07\/beatles_dia_banner_OK.jpg","datePublished":"2024-07-05T06:15:33+00:00","dateModified":"2024-07-05T06:22:13+00:00","breadcrumb":{"@id":"https:\/\/rafaramirez.org\/blog\/index.php\/2024\/07\/05\/6-de-julio-dia-internacional-de-los-beatles\/#breadcrumb"},"inLanguage":"es","potentialAction":[{"@type":"ReadAction","target":["https:\/\/rafaramirez.org\/blog\/index.php\/2024\/07\/05\/6-de-julio-dia-internacional-de-los-beatles\/"]}]},{"@type":"ImageObject","inLanguage":"es","@id":"https:\/\/rafaramirez.org\/blog\/index.php\/2024\/07\/05\/6-de-julio-dia-internacional-de-los-beatles\/#primaryimage","url":"https:\/\/rafaramirez.org\/blog\/wp-content\/uploads\/2024\/07\/beatles_dia_banner_OK.jpg","contentUrl":"https:\/\/rafaramirez.org\/blog\/wp-content\/uploads\/2024\/07\/beatles_dia_banner_OK.jpg","width":750,"height":550,"caption":"D\u00eda Internacional de Los Beatles. Blog de Rafael Ram\u00edrez."},{"@type":"BreadcrumbList","@id":"https:\/\/rafaramirez.org\/blog\/index.php\/2024\/07\/05\/6-de-julio-dia-internacional-de-los-beatles\/#breadcrumb","itemListElement":[{"@type":"ListItem","position":1,"name":"Portada","item":"https:\/\/rafaramirez.org\/blog\/"},{"@type":"ListItem","position":2,"name":"6 de julio: D\u00eda Internacional de Los Beatles."}]},{"@type":"WebSite","@id":"https:\/\/rafaramirez.org\/blog\/#website","url":"https:\/\/rafaramirez.org\/blog\/","name":"Blog de Rafael Ram\u00edrez","description":"Un sitio social, de arte y cultura","publisher":{"@id":"https:\/\/rafaramirez.org\/blog\/#\/schema\/person\/50f43b6d60c578760d4c17bda54ab6a5"},"potentialAction":[{"@type":"SearchAction","target":{"@type":"EntryPoint","urlTemplate":"https:\/\/rafaramirez.org\/blog\/?s={search_term_string}"},"query-input":{"@type":"PropertyValueSpecification","valueRequired":true,"valueName":"search_term_string"}}],"inLanguage":"es"},{"@type":["Person","Organization"],"@id":"https:\/\/rafaramirez.org\/blog\/#\/schema\/person\/50f43b6d60c578760d4c17bda54ab6a5","name":"Rafael Ram\u00edrez","image":{"@type":"ImageObject","inLanguage":"es","@id":"https:\/\/rafaramirez.org\/blog\/wp-content\/uploads\/2024\/09\/RR_socialnetwork.jpg","url":"https:\/\/rafaramirez.org\/blog\/wp-content\/uploads\/2024\/09\/RR_socialnetwork.jpg","contentUrl":"https:\/\/rafaramirez.org\/blog\/wp-content\/uploads\/2024\/09\/RR_socialnetwork.jpg","width":600,"height":606,"caption":"Rafael Ram\u00edrez"},"logo":{"@id":"https:\/\/rafaramirez.org\/blog\/wp-content\/uploads\/2024\/09\/RR_socialnetwork.jpg"},"sameAs":["https:\/\/www.rafaramirez.org\/blog","https:\/\/www.instagram.com\/rafaramirez_ok\/","https:\/\/es.pinterest.com\/Ramirez_Rafa\/","https:\/\/x.com\/rafaramirez_ok"],"url":"https:\/\/rafaramirez.org\/blog\/index.php\/author\/rafaell_qm6j97da\/"}]}},"jetpack_publicize_connections":[],"jetpack_sharing_enabled":true,"jetpack_likes_enabled":true,"jetpack_featured_media_url":"https:\/\/rafaramirez.org\/blog\/wp-content\/uploads\/2024\/07\/beatles_dia_banner_OK.jpg","_links":{"self":[{"href":"https:\/\/rafaramirez.org\/blog\/index.php\/wp-json\/wp\/v2\/posts\/4936","targetHints":{"allow":["GET"]}}],"collection":[{"href":"https:\/\/rafaramirez.org\/blog\/index.php\/wp-json\/wp\/v2\/posts"}],"about":[{"href":"https:\/\/rafaramirez.org\/blog\/index.php\/wp-json\/wp\/v2\/types\/post"}],"author":[{"embeddable":true,"href":"https:\/\/rafaramirez.org\/blog\/index.php\/wp-json\/wp\/v2\/users\/1"}],"replies":[{"embeddable":true,"href":"https:\/\/rafaramirez.org\/blog\/index.php\/wp-json\/wp\/v2\/comments?post=4936"}],"version-history":[{"count":20,"href":"https:\/\/rafaramirez.org\/blog\/index.php\/wp-json\/wp\/v2\/posts\/4936\/revisions"}],"predecessor-version":[{"id":5101,"href":"https:\/\/rafaramirez.org\/blog\/index.php\/wp-json\/wp\/v2\/posts\/4936\/revisions\/5101"}],"wp:featuredmedia":[{"embeddable":true,"href":"https:\/\/rafaramirez.org\/blog\/index.php\/wp-json\/wp\/v2\/media\/4944"}],"wp:attachment":[{"href":"https:\/\/rafaramirez.org\/blog\/index.php\/wp-json\/wp\/v2\/media?parent=4936"}],"wp:term":[{"taxonomy":"category","embeddable":true,"href":"https:\/\/rafaramirez.org\/blog\/index.php\/wp-json\/wp\/v2\/categories?post=4936"},{"taxonomy":"post_tag","embeddable":true,"href":"https:\/\/rafaramirez.org\/blog\/index.php\/wp-json\/wp\/v2\/tags?post=4936"}],"curies":[{"name":"wp","href":"https:\/\/api.w.org\/{rel}","templated":true}]}}