{"id":4924,"date":"2024-07-04T08:15:58","date_gmt":"2024-07-04T06:15:58","guid":{"rendered":"https:\/\/rafaramirez.org\/blog\/?p=4924"},"modified":"2024-07-04T10:57:32","modified_gmt":"2024-07-04T08:57:32","slug":"cafe-irlandes-de-stephen-frears-pelicula-premiada-que-retrata-la-vida-de-la-clase-trabajadora-en-dublin-de-los-90","status":"publish","type":"post","link":"https:\/\/rafaramirez.org\/blog\/index.php\/2024\/07\/04\/cafe-irlandes-de-stephen-frears-pelicula-premiada-que-retrata-la-vida-de-la-clase-trabajadora-en-dublin-de-los-90\/","title":{"rendered":"\u00abCaf\u00e9 irland\u00e9s\u00bb de Stephen Frears: un retrato de la vida de la clase trabajadora en el Dubl\u00edn de los 90."},"content":{"rendered":"<p class=\"first-token\" data-sourcepos=\"1:1-1:149\">Hoy te hablo de<strong> Caf\u00e9 irland\u00e9s<\/strong> (t\u00edtulo original <strong>\u201cThe Snapper\u201d<\/strong>), tambi\u00e9n conocida como <strong>\u00abEsperando al beb\u00e9\u00bb<\/strong> en Hispanoam\u00e9rica, pel\u00edcula irlandesa de comedia dram\u00e1tica de 1993 dirigida por Stephen Frears. Se basa en la novela hom\u00f3nima de Roddy Doyle, quien tambi\u00e9n escribi\u00f3 el guion de la pel\u00edcula. El film explora las reacciones de una familia ante una situaci\u00f3n inesperada. La interpretaci\u00f3n de <strong>Colm Meaney <\/strong>como<strong> Dessie <\/strong><strong>Curley<\/strong> es especialmente destacada.<\/p>\n<figure id=\"attachment_4929\" aria-describedby=\"caption-attachment-4929\" style=\"width: 200px\" class=\"wp-caption aligncenter\"><a href=\"https:\/\/rafaramirez.org\/blog\/wp-content\/uploads\/2024\/07\/Cafe.Irlandes.dvd_.jpg\" target=\"_blank\" rel=\"noopener\"><img loading=\"lazy\" decoding=\"async\" class=\"wp-image-4929 size-medium\" src=\"https:\/\/rafaramirez.org\/blog\/wp-content\/uploads\/2024\/07\/Cafe.Irlandes.dvd_-200x300.jpg\" alt=\"Caf\u00e9 irland\u00e9s de Stephen Frears. Blog de Rafael Ram\u00edrez.\" width=\"200\" height=\"300\" srcset=\"https:\/\/rafaramirez.org\/blog\/wp-content\/uploads\/2024\/07\/Cafe.Irlandes.dvd_-200x300.jpg 200w, https:\/\/rafaramirez.org\/blog\/wp-content\/uploads\/2024\/07\/Cafe.Irlandes.dvd_-683x1024.jpg 683w, https:\/\/rafaramirez.org\/blog\/wp-content\/uploads\/2024\/07\/Cafe.Irlandes.dvd_-768x1152.jpg 768w, https:\/\/rafaramirez.org\/blog\/wp-content\/uploads\/2024\/07\/Cafe.Irlandes.dvd_-1024x1536.jpg 1024w, https:\/\/rafaramirez.org\/blog\/wp-content\/uploads\/2024\/07\/Cafe.Irlandes.dvd_.jpg 1280w\" sizes=\"auto, (max-width: 200px) 100vw, 200px\" \/><\/a><figcaption id=\"caption-attachment-4929\" class=\"wp-caption-text\">Caf\u00e9 irland\u00e9s de Stephen Frears. Blog de Rafael Ram\u00edrez.<\/figcaption><\/figure>\n<p data-sourcepos=\"3:1-3:13\"><strong>Sinopsis:<\/strong><\/p>\n<p data-sourcepos=\"5:1-5:2\">La pel\u00edcula gira en torno a la familia Curley, que vive en un barrio obrero de Dubl\u00edn. Cuando Sharon, la hija mayor de 20 a\u00f1os, queda embarazada, la noticia provoca un gran revuelo en la familia. El padre, Geordie, est\u00e1 furioso y exige saber qui\u00e9n es el padre del beb\u00e9. Sharon, sin embargo, se niega a revelar su nombre.<\/p>\n<p data-sourcepos=\"7:1-7:344\">A medida que avanza la pel\u00edcula, se revelan los secretos y las tensiones que subyacen en la familia Curley. Geordie lucha por aceptar la situaci\u00f3n, mientras que la madre de Sharon, Rita, intenta mantener unida a la familia. Los hermanos de Sharon tambi\u00e9n reaccionan de diversas maneras a la noticia, algunos con apoyo y otros con resentimiento.<\/p>\n<figure id=\"attachment_4930\" aria-describedby=\"caption-attachment-4930\" style=\"width: 300px\" class=\"wp-caption aligncenter\"><a href=\"https:\/\/rafaramirez.org\/blog\/wp-content\/uploads\/2024\/07\/Cafe.Irlandes.00.15.54.598.jpg\" target=\"_blank\" rel=\"noopener\"><img loading=\"lazy\" decoding=\"async\" class=\"wp-image-4930 size-medium\" src=\"https:\/\/rafaramirez.org\/blog\/wp-content\/uploads\/2024\/07\/Cafe.Irlandes.00.15.54.598-300x225.jpg\" alt=\"Caf\u00e9 irland\u00e9s de Stephen Frears. Blog de Rafael Ram\u00edrez.\" width=\"300\" height=\"225\" srcset=\"https:\/\/rafaramirez.org\/blog\/wp-content\/uploads\/2024\/07\/Cafe.Irlandes.00.15.54.598-300x225.jpg 300w, https:\/\/rafaramirez.org\/blog\/wp-content\/uploads\/2024\/07\/Cafe.Irlandes.00.15.54.598.jpg 768w\" sizes=\"auto, (max-width: 300px) 100vw, 300px\" \/><\/a><figcaption id=\"caption-attachment-4930\" class=\"wp-caption-text\">Caf\u00e9 irland\u00e9s de Stephen Frears. Blog de Rafael Ram\u00edrez.<\/figcaption><\/figure>\n<p data-sourcepos=\"9:1-9:10\"><strong>Temas:<\/strong><\/p>\n<ul data-sourcepos=\"11:1-12:81\">\n<li data-sourcepos=\"11:1-11:103\"><strong>Familia:<\/strong> La pel\u00edcula explora la din\u00e1mica familiar y c\u00f3mo se ve afectada por un evento inesperado.<\/li>\n<li data-sourcepos=\"12:1-12:81\"><strong>Embarazo:<\/strong> Se abordan temas como el embarazo adolescente, la paternidad y la sexualidad.<\/li>\n<li data-sourcepos=\"13:1-13:81\"><strong>Secretos:<\/strong> La pel\u00edcula revela c\u00f3mo los secretos pueden da\u00f1ar las relaciones.<\/li>\n<li data-sourcepos=\"14:1-15:0\"><strong>Clase social:<\/strong> La pel\u00edcula retrata la vida de la clase trabajadora en Dubl\u00edn en la d\u00e9cada de 1990.<\/li>\n<\/ul>\n<p data-sourcepos=\"16:1-16:30\"><strong>Premios y reconocimientos:<\/strong><\/p>\n<ul data-sourcepos=\"18:1-21:0\">\n<li data-sourcepos=\"18:1-18:47\"><strong>Premios Goya 1994:<\/strong> Mejor pel\u00edcula europea<\/li>\n<li data-sourcepos=\"19:1-19:87\"><strong>Festival de Cine de Valladolid 1993:<\/strong> Espiga de Plata y Mejor actriz (Ruth McCabe)<\/li>\n<li data-sourcepos=\"20:1-21:0\"><strong>Festival Internacional de Cine de Toronto 1993:<\/strong> Premio del P\u00fablico<\/li>\n<li data-sourcepos=\"20:1-21:0\"><strong>Globos de oro 1993:<\/strong> Nominaci\u00f3n a Mejor actor principal por la interpretaci\u00f3n de Colm Meaney.<\/li>\n<\/ul>\n<p data-sourcepos=\"22:1-22:14\"><strong>Acogida:<\/strong><\/p>\n<p data-sourcepos=\"24:1-24:219\"><strong>Caf\u00e9 irland\u00e9s<\/strong> fue aclamada por la cr\u00edtica por su humor negro, sus personajes realistas y su retrato de la vida familiar. La pel\u00edcula tambi\u00e9n fue un \u00e9xito de taquilla, recaudando m\u00e1s de 20 millones de d\u00f3lares en todo el mundo.<\/p>\n<figure id=\"attachment_4931\" aria-describedby=\"caption-attachment-4931\" style=\"width: 300px\" class=\"wp-caption aligncenter\"><a href=\"https:\/\/rafaramirez.org\/blog\/wp-content\/uploads\/2024\/07\/Cafe.Irlandes.01.10.48.079.jpg\" target=\"_blank\" rel=\"noopener\"><img loading=\"lazy\" decoding=\"async\" class=\"wp-image-4931 size-medium\" src=\"https:\/\/rafaramirez.org\/blog\/wp-content\/uploads\/2024\/07\/Cafe.Irlandes.01.10.48.079-300x225.jpg\" alt=\"Caf\u00e9 irland\u00e9s de Stephen Frears. Blog de Rafael Ram\u00edrez.\" width=\"300\" height=\"225\" srcset=\"https:\/\/rafaramirez.org\/blog\/wp-content\/uploads\/2024\/07\/Cafe.Irlandes.01.10.48.079-300x225.jpg 300w, https:\/\/rafaramirez.org\/blog\/wp-content\/uploads\/2024\/07\/Cafe.Irlandes.01.10.48.079.jpg 768w\" sizes=\"auto, (max-width: 300px) 100vw, 300px\" \/><\/a><figcaption id=\"caption-attachment-4931\" class=\"wp-caption-text\">Caf\u00e9 irland\u00e9s de Stephen Frears. Blog de Rafael Ram\u00edrez.<\/figcaption><\/figure>\n<p data-sourcepos=\"28:1-28:61\"><strong>Aqu\u00ed te dejo algunos datos adicionales sobre la pel\u00edcula:<\/strong><\/p>\n<ul data-sourcepos=\"30:1-30:56\">\n<li data-sourcepos=\"30:1-30:56\"><strong>Reparto:<\/strong> Tina Kellegher, Colm Meaney, Ruth McCabe, Angeline Ball, Bronagh Gallagher, Fergal O&#8217;Connell, Brendan Gleeson<\/li>\n<li data-sourcepos=\"31:1-31:31\"><strong>M\u00fasica:<\/strong> Zbigniew Preisner<\/li>\n<li data-sourcepos=\"32:1-32:35\"><strong>Fotograf\u00eda:<\/strong> Christopher Doyle<\/li>\n<li data-sourcepos=\"33:1-34:0\"><strong>Duraci\u00f3n:<\/strong> 94 minutos<\/li>\n<\/ul>\n<p><strong>Trailer.<\/strong><\/p>\n<p><iframe loading=\"lazy\" title=\"YouTube video player\" src=\"https:\/\/www.youtube.com\/embed\/_d5Yuldpcas?si=qRF5gd-wwi9QZDYI\" width=\"560\" height=\"315\" frameborder=\"0\" allowfullscreen=\"allowfullscreen\"><\/iframe><\/p>\n<p data-sourcepos=\"35:1-35:107\"><strong>Espero que esta informaci\u00f3n te haya sido \u00fatil y te guste la pel\u00edcula. Puedes dejar tus comentarios debajo del post \u00a1Saludos! <\/strong><\/p>\n<p data-sourcepos=\"35:1-35:107\">M\u00e1s informaci\u00f3n:<\/p>\n<ul>\n<li data-sourcepos=\"35:1-35:107\"><a href=\"https:\/\/www.google.com\/search?q=comprar+pel%C3%ADcula+caf%C3%A9+irland%C3%A9s+de+stephen+frears\" target=\"_blank\" rel=\"noopener\">D\u00f3nde comprar pel\u00edcula.<\/a><\/li>\n<li data-sourcepos=\"35:1-35:107\"><a href=\"https:\/\/www.filmaffinity.com\/es\/film942803.html\" target=\"_blank\" rel=\"noopener\">FilmAffinity.com<\/a><\/li>\n<li data-sourcepos=\"35:1-35:107\"><a href=\"https:\/\/es.wikipedia.org\/wiki\/The_Snapper\" target=\"_blank\" rel=\"noopener\">Wikipedia.es<\/a><\/li>\n<\/ul>\n","protected":false},"excerpt":{"rendered":"<p>Hoy te hablo de Caf\u00e9 irland\u00e9s (t\u00edtulo original \u201cThe Snapper\u201d), tambi\u00e9n conocida como \u00abEsperando al beb\u00e9\u00bb en Hispanoam\u00e9rica, pel\u00edcula irlandesa de comedia dram\u00e1tica de 1993 dirigida por Stephen Frears. Se basa en la novela hom\u00f3nima de Roddy Doyle, quien tambi\u00e9n escribi\u00f3 el guion de la pel\u00edcula. El film explora las reacciones de una familia ante [&hellip;]<\/p>\n","protected":false},"author":1,"featured_media":4928,"comment_status":"open","ping_status":"closed","sticky":false,"template":"","format":"standard","meta":{"site-container-style":"default","site-container-layout":"default","site-sidebar-layout":"default","disable-article-header":"default","disable-site-header":"default","disable-site-footer":"default","disable-content-area-spacing":"default","_jetpack_newsletter_access":"","_jetpack_dont_email_post_to_subs":false,"_jetpack_newsletter_tier_id":0,"_jetpack_memberships_contains_paywalled_content":false,"_jetpack_feature_clip_id":0,"_jetpack_memberships_contains_paid_content":false,"footnotes":"","jetpack_publicize_message":"","jetpack_publicize_feature_enabled":true,"jetpack_social_post_already_shared":false,"jetpack_social_options":{"image_generator_settings":{"template":"highway","default_image_id":0,"font":"","enabled":false},"version":2},"jetpack_post_was_ever_published":false},"categories":[711],"tags":[2621,2615,2623,1219,2634,2632,2610,2636,899,1569,2240,2619,2617,2614,762,1456,131,2620,2613,2625,2633,2624,2628,2054,1314,2630,2626,2611,897,2618,2629,2622,1217,2627,2616,2612,2631,2635],"class_list":["post-4924","post","type-post","status-publish","format-standard","has-post-thumbnail","hentry","category-cine","tag-2621","tag-2615","tag-2623","tag-angeline-ball","tag-brendan-gleeson","tag-bronagh-gallagher","tag-cafe-irlandes-de-stephen-frears","tag-christopher-doyle","tag-cine-clasico","tag-cine-de-comedia","tag-cine-social","tag-clase-trabajadora-en-dublin","tag-colm-meaney","tag-comedia-dramatica","tag-critica-de-cine","tag-critica-de-peliculas","tag-curiosidades-de-peliculas","tag-dublin","tag-esperando-al-bebe","tag-espiga-de-plata","tag-fergal-oconnell","tag-festival-de-cine-de-valladolid","tag-festival-internacional-de-cine-de-toronto","tag-globos-de-oro","tag-irlanda","tag-mejor-actor-principal","tag-mejor-actriz","tag-pelicula-premiada","tag-pelicula-recomendada","tag-personajes-realistas","tag-premio-del-publico","tag-premios-goya","tag-roddy-doyle","tag-ruth-mccabe","tag-stephen-frears","tag-the-snapper","tag-tina-kellegher","tag-zbigniew-preisner"],"yoast_head":"<!-- This site is optimized with the Yoast SEO plugin v28.4 - https:\/\/yoast.com\/product\/yoast-seo-wordpress\/ -->\n<title>&quot;Caf\u00e9 irland\u00e9s&quot; de Stephen Frears: un retrato de la vida de la clase trabajadora en el Dubl\u00edn de los 90. - Blog de Rafael Ram\u00edrez<\/title>\n<meta name=\"robots\" content=\"index, follow, max-snippet:-1, max-image-preview:large, max-video-preview:-1\" \/>\n<link rel=\"canonical\" href=\"https:\/\/rafaramirez.org\/blog\/index.php\/2024\/07\/04\/cafe-irlandes-de-stephen-frears-pelicula-premiada-que-retrata-la-vida-de-la-clase-trabajadora-en-dublin-de-los-90\/\" \/>\n<meta property=\"og:locale\" content=\"es_ES\" \/>\n<meta property=\"og:type\" content=\"article\" \/>\n<meta property=\"og:title\" content=\"&quot;Caf\u00e9 irland\u00e9s&quot; de Stephen Frears: un retrato de la vida de la clase trabajadora en el Dubl\u00edn de los 90. - Blog de Rafael Ram\u00edrez\" \/>\n<meta property=\"og:description\" content=\"Hoy te hablo de Caf\u00e9 irland\u00e9s (t\u00edtulo original \u201cThe Snapper\u201d), tambi\u00e9n conocida como \u00abEsperando al beb\u00e9\u00bb en Hispanoam\u00e9rica, pel\u00edcula irlandesa de comedia dram\u00e1tica de 1993 dirigida por Stephen Frears. Se basa en la novela hom\u00f3nima de Roddy Doyle, quien tambi\u00e9n escribi\u00f3 el guion de la pel\u00edcula. El film explora las reacciones de una familia ante [&hellip;]\" \/>\n<meta property=\"og:url\" content=\"https:\/\/rafaramirez.org\/blog\/index.php\/2024\/07\/04\/cafe-irlandes-de-stephen-frears-pelicula-premiada-que-retrata-la-vida-de-la-clase-trabajadora-en-dublin-de-los-90\/\" \/>\n<meta property=\"og:site_name\" content=\"Blog de Rafael Ram\u00edrez\" \/>\n<meta property=\"article:published_time\" content=\"2024-07-04T06:15:58+00:00\" \/>\n<meta property=\"article:modified_time\" content=\"2024-07-04T08:57:32+00:00\" \/>\n<meta property=\"og:image\" content=\"https:\/\/rafaramirez.org\/blog\/wp-content\/uploads\/2024\/07\/Cafe.Irlandes.banner.jpg\" \/>\n\t<meta property=\"og:image:width\" content=\"750\" \/>\n\t<meta property=\"og:image:height\" content=\"498\" \/>\n\t<meta property=\"og:image:type\" content=\"image\/jpeg\" \/>\n<meta name=\"author\" content=\"Rafael Ram\u00edrez\" \/>\n<meta name=\"twitter:card\" content=\"summary_large_image\" \/>\n<meta name=\"twitter:creator\" content=\"@rafaramirez_ok\" \/>\n<meta name=\"twitter:site\" content=\"@rafaramirez_ok\" \/>\n<meta name=\"twitter:label1\" content=\"Escrito por\" \/>\n\t<meta name=\"twitter:data1\" content=\"Rafael Ram\u00edrez\" \/>\n\t<meta name=\"twitter:label2\" content=\"Tiempo de lectura\" \/>\n\t<meta name=\"twitter:data2\" content=\"2 minutos\" \/>\n<script type=\"application\/ld+json\" class=\"yoast-schema-graph\">{\"@context\":\"https:\\\/\\\/schema.org\",\"@graph\":[{\"@type\":\"Article\",\"@id\":\"https:\\\/\\\/rafaramirez.org\\\/blog\\\/index.php\\\/2024\\\/07\\\/04\\\/cafe-irlandes-de-stephen-frears-pelicula-premiada-que-retrata-la-vida-de-la-clase-trabajadora-en-dublin-de-los-90\\\/#article\",\"isPartOf\":{\"@id\":\"https:\\\/\\\/rafaramirez.org\\\/blog\\\/index.php\\\/2024\\\/07\\\/04\\\/cafe-irlandes-de-stephen-frears-pelicula-premiada-que-retrata-la-vida-de-la-clase-trabajadora-en-dublin-de-los-90\\\/\"},\"author\":{\"name\":\"Rafael Ram\u00edrez\",\"@id\":\"https:\\\/\\\/rafaramirez.org\\\/blog\\\/#\\\/schema\\\/person\\\/50f43b6d60c578760d4c17bda54ab6a5\"},\"headline\":\"\u00abCaf\u00e9 irland\u00e9s\u00bb de Stephen Frears: un retrato de la vida de la clase trabajadora en el Dubl\u00edn de los 90.\",\"datePublished\":\"2024-07-04T06:15:58+00:00\",\"dateModified\":\"2024-07-04T08:57:32+00:00\",\"mainEntityOfPage\":{\"@id\":\"https:\\\/\\\/rafaramirez.org\\\/blog\\\/index.php\\\/2024\\\/07\\\/04\\\/cafe-irlandes-de-stephen-frears-pelicula-premiada-que-retrata-la-vida-de-la-clase-trabajadora-en-dublin-de-los-90\\\/\"},\"wordCount\":512,\"commentCount\":0,\"publisher\":{\"@id\":\"https:\\\/\\\/rafaramirez.org\\\/blog\\\/#\\\/schema\\\/person\\\/50f43b6d60c578760d4c17bda54ab6a5\"},\"image\":{\"@id\":\"https:\\\/\\\/rafaramirez.org\\\/blog\\\/index.php\\\/2024\\\/07\\\/04\\\/cafe-irlandes-de-stephen-frears-pelicula-premiada-que-retrata-la-vida-de-la-clase-trabajadora-en-dublin-de-los-90\\\/#primaryimage\"},\"thumbnailUrl\":\"https:\\\/\\\/rafaramirez.org\\\/blog\\\/wp-content\\\/uploads\\\/2024\\\/07\\\/Cafe.Irlandes.banner.jpg\",\"keywords\":[\"1990\",\"1993\",\"1994\",\"Angeline Ball\",\"Brendan Gleeson\",\"Bronagh Gallagher\",\"Caf\u00e9 irland\u00e9s de Stephen Frears\",\"Christopher Doyle\",\"cine cl\u00e1sico\",\"cine de comedia\",\"cine social\",\"clase trabajadora en Dubl\u00edn\",\"Colm Meaney\",\"comedia dram\u00e1tica\",\"cr\u00edtica de cine\",\"cr\u00edtica de pel\u00edculas\",\"curiosidades de peliculas\",\"Dubl\u00edn\",\"Esperando al beb\u00e9\",\"Espiga de Plata\",\"Fergal O'Connell\",\"Festival de Cine de Valladolid\",\"Festival Internacional de Cine de Toronto\",\"Globos de Oro\",\"Irlanda\",\"Mejor actor principal\",\"Mejor actriz\",\"pel\u00edcula premiada\",\"pel\u00edcula recomendada\",\"personajes realistas\",\"Premio del P\u00fablico\",\"Premios Goya\",\"Roddy Doyle\",\"Ruth McCabe\",\"Stephen Frears\",\"The Snapper\",\"Tina Kellegher\",\"Zbigniew Preisner\"],\"articleSection\":[\"Cine\"],\"inLanguage\":\"es\",\"potentialAction\":[{\"@type\":\"CommentAction\",\"name\":\"Comment\",\"target\":[\"https:\\\/\\\/rafaramirez.org\\\/blog\\\/index.php\\\/2024\\\/07\\\/04\\\/cafe-irlandes-de-stephen-frears-pelicula-premiada-que-retrata-la-vida-de-la-clase-trabajadora-en-dublin-de-los-90\\\/#respond\"]}]},{\"@type\":\"WebPage\",\"@id\":\"https:\\\/\\\/rafaramirez.org\\\/blog\\\/index.php\\\/2024\\\/07\\\/04\\\/cafe-irlandes-de-stephen-frears-pelicula-premiada-que-retrata-la-vida-de-la-clase-trabajadora-en-dublin-de-los-90\\\/\",\"url\":\"https:\\\/\\\/rafaramirez.org\\\/blog\\\/index.php\\\/2024\\\/07\\\/04\\\/cafe-irlandes-de-stephen-frears-pelicula-premiada-que-retrata-la-vida-de-la-clase-trabajadora-en-dublin-de-los-90\\\/\",\"name\":\"\\\"Caf\u00e9 irland\u00e9s\\\" de Stephen Frears: un retrato de la vida de la clase trabajadora en el Dubl\u00edn de los 90. - Blog de Rafael Ram\u00edrez\",\"isPartOf\":{\"@id\":\"https:\\\/\\\/rafaramirez.org\\\/blog\\\/#website\"},\"primaryImageOfPage\":{\"@id\":\"https:\\\/\\\/rafaramirez.org\\\/blog\\\/index.php\\\/2024\\\/07\\\/04\\\/cafe-irlandes-de-stephen-frears-pelicula-premiada-que-retrata-la-vida-de-la-clase-trabajadora-en-dublin-de-los-90\\\/#primaryimage\"},\"image\":{\"@id\":\"https:\\\/\\\/rafaramirez.org\\\/blog\\\/index.php\\\/2024\\\/07\\\/04\\\/cafe-irlandes-de-stephen-frears-pelicula-premiada-que-retrata-la-vida-de-la-clase-trabajadora-en-dublin-de-los-90\\\/#primaryimage\"},\"thumbnailUrl\":\"https:\\\/\\\/rafaramirez.org\\\/blog\\\/wp-content\\\/uploads\\\/2024\\\/07\\\/Cafe.Irlandes.banner.jpg\",\"datePublished\":\"2024-07-04T06:15:58+00:00\",\"dateModified\":\"2024-07-04T08:57:32+00:00\",\"breadcrumb\":{\"@id\":\"https:\\\/\\\/rafaramirez.org\\\/blog\\\/index.php\\\/2024\\\/07\\\/04\\\/cafe-irlandes-de-stephen-frears-pelicula-premiada-que-retrata-la-vida-de-la-clase-trabajadora-en-dublin-de-los-90\\\/#breadcrumb\"},\"inLanguage\":\"es\",\"potentialAction\":[{\"@type\":\"ReadAction\",\"target\":[\"https:\\\/\\\/rafaramirez.org\\\/blog\\\/index.php\\\/2024\\\/07\\\/04\\\/cafe-irlandes-de-stephen-frears-pelicula-premiada-que-retrata-la-vida-de-la-clase-trabajadora-en-dublin-de-los-90\\\/\"]}]},{\"@type\":\"ImageObject\",\"inLanguage\":\"es\",\"@id\":\"https:\\\/\\\/rafaramirez.org\\\/blog\\\/index.php\\\/2024\\\/07\\\/04\\\/cafe-irlandes-de-stephen-frears-pelicula-premiada-que-retrata-la-vida-de-la-clase-trabajadora-en-dublin-de-los-90\\\/#primaryimage\",\"url\":\"https:\\\/\\\/rafaramirez.org\\\/blog\\\/wp-content\\\/uploads\\\/2024\\\/07\\\/Cafe.Irlandes.banner.jpg\",\"contentUrl\":\"https:\\\/\\\/rafaramirez.org\\\/blog\\\/wp-content\\\/uploads\\\/2024\\\/07\\\/Cafe.Irlandes.banner.jpg\",\"width\":750,\"height\":498,\"caption\":\"Caf\u00e9 irland\u00e9s de Stephen Frears. Pel\u00edcula recomendada. Blog de Rafael Ram\u00edrez.\"},{\"@type\":\"BreadcrumbList\",\"@id\":\"https:\\\/\\\/rafaramirez.org\\\/blog\\\/index.php\\\/2024\\\/07\\\/04\\\/cafe-irlandes-de-stephen-frears-pelicula-premiada-que-retrata-la-vida-de-la-clase-trabajadora-en-dublin-de-los-90\\\/#breadcrumb\",\"itemListElement\":[{\"@type\":\"ListItem\",\"position\":1,\"name\":\"Portada\",\"item\":\"https:\\\/\\\/rafaramirez.org\\\/blog\\\/\"},{\"@type\":\"ListItem\",\"position\":2,\"name\":\"\u00abCaf\u00e9 irland\u00e9s\u00bb de Stephen Frears: un retrato de la vida de la clase trabajadora en el Dubl\u00edn de los 90.\"}]},{\"@type\":\"WebSite\",\"@id\":\"https:\\\/\\\/rafaramirez.org\\\/blog\\\/#website\",\"url\":\"https:\\\/\\\/rafaramirez.org\\\/blog\\\/\",\"name\":\"Blog de Rafael Ram\u00edrez\",\"description\":\"Un sitio social, de arte y cultura\",\"publisher\":{\"@id\":\"https:\\\/\\\/rafaramirez.org\\\/blog\\\/#\\\/schema\\\/person\\\/50f43b6d60c578760d4c17bda54ab6a5\"},\"potentialAction\":[{\"@type\":\"SearchAction\",\"target\":{\"@type\":\"EntryPoint\",\"urlTemplate\":\"https:\\\/\\\/rafaramirez.org\\\/blog\\\/?s={search_term_string}\"},\"query-input\":{\"@type\":\"PropertyValueSpecification\",\"valueRequired\":true,\"valueName\":\"search_term_string\"}}],\"inLanguage\":\"es\"},{\"@type\":[\"Person\",\"Organization\"],\"@id\":\"https:\\\/\\\/rafaramirez.org\\\/blog\\\/#\\\/schema\\\/person\\\/50f43b6d60c578760d4c17bda54ab6a5\",\"name\":\"Rafael Ram\u00edrez\",\"image\":{\"@type\":\"ImageObject\",\"inLanguage\":\"es\",\"@id\":\"https:\\\/\\\/rafaramirez.org\\\/blog\\\/wp-content\\\/uploads\\\/2024\\\/09\\\/RR_socialnetwork.jpg\",\"url\":\"https:\\\/\\\/rafaramirez.org\\\/blog\\\/wp-content\\\/uploads\\\/2024\\\/09\\\/RR_socialnetwork.jpg\",\"contentUrl\":\"https:\\\/\\\/rafaramirez.org\\\/blog\\\/wp-content\\\/uploads\\\/2024\\\/09\\\/RR_socialnetwork.jpg\",\"width\":600,\"height\":606,\"caption\":\"Rafael Ram\u00edrez\"},\"logo\":{\"@id\":\"https:\\\/\\\/rafaramirez.org\\\/blog\\\/wp-content\\\/uploads\\\/2024\\\/09\\\/RR_socialnetwork.jpg\"},\"sameAs\":[\"https:\\\/\\\/www.rafaramirez.org\\\/blog\",\"https:\\\/\\\/www.instagram.com\\\/rafaramirez_ok\\\/\",\"https:\\\/\\\/es.pinterest.com\\\/Ramirez_Rafa\\\/\",\"https:\\\/\\\/x.com\\\/rafaramirez_ok\"],\"url\":\"https:\\\/\\\/rafaramirez.org\\\/blog\\\/index.php\\\/author\\\/rafaell_qm6j97da\\\/\"}]}<\/script>\n<!-- \/ Yoast SEO plugin. -->","yoast_head_json":{"title":"\"Caf\u00e9 irland\u00e9s\" de Stephen Frears: un retrato de la vida de la clase trabajadora en el Dubl\u00edn de los 90. - Blog de Rafael Ram\u00edrez","robots":{"index":"index","follow":"follow","max-snippet":"max-snippet:-1","max-image-preview":"max-image-preview:large","max-video-preview":"max-video-preview:-1"},"canonical":"https:\/\/rafaramirez.org\/blog\/index.php\/2024\/07\/04\/cafe-irlandes-de-stephen-frears-pelicula-premiada-que-retrata-la-vida-de-la-clase-trabajadora-en-dublin-de-los-90\/","og_locale":"es_ES","og_type":"article","og_title":"\"Caf\u00e9 irland\u00e9s\" de Stephen Frears: un retrato de la vida de la clase trabajadora en el Dubl\u00edn de los 90. - Blog de Rafael Ram\u00edrez","og_description":"Hoy te hablo de Caf\u00e9 irland\u00e9s (t\u00edtulo original \u201cThe Snapper\u201d), tambi\u00e9n conocida como \u00abEsperando al beb\u00e9\u00bb en Hispanoam\u00e9rica, pel\u00edcula irlandesa de comedia dram\u00e1tica de 1993 dirigida por Stephen Frears. Se basa en la novela hom\u00f3nima de Roddy Doyle, quien tambi\u00e9n escribi\u00f3 el guion de la pel\u00edcula. El film explora las reacciones de una familia ante [&hellip;]","og_url":"https:\/\/rafaramirez.org\/blog\/index.php\/2024\/07\/04\/cafe-irlandes-de-stephen-frears-pelicula-premiada-que-retrata-la-vida-de-la-clase-trabajadora-en-dublin-de-los-90\/","og_site_name":"Blog de Rafael Ram\u00edrez","article_published_time":"2024-07-04T06:15:58+00:00","article_modified_time":"2024-07-04T08:57:32+00:00","og_image":[{"width":750,"height":498,"url":"https:\/\/rafaramirez.org\/blog\/wp-content\/uploads\/2024\/07\/Cafe.Irlandes.banner.jpg","type":"image\/jpeg"}],"author":"Rafael Ram\u00edrez","twitter_card":"summary_large_image","twitter_creator":"@rafaramirez_ok","twitter_site":"@rafaramirez_ok","twitter_misc":{"Escrito por":"Rafael Ram\u00edrez","Tiempo de lectura":"2 minutos"},"schema":{"@context":"https:\/\/schema.org","@graph":[{"@type":"Article","@id":"https:\/\/rafaramirez.org\/blog\/index.php\/2024\/07\/04\/cafe-irlandes-de-stephen-frears-pelicula-premiada-que-retrata-la-vida-de-la-clase-trabajadora-en-dublin-de-los-90\/#article","isPartOf":{"@id":"https:\/\/rafaramirez.org\/blog\/index.php\/2024\/07\/04\/cafe-irlandes-de-stephen-frears-pelicula-premiada-que-retrata-la-vida-de-la-clase-trabajadora-en-dublin-de-los-90\/"},"author":{"name":"Rafael Ram\u00edrez","@id":"https:\/\/rafaramirez.org\/blog\/#\/schema\/person\/50f43b6d60c578760d4c17bda54ab6a5"},"headline":"\u00abCaf\u00e9 irland\u00e9s\u00bb de Stephen Frears: un retrato de la vida de la clase trabajadora en el Dubl\u00edn de los 90.","datePublished":"2024-07-04T06:15:58+00:00","dateModified":"2024-07-04T08:57:32+00:00","mainEntityOfPage":{"@id":"https:\/\/rafaramirez.org\/blog\/index.php\/2024\/07\/04\/cafe-irlandes-de-stephen-frears-pelicula-premiada-que-retrata-la-vida-de-la-clase-trabajadora-en-dublin-de-los-90\/"},"wordCount":512,"commentCount":0,"publisher":{"@id":"https:\/\/rafaramirez.org\/blog\/#\/schema\/person\/50f43b6d60c578760d4c17bda54ab6a5"},"image":{"@id":"https:\/\/rafaramirez.org\/blog\/index.php\/2024\/07\/04\/cafe-irlandes-de-stephen-frears-pelicula-premiada-que-retrata-la-vida-de-la-clase-trabajadora-en-dublin-de-los-90\/#primaryimage"},"thumbnailUrl":"https:\/\/rafaramirez.org\/blog\/wp-content\/uploads\/2024\/07\/Cafe.Irlandes.banner.jpg","keywords":["1990","1993","1994","Angeline Ball","Brendan Gleeson","Bronagh Gallagher","Caf\u00e9 irland\u00e9s de Stephen Frears","Christopher Doyle","cine cl\u00e1sico","cine de comedia","cine social","clase trabajadora en Dubl\u00edn","Colm Meaney","comedia dram\u00e1tica","cr\u00edtica de cine","cr\u00edtica de pel\u00edculas","curiosidades de peliculas","Dubl\u00edn","Esperando al beb\u00e9","Espiga de Plata","Fergal O'Connell","Festival de Cine de Valladolid","Festival Internacional de Cine de Toronto","Globos de Oro","Irlanda","Mejor actor principal","Mejor actriz","pel\u00edcula premiada","pel\u00edcula recomendada","personajes realistas","Premio del P\u00fablico","Premios Goya","Roddy Doyle","Ruth McCabe","Stephen Frears","The Snapper","Tina Kellegher","Zbigniew Preisner"],"articleSection":["Cine"],"inLanguage":"es","potentialAction":[{"@type":"CommentAction","name":"Comment","target":["https:\/\/rafaramirez.org\/blog\/index.php\/2024\/07\/04\/cafe-irlandes-de-stephen-frears-pelicula-premiada-que-retrata-la-vida-de-la-clase-trabajadora-en-dublin-de-los-90\/#respond"]}]},{"@type":"WebPage","@id":"https:\/\/rafaramirez.org\/blog\/index.php\/2024\/07\/04\/cafe-irlandes-de-stephen-frears-pelicula-premiada-que-retrata-la-vida-de-la-clase-trabajadora-en-dublin-de-los-90\/","url":"https:\/\/rafaramirez.org\/blog\/index.php\/2024\/07\/04\/cafe-irlandes-de-stephen-frears-pelicula-premiada-que-retrata-la-vida-de-la-clase-trabajadora-en-dublin-de-los-90\/","name":"\"Caf\u00e9 irland\u00e9s\" de Stephen Frears: un retrato de la vida de la clase trabajadora en el Dubl\u00edn de los 90. - Blog de Rafael Ram\u00edrez","isPartOf":{"@id":"https:\/\/rafaramirez.org\/blog\/#website"},"primaryImageOfPage":{"@id":"https:\/\/rafaramirez.org\/blog\/index.php\/2024\/07\/04\/cafe-irlandes-de-stephen-frears-pelicula-premiada-que-retrata-la-vida-de-la-clase-trabajadora-en-dublin-de-los-90\/#primaryimage"},"image":{"@id":"https:\/\/rafaramirez.org\/blog\/index.php\/2024\/07\/04\/cafe-irlandes-de-stephen-frears-pelicula-premiada-que-retrata-la-vida-de-la-clase-trabajadora-en-dublin-de-los-90\/#primaryimage"},"thumbnailUrl":"https:\/\/rafaramirez.org\/blog\/wp-content\/uploads\/2024\/07\/Cafe.Irlandes.banner.jpg","datePublished":"2024-07-04T06:15:58+00:00","dateModified":"2024-07-04T08:57:32+00:00","breadcrumb":{"@id":"https:\/\/rafaramirez.org\/blog\/index.php\/2024\/07\/04\/cafe-irlandes-de-stephen-frears-pelicula-premiada-que-retrata-la-vida-de-la-clase-trabajadora-en-dublin-de-los-90\/#breadcrumb"},"inLanguage":"es","potentialAction":[{"@type":"ReadAction","target":["https:\/\/rafaramirez.org\/blog\/index.php\/2024\/07\/04\/cafe-irlandes-de-stephen-frears-pelicula-premiada-que-retrata-la-vida-de-la-clase-trabajadora-en-dublin-de-los-90\/"]}]},{"@type":"ImageObject","inLanguage":"es","@id":"https:\/\/rafaramirez.org\/blog\/index.php\/2024\/07\/04\/cafe-irlandes-de-stephen-frears-pelicula-premiada-que-retrata-la-vida-de-la-clase-trabajadora-en-dublin-de-los-90\/#primaryimage","url":"https:\/\/rafaramirez.org\/blog\/wp-content\/uploads\/2024\/07\/Cafe.Irlandes.banner.jpg","contentUrl":"https:\/\/rafaramirez.org\/blog\/wp-content\/uploads\/2024\/07\/Cafe.Irlandes.banner.jpg","width":750,"height":498,"caption":"Caf\u00e9 irland\u00e9s de Stephen Frears. Pel\u00edcula recomendada. Blog de Rafael Ram\u00edrez."},{"@type":"BreadcrumbList","@id":"https:\/\/rafaramirez.org\/blog\/index.php\/2024\/07\/04\/cafe-irlandes-de-stephen-frears-pelicula-premiada-que-retrata-la-vida-de-la-clase-trabajadora-en-dublin-de-los-90\/#breadcrumb","itemListElement":[{"@type":"ListItem","position":1,"name":"Portada","item":"https:\/\/rafaramirez.org\/blog\/"},{"@type":"ListItem","position":2,"name":"\u00abCaf\u00e9 irland\u00e9s\u00bb de Stephen Frears: un retrato de la vida de la clase trabajadora en el Dubl\u00edn de los 90."}]},{"@type":"WebSite","@id":"https:\/\/rafaramirez.org\/blog\/#website","url":"https:\/\/rafaramirez.org\/blog\/","name":"Blog de Rafael Ram\u00edrez","description":"Un sitio social, de arte y cultura","publisher":{"@id":"https:\/\/rafaramirez.org\/blog\/#\/schema\/person\/50f43b6d60c578760d4c17bda54ab6a5"},"potentialAction":[{"@type":"SearchAction","target":{"@type":"EntryPoint","urlTemplate":"https:\/\/rafaramirez.org\/blog\/?s={search_term_string}"},"query-input":{"@type":"PropertyValueSpecification","valueRequired":true,"valueName":"search_term_string"}}],"inLanguage":"es"},{"@type":["Person","Organization"],"@id":"https:\/\/rafaramirez.org\/blog\/#\/schema\/person\/50f43b6d60c578760d4c17bda54ab6a5","name":"Rafael Ram\u00edrez","image":{"@type":"ImageObject","inLanguage":"es","@id":"https:\/\/rafaramirez.org\/blog\/wp-content\/uploads\/2024\/09\/RR_socialnetwork.jpg","url":"https:\/\/rafaramirez.org\/blog\/wp-content\/uploads\/2024\/09\/RR_socialnetwork.jpg","contentUrl":"https:\/\/rafaramirez.org\/blog\/wp-content\/uploads\/2024\/09\/RR_socialnetwork.jpg","width":600,"height":606,"caption":"Rafael Ram\u00edrez"},"logo":{"@id":"https:\/\/rafaramirez.org\/blog\/wp-content\/uploads\/2024\/09\/RR_socialnetwork.jpg"},"sameAs":["https:\/\/www.rafaramirez.org\/blog","https:\/\/www.instagram.com\/rafaramirez_ok\/","https:\/\/es.pinterest.com\/Ramirez_Rafa\/","https:\/\/x.com\/rafaramirez_ok"],"url":"https:\/\/rafaramirez.org\/blog\/index.php\/author\/rafaell_qm6j97da\/"}]}},"jetpack_publicize_connections":[],"jetpack_sharing_enabled":true,"jetpack_likes_enabled":true,"jetpack_featured_media_url":"https:\/\/rafaramirez.org\/blog\/wp-content\/uploads\/2024\/07\/Cafe.Irlandes.banner.jpg","_links":{"self":[{"href":"https:\/\/rafaramirez.org\/blog\/index.php\/wp-json\/wp\/v2\/posts\/4924","targetHints":{"allow":["GET"]}}],"collection":[{"href":"https:\/\/rafaramirez.org\/blog\/index.php\/wp-json\/wp\/v2\/posts"}],"about":[{"href":"https:\/\/rafaramirez.org\/blog\/index.php\/wp-json\/wp\/v2\/types\/post"}],"author":[{"embeddable":true,"href":"https:\/\/rafaramirez.org\/blog\/index.php\/wp-json\/wp\/v2\/users\/1"}],"replies":[{"embeddable":true,"href":"https:\/\/rafaramirez.org\/blog\/index.php\/wp-json\/wp\/v2\/comments?post=4924"}],"version-history":[{"count":9,"href":"https:\/\/rafaramirez.org\/blog\/index.php\/wp-json\/wp\/v2\/posts\/4924\/revisions"}],"predecessor-version":[{"id":5092,"href":"https:\/\/rafaramirez.org\/blog\/index.php\/wp-json\/wp\/v2\/posts\/4924\/revisions\/5092"}],"wp:featuredmedia":[{"embeddable":true,"href":"https:\/\/rafaramirez.org\/blog\/index.php\/wp-json\/wp\/v2\/media\/4928"}],"wp:attachment":[{"href":"https:\/\/rafaramirez.org\/blog\/index.php\/wp-json\/wp\/v2\/media?parent=4924"}],"wp:term":[{"taxonomy":"category","embeddable":true,"href":"https:\/\/rafaramirez.org\/blog\/index.php\/wp-json\/wp\/v2\/categories?post=4924"},{"taxonomy":"post_tag","embeddable":true,"href":"https:\/\/rafaramirez.org\/blog\/index.php\/wp-json\/wp\/v2\/tags?post=4924"}],"curies":[{"name":"wp","href":"https:\/\/api.w.org\/{rel}","templated":true}]}}