{"id":4898,"date":"2024-07-02T08:15:01","date_gmt":"2024-07-02T06:15:01","guid":{"rendered":"https:\/\/rafaramirez.org\/blog\/?p=4898"},"modified":"2024-06-20T11:18:23","modified_gmt":"2024-06-20T09:18:23","slug":"el-hambre-en-el-mundo-hoy-una-realidad-alarmante","status":"publish","type":"post","link":"https:\/\/rafaramirez.org\/blog\/index.php\/2024\/07\/02\/el-hambre-en-el-mundo-hoy-una-realidad-alarmante\/","title":{"rendered":"El hambre en el mundo hoy: una realidad alarmante."},"content":{"rendered":"<p data-sourcepos=\"3:1-3:86\">En la actualidad, el hambre sigue siendo una de las problem\u00e1ticas m\u00e1s urgentes a nivel global. A pesar de los avances logrados en las \u00faltimas d\u00e9cadas, <strong>cerca de 828 millones de personas<\/strong> en el mundo padecen hambre cr\u00f3nica, lo que representa alrededor del <strong>10% de la poblaci\u00f3n mundial<\/strong>. Esta cifra es <strong>superior<\/strong> a la de 2020 y <strong>alarmantemente<\/strong> superior a la de 2019, antes de la pandemia de COVID-19.<\/p>\n<p data-sourcepos=\"5:1-5:54\"><strong>Las causas del hambre son complejas y multifac\u00e9ticas<\/strong>, e incluyen factores como:<\/p>\n<ul data-sourcepos=\"7:1-10:44\">\n<li data-sourcepos=\"7:1-7:98\"><strong>Pobreza extrema:<\/strong> La falta de ingresos limita el acceso a alimentos suficientes y nutritivos.<\/li>\n<li data-sourcepos=\"8:1-8:153\"><strong>Conflictos y guerras:<\/strong> La violencia interrumpe la producci\u00f3n agr\u00edcola, desplaza a las poblaciones y dificulta el acceso a la asistencia humanitaria.<\/li>\n<li data-sourcepos=\"9:1-9:144\"><strong>Clima:<\/strong> Sequ\u00edas, inundaciones y otros eventos clim\u00e1ticos extremos afectan la producci\u00f3n de alimentos y la seguridad alimentaria.<\/li>\n<li data-sourcepos=\"10:1-10:44\"><strong>Inestabilidad pol\u00edtica y econ\u00f3mica:<\/strong> La mala gobernanza, la corrupci\u00f3n y la falta de inversi\u00f3n en agricultura contribuyen al hambre.<\/li>\n<li data-sourcepos=\"11:1-12:0\"><strong>Desigualdad de g\u00e9nero:<\/strong> Las mujeres y las ni\u00f1as a menudo tienen menos acceso a la tierra, los recursos y la educaci\u00f3n, lo que las hace m\u00e1s vulnerables al hambre.<\/li>\n<\/ul>\n<figure id=\"attachment_4903\" aria-describedby=\"caption-attachment-4903\" style=\"width: 300px\" class=\"wp-caption aligncenter\"><a href=\"https:\/\/rafaramirez.org\/blog\/wp-content\/uploads\/2024\/07\/women-1994996_1.jpg\" target=\"_blank\" rel=\"noopener\"><img loading=\"lazy\" decoding=\"async\" class=\"wp-image-4903 size-medium\" src=\"https:\/\/rafaramirez.org\/blog\/wp-content\/uploads\/2024\/07\/women-1994996_1-300x200.jpg\" alt=\"El hambre en el mundo hoy: una realidad alarmante. Blog de Rafael Ram\u00edrez.\" width=\"300\" height=\"200\" srcset=\"https:\/\/rafaramirez.org\/blog\/wp-content\/uploads\/2024\/07\/women-1994996_1-300x200.jpg 300w, https:\/\/rafaramirez.org\/blog\/wp-content\/uploads\/2024\/07\/women-1994996_1-1024x683.jpg 1024w, https:\/\/rafaramirez.org\/blog\/wp-content\/uploads\/2024\/07\/women-1994996_1-768x512.jpg 768w, https:\/\/rafaramirez.org\/blog\/wp-content\/uploads\/2024\/07\/women-1994996_1-1536x1024.jpg 1536w, https:\/\/rafaramirez.org\/blog\/wp-content\/uploads\/2024\/07\/women-1994996_1.jpg 1920w\" sizes=\"auto, (max-width: 300px) 100vw, 300px\" \/><\/a><figcaption id=\"caption-attachment-4903\" class=\"wp-caption-text\">El hambre en el mundo hoy: una realidad alarmante. Blog de Rafael Ram\u00edrez.<\/figcaption><\/figure>\n<p data-sourcepos=\"13:1-13:382\"><strong>Las consecuencias del hambre son devastadoras<\/strong> y afectan no solo a la salud f\u00edsica de las personas, sino tambi\u00e9n a su desarrollo cognitivo, emocional y social. Los ni\u00f1os que padecen hambre tienen m\u00e1s probabilidades de sufrir desnutrici\u00f3n cr\u00f3nica, retraso en el crecimiento y problemas de aprendizaje. Adem\u00e1s, el hambre puede provocar migraci\u00f3n, inestabilidad social y conflictos.<\/p>\n<p data-sourcepos=\"15:1-15:325\"><strong>A pesar de los desaf\u00edos, existen soluciones para el problema del hambre.<\/strong> La comunidad internacional ha establecido objetivos ambiciosos, como el <strong>Objetivo de Desarrollo Sostenible 2: Hambre Cero<\/strong>, que busca acabar con el hambre para el a\u00f1o 2030. Para alcanzar este objetivo, es necesario un esfuerzo global que incluya:<\/p>\n<ul data-sourcepos=\"17:1-17:120\">\n<li data-sourcepos=\"17:1-17:120\"><strong>Invertir en agricultura sostenible:<\/strong> Fortalecer los sistemas agr\u00edcolas para que sean m\u00e1s productivos, resilientes y respetuosos con el medio ambiente.\n<p><figure id=\"attachment_4904\" aria-describedby=\"caption-attachment-4904\" style=\"width: 300px\" class=\"wp-caption aligncenter\"><a href=\"https:\/\/rafaramirez.org\/blog\/wp-content\/uploads\/2024\/07\/earth-3355931_2.jpg\" target=\"_blank\" rel=\"noopener\"><img loading=\"lazy\" decoding=\"async\" class=\"wp-image-4904 size-medium\" src=\"https:\/\/rafaramirez.org\/blog\/wp-content\/uploads\/2024\/07\/earth-3355931_2-300x200.jpg\" alt=\"El hambre en el mundo hoy: una realidad alarmante. Blog de Rafael Ram\u00edrez.\" width=\"300\" height=\"200\" srcset=\"https:\/\/rafaramirez.org\/blog\/wp-content\/uploads\/2024\/07\/earth-3355931_2-300x200.jpg 300w, https:\/\/rafaramirez.org\/blog\/wp-content\/uploads\/2024\/07\/earth-3355931_2-1024x683.jpg 1024w, https:\/\/rafaramirez.org\/blog\/wp-content\/uploads\/2024\/07\/earth-3355931_2-768x512.jpg 768w, https:\/\/rafaramirez.org\/blog\/wp-content\/uploads\/2024\/07\/earth-3355931_2-1536x1024.jpg 1536w, https:\/\/rafaramirez.org\/blog\/wp-content\/uploads\/2024\/07\/earth-3355931_2.jpg 1920w\" sizes=\"auto, (max-width: 300px) 100vw, 300px\" \/><\/a><figcaption id=\"caption-attachment-4904\" class=\"wp-caption-text\">El hambre en el mundo hoy: una realidad alarmante. Blog de Rafael Ram\u00edrez.<\/figcaption><\/figure><\/li>\n<li data-sourcepos=\"18:1-18:179\"><strong>Promover el acceso a mercados y oportunidades econ\u00f3micas:<\/strong> Ayudar a los peque\u00f1os agricultores a vender sus productos y a las familias pobres a acceder a alimentos nutritivos.<\/li>\n<li data-sourcepos=\"19:1-19:161\"><strong>Fortalecer la protecci\u00f3n social:<\/strong> Brindar asistencia alimentaria y nutricional a las personas m\u00e1s vulnerables, especialmente durante los per\u00edodos de crisis.<\/li>\n<li data-sourcepos=\"20:1-21:0\"><strong>Abordar las causas fundamentales del hambre:<\/strong> Resolver conflictos de manera pac\u00edfica, promover la buena gobernanza y reducir la desigualdad.<\/li>\n<\/ul>\n<figure id=\"attachment_4905\" aria-describedby=\"caption-attachment-4905\" style=\"width: 300px\" class=\"wp-caption aligncenter\"><a href=\"https:\/\/rafaramirez.org\/blog\/wp-content\/uploads\/2024\/07\/girl-5893963_3.jpg\" target=\"_blank\" rel=\"noopener\"><img loading=\"lazy\" decoding=\"async\" class=\"wp-image-4905 size-medium\" src=\"https:\/\/rafaramirez.org\/blog\/wp-content\/uploads\/2024\/07\/girl-5893963_3-300x200.jpg\" alt=\"El hambre en el mundo hoy: una realidad alarmante. Blog de Rafael Ram\u00edrez.\" width=\"300\" height=\"200\" srcset=\"https:\/\/rafaramirez.org\/blog\/wp-content\/uploads\/2024\/07\/girl-5893963_3-300x200.jpg 300w, https:\/\/rafaramirez.org\/blog\/wp-content\/uploads\/2024\/07\/girl-5893963_3-1024x683.jpg 1024w, https:\/\/rafaramirez.org\/blog\/wp-content\/uploads\/2024\/07\/girl-5893963_3-768x512.jpg 768w, https:\/\/rafaramirez.org\/blog\/wp-content\/uploads\/2024\/07\/girl-5893963_3-1536x1024.jpg 1536w, https:\/\/rafaramirez.org\/blog\/wp-content\/uploads\/2024\/07\/girl-5893963_3.jpg 1920w\" sizes=\"auto, (max-width: 300px) 100vw, 300px\" \/><\/a><figcaption id=\"caption-attachment-4905\" class=\"wp-caption-text\">El hambre en el mundo hoy: una realidad alarmante. Blog de Rafael Ram\u00edrez.<\/figcaption><\/figure>\n<p data-sourcepos=\"22:1-22:267\"><strong>Es importante destacar que la erradicaci\u00f3n del hambre no solo es posible, sino que tambi\u00e9n es un imperativo moral.<\/strong> <strong>Todos tenemos la responsabilidad de trabajar juntos para crear un mundo donde todos tengan acceso a una alimentaci\u00f3n suficiente, segura y nutritiva. <\/strong><\/p>\n<p data-sourcepos=\"22:1-22:267\">Y t\u00fa \u00bfQu\u00e9 piensas? Puedes dejar tus comentarios debajo del post.<\/p>\n<p data-sourcepos=\"24:1-24:96\">M\u00e1s informaci\u00f3n:<\/p>\n<ul data-sourcepos=\"26:1-26:87\">\n<li data-sourcepos=\"26:1-26:87\"><strong><a href=\"https:\/\/www.fao.org\/home\/es\" target=\"_blank\" rel=\"noopener\">Organizaci\u00f3n de las Naciones Unidas para la Alimentaci\u00f3n y la Agricultura (FAO).\u00a0<\/a><\/strong><\/li>\n<li data-sourcepos=\"27:1-27:87\"><strong><a href=\"https:\/\/es.wfp.org\/\" target=\"_blank\" rel=\"noopener\">Programa Mundial de Alimentos (PMA). <\/a><\/strong><\/li>\n<li data-sourcepos=\"28:1-28:109\"><strong><a href=\"https:\/\/www.ifad.org\/es\/\" target=\"_blank\" rel=\"noopener\">Fondo Internacional de Desarrollo Agr\u00edcola (FIDA)<\/a>.\u00a0<\/strong><\/li>\n<li data-sourcepos=\"29:1-29:105\"><strong><a href=\"https:\/\/accioncontraelhambre.org\/es\" target=\"_blank\" rel=\"noopener\">Acci\u00f3n contra el Hambre<\/a>.\u00a0<\/strong><\/li>\n<\/ul>\n","protected":false},"excerpt":{"rendered":"<p>En la actualidad, el hambre sigue siendo una de las problem\u00e1ticas m\u00e1s urgentes a nivel global. A pesar de los avances logrados en las \u00faltimas d\u00e9cadas, cerca de 828 millones de personas en el mundo padecen hambre cr\u00f3nica, lo que representa alrededor del 10% de la poblaci\u00f3n mundial. Esta cifra es superior a la de [&hellip;]<\/p>\n","protected":false},"author":1,"featured_media":4902,"comment_status":"open","ping_status":"closed","sticky":false,"template":"","format":"standard","meta":{"site-container-style":"default","site-container-layout":"default","site-sidebar-layout":"default","disable-article-header":"default","disable-site-header":"default","disable-site-footer":"default","disable-content-area-spacing":"default","_jetpack_newsletter_access":"","_jetpack_dont_email_post_to_subs":false,"_jetpack_newsletter_tier_id":0,"_jetpack_memberships_contains_paywalled_content":false,"_jetpack_feature_clip_id":0,"_jetpack_memberships_contains_paid_content":false,"footnotes":"","jetpack_publicize_message":"","jetpack_publicize_feature_enabled":true,"jetpack_social_post_already_shared":false,"jetpack_social_options":{"image_generator_settings":{"template":"highway","default_image_id":0,"font":"","enabled":false},"version":2},"jetpack_post_was_ever_published":false},"categories":[15],"tags":[2587,2588,2592,18,2591,2595,2597,2586,999,2584,2598,2599,2601,2603,2590,2585,957,330,2589,2593,2596,2600,998,2602,2594],"class_list":["post-4898","post","type-post","status-publish","format-standard","has-post-thumbnail","hentry","category-noticias-sociales","tag-10-de-la-poblacion-mundial","tag-828-millones-de-personas","tag-acceso-a-mercados","tag-accion-contra-el-hambre","tag-agricultura-sostenible","tag-asistencia-alimentaria-y-nutricional","tag-causas-fundamentales-del-hambre","tag-covid-19","tag-desigualdad-social","tag-el-hambre-en-el-mundo","tag-erradicacion-del-hambre","tag-fao","tag-fida","tag-fondo-internacional-de-desarrollo-agricola","tag-hambre-cero","tag-hambre-cronica","tag-labor-social","tag-noticias-sociales","tag-objetivo-de-desarrollo-sostenible","tag-oportunidades-economicas","tag-personas-mas-vulnerables","tag-pma","tag-problema-social","tag-programa-mundial-de-alimentos","tag-proteccion-social"],"yoast_head":"<!-- This site is optimized with the Yoast SEO plugin v28.4 - https:\/\/yoast.com\/product\/yoast-seo-wordpress\/ -->\n<title>El hambre en el mundo hoy: una realidad alarmante. - Blog de Rafael Ram\u00edrez<\/title>\n<meta name=\"robots\" content=\"index, follow, max-snippet:-1, max-image-preview:large, max-video-preview:-1\" \/>\n<link rel=\"canonical\" href=\"https:\/\/rafaramirez.org\/blog\/index.php\/2024\/07\/02\/el-hambre-en-el-mundo-hoy-una-realidad-alarmante\/\" \/>\n<meta property=\"og:locale\" content=\"es_ES\" \/>\n<meta property=\"og:type\" content=\"article\" \/>\n<meta property=\"og:title\" content=\"El hambre en el mundo hoy: una realidad alarmante. - Blog de Rafael Ram\u00edrez\" \/>\n<meta property=\"og:description\" content=\"En la actualidad, el hambre sigue siendo una de las problem\u00e1ticas m\u00e1s urgentes a nivel global. A pesar de los avances logrados en las \u00faltimas d\u00e9cadas, cerca de 828 millones de personas en el mundo padecen hambre cr\u00f3nica, lo que representa alrededor del 10% de la poblaci\u00f3n mundial. Esta cifra es superior a la de [&hellip;]\" \/>\n<meta property=\"og:url\" content=\"https:\/\/rafaramirez.org\/blog\/index.php\/2024\/07\/02\/el-hambre-en-el-mundo-hoy-una-realidad-alarmante\/\" \/>\n<meta property=\"og:site_name\" content=\"Blog de Rafael Ram\u00edrez\" \/>\n<meta property=\"article:published_time\" content=\"2024-07-02T06:15:01+00:00\" \/>\n<meta property=\"og:image\" content=\"https:\/\/rafaramirez.org\/blog\/wp-content\/uploads\/2024\/07\/slums-2635238_banner.jpg\" \/>\n\t<meta property=\"og:image:width\" content=\"750\" \/>\n\t<meta property=\"og:image:height\" content=\"500\" \/>\n\t<meta property=\"og:image:type\" content=\"image\/jpeg\" \/>\n<meta name=\"author\" content=\"Rafael Ram\u00edrez\" \/>\n<meta name=\"twitter:card\" content=\"summary_large_image\" \/>\n<meta name=\"twitter:creator\" content=\"@rafaramirez_ok\" \/>\n<meta name=\"twitter:site\" content=\"@rafaramirez_ok\" \/>\n<meta name=\"twitter:label1\" content=\"Escrito por\" \/>\n\t<meta name=\"twitter:data1\" content=\"Rafael Ram\u00edrez\" \/>\n\t<meta name=\"twitter:label2\" content=\"Tiempo de lectura\" \/>\n\t<meta name=\"twitter:data2\" content=\"3 minutos\" \/>\n<script type=\"application\/ld+json\" class=\"yoast-schema-graph\">{\"@context\":\"https:\\\/\\\/schema.org\",\"@graph\":[{\"@type\":\"Article\",\"@id\":\"https:\\\/\\\/rafaramirez.org\\\/blog\\\/index.php\\\/2024\\\/07\\\/02\\\/el-hambre-en-el-mundo-hoy-una-realidad-alarmante\\\/#article\",\"isPartOf\":{\"@id\":\"https:\\\/\\\/rafaramirez.org\\\/blog\\\/index.php\\\/2024\\\/07\\\/02\\\/el-hambre-en-el-mundo-hoy-una-realidad-alarmante\\\/\"},\"author\":{\"name\":\"Rafael Ram\u00edrez\",\"@id\":\"https:\\\/\\\/rafaramirez.org\\\/blog\\\/#\\\/schema\\\/person\\\/50f43b6d60c578760d4c17bda54ab6a5\"},\"headline\":\"El hambre en el mundo hoy: una realidad alarmante.\",\"datePublished\":\"2024-07-02T06:15:01+00:00\",\"mainEntityOfPage\":{\"@id\":\"https:\\\/\\\/rafaramirez.org\\\/blog\\\/index.php\\\/2024\\\/07\\\/02\\\/el-hambre-en-el-mundo-hoy-una-realidad-alarmante\\\/\"},\"wordCount\":565,\"commentCount\":0,\"publisher\":{\"@id\":\"https:\\\/\\\/rafaramirez.org\\\/blog\\\/#\\\/schema\\\/person\\\/50f43b6d60c578760d4c17bda54ab6a5\"},\"image\":{\"@id\":\"https:\\\/\\\/rafaramirez.org\\\/blog\\\/index.php\\\/2024\\\/07\\\/02\\\/el-hambre-en-el-mundo-hoy-una-realidad-alarmante\\\/#primaryimage\"},\"thumbnailUrl\":\"https:\\\/\\\/rafaramirez.org\\\/blog\\\/wp-content\\\/uploads\\\/2024\\\/07\\\/slums-2635238_banner.jpg\",\"keywords\":[\"10% de la poblaci\u00f3n mundial\",\"828 millones de personas\",\"acceso a mercados\",\"Acci\u00f3n contra el hambre\",\"agricultura sostenible\",\"asistencia alimentaria y nutricional\",\"causas fundamentales del hambre\",\"COVID-19\",\"Desigualdad social\",\"El hambre en el mundo\",\"erradicaci\u00f3n del hambre\",\"FAO\",\"FIDA\",\"Fondo Internacional de Desarrollo Agr\u00edcola\",\"Hambre Cero\",\"hambre cr\u00f3nica\",\"labor social\",\"noticias sociales\",\"Objetivo de Desarrollo Sostenible\",\"oportunidades econ\u00f3micas\",\"personas m\u00e1s vulnerables\",\"PMA\",\"problema social\",\"Programa Mundial de Alimentos\",\"protecci\u00f3n social\"],\"articleSection\":[\"Informe social\"],\"inLanguage\":\"es\",\"potentialAction\":[{\"@type\":\"CommentAction\",\"name\":\"Comment\",\"target\":[\"https:\\\/\\\/rafaramirez.org\\\/blog\\\/index.php\\\/2024\\\/07\\\/02\\\/el-hambre-en-el-mundo-hoy-una-realidad-alarmante\\\/#respond\"]}]},{\"@type\":\"WebPage\",\"@id\":\"https:\\\/\\\/rafaramirez.org\\\/blog\\\/index.php\\\/2024\\\/07\\\/02\\\/el-hambre-en-el-mundo-hoy-una-realidad-alarmante\\\/\",\"url\":\"https:\\\/\\\/rafaramirez.org\\\/blog\\\/index.php\\\/2024\\\/07\\\/02\\\/el-hambre-en-el-mundo-hoy-una-realidad-alarmante\\\/\",\"name\":\"El hambre en el mundo hoy: una realidad alarmante. - Blog de Rafael Ram\u00edrez\",\"isPartOf\":{\"@id\":\"https:\\\/\\\/rafaramirez.org\\\/blog\\\/#website\"},\"primaryImageOfPage\":{\"@id\":\"https:\\\/\\\/rafaramirez.org\\\/blog\\\/index.php\\\/2024\\\/07\\\/02\\\/el-hambre-en-el-mundo-hoy-una-realidad-alarmante\\\/#primaryimage\"},\"image\":{\"@id\":\"https:\\\/\\\/rafaramirez.org\\\/blog\\\/index.php\\\/2024\\\/07\\\/02\\\/el-hambre-en-el-mundo-hoy-una-realidad-alarmante\\\/#primaryimage\"},\"thumbnailUrl\":\"https:\\\/\\\/rafaramirez.org\\\/blog\\\/wp-content\\\/uploads\\\/2024\\\/07\\\/slums-2635238_banner.jpg\",\"datePublished\":\"2024-07-02T06:15:01+00:00\",\"breadcrumb\":{\"@id\":\"https:\\\/\\\/rafaramirez.org\\\/blog\\\/index.php\\\/2024\\\/07\\\/02\\\/el-hambre-en-el-mundo-hoy-una-realidad-alarmante\\\/#breadcrumb\"},\"inLanguage\":\"es\",\"potentialAction\":[{\"@type\":\"ReadAction\",\"target\":[\"https:\\\/\\\/rafaramirez.org\\\/blog\\\/index.php\\\/2024\\\/07\\\/02\\\/el-hambre-en-el-mundo-hoy-una-realidad-alarmante\\\/\"]}]},{\"@type\":\"ImageObject\",\"inLanguage\":\"es\",\"@id\":\"https:\\\/\\\/rafaramirez.org\\\/blog\\\/index.php\\\/2024\\\/07\\\/02\\\/el-hambre-en-el-mundo-hoy-una-realidad-alarmante\\\/#primaryimage\",\"url\":\"https:\\\/\\\/rafaramirez.org\\\/blog\\\/wp-content\\\/uploads\\\/2024\\\/07\\\/slums-2635238_banner.jpg\",\"contentUrl\":\"https:\\\/\\\/rafaramirez.org\\\/blog\\\/wp-content\\\/uploads\\\/2024\\\/07\\\/slums-2635238_banner.jpg\",\"width\":750,\"height\":500,\"caption\":\"El hambre en el mundo hoy: una realidad alarmante. Blog de Rafael Ram\u00edrez.\"},{\"@type\":\"BreadcrumbList\",\"@id\":\"https:\\\/\\\/rafaramirez.org\\\/blog\\\/index.php\\\/2024\\\/07\\\/02\\\/el-hambre-en-el-mundo-hoy-una-realidad-alarmante\\\/#breadcrumb\",\"itemListElement\":[{\"@type\":\"ListItem\",\"position\":1,\"name\":\"Portada\",\"item\":\"https:\\\/\\\/rafaramirez.org\\\/blog\\\/\"},{\"@type\":\"ListItem\",\"position\":2,\"name\":\"El hambre en el mundo hoy: una realidad alarmante.\"}]},{\"@type\":\"WebSite\",\"@id\":\"https:\\\/\\\/rafaramirez.org\\\/blog\\\/#website\",\"url\":\"https:\\\/\\\/rafaramirez.org\\\/blog\\\/\",\"name\":\"Blog de Rafael Ram\u00edrez\",\"description\":\"Un sitio social, de arte y cultura\",\"publisher\":{\"@id\":\"https:\\\/\\\/rafaramirez.org\\\/blog\\\/#\\\/schema\\\/person\\\/50f43b6d60c578760d4c17bda54ab6a5\"},\"potentialAction\":[{\"@type\":\"SearchAction\",\"target\":{\"@type\":\"EntryPoint\",\"urlTemplate\":\"https:\\\/\\\/rafaramirez.org\\\/blog\\\/?s={search_term_string}\"},\"query-input\":{\"@type\":\"PropertyValueSpecification\",\"valueRequired\":true,\"valueName\":\"search_term_string\"}}],\"inLanguage\":\"es\"},{\"@type\":[\"Person\",\"Organization\"],\"@id\":\"https:\\\/\\\/rafaramirez.org\\\/blog\\\/#\\\/schema\\\/person\\\/50f43b6d60c578760d4c17bda54ab6a5\",\"name\":\"Rafael Ram\u00edrez\",\"image\":{\"@type\":\"ImageObject\",\"inLanguage\":\"es\",\"@id\":\"https:\\\/\\\/rafaramirez.org\\\/blog\\\/wp-content\\\/uploads\\\/2024\\\/09\\\/RR_socialnetwork.jpg\",\"url\":\"https:\\\/\\\/rafaramirez.org\\\/blog\\\/wp-content\\\/uploads\\\/2024\\\/09\\\/RR_socialnetwork.jpg\",\"contentUrl\":\"https:\\\/\\\/rafaramirez.org\\\/blog\\\/wp-content\\\/uploads\\\/2024\\\/09\\\/RR_socialnetwork.jpg\",\"width\":600,\"height\":606,\"caption\":\"Rafael Ram\u00edrez\"},\"logo\":{\"@id\":\"https:\\\/\\\/rafaramirez.org\\\/blog\\\/wp-content\\\/uploads\\\/2024\\\/09\\\/RR_socialnetwork.jpg\"},\"sameAs\":[\"https:\\\/\\\/www.rafaramirez.org\\\/blog\",\"https:\\\/\\\/www.instagram.com\\\/rafaramirez_ok\\\/\",\"https:\\\/\\\/es.pinterest.com\\\/Ramirez_Rafa\\\/\",\"https:\\\/\\\/x.com\\\/rafaramirez_ok\"],\"url\":\"https:\\\/\\\/rafaramirez.org\\\/blog\\\/index.php\\\/author\\\/rafaell_qm6j97da\\\/\"}]}<\/script>\n<!-- \/ Yoast SEO plugin. -->","yoast_head_json":{"title":"El hambre en el mundo hoy: una realidad alarmante. - Blog de Rafael Ram\u00edrez","robots":{"index":"index","follow":"follow","max-snippet":"max-snippet:-1","max-image-preview":"max-image-preview:large","max-video-preview":"max-video-preview:-1"},"canonical":"https:\/\/rafaramirez.org\/blog\/index.php\/2024\/07\/02\/el-hambre-en-el-mundo-hoy-una-realidad-alarmante\/","og_locale":"es_ES","og_type":"article","og_title":"El hambre en el mundo hoy: una realidad alarmante. - Blog de Rafael Ram\u00edrez","og_description":"En la actualidad, el hambre sigue siendo una de las problem\u00e1ticas m\u00e1s urgentes a nivel global. A pesar de los avances logrados en las \u00faltimas d\u00e9cadas, cerca de 828 millones de personas en el mundo padecen hambre cr\u00f3nica, lo que representa alrededor del 10% de la poblaci\u00f3n mundial. Esta cifra es superior a la de [&hellip;]","og_url":"https:\/\/rafaramirez.org\/blog\/index.php\/2024\/07\/02\/el-hambre-en-el-mundo-hoy-una-realidad-alarmante\/","og_site_name":"Blog de Rafael Ram\u00edrez","article_published_time":"2024-07-02T06:15:01+00:00","og_image":[{"width":750,"height":500,"url":"https:\/\/rafaramirez.org\/blog\/wp-content\/uploads\/2024\/07\/slums-2635238_banner.jpg","type":"image\/jpeg"}],"author":"Rafael Ram\u00edrez","twitter_card":"summary_large_image","twitter_creator":"@rafaramirez_ok","twitter_site":"@rafaramirez_ok","twitter_misc":{"Escrito por":"Rafael Ram\u00edrez","Tiempo de lectura":"3 minutos"},"schema":{"@context":"https:\/\/schema.org","@graph":[{"@type":"Article","@id":"https:\/\/rafaramirez.org\/blog\/index.php\/2024\/07\/02\/el-hambre-en-el-mundo-hoy-una-realidad-alarmante\/#article","isPartOf":{"@id":"https:\/\/rafaramirez.org\/blog\/index.php\/2024\/07\/02\/el-hambre-en-el-mundo-hoy-una-realidad-alarmante\/"},"author":{"name":"Rafael Ram\u00edrez","@id":"https:\/\/rafaramirez.org\/blog\/#\/schema\/person\/50f43b6d60c578760d4c17bda54ab6a5"},"headline":"El hambre en el mundo hoy: una realidad alarmante.","datePublished":"2024-07-02T06:15:01+00:00","mainEntityOfPage":{"@id":"https:\/\/rafaramirez.org\/blog\/index.php\/2024\/07\/02\/el-hambre-en-el-mundo-hoy-una-realidad-alarmante\/"},"wordCount":565,"commentCount":0,"publisher":{"@id":"https:\/\/rafaramirez.org\/blog\/#\/schema\/person\/50f43b6d60c578760d4c17bda54ab6a5"},"image":{"@id":"https:\/\/rafaramirez.org\/blog\/index.php\/2024\/07\/02\/el-hambre-en-el-mundo-hoy-una-realidad-alarmante\/#primaryimage"},"thumbnailUrl":"https:\/\/rafaramirez.org\/blog\/wp-content\/uploads\/2024\/07\/slums-2635238_banner.jpg","keywords":["10% de la poblaci\u00f3n mundial","828 millones de personas","acceso a mercados","Acci\u00f3n contra el hambre","agricultura sostenible","asistencia alimentaria y nutricional","causas fundamentales del hambre","COVID-19","Desigualdad social","El hambre en el mundo","erradicaci\u00f3n del hambre","FAO","FIDA","Fondo Internacional de Desarrollo Agr\u00edcola","Hambre Cero","hambre cr\u00f3nica","labor social","noticias sociales","Objetivo de Desarrollo Sostenible","oportunidades econ\u00f3micas","personas m\u00e1s vulnerables","PMA","problema social","Programa Mundial de Alimentos","protecci\u00f3n social"],"articleSection":["Informe social"],"inLanguage":"es","potentialAction":[{"@type":"CommentAction","name":"Comment","target":["https:\/\/rafaramirez.org\/blog\/index.php\/2024\/07\/02\/el-hambre-en-el-mundo-hoy-una-realidad-alarmante\/#respond"]}]},{"@type":"WebPage","@id":"https:\/\/rafaramirez.org\/blog\/index.php\/2024\/07\/02\/el-hambre-en-el-mundo-hoy-una-realidad-alarmante\/","url":"https:\/\/rafaramirez.org\/blog\/index.php\/2024\/07\/02\/el-hambre-en-el-mundo-hoy-una-realidad-alarmante\/","name":"El hambre en el mundo hoy: una realidad alarmante. - Blog de Rafael Ram\u00edrez","isPartOf":{"@id":"https:\/\/rafaramirez.org\/blog\/#website"},"primaryImageOfPage":{"@id":"https:\/\/rafaramirez.org\/blog\/index.php\/2024\/07\/02\/el-hambre-en-el-mundo-hoy-una-realidad-alarmante\/#primaryimage"},"image":{"@id":"https:\/\/rafaramirez.org\/blog\/index.php\/2024\/07\/02\/el-hambre-en-el-mundo-hoy-una-realidad-alarmante\/#primaryimage"},"thumbnailUrl":"https:\/\/rafaramirez.org\/blog\/wp-content\/uploads\/2024\/07\/slums-2635238_banner.jpg","datePublished":"2024-07-02T06:15:01+00:00","breadcrumb":{"@id":"https:\/\/rafaramirez.org\/blog\/index.php\/2024\/07\/02\/el-hambre-en-el-mundo-hoy-una-realidad-alarmante\/#breadcrumb"},"inLanguage":"es","potentialAction":[{"@type":"ReadAction","target":["https:\/\/rafaramirez.org\/blog\/index.php\/2024\/07\/02\/el-hambre-en-el-mundo-hoy-una-realidad-alarmante\/"]}]},{"@type":"ImageObject","inLanguage":"es","@id":"https:\/\/rafaramirez.org\/blog\/index.php\/2024\/07\/02\/el-hambre-en-el-mundo-hoy-una-realidad-alarmante\/#primaryimage","url":"https:\/\/rafaramirez.org\/blog\/wp-content\/uploads\/2024\/07\/slums-2635238_banner.jpg","contentUrl":"https:\/\/rafaramirez.org\/blog\/wp-content\/uploads\/2024\/07\/slums-2635238_banner.jpg","width":750,"height":500,"caption":"El hambre en el mundo hoy: una realidad alarmante. Blog de Rafael Ram\u00edrez."},{"@type":"BreadcrumbList","@id":"https:\/\/rafaramirez.org\/blog\/index.php\/2024\/07\/02\/el-hambre-en-el-mundo-hoy-una-realidad-alarmante\/#breadcrumb","itemListElement":[{"@type":"ListItem","position":1,"name":"Portada","item":"https:\/\/rafaramirez.org\/blog\/"},{"@type":"ListItem","position":2,"name":"El hambre en el mundo hoy: una realidad alarmante."}]},{"@type":"WebSite","@id":"https:\/\/rafaramirez.org\/blog\/#website","url":"https:\/\/rafaramirez.org\/blog\/","name":"Blog de Rafael Ram\u00edrez","description":"Un sitio social, de arte y cultura","publisher":{"@id":"https:\/\/rafaramirez.org\/blog\/#\/schema\/person\/50f43b6d60c578760d4c17bda54ab6a5"},"potentialAction":[{"@type":"SearchAction","target":{"@type":"EntryPoint","urlTemplate":"https:\/\/rafaramirez.org\/blog\/?s={search_term_string}"},"query-input":{"@type":"PropertyValueSpecification","valueRequired":true,"valueName":"search_term_string"}}],"inLanguage":"es"},{"@type":["Person","Organization"],"@id":"https:\/\/rafaramirez.org\/blog\/#\/schema\/person\/50f43b6d60c578760d4c17bda54ab6a5","name":"Rafael Ram\u00edrez","image":{"@type":"ImageObject","inLanguage":"es","@id":"https:\/\/rafaramirez.org\/blog\/wp-content\/uploads\/2024\/09\/RR_socialnetwork.jpg","url":"https:\/\/rafaramirez.org\/blog\/wp-content\/uploads\/2024\/09\/RR_socialnetwork.jpg","contentUrl":"https:\/\/rafaramirez.org\/blog\/wp-content\/uploads\/2024\/09\/RR_socialnetwork.jpg","width":600,"height":606,"caption":"Rafael Ram\u00edrez"},"logo":{"@id":"https:\/\/rafaramirez.org\/blog\/wp-content\/uploads\/2024\/09\/RR_socialnetwork.jpg"},"sameAs":["https:\/\/www.rafaramirez.org\/blog","https:\/\/www.instagram.com\/rafaramirez_ok\/","https:\/\/es.pinterest.com\/Ramirez_Rafa\/","https:\/\/x.com\/rafaramirez_ok"],"url":"https:\/\/rafaramirez.org\/blog\/index.php\/author\/rafaell_qm6j97da\/"}]}},"jetpack_publicize_connections":[],"jetpack_sharing_enabled":true,"jetpack_likes_enabled":true,"jetpack_featured_media_url":"https:\/\/rafaramirez.org\/blog\/wp-content\/uploads\/2024\/07\/slums-2635238_banner.jpg","_links":{"self":[{"href":"https:\/\/rafaramirez.org\/blog\/index.php\/wp-json\/wp\/v2\/posts\/4898","targetHints":{"allow":["GET"]}}],"collection":[{"href":"https:\/\/rafaramirez.org\/blog\/index.php\/wp-json\/wp\/v2\/posts"}],"about":[{"href":"https:\/\/rafaramirez.org\/blog\/index.php\/wp-json\/wp\/v2\/types\/post"}],"author":[{"embeddable":true,"href":"https:\/\/rafaramirez.org\/blog\/index.php\/wp-json\/wp\/v2\/users\/1"}],"replies":[{"embeddable":true,"href":"https:\/\/rafaramirez.org\/blog\/index.php\/wp-json\/wp\/v2\/comments?post=4898"}],"version-history":[{"count":4,"href":"https:\/\/rafaramirez.org\/blog\/index.php\/wp-json\/wp\/v2\/posts\/4898\/revisions"}],"predecessor-version":[{"id":4906,"href":"https:\/\/rafaramirez.org\/blog\/index.php\/wp-json\/wp\/v2\/posts\/4898\/revisions\/4906"}],"wp:featuredmedia":[{"embeddable":true,"href":"https:\/\/rafaramirez.org\/blog\/index.php\/wp-json\/wp\/v2\/media\/4902"}],"wp:attachment":[{"href":"https:\/\/rafaramirez.org\/blog\/index.php\/wp-json\/wp\/v2\/media?parent=4898"}],"wp:term":[{"taxonomy":"category","embeddable":true,"href":"https:\/\/rafaramirez.org\/blog\/index.php\/wp-json\/wp\/v2\/categories?post=4898"},{"taxonomy":"post_tag","embeddable":true,"href":"https:\/\/rafaramirez.org\/blog\/index.php\/wp-json\/wp\/v2\/tags?post=4898"}],"curies":[{"name":"wp","href":"https:\/\/api.w.org\/{rel}","templated":true}]}}