{"id":4878,"date":"2024-06-28T08:15:24","date_gmt":"2024-06-28T06:15:24","guid":{"rendered":"https:\/\/rafaramirez.org\/blog\/?p=4878"},"modified":"2024-06-19T13:08:25","modified_gmt":"2024-06-19T11:08:25","slug":"hoy-es-el-dia-mundial-del-arbol-nuestros-mejores-aliados-para-un-planeta-mas-saludable","status":"publish","type":"post","link":"https:\/\/rafaramirez.org\/blog\/index.php\/2024\/06\/28\/hoy-es-el-dia-mundial-del-arbol-nuestros-mejores-aliados-para-un-planeta-mas-saludable\/","title":{"rendered":"Hoy es el D\u00eda Mundial del \u00c1rbol, nuestros mejores aliados para un planeta m\u00e1s saludable."},"content":{"rendered":"<p>El\u00a0<strong>D\u00eda Mundial del \u00c1rbol<\/strong>\u00a0se celebra el\u00a0<strong>28 de junio<\/strong> para reivindicar el papel esencial de los \u00e1rboles en la conservaci\u00f3n del medio ambiente.<\/p>\n<p data-sourcepos=\"5:1-5:17\"><strong>M\u00e1s que un d\u00eda, un recordatorio:<\/strong><\/p>\n<p data-sourcepos=\"7:1-7:129\">Si bien el D\u00eda Mundial del \u00c1rbol se concentra en una fecha espec\u00edfica, su mensaje resuena durante todo el a\u00f1o. Es un recordatorio constante de la necesidad de cuidar los bosques y los \u00e1rboles, no solo por su belleza, sino por los innumerables beneficios que nos brindan:<\/p>\n<ol>\n<li><strong>Producci\u00f3n de ox\u00edgeno<\/strong>: Los \u00e1rboles liberan ox\u00edgeno a trav\u00e9s de la fotos\u00edntesis, contribuyendo a la calidad del aire.<\/li>\n<li><strong>Regulaci\u00f3n clim\u00e1tica<\/strong>: Act\u00faan como reguladores naturales del clima al absorber di\u00f3xido de carbono (CO\u2082) y liberar ox\u00edgeno.<\/li>\n<li><strong>H\u00e1bitat para la biodiversidad<\/strong>: Los \u00e1rboles albergan una variedad de especies, desde aves hasta insectos y mam\u00edferos.<\/li>\n<li><strong>Protecci\u00f3n del suelo<\/strong>: Sus ra\u00edces evitan la erosi\u00f3n y mantienen la estabilidad del suelo.<\/li>\n<li><strong>Mitigaci\u00f3n del efecto invernadero<\/strong>: Al absorber CO\u2082, los \u00e1rboles ayudan a reducir el efecto invernadero.<\/li>\n<li><strong>Generaci\u00f3n de agua<\/strong>: Contribuyen a la recarga de acu\u00edferos y la regulaci\u00f3n del ciclo hidrol\u00f3gico.<\/li>\n<li><strong>Brindan productos y servicios<\/strong>: Madera, frutas, sombra y belleza paisaj\u00edstica.<\/li>\n<li><strong>Contribuyen al bienestar:<\/strong> Estar rodeado de \u00e1rboles tiene un efecto positivo en nuestra salud mental y f\u00edsica, reduciendo el estr\u00e9s y mejorando nuestro estado de \u00e1nimo.\n<p><figure id=\"attachment_4884\" aria-describedby=\"caption-attachment-4884\" style=\"width: 300px\" class=\"wp-caption aligncenter\"><a href=\"https:\/\/rafaramirez.org\/blog\/wp-content\/uploads\/2024\/06\/trees-5605176_1.jpg\" target=\"_blank\" rel=\"noopener\"><img loading=\"lazy\" decoding=\"async\" class=\"wp-image-4884 size-medium\" src=\"https:\/\/rafaramirez.org\/blog\/wp-content\/uploads\/2024\/06\/trees-5605176_1-300x200.jpg\" alt=\"28 de junio D\u00eda Mundial del \u00c1rbol. Blog de Rafael Ram\u00edrez.\" width=\"300\" height=\"200\" srcset=\"https:\/\/rafaramirez.org\/blog\/wp-content\/uploads\/2024\/06\/trees-5605176_1-300x200.jpg 300w, https:\/\/rafaramirez.org\/blog\/wp-content\/uploads\/2024\/06\/trees-5605176_1-1024x683.jpg 1024w, https:\/\/rafaramirez.org\/blog\/wp-content\/uploads\/2024\/06\/trees-5605176_1-768x512.jpg 768w, https:\/\/rafaramirez.org\/blog\/wp-content\/uploads\/2024\/06\/trees-5605176_1-1536x1024.jpg 1536w, https:\/\/rafaramirez.org\/blog\/wp-content\/uploads\/2024\/06\/trees-5605176_1.jpg 1920w\" sizes=\"auto, (max-width: 300px) 100vw, 300px\" \/><\/a><figcaption id=\"caption-attachment-4884\" class=\"wp-caption-text\">28 de junio D\u00eda Mundial del \u00c1rbol. Blog de Rafael Ram\u00edrez.<\/figcaption><\/figure><\/li>\n<\/ol>\n<h4>Origen.<\/h4>\n<p>Aunque su origen no est\u00e1 del todo claro, desde la <strong>d\u00e9cada de los 60<\/strong> se ha convertido en una fecha simb\u00f3lica para reflexionar sobre nuestra relaci\u00f3n con el medio ambiente y tomar acciones para protegerlo. La primera vez que se celebr\u00f3 el <strong>D\u00eda del \u00c1rbol<\/strong> fue en <strong>1805<\/strong> en la peque\u00f1a localidad extreme\u00f1a de <strong>Villanueva de la Sierra<\/strong> <strong>(C\u00e1ceres)<\/strong>, gracias a la iniciativa del p\u00e1rroco <strong>Ram\u00f3n Vacas Rojo<\/strong> y el apoyo entusiasta de toda la poblaci\u00f3n. En\u00a0<strong>Madrid<\/strong>, las primeras fiestas del \u00c1rbol fueron impulsadas por <strong>Don Arturo Soria y Mata<\/strong> y <strong>Don Mariano Belm\u00e1s<\/strong> en la <strong>Ciudad Lineal<\/strong> desde\u00a0<strong>1897<\/strong>.\u00a0Estas festividades ganaron popularidad y se extendieron a otras regiones, promoviendo la plantaci\u00f3n de m\u00e1s de\u00a0<strong>100,000 \u00e1rboles<\/strong> en la Ciudad Lineal.<\/p>\n<figure id=\"attachment_4885\" aria-describedby=\"caption-attachment-4885\" style=\"width: 300px\" class=\"wp-caption aligncenter\"><a href=\"https:\/\/rafaramirez.org\/blog\/wp-content\/uploads\/2024\/06\/woodland-8479979_2.jpg\" target=\"_blank\" rel=\"noopener\"><img loading=\"lazy\" decoding=\"async\" class=\"wp-image-4885 size-medium\" src=\"https:\/\/rafaramirez.org\/blog\/wp-content\/uploads\/2024\/06\/woodland-8479979_2-300x200.jpg\" alt=\"28 de junio D\u00eda Mundial del \u00c1rbol. Blog de Rafael Ram\u00edrez.\" width=\"300\" height=\"200\" srcset=\"https:\/\/rafaramirez.org\/blog\/wp-content\/uploads\/2024\/06\/woodland-8479979_2-300x200.jpg 300w, https:\/\/rafaramirez.org\/blog\/wp-content\/uploads\/2024\/06\/woodland-8479979_2-1024x683.jpg 1024w, https:\/\/rafaramirez.org\/blog\/wp-content\/uploads\/2024\/06\/woodland-8479979_2-768x512.jpg 768w, https:\/\/rafaramirez.org\/blog\/wp-content\/uploads\/2024\/06\/woodland-8479979_2-1536x1024.jpg 1536w, https:\/\/rafaramirez.org\/blog\/wp-content\/uploads\/2024\/06\/woodland-8479979_2.jpg 1920w\" sizes=\"auto, (max-width: 300px) 100vw, 300px\" \/><\/a><figcaption id=\"caption-attachment-4885\" class=\"wp-caption-text\">28 de junio D\u00eda Mundial del \u00c1rbol. Blog de Rafael Ram\u00edrez.<\/figcaption><\/figure>\n<p data-sourcepos=\"15:1-15:23\"><strong>\u00bfQu\u00e9 podemos hacer?<\/strong><\/p>\n<p data-sourcepos=\"17:1-17:175\">M\u00e1s all\u00e1 de las celebraciones oficiales, cada uno de nosotros puede contribuir a la conservaci\u00f3n de los \u00e1rboles y los bosques adoptando medidas sencillas en nuestro d\u00eda a d\u00eda:<\/p>\n<ul data-sourcepos=\"19:1-21:79\">\n<li data-sourcepos=\"19:1-19:188\"><strong>Planta un \u00e1rbol:<\/strong> Es una acci\u00f3n simple pero poderosa que puede tener un gran impacto en el medio ambiente. Puedes hacerlo en tu jard\u00edn, en un parque o en un proyecto de reforestaci\u00f3n.<\/li>\n<li data-sourcepos=\"20:1-20:149\"><strong>Cuida los \u00e1rboles existentes:<\/strong> Evita podarlos o talarlos de forma indiscriminada, y denuncia cualquier actividad ilegal que los ponga en riesgo.<\/li>\n<li data-sourcepos=\"21:1-21:79\"><strong>Consume productos sostenibles:<\/strong> Elige madera certificada y papel reciclado para reducir la demanda de recursos forestales.<\/li>\n<li data-sourcepos=\"22:1-22:142\"><strong>Reduce tu huella de carbono:<\/strong> Observa el origen de la energ\u00eda del transporte que usas, para orientarte en la medida de tus posibilidades, hacia fuentes m\u00e1s sostenibles; ahorra energ\u00eda y evita el consumo excesivo de bienes y servicios.<\/li>\n<li data-sourcepos=\"23:1-24:0\"><strong>Inf\u00f3rmate y sensibiliza:<\/strong> Comparte informaci\u00f3n sobre la importancia de los \u00e1rboles con tus familiares, amigos y comunidad.\n<p><figure id=\"attachment_4886\" aria-describedby=\"caption-attachment-4886\" style=\"width: 300px\" class=\"wp-caption aligncenter\"><a href=\"https:\/\/rafaramirez.org\/blog\/wp-content\/uploads\/2024\/06\/grass-4339191_3.jpg\" target=\"_blank\" rel=\"noopener\"><img loading=\"lazy\" decoding=\"async\" class=\"wp-image-4886 size-medium\" src=\"https:\/\/rafaramirez.org\/blog\/wp-content\/uploads\/2024\/06\/grass-4339191_3-300x197.jpg\" alt=\"28 de junio D\u00eda Mundial del \u00c1rbol. Blog de Rafael Ram\u00edrez.\" width=\"300\" height=\"197\" srcset=\"https:\/\/rafaramirez.org\/blog\/wp-content\/uploads\/2024\/06\/grass-4339191_3-300x197.jpg 300w, https:\/\/rafaramirez.org\/blog\/wp-content\/uploads\/2024\/06\/grass-4339191_3-1024x671.jpg 1024w, https:\/\/rafaramirez.org\/blog\/wp-content\/uploads\/2024\/06\/grass-4339191_3-768x503.jpg 768w, https:\/\/rafaramirez.org\/blog\/wp-content\/uploads\/2024\/06\/grass-4339191_3-1536x1006.jpg 1536w, https:\/\/rafaramirez.org\/blog\/wp-content\/uploads\/2024\/06\/grass-4339191_3.jpg 1920w\" sizes=\"auto, (max-width: 300px) 100vw, 300px\" \/><\/a><figcaption id=\"caption-attachment-4886\" class=\"wp-caption-text\">28 de junio D\u00eda Mundial del \u00c1rbol. Blog de Rafael Ram\u00edrez.<\/figcaption><\/figure><\/li>\n<\/ul>\n<p data-sourcepos=\"25:1-25:49\"><strong>Un futuro m\u00e1s verde depende de nuestras acciones:<\/strong><\/p>\n<p data-sourcepos=\"27:1-27:231\">El D\u00eda Mundial del \u00c1rbol es una oportunidad para renovar nuestro compromiso con la protecci\u00f3n del medio ambiente. Al valorar y cuidar los \u00e1rboles, estamos asegurando un futuro m\u00e1s verde y saludable para las generaciones venideras.<\/p>\n<p data-sourcepos=\"29:1-29:66\"><strong>Recuerda, cada \u00e1rbol cuenta y juntos podemos marcar la diferencia, los \u00e1rboles son nuestros aliados en la lucha por la conservaci\u00f3n de la naturaleza. \u00a1Cuid\u00e9moslos! \ud83c\udf33\ud83c\udf3f<\/strong><\/p>\n<p data-sourcepos=\"29:1-29:66\">M\u00e1s informaci\u00f3n:<\/p>\n<ul>\n<li data-sourcepos=\"29:1-29:66\"><a href=\"https:\/\/www.fundacionaquae.org\/dia-forestal-mundial-dia-del-arbol\/\" target=\"_blank\" rel=\"noopener\">Fundaci\u00f3n Aquae.org<\/a><\/li>\n<li data-sourcepos=\"29:1-29:66\"><a href=\"https:\/\/es.wikipedia.org\/wiki\/D%C3%ADa_del_%C3%81rbol\" target=\"_blank\" rel=\"noopener\">Wikipedia.es<\/a><\/li>\n<li data-sourcepos=\"29:1-29:66\"><a href=\"https:\/\/www.gob.mx\/semarnat\/articulos\/dia-mundial-del-arbol-275820?idiom=es\" target=\"_blank\" rel=\"noopener\">Gob.mx<\/a><\/li>\n<\/ul>\n","protected":false},"excerpt":{"rendered":"<p>El\u00a0D\u00eda Mundial del \u00c1rbol\u00a0se celebra el\u00a028 de junio para reivindicar el papel esencial de los \u00e1rboles en la conservaci\u00f3n del medio ambiente. M\u00e1s que un d\u00eda, un recordatorio: Si bien el D\u00eda Mundial del \u00c1rbol se concentra en una fecha espec\u00edfica, su mensaje resuena durante todo el a\u00f1o. Es un recordatorio constante de la necesidad [&hellip;]<\/p>\n","protected":false},"author":1,"featured_media":4883,"comment_status":"open","ping_status":"closed","sticky":false,"template":"","format":"standard","meta":{"site-container-style":"default","site-container-layout":"default","site-sidebar-layout":"default","disable-article-header":"default","disable-site-header":"default","disable-site-footer":"default","disable-content-area-spacing":"default","_jetpack_newsletter_access":"","_jetpack_dont_email_post_to_subs":false,"_jetpack_newsletter_tier_id":0,"_jetpack_memberships_contains_paywalled_content":false,"_jetpack_feature_clip_id":0,"_jetpack_memberships_contains_paid_content":false,"footnotes":"","jetpack_publicize_message":"","jetpack_publicize_feature_enabled":true,"jetpack_social_post_already_shared":false,"jetpack_social_options":{"image_generator_settings":{"template":"highway","default_image_id":0,"font":"","enabled":false},"version":2},"jetpack_post_was_ever_published":false},"categories":[1291],"tags":[2538,2546,2548,2543,2540,2545,2559,2556,2558,2536,2537,2547,2542,2555,2551,2561,621,2544,2553,2554,2557,2549,2552,2541,2560,2550,2539],"class_list":["post-4878","post","type-post","status-publish","format-standard","has-post-thumbnail","hentry","category-efemerides","tag-2538","tag-2546","tag-28-de-junio","tag-arturo-soria-y-mata","tag-caceres","tag-ciudad-lineal","tag-consume-productos-sostenibles","tag-contribuyen-al-bienestar","tag-cuida-los-arboles-existentes","tag-decada-de-los-60","tag-dia-del-arbol","tag-dia-mundial-del-arbol","tag-fiestas-del-arbol","tag-generacion-de-agua","tag-habitat-para-la-biodiversidad","tag-informate-y-sensibiliza","tag-madrid","tag-mariano-belmas","tag-mitigacion-del-cambio-climatico","tag-mitigacion-del-efecto-invernadero","tag-planta-un-arbol","tag-produccion-de-oxigeno","tag-proteccion-del-suelo","tag-ramon-vacas-rojo","tag-reduce-tu-huella-de-carbono","tag-regulacion-climatica","tag-villanueva-de-la-sierra"],"yoast_head":"<!-- This site is optimized with the Yoast SEO plugin v28.4 - https:\/\/yoast.com\/product\/yoast-seo-wordpress\/ -->\n<title>Hoy es el D\u00eda Mundial del \u00c1rbol, nuestros mejores aliados para un planeta m\u00e1s saludable. - Blog de Rafael Ram\u00edrez<\/title>\n<meta name=\"robots\" content=\"index, follow, max-snippet:-1, max-image-preview:large, max-video-preview:-1\" \/>\n<link rel=\"canonical\" href=\"https:\/\/rafaramirez.org\/blog\/index.php\/2024\/06\/28\/hoy-es-el-dia-mundial-del-arbol-nuestros-mejores-aliados-para-un-planeta-mas-saludable\/\" \/>\n<meta property=\"og:locale\" content=\"es_ES\" \/>\n<meta property=\"og:type\" content=\"article\" \/>\n<meta property=\"og:title\" content=\"Hoy es el D\u00eda Mundial del \u00c1rbol, nuestros mejores aliados para un planeta m\u00e1s saludable. - Blog de Rafael Ram\u00edrez\" \/>\n<meta property=\"og:description\" content=\"El\u00a0D\u00eda Mundial del \u00c1rbol\u00a0se celebra el\u00a028 de junio para reivindicar el papel esencial de los \u00e1rboles en la conservaci\u00f3n del medio ambiente. M\u00e1s que un d\u00eda, un recordatorio: Si bien el D\u00eda Mundial del \u00c1rbol se concentra en una fecha espec\u00edfica, su mensaje resuena durante todo el a\u00f1o. Es un recordatorio constante de la necesidad [&hellip;]\" \/>\n<meta property=\"og:url\" content=\"https:\/\/rafaramirez.org\/blog\/index.php\/2024\/06\/28\/hoy-es-el-dia-mundial-del-arbol-nuestros-mejores-aliados-para-un-planeta-mas-saludable\/\" \/>\n<meta property=\"og:site_name\" content=\"Blog de Rafael Ram\u00edrez\" \/>\n<meta property=\"article:published_time\" content=\"2024-06-28T06:15:24+00:00\" \/>\n<meta property=\"og:image\" content=\"https:\/\/rafaramirez.org\/blog\/wp-content\/uploads\/2024\/06\/forest-3369950_banner.jpg\" \/>\n\t<meta property=\"og:image:width\" content=\"750\" \/>\n\t<meta property=\"og:image:height\" content=\"499\" \/>\n\t<meta property=\"og:image:type\" content=\"image\/jpeg\" \/>\n<meta name=\"author\" content=\"Rafael Ram\u00edrez\" \/>\n<meta name=\"twitter:card\" content=\"summary_large_image\" \/>\n<meta name=\"twitter:creator\" content=\"@rafaramirez_ok\" \/>\n<meta name=\"twitter:site\" content=\"@rafaramirez_ok\" \/>\n<meta name=\"twitter:label1\" content=\"Escrito por\" \/>\n\t<meta name=\"twitter:data1\" content=\"Rafael Ram\u00edrez\" \/>\n\t<meta name=\"twitter:label2\" content=\"Tiempo de lectura\" \/>\n\t<meta name=\"twitter:data2\" content=\"3 minutos\" \/>\n<script type=\"application\/ld+json\" class=\"yoast-schema-graph\">{\"@context\":\"https:\\\/\\\/schema.org\",\"@graph\":[{\"@type\":\"Article\",\"@id\":\"https:\\\/\\\/rafaramirez.org\\\/blog\\\/index.php\\\/2024\\\/06\\\/28\\\/hoy-es-el-dia-mundial-del-arbol-nuestros-mejores-aliados-para-un-planeta-mas-saludable\\\/#article\",\"isPartOf\":{\"@id\":\"https:\\\/\\\/rafaramirez.org\\\/blog\\\/index.php\\\/2024\\\/06\\\/28\\\/hoy-es-el-dia-mundial-del-arbol-nuestros-mejores-aliados-para-un-planeta-mas-saludable\\\/\"},\"author\":{\"name\":\"Rafael Ram\u00edrez\",\"@id\":\"https:\\\/\\\/rafaramirez.org\\\/blog\\\/#\\\/schema\\\/person\\\/50f43b6d60c578760d4c17bda54ab6a5\"},\"headline\":\"Hoy es el D\u00eda Mundial del \u00c1rbol, nuestros mejores aliados para un planeta m\u00e1s saludable.\",\"datePublished\":\"2024-06-28T06:15:24+00:00\",\"mainEntityOfPage\":{\"@id\":\"https:\\\/\\\/rafaramirez.org\\\/blog\\\/index.php\\\/2024\\\/06\\\/28\\\/hoy-es-el-dia-mundial-del-arbol-nuestros-mejores-aliados-para-un-planeta-mas-saludable\\\/\"},\"wordCount\":702,\"commentCount\":0,\"publisher\":{\"@id\":\"https:\\\/\\\/rafaramirez.org\\\/blog\\\/#\\\/schema\\\/person\\\/50f43b6d60c578760d4c17bda54ab6a5\"},\"image\":{\"@id\":\"https:\\\/\\\/rafaramirez.org\\\/blog\\\/index.php\\\/2024\\\/06\\\/28\\\/hoy-es-el-dia-mundial-del-arbol-nuestros-mejores-aliados-para-un-planeta-mas-saludable\\\/#primaryimage\"},\"thumbnailUrl\":\"https:\\\/\\\/rafaramirez.org\\\/blog\\\/wp-content\\\/uploads\\\/2024\\\/06\\\/forest-3369950_banner.jpg\",\"keywords\":[\"1805\",\"1897\",\"28 de junio\",\"Arturo Soria y Mata\",\"C\u00e1ceres\",\"Ciudad Lineal\",\"Consume productos sostenibles\",\"Contribuyen al bienestar\",\"Cuida los \u00e1rboles existentes\",\"d\u00e9cada de los 60\",\"D\u00eda del \u00c1rbol\",\"D\u00eda Mundial del \u00c1rbol\",\"fiestas del \u00c1rbol\",\"Generaci\u00f3n de agua\",\"H\u00e1bitat para la biodiversidad\",\"Inf\u00f3rmate y sensibiliza\",\"Madrid\",\"Mariano Belm\u00e1s\",\"Mitigaci\u00f3n del cambio clim\u00e1tico\",\"Mitigaci\u00f3n del efecto invernadero\",\"Planta un \u00e1rbol\",\"Producci\u00f3n de ox\u00edgeno\",\"Protecci\u00f3n del suelo\",\"Ram\u00f3n Vacas Rojo\",\"Reduce tu huella de carbono\",\"Regulaci\u00f3n clim\u00e1tica\",\"Villanueva de la Sierra\"],\"articleSection\":[\"Efem\u00e9rides\"],\"inLanguage\":\"es\",\"potentialAction\":[{\"@type\":\"CommentAction\",\"name\":\"Comment\",\"target\":[\"https:\\\/\\\/rafaramirez.org\\\/blog\\\/index.php\\\/2024\\\/06\\\/28\\\/hoy-es-el-dia-mundial-del-arbol-nuestros-mejores-aliados-para-un-planeta-mas-saludable\\\/#respond\"]}]},{\"@type\":\"WebPage\",\"@id\":\"https:\\\/\\\/rafaramirez.org\\\/blog\\\/index.php\\\/2024\\\/06\\\/28\\\/hoy-es-el-dia-mundial-del-arbol-nuestros-mejores-aliados-para-un-planeta-mas-saludable\\\/\",\"url\":\"https:\\\/\\\/rafaramirez.org\\\/blog\\\/index.php\\\/2024\\\/06\\\/28\\\/hoy-es-el-dia-mundial-del-arbol-nuestros-mejores-aliados-para-un-planeta-mas-saludable\\\/\",\"name\":\"Hoy es el D\u00eda Mundial del \u00c1rbol, nuestros mejores aliados para un planeta m\u00e1s saludable. - Blog de Rafael Ram\u00edrez\",\"isPartOf\":{\"@id\":\"https:\\\/\\\/rafaramirez.org\\\/blog\\\/#website\"},\"primaryImageOfPage\":{\"@id\":\"https:\\\/\\\/rafaramirez.org\\\/blog\\\/index.php\\\/2024\\\/06\\\/28\\\/hoy-es-el-dia-mundial-del-arbol-nuestros-mejores-aliados-para-un-planeta-mas-saludable\\\/#primaryimage\"},\"image\":{\"@id\":\"https:\\\/\\\/rafaramirez.org\\\/blog\\\/index.php\\\/2024\\\/06\\\/28\\\/hoy-es-el-dia-mundial-del-arbol-nuestros-mejores-aliados-para-un-planeta-mas-saludable\\\/#primaryimage\"},\"thumbnailUrl\":\"https:\\\/\\\/rafaramirez.org\\\/blog\\\/wp-content\\\/uploads\\\/2024\\\/06\\\/forest-3369950_banner.jpg\",\"datePublished\":\"2024-06-28T06:15:24+00:00\",\"breadcrumb\":{\"@id\":\"https:\\\/\\\/rafaramirez.org\\\/blog\\\/index.php\\\/2024\\\/06\\\/28\\\/hoy-es-el-dia-mundial-del-arbol-nuestros-mejores-aliados-para-un-planeta-mas-saludable\\\/#breadcrumb\"},\"inLanguage\":\"es\",\"potentialAction\":[{\"@type\":\"ReadAction\",\"target\":[\"https:\\\/\\\/rafaramirez.org\\\/blog\\\/index.php\\\/2024\\\/06\\\/28\\\/hoy-es-el-dia-mundial-del-arbol-nuestros-mejores-aliados-para-un-planeta-mas-saludable\\\/\"]}]},{\"@type\":\"ImageObject\",\"inLanguage\":\"es\",\"@id\":\"https:\\\/\\\/rafaramirez.org\\\/blog\\\/index.php\\\/2024\\\/06\\\/28\\\/hoy-es-el-dia-mundial-del-arbol-nuestros-mejores-aliados-para-un-planeta-mas-saludable\\\/#primaryimage\",\"url\":\"https:\\\/\\\/rafaramirez.org\\\/blog\\\/wp-content\\\/uploads\\\/2024\\\/06\\\/forest-3369950_banner.jpg\",\"contentUrl\":\"https:\\\/\\\/rafaramirez.org\\\/blog\\\/wp-content\\\/uploads\\\/2024\\\/06\\\/forest-3369950_banner.jpg\",\"width\":750,\"height\":499,\"caption\":\"28 de junio D\u00eda Mundial del \u00c1rbol. Blog de Rafael Ram\u00edrez.\"},{\"@type\":\"BreadcrumbList\",\"@id\":\"https:\\\/\\\/rafaramirez.org\\\/blog\\\/index.php\\\/2024\\\/06\\\/28\\\/hoy-es-el-dia-mundial-del-arbol-nuestros-mejores-aliados-para-un-planeta-mas-saludable\\\/#breadcrumb\",\"itemListElement\":[{\"@type\":\"ListItem\",\"position\":1,\"name\":\"Portada\",\"item\":\"https:\\\/\\\/rafaramirez.org\\\/blog\\\/\"},{\"@type\":\"ListItem\",\"position\":2,\"name\":\"Hoy es el D\u00eda Mundial del \u00c1rbol, nuestros mejores aliados para un planeta m\u00e1s saludable.\"}]},{\"@type\":\"WebSite\",\"@id\":\"https:\\\/\\\/rafaramirez.org\\\/blog\\\/#website\",\"url\":\"https:\\\/\\\/rafaramirez.org\\\/blog\\\/\",\"name\":\"Blog de Rafael Ram\u00edrez\",\"description\":\"Un sitio social, de arte y cultura\",\"publisher\":{\"@id\":\"https:\\\/\\\/rafaramirez.org\\\/blog\\\/#\\\/schema\\\/person\\\/50f43b6d60c578760d4c17bda54ab6a5\"},\"potentialAction\":[{\"@type\":\"SearchAction\",\"target\":{\"@type\":\"EntryPoint\",\"urlTemplate\":\"https:\\\/\\\/rafaramirez.org\\\/blog\\\/?s={search_term_string}\"},\"query-input\":{\"@type\":\"PropertyValueSpecification\",\"valueRequired\":true,\"valueName\":\"search_term_string\"}}],\"inLanguage\":\"es\"},{\"@type\":[\"Person\",\"Organization\"],\"@id\":\"https:\\\/\\\/rafaramirez.org\\\/blog\\\/#\\\/schema\\\/person\\\/50f43b6d60c578760d4c17bda54ab6a5\",\"name\":\"Rafael Ram\u00edrez\",\"image\":{\"@type\":\"ImageObject\",\"inLanguage\":\"es\",\"@id\":\"https:\\\/\\\/rafaramirez.org\\\/blog\\\/wp-content\\\/uploads\\\/2024\\\/09\\\/RR_socialnetwork.jpg\",\"url\":\"https:\\\/\\\/rafaramirez.org\\\/blog\\\/wp-content\\\/uploads\\\/2024\\\/09\\\/RR_socialnetwork.jpg\",\"contentUrl\":\"https:\\\/\\\/rafaramirez.org\\\/blog\\\/wp-content\\\/uploads\\\/2024\\\/09\\\/RR_socialnetwork.jpg\",\"width\":600,\"height\":606,\"caption\":\"Rafael Ram\u00edrez\"},\"logo\":{\"@id\":\"https:\\\/\\\/rafaramirez.org\\\/blog\\\/wp-content\\\/uploads\\\/2024\\\/09\\\/RR_socialnetwork.jpg\"},\"sameAs\":[\"https:\\\/\\\/www.rafaramirez.org\\\/blog\",\"https:\\\/\\\/www.instagram.com\\\/rafaramirez_ok\\\/\",\"https:\\\/\\\/es.pinterest.com\\\/Ramirez_Rafa\\\/\",\"https:\\\/\\\/x.com\\\/rafaramirez_ok\"],\"url\":\"https:\\\/\\\/rafaramirez.org\\\/blog\\\/index.php\\\/author\\\/rafaell_qm6j97da\\\/\"}]}<\/script>\n<!-- \/ Yoast SEO plugin. -->","yoast_head_json":{"title":"Hoy es el D\u00eda Mundial del \u00c1rbol, nuestros mejores aliados para un planeta m\u00e1s saludable. - Blog de Rafael Ram\u00edrez","robots":{"index":"index","follow":"follow","max-snippet":"max-snippet:-1","max-image-preview":"max-image-preview:large","max-video-preview":"max-video-preview:-1"},"canonical":"https:\/\/rafaramirez.org\/blog\/index.php\/2024\/06\/28\/hoy-es-el-dia-mundial-del-arbol-nuestros-mejores-aliados-para-un-planeta-mas-saludable\/","og_locale":"es_ES","og_type":"article","og_title":"Hoy es el D\u00eda Mundial del \u00c1rbol, nuestros mejores aliados para un planeta m\u00e1s saludable. - Blog de Rafael Ram\u00edrez","og_description":"El\u00a0D\u00eda Mundial del \u00c1rbol\u00a0se celebra el\u00a028 de junio para reivindicar el papel esencial de los \u00e1rboles en la conservaci\u00f3n del medio ambiente. M\u00e1s que un d\u00eda, un recordatorio: Si bien el D\u00eda Mundial del \u00c1rbol se concentra en una fecha espec\u00edfica, su mensaje resuena durante todo el a\u00f1o. Es un recordatorio constante de la necesidad [&hellip;]","og_url":"https:\/\/rafaramirez.org\/blog\/index.php\/2024\/06\/28\/hoy-es-el-dia-mundial-del-arbol-nuestros-mejores-aliados-para-un-planeta-mas-saludable\/","og_site_name":"Blog de Rafael Ram\u00edrez","article_published_time":"2024-06-28T06:15:24+00:00","og_image":[{"width":750,"height":499,"url":"https:\/\/rafaramirez.org\/blog\/wp-content\/uploads\/2024\/06\/forest-3369950_banner.jpg","type":"image\/jpeg"}],"author":"Rafael Ram\u00edrez","twitter_card":"summary_large_image","twitter_creator":"@rafaramirez_ok","twitter_site":"@rafaramirez_ok","twitter_misc":{"Escrito por":"Rafael Ram\u00edrez","Tiempo de lectura":"3 minutos"},"schema":{"@context":"https:\/\/schema.org","@graph":[{"@type":"Article","@id":"https:\/\/rafaramirez.org\/blog\/index.php\/2024\/06\/28\/hoy-es-el-dia-mundial-del-arbol-nuestros-mejores-aliados-para-un-planeta-mas-saludable\/#article","isPartOf":{"@id":"https:\/\/rafaramirez.org\/blog\/index.php\/2024\/06\/28\/hoy-es-el-dia-mundial-del-arbol-nuestros-mejores-aliados-para-un-planeta-mas-saludable\/"},"author":{"name":"Rafael Ram\u00edrez","@id":"https:\/\/rafaramirez.org\/blog\/#\/schema\/person\/50f43b6d60c578760d4c17bda54ab6a5"},"headline":"Hoy es el D\u00eda Mundial del \u00c1rbol, nuestros mejores aliados para un planeta m\u00e1s saludable.","datePublished":"2024-06-28T06:15:24+00:00","mainEntityOfPage":{"@id":"https:\/\/rafaramirez.org\/blog\/index.php\/2024\/06\/28\/hoy-es-el-dia-mundial-del-arbol-nuestros-mejores-aliados-para-un-planeta-mas-saludable\/"},"wordCount":702,"commentCount":0,"publisher":{"@id":"https:\/\/rafaramirez.org\/blog\/#\/schema\/person\/50f43b6d60c578760d4c17bda54ab6a5"},"image":{"@id":"https:\/\/rafaramirez.org\/blog\/index.php\/2024\/06\/28\/hoy-es-el-dia-mundial-del-arbol-nuestros-mejores-aliados-para-un-planeta-mas-saludable\/#primaryimage"},"thumbnailUrl":"https:\/\/rafaramirez.org\/blog\/wp-content\/uploads\/2024\/06\/forest-3369950_banner.jpg","keywords":["1805","1897","28 de junio","Arturo Soria y Mata","C\u00e1ceres","Ciudad Lineal","Consume productos sostenibles","Contribuyen al bienestar","Cuida los \u00e1rboles existentes","d\u00e9cada de los 60","D\u00eda del \u00c1rbol","D\u00eda Mundial del \u00c1rbol","fiestas del \u00c1rbol","Generaci\u00f3n de agua","H\u00e1bitat para la biodiversidad","Inf\u00f3rmate y sensibiliza","Madrid","Mariano Belm\u00e1s","Mitigaci\u00f3n del cambio clim\u00e1tico","Mitigaci\u00f3n del efecto invernadero","Planta un \u00e1rbol","Producci\u00f3n de ox\u00edgeno","Protecci\u00f3n del suelo","Ram\u00f3n Vacas Rojo","Reduce tu huella de carbono","Regulaci\u00f3n clim\u00e1tica","Villanueva de la Sierra"],"articleSection":["Efem\u00e9rides"],"inLanguage":"es","potentialAction":[{"@type":"CommentAction","name":"Comment","target":["https:\/\/rafaramirez.org\/blog\/index.php\/2024\/06\/28\/hoy-es-el-dia-mundial-del-arbol-nuestros-mejores-aliados-para-un-planeta-mas-saludable\/#respond"]}]},{"@type":"WebPage","@id":"https:\/\/rafaramirez.org\/blog\/index.php\/2024\/06\/28\/hoy-es-el-dia-mundial-del-arbol-nuestros-mejores-aliados-para-un-planeta-mas-saludable\/","url":"https:\/\/rafaramirez.org\/blog\/index.php\/2024\/06\/28\/hoy-es-el-dia-mundial-del-arbol-nuestros-mejores-aliados-para-un-planeta-mas-saludable\/","name":"Hoy es el D\u00eda Mundial del \u00c1rbol, nuestros mejores aliados para un planeta m\u00e1s saludable. - Blog de Rafael Ram\u00edrez","isPartOf":{"@id":"https:\/\/rafaramirez.org\/blog\/#website"},"primaryImageOfPage":{"@id":"https:\/\/rafaramirez.org\/blog\/index.php\/2024\/06\/28\/hoy-es-el-dia-mundial-del-arbol-nuestros-mejores-aliados-para-un-planeta-mas-saludable\/#primaryimage"},"image":{"@id":"https:\/\/rafaramirez.org\/blog\/index.php\/2024\/06\/28\/hoy-es-el-dia-mundial-del-arbol-nuestros-mejores-aliados-para-un-planeta-mas-saludable\/#primaryimage"},"thumbnailUrl":"https:\/\/rafaramirez.org\/blog\/wp-content\/uploads\/2024\/06\/forest-3369950_banner.jpg","datePublished":"2024-06-28T06:15:24+00:00","breadcrumb":{"@id":"https:\/\/rafaramirez.org\/blog\/index.php\/2024\/06\/28\/hoy-es-el-dia-mundial-del-arbol-nuestros-mejores-aliados-para-un-planeta-mas-saludable\/#breadcrumb"},"inLanguage":"es","potentialAction":[{"@type":"ReadAction","target":["https:\/\/rafaramirez.org\/blog\/index.php\/2024\/06\/28\/hoy-es-el-dia-mundial-del-arbol-nuestros-mejores-aliados-para-un-planeta-mas-saludable\/"]}]},{"@type":"ImageObject","inLanguage":"es","@id":"https:\/\/rafaramirez.org\/blog\/index.php\/2024\/06\/28\/hoy-es-el-dia-mundial-del-arbol-nuestros-mejores-aliados-para-un-planeta-mas-saludable\/#primaryimage","url":"https:\/\/rafaramirez.org\/blog\/wp-content\/uploads\/2024\/06\/forest-3369950_banner.jpg","contentUrl":"https:\/\/rafaramirez.org\/blog\/wp-content\/uploads\/2024\/06\/forest-3369950_banner.jpg","width":750,"height":499,"caption":"28 de junio D\u00eda Mundial del \u00c1rbol. Blog de Rafael Ram\u00edrez."},{"@type":"BreadcrumbList","@id":"https:\/\/rafaramirez.org\/blog\/index.php\/2024\/06\/28\/hoy-es-el-dia-mundial-del-arbol-nuestros-mejores-aliados-para-un-planeta-mas-saludable\/#breadcrumb","itemListElement":[{"@type":"ListItem","position":1,"name":"Portada","item":"https:\/\/rafaramirez.org\/blog\/"},{"@type":"ListItem","position":2,"name":"Hoy es el D\u00eda Mundial del \u00c1rbol, nuestros mejores aliados para un planeta m\u00e1s saludable."}]},{"@type":"WebSite","@id":"https:\/\/rafaramirez.org\/blog\/#website","url":"https:\/\/rafaramirez.org\/blog\/","name":"Blog de Rafael Ram\u00edrez","description":"Un sitio social, de arte y cultura","publisher":{"@id":"https:\/\/rafaramirez.org\/blog\/#\/schema\/person\/50f43b6d60c578760d4c17bda54ab6a5"},"potentialAction":[{"@type":"SearchAction","target":{"@type":"EntryPoint","urlTemplate":"https:\/\/rafaramirez.org\/blog\/?s={search_term_string}"},"query-input":{"@type":"PropertyValueSpecification","valueRequired":true,"valueName":"search_term_string"}}],"inLanguage":"es"},{"@type":["Person","Organization"],"@id":"https:\/\/rafaramirez.org\/blog\/#\/schema\/person\/50f43b6d60c578760d4c17bda54ab6a5","name":"Rafael Ram\u00edrez","image":{"@type":"ImageObject","inLanguage":"es","@id":"https:\/\/rafaramirez.org\/blog\/wp-content\/uploads\/2024\/09\/RR_socialnetwork.jpg","url":"https:\/\/rafaramirez.org\/blog\/wp-content\/uploads\/2024\/09\/RR_socialnetwork.jpg","contentUrl":"https:\/\/rafaramirez.org\/blog\/wp-content\/uploads\/2024\/09\/RR_socialnetwork.jpg","width":600,"height":606,"caption":"Rafael Ram\u00edrez"},"logo":{"@id":"https:\/\/rafaramirez.org\/blog\/wp-content\/uploads\/2024\/09\/RR_socialnetwork.jpg"},"sameAs":["https:\/\/www.rafaramirez.org\/blog","https:\/\/www.instagram.com\/rafaramirez_ok\/","https:\/\/es.pinterest.com\/Ramirez_Rafa\/","https:\/\/x.com\/rafaramirez_ok"],"url":"https:\/\/rafaramirez.org\/blog\/index.php\/author\/rafaell_qm6j97da\/"}]}},"jetpack_publicize_connections":[],"jetpack_sharing_enabled":true,"jetpack_likes_enabled":true,"jetpack_featured_media_url":"https:\/\/rafaramirez.org\/blog\/wp-content\/uploads\/2024\/06\/forest-3369950_banner.jpg","_links":{"self":[{"href":"https:\/\/rafaramirez.org\/blog\/index.php\/wp-json\/wp\/v2\/posts\/4878","targetHints":{"allow":["GET"]}}],"collection":[{"href":"https:\/\/rafaramirez.org\/blog\/index.php\/wp-json\/wp\/v2\/posts"}],"about":[{"href":"https:\/\/rafaramirez.org\/blog\/index.php\/wp-json\/wp\/v2\/types\/post"}],"author":[{"embeddable":true,"href":"https:\/\/rafaramirez.org\/blog\/index.php\/wp-json\/wp\/v2\/users\/1"}],"replies":[{"embeddable":true,"href":"https:\/\/rafaramirez.org\/blog\/index.php\/wp-json\/wp\/v2\/comments?post=4878"}],"version-history":[{"count":6,"href":"https:\/\/rafaramirez.org\/blog\/index.php\/wp-json\/wp\/v2\/posts\/4878\/revisions"}],"predecessor-version":[{"id":4888,"href":"https:\/\/rafaramirez.org\/blog\/index.php\/wp-json\/wp\/v2\/posts\/4878\/revisions\/4888"}],"wp:featuredmedia":[{"embeddable":true,"href":"https:\/\/rafaramirez.org\/blog\/index.php\/wp-json\/wp\/v2\/media\/4883"}],"wp:attachment":[{"href":"https:\/\/rafaramirez.org\/blog\/index.php\/wp-json\/wp\/v2\/media?parent=4878"}],"wp:term":[{"taxonomy":"category","embeddable":true,"href":"https:\/\/rafaramirez.org\/blog\/index.php\/wp-json\/wp\/v2\/categories?post=4878"},{"taxonomy":"post_tag","embeddable":true,"href":"https:\/\/rafaramirez.org\/blog\/index.php\/wp-json\/wp\/v2\/tags?post=4878"}],"curies":[{"name":"wp","href":"https:\/\/api.w.org\/{rel}","templated":true}]}}