{"id":4831,"date":"2024-06-25T08:15:12","date_gmt":"2024-06-25T06:15:12","guid":{"rendered":"https:\/\/rafaramirez.org\/blog\/?p=4831"},"modified":"2024-07-11T10:40:26","modified_gmt":"2024-07-11T08:40:26","slug":"ave-maria-luciano-pavarotti-dolores-oriordan-en-directo-live-al-vivo","status":"publish","type":"post","link":"https:\/\/rafaramirez.org\/blog\/index.php\/2024\/06\/25\/ave-maria-luciano-pavarotti-dolores-oriordan-en-directo-live-al-vivo\/","title":{"rendered":"Ave Mar\u00eda: una bella interpretaci\u00f3n de Luciano Pavarotti &#038; Dolores O&#8217;Riordan en directo."},"content":{"rendered":"<p>Disfrutad de esta maravillosa canci\u00f3n, <strong>Luciano Pavarotti <\/strong>y<strong> Dolores O\u2019Riordan<\/strong> realizaron una hermosa versi\u00f3n del\u00a0<strong>Ave Mar\u00eda<\/strong>\u00a0durante el concierto\u00a0<strong>Pavarotti &amp; Friends<\/strong> en beneficio de los ni\u00f1os de Bosnia. Este evento tuvo lugar en 1995. La combinaci\u00f3n de las voces poderosas de Pavarotti y la emotiva interpretaci\u00f3n de Dolores O\u2019Riordan cre\u00f3 un momento inolvidable.<\/p>\n<p><iframe loading=\"lazy\" title=\"YouTube video player\" src=\"https:\/\/www.youtube.com\/embed\/7eRSwsomVeE?si=LmDb19HKyGoNlJKm\" width=\"560\" height=\"315\" frameborder=\"0\" allowfullscreen=\"allowfullscreen\"><\/iframe><\/p>\n<p>El\u00a0<strong>Ave Mar\u00eda<\/strong> es un himno profundamente reverente y devocional que expresa la creencia cat\u00f3lica en la poderosa intercesi\u00f3n de la Virgen Mar\u00eda y su papel en traer a Jes\u00fas al mundo. En esta interpretaci\u00f3n, la combinaci\u00f3n de las voces l\u00edricas de Pavarotti y la dulzura de Dolores O\u2019Riordan cre\u00f3 una experiencia conmovedora para el p\u00fablico presente.<\/p>\n<p><strong>Si deseas explorar m\u00e1s, puedes tener mayor informaci\u00f3n en los enlaces de abajo. \u00a1Espero que disfrutes de esta hermosa colaboraci\u00f3n musical! \ud83c\udfb6<\/strong><\/p>\n<p><strong>Como siempre puedes dejar tus comentarios debajo del post \u00a1Saludos musicales!<\/strong><\/p>\n<p>M\u00e1s informaci\u00f3n:<\/p>\n<ul>\n<li><a href=\"https:\/\/www.youtube.com\/@TheTelevideo\" target=\"_blank\" rel=\"noopener\">M\u00e1s videos musicales de TheTelevideo.<\/a><\/li>\n<li><a href=\"https:\/\/www.songtell.com\/es\/luciano-pavarotti\/ave-maria\" target=\"_blank\" rel=\"noopener\">Conoce m\u00e1s del significado de esta canci\u00f3n en Songtell.com<\/a><\/li>\n<li><a href=\"https:\/\/www.google.com\/search?q=comprar+CD+Pavarotti+and+friends+together+for+the+Children+of+Bosnia\" target=\"_blank\" rel=\"noopener\">Comprar CD que incluye esta canci\u00f3n: <\/a><a href=\"https:\/\/www.google.com\/search?q=comprar+CD+Pavarotti+and+friends+together+for+the+Children+of+Bosnia\" target=\"_blank\" rel=\"noopener\">Pavarotti &amp; Friends Together For The Children Of Bosnia<\/a>.<\/li>\n<\/ul>\n","protected":false},"excerpt":{"rendered":"<p>Disfrutad de esta maravillosa canci\u00f3n, Luciano Pavarotti y Dolores O\u2019Riordan realizaron una hermosa versi\u00f3n del\u00a0Ave Mar\u00eda\u00a0durante el concierto\u00a0Pavarotti &amp; Friends en beneficio de los ni\u00f1os de Bosnia. Este evento tuvo lugar en 1995. La combinaci\u00f3n de las voces poderosas de Pavarotti y la emotiva interpretaci\u00f3n de Dolores O\u2019Riordan cre\u00f3 un momento inolvidable. El\u00a0Ave Mar\u00eda es [&hellip;]<\/p>\n","protected":false},"author":1,"featured_media":4836,"comment_status":"open","ping_status":"closed","sticky":false,"template":"","format":"standard","meta":{"site-container-style":"default","site-container-layout":"default","site-sidebar-layout":"default","disable-article-header":"default","disable-site-header":"default","disable-site-footer":"default","disable-content-area-spacing":"default","_jetpack_newsletter_access":"","_jetpack_dont_email_post_to_subs":false,"_jetpack_newsletter_tier_id":0,"_jetpack_memberships_contains_paywalled_content":false,"_jetpack_feature_clip_id":0,"_jetpack_memberships_contains_paid_content":false,"footnotes":"","jetpack_publicize_message":"","jetpack_publicize_feature_enabled":true,"jetpack_social_post_already_shared":false,"jetpack_social_options":{"image_generator_settings":{"template":"highway","default_image_id":0,"font":"","enabled":false},"version":2},"jetpack_post_was_ever_published":false},"categories":[709],"tags":[2510,89,826,2511,659,2515,663,2512,415,2513,1540,572,2514],"class_list":["post-4831","post","type-post","status-publish","format-standard","has-post-thumbnail","hentry","category-musica","tag-cancion-ave-maria","tag-cd-recomendado","tag-disco-recomendado","tag-dolores-oriordan","tag-luciano-pavarotti","tag-musica-recomendada","tag-pavarotti-friends","tag-pavarotti-friends-together-for-the-children-of-bosnia","tag-recomendaciones-musicales","tag-thetelevideo","tag-video-destacado","tag-video-musical","tag-youtube"],"yoast_head":"<!-- This site is optimized with the Yoast SEO plugin v28.4 - https:\/\/yoast.com\/product\/yoast-seo-wordpress\/ -->\n<title>Ave Mar\u00eda: una bella interpretaci\u00f3n de Luciano Pavarotti &amp; Dolores O&#039;Riordan en directo. - Blog de Rafael Ram\u00edrez<\/title>\n<meta name=\"robots\" content=\"index, follow, max-snippet:-1, max-image-preview:large, max-video-preview:-1\" \/>\n<link rel=\"canonical\" href=\"https:\/\/rafaramirez.org\/blog\/index.php\/2024\/06\/25\/ave-maria-luciano-pavarotti-dolores-oriordan-en-directo-live-al-vivo\/\" \/>\n<meta property=\"og:locale\" content=\"es_ES\" \/>\n<meta property=\"og:type\" content=\"article\" \/>\n<meta property=\"og:title\" content=\"Ave Mar\u00eda: una bella interpretaci\u00f3n de Luciano Pavarotti &amp; Dolores O&#039;Riordan en directo. - Blog de Rafael Ram\u00edrez\" \/>\n<meta property=\"og:description\" content=\"Disfrutad de esta maravillosa canci\u00f3n, Luciano Pavarotti y Dolores O\u2019Riordan realizaron una hermosa versi\u00f3n del\u00a0Ave Mar\u00eda\u00a0durante el concierto\u00a0Pavarotti &amp; Friends en beneficio de los ni\u00f1os de Bosnia. Este evento tuvo lugar en 1995. La combinaci\u00f3n de las voces poderosas de Pavarotti y la emotiva interpretaci\u00f3n de Dolores O\u2019Riordan cre\u00f3 un momento inolvidable. El\u00a0Ave Mar\u00eda es [&hellip;]\" \/>\n<meta property=\"og:url\" content=\"https:\/\/rafaramirez.org\/blog\/index.php\/2024\/06\/25\/ave-maria-luciano-pavarotti-dolores-oriordan-en-directo-live-al-vivo\/\" \/>\n<meta property=\"og:site_name\" content=\"Blog de Rafael Ram\u00edrez\" \/>\n<meta property=\"article:published_time\" content=\"2024-06-25T06:15:12+00:00\" \/>\n<meta property=\"article:modified_time\" content=\"2024-07-11T08:40:26+00:00\" \/>\n<meta property=\"og:image\" content=\"https:\/\/rafaramirez.org\/blog\/wp-content\/uploads\/2024\/06\/Luciano-Pavarotti-Dolores-ORiordan_bannerok.jpg\" \/>\n\t<meta property=\"og:image:width\" content=\"1608\" \/>\n\t<meta property=\"og:image:height\" content=\"1017\" \/>\n\t<meta property=\"og:image:type\" content=\"image\/jpeg\" \/>\n<meta name=\"author\" content=\"Rafael Ram\u00edrez\" \/>\n<meta name=\"twitter:card\" content=\"summary_large_image\" \/>\n<meta name=\"twitter:creator\" content=\"@rafaramirez_ok\" \/>\n<meta name=\"twitter:site\" content=\"@rafaramirez_ok\" \/>\n<meta name=\"twitter:label1\" content=\"Escrito por\" \/>\n\t<meta name=\"twitter:data1\" content=\"Rafael Ram\u00edrez\" \/>\n\t<meta name=\"twitter:label2\" content=\"Tiempo de lectura\" \/>\n\t<meta name=\"twitter:data2\" content=\"1 minuto\" \/>\n<script type=\"application\/ld+json\" class=\"yoast-schema-graph\">{\"@context\":\"https:\\\/\\\/schema.org\",\"@graph\":[{\"@type\":\"Article\",\"@id\":\"https:\\\/\\\/rafaramirez.org\\\/blog\\\/index.php\\\/2024\\\/06\\\/25\\\/ave-maria-luciano-pavarotti-dolores-oriordan-en-directo-live-al-vivo\\\/#article\",\"isPartOf\":{\"@id\":\"https:\\\/\\\/rafaramirez.org\\\/blog\\\/index.php\\\/2024\\\/06\\\/25\\\/ave-maria-luciano-pavarotti-dolores-oriordan-en-directo-live-al-vivo\\\/\"},\"author\":{\"name\":\"Rafael Ram\u00edrez\",\"@id\":\"https:\\\/\\\/rafaramirez.org\\\/blog\\\/#\\\/schema\\\/person\\\/50f43b6d60c578760d4c17bda54ab6a5\"},\"headline\":\"Ave Mar\u00eda: una bella interpretaci\u00f3n de Luciano Pavarotti &#038; Dolores O&#8217;Riordan en directo.\",\"datePublished\":\"2024-06-25T06:15:12+00:00\",\"dateModified\":\"2024-07-11T08:40:26+00:00\",\"mainEntityOfPage\":{\"@id\":\"https:\\\/\\\/rafaramirez.org\\\/blog\\\/index.php\\\/2024\\\/06\\\/25\\\/ave-maria-luciano-pavarotti-dolores-oriordan-en-directo-live-al-vivo\\\/\"},\"wordCount\":217,\"commentCount\":0,\"publisher\":{\"@id\":\"https:\\\/\\\/rafaramirez.org\\\/blog\\\/#\\\/schema\\\/person\\\/50f43b6d60c578760d4c17bda54ab6a5\"},\"image\":{\"@id\":\"https:\\\/\\\/rafaramirez.org\\\/blog\\\/index.php\\\/2024\\\/06\\\/25\\\/ave-maria-luciano-pavarotti-dolores-oriordan-en-directo-live-al-vivo\\\/#primaryimage\"},\"thumbnailUrl\":\"https:\\\/\\\/rafaramirez.org\\\/blog\\\/wp-content\\\/uploads\\\/2024\\\/06\\\/Luciano-Pavarotti-Dolores-ORiordan_bannerok.jpg\",\"keywords\":[\"canci\u00f3n Ave Mar\u00eda\",\"cd recomendado\",\"disco recomendado\",\"Dolores O\u2019Riordan\",\"Luciano Pavarotti\",\"m\u00fasica recomendada\",\"Pavarotti &amp; Friends\",\"Pavarotti &amp; Friends Together For The Children Of Bosnia\",\"recomendaciones musicales\",\"thetelevideo\",\"video destacado\",\"video musical\",\"youtube\"],\"articleSection\":[\"M\u00fasica\"],\"inLanguage\":\"es\",\"potentialAction\":[{\"@type\":\"CommentAction\",\"name\":\"Comment\",\"target\":[\"https:\\\/\\\/rafaramirez.org\\\/blog\\\/index.php\\\/2024\\\/06\\\/25\\\/ave-maria-luciano-pavarotti-dolores-oriordan-en-directo-live-al-vivo\\\/#respond\"]}]},{\"@type\":\"WebPage\",\"@id\":\"https:\\\/\\\/rafaramirez.org\\\/blog\\\/index.php\\\/2024\\\/06\\\/25\\\/ave-maria-luciano-pavarotti-dolores-oriordan-en-directo-live-al-vivo\\\/\",\"url\":\"https:\\\/\\\/rafaramirez.org\\\/blog\\\/index.php\\\/2024\\\/06\\\/25\\\/ave-maria-luciano-pavarotti-dolores-oriordan-en-directo-live-al-vivo\\\/\",\"name\":\"Ave Mar\u00eda: una bella interpretaci\u00f3n de Luciano Pavarotti & Dolores O'Riordan en directo. - Blog de Rafael Ram\u00edrez\",\"isPartOf\":{\"@id\":\"https:\\\/\\\/rafaramirez.org\\\/blog\\\/#website\"},\"primaryImageOfPage\":{\"@id\":\"https:\\\/\\\/rafaramirez.org\\\/blog\\\/index.php\\\/2024\\\/06\\\/25\\\/ave-maria-luciano-pavarotti-dolores-oriordan-en-directo-live-al-vivo\\\/#primaryimage\"},\"image\":{\"@id\":\"https:\\\/\\\/rafaramirez.org\\\/blog\\\/index.php\\\/2024\\\/06\\\/25\\\/ave-maria-luciano-pavarotti-dolores-oriordan-en-directo-live-al-vivo\\\/#primaryimage\"},\"thumbnailUrl\":\"https:\\\/\\\/rafaramirez.org\\\/blog\\\/wp-content\\\/uploads\\\/2024\\\/06\\\/Luciano-Pavarotti-Dolores-ORiordan_bannerok.jpg\",\"datePublished\":\"2024-06-25T06:15:12+00:00\",\"dateModified\":\"2024-07-11T08:40:26+00:00\",\"breadcrumb\":{\"@id\":\"https:\\\/\\\/rafaramirez.org\\\/blog\\\/index.php\\\/2024\\\/06\\\/25\\\/ave-maria-luciano-pavarotti-dolores-oriordan-en-directo-live-al-vivo\\\/#breadcrumb\"},\"inLanguage\":\"es\",\"potentialAction\":[{\"@type\":\"ReadAction\",\"target\":[\"https:\\\/\\\/rafaramirez.org\\\/blog\\\/index.php\\\/2024\\\/06\\\/25\\\/ave-maria-luciano-pavarotti-dolores-oriordan-en-directo-live-al-vivo\\\/\"]}]},{\"@type\":\"ImageObject\",\"inLanguage\":\"es\",\"@id\":\"https:\\\/\\\/rafaramirez.org\\\/blog\\\/index.php\\\/2024\\\/06\\\/25\\\/ave-maria-luciano-pavarotti-dolores-oriordan-en-directo-live-al-vivo\\\/#primaryimage\",\"url\":\"https:\\\/\\\/rafaramirez.org\\\/blog\\\/wp-content\\\/uploads\\\/2024\\\/06\\\/Luciano-Pavarotti-Dolores-ORiordan_bannerok.jpg\",\"contentUrl\":\"https:\\\/\\\/rafaramirez.org\\\/blog\\\/wp-content\\\/uploads\\\/2024\\\/06\\\/Luciano-Pavarotti-Dolores-ORiordan_bannerok.jpg\",\"width\":1608,\"height\":1017,\"caption\":\"Luciano Pavarotti & Dolores O'Riordan: Ave Mar\u00eda. Blog de Rafael Ram\u00edrez.\"},{\"@type\":\"BreadcrumbList\",\"@id\":\"https:\\\/\\\/rafaramirez.org\\\/blog\\\/index.php\\\/2024\\\/06\\\/25\\\/ave-maria-luciano-pavarotti-dolores-oriordan-en-directo-live-al-vivo\\\/#breadcrumb\",\"itemListElement\":[{\"@type\":\"ListItem\",\"position\":1,\"name\":\"Portada\",\"item\":\"https:\\\/\\\/rafaramirez.org\\\/blog\\\/\"},{\"@type\":\"ListItem\",\"position\":2,\"name\":\"Ave Mar\u00eda: una bella interpretaci\u00f3n de Luciano Pavarotti &#038; Dolores O&#8217;Riordan en directo.\"}]},{\"@type\":\"WebSite\",\"@id\":\"https:\\\/\\\/rafaramirez.org\\\/blog\\\/#website\",\"url\":\"https:\\\/\\\/rafaramirez.org\\\/blog\\\/\",\"name\":\"Blog de Rafael Ram\u00edrez\",\"description\":\"Un sitio social, de arte y cultura\",\"publisher\":{\"@id\":\"https:\\\/\\\/rafaramirez.org\\\/blog\\\/#\\\/schema\\\/person\\\/50f43b6d60c578760d4c17bda54ab6a5\"},\"potentialAction\":[{\"@type\":\"SearchAction\",\"target\":{\"@type\":\"EntryPoint\",\"urlTemplate\":\"https:\\\/\\\/rafaramirez.org\\\/blog\\\/?s={search_term_string}\"},\"query-input\":{\"@type\":\"PropertyValueSpecification\",\"valueRequired\":true,\"valueName\":\"search_term_string\"}}],\"inLanguage\":\"es\"},{\"@type\":[\"Person\",\"Organization\"],\"@id\":\"https:\\\/\\\/rafaramirez.org\\\/blog\\\/#\\\/schema\\\/person\\\/50f43b6d60c578760d4c17bda54ab6a5\",\"name\":\"Rafael Ram\u00edrez\",\"image\":{\"@type\":\"ImageObject\",\"inLanguage\":\"es\",\"@id\":\"https:\\\/\\\/rafaramirez.org\\\/blog\\\/wp-content\\\/uploads\\\/2024\\\/09\\\/RR_socialnetwork.jpg\",\"url\":\"https:\\\/\\\/rafaramirez.org\\\/blog\\\/wp-content\\\/uploads\\\/2024\\\/09\\\/RR_socialnetwork.jpg\",\"contentUrl\":\"https:\\\/\\\/rafaramirez.org\\\/blog\\\/wp-content\\\/uploads\\\/2024\\\/09\\\/RR_socialnetwork.jpg\",\"width\":600,\"height\":606,\"caption\":\"Rafael Ram\u00edrez\"},\"logo\":{\"@id\":\"https:\\\/\\\/rafaramirez.org\\\/blog\\\/wp-content\\\/uploads\\\/2024\\\/09\\\/RR_socialnetwork.jpg\"},\"sameAs\":[\"https:\\\/\\\/www.rafaramirez.org\\\/blog\",\"https:\\\/\\\/www.instagram.com\\\/rafaramirez_ok\\\/\",\"https:\\\/\\\/es.pinterest.com\\\/Ramirez_Rafa\\\/\",\"https:\\\/\\\/x.com\\\/rafaramirez_ok\"],\"url\":\"https:\\\/\\\/rafaramirez.org\\\/blog\\\/index.php\\\/author\\\/rafaell_qm6j97da\\\/\"}]}<\/script>\n<!-- \/ Yoast SEO plugin. -->","yoast_head_json":{"title":"Ave Mar\u00eda: una bella interpretaci\u00f3n de Luciano Pavarotti & Dolores O'Riordan en directo. - Blog de Rafael Ram\u00edrez","robots":{"index":"index","follow":"follow","max-snippet":"max-snippet:-1","max-image-preview":"max-image-preview:large","max-video-preview":"max-video-preview:-1"},"canonical":"https:\/\/rafaramirez.org\/blog\/index.php\/2024\/06\/25\/ave-maria-luciano-pavarotti-dolores-oriordan-en-directo-live-al-vivo\/","og_locale":"es_ES","og_type":"article","og_title":"Ave Mar\u00eda: una bella interpretaci\u00f3n de Luciano Pavarotti & Dolores O'Riordan en directo. - Blog de Rafael Ram\u00edrez","og_description":"Disfrutad de esta maravillosa canci\u00f3n, Luciano Pavarotti y Dolores O\u2019Riordan realizaron una hermosa versi\u00f3n del\u00a0Ave Mar\u00eda\u00a0durante el concierto\u00a0Pavarotti &amp; Friends en beneficio de los ni\u00f1os de Bosnia. Este evento tuvo lugar en 1995. La combinaci\u00f3n de las voces poderosas de Pavarotti y la emotiva interpretaci\u00f3n de Dolores O\u2019Riordan cre\u00f3 un momento inolvidable. El\u00a0Ave Mar\u00eda es [&hellip;]","og_url":"https:\/\/rafaramirez.org\/blog\/index.php\/2024\/06\/25\/ave-maria-luciano-pavarotti-dolores-oriordan-en-directo-live-al-vivo\/","og_site_name":"Blog de Rafael Ram\u00edrez","article_published_time":"2024-06-25T06:15:12+00:00","article_modified_time":"2024-07-11T08:40:26+00:00","og_image":[{"width":1608,"height":1017,"url":"https:\/\/rafaramirez.org\/blog\/wp-content\/uploads\/2024\/06\/Luciano-Pavarotti-Dolores-ORiordan_bannerok.jpg","type":"image\/jpeg"}],"author":"Rafael Ram\u00edrez","twitter_card":"summary_large_image","twitter_creator":"@rafaramirez_ok","twitter_site":"@rafaramirez_ok","twitter_misc":{"Escrito por":"Rafael Ram\u00edrez","Tiempo de lectura":"1 minuto"},"schema":{"@context":"https:\/\/schema.org","@graph":[{"@type":"Article","@id":"https:\/\/rafaramirez.org\/blog\/index.php\/2024\/06\/25\/ave-maria-luciano-pavarotti-dolores-oriordan-en-directo-live-al-vivo\/#article","isPartOf":{"@id":"https:\/\/rafaramirez.org\/blog\/index.php\/2024\/06\/25\/ave-maria-luciano-pavarotti-dolores-oriordan-en-directo-live-al-vivo\/"},"author":{"name":"Rafael Ram\u00edrez","@id":"https:\/\/rafaramirez.org\/blog\/#\/schema\/person\/50f43b6d60c578760d4c17bda54ab6a5"},"headline":"Ave Mar\u00eda: una bella interpretaci\u00f3n de Luciano Pavarotti &#038; Dolores O&#8217;Riordan en directo.","datePublished":"2024-06-25T06:15:12+00:00","dateModified":"2024-07-11T08:40:26+00:00","mainEntityOfPage":{"@id":"https:\/\/rafaramirez.org\/blog\/index.php\/2024\/06\/25\/ave-maria-luciano-pavarotti-dolores-oriordan-en-directo-live-al-vivo\/"},"wordCount":217,"commentCount":0,"publisher":{"@id":"https:\/\/rafaramirez.org\/blog\/#\/schema\/person\/50f43b6d60c578760d4c17bda54ab6a5"},"image":{"@id":"https:\/\/rafaramirez.org\/blog\/index.php\/2024\/06\/25\/ave-maria-luciano-pavarotti-dolores-oriordan-en-directo-live-al-vivo\/#primaryimage"},"thumbnailUrl":"https:\/\/rafaramirez.org\/blog\/wp-content\/uploads\/2024\/06\/Luciano-Pavarotti-Dolores-ORiordan_bannerok.jpg","keywords":["canci\u00f3n Ave Mar\u00eda","cd recomendado","disco recomendado","Dolores O\u2019Riordan","Luciano Pavarotti","m\u00fasica recomendada","Pavarotti &amp; Friends","Pavarotti &amp; Friends Together For The Children Of Bosnia","recomendaciones musicales","thetelevideo","video destacado","video musical","youtube"],"articleSection":["M\u00fasica"],"inLanguage":"es","potentialAction":[{"@type":"CommentAction","name":"Comment","target":["https:\/\/rafaramirez.org\/blog\/index.php\/2024\/06\/25\/ave-maria-luciano-pavarotti-dolores-oriordan-en-directo-live-al-vivo\/#respond"]}]},{"@type":"WebPage","@id":"https:\/\/rafaramirez.org\/blog\/index.php\/2024\/06\/25\/ave-maria-luciano-pavarotti-dolores-oriordan-en-directo-live-al-vivo\/","url":"https:\/\/rafaramirez.org\/blog\/index.php\/2024\/06\/25\/ave-maria-luciano-pavarotti-dolores-oriordan-en-directo-live-al-vivo\/","name":"Ave Mar\u00eda: una bella interpretaci\u00f3n de Luciano Pavarotti & Dolores O'Riordan en directo. - Blog de Rafael Ram\u00edrez","isPartOf":{"@id":"https:\/\/rafaramirez.org\/blog\/#website"},"primaryImageOfPage":{"@id":"https:\/\/rafaramirez.org\/blog\/index.php\/2024\/06\/25\/ave-maria-luciano-pavarotti-dolores-oriordan-en-directo-live-al-vivo\/#primaryimage"},"image":{"@id":"https:\/\/rafaramirez.org\/blog\/index.php\/2024\/06\/25\/ave-maria-luciano-pavarotti-dolores-oriordan-en-directo-live-al-vivo\/#primaryimage"},"thumbnailUrl":"https:\/\/rafaramirez.org\/blog\/wp-content\/uploads\/2024\/06\/Luciano-Pavarotti-Dolores-ORiordan_bannerok.jpg","datePublished":"2024-06-25T06:15:12+00:00","dateModified":"2024-07-11T08:40:26+00:00","breadcrumb":{"@id":"https:\/\/rafaramirez.org\/blog\/index.php\/2024\/06\/25\/ave-maria-luciano-pavarotti-dolores-oriordan-en-directo-live-al-vivo\/#breadcrumb"},"inLanguage":"es","potentialAction":[{"@type":"ReadAction","target":["https:\/\/rafaramirez.org\/blog\/index.php\/2024\/06\/25\/ave-maria-luciano-pavarotti-dolores-oriordan-en-directo-live-al-vivo\/"]}]},{"@type":"ImageObject","inLanguage":"es","@id":"https:\/\/rafaramirez.org\/blog\/index.php\/2024\/06\/25\/ave-maria-luciano-pavarotti-dolores-oriordan-en-directo-live-al-vivo\/#primaryimage","url":"https:\/\/rafaramirez.org\/blog\/wp-content\/uploads\/2024\/06\/Luciano-Pavarotti-Dolores-ORiordan_bannerok.jpg","contentUrl":"https:\/\/rafaramirez.org\/blog\/wp-content\/uploads\/2024\/06\/Luciano-Pavarotti-Dolores-ORiordan_bannerok.jpg","width":1608,"height":1017,"caption":"Luciano Pavarotti & Dolores O'Riordan: Ave Mar\u00eda. Blog de Rafael Ram\u00edrez."},{"@type":"BreadcrumbList","@id":"https:\/\/rafaramirez.org\/blog\/index.php\/2024\/06\/25\/ave-maria-luciano-pavarotti-dolores-oriordan-en-directo-live-al-vivo\/#breadcrumb","itemListElement":[{"@type":"ListItem","position":1,"name":"Portada","item":"https:\/\/rafaramirez.org\/blog\/"},{"@type":"ListItem","position":2,"name":"Ave Mar\u00eda: una bella interpretaci\u00f3n de Luciano Pavarotti &#038; Dolores O&#8217;Riordan en directo."}]},{"@type":"WebSite","@id":"https:\/\/rafaramirez.org\/blog\/#website","url":"https:\/\/rafaramirez.org\/blog\/","name":"Blog de Rafael Ram\u00edrez","description":"Un sitio social, de arte y cultura","publisher":{"@id":"https:\/\/rafaramirez.org\/blog\/#\/schema\/person\/50f43b6d60c578760d4c17bda54ab6a5"},"potentialAction":[{"@type":"SearchAction","target":{"@type":"EntryPoint","urlTemplate":"https:\/\/rafaramirez.org\/blog\/?s={search_term_string}"},"query-input":{"@type":"PropertyValueSpecification","valueRequired":true,"valueName":"search_term_string"}}],"inLanguage":"es"},{"@type":["Person","Organization"],"@id":"https:\/\/rafaramirez.org\/blog\/#\/schema\/person\/50f43b6d60c578760d4c17bda54ab6a5","name":"Rafael Ram\u00edrez","image":{"@type":"ImageObject","inLanguage":"es","@id":"https:\/\/rafaramirez.org\/blog\/wp-content\/uploads\/2024\/09\/RR_socialnetwork.jpg","url":"https:\/\/rafaramirez.org\/blog\/wp-content\/uploads\/2024\/09\/RR_socialnetwork.jpg","contentUrl":"https:\/\/rafaramirez.org\/blog\/wp-content\/uploads\/2024\/09\/RR_socialnetwork.jpg","width":600,"height":606,"caption":"Rafael Ram\u00edrez"},"logo":{"@id":"https:\/\/rafaramirez.org\/blog\/wp-content\/uploads\/2024\/09\/RR_socialnetwork.jpg"},"sameAs":["https:\/\/www.rafaramirez.org\/blog","https:\/\/www.instagram.com\/rafaramirez_ok\/","https:\/\/es.pinterest.com\/Ramirez_Rafa\/","https:\/\/x.com\/rafaramirez_ok"],"url":"https:\/\/rafaramirez.org\/blog\/index.php\/author\/rafaell_qm6j97da\/"}]}},"jetpack_publicize_connections":[],"jetpack_sharing_enabled":true,"jetpack_likes_enabled":true,"jetpack_featured_media_url":"https:\/\/rafaramirez.org\/blog\/wp-content\/uploads\/2024\/06\/Luciano-Pavarotti-Dolores-ORiordan_bannerok.jpg","_links":{"self":[{"href":"https:\/\/rafaramirez.org\/blog\/index.php\/wp-json\/wp\/v2\/posts\/4831","targetHints":{"allow":["GET"]}}],"collection":[{"href":"https:\/\/rafaramirez.org\/blog\/index.php\/wp-json\/wp\/v2\/posts"}],"about":[{"href":"https:\/\/rafaramirez.org\/blog\/index.php\/wp-json\/wp\/v2\/types\/post"}],"author":[{"embeddable":true,"href":"https:\/\/rafaramirez.org\/blog\/index.php\/wp-json\/wp\/v2\/users\/1"}],"replies":[{"embeddable":true,"href":"https:\/\/rafaramirez.org\/blog\/index.php\/wp-json\/wp\/v2\/comments?post=4831"}],"version-history":[{"count":13,"href":"https:\/\/rafaramirez.org\/blog\/index.php\/wp-json\/wp\/v2\/posts\/4831\/revisions"}],"predecessor-version":[{"id":5191,"href":"https:\/\/rafaramirez.org\/blog\/index.php\/wp-json\/wp\/v2\/posts\/4831\/revisions\/5191"}],"wp:featuredmedia":[{"embeddable":true,"href":"https:\/\/rafaramirez.org\/blog\/index.php\/wp-json\/wp\/v2\/media\/4836"}],"wp:attachment":[{"href":"https:\/\/rafaramirez.org\/blog\/index.php\/wp-json\/wp\/v2\/media?parent=4831"}],"wp:term":[{"taxonomy":"category","embeddable":true,"href":"https:\/\/rafaramirez.org\/blog\/index.php\/wp-json\/wp\/v2\/categories?post=4831"},{"taxonomy":"post_tag","embeddable":true,"href":"https:\/\/rafaramirez.org\/blog\/index.php\/wp-json\/wp\/v2\/tags?post=4831"}],"curies":[{"name":"wp","href":"https:\/\/api.w.org\/{rel}","templated":true}]}}