{"id":4817,"date":"2024-06-24T08:15:55","date_gmt":"2024-06-24T06:15:55","guid":{"rendered":"https:\/\/rafaramirez.org\/blog\/?p=4817"},"modified":"2024-06-24T08:21:54","modified_gmt":"2024-06-24T06:21:54","slug":"dia-internacional-contra-la-contaminacion-electromagnetica","status":"publish","type":"post","link":"https:\/\/rafaramirez.org\/blog\/index.php\/2024\/06\/24\/dia-internacional-contra-la-contaminacion-electromagnetica\/","title":{"rendered":"D\u00eda Internacional contra la Contaminaci\u00f3n Electromagn\u00e9tica: conocer para prevenir."},"content":{"rendered":"<p>El\u00a0<strong>D\u00eda Internacional contra la Contaminaci\u00f3n Electromagn\u00e9tica<\/strong>\u00a0se conmemora cada\u00a0<strong>24 de junio<\/strong>. Esta fecha fue propuesta en Italia por la\u00a0<strong>Comisi\u00f3n Internacional para la Seguridad Electromagn\u00e9tica (ICEMS)<\/strong>. El objetivo es concienciar a la poblaci\u00f3n sobre los riesgos de una contaminaci\u00f3n invisible pero que puede tener consecuencias en la salud de las personas y otros \u00e1mbitos. Las radiaciones electromagn\u00e9ticas, asociadas a la presencia de redes inal\u00e1mbricas como el WIFI y el uso de m\u00f3viles, son el foco de atenci\u00f3n en este d\u00eda. Aunque a\u00fan se debaten los posibles riesgos para la salud humana, es importante estar informados sobre la exposici\u00f3n a campos electromagn\u00e9ticos generados por equipos electr\u00f3nicos, como antenas wifi en edificios p\u00fablicos, privados, colegios, hospitales y domicilios particulares. La Organizaci\u00f3n Mundial de la Salud (OMS) ha se\u00f1alado que los niveles de exposici\u00f3n a radiofrecuencias (RF) de las estaciones de base y las redes inal\u00e1mbricas suelen ser miles de veces inferiores a los l\u00edmites establecidos por las normas internacionales, y los aumentos de temperatura son insignificantes y no afectan la salud de las personas.<\/p>\n<h3>Fuentes comunes de contaminaci\u00f3n electromagn\u00e9tica.<\/h3>\n<p>Las fuentes comunes de\u00a0<strong>contaminaci\u00f3n electromagn\u00e9tica<\/strong>\u00a0incluyen:<\/p>\n<ol>\n<li><strong>Redes inal\u00e1mbricas<\/strong>: Wi-Fi, Bluetooth y otras tecnolog\u00edas inal\u00e1mbricas emiten radiaciones electromagn\u00e9ticas.<a href=\"https:\/\/rafaramirez.org\/blog\/wp-content\/uploads\/2024\/06\/contaminacion_electromagnetica_1.jpg\" target=\"_blank\" rel=\"noopener\"><img loading=\"lazy\" decoding=\"async\" class=\"aligncenter wp-image-4822 size-medium\" src=\"https:\/\/rafaramirez.org\/blog\/wp-content\/uploads\/2024\/06\/contaminacion_electromagnetica_1-300x207.jpg\" alt=\"D\u00eda Internacional contra la Contaminaci\u00f3n Electromagn\u00e9tica. Blog de Rafael Ram\u00edrez.\" width=\"300\" height=\"207\" srcset=\"https:\/\/rafaramirez.org\/blog\/wp-content\/uploads\/2024\/06\/contaminacion_electromagnetica_1-300x207.jpg 300w, https:\/\/rafaramirez.org\/blog\/wp-content\/uploads\/2024\/06\/contaminacion_electromagnetica_1-1024x706.jpg 1024w, https:\/\/rafaramirez.org\/blog\/wp-content\/uploads\/2024\/06\/contaminacion_electromagnetica_1-768x530.jpg 768w, https:\/\/rafaramirez.org\/blog\/wp-content\/uploads\/2024\/06\/contaminacion_electromagnetica_1-1536x1059.jpg 1536w, https:\/\/rafaramirez.org\/blog\/wp-content\/uploads\/2024\/06\/contaminacion_electromagnetica_1.jpg 1920w\" sizes=\"auto, (max-width: 300px) 100vw, 300px\" \/><\/a><\/li>\n<li><strong>Tel\u00e9fonos m\u00f3viles<\/strong>: Los tel\u00e9fonos celulares emiten se\u00f1ales de radiofrecuencia (RF) durante su uso.<\/li>\n<li><strong>Antenas de telefon\u00eda m\u00f3vil<\/strong>: Las estaciones base y las antenas de telefon\u00eda m\u00f3vil emiten radiaciones para proporcionar cobertura.<a href=\"https:\/\/rafaramirez.org\/blog\/wp-content\/uploads\/2024\/06\/contaminacion_electromagnetica_3.jpg\" target=\"_blank\" rel=\"noopener\"><img loading=\"lazy\" decoding=\"async\" class=\"aligncenter wp-image-4824 size-medium\" src=\"https:\/\/rafaramirez.org\/blog\/wp-content\/uploads\/2024\/06\/contaminacion_electromagnetica_3-300x200.jpg\" alt=\"D\u00eda Internacional contra la Contaminaci\u00f3n Electromagn\u00e9tica. Blog de Rafael Ram\u00edrez.\" width=\"300\" height=\"200\" srcset=\"https:\/\/rafaramirez.org\/blog\/wp-content\/uploads\/2024\/06\/contaminacion_electromagnetica_3-300x200.jpg 300w, https:\/\/rafaramirez.org\/blog\/wp-content\/uploads\/2024\/06\/contaminacion_electromagnetica_3-1024x684.jpg 1024w, https:\/\/rafaramirez.org\/blog\/wp-content\/uploads\/2024\/06\/contaminacion_electromagnetica_3-768x513.jpg 768w, https:\/\/rafaramirez.org\/blog\/wp-content\/uploads\/2024\/06\/contaminacion_electromagnetica_3-1536x1026.jpg 1536w, https:\/\/rafaramirez.org\/blog\/wp-content\/uploads\/2024\/06\/contaminacion_electromagnetica_3.jpg 1920w\" sizes=\"auto, (max-width: 300px) 100vw, 300px\" \/><\/a><\/li>\n<li><strong>Electrodom\u00e9sticos<\/strong>: Algunos electrodom\u00e9sticos, como microondas, hornos, secadoras y lavadoras, tambi\u00e9n generan campos electromagn\u00e9ticos.<a href=\"https:\/\/rafaramirez.org\/blog\/wp-content\/uploads\/2024\/06\/contaminacion_electromagnetica_2.jpg\" target=\"_blank\" rel=\"noopener\"><img loading=\"lazy\" decoding=\"async\" class=\"aligncenter wp-image-4823 size-medium\" src=\"https:\/\/rafaramirez.org\/blog\/wp-content\/uploads\/2024\/06\/contaminacion_electromagnetica_2-300x200.jpg\" alt=\"D\u00eda Internacional contra la Contaminaci\u00f3n Electromagn\u00e9tica. Blog de Rafael Ram\u00edrez.\" width=\"300\" height=\"200\" srcset=\"https:\/\/rafaramirez.org\/blog\/wp-content\/uploads\/2024\/06\/contaminacion_electromagnetica_2-300x200.jpg 300w, https:\/\/rafaramirez.org\/blog\/wp-content\/uploads\/2024\/06\/contaminacion_electromagnetica_2-1024x683.jpg 1024w, https:\/\/rafaramirez.org\/blog\/wp-content\/uploads\/2024\/06\/contaminacion_electromagnetica_2-768x512.jpg 768w, https:\/\/rafaramirez.org\/blog\/wp-content\/uploads\/2024\/06\/contaminacion_electromagnetica_2-1536x1024.jpg 1536w, https:\/\/rafaramirez.org\/blog\/wp-content\/uploads\/2024\/06\/contaminacion_electromagnetica_2.jpg 1920w\" sizes=\"auto, (max-width: 300px) 100vw, 300px\" \/><\/a><\/li>\n<li><strong>L\u00edneas el\u00e9ctricas y transformadores<\/strong>: Las l\u00edneas el\u00e9ctricas de alta tensi\u00f3n y los transformadores pueden emitir campos electromagn\u00e9ticos.<\/li>\n<li><strong>Equipos electr\u00f3nicos<\/strong>: Ordenadores, televisores, monitores y otros dispositivos electr\u00f3nicos emiten radiaciones.<\/li>\n<li><strong>Equipos m\u00e9dicos<\/strong>: Algunos equipos m\u00e9dicos, como resonancias magn\u00e9ticas y equipos de radioterapia, generan campos electromagn\u00e9ticos intensos.<a href=\"https:\/\/rafaramirez.org\/blog\/wp-content\/uploads\/2024\/06\/contaminacion_electromagnetica_6.jpg\" target=\"_blank\" rel=\"noopener\"><img loading=\"lazy\" decoding=\"async\" class=\"aligncenter wp-image-4829 size-medium\" src=\"https:\/\/rafaramirez.org\/blog\/wp-content\/uploads\/2024\/06\/contaminacion_electromagnetica_6-300x200.jpg\" alt=\"D\u00eda Internacional contra la Contaminaci\u00f3n Electromagn\u00e9tica. Blog de Rafael Ram\u00edrez.\" width=\"300\" height=\"200\" srcset=\"https:\/\/rafaramirez.org\/blog\/wp-content\/uploads\/2024\/06\/contaminacion_electromagnetica_6-300x200.jpg 300w, https:\/\/rafaramirez.org\/blog\/wp-content\/uploads\/2024\/06\/contaminacion_electromagnetica_6-1024x683.jpg 1024w, https:\/\/rafaramirez.org\/blog\/wp-content\/uploads\/2024\/06\/contaminacion_electromagnetica_6-768x512.jpg 768w, https:\/\/rafaramirez.org\/blog\/wp-content\/uploads\/2024\/06\/contaminacion_electromagnetica_6-1536x1024.jpg 1536w, https:\/\/rafaramirez.org\/blog\/wp-content\/uploads\/2024\/06\/contaminacion_electromagnetica_6.jpg 1920w\" sizes=\"auto, (max-width: 300px) 100vw, 300px\" \/><\/a><\/li>\n<\/ol>\n<h3>C\u00f3mo puedo reducir mi exposici\u00f3n a campos electromagn\u00e9ticos.<\/h3>\n<p>Para reducir la exposici\u00f3n a campos electromagn\u00e9ticos, considera estas medidas:<\/p>\n<ol>\n<li><strong>Apaga el Wi-Fi por la noche<\/strong>\u00a0o pon los dispositivos en \u201cmodo avi\u00f3n\u201d.<a href=\"https:\/\/rafaramirez.org\/blog\/wp-content\/uploads\/2024\/06\/contaminacion_electromagnetica_5.jpg\" target=\"_blank\" rel=\"noopener\"><img loading=\"lazy\" decoding=\"async\" class=\"aligncenter wp-image-4826 size-medium\" src=\"https:\/\/rafaramirez.org\/blog\/wp-content\/uploads\/2024\/06\/contaminacion_electromagnetica_5-300x200.jpg\" alt=\"D\u00eda Internacional contra la Contaminaci\u00f3n Electromagn\u00e9tica. Blog de Rafael Ram\u00edrez.\" width=\"300\" height=\"200\" srcset=\"https:\/\/rafaramirez.org\/blog\/wp-content\/uploads\/2024\/06\/contaminacion_electromagnetica_5-300x200.jpg 300w, https:\/\/rafaramirez.org\/blog\/wp-content\/uploads\/2024\/06\/contaminacion_electromagnetica_5-1024x683.jpg 1024w, https:\/\/rafaramirez.org\/blog\/wp-content\/uploads\/2024\/06\/contaminacion_electromagnetica_5-768x512.jpg 768w, https:\/\/rafaramirez.org\/blog\/wp-content\/uploads\/2024\/06\/contaminacion_electromagnetica_5.jpg 1200w\" sizes=\"auto, (max-width: 300px) 100vw, 300px\" \/><\/a><\/li>\n<li><strong>Desenchufa los aparatos el\u00e9ctricos<\/strong>\u00a0cuando no los uses.<\/li>\n<li>Evita\u00a0<strong>colocar l\u00e1mparas de lectura cerca del cuerpo<\/strong>.<\/li>\n<li><strong>Utiliza filtros que limpien la \u201celectricidad sucia\u201d<\/strong>\u00a0en tu hogar.<\/li>\n<li><strong>Sit\u00faa los electrodom\u00e9sticos contra paredes que den al exterior<\/strong>.<\/li>\n<\/ol>\n<p>Adem\u00e1s, en el \u00e1mbito laboral, consulta la\u00a0<strong>Gu\u00eda T\u00e9cnica para la Evaluaci\u00f3n y Prevenci\u00f3n de Riesgos Derivados de la Exposici\u00f3n a Campos Electromagn\u00e9ticos<\/strong>.\u00a0Recuerda que los riesgos deben eliminarse en su origen o reducirse al nivel m\u00e1s bajo posible. \ud83c\udf10\u26a1<\/p>\n<p><strong>En resumen, es fundamental estar conscientes de estos temas y tomar medidas para minimizar la exposici\u00f3n a campos electromagn\u00e9ticos. Como siempre, puedes dejar tu comentario debajo de este post \u00a1Saludos!<\/strong><\/p>\n<p>M\u00e1s informaci\u00f3n:<\/p>\n<ul>\n<li><a href=\"https:\/\/www.cidemos.org\/es\/publicacion\/detalle\/24_de_junio_dia_internacional_contra_la_contaminacion_electromagnetica_53\" target=\"_blank\" rel=\"noopener\">Cidemos.org<\/a><\/li>\n<li><a href=\"https:\/\/www.gob.mx\/semarnat\/articulos\/dia-internacional-contra-la-contaminacion-electromagnetica\" target=\"_blank\" rel=\"noopener\">Gob.mx<\/a><\/li>\n<li><a href=\"https:\/\/www.insst.es\/documentacion\/catalogo-de-publicaciones\/guia-tecnica-para-la-evaluacion-y-prevencion-de-los-riesgos-derivados-de-la-exposicion-a-campos-electromagneticos-en-los-lugares-de-trabajo-ano-2019\" target=\"_blank\" rel=\"noopener\">Insst.es<\/a><\/li>\n<li><a href=\"https:\/\/www.boe.es\/diario_boe\/txt.php?id=BOE-A-2016-7303\" target=\"_blank\" rel=\"noopener\">Boe.es<\/a><\/li>\n<\/ul>\n","protected":false},"excerpt":{"rendered":"<p>El\u00a0D\u00eda Internacional contra la Contaminaci\u00f3n Electromagn\u00e9tica\u00a0se conmemora cada\u00a024 de junio. Esta fecha fue propuesta en Italia por la\u00a0Comisi\u00f3n Internacional para la Seguridad Electromagn\u00e9tica (ICEMS). El objetivo es concienciar a la poblaci\u00f3n sobre los riesgos de una contaminaci\u00f3n invisible pero que puede tener consecuencias en la salud de las personas y otros \u00e1mbitos. Las radiaciones electromagn\u00e9ticas, [&hellip;]<\/p>\n","protected":false},"author":1,"featured_media":4821,"comment_status":"open","ping_status":"closed","sticky":false,"template":"","format":"standard","meta":{"site-container-style":"default","site-container-layout":"default","site-sidebar-layout":"default","disable-article-header":"default","disable-site-header":"default","disable-site-footer":"default","disable-content-area-spacing":"default","_jetpack_newsletter_access":"","_jetpack_dont_email_post_to_subs":false,"_jetpack_newsletter_tier_id":0,"_jetpack_memberships_contains_paywalled_content":false,"_jetpack_feature_clip_id":0,"_jetpack_memberships_contains_paid_content":false,"footnotes":"","jetpack_publicize_message":"","jetpack_publicize_feature_enabled":true,"jetpack_social_post_already_shared":false,"jetpack_social_options":{"image_generator_settings":{"template":"highway","default_image_id":0,"font":"","enabled":false},"version":2},"jetpack_post_was_ever_published":false},"categories":[1291],"tags":[2491,2505,68,2497,2504,2489,2490,2503,2509,2507,2494,2500,2493,2502,2499,336,338,2498,2496,2508,2495,2501,2492,2506],"class_list":["post-4817","post","type-post","status-publish","format-standard","has-post-thumbnail","hentry","category-efemerides","tag-24-de-junio","tag-alta-tension","tag-blog-de-rafael-ramirez","tag-bluetooth","tag-campos-electromagneticos","tag-contaminacion-electromagnetica","tag-dia-internacional-contra-la-contaminacion-electromagnetica","tag-electrodomesticos","tag-equipos-de-radioterapia","tag-equipos-medicos","tag-exposicion-a-radiofrecuencias","tag-hornos","tag-icems","tag-lavadoras","tag-microondas","tag-oms","tag-organizacion-mundial-de-la-salud","tag-radiaciones-electromagneticas","tag-redes-inalambricas","tag-resonancias-magneticas","tag-rf","tag-secadoras","tag-seguridad-electromagnetica","tag-transformadores"],"yoast_head":"<!-- This site is optimized with the Yoast SEO plugin v28.4 - https:\/\/yoast.com\/product\/yoast-seo-wordpress\/ -->\n<title>D\u00eda Internacional contra la Contaminaci\u00f3n Electromagn\u00e9tica: conocer para prevenir. - Blog de Rafael Ram\u00edrez<\/title>\n<meta name=\"robots\" content=\"index, follow, max-snippet:-1, max-image-preview:large, max-video-preview:-1\" \/>\n<link rel=\"canonical\" href=\"https:\/\/rafaramirez.org\/blog\/index.php\/2024\/06\/24\/dia-internacional-contra-la-contaminacion-electromagnetica\/\" \/>\n<meta property=\"og:locale\" content=\"es_ES\" \/>\n<meta property=\"og:type\" content=\"article\" \/>\n<meta property=\"og:title\" content=\"D\u00eda Internacional contra la Contaminaci\u00f3n Electromagn\u00e9tica: conocer para prevenir. - Blog de Rafael Ram\u00edrez\" \/>\n<meta property=\"og:description\" content=\"El\u00a0D\u00eda Internacional contra la Contaminaci\u00f3n Electromagn\u00e9tica\u00a0se conmemora cada\u00a024 de junio. Esta fecha fue propuesta en Italia por la\u00a0Comisi\u00f3n Internacional para la Seguridad Electromagn\u00e9tica (ICEMS). El objetivo es concienciar a la poblaci\u00f3n sobre los riesgos de una contaminaci\u00f3n invisible pero que puede tener consecuencias en la salud de las personas y otros \u00e1mbitos. Las radiaciones electromagn\u00e9ticas, [&hellip;]\" \/>\n<meta property=\"og:url\" content=\"https:\/\/rafaramirez.org\/blog\/index.php\/2024\/06\/24\/dia-internacional-contra-la-contaminacion-electromagnetica\/\" \/>\n<meta property=\"og:site_name\" content=\"Blog de Rafael Ram\u00edrez\" \/>\n<meta property=\"article:published_time\" content=\"2024-06-24T06:15:55+00:00\" \/>\n<meta property=\"article:modified_time\" content=\"2024-06-24T06:21:54+00:00\" \/>\n<meta property=\"og:image\" content=\"https:\/\/rafaramirez.org\/blog\/wp-content\/uploads\/2024\/06\/contaminacion_electromagnetica_banner.jpg\" \/>\n\t<meta property=\"og:image:width\" content=\"750\" \/>\n\t<meta property=\"og:image:height\" content=\"500\" \/>\n\t<meta property=\"og:image:type\" content=\"image\/jpeg\" \/>\n<meta name=\"author\" content=\"Rafael Ram\u00edrez\" \/>\n<meta name=\"twitter:card\" content=\"summary_large_image\" \/>\n<meta name=\"twitter:creator\" content=\"@rafaramirez_ok\" \/>\n<meta name=\"twitter:site\" content=\"@rafaramirez_ok\" \/>\n<meta name=\"twitter:label1\" content=\"Escrito por\" \/>\n\t<meta name=\"twitter:data1\" content=\"Rafael Ram\u00edrez\" \/>\n\t<meta name=\"twitter:label2\" content=\"Tiempo de lectura\" \/>\n\t<meta name=\"twitter:data2\" content=\"3 minutos\" \/>\n<script type=\"application\/ld+json\" class=\"yoast-schema-graph\">{\"@context\":\"https:\\\/\\\/schema.org\",\"@graph\":[{\"@type\":\"Article\",\"@id\":\"https:\\\/\\\/rafaramirez.org\\\/blog\\\/index.php\\\/2024\\\/06\\\/24\\\/dia-internacional-contra-la-contaminacion-electromagnetica\\\/#article\",\"isPartOf\":{\"@id\":\"https:\\\/\\\/rafaramirez.org\\\/blog\\\/index.php\\\/2024\\\/06\\\/24\\\/dia-internacional-contra-la-contaminacion-electromagnetica\\\/\"},\"author\":{\"name\":\"Rafael Ram\u00edrez\",\"@id\":\"https:\\\/\\\/rafaramirez.org\\\/blog\\\/#\\\/schema\\\/person\\\/50f43b6d60c578760d4c17bda54ab6a5\"},\"headline\":\"D\u00eda Internacional contra la Contaminaci\u00f3n Electromagn\u00e9tica: conocer para prevenir.\",\"datePublished\":\"2024-06-24T06:15:55+00:00\",\"dateModified\":\"2024-06-24T06:21:54+00:00\",\"mainEntityOfPage\":{\"@id\":\"https:\\\/\\\/rafaramirez.org\\\/blog\\\/index.php\\\/2024\\\/06\\\/24\\\/dia-internacional-contra-la-contaminacion-electromagnetica\\\/\"},\"wordCount\":517,\"commentCount\":0,\"publisher\":{\"@id\":\"https:\\\/\\\/rafaramirez.org\\\/blog\\\/#\\\/schema\\\/person\\\/50f43b6d60c578760d4c17bda54ab6a5\"},\"image\":{\"@id\":\"https:\\\/\\\/rafaramirez.org\\\/blog\\\/index.php\\\/2024\\\/06\\\/24\\\/dia-internacional-contra-la-contaminacion-electromagnetica\\\/#primaryimage\"},\"thumbnailUrl\":\"https:\\\/\\\/rafaramirez.org\\\/blog\\\/wp-content\\\/uploads\\\/2024\\\/06\\\/contaminacion_electromagnetica_banner.jpg\",\"keywords\":[\"24 de junio\",\"alta tensi\u00f3n\",\"blog de Rafael Ram\u00edrez\",\"Bluetooth\",\"campos electromagn\u00e9ticos\",\"contaminaci\u00f3n electromagn\u00e9tica\",\"D\u00eda Internacional contra la Contaminaci\u00f3n Electromagn\u00e9tica\",\"electrodom\u00e9sticos\",\"equipos de radioterapia\",\"equipos m\u00e9dicos\",\"exposici\u00f3n a radiofrecuencias\",\"hornos\",\"ICEMS\",\"lavadoras\",\"microondas\",\"oms\",\"organizacion mundial de la salud\",\"radiaciones electromagn\u00e9ticas\",\"redes inal\u00e1mbricas\",\"resonancias magn\u00e9ticas\",\"RF\",\"secadoras\",\"Seguridad Electromagn\u00e9tica\",\"transformadores\"],\"articleSection\":[\"Efem\u00e9rides\"],\"inLanguage\":\"es\",\"potentialAction\":[{\"@type\":\"CommentAction\",\"name\":\"Comment\",\"target\":[\"https:\\\/\\\/rafaramirez.org\\\/blog\\\/index.php\\\/2024\\\/06\\\/24\\\/dia-internacional-contra-la-contaminacion-electromagnetica\\\/#respond\"]}]},{\"@type\":\"WebPage\",\"@id\":\"https:\\\/\\\/rafaramirez.org\\\/blog\\\/index.php\\\/2024\\\/06\\\/24\\\/dia-internacional-contra-la-contaminacion-electromagnetica\\\/\",\"url\":\"https:\\\/\\\/rafaramirez.org\\\/blog\\\/index.php\\\/2024\\\/06\\\/24\\\/dia-internacional-contra-la-contaminacion-electromagnetica\\\/\",\"name\":\"D\u00eda Internacional contra la Contaminaci\u00f3n Electromagn\u00e9tica: conocer para prevenir. - Blog de Rafael Ram\u00edrez\",\"isPartOf\":{\"@id\":\"https:\\\/\\\/rafaramirez.org\\\/blog\\\/#website\"},\"primaryImageOfPage\":{\"@id\":\"https:\\\/\\\/rafaramirez.org\\\/blog\\\/index.php\\\/2024\\\/06\\\/24\\\/dia-internacional-contra-la-contaminacion-electromagnetica\\\/#primaryimage\"},\"image\":{\"@id\":\"https:\\\/\\\/rafaramirez.org\\\/blog\\\/index.php\\\/2024\\\/06\\\/24\\\/dia-internacional-contra-la-contaminacion-electromagnetica\\\/#primaryimage\"},\"thumbnailUrl\":\"https:\\\/\\\/rafaramirez.org\\\/blog\\\/wp-content\\\/uploads\\\/2024\\\/06\\\/contaminacion_electromagnetica_banner.jpg\",\"datePublished\":\"2024-06-24T06:15:55+00:00\",\"dateModified\":\"2024-06-24T06:21:54+00:00\",\"breadcrumb\":{\"@id\":\"https:\\\/\\\/rafaramirez.org\\\/blog\\\/index.php\\\/2024\\\/06\\\/24\\\/dia-internacional-contra-la-contaminacion-electromagnetica\\\/#breadcrumb\"},\"inLanguage\":\"es\",\"potentialAction\":[{\"@type\":\"ReadAction\",\"target\":[\"https:\\\/\\\/rafaramirez.org\\\/blog\\\/index.php\\\/2024\\\/06\\\/24\\\/dia-internacional-contra-la-contaminacion-electromagnetica\\\/\"]}]},{\"@type\":\"ImageObject\",\"inLanguage\":\"es\",\"@id\":\"https:\\\/\\\/rafaramirez.org\\\/blog\\\/index.php\\\/2024\\\/06\\\/24\\\/dia-internacional-contra-la-contaminacion-electromagnetica\\\/#primaryimage\",\"url\":\"https:\\\/\\\/rafaramirez.org\\\/blog\\\/wp-content\\\/uploads\\\/2024\\\/06\\\/contaminacion_electromagnetica_banner.jpg\",\"contentUrl\":\"https:\\\/\\\/rafaramirez.org\\\/blog\\\/wp-content\\\/uploads\\\/2024\\\/06\\\/contaminacion_electromagnetica_banner.jpg\",\"width\":750,\"height\":500,\"caption\":\"D\u00eda Internacional contra la Contaminaci\u00f3n Electromagn\u00e9tica. Blog de Rafael Ram\u00edrez.\"},{\"@type\":\"BreadcrumbList\",\"@id\":\"https:\\\/\\\/rafaramirez.org\\\/blog\\\/index.php\\\/2024\\\/06\\\/24\\\/dia-internacional-contra-la-contaminacion-electromagnetica\\\/#breadcrumb\",\"itemListElement\":[{\"@type\":\"ListItem\",\"position\":1,\"name\":\"Portada\",\"item\":\"https:\\\/\\\/rafaramirez.org\\\/blog\\\/\"},{\"@type\":\"ListItem\",\"position\":2,\"name\":\"D\u00eda Internacional contra la Contaminaci\u00f3n Electromagn\u00e9tica: conocer para prevenir.\"}]},{\"@type\":\"WebSite\",\"@id\":\"https:\\\/\\\/rafaramirez.org\\\/blog\\\/#website\",\"url\":\"https:\\\/\\\/rafaramirez.org\\\/blog\\\/\",\"name\":\"Blog de Rafael Ram\u00edrez\",\"description\":\"Un sitio social, de arte y cultura\",\"publisher\":{\"@id\":\"https:\\\/\\\/rafaramirez.org\\\/blog\\\/#\\\/schema\\\/person\\\/50f43b6d60c578760d4c17bda54ab6a5\"},\"potentialAction\":[{\"@type\":\"SearchAction\",\"target\":{\"@type\":\"EntryPoint\",\"urlTemplate\":\"https:\\\/\\\/rafaramirez.org\\\/blog\\\/?s={search_term_string}\"},\"query-input\":{\"@type\":\"PropertyValueSpecification\",\"valueRequired\":true,\"valueName\":\"search_term_string\"}}],\"inLanguage\":\"es\"},{\"@type\":[\"Person\",\"Organization\"],\"@id\":\"https:\\\/\\\/rafaramirez.org\\\/blog\\\/#\\\/schema\\\/person\\\/50f43b6d60c578760d4c17bda54ab6a5\",\"name\":\"Rafael Ram\u00edrez\",\"image\":{\"@type\":\"ImageObject\",\"inLanguage\":\"es\",\"@id\":\"https:\\\/\\\/rafaramirez.org\\\/blog\\\/wp-content\\\/uploads\\\/2024\\\/09\\\/RR_socialnetwork.jpg\",\"url\":\"https:\\\/\\\/rafaramirez.org\\\/blog\\\/wp-content\\\/uploads\\\/2024\\\/09\\\/RR_socialnetwork.jpg\",\"contentUrl\":\"https:\\\/\\\/rafaramirez.org\\\/blog\\\/wp-content\\\/uploads\\\/2024\\\/09\\\/RR_socialnetwork.jpg\",\"width\":600,\"height\":606,\"caption\":\"Rafael Ram\u00edrez\"},\"logo\":{\"@id\":\"https:\\\/\\\/rafaramirez.org\\\/blog\\\/wp-content\\\/uploads\\\/2024\\\/09\\\/RR_socialnetwork.jpg\"},\"sameAs\":[\"https:\\\/\\\/www.rafaramirez.org\\\/blog\",\"https:\\\/\\\/www.instagram.com\\\/rafaramirez_ok\\\/\",\"https:\\\/\\\/es.pinterest.com\\\/Ramirez_Rafa\\\/\",\"https:\\\/\\\/x.com\\\/rafaramirez_ok\"],\"url\":\"https:\\\/\\\/rafaramirez.org\\\/blog\\\/index.php\\\/author\\\/rafaell_qm6j97da\\\/\"}]}<\/script>\n<!-- \/ Yoast SEO plugin. -->","yoast_head_json":{"title":"D\u00eda Internacional contra la Contaminaci\u00f3n Electromagn\u00e9tica: conocer para prevenir. - Blog de Rafael Ram\u00edrez","robots":{"index":"index","follow":"follow","max-snippet":"max-snippet:-1","max-image-preview":"max-image-preview:large","max-video-preview":"max-video-preview:-1"},"canonical":"https:\/\/rafaramirez.org\/blog\/index.php\/2024\/06\/24\/dia-internacional-contra-la-contaminacion-electromagnetica\/","og_locale":"es_ES","og_type":"article","og_title":"D\u00eda Internacional contra la Contaminaci\u00f3n Electromagn\u00e9tica: conocer para prevenir. - Blog de Rafael Ram\u00edrez","og_description":"El\u00a0D\u00eda Internacional contra la Contaminaci\u00f3n Electromagn\u00e9tica\u00a0se conmemora cada\u00a024 de junio. Esta fecha fue propuesta en Italia por la\u00a0Comisi\u00f3n Internacional para la Seguridad Electromagn\u00e9tica (ICEMS). El objetivo es concienciar a la poblaci\u00f3n sobre los riesgos de una contaminaci\u00f3n invisible pero que puede tener consecuencias en la salud de las personas y otros \u00e1mbitos. Las radiaciones electromagn\u00e9ticas, [&hellip;]","og_url":"https:\/\/rafaramirez.org\/blog\/index.php\/2024\/06\/24\/dia-internacional-contra-la-contaminacion-electromagnetica\/","og_site_name":"Blog de Rafael Ram\u00edrez","article_published_time":"2024-06-24T06:15:55+00:00","article_modified_time":"2024-06-24T06:21:54+00:00","og_image":[{"width":750,"height":500,"url":"https:\/\/rafaramirez.org\/blog\/wp-content\/uploads\/2024\/06\/contaminacion_electromagnetica_banner.jpg","type":"image\/jpeg"}],"author":"Rafael Ram\u00edrez","twitter_card":"summary_large_image","twitter_creator":"@rafaramirez_ok","twitter_site":"@rafaramirez_ok","twitter_misc":{"Escrito por":"Rafael Ram\u00edrez","Tiempo de lectura":"3 minutos"},"schema":{"@context":"https:\/\/schema.org","@graph":[{"@type":"Article","@id":"https:\/\/rafaramirez.org\/blog\/index.php\/2024\/06\/24\/dia-internacional-contra-la-contaminacion-electromagnetica\/#article","isPartOf":{"@id":"https:\/\/rafaramirez.org\/blog\/index.php\/2024\/06\/24\/dia-internacional-contra-la-contaminacion-electromagnetica\/"},"author":{"name":"Rafael Ram\u00edrez","@id":"https:\/\/rafaramirez.org\/blog\/#\/schema\/person\/50f43b6d60c578760d4c17bda54ab6a5"},"headline":"D\u00eda Internacional contra la Contaminaci\u00f3n Electromagn\u00e9tica: conocer para prevenir.","datePublished":"2024-06-24T06:15:55+00:00","dateModified":"2024-06-24T06:21:54+00:00","mainEntityOfPage":{"@id":"https:\/\/rafaramirez.org\/blog\/index.php\/2024\/06\/24\/dia-internacional-contra-la-contaminacion-electromagnetica\/"},"wordCount":517,"commentCount":0,"publisher":{"@id":"https:\/\/rafaramirez.org\/blog\/#\/schema\/person\/50f43b6d60c578760d4c17bda54ab6a5"},"image":{"@id":"https:\/\/rafaramirez.org\/blog\/index.php\/2024\/06\/24\/dia-internacional-contra-la-contaminacion-electromagnetica\/#primaryimage"},"thumbnailUrl":"https:\/\/rafaramirez.org\/blog\/wp-content\/uploads\/2024\/06\/contaminacion_electromagnetica_banner.jpg","keywords":["24 de junio","alta tensi\u00f3n","blog de Rafael Ram\u00edrez","Bluetooth","campos electromagn\u00e9ticos","contaminaci\u00f3n electromagn\u00e9tica","D\u00eda Internacional contra la Contaminaci\u00f3n Electromagn\u00e9tica","electrodom\u00e9sticos","equipos de radioterapia","equipos m\u00e9dicos","exposici\u00f3n a radiofrecuencias","hornos","ICEMS","lavadoras","microondas","oms","organizacion mundial de la salud","radiaciones electromagn\u00e9ticas","redes inal\u00e1mbricas","resonancias magn\u00e9ticas","RF","secadoras","Seguridad Electromagn\u00e9tica","transformadores"],"articleSection":["Efem\u00e9rides"],"inLanguage":"es","potentialAction":[{"@type":"CommentAction","name":"Comment","target":["https:\/\/rafaramirez.org\/blog\/index.php\/2024\/06\/24\/dia-internacional-contra-la-contaminacion-electromagnetica\/#respond"]}]},{"@type":"WebPage","@id":"https:\/\/rafaramirez.org\/blog\/index.php\/2024\/06\/24\/dia-internacional-contra-la-contaminacion-electromagnetica\/","url":"https:\/\/rafaramirez.org\/blog\/index.php\/2024\/06\/24\/dia-internacional-contra-la-contaminacion-electromagnetica\/","name":"D\u00eda Internacional contra la Contaminaci\u00f3n Electromagn\u00e9tica: conocer para prevenir. - Blog de Rafael Ram\u00edrez","isPartOf":{"@id":"https:\/\/rafaramirez.org\/blog\/#website"},"primaryImageOfPage":{"@id":"https:\/\/rafaramirez.org\/blog\/index.php\/2024\/06\/24\/dia-internacional-contra-la-contaminacion-electromagnetica\/#primaryimage"},"image":{"@id":"https:\/\/rafaramirez.org\/blog\/index.php\/2024\/06\/24\/dia-internacional-contra-la-contaminacion-electromagnetica\/#primaryimage"},"thumbnailUrl":"https:\/\/rafaramirez.org\/blog\/wp-content\/uploads\/2024\/06\/contaminacion_electromagnetica_banner.jpg","datePublished":"2024-06-24T06:15:55+00:00","dateModified":"2024-06-24T06:21:54+00:00","breadcrumb":{"@id":"https:\/\/rafaramirez.org\/blog\/index.php\/2024\/06\/24\/dia-internacional-contra-la-contaminacion-electromagnetica\/#breadcrumb"},"inLanguage":"es","potentialAction":[{"@type":"ReadAction","target":["https:\/\/rafaramirez.org\/blog\/index.php\/2024\/06\/24\/dia-internacional-contra-la-contaminacion-electromagnetica\/"]}]},{"@type":"ImageObject","inLanguage":"es","@id":"https:\/\/rafaramirez.org\/blog\/index.php\/2024\/06\/24\/dia-internacional-contra-la-contaminacion-electromagnetica\/#primaryimage","url":"https:\/\/rafaramirez.org\/blog\/wp-content\/uploads\/2024\/06\/contaminacion_electromagnetica_banner.jpg","contentUrl":"https:\/\/rafaramirez.org\/blog\/wp-content\/uploads\/2024\/06\/contaminacion_electromagnetica_banner.jpg","width":750,"height":500,"caption":"D\u00eda Internacional contra la Contaminaci\u00f3n Electromagn\u00e9tica. Blog de Rafael Ram\u00edrez."},{"@type":"BreadcrumbList","@id":"https:\/\/rafaramirez.org\/blog\/index.php\/2024\/06\/24\/dia-internacional-contra-la-contaminacion-electromagnetica\/#breadcrumb","itemListElement":[{"@type":"ListItem","position":1,"name":"Portada","item":"https:\/\/rafaramirez.org\/blog\/"},{"@type":"ListItem","position":2,"name":"D\u00eda Internacional contra la Contaminaci\u00f3n Electromagn\u00e9tica: conocer para prevenir."}]},{"@type":"WebSite","@id":"https:\/\/rafaramirez.org\/blog\/#website","url":"https:\/\/rafaramirez.org\/blog\/","name":"Blog de Rafael Ram\u00edrez","description":"Un sitio social, de arte y cultura","publisher":{"@id":"https:\/\/rafaramirez.org\/blog\/#\/schema\/person\/50f43b6d60c578760d4c17bda54ab6a5"},"potentialAction":[{"@type":"SearchAction","target":{"@type":"EntryPoint","urlTemplate":"https:\/\/rafaramirez.org\/blog\/?s={search_term_string}"},"query-input":{"@type":"PropertyValueSpecification","valueRequired":true,"valueName":"search_term_string"}}],"inLanguage":"es"},{"@type":["Person","Organization"],"@id":"https:\/\/rafaramirez.org\/blog\/#\/schema\/person\/50f43b6d60c578760d4c17bda54ab6a5","name":"Rafael Ram\u00edrez","image":{"@type":"ImageObject","inLanguage":"es","@id":"https:\/\/rafaramirez.org\/blog\/wp-content\/uploads\/2024\/09\/RR_socialnetwork.jpg","url":"https:\/\/rafaramirez.org\/blog\/wp-content\/uploads\/2024\/09\/RR_socialnetwork.jpg","contentUrl":"https:\/\/rafaramirez.org\/blog\/wp-content\/uploads\/2024\/09\/RR_socialnetwork.jpg","width":600,"height":606,"caption":"Rafael Ram\u00edrez"},"logo":{"@id":"https:\/\/rafaramirez.org\/blog\/wp-content\/uploads\/2024\/09\/RR_socialnetwork.jpg"},"sameAs":["https:\/\/www.rafaramirez.org\/blog","https:\/\/www.instagram.com\/rafaramirez_ok\/","https:\/\/es.pinterest.com\/Ramirez_Rafa\/","https:\/\/x.com\/rafaramirez_ok"],"url":"https:\/\/rafaramirez.org\/blog\/index.php\/author\/rafaell_qm6j97da\/"}]}},"jetpack_publicize_connections":[],"jetpack_sharing_enabled":true,"jetpack_likes_enabled":true,"jetpack_featured_media_url":"https:\/\/rafaramirez.org\/blog\/wp-content\/uploads\/2024\/06\/contaminacion_electromagnetica_banner.jpg","_links":{"self":[{"href":"https:\/\/rafaramirez.org\/blog\/index.php\/wp-json\/wp\/v2\/posts\/4817","targetHints":{"allow":["GET"]}}],"collection":[{"href":"https:\/\/rafaramirez.org\/blog\/index.php\/wp-json\/wp\/v2\/posts"}],"about":[{"href":"https:\/\/rafaramirez.org\/blog\/index.php\/wp-json\/wp\/v2\/types\/post"}],"author":[{"embeddable":true,"href":"https:\/\/rafaramirez.org\/blog\/index.php\/wp-json\/wp\/v2\/users\/1"}],"replies":[{"embeddable":true,"href":"https:\/\/rafaramirez.org\/blog\/index.php\/wp-json\/wp\/v2\/comments?post=4817"}],"version-history":[{"count":8,"href":"https:\/\/rafaramirez.org\/blog\/index.php\/wp-json\/wp\/v2\/posts\/4817\/revisions"}],"predecessor-version":[{"id":4935,"href":"https:\/\/rafaramirez.org\/blog\/index.php\/wp-json\/wp\/v2\/posts\/4817\/revisions\/4935"}],"wp:featuredmedia":[{"embeddable":true,"href":"https:\/\/rafaramirez.org\/blog\/index.php\/wp-json\/wp\/v2\/media\/4821"}],"wp:attachment":[{"href":"https:\/\/rafaramirez.org\/blog\/index.php\/wp-json\/wp\/v2\/media?parent=4817"}],"wp:term":[{"taxonomy":"category","embeddable":true,"href":"https:\/\/rafaramirez.org\/blog\/index.php\/wp-json\/wp\/v2\/categories?post=4817"},{"taxonomy":"post_tag","embeddable":true,"href":"https:\/\/rafaramirez.org\/blog\/index.php\/wp-json\/wp\/v2\/tags?post=4817"}],"curies":[{"name":"wp","href":"https:\/\/api.w.org\/{rel}","templated":true}]}}