{"id":4797,"date":"2024-06-21T08:15:44","date_gmt":"2024-06-21T06:15:44","guid":{"rendered":"https:\/\/rafaramirez.org\/blog\/?p=4797"},"modified":"2024-06-12T12:26:42","modified_gmt":"2024-06-12T10:26:42","slug":"21-de-junio-solsticio-de-verano-y-dia-internacional-del-sol","status":"publish","type":"post","link":"https:\/\/rafaramirez.org\/blog\/index.php\/2024\/06\/21\/21-de-junio-solsticio-de-verano-y-dia-internacional-del-sol\/","title":{"rendered":"21 de junio: Solsticio de Verano y D\u00eda Internacional del Sol."},"content":{"rendered":"<p>El\u00a0<strong>D\u00eda Internacional del Sol<\/strong>\u00a0se celebra el\u00a0<strong>21 de junio<\/strong>, coincidiendo con la entrada del\u00a0<strong>solsticio de verano<\/strong>. Este d\u00eda marca el momento en que el hemisferio norte experimenta el d\u00eda m\u00e1s largo del a\u00f1o y la llegada de d\u00edas m\u00e1s luminosos. El Sol, como nuestra estrella m\u00e1s grande, desempe\u00f1a un papel fundamental en la vida de todos los seres vivos en la Tierra. Gracias a su energ\u00eda, obtenemos luz, calor y la posibilidad de aprovechar fuentes renovables.\u00a0As\u00ed que, en este d\u00eda, recordamos su importancia y su efecto c\u00edclico sobre nuestro planeta<span style=\"font-size: 12px;\">.<a href=\"https:\/\/rafaramirez.org\/blog\/wp-content\/uploads\/2024\/06\/solsticio_verano_1.jpg\" target=\"_blank\" rel=\"noopener\"><img loading=\"lazy\" decoding=\"async\" class=\"aligncenter wp-image-4801 size-medium\" src=\"https:\/\/rafaramirez.org\/blog\/wp-content\/uploads\/2024\/06\/solsticio_verano_1-300x169.jpg\" alt=\"21 de junio Solsticio de Verano. Blog de Rafael Ram\u00edrez.\" width=\"300\" height=\"169\" srcset=\"https:\/\/rafaramirez.org\/blog\/wp-content\/uploads\/2024\/06\/solsticio_verano_1-300x169.jpg 300w, https:\/\/rafaramirez.org\/blog\/wp-content\/uploads\/2024\/06\/solsticio_verano_1-1024x576.jpg 1024w, https:\/\/rafaramirez.org\/blog\/wp-content\/uploads\/2024\/06\/solsticio_verano_1-768x432.jpg 768w, https:\/\/rafaramirez.org\/blog\/wp-content\/uploads\/2024\/06\/solsticio_verano_1-1536x864.jpg 1536w, https:\/\/rafaramirez.org\/blog\/wp-content\/uploads\/2024\/06\/solsticio_verano_1.jpg 1920w\" sizes=\"auto, (max-width: 300px) 100vw, 300px\" \/><\/a><\/span><\/p>\n<p>El\u00a0<strong>solsticio de verano<\/strong>\u00a0ocurre debido a la inclinaci\u00f3n axial de la Tierra. Aqu\u00ed est\u00e1 la explicaci\u00f3n:<\/p>\n<ol>\n<li>La Tierra gira alrededor del Sol en una \u00f3rbita el\u00edptica. Su eje de rotaci\u00f3n no es perpendicular al plano de la \u00f3rbita, sino que est\u00e1 inclinado aproximadamente 23.5 grados.<\/li>\n<li>Durante el solsticio de verano en el hemisferio norte (alrededor del 21 de junio), el Polo Norte est\u00e1 inclinado hacia el Sol. Esto significa que los rayos solares llegan m\u00e1s directamente al hemisferio norte, creando d\u00edas m\u00e1s largos y noches m\u00e1s cortas.<\/li>\n<li>En el solsticio de invierno (alrededor del 21 de diciembre), el Polo Norte est\u00e1 inclinado lejos del Sol, lo que resulta en d\u00edas m\u00e1s cortos y noches m\u00e1s largas en el hemisferio norte.<a href=\"https:\/\/rafaramirez.org\/blog\/wp-content\/uploads\/2024\/06\/Sol-Tierra-Sol-Eje.jpg\" target=\"_blank\" rel=\"noopener\"><img loading=\"lazy\" decoding=\"async\" class=\"aligncenter wp-image-4807 size-full\" src=\"https:\/\/rafaramirez.org\/blog\/wp-content\/uploads\/2024\/06\/Sol-Tierra-Sol-Eje.jpg\" alt=\"Eje y plano de la Tierra y el Sol. Blog de Rafael Ram\u00edrez.\" width=\"500\" height=\"280\" srcset=\"https:\/\/rafaramirez.org\/blog\/wp-content\/uploads\/2024\/06\/Sol-Tierra-Sol-Eje.jpg 500w, https:\/\/rafaramirez.org\/blog\/wp-content\/uploads\/2024\/06\/Sol-Tierra-Sol-Eje-300x168.jpg 300w\" sizes=\"auto, (max-width: 500px) 100vw, 500px\" \/><\/a><\/li>\n<\/ol>\n<p style=\"text-align: center;\">\n<p>La celebraci\u00f3n del\u00a0<strong>solsticio de verano<\/strong>\u00a0var\u00eda seg\u00fan las culturas y tradiciones en todo el mundo. Aqu\u00ed hay algunas formas en que se celebra:<\/p>\n<ol>\n<li><strong>Fiesta de San Juan (Noche de San Juan)<\/strong>:\n<ul>\n<li>En Espa\u00f1a y otros pa\u00edses de habla hispana, la\u00a0<strong>Noche de San Juan<\/strong>\u00a0se celebra la v\u00edspera del solsticio de verano (23 de junio).<\/li>\n<li>Las personas se re\u00fanen en playas, encienden hogueras y saltan sobre ellas para purificarse y alejar las malas energ\u00edas.<\/li>\n<li>Tambi\u00e9n es com\u00fan ba\u00f1arse en el mar a medianoche para recibir la buena suerte.<a href=\"https:\/\/rafaramirez.org\/blog\/wp-content\/uploads\/2024\/06\/solsticio_verano_2.jpg\" target=\"_blank\" rel=\"noopener\"><img loading=\"lazy\" decoding=\"async\" class=\"aligncenter wp-image-4802 size-medium\" src=\"https:\/\/rafaramirez.org\/blog\/wp-content\/uploads\/2024\/06\/solsticio_verano_2-225x300.jpg\" alt=\"21 de junio Solsticio de Verano. Blog de Rafael Ram\u00edrez.\" width=\"225\" height=\"300\" srcset=\"https:\/\/rafaramirez.org\/blog\/wp-content\/uploads\/2024\/06\/solsticio_verano_2-225x300.jpg 225w, https:\/\/rafaramirez.org\/blog\/wp-content\/uploads\/2024\/06\/solsticio_verano_2-768x1024.jpg 768w, https:\/\/rafaramirez.org\/blog\/wp-content\/uploads\/2024\/06\/solsticio_verano_2-1152x1536.jpg 1152w, https:\/\/rafaramirez.org\/blog\/wp-content\/uploads\/2024\/06\/solsticio_verano_2.jpg 1440w\" sizes=\"auto, (max-width: 225px) 100vw, 225px\" \/><\/a><\/li>\n<\/ul>\n<\/li>\n<li><strong>Festival de Midsummer<\/strong>:\n<ul>\n<li>En Escandinavia (Suecia, Noruega, Dinamarca, Finlandia), el\u00a0<strong>D\u00eda de San Juan<\/strong>\u00a0o\u00a0<strong>Festival de Midsummer<\/strong>\u00a0es una celebraci\u00f3n importante.<\/li>\n<li>Las personas se visten con trajes tradicionales, bailan alrededor de un poste de mayo (similar a un poste de la victoria) y disfrutan de banquetes al aire libre.<\/li>\n<\/ul>\n<\/li>\n<li><strong>Inti Raymi<\/strong>:\n<ul>\n<li>En Per\u00fa, el\u00a0<strong>Inti Raymi<\/strong>\u00a0es una antigua festividad inca que se celebra alrededor del solsticio de invierno en el hemisferio sur (21 de junio).<\/li>\n<li>Es una ceremonia en honor al dios Sol (Inti) con danzas, m\u00fasica y ofrendas.<\/li>\n<\/ul>\n<\/li>\n<li><strong>Stonehenge<\/strong>:\n<ul>\n<li>En el Reino Unido, miles de personas se re\u00fanen en\u00a0<strong>Stonehenge<\/strong>\u00a0para presenciar el amanecer en el solsticio de verano.<\/li>\n<li>Stonehenge es un antiguo monumento de piedra que est\u00e1 alineado con el solsticio.<a href=\"https:\/\/rafaramirez.org\/blog\/wp-content\/uploads\/2024\/06\/solsticio_verano_3.jpg\" target=\"_blank\" rel=\"noopener\"><img loading=\"lazy\" decoding=\"async\" class=\"aligncenter wp-image-4803 size-medium\" src=\"https:\/\/rafaramirez.org\/blog\/wp-content\/uploads\/2024\/06\/solsticio_verano_3-300x200.jpg\" alt=\"21 de junio Solsticio de Verano. Blog de Rafael Ram\u00edrez.\" width=\"300\" height=\"200\" srcset=\"https:\/\/rafaramirez.org\/blog\/wp-content\/uploads\/2024\/06\/solsticio_verano_3-300x200.jpg 300w, https:\/\/rafaramirez.org\/blog\/wp-content\/uploads\/2024\/06\/solsticio_verano_3-1024x683.jpg 1024w, https:\/\/rafaramirez.org\/blog\/wp-content\/uploads\/2024\/06\/solsticio_verano_3-768x512.jpg 768w, https:\/\/rafaramirez.org\/blog\/wp-content\/uploads\/2024\/06\/solsticio_verano_3-1536x1024.jpg 1536w, https:\/\/rafaramirez.org\/blog\/wp-content\/uploads\/2024\/06\/solsticio_verano_3.jpg 1920w\" sizes=\"auto, (max-width: 300px) 100vw, 300px\" \/><\/a><\/li>\n<\/ul>\n<\/li>\n<\/ol>\n<p>Estas son solo algunas de las muchas formas en que se celebra el solsticio de verano en diferentes partes del mundo. Cada cultura tiene sus propias tradiciones y creencias asociadas con este evento astron\u00f3mico.<\/p>\n<p><strong>En resumen, el solsticio de verano marca el momento en que el hemisferio norte recibe la mayor cantidad de luz solar durante el a\u00f1o. \u00a1Es un momento especial para celebrar la energ\u00eda del Sol! \ud83d\ude0a<\/strong><\/p>\n<p>M\u00e1s informaci\u00f3n:<\/p>\n<ul>\n<li><a href=\"https:\/\/www.meteored.mx\/noticias\/actualidad\/inicia-el-solsticio-de-verano-2023-y-celebramos-el-dia-internacional-del-sol-tierra-noticia-zona-estaciones-astronomia.html\" target=\"_blank\" rel=\"noopener\">Meteored.mx<\/a><\/li>\n<li><a href=\"https:\/\/www.ecologiaverde.com\/por-que-se-celebra-el-dia-internacional-del-sol-1416.html\" target=\"_blank\" rel=\"noopener\">EcologiaVerde.com<\/a><\/li>\n<\/ul>\n","protected":false},"excerpt":{"rendered":"<p>El\u00a0D\u00eda Internacional del Sol\u00a0se celebra el\u00a021 de junio, coincidiendo con la entrada del\u00a0solsticio de verano. Este d\u00eda marca el momento en que el hemisferio norte experimenta el d\u00eda m\u00e1s largo del a\u00f1o y la llegada de d\u00edas m\u00e1s luminosos. El Sol, como nuestra estrella m\u00e1s grande, desempe\u00f1a un papel fundamental en la vida de todos [&hellip;]<\/p>\n","protected":false},"author":1,"featured_media":4799,"comment_status":"open","ping_status":"closed","sticky":false,"template":"","format":"standard","meta":{"site-container-style":"default","site-container-layout":"default","site-sidebar-layout":"default","disable-article-header":"default","disable-site-header":"default","disable-site-footer":"default","disable-content-area-spacing":"default","_jetpack_newsletter_access":"","_jetpack_dont_email_post_to_subs":false,"_jetpack_newsletter_tier_id":0,"_jetpack_memberships_contains_paywalled_content":false,"_jetpack_feature_clip_id":0,"_jetpack_memberships_contains_paid_content":false,"footnotes":"","jetpack_publicize_message":"","jetpack_publicize_feature_enabled":true,"jetpack_social_post_already_shared":false,"jetpack_social_options":{"image_generator_settings":{"template":"highway","default_image_id":0,"font":"","enabled":false},"version":2},"jetpack_post_was_ever_published":false},"categories":[1291],"tags":[2455,68,2469,2456,2466,2467,1323,2463,2461,2459,1738,2458,2468,2462,309,2460,2465,2470,362,1216,2457,2471,2464],"class_list":["post-4797","post","type-post","status-publish","format-standard","has-post-thumbnail","hentry","category-efemerides","tag-21-de-junio-solsticio-de-verano","tag-blog-de-rafael-ramirez","tag-danzas","tag-dia-internacional-del-sol","tag-dinamarca","tag-dios-sol","tag-efemerides","tag-escandinavia","tag-festival-de-midsummer","tag-fiesta-de-san-juan","tag-finlandia","tag-inclinacion-axial-de-la-tierra","tag-inti","tag-inti-raymi","tag-musica","tag-noche-de-san-juan","tag-noruega","tag-ofrendas","tag-peru","tag-reino-unido","tag-solsticio-de-verano","tag-stonehenge","tag-suecia"],"yoast_head":"<!-- This site is optimized with the Yoast SEO plugin v28.4 - https:\/\/yoast.com\/product\/yoast-seo-wordpress\/ -->\n<title>21 de junio: Solsticio de Verano y D\u00eda Internacional del Sol. - Blog de Rafael Ram\u00edrez<\/title>\n<meta name=\"robots\" content=\"index, follow, max-snippet:-1, max-image-preview:large, max-video-preview:-1\" \/>\n<link rel=\"canonical\" href=\"https:\/\/rafaramirez.org\/blog\/index.php\/2024\/06\/21\/21-de-junio-solsticio-de-verano-y-dia-internacional-del-sol\/\" \/>\n<meta property=\"og:locale\" content=\"es_ES\" \/>\n<meta property=\"og:type\" content=\"article\" \/>\n<meta property=\"og:title\" content=\"21 de junio: Solsticio de Verano y D\u00eda Internacional del Sol. - Blog de Rafael Ram\u00edrez\" \/>\n<meta property=\"og:description\" content=\"El\u00a0D\u00eda Internacional del Sol\u00a0se celebra el\u00a021 de junio, coincidiendo con la entrada del\u00a0solsticio de verano. Este d\u00eda marca el momento en que el hemisferio norte experimenta el d\u00eda m\u00e1s largo del a\u00f1o y la llegada de d\u00edas m\u00e1s luminosos. El Sol, como nuestra estrella m\u00e1s grande, desempe\u00f1a un papel fundamental en la vida de todos [&hellip;]\" \/>\n<meta property=\"og:url\" content=\"https:\/\/rafaramirez.org\/blog\/index.php\/2024\/06\/21\/21-de-junio-solsticio-de-verano-y-dia-internacional-del-sol\/\" \/>\n<meta property=\"og:site_name\" content=\"Blog de Rafael Ram\u00edrez\" \/>\n<meta property=\"article:published_time\" content=\"2024-06-21T06:15:44+00:00\" \/>\n<meta property=\"og:image\" content=\"https:\/\/rafaramirez.org\/blog\/wp-content\/uploads\/2024\/06\/solsticio_verano_banner.jpg\" \/>\n\t<meta property=\"og:image:width\" content=\"750\" \/>\n\t<meta property=\"og:image:height\" content=\"500\" \/>\n\t<meta property=\"og:image:type\" content=\"image\/jpeg\" \/>\n<meta name=\"author\" content=\"Rafael Ram\u00edrez\" \/>\n<meta name=\"twitter:card\" content=\"summary_large_image\" \/>\n<meta name=\"twitter:creator\" content=\"@rafaramirez_ok\" \/>\n<meta name=\"twitter:site\" content=\"@rafaramirez_ok\" \/>\n<meta name=\"twitter:label1\" content=\"Escrito por\" \/>\n\t<meta name=\"twitter:data1\" content=\"Rafael Ram\u00edrez\" \/>\n\t<meta name=\"twitter:label2\" content=\"Tiempo de lectura\" \/>\n\t<meta name=\"twitter:data2\" content=\"3 minutos\" \/>\n<script type=\"application\/ld+json\" class=\"yoast-schema-graph\">{\"@context\":\"https:\\\/\\\/schema.org\",\"@graph\":[{\"@type\":\"Article\",\"@id\":\"https:\\\/\\\/rafaramirez.org\\\/blog\\\/index.php\\\/2024\\\/06\\\/21\\\/21-de-junio-solsticio-de-verano-y-dia-internacional-del-sol\\\/#article\",\"isPartOf\":{\"@id\":\"https:\\\/\\\/rafaramirez.org\\\/blog\\\/index.php\\\/2024\\\/06\\\/21\\\/21-de-junio-solsticio-de-verano-y-dia-internacional-del-sol\\\/\"},\"author\":{\"name\":\"Rafael Ram\u00edrez\",\"@id\":\"https:\\\/\\\/rafaramirez.org\\\/blog\\\/#\\\/schema\\\/person\\\/50f43b6d60c578760d4c17bda54ab6a5\"},\"headline\":\"21 de junio: Solsticio de Verano y D\u00eda Internacional del Sol.\",\"datePublished\":\"2024-06-21T06:15:44+00:00\",\"mainEntityOfPage\":{\"@id\":\"https:\\\/\\\/rafaramirez.org\\\/blog\\\/index.php\\\/2024\\\/06\\\/21\\\/21-de-junio-solsticio-de-verano-y-dia-internacional-del-sol\\\/\"},\"wordCount\":551,\"commentCount\":0,\"publisher\":{\"@id\":\"https:\\\/\\\/rafaramirez.org\\\/blog\\\/#\\\/schema\\\/person\\\/50f43b6d60c578760d4c17bda54ab6a5\"},\"image\":{\"@id\":\"https:\\\/\\\/rafaramirez.org\\\/blog\\\/index.php\\\/2024\\\/06\\\/21\\\/21-de-junio-solsticio-de-verano-y-dia-internacional-del-sol\\\/#primaryimage\"},\"thumbnailUrl\":\"https:\\\/\\\/rafaramirez.org\\\/blog\\\/wp-content\\\/uploads\\\/2024\\\/06\\\/solsticio_verano_banner.jpg\",\"keywords\":[\"21 de junio Solsticio de Verano\",\"blog de Rafael Ram\u00edrez\",\"danzas\",\"D\u00eda Internacional del Sol\",\"Dinamarca\",\"dios Sol\",\"efem\u00e9rides\",\"Escandinavia\",\"Festival de Midsummer\",\"Fiesta de San Juan\",\"Finlandia\",\"inclinaci\u00f3n axial de la Tierra\",\"Inti\",\"Inti Raymi\",\"M\u00fasica\",\"Noche de San Juan\",\"Noruega\",\"ofrendas\",\"Per\u00fa\",\"Reino Unido\",\"solsticio de verano\",\"Stonehenge\",\"Suecia\"],\"articleSection\":[\"Efem\u00e9rides\"],\"inLanguage\":\"es\",\"potentialAction\":[{\"@type\":\"CommentAction\",\"name\":\"Comment\",\"target\":[\"https:\\\/\\\/rafaramirez.org\\\/blog\\\/index.php\\\/2024\\\/06\\\/21\\\/21-de-junio-solsticio-de-verano-y-dia-internacional-del-sol\\\/#respond\"]}]},{\"@type\":\"WebPage\",\"@id\":\"https:\\\/\\\/rafaramirez.org\\\/blog\\\/index.php\\\/2024\\\/06\\\/21\\\/21-de-junio-solsticio-de-verano-y-dia-internacional-del-sol\\\/\",\"url\":\"https:\\\/\\\/rafaramirez.org\\\/blog\\\/index.php\\\/2024\\\/06\\\/21\\\/21-de-junio-solsticio-de-verano-y-dia-internacional-del-sol\\\/\",\"name\":\"21 de junio: Solsticio de Verano y D\u00eda Internacional del Sol. - Blog de Rafael Ram\u00edrez\",\"isPartOf\":{\"@id\":\"https:\\\/\\\/rafaramirez.org\\\/blog\\\/#website\"},\"primaryImageOfPage\":{\"@id\":\"https:\\\/\\\/rafaramirez.org\\\/blog\\\/index.php\\\/2024\\\/06\\\/21\\\/21-de-junio-solsticio-de-verano-y-dia-internacional-del-sol\\\/#primaryimage\"},\"image\":{\"@id\":\"https:\\\/\\\/rafaramirez.org\\\/blog\\\/index.php\\\/2024\\\/06\\\/21\\\/21-de-junio-solsticio-de-verano-y-dia-internacional-del-sol\\\/#primaryimage\"},\"thumbnailUrl\":\"https:\\\/\\\/rafaramirez.org\\\/blog\\\/wp-content\\\/uploads\\\/2024\\\/06\\\/solsticio_verano_banner.jpg\",\"datePublished\":\"2024-06-21T06:15:44+00:00\",\"breadcrumb\":{\"@id\":\"https:\\\/\\\/rafaramirez.org\\\/blog\\\/index.php\\\/2024\\\/06\\\/21\\\/21-de-junio-solsticio-de-verano-y-dia-internacional-del-sol\\\/#breadcrumb\"},\"inLanguage\":\"es\",\"potentialAction\":[{\"@type\":\"ReadAction\",\"target\":[\"https:\\\/\\\/rafaramirez.org\\\/blog\\\/index.php\\\/2024\\\/06\\\/21\\\/21-de-junio-solsticio-de-verano-y-dia-internacional-del-sol\\\/\"]}]},{\"@type\":\"ImageObject\",\"inLanguage\":\"es\",\"@id\":\"https:\\\/\\\/rafaramirez.org\\\/blog\\\/index.php\\\/2024\\\/06\\\/21\\\/21-de-junio-solsticio-de-verano-y-dia-internacional-del-sol\\\/#primaryimage\",\"url\":\"https:\\\/\\\/rafaramirez.org\\\/blog\\\/wp-content\\\/uploads\\\/2024\\\/06\\\/solsticio_verano_banner.jpg\",\"contentUrl\":\"https:\\\/\\\/rafaramirez.org\\\/blog\\\/wp-content\\\/uploads\\\/2024\\\/06\\\/solsticio_verano_banner.jpg\",\"width\":750,\"height\":500,\"caption\":\"21 de junio Solsticio de Verano. Blog de Rafael Ram\u00edrez.\"},{\"@type\":\"BreadcrumbList\",\"@id\":\"https:\\\/\\\/rafaramirez.org\\\/blog\\\/index.php\\\/2024\\\/06\\\/21\\\/21-de-junio-solsticio-de-verano-y-dia-internacional-del-sol\\\/#breadcrumb\",\"itemListElement\":[{\"@type\":\"ListItem\",\"position\":1,\"name\":\"Portada\",\"item\":\"https:\\\/\\\/rafaramirez.org\\\/blog\\\/\"},{\"@type\":\"ListItem\",\"position\":2,\"name\":\"21 de junio: Solsticio de Verano y D\u00eda Internacional del Sol.\"}]},{\"@type\":\"WebSite\",\"@id\":\"https:\\\/\\\/rafaramirez.org\\\/blog\\\/#website\",\"url\":\"https:\\\/\\\/rafaramirez.org\\\/blog\\\/\",\"name\":\"Blog de Rafael Ram\u00edrez\",\"description\":\"Un sitio social, de arte y cultura\",\"publisher\":{\"@id\":\"https:\\\/\\\/rafaramirez.org\\\/blog\\\/#\\\/schema\\\/person\\\/50f43b6d60c578760d4c17bda54ab6a5\"},\"potentialAction\":[{\"@type\":\"SearchAction\",\"target\":{\"@type\":\"EntryPoint\",\"urlTemplate\":\"https:\\\/\\\/rafaramirez.org\\\/blog\\\/?s={search_term_string}\"},\"query-input\":{\"@type\":\"PropertyValueSpecification\",\"valueRequired\":true,\"valueName\":\"search_term_string\"}}],\"inLanguage\":\"es\"},{\"@type\":[\"Person\",\"Organization\"],\"@id\":\"https:\\\/\\\/rafaramirez.org\\\/blog\\\/#\\\/schema\\\/person\\\/50f43b6d60c578760d4c17bda54ab6a5\",\"name\":\"Rafael Ram\u00edrez\",\"image\":{\"@type\":\"ImageObject\",\"inLanguage\":\"es\",\"@id\":\"https:\\\/\\\/rafaramirez.org\\\/blog\\\/wp-content\\\/uploads\\\/2024\\\/09\\\/RR_socialnetwork.jpg\",\"url\":\"https:\\\/\\\/rafaramirez.org\\\/blog\\\/wp-content\\\/uploads\\\/2024\\\/09\\\/RR_socialnetwork.jpg\",\"contentUrl\":\"https:\\\/\\\/rafaramirez.org\\\/blog\\\/wp-content\\\/uploads\\\/2024\\\/09\\\/RR_socialnetwork.jpg\",\"width\":600,\"height\":606,\"caption\":\"Rafael Ram\u00edrez\"},\"logo\":{\"@id\":\"https:\\\/\\\/rafaramirez.org\\\/blog\\\/wp-content\\\/uploads\\\/2024\\\/09\\\/RR_socialnetwork.jpg\"},\"sameAs\":[\"https:\\\/\\\/www.rafaramirez.org\\\/blog\",\"https:\\\/\\\/www.instagram.com\\\/rafaramirez_ok\\\/\",\"https:\\\/\\\/es.pinterest.com\\\/Ramirez_Rafa\\\/\",\"https:\\\/\\\/x.com\\\/rafaramirez_ok\"],\"url\":\"https:\\\/\\\/rafaramirez.org\\\/blog\\\/index.php\\\/author\\\/rafaell_qm6j97da\\\/\"}]}<\/script>\n<!-- \/ Yoast SEO plugin. -->","yoast_head_json":{"title":"21 de junio: Solsticio de Verano y D\u00eda Internacional del Sol. - Blog de Rafael Ram\u00edrez","robots":{"index":"index","follow":"follow","max-snippet":"max-snippet:-1","max-image-preview":"max-image-preview:large","max-video-preview":"max-video-preview:-1"},"canonical":"https:\/\/rafaramirez.org\/blog\/index.php\/2024\/06\/21\/21-de-junio-solsticio-de-verano-y-dia-internacional-del-sol\/","og_locale":"es_ES","og_type":"article","og_title":"21 de junio: Solsticio de Verano y D\u00eda Internacional del Sol. - Blog de Rafael Ram\u00edrez","og_description":"El\u00a0D\u00eda Internacional del Sol\u00a0se celebra el\u00a021 de junio, coincidiendo con la entrada del\u00a0solsticio de verano. Este d\u00eda marca el momento en que el hemisferio norte experimenta el d\u00eda m\u00e1s largo del a\u00f1o y la llegada de d\u00edas m\u00e1s luminosos. El Sol, como nuestra estrella m\u00e1s grande, desempe\u00f1a un papel fundamental en la vida de todos [&hellip;]","og_url":"https:\/\/rafaramirez.org\/blog\/index.php\/2024\/06\/21\/21-de-junio-solsticio-de-verano-y-dia-internacional-del-sol\/","og_site_name":"Blog de Rafael Ram\u00edrez","article_published_time":"2024-06-21T06:15:44+00:00","og_image":[{"width":750,"height":500,"url":"https:\/\/rafaramirez.org\/blog\/wp-content\/uploads\/2024\/06\/solsticio_verano_banner.jpg","type":"image\/jpeg"}],"author":"Rafael Ram\u00edrez","twitter_card":"summary_large_image","twitter_creator":"@rafaramirez_ok","twitter_site":"@rafaramirez_ok","twitter_misc":{"Escrito por":"Rafael Ram\u00edrez","Tiempo de lectura":"3 minutos"},"schema":{"@context":"https:\/\/schema.org","@graph":[{"@type":"Article","@id":"https:\/\/rafaramirez.org\/blog\/index.php\/2024\/06\/21\/21-de-junio-solsticio-de-verano-y-dia-internacional-del-sol\/#article","isPartOf":{"@id":"https:\/\/rafaramirez.org\/blog\/index.php\/2024\/06\/21\/21-de-junio-solsticio-de-verano-y-dia-internacional-del-sol\/"},"author":{"name":"Rafael Ram\u00edrez","@id":"https:\/\/rafaramirez.org\/blog\/#\/schema\/person\/50f43b6d60c578760d4c17bda54ab6a5"},"headline":"21 de junio: Solsticio de Verano y D\u00eda Internacional del Sol.","datePublished":"2024-06-21T06:15:44+00:00","mainEntityOfPage":{"@id":"https:\/\/rafaramirez.org\/blog\/index.php\/2024\/06\/21\/21-de-junio-solsticio-de-verano-y-dia-internacional-del-sol\/"},"wordCount":551,"commentCount":0,"publisher":{"@id":"https:\/\/rafaramirez.org\/blog\/#\/schema\/person\/50f43b6d60c578760d4c17bda54ab6a5"},"image":{"@id":"https:\/\/rafaramirez.org\/blog\/index.php\/2024\/06\/21\/21-de-junio-solsticio-de-verano-y-dia-internacional-del-sol\/#primaryimage"},"thumbnailUrl":"https:\/\/rafaramirez.org\/blog\/wp-content\/uploads\/2024\/06\/solsticio_verano_banner.jpg","keywords":["21 de junio Solsticio de Verano","blog de Rafael Ram\u00edrez","danzas","D\u00eda Internacional del Sol","Dinamarca","dios Sol","efem\u00e9rides","Escandinavia","Festival de Midsummer","Fiesta de San Juan","Finlandia","inclinaci\u00f3n axial de la Tierra","Inti","Inti Raymi","M\u00fasica","Noche de San Juan","Noruega","ofrendas","Per\u00fa","Reino Unido","solsticio de verano","Stonehenge","Suecia"],"articleSection":["Efem\u00e9rides"],"inLanguage":"es","potentialAction":[{"@type":"CommentAction","name":"Comment","target":["https:\/\/rafaramirez.org\/blog\/index.php\/2024\/06\/21\/21-de-junio-solsticio-de-verano-y-dia-internacional-del-sol\/#respond"]}]},{"@type":"WebPage","@id":"https:\/\/rafaramirez.org\/blog\/index.php\/2024\/06\/21\/21-de-junio-solsticio-de-verano-y-dia-internacional-del-sol\/","url":"https:\/\/rafaramirez.org\/blog\/index.php\/2024\/06\/21\/21-de-junio-solsticio-de-verano-y-dia-internacional-del-sol\/","name":"21 de junio: Solsticio de Verano y D\u00eda Internacional del Sol. - Blog de Rafael Ram\u00edrez","isPartOf":{"@id":"https:\/\/rafaramirez.org\/blog\/#website"},"primaryImageOfPage":{"@id":"https:\/\/rafaramirez.org\/blog\/index.php\/2024\/06\/21\/21-de-junio-solsticio-de-verano-y-dia-internacional-del-sol\/#primaryimage"},"image":{"@id":"https:\/\/rafaramirez.org\/blog\/index.php\/2024\/06\/21\/21-de-junio-solsticio-de-verano-y-dia-internacional-del-sol\/#primaryimage"},"thumbnailUrl":"https:\/\/rafaramirez.org\/blog\/wp-content\/uploads\/2024\/06\/solsticio_verano_banner.jpg","datePublished":"2024-06-21T06:15:44+00:00","breadcrumb":{"@id":"https:\/\/rafaramirez.org\/blog\/index.php\/2024\/06\/21\/21-de-junio-solsticio-de-verano-y-dia-internacional-del-sol\/#breadcrumb"},"inLanguage":"es","potentialAction":[{"@type":"ReadAction","target":["https:\/\/rafaramirez.org\/blog\/index.php\/2024\/06\/21\/21-de-junio-solsticio-de-verano-y-dia-internacional-del-sol\/"]}]},{"@type":"ImageObject","inLanguage":"es","@id":"https:\/\/rafaramirez.org\/blog\/index.php\/2024\/06\/21\/21-de-junio-solsticio-de-verano-y-dia-internacional-del-sol\/#primaryimage","url":"https:\/\/rafaramirez.org\/blog\/wp-content\/uploads\/2024\/06\/solsticio_verano_banner.jpg","contentUrl":"https:\/\/rafaramirez.org\/blog\/wp-content\/uploads\/2024\/06\/solsticio_verano_banner.jpg","width":750,"height":500,"caption":"21 de junio Solsticio de Verano. Blog de Rafael Ram\u00edrez."},{"@type":"BreadcrumbList","@id":"https:\/\/rafaramirez.org\/blog\/index.php\/2024\/06\/21\/21-de-junio-solsticio-de-verano-y-dia-internacional-del-sol\/#breadcrumb","itemListElement":[{"@type":"ListItem","position":1,"name":"Portada","item":"https:\/\/rafaramirez.org\/blog\/"},{"@type":"ListItem","position":2,"name":"21 de junio: Solsticio de Verano y D\u00eda Internacional del Sol."}]},{"@type":"WebSite","@id":"https:\/\/rafaramirez.org\/blog\/#website","url":"https:\/\/rafaramirez.org\/blog\/","name":"Blog de Rafael Ram\u00edrez","description":"Un sitio social, de arte y cultura","publisher":{"@id":"https:\/\/rafaramirez.org\/blog\/#\/schema\/person\/50f43b6d60c578760d4c17bda54ab6a5"},"potentialAction":[{"@type":"SearchAction","target":{"@type":"EntryPoint","urlTemplate":"https:\/\/rafaramirez.org\/blog\/?s={search_term_string}"},"query-input":{"@type":"PropertyValueSpecification","valueRequired":true,"valueName":"search_term_string"}}],"inLanguage":"es"},{"@type":["Person","Organization"],"@id":"https:\/\/rafaramirez.org\/blog\/#\/schema\/person\/50f43b6d60c578760d4c17bda54ab6a5","name":"Rafael Ram\u00edrez","image":{"@type":"ImageObject","inLanguage":"es","@id":"https:\/\/rafaramirez.org\/blog\/wp-content\/uploads\/2024\/09\/RR_socialnetwork.jpg","url":"https:\/\/rafaramirez.org\/blog\/wp-content\/uploads\/2024\/09\/RR_socialnetwork.jpg","contentUrl":"https:\/\/rafaramirez.org\/blog\/wp-content\/uploads\/2024\/09\/RR_socialnetwork.jpg","width":600,"height":606,"caption":"Rafael Ram\u00edrez"},"logo":{"@id":"https:\/\/rafaramirez.org\/blog\/wp-content\/uploads\/2024\/09\/RR_socialnetwork.jpg"},"sameAs":["https:\/\/www.rafaramirez.org\/blog","https:\/\/www.instagram.com\/rafaramirez_ok\/","https:\/\/es.pinterest.com\/Ramirez_Rafa\/","https:\/\/x.com\/rafaramirez_ok"],"url":"https:\/\/rafaramirez.org\/blog\/index.php\/author\/rafaell_qm6j97da\/"}]}},"jetpack_publicize_connections":[],"jetpack_sharing_enabled":true,"jetpack_likes_enabled":true,"jetpack_featured_media_url":"https:\/\/rafaramirez.org\/blog\/wp-content\/uploads\/2024\/06\/solsticio_verano_banner.jpg","_links":{"self":[{"href":"https:\/\/rafaramirez.org\/blog\/index.php\/wp-json\/wp\/v2\/posts\/4797","targetHints":{"allow":["GET"]}}],"collection":[{"href":"https:\/\/rafaramirez.org\/blog\/index.php\/wp-json\/wp\/v2\/posts"}],"about":[{"href":"https:\/\/rafaramirez.org\/blog\/index.php\/wp-json\/wp\/v2\/types\/post"}],"author":[{"embeddable":true,"href":"https:\/\/rafaramirez.org\/blog\/index.php\/wp-json\/wp\/v2\/users\/1"}],"replies":[{"embeddable":true,"href":"https:\/\/rafaramirez.org\/blog\/index.php\/wp-json\/wp\/v2\/comments?post=4797"}],"version-history":[{"count":5,"href":"https:\/\/rafaramirez.org\/blog\/index.php\/wp-json\/wp\/v2\/posts\/4797\/revisions"}],"predecessor-version":[{"id":4808,"href":"https:\/\/rafaramirez.org\/blog\/index.php\/wp-json\/wp\/v2\/posts\/4797\/revisions\/4808"}],"wp:featuredmedia":[{"embeddable":true,"href":"https:\/\/rafaramirez.org\/blog\/index.php\/wp-json\/wp\/v2\/media\/4799"}],"wp:attachment":[{"href":"https:\/\/rafaramirez.org\/blog\/index.php\/wp-json\/wp\/v2\/media?parent=4797"}],"wp:term":[{"taxonomy":"category","embeddable":true,"href":"https:\/\/rafaramirez.org\/blog\/index.php\/wp-json\/wp\/v2\/categories?post=4797"},{"taxonomy":"post_tag","embeddable":true,"href":"https:\/\/rafaramirez.org\/blog\/index.php\/wp-json\/wp\/v2\/tags?post=4797"}],"curies":[{"name":"wp","href":"https:\/\/api.w.org\/{rel}","templated":true}]}}