{"id":4726,"date":"2024-06-12T08:15:58","date_gmt":"2024-06-12T06:15:58","guid":{"rendered":"https:\/\/rafaramirez.org\/blog\/?p=4726"},"modified":"2024-06-10T11:48:17","modified_gmt":"2024-06-10T09:48:17","slug":"dia-mundial-contra-el-trabajo-infantil-por-una-infancia-plena-y-libre-de-explotacion","status":"publish","type":"post","link":"https:\/\/rafaramirez.org\/blog\/index.php\/2024\/06\/12\/dia-mundial-contra-el-trabajo-infantil-por-una-infancia-plena-y-libre-de-explotacion\/","title":{"rendered":"D\u00eda Mundial contra el Trabajo Infantil: por una infancia plena y libre de explotaci\u00f3n."},"content":{"rendered":"<p data-sourcepos=\"1:1-1:227\"><strong>El D\u00eda Mundial contra el Trabajo Infantil<\/strong> se celebra cada a\u00f1o el <strong>12 de junio<\/strong> desde el a\u00f1o 2002, con el objetivo de crear conciencia sobre la magnitud del problema del trabajo infantil y unir esfuerzos para erradicarlo.<\/p>\n<p data-sourcepos=\"1:1-1:227\">La iniciativa fue establecida por la <strong>Organizaci\u00f3n Internacional del Trabajo (OIT)<\/strong>, y cada a\u00f1o se centra en un tema principal para enfocar las acciones. El lema del D\u00eda Mundial contra el Trabajo Infantil para el a\u00f1o 2024 es: <strong>\u00abCumplamos con nuestros compromisos: \u00a1Pongamos fin al trabajo infantil!\u00bb<\/strong>.<\/p>\n<figure id=\"attachment_4733\" aria-describedby=\"caption-attachment-4733\" style=\"width: 300px\" class=\"wp-caption aligncenter\"><a href=\"https:\/\/rafaramirez.org\/blog\/wp-content\/uploads\/2024\/06\/dia_mundial_contra_el_trabajo_infantil_1.jpg\" target=\"_blank\" rel=\"noopener\"><img loading=\"lazy\" decoding=\"async\" class=\"wp-image-4733 size-medium\" src=\"https:\/\/rafaramirez.org\/blog\/wp-content\/uploads\/2024\/06\/dia_mundial_contra_el_trabajo_infantil_1-300x200.jpg\" alt=\"D\u00eda Mundial contra el Trabajo Infantil. Blog de Rafael Ram\u00edrez.\" width=\"300\" height=\"200\" srcset=\"https:\/\/rafaramirez.org\/blog\/wp-content\/uploads\/2024\/06\/dia_mundial_contra_el_trabajo_infantil_1-300x200.jpg 300w, https:\/\/rafaramirez.org\/blog\/wp-content\/uploads\/2024\/06\/dia_mundial_contra_el_trabajo_infantil_1-1024x683.jpg 1024w, https:\/\/rafaramirez.org\/blog\/wp-content\/uploads\/2024\/06\/dia_mundial_contra_el_trabajo_infantil_1-768x512.jpg 768w, https:\/\/rafaramirez.org\/blog\/wp-content\/uploads\/2024\/06\/dia_mundial_contra_el_trabajo_infantil_1-1536x1024.jpg 1536w, https:\/\/rafaramirez.org\/blog\/wp-content\/uploads\/2024\/06\/dia_mundial_contra_el_trabajo_infantil_1.jpg 1920w\" sizes=\"auto, (max-width: 300px) 100vw, 300px\" \/><\/a><figcaption id=\"caption-attachment-4733\" class=\"wp-caption-text\">D\u00eda Mundial contra el Trabajo Infantil. Blog de Rafael Ram\u00edrez.<\/figcaption><\/figure>\n<p data-sourcepos=\"3:1-3:32\"><strong>\u00bfQu\u00e9 es el trabajo infantil?<\/strong><\/p>\n<p data-sourcepos=\"5:1-5:233\">La Organizaci\u00f3n Internacional del Trabajo (OIT) define el trabajo infantil como <strong>toda actividad que priva a los ni\u00f1os de su infancia, de su potencial y de su dignidad, y que les perjudica f\u00edsica, mental o moralmente<\/strong>. Esto incluye:<\/p>\n<ul data-sourcepos=\"7:1-9:0\">\n<li data-sourcepos=\"7:1-7:74\">Cualquier trabajo que sea peligroso, insalubre o moralmente reprensible.<\/li>\n<li data-sourcepos=\"8:1-9:0\">Cualquier trabajo que exija a los ni\u00f1os trabajar por encima de un n\u00famero de horas adecuado a su edad o que les impida asistir a la escuela, adquirir una educaci\u00f3n adecuada o participar en actividades recreativas propias de su edad.<\/li>\n<\/ul>\n<p data-sourcepos=\"10:1-10:61\"><strong>\u00bfPor qu\u00e9 es importante luchar contra el trabajo infantil?<\/strong><\/p>\n<p data-sourcepos=\"12:1-12:193\">El trabajo infantil tiene graves consecuencias para los ni\u00f1os, tanto f\u00edsicas como psicol\u00f3gicas. Adem\u00e1s, les priva de la oportunidad de recibir una educaci\u00f3n y de desarrollar todo su potencial.<\/p>\n<figure id=\"attachment_4734\" aria-describedby=\"caption-attachment-4734\" style=\"width: 300px\" class=\"wp-caption aligncenter\"><a href=\"https:\/\/rafaramirez.org\/blog\/wp-content\/uploads\/2024\/06\/dia_mundial_contra_el_trabajo_infantil_2.jpg\" target=\"_blank\" rel=\"noopener\"><img loading=\"lazy\" decoding=\"async\" class=\"wp-image-4734 size-medium\" src=\"https:\/\/rafaramirez.org\/blog\/wp-content\/uploads\/2024\/06\/dia_mundial_contra_el_trabajo_infantil_2-300x200.jpg\" alt=\"D\u00eda Mundial contra el Trabajo Infantil. Blog de Rafael Ram\u00edrez.\" width=\"300\" height=\"200\" srcset=\"https:\/\/rafaramirez.org\/blog\/wp-content\/uploads\/2024\/06\/dia_mundial_contra_el_trabajo_infantil_2-300x200.jpg 300w, https:\/\/rafaramirez.org\/blog\/wp-content\/uploads\/2024\/06\/dia_mundial_contra_el_trabajo_infantil_2-1024x684.jpg 1024w, https:\/\/rafaramirez.org\/blog\/wp-content\/uploads\/2024\/06\/dia_mundial_contra_el_trabajo_infantil_2-768x513.jpg 768w, https:\/\/rafaramirez.org\/blog\/wp-content\/uploads\/2024\/06\/dia_mundial_contra_el_trabajo_infantil_2-1536x1026.jpg 1536w, https:\/\/rafaramirez.org\/blog\/wp-content\/uploads\/2024\/06\/dia_mundial_contra_el_trabajo_infantil_2.jpg 1920w\" sizes=\"auto, (max-width: 300px) 100vw, 300px\" \/><\/a><figcaption id=\"caption-attachment-4734\" class=\"wp-caption-text\">D\u00eda Mundial contra el Trabajo Infantil. Blog de Rafael Ram\u00edrez.<\/figcaption><\/figure>\n<p data-sourcepos=\"14:1-14:61\"><strong>\u00bfQu\u00e9 se est\u00e1 haciendo para erradicar el trabajo infantil?<\/strong><\/p>\n<p data-sourcepos=\"16:1-16:269\">Existen diversas iniciativas para luchar contra el trabajo infantil, tanto a nivel nacional como internacional. La OIT juega un papel fundamental en la coordinaci\u00f3n de estas iniciativas y en la promoci\u00f3n de pol\u00edticas p\u00fablicas para la erradicaci\u00f3n del trabajo infantil.<\/p>\n<p data-sourcepos=\"18:1-18:57\"><strong>\u00bfC\u00f3mo podemos ayudar a erradicar el trabajo infantil?<\/strong><\/p>\n<p data-sourcepos=\"20:1-20:108\">Todos podemos contribuir a la erradicaci\u00f3n del trabajo infantil. Algunas de las cosas que podemos hacer son:<\/p>\n<ul data-sourcepos=\"22:1-26:0\">\n<li data-sourcepos=\"22:1-22:57\"><strong>Informarnos sobre el problema del trabajo infantil.<\/strong><\/li>\n<li data-sourcepos=\"23:1-23:74\"><strong>Sensibilizar a nuestro entorno sobre la importancia de la educaci\u00f3n.<\/strong><\/li>\n<li data-sourcepos=\"24:1-24:82\"><strong>Apoyar a las organizaciones que trabajan para erradicar el trabajo infantil.<\/strong><\/li>\n<li data-sourcepos=\"25:1-26:0\"><strong>Comprar productos de empresas que se comprometen con la erradicaci\u00f3n del trabajo infantil.<\/strong><\/li>\n<\/ul>\n<p style=\"text-align: center;\"><a href=\"https:\/\/rafaramirez.org\/blog\/wp-content\/uploads\/2024\/06\/dia_mundial_contra_el_trabajo_infantil_3.jpg\" target=\"_blank\" rel=\"noopener\"><img loading=\"lazy\" decoding=\"async\" class=\"aligncenter wp-image-4735 size-medium\" src=\"https:\/\/rafaramirez.org\/blog\/wp-content\/uploads\/2024\/06\/dia_mundial_contra_el_trabajo_infantil_3-300x200.jpg\" alt=\"D\u00eda Mundial contra el Trabajo Infantil. Blog de Rafael Ram\u00edrez.\" width=\"300\" height=\"200\" srcset=\"https:\/\/rafaramirez.org\/blog\/wp-content\/uploads\/2024\/06\/dia_mundial_contra_el_trabajo_infantil_3-300x200.jpg 300w, https:\/\/rafaramirez.org\/blog\/wp-content\/uploads\/2024\/06\/dia_mundial_contra_el_trabajo_infantil_3-1024x683.jpg 1024w, https:\/\/rafaramirez.org\/blog\/wp-content\/uploads\/2024\/06\/dia_mundial_contra_el_trabajo_infantil_3-768x512.jpg 768w, https:\/\/rafaramirez.org\/blog\/wp-content\/uploads\/2024\/06\/dia_mundial_contra_el_trabajo_infantil_3-1536x1025.jpg 1536w, https:\/\/rafaramirez.org\/blog\/wp-content\/uploads\/2024\/06\/dia_mundial_contra_el_trabajo_infantil_3.jpg 1920w\" sizes=\"auto, (max-width: 300px) 100vw, 300px\" \/><\/a><\/p>\n<p data-sourcepos=\"27:1-27:293\"><strong>En resumen, el D\u00eda Mundial contra el Trabajo Infantil es una oportunidad para recordar que todos tenemos la responsabilidad de proteger a los ni\u00f1os y ni\u00f1as del trabajo infantil. Juntos podemos construir un futuro en el que todos los ni\u00f1os puedan disfrutar de una infancia plena y libre de explotaci\u00f3n.<\/strong><\/p>\n<p data-sourcepos=\"29:1-29:117\">M\u00e1s informaci\u00f3n sobre el D\u00eda Mundial contra el Trabajo Infantil:<\/p>\n<ul data-sourcepos=\"31:1-33:185\">\n<li data-sourcepos=\"31:1-31:207\"><strong><a href=\"https:\/\/www.ilo.org\/es\/temas\/child-labour\/campana-y-sensibilizacion-sobre-el-trabajo-infantil\/dia-mundial-contra-el-trabajo-infantil\" target=\"_blank\" rel=\"noopener\">OIT<\/a><\/strong><\/li>\n<li data-sourcepos=\"32:1-32:207\"><strong><a href=\"https:\/\/www.un.org\/es\/observances\/world-day-against-child-labour\" target=\"_blank\" rel=\"noopener\">ONU<\/a>\u00a0<\/strong><\/li>\n<li data-sourcepos=\"33:1-33:185\"><strong><a href=\"https:\/\/www.unicef.es\/trabajo-infantil\" target=\"_blank\" rel=\"noopener\">UNICEF<\/a>\u00a0<\/strong><\/li>\n<\/ul>\n<p>&nbsp;<\/p>\n","protected":false},"excerpt":{"rendered":"<p>El D\u00eda Mundial contra el Trabajo Infantil se celebra cada a\u00f1o el 12 de junio desde el a\u00f1o 2002, con el objetivo de crear conciencia sobre la magnitud del problema del trabajo infantil y unir esfuerzos para erradicarlo. La iniciativa fue establecida por la Organizaci\u00f3n Internacional del Trabajo (OIT), y cada a\u00f1o se centra en [&hellip;]<\/p>\n","protected":false},"author":1,"featured_media":4732,"comment_status":"open","ping_status":"closed","sticky":false,"template":"","format":"standard","meta":{"site-container-style":"default","site-container-layout":"default","site-sidebar-layout":"default","disable-article-header":"default","disable-site-header":"default","disable-site-footer":"default","disable-content-area-spacing":"default","_jetpack_newsletter_access":"","_jetpack_dont_email_post_to_subs":false,"_jetpack_newsletter_tier_id":0,"_jetpack_memberships_contains_paywalled_content":false,"_jetpack_feature_clip_id":0,"_jetpack_memberships_contains_paid_content":false,"footnotes":"","jetpack_publicize_message":"","jetpack_publicize_feature_enabled":true,"jetpack_social_post_already_shared":false,"jetpack_social_options":{"image_generator_settings":{"template":"highway","default_image_id":0,"font":"","enabled":false},"version":2},"jetpack_post_was_ever_published":false},"categories":[1291,15],"tags":[932,2382,68,2392,2385,2388,142,2389,1323,2390,2387,2386,2384,2383,2391],"class_list":["post-4726","post","type-post","status-publish","format-standard","has-post-thumbnail","hentry","category-efemerides","category-noticias-sociales","tag-12-de-junio","tag-2382","tag-blog-de-rafael-ramirez","tag-construir-un-futuro","tag-cumplamos-con-nuestros-compromisos-pongamos-fin-al-trabajo-infantil","tag-derechos-de-los-ninos","tag-dia-mundial-contra-el-trabajo-infantil","tag-educacion","tag-efemerides","tag-erradicacion-del-trabajo-infantil","tag-jornada-reivindicativa","tag-luchar-contra-el-trabajo-infantil","tag-oit","tag-organizacion-internacional-del-trabajo","tag-proteger-a-los-ninos-y-ninas"],"yoast_head":"<!-- This site is optimized with the Yoast SEO plugin v28.4 - https:\/\/yoast.com\/product\/yoast-seo-wordpress\/ -->\n<title>D\u00eda Mundial contra el Trabajo Infantil: por una infancia plena y libre de explotaci\u00f3n. - Blog de Rafael Ram\u00edrez<\/title>\n<meta name=\"robots\" content=\"index, follow, max-snippet:-1, max-image-preview:large, max-video-preview:-1\" \/>\n<link rel=\"canonical\" href=\"https:\/\/rafaramirez.org\/blog\/index.php\/2024\/06\/12\/dia-mundial-contra-el-trabajo-infantil-por-una-infancia-plena-y-libre-de-explotacion\/\" \/>\n<meta property=\"og:locale\" content=\"es_ES\" \/>\n<meta property=\"og:type\" content=\"article\" \/>\n<meta property=\"og:title\" content=\"D\u00eda Mundial contra el Trabajo Infantil: por una infancia plena y libre de explotaci\u00f3n. - Blog de Rafael Ram\u00edrez\" \/>\n<meta property=\"og:description\" content=\"El D\u00eda Mundial contra el Trabajo Infantil se celebra cada a\u00f1o el 12 de junio desde el a\u00f1o 2002, con el objetivo de crear conciencia sobre la magnitud del problema del trabajo infantil y unir esfuerzos para erradicarlo. La iniciativa fue establecida por la Organizaci\u00f3n Internacional del Trabajo (OIT), y cada a\u00f1o se centra en [&hellip;]\" \/>\n<meta property=\"og:url\" content=\"https:\/\/rafaramirez.org\/blog\/index.php\/2024\/06\/12\/dia-mundial-contra-el-trabajo-infantil-por-una-infancia-plena-y-libre-de-explotacion\/\" \/>\n<meta property=\"og:site_name\" content=\"Blog de Rafael Ram\u00edrez\" \/>\n<meta property=\"article:published_time\" content=\"2024-06-12T06:15:58+00:00\" \/>\n<meta property=\"og:image\" content=\"https:\/\/rafaramirez.org\/blog\/wp-content\/uploads\/2024\/06\/dia_mundial_contra_el_trabajo_infantil_banner.jpg\" \/>\n\t<meta property=\"og:image:width\" content=\"750\" \/>\n\t<meta property=\"og:image:height\" content=\"499\" \/>\n\t<meta property=\"og:image:type\" content=\"image\/jpeg\" \/>\n<meta name=\"author\" content=\"Rafael Ram\u00edrez\" \/>\n<meta name=\"twitter:card\" content=\"summary_large_image\" \/>\n<meta name=\"twitter:creator\" content=\"@rafaramirez_ok\" \/>\n<meta name=\"twitter:site\" content=\"@rafaramirez_ok\" \/>\n<meta name=\"twitter:label1\" content=\"Escrito por\" \/>\n\t<meta name=\"twitter:data1\" content=\"Rafael Ram\u00edrez\" \/>\n\t<meta name=\"twitter:label2\" content=\"Tiempo de lectura\" \/>\n\t<meta name=\"twitter:data2\" content=\"2 minutos\" \/>\n<script type=\"application\/ld+json\" class=\"yoast-schema-graph\">{\"@context\":\"https:\\\/\\\/schema.org\",\"@graph\":[{\"@type\":\"Article\",\"@id\":\"https:\\\/\\\/rafaramirez.org\\\/blog\\\/index.php\\\/2024\\\/06\\\/12\\\/dia-mundial-contra-el-trabajo-infantil-por-una-infancia-plena-y-libre-de-explotacion\\\/#article\",\"isPartOf\":{\"@id\":\"https:\\\/\\\/rafaramirez.org\\\/blog\\\/index.php\\\/2024\\\/06\\\/12\\\/dia-mundial-contra-el-trabajo-infantil-por-una-infancia-plena-y-libre-de-explotacion\\\/\"},\"author\":{\"name\":\"Rafael Ram\u00edrez\",\"@id\":\"https:\\\/\\\/rafaramirez.org\\\/blog\\\/#\\\/schema\\\/person\\\/50f43b6d60c578760d4c17bda54ab6a5\"},\"headline\":\"D\u00eda Mundial contra el Trabajo Infantil: por una infancia plena y libre de explotaci\u00f3n.\",\"datePublished\":\"2024-06-12T06:15:58+00:00\",\"mainEntityOfPage\":{\"@id\":\"https:\\\/\\\/rafaramirez.org\\\/blog\\\/index.php\\\/2024\\\/06\\\/12\\\/dia-mundial-contra-el-trabajo-infantil-por-una-infancia-plena-y-libre-de-explotacion\\\/\"},\"wordCount\":480,\"commentCount\":0,\"publisher\":{\"@id\":\"https:\\\/\\\/rafaramirez.org\\\/blog\\\/#\\\/schema\\\/person\\\/50f43b6d60c578760d4c17bda54ab6a5\"},\"image\":{\"@id\":\"https:\\\/\\\/rafaramirez.org\\\/blog\\\/index.php\\\/2024\\\/06\\\/12\\\/dia-mundial-contra-el-trabajo-infantil-por-una-infancia-plena-y-libre-de-explotacion\\\/#primaryimage\"},\"thumbnailUrl\":\"https:\\\/\\\/rafaramirez.org\\\/blog\\\/wp-content\\\/uploads\\\/2024\\\/06\\\/dia_mundial_contra_el_trabajo_infantil_banner.jpg\",\"keywords\":[\"12 de junio\",\"2022\",\"blog de Rafael Ram\u00edrez\",\"construir un futuro\",\"Cumplamos con nuestros compromisos: \u00a1Pongamos fin al trabajo infantil!\",\"derechos de los ni\u00f1os\",\"D\u00eda Mundial contra el Trabajo Infantil\",\"educaci\u00f3n\",\"efem\u00e9rides\",\"erradicaci\u00f3n del trabajo infantil\",\"jornada reivindicativa\",\"luchar contra el trabajo infantil\",\"OIT\",\"Organizaci\u00f3n Internacional del Trabajo\",\"proteger a los ni\u00f1os y ni\u00f1as\"],\"articleSection\":[\"Efem\u00e9rides\",\"Informe social\"],\"inLanguage\":\"es\",\"potentialAction\":[{\"@type\":\"CommentAction\",\"name\":\"Comment\",\"target\":[\"https:\\\/\\\/rafaramirez.org\\\/blog\\\/index.php\\\/2024\\\/06\\\/12\\\/dia-mundial-contra-el-trabajo-infantil-por-una-infancia-plena-y-libre-de-explotacion\\\/#respond\"]}]},{\"@type\":\"WebPage\",\"@id\":\"https:\\\/\\\/rafaramirez.org\\\/blog\\\/index.php\\\/2024\\\/06\\\/12\\\/dia-mundial-contra-el-trabajo-infantil-por-una-infancia-plena-y-libre-de-explotacion\\\/\",\"url\":\"https:\\\/\\\/rafaramirez.org\\\/blog\\\/index.php\\\/2024\\\/06\\\/12\\\/dia-mundial-contra-el-trabajo-infantil-por-una-infancia-plena-y-libre-de-explotacion\\\/\",\"name\":\"D\u00eda Mundial contra el Trabajo Infantil: por una infancia plena y libre de explotaci\u00f3n. - Blog de Rafael Ram\u00edrez\",\"isPartOf\":{\"@id\":\"https:\\\/\\\/rafaramirez.org\\\/blog\\\/#website\"},\"primaryImageOfPage\":{\"@id\":\"https:\\\/\\\/rafaramirez.org\\\/blog\\\/index.php\\\/2024\\\/06\\\/12\\\/dia-mundial-contra-el-trabajo-infantil-por-una-infancia-plena-y-libre-de-explotacion\\\/#primaryimage\"},\"image\":{\"@id\":\"https:\\\/\\\/rafaramirez.org\\\/blog\\\/index.php\\\/2024\\\/06\\\/12\\\/dia-mundial-contra-el-trabajo-infantil-por-una-infancia-plena-y-libre-de-explotacion\\\/#primaryimage\"},\"thumbnailUrl\":\"https:\\\/\\\/rafaramirez.org\\\/blog\\\/wp-content\\\/uploads\\\/2024\\\/06\\\/dia_mundial_contra_el_trabajo_infantil_banner.jpg\",\"datePublished\":\"2024-06-12T06:15:58+00:00\",\"breadcrumb\":{\"@id\":\"https:\\\/\\\/rafaramirez.org\\\/blog\\\/index.php\\\/2024\\\/06\\\/12\\\/dia-mundial-contra-el-trabajo-infantil-por-una-infancia-plena-y-libre-de-explotacion\\\/#breadcrumb\"},\"inLanguage\":\"es\",\"potentialAction\":[{\"@type\":\"ReadAction\",\"target\":[\"https:\\\/\\\/rafaramirez.org\\\/blog\\\/index.php\\\/2024\\\/06\\\/12\\\/dia-mundial-contra-el-trabajo-infantil-por-una-infancia-plena-y-libre-de-explotacion\\\/\"]}]},{\"@type\":\"ImageObject\",\"inLanguage\":\"es\",\"@id\":\"https:\\\/\\\/rafaramirez.org\\\/blog\\\/index.php\\\/2024\\\/06\\\/12\\\/dia-mundial-contra-el-trabajo-infantil-por-una-infancia-plena-y-libre-de-explotacion\\\/#primaryimage\",\"url\":\"https:\\\/\\\/rafaramirez.org\\\/blog\\\/wp-content\\\/uploads\\\/2024\\\/06\\\/dia_mundial_contra_el_trabajo_infantil_banner.jpg\",\"contentUrl\":\"https:\\\/\\\/rafaramirez.org\\\/blog\\\/wp-content\\\/uploads\\\/2024\\\/06\\\/dia_mundial_contra_el_trabajo_infantil_banner.jpg\",\"width\":750,\"height\":499,\"caption\":\"D\u00eda Mundial contra el Trabajo Infantil. 12 de junio. Blog de Rafael Ram\u00edrez.\"},{\"@type\":\"BreadcrumbList\",\"@id\":\"https:\\\/\\\/rafaramirez.org\\\/blog\\\/index.php\\\/2024\\\/06\\\/12\\\/dia-mundial-contra-el-trabajo-infantil-por-una-infancia-plena-y-libre-de-explotacion\\\/#breadcrumb\",\"itemListElement\":[{\"@type\":\"ListItem\",\"position\":1,\"name\":\"Portada\",\"item\":\"https:\\\/\\\/rafaramirez.org\\\/blog\\\/\"},{\"@type\":\"ListItem\",\"position\":2,\"name\":\"D\u00eda Mundial contra el Trabajo Infantil: por una infancia plena y libre de explotaci\u00f3n.\"}]},{\"@type\":\"WebSite\",\"@id\":\"https:\\\/\\\/rafaramirez.org\\\/blog\\\/#website\",\"url\":\"https:\\\/\\\/rafaramirez.org\\\/blog\\\/\",\"name\":\"Blog de Rafael Ram\u00edrez\",\"description\":\"Un sitio social, de arte y cultura\",\"publisher\":{\"@id\":\"https:\\\/\\\/rafaramirez.org\\\/blog\\\/#\\\/schema\\\/person\\\/50f43b6d60c578760d4c17bda54ab6a5\"},\"potentialAction\":[{\"@type\":\"SearchAction\",\"target\":{\"@type\":\"EntryPoint\",\"urlTemplate\":\"https:\\\/\\\/rafaramirez.org\\\/blog\\\/?s={search_term_string}\"},\"query-input\":{\"@type\":\"PropertyValueSpecification\",\"valueRequired\":true,\"valueName\":\"search_term_string\"}}],\"inLanguage\":\"es\"},{\"@type\":[\"Person\",\"Organization\"],\"@id\":\"https:\\\/\\\/rafaramirez.org\\\/blog\\\/#\\\/schema\\\/person\\\/50f43b6d60c578760d4c17bda54ab6a5\",\"name\":\"Rafael Ram\u00edrez\",\"image\":{\"@type\":\"ImageObject\",\"inLanguage\":\"es\",\"@id\":\"https:\\\/\\\/rafaramirez.org\\\/blog\\\/wp-content\\\/uploads\\\/2024\\\/09\\\/RR_socialnetwork.jpg\",\"url\":\"https:\\\/\\\/rafaramirez.org\\\/blog\\\/wp-content\\\/uploads\\\/2024\\\/09\\\/RR_socialnetwork.jpg\",\"contentUrl\":\"https:\\\/\\\/rafaramirez.org\\\/blog\\\/wp-content\\\/uploads\\\/2024\\\/09\\\/RR_socialnetwork.jpg\",\"width\":600,\"height\":606,\"caption\":\"Rafael Ram\u00edrez\"},\"logo\":{\"@id\":\"https:\\\/\\\/rafaramirez.org\\\/blog\\\/wp-content\\\/uploads\\\/2024\\\/09\\\/RR_socialnetwork.jpg\"},\"sameAs\":[\"https:\\\/\\\/www.rafaramirez.org\\\/blog\",\"https:\\\/\\\/www.instagram.com\\\/rafaramirez_ok\\\/\",\"https:\\\/\\\/es.pinterest.com\\\/Ramirez_Rafa\\\/\",\"https:\\\/\\\/x.com\\\/rafaramirez_ok\"],\"url\":\"https:\\\/\\\/rafaramirez.org\\\/blog\\\/index.php\\\/author\\\/rafaell_qm6j97da\\\/\"}]}<\/script>\n<!-- \/ Yoast SEO plugin. -->","yoast_head_json":{"title":"D\u00eda Mundial contra el Trabajo Infantil: por una infancia plena y libre de explotaci\u00f3n. - Blog de Rafael Ram\u00edrez","robots":{"index":"index","follow":"follow","max-snippet":"max-snippet:-1","max-image-preview":"max-image-preview:large","max-video-preview":"max-video-preview:-1"},"canonical":"https:\/\/rafaramirez.org\/blog\/index.php\/2024\/06\/12\/dia-mundial-contra-el-trabajo-infantil-por-una-infancia-plena-y-libre-de-explotacion\/","og_locale":"es_ES","og_type":"article","og_title":"D\u00eda Mundial contra el Trabajo Infantil: por una infancia plena y libre de explotaci\u00f3n. - Blog de Rafael Ram\u00edrez","og_description":"El D\u00eda Mundial contra el Trabajo Infantil se celebra cada a\u00f1o el 12 de junio desde el a\u00f1o 2002, con el objetivo de crear conciencia sobre la magnitud del problema del trabajo infantil y unir esfuerzos para erradicarlo. La iniciativa fue establecida por la Organizaci\u00f3n Internacional del Trabajo (OIT), y cada a\u00f1o se centra en [&hellip;]","og_url":"https:\/\/rafaramirez.org\/blog\/index.php\/2024\/06\/12\/dia-mundial-contra-el-trabajo-infantil-por-una-infancia-plena-y-libre-de-explotacion\/","og_site_name":"Blog de Rafael Ram\u00edrez","article_published_time":"2024-06-12T06:15:58+00:00","og_image":[{"width":750,"height":499,"url":"https:\/\/rafaramirez.org\/blog\/wp-content\/uploads\/2024\/06\/dia_mundial_contra_el_trabajo_infantil_banner.jpg","type":"image\/jpeg"}],"author":"Rafael Ram\u00edrez","twitter_card":"summary_large_image","twitter_creator":"@rafaramirez_ok","twitter_site":"@rafaramirez_ok","twitter_misc":{"Escrito por":"Rafael Ram\u00edrez","Tiempo de lectura":"2 minutos"},"schema":{"@context":"https:\/\/schema.org","@graph":[{"@type":"Article","@id":"https:\/\/rafaramirez.org\/blog\/index.php\/2024\/06\/12\/dia-mundial-contra-el-trabajo-infantil-por-una-infancia-plena-y-libre-de-explotacion\/#article","isPartOf":{"@id":"https:\/\/rafaramirez.org\/blog\/index.php\/2024\/06\/12\/dia-mundial-contra-el-trabajo-infantil-por-una-infancia-plena-y-libre-de-explotacion\/"},"author":{"name":"Rafael Ram\u00edrez","@id":"https:\/\/rafaramirez.org\/blog\/#\/schema\/person\/50f43b6d60c578760d4c17bda54ab6a5"},"headline":"D\u00eda Mundial contra el Trabajo Infantil: por una infancia plena y libre de explotaci\u00f3n.","datePublished":"2024-06-12T06:15:58+00:00","mainEntityOfPage":{"@id":"https:\/\/rafaramirez.org\/blog\/index.php\/2024\/06\/12\/dia-mundial-contra-el-trabajo-infantil-por-una-infancia-plena-y-libre-de-explotacion\/"},"wordCount":480,"commentCount":0,"publisher":{"@id":"https:\/\/rafaramirez.org\/blog\/#\/schema\/person\/50f43b6d60c578760d4c17bda54ab6a5"},"image":{"@id":"https:\/\/rafaramirez.org\/blog\/index.php\/2024\/06\/12\/dia-mundial-contra-el-trabajo-infantil-por-una-infancia-plena-y-libre-de-explotacion\/#primaryimage"},"thumbnailUrl":"https:\/\/rafaramirez.org\/blog\/wp-content\/uploads\/2024\/06\/dia_mundial_contra_el_trabajo_infantil_banner.jpg","keywords":["12 de junio","2022","blog de Rafael Ram\u00edrez","construir un futuro","Cumplamos con nuestros compromisos: \u00a1Pongamos fin al trabajo infantil!","derechos de los ni\u00f1os","D\u00eda Mundial contra el Trabajo Infantil","educaci\u00f3n","efem\u00e9rides","erradicaci\u00f3n del trabajo infantil","jornada reivindicativa","luchar contra el trabajo infantil","OIT","Organizaci\u00f3n Internacional del Trabajo","proteger a los ni\u00f1os y ni\u00f1as"],"articleSection":["Efem\u00e9rides","Informe social"],"inLanguage":"es","potentialAction":[{"@type":"CommentAction","name":"Comment","target":["https:\/\/rafaramirez.org\/blog\/index.php\/2024\/06\/12\/dia-mundial-contra-el-trabajo-infantil-por-una-infancia-plena-y-libre-de-explotacion\/#respond"]}]},{"@type":"WebPage","@id":"https:\/\/rafaramirez.org\/blog\/index.php\/2024\/06\/12\/dia-mundial-contra-el-trabajo-infantil-por-una-infancia-plena-y-libre-de-explotacion\/","url":"https:\/\/rafaramirez.org\/blog\/index.php\/2024\/06\/12\/dia-mundial-contra-el-trabajo-infantil-por-una-infancia-plena-y-libre-de-explotacion\/","name":"D\u00eda Mundial contra el Trabajo Infantil: por una infancia plena y libre de explotaci\u00f3n. - Blog de Rafael Ram\u00edrez","isPartOf":{"@id":"https:\/\/rafaramirez.org\/blog\/#website"},"primaryImageOfPage":{"@id":"https:\/\/rafaramirez.org\/blog\/index.php\/2024\/06\/12\/dia-mundial-contra-el-trabajo-infantil-por-una-infancia-plena-y-libre-de-explotacion\/#primaryimage"},"image":{"@id":"https:\/\/rafaramirez.org\/blog\/index.php\/2024\/06\/12\/dia-mundial-contra-el-trabajo-infantil-por-una-infancia-plena-y-libre-de-explotacion\/#primaryimage"},"thumbnailUrl":"https:\/\/rafaramirez.org\/blog\/wp-content\/uploads\/2024\/06\/dia_mundial_contra_el_trabajo_infantil_banner.jpg","datePublished":"2024-06-12T06:15:58+00:00","breadcrumb":{"@id":"https:\/\/rafaramirez.org\/blog\/index.php\/2024\/06\/12\/dia-mundial-contra-el-trabajo-infantil-por-una-infancia-plena-y-libre-de-explotacion\/#breadcrumb"},"inLanguage":"es","potentialAction":[{"@type":"ReadAction","target":["https:\/\/rafaramirez.org\/blog\/index.php\/2024\/06\/12\/dia-mundial-contra-el-trabajo-infantil-por-una-infancia-plena-y-libre-de-explotacion\/"]}]},{"@type":"ImageObject","inLanguage":"es","@id":"https:\/\/rafaramirez.org\/blog\/index.php\/2024\/06\/12\/dia-mundial-contra-el-trabajo-infantil-por-una-infancia-plena-y-libre-de-explotacion\/#primaryimage","url":"https:\/\/rafaramirez.org\/blog\/wp-content\/uploads\/2024\/06\/dia_mundial_contra_el_trabajo_infantil_banner.jpg","contentUrl":"https:\/\/rafaramirez.org\/blog\/wp-content\/uploads\/2024\/06\/dia_mundial_contra_el_trabajo_infantil_banner.jpg","width":750,"height":499,"caption":"D\u00eda Mundial contra el Trabajo Infantil. 12 de junio. Blog de Rafael Ram\u00edrez."},{"@type":"BreadcrumbList","@id":"https:\/\/rafaramirez.org\/blog\/index.php\/2024\/06\/12\/dia-mundial-contra-el-trabajo-infantil-por-una-infancia-plena-y-libre-de-explotacion\/#breadcrumb","itemListElement":[{"@type":"ListItem","position":1,"name":"Portada","item":"https:\/\/rafaramirez.org\/blog\/"},{"@type":"ListItem","position":2,"name":"D\u00eda Mundial contra el Trabajo Infantil: por una infancia plena y libre de explotaci\u00f3n."}]},{"@type":"WebSite","@id":"https:\/\/rafaramirez.org\/blog\/#website","url":"https:\/\/rafaramirez.org\/blog\/","name":"Blog de Rafael Ram\u00edrez","description":"Un sitio social, de arte y cultura","publisher":{"@id":"https:\/\/rafaramirez.org\/blog\/#\/schema\/person\/50f43b6d60c578760d4c17bda54ab6a5"},"potentialAction":[{"@type":"SearchAction","target":{"@type":"EntryPoint","urlTemplate":"https:\/\/rafaramirez.org\/blog\/?s={search_term_string}"},"query-input":{"@type":"PropertyValueSpecification","valueRequired":true,"valueName":"search_term_string"}}],"inLanguage":"es"},{"@type":["Person","Organization"],"@id":"https:\/\/rafaramirez.org\/blog\/#\/schema\/person\/50f43b6d60c578760d4c17bda54ab6a5","name":"Rafael Ram\u00edrez","image":{"@type":"ImageObject","inLanguage":"es","@id":"https:\/\/rafaramirez.org\/blog\/wp-content\/uploads\/2024\/09\/RR_socialnetwork.jpg","url":"https:\/\/rafaramirez.org\/blog\/wp-content\/uploads\/2024\/09\/RR_socialnetwork.jpg","contentUrl":"https:\/\/rafaramirez.org\/blog\/wp-content\/uploads\/2024\/09\/RR_socialnetwork.jpg","width":600,"height":606,"caption":"Rafael Ram\u00edrez"},"logo":{"@id":"https:\/\/rafaramirez.org\/blog\/wp-content\/uploads\/2024\/09\/RR_socialnetwork.jpg"},"sameAs":["https:\/\/www.rafaramirez.org\/blog","https:\/\/www.instagram.com\/rafaramirez_ok\/","https:\/\/es.pinterest.com\/Ramirez_Rafa\/","https:\/\/x.com\/rafaramirez_ok"],"url":"https:\/\/rafaramirez.org\/blog\/index.php\/author\/rafaell_qm6j97da\/"}]}},"jetpack_publicize_connections":[],"jetpack_sharing_enabled":true,"jetpack_likes_enabled":true,"jetpack_featured_media_url":"https:\/\/rafaramirez.org\/blog\/wp-content\/uploads\/2024\/06\/dia_mundial_contra_el_trabajo_infantil_banner.jpg","_links":{"self":[{"href":"https:\/\/rafaramirez.org\/blog\/index.php\/wp-json\/wp\/v2\/posts\/4726","targetHints":{"allow":["GET"]}}],"collection":[{"href":"https:\/\/rafaramirez.org\/blog\/index.php\/wp-json\/wp\/v2\/posts"}],"about":[{"href":"https:\/\/rafaramirez.org\/blog\/index.php\/wp-json\/wp\/v2\/types\/post"}],"author":[{"embeddable":true,"href":"https:\/\/rafaramirez.org\/blog\/index.php\/wp-json\/wp\/v2\/users\/1"}],"replies":[{"embeddable":true,"href":"https:\/\/rafaramirez.org\/blog\/index.php\/wp-json\/wp\/v2\/comments?post=4726"}],"version-history":[{"count":6,"href":"https:\/\/rafaramirez.org\/blog\/index.php\/wp-json\/wp\/v2\/posts\/4726\/revisions"}],"predecessor-version":[{"id":4736,"href":"https:\/\/rafaramirez.org\/blog\/index.php\/wp-json\/wp\/v2\/posts\/4726\/revisions\/4736"}],"wp:featuredmedia":[{"embeddable":true,"href":"https:\/\/rafaramirez.org\/blog\/index.php\/wp-json\/wp\/v2\/media\/4732"}],"wp:attachment":[{"href":"https:\/\/rafaramirez.org\/blog\/index.php\/wp-json\/wp\/v2\/media?parent=4726"}],"wp:term":[{"taxonomy":"category","embeddable":true,"href":"https:\/\/rafaramirez.org\/blog\/index.php\/wp-json\/wp\/v2\/categories?post=4726"},{"taxonomy":"post_tag","embeddable":true,"href":"https:\/\/rafaramirez.org\/blog\/index.php\/wp-json\/wp\/v2\/tags?post=4726"}],"curies":[{"name":"wp","href":"https:\/\/api.w.org\/{rel}","templated":true}]}}