{"id":4678,"date":"2024-06-07T08:23:34","date_gmt":"2024-06-07T06:23:34","guid":{"rendered":"https:\/\/rafaramirez.org\/blog\/?p=4678"},"modified":"2024-06-07T08:23:34","modified_gmt":"2024-06-07T06:23:34","slug":"dia-mundial-de-los-oceanos-la-importancia-de-la-accion-colectiva-para-protegerlos","status":"publish","type":"post","link":"https:\/\/rafaramirez.org\/blog\/index.php\/2024\/06\/07\/dia-mundial-de-los-oceanos-la-importancia-de-la-accion-colectiva-para-protegerlos\/","title":{"rendered":"D\u00eda Mundial de los Oc\u00e9anos: la importancia de la acci\u00f3n colectiva para protegerlos."},"content":{"rendered":"<p data-sourcepos=\"1:1-1:239\"><strong>El D\u00eda Mundial de los Oc\u00e9anos<\/strong> se celebra cada a\u00f1o el <strong>8 de junio<\/strong> desde el a\u00f1o 2008, establecido por la Asamblea General de las Naciones Unidas. Su objetivo es <strong>concienciar<\/strong> sobre la importancia de los oc\u00e9anos para nuestro planeta.<\/p>\n<p data-sourcepos=\"3:1-3:41\"><strong>\u00bfPor qu\u00e9 son importantes los oc\u00e9anos?<\/strong><\/p>\n<ul data-sourcepos=\"5:1-10:0\">\n<li data-sourcepos=\"5:1-5:90\"><strong>Son los pulmones de nuestro planeta:<\/strong> Producen el <strong>50% del ox\u00edgeno<\/strong> que respiramos.<\/li>\n<li data-sourcepos=\"6:1-6:82\"><strong>Regulan el clima:<\/strong> Absorben el <strong>30% del di\u00f3xido de carbono<\/strong> que producimos.<\/li>\n<li data-sourcepos=\"7:1-7:101\"><strong>Son una fuente de alimento:<\/strong> Proporcionan <strong>prote\u00ednas<\/strong> a m\u00e1s de <strong>3.000 millones de personas<\/strong>.<\/li>\n<li data-sourcepos=\"8:1-8:96\"><strong>Son fundamentales para la biodiversidad:<\/strong> Albergan <strong>m\u00e1s del 80% de las especies<\/strong> acu\u00e1ticas del planeta.<\/li>\n<li data-sourcepos=\"9:1-10:0\"><strong>Generan empleo:<\/strong> Se estima que <strong>m\u00e1s de 40 millones de personas<\/strong> trabajan en sectores relacionados con los oc\u00e9anos.<\/li>\n<\/ul>\n<p style=\"text-align: center;\"><a href=\"https:\/\/rafaramirez.org\/blog\/wp-content\/uploads\/2024\/06\/dia_mundial_oceanos_2.jpg\" target=\"_blank\" rel=\"noopener\"><img loading=\"lazy\" decoding=\"async\" class=\"aligncenter wp-image-4681 size-medium\" src=\"https:\/\/rafaramirez.org\/blog\/wp-content\/uploads\/2024\/06\/dia_mundial_oceanos_2-300x189.jpg\" alt=\"D\u00eda Mundial de los Oc\u00e9anos. Blog de Rafael Ram\u00edrez.\" width=\"300\" height=\"189\" srcset=\"https:\/\/rafaramirez.org\/blog\/wp-content\/uploads\/2024\/06\/dia_mundial_oceanos_2-300x189.jpg 300w, https:\/\/rafaramirez.org\/blog\/wp-content\/uploads\/2024\/06\/dia_mundial_oceanos_2-1024x645.jpg 1024w, https:\/\/rafaramirez.org\/blog\/wp-content\/uploads\/2024\/06\/dia_mundial_oceanos_2-768x483.jpg 768w, https:\/\/rafaramirez.org\/blog\/wp-content\/uploads\/2024\/06\/dia_mundial_oceanos_2-1536x967.jpg 1536w, https:\/\/rafaramirez.org\/blog\/wp-content\/uploads\/2024\/06\/dia_mundial_oceanos_2.jpg 2000w\" sizes=\"auto, (max-width: 300px) 100vw, 300px\" \/><\/a><\/p>\n<p data-sourcepos=\"11:1-11:40\"><strong>\u00bfQu\u00e9 amenazas enfrentan los oc\u00e9anos?<\/strong><\/p>\n<ul data-sourcepos=\"13:1-17:0\">\n<li data-sourcepos=\"13:1-13:120\"><strong>Contaminaci\u00f3n:<\/strong> La basura, los productos qu\u00edmicos y los derrames de petr\u00f3leo est\u00e1n da\u00f1ando los ecosistemas marinos.<\/li>\n<li data-sourcepos=\"14:1-14:86\"><strong>Sobrepesca:<\/strong> La pesca excesiva est\u00e1 poniendo en peligro las poblaciones de peces.<\/li>\n<li data-sourcepos=\"15:1-15:143\"><strong>Temperatura:<\/strong> El aumento de la temperatura del agua y la acidificaci\u00f3n del oc\u00e9ano est\u00e1n da\u00f1ando los corales y otras especies.<\/li>\n<li data-sourcepos=\"16:1-17:0\"><strong>P\u00e9rdida de h\u00e1bitat:<\/strong> La destrucci\u00f3n de manglares y otros h\u00e1bitats costeros est\u00e1 amenazando a las especies marinas.<\/li>\n<\/ul>\n<p style=\"text-align: center;\"><a href=\"https:\/\/rafaramirez.org\/blog\/wp-content\/uploads\/2024\/06\/dia_mundial_oceanos_1.jpg\" target=\"_blank\" rel=\"noopener\"><img loading=\"lazy\" decoding=\"async\" class=\"aligncenter wp-image-4683 size-medium\" src=\"https:\/\/rafaramirez.org\/blog\/wp-content\/uploads\/2024\/06\/dia_mundial_oceanos_1-300x169.jpg\" alt=\"D\u00eda Mundial de los Oc\u00e9anos. Blog de Rafael Ram\u00edrez.\" width=\"300\" height=\"169\" srcset=\"https:\/\/rafaramirez.org\/blog\/wp-content\/uploads\/2024\/06\/dia_mundial_oceanos_1-300x169.jpg 300w, https:\/\/rafaramirez.org\/blog\/wp-content\/uploads\/2024\/06\/dia_mundial_oceanos_1-1024x576.jpg 1024w, https:\/\/rafaramirez.org\/blog\/wp-content\/uploads\/2024\/06\/dia_mundial_oceanos_1-768x432.jpg 768w, https:\/\/rafaramirez.org\/blog\/wp-content\/uploads\/2024\/06\/dia_mundial_oceanos_1-1536x864.jpg 1536w, https:\/\/rafaramirez.org\/blog\/wp-content\/uploads\/2024\/06\/dia_mundial_oceanos_1.jpg 2000w\" sizes=\"auto, (max-width: 300px) 100vw, 300px\" \/><\/a><\/p>\n<p data-sourcepos=\"18:1-18:49\"><strong>\u00bfQu\u00e9 podemos hacer para proteger los oc\u00e9anos?<\/strong><\/p>\n<ul data-sourcepos=\"20:1-24:0\">\n<li data-sourcepos=\"20:1-20:120\"><strong>Reducir nuestro consumo de pl\u00e1stico:<\/strong> Evitar el uso de pl\u00e1sticos de un solo uso y reciclar siempre que sea posible.<\/li>\n<li data-sourcepos=\"21:1-21:126\"><strong>Comer pescado de manera responsable:<\/strong> Elegir especies sostenibles y evitar el consumo de pescado en peligro de extinci\u00f3n.<\/li>\n<li data-sourcepos=\"22:1-22:167\"><strong>Apoyar a las organizaciones que trabajan para proteger los oc\u00e9anos:<\/strong> En la medida de nuestras posibilidades, apoyar econ\u00f3micamente o ser voluntario en organizaciones que trabajan para conservar los ecosistemas marinos.<\/li>\n<li data-sourcepos=\"23:1-24:0\"><strong>Ense\u00f1ar a los dem\u00e1s sobre la importancia de los oc\u00e9anos:<\/strong> Compartir informaci\u00f3n sobre las amenazas que enfrentan los oc\u00e9anos y lo que podemos hacer para protegerlos.<\/li>\n<\/ul>\n<p style=\"text-align: center;\"><a href=\"https:\/\/rafaramirez.org\/blog\/wp-content\/uploads\/2024\/06\/dia_mundial_oceanos_3.jpg\" target=\"_blank\" rel=\"noopener\"><img loading=\"lazy\" decoding=\"async\" class=\"aligncenter wp-image-4684 size-medium\" src=\"https:\/\/rafaramirez.org\/blog\/wp-content\/uploads\/2024\/06\/dia_mundial_oceanos_3-300x200.jpg\" alt=\"D\u00eda Mundial de los Oc\u00e9anos. Blog de Rafael Ram\u00edrez.\" width=\"300\" height=\"200\" srcset=\"https:\/\/rafaramirez.org\/blog\/wp-content\/uploads\/2024\/06\/dia_mundial_oceanos_3-300x200.jpg 300w, https:\/\/rafaramirez.org\/blog\/wp-content\/uploads\/2024\/06\/dia_mundial_oceanos_3-768x512.jpg 768w, https:\/\/rafaramirez.org\/blog\/wp-content\/uploads\/2024\/06\/dia_mundial_oceanos_3.jpg 1000w\" sizes=\"auto, (max-width: 300px) 100vw, 300px\" \/><\/a><\/p>\n<p data-sourcepos=\"25:1-25:319\"><strong>El tema del D\u00eda Mundial de los Oc\u00e9anos 2024 es \u00abRevitalizar los oc\u00e9anos: para un futuro sostenible\u00bb.<\/strong> Este a\u00f1o, la ONU se centrar\u00e1 en la importancia de la <strong>acci\u00f3n colectiva<\/strong> para proteger los oc\u00e9anos. Todos tenemos un papel que desempe\u00f1ar para garantizar la salud de nuestros oc\u00e9anos para las generaciones futuras.<\/p>\n<p data-sourcepos=\"25:1-25:319\"><strong>Espero que esta informaci\u00f3n te haya sido \u00fatil y ayudado a comprender un poco m\u00e1s de la importancia de nuestros oc\u00e9anos, su conservaci\u00f3n y su regeneraci\u00f3n. Como siempre puedes dejar tus comentarios debajo del post \u00a1Saludos!<\/strong><\/p>\n<p data-sourcepos=\"27:1-27:104\">M\u00e1s informaci\u00f3n:<\/p>\n<ul data-sourcepos=\"29:1-33:0\">\n<li data-sourcepos=\"29:1-29:120\"><a href=\"https:\/\/www.un.org\/es\/observances\/oceans-day\" target=\"_blank\" rel=\"noopener\"><strong>Sitio web del D\u00eda Mundial de los Oc\u00e9anos de la ONU <\/strong>(Espa\u00f1ol)<\/a><\/li>\n<li data-sourcepos=\"29:1-29:120\"><a href=\"https:\/\/unworldoceansday.org\/\" target=\"_blank\" rel=\"noopener\"><strong>Sitio web del D\u00eda Mundial de los Oc\u00e9anos de la ONU <\/strong>(Ingl\u00e9s)<\/a>.<\/li>\n<li data-sourcepos=\"30:1-30:77\"><a href=\"https:\/\/oceandecade.org\/\" target=\"_blank\" rel=\"noopener\"><strong>The Ocean Decade <\/strong>(Ingl\u00e9s)<\/a>.<\/li>\n<li data-sourcepos=\"31:1-31:149\"><a href=\"https:\/\/www.nationalgeographic.es\/ciencia\/oceanos\" target=\"_blank\" rel=\"noopener\"><strong>National Geographic Oc\u00e9anos <\/strong>(Espa\u00f1ol)<\/a>.<strong>\u00a0<\/strong><\/li>\n<\/ul>\n","protected":false},"excerpt":{"rendered":"<p>El D\u00eda Mundial de los Oc\u00e9anos se celebra cada a\u00f1o el 8 de junio desde el a\u00f1o 2008, establecido por la Asamblea General de las Naciones Unidas. Su objetivo es concienciar sobre la importancia de los oc\u00e9anos para nuestro planeta. \u00bfPor qu\u00e9 son importantes los oc\u00e9anos? Son los pulmones de nuestro planeta: Producen el 50% [&hellip;]<\/p>\n","protected":false},"author":1,"featured_media":4680,"comment_status":"open","ping_status":"closed","sticky":false,"template":"","format":"standard","meta":{"site-container-style":"default","site-container-layout":"default","site-sidebar-layout":"default","disable-article-header":"default","disable-site-header":"default","disable-site-footer":"default","disable-content-area-spacing":"default","_jetpack_newsletter_access":"","_jetpack_dont_email_post_to_subs":false,"_jetpack_newsletter_tier_id":0,"_jetpack_memberships_contains_paywalled_content":false,"_jetpack_feature_clip_id":0,"_jetpack_memberships_contains_paid_content":false,"footnotes":"","jetpack_publicize_message":"","jetpack_publicize_feature_enabled":true,"jetpack_social_post_already_shared":false,"jetpack_social_options":{"image_generator_settings":{"template":"highway","default_image_id":0,"font":"","enabled":false},"version":2},"jetpack_post_was_ever_published":false},"categories":[1291],"tags":[1499,2351,2358,1713,2353,68,2341,2352,2346,2343,2339,2355,2348,2338,2344,2356,1323,2349,2350,1702,2342,2357,2354,2347,2345,2340],"class_list":["post-4678","post","type-post","status-publish","format-standard","has-post-thumbnail","hentry","category-efemerides","tag-1499","tag-8-de-junio","tag-acidificacion","tag-asamblea-general-de-las-naciones-unidas","tag-basura","tag-blog-de-rafael-ramirez","tag-cambio-climatico","tag-concienciar","tag-conservacion","tag-consumo-de-plastico","tag-contaminacion","tag-derrames-de-petroleo","tag-dia-destacado","tag-dia-mundial-de-los-oceanos","tag-dia-mundial-de-los-oceanos-2024","tag-ecosistemas-marinos","tag-efemerides","tag-mares","tag-oceanos","tag-onu","tag-perdida-de-habitat","tag-pesca-excesiva","tag-productos-quimicos","tag-regeneracion","tag-revitalizar-los-oceanos-para-un-futuro-sostenible","tag-sobrepesca"],"yoast_head":"<!-- This site is optimized with the Yoast SEO plugin v28.4 - https:\/\/yoast.com\/product\/yoast-seo-wordpress\/ -->\n<title>D\u00eda Mundial de los Oc\u00e9anos: la importancia de la acci\u00f3n colectiva para protegerlos. - Blog de Rafael Ram\u00edrez<\/title>\n<meta name=\"robots\" content=\"index, follow, max-snippet:-1, max-image-preview:large, max-video-preview:-1\" \/>\n<link rel=\"canonical\" href=\"https:\/\/rafaramirez.org\/blog\/index.php\/2024\/06\/07\/dia-mundial-de-los-oceanos-la-importancia-de-la-accion-colectiva-para-protegerlos\/\" \/>\n<meta property=\"og:locale\" content=\"es_ES\" \/>\n<meta property=\"og:type\" content=\"article\" \/>\n<meta property=\"og:title\" content=\"D\u00eda Mundial de los Oc\u00e9anos: la importancia de la acci\u00f3n colectiva para protegerlos. - Blog de Rafael Ram\u00edrez\" \/>\n<meta property=\"og:description\" content=\"El D\u00eda Mundial de los Oc\u00e9anos se celebra cada a\u00f1o el 8 de junio desde el a\u00f1o 2008, establecido por la Asamblea General de las Naciones Unidas. Su objetivo es concienciar sobre la importancia de los oc\u00e9anos para nuestro planeta. \u00bfPor qu\u00e9 son importantes los oc\u00e9anos? Son los pulmones de nuestro planeta: Producen el 50% [&hellip;]\" \/>\n<meta property=\"og:url\" content=\"https:\/\/rafaramirez.org\/blog\/index.php\/2024\/06\/07\/dia-mundial-de-los-oceanos-la-importancia-de-la-accion-colectiva-para-protegerlos\/\" \/>\n<meta property=\"og:site_name\" content=\"Blog de Rafael Ram\u00edrez\" \/>\n<meta property=\"article:published_time\" content=\"2024-06-07T06:23:34+00:00\" \/>\n<meta property=\"og:image\" content=\"https:\/\/rafaramirez.org\/blog\/wp-content\/uploads\/2024\/06\/dia_mundial_oceanos_banner.jpg\" \/>\n\t<meta property=\"og:image:width\" content=\"750\" \/>\n\t<meta property=\"og:image:height\" content=\"513\" \/>\n\t<meta property=\"og:image:type\" content=\"image\/jpeg\" \/>\n<meta name=\"author\" content=\"Rafael Ram\u00edrez\" \/>\n<meta name=\"twitter:card\" content=\"summary_large_image\" \/>\n<meta name=\"twitter:creator\" content=\"@rafaramirez_ok\" \/>\n<meta name=\"twitter:site\" content=\"@rafaramirez_ok\" \/>\n<meta name=\"twitter:label1\" content=\"Escrito por\" \/>\n\t<meta name=\"twitter:data1\" content=\"Rafael Ram\u00edrez\" \/>\n\t<meta name=\"twitter:label2\" content=\"Tiempo de lectura\" \/>\n\t<meta name=\"twitter:data2\" content=\"2 minutos\" \/>\n<script type=\"application\/ld+json\" class=\"yoast-schema-graph\">{\"@context\":\"https:\\\/\\\/schema.org\",\"@graph\":[{\"@type\":\"Article\",\"@id\":\"https:\\\/\\\/rafaramirez.org\\\/blog\\\/index.php\\\/2024\\\/06\\\/07\\\/dia-mundial-de-los-oceanos-la-importancia-de-la-accion-colectiva-para-protegerlos\\\/#article\",\"isPartOf\":{\"@id\":\"https:\\\/\\\/rafaramirez.org\\\/blog\\\/index.php\\\/2024\\\/06\\\/07\\\/dia-mundial-de-los-oceanos-la-importancia-de-la-accion-colectiva-para-protegerlos\\\/\"},\"author\":{\"name\":\"Rafael Ram\u00edrez\",\"@id\":\"https:\\\/\\\/rafaramirez.org\\\/blog\\\/#\\\/schema\\\/person\\\/50f43b6d60c578760d4c17bda54ab6a5\"},\"headline\":\"D\u00eda Mundial de los Oc\u00e9anos: la importancia de la acci\u00f3n colectiva para protegerlos.\",\"datePublished\":\"2024-06-07T06:23:34+00:00\",\"mainEntityOfPage\":{\"@id\":\"https:\\\/\\\/rafaramirez.org\\\/blog\\\/index.php\\\/2024\\\/06\\\/07\\\/dia-mundial-de-los-oceanos-la-importancia-de-la-accion-colectiva-para-protegerlos\\\/\"},\"wordCount\":481,\"commentCount\":0,\"publisher\":{\"@id\":\"https:\\\/\\\/rafaramirez.org\\\/blog\\\/#\\\/schema\\\/person\\\/50f43b6d60c578760d4c17bda54ab6a5\"},\"image\":{\"@id\":\"https:\\\/\\\/rafaramirez.org\\\/blog\\\/index.php\\\/2024\\\/06\\\/07\\\/dia-mundial-de-los-oceanos-la-importancia-de-la-accion-colectiva-para-protegerlos\\\/#primaryimage\"},\"thumbnailUrl\":\"https:\\\/\\\/rafaramirez.org\\\/blog\\\/wp-content\\\/uploads\\\/2024\\\/06\\\/dia_mundial_oceanos_banner.jpg\",\"keywords\":[\"2008\",\"8 de junio\",\"acidificaci\u00f3n\",\"Asamblea General de las Naciones Unidas\",\"basura\",\"blog de Rafael Ram\u00edrez\",\"Cambio clim\u00e1tico\",\"concienciar\",\"conservaci\u00f3n\",\"consumo de pl\u00e1stico\",\"Contaminaci\u00f3n\",\"derrames de petr\u00f3leo\",\"d\u00eda destacado\",\"D\u00eda Mundial de los Oc\u00e9anos\",\"D\u00eda Mundial de los Oc\u00e9anos 2024\",\"ecosistemas marinos\",\"efem\u00e9rides\",\"mares\",\"oc\u00e9anos\",\"ONU\",\"P\u00e9rdida de h\u00e1bitat\",\"pesca excesiva\",\"productos qu\u00edmicos\",\"regeneraci\u00f3n\",\"Revitalizar los oc\u00e9anos para un futuro sostenible\",\"Sobrepesca\"],\"articleSection\":[\"Efem\u00e9rides\"],\"inLanguage\":\"es\",\"potentialAction\":[{\"@type\":\"CommentAction\",\"name\":\"Comment\",\"target\":[\"https:\\\/\\\/rafaramirez.org\\\/blog\\\/index.php\\\/2024\\\/06\\\/07\\\/dia-mundial-de-los-oceanos-la-importancia-de-la-accion-colectiva-para-protegerlos\\\/#respond\"]}]},{\"@type\":\"WebPage\",\"@id\":\"https:\\\/\\\/rafaramirez.org\\\/blog\\\/index.php\\\/2024\\\/06\\\/07\\\/dia-mundial-de-los-oceanos-la-importancia-de-la-accion-colectiva-para-protegerlos\\\/\",\"url\":\"https:\\\/\\\/rafaramirez.org\\\/blog\\\/index.php\\\/2024\\\/06\\\/07\\\/dia-mundial-de-los-oceanos-la-importancia-de-la-accion-colectiva-para-protegerlos\\\/\",\"name\":\"D\u00eda Mundial de los Oc\u00e9anos: la importancia de la acci\u00f3n colectiva para protegerlos. - Blog de Rafael Ram\u00edrez\",\"isPartOf\":{\"@id\":\"https:\\\/\\\/rafaramirez.org\\\/blog\\\/#website\"},\"primaryImageOfPage\":{\"@id\":\"https:\\\/\\\/rafaramirez.org\\\/blog\\\/index.php\\\/2024\\\/06\\\/07\\\/dia-mundial-de-los-oceanos-la-importancia-de-la-accion-colectiva-para-protegerlos\\\/#primaryimage\"},\"image\":{\"@id\":\"https:\\\/\\\/rafaramirez.org\\\/blog\\\/index.php\\\/2024\\\/06\\\/07\\\/dia-mundial-de-los-oceanos-la-importancia-de-la-accion-colectiva-para-protegerlos\\\/#primaryimage\"},\"thumbnailUrl\":\"https:\\\/\\\/rafaramirez.org\\\/blog\\\/wp-content\\\/uploads\\\/2024\\\/06\\\/dia_mundial_oceanos_banner.jpg\",\"datePublished\":\"2024-06-07T06:23:34+00:00\",\"breadcrumb\":{\"@id\":\"https:\\\/\\\/rafaramirez.org\\\/blog\\\/index.php\\\/2024\\\/06\\\/07\\\/dia-mundial-de-los-oceanos-la-importancia-de-la-accion-colectiva-para-protegerlos\\\/#breadcrumb\"},\"inLanguage\":\"es\",\"potentialAction\":[{\"@type\":\"ReadAction\",\"target\":[\"https:\\\/\\\/rafaramirez.org\\\/blog\\\/index.php\\\/2024\\\/06\\\/07\\\/dia-mundial-de-los-oceanos-la-importancia-de-la-accion-colectiva-para-protegerlos\\\/\"]}]},{\"@type\":\"ImageObject\",\"inLanguage\":\"es\",\"@id\":\"https:\\\/\\\/rafaramirez.org\\\/blog\\\/index.php\\\/2024\\\/06\\\/07\\\/dia-mundial-de-los-oceanos-la-importancia-de-la-accion-colectiva-para-protegerlos\\\/#primaryimage\",\"url\":\"https:\\\/\\\/rafaramirez.org\\\/blog\\\/wp-content\\\/uploads\\\/2024\\\/06\\\/dia_mundial_oceanos_banner.jpg\",\"contentUrl\":\"https:\\\/\\\/rafaramirez.org\\\/blog\\\/wp-content\\\/uploads\\\/2024\\\/06\\\/dia_mundial_oceanos_banner.jpg\",\"width\":750,\"height\":513,\"caption\":\"D\u00eda Mundial de los Oc\u00e9anos. Blog de Rafael Ram\u00edrez.\"},{\"@type\":\"BreadcrumbList\",\"@id\":\"https:\\\/\\\/rafaramirez.org\\\/blog\\\/index.php\\\/2024\\\/06\\\/07\\\/dia-mundial-de-los-oceanos-la-importancia-de-la-accion-colectiva-para-protegerlos\\\/#breadcrumb\",\"itemListElement\":[{\"@type\":\"ListItem\",\"position\":1,\"name\":\"Portada\",\"item\":\"https:\\\/\\\/rafaramirez.org\\\/blog\\\/\"},{\"@type\":\"ListItem\",\"position\":2,\"name\":\"D\u00eda Mundial de los Oc\u00e9anos: la importancia de la acci\u00f3n colectiva para protegerlos.\"}]},{\"@type\":\"WebSite\",\"@id\":\"https:\\\/\\\/rafaramirez.org\\\/blog\\\/#website\",\"url\":\"https:\\\/\\\/rafaramirez.org\\\/blog\\\/\",\"name\":\"Blog de Rafael Ram\u00edrez\",\"description\":\"Un sitio social, de arte y cultura\",\"publisher\":{\"@id\":\"https:\\\/\\\/rafaramirez.org\\\/blog\\\/#\\\/schema\\\/person\\\/50f43b6d60c578760d4c17bda54ab6a5\"},\"potentialAction\":[{\"@type\":\"SearchAction\",\"target\":{\"@type\":\"EntryPoint\",\"urlTemplate\":\"https:\\\/\\\/rafaramirez.org\\\/blog\\\/?s={search_term_string}\"},\"query-input\":{\"@type\":\"PropertyValueSpecification\",\"valueRequired\":true,\"valueName\":\"search_term_string\"}}],\"inLanguage\":\"es\"},{\"@type\":[\"Person\",\"Organization\"],\"@id\":\"https:\\\/\\\/rafaramirez.org\\\/blog\\\/#\\\/schema\\\/person\\\/50f43b6d60c578760d4c17bda54ab6a5\",\"name\":\"Rafael Ram\u00edrez\",\"image\":{\"@type\":\"ImageObject\",\"inLanguage\":\"es\",\"@id\":\"https:\\\/\\\/rafaramirez.org\\\/blog\\\/wp-content\\\/uploads\\\/2024\\\/09\\\/RR_socialnetwork.jpg\",\"url\":\"https:\\\/\\\/rafaramirez.org\\\/blog\\\/wp-content\\\/uploads\\\/2024\\\/09\\\/RR_socialnetwork.jpg\",\"contentUrl\":\"https:\\\/\\\/rafaramirez.org\\\/blog\\\/wp-content\\\/uploads\\\/2024\\\/09\\\/RR_socialnetwork.jpg\",\"width\":600,\"height\":606,\"caption\":\"Rafael Ram\u00edrez\"},\"logo\":{\"@id\":\"https:\\\/\\\/rafaramirez.org\\\/blog\\\/wp-content\\\/uploads\\\/2024\\\/09\\\/RR_socialnetwork.jpg\"},\"sameAs\":[\"https:\\\/\\\/www.rafaramirez.org\\\/blog\",\"https:\\\/\\\/www.instagram.com\\\/rafaramirez_ok\\\/\",\"https:\\\/\\\/es.pinterest.com\\\/Ramirez_Rafa\\\/\",\"https:\\\/\\\/x.com\\\/rafaramirez_ok\"],\"url\":\"https:\\\/\\\/rafaramirez.org\\\/blog\\\/index.php\\\/author\\\/rafaell_qm6j97da\\\/\"}]}<\/script>\n<!-- \/ Yoast SEO plugin. -->","yoast_head_json":{"title":"D\u00eda Mundial de los Oc\u00e9anos: la importancia de la acci\u00f3n colectiva para protegerlos. - Blog de Rafael Ram\u00edrez","robots":{"index":"index","follow":"follow","max-snippet":"max-snippet:-1","max-image-preview":"max-image-preview:large","max-video-preview":"max-video-preview:-1"},"canonical":"https:\/\/rafaramirez.org\/blog\/index.php\/2024\/06\/07\/dia-mundial-de-los-oceanos-la-importancia-de-la-accion-colectiva-para-protegerlos\/","og_locale":"es_ES","og_type":"article","og_title":"D\u00eda Mundial de los Oc\u00e9anos: la importancia de la acci\u00f3n colectiva para protegerlos. - Blog de Rafael Ram\u00edrez","og_description":"El D\u00eda Mundial de los Oc\u00e9anos se celebra cada a\u00f1o el 8 de junio desde el a\u00f1o 2008, establecido por la Asamblea General de las Naciones Unidas. Su objetivo es concienciar sobre la importancia de los oc\u00e9anos para nuestro planeta. \u00bfPor qu\u00e9 son importantes los oc\u00e9anos? Son los pulmones de nuestro planeta: Producen el 50% [&hellip;]","og_url":"https:\/\/rafaramirez.org\/blog\/index.php\/2024\/06\/07\/dia-mundial-de-los-oceanos-la-importancia-de-la-accion-colectiva-para-protegerlos\/","og_site_name":"Blog de Rafael Ram\u00edrez","article_published_time":"2024-06-07T06:23:34+00:00","og_image":[{"width":750,"height":513,"url":"https:\/\/rafaramirez.org\/blog\/wp-content\/uploads\/2024\/06\/dia_mundial_oceanos_banner.jpg","type":"image\/jpeg"}],"author":"Rafael Ram\u00edrez","twitter_card":"summary_large_image","twitter_creator":"@rafaramirez_ok","twitter_site":"@rafaramirez_ok","twitter_misc":{"Escrito por":"Rafael Ram\u00edrez","Tiempo de lectura":"2 minutos"},"schema":{"@context":"https:\/\/schema.org","@graph":[{"@type":"Article","@id":"https:\/\/rafaramirez.org\/blog\/index.php\/2024\/06\/07\/dia-mundial-de-los-oceanos-la-importancia-de-la-accion-colectiva-para-protegerlos\/#article","isPartOf":{"@id":"https:\/\/rafaramirez.org\/blog\/index.php\/2024\/06\/07\/dia-mundial-de-los-oceanos-la-importancia-de-la-accion-colectiva-para-protegerlos\/"},"author":{"name":"Rafael Ram\u00edrez","@id":"https:\/\/rafaramirez.org\/blog\/#\/schema\/person\/50f43b6d60c578760d4c17bda54ab6a5"},"headline":"D\u00eda Mundial de los Oc\u00e9anos: la importancia de la acci\u00f3n colectiva para protegerlos.","datePublished":"2024-06-07T06:23:34+00:00","mainEntityOfPage":{"@id":"https:\/\/rafaramirez.org\/blog\/index.php\/2024\/06\/07\/dia-mundial-de-los-oceanos-la-importancia-de-la-accion-colectiva-para-protegerlos\/"},"wordCount":481,"commentCount":0,"publisher":{"@id":"https:\/\/rafaramirez.org\/blog\/#\/schema\/person\/50f43b6d60c578760d4c17bda54ab6a5"},"image":{"@id":"https:\/\/rafaramirez.org\/blog\/index.php\/2024\/06\/07\/dia-mundial-de-los-oceanos-la-importancia-de-la-accion-colectiva-para-protegerlos\/#primaryimage"},"thumbnailUrl":"https:\/\/rafaramirez.org\/blog\/wp-content\/uploads\/2024\/06\/dia_mundial_oceanos_banner.jpg","keywords":["2008","8 de junio","acidificaci\u00f3n","Asamblea General de las Naciones Unidas","basura","blog de Rafael Ram\u00edrez","Cambio clim\u00e1tico","concienciar","conservaci\u00f3n","consumo de pl\u00e1stico","Contaminaci\u00f3n","derrames de petr\u00f3leo","d\u00eda destacado","D\u00eda Mundial de los Oc\u00e9anos","D\u00eda Mundial de los Oc\u00e9anos 2024","ecosistemas marinos","efem\u00e9rides","mares","oc\u00e9anos","ONU","P\u00e9rdida de h\u00e1bitat","pesca excesiva","productos qu\u00edmicos","regeneraci\u00f3n","Revitalizar los oc\u00e9anos para un futuro sostenible","Sobrepesca"],"articleSection":["Efem\u00e9rides"],"inLanguage":"es","potentialAction":[{"@type":"CommentAction","name":"Comment","target":["https:\/\/rafaramirez.org\/blog\/index.php\/2024\/06\/07\/dia-mundial-de-los-oceanos-la-importancia-de-la-accion-colectiva-para-protegerlos\/#respond"]}]},{"@type":"WebPage","@id":"https:\/\/rafaramirez.org\/blog\/index.php\/2024\/06\/07\/dia-mundial-de-los-oceanos-la-importancia-de-la-accion-colectiva-para-protegerlos\/","url":"https:\/\/rafaramirez.org\/blog\/index.php\/2024\/06\/07\/dia-mundial-de-los-oceanos-la-importancia-de-la-accion-colectiva-para-protegerlos\/","name":"D\u00eda Mundial de los Oc\u00e9anos: la importancia de la acci\u00f3n colectiva para protegerlos. - Blog de Rafael Ram\u00edrez","isPartOf":{"@id":"https:\/\/rafaramirez.org\/blog\/#website"},"primaryImageOfPage":{"@id":"https:\/\/rafaramirez.org\/blog\/index.php\/2024\/06\/07\/dia-mundial-de-los-oceanos-la-importancia-de-la-accion-colectiva-para-protegerlos\/#primaryimage"},"image":{"@id":"https:\/\/rafaramirez.org\/blog\/index.php\/2024\/06\/07\/dia-mundial-de-los-oceanos-la-importancia-de-la-accion-colectiva-para-protegerlos\/#primaryimage"},"thumbnailUrl":"https:\/\/rafaramirez.org\/blog\/wp-content\/uploads\/2024\/06\/dia_mundial_oceanos_banner.jpg","datePublished":"2024-06-07T06:23:34+00:00","breadcrumb":{"@id":"https:\/\/rafaramirez.org\/blog\/index.php\/2024\/06\/07\/dia-mundial-de-los-oceanos-la-importancia-de-la-accion-colectiva-para-protegerlos\/#breadcrumb"},"inLanguage":"es","potentialAction":[{"@type":"ReadAction","target":["https:\/\/rafaramirez.org\/blog\/index.php\/2024\/06\/07\/dia-mundial-de-los-oceanos-la-importancia-de-la-accion-colectiva-para-protegerlos\/"]}]},{"@type":"ImageObject","inLanguage":"es","@id":"https:\/\/rafaramirez.org\/blog\/index.php\/2024\/06\/07\/dia-mundial-de-los-oceanos-la-importancia-de-la-accion-colectiva-para-protegerlos\/#primaryimage","url":"https:\/\/rafaramirez.org\/blog\/wp-content\/uploads\/2024\/06\/dia_mundial_oceanos_banner.jpg","contentUrl":"https:\/\/rafaramirez.org\/blog\/wp-content\/uploads\/2024\/06\/dia_mundial_oceanos_banner.jpg","width":750,"height":513,"caption":"D\u00eda Mundial de los Oc\u00e9anos. Blog de Rafael Ram\u00edrez."},{"@type":"BreadcrumbList","@id":"https:\/\/rafaramirez.org\/blog\/index.php\/2024\/06\/07\/dia-mundial-de-los-oceanos-la-importancia-de-la-accion-colectiva-para-protegerlos\/#breadcrumb","itemListElement":[{"@type":"ListItem","position":1,"name":"Portada","item":"https:\/\/rafaramirez.org\/blog\/"},{"@type":"ListItem","position":2,"name":"D\u00eda Mundial de los Oc\u00e9anos: la importancia de la acci\u00f3n colectiva para protegerlos."}]},{"@type":"WebSite","@id":"https:\/\/rafaramirez.org\/blog\/#website","url":"https:\/\/rafaramirez.org\/blog\/","name":"Blog de Rafael Ram\u00edrez","description":"Un sitio social, de arte y cultura","publisher":{"@id":"https:\/\/rafaramirez.org\/blog\/#\/schema\/person\/50f43b6d60c578760d4c17bda54ab6a5"},"potentialAction":[{"@type":"SearchAction","target":{"@type":"EntryPoint","urlTemplate":"https:\/\/rafaramirez.org\/blog\/?s={search_term_string}"},"query-input":{"@type":"PropertyValueSpecification","valueRequired":true,"valueName":"search_term_string"}}],"inLanguage":"es"},{"@type":["Person","Organization"],"@id":"https:\/\/rafaramirez.org\/blog\/#\/schema\/person\/50f43b6d60c578760d4c17bda54ab6a5","name":"Rafael Ram\u00edrez","image":{"@type":"ImageObject","inLanguage":"es","@id":"https:\/\/rafaramirez.org\/blog\/wp-content\/uploads\/2024\/09\/RR_socialnetwork.jpg","url":"https:\/\/rafaramirez.org\/blog\/wp-content\/uploads\/2024\/09\/RR_socialnetwork.jpg","contentUrl":"https:\/\/rafaramirez.org\/blog\/wp-content\/uploads\/2024\/09\/RR_socialnetwork.jpg","width":600,"height":606,"caption":"Rafael Ram\u00edrez"},"logo":{"@id":"https:\/\/rafaramirez.org\/blog\/wp-content\/uploads\/2024\/09\/RR_socialnetwork.jpg"},"sameAs":["https:\/\/www.rafaramirez.org\/blog","https:\/\/www.instagram.com\/rafaramirez_ok\/","https:\/\/es.pinterest.com\/Ramirez_Rafa\/","https:\/\/x.com\/rafaramirez_ok"],"url":"https:\/\/rafaramirez.org\/blog\/index.php\/author\/rafaell_qm6j97da\/"}]}},"jetpack_publicize_connections":[],"jetpack_sharing_enabled":true,"jetpack_likes_enabled":true,"jetpack_featured_media_url":"https:\/\/rafaramirez.org\/blog\/wp-content\/uploads\/2024\/06\/dia_mundial_oceanos_banner.jpg","_links":{"self":[{"href":"https:\/\/rafaramirez.org\/blog\/index.php\/wp-json\/wp\/v2\/posts\/4678","targetHints":{"allow":["GET"]}}],"collection":[{"href":"https:\/\/rafaramirez.org\/blog\/index.php\/wp-json\/wp\/v2\/posts"}],"about":[{"href":"https:\/\/rafaramirez.org\/blog\/index.php\/wp-json\/wp\/v2\/types\/post"}],"author":[{"embeddable":true,"href":"https:\/\/rafaramirez.org\/blog\/index.php\/wp-json\/wp\/v2\/users\/1"}],"replies":[{"embeddable":true,"href":"https:\/\/rafaramirez.org\/blog\/index.php\/wp-json\/wp\/v2\/comments?post=4678"}],"version-history":[{"count":6,"href":"https:\/\/rafaramirez.org\/blog\/index.php\/wp-json\/wp\/v2\/posts\/4678\/revisions"}],"predecessor-version":[{"id":4688,"href":"https:\/\/rafaramirez.org\/blog\/index.php\/wp-json\/wp\/v2\/posts\/4678\/revisions\/4688"}],"wp:featuredmedia":[{"embeddable":true,"href":"https:\/\/rafaramirez.org\/blog\/index.php\/wp-json\/wp\/v2\/media\/4680"}],"wp:attachment":[{"href":"https:\/\/rafaramirez.org\/blog\/index.php\/wp-json\/wp\/v2\/media?parent=4678"}],"wp:term":[{"taxonomy":"category","embeddable":true,"href":"https:\/\/rafaramirez.org\/blog\/index.php\/wp-json\/wp\/v2\/categories?post=4678"},{"taxonomy":"post_tag","embeddable":true,"href":"https:\/\/rafaramirez.org\/blog\/index.php\/wp-json\/wp\/v2\/tags?post=4678"}],"curies":[{"name":"wp","href":"https:\/\/api.w.org\/{rel}","templated":true}]}}