{"id":4649,"date":"2024-06-05T08:15:47","date_gmt":"2024-06-05T06:15:47","guid":{"rendered":"https:\/\/rafaramirez.org\/blog\/?p=4649"},"modified":"2024-06-05T11:21:10","modified_gmt":"2024-06-05T09:21:10","slug":"hoy-es-el-dia-mundial-del-medio-ambiente","status":"publish","type":"post","link":"https:\/\/rafaramirez.org\/blog\/index.php\/2024\/06\/05\/hoy-es-el-dia-mundial-del-medio-ambiente\/","title":{"rendered":"Hoy es el D\u00eda Mundial del Medio Ambiente, ocasi\u00f3n ideal para fomentar la conciencia ambiental."},"content":{"rendered":"<p>El\u00a0<strong>D\u00eda Mundial del Medio Ambiente<\/strong>\u00a0es una jornada que se celebra el\u00a0<strong>5 de junio<\/strong> desde 1973.\u00a0Fue establecido por la <strong>Asamblea General de las Naciones Unidas<\/strong> en 1972. Cada a\u00f1o, un pa\u00eds diferente es el anfitri\u00f3n y organizador de este d\u00eda. En 2024, el anfitri\u00f3n es Arabia Saudita.<\/p>\n<p>Esta fecha se ha convertido en una plataforma mundial para fomentar la conciencia ambiental y estimular las acciones en favor de la restauraci\u00f3n de la Tierra. Millones de personas de m\u00e1s de 150 pa\u00edses participan en este d\u00eda internacional de las Naciones Unidas, que promueve la acci\u00f3n en favor del medio ambiente y el potencial de gobiernos, empresas y la ciudadan\u00eda para crear un mundo m\u00e1s sostenible.<\/p>\n<p style=\"text-align: center;\"><a href=\"https:\/\/rafaramirez.org\/blog\/wp-content\/uploads\/2024\/06\/dia-mundial-del-medio_ambiente1.jpg\" target=\"_blank\" rel=\"noopener\"><img loading=\"lazy\" decoding=\"async\" class=\"aligncenter wp-image-4652 size-medium\" src=\"https:\/\/rafaramirez.org\/blog\/wp-content\/uploads\/2024\/06\/dia-mundial-del-medio_ambiente1-300x300.jpg\" alt=\"5 de Junio D\u00eda Mundial del Medio Ambiente. Blog de Rafael Ram\u00edrez.\" width=\"300\" height=\"300\" srcset=\"https:\/\/rafaramirez.org\/blog\/wp-content\/uploads\/2024\/06\/dia-mundial-del-medio_ambiente1-300x300.jpg 300w, https:\/\/rafaramirez.org\/blog\/wp-content\/uploads\/2024\/06\/dia-mundial-del-medio_ambiente1-150x150.jpg 150w, https:\/\/rafaramirez.org\/blog\/wp-content\/uploads\/2024\/06\/dia-mundial-del-medio_ambiente1-768x768.jpg 768w, https:\/\/rafaramirez.org\/blog\/wp-content\/uploads\/2024\/06\/dia-mundial-del-medio_ambiente1.jpg 1000w\" sizes=\"auto, (max-width: 300px) 100vw, 300px\" \/><\/a><\/p>\n<p>El D\u00eda Mundial del Medio Ambiente 2024 se centra en restaurar las tierras, detener la desertificaci\u00f3n y fortalecer la resiliencia a la sequ\u00eda bajo el lema <strong>\u00abNuestras tierras. Nuestro futuro.\u00a0Somos la #Generaci\u00f3nRestauraci\u00f3n\u00bb<\/strong>.\u00a0La restauraci\u00f3n del suelo es un pilar fundamental del Decenio de las Naciones Unidas sobre la Restauraci\u00f3n de los Ecosistemas (2021-2030), que constituye un llamado a la protecci\u00f3n y la revitalizaci\u00f3n de los ecosistemas en todo el mundo, un aspecto fundamental para alcanzar los <strong>Objetivos de Desarrollo Sostenible<\/strong>.<\/p>\n<p>En Espa\u00f1a se realizan numerosas actividades para celebrarlo, por ejemplo, el <strong>Museo Nacional de Ciencias Naturales<\/strong> est\u00e1 organizando eventos especiales para \u00e9ste d\u00eda. Hoy mi\u00e9rcoles 5 de junio, la investigadora del MNCN-CSIC Anabel Perdices presentar\u00e1 el proyecto educativo LIFE INVASAQUA, seguido por una mesa redonda que contar\u00e1 con expertos de distintos \u00e1mbitos de la educaci\u00f3n ambiental. El domingo 9 de junio, el museo organizar\u00e1 la Feria de Medio Ambiente del MNCN-CSIC, donde habr\u00e1 puestos de numerosos proyectos de cuidado y revitalizaci\u00f3n de la naturaleza, actividades para todas las familias y espect\u00e1culos de los Clownbient\u00f3logos.<\/p>\n<p style=\"text-align: center;\"><a href=\"https:\/\/rafaramirez.org\/blog\/wp-content\/uploads\/2024\/06\/dia-mundial-del-medio_ambiente2.jpg\" target=\"_blank\" rel=\"noopener\"><img loading=\"lazy\" decoding=\"async\" class=\"aligncenter wp-image-4656 size-medium\" src=\"https:\/\/rafaramirez.org\/blog\/wp-content\/uploads\/2024\/06\/dia-mundial-del-medio_ambiente2-300x169.jpg\" alt=\"5 de Junio D\u00eda Mundial del Medio Ambiente. Blog de Rafael Ram\u00edrez.\" width=\"300\" height=\"169\" srcset=\"https:\/\/rafaramirez.org\/blog\/wp-content\/uploads\/2024\/06\/dia-mundial-del-medio_ambiente2-300x169.jpg 300w, https:\/\/rafaramirez.org\/blog\/wp-content\/uploads\/2024\/06\/dia-mundial-del-medio_ambiente2.jpg 768w\" sizes=\"auto, (max-width: 300px) 100vw, 300px\" \/><\/a><\/p>\n<p>En resumen, el D\u00eda Mundial del Medio Ambiente es una oportunidad para reflexionar sobre nuestras acciones y su impacto en el ecosistema, y para tomar medidas para mejorar y proteger nuestro planeta.<strong> \u00a1Todos podemos hacer la diferencia! \ud83c\udf0d<\/strong><\/p>\n<p>M\u00e1s informaci\u00f3n:<\/p>\n<ul>\n<li><a href=\"https:\/\/es.wikipedia.org\/wiki\/D%C3%ADa_Mundial_del_Medio_Ambiente\" target=\"_blank\" rel=\"noopener\">Wikipedia.es<\/a><\/li>\n<li><a href=\"https:\/\/www.un.org\/es\/observances\/environment-day\" target=\"_blank\" rel=\"noopener\">UN.org<\/a><\/li>\n<li><a href=\"https:\/\/www.worldenvironmentday.global\/es\/about\/history\" target=\"_blank\" rel=\"noopener\">WorldEnvironmentDay.global<\/a><\/li>\n<li><a href=\"https:\/\/www.mncn.csic.es\/es\/visita-el-mncn\/actividades\/dia-mundial-del-medio-ambiente-2024\" target=\"_blank\" rel=\"noopener\">Museo Nacional de Ciencias Naturales<\/a><\/li>\n<\/ul>\n","protected":false},"excerpt":{"rendered":"<p>El\u00a0D\u00eda Mundial del Medio Ambiente\u00a0es una jornada que se celebra el\u00a05 de junio desde 1973.\u00a0Fue establecido por la Asamblea General de las Naciones Unidas en 1972. Cada a\u00f1o, un pa\u00eds diferente es el anfitri\u00f3n y organizador de este d\u00eda. En 2024, el anfitri\u00f3n es Arabia Saudita. Esta fecha se ha convertido en una plataforma mundial [&hellip;]<\/p>\n","protected":false},"author":1,"featured_media":4650,"comment_status":"open","ping_status":"closed","sticky":false,"template":"","format":"standard","meta":{"site-container-style":"default","site-container-layout":"default","site-sidebar-layout":"default","disable-article-header":"default","disable-site-header":"default","disable-site-footer":"default","disable-content-area-spacing":"default","_jetpack_newsletter_access":"","_jetpack_dont_email_post_to_subs":false,"_jetpack_newsletter_tier_id":0,"_jetpack_memberships_contains_paywalled_content":false,"_jetpack_feature_clip_id":0,"_jetpack_memberships_contains_paid_content":false,"footnotes":"","jetpack_publicize_message":"","jetpack_publicize_feature_enabled":true,"jetpack_social_post_already_shared":false,"jetpack_social_options":{"image_generator_settings":{"template":"highway","default_image_id":0,"font":"","enabled":false},"version":2},"jetpack_post_was_ever_published":false},"categories":[1291],"tags":[2323,1743,2320,2328,1652,2334,2321,1713,68,2319,2318,1323,2322,2336,2333,2332,2324,2325,2326,2330,1702,2331,2335,2329,2327],"class_list":["post-4649","post","type-post","status-publish","format-standard","has-post-thumbnail","hentry","category-efemerides","tag-150-paises","tag-1743","tag-2320","tag-2021-2030","tag-1652","tag-anabel-perdices","tag-arabia-saudita","tag-asamblea-general-de-las-naciones-unidas","tag-blog-de-rafael-ramirez","tag-dia-mundial-2024","tag-dia-mundial-del-medio-ambiente","tag-efemerides","tag-la-tierra","tag-life-invasaqua","tag-mncn-csic","tag-museo-nacional-de-ciencias-naturales","tag-naciones-unidas","tag-nuestras-tierras","tag-nuestro-futuro","tag-objetivos-de-desarrollo-sostenible","tag-onu","tag-proteger-nuestro-planeta","tag-proyecto-educativo","tag-restauracion-de-los-ecosistemas","tag-somos-la-generacionrestauracion"],"yoast_head":"<!-- This site is optimized with the Yoast SEO plugin v28.4 - https:\/\/yoast.com\/product\/yoast-seo-wordpress\/ -->\n<title>Hoy es el D\u00eda Mundial del Medio Ambiente, ocasi\u00f3n ideal para fomentar la conciencia ambiental. - Blog de Rafael Ram\u00edrez<\/title>\n<meta name=\"robots\" content=\"index, follow, max-snippet:-1, max-image-preview:large, max-video-preview:-1\" \/>\n<link rel=\"canonical\" href=\"https:\/\/rafaramirez.org\/blog\/index.php\/2024\/06\/05\/hoy-es-el-dia-mundial-del-medio-ambiente\/\" \/>\n<meta property=\"og:locale\" content=\"es_ES\" \/>\n<meta property=\"og:type\" content=\"article\" \/>\n<meta property=\"og:title\" content=\"Hoy es el D\u00eda Mundial del Medio Ambiente, ocasi\u00f3n ideal para fomentar la conciencia ambiental. - Blog de Rafael Ram\u00edrez\" \/>\n<meta property=\"og:description\" content=\"El\u00a0D\u00eda Mundial del Medio Ambiente\u00a0es una jornada que se celebra el\u00a05 de junio desde 1973.\u00a0Fue establecido por la Asamblea General de las Naciones Unidas en 1972. Cada a\u00f1o, un pa\u00eds diferente es el anfitri\u00f3n y organizador de este d\u00eda. En 2024, el anfitri\u00f3n es Arabia Saudita. Esta fecha se ha convertido en una plataforma mundial [&hellip;]\" \/>\n<meta property=\"og:url\" content=\"https:\/\/rafaramirez.org\/blog\/index.php\/2024\/06\/05\/hoy-es-el-dia-mundial-del-medio-ambiente\/\" \/>\n<meta property=\"og:site_name\" content=\"Blog de Rafael Ram\u00edrez\" \/>\n<meta property=\"article:published_time\" content=\"2024-06-05T06:15:47+00:00\" \/>\n<meta property=\"article:modified_time\" content=\"2024-06-05T09:21:10+00:00\" \/>\n<meta property=\"og:image\" content=\"https:\/\/rafaramirez.org\/blog\/wp-content\/uploads\/2024\/06\/dia-mundial-del-medio_ambiente_banner.jpg\" \/>\n\t<meta property=\"og:image:width\" content=\"750\" \/>\n\t<meta property=\"og:image:height\" content=\"467\" \/>\n\t<meta property=\"og:image:type\" content=\"image\/jpeg\" \/>\n<meta name=\"author\" content=\"Rafael Ram\u00edrez\" \/>\n<meta name=\"twitter:card\" content=\"summary_large_image\" \/>\n<meta name=\"twitter:creator\" content=\"@rafaramirez_ok\" \/>\n<meta name=\"twitter:site\" content=\"@rafaramirez_ok\" \/>\n<meta name=\"twitter:label1\" content=\"Escrito por\" \/>\n\t<meta name=\"twitter:data1\" content=\"Rafael Ram\u00edrez\" \/>\n\t<meta name=\"twitter:label2\" content=\"Tiempo de lectura\" \/>\n\t<meta name=\"twitter:data2\" content=\"2 minutos\" \/>\n<script type=\"application\/ld+json\" class=\"yoast-schema-graph\">{\"@context\":\"https:\\\/\\\/schema.org\",\"@graph\":[{\"@type\":\"Article\",\"@id\":\"https:\\\/\\\/rafaramirez.org\\\/blog\\\/index.php\\\/2024\\\/06\\\/05\\\/hoy-es-el-dia-mundial-del-medio-ambiente\\\/#article\",\"isPartOf\":{\"@id\":\"https:\\\/\\\/rafaramirez.org\\\/blog\\\/index.php\\\/2024\\\/06\\\/05\\\/hoy-es-el-dia-mundial-del-medio-ambiente\\\/\"},\"author\":{\"name\":\"Rafael Ram\u00edrez\",\"@id\":\"https:\\\/\\\/rafaramirez.org\\\/blog\\\/#\\\/schema\\\/person\\\/50f43b6d60c578760d4c17bda54ab6a5\"},\"headline\":\"Hoy es el D\u00eda Mundial del Medio Ambiente, ocasi\u00f3n ideal para fomentar la conciencia ambiental.\",\"datePublished\":\"2024-06-05T06:15:47+00:00\",\"dateModified\":\"2024-06-05T09:21:10+00:00\",\"mainEntityOfPage\":{\"@id\":\"https:\\\/\\\/rafaramirez.org\\\/blog\\\/index.php\\\/2024\\\/06\\\/05\\\/hoy-es-el-dia-mundial-del-medio-ambiente\\\/\"},\"wordCount\":383,\"commentCount\":0,\"publisher\":{\"@id\":\"https:\\\/\\\/rafaramirez.org\\\/blog\\\/#\\\/schema\\\/person\\\/50f43b6d60c578760d4c17bda54ab6a5\"},\"image\":{\"@id\":\"https:\\\/\\\/rafaramirez.org\\\/blog\\\/index.php\\\/2024\\\/06\\\/05\\\/hoy-es-el-dia-mundial-del-medio-ambiente\\\/#primaryimage\"},\"thumbnailUrl\":\"https:\\\/\\\/rafaramirez.org\\\/blog\\\/wp-content\\\/uploads\\\/2024\\\/06\\\/dia-mundial-del-medio_ambiente_banner.jpg\",\"keywords\":[\"150 pa\u00edses\",\"1972\",\"1973\",\"2021-2030\",\"2024\",\"Anabel Perdices\",\"Arabia Saudita\",\"Asamblea General de las Naciones Unidas\",\"blog de Rafael Ram\u00edrez\",\"d\u00eda mundial 2024\",\"D\u00eda Mundial del Medio Ambiente\",\"efem\u00e9rides\",\"la Tierra\",\"LIFE INVASAQUA\",\"MNCN-CSIC\",\"Museo Nacional de Ciencias Naturales\",\"Naciones Unidas\",\"Nuestras tierras\",\"Nuestro futuro\",\"Objetivos de Desarrollo Sostenible\",\"ONU\",\"proteger nuestro planeta\",\"proyecto educativo\",\"Restauraci\u00f3n de los Ecosistemas\",\"Somos la #Generaci\u00f3nRestauraci\u00f3n\u00bb\"],\"articleSection\":[\"Efem\u00e9rides\"],\"inLanguage\":\"es\",\"potentialAction\":[{\"@type\":\"CommentAction\",\"name\":\"Comment\",\"target\":[\"https:\\\/\\\/rafaramirez.org\\\/blog\\\/index.php\\\/2024\\\/06\\\/05\\\/hoy-es-el-dia-mundial-del-medio-ambiente\\\/#respond\"]}]},{\"@type\":\"WebPage\",\"@id\":\"https:\\\/\\\/rafaramirez.org\\\/blog\\\/index.php\\\/2024\\\/06\\\/05\\\/hoy-es-el-dia-mundial-del-medio-ambiente\\\/\",\"url\":\"https:\\\/\\\/rafaramirez.org\\\/blog\\\/index.php\\\/2024\\\/06\\\/05\\\/hoy-es-el-dia-mundial-del-medio-ambiente\\\/\",\"name\":\"Hoy es el D\u00eda Mundial del Medio Ambiente, ocasi\u00f3n ideal para fomentar la conciencia ambiental. - Blog de Rafael Ram\u00edrez\",\"isPartOf\":{\"@id\":\"https:\\\/\\\/rafaramirez.org\\\/blog\\\/#website\"},\"primaryImageOfPage\":{\"@id\":\"https:\\\/\\\/rafaramirez.org\\\/blog\\\/index.php\\\/2024\\\/06\\\/05\\\/hoy-es-el-dia-mundial-del-medio-ambiente\\\/#primaryimage\"},\"image\":{\"@id\":\"https:\\\/\\\/rafaramirez.org\\\/blog\\\/index.php\\\/2024\\\/06\\\/05\\\/hoy-es-el-dia-mundial-del-medio-ambiente\\\/#primaryimage\"},\"thumbnailUrl\":\"https:\\\/\\\/rafaramirez.org\\\/blog\\\/wp-content\\\/uploads\\\/2024\\\/06\\\/dia-mundial-del-medio_ambiente_banner.jpg\",\"datePublished\":\"2024-06-05T06:15:47+00:00\",\"dateModified\":\"2024-06-05T09:21:10+00:00\",\"breadcrumb\":{\"@id\":\"https:\\\/\\\/rafaramirez.org\\\/blog\\\/index.php\\\/2024\\\/06\\\/05\\\/hoy-es-el-dia-mundial-del-medio-ambiente\\\/#breadcrumb\"},\"inLanguage\":\"es\",\"potentialAction\":[{\"@type\":\"ReadAction\",\"target\":[\"https:\\\/\\\/rafaramirez.org\\\/blog\\\/index.php\\\/2024\\\/06\\\/05\\\/hoy-es-el-dia-mundial-del-medio-ambiente\\\/\"]}]},{\"@type\":\"ImageObject\",\"inLanguage\":\"es\",\"@id\":\"https:\\\/\\\/rafaramirez.org\\\/blog\\\/index.php\\\/2024\\\/06\\\/05\\\/hoy-es-el-dia-mundial-del-medio-ambiente\\\/#primaryimage\",\"url\":\"https:\\\/\\\/rafaramirez.org\\\/blog\\\/wp-content\\\/uploads\\\/2024\\\/06\\\/dia-mundial-del-medio_ambiente_banner.jpg\",\"contentUrl\":\"https:\\\/\\\/rafaramirez.org\\\/blog\\\/wp-content\\\/uploads\\\/2024\\\/06\\\/dia-mundial-del-medio_ambiente_banner.jpg\",\"width\":750,\"height\":467,\"caption\":\"5 de Junio D\u00eda Mundial del Medio Ambiente. Blog de Rafael Ram\u00edrez.\"},{\"@type\":\"BreadcrumbList\",\"@id\":\"https:\\\/\\\/rafaramirez.org\\\/blog\\\/index.php\\\/2024\\\/06\\\/05\\\/hoy-es-el-dia-mundial-del-medio-ambiente\\\/#breadcrumb\",\"itemListElement\":[{\"@type\":\"ListItem\",\"position\":1,\"name\":\"Portada\",\"item\":\"https:\\\/\\\/rafaramirez.org\\\/blog\\\/\"},{\"@type\":\"ListItem\",\"position\":2,\"name\":\"Hoy es el D\u00eda Mundial del Medio Ambiente, ocasi\u00f3n ideal para fomentar la conciencia ambiental.\"}]},{\"@type\":\"WebSite\",\"@id\":\"https:\\\/\\\/rafaramirez.org\\\/blog\\\/#website\",\"url\":\"https:\\\/\\\/rafaramirez.org\\\/blog\\\/\",\"name\":\"Blog de Rafael Ram\u00edrez\",\"description\":\"Un sitio social, de arte y cultura\",\"publisher\":{\"@id\":\"https:\\\/\\\/rafaramirez.org\\\/blog\\\/#\\\/schema\\\/person\\\/50f43b6d60c578760d4c17bda54ab6a5\"},\"potentialAction\":[{\"@type\":\"SearchAction\",\"target\":{\"@type\":\"EntryPoint\",\"urlTemplate\":\"https:\\\/\\\/rafaramirez.org\\\/blog\\\/?s={search_term_string}\"},\"query-input\":{\"@type\":\"PropertyValueSpecification\",\"valueRequired\":true,\"valueName\":\"search_term_string\"}}],\"inLanguage\":\"es\"},{\"@type\":[\"Person\",\"Organization\"],\"@id\":\"https:\\\/\\\/rafaramirez.org\\\/blog\\\/#\\\/schema\\\/person\\\/50f43b6d60c578760d4c17bda54ab6a5\",\"name\":\"Rafael Ram\u00edrez\",\"image\":{\"@type\":\"ImageObject\",\"inLanguage\":\"es\",\"@id\":\"https:\\\/\\\/rafaramirez.org\\\/blog\\\/wp-content\\\/uploads\\\/2024\\\/09\\\/RR_socialnetwork.jpg\",\"url\":\"https:\\\/\\\/rafaramirez.org\\\/blog\\\/wp-content\\\/uploads\\\/2024\\\/09\\\/RR_socialnetwork.jpg\",\"contentUrl\":\"https:\\\/\\\/rafaramirez.org\\\/blog\\\/wp-content\\\/uploads\\\/2024\\\/09\\\/RR_socialnetwork.jpg\",\"width\":600,\"height\":606,\"caption\":\"Rafael Ram\u00edrez\"},\"logo\":{\"@id\":\"https:\\\/\\\/rafaramirez.org\\\/blog\\\/wp-content\\\/uploads\\\/2024\\\/09\\\/RR_socialnetwork.jpg\"},\"sameAs\":[\"https:\\\/\\\/www.rafaramirez.org\\\/blog\",\"https:\\\/\\\/www.instagram.com\\\/rafaramirez_ok\\\/\",\"https:\\\/\\\/es.pinterest.com\\\/Ramirez_Rafa\\\/\",\"https:\\\/\\\/x.com\\\/rafaramirez_ok\"],\"url\":\"https:\\\/\\\/rafaramirez.org\\\/blog\\\/index.php\\\/author\\\/rafaell_qm6j97da\\\/\"}]}<\/script>\n<!-- \/ Yoast SEO plugin. -->","yoast_head_json":{"title":"Hoy es el D\u00eda Mundial del Medio Ambiente, ocasi\u00f3n ideal para fomentar la conciencia ambiental. - Blog de Rafael Ram\u00edrez","robots":{"index":"index","follow":"follow","max-snippet":"max-snippet:-1","max-image-preview":"max-image-preview:large","max-video-preview":"max-video-preview:-1"},"canonical":"https:\/\/rafaramirez.org\/blog\/index.php\/2024\/06\/05\/hoy-es-el-dia-mundial-del-medio-ambiente\/","og_locale":"es_ES","og_type":"article","og_title":"Hoy es el D\u00eda Mundial del Medio Ambiente, ocasi\u00f3n ideal para fomentar la conciencia ambiental. - Blog de Rafael Ram\u00edrez","og_description":"El\u00a0D\u00eda Mundial del Medio Ambiente\u00a0es una jornada que se celebra el\u00a05 de junio desde 1973.\u00a0Fue establecido por la Asamblea General de las Naciones Unidas en 1972. Cada a\u00f1o, un pa\u00eds diferente es el anfitri\u00f3n y organizador de este d\u00eda. En 2024, el anfitri\u00f3n es Arabia Saudita. Esta fecha se ha convertido en una plataforma mundial [&hellip;]","og_url":"https:\/\/rafaramirez.org\/blog\/index.php\/2024\/06\/05\/hoy-es-el-dia-mundial-del-medio-ambiente\/","og_site_name":"Blog de Rafael Ram\u00edrez","article_published_time":"2024-06-05T06:15:47+00:00","article_modified_time":"2024-06-05T09:21:10+00:00","og_image":[{"width":750,"height":467,"url":"https:\/\/rafaramirez.org\/blog\/wp-content\/uploads\/2024\/06\/dia-mundial-del-medio_ambiente_banner.jpg","type":"image\/jpeg"}],"author":"Rafael Ram\u00edrez","twitter_card":"summary_large_image","twitter_creator":"@rafaramirez_ok","twitter_site":"@rafaramirez_ok","twitter_misc":{"Escrito por":"Rafael Ram\u00edrez","Tiempo de lectura":"2 minutos"},"schema":{"@context":"https:\/\/schema.org","@graph":[{"@type":"Article","@id":"https:\/\/rafaramirez.org\/blog\/index.php\/2024\/06\/05\/hoy-es-el-dia-mundial-del-medio-ambiente\/#article","isPartOf":{"@id":"https:\/\/rafaramirez.org\/blog\/index.php\/2024\/06\/05\/hoy-es-el-dia-mundial-del-medio-ambiente\/"},"author":{"name":"Rafael Ram\u00edrez","@id":"https:\/\/rafaramirez.org\/blog\/#\/schema\/person\/50f43b6d60c578760d4c17bda54ab6a5"},"headline":"Hoy es el D\u00eda Mundial del Medio Ambiente, ocasi\u00f3n ideal para fomentar la conciencia ambiental.","datePublished":"2024-06-05T06:15:47+00:00","dateModified":"2024-06-05T09:21:10+00:00","mainEntityOfPage":{"@id":"https:\/\/rafaramirez.org\/blog\/index.php\/2024\/06\/05\/hoy-es-el-dia-mundial-del-medio-ambiente\/"},"wordCount":383,"commentCount":0,"publisher":{"@id":"https:\/\/rafaramirez.org\/blog\/#\/schema\/person\/50f43b6d60c578760d4c17bda54ab6a5"},"image":{"@id":"https:\/\/rafaramirez.org\/blog\/index.php\/2024\/06\/05\/hoy-es-el-dia-mundial-del-medio-ambiente\/#primaryimage"},"thumbnailUrl":"https:\/\/rafaramirez.org\/blog\/wp-content\/uploads\/2024\/06\/dia-mundial-del-medio_ambiente_banner.jpg","keywords":["150 pa\u00edses","1972","1973","2021-2030","2024","Anabel Perdices","Arabia Saudita","Asamblea General de las Naciones Unidas","blog de Rafael Ram\u00edrez","d\u00eda mundial 2024","D\u00eda Mundial del Medio Ambiente","efem\u00e9rides","la Tierra","LIFE INVASAQUA","MNCN-CSIC","Museo Nacional de Ciencias Naturales","Naciones Unidas","Nuestras tierras","Nuestro futuro","Objetivos de Desarrollo Sostenible","ONU","proteger nuestro planeta","proyecto educativo","Restauraci\u00f3n de los Ecosistemas","Somos la #Generaci\u00f3nRestauraci\u00f3n\u00bb"],"articleSection":["Efem\u00e9rides"],"inLanguage":"es","potentialAction":[{"@type":"CommentAction","name":"Comment","target":["https:\/\/rafaramirez.org\/blog\/index.php\/2024\/06\/05\/hoy-es-el-dia-mundial-del-medio-ambiente\/#respond"]}]},{"@type":"WebPage","@id":"https:\/\/rafaramirez.org\/blog\/index.php\/2024\/06\/05\/hoy-es-el-dia-mundial-del-medio-ambiente\/","url":"https:\/\/rafaramirez.org\/blog\/index.php\/2024\/06\/05\/hoy-es-el-dia-mundial-del-medio-ambiente\/","name":"Hoy es el D\u00eda Mundial del Medio Ambiente, ocasi\u00f3n ideal para fomentar la conciencia ambiental. - Blog de Rafael Ram\u00edrez","isPartOf":{"@id":"https:\/\/rafaramirez.org\/blog\/#website"},"primaryImageOfPage":{"@id":"https:\/\/rafaramirez.org\/blog\/index.php\/2024\/06\/05\/hoy-es-el-dia-mundial-del-medio-ambiente\/#primaryimage"},"image":{"@id":"https:\/\/rafaramirez.org\/blog\/index.php\/2024\/06\/05\/hoy-es-el-dia-mundial-del-medio-ambiente\/#primaryimage"},"thumbnailUrl":"https:\/\/rafaramirez.org\/blog\/wp-content\/uploads\/2024\/06\/dia-mundial-del-medio_ambiente_banner.jpg","datePublished":"2024-06-05T06:15:47+00:00","dateModified":"2024-06-05T09:21:10+00:00","breadcrumb":{"@id":"https:\/\/rafaramirez.org\/blog\/index.php\/2024\/06\/05\/hoy-es-el-dia-mundial-del-medio-ambiente\/#breadcrumb"},"inLanguage":"es","potentialAction":[{"@type":"ReadAction","target":["https:\/\/rafaramirez.org\/blog\/index.php\/2024\/06\/05\/hoy-es-el-dia-mundial-del-medio-ambiente\/"]}]},{"@type":"ImageObject","inLanguage":"es","@id":"https:\/\/rafaramirez.org\/blog\/index.php\/2024\/06\/05\/hoy-es-el-dia-mundial-del-medio-ambiente\/#primaryimage","url":"https:\/\/rafaramirez.org\/blog\/wp-content\/uploads\/2024\/06\/dia-mundial-del-medio_ambiente_banner.jpg","contentUrl":"https:\/\/rafaramirez.org\/blog\/wp-content\/uploads\/2024\/06\/dia-mundial-del-medio_ambiente_banner.jpg","width":750,"height":467,"caption":"5 de Junio D\u00eda Mundial del Medio Ambiente. Blog de Rafael Ram\u00edrez."},{"@type":"BreadcrumbList","@id":"https:\/\/rafaramirez.org\/blog\/index.php\/2024\/06\/05\/hoy-es-el-dia-mundial-del-medio-ambiente\/#breadcrumb","itemListElement":[{"@type":"ListItem","position":1,"name":"Portada","item":"https:\/\/rafaramirez.org\/blog\/"},{"@type":"ListItem","position":2,"name":"Hoy es el D\u00eda Mundial del Medio Ambiente, ocasi\u00f3n ideal para fomentar la conciencia ambiental."}]},{"@type":"WebSite","@id":"https:\/\/rafaramirez.org\/blog\/#website","url":"https:\/\/rafaramirez.org\/blog\/","name":"Blog de Rafael Ram\u00edrez","description":"Un sitio social, de arte y cultura","publisher":{"@id":"https:\/\/rafaramirez.org\/blog\/#\/schema\/person\/50f43b6d60c578760d4c17bda54ab6a5"},"potentialAction":[{"@type":"SearchAction","target":{"@type":"EntryPoint","urlTemplate":"https:\/\/rafaramirez.org\/blog\/?s={search_term_string}"},"query-input":{"@type":"PropertyValueSpecification","valueRequired":true,"valueName":"search_term_string"}}],"inLanguage":"es"},{"@type":["Person","Organization"],"@id":"https:\/\/rafaramirez.org\/blog\/#\/schema\/person\/50f43b6d60c578760d4c17bda54ab6a5","name":"Rafael Ram\u00edrez","image":{"@type":"ImageObject","inLanguage":"es","@id":"https:\/\/rafaramirez.org\/blog\/wp-content\/uploads\/2024\/09\/RR_socialnetwork.jpg","url":"https:\/\/rafaramirez.org\/blog\/wp-content\/uploads\/2024\/09\/RR_socialnetwork.jpg","contentUrl":"https:\/\/rafaramirez.org\/blog\/wp-content\/uploads\/2024\/09\/RR_socialnetwork.jpg","width":600,"height":606,"caption":"Rafael Ram\u00edrez"},"logo":{"@id":"https:\/\/rafaramirez.org\/blog\/wp-content\/uploads\/2024\/09\/RR_socialnetwork.jpg"},"sameAs":["https:\/\/www.rafaramirez.org\/blog","https:\/\/www.instagram.com\/rafaramirez_ok\/","https:\/\/es.pinterest.com\/Ramirez_Rafa\/","https:\/\/x.com\/rafaramirez_ok"],"url":"https:\/\/rafaramirez.org\/blog\/index.php\/author\/rafaell_qm6j97da\/"}]}},"jetpack_publicize_connections":[],"jetpack_sharing_enabled":true,"jetpack_likes_enabled":true,"jetpack_featured_media_url":"https:\/\/rafaramirez.org\/blog\/wp-content\/uploads\/2024\/06\/dia-mundial-del-medio_ambiente_banner.jpg","_links":{"self":[{"href":"https:\/\/rafaramirez.org\/blog\/index.php\/wp-json\/wp\/v2\/posts\/4649","targetHints":{"allow":["GET"]}}],"collection":[{"href":"https:\/\/rafaramirez.org\/blog\/index.php\/wp-json\/wp\/v2\/posts"}],"about":[{"href":"https:\/\/rafaramirez.org\/blog\/index.php\/wp-json\/wp\/v2\/types\/post"}],"author":[{"embeddable":true,"href":"https:\/\/rafaramirez.org\/blog\/index.php\/wp-json\/wp\/v2\/users\/1"}],"replies":[{"embeddable":true,"href":"https:\/\/rafaramirez.org\/blog\/index.php\/wp-json\/wp\/v2\/comments?post=4649"}],"version-history":[{"count":7,"href":"https:\/\/rafaramirez.org\/blog\/index.php\/wp-json\/wp\/v2\/posts\/4649\/revisions"}],"predecessor-version":[{"id":4689,"href":"https:\/\/rafaramirez.org\/blog\/index.php\/wp-json\/wp\/v2\/posts\/4649\/revisions\/4689"}],"wp:featuredmedia":[{"embeddable":true,"href":"https:\/\/rafaramirez.org\/blog\/index.php\/wp-json\/wp\/v2\/media\/4650"}],"wp:attachment":[{"href":"https:\/\/rafaramirez.org\/blog\/index.php\/wp-json\/wp\/v2\/media?parent=4649"}],"wp:term":[{"taxonomy":"category","embeddable":true,"href":"https:\/\/rafaramirez.org\/blog\/index.php\/wp-json\/wp\/v2\/categories?post=4649"},{"taxonomy":"post_tag","embeddable":true,"href":"https:\/\/rafaramirez.org\/blog\/index.php\/wp-json\/wp\/v2\/tags?post=4649"}],"curies":[{"name":"wp","href":"https:\/\/api.w.org\/{rel}","templated":true}]}}