{"id":4618,"date":"2024-06-03T08:15:13","date_gmt":"2024-06-03T06:15:13","guid":{"rendered":"https:\/\/rafaramirez.org\/blog\/?p=4618"},"modified":"2024-05-30T12:18:07","modified_gmt":"2024-05-30T10:18:07","slug":"mayores-una-fuente-valiosa-de-conocimiento-y-experiencia-para-el-presente-y-el-futuro-de-la-sociedad","status":"publish","type":"post","link":"https:\/\/rafaramirez.org\/blog\/index.php\/2024\/06\/03\/mayores-una-fuente-valiosa-de-conocimiento-y-experiencia-para-el-presente-y-el-futuro-de-la-sociedad\/","title":{"rendered":"Mayores: una fuente valiosa de conocimiento y experiencia para el presente y el futuro de la sociedad."},"content":{"rendered":"<p>La aceptaci\u00f3n de las personas mayores en nuestra sociedad actual es un tema de gran relevancia.\u00a0Hist\u00f3ricamente, los mayores han sido respetados y venerados por su sabidur\u00eda y experiencia, pero en las sociedades modernas, su papel ha sido relegado a un segundo plano. El involucramiento de los adultos mayores es clave para transformar la percepci\u00f3n de la tercera edad hacia una m\u00e1s esperanzadora.<\/p>\n<p>Los mayores pueden ser una parte \u00fatil para la mejora y contribuci\u00f3n al crecimiento y avance de la sociedad de varias maneras:<\/p>\n<ul>\n<li><strong>A nivel profesional<\/strong>: Los mayores pueden seguir desempe\u00f1ando roles importantes, como asesores o en funciones menos exigentes, aprovechando su experiencia y conocimientos especializados.<\/li>\n<li><strong>A nivel cultural y social<\/strong>: Son custodios de tradiciones y transmisores de historias que forman la base de nuestro avance tecnol\u00f3gico y social.\u00a0Escucharlos es aprender historia contempor\u00e1nea a trav\u00e9s de su experiencia.<\/li>\n<li><strong>Gu\u00edas en valores sociales<\/strong>: Aunque algunos puedan ser fr\u00e1giles f\u00edsicamente, si est\u00e1n bien cognitivamente, pueden ense\u00f1ar mucho sobre valores humanos y culturales a las nuevas generaciones.<\/li>\n<\/ul>\n<p style=\"text-align: center;\"><a href=\"https:\/\/rafaramirez.org\/blog\/wp-content\/uploads\/2024\/06\/Adulto_Mayor_1_logblog.jpg\" target=\"_blank\" rel=\"noopener\"><img loading=\"lazy\" decoding=\"async\" class=\"aligncenter wp-image-4623 size-medium\" src=\"https:\/\/rafaramirez.org\/blog\/wp-content\/uploads\/2024\/06\/Adulto_Mayor_1_logblog-300x300.jpg\" alt=\"Adulto Mayor fuente valiosa de conocimiento y experiencia. Blog de Rafael Ram\u00edrez.\" width=\"300\" height=\"300\" srcset=\"https:\/\/rafaramirez.org\/blog\/wp-content\/uploads\/2024\/06\/Adulto_Mayor_1_logblog-300x300.jpg 300w, https:\/\/rafaramirez.org\/blog\/wp-content\/uploads\/2024\/06\/Adulto_Mayor_1_logblog-150x150.jpg 150w, https:\/\/rafaramirez.org\/blog\/wp-content\/uploads\/2024\/06\/Adulto_Mayor_1_logblog-768x768.jpg 768w, https:\/\/rafaramirez.org\/blog\/wp-content\/uploads\/2024\/06\/Adulto_Mayor_1_logblog.jpg 1024w\" sizes=\"auto, (max-width: 300px) 100vw, 300px\" \/><\/a><\/p>\n<p>Para que los mayores sean reconocidos y valorados adecuadamente, es necesario un cambio en la percepci\u00f3n social y una educaci\u00f3n que fomente la conciencia sobre la necesidad de proteger y respetar a los adultos mayores.\u00a0Esto implica tambi\u00e9n adaptar la sociedad para ofrecerles una jubilaci\u00f3n digna, con atenci\u00f3n adecuada y protecci\u00f3n sanitaria, as\u00ed como infraestructura p\u00fablica que garantice su bienestar.<\/p>\n<p><strong>Pero \u00bfC\u00f3mo podemos fomentar la inclusi\u00f3n de los mayores en nuestra sociedad?<\/strong><\/p>\n<p>Fomentar la inclusi\u00f3n de las personas mayores en nuestra sociedad es crucial para garantizar su bienestar y aprovechar su experiencia y sabidur\u00eda. Aqu\u00ed hay algunas estrategias para lograrlo:<\/p>\n<ol>\n<li><strong>Cambiar la percepci\u00f3n<\/strong>: Debemos superar los estereotipos negativos sobre el envejecimiento y reconocer que los mayores pueden seguir contribuyendo significativamente a la sociedad.\u00a0La educaci\u00f3n y la sensibilizaci\u00f3n son clave para cambiar la mentalidad colectiva.<\/li>\n<li><strong>Promover la autonom\u00eda<\/strong>: Los mayores deben tener la libertad de tomar decisiones sobre su vida.\u00a0Esto incluye planificar su envejecimiento, decidir c\u00f3mo quieren ser cuidados en caso de dependencia y mantener una vida activa y significativa.<a href=\"https:\/\/rafaramirez.org\/blog\/wp-content\/uploads\/2024\/06\/Adulto_Mayor_2_logblog.jpg\" target=\"_blank\" rel=\"noopener\"><img loading=\"lazy\" decoding=\"async\" class=\"aligncenter wp-image-4624 size-medium\" src=\"https:\/\/rafaramirez.org\/blog\/wp-content\/uploads\/2024\/06\/Adulto_Mayor_2_logblog-300x300.jpg\" alt=\"Adulto Mayor fuente valiosa de conocimiento y experiencia. Blog de Rafael Ram\u00edrez.\" width=\"300\" height=\"300\" srcset=\"https:\/\/rafaramirez.org\/blog\/wp-content\/uploads\/2024\/06\/Adulto_Mayor_2_logblog-300x300.jpg 300w, https:\/\/rafaramirez.org\/blog\/wp-content\/uploads\/2024\/06\/Adulto_Mayor_2_logblog-150x150.jpg 150w, https:\/\/rafaramirez.org\/blog\/wp-content\/uploads\/2024\/06\/Adulto_Mayor_2_logblog-768x768.jpg 768w, https:\/\/rafaramirez.org\/blog\/wp-content\/uploads\/2024\/06\/Adulto_Mayor_2_logblog.jpg 1024w\" sizes=\"auto, (max-width: 300px) 100vw, 300px\" \/><\/a><\/li>\n<li><strong>Pol\u00edticas p\u00fablicas inclusivas<\/strong>: Es esencial contar con pol\u00edticas que garanticen el acceso igualitario a servicios de salud, vivienda, transporte y recreaci\u00f3n para los adultos mayores.\u00a0Adem\u00e1s, deben participar activamente en la toma de decisiones que afecten su bienestar.<\/li>\n<li><strong>Relaciones intergeneracionales<\/strong>: Establecer lazos entre generaciones fortalece el tejido social y permite el intercambio valioso de conocimientos y experiencias.\u00a0Los mayores pueden ser mentores y modelos a seguir para los m\u00e1s j\u00f3venes.<\/li>\n<li><strong>Empresas inclusivas<\/strong>: Las organizaciones deben considerar la contrataci\u00f3n y retenci\u00f3n de empleados mayores.\u00a0Su experiencia y habilidades pueden enriquecer el entorno laboral y contribuir al crecimiento econ\u00f3mico.<\/li>\n<\/ol>\n<p style=\"text-align: center;\"><a href=\"https:\/\/rafaramirez.org\/blog\/wp-content\/uploads\/2024\/06\/Adulto_Mayor_3_logblog.jpg\" target=\"_blank\" rel=\"noopener\"><img loading=\"lazy\" decoding=\"async\" class=\"aligncenter wp-image-4625 size-medium\" src=\"https:\/\/rafaramirez.org\/blog\/wp-content\/uploads\/2024\/06\/Adulto_Mayor_3_logblog-300x300.jpg\" alt=\"Adulto Mayor fuente valiosa de conocimiento y experiencia. Blog de Rafael Ram\u00edrez.\" width=\"300\" height=\"300\" srcset=\"https:\/\/rafaramirez.org\/blog\/wp-content\/uploads\/2024\/06\/Adulto_Mayor_3_logblog-300x300.jpg 300w, https:\/\/rafaramirez.org\/blog\/wp-content\/uploads\/2024\/06\/Adulto_Mayor_3_logblog-150x150.jpg 150w, https:\/\/rafaramirez.org\/blog\/wp-content\/uploads\/2024\/06\/Adulto_Mayor_3_logblog-768x768.jpg 768w, https:\/\/rafaramirez.org\/blog\/wp-content\/uploads\/2024\/06\/Adulto_Mayor_3_logblog.jpg 1024w\" sizes=\"auto, (max-width: 300px) 100vw, 300px\" \/><\/a><\/p>\n<p><strong>En resumen, los mayores no solo merecen un lugar de respeto en la sociedad por su contribuci\u00f3n pasada, sino que tambi\u00e9n deben ser considerados como una fuente valiosa de conocimiento y experiencia para el presente y el futuro de la sociedad.<\/strong><\/p>\n<p><strong>La inclusi\u00f3n de los mayores no solo beneficia a esta poblaci\u00f3n, sino que tambi\u00e9n enriquece a toda la sociedad. Debemos valorar su contribuci\u00f3n y crear un entorno que les permita vivir con dignidad y participar activamente en la comunidad.\u00a0<\/strong><\/p>\n<p>\u00bfY t\u00fa que opinas? Puedes dejar tus comentarios debajo del post \u00a1Saludos!<\/p>\n<p>M\u00e1s informaci\u00f3n:<\/p>\n<ul>\n<li><a href=\"https:\/\/www.cuidum.com\/blog\/como-son-tratadas-las-personas-mayores-en-la-sociedad-actual\/\" target=\"_blank\" rel=\"noopener\">Cuidum.com<\/a><\/li>\n<li><a href=\"https:\/\/pensium.es\/papel-personas-mayores-sociedad-moderna\/\" target=\"_blank\" rel=\"noopener\">Pensium.es<\/a><\/li>\n<li><a href=\"http:\/\/www.fbg.ub.edu\/es\/actualidad\/la-sociedad-deberia-ser-mas-inclusiva-y-permitir-que-las-personas-mayores-tengan-mas-autonomia-para-decidir\/\" target=\"_blank\" rel=\"noopener\">Fbg.ub.edu<\/a><\/li>\n<li><a href=\"https:\/\/sindicatoasit.es\/vida-laboral\/empresas-inclusivas-para-los-mayores\/\" target=\"_blank\" rel=\"noopener\">Sindicatoasit.es<\/a><\/li>\n<li><a href=\"https:\/\/hogardemontesdeoca.com\/2024\/02\/19\/hacia-un-futuro-inclusivo-la-importancia-de-integrar-a-los-adultos-mayores-en-la-sociedad\/\" target=\"_blank\" rel=\"noopener\">Hogardemontesdeoca.com<\/a><\/li>\n<\/ul>\n","protected":false},"excerpt":{"rendered":"<p>La aceptaci\u00f3n de las personas mayores en nuestra sociedad actual es un tema de gran relevancia.\u00a0Hist\u00f3ricamente, los mayores han sido respetados y venerados por su sabidur\u00eda y experiencia, pero en las sociedades modernas, su papel ha sido relegado a un segundo plano. El involucramiento de los adultos mayores es clave para transformar la percepci\u00f3n de [&hellip;]<\/p>\n","protected":false},"author":1,"featured_media":4627,"comment_status":"open","ping_status":"closed","sticky":false,"template":"","format":"standard","meta":{"site-container-style":"default","site-container-layout":"default","site-sidebar-layout":"default","disable-article-header":"default","disable-site-header":"default","disable-site-footer":"default","disable-content-area-spacing":"default","_jetpack_newsletter_access":"","_jetpack_dont_email_post_to_subs":false,"_jetpack_newsletter_tier_id":0,"_jetpack_memberships_contains_paywalled_content":false,"_jetpack_feature_clip_id":0,"_jetpack_memberships_contains_paid_content":false,"footnotes":"","jetpack_publicize_message":"","jetpack_publicize_feature_enabled":true,"jetpack_social_post_already_shared":false,"jetpack_social_options":{"image_generator_settings":{"template":"highway","default_image_id":0,"font":"","enabled":false},"version":2},"jetpack_post_was_ever_published":false},"categories":[15],"tags":[2303,2281,2278,2287,2295,2307,68,1364,2292,999,2299,2302,2290,2280,2291,2294,957,330,2309,2282,2297,998,2300,403,2001,2298,2286,1023,2296,2285,2304,2289,2284,2301,2279,2288,2306,2308,2293,2283,2305],"class_list":["post-4618","post","type-post","status-publish","format-standard","has-post-thumbnail","hentry","category-noticias-sociales","tag-acceso-igualitario","tag-aceptacion","tag-adulto-mayor","tag-adultos-mayores","tag-aprovechar-su-experiencia","tag-bienestar","tag-blog-de-rafael-ramirez","tag-cambios-sociales-y-culturales","tag-cultural-y-social","tag-desigualdad-social","tag-empresas-inclusivas","tag-envejecimiento","tag-esperanzadora","tag-experiencia","tag-fomentar-la-inclusion","tag-garantizar-su-bienestar","tag-labor-social","tag-noticias-sociales","tag-nuevas-generaciones","tag-personas-mayores","tag-politicas-publicas-inclusivas","tag-problema-social","tag-promover-la-autonomia","tag-proyectos-sociales","tag-red-social-y-familiar","tag-relaciones-intergeneracionales","tag-relegado","tag-responsabilidad-social","tag-sabiduria","tag-segundo-plano","tag-servicios-de-salud","tag-sociedad","tag-sociedades-modernas","tag-superar-los-estereotipos","tag-tercera-edad","tag-transformar","tag-transporte","tag-valores-humanos-y-culturales","tag-valores-sociales","tag-venerados-por-su-sabiduria","tag-vivienda"],"yoast_head":"<!-- This site is optimized with the Yoast SEO plugin v28.4 - https:\/\/yoast.com\/product\/yoast-seo-wordpress\/ -->\n<title>Mayores: una fuente valiosa de conocimiento y experiencia para el presente y el futuro de la sociedad. - Blog de Rafael Ram\u00edrez<\/title>\n<meta name=\"robots\" content=\"index, follow, max-snippet:-1, max-image-preview:large, max-video-preview:-1\" \/>\n<link rel=\"canonical\" href=\"https:\/\/rafaramirez.org\/blog\/index.php\/2024\/06\/03\/mayores-una-fuente-valiosa-de-conocimiento-y-experiencia-para-el-presente-y-el-futuro-de-la-sociedad\/\" \/>\n<meta property=\"og:locale\" content=\"es_ES\" \/>\n<meta property=\"og:type\" content=\"article\" \/>\n<meta property=\"og:title\" content=\"Mayores: una fuente valiosa de conocimiento y experiencia para el presente y el futuro de la sociedad. - Blog de Rafael Ram\u00edrez\" \/>\n<meta property=\"og:description\" content=\"La aceptaci\u00f3n de las personas mayores en nuestra sociedad actual es un tema de gran relevancia.\u00a0Hist\u00f3ricamente, los mayores han sido respetados y venerados por su sabidur\u00eda y experiencia, pero en las sociedades modernas, su papel ha sido relegado a un segundo plano. El involucramiento de los adultos mayores es clave para transformar la percepci\u00f3n de [&hellip;]\" \/>\n<meta property=\"og:url\" content=\"https:\/\/rafaramirez.org\/blog\/index.php\/2024\/06\/03\/mayores-una-fuente-valiosa-de-conocimiento-y-experiencia-para-el-presente-y-el-futuro-de-la-sociedad\/\" \/>\n<meta property=\"og:site_name\" content=\"Blog de Rafael Ram\u00edrez\" \/>\n<meta property=\"article:published_time\" content=\"2024-06-03T06:15:13+00:00\" \/>\n<meta property=\"og:image\" content=\"https:\/\/rafaramirez.org\/blog\/wp-content\/uploads\/2024\/06\/Adulto_Mayor_bannerlogblog2.jpg\" \/>\n\t<meta property=\"og:image:width\" content=\"650\" \/>\n\t<meta property=\"og:image:height\" content=\"650\" \/>\n\t<meta property=\"og:image:type\" content=\"image\/jpeg\" \/>\n<meta name=\"author\" content=\"Rafael Ram\u00edrez\" \/>\n<meta name=\"twitter:card\" content=\"summary_large_image\" \/>\n<meta name=\"twitter:creator\" content=\"@rafaramirez_ok\" \/>\n<meta name=\"twitter:site\" content=\"@rafaramirez_ok\" \/>\n<meta name=\"twitter:label1\" content=\"Escrito por\" \/>\n\t<meta name=\"twitter:data1\" content=\"Rafael Ram\u00edrez\" \/>\n\t<meta name=\"twitter:label2\" content=\"Tiempo de lectura\" \/>\n\t<meta name=\"twitter:data2\" content=\"3 minutos\" \/>\n<script type=\"application\/ld+json\" class=\"yoast-schema-graph\">{\"@context\":\"https:\\\/\\\/schema.org\",\"@graph\":[{\"@type\":\"Article\",\"@id\":\"https:\\\/\\\/rafaramirez.org\\\/blog\\\/index.php\\\/2024\\\/06\\\/03\\\/mayores-una-fuente-valiosa-de-conocimiento-y-experiencia-para-el-presente-y-el-futuro-de-la-sociedad\\\/#article\",\"isPartOf\":{\"@id\":\"https:\\\/\\\/rafaramirez.org\\\/blog\\\/index.php\\\/2024\\\/06\\\/03\\\/mayores-una-fuente-valiosa-de-conocimiento-y-experiencia-para-el-presente-y-el-futuro-de-la-sociedad\\\/\"},\"author\":{\"name\":\"Rafael Ram\u00edrez\",\"@id\":\"https:\\\/\\\/rafaramirez.org\\\/blog\\\/#\\\/schema\\\/person\\\/50f43b6d60c578760d4c17bda54ab6a5\"},\"headline\":\"Mayores: una fuente valiosa de conocimiento y experiencia para el presente y el futuro de la sociedad.\",\"datePublished\":\"2024-06-03T06:15:13+00:00\",\"mainEntityOfPage\":{\"@id\":\"https:\\\/\\\/rafaramirez.org\\\/blog\\\/index.php\\\/2024\\\/06\\\/03\\\/mayores-una-fuente-valiosa-de-conocimiento-y-experiencia-para-el-presente-y-el-futuro-de-la-sociedad\\\/\"},\"wordCount\":606,\"commentCount\":0,\"publisher\":{\"@id\":\"https:\\\/\\\/rafaramirez.org\\\/blog\\\/#\\\/schema\\\/person\\\/50f43b6d60c578760d4c17bda54ab6a5\"},\"image\":{\"@id\":\"https:\\\/\\\/rafaramirez.org\\\/blog\\\/index.php\\\/2024\\\/06\\\/03\\\/mayores-una-fuente-valiosa-de-conocimiento-y-experiencia-para-el-presente-y-el-futuro-de-la-sociedad\\\/#primaryimage\"},\"thumbnailUrl\":\"https:\\\/\\\/rafaramirez.org\\\/blog\\\/wp-content\\\/uploads\\\/2024\\\/06\\\/Adulto_Mayor_bannerlogblog2.jpg\",\"keywords\":[\"acceso igualitario\",\"aceptaci\u00f3n\",\"Adulto Mayor\",\"adultos mayores\",\"aprovechar su experiencia\",\"bienestar\",\"blog de Rafael Ram\u00edrez\",\"cambios sociales y culturales\",\"cultural y social\",\"Desigualdad social\",\"Empresas inclusivas\",\"envejecimiento\",\"esperanzadora\",\"experiencia\",\"fomentar la inclusi\u00f3n\",\"garantizar su bienestar\",\"labor social\",\"noticias sociales\",\"nuevas generaciones\",\"personas mayores\",\"Pol\u00edticas p\u00fablicas inclusivas\",\"problema social\",\"Promover la autonom\u00eda\",\"proyectos sociales\",\"red social y familiar\",\"Relaciones intergeneracionales\",\"relegado\",\"responsabilidad social\",\"sabidur\u00eda\",\"segundo plano\",\"servicios de salud\",\"sociedad\",\"sociedades modernas\",\"superar los estereotipos\",\"Tercera edad\",\"transformar\",\"transporte\",\"valores humanos y culturales\",\"valores sociales\",\"venerados por su sabidur\u00eda\",\"vivienda\"],\"articleSection\":[\"Informe social\"],\"inLanguage\":\"es\",\"potentialAction\":[{\"@type\":\"CommentAction\",\"name\":\"Comment\",\"target\":[\"https:\\\/\\\/rafaramirez.org\\\/blog\\\/index.php\\\/2024\\\/06\\\/03\\\/mayores-una-fuente-valiosa-de-conocimiento-y-experiencia-para-el-presente-y-el-futuro-de-la-sociedad\\\/#respond\"]}]},{\"@type\":\"WebPage\",\"@id\":\"https:\\\/\\\/rafaramirez.org\\\/blog\\\/index.php\\\/2024\\\/06\\\/03\\\/mayores-una-fuente-valiosa-de-conocimiento-y-experiencia-para-el-presente-y-el-futuro-de-la-sociedad\\\/\",\"url\":\"https:\\\/\\\/rafaramirez.org\\\/blog\\\/index.php\\\/2024\\\/06\\\/03\\\/mayores-una-fuente-valiosa-de-conocimiento-y-experiencia-para-el-presente-y-el-futuro-de-la-sociedad\\\/\",\"name\":\"Mayores: una fuente valiosa de conocimiento y experiencia para el presente y el futuro de la sociedad. - Blog de Rafael Ram\u00edrez\",\"isPartOf\":{\"@id\":\"https:\\\/\\\/rafaramirez.org\\\/blog\\\/#website\"},\"primaryImageOfPage\":{\"@id\":\"https:\\\/\\\/rafaramirez.org\\\/blog\\\/index.php\\\/2024\\\/06\\\/03\\\/mayores-una-fuente-valiosa-de-conocimiento-y-experiencia-para-el-presente-y-el-futuro-de-la-sociedad\\\/#primaryimage\"},\"image\":{\"@id\":\"https:\\\/\\\/rafaramirez.org\\\/blog\\\/index.php\\\/2024\\\/06\\\/03\\\/mayores-una-fuente-valiosa-de-conocimiento-y-experiencia-para-el-presente-y-el-futuro-de-la-sociedad\\\/#primaryimage\"},\"thumbnailUrl\":\"https:\\\/\\\/rafaramirez.org\\\/blog\\\/wp-content\\\/uploads\\\/2024\\\/06\\\/Adulto_Mayor_bannerlogblog2.jpg\",\"datePublished\":\"2024-06-03T06:15:13+00:00\",\"breadcrumb\":{\"@id\":\"https:\\\/\\\/rafaramirez.org\\\/blog\\\/index.php\\\/2024\\\/06\\\/03\\\/mayores-una-fuente-valiosa-de-conocimiento-y-experiencia-para-el-presente-y-el-futuro-de-la-sociedad\\\/#breadcrumb\"},\"inLanguage\":\"es\",\"potentialAction\":[{\"@type\":\"ReadAction\",\"target\":[\"https:\\\/\\\/rafaramirez.org\\\/blog\\\/index.php\\\/2024\\\/06\\\/03\\\/mayores-una-fuente-valiosa-de-conocimiento-y-experiencia-para-el-presente-y-el-futuro-de-la-sociedad\\\/\"]}]},{\"@type\":\"ImageObject\",\"inLanguage\":\"es\",\"@id\":\"https:\\\/\\\/rafaramirez.org\\\/blog\\\/index.php\\\/2024\\\/06\\\/03\\\/mayores-una-fuente-valiosa-de-conocimiento-y-experiencia-para-el-presente-y-el-futuro-de-la-sociedad\\\/#primaryimage\",\"url\":\"https:\\\/\\\/rafaramirez.org\\\/blog\\\/wp-content\\\/uploads\\\/2024\\\/06\\\/Adulto_Mayor_bannerlogblog2.jpg\",\"contentUrl\":\"https:\\\/\\\/rafaramirez.org\\\/blog\\\/wp-content\\\/uploads\\\/2024\\\/06\\\/Adulto_Mayor_bannerlogblog2.jpg\",\"width\":650,\"height\":650,\"caption\":\"Adulto Mayor fuente valiosa de conocimiento y experiencia. Blog de Rafael Ram\u00edrez.\"},{\"@type\":\"BreadcrumbList\",\"@id\":\"https:\\\/\\\/rafaramirez.org\\\/blog\\\/index.php\\\/2024\\\/06\\\/03\\\/mayores-una-fuente-valiosa-de-conocimiento-y-experiencia-para-el-presente-y-el-futuro-de-la-sociedad\\\/#breadcrumb\",\"itemListElement\":[{\"@type\":\"ListItem\",\"position\":1,\"name\":\"Portada\",\"item\":\"https:\\\/\\\/rafaramirez.org\\\/blog\\\/\"},{\"@type\":\"ListItem\",\"position\":2,\"name\":\"Mayores: una fuente valiosa de conocimiento y experiencia para el presente y el futuro de la sociedad.\"}]},{\"@type\":\"WebSite\",\"@id\":\"https:\\\/\\\/rafaramirez.org\\\/blog\\\/#website\",\"url\":\"https:\\\/\\\/rafaramirez.org\\\/blog\\\/\",\"name\":\"Blog de Rafael Ram\u00edrez\",\"description\":\"Un sitio social, de arte y cultura\",\"publisher\":{\"@id\":\"https:\\\/\\\/rafaramirez.org\\\/blog\\\/#\\\/schema\\\/person\\\/50f43b6d60c578760d4c17bda54ab6a5\"},\"potentialAction\":[{\"@type\":\"SearchAction\",\"target\":{\"@type\":\"EntryPoint\",\"urlTemplate\":\"https:\\\/\\\/rafaramirez.org\\\/blog\\\/?s={search_term_string}\"},\"query-input\":{\"@type\":\"PropertyValueSpecification\",\"valueRequired\":true,\"valueName\":\"search_term_string\"}}],\"inLanguage\":\"es\"},{\"@type\":[\"Person\",\"Organization\"],\"@id\":\"https:\\\/\\\/rafaramirez.org\\\/blog\\\/#\\\/schema\\\/person\\\/50f43b6d60c578760d4c17bda54ab6a5\",\"name\":\"Rafael Ram\u00edrez\",\"image\":{\"@type\":\"ImageObject\",\"inLanguage\":\"es\",\"@id\":\"https:\\\/\\\/rafaramirez.org\\\/blog\\\/wp-content\\\/uploads\\\/2024\\\/09\\\/RR_socialnetwork.jpg\",\"url\":\"https:\\\/\\\/rafaramirez.org\\\/blog\\\/wp-content\\\/uploads\\\/2024\\\/09\\\/RR_socialnetwork.jpg\",\"contentUrl\":\"https:\\\/\\\/rafaramirez.org\\\/blog\\\/wp-content\\\/uploads\\\/2024\\\/09\\\/RR_socialnetwork.jpg\",\"width\":600,\"height\":606,\"caption\":\"Rafael Ram\u00edrez\"},\"logo\":{\"@id\":\"https:\\\/\\\/rafaramirez.org\\\/blog\\\/wp-content\\\/uploads\\\/2024\\\/09\\\/RR_socialnetwork.jpg\"},\"sameAs\":[\"https:\\\/\\\/www.rafaramirez.org\\\/blog\",\"https:\\\/\\\/www.instagram.com\\\/rafaramirez_ok\\\/\",\"https:\\\/\\\/es.pinterest.com\\\/Ramirez_Rafa\\\/\",\"https:\\\/\\\/x.com\\\/rafaramirez_ok\"],\"url\":\"https:\\\/\\\/rafaramirez.org\\\/blog\\\/index.php\\\/author\\\/rafaell_qm6j97da\\\/\"}]}<\/script>\n<!-- \/ Yoast SEO plugin. -->","yoast_head_json":{"title":"Mayores: una fuente valiosa de conocimiento y experiencia para el presente y el futuro de la sociedad. - Blog de Rafael Ram\u00edrez","robots":{"index":"index","follow":"follow","max-snippet":"max-snippet:-1","max-image-preview":"max-image-preview:large","max-video-preview":"max-video-preview:-1"},"canonical":"https:\/\/rafaramirez.org\/blog\/index.php\/2024\/06\/03\/mayores-una-fuente-valiosa-de-conocimiento-y-experiencia-para-el-presente-y-el-futuro-de-la-sociedad\/","og_locale":"es_ES","og_type":"article","og_title":"Mayores: una fuente valiosa de conocimiento y experiencia para el presente y el futuro de la sociedad. - Blog de Rafael Ram\u00edrez","og_description":"La aceptaci\u00f3n de las personas mayores en nuestra sociedad actual es un tema de gran relevancia.\u00a0Hist\u00f3ricamente, los mayores han sido respetados y venerados por su sabidur\u00eda y experiencia, pero en las sociedades modernas, su papel ha sido relegado a un segundo plano. El involucramiento de los adultos mayores es clave para transformar la percepci\u00f3n de [&hellip;]","og_url":"https:\/\/rafaramirez.org\/blog\/index.php\/2024\/06\/03\/mayores-una-fuente-valiosa-de-conocimiento-y-experiencia-para-el-presente-y-el-futuro-de-la-sociedad\/","og_site_name":"Blog de Rafael Ram\u00edrez","article_published_time":"2024-06-03T06:15:13+00:00","og_image":[{"width":650,"height":650,"url":"https:\/\/rafaramirez.org\/blog\/wp-content\/uploads\/2024\/06\/Adulto_Mayor_bannerlogblog2.jpg","type":"image\/jpeg"}],"author":"Rafael Ram\u00edrez","twitter_card":"summary_large_image","twitter_creator":"@rafaramirez_ok","twitter_site":"@rafaramirez_ok","twitter_misc":{"Escrito por":"Rafael Ram\u00edrez","Tiempo de lectura":"3 minutos"},"schema":{"@context":"https:\/\/schema.org","@graph":[{"@type":"Article","@id":"https:\/\/rafaramirez.org\/blog\/index.php\/2024\/06\/03\/mayores-una-fuente-valiosa-de-conocimiento-y-experiencia-para-el-presente-y-el-futuro-de-la-sociedad\/#article","isPartOf":{"@id":"https:\/\/rafaramirez.org\/blog\/index.php\/2024\/06\/03\/mayores-una-fuente-valiosa-de-conocimiento-y-experiencia-para-el-presente-y-el-futuro-de-la-sociedad\/"},"author":{"name":"Rafael Ram\u00edrez","@id":"https:\/\/rafaramirez.org\/blog\/#\/schema\/person\/50f43b6d60c578760d4c17bda54ab6a5"},"headline":"Mayores: una fuente valiosa de conocimiento y experiencia para el presente y el futuro de la sociedad.","datePublished":"2024-06-03T06:15:13+00:00","mainEntityOfPage":{"@id":"https:\/\/rafaramirez.org\/blog\/index.php\/2024\/06\/03\/mayores-una-fuente-valiosa-de-conocimiento-y-experiencia-para-el-presente-y-el-futuro-de-la-sociedad\/"},"wordCount":606,"commentCount":0,"publisher":{"@id":"https:\/\/rafaramirez.org\/blog\/#\/schema\/person\/50f43b6d60c578760d4c17bda54ab6a5"},"image":{"@id":"https:\/\/rafaramirez.org\/blog\/index.php\/2024\/06\/03\/mayores-una-fuente-valiosa-de-conocimiento-y-experiencia-para-el-presente-y-el-futuro-de-la-sociedad\/#primaryimage"},"thumbnailUrl":"https:\/\/rafaramirez.org\/blog\/wp-content\/uploads\/2024\/06\/Adulto_Mayor_bannerlogblog2.jpg","keywords":["acceso igualitario","aceptaci\u00f3n","Adulto Mayor","adultos mayores","aprovechar su experiencia","bienestar","blog de Rafael Ram\u00edrez","cambios sociales y culturales","cultural y social","Desigualdad social","Empresas inclusivas","envejecimiento","esperanzadora","experiencia","fomentar la inclusi\u00f3n","garantizar su bienestar","labor social","noticias sociales","nuevas generaciones","personas mayores","Pol\u00edticas p\u00fablicas inclusivas","problema social","Promover la autonom\u00eda","proyectos sociales","red social y familiar","Relaciones intergeneracionales","relegado","responsabilidad social","sabidur\u00eda","segundo plano","servicios de salud","sociedad","sociedades modernas","superar los estereotipos","Tercera edad","transformar","transporte","valores humanos y culturales","valores sociales","venerados por su sabidur\u00eda","vivienda"],"articleSection":["Informe social"],"inLanguage":"es","potentialAction":[{"@type":"CommentAction","name":"Comment","target":["https:\/\/rafaramirez.org\/blog\/index.php\/2024\/06\/03\/mayores-una-fuente-valiosa-de-conocimiento-y-experiencia-para-el-presente-y-el-futuro-de-la-sociedad\/#respond"]}]},{"@type":"WebPage","@id":"https:\/\/rafaramirez.org\/blog\/index.php\/2024\/06\/03\/mayores-una-fuente-valiosa-de-conocimiento-y-experiencia-para-el-presente-y-el-futuro-de-la-sociedad\/","url":"https:\/\/rafaramirez.org\/blog\/index.php\/2024\/06\/03\/mayores-una-fuente-valiosa-de-conocimiento-y-experiencia-para-el-presente-y-el-futuro-de-la-sociedad\/","name":"Mayores: una fuente valiosa de conocimiento y experiencia para el presente y el futuro de la sociedad. - Blog de Rafael Ram\u00edrez","isPartOf":{"@id":"https:\/\/rafaramirez.org\/blog\/#website"},"primaryImageOfPage":{"@id":"https:\/\/rafaramirez.org\/blog\/index.php\/2024\/06\/03\/mayores-una-fuente-valiosa-de-conocimiento-y-experiencia-para-el-presente-y-el-futuro-de-la-sociedad\/#primaryimage"},"image":{"@id":"https:\/\/rafaramirez.org\/blog\/index.php\/2024\/06\/03\/mayores-una-fuente-valiosa-de-conocimiento-y-experiencia-para-el-presente-y-el-futuro-de-la-sociedad\/#primaryimage"},"thumbnailUrl":"https:\/\/rafaramirez.org\/blog\/wp-content\/uploads\/2024\/06\/Adulto_Mayor_bannerlogblog2.jpg","datePublished":"2024-06-03T06:15:13+00:00","breadcrumb":{"@id":"https:\/\/rafaramirez.org\/blog\/index.php\/2024\/06\/03\/mayores-una-fuente-valiosa-de-conocimiento-y-experiencia-para-el-presente-y-el-futuro-de-la-sociedad\/#breadcrumb"},"inLanguage":"es","potentialAction":[{"@type":"ReadAction","target":["https:\/\/rafaramirez.org\/blog\/index.php\/2024\/06\/03\/mayores-una-fuente-valiosa-de-conocimiento-y-experiencia-para-el-presente-y-el-futuro-de-la-sociedad\/"]}]},{"@type":"ImageObject","inLanguage":"es","@id":"https:\/\/rafaramirez.org\/blog\/index.php\/2024\/06\/03\/mayores-una-fuente-valiosa-de-conocimiento-y-experiencia-para-el-presente-y-el-futuro-de-la-sociedad\/#primaryimage","url":"https:\/\/rafaramirez.org\/blog\/wp-content\/uploads\/2024\/06\/Adulto_Mayor_bannerlogblog2.jpg","contentUrl":"https:\/\/rafaramirez.org\/blog\/wp-content\/uploads\/2024\/06\/Adulto_Mayor_bannerlogblog2.jpg","width":650,"height":650,"caption":"Adulto Mayor fuente valiosa de conocimiento y experiencia. Blog de Rafael Ram\u00edrez."},{"@type":"BreadcrumbList","@id":"https:\/\/rafaramirez.org\/blog\/index.php\/2024\/06\/03\/mayores-una-fuente-valiosa-de-conocimiento-y-experiencia-para-el-presente-y-el-futuro-de-la-sociedad\/#breadcrumb","itemListElement":[{"@type":"ListItem","position":1,"name":"Portada","item":"https:\/\/rafaramirez.org\/blog\/"},{"@type":"ListItem","position":2,"name":"Mayores: una fuente valiosa de conocimiento y experiencia para el presente y el futuro de la sociedad."}]},{"@type":"WebSite","@id":"https:\/\/rafaramirez.org\/blog\/#website","url":"https:\/\/rafaramirez.org\/blog\/","name":"Blog de Rafael Ram\u00edrez","description":"Un sitio social, de arte y cultura","publisher":{"@id":"https:\/\/rafaramirez.org\/blog\/#\/schema\/person\/50f43b6d60c578760d4c17bda54ab6a5"},"potentialAction":[{"@type":"SearchAction","target":{"@type":"EntryPoint","urlTemplate":"https:\/\/rafaramirez.org\/blog\/?s={search_term_string}"},"query-input":{"@type":"PropertyValueSpecification","valueRequired":true,"valueName":"search_term_string"}}],"inLanguage":"es"},{"@type":["Person","Organization"],"@id":"https:\/\/rafaramirez.org\/blog\/#\/schema\/person\/50f43b6d60c578760d4c17bda54ab6a5","name":"Rafael Ram\u00edrez","image":{"@type":"ImageObject","inLanguage":"es","@id":"https:\/\/rafaramirez.org\/blog\/wp-content\/uploads\/2024\/09\/RR_socialnetwork.jpg","url":"https:\/\/rafaramirez.org\/blog\/wp-content\/uploads\/2024\/09\/RR_socialnetwork.jpg","contentUrl":"https:\/\/rafaramirez.org\/blog\/wp-content\/uploads\/2024\/09\/RR_socialnetwork.jpg","width":600,"height":606,"caption":"Rafael Ram\u00edrez"},"logo":{"@id":"https:\/\/rafaramirez.org\/blog\/wp-content\/uploads\/2024\/09\/RR_socialnetwork.jpg"},"sameAs":["https:\/\/www.rafaramirez.org\/blog","https:\/\/www.instagram.com\/rafaramirez_ok\/","https:\/\/es.pinterest.com\/Ramirez_Rafa\/","https:\/\/x.com\/rafaramirez_ok"],"url":"https:\/\/rafaramirez.org\/blog\/index.php\/author\/rafaell_qm6j97da\/"}]}},"jetpack_publicize_connections":[],"jetpack_sharing_enabled":true,"jetpack_likes_enabled":true,"jetpack_featured_media_url":"https:\/\/rafaramirez.org\/blog\/wp-content\/uploads\/2024\/06\/Adulto_Mayor_bannerlogblog2.jpg","_links":{"self":[{"href":"https:\/\/rafaramirez.org\/blog\/index.php\/wp-json\/wp\/v2\/posts\/4618","targetHints":{"allow":["GET"]}}],"collection":[{"href":"https:\/\/rafaramirez.org\/blog\/index.php\/wp-json\/wp\/v2\/posts"}],"about":[{"href":"https:\/\/rafaramirez.org\/blog\/index.php\/wp-json\/wp\/v2\/types\/post"}],"author":[{"embeddable":true,"href":"https:\/\/rafaramirez.org\/blog\/index.php\/wp-json\/wp\/v2\/users\/1"}],"replies":[{"embeddable":true,"href":"https:\/\/rafaramirez.org\/blog\/index.php\/wp-json\/wp\/v2\/comments?post=4618"}],"version-history":[{"count":5,"href":"https:\/\/rafaramirez.org\/blog\/index.php\/wp-json\/wp\/v2\/posts\/4618\/revisions"}],"predecessor-version":[{"id":4628,"href":"https:\/\/rafaramirez.org\/blog\/index.php\/wp-json\/wp\/v2\/posts\/4618\/revisions\/4628"}],"wp:featuredmedia":[{"embeddable":true,"href":"https:\/\/rafaramirez.org\/blog\/index.php\/wp-json\/wp\/v2\/media\/4627"}],"wp:attachment":[{"href":"https:\/\/rafaramirez.org\/blog\/index.php\/wp-json\/wp\/v2\/media?parent=4618"}],"wp:term":[{"taxonomy":"category","embeddable":true,"href":"https:\/\/rafaramirez.org\/blog\/index.php\/wp-json\/wp\/v2\/categories?post=4618"},{"taxonomy":"post_tag","embeddable":true,"href":"https:\/\/rafaramirez.org\/blog\/index.php\/wp-json\/wp\/v2\/tags?post=4618"}],"curies":[{"name":"wp","href":"https:\/\/api.w.org\/{rel}","templated":true}]}}