{"id":4605,"date":"2024-05-31T08:15:09","date_gmt":"2024-05-31T06:15:09","guid":{"rendered":"https:\/\/rafaramirez.org\/blog\/?p=4605"},"modified":"2024-05-29T13:20:05","modified_gmt":"2024-05-29T11:20:05","slug":"balzac-y-la-joven-costurera-china-de-dai-sijie-un-homenaje-al-poder-de-la-palabra-escrita-y-al-deseo-innato-de-libertad","status":"publish","type":"post","link":"https:\/\/rafaramirez.org\/blog\/index.php\/2024\/05\/31\/balzac-y-la-joven-costurera-china-de-dai-sijie-un-homenaje-al-poder-de-la-palabra-escrita-y-al-deseo-innato-de-libertad\/","title":{"rendered":"\u00abBalzac y la joven costurera china\u00bb de Dai Sijie: un homenaje al poder de la palabra escrita y al deseo innato de libertad."},"content":{"rendered":"<p><strong>\u201cBalzac y la joven costurera china\u201d<\/strong> es una novela del autor\u00a0<strong>Dai Sijie<\/strong> que fue publicada originalmente en franc\u00e9s con el t\u00edtulo <strong>\u201cBalzac et la petite tailleuse chinoise\u201d<\/strong> en el a\u00f1o 2000. La historia es un relato semi-autobiogr\u00e1fico ambientado en China durante la \u00e9poca de la Revoluci\u00f3n Cultural.<\/p>\n<figure id=\"attachment_4610\" aria-describedby=\"caption-attachment-4610\" style=\"width: 188px\" class=\"wp-caption aligncenter\"><a href=\"https:\/\/rafaramirez.org\/blog\/wp-content\/uploads\/2024\/05\/Balzac-y-la-joven-costurera-china_3.jpg\" target=\"_blank\" rel=\"noopener\"><img loading=\"lazy\" decoding=\"async\" class=\"wp-image-4610 size-medium\" src=\"https:\/\/rafaramirez.org\/blog\/wp-content\/uploads\/2024\/05\/Balzac-y-la-joven-costurera-china_3-188x300.jpg\" alt=\"Balzac y la joven costurera china es una novela del autor\u00a0Dai Sijie. Blog de Rafael Ram\u00edrez.\" width=\"188\" height=\"300\" srcset=\"https:\/\/rafaramirez.org\/blog\/wp-content\/uploads\/2024\/05\/Balzac-y-la-joven-costurera-china_3-188x300.jpg 188w, https:\/\/rafaramirez.org\/blog\/wp-content\/uploads\/2024\/05\/Balzac-y-la-joven-costurera-china_3.jpg 600w\" sizes=\"auto, (max-width: 188px) 100vw, 188px\" \/><\/a><figcaption id=\"caption-attachment-4610\" class=\"wp-caption-text\">\u201cBalzac y la joven costurera china\u201d es una novela del autor\u00a0Dai Sijie.<\/figcaption><\/figure>\n<p>La trama sigue a dos adolescentes chinos que son enviados a una aldea remota en las monta\u00f1as del F\u00e9nix del Cielo, cerca de la frontera con el T\u00edbet, como parte del proceso de \u201creeducaci\u00f3n\u201d impuesto por\u00a0<strong>Mao Zedong<\/strong> a finales de los a\u00f1os sesenta. Las condiciones de vida son extremadamente duras y las posibilidades de regresar a la vida urbana son escasas. Sin embargo, la aparici\u00f3n de una maleta llena de libros prohibidos de la literatura occidental, como las obras de\u00a0<strong>Balzac<\/strong>,\u00a0<strong>Dumas<\/strong>,\u00a0<strong>Stendhal<\/strong>\u00a0y\u00a0<strong>Romain Rolland<\/strong>, cambia sus vidas.\u00a0A trav\u00e9s de la lectura, los j\u00f3venes descubren un mundo lleno de poes\u00eda, sentimientos y pasiones desconocidas.<\/p>\n<p>La novela ha sido elogiada por su tono narrativo ligero y casi fabuloso, que logra hacer sonre\u00edr al lector a pesar de la dureza de los hechos narrados. Una oda al poder transformador de la escritura y el anhelo por la libertad, que adem\u00e1s ha sido un fen\u00f3meno literario en Francia.<\/p>\n<h4>La novela llevada al cine.<\/h4>\n<p>Dai Sijie\u00a0dirigi\u00f3 y adapt\u00f3 su novela \u201cBalzac y la joven costurera china\u201d al cine.\u00a0La pel\u00edcula fue estrenada en\u00a02002\u00a0y lleva el t\u00edtulo original de\u00a0<strong>\u00abXiao cai feng\u00bb<\/strong>. Aqu\u00ed tienes algunos detalles sobre la adaptaci\u00f3n cinematogr\u00e1fica:<\/p>\n<ul>\n<li><strong>T\u00edtulo<\/strong>: \u201cBalzac y la joven costurera china\u201d.<\/li>\n<li><strong>A\u00f1o de estreno<\/strong>:\u00a0<strong>2002<\/strong>.<\/li>\n<li><strong>Duraci\u00f3n<\/strong>:\u00a0<strong>116 minutos<\/strong>.<\/li>\n<li><strong>Pa\u00eds<\/strong>:\u00a0<strong>China<\/strong>.<\/li>\n<li><strong>Director<\/strong>:\u00a0<strong>Dai Sijie<\/strong>.<\/li>\n<li><strong>Reparto<\/strong>: La pel\u00edcula est\u00e1 protagonizada por\u00a0<strong>Zhou Xun<\/strong>,\u00a0<strong>Chen Kun<\/strong>\u00a0y\u00a0<strong>Ye Liu<\/strong>.<\/li>\n<li><strong>G\u00e9neros<\/strong>: Drama, romance, comedia.<\/li>\n<\/ul>\n<figure id=\"attachment_4611\" aria-describedby=\"caption-attachment-4611\" style=\"width: 300px\" class=\"wp-caption aligncenter\"><a href=\"https:\/\/rafaramirez.org\/blog\/wp-content\/uploads\/2024\/05\/Balzac-y-la-joven-costurera-china_2.jpg\" target=\"_blank\" rel=\"noopener\"><img loading=\"lazy\" decoding=\"async\" class=\"wp-image-4611 size-medium\" src=\"https:\/\/rafaramirez.org\/blog\/wp-content\/uploads\/2024\/05\/Balzac-y-la-joven-costurera-china_2-300x200.jpg\" alt=\"Balzac y la joven costurera china escena de la pel\u00edcula de\u00a0Dai Sijie. Blog de Rafael Ram\u00edrez.\" width=\"300\" height=\"200\" srcset=\"https:\/\/rafaramirez.org\/blog\/wp-content\/uploads\/2024\/05\/Balzac-y-la-joven-costurera-china_2-300x200.jpg 300w, https:\/\/rafaramirez.org\/blog\/wp-content\/uploads\/2024\/05\/Balzac-y-la-joven-costurera-china_2.jpg 600w\" sizes=\"auto, (max-width: 300px) 100vw, 300px\" \/><\/a><figcaption id=\"caption-attachment-4611\" class=\"wp-caption-text\">Balzac y la joven costurera china, escena de la pel\u00edcula de\u00a0Dai Sijie.<\/figcaption><\/figure>\n<p>La pel\u00edcula recibi\u00f3 elogios por su enfoque en la comunicaci\u00f3n entre diferentes culturas y naciones, as\u00ed como por su reflexi\u00f3n sobre la literatura y el amor en tiempos oscuros.\u00a0Fue nominada a los\u00a0<strong>Globos de Oro<\/strong>\u00a0como Mejor pel\u00edcula de habla no inglesa y tambi\u00e9n recibi\u00f3 reconocimientos de la\u00a0<strong>Asociaci\u00f3n de Cr\u00edticos Norteamericanos<\/strong>. En resumen, es una encantadora historia de amor cinematogr\u00e1fica que captura la esencia de la novela original.<\/p>\n<p>Si tienes la oportunidad, te recomiendo ver esta pel\u00edcula para experimentar la belleza de la historia en la pantalla grande.<\/p>\n<h4>Sobre el escritor de \u00abBalzac y la joven costurera china\u00bb.<\/h4>\n<p>Dai Sijie es un cineasta y novelista chino que ha dejado una huella significativa tanto en la literatura como en el cine.\u00a0Nacido el\u00a0<strong>2 de marzo de 1954<\/strong>\u00a0en\u00a0<strong>Chengd\u00fa, Sichuan<\/strong>, su vida y obra est\u00e1n profundamente marcadas por las experiencias vividas durante la Revoluci\u00f3n Cultural en China.<\/p>\n<figure id=\"attachment_4612\" aria-describedby=\"caption-attachment-4612\" style=\"width: 300px\" class=\"wp-caption aligncenter\"><a href=\"https:\/\/rafaramirez.org\/blog\/wp-content\/uploads\/2024\/05\/Dai-Sijie_autor.jpg\" target=\"_blank\" rel=\"noopener\"><img loading=\"lazy\" decoding=\"async\" class=\"wp-image-4612 size-medium\" src=\"https:\/\/rafaramirez.org\/blog\/wp-content\/uploads\/2024\/05\/Dai-Sijie_autor-300x165.jpg\" alt=\"Dai Sijie autor literario y director cinematogr\u00e1fico de Balzac y la joven costurera china. Blog de Rafael Ram\u00edrez.\" width=\"300\" height=\"165\" srcset=\"https:\/\/rafaramirez.org\/blog\/wp-content\/uploads\/2024\/05\/Dai-Sijie_autor-300x165.jpg 300w, https:\/\/rafaramirez.org\/blog\/wp-content\/uploads\/2024\/05\/Dai-Sijie_autor.jpg 681w\" sizes=\"auto, (max-width: 300px) 100vw, 300px\" \/><\/a><figcaption id=\"caption-attachment-4612\" class=\"wp-caption-text\">Dai Sijie autor literario y director cinematogr\u00e1fico de \u00abBalzac y la joven costurera china\u00bb.<\/figcaption><\/figure>\n<p>Aqu\u00ed tienes algunos aspectos destacados de su biograf\u00eda:<\/p>\n<ul>\n<li><strong>Educaci\u00f3n<\/strong>: Dai Sijie estudi\u00f3\u00a0<strong>Historia del Arte<\/strong> y m\u00e1s tarde se form\u00f3 en una escuela de cine, donde obtuvo una beca para estudiar en el extranjero.<\/li>\n<li><strong>Reeducaci\u00f3n<\/strong>: Al igual que los personajes de su novela, fue enviado a un peque\u00f1o pueblo para ser \u201creeducado\u201d durante la Revoluci\u00f3n Cultural, una experiencia que influir\u00eda profundamente en su escritura.<\/li>\n<li><strong>Carrera en Francia<\/strong>: En\u00a0<strong>1984<\/strong>, se traslad\u00f3 a Francia, donde ha residido desde entonces.\u00a0Su primer largometraje,\u00a0<strong>\u201cChine ma douleur\u201d<\/strong>\u00a0(1989), recibi\u00f3 el premio\u00a0<strong>Jean Vigo<\/strong>.<\/li>\n<li><strong>Obras literarias<\/strong>: Adem\u00e1s de \u201cBalzac y la joven costurera china\u201d, ha escrito otras novelas como\u00a0<strong>\u201cEl complejo de Di\u201d<\/strong>\u00a0(Premio Femina en 2003),\u00a0<strong>\u201cUna noche sin luna\u201d<\/strong>,\u00a0<strong>\u201cLa acrobacia de Confucio\u201d<\/strong>\u00a0y\u00a0<strong>\u00abTres vidas chinas\u00bb<\/strong>.<\/li>\n<\/ul>\n<p>Dai Sijie ha logrado capturar en sus obras la complejidad de la vida bajo el r\u00e9gimen mao\u00edsta y la belleza de la resistencia humana a trav\u00e9s de la literatura y el arte. Su trabajo refleja un profundo entendimiento de la cultura y la historia chinas, as\u00ed como una apreciaci\u00f3n por la literatura occidental, lo que le ha permitido construir puentes entre Oriente y Occidente en sus narrativas.<\/p>\n<p><strong>Si te interesa la intersecci\u00f3n de la literatura y la historia, o las historias de superaci\u00f3n personal y el poder transformador de la lectura, este libro podr\u00eda ser una excelente elecci\u00f3n. Puedes dejar tus comentarios debajo del post \u00a1Saludos y buena lectura!<\/strong><\/p>\n<p>M\u00e1s informaci\u00f3n:<\/p>\n<ul>\n<li><a href=\"https:\/\/www.lecturalia.com\/libro\/22871\/balzac-y-la-joven-costurera-china\" target=\"_blank\" rel=\"noopener\">Lecturalia.com<\/a><\/li>\n<li><a href=\"https:\/\/academia-lab.com\/enciclopedia\/balzac-y-la-pequena-costurera-china\/\" target=\"_blank\" rel=\"noopener\">Academia-Lab.com<\/a><\/li>\n<li><a href=\"https:\/\/www.filmaffinity.com\/es\/film840862.html\" target=\"_blank\" rel=\"noopener\">FilmAffinity.com\u00a0<\/a><\/li>\n<li><a href=\"https:\/\/es.wikipedia.org\/wiki\/Dai_Sijie\" target=\"_blank\" rel=\"noopener\">Wikipedia.es<\/a><\/li>\n<li><a href=\"https:\/\/www.google.com\/search?q=balzac+y+la+joven+costurera+comprar\" target=\"_blank\" rel=\"noopener\">D\u00f3nde comprar o leer<\/a><\/li>\n<\/ul>\n<p>&nbsp;<\/p>\n","protected":false},"excerpt":{"rendered":"<p>\u201cBalzac y la joven costurera china\u201d es una novela del autor\u00a0Dai Sijie que fue publicada originalmente en franc\u00e9s con el t\u00edtulo \u201cBalzac et la petite tailleuse chinoise\u201d en el a\u00f1o 2000. La historia es un relato semi-autobiogr\u00e1fico ambientado en China durante la \u00e9poca de la Revoluci\u00f3n Cultural. La trama sigue a dos adolescentes chinos que [&hellip;]<\/p>\n","protected":false},"author":1,"featured_media":4614,"comment_status":"open","ping_status":"closed","sticky":false,"template":"","format":"standard","meta":{"site-container-style":"default","site-container-layout":"default","site-sidebar-layout":"default","disable-article-header":"default","disable-site-header":"default","disable-site-footer":"default","disable-content-area-spacing":"default","_jetpack_newsletter_access":"","_jetpack_dont_email_post_to_subs":false,"_jetpack_newsletter_tier_id":0,"_jetpack_memberships_contains_paywalled_content":false,"_jetpack_feature_clip_id":0,"_jetpack_memberships_contains_paid_content":false,"footnotes":"","jetpack_publicize_message":"","jetpack_publicize_feature_enabled":true,"jetpack_social_post_already_shared":false,"jetpack_social_options":{"image_generator_settings":{"template":"highway","default_image_id":0,"font":"","enabled":false},"version":2},"jetpack_post_was_ever_published":false},"categories":[710],"tags":[2250,2265,2276,40,2248,2271,2264,2242,68,2245,2251,2267,2253,1437,762,1456,1470,1585,2243,2043,2272,2255,2268,2054,218,1383,2258,1469,264,525,2269,2249,598,1262,2263,2256,2254,2270,2260,2266,2261,1455,2277,2274,2044,2252,2273,2262,2275,2259,2257,2247,2246,2244],"class_list":["post-4605","post","type-post","status-publish","format-standard","has-post-thumbnail","hentry","category-literatura","tag-2-de-marzo-de-1954","tag-ano-2000","tag-ano-2002","tag-arte","tag-asociacion-de-criticos-norteamericanos","tag-balzac","tag-balzac-et-la-petite-tailleuse-chinoise","tag-balzac-y-la-joven-costurera-china","tag-blog-de-rafael-ramirez","tag-chen-kun","tag-chengdu","tag-china","tag-chine-ma-douleur","tag-comedia","tag-critica-de-cine","tag-critica-de-peliculas","tag-critica-libro","tag-critica-literaria","tag-dai-sijie","tag-drama","tag-dumas","tag-el-complejo-de-di","tag-fenix-del-cielo","tag-globos-de-oro","tag-historia-de-amor","tag-historia-del-arte","tag-la-acrobacia-de-confucio","tag-libro","tag-libro-recomendado","tag-literatura","tag-mao-zedong","tag-mejor-pelicula-de-habla-no-inglesa","tag-novela","tag-novela-recomendada","tag-poder-transformador","tag-premio-femina","tag-premio-jean-vigo","tag-reeducacion","tag-regimen-maoista","tag-relato-semi-autobiografico","tag-resistencia-humana","tag-resumen-de-pelicula","tag-resumen-libro","tag-romain-rolland","tag-romance","tag-sichuan","tag-stendhal","tag-superacion-personal","tag-tono-narrativo-ligero","tag-tres-vidas-chinas","tag-una-noche-sin-luna","tag-xiao-cai-feng","tag-ye-liu","tag-zhou-xun"],"yoast_head":"<!-- This site is optimized with the Yoast SEO plugin v28.4 - https:\/\/yoast.com\/product\/yoast-seo-wordpress\/ -->\n<title>&quot;Balzac y la joven costurera china&quot; de Dai Sijie: un homenaje al poder de la palabra escrita y al deseo innato de libertad. - Blog de Rafael Ram\u00edrez<\/title>\n<meta name=\"robots\" content=\"index, follow, max-snippet:-1, max-image-preview:large, max-video-preview:-1\" \/>\n<link rel=\"canonical\" href=\"https:\/\/rafaramirez.org\/blog\/index.php\/2024\/05\/31\/balzac-y-la-joven-costurera-china-de-dai-sijie-un-homenaje-al-poder-de-la-palabra-escrita-y-al-deseo-innato-de-libertad\/\" \/>\n<meta property=\"og:locale\" content=\"es_ES\" \/>\n<meta property=\"og:type\" content=\"article\" \/>\n<meta property=\"og:title\" content=\"&quot;Balzac y la joven costurera china&quot; de Dai Sijie: un homenaje al poder de la palabra escrita y al deseo innato de libertad. - Blog de Rafael Ram\u00edrez\" \/>\n<meta property=\"og:description\" content=\"\u201cBalzac y la joven costurera china\u201d es una novela del autor\u00a0Dai Sijie que fue publicada originalmente en franc\u00e9s con el t\u00edtulo \u201cBalzac et la petite tailleuse chinoise\u201d en el a\u00f1o 2000. La historia es un relato semi-autobiogr\u00e1fico ambientado en China durante la \u00e9poca de la Revoluci\u00f3n Cultural. La trama sigue a dos adolescentes chinos que [&hellip;]\" \/>\n<meta property=\"og:url\" content=\"https:\/\/rafaramirez.org\/blog\/index.php\/2024\/05\/31\/balzac-y-la-joven-costurera-china-de-dai-sijie-un-homenaje-al-poder-de-la-palabra-escrita-y-al-deseo-innato-de-libertad\/\" \/>\n<meta property=\"og:site_name\" content=\"Blog de Rafael Ram\u00edrez\" \/>\n<meta property=\"article:published_time\" content=\"2024-05-31T06:15:09+00:00\" \/>\n<meta property=\"og:image\" content=\"https:\/\/rafaramirez.org\/blog\/wp-content\/uploads\/2024\/05\/Balzac-y-la-joven-costurera-china_1_bannerok.jpg\" \/>\n\t<meta property=\"og:image:width\" content=\"850\" \/>\n\t<meta property=\"og:image:height\" content=\"478\" \/>\n\t<meta property=\"og:image:type\" content=\"image\/jpeg\" \/>\n<meta name=\"author\" content=\"Rafael Ram\u00edrez\" \/>\n<meta name=\"twitter:card\" content=\"summary_large_image\" \/>\n<meta name=\"twitter:creator\" content=\"@rafaramirez_ok\" \/>\n<meta name=\"twitter:site\" content=\"@rafaramirez_ok\" \/>\n<meta name=\"twitter:label1\" content=\"Escrito por\" \/>\n\t<meta name=\"twitter:data1\" content=\"Rafael Ram\u00edrez\" \/>\n\t<meta name=\"twitter:label2\" content=\"Tiempo de lectura\" \/>\n\t<meta name=\"twitter:data2\" content=\"4 minutos\" \/>\n<script type=\"application\/ld+json\" class=\"yoast-schema-graph\">{\"@context\":\"https:\\\/\\\/schema.org\",\"@graph\":[{\"@type\":\"Article\",\"@id\":\"https:\\\/\\\/rafaramirez.org\\\/blog\\\/index.php\\\/2024\\\/05\\\/31\\\/balzac-y-la-joven-costurera-china-de-dai-sijie-un-homenaje-al-poder-de-la-palabra-escrita-y-al-deseo-innato-de-libertad\\\/#article\",\"isPartOf\":{\"@id\":\"https:\\\/\\\/rafaramirez.org\\\/blog\\\/index.php\\\/2024\\\/05\\\/31\\\/balzac-y-la-joven-costurera-china-de-dai-sijie-un-homenaje-al-poder-de-la-palabra-escrita-y-al-deseo-innato-de-libertad\\\/\"},\"author\":{\"name\":\"Rafael Ram\u00edrez\",\"@id\":\"https:\\\/\\\/rafaramirez.org\\\/blog\\\/#\\\/schema\\\/person\\\/50f43b6d60c578760d4c17bda54ab6a5\"},\"headline\":\"\u00abBalzac y la joven costurera china\u00bb de Dai Sijie: un homenaje al poder de la palabra escrita y al deseo innato de libertad.\",\"datePublished\":\"2024-05-31T06:15:09+00:00\",\"mainEntityOfPage\":{\"@id\":\"https:\\\/\\\/rafaramirez.org\\\/blog\\\/index.php\\\/2024\\\/05\\\/31\\\/balzac-y-la-joven-costurera-china-de-dai-sijie-un-homenaje-al-poder-de-la-palabra-escrita-y-al-deseo-innato-de-libertad\\\/\"},\"wordCount\":817,\"commentCount\":0,\"publisher\":{\"@id\":\"https:\\\/\\\/rafaramirez.org\\\/blog\\\/#\\\/schema\\\/person\\\/50f43b6d60c578760d4c17bda54ab6a5\"},\"image\":{\"@id\":\"https:\\\/\\\/rafaramirez.org\\\/blog\\\/index.php\\\/2024\\\/05\\\/31\\\/balzac-y-la-joven-costurera-china-de-dai-sijie-un-homenaje-al-poder-de-la-palabra-escrita-y-al-deseo-innato-de-libertad\\\/#primaryimage\"},\"thumbnailUrl\":\"https:\\\/\\\/rafaramirez.org\\\/blog\\\/wp-content\\\/uploads\\\/2024\\\/05\\\/Balzac-y-la-joven-costurera-china_1_bannerok.jpg\",\"keywords\":[\"2 de marzo de 1954\",\"a\u00f1o 2000\",\"a\u00f1o 2002\",\"arte\",\"Asociaci\u00f3n de Cr\u00edticos Norteamericanos\",\"Balzac\",\"Balzac et la petite tailleuse chinoise\",\"Balzac y la joven costurera china\",\"blog de Rafael Ram\u00edrez\",\"Chen Kun\",\"Chengd\u00fa\",\"China\",\"Chine ma douleur\",\"comedia\",\"cr\u00edtica de cine\",\"cr\u00edtica de pel\u00edculas\",\"critica libro\",\"cr\u00edtica literaria\",\"Dai Sijie\",\"Drama\",\"Dumas\",\"El complejo de Di\",\"F\u00e9nix del Cielo\",\"Globos de Oro\",\"historia de amor\",\"historia del arte\",\"La acrobacia de Confucio\",\"libro\",\"libro recomendado\",\"literatura\",\"Mao Zedong\",\"Mejor pel\u00edcula de habla no inglesa\",\"novela\",\"novela recomendada\",\"poder transformador\",\"Premio Femina\",\"premio\u00a0Jean Vigo\",\"reeducaci\u00f3n\",\"r\u00e9gimen mao\u00edsta\",\"relato semi-autobiogr\u00e1fico\",\"resistencia humana\",\"resumen de pel\u00edcula\",\"resumen libro\",\"Romain Rolland\",\"Romance\",\"Sichuan\",\"Stendhal\",\"superaci\u00f3n personal\",\"tono narrativo ligero\",\"Tres vidas chinas\",\"Una noche sin luna\",\"Xiao cai feng\",\"Ye Liu\",\"Zhou Xun\"],\"articleSection\":[\"Literatura\"],\"inLanguage\":\"es\",\"potentialAction\":[{\"@type\":\"CommentAction\",\"name\":\"Comment\",\"target\":[\"https:\\\/\\\/rafaramirez.org\\\/blog\\\/index.php\\\/2024\\\/05\\\/31\\\/balzac-y-la-joven-costurera-china-de-dai-sijie-un-homenaje-al-poder-de-la-palabra-escrita-y-al-deseo-innato-de-libertad\\\/#respond\"]}]},{\"@type\":\"WebPage\",\"@id\":\"https:\\\/\\\/rafaramirez.org\\\/blog\\\/index.php\\\/2024\\\/05\\\/31\\\/balzac-y-la-joven-costurera-china-de-dai-sijie-un-homenaje-al-poder-de-la-palabra-escrita-y-al-deseo-innato-de-libertad\\\/\",\"url\":\"https:\\\/\\\/rafaramirez.org\\\/blog\\\/index.php\\\/2024\\\/05\\\/31\\\/balzac-y-la-joven-costurera-china-de-dai-sijie-un-homenaje-al-poder-de-la-palabra-escrita-y-al-deseo-innato-de-libertad\\\/\",\"name\":\"\\\"Balzac y la joven costurera china\\\" de Dai Sijie: un homenaje al poder de la palabra escrita y al deseo innato de libertad. - Blog de Rafael Ram\u00edrez\",\"isPartOf\":{\"@id\":\"https:\\\/\\\/rafaramirez.org\\\/blog\\\/#website\"},\"primaryImageOfPage\":{\"@id\":\"https:\\\/\\\/rafaramirez.org\\\/blog\\\/index.php\\\/2024\\\/05\\\/31\\\/balzac-y-la-joven-costurera-china-de-dai-sijie-un-homenaje-al-poder-de-la-palabra-escrita-y-al-deseo-innato-de-libertad\\\/#primaryimage\"},\"image\":{\"@id\":\"https:\\\/\\\/rafaramirez.org\\\/blog\\\/index.php\\\/2024\\\/05\\\/31\\\/balzac-y-la-joven-costurera-china-de-dai-sijie-un-homenaje-al-poder-de-la-palabra-escrita-y-al-deseo-innato-de-libertad\\\/#primaryimage\"},\"thumbnailUrl\":\"https:\\\/\\\/rafaramirez.org\\\/blog\\\/wp-content\\\/uploads\\\/2024\\\/05\\\/Balzac-y-la-joven-costurera-china_1_bannerok.jpg\",\"datePublished\":\"2024-05-31T06:15:09+00:00\",\"breadcrumb\":{\"@id\":\"https:\\\/\\\/rafaramirez.org\\\/blog\\\/index.php\\\/2024\\\/05\\\/31\\\/balzac-y-la-joven-costurera-china-de-dai-sijie-un-homenaje-al-poder-de-la-palabra-escrita-y-al-deseo-innato-de-libertad\\\/#breadcrumb\"},\"inLanguage\":\"es\",\"potentialAction\":[{\"@type\":\"ReadAction\",\"target\":[\"https:\\\/\\\/rafaramirez.org\\\/blog\\\/index.php\\\/2024\\\/05\\\/31\\\/balzac-y-la-joven-costurera-china-de-dai-sijie-un-homenaje-al-poder-de-la-palabra-escrita-y-al-deseo-innato-de-libertad\\\/\"]}]},{\"@type\":\"ImageObject\",\"inLanguage\":\"es\",\"@id\":\"https:\\\/\\\/rafaramirez.org\\\/blog\\\/index.php\\\/2024\\\/05\\\/31\\\/balzac-y-la-joven-costurera-china-de-dai-sijie-un-homenaje-al-poder-de-la-palabra-escrita-y-al-deseo-innato-de-libertad\\\/#primaryimage\",\"url\":\"https:\\\/\\\/rafaramirez.org\\\/blog\\\/wp-content\\\/uploads\\\/2024\\\/05\\\/Balzac-y-la-joven-costurera-china_1_bannerok.jpg\",\"contentUrl\":\"https:\\\/\\\/rafaramirez.org\\\/blog\\\/wp-content\\\/uploads\\\/2024\\\/05\\\/Balzac-y-la-joven-costurera-china_1_bannerok.jpg\",\"width\":850,\"height\":478,\"caption\":\"Balzac y la joven costurera china es una novela del autor\u00a0Dai Sijie. Blog de Rafael Ram\u00edrez.\"},{\"@type\":\"BreadcrumbList\",\"@id\":\"https:\\\/\\\/rafaramirez.org\\\/blog\\\/index.php\\\/2024\\\/05\\\/31\\\/balzac-y-la-joven-costurera-china-de-dai-sijie-un-homenaje-al-poder-de-la-palabra-escrita-y-al-deseo-innato-de-libertad\\\/#breadcrumb\",\"itemListElement\":[{\"@type\":\"ListItem\",\"position\":1,\"name\":\"Portada\",\"item\":\"https:\\\/\\\/rafaramirez.org\\\/blog\\\/\"},{\"@type\":\"ListItem\",\"position\":2,\"name\":\"\u00abBalzac y la joven costurera china\u00bb de Dai Sijie: un homenaje al poder de la palabra escrita y al deseo innato de libertad.\"}]},{\"@type\":\"WebSite\",\"@id\":\"https:\\\/\\\/rafaramirez.org\\\/blog\\\/#website\",\"url\":\"https:\\\/\\\/rafaramirez.org\\\/blog\\\/\",\"name\":\"Blog de Rafael Ram\u00edrez\",\"description\":\"Un sitio social, de arte y cultura\",\"publisher\":{\"@id\":\"https:\\\/\\\/rafaramirez.org\\\/blog\\\/#\\\/schema\\\/person\\\/50f43b6d60c578760d4c17bda54ab6a5\"},\"potentialAction\":[{\"@type\":\"SearchAction\",\"target\":{\"@type\":\"EntryPoint\",\"urlTemplate\":\"https:\\\/\\\/rafaramirez.org\\\/blog\\\/?s={search_term_string}\"},\"query-input\":{\"@type\":\"PropertyValueSpecification\",\"valueRequired\":true,\"valueName\":\"search_term_string\"}}],\"inLanguage\":\"es\"},{\"@type\":[\"Person\",\"Organization\"],\"@id\":\"https:\\\/\\\/rafaramirez.org\\\/blog\\\/#\\\/schema\\\/person\\\/50f43b6d60c578760d4c17bda54ab6a5\",\"name\":\"Rafael Ram\u00edrez\",\"image\":{\"@type\":\"ImageObject\",\"inLanguage\":\"es\",\"@id\":\"https:\\\/\\\/rafaramirez.org\\\/blog\\\/wp-content\\\/uploads\\\/2024\\\/09\\\/RR_socialnetwork.jpg\",\"url\":\"https:\\\/\\\/rafaramirez.org\\\/blog\\\/wp-content\\\/uploads\\\/2024\\\/09\\\/RR_socialnetwork.jpg\",\"contentUrl\":\"https:\\\/\\\/rafaramirez.org\\\/blog\\\/wp-content\\\/uploads\\\/2024\\\/09\\\/RR_socialnetwork.jpg\",\"width\":600,\"height\":606,\"caption\":\"Rafael Ram\u00edrez\"},\"logo\":{\"@id\":\"https:\\\/\\\/rafaramirez.org\\\/blog\\\/wp-content\\\/uploads\\\/2024\\\/09\\\/RR_socialnetwork.jpg\"},\"sameAs\":[\"https:\\\/\\\/www.rafaramirez.org\\\/blog\",\"https:\\\/\\\/www.instagram.com\\\/rafaramirez_ok\\\/\",\"https:\\\/\\\/es.pinterest.com\\\/Ramirez_Rafa\\\/\",\"https:\\\/\\\/x.com\\\/rafaramirez_ok\"],\"url\":\"https:\\\/\\\/rafaramirez.org\\\/blog\\\/index.php\\\/author\\\/rafaell_qm6j97da\\\/\"}]}<\/script>\n<!-- \/ Yoast SEO plugin. -->","yoast_head_json":{"title":"\"Balzac y la joven costurera china\" de Dai Sijie: un homenaje al poder de la palabra escrita y al deseo innato de libertad. - Blog de Rafael Ram\u00edrez","robots":{"index":"index","follow":"follow","max-snippet":"max-snippet:-1","max-image-preview":"max-image-preview:large","max-video-preview":"max-video-preview:-1"},"canonical":"https:\/\/rafaramirez.org\/blog\/index.php\/2024\/05\/31\/balzac-y-la-joven-costurera-china-de-dai-sijie-un-homenaje-al-poder-de-la-palabra-escrita-y-al-deseo-innato-de-libertad\/","og_locale":"es_ES","og_type":"article","og_title":"\"Balzac y la joven costurera china\" de Dai Sijie: un homenaje al poder de la palabra escrita y al deseo innato de libertad. - Blog de Rafael Ram\u00edrez","og_description":"\u201cBalzac y la joven costurera china\u201d es una novela del autor\u00a0Dai Sijie que fue publicada originalmente en franc\u00e9s con el t\u00edtulo \u201cBalzac et la petite tailleuse chinoise\u201d en el a\u00f1o 2000. La historia es un relato semi-autobiogr\u00e1fico ambientado en China durante la \u00e9poca de la Revoluci\u00f3n Cultural. La trama sigue a dos adolescentes chinos que [&hellip;]","og_url":"https:\/\/rafaramirez.org\/blog\/index.php\/2024\/05\/31\/balzac-y-la-joven-costurera-china-de-dai-sijie-un-homenaje-al-poder-de-la-palabra-escrita-y-al-deseo-innato-de-libertad\/","og_site_name":"Blog de Rafael Ram\u00edrez","article_published_time":"2024-05-31T06:15:09+00:00","og_image":[{"width":850,"height":478,"url":"https:\/\/rafaramirez.org\/blog\/wp-content\/uploads\/2024\/05\/Balzac-y-la-joven-costurera-china_1_bannerok.jpg","type":"image\/jpeg"}],"author":"Rafael Ram\u00edrez","twitter_card":"summary_large_image","twitter_creator":"@rafaramirez_ok","twitter_site":"@rafaramirez_ok","twitter_misc":{"Escrito por":"Rafael Ram\u00edrez","Tiempo de lectura":"4 minutos"},"schema":{"@context":"https:\/\/schema.org","@graph":[{"@type":"Article","@id":"https:\/\/rafaramirez.org\/blog\/index.php\/2024\/05\/31\/balzac-y-la-joven-costurera-china-de-dai-sijie-un-homenaje-al-poder-de-la-palabra-escrita-y-al-deseo-innato-de-libertad\/#article","isPartOf":{"@id":"https:\/\/rafaramirez.org\/blog\/index.php\/2024\/05\/31\/balzac-y-la-joven-costurera-china-de-dai-sijie-un-homenaje-al-poder-de-la-palabra-escrita-y-al-deseo-innato-de-libertad\/"},"author":{"name":"Rafael Ram\u00edrez","@id":"https:\/\/rafaramirez.org\/blog\/#\/schema\/person\/50f43b6d60c578760d4c17bda54ab6a5"},"headline":"\u00abBalzac y la joven costurera china\u00bb de Dai Sijie: un homenaje al poder de la palabra escrita y al deseo innato de libertad.","datePublished":"2024-05-31T06:15:09+00:00","mainEntityOfPage":{"@id":"https:\/\/rafaramirez.org\/blog\/index.php\/2024\/05\/31\/balzac-y-la-joven-costurera-china-de-dai-sijie-un-homenaje-al-poder-de-la-palabra-escrita-y-al-deseo-innato-de-libertad\/"},"wordCount":817,"commentCount":0,"publisher":{"@id":"https:\/\/rafaramirez.org\/blog\/#\/schema\/person\/50f43b6d60c578760d4c17bda54ab6a5"},"image":{"@id":"https:\/\/rafaramirez.org\/blog\/index.php\/2024\/05\/31\/balzac-y-la-joven-costurera-china-de-dai-sijie-un-homenaje-al-poder-de-la-palabra-escrita-y-al-deseo-innato-de-libertad\/#primaryimage"},"thumbnailUrl":"https:\/\/rafaramirez.org\/blog\/wp-content\/uploads\/2024\/05\/Balzac-y-la-joven-costurera-china_1_bannerok.jpg","keywords":["2 de marzo de 1954","a\u00f1o 2000","a\u00f1o 2002","arte","Asociaci\u00f3n de Cr\u00edticos Norteamericanos","Balzac","Balzac et la petite tailleuse chinoise","Balzac y la joven costurera china","blog de Rafael Ram\u00edrez","Chen Kun","Chengd\u00fa","China","Chine ma douleur","comedia","cr\u00edtica de cine","cr\u00edtica de pel\u00edculas","critica libro","cr\u00edtica literaria","Dai Sijie","Drama","Dumas","El complejo de Di","F\u00e9nix del Cielo","Globos de Oro","historia de amor","historia del arte","La acrobacia de Confucio","libro","libro recomendado","literatura","Mao Zedong","Mejor pel\u00edcula de habla no inglesa","novela","novela recomendada","poder transformador","Premio Femina","premio\u00a0Jean Vigo","reeducaci\u00f3n","r\u00e9gimen mao\u00edsta","relato semi-autobiogr\u00e1fico","resistencia humana","resumen de pel\u00edcula","resumen libro","Romain Rolland","Romance","Sichuan","Stendhal","superaci\u00f3n personal","tono narrativo ligero","Tres vidas chinas","Una noche sin luna","Xiao cai feng","Ye Liu","Zhou Xun"],"articleSection":["Literatura"],"inLanguage":"es","potentialAction":[{"@type":"CommentAction","name":"Comment","target":["https:\/\/rafaramirez.org\/blog\/index.php\/2024\/05\/31\/balzac-y-la-joven-costurera-china-de-dai-sijie-un-homenaje-al-poder-de-la-palabra-escrita-y-al-deseo-innato-de-libertad\/#respond"]}]},{"@type":"WebPage","@id":"https:\/\/rafaramirez.org\/blog\/index.php\/2024\/05\/31\/balzac-y-la-joven-costurera-china-de-dai-sijie-un-homenaje-al-poder-de-la-palabra-escrita-y-al-deseo-innato-de-libertad\/","url":"https:\/\/rafaramirez.org\/blog\/index.php\/2024\/05\/31\/balzac-y-la-joven-costurera-china-de-dai-sijie-un-homenaje-al-poder-de-la-palabra-escrita-y-al-deseo-innato-de-libertad\/","name":"\"Balzac y la joven costurera china\" de Dai Sijie: un homenaje al poder de la palabra escrita y al deseo innato de libertad. - Blog de Rafael Ram\u00edrez","isPartOf":{"@id":"https:\/\/rafaramirez.org\/blog\/#website"},"primaryImageOfPage":{"@id":"https:\/\/rafaramirez.org\/blog\/index.php\/2024\/05\/31\/balzac-y-la-joven-costurera-china-de-dai-sijie-un-homenaje-al-poder-de-la-palabra-escrita-y-al-deseo-innato-de-libertad\/#primaryimage"},"image":{"@id":"https:\/\/rafaramirez.org\/blog\/index.php\/2024\/05\/31\/balzac-y-la-joven-costurera-china-de-dai-sijie-un-homenaje-al-poder-de-la-palabra-escrita-y-al-deseo-innato-de-libertad\/#primaryimage"},"thumbnailUrl":"https:\/\/rafaramirez.org\/blog\/wp-content\/uploads\/2024\/05\/Balzac-y-la-joven-costurera-china_1_bannerok.jpg","datePublished":"2024-05-31T06:15:09+00:00","breadcrumb":{"@id":"https:\/\/rafaramirez.org\/blog\/index.php\/2024\/05\/31\/balzac-y-la-joven-costurera-china-de-dai-sijie-un-homenaje-al-poder-de-la-palabra-escrita-y-al-deseo-innato-de-libertad\/#breadcrumb"},"inLanguage":"es","potentialAction":[{"@type":"ReadAction","target":["https:\/\/rafaramirez.org\/blog\/index.php\/2024\/05\/31\/balzac-y-la-joven-costurera-china-de-dai-sijie-un-homenaje-al-poder-de-la-palabra-escrita-y-al-deseo-innato-de-libertad\/"]}]},{"@type":"ImageObject","inLanguage":"es","@id":"https:\/\/rafaramirez.org\/blog\/index.php\/2024\/05\/31\/balzac-y-la-joven-costurera-china-de-dai-sijie-un-homenaje-al-poder-de-la-palabra-escrita-y-al-deseo-innato-de-libertad\/#primaryimage","url":"https:\/\/rafaramirez.org\/blog\/wp-content\/uploads\/2024\/05\/Balzac-y-la-joven-costurera-china_1_bannerok.jpg","contentUrl":"https:\/\/rafaramirez.org\/blog\/wp-content\/uploads\/2024\/05\/Balzac-y-la-joven-costurera-china_1_bannerok.jpg","width":850,"height":478,"caption":"Balzac y la joven costurera china es una novela del autor\u00a0Dai Sijie. Blog de Rafael Ram\u00edrez."},{"@type":"BreadcrumbList","@id":"https:\/\/rafaramirez.org\/blog\/index.php\/2024\/05\/31\/balzac-y-la-joven-costurera-china-de-dai-sijie-un-homenaje-al-poder-de-la-palabra-escrita-y-al-deseo-innato-de-libertad\/#breadcrumb","itemListElement":[{"@type":"ListItem","position":1,"name":"Portada","item":"https:\/\/rafaramirez.org\/blog\/"},{"@type":"ListItem","position":2,"name":"\u00abBalzac y la joven costurera china\u00bb de Dai Sijie: un homenaje al poder de la palabra escrita y al deseo innato de libertad."}]},{"@type":"WebSite","@id":"https:\/\/rafaramirez.org\/blog\/#website","url":"https:\/\/rafaramirez.org\/blog\/","name":"Blog de Rafael Ram\u00edrez","description":"Un sitio social, de arte y cultura","publisher":{"@id":"https:\/\/rafaramirez.org\/blog\/#\/schema\/person\/50f43b6d60c578760d4c17bda54ab6a5"},"potentialAction":[{"@type":"SearchAction","target":{"@type":"EntryPoint","urlTemplate":"https:\/\/rafaramirez.org\/blog\/?s={search_term_string}"},"query-input":{"@type":"PropertyValueSpecification","valueRequired":true,"valueName":"search_term_string"}}],"inLanguage":"es"},{"@type":["Person","Organization"],"@id":"https:\/\/rafaramirez.org\/blog\/#\/schema\/person\/50f43b6d60c578760d4c17bda54ab6a5","name":"Rafael Ram\u00edrez","image":{"@type":"ImageObject","inLanguage":"es","@id":"https:\/\/rafaramirez.org\/blog\/wp-content\/uploads\/2024\/09\/RR_socialnetwork.jpg","url":"https:\/\/rafaramirez.org\/blog\/wp-content\/uploads\/2024\/09\/RR_socialnetwork.jpg","contentUrl":"https:\/\/rafaramirez.org\/blog\/wp-content\/uploads\/2024\/09\/RR_socialnetwork.jpg","width":600,"height":606,"caption":"Rafael Ram\u00edrez"},"logo":{"@id":"https:\/\/rafaramirez.org\/blog\/wp-content\/uploads\/2024\/09\/RR_socialnetwork.jpg"},"sameAs":["https:\/\/www.rafaramirez.org\/blog","https:\/\/www.instagram.com\/rafaramirez_ok\/","https:\/\/es.pinterest.com\/Ramirez_Rafa\/","https:\/\/x.com\/rafaramirez_ok"],"url":"https:\/\/rafaramirez.org\/blog\/index.php\/author\/rafaell_qm6j97da\/"}]}},"jetpack_publicize_connections":[],"jetpack_sharing_enabled":true,"jetpack_likes_enabled":true,"jetpack_featured_media_url":"https:\/\/rafaramirez.org\/blog\/wp-content\/uploads\/2024\/05\/Balzac-y-la-joven-costurera-china_1_bannerok.jpg","_links":{"self":[{"href":"https:\/\/rafaramirez.org\/blog\/index.php\/wp-json\/wp\/v2\/posts\/4605","targetHints":{"allow":["GET"]}}],"collection":[{"href":"https:\/\/rafaramirez.org\/blog\/index.php\/wp-json\/wp\/v2\/posts"}],"about":[{"href":"https:\/\/rafaramirez.org\/blog\/index.php\/wp-json\/wp\/v2\/types\/post"}],"author":[{"embeddable":true,"href":"https:\/\/rafaramirez.org\/blog\/index.php\/wp-json\/wp\/v2\/users\/1"}],"replies":[{"embeddable":true,"href":"https:\/\/rafaramirez.org\/blog\/index.php\/wp-json\/wp\/v2\/comments?post=4605"}],"version-history":[{"count":8,"href":"https:\/\/rafaramirez.org\/blog\/index.php\/wp-json\/wp\/v2\/posts\/4605\/revisions"}],"predecessor-version":[{"id":4617,"href":"https:\/\/rafaramirez.org\/blog\/index.php\/wp-json\/wp\/v2\/posts\/4605\/revisions\/4617"}],"wp:featuredmedia":[{"embeddable":true,"href":"https:\/\/rafaramirez.org\/blog\/index.php\/wp-json\/wp\/v2\/media\/4614"}],"wp:attachment":[{"href":"https:\/\/rafaramirez.org\/blog\/index.php\/wp-json\/wp\/v2\/media?parent=4605"}],"wp:term":[{"taxonomy":"category","embeddable":true,"href":"https:\/\/rafaramirez.org\/blog\/index.php\/wp-json\/wp\/v2\/categories?post=4605"},{"taxonomy":"post_tag","embeddable":true,"href":"https:\/\/rafaramirez.org\/blog\/index.php\/wp-json\/wp\/v2\/tags?post=4605"}],"curies":[{"name":"wp","href":"https:\/\/api.w.org\/{rel}","templated":true}]}}