{"id":4591,"date":"2024-05-30T08:15:00","date_gmt":"2024-05-30T06:15:00","guid":{"rendered":"https:\/\/rafaramirez.org\/blog\/?p=4591"},"modified":"2024-05-27T20:23:57","modified_gmt":"2024-05-27T18:23:57","slug":"4591","status":"publish","type":"post","link":"https:\/\/rafaramirez.org\/blog\/index.php\/2024\/05\/30\/4591\/","title":{"rendered":"\u201cPl\u00e1cido\u201d: una obra maestra que combina comedia costumbrista con un retrato social devastador."},"content":{"rendered":"<p><strong>\u201cPl\u00e1cido\u201d<\/strong> es una pel\u00edcula espa\u00f1ola dirigida por\u00a0<strong>Luis Garc\u00eda Berlanga<\/strong>\u00a0en\u00a0<strong>1961<\/strong>.\u00a0Es una comedia que ha tenido una gran repercusi\u00f3n internacional y es considerada una de las mejores obras de su director.\u00a0La pel\u00edcula fue candidata al\u00a0<strong>\u00d3scar a la mejor pel\u00edcula de habla no inglesa<\/strong>, aunque finalmente fue derrotada por <strong>\u201cComo en un espejo\u201d<\/strong> de <strong>Ingmar Bergman<\/strong>.<\/p>\n<figure id=\"attachment_4596\" aria-describedby=\"caption-attachment-4596\" style=\"width: 210px\" class=\"wp-caption aligncenter\"><a href=\"https:\/\/rafaramirez.org\/blog\/wp-content\/uploads\/2024\/05\/Placido_cartel.jpg\" target=\"_blank\" rel=\"noopener\"><img loading=\"lazy\" decoding=\"async\" class=\"wp-image-4596 size-medium\" src=\"https:\/\/rafaramirez.org\/blog\/wp-content\/uploads\/2024\/05\/Placido_cartel-210x300.jpg\" alt=\"Pl\u00e1cido (1961) de Luis Garc\u00eda Berlanga. Blog de Rafael Ram\u00edrez.\" width=\"210\" height=\"300\" srcset=\"https:\/\/rafaramirez.org\/blog\/wp-content\/uploads\/2024\/05\/Placido_cartel-210x300.jpg 210w, https:\/\/rafaramirez.org\/blog\/wp-content\/uploads\/2024\/05\/Placido_cartel.jpg 561w\" sizes=\"auto, (max-width: 210px) 100vw, 210px\" \/><\/a><figcaption id=\"caption-attachment-4596\" class=\"wp-caption-text\">Pl\u00e1cido (1961) de Luis Garc\u00eda Berlanga.<\/figcaption><\/figure>\n<p>La trama se centra en una peque\u00f1a ciudad provinciana donde un grupo de burguesas ociosas organiza una campa\u00f1a navide\u00f1a con el lema: <strong>\u201cSiente a un pobre a su mesa\u201d<\/strong>.\u00a0La idea es que los m\u00e1s necesitados compartan la cena de Nochebuena con familias acomodadas. Pl\u00e1cido, el personaje principal interpretado por\u00a0<strong>Cassen<\/strong>, ha sido contratado para participar con su motocarro en la cabalgata.\u00a0Sin embargo, se enfrenta a un problema: el vencimiento de la primera letra de su veh\u00edculo, que es su \u00fanico medio de vida, coincide con el d\u00eda de la campa\u00f1a.<\/p>\n<p>La pel\u00edcula es conocida por su\u00a0<strong>s\u00e1tira social<\/strong>\u00a0y por retratar de manera cr\u00edtica y \u00e1cida la sociedad espa\u00f1ola de la \u00e9poca.\u00a0Berlanga utiliza sus caracter\u00edsticos planos-secuencia para contar la historia.\u00a0\u201cPl\u00e1cido\u201d tambi\u00e9n destaca por su humor negro y por ser una cr\u00edtica a la caridad superficial y a la hipocres\u00eda social.<\/p>\n<p style=\"text-align: center;\"><a href=\"https:\/\/rafaramirez.org\/blog\/wp-content\/uploads\/2024\/05\/placido1961_3.jpg\" target=\"_blank\" rel=\"noopener\"><img loading=\"lazy\" decoding=\"async\" class=\"aligncenter wp-image-4601 size-medium\" src=\"https:\/\/rafaramirez.org\/blog\/wp-content\/uploads\/2024\/05\/placido1961_3-300x225.jpg\" alt=\"Pl\u00e1cido (1961) de Luis Garc\u00eda Berlanga. Blog de Rafael Ram\u00edrez.\" width=\"300\" height=\"225\" srcset=\"https:\/\/rafaramirez.org\/blog\/wp-content\/uploads\/2024\/05\/placido1961_3-300x225.jpg 300w, https:\/\/rafaramirez.org\/blog\/wp-content\/uploads\/2024\/05\/placido1961_3.jpg 720w\" sizes=\"auto, (max-width: 300px) 100vw, 300px\" \/><\/a><\/p>\n<p><strong>Ficha t\u00e9cnica:\u00a0<\/strong><\/p>\n<blockquote><p><strong>T\u00edtulo original<\/strong>: Pl\u00e1cido<\/p>\n<p><strong style=\"color: #333333;\">A\u00f1o<\/strong>: 1961<\/p>\n<p><strong style=\"color: #333333;\">Duraci\u00f3n<\/strong>: 85 minutos<\/p>\n<p><strong>Pa\u00eds<\/strong>: Espa\u00f1a<\/p>\n<p><strong>Direcci\u00f3n<\/strong>: Luis Garc\u00eda Berlanga<\/p>\n<p><strong>Guion<\/strong>: Rafael Azcona, Luis Garc\u00eda Berlanga, Jos\u00e9 Luis Colina, Jos\u00e9 Luis Font<\/p>\n<p><strong>Reparto<\/strong>: Cassen, Jos\u00e9 Luis L\u00f3pez V\u00e1zquez, Elvira Quintilla, Amelia de la Torre<\/p>\n<p><strong>M\u00fasica<\/strong>: Miguel Asins Arb\u00f3<\/p>\n<p><strong>Fotograf\u00eda<\/strong>: Francisco Sempere (Blanco y negro)<\/p>\n<p><strong>Productora<\/strong>: Jet Films (Productor: Alfredo Matas)<\/p><\/blockquote>\n<p><strong>Premios y reconocimientos:\u00a0<\/strong><\/p>\n<ul>\n<li><strong>Nominaci\u00f3n al \u00d3scar<\/strong>: La pel\u00edcula fue\u00a0<strong>nominada al \u00d3scar a la mejor pel\u00edcula de habla no inglesa<\/strong>. Aunque no gan\u00f3, su impacto internacional y su calidad la hicieron merecedora de esta distinci\u00f3n.<\/li>\n<li><strong>Festival de Cannes<\/strong>: Tambi\u00e9n fue\u00a0<strong>nominada a la Palma de Oro<\/strong> en el Festival de Cannes. Este prestigioso festival reconoci\u00f3 la excelencia de \u201cPl\u00e1cido\u201d como una obra cinematogr\u00e1fica destacada.<\/li>\n<li><strong>Medalla del CEC<\/strong>: En Espa\u00f1a, la pel\u00edcula recibi\u00f3 la\u00a0<strong>Medalla del C\u00edrculo de Escritores Cinematogr\u00e1ficos (CEC)<\/strong>\u00a0a la\u00a0<strong>mejor pel\u00edcula<\/strong>. Este galard\u00f3n es un reconocimiento a su calidad y relevancia en el cine espa\u00f1ol.<\/li>\n<\/ul>\n<p style=\"text-align: center;\"><a href=\"https:\/\/rafaramirez.org\/blog\/wp-content\/uploads\/2024\/05\/placido1961_2.jpg\" target=\"_blank\" rel=\"noopener\"><img loading=\"lazy\" decoding=\"async\" class=\"aligncenter wp-image-4600 size-medium\" src=\"https:\/\/rafaramirez.org\/blog\/wp-content\/uploads\/2024\/05\/placido1961_2-300x200.jpg\" alt=\"Pl\u00e1cido (1961) de Luis Garc\u00eda Berlanga. Blog de Rafael Ram\u00edrez.\" width=\"300\" height=\"200\" srcset=\"https:\/\/rafaramirez.org\/blog\/wp-content\/uploads\/2024\/05\/placido1961_2-300x200.jpg 300w, https:\/\/rafaramirez.org\/blog\/wp-content\/uploads\/2024\/05\/placido1961_2-1024x683.jpg 1024w, https:\/\/rafaramirez.org\/blog\/wp-content\/uploads\/2024\/05\/placido1961_2-768x512.jpg 768w, https:\/\/rafaramirez.org\/blog\/wp-content\/uploads\/2024\/05\/placido1961_2.jpg 1050w\" sizes=\"auto, (max-width: 300px) 100vw, 300px\" \/><\/a><\/p>\n<p><strong>An\u00e9cdotas interesantes:<\/strong><\/p>\n<ul>\n<li><strong>Censura y Cambios<\/strong>: Luis Garc\u00eda Berlanga hab\u00eda ganado ya cierta fama entre espectadores y censores cuando lanz\u00f3 su pel\u00edcula \u201cPl\u00e1cido\u201d. La obra cinematogr\u00e1fica que precedi\u00f3 a \u201cPl\u00e1cido\u201d, titulada \u201cLos jueves, milagro\u201d y estrenada en 1957, experiment\u00f3 numerosas modificaciones y recortes, hasta el punto de que su director tuvo que alterar el desenlace original de la pel\u00edcula.\u00a0A pesar de estas dificultades, Berlanga logr\u00f3 crear una obra maestra que combina comedia costumbrista con un retrato social devastador.<\/li>\n<li><strong>El Motocarro de Pl\u00e1cido<\/strong>: En la pel\u00edcula, el personaje principal, Pl\u00e1cido, es un hombre que debe cooperar con su motocarro en la cabalgata navide\u00f1a.\u00a0Sin embargo, surge un problema: la primera letra de la compra del veh\u00edculo vence esa misma noche, y Pl\u00e1cido debe encontrar una soluci\u00f3n. Esta premisa es clave para la trama y crea situaciones c\u00f3micas y emocionantes.<\/li>\n<\/ul>\n<p style=\"text-align: center;\"><a href=\"https:\/\/rafaramirez.org\/blog\/wp-content\/uploads\/2024\/05\/placido1961_1.jpg\" target=\"_blank\" rel=\"noopener\"><img loading=\"lazy\" decoding=\"async\" class=\"aligncenter wp-image-4599 size-medium\" src=\"https:\/\/rafaramirez.org\/blog\/wp-content\/uploads\/2024\/05\/placido1961_1-300x200.jpg\" alt=\"Pl\u00e1cido (1961) de Luis Garc\u00eda Berlanga. Blog de Rafael Ram\u00edrez.\" width=\"300\" height=\"200\" srcset=\"https:\/\/rafaramirez.org\/blog\/wp-content\/uploads\/2024\/05\/placido1961_1-300x200.jpg 300w, https:\/\/rafaramirez.org\/blog\/wp-content\/uploads\/2024\/05\/placido1961_1-1024x683.jpg 1024w, https:\/\/rafaramirez.org\/blog\/wp-content\/uploads\/2024\/05\/placido1961_1-768x512.jpg 768w, https:\/\/rafaramirez.org\/blog\/wp-content\/uploads\/2024\/05\/placido1961_1.jpg 1200w\" sizes=\"auto, (max-width: 300px) 100vw, 300px\" \/><\/a><\/p>\n<ul>\n<li><strong>Planos-Secuencia<\/strong>: Berlanga utiliz\u00f3 sus caracter\u00edsticos\u00a0<strong>planos-secuencia<\/strong>\u00a0para contar la historia.\u00a0Estos largos y fluidos planos permiten una narraci\u00f3n visual \u00fanica y contribuyen al estilo distintivo de la pel\u00edcula. Adem\u00e1s, Berlanga juega al cine con estos planos, creando una experiencia cinematogr\u00e1fica memorable.<\/li>\n<li><strong>Cr\u00edtica Social<\/strong>: \u201cPl\u00e1cido\u201d es una s\u00e1tira social que retrata de manera cr\u00edtica y \u00e1cida la sociedad espa\u00f1ola de la \u00e9poca. Berlanga emplea la s\u00e1tira y el cinismo como anzuelos para tratar asuntos como la benevolencia aparente y la falsedad de la sociedad.\u00a0La pel\u00edcula es una reflexi\u00f3n profunda sobre la condici\u00f3n humana.<\/li>\n<\/ul>\n<p>En resumen, \u201cPl\u00e1cido\u201d es una comedia brillante con un trasfondo social que sigue siendo relevante hoy en d\u00eda. Berlanga consigui\u00f3 fusionar de forma experta la comedia con la denuncia social, marcando de manera permanente el legado del cine espa\u00f1ol.<\/p>\n<p><strong>Trailer.<\/strong><\/p>\n<p><iframe loading=\"lazy\" title=\"YouTube video player\" src=\"https:\/\/www.youtube.com\/embed\/Gn9yXFKAg6g?si=W5z4__ymA8C7ji90\" width=\"560\" height=\"315\" frameborder=\"0\" allowfullscreen=\"allowfullscreen\"><\/iframe><\/p>\n<p><strong>Es una pel\u00edcula que definitivamente vale la pena ver, no solo por su calidad cinematogr\u00e1fica sino tambi\u00e9n por su agudo comentario social. Puedes dejar tus comentarios debajo del post \u00a1Saludos!<\/strong><\/p>\n<p>M\u00e1s informaci\u00f3n:<\/p>\n<ul>\n<li><a href=\"https:\/\/es.wikipedia.org\/wiki\/Pl%C3%A1cido\" target=\"_blank\" rel=\"noopener\">Wikipedia.es<\/a><\/li>\n<li><a href=\"https:\/\/www.filmaffinity.com\/es\/film895672.html\" target=\"_blank\" rel=\"noopener\">FilmAffinity.com<\/a><\/li>\n<li><a href=\"https:\/\/www.rtve.es\/television\/20231229\/placido-pelicula-clasico-berlanga-donde-ver-rtve-play-curiosidades-anecdotas\/2412414.shtml\" target=\"_blank\" rel=\"noopener\">RTVE.es<\/a><\/li>\n<li><a href=\"https:\/\/elpais.com\/cultura\/cine-espanol-en-casa\/2021-06-10\/la-berlanguiana-vida-de-berlanga-detras-de-las-camaras.html\" target=\"_blank\" rel=\"noopener\">El Pa\u00eds.com<\/a><\/li>\n<\/ul>\n<p>&nbsp;<\/p>\n","protected":false},"excerpt":{"rendered":"<p>\u201cPl\u00e1cido\u201d es una pel\u00edcula espa\u00f1ola dirigida por\u00a0Luis Garc\u00eda Berlanga\u00a0en\u00a01961.\u00a0Es una comedia que ha tenido una gran repercusi\u00f3n internacional y es considerada una de las mejores obras de su director.\u00a0La pel\u00edcula fue candidata al\u00a0\u00d3scar a la mejor pel\u00edcula de habla no inglesa, aunque finalmente fue derrotada por \u201cComo en un espejo\u201d de Ingmar Bergman. La trama [&hellip;]<\/p>\n","protected":false},"author":1,"featured_media":4597,"comment_status":"open","ping_status":"closed","sticky":false,"template":"","format":"standard","meta":{"site-container-style":"default","site-container-layout":"default","site-sidebar-layout":"default","disable-article-header":"default","disable-site-header":"default","disable-site-footer":"default","disable-content-area-spacing":"default","_jetpack_newsletter_access":"","_jetpack_dont_email_post_to_subs":false,"_jetpack_newsletter_tier_id":0,"_jetpack_memberships_contains_paywalled_content":false,"_jetpack_feature_clip_id":0,"_jetpack_memberships_contains_paid_content":false,"footnotes":"","jetpack_publicize_message":"","jetpack_publicize_feature_enabled":true,"jetpack_social_post_already_shared":false,"jetpack_social_options":{"image_generator_settings":{"template":"highway","default_image_id":0,"font":"","enabled":false},"version":2},"jetpack_post_was_ever_published":false},"categories":[711],"tags":[2221,2233,2230,2237,2227,899,104,1569,2241,2240,900,761,762,2229,2232,2236,2235,2225,2226,2228,1572,2239,2223,768,2231,2234,1571,2222,897,2220,2224,2238],"class_list":["post-4591","post","type-post","status-publish","format-standard","has-post-thumbnail","hentry","category-cine","tag-2221","tag-alfredo-matas","tag-amelia-de-la-torre","tag-caridad-superficial","tag-cassen","tag-cine-clasico","tag-cine-comico","tag-cine-de-comedia","tag-cine-espanol","tag-cine-social","tag-clasicos-de-cine","tag-clasicos-del-cine","tag-critica-de-cine","tag-elvira-quintilla","tag-francisco-sempere","tag-hipocresia-social","tag-humor-negro","tag-jose-luis-colina","tag-jose-luis-font","tag-jose-luis-lopez-vazquez","tag-joya-del-cine","tag-los-jueves-milagro","tag-luis-garcia-berlanga","tag-medalla-del-circulo-de-escritores-cinematograficos","tag-miguel-asins-arbo","tag-nominada-a-la-palma-de-oro","tag-obra-maestra","tag-oscar-a-la-mejor-pelicula-de-habla-no-inglesa","tag-pelicula-recomendada","tag-placido-de-luis-garcia-berlanga","tag-rafael-azcona","tag-satira-social"],"yoast_head":"<!-- This site is optimized with the Yoast SEO plugin v28.4 - https:\/\/yoast.com\/product\/yoast-seo-wordpress\/ -->\n<title>\u201cPl\u00e1cido\u201d: una obra maestra que combina comedia costumbrista con un retrato social devastador. - Blog de Rafael Ram\u00edrez<\/title>\n<meta name=\"robots\" content=\"index, follow, max-snippet:-1, max-image-preview:large, max-video-preview:-1\" \/>\n<link rel=\"canonical\" href=\"https:\/\/rafaramirez.org\/blog\/index.php\/2024\/05\/30\/4591\/\" \/>\n<meta property=\"og:locale\" content=\"es_ES\" \/>\n<meta property=\"og:type\" content=\"article\" \/>\n<meta property=\"og:title\" content=\"\u201cPl\u00e1cido\u201d: una obra maestra que combina comedia costumbrista con un retrato social devastador. - Blog de Rafael Ram\u00edrez\" \/>\n<meta property=\"og:description\" content=\"\u201cPl\u00e1cido\u201d es una pel\u00edcula espa\u00f1ola dirigida por\u00a0Luis Garc\u00eda Berlanga\u00a0en\u00a01961.\u00a0Es una comedia que ha tenido una gran repercusi\u00f3n internacional y es considerada una de las mejores obras de su director.\u00a0La pel\u00edcula fue candidata al\u00a0\u00d3scar a la mejor pel\u00edcula de habla no inglesa, aunque finalmente fue derrotada por \u201cComo en un espejo\u201d de Ingmar Bergman. La trama [&hellip;]\" \/>\n<meta property=\"og:url\" content=\"https:\/\/rafaramirez.org\/blog\/index.php\/2024\/05\/30\/4591\/\" \/>\n<meta property=\"og:site_name\" content=\"Blog de Rafael Ram\u00edrez\" \/>\n<meta property=\"article:published_time\" content=\"2024-05-30T06:15:00+00:00\" \/>\n<meta property=\"og:image\" content=\"https:\/\/rafaramirez.org\/blog\/wp-content\/uploads\/2024\/05\/Placido_banner.jpg\" \/>\n\t<meta property=\"og:image:width\" content=\"700\" \/>\n\t<meta property=\"og:image:height\" content=\"600\" \/>\n\t<meta property=\"og:image:type\" content=\"image\/jpeg\" \/>\n<meta name=\"author\" content=\"Rafael Ram\u00edrez\" \/>\n<meta name=\"twitter:card\" content=\"summary_large_image\" \/>\n<meta name=\"twitter:creator\" content=\"@rafaramirez_ok\" \/>\n<meta name=\"twitter:site\" content=\"@rafaramirez_ok\" \/>\n<meta name=\"twitter:label1\" content=\"Escrito por\" \/>\n\t<meta name=\"twitter:data1\" content=\"Rafael Ram\u00edrez\" \/>\n\t<meta name=\"twitter:label2\" content=\"Tiempo de lectura\" \/>\n\t<meta name=\"twitter:data2\" content=\"4 minutos\" \/>\n<script type=\"application\/ld+json\" class=\"yoast-schema-graph\">{\"@context\":\"https:\\\/\\\/schema.org\",\"@graph\":[{\"@type\":\"Article\",\"@id\":\"https:\\\/\\\/rafaramirez.org\\\/blog\\\/index.php\\\/2024\\\/05\\\/30\\\/4591\\\/#article\",\"isPartOf\":{\"@id\":\"https:\\\/\\\/rafaramirez.org\\\/blog\\\/index.php\\\/2024\\\/05\\\/30\\\/4591\\\/\"},\"author\":{\"name\":\"Rafael Ram\u00edrez\",\"@id\":\"https:\\\/\\\/rafaramirez.org\\\/blog\\\/#\\\/schema\\\/person\\\/50f43b6d60c578760d4c17bda54ab6a5\"},\"headline\":\"\u201cPl\u00e1cido\u201d: una obra maestra que combina comedia costumbrista con un retrato social devastador.\",\"datePublished\":\"2024-05-30T06:15:00+00:00\",\"mainEntityOfPage\":{\"@id\":\"https:\\\/\\\/rafaramirez.org\\\/blog\\\/index.php\\\/2024\\\/05\\\/30\\\/4591\\\/\"},\"wordCount\":785,\"commentCount\":0,\"publisher\":{\"@id\":\"https:\\\/\\\/rafaramirez.org\\\/blog\\\/#\\\/schema\\\/person\\\/50f43b6d60c578760d4c17bda54ab6a5\"},\"image\":{\"@id\":\"https:\\\/\\\/rafaramirez.org\\\/blog\\\/index.php\\\/2024\\\/05\\\/30\\\/4591\\\/#primaryimage\"},\"thumbnailUrl\":\"https:\\\/\\\/rafaramirez.org\\\/blog\\\/wp-content\\\/uploads\\\/2024\\\/05\\\/Placido_banner.jpg\",\"keywords\":[\"1961\",\"Alfredo Matas\",\"Amelia de la Torre\",\"caridad superficial\",\"Cassen\",\"cine cl\u00e1sico\",\"cine c\u00f3mico\",\"cine de comedia\",\"cine espa\u00f1ol\",\"cine social\",\"cl\u00e1sicos de cine\",\"cl\u00e1sicos del cine\",\"cr\u00edtica de cine\",\"Elvira Quintilla\",\"Francisco Sempere\",\"hipocres\u00eda social\",\"humor negro\",\"Jos\u00e9 Luis Colina\",\"Jos\u00e9 Luis Font\",\"Jos\u00e9 Luis L\u00f3pez V\u00e1zquez\",\"joya del cine\",\"Los jueves milagro\",\"Luis Garc\u00eda Berlanga\",\"Medalla del C\u00edrculo de Escritores Cinematogr\u00e1ficos\",\"Miguel Asins Arb\u00f3\",\"nominada a la Palma de Oro\",\"obra maestra\",\"\u00d3scar a la mejor pel\u00edcula de habla no inglesa\",\"pel\u00edcula recomendada\",\"Pl\u00e1cido de\u00a0Luis Garc\u00eda Berlanga\",\"Rafael Azcona\",\"s\u00e1tira social\"],\"articleSection\":[\"Cine\"],\"inLanguage\":\"es\",\"potentialAction\":[{\"@type\":\"CommentAction\",\"name\":\"Comment\",\"target\":[\"https:\\\/\\\/rafaramirez.org\\\/blog\\\/index.php\\\/2024\\\/05\\\/30\\\/4591\\\/#respond\"]}]},{\"@type\":\"WebPage\",\"@id\":\"https:\\\/\\\/rafaramirez.org\\\/blog\\\/index.php\\\/2024\\\/05\\\/30\\\/4591\\\/\",\"url\":\"https:\\\/\\\/rafaramirez.org\\\/blog\\\/index.php\\\/2024\\\/05\\\/30\\\/4591\\\/\",\"name\":\"\u201cPl\u00e1cido\u201d: una obra maestra que combina comedia costumbrista con un retrato social devastador. - Blog de Rafael Ram\u00edrez\",\"isPartOf\":{\"@id\":\"https:\\\/\\\/rafaramirez.org\\\/blog\\\/#website\"},\"primaryImageOfPage\":{\"@id\":\"https:\\\/\\\/rafaramirez.org\\\/blog\\\/index.php\\\/2024\\\/05\\\/30\\\/4591\\\/#primaryimage\"},\"image\":{\"@id\":\"https:\\\/\\\/rafaramirez.org\\\/blog\\\/index.php\\\/2024\\\/05\\\/30\\\/4591\\\/#primaryimage\"},\"thumbnailUrl\":\"https:\\\/\\\/rafaramirez.org\\\/blog\\\/wp-content\\\/uploads\\\/2024\\\/05\\\/Placido_banner.jpg\",\"datePublished\":\"2024-05-30T06:15:00+00:00\",\"breadcrumb\":{\"@id\":\"https:\\\/\\\/rafaramirez.org\\\/blog\\\/index.php\\\/2024\\\/05\\\/30\\\/4591\\\/#breadcrumb\"},\"inLanguage\":\"es\",\"potentialAction\":[{\"@type\":\"ReadAction\",\"target\":[\"https:\\\/\\\/rafaramirez.org\\\/blog\\\/index.php\\\/2024\\\/05\\\/30\\\/4591\\\/\"]}]},{\"@type\":\"ImageObject\",\"inLanguage\":\"es\",\"@id\":\"https:\\\/\\\/rafaramirez.org\\\/blog\\\/index.php\\\/2024\\\/05\\\/30\\\/4591\\\/#primaryimage\",\"url\":\"https:\\\/\\\/rafaramirez.org\\\/blog\\\/wp-content\\\/uploads\\\/2024\\\/05\\\/Placido_banner.jpg\",\"contentUrl\":\"https:\\\/\\\/rafaramirez.org\\\/blog\\\/wp-content\\\/uploads\\\/2024\\\/05\\\/Placido_banner.jpg\",\"width\":700,\"height\":600,\"caption\":\"Pl\u00e1cido (1961) de Luis Garc\u00eda Berlanga.\"},{\"@type\":\"BreadcrumbList\",\"@id\":\"https:\\\/\\\/rafaramirez.org\\\/blog\\\/index.php\\\/2024\\\/05\\\/30\\\/4591\\\/#breadcrumb\",\"itemListElement\":[{\"@type\":\"ListItem\",\"position\":1,\"name\":\"Portada\",\"item\":\"https:\\\/\\\/rafaramirez.org\\\/blog\\\/\"},{\"@type\":\"ListItem\",\"position\":2,\"name\":\"\u201cPl\u00e1cido\u201d: una obra maestra que combina comedia costumbrista con un retrato social devastador.\"}]},{\"@type\":\"WebSite\",\"@id\":\"https:\\\/\\\/rafaramirez.org\\\/blog\\\/#website\",\"url\":\"https:\\\/\\\/rafaramirez.org\\\/blog\\\/\",\"name\":\"Blog de Rafael Ram\u00edrez\",\"description\":\"Un sitio social, de arte y cultura\",\"publisher\":{\"@id\":\"https:\\\/\\\/rafaramirez.org\\\/blog\\\/#\\\/schema\\\/person\\\/50f43b6d60c578760d4c17bda54ab6a5\"},\"potentialAction\":[{\"@type\":\"SearchAction\",\"target\":{\"@type\":\"EntryPoint\",\"urlTemplate\":\"https:\\\/\\\/rafaramirez.org\\\/blog\\\/?s={search_term_string}\"},\"query-input\":{\"@type\":\"PropertyValueSpecification\",\"valueRequired\":true,\"valueName\":\"search_term_string\"}}],\"inLanguage\":\"es\"},{\"@type\":[\"Person\",\"Organization\"],\"@id\":\"https:\\\/\\\/rafaramirez.org\\\/blog\\\/#\\\/schema\\\/person\\\/50f43b6d60c578760d4c17bda54ab6a5\",\"name\":\"Rafael Ram\u00edrez\",\"image\":{\"@type\":\"ImageObject\",\"inLanguage\":\"es\",\"@id\":\"https:\\\/\\\/rafaramirez.org\\\/blog\\\/wp-content\\\/uploads\\\/2024\\\/09\\\/RR_socialnetwork.jpg\",\"url\":\"https:\\\/\\\/rafaramirez.org\\\/blog\\\/wp-content\\\/uploads\\\/2024\\\/09\\\/RR_socialnetwork.jpg\",\"contentUrl\":\"https:\\\/\\\/rafaramirez.org\\\/blog\\\/wp-content\\\/uploads\\\/2024\\\/09\\\/RR_socialnetwork.jpg\",\"width\":600,\"height\":606,\"caption\":\"Rafael Ram\u00edrez\"},\"logo\":{\"@id\":\"https:\\\/\\\/rafaramirez.org\\\/blog\\\/wp-content\\\/uploads\\\/2024\\\/09\\\/RR_socialnetwork.jpg\"},\"sameAs\":[\"https:\\\/\\\/www.rafaramirez.org\\\/blog\",\"https:\\\/\\\/www.instagram.com\\\/rafaramirez_ok\\\/\",\"https:\\\/\\\/es.pinterest.com\\\/Ramirez_Rafa\\\/\",\"https:\\\/\\\/x.com\\\/rafaramirez_ok\"],\"url\":\"https:\\\/\\\/rafaramirez.org\\\/blog\\\/index.php\\\/author\\\/rafaell_qm6j97da\\\/\"}]}<\/script>\n<!-- \/ Yoast SEO plugin. -->","yoast_head_json":{"title":"\u201cPl\u00e1cido\u201d: una obra maestra que combina comedia costumbrista con un retrato social devastador. - Blog de Rafael Ram\u00edrez","robots":{"index":"index","follow":"follow","max-snippet":"max-snippet:-1","max-image-preview":"max-image-preview:large","max-video-preview":"max-video-preview:-1"},"canonical":"https:\/\/rafaramirez.org\/blog\/index.php\/2024\/05\/30\/4591\/","og_locale":"es_ES","og_type":"article","og_title":"\u201cPl\u00e1cido\u201d: una obra maestra que combina comedia costumbrista con un retrato social devastador. - Blog de Rafael Ram\u00edrez","og_description":"\u201cPl\u00e1cido\u201d es una pel\u00edcula espa\u00f1ola dirigida por\u00a0Luis Garc\u00eda Berlanga\u00a0en\u00a01961.\u00a0Es una comedia que ha tenido una gran repercusi\u00f3n internacional y es considerada una de las mejores obras de su director.\u00a0La pel\u00edcula fue candidata al\u00a0\u00d3scar a la mejor pel\u00edcula de habla no inglesa, aunque finalmente fue derrotada por \u201cComo en un espejo\u201d de Ingmar Bergman. La trama [&hellip;]","og_url":"https:\/\/rafaramirez.org\/blog\/index.php\/2024\/05\/30\/4591\/","og_site_name":"Blog de Rafael Ram\u00edrez","article_published_time":"2024-05-30T06:15:00+00:00","og_image":[{"width":700,"height":600,"url":"https:\/\/rafaramirez.org\/blog\/wp-content\/uploads\/2024\/05\/Placido_banner.jpg","type":"image\/jpeg"}],"author":"Rafael Ram\u00edrez","twitter_card":"summary_large_image","twitter_creator":"@rafaramirez_ok","twitter_site":"@rafaramirez_ok","twitter_misc":{"Escrito por":"Rafael Ram\u00edrez","Tiempo de lectura":"4 minutos"},"schema":{"@context":"https:\/\/schema.org","@graph":[{"@type":"Article","@id":"https:\/\/rafaramirez.org\/blog\/index.php\/2024\/05\/30\/4591\/#article","isPartOf":{"@id":"https:\/\/rafaramirez.org\/blog\/index.php\/2024\/05\/30\/4591\/"},"author":{"name":"Rafael Ram\u00edrez","@id":"https:\/\/rafaramirez.org\/blog\/#\/schema\/person\/50f43b6d60c578760d4c17bda54ab6a5"},"headline":"\u201cPl\u00e1cido\u201d: una obra maestra que combina comedia costumbrista con un retrato social devastador.","datePublished":"2024-05-30T06:15:00+00:00","mainEntityOfPage":{"@id":"https:\/\/rafaramirez.org\/blog\/index.php\/2024\/05\/30\/4591\/"},"wordCount":785,"commentCount":0,"publisher":{"@id":"https:\/\/rafaramirez.org\/blog\/#\/schema\/person\/50f43b6d60c578760d4c17bda54ab6a5"},"image":{"@id":"https:\/\/rafaramirez.org\/blog\/index.php\/2024\/05\/30\/4591\/#primaryimage"},"thumbnailUrl":"https:\/\/rafaramirez.org\/blog\/wp-content\/uploads\/2024\/05\/Placido_banner.jpg","keywords":["1961","Alfredo Matas","Amelia de la Torre","caridad superficial","Cassen","cine cl\u00e1sico","cine c\u00f3mico","cine de comedia","cine espa\u00f1ol","cine social","cl\u00e1sicos de cine","cl\u00e1sicos del cine","cr\u00edtica de cine","Elvira Quintilla","Francisco Sempere","hipocres\u00eda social","humor negro","Jos\u00e9 Luis Colina","Jos\u00e9 Luis Font","Jos\u00e9 Luis L\u00f3pez V\u00e1zquez","joya del cine","Los jueves milagro","Luis Garc\u00eda Berlanga","Medalla del C\u00edrculo de Escritores Cinematogr\u00e1ficos","Miguel Asins Arb\u00f3","nominada a la Palma de Oro","obra maestra","\u00d3scar a la mejor pel\u00edcula de habla no inglesa","pel\u00edcula recomendada","Pl\u00e1cido de\u00a0Luis Garc\u00eda Berlanga","Rafael Azcona","s\u00e1tira social"],"articleSection":["Cine"],"inLanguage":"es","potentialAction":[{"@type":"CommentAction","name":"Comment","target":["https:\/\/rafaramirez.org\/blog\/index.php\/2024\/05\/30\/4591\/#respond"]}]},{"@type":"WebPage","@id":"https:\/\/rafaramirez.org\/blog\/index.php\/2024\/05\/30\/4591\/","url":"https:\/\/rafaramirez.org\/blog\/index.php\/2024\/05\/30\/4591\/","name":"\u201cPl\u00e1cido\u201d: una obra maestra que combina comedia costumbrista con un retrato social devastador. - Blog de Rafael Ram\u00edrez","isPartOf":{"@id":"https:\/\/rafaramirez.org\/blog\/#website"},"primaryImageOfPage":{"@id":"https:\/\/rafaramirez.org\/blog\/index.php\/2024\/05\/30\/4591\/#primaryimage"},"image":{"@id":"https:\/\/rafaramirez.org\/blog\/index.php\/2024\/05\/30\/4591\/#primaryimage"},"thumbnailUrl":"https:\/\/rafaramirez.org\/blog\/wp-content\/uploads\/2024\/05\/Placido_banner.jpg","datePublished":"2024-05-30T06:15:00+00:00","breadcrumb":{"@id":"https:\/\/rafaramirez.org\/blog\/index.php\/2024\/05\/30\/4591\/#breadcrumb"},"inLanguage":"es","potentialAction":[{"@type":"ReadAction","target":["https:\/\/rafaramirez.org\/blog\/index.php\/2024\/05\/30\/4591\/"]}]},{"@type":"ImageObject","inLanguage":"es","@id":"https:\/\/rafaramirez.org\/blog\/index.php\/2024\/05\/30\/4591\/#primaryimage","url":"https:\/\/rafaramirez.org\/blog\/wp-content\/uploads\/2024\/05\/Placido_banner.jpg","contentUrl":"https:\/\/rafaramirez.org\/blog\/wp-content\/uploads\/2024\/05\/Placido_banner.jpg","width":700,"height":600,"caption":"Pl\u00e1cido (1961) de Luis Garc\u00eda Berlanga."},{"@type":"BreadcrumbList","@id":"https:\/\/rafaramirez.org\/blog\/index.php\/2024\/05\/30\/4591\/#breadcrumb","itemListElement":[{"@type":"ListItem","position":1,"name":"Portada","item":"https:\/\/rafaramirez.org\/blog\/"},{"@type":"ListItem","position":2,"name":"\u201cPl\u00e1cido\u201d: una obra maestra que combina comedia costumbrista con un retrato social devastador."}]},{"@type":"WebSite","@id":"https:\/\/rafaramirez.org\/blog\/#website","url":"https:\/\/rafaramirez.org\/blog\/","name":"Blog de Rafael Ram\u00edrez","description":"Un sitio social, de arte y cultura","publisher":{"@id":"https:\/\/rafaramirez.org\/blog\/#\/schema\/person\/50f43b6d60c578760d4c17bda54ab6a5"},"potentialAction":[{"@type":"SearchAction","target":{"@type":"EntryPoint","urlTemplate":"https:\/\/rafaramirez.org\/blog\/?s={search_term_string}"},"query-input":{"@type":"PropertyValueSpecification","valueRequired":true,"valueName":"search_term_string"}}],"inLanguage":"es"},{"@type":["Person","Organization"],"@id":"https:\/\/rafaramirez.org\/blog\/#\/schema\/person\/50f43b6d60c578760d4c17bda54ab6a5","name":"Rafael Ram\u00edrez","image":{"@type":"ImageObject","inLanguage":"es","@id":"https:\/\/rafaramirez.org\/blog\/wp-content\/uploads\/2024\/09\/RR_socialnetwork.jpg","url":"https:\/\/rafaramirez.org\/blog\/wp-content\/uploads\/2024\/09\/RR_socialnetwork.jpg","contentUrl":"https:\/\/rafaramirez.org\/blog\/wp-content\/uploads\/2024\/09\/RR_socialnetwork.jpg","width":600,"height":606,"caption":"Rafael Ram\u00edrez"},"logo":{"@id":"https:\/\/rafaramirez.org\/blog\/wp-content\/uploads\/2024\/09\/RR_socialnetwork.jpg"},"sameAs":["https:\/\/www.rafaramirez.org\/blog","https:\/\/www.instagram.com\/rafaramirez_ok\/","https:\/\/es.pinterest.com\/Ramirez_Rafa\/","https:\/\/x.com\/rafaramirez_ok"],"url":"https:\/\/rafaramirez.org\/blog\/index.php\/author\/rafaell_qm6j97da\/"}]}},"jetpack_publicize_connections":[],"jetpack_sharing_enabled":true,"jetpack_likes_enabled":true,"jetpack_featured_media_url":"https:\/\/rafaramirez.org\/blog\/wp-content\/uploads\/2024\/05\/Placido_banner.jpg","_links":{"self":[{"href":"https:\/\/rafaramirez.org\/blog\/index.php\/wp-json\/wp\/v2\/posts\/4591","targetHints":{"allow":["GET"]}}],"collection":[{"href":"https:\/\/rafaramirez.org\/blog\/index.php\/wp-json\/wp\/v2\/posts"}],"about":[{"href":"https:\/\/rafaramirez.org\/blog\/index.php\/wp-json\/wp\/v2\/types\/post"}],"author":[{"embeddable":true,"href":"https:\/\/rafaramirez.org\/blog\/index.php\/wp-json\/wp\/v2\/users\/1"}],"replies":[{"embeddable":true,"href":"https:\/\/rafaramirez.org\/blog\/index.php\/wp-json\/wp\/v2\/comments?post=4591"}],"version-history":[{"count":7,"href":"https:\/\/rafaramirez.org\/blog\/index.php\/wp-json\/wp\/v2\/posts\/4591\/revisions"}],"predecessor-version":[{"id":4603,"href":"https:\/\/rafaramirez.org\/blog\/index.php\/wp-json\/wp\/v2\/posts\/4591\/revisions\/4603"}],"wp:featuredmedia":[{"embeddable":true,"href":"https:\/\/rafaramirez.org\/blog\/index.php\/wp-json\/wp\/v2\/media\/4597"}],"wp:attachment":[{"href":"https:\/\/rafaramirez.org\/blog\/index.php\/wp-json\/wp\/v2\/media?parent=4591"}],"wp:term":[{"taxonomy":"category","embeddable":true,"href":"https:\/\/rafaramirez.org\/blog\/index.php\/wp-json\/wp\/v2\/categories?post=4591"},{"taxonomy":"post_tag","embeddable":true,"href":"https:\/\/rafaramirez.org\/blog\/index.php\/wp-json\/wp\/v2\/tags?post=4591"}],"curies":[{"name":"wp","href":"https:\/\/api.w.org\/{rel}","templated":true}]}}